{"id":508744,"date":"2024-09-08T16:59:18","date_gmt":"2024-09-08T14:59:18","guid":{"rendered":"https:\/\/dicodusport.fr\/blog\/?p=508744&#038;preview=true&#038;preview_id=508744"},"modified":"2024-09-08T17:06:33","modified_gmt":"2024-09-08T15:06:33","slug":"mercato-om-tableau-des-transferts-2024-2025","status":"publish","type":"post","link":"https:\/\/dicodusport.fr\/blog\/mercato-om-tableau-des-transferts-2024-2025\/","title":{"rendered":"Mercato OM : Tableau des transferts 2024-2025"},"content":{"rendered":"<p style=\"text-align: justify;\"><strong><em>TRANSFERTS OM &#8211; Le mercato estival bat son plein, voici le tableau des transferts de l&rsquo;Olympique de Marseille pour la <a href=\"https:\/\/dicodusport.fr\/blog\/actualites\/football\/ligue-1-2024-2025\/\">Ligue 1 saison 2024-2025<\/a>.<\/em><\/strong><\/p>\n<h2 style=\"text-align: justify;\">Tableau des transferts de l&rsquo;OM 2024-2025<\/h2>\n<p style=\"text-align: justify;\"><span style=\"font-size: 14px;\"><strong><em>Tableau mis \u00e0 jour le 8 septembre 2024.<\/em><\/strong><\/span><\/p>\n<div class=\"su-table su-table-alternate\">\n<table style=\"width: 840px;border-collapse: collapse\">\n<tbody>\n<tr>\n<td style=\"text-align: center;vertical-align: middle;width: 400px\" colspan=\"2\"><strong><img loading=\"lazy\" decoding=\"async\" class=\"alignnone wp-image-45011\" src=\"https:\/\/dicodusport.fr\/blog\/wp-content\/uploads\/2019\/08\/691px-Logo_Olympique_de_Marseille-236x300.png\" alt=\"\" width=\"79\" height=\"100\" srcset=\"https:\/\/dicodusport.fr\/blog\/wp-content\/uploads\/2019\/08\/691px-Logo_Olympique_de_Marseille-236x300.png 236w, https:\/\/dicodusport.fr\/blog\/wp-content\/uploads\/2019\/08\/691px-Logo_Olympique_de_Marseille.png 691w\" sizes=\"auto, (max-width: 79px) 100vw, 79px\" \/><br \/>\nOLYMPIQUE DE MARSEILLE<\/strong><\/td>\n<\/tr>\n<tr>\n<td style=\"text-align: center;vertical-align: middle;width: 400px\"><span style=\"color: #000000;font-size: 0.9em\"><strong><span style=\"color: #008000\">\u25b2<\/span> ARRIV\u00c9ES<\/strong><\/span><\/td>\n<td style=\"text-align: center;vertical-align: middle;width: 400px\"><span style=\"color: #000000;font-size: 0.9em\"><strong><span style=\"color: #ff0000\">\u25b2<\/span> <span style=\"color: #000000\">D\u00c9PARTS<\/span><\/strong><\/span><\/td>\n<\/tr>\n<tr>\n<td style=\"vertical-align: middle;text-align: justify;width: 400px\"><span style=\"font-size: 0.9em\"><strong>M. GREENWOOD<\/strong> \u2192 Manchester Utd. (26,00 M\u20ac)<br \/>\n<strong>E. WAHI<\/strong> \u2192 RC Lens (25,00 M\u20ac)<br \/>\n<strong>I. KON\u00c9<\/strong> \u2192 Watford (12,00 M\u20ac)<br \/>\n<strong>B. ME\u00cfT\u00c9<\/strong> \u2192 FC Lorient (10,50 M\u20ac)<br \/>\n<strong>G. RULLI<\/strong> \u2192 Ajax (4,00 M \u20ac)<br \/>\n<strong>D. CORNELIUS<\/strong> \u2192 Malm\u00f6 FF (4,00 M\u20ac)<br \/>\n<strong>J. DE LANGE<\/strong> \u2192 Go Ahead Eagles (2,00 M\u20ac)<br \/>\n<strong>V. CARBONI<\/strong> \u2192 Inter Milan (Pr\u00eat \u00e0 1,00 M\u20ac)<br \/>\n<strong>N. MAUPAY<\/strong> \u2192 FC Everton (Pr\u00eat \u00e0 500 K\u20ac)<br \/>\n<strong>P.-E. H\u00d8JBJERG<\/strong> \u2192 Tottenham (Pr\u00eat)<br \/>\n<strong>L. BRASSIER<\/strong> \u2192 Stade Brestois (Pr\u00eat)<br \/>\n<strong>J. ROWE<\/strong> \u2192 Norwich (Pr\u00eat)<br \/>\n<strong>M. GUENDOUZI<\/strong> \u2192 Lazio Rome (Fin du pr\u00eat)<br \/>\n<strong>VITINHA<\/strong> \u2192 Genoa (Fin du pr\u00eat)<br \/>\n<strong>P. LIROLA<\/strong> \u2192 Frosinone (Fin du pr\u00eat)<br \/>\n<strong>J. AMAVI<\/strong> \u2192 Stade Brestois (Fin du pr\u00eat)<br \/>\n<strong>K. DE LA FUENTE<\/strong> \u2192 SD Eibar (Fin du pr\u00eat)<br \/>\n<strong>F. MUGHE<\/strong> \u2192 USL Dunkerque (Fin du pr\u00eat)<br \/>\n<strong>S. BEN SEGHIR<\/strong> \u2192 Neuch\u00e2tel Xamax (Fin du pr\u00eat)<br \/>\n<\/span><\/td>\n<td style=\"vertical-align: middle;text-align: justify;width: 400px\"><span style=\"font-size: 0.9em\"><strong>I. NDIAYE<\/strong> \u2192 FC Everton (18,00 M\u20ac)<br \/>\n<strong>VITINHA<\/strong> \u2192 Genoa (16,00 M\u20ac)<br \/>\n<strong>I. SARR<\/strong> \u2192 Crystal Palace (15,00 M\u20ac)<br \/>\n<strong>M. GUENDOUZI<\/strong> \u2192 Lazio Rome (13,00 M\u20ac)<br \/>\n<strong>P.-E. AUBAMEYANG<\/strong> \u2192 Al-Qadsiah (9,00 M\u20ac)<br \/>\n<strong>J. CLAUSS<\/strong> \u2192 OGC Nice (5,00 M\u20ac)<br \/>\n<strong>J. VERETOUT<\/strong> \u2192 Ol. Lyonnais (4,00 M\u20ac)<br \/>\n<strong>A. OUNAHI<\/strong> \u2192 Panathinaikos (Pr\u00eat \u00e0 500 K\u20ac)<br \/>\n<strong>S. GIGOT<\/strong> \u2192 Lazio Rome (Pr\u00eat \u00e0 500 K\u20ac)<br \/>\n<strong>P. GUEYE<\/strong> \u2192 Villarreal CF (Libre)<br \/>\n<strong>J. AMAVI<\/strong> \u2192 Stade Brestois (Libre)<br \/>\n<strong>K. DE LA FUENTE<\/strong> \u2192 Lausanne-Sport (?)<br \/>\n<strong>P. LOPEZ<\/strong>\u00a0\u2192 Girona FC (Pr\u00eat)<br \/>\n<strong>S. NGAPANDOUETNBU<\/strong>\u00a0\u2192 N\u00eemes Olympique (Pr\u00eat)<br \/>\n<strong>J. CORREA<\/strong> \u2192 Inter (Fin du pr\u00eat)<br \/>\n<strong>B. ME\u00cfT\u00c9<\/strong> \u2192 FC Lorient (Fin du pr\u00eat)<br \/>\n<strong>J. ONANA<\/strong> \u2192 Besiktas (Fin du pr\u00eat)<br \/>\n<\/span><\/td>\n<\/tr>\n<\/tbody>\n<\/table>\n<\/div>\n<p><span style=\"font-size: 14px;\"><em>Source : <a href=\"https:\/\/www.transfermarkt.fr\/\" target=\"_blank\" rel=\"noopener\">Transfermarkt<\/a><\/em><\/span><\/p>\n","protected":false},"excerpt":{"rendered":"<p>TRANSFERTS OM &#8211; Le mercato estival bat son plein, voici le tableau des transferts de l&rsquo;Olympique de Marseille pour la Ligue 1 saison 2024-2025.<\/p>\n","protected":false},"author":2,"featured_media":508749,"comment_status":"open","ping_status":"closed","sticky":false,"template":"","format":"standard","meta":{"_acf_changed":false,"_daextam_enable_autolinks":"1","footnotes":""},"categories":[47045],"tags":[1554,446,1555,17054,2924,1889,18275,2832],"class_list":["post-508744","post","type-post","status-publish","format-standard","has-post-thumbnail","hentry","category-ligue-1","tag-ligue-1","tag-marseille","tag-mercato","tag-mercato-om","tag-olympique-de-marseille","tag-om","tag-tableau-des-transferts","tag-transferts"],"acf":[],"yoast_head":"<!-- This site is optimized with the Yoast SEO Premium plugin v26.7 (Yoast SEO v26.7) - https:\/\/yoast.com\/wordpress\/plugins\/seo\/ -->\n<title>Mercato OM : Tableau des transferts 2024-2025<\/title>\n<meta name=\"description\" content=\"TRANSFERTS OM - Le mercato estival bat son plein, voici le tableau des transferts de l&#039;Olympique de Marseille pour la Ligue 1 saison 2024-2025.\" \/>\n<meta name=\"robots\" content=\"index, follow, max-snippet:-1, max-image-preview:large, max-video-preview:-1\" \/>\n<link rel=\"canonical\" href=\"https:\/\/dicodusport.fr\/blog\/mercato-om-tableau-des-transferts-2024-2025\/\" \/>\n<meta property=\"og:locale\" content=\"fr_FR\" \/>\n<meta property=\"og:type\" content=\"article\" \/>\n<meta property=\"og:title\" content=\"Mercato OM : Tableau des transferts 2024-2025\" \/>\n<meta property=\"og:description\" content=\"TRANSFERTS OM - Le mercato estival bat son plein, voici le tableau des transferts de l&#039;Olympique de Marseille pour la Ligue 1 saison 2024-2025.\" \/>\n<meta property=\"og:url\" content=\"https:\/\/dicodusport.fr\/blog\/mercato-om-tableau-des-transferts-2024-2025\/\" \/>\n<meta property=\"og:site_name\" content=\"Dicodusport\" \/>\n<meta property=\"article:publisher\" content=\"https:\/\/www.facebook.com\/dicodusport\" \/>\n<meta property=\"article:published_time\" content=\"2024-09-08T14:59:18+00:00\" \/>\n<meta property=\"article:modified_time\" content=\"2024-09-08T15:06:33+00:00\" \/>\n<meta property=\"og:image\" content=\"https:\/\/dicodusport.fr\/blog\/wp-content\/uploads\/2024\/08\/Mercato-OM-Tableau-des-transferts-2024-2025.png\" \/>\n\t<meta property=\"og:image:width\" content=\"1200\" \/>\n\t<meta property=\"og:image:height\" content=\"674\" \/>\n\t<meta property=\"og:image:type\" content=\"image\/png\" \/>\n<meta name=\"author\" content=\"Benjamin Cots\" \/>\n<meta name=\"twitter:card\" content=\"summary_large_image\" \/>\n<meta name=\"twitter:title\" content=\"Mercato OM : Tableau des transferts 2024-2025\" \/>\n<meta name=\"twitter:creator\" content=\"@https:\/\/twitter.com\/BenjaminCots\" \/>\n<meta name=\"twitter:site\" content=\"@dicodusport\" \/>\n<script type=\"application\/ld+json\" class=\"yoast-schema-graph\">{\"@context\":\"https:\/\/schema.org\",\"@graph\":[{\"@type\":\"NewsArticle\",\"@id\":\"https:\/\/dicodusport.fr\/blog\/mercato-om-tableau-des-transferts-2024-2025\/#article\",\"isPartOf\":{\"@id\":\"https:\/\/dicodusport.fr\/blog\/mercato-om-tableau-des-transferts-2024-2025\/\"},\"author\":{\"name\":\"Benjamin Cots\",\"@id\":\"https:\/\/dicodusport.fr\/blog\/#\/schema\/person\/0c141de963d8493840348bb7df193da4\"},\"headline\":\"Mercato OM : Tableau des transferts 2024-2025\",\"datePublished\":\"2024-09-08T14:59:18+00:00\",\"dateModified\":\"2024-09-08T15:06:33+00:00\",\"mainEntityOfPage\":{\"@id\":\"https:\/\/dicodusport.fr\/blog\/mercato-om-tableau-des-transferts-2024-2025\/\"},\"wordCount\":277,\"commentCount\":0,\"publisher\":{\"@id\":\"https:\/\/dicodusport.fr\/blog\/#organization\"},\"image\":{\"@id\":\"https:\/\/dicodusport.fr\/blog\/mercato-om-tableau-des-transferts-2024-2025\/#primaryimage\"},\"thumbnailUrl\":\"https:\/\/dicodusport.fr\/blog\/wp-content\/uploads\/2024\/08\/Mercato-OM-Tableau-des-transferts-2024-2025.png\",\"keywords\":[\"Ligue 1\",\"Marseille\",\"Mercato\",\"Mercato OM\",\"Olympique de Marseille\",\"OM\",\"Tableau des transferts\",\"transferts\"],\"articleSection\":[\"Ligue 1\"],\"inLanguage\":\"fr-FR\",\"potentialAction\":[{\"@type\":\"CommentAction\",\"name\":\"Comment\",\"target\":[\"https:\/\/dicodusport.fr\/blog\/mercato-om-tableau-des-transferts-2024-2025\/#respond\"]}],\"copyrightYear\":\"2024\",\"copyrightHolder\":{\"@id\":\"https:\/\/dicodusport.fr\/blog\/#organization\"}},{\"@type\":\"WebPage\",\"@id\":\"https:\/\/dicodusport.fr\/blog\/mercato-om-tableau-des-transferts-2024-2025\/\",\"url\":\"https:\/\/dicodusport.fr\/blog\/mercato-om-tableau-des-transferts-2024-2025\/\",\"name\":\"Mercato OM : Tableau des transferts 2024-2025\",\"isPartOf\":{\"@id\":\"https:\/\/dicodusport.fr\/blog\/#website\"},\"primaryImageOfPage\":{\"@id\":\"https:\/\/dicodusport.fr\/blog\/mercato-om-tableau-des-transferts-2024-2025\/#primaryimage\"},\"image\":{\"@id\":\"https:\/\/dicodusport.fr\/blog\/mercato-om-tableau-des-transferts-2024-2025\/#primaryimage\"},\"thumbnailUrl\":\"https:\/\/dicodusport.fr\/blog\/wp-content\/uploads\/2024\/08\/Mercato-OM-Tableau-des-transferts-2024-2025.png\",\"datePublished\":\"2024-09-08T14:59:18+00:00\",\"dateModified\":\"2024-09-08T15:06:33+00:00\",\"description\":\"TRANSFERTS OM - Le mercato estival bat son plein, voici le tableau des transferts de l'Olympique de Marseille pour la Ligue 1 saison 2024-2025.\",\"breadcrumb\":{\"@id\":\"https:\/\/dicodusport.fr\/blog\/mercato-om-tableau-des-transferts-2024-2025\/#breadcrumb\"},\"inLanguage\":\"fr-FR\",\"potentialAction\":[{\"@type\":\"ReadAction\",\"target\":[\"https:\/\/dicodusport.fr\/blog\/mercato-om-tableau-des-transferts-2024-2025\/\"]}]},{\"@type\":\"ImageObject\",\"inLanguage\":\"fr-FR\",\"@id\":\"https:\/\/dicodusport.fr\/blog\/mercato-om-tableau-des-transferts-2024-2025\/#primaryimage\",\"url\":\"https:\/\/dicodusport.fr\/blog\/wp-content\/uploads\/2024\/08\/Mercato-OM-Tableau-des-transferts-2024-2025.png\",\"contentUrl\":\"https:\/\/dicodusport.fr\/blog\/wp-content\/uploads\/2024\/08\/Mercato-OM-Tableau-des-transferts-2024-2025.png\",\"width\":1200,\"height\":674,\"caption\":\"Mercato OM Tableau des transferts 2024-2025\"},{\"@type\":\"BreadcrumbList\",\"@id\":\"https:\/\/dicodusport.fr\/blog\/mercato-om-tableau-des-transferts-2024-2025\/#breadcrumb\",\"itemListElement\":[{\"@type\":\"ListItem\",\"position\":1,\"name\":\"Accueil\",\"item\":\"https:\/\/dicodusport.fr\/blog\/\"},{\"@type\":\"ListItem\",\"position\":2,\"name\":\"Mercato OM : Tableau des transferts 2024-2025\"}]},{\"@type\":\"WebSite\",\"@id\":\"https:\/\/dicodusport.fr\/blog\/#website\",\"url\":\"https:\/\/dicodusport.fr\/blog\/\",\"name\":\"Dicodusport\",\"description\":\"L&#039;encyclop\u00e9die de l&#039;actualit\u00e9 sportive\",\"publisher\":{\"@id\":\"https:\/\/dicodusport.fr\/blog\/#organization\"},\"potentialAction\":[{\"@type\":\"SearchAction\",\"target\":{\"@type\":\"EntryPoint\",\"urlTemplate\":\"https:\/\/dicodusport.fr\/blog\/?s={search_term_string}\"},\"query-input\":{\"@type\":\"PropertyValueSpecification\",\"valueRequired\":true,\"valueName\":\"search_term_string\"}}],\"inLanguage\":\"fr-FR\"},{\"@type\":\"NewsMediaOrganization\",\"@id\":\"https:\/\/dicodusport.fr\/blog\/#organization\",\"name\":\"Dicodusport\",\"url\":\"https:\/\/dicodusport.fr\/blog\/\",\"logo\":{\"@type\":\"ImageObject\",\"inLanguage\":\"fr-FR\",\"@id\":\"https:\/\/dicodusport.fr\/blog\/#\/schema\/logo\/image\/\",\"url\":\"https:\/\/dicodusport.fr\/blog\/wp-content\/uploads\/2020\/06\/cropped-LOGO-DICODUSPORT-2020-SANS-FOND-SANS-TEXTE.png\",\"contentUrl\":\"https:\/\/dicodusport.fr\/blog\/wp-content\/uploads\/2020\/06\/cropped-LOGO-DICODUSPORT-2020-SANS-FOND-SANS-TEXTE.png\",\"width\":512,\"height\":512,\"caption\":\"Dicodusport\"},\"image\":{\"@id\":\"https:\/\/dicodusport.fr\/blog\/#\/schema\/logo\/image\/\"},\"sameAs\":[\"https:\/\/www.facebook.com\/dicodusport\",\"https:\/\/x.com\/dicodusport\",\"https:\/\/www.instagram.com\/dicodusport\/\",\"https:\/\/www.youtube.com\/channel\/UC7V2KZ5sd3htJivAbA4ZG3w\"],\"description\":\"Dicodusport est l'encyclop\u00e9die de l'actualit\u00e9 sportive.\",\"email\":\"bonjour@dicodusport.fr\",\"legalName\":\"DICODUSPORT\",\"foundingDate\":\"2018-01-14\",\"vatID\":\"FR71834470973\",\"taxID\":\"83447097300043\",\"numberOfEmployees\":{\"@type\":\"QuantitativeValue\",\"minValue\":\"1\",\"maxValue\":\"10\"}},{\"@type\":\"Person\",\"@id\":\"https:\/\/dicodusport.fr\/blog\/#\/schema\/person\/0c141de963d8493840348bb7df193da4\",\"name\":\"Benjamin Cots\",\"image\":{\"@type\":\"ImageObject\",\"inLanguage\":\"fr-FR\",\"@id\":\"https:\/\/dicodusport.fr\/blog\/#\/schema\/person\/image\/\",\"url\":\"https:\/\/dicodusport.fr\/blog\/wp-content\/uploads\/2021\/04\/Maillot-Benji-Dicodusport-150x150.png\",\"contentUrl\":\"https:\/\/dicodusport.fr\/blog\/wp-content\/uploads\/2021\/04\/Maillot-Benji-Dicodusport-150x150.png\",\"caption\":\"Benjamin Cots\"},\"description\":\"Footballeur et fan des Girondins de Bordeaux depuis mon plus jeune \u00e2ge, le foot et le sport en g\u00e9n\u00e9ral ont rythm\u00e9 ma vie. Apr\u00e8s des \u00e9tudes en informatique, la cr\u00e9ation de Dicodusport \u00e9tait le parfait m\u00e9lange pour allier mes deux passions.\",\"sameAs\":[\"https:\/\/x.com\/https:\/\/twitter.com\/BenjaminCots\"],\"url\":\"https:\/\/dicodusport.fr\/blog\/author\/admin\/\"}]}<\/script>\n<!-- \/ Yoast SEO Premium plugin. -->","yoast_head_json":{"title":"Mercato OM : Tableau des transferts 2024-2025","description":"TRANSFERTS OM - Le mercato estival bat son plein, voici le tableau des transferts de l'Olympique de Marseille pour la Ligue 1 saison 2024-2025.","robots":{"index":"index","follow":"follow","max-snippet":"max-snippet:-1","max-image-preview":"max-image-preview:large","max-video-preview":"max-video-preview:-1"},"canonical":"https:\/\/dicodusport.fr\/blog\/mercato-om-tableau-des-transferts-2024-2025\/","og_locale":"fr_FR","og_type":"article","og_title":"Mercato OM : Tableau des transferts 2024-2025","og_description":"TRANSFERTS OM - Le mercato estival bat son plein, voici le tableau des transferts de l'Olympique de Marseille pour la Ligue 1 saison 2024-2025.","og_url":"https:\/\/dicodusport.fr\/blog\/mercato-om-tableau-des-transferts-2024-2025\/","og_site_name":"Dicodusport","article_publisher":"https:\/\/www.facebook.com\/dicodusport","article_published_time":"2024-09-08T14:59:18+00:00","article_modified_time":"2024-09-08T15:06:33+00:00","og_image":[{"width":1200,"height":674,"url":"https:\/\/dicodusport.fr\/blog\/wp-content\/uploads\/2024\/08\/Mercato-OM-Tableau-des-transferts-2024-2025.png","type":"image\/png"}],"author":"Benjamin Cots","twitter_card":"summary_large_image","twitter_title":"Mercato OM : Tableau des transferts 2024-2025","twitter_creator":"@https:\/\/twitter.com\/BenjaminCots","twitter_site":"@dicodusport","schema":{"@context":"https:\/\/schema.org","@graph":[{"@type":"NewsArticle","@id":"https:\/\/dicodusport.fr\/blog\/mercato-om-tableau-des-transferts-2024-2025\/#article","isPartOf":{"@id":"https:\/\/dicodusport.fr\/blog\/mercato-om-tableau-des-transferts-2024-2025\/"},"author":{"name":"Benjamin Cots","@id":"https:\/\/dicodusport.fr\/blog\/#\/schema\/person\/0c141de963d8493840348bb7df193da4"},"headline":"Mercato OM : Tableau des transferts 2024-2025","datePublished":"2024-09-08T14:59:18+00:00","dateModified":"2024-09-08T15:06:33+00:00","mainEntityOfPage":{"@id":"https:\/\/dicodusport.fr\/blog\/mercato-om-tableau-des-transferts-2024-2025\/"},"wordCount":277,"commentCount":0,"publisher":{"@id":"https:\/\/dicodusport.fr\/blog\/#organization"},"image":{"@id":"https:\/\/dicodusport.fr\/blog\/mercato-om-tableau-des-transferts-2024-2025\/#primaryimage"},"thumbnailUrl":"https:\/\/dicodusport.fr\/blog\/wp-content\/uploads\/2024\/08\/Mercato-OM-Tableau-des-transferts-2024-2025.png","keywords":["Ligue 1","Marseille","Mercato","Mercato OM","Olympique de Marseille","OM","Tableau des transferts","transferts"],"articleSection":["Ligue 1"],"inLanguage":"fr-FR","potentialAction":[{"@type":"CommentAction","name":"Comment","target":["https:\/\/dicodusport.fr\/blog\/mercato-om-tableau-des-transferts-2024-2025\/#respond"]}],"copyrightYear":"2024","copyrightHolder":{"@id":"https:\/\/dicodusport.fr\/blog\/#organization"}},{"@type":"WebPage","@id":"https:\/\/dicodusport.fr\/blog\/mercato-om-tableau-des-transferts-2024-2025\/","url":"https:\/\/dicodusport.fr\/blog\/mercato-om-tableau-des-transferts-2024-2025\/","name":"Mercato OM : Tableau des transferts 2024-2025","isPartOf":{"@id":"https:\/\/dicodusport.fr\/blog\/#website"},"primaryImageOfPage":{"@id":"https:\/\/dicodusport.fr\/blog\/mercato-om-tableau-des-transferts-2024-2025\/#primaryimage"},"image":{"@id":"https:\/\/dicodusport.fr\/blog\/mercato-om-tableau-des-transferts-2024-2025\/#primaryimage"},"thumbnailUrl":"https:\/\/dicodusport.fr\/blog\/wp-content\/uploads\/2024\/08\/Mercato-OM-Tableau-des-transferts-2024-2025.png","datePublished":"2024-09-08T14:59:18+00:00","dateModified":"2024-09-08T15:06:33+00:00","description":"TRANSFERTS OM - Le mercato estival bat son plein, voici le tableau des transferts de l'Olympique de Marseille pour la Ligue 1 saison 2024-2025.","breadcrumb":{"@id":"https:\/\/dicodusport.fr\/blog\/mercato-om-tableau-des-transferts-2024-2025\/#breadcrumb"},"inLanguage":"fr-FR","potentialAction":[{"@type":"ReadAction","target":["https:\/\/dicodusport.fr\/blog\/mercato-om-tableau-des-transferts-2024-2025\/"]}]},{"@type":"ImageObject","inLanguage":"fr-FR","@id":"https:\/\/dicodusport.fr\/blog\/mercato-om-tableau-des-transferts-2024-2025\/#primaryimage","url":"https:\/\/dicodusport.fr\/blog\/wp-content\/uploads\/2024\/08\/Mercato-OM-Tableau-des-transferts-2024-2025.png","contentUrl":"https:\/\/dicodusport.fr\/blog\/wp-content\/uploads\/2024\/08\/Mercato-OM-Tableau-des-transferts-2024-2025.png","width":1200,"height":674,"caption":"Mercato OM Tableau des transferts 2024-2025"},{"@type":"BreadcrumbList","@id":"https:\/\/dicodusport.fr\/blog\/mercato-om-tableau-des-transferts-2024-2025\/#breadcrumb","itemListElement":[{"@type":"ListItem","position":1,"name":"Accueil","item":"https:\/\/dicodusport.fr\/blog\/"},{"@type":"ListItem","position":2,"name":"Mercato OM : Tableau des transferts 2024-2025"}]},{"@type":"WebSite","@id":"https:\/\/dicodusport.fr\/blog\/#website","url":"https:\/\/dicodusport.fr\/blog\/","name":"Dicodusport","description":"L&#039;encyclop\u00e9die de l&#039;actualit\u00e9 sportive","publisher":{"@id":"https:\/\/dicodusport.fr\/blog\/#organization"},"potentialAction":[{"@type":"SearchAction","target":{"@type":"EntryPoint","urlTemplate":"https:\/\/dicodusport.fr\/blog\/?s={search_term_string}"},"query-input":{"@type":"PropertyValueSpecification","valueRequired":true,"valueName":"search_term_string"}}],"inLanguage":"fr-FR"},{"@type":"NewsMediaOrganization","@id":"https:\/\/dicodusport.fr\/blog\/#organization","name":"Dicodusport","url":"https:\/\/dicodusport.fr\/blog\/","logo":{"@type":"ImageObject","inLanguage":"fr-FR","@id":"https:\/\/dicodusport.fr\/blog\/#\/schema\/logo\/image\/","url":"https:\/\/dicodusport.fr\/blog\/wp-content\/uploads\/2020\/06\/cropped-LOGO-DICODUSPORT-2020-SANS-FOND-SANS-TEXTE.png","contentUrl":"https:\/\/dicodusport.fr\/blog\/wp-content\/uploads\/2020\/06\/cropped-LOGO-DICODUSPORT-2020-SANS-FOND-SANS-TEXTE.png","width":512,"height":512,"caption":"Dicodusport"},"image":{"@id":"https:\/\/dicodusport.fr\/blog\/#\/schema\/logo\/image\/"},"sameAs":["https:\/\/www.facebook.com\/dicodusport","https:\/\/x.com\/dicodusport","https:\/\/www.instagram.com\/dicodusport\/","https:\/\/www.youtube.com\/channel\/UC7V2KZ5sd3htJivAbA4ZG3w"],"description":"Dicodusport est l'encyclop\u00e9die de l'actualit\u00e9 sportive.","email":"bonjour@dicodusport.fr","legalName":"DICODUSPORT","foundingDate":"2018-01-14","vatID":"FR71834470973","taxID":"83447097300043","numberOfEmployees":{"@type":"QuantitativeValue","minValue":"1","maxValue":"10"}},{"@type":"Person","@id":"https:\/\/dicodusport.fr\/blog\/#\/schema\/person\/0c141de963d8493840348bb7df193da4","name":"Benjamin Cots","image":{"@type":"ImageObject","inLanguage":"fr-FR","@id":"https:\/\/dicodusport.fr\/blog\/#\/schema\/person\/image\/","url":"https:\/\/dicodusport.fr\/blog\/wp-content\/uploads\/2021\/04\/Maillot-Benji-Dicodusport-150x150.png","contentUrl":"https:\/\/dicodusport.fr\/blog\/wp-content\/uploads\/2021\/04\/Maillot-Benji-Dicodusport-150x150.png","caption":"Benjamin Cots"},"description":"Footballeur et fan des Girondins de Bordeaux depuis mon plus jeune \u00e2ge, le foot et le sport en g\u00e9n\u00e9ral ont rythm\u00e9 ma vie. Apr\u00e8s des \u00e9tudes en informatique, la cr\u00e9ation de Dicodusport \u00e9tait le parfait m\u00e9lange pour allier mes deux passions.","sameAs":["https:\/\/x.com\/https:\/\/twitter.com\/BenjaminCots"],"url":"https:\/\/dicodusport.fr\/blog\/author\/admin\/"}]}},"_links":{"self":[{"href":"https:\/\/dicodusport.fr\/blog\/wp-json\/wp\/v2\/posts\/508744","targetHints":{"allow":["GET"]}}],"collection":[{"href":"https:\/\/dicodusport.fr\/blog\/wp-json\/wp\/v2\/posts"}],"about":[{"href":"https:\/\/dicodusport.fr\/blog\/wp-json\/wp\/v2\/types\/post"}],"author":[{"embeddable":true,"href":"https:\/\/dicodusport.fr\/blog\/wp-json\/wp\/v2\/users\/2"}],"replies":[{"embeddable":true,"href":"https:\/\/dicodusport.fr\/blog\/wp-json\/wp\/v2\/comments?post=508744"}],"version-history":[{"count":5,"href":"https:\/\/dicodusport.fr\/blog\/wp-json\/wp\/v2\/posts\/508744\/revisions"}],"predecessor-version":[{"id":519210,"href":"https:\/\/dicodusport.fr\/blog\/wp-json\/wp\/v2\/posts\/508744\/revisions\/519210"}],"wp:featuredmedia":[{"embeddable":true,"href":"https:\/\/dicodusport.fr\/blog\/wp-json\/wp\/v2\/media\/508749"}],"wp:attachment":[{"href":"https:\/\/dicodusport.fr\/blog\/wp-json\/wp\/v2\/media?parent=508744"}],"wp:term":[{"taxonomy":"category","embeddable":true,"href":"https:\/\/dicodusport.fr\/blog\/wp-json\/wp\/v2\/categories?post=508744"},{"taxonomy":"post_tag","embeddable":true,"href":"https:\/\/dicodusport.fr\/blog\/wp-json\/wp\/v2\/tags?post=508744"}],"curies":[{"name":"wp","href":"https:\/\/api.w.org\/{rel}","templated":true}]}}