{"id":508760,"date":"2024-09-08T16:55:18","date_gmt":"2024-09-08T14:55:18","guid":{"rendered":"https:\/\/dicodusport.fr\/blog\/?p=508760&#038;preview=true&#038;preview_id=508760"},"modified":"2024-09-08T17:02:05","modified_gmt":"2024-09-08T15:02:05","slug":"mercato-ol-tableau-des-transferts-2024-2025","status":"publish","type":"post","link":"https:\/\/dicodusport.fr\/blog\/mercato-ol-tableau-des-transferts-2024-2025\/","title":{"rendered":"Mercato OL : Tableau des transferts 2024-2025"},"content":{"rendered":"<p style=\"text-align: justify;\"><strong><em>TRANSFERTS OL &#8211; Le mercato estival bat son plein, voici le tableau des transferts de l&rsquo;Olympique Lyonnais pour la <a href=\"https:\/\/dicodusport.fr\/blog\/actualites\/football\/ligue-1-2024-2025\/\">Ligue 1 saison 2024-2025<\/a>.<\/em><\/strong><\/p>\n<h2 style=\"text-align: justify;\">Tableau des transferts de l&rsquo;OL 2024-2025<\/h2>\n<p style=\"text-align: justify;\"><span style=\"font-size: 14px;\"><strong><em>Tableau mis \u00e0 jour le 8 septembre 2024.<\/em><\/strong><\/span><\/p>\n<div class=\"su-table su-table-alternate\">\n<table style=\"width: 840px;border-collapse: collapse\">\n<tbody>\n<tr>\n<td style=\"text-align: center;vertical-align: middle;width: 400px\" colspan=\"2\"><strong><img loading=\"lazy\" decoding=\"async\" class=\"alignnone wp-image-45022 \" src=\"https:\/\/dicodusport.fr\/blog\/wp-content\/uploads\/2019\/08\/Olympique_lyonnais_logo-260x300.png\" alt=\"\" width=\"87\" height=\"100\" srcset=\"https:\/\/dicodusport.fr\/blog\/wp-content\/uploads\/2019\/08\/Olympique_lyonnais_logo-260x300.png 260w, https:\/\/dicodusport.fr\/blog\/wp-content\/uploads\/2019\/08\/Olympique_lyonnais_logo.png 490w\" sizes=\"auto, (max-width: 87px) 100vw, 87px\" \/><br \/>\nOLYMPIQUE LYONNAIS<\/strong><\/td>\n<\/tr>\n<tr>\n<td style=\"text-align: center;vertical-align: middle;width: 400px\"><span style=\"color: #000000;font-size: 0.9em\"><strong><span style=\"color: #008000\">\u25bc<\/span> ARRIV\u00c9ES<\/strong><\/span><\/td>\n<td style=\"text-align: center;vertical-align: middle;width: 400px\"><span style=\"color: #000000;font-size: 0.9em\"><strong><span style=\"color: #ff0000\">\u25b2<\/span> <span style=\"color: #000000\">D\u00c9PARTS<\/span><\/strong><\/span><\/td>\n<\/tr>\n<tr>\n<td style=\"vertical-align: middle;text-align: justify;width: 400px\"><span style=\"font-size: 0.9em\"><strong>M. NIAKHAT\u00c9<\/strong> \u2192 Nottingham\u00a0Forest (31,90 M\u20ac)<br \/>\n<strong>E. NUAMAH<\/strong> \u2192 RWDM (28,50 M\u20ac)<br \/>\n<strong>O. MANGALA<\/strong> \u2192 Nottm Forest (23,40 M\u20ac)<br \/>\n<strong>G. MIKAUTADZE<\/strong> \u2192 FC Metz (18,50 M\u20ac)<br \/>\n<strong>S. BENRAHMA<\/strong> \u2192 West Ham Utd. (14,40 M\u20ac)<br \/>\n<strong>ABNER<\/strong> \u2192 Real Betis (8,00 M\u20ac)<br \/>\n<strong>T. TESSMANN<\/strong> \u2192 Venezia (6,00 M\u20ac)<br \/>\n<strong>M. BALD\u00c9<\/strong> \u2192 Troyes (6,00 M\u20ac)<br \/>\n<strong>J. VERETOUT<\/strong> \u2192 Marseille (4,00 M\u20ac)<br \/>\n<strong>D. CALETA-CAR<\/strong> \u2192 Southampton (3,59 M\u20ac)<br \/>\n<strong>W. ZAHA<\/strong> \u2192 Galatasaray (Pr\u00eat \u00e0 3,00 M\u20ac)<br \/>\n<strong>W. OMARI<\/strong> \u2192 Stade Rennais (Pr\u00eat \u00e0 500 K\u20ac)<br \/>\n<strong>R. DESCAMPS<\/strong> \u2192 FC Nantes (Libre)<br \/>\n<strong>J. JEFFINHO<\/strong> \u2192 Botafogo (Fin du pr\u00eat 31 d\u00e9c.)<br \/>\n<strong>ADRYELSON<\/strong> \u2192 Botafogo (Fin du pr\u00eat 31 d\u00e9c.)<br \/>\n<strong>A. SARR<\/strong> \u2192 VfL Wolfsburg (Fin du pr\u00eat)<br \/>\n<strong>S. ALVERO<\/strong> \u2192 Werder Bremen (Fin du pr\u00eat)<br \/>\n<strong>T. KADEWERE<\/strong> \u2192 FC Nantes (Fin du pr\u00eat)<br \/>\n<strong>M. SARR<\/strong> \u2192 RWDM (Fin du pr\u00eat)<br \/>\n<strong>F. SANCHEZ<\/strong> \u2192 RWDM (Fin du pr\u00eat)<br \/>\n<strong>A. LA\u00c2ZIRI<\/strong> \u2192 USL Dunkerque (Fin du pr\u00eat)<br \/>\n<strong>I. LOMAMI<\/strong> \u2192 Stade Lavallois (Fin du pr\u00eat)<br \/>\n<\/span><\/td>\n<td style=\"vertical-align: middle;text-align: justify;width: 400px\"><span style=\"font-size: 0.9em\"><strong>J. O&rsquo;BRIEN<\/strong> \u2192 FC Everton (19,50 M\u20ac)<br \/>\n<strong>M. SARR<\/strong> \u2192 Strasbourg (10,00 M\u20ac)<br \/>\n<strong>S. ALVERO<\/strong> \u2192 Werder Bremen (4,75 M\u20ac)<br \/>\n<strong>M. BALD\u00c9<\/strong> \u2192 Stade Brestois (4,50 M\u20ac)<br \/>\n<strong>S. DIOMAND\u00c9<\/strong> \u2192 AJ Auxerre (Libre)<br \/>\n<strong>T. KADEWERE<\/strong> \u2192 FC Nantes (Libre)<br \/>\n<strong>M. EL AROUCH<\/strong> \u2192 Botafogo (Libre)<br \/>\n<strong>O. MANGALA<\/strong>\u00a0\u2192 FC Everton (Pr\u00eat)<br \/>\n<strong>J. LEPENANT<\/strong> \u2192 FC Nantes (Pr\u00eat)<br \/>\n<strong>ADRYELSON<\/strong> \u2192 Botafogo (Pr\u00eat)<br \/>\n<strong>A. SARR<\/strong> \u2192 Hellas Verona (Pr\u00eat)<br \/>\n<strong>A. LA\u00c2ZIRI<\/strong> \u2192 RWDM (Pr\u00eat)<br \/>\n<strong>I. HALIFA<\/strong> \u2192 RWDM (Pr\u00eat)<br \/>\n<strong>H. SILVA<\/strong> \u2192 Sans club (Libre)<br \/>\n<strong>S. BENRAHMA<\/strong> \u2192 West Ham Utd. (Fin du pr\u00eat)<br \/>\n<strong>O. MANGALA<\/strong> \u2192 Nottm Forest (Fin du pr\u00eat)<br \/>\n<strong>E. NUAMAH<\/strong> \u2192 RWDM (Fin du pr\u00eat)<br \/>\n<strong>D. CALETA-CAR<\/strong> \u2192 Southampton (Fin du pr\u00eat)<br \/>\n<strong>M. BALD\u00c9<\/strong> \u2192 Troyes (Fin du pr\u00eat)<br \/>\n<\/span><\/td>\n<\/tr>\n<\/tbody>\n<\/table>\n<\/div>\n<p><span style=\"font-size: 14px;\"><em>Source : <a href=\"https:\/\/www.transfermarkt.fr\/\" target=\"_blank\" rel=\"noopener\">Transfermarkt<\/a><\/em><\/span><\/p>\n","protected":false},"excerpt":{"rendered":"<p>TRANSFERTS OL &#8211; Le mercato estival bat son plein, voici le tableau des transferts de l&rsquo;Olympique Lyonnais pour la Ligue 1 saison 2024-2025.<\/p>\n","protected":false},"author":2,"featured_media":508763,"comment_status":"open","ping_status":"closed","sticky":false,"template":"","format":"standard","meta":{"_acf_changed":false,"_daextam_enable_autolinks":"1","footnotes":""},"categories":[47045],"tags":[1554,449,1555,24995,1145,1146,18275,2832],"class_list":["post-508760","post","type-post","status-publish","format-standard","has-post-thumbnail","hentry","category-ligue-1","tag-ligue-1","tag-lyon","tag-mercato","tag-mercato-ol","tag-ol","tag-olympique-lyonnais","tag-tableau-des-transferts","tag-transferts"],"acf":[],"yoast_head":"<!-- This site is optimized with the Yoast SEO Premium plugin v26.7 (Yoast SEO v26.7) - https:\/\/yoast.com\/wordpress\/plugins\/seo\/ -->\n<title>Mercato OL : Tableau des transferts 2024-2025<\/title>\n<meta name=\"description\" content=\"TRANSFERTS OL - Le mercato estival bat son plein, voici le tableau des transferts de l&#039;Olympique Lyonnais pour la Ligue 1 saison 2024-2025.\" \/>\n<meta name=\"robots\" content=\"index, follow, max-snippet:-1, max-image-preview:large, max-video-preview:-1\" \/>\n<link rel=\"canonical\" href=\"https:\/\/dicodusport.fr\/blog\/mercato-ol-tableau-des-transferts-2024-2025\/\" \/>\n<meta property=\"og:locale\" content=\"fr_FR\" \/>\n<meta property=\"og:type\" content=\"article\" \/>\n<meta property=\"og:title\" content=\"Mercato OL : Tableau des transferts 2024-2025\" \/>\n<meta property=\"og:description\" content=\"TRANSFERTS OL - Le mercato estival bat son plein, voici le tableau des transferts de l&#039;Olympique Lyonnais pour la Ligue 1 saison 2024-2025.\" \/>\n<meta property=\"og:url\" content=\"https:\/\/dicodusport.fr\/blog\/mercato-ol-tableau-des-transferts-2024-2025\/\" \/>\n<meta property=\"og:site_name\" content=\"Dicodusport\" \/>\n<meta property=\"article:publisher\" content=\"https:\/\/www.facebook.com\/dicodusport\" \/>\n<meta property=\"article:published_time\" content=\"2024-09-08T14:55:18+00:00\" \/>\n<meta property=\"article:modified_time\" content=\"2024-09-08T15:02:05+00:00\" \/>\n<meta property=\"og:image\" content=\"https:\/\/dicodusport.fr\/blog\/wp-content\/uploads\/2024\/08\/Mercato-OL-Tableau-des-transferts-2024-2025.png\" \/>\n\t<meta property=\"og:image:width\" content=\"1200\" \/>\n\t<meta property=\"og:image:height\" content=\"674\" \/>\n\t<meta property=\"og:image:type\" content=\"image\/png\" \/>\n<meta name=\"author\" content=\"Benjamin Cots\" \/>\n<meta name=\"twitter:card\" content=\"summary_large_image\" \/>\n<meta name=\"twitter:title\" content=\"Mercato OL : Tableau des transferts 2024-2025\" \/>\n<meta name=\"twitter:creator\" content=\"@https:\/\/twitter.com\/BenjaminCots\" \/>\n<meta name=\"twitter:site\" content=\"@dicodusport\" \/>\n<script type=\"application\/ld+json\" class=\"yoast-schema-graph\">{\"@context\":\"https:\/\/schema.org\",\"@graph\":[{\"@type\":\"NewsArticle\",\"@id\":\"https:\/\/dicodusport.fr\/blog\/mercato-ol-tableau-des-transferts-2024-2025\/#article\",\"isPartOf\":{\"@id\":\"https:\/\/dicodusport.fr\/blog\/mercato-ol-tableau-des-transferts-2024-2025\/\"},\"author\":{\"name\":\"Benjamin Cots\",\"@id\":\"https:\/\/dicodusport.fr\/blog\/#\/schema\/person\/0c141de963d8493840348bb7df193da4\"},\"headline\":\"Mercato OL : Tableau des transferts 2024-2025\",\"datePublished\":\"2024-09-08T14:55:18+00:00\",\"dateModified\":\"2024-09-08T15:02:05+00:00\",\"mainEntityOfPage\":{\"@id\":\"https:\/\/dicodusport.fr\/blog\/mercato-ol-tableau-des-transferts-2024-2025\/\"},\"wordCount\":299,\"commentCount\":0,\"publisher\":{\"@id\":\"https:\/\/dicodusport.fr\/blog\/#organization\"},\"image\":{\"@id\":\"https:\/\/dicodusport.fr\/blog\/mercato-ol-tableau-des-transferts-2024-2025\/#primaryimage\"},\"thumbnailUrl\":\"https:\/\/dicodusport.fr\/blog\/wp-content\/uploads\/2024\/08\/Mercato-OL-Tableau-des-transferts-2024-2025.png\",\"keywords\":[\"Ligue 1\",\"Lyon\",\"Mercato\",\"Mercato OL\",\"OL\",\"Olympique lyonnais\",\"Tableau des transferts\",\"transferts\"],\"articleSection\":[\"Ligue 1\"],\"inLanguage\":\"fr-FR\",\"potentialAction\":[{\"@type\":\"CommentAction\",\"name\":\"Comment\",\"target\":[\"https:\/\/dicodusport.fr\/blog\/mercato-ol-tableau-des-transferts-2024-2025\/#respond\"]}],\"copyrightYear\":\"2024\",\"copyrightHolder\":{\"@id\":\"https:\/\/dicodusport.fr\/blog\/#organization\"}},{\"@type\":\"WebPage\",\"@id\":\"https:\/\/dicodusport.fr\/blog\/mercato-ol-tableau-des-transferts-2024-2025\/\",\"url\":\"https:\/\/dicodusport.fr\/blog\/mercato-ol-tableau-des-transferts-2024-2025\/\",\"name\":\"Mercato OL : Tableau des transferts 2024-2025\",\"isPartOf\":{\"@id\":\"https:\/\/dicodusport.fr\/blog\/#website\"},\"primaryImageOfPage\":{\"@id\":\"https:\/\/dicodusport.fr\/blog\/mercato-ol-tableau-des-transferts-2024-2025\/#primaryimage\"},\"image\":{\"@id\":\"https:\/\/dicodusport.fr\/blog\/mercato-ol-tableau-des-transferts-2024-2025\/#primaryimage\"},\"thumbnailUrl\":\"https:\/\/dicodusport.fr\/blog\/wp-content\/uploads\/2024\/08\/Mercato-OL-Tableau-des-transferts-2024-2025.png\",\"datePublished\":\"2024-09-08T14:55:18+00:00\",\"dateModified\":\"2024-09-08T15:02:05+00:00\",\"description\":\"TRANSFERTS OL - Le mercato estival bat son plein, voici le tableau des transferts de l'Olympique Lyonnais pour la Ligue 1 saison 2024-2025.\",\"breadcrumb\":{\"@id\":\"https:\/\/dicodusport.fr\/blog\/mercato-ol-tableau-des-transferts-2024-2025\/#breadcrumb\"},\"inLanguage\":\"fr-FR\",\"potentialAction\":[{\"@type\":\"ReadAction\",\"target\":[\"https:\/\/dicodusport.fr\/blog\/mercato-ol-tableau-des-transferts-2024-2025\/\"]}]},{\"@type\":\"ImageObject\",\"inLanguage\":\"fr-FR\",\"@id\":\"https:\/\/dicodusport.fr\/blog\/mercato-ol-tableau-des-transferts-2024-2025\/#primaryimage\",\"url\":\"https:\/\/dicodusport.fr\/blog\/wp-content\/uploads\/2024\/08\/Mercato-OL-Tableau-des-transferts-2024-2025.png\",\"contentUrl\":\"https:\/\/dicodusport.fr\/blog\/wp-content\/uploads\/2024\/08\/Mercato-OL-Tableau-des-transferts-2024-2025.png\",\"width\":1200,\"height\":674,\"caption\":\"Mercato OL Tableau des transferts 2024-2025\"},{\"@type\":\"BreadcrumbList\",\"@id\":\"https:\/\/dicodusport.fr\/blog\/mercato-ol-tableau-des-transferts-2024-2025\/#breadcrumb\",\"itemListElement\":[{\"@type\":\"ListItem\",\"position\":1,\"name\":\"Accueil\",\"item\":\"https:\/\/dicodusport.fr\/blog\/\"},{\"@type\":\"ListItem\",\"position\":2,\"name\":\"Mercato OL : Tableau des transferts 2024-2025\"}]},{\"@type\":\"WebSite\",\"@id\":\"https:\/\/dicodusport.fr\/blog\/#website\",\"url\":\"https:\/\/dicodusport.fr\/blog\/\",\"name\":\"Dicodusport\",\"description\":\"L&#039;encyclop\u00e9die de l&#039;actualit\u00e9 sportive\",\"publisher\":{\"@id\":\"https:\/\/dicodusport.fr\/blog\/#organization\"},\"potentialAction\":[{\"@type\":\"SearchAction\",\"target\":{\"@type\":\"EntryPoint\",\"urlTemplate\":\"https:\/\/dicodusport.fr\/blog\/?s={search_term_string}\"},\"query-input\":{\"@type\":\"PropertyValueSpecification\",\"valueRequired\":true,\"valueName\":\"search_term_string\"}}],\"inLanguage\":\"fr-FR\"},{\"@type\":\"NewsMediaOrganization\",\"@id\":\"https:\/\/dicodusport.fr\/blog\/#organization\",\"name\":\"Dicodusport\",\"url\":\"https:\/\/dicodusport.fr\/blog\/\",\"logo\":{\"@type\":\"ImageObject\",\"inLanguage\":\"fr-FR\",\"@id\":\"https:\/\/dicodusport.fr\/blog\/#\/schema\/logo\/image\/\",\"url\":\"https:\/\/dicodusport.fr\/blog\/wp-content\/uploads\/2020\/06\/cropped-LOGO-DICODUSPORT-2020-SANS-FOND-SANS-TEXTE.png\",\"contentUrl\":\"https:\/\/dicodusport.fr\/blog\/wp-content\/uploads\/2020\/06\/cropped-LOGO-DICODUSPORT-2020-SANS-FOND-SANS-TEXTE.png\",\"width\":512,\"height\":512,\"caption\":\"Dicodusport\"},\"image\":{\"@id\":\"https:\/\/dicodusport.fr\/blog\/#\/schema\/logo\/image\/\"},\"sameAs\":[\"https:\/\/www.facebook.com\/dicodusport\",\"https:\/\/x.com\/dicodusport\",\"https:\/\/www.instagram.com\/dicodusport\/\",\"https:\/\/www.youtube.com\/channel\/UC7V2KZ5sd3htJivAbA4ZG3w\"],\"description\":\"Dicodusport est l'encyclop\u00e9die de l'actualit\u00e9 sportive.\",\"email\":\"bonjour@dicodusport.fr\",\"legalName\":\"DICODUSPORT\",\"foundingDate\":\"2018-01-14\",\"vatID\":\"FR71834470973\",\"taxID\":\"83447097300043\",\"numberOfEmployees\":{\"@type\":\"QuantitativeValue\",\"minValue\":\"1\",\"maxValue\":\"10\"}},{\"@type\":\"Person\",\"@id\":\"https:\/\/dicodusport.fr\/blog\/#\/schema\/person\/0c141de963d8493840348bb7df193da4\",\"name\":\"Benjamin Cots\",\"image\":{\"@type\":\"ImageObject\",\"inLanguage\":\"fr-FR\",\"@id\":\"https:\/\/dicodusport.fr\/blog\/#\/schema\/person\/image\/\",\"url\":\"https:\/\/dicodusport.fr\/blog\/wp-content\/uploads\/2021\/04\/Maillot-Benji-Dicodusport-150x150.png\",\"contentUrl\":\"https:\/\/dicodusport.fr\/blog\/wp-content\/uploads\/2021\/04\/Maillot-Benji-Dicodusport-150x150.png\",\"caption\":\"Benjamin Cots\"},\"description\":\"Footballeur et fan des Girondins de Bordeaux depuis mon plus jeune \u00e2ge, le foot et le sport en g\u00e9n\u00e9ral ont rythm\u00e9 ma vie. Apr\u00e8s des \u00e9tudes en informatique, la cr\u00e9ation de Dicodusport \u00e9tait le parfait m\u00e9lange pour allier mes deux passions.\",\"sameAs\":[\"https:\/\/x.com\/https:\/\/twitter.com\/BenjaminCots\"],\"url\":\"https:\/\/dicodusport.fr\/blog\/author\/admin\/\"}]}<\/script>\n<!-- \/ Yoast SEO Premium plugin. -->","yoast_head_json":{"title":"Mercato OL : Tableau des transferts 2024-2025","description":"TRANSFERTS OL - Le mercato estival bat son plein, voici le tableau des transferts de l'Olympique Lyonnais pour la Ligue 1 saison 2024-2025.","robots":{"index":"index","follow":"follow","max-snippet":"max-snippet:-1","max-image-preview":"max-image-preview:large","max-video-preview":"max-video-preview:-1"},"canonical":"https:\/\/dicodusport.fr\/blog\/mercato-ol-tableau-des-transferts-2024-2025\/","og_locale":"fr_FR","og_type":"article","og_title":"Mercato OL : Tableau des transferts 2024-2025","og_description":"TRANSFERTS OL - Le mercato estival bat son plein, voici le tableau des transferts de l'Olympique Lyonnais pour la Ligue 1 saison 2024-2025.","og_url":"https:\/\/dicodusport.fr\/blog\/mercato-ol-tableau-des-transferts-2024-2025\/","og_site_name":"Dicodusport","article_publisher":"https:\/\/www.facebook.com\/dicodusport","article_published_time":"2024-09-08T14:55:18+00:00","article_modified_time":"2024-09-08T15:02:05+00:00","og_image":[{"width":1200,"height":674,"url":"https:\/\/dicodusport.fr\/blog\/wp-content\/uploads\/2024\/08\/Mercato-OL-Tableau-des-transferts-2024-2025.png","type":"image\/png"}],"author":"Benjamin Cots","twitter_card":"summary_large_image","twitter_title":"Mercato OL : Tableau des transferts 2024-2025","twitter_creator":"@https:\/\/twitter.com\/BenjaminCots","twitter_site":"@dicodusport","schema":{"@context":"https:\/\/schema.org","@graph":[{"@type":"NewsArticle","@id":"https:\/\/dicodusport.fr\/blog\/mercato-ol-tableau-des-transferts-2024-2025\/#article","isPartOf":{"@id":"https:\/\/dicodusport.fr\/blog\/mercato-ol-tableau-des-transferts-2024-2025\/"},"author":{"name":"Benjamin Cots","@id":"https:\/\/dicodusport.fr\/blog\/#\/schema\/person\/0c141de963d8493840348bb7df193da4"},"headline":"Mercato OL : Tableau des transferts 2024-2025","datePublished":"2024-09-08T14:55:18+00:00","dateModified":"2024-09-08T15:02:05+00:00","mainEntityOfPage":{"@id":"https:\/\/dicodusport.fr\/blog\/mercato-ol-tableau-des-transferts-2024-2025\/"},"wordCount":299,"commentCount":0,"publisher":{"@id":"https:\/\/dicodusport.fr\/blog\/#organization"},"image":{"@id":"https:\/\/dicodusport.fr\/blog\/mercato-ol-tableau-des-transferts-2024-2025\/#primaryimage"},"thumbnailUrl":"https:\/\/dicodusport.fr\/blog\/wp-content\/uploads\/2024\/08\/Mercato-OL-Tableau-des-transferts-2024-2025.png","keywords":["Ligue 1","Lyon","Mercato","Mercato OL","OL","Olympique lyonnais","Tableau des transferts","transferts"],"articleSection":["Ligue 1"],"inLanguage":"fr-FR","potentialAction":[{"@type":"CommentAction","name":"Comment","target":["https:\/\/dicodusport.fr\/blog\/mercato-ol-tableau-des-transferts-2024-2025\/#respond"]}],"copyrightYear":"2024","copyrightHolder":{"@id":"https:\/\/dicodusport.fr\/blog\/#organization"}},{"@type":"WebPage","@id":"https:\/\/dicodusport.fr\/blog\/mercato-ol-tableau-des-transferts-2024-2025\/","url":"https:\/\/dicodusport.fr\/blog\/mercato-ol-tableau-des-transferts-2024-2025\/","name":"Mercato OL : Tableau des transferts 2024-2025","isPartOf":{"@id":"https:\/\/dicodusport.fr\/blog\/#website"},"primaryImageOfPage":{"@id":"https:\/\/dicodusport.fr\/blog\/mercato-ol-tableau-des-transferts-2024-2025\/#primaryimage"},"image":{"@id":"https:\/\/dicodusport.fr\/blog\/mercato-ol-tableau-des-transferts-2024-2025\/#primaryimage"},"thumbnailUrl":"https:\/\/dicodusport.fr\/blog\/wp-content\/uploads\/2024\/08\/Mercato-OL-Tableau-des-transferts-2024-2025.png","datePublished":"2024-09-08T14:55:18+00:00","dateModified":"2024-09-08T15:02:05+00:00","description":"TRANSFERTS OL - Le mercato estival bat son plein, voici le tableau des transferts de l'Olympique Lyonnais pour la Ligue 1 saison 2024-2025.","breadcrumb":{"@id":"https:\/\/dicodusport.fr\/blog\/mercato-ol-tableau-des-transferts-2024-2025\/#breadcrumb"},"inLanguage":"fr-FR","potentialAction":[{"@type":"ReadAction","target":["https:\/\/dicodusport.fr\/blog\/mercato-ol-tableau-des-transferts-2024-2025\/"]}]},{"@type":"ImageObject","inLanguage":"fr-FR","@id":"https:\/\/dicodusport.fr\/blog\/mercato-ol-tableau-des-transferts-2024-2025\/#primaryimage","url":"https:\/\/dicodusport.fr\/blog\/wp-content\/uploads\/2024\/08\/Mercato-OL-Tableau-des-transferts-2024-2025.png","contentUrl":"https:\/\/dicodusport.fr\/blog\/wp-content\/uploads\/2024\/08\/Mercato-OL-Tableau-des-transferts-2024-2025.png","width":1200,"height":674,"caption":"Mercato OL Tableau des transferts 2024-2025"},{"@type":"BreadcrumbList","@id":"https:\/\/dicodusport.fr\/blog\/mercato-ol-tableau-des-transferts-2024-2025\/#breadcrumb","itemListElement":[{"@type":"ListItem","position":1,"name":"Accueil","item":"https:\/\/dicodusport.fr\/blog\/"},{"@type":"ListItem","position":2,"name":"Mercato OL : Tableau des transferts 2024-2025"}]},{"@type":"WebSite","@id":"https:\/\/dicodusport.fr\/blog\/#website","url":"https:\/\/dicodusport.fr\/blog\/","name":"Dicodusport","description":"L&#039;encyclop\u00e9die de l&#039;actualit\u00e9 sportive","publisher":{"@id":"https:\/\/dicodusport.fr\/blog\/#organization"},"potentialAction":[{"@type":"SearchAction","target":{"@type":"EntryPoint","urlTemplate":"https:\/\/dicodusport.fr\/blog\/?s={search_term_string}"},"query-input":{"@type":"PropertyValueSpecification","valueRequired":true,"valueName":"search_term_string"}}],"inLanguage":"fr-FR"},{"@type":"NewsMediaOrganization","@id":"https:\/\/dicodusport.fr\/blog\/#organization","name":"Dicodusport","url":"https:\/\/dicodusport.fr\/blog\/","logo":{"@type":"ImageObject","inLanguage":"fr-FR","@id":"https:\/\/dicodusport.fr\/blog\/#\/schema\/logo\/image\/","url":"https:\/\/dicodusport.fr\/blog\/wp-content\/uploads\/2020\/06\/cropped-LOGO-DICODUSPORT-2020-SANS-FOND-SANS-TEXTE.png","contentUrl":"https:\/\/dicodusport.fr\/blog\/wp-content\/uploads\/2020\/06\/cropped-LOGO-DICODUSPORT-2020-SANS-FOND-SANS-TEXTE.png","width":512,"height":512,"caption":"Dicodusport"},"image":{"@id":"https:\/\/dicodusport.fr\/blog\/#\/schema\/logo\/image\/"},"sameAs":["https:\/\/www.facebook.com\/dicodusport","https:\/\/x.com\/dicodusport","https:\/\/www.instagram.com\/dicodusport\/","https:\/\/www.youtube.com\/channel\/UC7V2KZ5sd3htJivAbA4ZG3w"],"description":"Dicodusport est l'encyclop\u00e9die de l'actualit\u00e9 sportive.","email":"bonjour@dicodusport.fr","legalName":"DICODUSPORT","foundingDate":"2018-01-14","vatID":"FR71834470973","taxID":"83447097300043","numberOfEmployees":{"@type":"QuantitativeValue","minValue":"1","maxValue":"10"}},{"@type":"Person","@id":"https:\/\/dicodusport.fr\/blog\/#\/schema\/person\/0c141de963d8493840348bb7df193da4","name":"Benjamin Cots","image":{"@type":"ImageObject","inLanguage":"fr-FR","@id":"https:\/\/dicodusport.fr\/blog\/#\/schema\/person\/image\/","url":"https:\/\/dicodusport.fr\/blog\/wp-content\/uploads\/2021\/04\/Maillot-Benji-Dicodusport-150x150.png","contentUrl":"https:\/\/dicodusport.fr\/blog\/wp-content\/uploads\/2021\/04\/Maillot-Benji-Dicodusport-150x150.png","caption":"Benjamin Cots"},"description":"Footballeur et fan des Girondins de Bordeaux depuis mon plus jeune \u00e2ge, le foot et le sport en g\u00e9n\u00e9ral ont rythm\u00e9 ma vie. Apr\u00e8s des \u00e9tudes en informatique, la cr\u00e9ation de Dicodusport \u00e9tait le parfait m\u00e9lange pour allier mes deux passions.","sameAs":["https:\/\/x.com\/https:\/\/twitter.com\/BenjaminCots"],"url":"https:\/\/dicodusport.fr\/blog\/author\/admin\/"}]}},"_links":{"self":[{"href":"https:\/\/dicodusport.fr\/blog\/wp-json\/wp\/v2\/posts\/508760","targetHints":{"allow":["GET"]}}],"collection":[{"href":"https:\/\/dicodusport.fr\/blog\/wp-json\/wp\/v2\/posts"}],"about":[{"href":"https:\/\/dicodusport.fr\/blog\/wp-json\/wp\/v2\/types\/post"}],"author":[{"embeddable":true,"href":"https:\/\/dicodusport.fr\/blog\/wp-json\/wp\/v2\/users\/2"}],"replies":[{"embeddable":true,"href":"https:\/\/dicodusport.fr\/blog\/wp-json\/wp\/v2\/comments?post=508760"}],"version-history":[{"count":5,"href":"https:\/\/dicodusport.fr\/blog\/wp-json\/wp\/v2\/posts\/508760\/revisions"}],"predecessor-version":[{"id":519206,"href":"https:\/\/dicodusport.fr\/blog\/wp-json\/wp\/v2\/posts\/508760\/revisions\/519206"}],"wp:featuredmedia":[{"embeddable":true,"href":"https:\/\/dicodusport.fr\/blog\/wp-json\/wp\/v2\/media\/508763"}],"wp:attachment":[{"href":"https:\/\/dicodusport.fr\/blog\/wp-json\/wp\/v2\/media?parent=508760"}],"wp:term":[{"taxonomy":"category","embeddable":true,"href":"https:\/\/dicodusport.fr\/blog\/wp-json\/wp\/v2\/categories?post=508760"},{"taxonomy":"post_tag","embeddable":true,"href":"https:\/\/dicodusport.fr\/blog\/wp-json\/wp\/v2\/tags?post=508760"}],"curies":[{"name":"wp","href":"https:\/\/api.w.org\/{rel}","templated":true}]}}