{"id":508912,"date":"2024-08-05T22:24:09","date_gmt":"2024-08-05T20:24:09","guid":{"rendered":"https:\/\/dicodusport.fr\/blog\/?p=508912&#038;preview=true&#038;preview_id=508912"},"modified":"2024-08-06T00:01:29","modified_gmt":"2024-08-05T22:01:29","slug":"athletisme-jo-2024-armand-duplantis-lor-et-le-record-du-monde-de-la-perche","status":"publish","type":"post","link":"https:\/\/dicodusport.fr\/blog\/athletisme-jo-2024-armand-duplantis-lor-et-le-record-du-monde-de-la-perche\/","title":{"rendered":"Athl\u00e9tisme JO 2024 : Armand Duplantis, l&rsquo;or et le record du monde de la perche"},"content":{"rendered":"<p style=\"text-align: justify;\"><strong><em>ATHL\u00c9TISME JO 2024 &#8211; Armand Duplantis est sacr\u00e9 champion olympique de la perche, pour la seconde fois de sa carri\u00e8re. Et am\u00e9liore son record du monde en franchissant 6.25 m. Et entre encore plus dans la l\u00e9gende de son sport. Sam Kendricks n&rsquo;aura pas d\u00e9m\u00e9rit\u00e9, loin de l\u00e0 et prend l&rsquo;argent (5.95 m). Et efface son cauchemar de Tokyo, o\u00f9 il avait du d\u00e9clarer forfait pour cause de Covid. Emmanouil Karalis compl\u00e8te le podium avec 5.90 m<\/em><\/strong><\/p>\n<ul style=\"text-align: justify;\">\n<li style=\"text-align: justify;\"><strong>\u00c0 ce sujet \u2013\u00a0<a href=\"https:\/\/dicodusport.fr\/blog\/jo-paris-2024\/\" target=\"_blank\" rel=\"noopener\">L\u2019actualit\u00e9 des JO de Paris 2024<\/a><\/strong><\/li>\n<\/ul>\n<p style=\"text-align: justify;\">Pr\u00e9nom : Armand. Nom : Duplantis. Profession : extraterrestre de l&rsquo;athl\u00e9tisme mondial. Le Su\u00e9dois est entr\u00e9 dans une nouvelle dimension. Son record du monde effacerait presque son titre olympique conserv\u00e9. Presque le fait de r\u00e9ussir l\u00e0 o\u00f9 <strong>Sergue\u00ef Bubka<\/strong> et <strong>Renaud Lavillenie<\/strong> ont \u00e9chou\u00e9. Mais cette barre, effac\u00e9e \u00e0 6.25 m, a fait exploser le Stade de France. Et m\u00eame le tout Paris. Dans la ville de l&rsquo;amour, il a atteint les cieux, atteint les sommets de l&rsquo;athl\u00e9tisme mondial. Il se rapproche toujours plus d&rsquo;un <strong>Usain Bolt<\/strong>. Il manquait au Su\u00e9dois d&rsquo;avoir battu un record du monde aux JO. Comme l&rsquo;avait fait le Jama\u00efcain \u00e0 P\u00e9kin. C&rsquo;est d\u00e9sormais chose faite. Et s&rsquo;approche toujours plus des 6.30 m, que l&rsquo;on pensait encore impossible avant son av\u00e8nement. Et qui semblent dor\u00e9navant in\u00e9luctables. Car <strong>Armand Duplantis<\/strong> n&rsquo;a que 24 ans. Et c&rsquo;est peut-\u00eatre cela le plus fou<\/p>\n<blockquote class=\"twitter-tweet\">\n<p dir=\"ltr\" lang=\"fr\">\ud83d\udea8 \ud835\udc11\ud835\udc04\ud835\udc02\ud835\udc0e\ud835\udc11\ud835\udc03 \ud835\udc03\ud835\udc14 \ud835\udc0c\ud835\udc0e\ud835\udc0d\ud835\udc03\ud835\udc04 ! Extraordinaire Armand Duplantis, qui franchit une barre \u00e0 6,25m au Stade de France pour sublimer son deuxi\u00e8me titre olympique !<a href=\"https:\/\/twitter.com\/hashtag\/Paris2024?src=hash&amp;ref_src=twsrc%5Etfw\">#Paris2024<\/a>, c&rsquo;est en int\u00e9gralit\u00e9 sur Eurosport <a href=\"https:\/\/t.co\/JJAhd72OAx\">pic.twitter.com\/JJAhd72OAx<\/a><\/p>\n<p>\u2014 Eurosport France (@Eurosport_FR) <a href=\"https:\/\/twitter.com\/Eurosport_FR\/status\/1820556534851498326?ref_src=twsrc%5Etfw\">August 5, 2024<\/a><\/p><\/blockquote>\n<p><script async src=\"https:\/\/platform.twitter.com\/widgets.js\" charset=\"utf-8\"><\/script><\/p>\n<h2 style=\"text-align: justify;\">Forte densit\u00e9 d&rsquo;entr\u00e9e de jeu<\/h2>\n<p style=\"text-align: justify;\">Tous les concurrents ont r\u00e9ussi leur barre d&rsquo;entr\u00e9e \u00e0 5.50, seul le Letton <strong>Valters Kreiss<\/strong> a d\u00fb s&rsquo;y reprendre \u00e0 deux fois. Il n&rsquo;y aura pas de \u00ab\u00a0non mesur\u00e9\u00a0\u00bb. Comme pour la hauteur femmes, la veille, la mont\u00e9e de barre de cette finale est tr\u00e8s rude. Car les douze protagonistes s&rsquo;attaquent directement \u00e0 5.70 m. Mais qui n&rsquo;est pas du tout une barre couperet pour les concurrents. Une barre franchie, en premier, par le champion du monde 2017 et 2019, l&rsquo;Am\u00e9ricain <strong>Sam Kendricks<\/strong>. Vite rejoints par sept autres athl\u00e8tes d\u00e8s leur premier essai, dont Armand Duplantis, avec une certaine marge, pour l&rsquo;immense favori Su\u00e9dois. Rejoints aussi par <strong>Bokai Huang<\/strong> au deuxi\u00e8me essai et <strong>Sondre Guttormsen<\/strong> et <strong>Menno Vloon<\/strong> au troisi\u00e8me essai.<\/p>\n<p style=\"text-align: justify;\">Et la perche offre cette magie du renversement de tendance. Le Norv\u00e9gien, qui a failli prendre la porte \u00e0 5.70 m, franchit 5.80 d\u00e8s le premier essai. Imit\u00e9s par quatre concurrents, dont <strong>Bokai Huang<\/strong>, qui s&rsquo;offre son record personnel et a d\u00e9j\u00e0 r\u00e9ussi sa finale. Alors que <em>Mondo<\/em> a fait impasse \u00e0 cette barre, qu&rsquo;il sera le premier \u00e0 franchir avec une aisance d\u00e9concertante. Alors que beaucoup, apr\u00e8s des \u00e9checs, gardent une ou deux tentatives \u00e0 5.85 m. Sauf<strong> Menno Vloon<\/strong>, \u00e9limin\u00e9.<\/p>\n<ul style=\"text-align: justify;\">\n<li style=\"text-align: justify;\"><strong>\u00c0 ce sujet &#8211; <a href=\"https:\/\/dicodusport.fr\/blog\/programme-et-resultats-athletisme-jo-2024\/\">Programme et r\u00e9sultats athl\u00e9tisme Paris 2024<\/a><\/strong><\/li>\n<\/ul>\n<h2 style=\"text-align: justify;\">Les 6 m\u00e8tres auront \u00e9t\u00e9 d\u00e9cisifs, avant l&rsquo;instant de l\u00e9gende<\/h2>\n<p style=\"text-align: justify;\">Ils sont encore une fois cinq \u00e0 passer cette barre au premier essai, dont Kurtis Marschall et <strong>Ernest Obiena,<\/strong> qui avaient rat\u00e9 leur premi\u00e8re tentative \u00e0 5.80 m, avant de faire impasse. Mais cette barre fait des d\u00e9g\u00e2ts. Car <strong>Sam Kendricks et Sondre Guttormsen<\/strong>, apr\u00e8s leur \u00e9chec, gardent deux essais \u00e0 5.90 m. Bien lui en a pris pour l&rsquo;Am\u00e9ricain, qui efface 5.90 m \u00e0 sa premi\u00e8re tentative. Comme <strong>Emmanouil Karalis et Ernest Obiena.<\/strong> Alors qu&rsquo;<strong>Armand Duplantis<\/strong> fait impasse. On se retrouve alors dans la configuration de Budapest, avec m\u00eame sept athl\u00e8tes qui vont tenter 5.95 m. Avec ceux qui ont fait des impasses.<\/p>\n<p style=\"text-align: justify;\">Et les 5.95 m sont effac\u00e9s par le Su\u00e9dois et l&rsquo;Am\u00e9ricain d\u00e8s leur premi\u00e8re tentative. Et sont les seuls \u00e0 le faire au premier essai. Et prennent alors une option. Mondo encore plus, avec son concours parfait, contre un \u00e9chec \u00e0 <strong>Sam Kendricks. Kurtis Marschall<\/strong> ne r\u00e9\u00e9ditera pas sa performance de Budapest et termine \u00e0 la 6e place de la finale. Comme <strong>Ernest Obiena,<\/strong> qui rate 5.95 m et qui termine au pied du podium.<\/p>\n<p style=\"text-align: justify;\"><strong>Emmanouil Karalis<\/strong>, qui avait gard\u00e9 deux essais \u00e0 6 m\u00e8tres, \u00e9choue, mais terminera sur le podium, gr\u00e2ce \u00e0 son concours parfait, jusqu&rsquo;\u00e0 5.90. Et comme pr\u00e9vu, c&rsquo;est \u00e0 6 m\u00e8tres que le Su\u00e9dois plie le concours. Une barre effac\u00e9e au premier essai. Car ni le Grec ni l&rsquo;Am\u00e9ricain ne passeront la barre. Et la grande question \u00e0 chaque fin de concours du Su\u00e9dois. Combien va-t-il tenter ? La r\u00e9ponse sera 6.10 m. Pour pulv\u00e9riser le record olympique. Un des derniers qui lui manque. Et qui sera effac\u00e9 avec une facilit\u00e9 d\u00e9concertante. 19 cm au-dessus de la barre. Un saut qui augure forc\u00e9ment une tentative de record du monde. Et il demande 6.25 m dans la foul\u00e9e, soit un centim\u00e8tre de mieux que son ancien record du monde. Un premier \u00e9chec qui annonce la couleur, avec un point haut monstrueux. La suite, on la connait.<\/p>\n<div class=\"nwVKo\">\n<div class=\"loJjTe\" style=\"text-align: justify;\"><\/div>\n<\/div>\n","protected":false},"excerpt":{"rendered":"<p>Armand Duplantis, l&rsquo;or et le record du monde de la perche<\/p>\n","protected":false},"author":83,"featured_media":509093,"comment_status":"open","ping_status":"closed","sticky":false,"template":"","format":"standard","meta":{"_acf_changed":false,"_daextam_enable_autolinks":"1","footnotes":""},"categories":[2308,8436],"tags":[5220,143,16878,1506,19184,1504,12920,1004,24],"class_list":["post-508912","post","type-post","status-publish","format-standard","has-post-thumbnail","hentry","category-athletisme","category-jo-paris-2024","tag-armand-duplantis","tag-athletisme","tag-breve","tag-jeux-olympiques-2024","tag-jeux-olympiques-de-paris","tag-jo-2024","tag-jo-paris-2024","tag-paris-2024","tag-sport"],"acf":[],"yoast_head":"<!-- This site is optimized with the Yoast SEO Premium plugin v26.7 (Yoast SEO v26.7) - https:\/\/yoast.com\/wordpress\/plugins\/seo\/ -->\n<title>Athl\u00e9tisme JO 2024 : Armand Duplantis, l&#039;or et le record du monde de la perche<\/title>\n<meta name=\"description\" content=\"ATHL\u00c9TISME JO 2024 - Armand Duplantis est sacr\u00e9 champion olympique de la perche, pour la seconde fois de sa carri\u00e8re.\" \/>\n<meta name=\"robots\" content=\"index, follow, max-snippet:-1, max-image-preview:large, max-video-preview:-1\" \/>\n<link rel=\"canonical\" href=\"https:\/\/dicodusport.fr\/blog\/athletisme-jo-2024-armand-duplantis-lor-et-le-record-du-monde-de-la-perche\/\" \/>\n<meta property=\"og:locale\" content=\"fr_FR\" \/>\n<meta property=\"og:type\" content=\"article\" \/>\n<meta property=\"og:title\" content=\"Athl\u00e9tisme JO 2024 : Armand Duplantis, l&#039;or et le record du monde de la perche\" \/>\n<meta property=\"og:description\" content=\"ATHL\u00c9TISME JO 2024 - Armand Duplantis est sacr\u00e9 champion olympique de la perche, pour la seconde fois de sa carri\u00e8re.\" \/>\n<meta property=\"og:url\" content=\"https:\/\/dicodusport.fr\/blog\/athletisme-jo-2024-armand-duplantis-lor-et-le-record-du-monde-de-la-perche\/\" \/>\n<meta property=\"og:site_name\" content=\"Dicodusport\" \/>\n<meta property=\"article:publisher\" content=\"https:\/\/www.facebook.com\/dicodusport\" \/>\n<meta property=\"article:published_time\" content=\"2024-08-05T20:24:09+00:00\" \/>\n<meta property=\"article:modified_time\" content=\"2024-08-05T22:01:29+00:00\" \/>\n<meta property=\"og:image\" content=\"https:\/\/dicodusport.fr\/blog\/wp-content\/uploads\/2024\/08\/Athletisme-JO-2024-Armand-Duplantis-lor-et-le-record-du-monde-de-la-perche-1.png\" \/>\n\t<meta property=\"og:image:width\" content=\"1200\" \/>\n\t<meta property=\"og:image:height\" content=\"674\" \/>\n\t<meta property=\"og:image:type\" content=\"image\/png\" \/>\n<meta name=\"author\" content=\"Etienne Goursaud\" \/>\n<meta name=\"twitter:card\" content=\"summary_large_image\" \/>\n<meta name=\"twitter:title\" content=\"Athl\u00e9tisme JO 2024 : Armand Duplantis, l&#039;or et le record du monde de la perche\" \/>\n<meta name=\"twitter:creator\" content=\"@dicodusport\" \/>\n<meta name=\"twitter:site\" content=\"@dicodusport\" \/>\n<script type=\"application\/ld+json\" class=\"yoast-schema-graph\">{\"@context\":\"https:\/\/schema.org\",\"@graph\":[{\"@type\":\"NewsArticle\",\"@id\":\"https:\/\/dicodusport.fr\/blog\/athletisme-jo-2024-armand-duplantis-lor-et-le-record-du-monde-de-la-perche\/#article\",\"isPartOf\":{\"@id\":\"https:\/\/dicodusport.fr\/blog\/athletisme-jo-2024-armand-duplantis-lor-et-le-record-du-monde-de-la-perche\/\"},\"author\":{\"name\":\"Etienne Goursaud\",\"@id\":\"https:\/\/dicodusport.fr\/blog\/#\/schema\/person\/d603dd7da31fb2b46c82b9835a77ec13\"},\"headline\":\"Athl\u00e9tisme JO 2024 : Armand Duplantis, l&rsquo;or et le record du monde de la perche\",\"datePublished\":\"2024-08-05T20:24:09+00:00\",\"dateModified\":\"2024-08-05T22:01:29+00:00\",\"mainEntityOfPage\":{\"@id\":\"https:\/\/dicodusport.fr\/blog\/athletisme-jo-2024-armand-duplantis-lor-et-le-record-du-monde-de-la-perche\/\"},\"wordCount\":882,\"commentCount\":0,\"publisher\":{\"@id\":\"https:\/\/dicodusport.fr\/blog\/#organization\"},\"image\":{\"@id\":\"https:\/\/dicodusport.fr\/blog\/athletisme-jo-2024-armand-duplantis-lor-et-le-record-du-monde-de-la-perche\/#primaryimage\"},\"thumbnailUrl\":\"https:\/\/dicodusport.fr\/blog\/wp-content\/uploads\/2024\/08\/Athletisme-JO-2024-Armand-Duplantis-lor-et-le-record-du-monde-de-la-perche-1.png\",\"keywords\":[\"Armand Duplantis\",\"Athl\u00e9tisme\",\"br\u00e8ve\",\"Jeux olympiques 2024\",\"Jeux Olympiques de Paris\",\"JO 2024\",\"JO Paris 2024\",\"Paris 2024\",\"sport\"],\"articleSection\":[\"Athl\u00e9tisme\",\"JO Paris 2024\"],\"inLanguage\":\"fr-FR\",\"potentialAction\":[{\"@type\":\"CommentAction\",\"name\":\"Comment\",\"target\":[\"https:\/\/dicodusport.fr\/blog\/athletisme-jo-2024-armand-duplantis-lor-et-le-record-du-monde-de-la-perche\/#respond\"]}],\"copyrightYear\":\"2024\",\"copyrightHolder\":{\"@id\":\"https:\/\/dicodusport.fr\/blog\/#organization\"}},{\"@type\":\"WebPage\",\"@id\":\"https:\/\/dicodusport.fr\/blog\/athletisme-jo-2024-armand-duplantis-lor-et-le-record-du-monde-de-la-perche\/\",\"url\":\"https:\/\/dicodusport.fr\/blog\/athletisme-jo-2024-armand-duplantis-lor-et-le-record-du-monde-de-la-perche\/\",\"name\":\"Athl\u00e9tisme JO 2024 : Armand Duplantis, l'or et le record du monde de la perche\",\"isPartOf\":{\"@id\":\"https:\/\/dicodusport.fr\/blog\/#website\"},\"primaryImageOfPage\":{\"@id\":\"https:\/\/dicodusport.fr\/blog\/athletisme-jo-2024-armand-duplantis-lor-et-le-record-du-monde-de-la-perche\/#primaryimage\"},\"image\":{\"@id\":\"https:\/\/dicodusport.fr\/blog\/athletisme-jo-2024-armand-duplantis-lor-et-le-record-du-monde-de-la-perche\/#primaryimage\"},\"thumbnailUrl\":\"https:\/\/dicodusport.fr\/blog\/wp-content\/uploads\/2024\/08\/Athletisme-JO-2024-Armand-Duplantis-lor-et-le-record-du-monde-de-la-perche-1.png\",\"datePublished\":\"2024-08-05T20:24:09+00:00\",\"dateModified\":\"2024-08-05T22:01:29+00:00\",\"description\":\"ATHL\u00c9TISME JO 2024 - Armand Duplantis est sacr\u00e9 champion olympique de la perche, pour la seconde fois de sa carri\u00e8re.\",\"breadcrumb\":{\"@id\":\"https:\/\/dicodusport.fr\/blog\/athletisme-jo-2024-armand-duplantis-lor-et-le-record-du-monde-de-la-perche\/#breadcrumb\"},\"inLanguage\":\"fr-FR\",\"potentialAction\":[{\"@type\":\"ReadAction\",\"target\":[\"https:\/\/dicodusport.fr\/blog\/athletisme-jo-2024-armand-duplantis-lor-et-le-record-du-monde-de-la-perche\/\"]}]},{\"@type\":\"ImageObject\",\"inLanguage\":\"fr-FR\",\"@id\":\"https:\/\/dicodusport.fr\/blog\/athletisme-jo-2024-armand-duplantis-lor-et-le-record-du-monde-de-la-perche\/#primaryimage\",\"url\":\"https:\/\/dicodusport.fr\/blog\/wp-content\/uploads\/2024\/08\/Athletisme-JO-2024-Armand-Duplantis-lor-et-le-record-du-monde-de-la-perche-1.png\",\"contentUrl\":\"https:\/\/dicodusport.fr\/blog\/wp-content\/uploads\/2024\/08\/Athletisme-JO-2024-Armand-Duplantis-lor-et-le-record-du-monde-de-la-perche-1.png\",\"width\":1200,\"height\":674,\"caption\":\"Athl\u00e9tisme JO 2024 Armand Duplantis, l'or et le record du monde de la perche (1)\"},{\"@type\":\"BreadcrumbList\",\"@id\":\"https:\/\/dicodusport.fr\/blog\/athletisme-jo-2024-armand-duplantis-lor-et-le-record-du-monde-de-la-perche\/#breadcrumb\",\"itemListElement\":[{\"@type\":\"ListItem\",\"position\":1,\"name\":\"Accueil\",\"item\":\"https:\/\/dicodusport.fr\/blog\/\"},{\"@type\":\"ListItem\",\"position\":2,\"name\":\"Athl\u00e9tisme JO 2024 : Armand Duplantis, l&#8217;or et le record du monde de la perche\"}]},{\"@type\":\"WebSite\",\"@id\":\"https:\/\/dicodusport.fr\/blog\/#website\",\"url\":\"https:\/\/dicodusport.fr\/blog\/\",\"name\":\"Dicodusport\",\"description\":\"L&#039;encyclop\u00e9die de l&#039;actualit\u00e9 sportive\",\"publisher\":{\"@id\":\"https:\/\/dicodusport.fr\/blog\/#organization\"},\"potentialAction\":[{\"@type\":\"SearchAction\",\"target\":{\"@type\":\"EntryPoint\",\"urlTemplate\":\"https:\/\/dicodusport.fr\/blog\/?s={search_term_string}\"},\"query-input\":{\"@type\":\"PropertyValueSpecification\",\"valueRequired\":true,\"valueName\":\"search_term_string\"}}],\"inLanguage\":\"fr-FR\"},{\"@type\":\"NewsMediaOrganization\",\"@id\":\"https:\/\/dicodusport.fr\/blog\/#organization\",\"name\":\"Dicodusport\",\"url\":\"https:\/\/dicodusport.fr\/blog\/\",\"logo\":{\"@type\":\"ImageObject\",\"inLanguage\":\"fr-FR\",\"@id\":\"https:\/\/dicodusport.fr\/blog\/#\/schema\/logo\/image\/\",\"url\":\"https:\/\/dicodusport.fr\/blog\/wp-content\/uploads\/2020\/06\/cropped-LOGO-DICODUSPORT-2020-SANS-FOND-SANS-TEXTE.png\",\"contentUrl\":\"https:\/\/dicodusport.fr\/blog\/wp-content\/uploads\/2020\/06\/cropped-LOGO-DICODUSPORT-2020-SANS-FOND-SANS-TEXTE.png\",\"width\":512,\"height\":512,\"caption\":\"Dicodusport\"},\"image\":{\"@id\":\"https:\/\/dicodusport.fr\/blog\/#\/schema\/logo\/image\/\"},\"sameAs\":[\"https:\/\/www.facebook.com\/dicodusport\",\"https:\/\/x.com\/dicodusport\",\"https:\/\/www.instagram.com\/dicodusport\/\",\"https:\/\/www.youtube.com\/channel\/UC7V2KZ5sd3htJivAbA4ZG3w\"],\"description\":\"Dicodusport est l'encyclop\u00e9die de l'actualit\u00e9 sportive.\",\"email\":\"bonjour@dicodusport.fr\",\"legalName\":\"DICODUSPORT\",\"foundingDate\":\"2018-01-14\",\"vatID\":\"FR71834470973\",\"taxID\":\"83447097300043\",\"numberOfEmployees\":{\"@type\":\"QuantitativeValue\",\"minValue\":\"1\",\"maxValue\":\"10\"}},{\"@type\":\"Person\",\"@id\":\"https:\/\/dicodusport.fr\/blog\/#\/schema\/person\/d603dd7da31fb2b46c82b9835a77ec13\",\"name\":\"Etienne Goursaud\",\"image\":{\"@type\":\"ImageObject\",\"inLanguage\":\"fr-FR\",\"@id\":\"https:\/\/dicodusport.fr\/blog\/#\/schema\/person\/image\/\",\"url\":\"https:\/\/dicodusport.fr\/blog\/wp-content\/uploads\/2023\/12\/410122264_10231602061736049_5565839791558026645_n-150x150.jpg\",\"contentUrl\":\"https:\/\/dicodusport.fr\/blog\/wp-content\/uploads\/2023\/12\/410122264_10231602061736049_5565839791558026645_n-150x150.jpg\",\"caption\":\"Etienne Goursaud\"},\"description\":\"Journaliste et amoureux de sport. Ancien footballeur reconverti athl\u00e8te quand ses muscles le laissent tranquille. \u00c9lev\u00e9 \u00e0 la sauce des exploits de Thomas Voeckler en 2004, du dernier essai de l\u00e9gende de Eunice Barber \u00e0 la longueur lors des championnats du monde d'athl\u00e9tisme de 2003 mais aussi Zidane, Omeyer et Titou Lamaison.\",\"url\":\"https:\/\/dicodusport.fr\/blog\/author\/etienne-goursaud\/\"}]}<\/script>\n<!-- \/ Yoast SEO Premium plugin. -->","yoast_head_json":{"title":"Athl\u00e9tisme JO 2024 : Armand Duplantis, l'or et le record du monde de la perche","description":"ATHL\u00c9TISME JO 2024 - Armand Duplantis est sacr\u00e9 champion olympique de la perche, pour la seconde fois de sa carri\u00e8re.","robots":{"index":"index","follow":"follow","max-snippet":"max-snippet:-1","max-image-preview":"max-image-preview:large","max-video-preview":"max-video-preview:-1"},"canonical":"https:\/\/dicodusport.fr\/blog\/athletisme-jo-2024-armand-duplantis-lor-et-le-record-du-monde-de-la-perche\/","og_locale":"fr_FR","og_type":"article","og_title":"Athl\u00e9tisme JO 2024 : Armand Duplantis, l'or et le record du monde de la perche","og_description":"ATHL\u00c9TISME JO 2024 - Armand Duplantis est sacr\u00e9 champion olympique de la perche, pour la seconde fois de sa carri\u00e8re.","og_url":"https:\/\/dicodusport.fr\/blog\/athletisme-jo-2024-armand-duplantis-lor-et-le-record-du-monde-de-la-perche\/","og_site_name":"Dicodusport","article_publisher":"https:\/\/www.facebook.com\/dicodusport","article_published_time":"2024-08-05T20:24:09+00:00","article_modified_time":"2024-08-05T22:01:29+00:00","og_image":[{"width":1200,"height":674,"url":"https:\/\/dicodusport.fr\/blog\/wp-content\/uploads\/2024\/08\/Athletisme-JO-2024-Armand-Duplantis-lor-et-le-record-du-monde-de-la-perche-1.png","type":"image\/png"}],"author":"Etienne Goursaud","twitter_card":"summary_large_image","twitter_title":"Athl\u00e9tisme JO 2024 : Armand Duplantis, l'or et le record du monde de la perche","twitter_creator":"@dicodusport","twitter_site":"@dicodusport","schema":{"@context":"https:\/\/schema.org","@graph":[{"@type":"NewsArticle","@id":"https:\/\/dicodusport.fr\/blog\/athletisme-jo-2024-armand-duplantis-lor-et-le-record-du-monde-de-la-perche\/#article","isPartOf":{"@id":"https:\/\/dicodusport.fr\/blog\/athletisme-jo-2024-armand-duplantis-lor-et-le-record-du-monde-de-la-perche\/"},"author":{"name":"Etienne Goursaud","@id":"https:\/\/dicodusport.fr\/blog\/#\/schema\/person\/d603dd7da31fb2b46c82b9835a77ec13"},"headline":"Athl\u00e9tisme JO 2024 : Armand Duplantis, l&rsquo;or et le record du monde de la perche","datePublished":"2024-08-05T20:24:09+00:00","dateModified":"2024-08-05T22:01:29+00:00","mainEntityOfPage":{"@id":"https:\/\/dicodusport.fr\/blog\/athletisme-jo-2024-armand-duplantis-lor-et-le-record-du-monde-de-la-perche\/"},"wordCount":882,"commentCount":0,"publisher":{"@id":"https:\/\/dicodusport.fr\/blog\/#organization"},"image":{"@id":"https:\/\/dicodusport.fr\/blog\/athletisme-jo-2024-armand-duplantis-lor-et-le-record-du-monde-de-la-perche\/#primaryimage"},"thumbnailUrl":"https:\/\/dicodusport.fr\/blog\/wp-content\/uploads\/2024\/08\/Athletisme-JO-2024-Armand-Duplantis-lor-et-le-record-du-monde-de-la-perche-1.png","keywords":["Armand Duplantis","Athl\u00e9tisme","br\u00e8ve","Jeux olympiques 2024","Jeux Olympiques de Paris","JO 2024","JO Paris 2024","Paris 2024","sport"],"articleSection":["Athl\u00e9tisme","JO Paris 2024"],"inLanguage":"fr-FR","potentialAction":[{"@type":"CommentAction","name":"Comment","target":["https:\/\/dicodusport.fr\/blog\/athletisme-jo-2024-armand-duplantis-lor-et-le-record-du-monde-de-la-perche\/#respond"]}],"copyrightYear":"2024","copyrightHolder":{"@id":"https:\/\/dicodusport.fr\/blog\/#organization"}},{"@type":"WebPage","@id":"https:\/\/dicodusport.fr\/blog\/athletisme-jo-2024-armand-duplantis-lor-et-le-record-du-monde-de-la-perche\/","url":"https:\/\/dicodusport.fr\/blog\/athletisme-jo-2024-armand-duplantis-lor-et-le-record-du-monde-de-la-perche\/","name":"Athl\u00e9tisme JO 2024 : Armand Duplantis, l'or et le record du monde de la perche","isPartOf":{"@id":"https:\/\/dicodusport.fr\/blog\/#website"},"primaryImageOfPage":{"@id":"https:\/\/dicodusport.fr\/blog\/athletisme-jo-2024-armand-duplantis-lor-et-le-record-du-monde-de-la-perche\/#primaryimage"},"image":{"@id":"https:\/\/dicodusport.fr\/blog\/athletisme-jo-2024-armand-duplantis-lor-et-le-record-du-monde-de-la-perche\/#primaryimage"},"thumbnailUrl":"https:\/\/dicodusport.fr\/blog\/wp-content\/uploads\/2024\/08\/Athletisme-JO-2024-Armand-Duplantis-lor-et-le-record-du-monde-de-la-perche-1.png","datePublished":"2024-08-05T20:24:09+00:00","dateModified":"2024-08-05T22:01:29+00:00","description":"ATHL\u00c9TISME JO 2024 - Armand Duplantis est sacr\u00e9 champion olympique de la perche, pour la seconde fois de sa carri\u00e8re.","breadcrumb":{"@id":"https:\/\/dicodusport.fr\/blog\/athletisme-jo-2024-armand-duplantis-lor-et-le-record-du-monde-de-la-perche\/#breadcrumb"},"inLanguage":"fr-FR","potentialAction":[{"@type":"ReadAction","target":["https:\/\/dicodusport.fr\/blog\/athletisme-jo-2024-armand-duplantis-lor-et-le-record-du-monde-de-la-perche\/"]}]},{"@type":"ImageObject","inLanguage":"fr-FR","@id":"https:\/\/dicodusport.fr\/blog\/athletisme-jo-2024-armand-duplantis-lor-et-le-record-du-monde-de-la-perche\/#primaryimage","url":"https:\/\/dicodusport.fr\/blog\/wp-content\/uploads\/2024\/08\/Athletisme-JO-2024-Armand-Duplantis-lor-et-le-record-du-monde-de-la-perche-1.png","contentUrl":"https:\/\/dicodusport.fr\/blog\/wp-content\/uploads\/2024\/08\/Athletisme-JO-2024-Armand-Duplantis-lor-et-le-record-du-monde-de-la-perche-1.png","width":1200,"height":674,"caption":"Athl\u00e9tisme JO 2024 Armand Duplantis, l'or et le record du monde de la perche (1)"},{"@type":"BreadcrumbList","@id":"https:\/\/dicodusport.fr\/blog\/athletisme-jo-2024-armand-duplantis-lor-et-le-record-du-monde-de-la-perche\/#breadcrumb","itemListElement":[{"@type":"ListItem","position":1,"name":"Accueil","item":"https:\/\/dicodusport.fr\/blog\/"},{"@type":"ListItem","position":2,"name":"Athl\u00e9tisme JO 2024 : Armand Duplantis, l&#8217;or et le record du monde de la perche"}]},{"@type":"WebSite","@id":"https:\/\/dicodusport.fr\/blog\/#website","url":"https:\/\/dicodusport.fr\/blog\/","name":"Dicodusport","description":"L&#039;encyclop\u00e9die de l&#039;actualit\u00e9 sportive","publisher":{"@id":"https:\/\/dicodusport.fr\/blog\/#organization"},"potentialAction":[{"@type":"SearchAction","target":{"@type":"EntryPoint","urlTemplate":"https:\/\/dicodusport.fr\/blog\/?s={search_term_string}"},"query-input":{"@type":"PropertyValueSpecification","valueRequired":true,"valueName":"search_term_string"}}],"inLanguage":"fr-FR"},{"@type":"NewsMediaOrganization","@id":"https:\/\/dicodusport.fr\/blog\/#organization","name":"Dicodusport","url":"https:\/\/dicodusport.fr\/blog\/","logo":{"@type":"ImageObject","inLanguage":"fr-FR","@id":"https:\/\/dicodusport.fr\/blog\/#\/schema\/logo\/image\/","url":"https:\/\/dicodusport.fr\/blog\/wp-content\/uploads\/2020\/06\/cropped-LOGO-DICODUSPORT-2020-SANS-FOND-SANS-TEXTE.png","contentUrl":"https:\/\/dicodusport.fr\/blog\/wp-content\/uploads\/2020\/06\/cropped-LOGO-DICODUSPORT-2020-SANS-FOND-SANS-TEXTE.png","width":512,"height":512,"caption":"Dicodusport"},"image":{"@id":"https:\/\/dicodusport.fr\/blog\/#\/schema\/logo\/image\/"},"sameAs":["https:\/\/www.facebook.com\/dicodusport","https:\/\/x.com\/dicodusport","https:\/\/www.instagram.com\/dicodusport\/","https:\/\/www.youtube.com\/channel\/UC7V2KZ5sd3htJivAbA4ZG3w"],"description":"Dicodusport est l'encyclop\u00e9die de l'actualit\u00e9 sportive.","email":"bonjour@dicodusport.fr","legalName":"DICODUSPORT","foundingDate":"2018-01-14","vatID":"FR71834470973","taxID":"83447097300043","numberOfEmployees":{"@type":"QuantitativeValue","minValue":"1","maxValue":"10"}},{"@type":"Person","@id":"https:\/\/dicodusport.fr\/blog\/#\/schema\/person\/d603dd7da31fb2b46c82b9835a77ec13","name":"Etienne Goursaud","image":{"@type":"ImageObject","inLanguage":"fr-FR","@id":"https:\/\/dicodusport.fr\/blog\/#\/schema\/person\/image\/","url":"https:\/\/dicodusport.fr\/blog\/wp-content\/uploads\/2023\/12\/410122264_10231602061736049_5565839791558026645_n-150x150.jpg","contentUrl":"https:\/\/dicodusport.fr\/blog\/wp-content\/uploads\/2023\/12\/410122264_10231602061736049_5565839791558026645_n-150x150.jpg","caption":"Etienne Goursaud"},"description":"Journaliste et amoureux de sport. Ancien footballeur reconverti athl\u00e8te quand ses muscles le laissent tranquille. \u00c9lev\u00e9 \u00e0 la sauce des exploits de Thomas Voeckler en 2004, du dernier essai de l\u00e9gende de Eunice Barber \u00e0 la longueur lors des championnats du monde d'athl\u00e9tisme de 2003 mais aussi Zidane, Omeyer et Titou Lamaison.","url":"https:\/\/dicodusport.fr\/blog\/author\/etienne-goursaud\/"}]}},"_links":{"self":[{"href":"https:\/\/dicodusport.fr\/blog\/wp-json\/wp\/v2\/posts\/508912","targetHints":{"allow":["GET"]}}],"collection":[{"href":"https:\/\/dicodusport.fr\/blog\/wp-json\/wp\/v2\/posts"}],"about":[{"href":"https:\/\/dicodusport.fr\/blog\/wp-json\/wp\/v2\/types\/post"}],"author":[{"embeddable":true,"href":"https:\/\/dicodusport.fr\/blog\/wp-json\/wp\/v2\/users\/83"}],"replies":[{"embeddable":true,"href":"https:\/\/dicodusport.fr\/blog\/wp-json\/wp\/v2\/comments?post=508912"}],"version-history":[{"count":5,"href":"https:\/\/dicodusport.fr\/blog\/wp-json\/wp\/v2\/posts\/508912\/revisions"}],"predecessor-version":[{"id":509077,"href":"https:\/\/dicodusport.fr\/blog\/wp-json\/wp\/v2\/posts\/508912\/revisions\/509077"}],"wp:featuredmedia":[{"embeddable":true,"href":"https:\/\/dicodusport.fr\/blog\/wp-json\/wp\/v2\/media\/509093"}],"wp:attachment":[{"href":"https:\/\/dicodusport.fr\/blog\/wp-json\/wp\/v2\/media?parent=508912"}],"wp:term":[{"taxonomy":"category","embeddable":true,"href":"https:\/\/dicodusport.fr\/blog\/wp-json\/wp\/v2\/categories?post=508912"},{"taxonomy":"post_tag","embeddable":true,"href":"https:\/\/dicodusport.fr\/blog\/wp-json\/wp\/v2\/tags?post=508912"}],"curies":[{"name":"wp","href":"https:\/\/api.w.org\/{rel}","templated":true}]}}