{"id":509219,"date":"2024-08-06T14:13:11","date_gmt":"2024-08-06T12:13:11","guid":{"rendered":"https:\/\/dicodusport.fr\/blog\/?p=509219&#038;preview=true&#038;preview_id=509219"},"modified":"2024-08-06T14:26:26","modified_gmt":"2024-08-06T12:26:26","slug":"escalade-jo-2024-bassa-mawem-qualifie-pour-le-tableau-final-de-la-vitesse-le-record-du-monde-battu","status":"publish","type":"post","link":"https:\/\/dicodusport.fr\/blog\/escalade-jo-2024-bassa-mawem-qualifie-pour-le-tableau-final-de-la-vitesse-le-record-du-monde-battu\/","title":{"rendered":"Escalade JO 2024 : Bassa Mawem qualifi\u00e9 pour le tableau final de la vitesse, le record du monde battu"},"content":{"rendered":"<p style=\"text-align: justify;\"><strong><em>ESCALADE JO 2024 &#8211; Pour son entr\u00e9e en lice, Bassa Mawem a fait exploser le public du Bourget en se qualifiant pour le tableau final de la vitesse, battant son record personnel \u00e0 trois reprises. Le record du monde a quant \u00e0 lui \u00e9t\u00e9 \u00e9gal\u00e9 par l&rsquo;Indon\u00e9sien Leonardo avant d&rsquo;\u00eatre battu par l&rsquo;Am\u00e9ricain Sam Watson.<\/em><\/strong><\/p>\n<ul>\n<li style=\"text-align: justify;\"><strong>\u00c0 ce sujet \u2013\u00a0<a href=\"https:\/\/dicodusport.fr\/blog\/jo-paris-2024\/\" target=\"_blank\" rel=\"noopener\">L\u2019actualit\u00e9 des JO de Paris 2024<\/a><\/strong><\/li>\n<\/ul>\n<h2 style=\"text-align: justify;\">Des chronos supersoniques<\/h2>\n<p style=\"text-align: justify;\">D\u00e9but de la vitesse homme ce mardi matin au Bourget. Le principe est simple : en guise de mise en bouche s&rsquo;est tenue une phase de classement au cours de laquelle chaque grimpeur s&rsquo;est \u00e9lanc\u00e9 sur chacune des deux voies (identiques) afin de r\u00e9aliser le meilleur temps possible. Dans un second temps, les r\u00e9sultats de cette premi\u00e8re phase ont permis d&rsquo;\u00e9tablir un tableau de sept duels, \u00e9liminatoires cette fois-ci, permettant aux vainqueurs et au meilleur temps des non-qualifi\u00e9s de se qualifier pour les quarts de finale.<\/p>\n<p style=\"text-align: justify;\">Seul Fran\u00e7ais en lice, <strong>Bassa Mawem<\/strong> r\u00e9alisait une premi\u00e8re voie solide, auteur d&rsquo;un temps de 5.18 secondes qui le pla\u00e7ait huiti\u00e8me au terme des premiers passages. Un temps encore am\u00e9lior\u00e9 sur sa deuxi\u00e8me tentative avec 5.16 secondes et qui le maintient \u00e0 la 8e position. Plus haut dans le classement, c&rsquo;est l&rsquo;Indon\u00e9sien <strong>Veddriq Leonardo<\/strong> qui a sign\u00e9 le meilleur chrono au cumul\u00e9, r\u00e9alisant un temps de 4.79 secondes, \u00e9galant le record du monde \u00e9tabli par <strong>Sam Watson<\/strong>, au mois d&rsquo;avril. Loin de vouloir partager sa meilleure marque, l&rsquo;Am\u00e9ricain r\u00e9agissait lors de son duel, signant un temps de 4.75 secondes, nouveau record du monde et qualification pour les quarts de finale en poche !<\/p>\n<ul>\n<li style=\"text-align: justify;\"><strong>\u00c0 ce sujet \u2013\u00a0<a href=\"https:\/\/dicodusport.fr\/blog\/programme-et-resultats-escalade-jo-2024\/\">Programme, dates et r\u00e9sultats Escalade JO 2024<\/a><\/strong><\/li>\n<\/ul>\n<h2>Bassa Mawem qualifi\u00e9 !<\/h2>\n<p style=\"text-align: justify;\">Lors l&rsquo;ultime duel, le Fran\u00e7ais s&rsquo;imposait contre l&rsquo;Ukrainien <strong>Yaroslav Tkach<\/strong>. Dans un d\u00e9nouement ultra-serr\u00e9, le Fran\u00e7ais \u00e9tant l\u00e9g\u00e8rement derri\u00e8re tout le long du mur, c&rsquo;est bien l&rsquo;a\u00een\u00e9 de la fratrie Mawem, 39 ans, qui se qualifie en touchant un petit centi\u00e8me avant l&rsquo;Ukrainien. Il fera partie du tableau final jeudi !<\/p>\n<p style=\"text-align: justify;\">Pour l&rsquo;anecdote, la discipline \u00e9tant r\u00e9cente aux Jeux Olympiques, le record olympique \u00e9tabli par <strong>Bassa Mawem<\/strong> en 2021 a \u00e9t\u00e9 battu par pas moins de 12 des 14 grimpeurs, lui compris donc. Au terme de la matin\u00e9e, le nouveau record est ainsi de 4.79 secondes contre 5.45 auparavant. Rendez-vous apr\u00e8s-demain !<\/p>\n<blockquote class=\"twitter-tweet\">\n<p dir=\"ltr\" lang=\"fr\">\ud83e\uddd7\u200d\u2642\ufe0f \u00c7A PASSE POUR NOTRE GRIMPEUR BASSA MAWEM !!! POUR UN CENTI\u00c8ME \ud83d\ude31<\/p>\n<p>DIRECTION LA FINALEEEE \ud83d\udcaa<a href=\"https:\/\/twitter.com\/hashtag\/AllezLesBleus?src=hash&amp;ref_src=twsrc%5Etfw\">#AllezLesBleus<\/a> <a href=\"https:\/\/twitter.com\/hashtag\/Paris2024?src=hash&amp;ref_src=twsrc%5Etfw\">#Paris2024<\/a><\/p>\n<p>\u2014 Equipe France (@EquipeFRA) <a href=\"https:\/\/twitter.com\/EquipeFRA\/status\/1820791890133794873?ref_src=twsrc%5Etfw\">August 6, 2024<\/a><\/p><\/blockquote>\n<p><script async src=\"https:\/\/platform.twitter.com\/widgets.js\" charset=\"utf-8\"><\/script><\/p>\n","protected":false},"excerpt":{"rendered":"<p>Bassa Mawem qualifi\u00e9 pour le tableau final de la vitesse, le record du monde battu<\/p>\n","protected":false},"author":91,"featured_media":509230,"comment_status":"open","ping_status":"closed","sticky":false,"template":"","format":"standard","meta":{"_acf_changed":false,"_daextam_enable_autolinks":"1","footnotes":""},"categories":[10930,8436],"tags":[32415,16878,477,1506,19184,1504,12920,1004],"class_list":["post-509219","post","type-post","status-publish","format-standard","has-post-thumbnail","hentry","category-escalade","category-jo-paris-2024","tag-actu","tag-breve","tag-escalade","tag-jeux-olympiques-2024","tag-jeux-olympiques-de-paris","tag-jo-2024","tag-jo-paris-2024","tag-paris-2024"],"acf":[],"yoast_head":"<!-- This site is optimized with the Yoast SEO Premium plugin v26.7 (Yoast SEO v26.7) - https:\/\/yoast.com\/wordpress\/plugins\/seo\/ -->\n<title>Escalade JO 2024 : Bassa Mawem qualifi\u00e9 pour le tableau final de la vitesse, le record du monde battu<\/title>\n<meta name=\"description\" content=\"ESCALADE JO 2024 - Pour leur entr\u00e9e en lice Sam Avezou et Paul Jenft ont respectivement termin\u00e9 4e et 9e du bloc, en demi-finale du combin\u00e9.\" \/>\n<meta name=\"robots\" content=\"index, follow, max-snippet:-1, max-image-preview:large, max-video-preview:-1\" \/>\n<link rel=\"canonical\" href=\"https:\/\/dicodusport.fr\/blog\/escalade-jo-2024-bassa-mawem-qualifie-pour-le-tableau-final-de-la-vitesse-le-record-du-monde-battu\/\" \/>\n<meta property=\"og:locale\" content=\"fr_FR\" \/>\n<meta property=\"og:type\" content=\"article\" \/>\n<meta property=\"og:title\" content=\"Escalade JO 2024 : Bassa Mawem qualifi\u00e9 pour le tableau final de la vitesse, le record du monde battu\" \/>\n<meta property=\"og:description\" content=\"ESCALADE JO 2024 - Pour leur entr\u00e9e en lice Sam Avezou et Paul Jenft ont respectivement termin\u00e9 4e et 9e du bloc, en demi-finale du combin\u00e9.\" \/>\n<meta property=\"og:url\" content=\"https:\/\/dicodusport.fr\/blog\/escalade-jo-2024-bassa-mawem-qualifie-pour-le-tableau-final-de-la-vitesse-le-record-du-monde-battu\/\" \/>\n<meta property=\"og:site_name\" content=\"Dicodusport\" \/>\n<meta property=\"article:publisher\" content=\"https:\/\/www.facebook.com\/dicodusport\" \/>\n<meta property=\"article:published_time\" content=\"2024-08-06T12:13:11+00:00\" \/>\n<meta property=\"article:modified_time\" content=\"2024-08-06T12:26:26+00:00\" \/>\n<meta property=\"og:image\" content=\"https:\/\/dicodusport.fr\/blog\/wp-content\/uploads\/2024\/08\/Escalade-JO-2024-Bassa-Mawem-qualifie-pour-le-tableau-final-de-la-vitesse-le-record-du-monde-battu.png\" \/>\n\t<meta property=\"og:image:width\" content=\"1200\" \/>\n\t<meta property=\"og:image:height\" content=\"674\" \/>\n\t<meta property=\"og:image:type\" content=\"image\/png\" \/>\n<meta name=\"author\" content=\"Victor Clot-Amiot\" \/>\n<meta name=\"twitter:card\" content=\"summary_large_image\" \/>\n<meta name=\"twitter:title\" content=\"Escalade JO 2024 : Bassa Mawem qualifi\u00e9 pour le tableau final de la vitesse, le record du monde battu\" \/>\n<meta name=\"twitter:creator\" content=\"@https:\/\/x.com\/VictorClotAmiot\" \/>\n<meta name=\"twitter:site\" content=\"@dicodusport\" \/>\n<script type=\"application\/ld+json\" class=\"yoast-schema-graph\">{\"@context\":\"https:\/\/schema.org\",\"@graph\":[{\"@type\":\"NewsArticle\",\"@id\":\"https:\/\/dicodusport.fr\/blog\/escalade-jo-2024-bassa-mawem-qualifie-pour-le-tableau-final-de-la-vitesse-le-record-du-monde-battu\/#article\",\"isPartOf\":{\"@id\":\"https:\/\/dicodusport.fr\/blog\/escalade-jo-2024-bassa-mawem-qualifie-pour-le-tableau-final-de-la-vitesse-le-record-du-monde-battu\/\"},\"author\":{\"name\":\"Victor Clot-Amiot\",\"@id\":\"https:\/\/dicodusport.fr\/blog\/#\/schema\/person\/b623199cba9ba90fe84a3d16e9282360\"},\"headline\":\"Escalade JO 2024 : Bassa Mawem qualifi\u00e9 pour le tableau final de la vitesse, le record du monde battu\",\"datePublished\":\"2024-08-06T12:13:11+00:00\",\"dateModified\":\"2024-08-06T12:26:26+00:00\",\"mainEntityOfPage\":{\"@id\":\"https:\/\/dicodusport.fr\/blog\/escalade-jo-2024-bassa-mawem-qualifie-pour-le-tableau-final-de-la-vitesse-le-record-du-monde-battu\/\"},\"wordCount\":446,\"commentCount\":0,\"publisher\":{\"@id\":\"https:\/\/dicodusport.fr\/blog\/#organization\"},\"image\":{\"@id\":\"https:\/\/dicodusport.fr\/blog\/escalade-jo-2024-bassa-mawem-qualifie-pour-le-tableau-final-de-la-vitesse-le-record-du-monde-battu\/#primaryimage\"},\"thumbnailUrl\":\"https:\/\/dicodusport.fr\/blog\/wp-content\/uploads\/2024\/08\/Escalade-JO-2024-Bassa-Mawem-qualifie-pour-le-tableau-final-de-la-vitesse-le-record-du-monde-battu.png\",\"keywords\":[\"actu\",\"br\u00e8ve\",\"Escalade\",\"Jeux olympiques 2024\",\"Jeux Olympiques de Paris\",\"JO 2024\",\"JO Paris 2024\",\"Paris 2024\"],\"articleSection\":[\"Escalade\",\"JO Paris 2024\"],\"inLanguage\":\"fr-FR\",\"potentialAction\":[{\"@type\":\"CommentAction\",\"name\":\"Comment\",\"target\":[\"https:\/\/dicodusport.fr\/blog\/escalade-jo-2024-bassa-mawem-qualifie-pour-le-tableau-final-de-la-vitesse-le-record-du-monde-battu\/#respond\"]}],\"copyrightYear\":\"2024\",\"copyrightHolder\":{\"@id\":\"https:\/\/dicodusport.fr\/blog\/#organization\"}},{\"@type\":\"WebPage\",\"@id\":\"https:\/\/dicodusport.fr\/blog\/escalade-jo-2024-bassa-mawem-qualifie-pour-le-tableau-final-de-la-vitesse-le-record-du-monde-battu\/\",\"url\":\"https:\/\/dicodusport.fr\/blog\/escalade-jo-2024-bassa-mawem-qualifie-pour-le-tableau-final-de-la-vitesse-le-record-du-monde-battu\/\",\"name\":\"Escalade JO 2024 : Bassa Mawem qualifi\u00e9 pour le tableau final de la vitesse, le record du monde battu\",\"isPartOf\":{\"@id\":\"https:\/\/dicodusport.fr\/blog\/#website\"},\"primaryImageOfPage\":{\"@id\":\"https:\/\/dicodusport.fr\/blog\/escalade-jo-2024-bassa-mawem-qualifie-pour-le-tableau-final-de-la-vitesse-le-record-du-monde-battu\/#primaryimage\"},\"image\":{\"@id\":\"https:\/\/dicodusport.fr\/blog\/escalade-jo-2024-bassa-mawem-qualifie-pour-le-tableau-final-de-la-vitesse-le-record-du-monde-battu\/#primaryimage\"},\"thumbnailUrl\":\"https:\/\/dicodusport.fr\/blog\/wp-content\/uploads\/2024\/08\/Escalade-JO-2024-Bassa-Mawem-qualifie-pour-le-tableau-final-de-la-vitesse-le-record-du-monde-battu.png\",\"datePublished\":\"2024-08-06T12:13:11+00:00\",\"dateModified\":\"2024-08-06T12:26:26+00:00\",\"description\":\"ESCALADE JO 2024 - Pour leur entr\u00e9e en lice Sam Avezou et Paul Jenft ont respectivement termin\u00e9 4e et 9e du bloc, en demi-finale du combin\u00e9.\",\"breadcrumb\":{\"@id\":\"https:\/\/dicodusport.fr\/blog\/escalade-jo-2024-bassa-mawem-qualifie-pour-le-tableau-final-de-la-vitesse-le-record-du-monde-battu\/#breadcrumb\"},\"inLanguage\":\"fr-FR\",\"potentialAction\":[{\"@type\":\"ReadAction\",\"target\":[\"https:\/\/dicodusport.fr\/blog\/escalade-jo-2024-bassa-mawem-qualifie-pour-le-tableau-final-de-la-vitesse-le-record-du-monde-battu\/\"]}]},{\"@type\":\"ImageObject\",\"inLanguage\":\"fr-FR\",\"@id\":\"https:\/\/dicodusport.fr\/blog\/escalade-jo-2024-bassa-mawem-qualifie-pour-le-tableau-final-de-la-vitesse-le-record-du-monde-battu\/#primaryimage\",\"url\":\"https:\/\/dicodusport.fr\/blog\/wp-content\/uploads\/2024\/08\/Escalade-JO-2024-Bassa-Mawem-qualifie-pour-le-tableau-final-de-la-vitesse-le-record-du-monde-battu.png\",\"contentUrl\":\"https:\/\/dicodusport.fr\/blog\/wp-content\/uploads\/2024\/08\/Escalade-JO-2024-Bassa-Mawem-qualifie-pour-le-tableau-final-de-la-vitesse-le-record-du-monde-battu.png\",\"width\":1200,\"height\":674,\"caption\":\"Escalade JO 2024 Bassa Mawem qualifi\u00e9 pour le tableau final de la vitesse, le record du monde battu\"},{\"@type\":\"BreadcrumbList\",\"@id\":\"https:\/\/dicodusport.fr\/blog\/escalade-jo-2024-bassa-mawem-qualifie-pour-le-tableau-final-de-la-vitesse-le-record-du-monde-battu\/#breadcrumb\",\"itemListElement\":[{\"@type\":\"ListItem\",\"position\":1,\"name\":\"Accueil\",\"item\":\"https:\/\/dicodusport.fr\/blog\/\"},{\"@type\":\"ListItem\",\"position\":2,\"name\":\"Escalade JO 2024 : Bassa Mawem qualifi\u00e9 pour le tableau final de la vitesse, le record du monde battu\"}]},{\"@type\":\"WebSite\",\"@id\":\"https:\/\/dicodusport.fr\/blog\/#website\",\"url\":\"https:\/\/dicodusport.fr\/blog\/\",\"name\":\"Dicodusport\",\"description\":\"L&#039;encyclop\u00e9die de l&#039;actualit\u00e9 sportive\",\"publisher\":{\"@id\":\"https:\/\/dicodusport.fr\/blog\/#organization\"},\"potentialAction\":[{\"@type\":\"SearchAction\",\"target\":{\"@type\":\"EntryPoint\",\"urlTemplate\":\"https:\/\/dicodusport.fr\/blog\/?s={search_term_string}\"},\"query-input\":{\"@type\":\"PropertyValueSpecification\",\"valueRequired\":true,\"valueName\":\"search_term_string\"}}],\"inLanguage\":\"fr-FR\"},{\"@type\":\"NewsMediaOrganization\",\"@id\":\"https:\/\/dicodusport.fr\/blog\/#organization\",\"name\":\"Dicodusport\",\"url\":\"https:\/\/dicodusport.fr\/blog\/\",\"logo\":{\"@type\":\"ImageObject\",\"inLanguage\":\"fr-FR\",\"@id\":\"https:\/\/dicodusport.fr\/blog\/#\/schema\/logo\/image\/\",\"url\":\"https:\/\/dicodusport.fr\/blog\/wp-content\/uploads\/2020\/06\/cropped-LOGO-DICODUSPORT-2020-SANS-FOND-SANS-TEXTE.png\",\"contentUrl\":\"https:\/\/dicodusport.fr\/blog\/wp-content\/uploads\/2020\/06\/cropped-LOGO-DICODUSPORT-2020-SANS-FOND-SANS-TEXTE.png\",\"width\":512,\"height\":512,\"caption\":\"Dicodusport\"},\"image\":{\"@id\":\"https:\/\/dicodusport.fr\/blog\/#\/schema\/logo\/image\/\"},\"sameAs\":[\"https:\/\/www.facebook.com\/dicodusport\",\"https:\/\/x.com\/dicodusport\",\"https:\/\/www.instagram.com\/dicodusport\/\",\"https:\/\/www.youtube.com\/channel\/UC7V2KZ5sd3htJivAbA4ZG3w\"],\"description\":\"Dicodusport est l'encyclop\u00e9die de l'actualit\u00e9 sportive.\",\"email\":\"bonjour@dicodusport.fr\",\"legalName\":\"DICODUSPORT\",\"foundingDate\":\"2018-01-14\",\"vatID\":\"FR71834470973\",\"taxID\":\"83447097300043\",\"numberOfEmployees\":{\"@type\":\"QuantitativeValue\",\"minValue\":\"1\",\"maxValue\":\"10\"}},{\"@type\":\"Person\",\"@id\":\"https:\/\/dicodusport.fr\/blog\/#\/schema\/person\/b623199cba9ba90fe84a3d16e9282360\",\"name\":\"Victor Clot-Amiot\",\"image\":{\"@type\":\"ImageObject\",\"inLanguage\":\"fr-FR\",\"@id\":\"https:\/\/dicodusport.fr\/blog\/#\/schema\/person\/image\/\",\"url\":\"https:\/\/dicodusport.fr\/blog\/wp-content\/uploads\/2023\/09\/IMG_20190826_114722-150x150.jpg\",\"contentUrl\":\"https:\/\/dicodusport.fr\/blog\/wp-content\/uploads\/2023\/09\/IMG_20190826_114722-150x150.jpg\",\"caption\":\"Victor Clot-Amiot\"},\"description\":\"Passionn\u00e9 de sport depuis toujours, un jour \u00e0 l'adolescence mes parents m'ont dit : \\\"quitte \u00e0 passer ton temps \u00e0 regarder du sport, au moins va le voir en vrai\\\" ! Depuis, cette remarque ne m'a plus quitt\u00e9 et je passe une grande partie de mon temps libre \u00e0 assister \u00e0 des comp\u00e9titions de tous sports. Je m\u00eale d'ailleurs mes deux passions, le sport et les voyages afin de faire une pierre deux coups ! Outre l'US Open ou l'Euro 2021 par exemple, j'ai assist\u00e9 cet \u00e9t\u00e9 aux Mondiaux d'athl\u00e9tisme \u00e0 Budapest. Mon plus gros coup dur est et restera les JO 2020-2021 pour lesquels j'avais r\u00e9serv\u00e9 17 \u00e9preuves. La suite, vous la connaissez...\",\"sameAs\":[\"https:\/\/x.com\/https:\/\/x.com\/VictorClotAmiot\"],\"url\":\"https:\/\/dicodusport.fr\/blog\/author\/victor-clot-amiot\/\"}]}<\/script>\n<!-- \/ Yoast SEO Premium plugin. -->","yoast_head_json":{"title":"Escalade JO 2024 : Bassa Mawem qualifi\u00e9 pour le tableau final de la vitesse, le record du monde battu","description":"ESCALADE JO 2024 - Pour leur entr\u00e9e en lice Sam Avezou et Paul Jenft ont respectivement termin\u00e9 4e et 9e du bloc, en demi-finale du combin\u00e9.","robots":{"index":"index","follow":"follow","max-snippet":"max-snippet:-1","max-image-preview":"max-image-preview:large","max-video-preview":"max-video-preview:-1"},"canonical":"https:\/\/dicodusport.fr\/blog\/escalade-jo-2024-bassa-mawem-qualifie-pour-le-tableau-final-de-la-vitesse-le-record-du-monde-battu\/","og_locale":"fr_FR","og_type":"article","og_title":"Escalade JO 2024 : Bassa Mawem qualifi\u00e9 pour le tableau final de la vitesse, le record du monde battu","og_description":"ESCALADE JO 2024 - Pour leur entr\u00e9e en lice Sam Avezou et Paul Jenft ont respectivement termin\u00e9 4e et 9e du bloc, en demi-finale du combin\u00e9.","og_url":"https:\/\/dicodusport.fr\/blog\/escalade-jo-2024-bassa-mawem-qualifie-pour-le-tableau-final-de-la-vitesse-le-record-du-monde-battu\/","og_site_name":"Dicodusport","article_publisher":"https:\/\/www.facebook.com\/dicodusport","article_published_time":"2024-08-06T12:13:11+00:00","article_modified_time":"2024-08-06T12:26:26+00:00","og_image":[{"width":1200,"height":674,"url":"https:\/\/dicodusport.fr\/blog\/wp-content\/uploads\/2024\/08\/Escalade-JO-2024-Bassa-Mawem-qualifie-pour-le-tableau-final-de-la-vitesse-le-record-du-monde-battu.png","type":"image\/png"}],"author":"Victor Clot-Amiot","twitter_card":"summary_large_image","twitter_title":"Escalade JO 2024 : Bassa Mawem qualifi\u00e9 pour le tableau final de la vitesse, le record du monde battu","twitter_creator":"@https:\/\/x.com\/VictorClotAmiot","twitter_site":"@dicodusport","schema":{"@context":"https:\/\/schema.org","@graph":[{"@type":"NewsArticle","@id":"https:\/\/dicodusport.fr\/blog\/escalade-jo-2024-bassa-mawem-qualifie-pour-le-tableau-final-de-la-vitesse-le-record-du-monde-battu\/#article","isPartOf":{"@id":"https:\/\/dicodusport.fr\/blog\/escalade-jo-2024-bassa-mawem-qualifie-pour-le-tableau-final-de-la-vitesse-le-record-du-monde-battu\/"},"author":{"name":"Victor Clot-Amiot","@id":"https:\/\/dicodusport.fr\/blog\/#\/schema\/person\/b623199cba9ba90fe84a3d16e9282360"},"headline":"Escalade JO 2024 : Bassa Mawem qualifi\u00e9 pour le tableau final de la vitesse, le record du monde battu","datePublished":"2024-08-06T12:13:11+00:00","dateModified":"2024-08-06T12:26:26+00:00","mainEntityOfPage":{"@id":"https:\/\/dicodusport.fr\/blog\/escalade-jo-2024-bassa-mawem-qualifie-pour-le-tableau-final-de-la-vitesse-le-record-du-monde-battu\/"},"wordCount":446,"commentCount":0,"publisher":{"@id":"https:\/\/dicodusport.fr\/blog\/#organization"},"image":{"@id":"https:\/\/dicodusport.fr\/blog\/escalade-jo-2024-bassa-mawem-qualifie-pour-le-tableau-final-de-la-vitesse-le-record-du-monde-battu\/#primaryimage"},"thumbnailUrl":"https:\/\/dicodusport.fr\/blog\/wp-content\/uploads\/2024\/08\/Escalade-JO-2024-Bassa-Mawem-qualifie-pour-le-tableau-final-de-la-vitesse-le-record-du-monde-battu.png","keywords":["actu","br\u00e8ve","Escalade","Jeux olympiques 2024","Jeux Olympiques de Paris","JO 2024","JO Paris 2024","Paris 2024"],"articleSection":["Escalade","JO Paris 2024"],"inLanguage":"fr-FR","potentialAction":[{"@type":"CommentAction","name":"Comment","target":["https:\/\/dicodusport.fr\/blog\/escalade-jo-2024-bassa-mawem-qualifie-pour-le-tableau-final-de-la-vitesse-le-record-du-monde-battu\/#respond"]}],"copyrightYear":"2024","copyrightHolder":{"@id":"https:\/\/dicodusport.fr\/blog\/#organization"}},{"@type":"WebPage","@id":"https:\/\/dicodusport.fr\/blog\/escalade-jo-2024-bassa-mawem-qualifie-pour-le-tableau-final-de-la-vitesse-le-record-du-monde-battu\/","url":"https:\/\/dicodusport.fr\/blog\/escalade-jo-2024-bassa-mawem-qualifie-pour-le-tableau-final-de-la-vitesse-le-record-du-monde-battu\/","name":"Escalade JO 2024 : Bassa Mawem qualifi\u00e9 pour le tableau final de la vitesse, le record du monde battu","isPartOf":{"@id":"https:\/\/dicodusport.fr\/blog\/#website"},"primaryImageOfPage":{"@id":"https:\/\/dicodusport.fr\/blog\/escalade-jo-2024-bassa-mawem-qualifie-pour-le-tableau-final-de-la-vitesse-le-record-du-monde-battu\/#primaryimage"},"image":{"@id":"https:\/\/dicodusport.fr\/blog\/escalade-jo-2024-bassa-mawem-qualifie-pour-le-tableau-final-de-la-vitesse-le-record-du-monde-battu\/#primaryimage"},"thumbnailUrl":"https:\/\/dicodusport.fr\/blog\/wp-content\/uploads\/2024\/08\/Escalade-JO-2024-Bassa-Mawem-qualifie-pour-le-tableau-final-de-la-vitesse-le-record-du-monde-battu.png","datePublished":"2024-08-06T12:13:11+00:00","dateModified":"2024-08-06T12:26:26+00:00","description":"ESCALADE JO 2024 - Pour leur entr\u00e9e en lice Sam Avezou et Paul Jenft ont respectivement termin\u00e9 4e et 9e du bloc, en demi-finale du combin\u00e9.","breadcrumb":{"@id":"https:\/\/dicodusport.fr\/blog\/escalade-jo-2024-bassa-mawem-qualifie-pour-le-tableau-final-de-la-vitesse-le-record-du-monde-battu\/#breadcrumb"},"inLanguage":"fr-FR","potentialAction":[{"@type":"ReadAction","target":["https:\/\/dicodusport.fr\/blog\/escalade-jo-2024-bassa-mawem-qualifie-pour-le-tableau-final-de-la-vitesse-le-record-du-monde-battu\/"]}]},{"@type":"ImageObject","inLanguage":"fr-FR","@id":"https:\/\/dicodusport.fr\/blog\/escalade-jo-2024-bassa-mawem-qualifie-pour-le-tableau-final-de-la-vitesse-le-record-du-monde-battu\/#primaryimage","url":"https:\/\/dicodusport.fr\/blog\/wp-content\/uploads\/2024\/08\/Escalade-JO-2024-Bassa-Mawem-qualifie-pour-le-tableau-final-de-la-vitesse-le-record-du-monde-battu.png","contentUrl":"https:\/\/dicodusport.fr\/blog\/wp-content\/uploads\/2024\/08\/Escalade-JO-2024-Bassa-Mawem-qualifie-pour-le-tableau-final-de-la-vitesse-le-record-du-monde-battu.png","width":1200,"height":674,"caption":"Escalade JO 2024 Bassa Mawem qualifi\u00e9 pour le tableau final de la vitesse, le record du monde battu"},{"@type":"BreadcrumbList","@id":"https:\/\/dicodusport.fr\/blog\/escalade-jo-2024-bassa-mawem-qualifie-pour-le-tableau-final-de-la-vitesse-le-record-du-monde-battu\/#breadcrumb","itemListElement":[{"@type":"ListItem","position":1,"name":"Accueil","item":"https:\/\/dicodusport.fr\/blog\/"},{"@type":"ListItem","position":2,"name":"Escalade JO 2024 : Bassa Mawem qualifi\u00e9 pour le tableau final de la vitesse, le record du monde battu"}]},{"@type":"WebSite","@id":"https:\/\/dicodusport.fr\/blog\/#website","url":"https:\/\/dicodusport.fr\/blog\/","name":"Dicodusport","description":"L&#039;encyclop\u00e9die de l&#039;actualit\u00e9 sportive","publisher":{"@id":"https:\/\/dicodusport.fr\/blog\/#organization"},"potentialAction":[{"@type":"SearchAction","target":{"@type":"EntryPoint","urlTemplate":"https:\/\/dicodusport.fr\/blog\/?s={search_term_string}"},"query-input":{"@type":"PropertyValueSpecification","valueRequired":true,"valueName":"search_term_string"}}],"inLanguage":"fr-FR"},{"@type":"NewsMediaOrganization","@id":"https:\/\/dicodusport.fr\/blog\/#organization","name":"Dicodusport","url":"https:\/\/dicodusport.fr\/blog\/","logo":{"@type":"ImageObject","inLanguage":"fr-FR","@id":"https:\/\/dicodusport.fr\/blog\/#\/schema\/logo\/image\/","url":"https:\/\/dicodusport.fr\/blog\/wp-content\/uploads\/2020\/06\/cropped-LOGO-DICODUSPORT-2020-SANS-FOND-SANS-TEXTE.png","contentUrl":"https:\/\/dicodusport.fr\/blog\/wp-content\/uploads\/2020\/06\/cropped-LOGO-DICODUSPORT-2020-SANS-FOND-SANS-TEXTE.png","width":512,"height":512,"caption":"Dicodusport"},"image":{"@id":"https:\/\/dicodusport.fr\/blog\/#\/schema\/logo\/image\/"},"sameAs":["https:\/\/www.facebook.com\/dicodusport","https:\/\/x.com\/dicodusport","https:\/\/www.instagram.com\/dicodusport\/","https:\/\/www.youtube.com\/channel\/UC7V2KZ5sd3htJivAbA4ZG3w"],"description":"Dicodusport est l'encyclop\u00e9die de l'actualit\u00e9 sportive.","email":"bonjour@dicodusport.fr","legalName":"DICODUSPORT","foundingDate":"2018-01-14","vatID":"FR71834470973","taxID":"83447097300043","numberOfEmployees":{"@type":"QuantitativeValue","minValue":"1","maxValue":"10"}},{"@type":"Person","@id":"https:\/\/dicodusport.fr\/blog\/#\/schema\/person\/b623199cba9ba90fe84a3d16e9282360","name":"Victor Clot-Amiot","image":{"@type":"ImageObject","inLanguage":"fr-FR","@id":"https:\/\/dicodusport.fr\/blog\/#\/schema\/person\/image\/","url":"https:\/\/dicodusport.fr\/blog\/wp-content\/uploads\/2023\/09\/IMG_20190826_114722-150x150.jpg","contentUrl":"https:\/\/dicodusport.fr\/blog\/wp-content\/uploads\/2023\/09\/IMG_20190826_114722-150x150.jpg","caption":"Victor Clot-Amiot"},"description":"Passionn\u00e9 de sport depuis toujours, un jour \u00e0 l'adolescence mes parents m'ont dit : \"quitte \u00e0 passer ton temps \u00e0 regarder du sport, au moins va le voir en vrai\" ! Depuis, cette remarque ne m'a plus quitt\u00e9 et je passe une grande partie de mon temps libre \u00e0 assister \u00e0 des comp\u00e9titions de tous sports. Je m\u00eale d'ailleurs mes deux passions, le sport et les voyages afin de faire une pierre deux coups ! Outre l'US Open ou l'Euro 2021 par exemple, j'ai assist\u00e9 cet \u00e9t\u00e9 aux Mondiaux d'athl\u00e9tisme \u00e0 Budapest. Mon plus gros coup dur est et restera les JO 2020-2021 pour lesquels j'avais r\u00e9serv\u00e9 17 \u00e9preuves. La suite, vous la connaissez...","sameAs":["https:\/\/x.com\/https:\/\/x.com\/VictorClotAmiot"],"url":"https:\/\/dicodusport.fr\/blog\/author\/victor-clot-amiot\/"}]}},"_links":{"self":[{"href":"https:\/\/dicodusport.fr\/blog\/wp-json\/wp\/v2\/posts\/509219","targetHints":{"allow":["GET"]}}],"collection":[{"href":"https:\/\/dicodusport.fr\/blog\/wp-json\/wp\/v2\/posts"}],"about":[{"href":"https:\/\/dicodusport.fr\/blog\/wp-json\/wp\/v2\/types\/post"}],"author":[{"embeddable":true,"href":"https:\/\/dicodusport.fr\/blog\/wp-json\/wp\/v2\/users\/91"}],"replies":[{"embeddable":true,"href":"https:\/\/dicodusport.fr\/blog\/wp-json\/wp\/v2\/comments?post=509219"}],"version-history":[{"count":4,"href":"https:\/\/dicodusport.fr\/blog\/wp-json\/wp\/v2\/posts\/509219\/revisions"}],"predecessor-version":[{"id":509236,"href":"https:\/\/dicodusport.fr\/blog\/wp-json\/wp\/v2\/posts\/509219\/revisions\/509236"}],"wp:featuredmedia":[{"embeddable":true,"href":"https:\/\/dicodusport.fr\/blog\/wp-json\/wp\/v2\/media\/509230"}],"wp:attachment":[{"href":"https:\/\/dicodusport.fr\/blog\/wp-json\/wp\/v2\/media?parent=509219"}],"wp:term":[{"taxonomy":"category","embeddable":true,"href":"https:\/\/dicodusport.fr\/blog\/wp-json\/wp\/v2\/categories?post=509219"},{"taxonomy":"post_tag","embeddable":true,"href":"https:\/\/dicodusport.fr\/blog\/wp-json\/wp\/v2\/tags?post=509219"}],"curies":[{"name":"wp","href":"https:\/\/api.w.org\/{rel}","templated":true}]}}