{"id":509611,"date":"2024-08-07T11:34:13","date_gmt":"2024-08-07T09:34:13","guid":{"rendered":"https:\/\/dicodusport.fr\/blog\/?p=509611&#038;preview=true&#038;preview_id=509611"},"modified":"2024-08-08T22:42:18","modified_gmt":"2024-08-08T20:42:18","slug":"transferts-cyclisme-pauline-ferrand-prevot-signe-son-retour-sur-route-avec-la-visma-lease-a-bike","status":"publish","type":"post","link":"https:\/\/dicodusport.fr\/blog\/transferts-cyclisme-pauline-ferrand-prevot-signe-son-retour-sur-route-avec-la-visma-lease-a-bike\/","title":{"rendered":"Transferts Cyclisme : Pauline Ferrand-Pr\u00e9vot signe son retour sur route avec la Visma Lease a Bike"},"content":{"rendered":"<p style=\"text-align: justify;\"><strong><em>CYCLISME SUR ROUTE 2025 &#8211; Apr\u00e8s des ann\u00e9es \u00e0 accumuler les titres en VTT, Pauline Ferrand-Pr\u00e9vot va faire son retour sur route en 2025 ! La championne olympique s&rsquo;est en effet engag\u00e9e avec la formation Visma Lease a Bike.<\/em><\/strong><\/p>\n<p style=\"text-align: justify;\">Cette semaine est d\u00e9cid\u00e9ment mouvement\u00e9e pour le cyclisme f\u00e9minin tricolore. Au lendemain de l&rsquo;annonce de <a href=\"https:\/\/dicodusport.fr\/blog\/transferts-cyclisme-la-fdj-suez-frappe-un-gros-coup-en-soffrant-juliette-labous\/\">la signature de Juliette Labous chez FDJ-Suez<\/a>, c&rsquo;est une nouvelle annonce tonitruante qui a \u00e9t\u00e9 faite ce matin par la <strong>Visma Lease a Bike<\/strong>. En effet, les N\u00e9erlandais ont annonc\u00e9 la signature de <strong>Pauline Ferrand-Pr\u00e9vot<\/strong> !<\/p>\n<h2 style=\"text-align: justify;\">Un nouveau grand d\u00e9fi pour Pauline Ferrand-Pr\u00e9vot \u00e0 32 ans<\/h2>\n<p style=\"text-align: justify;\">Sacr\u00e9e <a href=\"https:\/\/dicodusport.fr\/blog\/vtt-jo-2024-pauline-ferrand-prevot-championne-olympique-xco\/\">championne olympique en VTT XCO<\/a> il y a seulement quelques jours, la reine du v\u00e9lo tricolore a litt\u00e9ralement pli\u00e9 le jeu. Avec d\u00e9j\u00e0 une plus d&rsquo;une dizaine de titres de championne du monde acquis sur tous les terrains offert par la discipline, il ne lui manquait plus que l&rsquo;or olympique. Cela \u00e9tant fait, la R\u00e9moise n&rsquo;en a pas termin\u00e9 avec le v\u00e9lo, et va donc effectuer son retour sur la route \u00e0 32 ans, avec des ambitions tr\u00e8s \u00e9lev\u00e9es. Celle qui avait brill\u00e9 dans les ann\u00e9es 2010 en \u00e9tant notamment championne du monde, tout en accumulant les r\u00e9sultats prestigieux, va retrouver un cyclisme sur route qui a \u00e9volu\u00e9 depuis ses derni\u00e8res courses en 2018.<\/p>\n<p style=\"text-align: justify;\">De nombreuses courses de renom ont fait leur apparition au calendrier, dont le <strong>Tour de France<\/strong>. Tour de France qui sera naturellement son objectif majeur, comme elle l&rsquo;a de nouveau pr\u00e9cis\u00e9 dans le communiqu\u00e9 de la <strong>Visma Lease a Bike<\/strong> : <em>\u00ab<\/em> <em>Je suis impatiente d&rsquo;\u00eatre de retour dans le peloton. Avec le soutien de l&rsquo;\u00e9quipe, je suis s\u00fbre que je peux de nouveau faire de grandes choses, donc je suis tr\u00e8s motiv\u00e9e. Je veux gagner le Tour de France \u00bb.<\/em> Sa formation pr\u00e9cise \u00e9galement que la Tricolore sera <em>\u00ab<\/em> <em>la leader sur les Grands Tours, mais elle peut aussi \u00eatre capable de rivaliser dans les classiques wallonnes \u00bb<\/em>.<\/p>\n<p style=\"text-align: justify;\">Les bases sont pos\u00e9es, et l&rsquo;ann\u00e9e 2025 s&rsquo;annonce folle pour le cyclisme f\u00e9minin fran\u00e7ais, avec la mont\u00e9e en puissance de la FDJ-Suez de Muzic et Labous, et d\u00e9sormais le retour d&rsquo;une <strong>Pauline Ferrand-Pr\u00e9vot<\/strong> pr\u00eate \u00e0 renverser la hi\u00e9rarchie en place.<\/p>\n<blockquote class=\"twitter-tweet\">\n<p dir=\"ltr\" lang=\"en\">An Olympic champion is joining our team! \ud83e\udd29<\/p>\n<p>Welcome to Team Visma | Lease a Bike Women, Pauline Ferrand-Pr\u00e9vot! \ud83d\udc1d From mountain biking back to road racing, we\u2019re looking forward to it!<\/p>\n<p>Read more here: <a href=\"https:\/\/t.co\/roDBChDavw\">https:\/\/t.co\/roDBChDavw<\/a> <a href=\"https:\/\/t.co\/hiN7oQnRoF\">pic.twitter.com\/hiN7oQnRoF<\/a><\/p>\n<p>\u2014 Team Visma | Lease a Bike Women (@visma_lab_women) <a href=\"https:\/\/twitter.com\/visma_lab_women\/status\/1821110670315680027?ref_src=twsrc%5Etfw\">August 7, 2024<\/a><\/p><\/blockquote>\n<p><script async src=\"https:\/\/platform.twitter.com\/widgets.js\" charset=\"utf-8\"><\/script><\/p>\n","protected":false},"excerpt":{"rendered":"<p>CYCLISME SUR ROUTE 2025 &#8211; Apr\u00e8s des ann\u00e9es \u00e0 accumuler les titres en cyclo-cross et cross-country, Pauline Ferrand-Pr\u00e9vot va faire son retour sur route en 2025 ! La championne olympique s&rsquo;est en effet engag\u00e9e avec la formation Visma Lease a Bike.<\/p>\n","protected":false},"author":55,"featured_media":509614,"comment_status":"open","ping_status":"closed","sticky":false,"template":"","format":"standard","meta":{"_acf_changed":false,"_daextam_enable_autolinks":"1","footnotes":""},"categories":[46994],"tags":[32415,16878,1340,8388,35284],"class_list":["post-509611","post","type-post","status-publish","format-standard","has-post-thumbnail","hentry","category-cyclisme-sur-route","tag-actu","tag-breve","tag-pauline-ferrand-prevot","tag-transferts-cyclisme","tag-visma-lease-a-bike"],"acf":[],"yoast_head":"<!-- This site is optimized with the Yoast SEO Premium plugin v26.7 (Yoast SEO v26.7) - https:\/\/yoast.com\/wordpress\/plugins\/seo\/ -->\n<title>Transferts Cyclisme : Pauline Ferrand-Pr\u00e9vot signe son retour sur route avec la Visma Lease a Bike<\/title>\n<meta name=\"description\" content=\"CYCLISME SUR ROUTE 2025 - CYCLISME SUR ROUTE 2025 - Pauline Ferrand-Pr\u00e9vot va faire son retour sur route en 2025 avec la Visma Lease a Bike.\" \/>\n<meta name=\"robots\" content=\"index, follow, max-snippet:-1, max-image-preview:large, max-video-preview:-1\" \/>\n<link rel=\"canonical\" href=\"https:\/\/dicodusport.fr\/blog\/transferts-cyclisme-pauline-ferrand-prevot-signe-son-retour-sur-route-avec-la-visma-lease-a-bike\/\" \/>\n<meta property=\"og:locale\" content=\"fr_FR\" \/>\n<meta property=\"og:type\" content=\"article\" \/>\n<meta property=\"og:title\" content=\"Transferts Cyclisme : Pauline Ferrand-Pr\u00e9vot signe son retour sur route avec la Visma Lease a Bike\" \/>\n<meta property=\"og:description\" content=\"CYCLISME SUR ROUTE 2025 - CYCLISME SUR ROUTE 2025 - Pauline Ferrand-Pr\u00e9vot va faire son retour sur route en 2025 avec la Visma Lease a Bike.\" \/>\n<meta property=\"og:url\" content=\"https:\/\/dicodusport.fr\/blog\/transferts-cyclisme-pauline-ferrand-prevot-signe-son-retour-sur-route-avec-la-visma-lease-a-bike\/\" \/>\n<meta property=\"og:site_name\" content=\"Dicodusport\" \/>\n<meta property=\"article:publisher\" content=\"https:\/\/www.facebook.com\/dicodusport\" \/>\n<meta property=\"article:published_time\" content=\"2024-08-07T09:34:13+00:00\" \/>\n<meta property=\"article:modified_time\" content=\"2024-08-08T20:42:18+00:00\" \/>\n<meta property=\"og:image\" content=\"https:\/\/dicodusport.fr\/blog\/wp-content\/uploads\/2024\/08\/Transferts-Cyclisme-Pauline-Ferrand-Prevot-signe-son-retour-sur-route-avec-la-Visma-Lease-a-Bike.png\" \/>\n\t<meta property=\"og:image:width\" content=\"1200\" \/>\n\t<meta property=\"og:image:height\" content=\"674\" \/>\n\t<meta property=\"og:image:type\" content=\"image\/png\" \/>\n<meta name=\"author\" content=\"Maxime Cazenave\" \/>\n<meta name=\"twitter:card\" content=\"summary_large_image\" \/>\n<meta name=\"twitter:title\" content=\"Transferts Cyclisme : Pauline Ferrand-Pr\u00e9vot signe son retour sur route avec la Visma Lease a Bike\" \/>\n<meta name=\"twitter:creator\" content=\"@https:\/\/twitter.com\/Maxime_Caze\" \/>\n<meta name=\"twitter:site\" content=\"@dicodusport\" \/>\n<script type=\"application\/ld+json\" class=\"yoast-schema-graph\">{\"@context\":\"https:\/\/schema.org\",\"@graph\":[{\"@type\":\"NewsArticle\",\"@id\":\"https:\/\/dicodusport.fr\/blog\/transferts-cyclisme-pauline-ferrand-prevot-signe-son-retour-sur-route-avec-la-visma-lease-a-bike\/#article\",\"isPartOf\":{\"@id\":\"https:\/\/dicodusport.fr\/blog\/transferts-cyclisme-pauline-ferrand-prevot-signe-son-retour-sur-route-avec-la-visma-lease-a-bike\/\"},\"author\":{\"name\":\"Maxime Cazenave\",\"@id\":\"https:\/\/dicodusport.fr\/blog\/#\/schema\/person\/37def232098a7a5cbab3974a3690abb0\"},\"headline\":\"Transferts Cyclisme : Pauline Ferrand-Pr\u00e9vot signe son retour sur route avec la Visma Lease a Bike\",\"datePublished\":\"2024-08-07T09:34:13+00:00\",\"dateModified\":\"2024-08-08T20:42:18+00:00\",\"mainEntityOfPage\":{\"@id\":\"https:\/\/dicodusport.fr\/blog\/transferts-cyclisme-pauline-ferrand-prevot-signe-son-retour-sur-route-avec-la-visma-lease-a-bike\/\"},\"wordCount\":464,\"commentCount\":0,\"publisher\":{\"@id\":\"https:\/\/dicodusport.fr\/blog\/#organization\"},\"image\":{\"@id\":\"https:\/\/dicodusport.fr\/blog\/transferts-cyclisme-pauline-ferrand-prevot-signe-son-retour-sur-route-avec-la-visma-lease-a-bike\/#primaryimage\"},\"thumbnailUrl\":\"https:\/\/dicodusport.fr\/blog\/wp-content\/uploads\/2024\/08\/Transferts-Cyclisme-Pauline-Ferrand-Prevot-signe-son-retour-sur-route-avec-la-Visma-Lease-a-Bike.png\",\"keywords\":[\"actu\",\"br\u00e8ve\",\"Pauline Ferrand-Pr\u00e9vot\",\"Transferts Cyclisme\",\"Visma - Lease a Bike\"],\"articleSection\":[\"Cyclisme sur route\"],\"inLanguage\":\"fr-FR\",\"potentialAction\":[{\"@type\":\"CommentAction\",\"name\":\"Comment\",\"target\":[\"https:\/\/dicodusport.fr\/blog\/transferts-cyclisme-pauline-ferrand-prevot-signe-son-retour-sur-route-avec-la-visma-lease-a-bike\/#respond\"]}],\"copyrightYear\":\"2024\",\"copyrightHolder\":{\"@id\":\"https:\/\/dicodusport.fr\/blog\/#organization\"}},{\"@type\":\"WebPage\",\"@id\":\"https:\/\/dicodusport.fr\/blog\/transferts-cyclisme-pauline-ferrand-prevot-signe-son-retour-sur-route-avec-la-visma-lease-a-bike\/\",\"url\":\"https:\/\/dicodusport.fr\/blog\/transferts-cyclisme-pauline-ferrand-prevot-signe-son-retour-sur-route-avec-la-visma-lease-a-bike\/\",\"name\":\"Transferts Cyclisme : Pauline Ferrand-Pr\u00e9vot signe son retour sur route avec la Visma Lease a Bike\",\"isPartOf\":{\"@id\":\"https:\/\/dicodusport.fr\/blog\/#website\"},\"primaryImageOfPage\":{\"@id\":\"https:\/\/dicodusport.fr\/blog\/transferts-cyclisme-pauline-ferrand-prevot-signe-son-retour-sur-route-avec-la-visma-lease-a-bike\/#primaryimage\"},\"image\":{\"@id\":\"https:\/\/dicodusport.fr\/blog\/transferts-cyclisme-pauline-ferrand-prevot-signe-son-retour-sur-route-avec-la-visma-lease-a-bike\/#primaryimage\"},\"thumbnailUrl\":\"https:\/\/dicodusport.fr\/blog\/wp-content\/uploads\/2024\/08\/Transferts-Cyclisme-Pauline-Ferrand-Prevot-signe-son-retour-sur-route-avec-la-Visma-Lease-a-Bike.png\",\"datePublished\":\"2024-08-07T09:34:13+00:00\",\"dateModified\":\"2024-08-08T20:42:18+00:00\",\"description\":\"CYCLISME SUR ROUTE 2025 - CYCLISME SUR ROUTE 2025 - Pauline Ferrand-Pr\u00e9vot va faire son retour sur route en 2025 avec la Visma Lease a Bike.\",\"breadcrumb\":{\"@id\":\"https:\/\/dicodusport.fr\/blog\/transferts-cyclisme-pauline-ferrand-prevot-signe-son-retour-sur-route-avec-la-visma-lease-a-bike\/#breadcrumb\"},\"inLanguage\":\"fr-FR\",\"potentialAction\":[{\"@type\":\"ReadAction\",\"target\":[\"https:\/\/dicodusport.fr\/blog\/transferts-cyclisme-pauline-ferrand-prevot-signe-son-retour-sur-route-avec-la-visma-lease-a-bike\/\"]}]},{\"@type\":\"ImageObject\",\"inLanguage\":\"fr-FR\",\"@id\":\"https:\/\/dicodusport.fr\/blog\/transferts-cyclisme-pauline-ferrand-prevot-signe-son-retour-sur-route-avec-la-visma-lease-a-bike\/#primaryimage\",\"url\":\"https:\/\/dicodusport.fr\/blog\/wp-content\/uploads\/2024\/08\/Transferts-Cyclisme-Pauline-Ferrand-Prevot-signe-son-retour-sur-route-avec-la-Visma-Lease-a-Bike.png\",\"contentUrl\":\"https:\/\/dicodusport.fr\/blog\/wp-content\/uploads\/2024\/08\/Transferts-Cyclisme-Pauline-Ferrand-Prevot-signe-son-retour-sur-route-avec-la-Visma-Lease-a-Bike.png\",\"width\":1200,\"height\":674,\"caption\":\"Transferts Cyclisme : Pauline Ferrand-Pr\u00e9vot signe son retour sur route avec la Visma Lease a Bike\"},{\"@type\":\"BreadcrumbList\",\"@id\":\"https:\/\/dicodusport.fr\/blog\/transferts-cyclisme-pauline-ferrand-prevot-signe-son-retour-sur-route-avec-la-visma-lease-a-bike\/#breadcrumb\",\"itemListElement\":[{\"@type\":\"ListItem\",\"position\":1,\"name\":\"Accueil\",\"item\":\"https:\/\/dicodusport.fr\/blog\/\"},{\"@type\":\"ListItem\",\"position\":2,\"name\":\"Transferts Cyclisme : Pauline Ferrand-Pr\u00e9vot signe son retour sur route avec la Visma Lease a Bike\"}]},{\"@type\":\"WebSite\",\"@id\":\"https:\/\/dicodusport.fr\/blog\/#website\",\"url\":\"https:\/\/dicodusport.fr\/blog\/\",\"name\":\"Dicodusport\",\"description\":\"L&#039;encyclop\u00e9die de l&#039;actualit\u00e9 sportive\",\"publisher\":{\"@id\":\"https:\/\/dicodusport.fr\/blog\/#organization\"},\"potentialAction\":[{\"@type\":\"SearchAction\",\"target\":{\"@type\":\"EntryPoint\",\"urlTemplate\":\"https:\/\/dicodusport.fr\/blog\/?s={search_term_string}\"},\"query-input\":{\"@type\":\"PropertyValueSpecification\",\"valueRequired\":true,\"valueName\":\"search_term_string\"}}],\"inLanguage\":\"fr-FR\"},{\"@type\":\"NewsMediaOrganization\",\"@id\":\"https:\/\/dicodusport.fr\/blog\/#organization\",\"name\":\"Dicodusport\",\"url\":\"https:\/\/dicodusport.fr\/blog\/\",\"logo\":{\"@type\":\"ImageObject\",\"inLanguage\":\"fr-FR\",\"@id\":\"https:\/\/dicodusport.fr\/blog\/#\/schema\/logo\/image\/\",\"url\":\"https:\/\/dicodusport.fr\/blog\/wp-content\/uploads\/2020\/06\/cropped-LOGO-DICODUSPORT-2020-SANS-FOND-SANS-TEXTE.png\",\"contentUrl\":\"https:\/\/dicodusport.fr\/blog\/wp-content\/uploads\/2020\/06\/cropped-LOGO-DICODUSPORT-2020-SANS-FOND-SANS-TEXTE.png\",\"width\":512,\"height\":512,\"caption\":\"Dicodusport\"},\"image\":{\"@id\":\"https:\/\/dicodusport.fr\/blog\/#\/schema\/logo\/image\/\"},\"sameAs\":[\"https:\/\/www.facebook.com\/dicodusport\",\"https:\/\/x.com\/dicodusport\",\"https:\/\/www.instagram.com\/dicodusport\/\",\"https:\/\/www.youtube.com\/channel\/UC7V2KZ5sd3htJivAbA4ZG3w\"],\"description\":\"Dicodusport est l'encyclop\u00e9die de l'actualit\u00e9 sportive.\",\"email\":\"bonjour@dicodusport.fr\",\"legalName\":\"DICODUSPORT\",\"foundingDate\":\"2018-01-14\",\"vatID\":\"FR71834470973\",\"taxID\":\"83447097300043\",\"numberOfEmployees\":{\"@type\":\"QuantitativeValue\",\"minValue\":\"1\",\"maxValue\":\"10\"}},{\"@type\":\"Person\",\"@id\":\"https:\/\/dicodusport.fr\/blog\/#\/schema\/person\/37def232098a7a5cbab3974a3690abb0\",\"name\":\"Maxime Cazenave\",\"image\":{\"@type\":\"ImageObject\",\"inLanguage\":\"fr-FR\",\"@id\":\"https:\/\/dicodusport.fr\/blog\/#\/schema\/person\/image\/\",\"url\":\"https:\/\/dicodusport.fr\/blog\/wp-content\/uploads\/2021\/05\/Maxime-Cazenave-150x150.jpg\",\"contentUrl\":\"https:\/\/dicodusport.fr\/blog\/wp-content\/uploads\/2021\/05\/Maxime-Cazenave-150x150.jpg\",\"caption\":\"Maxime Cazenave\"},\"description\":\"Journaliste\/R\u00e9dacteur depuis 2012 - Berc\u00e9 par l\u2019amour des Girondins de Bordeaux, les \u00e9checs de Christophe Moreau sur le Tour de France sous l'\u00e8re Lance Armstrong et le fade-away l\u00e9tal de Dirk Nowitzki, ma passion d\u00e9vorante pour le sport a toujours \u00e9t\u00e9 un pan incontournable de ma vie. Transmettre ma passion \u00e0 l\u2019\u00e9crit a \u00e9t\u00e9 une transition naturelle. Suiveur assidu de basket et de hockey sur glace, je garde toujours un peu de place pour suivre le cyclisme, le football et le maximum de performances fran\u00e7aises.\",\"sameAs\":[\"https:\/\/x.com\/https:\/\/twitter.com\/Maxime_Caze\"],\"url\":\"https:\/\/dicodusport.fr\/blog\/author\/maximec\/\"}]}<\/script>\n<!-- \/ Yoast SEO Premium plugin. -->","yoast_head_json":{"title":"Transferts Cyclisme : Pauline Ferrand-Pr\u00e9vot signe son retour sur route avec la Visma Lease a Bike","description":"CYCLISME SUR ROUTE 2025 - CYCLISME SUR ROUTE 2025 - Pauline Ferrand-Pr\u00e9vot va faire son retour sur route en 2025 avec la Visma Lease a Bike.","robots":{"index":"index","follow":"follow","max-snippet":"max-snippet:-1","max-image-preview":"max-image-preview:large","max-video-preview":"max-video-preview:-1"},"canonical":"https:\/\/dicodusport.fr\/blog\/transferts-cyclisme-pauline-ferrand-prevot-signe-son-retour-sur-route-avec-la-visma-lease-a-bike\/","og_locale":"fr_FR","og_type":"article","og_title":"Transferts Cyclisme : Pauline Ferrand-Pr\u00e9vot signe son retour sur route avec la Visma Lease a Bike","og_description":"CYCLISME SUR ROUTE 2025 - CYCLISME SUR ROUTE 2025 - Pauline Ferrand-Pr\u00e9vot va faire son retour sur route en 2025 avec la Visma Lease a Bike.","og_url":"https:\/\/dicodusport.fr\/blog\/transferts-cyclisme-pauline-ferrand-prevot-signe-son-retour-sur-route-avec-la-visma-lease-a-bike\/","og_site_name":"Dicodusport","article_publisher":"https:\/\/www.facebook.com\/dicodusport","article_published_time":"2024-08-07T09:34:13+00:00","article_modified_time":"2024-08-08T20:42:18+00:00","og_image":[{"width":1200,"height":674,"url":"https:\/\/dicodusport.fr\/blog\/wp-content\/uploads\/2024\/08\/Transferts-Cyclisme-Pauline-Ferrand-Prevot-signe-son-retour-sur-route-avec-la-Visma-Lease-a-Bike.png","type":"image\/png"}],"author":"Maxime Cazenave","twitter_card":"summary_large_image","twitter_title":"Transferts Cyclisme : Pauline Ferrand-Pr\u00e9vot signe son retour sur route avec la Visma Lease a Bike","twitter_creator":"@https:\/\/twitter.com\/Maxime_Caze","twitter_site":"@dicodusport","schema":{"@context":"https:\/\/schema.org","@graph":[{"@type":"NewsArticle","@id":"https:\/\/dicodusport.fr\/blog\/transferts-cyclisme-pauline-ferrand-prevot-signe-son-retour-sur-route-avec-la-visma-lease-a-bike\/#article","isPartOf":{"@id":"https:\/\/dicodusport.fr\/blog\/transferts-cyclisme-pauline-ferrand-prevot-signe-son-retour-sur-route-avec-la-visma-lease-a-bike\/"},"author":{"name":"Maxime Cazenave","@id":"https:\/\/dicodusport.fr\/blog\/#\/schema\/person\/37def232098a7a5cbab3974a3690abb0"},"headline":"Transferts Cyclisme : Pauline Ferrand-Pr\u00e9vot signe son retour sur route avec la Visma Lease a Bike","datePublished":"2024-08-07T09:34:13+00:00","dateModified":"2024-08-08T20:42:18+00:00","mainEntityOfPage":{"@id":"https:\/\/dicodusport.fr\/blog\/transferts-cyclisme-pauline-ferrand-prevot-signe-son-retour-sur-route-avec-la-visma-lease-a-bike\/"},"wordCount":464,"commentCount":0,"publisher":{"@id":"https:\/\/dicodusport.fr\/blog\/#organization"},"image":{"@id":"https:\/\/dicodusport.fr\/blog\/transferts-cyclisme-pauline-ferrand-prevot-signe-son-retour-sur-route-avec-la-visma-lease-a-bike\/#primaryimage"},"thumbnailUrl":"https:\/\/dicodusport.fr\/blog\/wp-content\/uploads\/2024\/08\/Transferts-Cyclisme-Pauline-Ferrand-Prevot-signe-son-retour-sur-route-avec-la-Visma-Lease-a-Bike.png","keywords":["actu","br\u00e8ve","Pauline Ferrand-Pr\u00e9vot","Transferts Cyclisme","Visma - Lease a Bike"],"articleSection":["Cyclisme sur route"],"inLanguage":"fr-FR","potentialAction":[{"@type":"CommentAction","name":"Comment","target":["https:\/\/dicodusport.fr\/blog\/transferts-cyclisme-pauline-ferrand-prevot-signe-son-retour-sur-route-avec-la-visma-lease-a-bike\/#respond"]}],"copyrightYear":"2024","copyrightHolder":{"@id":"https:\/\/dicodusport.fr\/blog\/#organization"}},{"@type":"WebPage","@id":"https:\/\/dicodusport.fr\/blog\/transferts-cyclisme-pauline-ferrand-prevot-signe-son-retour-sur-route-avec-la-visma-lease-a-bike\/","url":"https:\/\/dicodusport.fr\/blog\/transferts-cyclisme-pauline-ferrand-prevot-signe-son-retour-sur-route-avec-la-visma-lease-a-bike\/","name":"Transferts Cyclisme : Pauline Ferrand-Pr\u00e9vot signe son retour sur route avec la Visma Lease a Bike","isPartOf":{"@id":"https:\/\/dicodusport.fr\/blog\/#website"},"primaryImageOfPage":{"@id":"https:\/\/dicodusport.fr\/blog\/transferts-cyclisme-pauline-ferrand-prevot-signe-son-retour-sur-route-avec-la-visma-lease-a-bike\/#primaryimage"},"image":{"@id":"https:\/\/dicodusport.fr\/blog\/transferts-cyclisme-pauline-ferrand-prevot-signe-son-retour-sur-route-avec-la-visma-lease-a-bike\/#primaryimage"},"thumbnailUrl":"https:\/\/dicodusport.fr\/blog\/wp-content\/uploads\/2024\/08\/Transferts-Cyclisme-Pauline-Ferrand-Prevot-signe-son-retour-sur-route-avec-la-Visma-Lease-a-Bike.png","datePublished":"2024-08-07T09:34:13+00:00","dateModified":"2024-08-08T20:42:18+00:00","description":"CYCLISME SUR ROUTE 2025 - CYCLISME SUR ROUTE 2025 - Pauline Ferrand-Pr\u00e9vot va faire son retour sur route en 2025 avec la Visma Lease a Bike.","breadcrumb":{"@id":"https:\/\/dicodusport.fr\/blog\/transferts-cyclisme-pauline-ferrand-prevot-signe-son-retour-sur-route-avec-la-visma-lease-a-bike\/#breadcrumb"},"inLanguage":"fr-FR","potentialAction":[{"@type":"ReadAction","target":["https:\/\/dicodusport.fr\/blog\/transferts-cyclisme-pauline-ferrand-prevot-signe-son-retour-sur-route-avec-la-visma-lease-a-bike\/"]}]},{"@type":"ImageObject","inLanguage":"fr-FR","@id":"https:\/\/dicodusport.fr\/blog\/transferts-cyclisme-pauline-ferrand-prevot-signe-son-retour-sur-route-avec-la-visma-lease-a-bike\/#primaryimage","url":"https:\/\/dicodusport.fr\/blog\/wp-content\/uploads\/2024\/08\/Transferts-Cyclisme-Pauline-Ferrand-Prevot-signe-son-retour-sur-route-avec-la-Visma-Lease-a-Bike.png","contentUrl":"https:\/\/dicodusport.fr\/blog\/wp-content\/uploads\/2024\/08\/Transferts-Cyclisme-Pauline-Ferrand-Prevot-signe-son-retour-sur-route-avec-la-Visma-Lease-a-Bike.png","width":1200,"height":674,"caption":"Transferts Cyclisme : Pauline Ferrand-Pr\u00e9vot signe son retour sur route avec la Visma Lease a Bike"},{"@type":"BreadcrumbList","@id":"https:\/\/dicodusport.fr\/blog\/transferts-cyclisme-pauline-ferrand-prevot-signe-son-retour-sur-route-avec-la-visma-lease-a-bike\/#breadcrumb","itemListElement":[{"@type":"ListItem","position":1,"name":"Accueil","item":"https:\/\/dicodusport.fr\/blog\/"},{"@type":"ListItem","position":2,"name":"Transferts Cyclisme : Pauline Ferrand-Pr\u00e9vot signe son retour sur route avec la Visma Lease a Bike"}]},{"@type":"WebSite","@id":"https:\/\/dicodusport.fr\/blog\/#website","url":"https:\/\/dicodusport.fr\/blog\/","name":"Dicodusport","description":"L&#039;encyclop\u00e9die de l&#039;actualit\u00e9 sportive","publisher":{"@id":"https:\/\/dicodusport.fr\/blog\/#organization"},"potentialAction":[{"@type":"SearchAction","target":{"@type":"EntryPoint","urlTemplate":"https:\/\/dicodusport.fr\/blog\/?s={search_term_string}"},"query-input":{"@type":"PropertyValueSpecification","valueRequired":true,"valueName":"search_term_string"}}],"inLanguage":"fr-FR"},{"@type":"NewsMediaOrganization","@id":"https:\/\/dicodusport.fr\/blog\/#organization","name":"Dicodusport","url":"https:\/\/dicodusport.fr\/blog\/","logo":{"@type":"ImageObject","inLanguage":"fr-FR","@id":"https:\/\/dicodusport.fr\/blog\/#\/schema\/logo\/image\/","url":"https:\/\/dicodusport.fr\/blog\/wp-content\/uploads\/2020\/06\/cropped-LOGO-DICODUSPORT-2020-SANS-FOND-SANS-TEXTE.png","contentUrl":"https:\/\/dicodusport.fr\/blog\/wp-content\/uploads\/2020\/06\/cropped-LOGO-DICODUSPORT-2020-SANS-FOND-SANS-TEXTE.png","width":512,"height":512,"caption":"Dicodusport"},"image":{"@id":"https:\/\/dicodusport.fr\/blog\/#\/schema\/logo\/image\/"},"sameAs":["https:\/\/www.facebook.com\/dicodusport","https:\/\/x.com\/dicodusport","https:\/\/www.instagram.com\/dicodusport\/","https:\/\/www.youtube.com\/channel\/UC7V2KZ5sd3htJivAbA4ZG3w"],"description":"Dicodusport est l'encyclop\u00e9die de l'actualit\u00e9 sportive.","email":"bonjour@dicodusport.fr","legalName":"DICODUSPORT","foundingDate":"2018-01-14","vatID":"FR71834470973","taxID":"83447097300043","numberOfEmployees":{"@type":"QuantitativeValue","minValue":"1","maxValue":"10"}},{"@type":"Person","@id":"https:\/\/dicodusport.fr\/blog\/#\/schema\/person\/37def232098a7a5cbab3974a3690abb0","name":"Maxime Cazenave","image":{"@type":"ImageObject","inLanguage":"fr-FR","@id":"https:\/\/dicodusport.fr\/blog\/#\/schema\/person\/image\/","url":"https:\/\/dicodusport.fr\/blog\/wp-content\/uploads\/2021\/05\/Maxime-Cazenave-150x150.jpg","contentUrl":"https:\/\/dicodusport.fr\/blog\/wp-content\/uploads\/2021\/05\/Maxime-Cazenave-150x150.jpg","caption":"Maxime Cazenave"},"description":"Journaliste\/R\u00e9dacteur depuis 2012 - Berc\u00e9 par l\u2019amour des Girondins de Bordeaux, les \u00e9checs de Christophe Moreau sur le Tour de France sous l'\u00e8re Lance Armstrong et le fade-away l\u00e9tal de Dirk Nowitzki, ma passion d\u00e9vorante pour le sport a toujours \u00e9t\u00e9 un pan incontournable de ma vie. Transmettre ma passion \u00e0 l\u2019\u00e9crit a \u00e9t\u00e9 une transition naturelle. Suiveur assidu de basket et de hockey sur glace, je garde toujours un peu de place pour suivre le cyclisme, le football et le maximum de performances fran\u00e7aises.","sameAs":["https:\/\/x.com\/https:\/\/twitter.com\/Maxime_Caze"],"url":"https:\/\/dicodusport.fr\/blog\/author\/maximec\/"}]}},"_links":{"self":[{"href":"https:\/\/dicodusport.fr\/blog\/wp-json\/wp\/v2\/posts\/509611","targetHints":{"allow":["GET"]}}],"collection":[{"href":"https:\/\/dicodusport.fr\/blog\/wp-json\/wp\/v2\/posts"}],"about":[{"href":"https:\/\/dicodusport.fr\/blog\/wp-json\/wp\/v2\/types\/post"}],"author":[{"embeddable":true,"href":"https:\/\/dicodusport.fr\/blog\/wp-json\/wp\/v2\/users\/55"}],"replies":[{"embeddable":true,"href":"https:\/\/dicodusport.fr\/blog\/wp-json\/wp\/v2\/comments?post=509611"}],"version-history":[{"count":6,"href":"https:\/\/dicodusport.fr\/blog\/wp-json\/wp\/v2\/posts\/509611\/revisions"}],"predecessor-version":[{"id":510548,"href":"https:\/\/dicodusport.fr\/blog\/wp-json\/wp\/v2\/posts\/509611\/revisions\/510548"}],"wp:featuredmedia":[{"embeddable":true,"href":"https:\/\/dicodusport.fr\/blog\/wp-json\/wp\/v2\/media\/509614"}],"wp:attachment":[{"href":"https:\/\/dicodusport.fr\/blog\/wp-json\/wp\/v2\/media?parent=509611"}],"wp:term":[{"taxonomy":"category","embeddable":true,"href":"https:\/\/dicodusport.fr\/blog\/wp-json\/wp\/v2\/categories?post=509611"},{"taxonomy":"post_tag","embeddable":true,"href":"https:\/\/dicodusport.fr\/blog\/wp-json\/wp\/v2\/tags?post=509611"}],"curies":[{"name":"wp","href":"https:\/\/api.w.org\/{rel}","templated":true}]}}