{"id":510138,"date":"2024-08-08T13:08:23","date_gmt":"2024-08-08T11:08:23","guid":{"rendered":"https:\/\/dicodusport.fr\/blog\/?p=510138&#038;preview=true&#038;preview_id=510138"},"modified":"2024-08-08T13:08:23","modified_gmt":"2024-08-08T11:08:23","slug":"escalade-jo-2024-lor-pour-veddriq-leonardo-a-la-vitesse-bassa-mawem-finit-7eme-et-tire-sa-reverence","status":"publish","type":"post","link":"https:\/\/dicodusport.fr\/blog\/escalade-jo-2024-lor-pour-veddriq-leonardo-a-la-vitesse-bassa-mawem-finit-7eme-et-tire-sa-reverence\/","title":{"rendered":"Escalade JO 2024 : L&rsquo;or pour Veddriq Leonardo \u00e0 la vitesse, Bassa Mawem finit 7\u00e8me et tire sa r\u00e9v\u00e9rence"},"content":{"rendered":"<p style=\"text-align: justify;\"><strong><em>ESCALADE JO 2024 &#8211; Deux jours apr\u00e8s une entr\u00e9e r\u00e9ussie lors de laquelle il a battu son record personnel, Bassa Mawem a \u00e9t\u00e9 \u00e9limin\u00e9 en quarts de finale de la comp\u00e9tition de vitesse. Le titre est revenu \u00e0 l&rsquo;Indon\u00e9sien Veddriq Leonardo.<\/em><\/strong><\/p>\n<ul>\n<li style=\"text-align: justify;\"><strong>\u00c0 ce sujet \u2013\u00a0<a href=\"https:\/\/dicodusport.fr\/blog\/jo-paris-2024\/\" target=\"_blank\" rel=\"noopener\">L\u2019actualit\u00e9 des JO de Paris 2024<\/a><\/strong><\/li>\n<\/ul>\n<h2>Dernier baroud d&rsquo;honneur pour Bassa Mawem<\/h2>\n<p style=\"text-align: justify;\">Qui de mieux pour ouvrir les quarts de finale que le recordman du monde <strong>Sam Watson<\/strong>. Sans difficult\u00e9, l&rsquo;Am\u00e9ricain a dispos\u00e9 du N\u00e9o-Z\u00e9landais <strong>Julian David<\/strong> qui s&rsquo;est manqu\u00e9 sur l&rsquo;une des derni\u00e8res prises. Quelques instants apr\u00e8s, oppos\u00e9 \u00e0 l&rsquo;Indon\u00e9sien <strong>Veddriq Leonardo<\/strong>, d\u00e9tenteur le temps d&rsquo;un instant du record du monde lors des qualifications, <strong>Bassa Mawem<\/strong> n&rsquo;a logiquement rien pu faire, si ce n&rsquo;est s&rsquo;incliner (4.88 secondes contre 5.26 pour le Fran\u00e7ais). L&rsquo;ancien vice-champion du monde en 2018 tire ainsi sa r\u00e9v\u00e9rence sur une septi\u00e8me place olympique devant un public venu en nombre pour rendre hommage \u00e0 sa longue carri\u00e8re.<\/p>\n<ul>\n<li style=\"text-align: justify;\"><strong>\u00c0 ce sujet \u2013\u00a0<a href=\"https:\/\/dicodusport.fr\/blog\/programme-et-resultats-escalade-jo-2024\/\">Programme, dates et r\u00e9sultats Escalade JO 2024<\/a><\/strong><\/li>\n<\/ul>\n<h2 style=\"text-align: justify;\">Le titre pour Veddriq Leonardo, le record du monde pour Sam Watson<\/h2>\n<p style=\"text-align: justify;\">Sensation en demi-finale puisque<strong> Sam Watson<\/strong> a \u00e9t\u00e9 sorti par le Chinois <strong>Wu Peng<\/strong> apr\u00e8s une l\u00e9g\u00e8re erreur \u00f4 combien r\u00e9dhibitoire dans une course de moins de cinq secondes. Le Chinois signe ainsi un temps de 4.85 secondes, huit centi\u00e8mes de mieux que son adversaire. En finale, oppos\u00e9 \u00e0 <strong>Veddriq Leonardo<\/strong>, qualifi\u00e9 aux d\u00e9pens de <strong>Reza Ali Pour<\/strong>, le Chinois s&rsquo;est inclin\u00e9 pour deux petits centi\u00e8mes au terme d&rsquo;une finale extr\u00eamement serr\u00e9e (4.77 contre 4.75 secondes). <strong>Leonardo<\/strong> offre ainsi \u00e0 l&rsquo;Indon\u00e9sie sa premi\u00e8re m\u00e9daille lors de ces Jeux, en or qui plus est. Il devient ainsi le premier champion olympique de l&rsquo;\u00e9preuve puisqu&rsquo;\u00e0 Tokyo, la vitesse \u00e9tait combin\u00e9e au bloc et \u00e0 la difficult\u00e9. La m\u00e9daille de bronze est quant \u00e0 elle revenue \u00e0<strong> Sam Watson<\/strong>, victorieux de l&rsquo;Iranien <strong>Ali Pour<\/strong> en 4.74, nouveau record du monde !<\/p>\n<blockquote class=\"twitter-tweet\">\n<p dir=\"ltr\" lang=\"fr\"><a href=\"https:\/\/twitter.com\/hashtag\/Paris2024?src=hash&amp;ref_src=twsrc%5Etfw\">#Paris2024<\/a> | Malheureusement, \u00e7a ne passe pas pour Bassa Mawem en escalade de vitesse.<br \/>\nEn difficult\u00e9 au d\u00e9marrage, le Fran\u00e7ais n&rsquo;a jamais r\u00e9ussi \u00e0 rattraper son retard et \u00e9choue en quarts de finale.<\/p>\n<p>Les Jeux Olympiques en direct : <a href=\"https:\/\/t.co\/hHHwOiAOqk\">https:\/\/t.co\/hHHwOiAOqk<\/a> <a href=\"https:\/\/t.co\/YZE8XYtUch\">pic.twitter.com\/YZE8XYtUch<\/a><\/p>\n<p>\u2014 francetvsport (@francetvsport) <a href=\"https:\/\/twitter.com\/francetvsport\/status\/1821498548648632554?ref_src=twsrc%5Etfw\">August 8, 2024<\/a><\/p><\/blockquote>\n<p><script async src=\"https:\/\/platform.twitter.com\/widgets.js\" charset=\"utf-8\"><\/script><\/p>\n","protected":false},"excerpt":{"rendered":"<p>L&rsquo;or pour Veddriq Leonardo \u00e0 la vitesse, Bassa Mawem finit 7\u00e8me et tire sa r\u00e9v\u00e9rence<\/p>\n","protected":false},"author":91,"featured_media":510174,"comment_status":"open","ping_status":"closed","sticky":false,"template":"","format":"standard","meta":{"_acf_changed":false,"_daextam_enable_autolinks":"1","footnotes":""},"categories":[10930,8436],"tags":[32415,16878,477,1506,19184,1504,12920,1004],"class_list":["post-510138","post","type-post","status-publish","format-standard","has-post-thumbnail","hentry","category-escalade","category-jo-paris-2024","tag-actu","tag-breve","tag-escalade","tag-jeux-olympiques-2024","tag-jeux-olympiques-de-paris","tag-jo-2024","tag-jo-paris-2024","tag-paris-2024"],"acf":[],"yoast_head":"<!-- This site is optimized with the Yoast SEO Premium plugin v26.7 (Yoast SEO v26.7) - https:\/\/yoast.com\/wordpress\/plugins\/seo\/ -->\n<title>Escalade JO 2024 : L&#039;or pour Veddriq Leonardo \u00e0 la vitesse, Bassa Mawem finit 7\u00e8me et tire sa r\u00e9v\u00e9rence<\/title>\n<meta name=\"description\" content=\"ESCALADE JO 2024 - En vitesse, le titre est revenu \u00e0 Veddriq Leonardo. Bassa Mawem a pour sa part termin\u00e9 septi\u00e8me.\" \/>\n<meta name=\"robots\" content=\"index, follow, max-snippet:-1, max-image-preview:large, max-video-preview:-1\" \/>\n<link rel=\"canonical\" href=\"https:\/\/dicodusport.fr\/blog\/escalade-jo-2024-lor-pour-veddriq-leonardo-a-la-vitesse-bassa-mawem-finit-7eme-et-tire-sa-reverence\/\" \/>\n<meta property=\"og:locale\" content=\"fr_FR\" \/>\n<meta property=\"og:type\" content=\"article\" \/>\n<meta property=\"og:title\" content=\"Escalade JO 2024 : L&#039;or pour Veddriq Leonardo \u00e0 la vitesse, Bassa Mawem finit 7\u00e8me et tire sa r\u00e9v\u00e9rence\" \/>\n<meta property=\"og:description\" content=\"ESCALADE JO 2024 - En vitesse, le titre est revenu \u00e0 Veddriq Leonardo. Bassa Mawem a pour sa part termin\u00e9 septi\u00e8me.\" \/>\n<meta property=\"og:url\" content=\"https:\/\/dicodusport.fr\/blog\/escalade-jo-2024-lor-pour-veddriq-leonardo-a-la-vitesse-bassa-mawem-finit-7eme-et-tire-sa-reverence\/\" \/>\n<meta property=\"og:site_name\" content=\"Dicodusport\" \/>\n<meta property=\"article:publisher\" content=\"https:\/\/www.facebook.com\/dicodusport\" \/>\n<meta property=\"article:published_time\" content=\"2024-08-08T11:08:23+00:00\" \/>\n<meta property=\"og:image\" content=\"https:\/\/dicodusport.fr\/blog\/wp-content\/uploads\/2024\/08\/Escalade-JO-2024-Lor-pour-Veddriq-Leonardo-Bassa-Mawem-finit-7eme-et-tire-sa-reverence.png\" \/>\n\t<meta property=\"og:image:width\" content=\"1200\" \/>\n\t<meta property=\"og:image:height\" content=\"674\" \/>\n\t<meta property=\"og:image:type\" content=\"image\/png\" \/>\n<meta name=\"author\" content=\"Victor Clot-Amiot\" \/>\n<meta name=\"twitter:card\" content=\"summary_large_image\" \/>\n<meta name=\"twitter:title\" content=\"Escalade JO 2024 : L&#039;or pour Veddriq Leonardo \u00e0 la vitesse, Bassa Mawem finit 7\u00e8me et tire sa r\u00e9v\u00e9rence\" \/>\n<meta name=\"twitter:creator\" content=\"@https:\/\/x.com\/VictorClotAmiot\" \/>\n<meta name=\"twitter:site\" content=\"@dicodusport\" \/>\n<script type=\"application\/ld+json\" class=\"yoast-schema-graph\">{\"@context\":\"https:\/\/schema.org\",\"@graph\":[{\"@type\":\"NewsArticle\",\"@id\":\"https:\/\/dicodusport.fr\/blog\/escalade-jo-2024-lor-pour-veddriq-leonardo-a-la-vitesse-bassa-mawem-finit-7eme-et-tire-sa-reverence\/#article\",\"isPartOf\":{\"@id\":\"https:\/\/dicodusport.fr\/blog\/escalade-jo-2024-lor-pour-veddriq-leonardo-a-la-vitesse-bassa-mawem-finit-7eme-et-tire-sa-reverence\/\"},\"author\":{\"name\":\"Victor Clot-Amiot\",\"@id\":\"https:\/\/dicodusport.fr\/blog\/#\/schema\/person\/b623199cba9ba90fe84a3d16e9282360\"},\"headline\":\"Escalade JO 2024 : L&rsquo;or pour Veddriq Leonardo \u00e0 la vitesse, Bassa Mawem finit 7\u00e8me et tire sa r\u00e9v\u00e9rence\",\"datePublished\":\"2024-08-08T11:08:23+00:00\",\"mainEntityOfPage\":{\"@id\":\"https:\/\/dicodusport.fr\/blog\/escalade-jo-2024-lor-pour-veddriq-leonardo-a-la-vitesse-bassa-mawem-finit-7eme-et-tire-sa-reverence\/\"},\"wordCount\":413,\"commentCount\":0,\"publisher\":{\"@id\":\"https:\/\/dicodusport.fr\/blog\/#organization\"},\"image\":{\"@id\":\"https:\/\/dicodusport.fr\/blog\/escalade-jo-2024-lor-pour-veddriq-leonardo-a-la-vitesse-bassa-mawem-finit-7eme-et-tire-sa-reverence\/#primaryimage\"},\"thumbnailUrl\":\"https:\/\/dicodusport.fr\/blog\/wp-content\/uploads\/2024\/08\/Escalade-JO-2024-Lor-pour-Veddriq-Leonardo-Bassa-Mawem-finit-7eme-et-tire-sa-reverence.png\",\"keywords\":[\"actu\",\"br\u00e8ve\",\"Escalade\",\"Jeux olympiques 2024\",\"Jeux Olympiques de Paris\",\"JO 2024\",\"JO Paris 2024\",\"Paris 2024\"],\"articleSection\":[\"Escalade\",\"JO Paris 2024\"],\"inLanguage\":\"fr-FR\",\"potentialAction\":[{\"@type\":\"CommentAction\",\"name\":\"Comment\",\"target\":[\"https:\/\/dicodusport.fr\/blog\/escalade-jo-2024-lor-pour-veddriq-leonardo-a-la-vitesse-bassa-mawem-finit-7eme-et-tire-sa-reverence\/#respond\"]}],\"copyrightYear\":\"2024\",\"copyrightHolder\":{\"@id\":\"https:\/\/dicodusport.fr\/blog\/#organization\"}},{\"@type\":\"WebPage\",\"@id\":\"https:\/\/dicodusport.fr\/blog\/escalade-jo-2024-lor-pour-veddriq-leonardo-a-la-vitesse-bassa-mawem-finit-7eme-et-tire-sa-reverence\/\",\"url\":\"https:\/\/dicodusport.fr\/blog\/escalade-jo-2024-lor-pour-veddriq-leonardo-a-la-vitesse-bassa-mawem-finit-7eme-et-tire-sa-reverence\/\",\"name\":\"Escalade JO 2024 : L'or pour Veddriq Leonardo \u00e0 la vitesse, Bassa Mawem finit 7\u00e8me et tire sa r\u00e9v\u00e9rence\",\"isPartOf\":{\"@id\":\"https:\/\/dicodusport.fr\/blog\/#website\"},\"primaryImageOfPage\":{\"@id\":\"https:\/\/dicodusport.fr\/blog\/escalade-jo-2024-lor-pour-veddriq-leonardo-a-la-vitesse-bassa-mawem-finit-7eme-et-tire-sa-reverence\/#primaryimage\"},\"image\":{\"@id\":\"https:\/\/dicodusport.fr\/blog\/escalade-jo-2024-lor-pour-veddriq-leonardo-a-la-vitesse-bassa-mawem-finit-7eme-et-tire-sa-reverence\/#primaryimage\"},\"thumbnailUrl\":\"https:\/\/dicodusport.fr\/blog\/wp-content\/uploads\/2024\/08\/Escalade-JO-2024-Lor-pour-Veddriq-Leonardo-Bassa-Mawem-finit-7eme-et-tire-sa-reverence.png\",\"datePublished\":\"2024-08-08T11:08:23+00:00\",\"description\":\"ESCALADE JO 2024 - En vitesse, le titre est revenu \u00e0 Veddriq Leonardo. Bassa Mawem a pour sa part termin\u00e9 septi\u00e8me.\",\"breadcrumb\":{\"@id\":\"https:\/\/dicodusport.fr\/blog\/escalade-jo-2024-lor-pour-veddriq-leonardo-a-la-vitesse-bassa-mawem-finit-7eme-et-tire-sa-reverence\/#breadcrumb\"},\"inLanguage\":\"fr-FR\",\"potentialAction\":[{\"@type\":\"ReadAction\",\"target\":[\"https:\/\/dicodusport.fr\/blog\/escalade-jo-2024-lor-pour-veddriq-leonardo-a-la-vitesse-bassa-mawem-finit-7eme-et-tire-sa-reverence\/\"]}]},{\"@type\":\"ImageObject\",\"inLanguage\":\"fr-FR\",\"@id\":\"https:\/\/dicodusport.fr\/blog\/escalade-jo-2024-lor-pour-veddriq-leonardo-a-la-vitesse-bassa-mawem-finit-7eme-et-tire-sa-reverence\/#primaryimage\",\"url\":\"https:\/\/dicodusport.fr\/blog\/wp-content\/uploads\/2024\/08\/Escalade-JO-2024-Lor-pour-Veddriq-Leonardo-Bassa-Mawem-finit-7eme-et-tire-sa-reverence.png\",\"contentUrl\":\"https:\/\/dicodusport.fr\/blog\/wp-content\/uploads\/2024\/08\/Escalade-JO-2024-Lor-pour-Veddriq-Leonardo-Bassa-Mawem-finit-7eme-et-tire-sa-reverence.png\",\"width\":1200,\"height\":674,\"caption\":\"Escalade JO 2024 L'or pour Veddriq Leonardo, Bassa Mawem finit 7\u00e8me et tire sa r\u00e9v\u00e9rence\"},{\"@type\":\"BreadcrumbList\",\"@id\":\"https:\/\/dicodusport.fr\/blog\/escalade-jo-2024-lor-pour-veddriq-leonardo-a-la-vitesse-bassa-mawem-finit-7eme-et-tire-sa-reverence\/#breadcrumb\",\"itemListElement\":[{\"@type\":\"ListItem\",\"position\":1,\"name\":\"Accueil\",\"item\":\"https:\/\/dicodusport.fr\/blog\/\"},{\"@type\":\"ListItem\",\"position\":2,\"name\":\"Escalade JO 2024 : L&#8217;or pour Veddriq Leonardo \u00e0 la vitesse, Bassa Mawem finit 7\u00e8me et tire sa r\u00e9v\u00e9rence\"}]},{\"@type\":\"WebSite\",\"@id\":\"https:\/\/dicodusport.fr\/blog\/#website\",\"url\":\"https:\/\/dicodusport.fr\/blog\/\",\"name\":\"Dicodusport\",\"description\":\"L&#039;encyclop\u00e9die de l&#039;actualit\u00e9 sportive\",\"publisher\":{\"@id\":\"https:\/\/dicodusport.fr\/blog\/#organization\"},\"potentialAction\":[{\"@type\":\"SearchAction\",\"target\":{\"@type\":\"EntryPoint\",\"urlTemplate\":\"https:\/\/dicodusport.fr\/blog\/?s={search_term_string}\"},\"query-input\":{\"@type\":\"PropertyValueSpecification\",\"valueRequired\":true,\"valueName\":\"search_term_string\"}}],\"inLanguage\":\"fr-FR\"},{\"@type\":\"NewsMediaOrganization\",\"@id\":\"https:\/\/dicodusport.fr\/blog\/#organization\",\"name\":\"Dicodusport\",\"url\":\"https:\/\/dicodusport.fr\/blog\/\",\"logo\":{\"@type\":\"ImageObject\",\"inLanguage\":\"fr-FR\",\"@id\":\"https:\/\/dicodusport.fr\/blog\/#\/schema\/logo\/image\/\",\"url\":\"https:\/\/dicodusport.fr\/blog\/wp-content\/uploads\/2020\/06\/cropped-LOGO-DICODUSPORT-2020-SANS-FOND-SANS-TEXTE.png\",\"contentUrl\":\"https:\/\/dicodusport.fr\/blog\/wp-content\/uploads\/2020\/06\/cropped-LOGO-DICODUSPORT-2020-SANS-FOND-SANS-TEXTE.png\",\"width\":512,\"height\":512,\"caption\":\"Dicodusport\"},\"image\":{\"@id\":\"https:\/\/dicodusport.fr\/blog\/#\/schema\/logo\/image\/\"},\"sameAs\":[\"https:\/\/www.facebook.com\/dicodusport\",\"https:\/\/x.com\/dicodusport\",\"https:\/\/www.instagram.com\/dicodusport\/\",\"https:\/\/www.youtube.com\/channel\/UC7V2KZ5sd3htJivAbA4ZG3w\"],\"description\":\"Dicodusport est l'encyclop\u00e9die de l'actualit\u00e9 sportive.\",\"email\":\"bonjour@dicodusport.fr\",\"legalName\":\"DICODUSPORT\",\"foundingDate\":\"2018-01-14\",\"vatID\":\"FR71834470973\",\"taxID\":\"83447097300043\",\"numberOfEmployees\":{\"@type\":\"QuantitativeValue\",\"minValue\":\"1\",\"maxValue\":\"10\"}},{\"@type\":\"Person\",\"@id\":\"https:\/\/dicodusport.fr\/blog\/#\/schema\/person\/b623199cba9ba90fe84a3d16e9282360\",\"name\":\"Victor Clot-Amiot\",\"image\":{\"@type\":\"ImageObject\",\"inLanguage\":\"fr-FR\",\"@id\":\"https:\/\/dicodusport.fr\/blog\/#\/schema\/person\/image\/\",\"url\":\"https:\/\/dicodusport.fr\/blog\/wp-content\/uploads\/2023\/09\/IMG_20190826_114722-150x150.jpg\",\"contentUrl\":\"https:\/\/dicodusport.fr\/blog\/wp-content\/uploads\/2023\/09\/IMG_20190826_114722-150x150.jpg\",\"caption\":\"Victor Clot-Amiot\"},\"description\":\"Passionn\u00e9 de sport depuis toujours, un jour \u00e0 l'adolescence mes parents m'ont dit : \\\"quitte \u00e0 passer ton temps \u00e0 regarder du sport, au moins va le voir en vrai\\\" ! Depuis, cette remarque ne m'a plus quitt\u00e9 et je passe une grande partie de mon temps libre \u00e0 assister \u00e0 des comp\u00e9titions de tous sports. Je m\u00eale d'ailleurs mes deux passions, le sport et les voyages afin de faire une pierre deux coups ! Outre l'US Open ou l'Euro 2021 par exemple, j'ai assist\u00e9 cet \u00e9t\u00e9 aux Mondiaux d'athl\u00e9tisme \u00e0 Budapest. Mon plus gros coup dur est et restera les JO 2020-2021 pour lesquels j'avais r\u00e9serv\u00e9 17 \u00e9preuves. La suite, vous la connaissez...\",\"sameAs\":[\"https:\/\/x.com\/https:\/\/x.com\/VictorClotAmiot\"],\"url\":\"https:\/\/dicodusport.fr\/blog\/author\/victor-clot-amiot\/\"}]}<\/script>\n<!-- \/ Yoast SEO Premium plugin. -->","yoast_head_json":{"title":"Escalade JO 2024 : L'or pour Veddriq Leonardo \u00e0 la vitesse, Bassa Mawem finit 7\u00e8me et tire sa r\u00e9v\u00e9rence","description":"ESCALADE JO 2024 - En vitesse, le titre est revenu \u00e0 Veddriq Leonardo. Bassa Mawem a pour sa part termin\u00e9 septi\u00e8me.","robots":{"index":"index","follow":"follow","max-snippet":"max-snippet:-1","max-image-preview":"max-image-preview:large","max-video-preview":"max-video-preview:-1"},"canonical":"https:\/\/dicodusport.fr\/blog\/escalade-jo-2024-lor-pour-veddriq-leonardo-a-la-vitesse-bassa-mawem-finit-7eme-et-tire-sa-reverence\/","og_locale":"fr_FR","og_type":"article","og_title":"Escalade JO 2024 : L'or pour Veddriq Leonardo \u00e0 la vitesse, Bassa Mawem finit 7\u00e8me et tire sa r\u00e9v\u00e9rence","og_description":"ESCALADE JO 2024 - En vitesse, le titre est revenu \u00e0 Veddriq Leonardo. Bassa Mawem a pour sa part termin\u00e9 septi\u00e8me.","og_url":"https:\/\/dicodusport.fr\/blog\/escalade-jo-2024-lor-pour-veddriq-leonardo-a-la-vitesse-bassa-mawem-finit-7eme-et-tire-sa-reverence\/","og_site_name":"Dicodusport","article_publisher":"https:\/\/www.facebook.com\/dicodusport","article_published_time":"2024-08-08T11:08:23+00:00","og_image":[{"width":1200,"height":674,"url":"https:\/\/dicodusport.fr\/blog\/wp-content\/uploads\/2024\/08\/Escalade-JO-2024-Lor-pour-Veddriq-Leonardo-Bassa-Mawem-finit-7eme-et-tire-sa-reverence.png","type":"image\/png"}],"author":"Victor Clot-Amiot","twitter_card":"summary_large_image","twitter_title":"Escalade JO 2024 : L'or pour Veddriq Leonardo \u00e0 la vitesse, Bassa Mawem finit 7\u00e8me et tire sa r\u00e9v\u00e9rence","twitter_creator":"@https:\/\/x.com\/VictorClotAmiot","twitter_site":"@dicodusport","schema":{"@context":"https:\/\/schema.org","@graph":[{"@type":"NewsArticle","@id":"https:\/\/dicodusport.fr\/blog\/escalade-jo-2024-lor-pour-veddriq-leonardo-a-la-vitesse-bassa-mawem-finit-7eme-et-tire-sa-reverence\/#article","isPartOf":{"@id":"https:\/\/dicodusport.fr\/blog\/escalade-jo-2024-lor-pour-veddriq-leonardo-a-la-vitesse-bassa-mawem-finit-7eme-et-tire-sa-reverence\/"},"author":{"name":"Victor Clot-Amiot","@id":"https:\/\/dicodusport.fr\/blog\/#\/schema\/person\/b623199cba9ba90fe84a3d16e9282360"},"headline":"Escalade JO 2024 : L&rsquo;or pour Veddriq Leonardo \u00e0 la vitesse, Bassa Mawem finit 7\u00e8me et tire sa r\u00e9v\u00e9rence","datePublished":"2024-08-08T11:08:23+00:00","mainEntityOfPage":{"@id":"https:\/\/dicodusport.fr\/blog\/escalade-jo-2024-lor-pour-veddriq-leonardo-a-la-vitesse-bassa-mawem-finit-7eme-et-tire-sa-reverence\/"},"wordCount":413,"commentCount":0,"publisher":{"@id":"https:\/\/dicodusport.fr\/blog\/#organization"},"image":{"@id":"https:\/\/dicodusport.fr\/blog\/escalade-jo-2024-lor-pour-veddriq-leonardo-a-la-vitesse-bassa-mawem-finit-7eme-et-tire-sa-reverence\/#primaryimage"},"thumbnailUrl":"https:\/\/dicodusport.fr\/blog\/wp-content\/uploads\/2024\/08\/Escalade-JO-2024-Lor-pour-Veddriq-Leonardo-Bassa-Mawem-finit-7eme-et-tire-sa-reverence.png","keywords":["actu","br\u00e8ve","Escalade","Jeux olympiques 2024","Jeux Olympiques de Paris","JO 2024","JO Paris 2024","Paris 2024"],"articleSection":["Escalade","JO Paris 2024"],"inLanguage":"fr-FR","potentialAction":[{"@type":"CommentAction","name":"Comment","target":["https:\/\/dicodusport.fr\/blog\/escalade-jo-2024-lor-pour-veddriq-leonardo-a-la-vitesse-bassa-mawem-finit-7eme-et-tire-sa-reverence\/#respond"]}],"copyrightYear":"2024","copyrightHolder":{"@id":"https:\/\/dicodusport.fr\/blog\/#organization"}},{"@type":"WebPage","@id":"https:\/\/dicodusport.fr\/blog\/escalade-jo-2024-lor-pour-veddriq-leonardo-a-la-vitesse-bassa-mawem-finit-7eme-et-tire-sa-reverence\/","url":"https:\/\/dicodusport.fr\/blog\/escalade-jo-2024-lor-pour-veddriq-leonardo-a-la-vitesse-bassa-mawem-finit-7eme-et-tire-sa-reverence\/","name":"Escalade JO 2024 : L'or pour Veddriq Leonardo \u00e0 la vitesse, Bassa Mawem finit 7\u00e8me et tire sa r\u00e9v\u00e9rence","isPartOf":{"@id":"https:\/\/dicodusport.fr\/blog\/#website"},"primaryImageOfPage":{"@id":"https:\/\/dicodusport.fr\/blog\/escalade-jo-2024-lor-pour-veddriq-leonardo-a-la-vitesse-bassa-mawem-finit-7eme-et-tire-sa-reverence\/#primaryimage"},"image":{"@id":"https:\/\/dicodusport.fr\/blog\/escalade-jo-2024-lor-pour-veddriq-leonardo-a-la-vitesse-bassa-mawem-finit-7eme-et-tire-sa-reverence\/#primaryimage"},"thumbnailUrl":"https:\/\/dicodusport.fr\/blog\/wp-content\/uploads\/2024\/08\/Escalade-JO-2024-Lor-pour-Veddriq-Leonardo-Bassa-Mawem-finit-7eme-et-tire-sa-reverence.png","datePublished":"2024-08-08T11:08:23+00:00","description":"ESCALADE JO 2024 - En vitesse, le titre est revenu \u00e0 Veddriq Leonardo. Bassa Mawem a pour sa part termin\u00e9 septi\u00e8me.","breadcrumb":{"@id":"https:\/\/dicodusport.fr\/blog\/escalade-jo-2024-lor-pour-veddriq-leonardo-a-la-vitesse-bassa-mawem-finit-7eme-et-tire-sa-reverence\/#breadcrumb"},"inLanguage":"fr-FR","potentialAction":[{"@type":"ReadAction","target":["https:\/\/dicodusport.fr\/blog\/escalade-jo-2024-lor-pour-veddriq-leonardo-a-la-vitesse-bassa-mawem-finit-7eme-et-tire-sa-reverence\/"]}]},{"@type":"ImageObject","inLanguage":"fr-FR","@id":"https:\/\/dicodusport.fr\/blog\/escalade-jo-2024-lor-pour-veddriq-leonardo-a-la-vitesse-bassa-mawem-finit-7eme-et-tire-sa-reverence\/#primaryimage","url":"https:\/\/dicodusport.fr\/blog\/wp-content\/uploads\/2024\/08\/Escalade-JO-2024-Lor-pour-Veddriq-Leonardo-Bassa-Mawem-finit-7eme-et-tire-sa-reverence.png","contentUrl":"https:\/\/dicodusport.fr\/blog\/wp-content\/uploads\/2024\/08\/Escalade-JO-2024-Lor-pour-Veddriq-Leonardo-Bassa-Mawem-finit-7eme-et-tire-sa-reverence.png","width":1200,"height":674,"caption":"Escalade JO 2024 L'or pour Veddriq Leonardo, Bassa Mawem finit 7\u00e8me et tire sa r\u00e9v\u00e9rence"},{"@type":"BreadcrumbList","@id":"https:\/\/dicodusport.fr\/blog\/escalade-jo-2024-lor-pour-veddriq-leonardo-a-la-vitesse-bassa-mawem-finit-7eme-et-tire-sa-reverence\/#breadcrumb","itemListElement":[{"@type":"ListItem","position":1,"name":"Accueil","item":"https:\/\/dicodusport.fr\/blog\/"},{"@type":"ListItem","position":2,"name":"Escalade JO 2024 : L&#8217;or pour Veddriq Leonardo \u00e0 la vitesse, Bassa Mawem finit 7\u00e8me et tire sa r\u00e9v\u00e9rence"}]},{"@type":"WebSite","@id":"https:\/\/dicodusport.fr\/blog\/#website","url":"https:\/\/dicodusport.fr\/blog\/","name":"Dicodusport","description":"L&#039;encyclop\u00e9die de l&#039;actualit\u00e9 sportive","publisher":{"@id":"https:\/\/dicodusport.fr\/blog\/#organization"},"potentialAction":[{"@type":"SearchAction","target":{"@type":"EntryPoint","urlTemplate":"https:\/\/dicodusport.fr\/blog\/?s={search_term_string}"},"query-input":{"@type":"PropertyValueSpecification","valueRequired":true,"valueName":"search_term_string"}}],"inLanguage":"fr-FR"},{"@type":"NewsMediaOrganization","@id":"https:\/\/dicodusport.fr\/blog\/#organization","name":"Dicodusport","url":"https:\/\/dicodusport.fr\/blog\/","logo":{"@type":"ImageObject","inLanguage":"fr-FR","@id":"https:\/\/dicodusport.fr\/blog\/#\/schema\/logo\/image\/","url":"https:\/\/dicodusport.fr\/blog\/wp-content\/uploads\/2020\/06\/cropped-LOGO-DICODUSPORT-2020-SANS-FOND-SANS-TEXTE.png","contentUrl":"https:\/\/dicodusport.fr\/blog\/wp-content\/uploads\/2020\/06\/cropped-LOGO-DICODUSPORT-2020-SANS-FOND-SANS-TEXTE.png","width":512,"height":512,"caption":"Dicodusport"},"image":{"@id":"https:\/\/dicodusport.fr\/blog\/#\/schema\/logo\/image\/"},"sameAs":["https:\/\/www.facebook.com\/dicodusport","https:\/\/x.com\/dicodusport","https:\/\/www.instagram.com\/dicodusport\/","https:\/\/www.youtube.com\/channel\/UC7V2KZ5sd3htJivAbA4ZG3w"],"description":"Dicodusport est l'encyclop\u00e9die de l'actualit\u00e9 sportive.","email":"bonjour@dicodusport.fr","legalName":"DICODUSPORT","foundingDate":"2018-01-14","vatID":"FR71834470973","taxID":"83447097300043","numberOfEmployees":{"@type":"QuantitativeValue","minValue":"1","maxValue":"10"}},{"@type":"Person","@id":"https:\/\/dicodusport.fr\/blog\/#\/schema\/person\/b623199cba9ba90fe84a3d16e9282360","name":"Victor Clot-Amiot","image":{"@type":"ImageObject","inLanguage":"fr-FR","@id":"https:\/\/dicodusport.fr\/blog\/#\/schema\/person\/image\/","url":"https:\/\/dicodusport.fr\/blog\/wp-content\/uploads\/2023\/09\/IMG_20190826_114722-150x150.jpg","contentUrl":"https:\/\/dicodusport.fr\/blog\/wp-content\/uploads\/2023\/09\/IMG_20190826_114722-150x150.jpg","caption":"Victor Clot-Amiot"},"description":"Passionn\u00e9 de sport depuis toujours, un jour \u00e0 l'adolescence mes parents m'ont dit : \"quitte \u00e0 passer ton temps \u00e0 regarder du sport, au moins va le voir en vrai\" ! Depuis, cette remarque ne m'a plus quitt\u00e9 et je passe une grande partie de mon temps libre \u00e0 assister \u00e0 des comp\u00e9titions de tous sports. Je m\u00eale d'ailleurs mes deux passions, le sport et les voyages afin de faire une pierre deux coups ! Outre l'US Open ou l'Euro 2021 par exemple, j'ai assist\u00e9 cet \u00e9t\u00e9 aux Mondiaux d'athl\u00e9tisme \u00e0 Budapest. Mon plus gros coup dur est et restera les JO 2020-2021 pour lesquels j'avais r\u00e9serv\u00e9 17 \u00e9preuves. La suite, vous la connaissez...","sameAs":["https:\/\/x.com\/https:\/\/x.com\/VictorClotAmiot"],"url":"https:\/\/dicodusport.fr\/blog\/author\/victor-clot-amiot\/"}]}},"_links":{"self":[{"href":"https:\/\/dicodusport.fr\/blog\/wp-json\/wp\/v2\/posts\/510138","targetHints":{"allow":["GET"]}}],"collection":[{"href":"https:\/\/dicodusport.fr\/blog\/wp-json\/wp\/v2\/posts"}],"about":[{"href":"https:\/\/dicodusport.fr\/blog\/wp-json\/wp\/v2\/types\/post"}],"author":[{"embeddable":true,"href":"https:\/\/dicodusport.fr\/blog\/wp-json\/wp\/v2\/users\/91"}],"replies":[{"embeddable":true,"href":"https:\/\/dicodusport.fr\/blog\/wp-json\/wp\/v2\/comments?post=510138"}],"version-history":[{"count":4,"href":"https:\/\/dicodusport.fr\/blog\/wp-json\/wp\/v2\/posts\/510138\/revisions"}],"predecessor-version":[{"id":510176,"href":"https:\/\/dicodusport.fr\/blog\/wp-json\/wp\/v2\/posts\/510138\/revisions\/510176"}],"wp:featuredmedia":[{"embeddable":true,"href":"https:\/\/dicodusport.fr\/blog\/wp-json\/wp\/v2\/media\/510174"}],"wp:attachment":[{"href":"https:\/\/dicodusport.fr\/blog\/wp-json\/wp\/v2\/media?parent=510138"}],"wp:term":[{"taxonomy":"category","embeddable":true,"href":"https:\/\/dicodusport.fr\/blog\/wp-json\/wp\/v2\/categories?post=510138"},{"taxonomy":"post_tag","embeddable":true,"href":"https:\/\/dicodusport.fr\/blog\/wp-json\/wp\/v2\/tags?post=510138"}],"curies":[{"name":"wp","href":"https:\/\/api.w.org\/{rel}","templated":true}]}}