{"id":51022,"date":"2019-10-09T14:00:43","date_gmt":"2019-10-09T12:00:43","guid":{"rendered":"http:\/\/dicodusport.fr\/blog\/?p=51022&#038;preview=true&#038;preview_id=51022"},"modified":"2019-10-09T14:05:19","modified_gmt":"2019-10-09T12:05:19","slug":"ultra-trail-francois-d-haene-n-ira-pas-au-bout-de-son-defi-dans-les-rocheuses-americaines","status":"publish","type":"post","link":"https:\/\/dicodusport.fr\/blog\/ultra-trail-francois-d-haene-n-ira-pas-au-bout-de-son-defi-dans-les-rocheuses-americaines\/","title":{"rendered":"Ultra-Trail : Fran\u00e7ois D&rsquo;Haene n&rsquo;ira pas au bout de son d\u00e9fi dans les Rocheuses am\u00e9ricaines"},"content":{"rendered":"<p style=\"text-align: justify;\"><strong><em>Ultra-Trail &#8211; Parti dans un d\u00e9fi fou dans les Rocheuses am\u00e9ricaines le 2 octobre dernier, Fran\u00e7ois D&rsquo;Haene a d\u00fb renoncer \u00e0 mi-chemin, \u00e0 cause des abondantes chutes de neige.<\/em><\/strong><\/p>\n<p style=\"text-align: justify;\">C&rsquo;\u00e9tait un d\u00e9fi fou. 860 km reliant l&rsquo;extr\u00e9mit\u00e9 nord du <strong>Pacific Crest Trail<\/strong> \u00e0 la fronti\u00e8re entre les \u00c9tats-Unis et le Canada et \u00ab <strong>Bridge of the Gods<\/strong> \u00bb, pr\u00e8s de Portland, et ce en moins de huit jours. Apr\u00e8s avoir parcouru 350 km en deux jours, le Fran\u00e7ais, accompagn\u00e9 de ses deux meneurs d&rsquo;allure <strong>Alexis Traub<\/strong> et <strong>Guillaume Prevost<\/strong>, avait d\u00fb faire une parenth\u00e8se forc\u00e9e ce mardi, \u00e0 cause des conditions m\u00e9t\u00e9orologiques tr\u00e8s compliqu\u00e9es, avec d&rsquo;abondantes chutes de neige persistantes dans les Rocheuses.<\/p>\n<h2 style=\"text-align: justify;\">La m\u00e9t\u00e9o a eu raison de D&rsquo;Haene et son \u00e9quipe<\/h2>\n<p style=\"text-align: justify;\">Ce mercredi, <strong>le triple vainqueur de l&rsquo;UTMB<\/strong> a repris sa route vers Portland. Mais, apr\u00e8s 45 km dans un \u00e9pais manteau blanc, le Lillois d&rsquo;origine a d\u00fb se faire une raison et stopper sa progression. Sur la page Facebook du <strong>quadruple laur\u00e9at du Grand Raid<\/strong>, son \u00e9quipe s&rsquo;est expliqu\u00e9e : <em>\u00ab Apr\u00e8s 9h et 45 km \u00e0 tracer dans une neige de plus en plus abondante, ils ont retrouv\u00e9 avec une joie et une \u00e9motion non dissimul\u00e9e le reste de l&rsquo;\u00e9quipe qui \u00e9tait mont\u00e9e les chercher \u00e0 Cathedral Pass sous plus de 50 cm de poudreuse. Impossible de continuer dans ces conditions. La nature et la puissance des \u00e9l\u00e9ments ont repris leurs droits. \u00bb<\/em><\/p>\n<p style=\"text-align: justify;\">L&rsquo;\u00e9quipe du Tricolore s&rsquo;est aussi dite <em>\u00ab tr\u00e8s d\u00e9\u00e7ue de ne pas pouvoir achever ce projet mais saine et sauve et la t\u00eate et le c\u0153ur\u00a0remplis d&rsquo;images et d&rsquo;\u00e9motions construites pendant ces 400 km d&rsquo;aventure commune \u00bb<\/em>.<\/p>\n<p><strong><em>Dicodusport<br \/>\n<a href=\"https:\/\/www.facebook.com\/dicodusport\/\" target=\"_blank\" rel=\"noopener\"><img loading=\"lazy\" decoding=\"async\" class=\"alignnone wp-image-2909\" src=\"http:\/\/dicodusport.fr\/blog\/wp-content\/uploads\/2017\/07\/logo-facebook-150x150.png\" alt=\"\" width=\"40\" height=\"40\" \/><\/a><a href=\"https:\/\/twitter.com\/dicodusport\" target=\"_blank\" rel=\"noopener\"><img loading=\"lazy\" decoding=\"async\" class=\"alignnone wp-image-2908\" src=\"http:\/\/dicodusport.fr\/blog\/wp-content\/uploads\/2017\/07\/logo-twitter-150x150.png\" alt=\"\" width=\"39\" height=\"39\" \/><\/a><\/em><\/strong><\/p>\n<p>&nbsp;<\/p>\n","protected":false},"excerpt":{"rendered":"<p>Ultra-Trail &#8211; Parti dans un d\u00e9fi fou dans les Rocheuses am\u00e9ricaines le 2 octobre dernier, Fran\u00e7ois D&rsquo;Haene a d\u00fb renoncer \u00e0 mi-chemin, \u00e0 cause des abondantes chutes de neige.<\/p>\n","protected":false},"author":4,"featured_media":51024,"comment_status":"open","ping_status":"closed","sticky":false,"template":"","format":"standard","meta":{"_acf_changed":false,"_daextam_enable_autolinks":"","footnotes":""},"categories":[8673],"tags":[6173,5836],"class_list":["post-51022","post","type-post","status-publish","format-standard","has-post-thumbnail","hentry","category-trail","tag-francois-dhaene","tag-ultra-trail"],"acf":[],"yoast_head":"<!-- This site is optimized with the Yoast SEO Premium plugin v26.7 (Yoast SEO v26.7) - https:\/\/yoast.com\/wordpress\/plugins\/seo\/ -->\n<title>Ultra-Trail : Fran\u00e7ois D&#039;Haene n&#039;ira pas au bout de son d\u00e9fi dans les Rocheuses am\u00e9ricaines<\/title>\n<meta name=\"description\" content=\"Ultra-Trail - Parti dans un d\u00e9fi fou dans les Rocheuses am\u00e9ricaines, Fran\u00e7ois D&#039;Haene a d\u00fb renoncer \u00e0 mi-chemin, \u00e0 cause des abondantes chutes de neige.\" \/>\n<meta name=\"robots\" content=\"index, follow, max-snippet:-1, max-image-preview:large, max-video-preview:-1\" \/>\n<link rel=\"canonical\" href=\"https:\/\/dicodusport.fr\/blog\/ultra-trail-francois-d-haene-n-ira-pas-au-bout-de-son-defi-dans-les-rocheuses-americaines\/\" \/>\n<meta property=\"og:locale\" content=\"fr_FR\" \/>\n<meta property=\"og:type\" content=\"article\" \/>\n<meta property=\"og:title\" content=\"Ultra-Trail : Fran\u00e7ois D&#039;Haene n&#039;ira pas au bout de son d\u00e9fi dans les Rocheuses am\u00e9ricaines\" \/>\n<meta property=\"og:description\" content=\"Ultra-Trail - Parti dans un d\u00e9fi fou dans les Rocheuses am\u00e9ricaines, Fran\u00e7ois D&#039;Haene a d\u00fb renoncer \u00e0 mi-chemin, \u00e0 cause des abondantes chutes de neige.\" \/>\n<meta property=\"og:url\" content=\"https:\/\/dicodusport.fr\/blog\/ultra-trail-francois-d-haene-n-ira-pas-au-bout-de-son-defi-dans-les-rocheuses-americaines\/\" \/>\n<meta property=\"og:site_name\" content=\"Dicodusport\" \/>\n<meta property=\"article:publisher\" content=\"https:\/\/www.facebook.com\/dicodusport\" \/>\n<meta property=\"article:author\" content=\"https:\/\/www.facebook.com\/florent.ostermann\" \/>\n<meta property=\"article:published_time\" content=\"2019-10-09T12:00:43+00:00\" \/>\n<meta property=\"article:modified_time\" content=\"2019-10-09T12:05:19+00:00\" \/>\n<meta property=\"og:image\" content=\"https:\/\/dicodusport.fr\/blog\/wp-content\/uploads\/2019\/10\/Ultra-Trail-Fran\u00e7ois-DHaene-nira-pas-au-bout-de-son-d\u00e9fi-dans-les-Rocheuses-am\u00e9ricaines.png\" \/>\n\t<meta property=\"og:image:width\" content=\"800\" \/>\n\t<meta property=\"og:image:height\" content=\"445\" \/>\n\t<meta property=\"og:image:type\" content=\"image\/png\" \/>\n<meta name=\"author\" content=\"Flo Ostermann\" \/>\n<meta name=\"twitter:card\" content=\"summary_large_image\" \/>\n<meta name=\"twitter:title\" content=\"Ultra-Trail : Fran\u00e7ois D&#039;Haene n&#039;ira pas au bout de son d\u00e9fi dans les Rocheuses am\u00e9ricaines\" \/>\n<meta name=\"twitter:creator\" content=\"@https:\/\/twitter.com\/FlOstermann\" \/>\n<meta name=\"twitter:site\" content=\"@dicodusport\" \/>\n<script type=\"application\/ld+json\" class=\"yoast-schema-graph\">{\"@context\":\"https:\/\/schema.org\",\"@graph\":[{\"@type\":\"NewsArticle\",\"@id\":\"https:\/\/dicodusport.fr\/blog\/ultra-trail-francois-d-haene-n-ira-pas-au-bout-de-son-defi-dans-les-rocheuses-americaines\/#article\",\"isPartOf\":{\"@id\":\"https:\/\/dicodusport.fr\/blog\/ultra-trail-francois-d-haene-n-ira-pas-au-bout-de-son-defi-dans-les-rocheuses-americaines\/\"},\"author\":{\"name\":\"Flo Ostermann\",\"@id\":\"https:\/\/dicodusport.fr\/blog\/#\/schema\/person\/cb02af4c173ce4a653b55e9baf388d4a\"},\"headline\":\"Ultra-Trail : Fran\u00e7ois D&rsquo;Haene n&rsquo;ira pas au bout de son d\u00e9fi dans les Rocheuses am\u00e9ricaines\",\"datePublished\":\"2019-10-09T12:00:43+00:00\",\"dateModified\":\"2019-10-09T12:05:19+00:00\",\"mainEntityOfPage\":{\"@id\":\"https:\/\/dicodusport.fr\/blog\/ultra-trail-francois-d-haene-n-ira-pas-au-bout-de-son-defi-dans-les-rocheuses-americaines\/\"},\"wordCount\":319,\"commentCount\":0,\"publisher\":{\"@id\":\"https:\/\/dicodusport.fr\/blog\/#organization\"},\"image\":{\"@id\":\"https:\/\/dicodusport.fr\/blog\/ultra-trail-francois-d-haene-n-ira-pas-au-bout-de-son-defi-dans-les-rocheuses-americaines\/#primaryimage\"},\"thumbnailUrl\":\"https:\/\/dicodusport.fr\/blog\/wp-content\/uploads\/2019\/10\/Ultra-Trail-Fran\u00e7ois-DHaene-nira-pas-au-bout-de-son-d\u00e9fi-dans-les-Rocheuses-am\u00e9ricaines.png\",\"keywords\":[\"Fran\u00e7ois D'Haene\",\"Ultra-Trail\"],\"articleSection\":[\"Trail\"],\"inLanguage\":\"fr-FR\",\"potentialAction\":[{\"@type\":\"CommentAction\",\"name\":\"Comment\",\"target\":[\"https:\/\/dicodusport.fr\/blog\/ultra-trail-francois-d-haene-n-ira-pas-au-bout-de-son-defi-dans-les-rocheuses-americaines\/#respond\"]}],\"copyrightYear\":\"2019\",\"copyrightHolder\":{\"@id\":\"https:\/\/dicodusport.fr\/blog\/#organization\"}},{\"@type\":\"WebPage\",\"@id\":\"https:\/\/dicodusport.fr\/blog\/ultra-trail-francois-d-haene-n-ira-pas-au-bout-de-son-defi-dans-les-rocheuses-americaines\/\",\"url\":\"https:\/\/dicodusport.fr\/blog\/ultra-trail-francois-d-haene-n-ira-pas-au-bout-de-son-defi-dans-les-rocheuses-americaines\/\",\"name\":\"Ultra-Trail : Fran\u00e7ois D'Haene n'ira pas au bout de son d\u00e9fi dans les Rocheuses am\u00e9ricaines\",\"isPartOf\":{\"@id\":\"https:\/\/dicodusport.fr\/blog\/#website\"},\"primaryImageOfPage\":{\"@id\":\"https:\/\/dicodusport.fr\/blog\/ultra-trail-francois-d-haene-n-ira-pas-au-bout-de-son-defi-dans-les-rocheuses-americaines\/#primaryimage\"},\"image\":{\"@id\":\"https:\/\/dicodusport.fr\/blog\/ultra-trail-francois-d-haene-n-ira-pas-au-bout-de-son-defi-dans-les-rocheuses-americaines\/#primaryimage\"},\"thumbnailUrl\":\"https:\/\/dicodusport.fr\/blog\/wp-content\/uploads\/2019\/10\/Ultra-Trail-Fran\u00e7ois-DHaene-nira-pas-au-bout-de-son-d\u00e9fi-dans-les-Rocheuses-am\u00e9ricaines.png\",\"datePublished\":\"2019-10-09T12:00:43+00:00\",\"dateModified\":\"2019-10-09T12:05:19+00:00\",\"description\":\"Ultra-Trail - Parti dans un d\u00e9fi fou dans les Rocheuses am\u00e9ricaines, Fran\u00e7ois D'Haene a d\u00fb renoncer \u00e0 mi-chemin, \u00e0 cause des abondantes chutes de neige.\",\"breadcrumb\":{\"@id\":\"https:\/\/dicodusport.fr\/blog\/ultra-trail-francois-d-haene-n-ira-pas-au-bout-de-son-defi-dans-les-rocheuses-americaines\/#breadcrumb\"},\"inLanguage\":\"fr-FR\",\"potentialAction\":[{\"@type\":\"ReadAction\",\"target\":[\"https:\/\/dicodusport.fr\/blog\/ultra-trail-francois-d-haene-n-ira-pas-au-bout-de-son-defi-dans-les-rocheuses-americaines\/\"]}]},{\"@type\":\"ImageObject\",\"inLanguage\":\"fr-FR\",\"@id\":\"https:\/\/dicodusport.fr\/blog\/ultra-trail-francois-d-haene-n-ira-pas-au-bout-de-son-defi-dans-les-rocheuses-americaines\/#primaryimage\",\"url\":\"https:\/\/dicodusport.fr\/blog\/wp-content\/uploads\/2019\/10\/Ultra-Trail-Fran\u00e7ois-DHaene-nira-pas-au-bout-de-son-d\u00e9fi-dans-les-Rocheuses-am\u00e9ricaines.png\",\"contentUrl\":\"https:\/\/dicodusport.fr\/blog\/wp-content\/uploads\/2019\/10\/Ultra-Trail-Fran\u00e7ois-DHaene-nira-pas-au-bout-de-son-d\u00e9fi-dans-les-Rocheuses-am\u00e9ricaines.png\",\"width\":800,\"height\":445,\"caption\":\"Ultra-Trail - Fran\u00e7ois D'Haene n'ira pas au bout de son d\u00e9fi dans les Rocheuses am\u00e9ricaines\"},{\"@type\":\"BreadcrumbList\",\"@id\":\"https:\/\/dicodusport.fr\/blog\/ultra-trail-francois-d-haene-n-ira-pas-au-bout-de-son-defi-dans-les-rocheuses-americaines\/#breadcrumb\",\"itemListElement\":[{\"@type\":\"ListItem\",\"position\":1,\"name\":\"Accueil\",\"item\":\"https:\/\/dicodusport.fr\/blog\/\"},{\"@type\":\"ListItem\",\"position\":2,\"name\":\"Ultra-Trail : Fran\u00e7ois D&rsquo;Haene n&rsquo;ira pas au bout de son d\u00e9fi dans les Rocheuses am\u00e9ricaines\"}]},{\"@type\":\"WebSite\",\"@id\":\"https:\/\/dicodusport.fr\/blog\/#website\",\"url\":\"https:\/\/dicodusport.fr\/blog\/\",\"name\":\"Dicodusport\",\"description\":\"L&#039;encyclop\u00e9die de l&#039;actualit\u00e9 sportive\",\"publisher\":{\"@id\":\"https:\/\/dicodusport.fr\/blog\/#organization\"},\"potentialAction\":[{\"@type\":\"SearchAction\",\"target\":{\"@type\":\"EntryPoint\",\"urlTemplate\":\"https:\/\/dicodusport.fr\/blog\/?s={search_term_string}\"},\"query-input\":{\"@type\":\"PropertyValueSpecification\",\"valueRequired\":true,\"valueName\":\"search_term_string\"}}],\"inLanguage\":\"fr-FR\"},{\"@type\":\"NewsMediaOrganization\",\"@id\":\"https:\/\/dicodusport.fr\/blog\/#organization\",\"name\":\"Dicodusport\",\"url\":\"https:\/\/dicodusport.fr\/blog\/\",\"logo\":{\"@type\":\"ImageObject\",\"inLanguage\":\"fr-FR\",\"@id\":\"https:\/\/dicodusport.fr\/blog\/#\/schema\/logo\/image\/\",\"url\":\"https:\/\/dicodusport.fr\/blog\/wp-content\/uploads\/2020\/06\/cropped-LOGO-DICODUSPORT-2020-SANS-FOND-SANS-TEXTE.png\",\"contentUrl\":\"https:\/\/dicodusport.fr\/blog\/wp-content\/uploads\/2020\/06\/cropped-LOGO-DICODUSPORT-2020-SANS-FOND-SANS-TEXTE.png\",\"width\":512,\"height\":512,\"caption\":\"Dicodusport\"},\"image\":{\"@id\":\"https:\/\/dicodusport.fr\/blog\/#\/schema\/logo\/image\/\"},\"sameAs\":[\"https:\/\/www.facebook.com\/dicodusport\",\"https:\/\/x.com\/dicodusport\",\"https:\/\/www.instagram.com\/dicodusport\/\",\"https:\/\/www.youtube.com\/channel\/UC7V2KZ5sd3htJivAbA4ZG3w\"],\"description\":\"Dicodusport est l'encyclop\u00e9die de l'actualit\u00e9 sportive.\",\"email\":\"bonjour@dicodusport.fr\",\"legalName\":\"DICODUSPORT\",\"foundingDate\":\"2018-01-14\",\"vatID\":\"FR71834470973\",\"taxID\":\"83447097300043\",\"numberOfEmployees\":{\"@type\":\"QuantitativeValue\",\"minValue\":\"1\",\"maxValue\":\"10\"}},{\"@type\":\"Person\",\"@id\":\"https:\/\/dicodusport.fr\/blog\/#\/schema\/person\/cb02af4c173ce4a653b55e9baf388d4a\",\"name\":\"Flo Ostermann\",\"image\":{\"@type\":\"ImageObject\",\"inLanguage\":\"fr-FR\",\"@id\":\"https:\/\/dicodusport.fr\/blog\/#\/schema\/person\/image\/\",\"url\":\"https:\/\/dicodusport.fr\/blog\/wp-content\/uploads\/2021\/05\/Flo-Ostermann-150x150.jpg\",\"contentUrl\":\"https:\/\/dicodusport.fr\/blog\/wp-content\/uploads\/2021\/05\/Flo-Ostermann-150x150.jpg\",\"caption\":\"Flo Ostermann\"},\"description\":\"Journaliste\/R\u00e9dacteur depuis septembre 2015 - Mes premiers souvenirs dans le sport ? Les envol\u00e9es du Stade Toulousain et les duels Villeneuve-Schumacher et H\u00e4kkinen-Schumacher \u00e0 la fin des ann\u00e9es 90, la Coupe du monde de football en 1998, l\u2019exploit du XV de France face aux All Blacks en 1999, mais aussi Richard C\u0153ur de Lion qui vole sur les montagnes du Tour de France. Bien parti pour devenir professeur d\u2019EPS, les \u00e9v\u00e9nements de la vie (et la flemme d\u2019animer des s\u00e9ances de 3x500 m\u00e8tres toute ma vie) m\u2019ont conduit \u00e0 revoir mes plans. Me voil\u00e0 depuis fin 2017 sur Dicodusport, m\u00e9dia gr\u00e2ce (et pour) lequel je partage ma passion : le sport dans tous ses \u00e9tats. Le tout accompagn\u00e9 par les fous furieux et folles furieuses cit\u00e9s sur cette page !\",\"sameAs\":[\"https:\/\/www.facebook.com\/florent.ostermann\",\"https:\/\/x.com\/https:\/\/twitter.com\/FlOstermann\",\"admin\"],\"url\":\"https:\/\/dicodusport.fr\/blog\/author\/flo\/\"}]}<\/script>\n<!-- \/ Yoast SEO Premium plugin. -->","yoast_head_json":{"title":"Ultra-Trail : Fran\u00e7ois D'Haene n'ira pas au bout de son d\u00e9fi dans les Rocheuses am\u00e9ricaines","description":"Ultra-Trail - Parti dans un d\u00e9fi fou dans les Rocheuses am\u00e9ricaines, Fran\u00e7ois D'Haene a d\u00fb renoncer \u00e0 mi-chemin, \u00e0 cause des abondantes chutes de neige.","robots":{"index":"index","follow":"follow","max-snippet":"max-snippet:-1","max-image-preview":"max-image-preview:large","max-video-preview":"max-video-preview:-1"},"canonical":"https:\/\/dicodusport.fr\/blog\/ultra-trail-francois-d-haene-n-ira-pas-au-bout-de-son-defi-dans-les-rocheuses-americaines\/","og_locale":"fr_FR","og_type":"article","og_title":"Ultra-Trail : Fran\u00e7ois D'Haene n'ira pas au bout de son d\u00e9fi dans les Rocheuses am\u00e9ricaines","og_description":"Ultra-Trail - Parti dans un d\u00e9fi fou dans les Rocheuses am\u00e9ricaines, Fran\u00e7ois D'Haene a d\u00fb renoncer \u00e0 mi-chemin, \u00e0 cause des abondantes chutes de neige.","og_url":"https:\/\/dicodusport.fr\/blog\/ultra-trail-francois-d-haene-n-ira-pas-au-bout-de-son-defi-dans-les-rocheuses-americaines\/","og_site_name":"Dicodusport","article_publisher":"https:\/\/www.facebook.com\/dicodusport","article_author":"https:\/\/www.facebook.com\/florent.ostermann","article_published_time":"2019-10-09T12:00:43+00:00","article_modified_time":"2019-10-09T12:05:19+00:00","og_image":[{"width":800,"height":445,"url":"https:\/\/dicodusport.fr\/blog\/wp-content\/uploads\/2019\/10\/Ultra-Trail-Fran\u00e7ois-DHaene-nira-pas-au-bout-de-son-d\u00e9fi-dans-les-Rocheuses-am\u00e9ricaines.png","type":"image\/png"}],"author":"Flo Ostermann","twitter_card":"summary_large_image","twitter_title":"Ultra-Trail : Fran\u00e7ois D'Haene n'ira pas au bout de son d\u00e9fi dans les Rocheuses am\u00e9ricaines","twitter_creator":"@https:\/\/twitter.com\/FlOstermann","twitter_site":"@dicodusport","schema":{"@context":"https:\/\/schema.org","@graph":[{"@type":"NewsArticle","@id":"https:\/\/dicodusport.fr\/blog\/ultra-trail-francois-d-haene-n-ira-pas-au-bout-de-son-defi-dans-les-rocheuses-americaines\/#article","isPartOf":{"@id":"https:\/\/dicodusport.fr\/blog\/ultra-trail-francois-d-haene-n-ira-pas-au-bout-de-son-defi-dans-les-rocheuses-americaines\/"},"author":{"name":"Flo Ostermann","@id":"https:\/\/dicodusport.fr\/blog\/#\/schema\/person\/cb02af4c173ce4a653b55e9baf388d4a"},"headline":"Ultra-Trail : Fran\u00e7ois D&rsquo;Haene n&rsquo;ira pas au bout de son d\u00e9fi dans les Rocheuses am\u00e9ricaines","datePublished":"2019-10-09T12:00:43+00:00","dateModified":"2019-10-09T12:05:19+00:00","mainEntityOfPage":{"@id":"https:\/\/dicodusport.fr\/blog\/ultra-trail-francois-d-haene-n-ira-pas-au-bout-de-son-defi-dans-les-rocheuses-americaines\/"},"wordCount":319,"commentCount":0,"publisher":{"@id":"https:\/\/dicodusport.fr\/blog\/#organization"},"image":{"@id":"https:\/\/dicodusport.fr\/blog\/ultra-trail-francois-d-haene-n-ira-pas-au-bout-de-son-defi-dans-les-rocheuses-americaines\/#primaryimage"},"thumbnailUrl":"https:\/\/dicodusport.fr\/blog\/wp-content\/uploads\/2019\/10\/Ultra-Trail-Fran\u00e7ois-DHaene-nira-pas-au-bout-de-son-d\u00e9fi-dans-les-Rocheuses-am\u00e9ricaines.png","keywords":["Fran\u00e7ois D'Haene","Ultra-Trail"],"articleSection":["Trail"],"inLanguage":"fr-FR","potentialAction":[{"@type":"CommentAction","name":"Comment","target":["https:\/\/dicodusport.fr\/blog\/ultra-trail-francois-d-haene-n-ira-pas-au-bout-de-son-defi-dans-les-rocheuses-americaines\/#respond"]}],"copyrightYear":"2019","copyrightHolder":{"@id":"https:\/\/dicodusport.fr\/blog\/#organization"}},{"@type":"WebPage","@id":"https:\/\/dicodusport.fr\/blog\/ultra-trail-francois-d-haene-n-ira-pas-au-bout-de-son-defi-dans-les-rocheuses-americaines\/","url":"https:\/\/dicodusport.fr\/blog\/ultra-trail-francois-d-haene-n-ira-pas-au-bout-de-son-defi-dans-les-rocheuses-americaines\/","name":"Ultra-Trail : Fran\u00e7ois D'Haene n'ira pas au bout de son d\u00e9fi dans les Rocheuses am\u00e9ricaines","isPartOf":{"@id":"https:\/\/dicodusport.fr\/blog\/#website"},"primaryImageOfPage":{"@id":"https:\/\/dicodusport.fr\/blog\/ultra-trail-francois-d-haene-n-ira-pas-au-bout-de-son-defi-dans-les-rocheuses-americaines\/#primaryimage"},"image":{"@id":"https:\/\/dicodusport.fr\/blog\/ultra-trail-francois-d-haene-n-ira-pas-au-bout-de-son-defi-dans-les-rocheuses-americaines\/#primaryimage"},"thumbnailUrl":"https:\/\/dicodusport.fr\/blog\/wp-content\/uploads\/2019\/10\/Ultra-Trail-Fran\u00e7ois-DHaene-nira-pas-au-bout-de-son-d\u00e9fi-dans-les-Rocheuses-am\u00e9ricaines.png","datePublished":"2019-10-09T12:00:43+00:00","dateModified":"2019-10-09T12:05:19+00:00","description":"Ultra-Trail - Parti dans un d\u00e9fi fou dans les Rocheuses am\u00e9ricaines, Fran\u00e7ois D'Haene a d\u00fb renoncer \u00e0 mi-chemin, \u00e0 cause des abondantes chutes de neige.","breadcrumb":{"@id":"https:\/\/dicodusport.fr\/blog\/ultra-trail-francois-d-haene-n-ira-pas-au-bout-de-son-defi-dans-les-rocheuses-americaines\/#breadcrumb"},"inLanguage":"fr-FR","potentialAction":[{"@type":"ReadAction","target":["https:\/\/dicodusport.fr\/blog\/ultra-trail-francois-d-haene-n-ira-pas-au-bout-de-son-defi-dans-les-rocheuses-americaines\/"]}]},{"@type":"ImageObject","inLanguage":"fr-FR","@id":"https:\/\/dicodusport.fr\/blog\/ultra-trail-francois-d-haene-n-ira-pas-au-bout-de-son-defi-dans-les-rocheuses-americaines\/#primaryimage","url":"https:\/\/dicodusport.fr\/blog\/wp-content\/uploads\/2019\/10\/Ultra-Trail-Fran\u00e7ois-DHaene-nira-pas-au-bout-de-son-d\u00e9fi-dans-les-Rocheuses-am\u00e9ricaines.png","contentUrl":"https:\/\/dicodusport.fr\/blog\/wp-content\/uploads\/2019\/10\/Ultra-Trail-Fran\u00e7ois-DHaene-nira-pas-au-bout-de-son-d\u00e9fi-dans-les-Rocheuses-am\u00e9ricaines.png","width":800,"height":445,"caption":"Ultra-Trail - Fran\u00e7ois D'Haene n'ira pas au bout de son d\u00e9fi dans les Rocheuses am\u00e9ricaines"},{"@type":"BreadcrumbList","@id":"https:\/\/dicodusport.fr\/blog\/ultra-trail-francois-d-haene-n-ira-pas-au-bout-de-son-defi-dans-les-rocheuses-americaines\/#breadcrumb","itemListElement":[{"@type":"ListItem","position":1,"name":"Accueil","item":"https:\/\/dicodusport.fr\/blog\/"},{"@type":"ListItem","position":2,"name":"Ultra-Trail : Fran\u00e7ois D&rsquo;Haene n&rsquo;ira pas au bout de son d\u00e9fi dans les Rocheuses am\u00e9ricaines"}]},{"@type":"WebSite","@id":"https:\/\/dicodusport.fr\/blog\/#website","url":"https:\/\/dicodusport.fr\/blog\/","name":"Dicodusport","description":"L&#039;encyclop\u00e9die de l&#039;actualit\u00e9 sportive","publisher":{"@id":"https:\/\/dicodusport.fr\/blog\/#organization"},"potentialAction":[{"@type":"SearchAction","target":{"@type":"EntryPoint","urlTemplate":"https:\/\/dicodusport.fr\/blog\/?s={search_term_string}"},"query-input":{"@type":"PropertyValueSpecification","valueRequired":true,"valueName":"search_term_string"}}],"inLanguage":"fr-FR"},{"@type":"NewsMediaOrganization","@id":"https:\/\/dicodusport.fr\/blog\/#organization","name":"Dicodusport","url":"https:\/\/dicodusport.fr\/blog\/","logo":{"@type":"ImageObject","inLanguage":"fr-FR","@id":"https:\/\/dicodusport.fr\/blog\/#\/schema\/logo\/image\/","url":"https:\/\/dicodusport.fr\/blog\/wp-content\/uploads\/2020\/06\/cropped-LOGO-DICODUSPORT-2020-SANS-FOND-SANS-TEXTE.png","contentUrl":"https:\/\/dicodusport.fr\/blog\/wp-content\/uploads\/2020\/06\/cropped-LOGO-DICODUSPORT-2020-SANS-FOND-SANS-TEXTE.png","width":512,"height":512,"caption":"Dicodusport"},"image":{"@id":"https:\/\/dicodusport.fr\/blog\/#\/schema\/logo\/image\/"},"sameAs":["https:\/\/www.facebook.com\/dicodusport","https:\/\/x.com\/dicodusport","https:\/\/www.instagram.com\/dicodusport\/","https:\/\/www.youtube.com\/channel\/UC7V2KZ5sd3htJivAbA4ZG3w"],"description":"Dicodusport est l'encyclop\u00e9die de l'actualit\u00e9 sportive.","email":"bonjour@dicodusport.fr","legalName":"DICODUSPORT","foundingDate":"2018-01-14","vatID":"FR71834470973","taxID":"83447097300043","numberOfEmployees":{"@type":"QuantitativeValue","minValue":"1","maxValue":"10"}},{"@type":"Person","@id":"https:\/\/dicodusport.fr\/blog\/#\/schema\/person\/cb02af4c173ce4a653b55e9baf388d4a","name":"Flo Ostermann","image":{"@type":"ImageObject","inLanguage":"fr-FR","@id":"https:\/\/dicodusport.fr\/blog\/#\/schema\/person\/image\/","url":"https:\/\/dicodusport.fr\/blog\/wp-content\/uploads\/2021\/05\/Flo-Ostermann-150x150.jpg","contentUrl":"https:\/\/dicodusport.fr\/blog\/wp-content\/uploads\/2021\/05\/Flo-Ostermann-150x150.jpg","caption":"Flo Ostermann"},"description":"Journaliste\/R\u00e9dacteur depuis septembre 2015 - Mes premiers souvenirs dans le sport ? Les envol\u00e9es du Stade Toulousain et les duels Villeneuve-Schumacher et H\u00e4kkinen-Schumacher \u00e0 la fin des ann\u00e9es 90, la Coupe du monde de football en 1998, l\u2019exploit du XV de France face aux All Blacks en 1999, mais aussi Richard C\u0153ur de Lion qui vole sur les montagnes du Tour de France. Bien parti pour devenir professeur d\u2019EPS, les \u00e9v\u00e9nements de la vie (et la flemme d\u2019animer des s\u00e9ances de 3x500 m\u00e8tres toute ma vie) m\u2019ont conduit \u00e0 revoir mes plans. Me voil\u00e0 depuis fin 2017 sur Dicodusport, m\u00e9dia gr\u00e2ce (et pour) lequel je partage ma passion : le sport dans tous ses \u00e9tats. Le tout accompagn\u00e9 par les fous furieux et folles furieuses cit\u00e9s sur cette page !","sameAs":["https:\/\/www.facebook.com\/florent.ostermann","https:\/\/x.com\/https:\/\/twitter.com\/FlOstermann","admin"],"url":"https:\/\/dicodusport.fr\/blog\/author\/flo\/"}]}},"_links":{"self":[{"href":"https:\/\/dicodusport.fr\/blog\/wp-json\/wp\/v2\/posts\/51022","targetHints":{"allow":["GET"]}}],"collection":[{"href":"https:\/\/dicodusport.fr\/blog\/wp-json\/wp\/v2\/posts"}],"about":[{"href":"https:\/\/dicodusport.fr\/blog\/wp-json\/wp\/v2\/types\/post"}],"author":[{"embeddable":true,"href":"https:\/\/dicodusport.fr\/blog\/wp-json\/wp\/v2\/users\/4"}],"replies":[{"embeddable":true,"href":"https:\/\/dicodusport.fr\/blog\/wp-json\/wp\/v2\/comments?post=51022"}],"version-history":[{"count":0,"href":"https:\/\/dicodusport.fr\/blog\/wp-json\/wp\/v2\/posts\/51022\/revisions"}],"wp:featuredmedia":[{"embeddable":true,"href":"https:\/\/dicodusport.fr\/blog\/wp-json\/wp\/v2\/media\/51024"}],"wp:attachment":[{"href":"https:\/\/dicodusport.fr\/blog\/wp-json\/wp\/v2\/media?parent=51022"}],"wp:term":[{"taxonomy":"category","embeddable":true,"href":"https:\/\/dicodusport.fr\/blog\/wp-json\/wp\/v2\/categories?post=51022"},{"taxonomy":"post_tag","embeddable":true,"href":"https:\/\/dicodusport.fr\/blog\/wp-json\/wp\/v2\/tags?post=51022"}],"curies":[{"name":"wp","href":"https:\/\/api.w.org\/{rel}","templated":true}]}}