{"id":510636,"date":"2024-08-09T13:37:27","date_gmt":"2024-08-09T11:37:27","guid":{"rendered":"https:\/\/dicodusport.fr\/blog\/?p=510636&#038;preview=true&#038;preview_id=510636"},"modified":"2024-08-09T13:38:55","modified_gmt":"2024-08-09T11:38:55","slug":"escalade-jo-2024-paul-jenft-termine-8eme-du-combine-lor-pour-toby-roberts","status":"publish","type":"post","link":"https:\/\/dicodusport.fr\/blog\/escalade-jo-2024-paul-jenft-termine-8eme-du-combine-lor-pour-toby-roberts\/","title":{"rendered":"Escalade JO 2024 : Paul Jenft termine 8\u00e8me du combin\u00e9, l&rsquo;or pour Toby Roberts"},"content":{"rendered":"<p style=\"text-align: justify;\"><strong><em>ESCALADE JO 2024 &#8211; Pas de m\u00e9daille pour Paul Jenft, qui termine dernier de la finale du combin\u00e9. Toby Roberts remporte l&rsquo;or devant Sorato Anraku et Jakob Schubert.<\/em><\/strong><\/p>\n<ul style=\"text-align: justify;\">\n<li style=\"text-align: justify;\"><strong>\u00c0 ce sujet \u2013\u00a0<a href=\"https:\/\/dicodusport.fr\/blog\/jo-paris-2024\/\" target=\"_blank\" rel=\"noopener\">L\u2019actualit\u00e9 des JO de Paris 2024<\/a><\/strong><\/li>\n<\/ul>\n<h2 style=\"text-align: justify;\">Le bloc d\u00e9bute mal pour Paul Jenft<\/h2>\n<p style=\"text-align: justify;\">Sur la premi\u00e8re voie du bloc, <strong>Paul Jenft<\/strong> n&rsquo;a pas r\u00e9ussi \u00e0 bien lancer sa finale et doit se contenter de 4.9 points en ne validant que la zone basse. Son deuxi\u00e8me bloc est un peu mieux puisqu&rsquo;il valide la zone haute et score 9.7 points. Mais les tops se succ\u00e8dent pour les autres grimpeurs, \u00e0 commencer par <strong>Sorato Anraku<\/strong> qui valide sa premi\u00e8re voie d\u00e8s le premier essai. Ils sont 5 \u00e0 avoir \u00ab\u00a0topp\u00e9\u00a0\u00bb sur la 1<sup>\u00e8re<\/sup> voie avec le Japonais : <strong>Hamish McArthur<\/strong>, <strong>Jakob Schubert<\/strong>, <strong>Colin Duffy<\/strong> et <strong>Toby Roberts<\/strong>.<\/p>\n<p style=\"text-align: justify;\">La 3<sup>\u00e8me<\/sup> voie du bloc est un calvaire pour Paul, qui n&rsquo;inscrit aucun point alors que ses concurrents valident quasiment tous la partie haute. Seul l&rsquo;Espagnol <strong>Alberto Gines Lopez<\/strong> est moins bon que le Fran\u00e7ais sur les huit finalistes en lice. Il va falloir faire un gros score sur la derni\u00e8re voie afin de ne pas \u00eatre hors du coup dans ce combin\u00e9 avant m\u00eame la difficult\u00e9. <strong>Paul Jenft<\/strong> donne tout et est \u00e0 deux doigts de valider le top, mais il ne parvient pas \u00e0 accrocher l&rsquo;ultime prise. Dommage, il inscrit donc 9.8 points et totalise 24.4 points sur l&rsquo;ensemble de l&rsquo;\u00e9preuve de bloc, ce qui le place \u00e0 la 6<sup>\u00e8me<\/sup> position sur 8 concurrents.<\/p>\n<blockquote class=\"twitter-tweet\">\n<p dir=\"ltr\" lang=\"fr\"><a href=\"https:\/\/twitter.com\/hashtag\/Paris2024?src=hash&amp;ref_src=twsrc%5Etfw\">#Paris2024<\/a> | Le dernier essai de Paul Jenft \u00e9tait assez spectaculaire mais \u00e7a ne suffira pas pour remonter au classement.<\/p>\n<p>Le Fran\u00e7ais sera au mieux 6e sur 8. Il va rester l&rsquo;\u00e9preuve de difficult\u00e9 pour esp\u00e9rer une m\u00e9daille.<\/p>\n<p>Les Jeux Olympiques en direct : <a href=\"https:\/\/t.co\/OK0hkyRtsF\">https:\/\/t.co\/OK0hkyRtsF<\/a> <a href=\"https:\/\/t.co\/K9gQmLMwct\">pic.twitter.com\/K9gQmLMwct<\/a><\/p>\n<p>\u2014 francetvsport (@francetvsport) <a href=\"https:\/\/twitter.com\/francetvsport\/status\/1821842642985976163?ref_src=twsrc%5Etfw\">August 9, 2024<\/a><\/p><\/blockquote>\n<p><script async src=\"https:\/\/platform.twitter.com\/widgets.js\" charset=\"utf-8\"><\/script><\/p>\n<p style=\"text-align: justify;\">Apr\u00e8s deux tops cons\u00e9cutifs, <strong>Sorato Anraku<\/strong> ne valide \u00ab\u00a0que\u00a0\u00bb la zone haute sur le 3<sup>\u00e8me<\/sup> et 4<sup>\u00e8me<\/sup> bloc. Il termine n\u00e9anmoins \u00e0 la 1<sup>\u00e8re<\/sup> place du bloc avec 69.3 points, devant <strong>Colin Duffy<\/strong> (68.3) et <strong>Toby Roberts<\/strong> (63.1). <strong>Paul Jenft<\/strong> a donc 40 points de retard sur le podium avant la difficult\u00e9, ce sera compliqu\u00e9 d&rsquo;aller chercher la m\u00e9daille sur ce combin\u00e9.<\/p>\n<ul>\n<li><strong>\u00c0 ce sujet \u2013\u00a0<a href=\"https:\/\/dicodusport.fr\/blog\/programme-et-resultats-escalade-jo-2024\/\">Programme, dates et r\u00e9sultats Escalade JO 2024<\/a><\/strong><\/li>\n<\/ul>\n<h2 style=\"text-align: justify;\">La difficult\u00e9 ne se passe pas beaucoup mieux<\/h2>\n<p style=\"text-align: justify;\"><strong>Hamish McArthur<\/strong> est le premier \u00e0 s&rsquo;\u00e9lancer et signe un beau score de 72.0, bien suivi par <strong>Colin Duffy<\/strong> avec 68.1 points. <strong>Paul Jenft<\/strong> sait qu&rsquo;il ne pourra d\u00e9j\u00e0 pas rattraper ces deux hommes-l\u00e0 sur le combin\u00e9 et ne va de toute fa\u00e7on pas r\u00e9aliser une performance satisfaisante. Avec seulement 54 points, il se classe dernier de la difficult\u00e9 et dernier de cette finale par la m\u00eame occasion. Dommage pour le Fran\u00e7ais, qui \u00e0 21 ans aura sans doute l&rsquo;occasion de se rattraper dans de futures olympiades.<\/p>\n<blockquote class=\"twitter-tweet\">\n<p dir=\"ltr\" lang=\"fr\"><a href=\"https:\/\/twitter.com\/hashtag\/Paris2024?src=hash&amp;ref_src=twsrc%5Etfw\">#Paris2024<\/a> | Apr\u00e8s le bloc, Paul Jenft est pass\u00e9 \u00e0 la difficult\u00e9.<br \/>\nMalgr\u00e9 une bonne mont\u00e9e, le retard accumul\u00e9 lors du bloc \u00e9tait trop important et le Fran\u00e7ais repartira sans m\u00e9daille.<\/p>\n<p>Les Jeux Olympiques en direct : <a href=\"https:\/\/t.co\/hHHwOiAOqk\">https:\/\/t.co\/hHHwOiAOqk<\/a> <a href=\"https:\/\/t.co\/T7V7zXV0au\">pic.twitter.com\/T7V7zXV0au<\/a><\/p>\n<p>\u2014 francetvsport (@francetvsport) <a href=\"https:\/\/twitter.com\/francetvsport\/status\/1821865073758843378?ref_src=twsrc%5Etfw\">August 9, 2024<\/a><\/p><\/blockquote>\n<p><script async src=\"https:\/\/platform.twitter.com\/widgets.js\" charset=\"utf-8\"><\/script><\/p>\n<p style=\"text-align: justify;\">Avec un score de 96 sur la difficult\u00e9, \u00e9galement r\u00e9alis\u00e9 par <strong>Adam Ondra<\/strong>, <strong>Jakob Schubert<\/strong> prend la 3<sup>\u00e8me<\/sup> place du combin\u00e9 avec 139.6 points. <strong>Toby Roberts<\/strong> prend la premi\u00e8re place provisoire avec 92.1 points sur la difficult\u00e9 mais un meilleur score sur le bloc, ce qui lui fait 155.2 points. <strong>Sorato Anraku<\/strong> a \u00e9t\u00e9 le dernier \u00e0 s&rsquo;\u00e9lancer apr\u00e8s une 1<sup>\u00e8re<\/sup> place sur le bloc, il a donc toutes les cartes en main pour s&rsquo;imposer. Mais le Japonais commet une erreur en haut de la voie et ne prend que la 2<sup>\u00e8me<\/sup> place, quelle sensation pour le favori ! <strong>Toby Roberts<\/strong> devient donc champion olympique du combin\u00e9 !<\/p>\n","protected":false},"excerpt":{"rendered":"<p>Paul Jenft termine 8\u00e8me du combin\u00e9, l&rsquo;or pour Toby Roberts<\/p>\n","protected":false},"author":21,"featured_media":510699,"comment_status":"open","ping_status":"closed","sticky":false,"template":"","format":"standard","meta":{"_acf_changed":false,"_daextam_enable_autolinks":"1","footnotes":""},"categories":[10930,8436],"tags":[32415,16878,477,1506,19184,1504,12920,1004],"class_list":["post-510636","post","type-post","status-publish","format-standard","has-post-thumbnail","hentry","category-escalade","category-jo-paris-2024","tag-actu","tag-breve","tag-escalade","tag-jeux-olympiques-2024","tag-jeux-olympiques-de-paris","tag-jo-2024","tag-jo-paris-2024","tag-paris-2024"],"acf":[],"yoast_head":"<!-- This site is optimized with the Yoast SEO Premium plugin v26.7 (Yoast SEO v26.7) - https:\/\/yoast.com\/wordpress\/plugins\/seo\/ -->\n<title>Escalade JO 2024 : Paul Jenft termine 8\u00e8me du combin\u00e9, l&#039;or pour Toby Roberts<\/title>\n<meta name=\"description\" content=\"ESCALADE JO 2024 - Pas de m\u00e9daille pour Paul Jenft, qui termine dernier de la finale du combin\u00e9. Toby Roberts remporte l&#039;or devant Sorato Anraku et Jakob Schubert.\" \/>\n<meta name=\"robots\" content=\"index, follow, max-snippet:-1, max-image-preview:large, max-video-preview:-1\" \/>\n<link rel=\"canonical\" href=\"https:\/\/dicodusport.fr\/blog\/escalade-jo-2024-paul-jenft-termine-8eme-du-combine-lor-pour-toby-roberts\/\" \/>\n<meta property=\"og:locale\" content=\"fr_FR\" \/>\n<meta property=\"og:type\" content=\"article\" \/>\n<meta property=\"og:title\" content=\"Escalade JO 2024 : Paul Jenft termine 8\u00e8me du combin\u00e9, l&#039;or pour Toby Roberts\" \/>\n<meta property=\"og:description\" content=\"ESCALADE JO 2024 - Pas de m\u00e9daille pour Paul Jenft, qui termine dernier de la finale du combin\u00e9. Toby Roberts remporte l&#039;or devant Sorato Anraku et Jakob Schubert.\" \/>\n<meta property=\"og:url\" content=\"https:\/\/dicodusport.fr\/blog\/escalade-jo-2024-paul-jenft-termine-8eme-du-combine-lor-pour-toby-roberts\/\" \/>\n<meta property=\"og:site_name\" content=\"Dicodusport\" \/>\n<meta property=\"article:publisher\" content=\"https:\/\/www.facebook.com\/dicodusport\" \/>\n<meta property=\"article:published_time\" content=\"2024-08-09T11:37:27+00:00\" \/>\n<meta property=\"article:modified_time\" content=\"2024-08-09T11:38:55+00:00\" \/>\n<meta property=\"og:image\" content=\"https:\/\/dicodusport.fr\/blog\/wp-content\/uploads\/2024\/08\/Escalade-JO-2024-Paul-Jenft-termine-8eme-du-combine-lor-pour-Toby-Roberts.png\" \/>\n\t<meta property=\"og:image:width\" content=\"1200\" \/>\n\t<meta property=\"og:image:height\" content=\"674\" \/>\n\t<meta property=\"og:image:type\" content=\"image\/png\" \/>\n<meta name=\"author\" content=\"Mathieu Veillon\" \/>\n<meta name=\"twitter:card\" content=\"summary_large_image\" \/>\n<meta name=\"twitter:title\" content=\"Escalade JO 2024 : Paul Jenft termine 8\u00e8me du combin\u00e9, l&#039;or pour Toby Roberts\" \/>\n<meta name=\"twitter:creator\" content=\"@https:\/\/twitter.com\/MathieuVeillon\" \/>\n<meta name=\"twitter:site\" content=\"@dicodusport\" \/>\n<script type=\"application\/ld+json\" class=\"yoast-schema-graph\">{\"@context\":\"https:\/\/schema.org\",\"@graph\":[{\"@type\":\"NewsArticle\",\"@id\":\"https:\/\/dicodusport.fr\/blog\/escalade-jo-2024-paul-jenft-termine-8eme-du-combine-lor-pour-toby-roberts\/#article\",\"isPartOf\":{\"@id\":\"https:\/\/dicodusport.fr\/blog\/escalade-jo-2024-paul-jenft-termine-8eme-du-combine-lor-pour-toby-roberts\/\"},\"author\":{\"name\":\"Mathieu Veillon\",\"@id\":\"https:\/\/dicodusport.fr\/blog\/#\/schema\/person\/9731cdc747db1ceb457a2bfa9180a806\"},\"headline\":\"Escalade JO 2024 : Paul Jenft termine 8\u00e8me du combin\u00e9, l&rsquo;or pour Toby Roberts\",\"datePublished\":\"2024-08-09T11:37:27+00:00\",\"dateModified\":\"2024-08-09T11:38:55+00:00\",\"mainEntityOfPage\":{\"@id\":\"https:\/\/dicodusport.fr\/blog\/escalade-jo-2024-paul-jenft-termine-8eme-du-combine-lor-pour-toby-roberts\/\"},\"wordCount\":653,\"commentCount\":0,\"publisher\":{\"@id\":\"https:\/\/dicodusport.fr\/blog\/#organization\"},\"image\":{\"@id\":\"https:\/\/dicodusport.fr\/blog\/escalade-jo-2024-paul-jenft-termine-8eme-du-combine-lor-pour-toby-roberts\/#primaryimage\"},\"thumbnailUrl\":\"https:\/\/dicodusport.fr\/blog\/wp-content\/uploads\/2024\/08\/Escalade-JO-2024-Paul-Jenft-termine-8eme-du-combine-lor-pour-Toby-Roberts.png\",\"keywords\":[\"actu\",\"br\u00e8ve\",\"Escalade\",\"Jeux olympiques 2024\",\"Jeux Olympiques de Paris\",\"JO 2024\",\"JO Paris 2024\",\"Paris 2024\"],\"articleSection\":[\"Escalade\",\"JO Paris 2024\"],\"inLanguage\":\"fr-FR\",\"potentialAction\":[{\"@type\":\"CommentAction\",\"name\":\"Comment\",\"target\":[\"https:\/\/dicodusport.fr\/blog\/escalade-jo-2024-paul-jenft-termine-8eme-du-combine-lor-pour-toby-roberts\/#respond\"]}],\"copyrightYear\":\"2024\",\"copyrightHolder\":{\"@id\":\"https:\/\/dicodusport.fr\/blog\/#organization\"}},{\"@type\":\"WebPage\",\"@id\":\"https:\/\/dicodusport.fr\/blog\/escalade-jo-2024-paul-jenft-termine-8eme-du-combine-lor-pour-toby-roberts\/\",\"url\":\"https:\/\/dicodusport.fr\/blog\/escalade-jo-2024-paul-jenft-termine-8eme-du-combine-lor-pour-toby-roberts\/\",\"name\":\"Escalade JO 2024 : Paul Jenft termine 8\u00e8me du combin\u00e9, l'or pour Toby Roberts\",\"isPartOf\":{\"@id\":\"https:\/\/dicodusport.fr\/blog\/#website\"},\"primaryImageOfPage\":{\"@id\":\"https:\/\/dicodusport.fr\/blog\/escalade-jo-2024-paul-jenft-termine-8eme-du-combine-lor-pour-toby-roberts\/#primaryimage\"},\"image\":{\"@id\":\"https:\/\/dicodusport.fr\/blog\/escalade-jo-2024-paul-jenft-termine-8eme-du-combine-lor-pour-toby-roberts\/#primaryimage\"},\"thumbnailUrl\":\"https:\/\/dicodusport.fr\/blog\/wp-content\/uploads\/2024\/08\/Escalade-JO-2024-Paul-Jenft-termine-8eme-du-combine-lor-pour-Toby-Roberts.png\",\"datePublished\":\"2024-08-09T11:37:27+00:00\",\"dateModified\":\"2024-08-09T11:38:55+00:00\",\"description\":\"ESCALADE JO 2024 - Pas de m\u00e9daille pour Paul Jenft, qui termine dernier de la finale du combin\u00e9. Toby Roberts remporte l'or devant Sorato Anraku et Jakob Schubert.\",\"breadcrumb\":{\"@id\":\"https:\/\/dicodusport.fr\/blog\/escalade-jo-2024-paul-jenft-termine-8eme-du-combine-lor-pour-toby-roberts\/#breadcrumb\"},\"inLanguage\":\"fr-FR\",\"potentialAction\":[{\"@type\":\"ReadAction\",\"target\":[\"https:\/\/dicodusport.fr\/blog\/escalade-jo-2024-paul-jenft-termine-8eme-du-combine-lor-pour-toby-roberts\/\"]}]},{\"@type\":\"ImageObject\",\"inLanguage\":\"fr-FR\",\"@id\":\"https:\/\/dicodusport.fr\/blog\/escalade-jo-2024-paul-jenft-termine-8eme-du-combine-lor-pour-toby-roberts\/#primaryimage\",\"url\":\"https:\/\/dicodusport.fr\/blog\/wp-content\/uploads\/2024\/08\/Escalade-JO-2024-Paul-Jenft-termine-8eme-du-combine-lor-pour-Toby-Roberts.png\",\"contentUrl\":\"https:\/\/dicodusport.fr\/blog\/wp-content\/uploads\/2024\/08\/Escalade-JO-2024-Paul-Jenft-termine-8eme-du-combine-lor-pour-Toby-Roberts.png\",\"width\":1200,\"height\":674,\"caption\":\"Escalade JO 2024 Paul Jenft termine 8\u00e8me du combin\u00e9, l'or pour Toby Roberts\"},{\"@type\":\"BreadcrumbList\",\"@id\":\"https:\/\/dicodusport.fr\/blog\/escalade-jo-2024-paul-jenft-termine-8eme-du-combine-lor-pour-toby-roberts\/#breadcrumb\",\"itemListElement\":[{\"@type\":\"ListItem\",\"position\":1,\"name\":\"Accueil\",\"item\":\"https:\/\/dicodusport.fr\/blog\/\"},{\"@type\":\"ListItem\",\"position\":2,\"name\":\"Escalade JO 2024 : Paul Jenft termine 8\u00e8me du combin\u00e9, l&#8217;or pour Toby Roberts\"}]},{\"@type\":\"WebSite\",\"@id\":\"https:\/\/dicodusport.fr\/blog\/#website\",\"url\":\"https:\/\/dicodusport.fr\/blog\/\",\"name\":\"Dicodusport\",\"description\":\"L&#039;encyclop\u00e9die de l&#039;actualit\u00e9 sportive\",\"publisher\":{\"@id\":\"https:\/\/dicodusport.fr\/blog\/#organization\"},\"potentialAction\":[{\"@type\":\"SearchAction\",\"target\":{\"@type\":\"EntryPoint\",\"urlTemplate\":\"https:\/\/dicodusport.fr\/blog\/?s={search_term_string}\"},\"query-input\":{\"@type\":\"PropertyValueSpecification\",\"valueRequired\":true,\"valueName\":\"search_term_string\"}}],\"inLanguage\":\"fr-FR\"},{\"@type\":\"NewsMediaOrganization\",\"@id\":\"https:\/\/dicodusport.fr\/blog\/#organization\",\"name\":\"Dicodusport\",\"url\":\"https:\/\/dicodusport.fr\/blog\/\",\"logo\":{\"@type\":\"ImageObject\",\"inLanguage\":\"fr-FR\",\"@id\":\"https:\/\/dicodusport.fr\/blog\/#\/schema\/logo\/image\/\",\"url\":\"https:\/\/dicodusport.fr\/blog\/wp-content\/uploads\/2020\/06\/cropped-LOGO-DICODUSPORT-2020-SANS-FOND-SANS-TEXTE.png\",\"contentUrl\":\"https:\/\/dicodusport.fr\/blog\/wp-content\/uploads\/2020\/06\/cropped-LOGO-DICODUSPORT-2020-SANS-FOND-SANS-TEXTE.png\",\"width\":512,\"height\":512,\"caption\":\"Dicodusport\"},\"image\":{\"@id\":\"https:\/\/dicodusport.fr\/blog\/#\/schema\/logo\/image\/\"},\"sameAs\":[\"https:\/\/www.facebook.com\/dicodusport\",\"https:\/\/x.com\/dicodusport\",\"https:\/\/www.instagram.com\/dicodusport\/\",\"https:\/\/www.youtube.com\/channel\/UC7V2KZ5sd3htJivAbA4ZG3w\"],\"description\":\"Dicodusport est l'encyclop\u00e9die de l'actualit\u00e9 sportive.\",\"email\":\"bonjour@dicodusport.fr\",\"legalName\":\"DICODUSPORT\",\"foundingDate\":\"2018-01-14\",\"vatID\":\"FR71834470973\",\"taxID\":\"83447097300043\",\"numberOfEmployees\":{\"@type\":\"QuantitativeValue\",\"minValue\":\"1\",\"maxValue\":\"10\"}},{\"@type\":\"Person\",\"@id\":\"https:\/\/dicodusport.fr\/blog\/#\/schema\/person\/9731cdc747db1ceb457a2bfa9180a806\",\"name\":\"Mathieu Veillon\",\"image\":{\"@type\":\"ImageObject\",\"inLanguage\":\"fr-FR\",\"@id\":\"https:\/\/dicodusport.fr\/blog\/#\/schema\/person\/image\/\",\"url\":\"https:\/\/dicodusport.fr\/blog\/wp-content\/uploads\/2021\/05\/Mathieu-Veillon-150x150.jpg\",\"contentUrl\":\"https:\/\/dicodusport.fr\/blog\/wp-content\/uploads\/2021\/05\/Mathieu-Veillon-150x150.jpg\",\"caption\":\"Mathieu Veillon\"},\"description\":\"Journaliste\/r\u00e9dacteur depuis septembre 2015 - Ma d\u00e9finition du bonheur ? Une galette-saucisse au Roazhon Park ou un caf\u00e9 devant un Lakers\/Celtics au petit matin. Fid\u00e8le membre de la team insomniaque de la r\u00e9dac, j\u2019ai le pouvoir de rester \u00e9veill\u00e9 jusqu\u2019\u00e0 l\u2019aube pour faire vivre aux lecteurs ma passion du sport. Ainsi, j\u2019\u00e9cris principalement sur la NBA, le biathlon, le cyclisme ou encore la F1. Comptez dans mes exploits sportifs le fait d\u2019avoir fait gagner le Tour de France 2018 \u00e0 Tony Gallopin sur Pro Cycling Manager, ou encore d\u2019avoir men\u00e9 l\u2019\u00e9quipe nationale de Bretagne en finale de Coupe du monde sur Football Manager.\",\"sameAs\":[\"https:\/\/x.com\/https:\/\/twitter.com\/MathieuVeillon\"],\"url\":\"https:\/\/dicodusport.fr\/blog\/author\/mathieu\/\"}]}<\/script>\n<!-- \/ Yoast SEO Premium plugin. -->","yoast_head_json":{"title":"Escalade JO 2024 : Paul Jenft termine 8\u00e8me du combin\u00e9, l'or pour Toby Roberts","description":"ESCALADE JO 2024 - Pas de m\u00e9daille pour Paul Jenft, qui termine dernier de la finale du combin\u00e9. Toby Roberts remporte l'or devant Sorato Anraku et Jakob Schubert.","robots":{"index":"index","follow":"follow","max-snippet":"max-snippet:-1","max-image-preview":"max-image-preview:large","max-video-preview":"max-video-preview:-1"},"canonical":"https:\/\/dicodusport.fr\/blog\/escalade-jo-2024-paul-jenft-termine-8eme-du-combine-lor-pour-toby-roberts\/","og_locale":"fr_FR","og_type":"article","og_title":"Escalade JO 2024 : Paul Jenft termine 8\u00e8me du combin\u00e9, l'or pour Toby Roberts","og_description":"ESCALADE JO 2024 - Pas de m\u00e9daille pour Paul Jenft, qui termine dernier de la finale du combin\u00e9. Toby Roberts remporte l'or devant Sorato Anraku et Jakob Schubert.","og_url":"https:\/\/dicodusport.fr\/blog\/escalade-jo-2024-paul-jenft-termine-8eme-du-combine-lor-pour-toby-roberts\/","og_site_name":"Dicodusport","article_publisher":"https:\/\/www.facebook.com\/dicodusport","article_published_time":"2024-08-09T11:37:27+00:00","article_modified_time":"2024-08-09T11:38:55+00:00","og_image":[{"width":1200,"height":674,"url":"https:\/\/dicodusport.fr\/blog\/wp-content\/uploads\/2024\/08\/Escalade-JO-2024-Paul-Jenft-termine-8eme-du-combine-lor-pour-Toby-Roberts.png","type":"image\/png"}],"author":"Mathieu Veillon","twitter_card":"summary_large_image","twitter_title":"Escalade JO 2024 : Paul Jenft termine 8\u00e8me du combin\u00e9, l'or pour Toby Roberts","twitter_creator":"@https:\/\/twitter.com\/MathieuVeillon","twitter_site":"@dicodusport","schema":{"@context":"https:\/\/schema.org","@graph":[{"@type":"NewsArticle","@id":"https:\/\/dicodusport.fr\/blog\/escalade-jo-2024-paul-jenft-termine-8eme-du-combine-lor-pour-toby-roberts\/#article","isPartOf":{"@id":"https:\/\/dicodusport.fr\/blog\/escalade-jo-2024-paul-jenft-termine-8eme-du-combine-lor-pour-toby-roberts\/"},"author":{"name":"Mathieu Veillon","@id":"https:\/\/dicodusport.fr\/blog\/#\/schema\/person\/9731cdc747db1ceb457a2bfa9180a806"},"headline":"Escalade JO 2024 : Paul Jenft termine 8\u00e8me du combin\u00e9, l&rsquo;or pour Toby Roberts","datePublished":"2024-08-09T11:37:27+00:00","dateModified":"2024-08-09T11:38:55+00:00","mainEntityOfPage":{"@id":"https:\/\/dicodusport.fr\/blog\/escalade-jo-2024-paul-jenft-termine-8eme-du-combine-lor-pour-toby-roberts\/"},"wordCount":653,"commentCount":0,"publisher":{"@id":"https:\/\/dicodusport.fr\/blog\/#organization"},"image":{"@id":"https:\/\/dicodusport.fr\/blog\/escalade-jo-2024-paul-jenft-termine-8eme-du-combine-lor-pour-toby-roberts\/#primaryimage"},"thumbnailUrl":"https:\/\/dicodusport.fr\/blog\/wp-content\/uploads\/2024\/08\/Escalade-JO-2024-Paul-Jenft-termine-8eme-du-combine-lor-pour-Toby-Roberts.png","keywords":["actu","br\u00e8ve","Escalade","Jeux olympiques 2024","Jeux Olympiques de Paris","JO 2024","JO Paris 2024","Paris 2024"],"articleSection":["Escalade","JO Paris 2024"],"inLanguage":"fr-FR","potentialAction":[{"@type":"CommentAction","name":"Comment","target":["https:\/\/dicodusport.fr\/blog\/escalade-jo-2024-paul-jenft-termine-8eme-du-combine-lor-pour-toby-roberts\/#respond"]}],"copyrightYear":"2024","copyrightHolder":{"@id":"https:\/\/dicodusport.fr\/blog\/#organization"}},{"@type":"WebPage","@id":"https:\/\/dicodusport.fr\/blog\/escalade-jo-2024-paul-jenft-termine-8eme-du-combine-lor-pour-toby-roberts\/","url":"https:\/\/dicodusport.fr\/blog\/escalade-jo-2024-paul-jenft-termine-8eme-du-combine-lor-pour-toby-roberts\/","name":"Escalade JO 2024 : Paul Jenft termine 8\u00e8me du combin\u00e9, l'or pour Toby Roberts","isPartOf":{"@id":"https:\/\/dicodusport.fr\/blog\/#website"},"primaryImageOfPage":{"@id":"https:\/\/dicodusport.fr\/blog\/escalade-jo-2024-paul-jenft-termine-8eme-du-combine-lor-pour-toby-roberts\/#primaryimage"},"image":{"@id":"https:\/\/dicodusport.fr\/blog\/escalade-jo-2024-paul-jenft-termine-8eme-du-combine-lor-pour-toby-roberts\/#primaryimage"},"thumbnailUrl":"https:\/\/dicodusport.fr\/blog\/wp-content\/uploads\/2024\/08\/Escalade-JO-2024-Paul-Jenft-termine-8eme-du-combine-lor-pour-Toby-Roberts.png","datePublished":"2024-08-09T11:37:27+00:00","dateModified":"2024-08-09T11:38:55+00:00","description":"ESCALADE JO 2024 - Pas de m\u00e9daille pour Paul Jenft, qui termine dernier de la finale du combin\u00e9. Toby Roberts remporte l'or devant Sorato Anraku et Jakob Schubert.","breadcrumb":{"@id":"https:\/\/dicodusport.fr\/blog\/escalade-jo-2024-paul-jenft-termine-8eme-du-combine-lor-pour-toby-roberts\/#breadcrumb"},"inLanguage":"fr-FR","potentialAction":[{"@type":"ReadAction","target":["https:\/\/dicodusport.fr\/blog\/escalade-jo-2024-paul-jenft-termine-8eme-du-combine-lor-pour-toby-roberts\/"]}]},{"@type":"ImageObject","inLanguage":"fr-FR","@id":"https:\/\/dicodusport.fr\/blog\/escalade-jo-2024-paul-jenft-termine-8eme-du-combine-lor-pour-toby-roberts\/#primaryimage","url":"https:\/\/dicodusport.fr\/blog\/wp-content\/uploads\/2024\/08\/Escalade-JO-2024-Paul-Jenft-termine-8eme-du-combine-lor-pour-Toby-Roberts.png","contentUrl":"https:\/\/dicodusport.fr\/blog\/wp-content\/uploads\/2024\/08\/Escalade-JO-2024-Paul-Jenft-termine-8eme-du-combine-lor-pour-Toby-Roberts.png","width":1200,"height":674,"caption":"Escalade JO 2024 Paul Jenft termine 8\u00e8me du combin\u00e9, l'or pour Toby Roberts"},{"@type":"BreadcrumbList","@id":"https:\/\/dicodusport.fr\/blog\/escalade-jo-2024-paul-jenft-termine-8eme-du-combine-lor-pour-toby-roberts\/#breadcrumb","itemListElement":[{"@type":"ListItem","position":1,"name":"Accueil","item":"https:\/\/dicodusport.fr\/blog\/"},{"@type":"ListItem","position":2,"name":"Escalade JO 2024 : Paul Jenft termine 8\u00e8me du combin\u00e9, l&#8217;or pour Toby Roberts"}]},{"@type":"WebSite","@id":"https:\/\/dicodusport.fr\/blog\/#website","url":"https:\/\/dicodusport.fr\/blog\/","name":"Dicodusport","description":"L&#039;encyclop\u00e9die de l&#039;actualit\u00e9 sportive","publisher":{"@id":"https:\/\/dicodusport.fr\/blog\/#organization"},"potentialAction":[{"@type":"SearchAction","target":{"@type":"EntryPoint","urlTemplate":"https:\/\/dicodusport.fr\/blog\/?s={search_term_string}"},"query-input":{"@type":"PropertyValueSpecification","valueRequired":true,"valueName":"search_term_string"}}],"inLanguage":"fr-FR"},{"@type":"NewsMediaOrganization","@id":"https:\/\/dicodusport.fr\/blog\/#organization","name":"Dicodusport","url":"https:\/\/dicodusport.fr\/blog\/","logo":{"@type":"ImageObject","inLanguage":"fr-FR","@id":"https:\/\/dicodusport.fr\/blog\/#\/schema\/logo\/image\/","url":"https:\/\/dicodusport.fr\/blog\/wp-content\/uploads\/2020\/06\/cropped-LOGO-DICODUSPORT-2020-SANS-FOND-SANS-TEXTE.png","contentUrl":"https:\/\/dicodusport.fr\/blog\/wp-content\/uploads\/2020\/06\/cropped-LOGO-DICODUSPORT-2020-SANS-FOND-SANS-TEXTE.png","width":512,"height":512,"caption":"Dicodusport"},"image":{"@id":"https:\/\/dicodusport.fr\/blog\/#\/schema\/logo\/image\/"},"sameAs":["https:\/\/www.facebook.com\/dicodusport","https:\/\/x.com\/dicodusport","https:\/\/www.instagram.com\/dicodusport\/","https:\/\/www.youtube.com\/channel\/UC7V2KZ5sd3htJivAbA4ZG3w"],"description":"Dicodusport est l'encyclop\u00e9die de l'actualit\u00e9 sportive.","email":"bonjour@dicodusport.fr","legalName":"DICODUSPORT","foundingDate":"2018-01-14","vatID":"FR71834470973","taxID":"83447097300043","numberOfEmployees":{"@type":"QuantitativeValue","minValue":"1","maxValue":"10"}},{"@type":"Person","@id":"https:\/\/dicodusport.fr\/blog\/#\/schema\/person\/9731cdc747db1ceb457a2bfa9180a806","name":"Mathieu Veillon","image":{"@type":"ImageObject","inLanguage":"fr-FR","@id":"https:\/\/dicodusport.fr\/blog\/#\/schema\/person\/image\/","url":"https:\/\/dicodusport.fr\/blog\/wp-content\/uploads\/2021\/05\/Mathieu-Veillon-150x150.jpg","contentUrl":"https:\/\/dicodusport.fr\/blog\/wp-content\/uploads\/2021\/05\/Mathieu-Veillon-150x150.jpg","caption":"Mathieu Veillon"},"description":"Journaliste\/r\u00e9dacteur depuis septembre 2015 - Ma d\u00e9finition du bonheur ? Une galette-saucisse au Roazhon Park ou un caf\u00e9 devant un Lakers\/Celtics au petit matin. Fid\u00e8le membre de la team insomniaque de la r\u00e9dac, j\u2019ai le pouvoir de rester \u00e9veill\u00e9 jusqu\u2019\u00e0 l\u2019aube pour faire vivre aux lecteurs ma passion du sport. Ainsi, j\u2019\u00e9cris principalement sur la NBA, le biathlon, le cyclisme ou encore la F1. Comptez dans mes exploits sportifs le fait d\u2019avoir fait gagner le Tour de France 2018 \u00e0 Tony Gallopin sur Pro Cycling Manager, ou encore d\u2019avoir men\u00e9 l\u2019\u00e9quipe nationale de Bretagne en finale de Coupe du monde sur Football Manager.","sameAs":["https:\/\/x.com\/https:\/\/twitter.com\/MathieuVeillon"],"url":"https:\/\/dicodusport.fr\/blog\/author\/mathieu\/"}]}},"_links":{"self":[{"href":"https:\/\/dicodusport.fr\/blog\/wp-json\/wp\/v2\/posts\/510636","targetHints":{"allow":["GET"]}}],"collection":[{"href":"https:\/\/dicodusport.fr\/blog\/wp-json\/wp\/v2\/posts"}],"about":[{"href":"https:\/\/dicodusport.fr\/blog\/wp-json\/wp\/v2\/types\/post"}],"author":[{"embeddable":true,"href":"https:\/\/dicodusport.fr\/blog\/wp-json\/wp\/v2\/users\/21"}],"replies":[{"embeddable":true,"href":"https:\/\/dicodusport.fr\/blog\/wp-json\/wp\/v2\/comments?post=510636"}],"version-history":[{"count":5,"href":"https:\/\/dicodusport.fr\/blog\/wp-json\/wp\/v2\/posts\/510636\/revisions"}],"predecessor-version":[{"id":510703,"href":"https:\/\/dicodusport.fr\/blog\/wp-json\/wp\/v2\/posts\/510636\/revisions\/510703"}],"wp:featuredmedia":[{"embeddable":true,"href":"https:\/\/dicodusport.fr\/blog\/wp-json\/wp\/v2\/media\/510699"}],"wp:attachment":[{"href":"https:\/\/dicodusport.fr\/blog\/wp-json\/wp\/v2\/media?parent=510636"}],"wp:term":[{"taxonomy":"category","embeddable":true,"href":"https:\/\/dicodusport.fr\/blog\/wp-json\/wp\/v2\/categories?post=510636"},{"taxonomy":"post_tag","embeddable":true,"href":"https:\/\/dicodusport.fr\/blog\/wp-json\/wp\/v2\/tags?post=510636"}],"curies":[{"name":"wp","href":"https:\/\/api.w.org\/{rel}","templated":true}]}}