{"id":510730,"date":"2024-08-09T15:50:09","date_gmt":"2024-08-09T13:50:09","guid":{"rendered":"https:\/\/dicodusport.fr\/blog\/?p=510730&#038;preview=true&#038;preview_id=510730"},"modified":"2024-08-09T16:12:32","modified_gmt":"2024-08-09T14:12:32","slug":"clasica-san-sebastian-2024-les-favoris-et-outsiders","status":"publish","type":"post","link":"https:\/\/dicodusport.fr\/blog\/clasica-san-sebastian-2024-les-favoris-et-outsiders\/","title":{"rendered":"Clasica San Sebastian 2024 : Les favoris et outsiders"},"content":{"rendered":"<p style=\"text-align: justify;\"><em><strong>CLASICA SAN SEBASTIAN 2024 \u2013 La Clasica San Sebastian sera la premi\u00e8re classique de cet \u00e9t\u00e9. Le peloton prendra la direction du nord de l\u2019Espagne, pour la plus grande classique basque. Cette course proposera une distance de 236 kilom\u00e8tres sur des routes vallonn\u00e9es et ses sept ascensions \u00e0 gravir. D\u00e9j\u00e0 \u00e0 la lutte sur le Tour de Tch\u00e9quie, Marc Hirschi et Julian Alaphilippe semblent \u00eatre les favoris.\u00a0<\/strong><\/em><\/p>\n<ul>\n<li style=\"text-align: justify;\"><strong>\u00c0 ce sujet \u2013\u00a0<a href=\"https:\/\/dicodusport.fr\/blog\/clasica-san-sebastian-2024-parcours-profil-et-favoris\/\" target=\"_blank\" rel=\"noopener\">Clasica San Sebastian 2024 : Parcours et profil<\/a><\/strong><\/li>\n<\/ul>\n<h2 style=\"text-align: justify;\">Julian Alaphilippe et Marc Hirschi en grands favoris ?<\/h2>\n<p style=\"text-align: justify;\">Avec l&rsquo;absence du champion olympique Remco Evenepoel, la Soudal Quick-Step proposera deux leaders sur les routes basques avec <a href=\"https:\/\/dicodusport.fr\/blog\/cyclisme-julian-alaphilippe-peut-il-retrouver-les-sommets\/\"><strong>Julian Alaphilippe<\/strong><\/a> et le local <strong>Mikel Landa. <\/strong>Alaphilippe a remport\u00e9 une \u00e9tape du Tour de R\u00e9publique Tch\u00e8que et sur le Tour de Slovaquie et a r\u00e9alis\u00e9 une belle course en ligne sur les Jeux alors que Landa a encore impressionn\u00e9 sur le Tour de France en terminant cinqui\u00e8me du g\u00e9n\u00e9ral. La derni\u00e8re difficult\u00e9 de 2 km \u00e0 11,7 % colle parfaitement aux caract\u00e9ristiques d&rsquo;Alaphilippe pour lancer les hostilit\u00e9s et inscrire son nom pour une seconde fois \u00e0 Saint-S\u00e9bastien, tandis que Landa misera sur une course rendue difficile plus t\u00f4t dans les difficult\u00e9s pr\u00e9c\u00e9dentes.<\/p>\n<div id=\"attachment_496206\" style=\"width: 750px\" class=\"wp-caption aligncenter\"><img loading=\"lazy\" decoding=\"async\" aria-describedby=\"caption-attachment-496206\" class=\"wp-image-496206 size-large\" src=\"https:\/\/dicodusport.fr\/blog\/wp-content\/uploads\/2024\/06\/Tour-de-Slovaquie-2024-Julian-Alaphilippe-enleve-la-3eme-etape-devant-Paul-Magnier-1024x575.png\" alt=\"Tour de Slovaquie 2024 Julian Alaphilippe enl\u00e8ve la 3\u00e8me \u00e9tape devant Paul Magnier\" width=\"740\" height=\"416\" srcset=\"https:\/\/dicodusport.fr\/blog\/wp-content\/uploads\/2024\/06\/Tour-de-Slovaquie-2024-Julian-Alaphilippe-enleve-la-3eme-etape-devant-Paul-Magnier-1024x575.png 1024w, https:\/\/dicodusport.fr\/blog\/wp-content\/uploads\/2024\/06\/Tour-de-Slovaquie-2024-Julian-Alaphilippe-enleve-la-3eme-etape-devant-Paul-Magnier-300x169.png 300w, https:\/\/dicodusport.fr\/blog\/wp-content\/uploads\/2024\/06\/Tour-de-Slovaquie-2024-Julian-Alaphilippe-enleve-la-3eme-etape-devant-Paul-Magnier-768x431.png 768w, https:\/\/dicodusport.fr\/blog\/wp-content\/uploads\/2024\/06\/Tour-de-Slovaquie-2024-Julian-Alaphilippe-enleve-la-3eme-etape-devant-Paul-Magnier.png 1200w\" sizes=\"auto, (max-width: 740px) 100vw, 740px\" \/><p id=\"caption-attachment-496206\" class=\"wp-caption-text\">Apr\u00e8s 2018, Julian Alaphilippe va-t-il remporter une nouvelle Clasica San Sebastian ? &#8211; Photo Icon Sport<\/p><\/div>\n<p style=\"text-align: justify;\">Mais, les principaux rivaux du Wolfpack devraient venir de l&rsquo;\u00e9quipe UAE Team Emirates avec le vainqueur du Tour de Tch\u00e9quie, <strong>Marc Hirschi <\/strong>et la p\u00e9pite mexicaine <strong>Isaac Del Toro<\/strong>. Hirschi semble \u00eatre le leader, le Suisse est au top de sa forme. Le Suisse a les m\u00eames aptitudes qu&rsquo;Alaphilippe. N\u00e9anmoins, le Mexicain de 20 ans a d\u00e9j\u00e0 montr\u00e9 pour sa premi\u00e8re ann\u00e9e chez les pros qu&rsquo;il avait le niveau pour viser une course longue de 236 kilom\u00e8tres.<\/p>\n<p style=\"text-align: justify;\"><strong>Santiago Buitrago<\/strong><strong>\u00a0<\/strong>et\u00a0<strong>Pello Bilbao<\/strong> seront les deux cartes de la Bahrain Victorious. Ces deux coureurs peuvent gagner de diff\u00e9rentes mani\u00e8res et appr\u00e9cieront les forts pourcentages du dernier raidard. Bilbao a termin\u00e9 deuxi\u00e8me l&rsquo;ann\u00e9e derni\u00e8re derri\u00e8re Evenepoel mais a \u00e9t\u00e9 contraint \u00e0 l&rsquo;abandon sur les routes du Tour alors que le Colombien a termin\u00e9 10e du Tour de France.<\/p>\n<ul>\n<li style=\"text-align: justify;\"><strong>\u00c0 ce sujet &#8211; <a href=\"https:\/\/dicodusport.fr\/blog\/actualites\/cyclisme\/cyclisme-sur-route-2024\/\">L&rsquo;actualit\u00e9 du cyclisme sur route<\/a><\/strong><\/li>\n<\/ul>\n<h2 style=\"text-align: justify;\">Van Gils, Kron, Simon Yates mais aussi Vingegaard<\/h2>\n<p style=\"text-align: justify;\">Lotto Dstny esp\u00e8re \u00e9galement briller sur les routes basques, avec ses puncheurs <strong>Maxim Van Gils<\/strong>\u00a0et\u00a0<strong>Andreas Kron, <\/strong>m\u00eame si le Danois n&rsquo;a pas retrouv\u00e9 ses jambes de la fin de la saison derni\u00e8re. Le jeune Belge a r\u00e9alis\u00e9 un excellent printemps plein de places d&rsquo;honneur avec notamment des succ\u00e8s sur le Grand Prix de Gipping et de Francfort. Apr\u00e8s avoir port\u00e9 le maillot blanc lors des premi\u00e8res \u00e9tapes, il a finalement abandonn\u00e9 d\u00e8s la seizi\u00e8me \u00e9tape sur le Tour de France.<\/p>\n<div id=\"attachment_482768\" style=\"width: 750px\" class=\"wp-caption aligncenter\"><a href=\"https:\/\/dicodusport.fr\/blog\/wp-content\/uploads\/2024\/05\/Eschborn-Francfort-2024-Maxim-Van-Gils-simpose-1.png\"><img loading=\"lazy\" decoding=\"async\" aria-describedby=\"caption-attachment-482768\" class=\"size-large wp-image-482768\" src=\"https:\/\/dicodusport.fr\/blog\/wp-content\/uploads\/2024\/05\/Eschborn-Francfort-2024-Maxim-Van-Gils-simpose-1-1024x575.png\" alt=\"Eschborn-Francfort 2024 Maxim Van Gils s'impose (1)\" width=\"740\" height=\"416\" srcset=\"https:\/\/dicodusport.fr\/blog\/wp-content\/uploads\/2024\/05\/Eschborn-Francfort-2024-Maxim-Van-Gils-simpose-1-1024x575.png 1024w, https:\/\/dicodusport.fr\/blog\/wp-content\/uploads\/2024\/05\/Eschborn-Francfort-2024-Maxim-Van-Gils-simpose-1-300x169.png 300w, https:\/\/dicodusport.fr\/blog\/wp-content\/uploads\/2024\/05\/Eschborn-Francfort-2024-Maxim-Van-Gils-simpose-1-768x431.png 768w, https:\/\/dicodusport.fr\/blog\/wp-content\/uploads\/2024\/05\/Eschborn-Francfort-2024-Maxim-Van-Gils-simpose-1.png 1200w\" sizes=\"auto, (max-width: 740px) 100vw, 740px\" \/><\/a><p id=\"caption-attachment-482768\" class=\"wp-caption-text\">Maxim Van Gils (Lotto Dstny) \u00e0 suivre sur la Clasica San Sebastian 2024 &#8211; Photo Icon Sport<\/p><\/div>\n<p style=\"text-align: justify;\">Par la suite, <strong>Simon Yates<\/strong> a termin\u00e9 le Tour avec de meilleures sensations m\u00eame s&rsquo;il est tomb\u00e9 sur os nomm\u00e9 Carapaz. Et comment. Le Britannique de Jayco AlUla a termin\u00e9 sixi\u00e8me en 2022 et un profil de grimpeur-puncheur ad\u00e9quat pour ce type de course.<\/p>\n<p style=\"text-align: justify;\">Chez Visma Lease a Bike, <strong>Tiesj Benoot<\/strong> devait \u00eatre le leader uniquede la structure n\u00e9erlandaise. Cantonn\u00e9 \u00e0 un r\u00f4le d&rsquo;\u00e9quipier sur la course olympique et sur le Tour, le Flamand a termin\u00e9 troisi\u00e8me en 2022 \u00e0 Saint-S\u00e9bastien et a prouv\u00e9 dans son travail de <em>gregario<\/em> \u00e0 Paris qu&rsquo;il avait une bonne condition physique. Mais, finalement, <strong>Jonas Vingegaard<\/strong> sera aussi au d\u00e9part samedi. Reste \u00e0 savoir dans quel \u00e9tat de forme.<\/p>\n<p style=\"text-align: justify;\">Enfin, beaucoup d\u2019outsiders peuvent viser la victoire avec le grimpeur de la Lidl-Trek <strong>Giulio Ciccone<\/strong>, le duo de la Movistar<strong>\u00a0Alex Aranburu<\/strong> et <strong>Oier Lazkano<\/strong>, le vainqueur de la premi\u00e8re \u00e9tape du Giro, qui ressemblait beaucoup \u00e0 la classique de Saint-S\u00e9bastien, <strong>Jhonatan Narv\u00e1ez<\/strong><strong>\u00a0<\/strong>(INEOS Grenadiers), ainsi que <strong>Michael Woods<\/strong> (Israel-Premier Tech) et le premier maillot jaune de la Grande Boucle <strong>Romain Bardet<\/strong><strong>\u00a0<\/strong>(DSM-Firmenich PostNL).<\/p>\n","protected":false},"excerpt":{"rendered":"<p>Les favoris et outsiders de la Clasica San Sebastian 2024<\/p>\n","protected":false},"author":48,"featured_media":510757,"comment_status":"open","ping_status":"closed","sticky":false,"template":"","format":"standard","meta":{"_acf_changed":false,"_daextam_enable_autolinks":"1","footnotes":""},"categories":[46994],"tags":[16878,5675],"class_list":["post-510730","post","type-post","status-publish","format-standard","has-post-thumbnail","hentry","category-cyclisme-sur-route","tag-breve","tag-clasica-san-sebastian"],"acf":[],"yoast_head":"<!-- This site is optimized with the Yoast SEO Premium plugin v26.7 (Yoast SEO v26.7) - https:\/\/yoast.com\/wordpress\/plugins\/seo\/ -->\n<title>Clasica San Sebastian 2024 : Les favoris et outsiders<\/title>\n<meta name=\"description\" content=\"Les favoris et outsiders de la Clasica San Sebastian 2024, qui se dispute ce samedi 10 ao\u00fbt 2024 au Pays Basque espagnol.\" \/>\n<meta name=\"robots\" content=\"index, follow, max-snippet:-1, max-image-preview:large, max-video-preview:-1\" \/>\n<link rel=\"canonical\" href=\"https:\/\/dicodusport.fr\/blog\/clasica-san-sebastian-2024-les-favoris-et-outsiders\/\" \/>\n<meta property=\"og:locale\" content=\"fr_FR\" \/>\n<meta property=\"og:type\" content=\"article\" \/>\n<meta property=\"og:title\" content=\"Clasica San Sebastian 2024 : Les favoris et outsiders\" \/>\n<meta property=\"og:description\" content=\"Les favoris et outsiders de la Clasica San Sebastian 2024, qui se dispute ce samedi 10 ao\u00fbt 2024 au Pays Basque espagnol.\" \/>\n<meta property=\"og:url\" content=\"https:\/\/dicodusport.fr\/blog\/clasica-san-sebastian-2024-les-favoris-et-outsiders\/\" \/>\n<meta property=\"og:site_name\" content=\"Dicodusport\" \/>\n<meta property=\"article:publisher\" content=\"https:\/\/www.facebook.com\/dicodusport\" \/>\n<meta property=\"article:author\" content=\"https:\/\/www.facebook.com\/groups\/LesRoisDuPeloton\" \/>\n<meta property=\"article:published_time\" content=\"2024-08-09T13:50:09+00:00\" \/>\n<meta property=\"article:modified_time\" content=\"2024-08-09T14:12:32+00:00\" \/>\n<meta property=\"og:image\" content=\"https:\/\/dicodusport.fr\/blog\/wp-content\/uploads\/2024\/08\/Clasica-San-Sebastian-2024-Les-favoris-et-outsiders.png\" \/>\n\t<meta property=\"og:image:width\" content=\"1200\" \/>\n\t<meta property=\"og:image:height\" content=\"674\" \/>\n\t<meta property=\"og:image:type\" content=\"image\/png\" \/>\n<meta name=\"author\" content=\"Emilien Descampiaux\" \/>\n<meta name=\"twitter:card\" content=\"summary_large_image\" \/>\n<meta name=\"twitter:title\" content=\"Clasica San Sebastian 2024 : Les favoris et outsiders\" \/>\n<meta name=\"twitter:creator\" content=\"@https:\/\/twitter.com\/LRoisDuPeloton\" \/>\n<meta name=\"twitter:site\" content=\"@dicodusport\" \/>\n<script type=\"application\/ld+json\" class=\"yoast-schema-graph\">{\"@context\":\"https:\/\/schema.org\",\"@graph\":[{\"@type\":\"NewsArticle\",\"@id\":\"https:\/\/dicodusport.fr\/blog\/clasica-san-sebastian-2024-les-favoris-et-outsiders\/#article\",\"isPartOf\":{\"@id\":\"https:\/\/dicodusport.fr\/blog\/clasica-san-sebastian-2024-les-favoris-et-outsiders\/\"},\"author\":{\"name\":\"Emilien Descampiaux\",\"@id\":\"https:\/\/dicodusport.fr\/blog\/#\/schema\/person\/6db4bae06b171592211be385b32876a7\"},\"headline\":\"Clasica San Sebastian 2024 : Les favoris et outsiders\",\"datePublished\":\"2024-08-09T13:50:09+00:00\",\"dateModified\":\"2024-08-09T14:12:32+00:00\",\"mainEntityOfPage\":{\"@id\":\"https:\/\/dicodusport.fr\/blog\/clasica-san-sebastian-2024-les-favoris-et-outsiders\/\"},\"wordCount\":706,\"commentCount\":0,\"publisher\":{\"@id\":\"https:\/\/dicodusport.fr\/blog\/#organization\"},\"image\":{\"@id\":\"https:\/\/dicodusport.fr\/blog\/clasica-san-sebastian-2024-les-favoris-et-outsiders\/#primaryimage\"},\"thumbnailUrl\":\"https:\/\/dicodusport.fr\/blog\/wp-content\/uploads\/2024\/08\/Clasica-San-Sebastian-2024-Les-favoris-et-outsiders.png\",\"keywords\":[\"br\u00e8ve\",\"Clasica San Sebastian\"],\"articleSection\":[\"Cyclisme sur route\"],\"inLanguage\":\"fr-FR\",\"potentialAction\":[{\"@type\":\"CommentAction\",\"name\":\"Comment\",\"target\":[\"https:\/\/dicodusport.fr\/blog\/clasica-san-sebastian-2024-les-favoris-et-outsiders\/#respond\"]}],\"copyrightYear\":\"2024\",\"copyrightHolder\":{\"@id\":\"https:\/\/dicodusport.fr\/blog\/#organization\"}},{\"@type\":\"WebPage\",\"@id\":\"https:\/\/dicodusport.fr\/blog\/clasica-san-sebastian-2024-les-favoris-et-outsiders\/\",\"url\":\"https:\/\/dicodusport.fr\/blog\/clasica-san-sebastian-2024-les-favoris-et-outsiders\/\",\"name\":\"Clasica San Sebastian 2024 : Les favoris et outsiders\",\"isPartOf\":{\"@id\":\"https:\/\/dicodusport.fr\/blog\/#website\"},\"primaryImageOfPage\":{\"@id\":\"https:\/\/dicodusport.fr\/blog\/clasica-san-sebastian-2024-les-favoris-et-outsiders\/#primaryimage\"},\"image\":{\"@id\":\"https:\/\/dicodusport.fr\/blog\/clasica-san-sebastian-2024-les-favoris-et-outsiders\/#primaryimage\"},\"thumbnailUrl\":\"https:\/\/dicodusport.fr\/blog\/wp-content\/uploads\/2024\/08\/Clasica-San-Sebastian-2024-Les-favoris-et-outsiders.png\",\"datePublished\":\"2024-08-09T13:50:09+00:00\",\"dateModified\":\"2024-08-09T14:12:32+00:00\",\"description\":\"Les favoris et outsiders de la Clasica San Sebastian 2024, qui se dispute ce samedi 10 ao\u00fbt 2024 au Pays Basque espagnol.\",\"breadcrumb\":{\"@id\":\"https:\/\/dicodusport.fr\/blog\/clasica-san-sebastian-2024-les-favoris-et-outsiders\/#breadcrumb\"},\"inLanguage\":\"fr-FR\",\"potentialAction\":[{\"@type\":\"ReadAction\",\"target\":[\"https:\/\/dicodusport.fr\/blog\/clasica-san-sebastian-2024-les-favoris-et-outsiders\/\"]}]},{\"@type\":\"ImageObject\",\"inLanguage\":\"fr-FR\",\"@id\":\"https:\/\/dicodusport.fr\/blog\/clasica-san-sebastian-2024-les-favoris-et-outsiders\/#primaryimage\",\"url\":\"https:\/\/dicodusport.fr\/blog\/wp-content\/uploads\/2024\/08\/Clasica-San-Sebastian-2024-Les-favoris-et-outsiders.png\",\"contentUrl\":\"https:\/\/dicodusport.fr\/blog\/wp-content\/uploads\/2024\/08\/Clasica-San-Sebastian-2024-Les-favoris-et-outsiders.png\",\"width\":1200,\"height\":674,\"caption\":\"Clasica San Sebastian 2024 Les favoris et outsiders\"},{\"@type\":\"BreadcrumbList\",\"@id\":\"https:\/\/dicodusport.fr\/blog\/clasica-san-sebastian-2024-les-favoris-et-outsiders\/#breadcrumb\",\"itemListElement\":[{\"@type\":\"ListItem\",\"position\":1,\"name\":\"Accueil\",\"item\":\"https:\/\/dicodusport.fr\/blog\/\"},{\"@type\":\"ListItem\",\"position\":2,\"name\":\"Clasica San Sebastian 2024 : Les favoris et outsiders\"}]},{\"@type\":\"WebSite\",\"@id\":\"https:\/\/dicodusport.fr\/blog\/#website\",\"url\":\"https:\/\/dicodusport.fr\/blog\/\",\"name\":\"Dicodusport\",\"description\":\"L&#039;encyclop\u00e9die de l&#039;actualit\u00e9 sportive\",\"publisher\":{\"@id\":\"https:\/\/dicodusport.fr\/blog\/#organization\"},\"potentialAction\":[{\"@type\":\"SearchAction\",\"target\":{\"@type\":\"EntryPoint\",\"urlTemplate\":\"https:\/\/dicodusport.fr\/blog\/?s={search_term_string}\"},\"query-input\":{\"@type\":\"PropertyValueSpecification\",\"valueRequired\":true,\"valueName\":\"search_term_string\"}}],\"inLanguage\":\"fr-FR\"},{\"@type\":\"NewsMediaOrganization\",\"@id\":\"https:\/\/dicodusport.fr\/blog\/#organization\",\"name\":\"Dicodusport\",\"url\":\"https:\/\/dicodusport.fr\/blog\/\",\"logo\":{\"@type\":\"ImageObject\",\"inLanguage\":\"fr-FR\",\"@id\":\"https:\/\/dicodusport.fr\/blog\/#\/schema\/logo\/image\/\",\"url\":\"https:\/\/dicodusport.fr\/blog\/wp-content\/uploads\/2020\/06\/cropped-LOGO-DICODUSPORT-2020-SANS-FOND-SANS-TEXTE.png\",\"contentUrl\":\"https:\/\/dicodusport.fr\/blog\/wp-content\/uploads\/2020\/06\/cropped-LOGO-DICODUSPORT-2020-SANS-FOND-SANS-TEXTE.png\",\"width\":512,\"height\":512,\"caption\":\"Dicodusport\"},\"image\":{\"@id\":\"https:\/\/dicodusport.fr\/blog\/#\/schema\/logo\/image\/\"},\"sameAs\":[\"https:\/\/www.facebook.com\/dicodusport\",\"https:\/\/x.com\/dicodusport\",\"https:\/\/www.instagram.com\/dicodusport\/\",\"https:\/\/www.youtube.com\/channel\/UC7V2KZ5sd3htJivAbA4ZG3w\"],\"description\":\"Dicodusport est l'encyclop\u00e9die de l'actualit\u00e9 sportive.\",\"email\":\"bonjour@dicodusport.fr\",\"legalName\":\"DICODUSPORT\",\"foundingDate\":\"2018-01-14\",\"vatID\":\"FR71834470973\",\"taxID\":\"83447097300043\",\"numberOfEmployees\":{\"@type\":\"QuantitativeValue\",\"minValue\":\"1\",\"maxValue\":\"10\"}},{\"@type\":\"Person\",\"@id\":\"https:\/\/dicodusport.fr\/blog\/#\/schema\/person\/6db4bae06b171592211be385b32876a7\",\"name\":\"Emilien Descampiaux\",\"image\":{\"@type\":\"ImageObject\",\"inLanguage\":\"fr-FR\",\"@id\":\"https:\/\/dicodusport.fr\/blog\/#\/schema\/person\/image\/\",\"url\":\"https:\/\/dicodusport.fr\/blog\/wp-content\/uploads\/2021\/05\/Emilien-Descampiaux-150x150.jpg\",\"contentUrl\":\"https:\/\/dicodusport.fr\/blog\/wp-content\/uploads\/2021\/05\/Emilien-Descampiaux-150x150.jpg\",\"caption\":\"Emilien Descampiaux\"},\"description\":\"Journaliste\/r\u00e9dacteur depuis 2014 - Fan de la classe de Frank Vandenbroucke, je vis cyclisme (et de ses paysages) depuis plus de 20 ans. Je suis tr\u00e8s impliqu\u00e9 sur mes diff\u00e9rents r\u00e9seaux sociaux pour partager ma passion sur le monde et l'Histoire de la bicyclette avec ma voix sur les images en noir et blanc du succ\u00e8s de Rik Van Steenbergen lors du Ronde sur le V\u00e9lodrome de Gand.\",\"sameAs\":[\"https:\/\/www.facebook.com\/groups\/LesRoisDuPeloton\",\"https:\/\/x.com\/https:\/\/twitter.com\/LRoisDuPeloton\"],\"url\":\"https:\/\/dicodusport.fr\/blog\/author\/emiliend\/\"}]}<\/script>\n<!-- \/ Yoast SEO Premium plugin. -->","yoast_head_json":{"title":"Clasica San Sebastian 2024 : Les favoris et outsiders","description":"Les favoris et outsiders de la Clasica San Sebastian 2024, qui se dispute ce samedi 10 ao\u00fbt 2024 au Pays Basque espagnol.","robots":{"index":"index","follow":"follow","max-snippet":"max-snippet:-1","max-image-preview":"max-image-preview:large","max-video-preview":"max-video-preview:-1"},"canonical":"https:\/\/dicodusport.fr\/blog\/clasica-san-sebastian-2024-les-favoris-et-outsiders\/","og_locale":"fr_FR","og_type":"article","og_title":"Clasica San Sebastian 2024 : Les favoris et outsiders","og_description":"Les favoris et outsiders de la Clasica San Sebastian 2024, qui se dispute ce samedi 10 ao\u00fbt 2024 au Pays Basque espagnol.","og_url":"https:\/\/dicodusport.fr\/blog\/clasica-san-sebastian-2024-les-favoris-et-outsiders\/","og_site_name":"Dicodusport","article_publisher":"https:\/\/www.facebook.com\/dicodusport","article_author":"https:\/\/www.facebook.com\/groups\/LesRoisDuPeloton","article_published_time":"2024-08-09T13:50:09+00:00","article_modified_time":"2024-08-09T14:12:32+00:00","og_image":[{"width":1200,"height":674,"url":"https:\/\/dicodusport.fr\/blog\/wp-content\/uploads\/2024\/08\/Clasica-San-Sebastian-2024-Les-favoris-et-outsiders.png","type":"image\/png"}],"author":"Emilien Descampiaux","twitter_card":"summary_large_image","twitter_title":"Clasica San Sebastian 2024 : Les favoris et outsiders","twitter_creator":"@https:\/\/twitter.com\/LRoisDuPeloton","twitter_site":"@dicodusport","schema":{"@context":"https:\/\/schema.org","@graph":[{"@type":"NewsArticle","@id":"https:\/\/dicodusport.fr\/blog\/clasica-san-sebastian-2024-les-favoris-et-outsiders\/#article","isPartOf":{"@id":"https:\/\/dicodusport.fr\/blog\/clasica-san-sebastian-2024-les-favoris-et-outsiders\/"},"author":{"name":"Emilien Descampiaux","@id":"https:\/\/dicodusport.fr\/blog\/#\/schema\/person\/6db4bae06b171592211be385b32876a7"},"headline":"Clasica San Sebastian 2024 : Les favoris et outsiders","datePublished":"2024-08-09T13:50:09+00:00","dateModified":"2024-08-09T14:12:32+00:00","mainEntityOfPage":{"@id":"https:\/\/dicodusport.fr\/blog\/clasica-san-sebastian-2024-les-favoris-et-outsiders\/"},"wordCount":706,"commentCount":0,"publisher":{"@id":"https:\/\/dicodusport.fr\/blog\/#organization"},"image":{"@id":"https:\/\/dicodusport.fr\/blog\/clasica-san-sebastian-2024-les-favoris-et-outsiders\/#primaryimage"},"thumbnailUrl":"https:\/\/dicodusport.fr\/blog\/wp-content\/uploads\/2024\/08\/Clasica-San-Sebastian-2024-Les-favoris-et-outsiders.png","keywords":["br\u00e8ve","Clasica San Sebastian"],"articleSection":["Cyclisme sur route"],"inLanguage":"fr-FR","potentialAction":[{"@type":"CommentAction","name":"Comment","target":["https:\/\/dicodusport.fr\/blog\/clasica-san-sebastian-2024-les-favoris-et-outsiders\/#respond"]}],"copyrightYear":"2024","copyrightHolder":{"@id":"https:\/\/dicodusport.fr\/blog\/#organization"}},{"@type":"WebPage","@id":"https:\/\/dicodusport.fr\/blog\/clasica-san-sebastian-2024-les-favoris-et-outsiders\/","url":"https:\/\/dicodusport.fr\/blog\/clasica-san-sebastian-2024-les-favoris-et-outsiders\/","name":"Clasica San Sebastian 2024 : Les favoris et outsiders","isPartOf":{"@id":"https:\/\/dicodusport.fr\/blog\/#website"},"primaryImageOfPage":{"@id":"https:\/\/dicodusport.fr\/blog\/clasica-san-sebastian-2024-les-favoris-et-outsiders\/#primaryimage"},"image":{"@id":"https:\/\/dicodusport.fr\/blog\/clasica-san-sebastian-2024-les-favoris-et-outsiders\/#primaryimage"},"thumbnailUrl":"https:\/\/dicodusport.fr\/blog\/wp-content\/uploads\/2024\/08\/Clasica-San-Sebastian-2024-Les-favoris-et-outsiders.png","datePublished":"2024-08-09T13:50:09+00:00","dateModified":"2024-08-09T14:12:32+00:00","description":"Les favoris et outsiders de la Clasica San Sebastian 2024, qui se dispute ce samedi 10 ao\u00fbt 2024 au Pays Basque espagnol.","breadcrumb":{"@id":"https:\/\/dicodusport.fr\/blog\/clasica-san-sebastian-2024-les-favoris-et-outsiders\/#breadcrumb"},"inLanguage":"fr-FR","potentialAction":[{"@type":"ReadAction","target":["https:\/\/dicodusport.fr\/blog\/clasica-san-sebastian-2024-les-favoris-et-outsiders\/"]}]},{"@type":"ImageObject","inLanguage":"fr-FR","@id":"https:\/\/dicodusport.fr\/blog\/clasica-san-sebastian-2024-les-favoris-et-outsiders\/#primaryimage","url":"https:\/\/dicodusport.fr\/blog\/wp-content\/uploads\/2024\/08\/Clasica-San-Sebastian-2024-Les-favoris-et-outsiders.png","contentUrl":"https:\/\/dicodusport.fr\/blog\/wp-content\/uploads\/2024\/08\/Clasica-San-Sebastian-2024-Les-favoris-et-outsiders.png","width":1200,"height":674,"caption":"Clasica San Sebastian 2024 Les favoris et outsiders"},{"@type":"BreadcrumbList","@id":"https:\/\/dicodusport.fr\/blog\/clasica-san-sebastian-2024-les-favoris-et-outsiders\/#breadcrumb","itemListElement":[{"@type":"ListItem","position":1,"name":"Accueil","item":"https:\/\/dicodusport.fr\/blog\/"},{"@type":"ListItem","position":2,"name":"Clasica San Sebastian 2024 : Les favoris et outsiders"}]},{"@type":"WebSite","@id":"https:\/\/dicodusport.fr\/blog\/#website","url":"https:\/\/dicodusport.fr\/blog\/","name":"Dicodusport","description":"L&#039;encyclop\u00e9die de l&#039;actualit\u00e9 sportive","publisher":{"@id":"https:\/\/dicodusport.fr\/blog\/#organization"},"potentialAction":[{"@type":"SearchAction","target":{"@type":"EntryPoint","urlTemplate":"https:\/\/dicodusport.fr\/blog\/?s={search_term_string}"},"query-input":{"@type":"PropertyValueSpecification","valueRequired":true,"valueName":"search_term_string"}}],"inLanguage":"fr-FR"},{"@type":"NewsMediaOrganization","@id":"https:\/\/dicodusport.fr\/blog\/#organization","name":"Dicodusport","url":"https:\/\/dicodusport.fr\/blog\/","logo":{"@type":"ImageObject","inLanguage":"fr-FR","@id":"https:\/\/dicodusport.fr\/blog\/#\/schema\/logo\/image\/","url":"https:\/\/dicodusport.fr\/blog\/wp-content\/uploads\/2020\/06\/cropped-LOGO-DICODUSPORT-2020-SANS-FOND-SANS-TEXTE.png","contentUrl":"https:\/\/dicodusport.fr\/blog\/wp-content\/uploads\/2020\/06\/cropped-LOGO-DICODUSPORT-2020-SANS-FOND-SANS-TEXTE.png","width":512,"height":512,"caption":"Dicodusport"},"image":{"@id":"https:\/\/dicodusport.fr\/blog\/#\/schema\/logo\/image\/"},"sameAs":["https:\/\/www.facebook.com\/dicodusport","https:\/\/x.com\/dicodusport","https:\/\/www.instagram.com\/dicodusport\/","https:\/\/www.youtube.com\/channel\/UC7V2KZ5sd3htJivAbA4ZG3w"],"description":"Dicodusport est l'encyclop\u00e9die de l'actualit\u00e9 sportive.","email":"bonjour@dicodusport.fr","legalName":"DICODUSPORT","foundingDate":"2018-01-14","vatID":"FR71834470973","taxID":"83447097300043","numberOfEmployees":{"@type":"QuantitativeValue","minValue":"1","maxValue":"10"}},{"@type":"Person","@id":"https:\/\/dicodusport.fr\/blog\/#\/schema\/person\/6db4bae06b171592211be385b32876a7","name":"Emilien Descampiaux","image":{"@type":"ImageObject","inLanguage":"fr-FR","@id":"https:\/\/dicodusport.fr\/blog\/#\/schema\/person\/image\/","url":"https:\/\/dicodusport.fr\/blog\/wp-content\/uploads\/2021\/05\/Emilien-Descampiaux-150x150.jpg","contentUrl":"https:\/\/dicodusport.fr\/blog\/wp-content\/uploads\/2021\/05\/Emilien-Descampiaux-150x150.jpg","caption":"Emilien Descampiaux"},"description":"Journaliste\/r\u00e9dacteur depuis 2014 - Fan de la classe de Frank Vandenbroucke, je vis cyclisme (et de ses paysages) depuis plus de 20 ans. Je suis tr\u00e8s impliqu\u00e9 sur mes diff\u00e9rents r\u00e9seaux sociaux pour partager ma passion sur le monde et l'Histoire de la bicyclette avec ma voix sur les images en noir et blanc du succ\u00e8s de Rik Van Steenbergen lors du Ronde sur le V\u00e9lodrome de Gand.","sameAs":["https:\/\/www.facebook.com\/groups\/LesRoisDuPeloton","https:\/\/x.com\/https:\/\/twitter.com\/LRoisDuPeloton"],"url":"https:\/\/dicodusport.fr\/blog\/author\/emiliend\/"}]}},"_links":{"self":[{"href":"https:\/\/dicodusport.fr\/blog\/wp-json\/wp\/v2\/posts\/510730","targetHints":{"allow":["GET"]}}],"collection":[{"href":"https:\/\/dicodusport.fr\/blog\/wp-json\/wp\/v2\/posts"}],"about":[{"href":"https:\/\/dicodusport.fr\/blog\/wp-json\/wp\/v2\/types\/post"}],"author":[{"embeddable":true,"href":"https:\/\/dicodusport.fr\/blog\/wp-json\/wp\/v2\/users\/48"}],"replies":[{"embeddable":true,"href":"https:\/\/dicodusport.fr\/blog\/wp-json\/wp\/v2\/comments?post=510730"}],"version-history":[{"count":5,"href":"https:\/\/dicodusport.fr\/blog\/wp-json\/wp\/v2\/posts\/510730\/revisions"}],"predecessor-version":[{"id":510770,"href":"https:\/\/dicodusport.fr\/blog\/wp-json\/wp\/v2\/posts\/510730\/revisions\/510770"}],"wp:featuredmedia":[{"embeddable":true,"href":"https:\/\/dicodusport.fr\/blog\/wp-json\/wp\/v2\/media\/510757"}],"wp:attachment":[{"href":"https:\/\/dicodusport.fr\/blog\/wp-json\/wp\/v2\/media?parent=510730"}],"wp:term":[{"taxonomy":"category","embeddable":true,"href":"https:\/\/dicodusport.fr\/blog\/wp-json\/wp\/v2\/categories?post=510730"},{"taxonomy":"post_tag","embeddable":true,"href":"https:\/\/dicodusport.fr\/blog\/wp-json\/wp\/v2\/tags?post=510730"}],"curies":[{"name":"wp","href":"https:\/\/api.w.org\/{rel}","templated":true}]}}