{"id":51082,"date":"2019-10-10T14:00:56","date_gmt":"2019-10-10T12:00:56","guid":{"rendered":"http:\/\/dicodusport.fr\/blog\/?p=51082"},"modified":"2019-10-10T16:18:32","modified_gmt":"2019-10-10T14:18:32","slug":"l-asvel-a-deux-ans-pour-s-affirmer","status":"publish","type":"post","link":"https:\/\/dicodusport.fr\/blog\/l-asvel-a-deux-ans-pour-s-affirmer\/","title":{"rendered":"L\u2019ASVEL a deux ans pour s\u2019affirmer"},"content":{"rendered":"<p style=\"text-align: justify;\"><em><strong>Ce jeudi \u00e0 20h45, l\u2019ASVEL re\u00e7oit le Panathina\u00efkos d\u2019Ath\u00e8nes pour la deuxi\u00e8me journ\u00e9e de l\u2019Euroligue. Un match important \u00e0 l\u2019Astroballe afin d\u2019assurer la continuit\u00e9 de la construction du nouveau projet de l\u2019ASVEL Lyon Villeurbanne, initi\u00e9 par Tony Parker.<\/strong><\/em><\/p>\n<h2 style=\"text-align: justify;\">Une premi\u00e8re pour le basket fran\u00e7ais<\/h2>\n<p style=\"text-align: justify;\">Le nouveau syst\u00e8me \u00e9litiste du basket europ\u00e9en, avec l\u2019<strong>Euroligue<\/strong>, a invit\u00e9 <strong>l\u2019<a href=\"https:\/\/ldlcasvel.com\/\" target=\"_blank\" rel=\"noopener\">ASVEL<\/a> Lyon Villeurbanne<\/strong> pour les deux prochaines saisons, apr\u00e8s presque 10 ans sans apparition europ\u00e9enne.<\/p>\n<p style=\"text-align: justify;\">Un ticket qui dynamise le projet mis en place depuis quelque temps par <strong>Tony Parker<\/strong> pour son club fran\u00e7ais. Une place qui vaut tr\u00e8s ch\u00e8re et qui doit assurer la p\u00e9rennit\u00e9 du club et son envie de se d\u00e9velopper \u00e0 l\u2019\u00e9chelle europ\u00e9enne. Concurrencer sous peu les <strong>CSKA Moscou, Fenerbahce, Real Madrid<\/strong> ou autre\u00a0<strong>FC Barcelone<\/strong>, c\u2019est l\u2019objectif du club fran\u00e7ais.<\/p>\n<p style=\"text-align: justify;\"><strong>Jordi Bartomeu<\/strong>, pr\u00e9sident de l\u2019Euroligue, \u00e9tait pr\u00e9sent pour le retour de l\u2019<strong>ASVEL<\/strong> en Euroligue la semaine pass\u00e9e (victoire 82-63 face \u00e0 l\u2019Olympiacos). Aux c\u00f4t\u00e9s de <strong>Tony Parker<\/strong>, il a exprim\u00e9 son optimisme quant \u00e0 la pr\u00e9sence sur du long terme de l\u2019<strong>ASVEL<\/strong> et de son projet dans la prestigieuse ligue europ\u00e9enne.<\/p>\n<p style=\"text-align: justify;\">Autour du coach mont\u00e9n\u00e9grin <strong>Zvevdan Mitrovic<\/strong>, <strong>Tony Parker<\/strong> a construit une \u00e9quipe pour figurer \u00e0 la fois \u00e0 l\u2019\u00e9chelon national mais surtout europ\u00e9en\u00a0: les exp\u00e9riment\u00e9s internationaux fran\u00e7ais <strong>Antoine Diot<\/strong>, <strong>Edwin Jackson<\/strong> et <strong>Charles Kahudi<\/strong> ont rejoint l\u2019aventure,\u00a0<strong>Livio Jean-Charles <\/strong>et la p\u00e9pite <strong>Th\u00e9o Maledon\u00a0<\/strong>confirment. On y retrouve aussi le confirm\u00e9 <strong>Adreian Payne<\/strong>, pass\u00e9 par la NBA pendant longtemps (Minesota, Atlanta, Orlando) ou encore la bonne surprise de ce d\u00e9but de saison, le Nig\u00e9rian <strong>Tonye Jekiri<\/strong>, en provenance de Turquie.<\/p>\n<div id=\"attachment_51085\" style=\"width: 1010px\" class=\"wp-caption aligncenter\"><img loading=\"lazy\" decoding=\"async\" aria-describedby=\"caption-attachment-51085\" class=\"size-full wp-image-51085\" src=\"http:\/\/dicodusport.fr\/blog\/wp-content\/uploads\/2019\/10\/Antoine-Diot.jpg\" alt=\"\" width=\"1000\" height=\"795\" srcset=\"https:\/\/dicodusport.fr\/blog\/wp-content\/uploads\/2019\/10\/Antoine-Diot.jpg 1000w, https:\/\/dicodusport.fr\/blog\/wp-content\/uploads\/2019\/10\/Antoine-Diot-300x239.jpg 300w, https:\/\/dicodusport.fr\/blog\/wp-content\/uploads\/2019\/10\/Antoine-Diot-768x611.jpg 768w\" sizes=\"auto, (max-width: 1000px) 100vw, 1000px\" \/><p id=\"caption-attachment-51085\" class=\"wp-caption-text\">Le meneur fran\u00e7ais Antoine Diot entend bien mener l&rsquo;ASVEL vers une nouvelle sph\u00e8re &#8211; \u00a9PHOTOPQR\/LE PROGRES\/Jo\u00ebl PHILIPPON<\/p><\/div>\n<h2 style=\"text-align: justify;\">Projet \u00e0 l\u2019identit\u00e9 lyonnaise<\/h2>\n<p style=\"text-align: justify;\">Une semaine apr\u00e8s l\u2019exploit face \u00e0 l\u2019<strong>Olympiakos<\/strong>, l\u2019<strong>ASVEL<\/strong> s\u2019appr\u00eate donc \u00e0 recevoir une deuxi\u00e8me \u00e9quipe grecque habitu\u00e9e \u00e0 l\u2019<strong>Euroligue<\/strong> \u00e0 l\u2019<strong>Astroballe<\/strong>. Justement, l\u2019avenir de l\u2019<strong>Astroballe<\/strong> en <strong>Euroligue<\/strong> semble incertain. Suite aux liens cr\u00e9\u00e9s avec l\u2019<strong>Olympique Lyonnais et Jean-Michel Aulas<\/strong> (pr\u00e9sident de l\u2019OL), qui participe minoritairement \u00e0 l\u2019<strong>ASVEL<\/strong> sous forme de participation et de sponsoring, une nouvelle ar\u00e9na devrait \u00eatre cr\u00e9\u00e9e pour accueillir des \u00e9v\u00e9nements et notamment l\u2019<strong>ASVEL<\/strong> sur ses gros matchs (capacit\u00e9 12.000 places en configuration basket). C\u2019est une v\u00e9ritable premi\u00e8re en France, un lien \u00e9conomique entre un club de football et de basket-ball.<\/p>\n<p><span class=\"l6Ods5ixXAJEIVBZjDGu84Q\"><\/p>\n<blockquote class=\"twitter-tweet\" data-width=\"550\" data-dnt=\"true\">\n<p lang=\"fr\" dir=\"ltr\">\ud83c\udf99 <a href=\"https:\/\/twitter.com\/tonyparker?ref_src=twsrc%5Etfw\">@tonyparker<\/a> \u00ab\u00a0Si, en 2014 quand je suis arriv\u00e9, on m\u2019avait dit que le club serait en Euroligue, que les filles seraient championnes de France et qu\u2019on s\u2019associerait avec l\u2019OL je ne l\u2019aurait pas cru. On signe le plus gros deal de l\u2019histoire du basket fran\u00e7ais\u00a0\u00bb <a href=\"https:\/\/t.co\/779OugrY32\">pic.twitter.com\/779OugrY32<\/a><\/p>\n<p>&mdash; Olympique Lyonnais (@OL) <a href=\"https:\/\/twitter.com\/OL\/status\/1142372553337577472?ref_src=twsrc%5Etfw\">June 22, 2019<\/a><\/p><\/blockquote>\n<p><script async src=\"https:\/\/platform.twitter.com\/widgets.js\" charset=\"utf-8\"><\/script><\/span><\/p>\n<p style=\"text-align: justify;\">Apr\u00e8s ses 4 victoires en championnat en 4 rencontres (Limoges, Boulazac, Strasbourg et Cholet) et sa premi\u00e8re victoire en <strong>Euroligue<\/strong>, le projet emmen\u00e9 par <strong>Tony Parker<\/strong> pour l\u2019<strong>ASVEL<\/strong> semble prendre forme. Avec une \u00e9quipe et des investissements r\u00e9fl\u00e9chis, l\u2019avenir de l\u2019<strong>ASVEL<\/strong> donne envie d\u2019\u00eatre suivi avec attention, pour le plaisir du basket fran\u00e7ais.<\/p>\n<p><em><strong>Romain Delanis<br \/>\n<\/strong><\/em><em><strong><a href=\"https:\/\/twitter.com\/RDelanis\" target=\"_blank\" rel=\"noopener noreferrer\"><img loading=\"lazy\" decoding=\"async\" class=\"alignnone wp-image-2908\" src=\"http:\/\/dicodusport.fr\/blog\/wp-content\/uploads\/2017\/07\/logo-twitter-150x150.png\" alt=\"\" width=\"39\" height=\"39\" \/><\/a><\/strong><\/em><\/p>\n","protected":false},"excerpt":{"rendered":"<p>Ce soir \u00e0 20h45, l\u2019ASVEL re\u00e7oit le Panathina\u00efkos d\u2019Ath\u00e8nes pour la deuxi\u00e8me journ\u00e9e de l\u2019Euroligue, avec l&rsquo;optique du nouveau projet emmen\u00e9 par Tony Parker.<\/p>\n","protected":false},"author":14,"featured_media":51100,"comment_status":"open","ping_status":"closed","sticky":false,"template":"","format":"standard","meta":{"_acf_changed":false,"_daextam_enable_autolinks":"","footnotes":""},"categories":[2305],"tags":[7864,8985,181,2845,1145,180,8623,1018],"class_list":["post-51082","post","type-post","status-publish","format-standard","has-post-thumbnail","hentry","category-basket-ball","tag-asvel","tag-asvel-lyon-villeurbanne","tag-euroligue","tag-jean-michel-aulas","tag-ol","tag-pro-a","tag-theo-maledon","tag-tony-parker"],"acf":[],"yoast_head":"<!-- This site is optimized with the Yoast SEO Premium plugin v26.7 (Yoast SEO v26.7) - https:\/\/yoast.com\/wordpress\/plugins\/seo\/ -->\n<title>L\u2019ASVEL a deux ans pour s\u2019affirmer<\/title>\n<meta name=\"description\" content=\"Ce soir \u00e0 20h45, l\u2019ASVEL re\u00e7oit le Panathina\u00efkos d\u2019Ath\u00e8nes pour la deuxi\u00e8me journ\u00e9e de l\u2019Euroligue, avec l&#039;optique du nouveau projet emmen\u00e9 par Tony Parker.\" \/>\n<meta name=\"robots\" content=\"index, follow, max-snippet:-1, max-image-preview:large, max-video-preview:-1\" \/>\n<link rel=\"canonical\" href=\"https:\/\/dicodusport.fr\/blog\/l-asvel-a-deux-ans-pour-s-affirmer\/\" \/>\n<meta property=\"og:locale\" content=\"fr_FR\" \/>\n<meta property=\"og:type\" content=\"article\" \/>\n<meta property=\"og:title\" content=\"L\u2019ASVEL a deux ans pour s\u2019affirmer\" \/>\n<meta property=\"og:description\" content=\"Ce soir \u00e0 20h45, l\u2019ASVEL re\u00e7oit le Panathina\u00efkos d\u2019Ath\u00e8nes pour la deuxi\u00e8me journ\u00e9e de l\u2019Euroligue, avec l&#039;optique du nouveau projet emmen\u00e9 par Tony Parker.\" \/>\n<meta property=\"og:url\" content=\"https:\/\/dicodusport.fr\/blog\/l-asvel-a-deux-ans-pour-s-affirmer\/\" \/>\n<meta property=\"og:site_name\" content=\"Dicodusport\" \/>\n<meta property=\"article:publisher\" content=\"https:\/\/www.facebook.com\/dicodusport\" \/>\n<meta property=\"article:published_time\" content=\"2019-10-10T12:00:56+00:00\" \/>\n<meta property=\"article:modified_time\" content=\"2019-10-10T14:18:32+00:00\" \/>\n<meta property=\"og:image\" content=\"https:\/\/dicodusport.fr\/blog\/wp-content\/uploads\/2019\/10\/ASVEL-Basket.png\" \/>\n\t<meta property=\"og:image:width\" content=\"800\" \/>\n\t<meta property=\"og:image:height\" content=\"445\" \/>\n\t<meta property=\"og:image:type\" content=\"image\/png\" \/>\n<meta name=\"author\" content=\"Romain Delanis\" \/>\n<meta name=\"twitter:card\" content=\"summary_large_image\" \/>\n<meta name=\"twitter:title\" content=\"L\u2019ASVEL a deux ans pour s\u2019affirmer\" \/>\n<meta name=\"twitter:creator\" content=\"@https:\/\/twitter.com\/RDelanis\" \/>\n<meta name=\"twitter:site\" content=\"@dicodusport\" \/>\n<script type=\"application\/ld+json\" class=\"yoast-schema-graph\">{\"@context\":\"https:\/\/schema.org\",\"@graph\":[{\"@type\":\"NewsArticle\",\"@id\":\"https:\/\/dicodusport.fr\/blog\/l-asvel-a-deux-ans-pour-s-affirmer\/#article\",\"isPartOf\":{\"@id\":\"https:\/\/dicodusport.fr\/blog\/l-asvel-a-deux-ans-pour-s-affirmer\/\"},\"author\":{\"name\":\"Romain Delanis\",\"@id\":\"https:\/\/dicodusport.fr\/blog\/#\/schema\/person\/8c78730a59f8a1e617f7a19026ebc14a\"},\"headline\":\"L\u2019ASVEL a deux ans pour s\u2019affirmer\",\"datePublished\":\"2019-10-10T12:00:56+00:00\",\"dateModified\":\"2019-10-10T14:18:32+00:00\",\"mainEntityOfPage\":{\"@id\":\"https:\/\/dicodusport.fr\/blog\/l-asvel-a-deux-ans-pour-s-affirmer\/\"},\"wordCount\":549,\"commentCount\":0,\"publisher\":{\"@id\":\"https:\/\/dicodusport.fr\/blog\/#organization\"},\"image\":{\"@id\":\"https:\/\/dicodusport.fr\/blog\/l-asvel-a-deux-ans-pour-s-affirmer\/#primaryimage\"},\"thumbnailUrl\":\"https:\/\/dicodusport.fr\/blog\/wp-content\/uploads\/2019\/10\/ASVEL-Basket.png\",\"keywords\":[\"ASVEL\",\"ASVEL Lyon Villeurbanne\",\"Euroligue\",\"Jean-Michel Aulas\",\"OL\",\"pro A\",\"Th\u00e9o Maledon\",\"Tony Parker\"],\"articleSection\":[\"Basket-ball\"],\"inLanguage\":\"fr-FR\",\"potentialAction\":[{\"@type\":\"CommentAction\",\"name\":\"Comment\",\"target\":[\"https:\/\/dicodusport.fr\/blog\/l-asvel-a-deux-ans-pour-s-affirmer\/#respond\"]}],\"copyrightYear\":\"2019\",\"copyrightHolder\":{\"@id\":\"https:\/\/dicodusport.fr\/blog\/#organization\"}},{\"@type\":\"WebPage\",\"@id\":\"https:\/\/dicodusport.fr\/blog\/l-asvel-a-deux-ans-pour-s-affirmer\/\",\"url\":\"https:\/\/dicodusport.fr\/blog\/l-asvel-a-deux-ans-pour-s-affirmer\/\",\"name\":\"L\u2019ASVEL a deux ans pour s\u2019affirmer\",\"isPartOf\":{\"@id\":\"https:\/\/dicodusport.fr\/blog\/#website\"},\"primaryImageOfPage\":{\"@id\":\"https:\/\/dicodusport.fr\/blog\/l-asvel-a-deux-ans-pour-s-affirmer\/#primaryimage\"},\"image\":{\"@id\":\"https:\/\/dicodusport.fr\/blog\/l-asvel-a-deux-ans-pour-s-affirmer\/#primaryimage\"},\"thumbnailUrl\":\"https:\/\/dicodusport.fr\/blog\/wp-content\/uploads\/2019\/10\/ASVEL-Basket.png\",\"datePublished\":\"2019-10-10T12:00:56+00:00\",\"dateModified\":\"2019-10-10T14:18:32+00:00\",\"description\":\"Ce soir \u00e0 20h45, l\u2019ASVEL re\u00e7oit le Panathina\u00efkos d\u2019Ath\u00e8nes pour la deuxi\u00e8me journ\u00e9e de l\u2019Euroligue, avec l'optique du nouveau projet emmen\u00e9 par Tony Parker.\",\"breadcrumb\":{\"@id\":\"https:\/\/dicodusport.fr\/blog\/l-asvel-a-deux-ans-pour-s-affirmer\/#breadcrumb\"},\"inLanguage\":\"fr-FR\",\"potentialAction\":[{\"@type\":\"ReadAction\",\"target\":[\"https:\/\/dicodusport.fr\/blog\/l-asvel-a-deux-ans-pour-s-affirmer\/\"]}]},{\"@type\":\"ImageObject\",\"inLanguage\":\"fr-FR\",\"@id\":\"https:\/\/dicodusport.fr\/blog\/l-asvel-a-deux-ans-pour-s-affirmer\/#primaryimage\",\"url\":\"https:\/\/dicodusport.fr\/blog\/wp-content\/uploads\/2019\/10\/ASVEL-Basket.png\",\"contentUrl\":\"https:\/\/dicodusport.fr\/blog\/wp-content\/uploads\/2019\/10\/ASVEL-Basket.png\",\"width\":800,\"height\":445,\"caption\":\"L\u2019ASVEL a deux ans pour s\u2019affirmer\"},{\"@type\":\"BreadcrumbList\",\"@id\":\"https:\/\/dicodusport.fr\/blog\/l-asvel-a-deux-ans-pour-s-affirmer\/#breadcrumb\",\"itemListElement\":[{\"@type\":\"ListItem\",\"position\":1,\"name\":\"Accueil\",\"item\":\"https:\/\/dicodusport.fr\/blog\/\"},{\"@type\":\"ListItem\",\"position\":2,\"name\":\"L\u2019ASVEL a deux ans pour s\u2019affirmer\"}]},{\"@type\":\"WebSite\",\"@id\":\"https:\/\/dicodusport.fr\/blog\/#website\",\"url\":\"https:\/\/dicodusport.fr\/blog\/\",\"name\":\"Dicodusport\",\"description\":\"L&#039;encyclop\u00e9die de l&#039;actualit\u00e9 sportive\",\"publisher\":{\"@id\":\"https:\/\/dicodusport.fr\/blog\/#organization\"},\"potentialAction\":[{\"@type\":\"SearchAction\",\"target\":{\"@type\":\"EntryPoint\",\"urlTemplate\":\"https:\/\/dicodusport.fr\/blog\/?s={search_term_string}\"},\"query-input\":{\"@type\":\"PropertyValueSpecification\",\"valueRequired\":true,\"valueName\":\"search_term_string\"}}],\"inLanguage\":\"fr-FR\"},{\"@type\":\"NewsMediaOrganization\",\"@id\":\"https:\/\/dicodusport.fr\/blog\/#organization\",\"name\":\"Dicodusport\",\"url\":\"https:\/\/dicodusport.fr\/blog\/\",\"logo\":{\"@type\":\"ImageObject\",\"inLanguage\":\"fr-FR\",\"@id\":\"https:\/\/dicodusport.fr\/blog\/#\/schema\/logo\/image\/\",\"url\":\"https:\/\/dicodusport.fr\/blog\/wp-content\/uploads\/2020\/06\/cropped-LOGO-DICODUSPORT-2020-SANS-FOND-SANS-TEXTE.png\",\"contentUrl\":\"https:\/\/dicodusport.fr\/blog\/wp-content\/uploads\/2020\/06\/cropped-LOGO-DICODUSPORT-2020-SANS-FOND-SANS-TEXTE.png\",\"width\":512,\"height\":512,\"caption\":\"Dicodusport\"},\"image\":{\"@id\":\"https:\/\/dicodusport.fr\/blog\/#\/schema\/logo\/image\/\"},\"sameAs\":[\"https:\/\/www.facebook.com\/dicodusport\",\"https:\/\/x.com\/dicodusport\",\"https:\/\/www.instagram.com\/dicodusport\/\",\"https:\/\/www.youtube.com\/channel\/UC7V2KZ5sd3htJivAbA4ZG3w\"],\"description\":\"Dicodusport est l'encyclop\u00e9die de l'actualit\u00e9 sportive.\",\"email\":\"bonjour@dicodusport.fr\",\"legalName\":\"DICODUSPORT\",\"foundingDate\":\"2018-01-14\",\"vatID\":\"FR71834470973\",\"taxID\":\"83447097300043\",\"numberOfEmployees\":{\"@type\":\"QuantitativeValue\",\"minValue\":\"1\",\"maxValue\":\"10\"}},{\"@type\":\"Person\",\"@id\":\"https:\/\/dicodusport.fr\/blog\/#\/schema\/person\/8c78730a59f8a1e617f7a19026ebc14a\",\"name\":\"Romain Delanis\",\"image\":{\"@type\":\"ImageObject\",\"inLanguage\":\"fr-FR\",\"@id\":\"https:\/\/dicodusport.fr\/blog\/#\/schema\/person\/image\/\",\"url\":\"https:\/\/dicodusport.fr\/blog\/wp-content\/uploads\/2021\/05\/Romain-Delanis-150x150.jpg\",\"contentUrl\":\"https:\/\/dicodusport.fr\/blog\/wp-content\/uploads\/2021\/05\/Romain-Delanis-150x150.jpg\",\"caption\":\"Romain Delanis\"},\"description\":\"Journaliste\/R\u00e9dacteur depuis novembre 2015 - Capable de passer un samedi apr\u00e8s-midi devant la Ligue 2 puis le biathlon sans oublier la finale de l\u2019ATP Rotterdam, j\u2019aime aussi mettre mon r\u00e9veil pour me faire un Pistons\/Bulls qui rappelle de bons souvenirs. Tout cela, j\u2019ai choisi il y a maintenant quelques temps de vous le raconter avec Dicodusport, pour vous faire vivre ma passion parfois inconsid\u00e9r\u00e9e pour le sport en g\u00e9n\u00e9ral (mais surtout le foot faut se l\u2019avouer).\",\"sameAs\":[\"https:\/\/x.com\/https:\/\/twitter.com\/RDelanis\"],\"url\":\"https:\/\/dicodusport.fr\/blog\/author\/romain\/\"}]}<\/script>\n<!-- \/ Yoast SEO Premium plugin. -->","yoast_head_json":{"title":"L\u2019ASVEL a deux ans pour s\u2019affirmer","description":"Ce soir \u00e0 20h45, l\u2019ASVEL re\u00e7oit le Panathina\u00efkos d\u2019Ath\u00e8nes pour la deuxi\u00e8me journ\u00e9e de l\u2019Euroligue, avec l'optique du nouveau projet emmen\u00e9 par Tony Parker.","robots":{"index":"index","follow":"follow","max-snippet":"max-snippet:-1","max-image-preview":"max-image-preview:large","max-video-preview":"max-video-preview:-1"},"canonical":"https:\/\/dicodusport.fr\/blog\/l-asvel-a-deux-ans-pour-s-affirmer\/","og_locale":"fr_FR","og_type":"article","og_title":"L\u2019ASVEL a deux ans pour s\u2019affirmer","og_description":"Ce soir \u00e0 20h45, l\u2019ASVEL re\u00e7oit le Panathina\u00efkos d\u2019Ath\u00e8nes pour la deuxi\u00e8me journ\u00e9e de l\u2019Euroligue, avec l'optique du nouveau projet emmen\u00e9 par Tony Parker.","og_url":"https:\/\/dicodusport.fr\/blog\/l-asvel-a-deux-ans-pour-s-affirmer\/","og_site_name":"Dicodusport","article_publisher":"https:\/\/www.facebook.com\/dicodusport","article_published_time":"2019-10-10T12:00:56+00:00","article_modified_time":"2019-10-10T14:18:32+00:00","og_image":[{"width":800,"height":445,"url":"https:\/\/dicodusport.fr\/blog\/wp-content\/uploads\/2019\/10\/ASVEL-Basket.png","type":"image\/png"}],"author":"Romain Delanis","twitter_card":"summary_large_image","twitter_title":"L\u2019ASVEL a deux ans pour s\u2019affirmer","twitter_creator":"@https:\/\/twitter.com\/RDelanis","twitter_site":"@dicodusport","schema":{"@context":"https:\/\/schema.org","@graph":[{"@type":"NewsArticle","@id":"https:\/\/dicodusport.fr\/blog\/l-asvel-a-deux-ans-pour-s-affirmer\/#article","isPartOf":{"@id":"https:\/\/dicodusport.fr\/blog\/l-asvel-a-deux-ans-pour-s-affirmer\/"},"author":{"name":"Romain Delanis","@id":"https:\/\/dicodusport.fr\/blog\/#\/schema\/person\/8c78730a59f8a1e617f7a19026ebc14a"},"headline":"L\u2019ASVEL a deux ans pour s\u2019affirmer","datePublished":"2019-10-10T12:00:56+00:00","dateModified":"2019-10-10T14:18:32+00:00","mainEntityOfPage":{"@id":"https:\/\/dicodusport.fr\/blog\/l-asvel-a-deux-ans-pour-s-affirmer\/"},"wordCount":549,"commentCount":0,"publisher":{"@id":"https:\/\/dicodusport.fr\/blog\/#organization"},"image":{"@id":"https:\/\/dicodusport.fr\/blog\/l-asvel-a-deux-ans-pour-s-affirmer\/#primaryimage"},"thumbnailUrl":"https:\/\/dicodusport.fr\/blog\/wp-content\/uploads\/2019\/10\/ASVEL-Basket.png","keywords":["ASVEL","ASVEL Lyon Villeurbanne","Euroligue","Jean-Michel Aulas","OL","pro A","Th\u00e9o Maledon","Tony Parker"],"articleSection":["Basket-ball"],"inLanguage":"fr-FR","potentialAction":[{"@type":"CommentAction","name":"Comment","target":["https:\/\/dicodusport.fr\/blog\/l-asvel-a-deux-ans-pour-s-affirmer\/#respond"]}],"copyrightYear":"2019","copyrightHolder":{"@id":"https:\/\/dicodusport.fr\/blog\/#organization"}},{"@type":"WebPage","@id":"https:\/\/dicodusport.fr\/blog\/l-asvel-a-deux-ans-pour-s-affirmer\/","url":"https:\/\/dicodusport.fr\/blog\/l-asvel-a-deux-ans-pour-s-affirmer\/","name":"L\u2019ASVEL a deux ans pour s\u2019affirmer","isPartOf":{"@id":"https:\/\/dicodusport.fr\/blog\/#website"},"primaryImageOfPage":{"@id":"https:\/\/dicodusport.fr\/blog\/l-asvel-a-deux-ans-pour-s-affirmer\/#primaryimage"},"image":{"@id":"https:\/\/dicodusport.fr\/blog\/l-asvel-a-deux-ans-pour-s-affirmer\/#primaryimage"},"thumbnailUrl":"https:\/\/dicodusport.fr\/blog\/wp-content\/uploads\/2019\/10\/ASVEL-Basket.png","datePublished":"2019-10-10T12:00:56+00:00","dateModified":"2019-10-10T14:18:32+00:00","description":"Ce soir \u00e0 20h45, l\u2019ASVEL re\u00e7oit le Panathina\u00efkos d\u2019Ath\u00e8nes pour la deuxi\u00e8me journ\u00e9e de l\u2019Euroligue, avec l'optique du nouveau projet emmen\u00e9 par Tony Parker.","breadcrumb":{"@id":"https:\/\/dicodusport.fr\/blog\/l-asvel-a-deux-ans-pour-s-affirmer\/#breadcrumb"},"inLanguage":"fr-FR","potentialAction":[{"@type":"ReadAction","target":["https:\/\/dicodusport.fr\/blog\/l-asvel-a-deux-ans-pour-s-affirmer\/"]}]},{"@type":"ImageObject","inLanguage":"fr-FR","@id":"https:\/\/dicodusport.fr\/blog\/l-asvel-a-deux-ans-pour-s-affirmer\/#primaryimage","url":"https:\/\/dicodusport.fr\/blog\/wp-content\/uploads\/2019\/10\/ASVEL-Basket.png","contentUrl":"https:\/\/dicodusport.fr\/blog\/wp-content\/uploads\/2019\/10\/ASVEL-Basket.png","width":800,"height":445,"caption":"L\u2019ASVEL a deux ans pour s\u2019affirmer"},{"@type":"BreadcrumbList","@id":"https:\/\/dicodusport.fr\/blog\/l-asvel-a-deux-ans-pour-s-affirmer\/#breadcrumb","itemListElement":[{"@type":"ListItem","position":1,"name":"Accueil","item":"https:\/\/dicodusport.fr\/blog\/"},{"@type":"ListItem","position":2,"name":"L\u2019ASVEL a deux ans pour s\u2019affirmer"}]},{"@type":"WebSite","@id":"https:\/\/dicodusport.fr\/blog\/#website","url":"https:\/\/dicodusport.fr\/blog\/","name":"Dicodusport","description":"L&#039;encyclop\u00e9die de l&#039;actualit\u00e9 sportive","publisher":{"@id":"https:\/\/dicodusport.fr\/blog\/#organization"},"potentialAction":[{"@type":"SearchAction","target":{"@type":"EntryPoint","urlTemplate":"https:\/\/dicodusport.fr\/blog\/?s={search_term_string}"},"query-input":{"@type":"PropertyValueSpecification","valueRequired":true,"valueName":"search_term_string"}}],"inLanguage":"fr-FR"},{"@type":"NewsMediaOrganization","@id":"https:\/\/dicodusport.fr\/blog\/#organization","name":"Dicodusport","url":"https:\/\/dicodusport.fr\/blog\/","logo":{"@type":"ImageObject","inLanguage":"fr-FR","@id":"https:\/\/dicodusport.fr\/blog\/#\/schema\/logo\/image\/","url":"https:\/\/dicodusport.fr\/blog\/wp-content\/uploads\/2020\/06\/cropped-LOGO-DICODUSPORT-2020-SANS-FOND-SANS-TEXTE.png","contentUrl":"https:\/\/dicodusport.fr\/blog\/wp-content\/uploads\/2020\/06\/cropped-LOGO-DICODUSPORT-2020-SANS-FOND-SANS-TEXTE.png","width":512,"height":512,"caption":"Dicodusport"},"image":{"@id":"https:\/\/dicodusport.fr\/blog\/#\/schema\/logo\/image\/"},"sameAs":["https:\/\/www.facebook.com\/dicodusport","https:\/\/x.com\/dicodusport","https:\/\/www.instagram.com\/dicodusport\/","https:\/\/www.youtube.com\/channel\/UC7V2KZ5sd3htJivAbA4ZG3w"],"description":"Dicodusport est l'encyclop\u00e9die de l'actualit\u00e9 sportive.","email":"bonjour@dicodusport.fr","legalName":"DICODUSPORT","foundingDate":"2018-01-14","vatID":"FR71834470973","taxID":"83447097300043","numberOfEmployees":{"@type":"QuantitativeValue","minValue":"1","maxValue":"10"}},{"@type":"Person","@id":"https:\/\/dicodusport.fr\/blog\/#\/schema\/person\/8c78730a59f8a1e617f7a19026ebc14a","name":"Romain Delanis","image":{"@type":"ImageObject","inLanguage":"fr-FR","@id":"https:\/\/dicodusport.fr\/blog\/#\/schema\/person\/image\/","url":"https:\/\/dicodusport.fr\/blog\/wp-content\/uploads\/2021\/05\/Romain-Delanis-150x150.jpg","contentUrl":"https:\/\/dicodusport.fr\/blog\/wp-content\/uploads\/2021\/05\/Romain-Delanis-150x150.jpg","caption":"Romain Delanis"},"description":"Journaliste\/R\u00e9dacteur depuis novembre 2015 - Capable de passer un samedi apr\u00e8s-midi devant la Ligue 2 puis le biathlon sans oublier la finale de l\u2019ATP Rotterdam, j\u2019aime aussi mettre mon r\u00e9veil pour me faire un Pistons\/Bulls qui rappelle de bons souvenirs. Tout cela, j\u2019ai choisi il y a maintenant quelques temps de vous le raconter avec Dicodusport, pour vous faire vivre ma passion parfois inconsid\u00e9r\u00e9e pour le sport en g\u00e9n\u00e9ral (mais surtout le foot faut se l\u2019avouer).","sameAs":["https:\/\/x.com\/https:\/\/twitter.com\/RDelanis"],"url":"https:\/\/dicodusport.fr\/blog\/author\/romain\/"}]}},"_links":{"self":[{"href":"https:\/\/dicodusport.fr\/blog\/wp-json\/wp\/v2\/posts\/51082","targetHints":{"allow":["GET"]}}],"collection":[{"href":"https:\/\/dicodusport.fr\/blog\/wp-json\/wp\/v2\/posts"}],"about":[{"href":"https:\/\/dicodusport.fr\/blog\/wp-json\/wp\/v2\/types\/post"}],"author":[{"embeddable":true,"href":"https:\/\/dicodusport.fr\/blog\/wp-json\/wp\/v2\/users\/14"}],"replies":[{"embeddable":true,"href":"https:\/\/dicodusport.fr\/blog\/wp-json\/wp\/v2\/comments?post=51082"}],"version-history":[{"count":0,"href":"https:\/\/dicodusport.fr\/blog\/wp-json\/wp\/v2\/posts\/51082\/revisions"}],"wp:featuredmedia":[{"embeddable":true,"href":"https:\/\/dicodusport.fr\/blog\/wp-json\/wp\/v2\/media\/51100"}],"wp:attachment":[{"href":"https:\/\/dicodusport.fr\/blog\/wp-json\/wp\/v2\/media?parent=51082"}],"wp:term":[{"taxonomy":"category","embeddable":true,"href":"https:\/\/dicodusport.fr\/blog\/wp-json\/wp\/v2\/categories?post=51082"},{"taxonomy":"post_tag","embeddable":true,"href":"https:\/\/dicodusport.fr\/blog\/wp-json\/wp\/v2\/tags?post=51082"}],"curies":[{"name":"wp","href":"https:\/\/api.w.org\/{rel}","templated":true}]}}