{"id":51119,"date":"2019-10-10T20:15:33","date_gmt":"2019-10-10T18:15:33","guid":{"rendered":"http:\/\/dicodusport.fr\/blog\/?p=51119&#038;preview=true&#038;preview_id=51119"},"modified":"2019-10-11T16:40:59","modified_gmt":"2019-10-11T14:40:59","slug":"l-olympique-lyonnais-va-racheter-une-franchise-americaine-feminine","status":"publish","type":"post","link":"https:\/\/dicodusport.fr\/blog\/l-olympique-lyonnais-va-racheter-une-franchise-americaine-feminine\/","title":{"rendered":"L&rsquo;Olympique Lyonnais va racheter une franchise am\u00e9ricaine f\u00e9minine"},"content":{"rendered":"<p style=\"text-align: justify;\"><em><b>Ce jeudi, lors d&rsquo;une conf\u00e9rence de presse, Jean-Michel Aulas a pr\u00e9sent\u00e9 les r\u00e9sultats d&rsquo;OL Groupe : il en a profit\u00e9 pour annoncer un projet int\u00e9ressant sur lequel le club travaille.<\/b><\/em><\/p>\n<p style=\"text-align: justify;\">L&rsquo;<strong>Olympique Lyonnais<\/strong> envisage en effet de racheter l&rsquo;une des neuf franchises du championnat am\u00e9ricain de football. L&rsquo;homme fort de l&rsquo;<strong>OL<\/strong> a expliqu\u00e9 qu&rsquo;il avait d\u00e9j\u00e0 discut\u00e9 avec deux de ces franchises et l&rsquo;op\u00e9ration devrait \u00eatre boucl\u00e9e dans les prochains mois. En tout cas, <strong>Jean-Michel Aulas<\/strong> se veut confiant :<\/p>\n<blockquote>\n<p style=\"text-align: justify;\"><em>\u00ab Si les choses avancent comme on le souhaite, on pourrait avant la fin du mois d&rsquo;octobre annoncer une n\u00e9gociation exclusive<\/em>. \u00bb<\/p>\n<\/blockquote>\n<p style=\"text-align: justify;\">Si l&rsquo;op\u00e9ration venait \u00e0 se confirmer, elle affirmerait un peu plus la volont\u00e9 du club rhodanien de poursuivre son d\u00e9veloppement dans le football f\u00e9minin, malgr\u00e9 le fait que les filles de l&rsquo;<strong>OL<\/strong> soient les meilleures en Europe depuis plusieurs saisons d\u00e9sormais.<\/p>\n<blockquote class=\"twitter-tweet\">\n<p dir=\"ltr\" lang=\"fr\">Le pr\u00e9sident <a href=\"https:\/\/twitter.com\/JM_Aulas?ref_src=twsrc%5Etfw\">@JM_Aulas<\/a> : \u00ab\u00a0Ma philosophie d&rsquo;entrepreneur est de tout faire pour que l&rsquo;OL gagne et gagne longtemps !\u00a0\u00bb<a href=\"https:\/\/t.co\/w4Jfjieq2g\">https:\/\/t.co\/w4Jfjieq2g<\/a><\/p>\n<p>\u2014 Olympique Lyonnais (@OL) <a href=\"https:\/\/twitter.com\/OL\/status\/1182273384052400133?ref_src=twsrc%5Etfw\">October 10, 2019<\/a><\/p><\/blockquote>\n<p><script async src=\"https:\/\/platform.twitter.com\/widgets.js\" charset=\"utf-8\"><\/script><\/p>\n<p style=\"text-align: justify;\"><strong><em>Dicodusport<br \/>\n<a href=\"https:\/\/www.facebook.com\/dicodusport\/\" target=\"_blank\" rel=\"noopener\"><img loading=\"lazy\" decoding=\"async\" class=\"alignnone wp-image-2909\" src=\"http:\/\/dicodusport.fr\/blog\/wp-content\/uploads\/2017\/07\/logo-facebook-150x150.png\" alt=\"\" width=\"40\" height=\"40\" \/><\/a><a href=\"https:\/\/twitter.com\/dicodusport\" target=\"_blank\" rel=\"noopener\"><img loading=\"lazy\" decoding=\"async\" class=\"alignnone wp-image-2908\" src=\"http:\/\/dicodusport.fr\/blog\/wp-content\/uploads\/2017\/07\/logo-twitter-150x150.png\" alt=\"\" width=\"39\" height=\"39\" \/><\/a><\/em><\/strong><\/p>\n<p style=\"text-align: justify;\">\n","protected":false},"excerpt":{"rendered":"<p>Ce jeudi, lors d&rsquo;une conf\u00e9rence de presse, Jean-Michel Aulas a pr\u00e9sente les r\u00e9sultats d&rsquo;OL Groupe : il en a profit\u00e9 pour annoncer un projet int\u00e9ressant sur lequel le club travaille.<\/p>\n","protected":false},"author":1,"featured_media":51124,"comment_status":"open","ping_status":"closed","sticky":false,"template":"","format":"standard","meta":{"_acf_changed":false,"_daextam_enable_autolinks":"","footnotes":""},"categories":[2301],"tags":[74,75,2845,1145,1146],"class_list":["post-51119","post","type-post","status-publish","format-standard","has-post-thumbnail","hentry","category-football","tag-foot","tag-football","tag-jean-michel-aulas","tag-ol","tag-olympique-lyonnais"],"acf":[],"yoast_head":"<!-- This site is optimized with the Yoast SEO Premium plugin v26.7 (Yoast SEO v26.7) - https:\/\/yoast.com\/wordpress\/plugins\/seo\/ -->\n<title>L&#039;Olympique Lyonnais va racheter une franchise am\u00e9ricaine f\u00e9minine<\/title>\n<meta name=\"description\" content=\"Ce jeudi, Jean-Michel Aulas a pr\u00e9sente les r\u00e9sultats d&#039;OL Groupe : il en a profit\u00e9 pour annoncer un projet int\u00e9ressant sur lequel le club travaille.\" \/>\n<meta name=\"robots\" content=\"index, follow, max-snippet:-1, max-image-preview:large, max-video-preview:-1\" \/>\n<link rel=\"canonical\" href=\"https:\/\/dicodusport.fr\/blog\/l-olympique-lyonnais-va-racheter-une-franchise-americaine-feminine\/\" \/>\n<meta property=\"og:locale\" content=\"fr_FR\" \/>\n<meta property=\"og:type\" content=\"article\" \/>\n<meta property=\"og:title\" content=\"L&#039;Olympique Lyonnais va racheter une franchise am\u00e9ricaine f\u00e9minine\" \/>\n<meta property=\"og:description\" content=\"Ce jeudi, Jean-Michel Aulas a pr\u00e9sente les r\u00e9sultats d&#039;OL Groupe : il en a profit\u00e9 pour annoncer un projet int\u00e9ressant sur lequel le club travaille.\" \/>\n<meta property=\"og:url\" content=\"https:\/\/dicodusport.fr\/blog\/l-olympique-lyonnais-va-racheter-une-franchise-americaine-feminine\/\" \/>\n<meta property=\"og:site_name\" content=\"Dicodusport\" \/>\n<meta property=\"article:publisher\" content=\"https:\/\/www.facebook.com\/dicodusport\" \/>\n<meta property=\"article:author\" content=\"https:\/\/www.facebook.com\/dicodusport\" \/>\n<meta property=\"article:published_time\" content=\"2019-10-10T18:15:33+00:00\" \/>\n<meta property=\"article:modified_time\" content=\"2019-10-11T14:40:59+00:00\" \/>\n<meta property=\"og:image\" content=\"https:\/\/dicodusport.fr\/blog\/wp-content\/uploads\/2019\/10\/LOlympique-Lyonnais-va-racheter-une-franchise-am\u00e9ricaine-f\u00e9minine.png\" \/>\n\t<meta property=\"og:image:width\" content=\"800\" \/>\n\t<meta property=\"og:image:height\" content=\"445\" \/>\n\t<meta property=\"og:image:type\" content=\"image\/png\" \/>\n<meta name=\"author\" content=\"Nicolas Jacquemard\" \/>\n<meta name=\"twitter:card\" content=\"summary_large_image\" \/>\n<meta name=\"twitter:title\" content=\"L&#039;Olympique Lyonnais va racheter une franchise am\u00e9ricaine f\u00e9minine\" \/>\n<meta name=\"twitter:creator\" content=\"@https:\/\/twitter.com\/Nico_Jacquemard\" \/>\n<meta name=\"twitter:site\" content=\"@dicodusport\" \/>\n<script type=\"application\/ld+json\" class=\"yoast-schema-graph\">{\"@context\":\"https:\/\/schema.org\",\"@graph\":[{\"@type\":\"NewsArticle\",\"@id\":\"https:\/\/dicodusport.fr\/blog\/l-olympique-lyonnais-va-racheter-une-franchise-americaine-feminine\/#article\",\"isPartOf\":{\"@id\":\"https:\/\/dicodusport.fr\/blog\/l-olympique-lyonnais-va-racheter-une-franchise-americaine-feminine\/\"},\"author\":{\"name\":\"Nicolas Jacquemard\",\"@id\":\"https:\/\/dicodusport.fr\/blog\/#\/schema\/person\/55dcb50ad410894e431ed812bbb70191\"},\"headline\":\"L&rsquo;Olympique Lyonnais va racheter une franchise am\u00e9ricaine f\u00e9minine\",\"datePublished\":\"2019-10-10T18:15:33+00:00\",\"dateModified\":\"2019-10-11T14:40:59+00:00\",\"mainEntityOfPage\":{\"@id\":\"https:\/\/dicodusport.fr\/blog\/l-olympique-lyonnais-va-racheter-une-franchise-americaine-feminine\/\"},\"wordCount\":204,\"commentCount\":0,\"publisher\":{\"@id\":\"https:\/\/dicodusport.fr\/blog\/#organization\"},\"image\":{\"@id\":\"https:\/\/dicodusport.fr\/blog\/l-olympique-lyonnais-va-racheter-une-franchise-americaine-feminine\/#primaryimage\"},\"thumbnailUrl\":\"https:\/\/dicodusport.fr\/blog\/wp-content\/uploads\/2019\/10\/LOlympique-Lyonnais-va-racheter-une-franchise-am\u00e9ricaine-f\u00e9minine.png\",\"keywords\":[\"foot\",\"Football\",\"Jean-Michel Aulas\",\"OL\",\"Olympique lyonnais\"],\"articleSection\":[\"Football\"],\"inLanguage\":\"fr-FR\",\"potentialAction\":[{\"@type\":\"CommentAction\",\"name\":\"Comment\",\"target\":[\"https:\/\/dicodusport.fr\/blog\/l-olympique-lyonnais-va-racheter-une-franchise-americaine-feminine\/#respond\"]}],\"copyrightYear\":\"2019\",\"copyrightHolder\":{\"@id\":\"https:\/\/dicodusport.fr\/blog\/#organization\"}},{\"@type\":\"WebPage\",\"@id\":\"https:\/\/dicodusport.fr\/blog\/l-olympique-lyonnais-va-racheter-une-franchise-americaine-feminine\/\",\"url\":\"https:\/\/dicodusport.fr\/blog\/l-olympique-lyonnais-va-racheter-une-franchise-americaine-feminine\/\",\"name\":\"L'Olympique Lyonnais va racheter une franchise am\u00e9ricaine f\u00e9minine\",\"isPartOf\":{\"@id\":\"https:\/\/dicodusport.fr\/blog\/#website\"},\"primaryImageOfPage\":{\"@id\":\"https:\/\/dicodusport.fr\/blog\/l-olympique-lyonnais-va-racheter-une-franchise-americaine-feminine\/#primaryimage\"},\"image\":{\"@id\":\"https:\/\/dicodusport.fr\/blog\/l-olympique-lyonnais-va-racheter-une-franchise-americaine-feminine\/#primaryimage\"},\"thumbnailUrl\":\"https:\/\/dicodusport.fr\/blog\/wp-content\/uploads\/2019\/10\/LOlympique-Lyonnais-va-racheter-une-franchise-am\u00e9ricaine-f\u00e9minine.png\",\"datePublished\":\"2019-10-10T18:15:33+00:00\",\"dateModified\":\"2019-10-11T14:40:59+00:00\",\"description\":\"Ce jeudi, Jean-Michel Aulas a pr\u00e9sente les r\u00e9sultats d'OL Groupe : il en a profit\u00e9 pour annoncer un projet int\u00e9ressant sur lequel le club travaille.\",\"breadcrumb\":{\"@id\":\"https:\/\/dicodusport.fr\/blog\/l-olympique-lyonnais-va-racheter-une-franchise-americaine-feminine\/#breadcrumb\"},\"inLanguage\":\"fr-FR\",\"potentialAction\":[{\"@type\":\"ReadAction\",\"target\":[\"https:\/\/dicodusport.fr\/blog\/l-olympique-lyonnais-va-racheter-une-franchise-americaine-feminine\/\"]}]},{\"@type\":\"ImageObject\",\"inLanguage\":\"fr-FR\",\"@id\":\"https:\/\/dicodusport.fr\/blog\/l-olympique-lyonnais-va-racheter-une-franchise-americaine-feminine\/#primaryimage\",\"url\":\"https:\/\/dicodusport.fr\/blog\/wp-content\/uploads\/2019\/10\/LOlympique-Lyonnais-va-racheter-une-franchise-am\u00e9ricaine-f\u00e9minine.png\",\"contentUrl\":\"https:\/\/dicodusport.fr\/blog\/wp-content\/uploads\/2019\/10\/LOlympique-Lyonnais-va-racheter-une-franchise-am\u00e9ricaine-f\u00e9minine.png\",\"width\":800,\"height\":445,\"caption\":\"L'Olympique Lyonnais va racheter une franchise am\u00e9ricaine f\u00e9minine\"},{\"@type\":\"BreadcrumbList\",\"@id\":\"https:\/\/dicodusport.fr\/blog\/l-olympique-lyonnais-va-racheter-une-franchise-americaine-feminine\/#breadcrumb\",\"itemListElement\":[{\"@type\":\"ListItem\",\"position\":1,\"name\":\"Accueil\",\"item\":\"https:\/\/dicodusport.fr\/blog\/\"},{\"@type\":\"ListItem\",\"position\":2,\"name\":\"L&rsquo;Olympique Lyonnais va racheter une franchise am\u00e9ricaine f\u00e9minine\"}]},{\"@type\":\"WebSite\",\"@id\":\"https:\/\/dicodusport.fr\/blog\/#website\",\"url\":\"https:\/\/dicodusport.fr\/blog\/\",\"name\":\"Dicodusport\",\"description\":\"L&#039;encyclop\u00e9die de l&#039;actualit\u00e9 sportive\",\"publisher\":{\"@id\":\"https:\/\/dicodusport.fr\/blog\/#organization\"},\"potentialAction\":[{\"@type\":\"SearchAction\",\"target\":{\"@type\":\"EntryPoint\",\"urlTemplate\":\"https:\/\/dicodusport.fr\/blog\/?s={search_term_string}\"},\"query-input\":{\"@type\":\"PropertyValueSpecification\",\"valueRequired\":true,\"valueName\":\"search_term_string\"}}],\"inLanguage\":\"fr-FR\"},{\"@type\":\"NewsMediaOrganization\",\"@id\":\"https:\/\/dicodusport.fr\/blog\/#organization\",\"name\":\"Dicodusport\",\"url\":\"https:\/\/dicodusport.fr\/blog\/\",\"logo\":{\"@type\":\"ImageObject\",\"inLanguage\":\"fr-FR\",\"@id\":\"https:\/\/dicodusport.fr\/blog\/#\/schema\/logo\/image\/\",\"url\":\"https:\/\/dicodusport.fr\/blog\/wp-content\/uploads\/2020\/06\/cropped-LOGO-DICODUSPORT-2020-SANS-FOND-SANS-TEXTE.png\",\"contentUrl\":\"https:\/\/dicodusport.fr\/blog\/wp-content\/uploads\/2020\/06\/cropped-LOGO-DICODUSPORT-2020-SANS-FOND-SANS-TEXTE.png\",\"width\":512,\"height\":512,\"caption\":\"Dicodusport\"},\"image\":{\"@id\":\"https:\/\/dicodusport.fr\/blog\/#\/schema\/logo\/image\/\"},\"sameAs\":[\"https:\/\/www.facebook.com\/dicodusport\",\"https:\/\/x.com\/dicodusport\",\"https:\/\/www.instagram.com\/dicodusport\/\",\"https:\/\/www.youtube.com\/channel\/UC7V2KZ5sd3htJivAbA4ZG3w\"],\"description\":\"Dicodusport est l'encyclop\u00e9die de l'actualit\u00e9 sportive.\",\"email\":\"bonjour@dicodusport.fr\",\"legalName\":\"DICODUSPORT\",\"foundingDate\":\"2018-01-14\",\"vatID\":\"FR71834470973\",\"taxID\":\"83447097300043\",\"numberOfEmployees\":{\"@type\":\"QuantitativeValue\",\"minValue\":\"1\",\"maxValue\":\"10\"}},{\"@type\":\"Person\",\"@id\":\"https:\/\/dicodusport.fr\/blog\/#\/schema\/person\/55dcb50ad410894e431ed812bbb70191\",\"name\":\"Nicolas Jacquemard\",\"image\":{\"@type\":\"ImageObject\",\"inLanguage\":\"fr-FR\",\"@id\":\"https:\/\/dicodusport.fr\/blog\/#\/schema\/person\/image\/\",\"url\":\"https:\/\/dicodusport.fr\/blog\/wp-content\/uploads\/2021\/05\/Nicolas-Jacquemard-150x150.jpeg\",\"contentUrl\":\"https:\/\/dicodusport.fr\/blog\/wp-content\/uploads\/2021\/05\/Nicolas-Jacquemard-150x150.jpeg\",\"caption\":\"Nicolas Jacquemard\"},\"description\":\"Passionn\u00e9 de sport et entrepreneur depuis mes 18 ans, la cr\u00e9ation de Dicodusport m'a sembl\u00e9 \u00e9vidente pour participer \u00e0 la m\u00e9diatisation d'un plus grand nombre de sports. Le chemin est long mais avec une \u00e9quipe des plus motiv\u00e9es et les Jeux Olympiques de Paris 2024 en point de mire, nous y arriverons ! Journaliste dans le monde du sport depuis plus de 5 ans, je traite aussi bien de football, de rugby, de biathlon que de cyclisme.\",\"sameAs\":[\"https:\/\/www.facebook.com\/dicodusport\",\"https:\/\/x.com\/https:\/\/twitter.com\/Nico_Jacquemard\"],\"url\":\"https:\/\/dicodusport.fr\/blog\/author\/dicodusport\/\"}]}<\/script>\n<!-- \/ Yoast SEO Premium plugin. -->","yoast_head_json":{"title":"L'Olympique Lyonnais va racheter une franchise am\u00e9ricaine f\u00e9minine","description":"Ce jeudi, Jean-Michel Aulas a pr\u00e9sente les r\u00e9sultats d'OL Groupe : il en a profit\u00e9 pour annoncer un projet int\u00e9ressant sur lequel le club travaille.","robots":{"index":"index","follow":"follow","max-snippet":"max-snippet:-1","max-image-preview":"max-image-preview:large","max-video-preview":"max-video-preview:-1"},"canonical":"https:\/\/dicodusport.fr\/blog\/l-olympique-lyonnais-va-racheter-une-franchise-americaine-feminine\/","og_locale":"fr_FR","og_type":"article","og_title":"L'Olympique Lyonnais va racheter une franchise am\u00e9ricaine f\u00e9minine","og_description":"Ce jeudi, Jean-Michel Aulas a pr\u00e9sente les r\u00e9sultats d'OL Groupe : il en a profit\u00e9 pour annoncer un projet int\u00e9ressant sur lequel le club travaille.","og_url":"https:\/\/dicodusport.fr\/blog\/l-olympique-lyonnais-va-racheter-une-franchise-americaine-feminine\/","og_site_name":"Dicodusport","article_publisher":"https:\/\/www.facebook.com\/dicodusport","article_author":"https:\/\/www.facebook.com\/dicodusport","article_published_time":"2019-10-10T18:15:33+00:00","article_modified_time":"2019-10-11T14:40:59+00:00","og_image":[{"width":800,"height":445,"url":"https:\/\/dicodusport.fr\/blog\/wp-content\/uploads\/2019\/10\/LOlympique-Lyonnais-va-racheter-une-franchise-am\u00e9ricaine-f\u00e9minine.png","type":"image\/png"}],"author":"Nicolas Jacquemard","twitter_card":"summary_large_image","twitter_title":"L'Olympique Lyonnais va racheter une franchise am\u00e9ricaine f\u00e9minine","twitter_creator":"@https:\/\/twitter.com\/Nico_Jacquemard","twitter_site":"@dicodusport","schema":{"@context":"https:\/\/schema.org","@graph":[{"@type":"NewsArticle","@id":"https:\/\/dicodusport.fr\/blog\/l-olympique-lyonnais-va-racheter-une-franchise-americaine-feminine\/#article","isPartOf":{"@id":"https:\/\/dicodusport.fr\/blog\/l-olympique-lyonnais-va-racheter-une-franchise-americaine-feminine\/"},"author":{"name":"Nicolas Jacquemard","@id":"https:\/\/dicodusport.fr\/blog\/#\/schema\/person\/55dcb50ad410894e431ed812bbb70191"},"headline":"L&rsquo;Olympique Lyonnais va racheter une franchise am\u00e9ricaine f\u00e9minine","datePublished":"2019-10-10T18:15:33+00:00","dateModified":"2019-10-11T14:40:59+00:00","mainEntityOfPage":{"@id":"https:\/\/dicodusport.fr\/blog\/l-olympique-lyonnais-va-racheter-une-franchise-americaine-feminine\/"},"wordCount":204,"commentCount":0,"publisher":{"@id":"https:\/\/dicodusport.fr\/blog\/#organization"},"image":{"@id":"https:\/\/dicodusport.fr\/blog\/l-olympique-lyonnais-va-racheter-une-franchise-americaine-feminine\/#primaryimage"},"thumbnailUrl":"https:\/\/dicodusport.fr\/blog\/wp-content\/uploads\/2019\/10\/LOlympique-Lyonnais-va-racheter-une-franchise-am\u00e9ricaine-f\u00e9minine.png","keywords":["foot","Football","Jean-Michel Aulas","OL","Olympique lyonnais"],"articleSection":["Football"],"inLanguage":"fr-FR","potentialAction":[{"@type":"CommentAction","name":"Comment","target":["https:\/\/dicodusport.fr\/blog\/l-olympique-lyonnais-va-racheter-une-franchise-americaine-feminine\/#respond"]}],"copyrightYear":"2019","copyrightHolder":{"@id":"https:\/\/dicodusport.fr\/blog\/#organization"}},{"@type":"WebPage","@id":"https:\/\/dicodusport.fr\/blog\/l-olympique-lyonnais-va-racheter-une-franchise-americaine-feminine\/","url":"https:\/\/dicodusport.fr\/blog\/l-olympique-lyonnais-va-racheter-une-franchise-americaine-feminine\/","name":"L'Olympique Lyonnais va racheter une franchise am\u00e9ricaine f\u00e9minine","isPartOf":{"@id":"https:\/\/dicodusport.fr\/blog\/#website"},"primaryImageOfPage":{"@id":"https:\/\/dicodusport.fr\/blog\/l-olympique-lyonnais-va-racheter-une-franchise-americaine-feminine\/#primaryimage"},"image":{"@id":"https:\/\/dicodusport.fr\/blog\/l-olympique-lyonnais-va-racheter-une-franchise-americaine-feminine\/#primaryimage"},"thumbnailUrl":"https:\/\/dicodusport.fr\/blog\/wp-content\/uploads\/2019\/10\/LOlympique-Lyonnais-va-racheter-une-franchise-am\u00e9ricaine-f\u00e9minine.png","datePublished":"2019-10-10T18:15:33+00:00","dateModified":"2019-10-11T14:40:59+00:00","description":"Ce jeudi, Jean-Michel Aulas a pr\u00e9sente les r\u00e9sultats d'OL Groupe : il en a profit\u00e9 pour annoncer un projet int\u00e9ressant sur lequel le club travaille.","breadcrumb":{"@id":"https:\/\/dicodusport.fr\/blog\/l-olympique-lyonnais-va-racheter-une-franchise-americaine-feminine\/#breadcrumb"},"inLanguage":"fr-FR","potentialAction":[{"@type":"ReadAction","target":["https:\/\/dicodusport.fr\/blog\/l-olympique-lyonnais-va-racheter-une-franchise-americaine-feminine\/"]}]},{"@type":"ImageObject","inLanguage":"fr-FR","@id":"https:\/\/dicodusport.fr\/blog\/l-olympique-lyonnais-va-racheter-une-franchise-americaine-feminine\/#primaryimage","url":"https:\/\/dicodusport.fr\/blog\/wp-content\/uploads\/2019\/10\/LOlympique-Lyonnais-va-racheter-une-franchise-am\u00e9ricaine-f\u00e9minine.png","contentUrl":"https:\/\/dicodusport.fr\/blog\/wp-content\/uploads\/2019\/10\/LOlympique-Lyonnais-va-racheter-une-franchise-am\u00e9ricaine-f\u00e9minine.png","width":800,"height":445,"caption":"L'Olympique Lyonnais va racheter une franchise am\u00e9ricaine f\u00e9minine"},{"@type":"BreadcrumbList","@id":"https:\/\/dicodusport.fr\/blog\/l-olympique-lyonnais-va-racheter-une-franchise-americaine-feminine\/#breadcrumb","itemListElement":[{"@type":"ListItem","position":1,"name":"Accueil","item":"https:\/\/dicodusport.fr\/blog\/"},{"@type":"ListItem","position":2,"name":"L&rsquo;Olympique Lyonnais va racheter une franchise am\u00e9ricaine f\u00e9minine"}]},{"@type":"WebSite","@id":"https:\/\/dicodusport.fr\/blog\/#website","url":"https:\/\/dicodusport.fr\/blog\/","name":"Dicodusport","description":"L&#039;encyclop\u00e9die de l&#039;actualit\u00e9 sportive","publisher":{"@id":"https:\/\/dicodusport.fr\/blog\/#organization"},"potentialAction":[{"@type":"SearchAction","target":{"@type":"EntryPoint","urlTemplate":"https:\/\/dicodusport.fr\/blog\/?s={search_term_string}"},"query-input":{"@type":"PropertyValueSpecification","valueRequired":true,"valueName":"search_term_string"}}],"inLanguage":"fr-FR"},{"@type":"NewsMediaOrganization","@id":"https:\/\/dicodusport.fr\/blog\/#organization","name":"Dicodusport","url":"https:\/\/dicodusport.fr\/blog\/","logo":{"@type":"ImageObject","inLanguage":"fr-FR","@id":"https:\/\/dicodusport.fr\/blog\/#\/schema\/logo\/image\/","url":"https:\/\/dicodusport.fr\/blog\/wp-content\/uploads\/2020\/06\/cropped-LOGO-DICODUSPORT-2020-SANS-FOND-SANS-TEXTE.png","contentUrl":"https:\/\/dicodusport.fr\/blog\/wp-content\/uploads\/2020\/06\/cropped-LOGO-DICODUSPORT-2020-SANS-FOND-SANS-TEXTE.png","width":512,"height":512,"caption":"Dicodusport"},"image":{"@id":"https:\/\/dicodusport.fr\/blog\/#\/schema\/logo\/image\/"},"sameAs":["https:\/\/www.facebook.com\/dicodusport","https:\/\/x.com\/dicodusport","https:\/\/www.instagram.com\/dicodusport\/","https:\/\/www.youtube.com\/channel\/UC7V2KZ5sd3htJivAbA4ZG3w"],"description":"Dicodusport est l'encyclop\u00e9die de l'actualit\u00e9 sportive.","email":"bonjour@dicodusport.fr","legalName":"DICODUSPORT","foundingDate":"2018-01-14","vatID":"FR71834470973","taxID":"83447097300043","numberOfEmployees":{"@type":"QuantitativeValue","minValue":"1","maxValue":"10"}},{"@type":"Person","@id":"https:\/\/dicodusport.fr\/blog\/#\/schema\/person\/55dcb50ad410894e431ed812bbb70191","name":"Nicolas Jacquemard","image":{"@type":"ImageObject","inLanguage":"fr-FR","@id":"https:\/\/dicodusport.fr\/blog\/#\/schema\/person\/image\/","url":"https:\/\/dicodusport.fr\/blog\/wp-content\/uploads\/2021\/05\/Nicolas-Jacquemard-150x150.jpeg","contentUrl":"https:\/\/dicodusport.fr\/blog\/wp-content\/uploads\/2021\/05\/Nicolas-Jacquemard-150x150.jpeg","caption":"Nicolas Jacquemard"},"description":"Passionn\u00e9 de sport et entrepreneur depuis mes 18 ans, la cr\u00e9ation de Dicodusport m'a sembl\u00e9 \u00e9vidente pour participer \u00e0 la m\u00e9diatisation d'un plus grand nombre de sports. Le chemin est long mais avec une \u00e9quipe des plus motiv\u00e9es et les Jeux Olympiques de Paris 2024 en point de mire, nous y arriverons ! Journaliste dans le monde du sport depuis plus de 5 ans, je traite aussi bien de football, de rugby, de biathlon que de cyclisme.","sameAs":["https:\/\/www.facebook.com\/dicodusport","https:\/\/x.com\/https:\/\/twitter.com\/Nico_Jacquemard"],"url":"https:\/\/dicodusport.fr\/blog\/author\/dicodusport\/"}]}},"_links":{"self":[{"href":"https:\/\/dicodusport.fr\/blog\/wp-json\/wp\/v2\/posts\/51119","targetHints":{"allow":["GET"]}}],"collection":[{"href":"https:\/\/dicodusport.fr\/blog\/wp-json\/wp\/v2\/posts"}],"about":[{"href":"https:\/\/dicodusport.fr\/blog\/wp-json\/wp\/v2\/types\/post"}],"author":[{"embeddable":true,"href":"https:\/\/dicodusport.fr\/blog\/wp-json\/wp\/v2\/users\/1"}],"replies":[{"embeddable":true,"href":"https:\/\/dicodusport.fr\/blog\/wp-json\/wp\/v2\/comments?post=51119"}],"version-history":[{"count":0,"href":"https:\/\/dicodusport.fr\/blog\/wp-json\/wp\/v2\/posts\/51119\/revisions"}],"wp:featuredmedia":[{"embeddable":true,"href":"https:\/\/dicodusport.fr\/blog\/wp-json\/wp\/v2\/media\/51124"}],"wp:attachment":[{"href":"https:\/\/dicodusport.fr\/blog\/wp-json\/wp\/v2\/media?parent=51119"}],"wp:term":[{"taxonomy":"category","embeddable":true,"href":"https:\/\/dicodusport.fr\/blog\/wp-json\/wp\/v2\/categories?post=51119"},{"taxonomy":"post_tag","embeddable":true,"href":"https:\/\/dicodusport.fr\/blog\/wp-json\/wp\/v2\/tags?post=51119"}],"curies":[{"name":"wp","href":"https:\/\/api.w.org\/{rel}","templated":true}]}}