{"id":511247,"date":"2024-08-10T16:49:29","date_gmt":"2024-08-10T14:49:29","guid":{"rendered":"https:\/\/dicodusport.fr\/blog\/?p=511247&#038;preview=true&#038;preview_id=511247"},"modified":"2024-08-10T18:31:14","modified_gmt":"2024-08-10T16:31:14","slug":"clasica-san-sebastian-2024-marc-hirschi-devance-julian-alaphilippe","status":"publish","type":"post","link":"https:\/\/dicodusport.fr\/blog\/clasica-san-sebastian-2024-marc-hirschi-devance-julian-alaphilippe\/","title":{"rendered":"Clasica San Sebastian 2024 : Marc Hirschi devance Julian Alaphilippe"},"content":{"rendered":"<p style=\"text-align: justify;\"><em><strong>CLASICA SAN SEBASTIAN 2024 \u2013 Marc Hirschi (UAE Team Emirates) s&rsquo;est adjug\u00e9 la 44\u00e8me \u00e9dition de la Cl\u00e1sica de San Sebasti\u00e1n, samedi, en battant au sprint Julian Alaphilippe (Soudal Quick-Step). Lennert Van Eetvelt (Lotto Dstny) a compl\u00e9t\u00e9 le podium.<br \/>\n<\/strong><\/em><\/p>\n<ul style=\"text-align: justify;\">\n<li style=\"text-align: justify;\"><strong>\u00c0 ce sujet &#8211; <a href=\"https:\/\/dicodusport.fr\/blog\/classement-clasica-san-sebastian-2024\/\">Clasica San Sebastian 2024 : Le classement<\/a><\/strong><\/li>\n<\/ul>\n<p style=\"text-align: justify;\">D&rsquo;abord, 10 coureurs ont constitu\u00e9 l&rsquo;\u00e9chapp\u00e9e matinale : <strong>Simon Carr<\/strong> (EF Education-EasyPost), <strong>Warren Barguil<\/strong> (DSM-Firmenich PostNL),<strong> Amanuel Ghebreigzabhier<\/strong> (Lidl-Trek), <strong>Sylvain Moniquet<\/strong> (Lotto-Dstny), <strong>Davide De Pretto<\/strong> (Jayco-AlUla), <strong>Jesus Herrada<\/strong> (Cofidis), <strong>Ben Zwiehoff<\/strong> (Red Bull-Bora-Hansgrohe), <strong>Thibault Guernalec<\/strong> (Ark\u00e9a-B&amp;B Hotels), <strong>Adne Holter<\/strong> (Uno-X) et<strong> Pierre Latour<\/strong> (TotalEnergies). Leur avance est mont\u00e9e jusqu&rsquo;\u00e0 plus de 4 minutes avant de grimper la mont\u00e9e de Jaizkibel.<\/p>\n<p style=\"text-align: justify;\">Ensuite, les \u00e9quipes Red Bull-Bora-Hansgrohe, Soudal Quick-Step et Visma-Lease a Bike ont men\u00e9 la poursuite au sein du peloton tandis que <strong>Simon Carr<\/strong> (EF Education-EasyPost) s&rsquo;est isol\u00e9 \u00e0 l&rsquo;avant de la course avec 1 minute 30 d&rsquo;avance, \u00e0 55 kilom\u00e8tres de l&rsquo;arriv\u00e9e. Mais, le coureur britannique a \u00e9t\u00e9 repris par le peloton dans l&rsquo;ascension d&rsquo;Erlaitz, \u00e0 43 kilom\u00e8tres du terme. Dans cette mont\u00e9e, des pr\u00e9tendants \u00e0 la victoire comme <strong>Simon Yates<\/strong> (Jauco AlUla), <strong>Romain Bardet<\/strong> (Team DSM-Firmemich PostNL), <strong>Sergio Higuita<\/strong> (Red Bull-Bora-Hansgrohe) et surtout <strong>Jonas Vingegaard<\/strong> (Visma Lease a Bike) ont \u00e9t\u00e9 distanc\u00e9s.<\/p>\n<div class=\"vlp-link-container vlp-layout-article\"><a href=\"https:\/\/dicodusport.fr\/blog\/cyclisme-calendrier-world-tour-2024\/\" class=\"vlp-link\" title=\"Cyclisme - Calendrier World Tour 2024\"><\/a><div class=\"vlp-layout-zone-side\"><div class=\"vlp-block-4 vlp-link-image\"><img loading=\"lazy\" decoding=\"async\" style=\"max-width: 792px;\" width=\"792\" height=\"445\" src=\"https:\/\/dicodusport.fr\/blog\/wp-content\/uploads\/2024\/03\/Cyclisme-Calendrier-World-Tour-2024.png\" class=\"attachment-800x445 size-800x445\" alt=\"Cyclisme - Calendrier World Tour 2024\" srcset=\"https:\/\/dicodusport.fr\/blog\/wp-content\/uploads\/2024\/03\/Cyclisme-Calendrier-World-Tour-2024.png 1200w, https:\/\/dicodusport.fr\/blog\/wp-content\/uploads\/2024\/03\/Cyclisme-Calendrier-World-Tour-2024-300x169.png 300w, https:\/\/dicodusport.fr\/blog\/wp-content\/uploads\/2024\/03\/Cyclisme-Calendrier-World-Tour-2024-1024x575.png 1024w, https:\/\/dicodusport.fr\/blog\/wp-content\/uploads\/2024\/03\/Cyclisme-Calendrier-World-Tour-2024-768x431.png 768w\" sizes=\"auto, (max-width: 792px) 100vw, 792px\" \/><\/div><\/div><div class=\"vlp-layout-zone-main\"><div class=\"vlp-block-0 vlp-link-title\">Cyclisme - Calendrier World Tour 2024<\/div><div class=\"vlp-block-1 vlp-link-summary\">CYCLISME &#8211; Retrouvez le calendrier complet des 34 \u00e9preuves World Tour de la saison 2024 de cyclisme sur route. <\/div><div class=\"vlp-block-2 vlp-link-button\">Lire l'article<\/div><div class=\"vlp-block-3 vlp-link-url\">dicodusport.fr<\/div><\/div><\/div>\n<h2 style=\"text-align: justify;\">Alaphilippe \u00e0 deux doigts de remporter la Clasica San Sebastian<\/h2>\n<p style=\"text-align: justify;\">Devant, dans la seconde moiti\u00e9 de la bosse, <strong>Pavel Sivakov<\/strong> (UAE Team Emirates) a pris les devants tandis qu&rsquo;un groupe de 18 coureurs s&rsquo;est form\u00e9 en contre avec <strong>Isaac Del Toro, Jan Christen, Marc Hirschi, Brandon McNult<\/strong>y (Team UAE), Neilson Powless (EF-Education EasyPost), <strong>Cl\u00e9ment Berthet<\/strong> (Decathlon AG2R La Mondiale),<strong> Kevin Vermaerke<\/strong> (DSM-Firmenich PostNL), <strong>Patrick Konrad<\/strong> (Lidl-Trek), <strong>Pablo Castrillo<\/strong> (Equipo Kern Pharma), <strong>Andreas Kron, Lennert Van Eetvelt<\/strong> et <strong>Maxim Van Gils<\/strong> (Lotto-Dstny), <strong>George Bennett<\/strong> et <strong>Michael Woods<\/strong> (Israel-Premier Tech), <strong>Florian Lipowitz<\/strong> (Red Bull-Bora-Hansgrohe), <strong>Jefferson Cepeda<\/strong> (Caja Rural), <strong>Jhonatan Narvaez<\/strong> (INEOS Grenadiers) et <a href=\"https:\/\/dicodusport.fr\/blog\/transferts-julian-alaphillipe-va-quitter-soudal-quick-step\/\"><strong>Julian Alaphilippe<\/strong><\/a> (Soudal-Quick Step). Ce dernier n&rsquo;a pas pu suivre le rythme de l&rsquo;homme de t\u00eate dans l&rsquo;avant-derni\u00e8re mont\u00e9e du jour.<\/p>\n<p style=\"text-align: justify;\">Par la suite, <strong>Maxim Van Gils<\/strong> et <strong>Andreas Kron<\/strong> (Lotto Dstny) ont assum\u00e9 la majeure partie de la chasse pour reprendre l&rsquo;homme de t\u00eate d\u00e8s les premiers pourcentages de la terrible mont\u00e9e de Pilotegi. Dans les passages \u00e0 plus de 20 %,<strong> Julian Alaphilippe<\/strong> (Soudal-Quick Step) a port\u00e9 une puissante attaque. Seul <strong>Marc Hirschi<\/strong> (UAE Team Emirates) a pu suivre le double champion du monde. Le Fran\u00e7ais\u00a0a failli tomber dans la descente \u00e0 cause d&rsquo;une man\u0153uvre maladroite en reprenant le sillage du coureur suisse. Seul, en contre, <strong>Lennert Van Eetvelt<\/strong> (Lotto Dstny) n&rsquo;a pas pu revenir sur le duo de t\u00eate avec la descente et le vainqueur de l&rsquo;UAE Tour a compl\u00e9t\u00e9 le podium \u00e0 sept secondes.<\/p>\n<p style=\"text-align: justify;\">Finalement, <strong>Marc Hirschi<\/strong> (UAE Team Emirates) a domin\u00e9 au sprint <strong>Julian Alaphilippe<\/strong> (Soudal-Quick Step) et a sign\u00e9 la 63e victoire de la saison pour sa formation. Les deux coureurs ont sprint\u00e9 chacun d&rsquo;un c\u00f4t\u00e9 de la chauss\u00e9e. <strong>Kevin Vermaerke<\/strong> (DSM-Firmenich PostNL) a pris la quatri\u00e8me place \u00e0 17 secondes alors que <strong>Jhonatan Narvaez<\/strong> (INEOS Grenadiers) a r\u00e9gl\u00e9 le groupe pour la cinqui\u00e8me place \u00e0 25 secondes.<\/p>\n<blockquote class=\"twitter-tweet\">\n<p dir=\"ltr\" lang=\"fr\">Quelle course, quel final \ud83d\udca5<\/p>\n<p>Marc Hirschi remporte la classica san Sebastian en r\u00e9glant au sprint Julian alaphilippe<\/p>\n<p>Back to 2020 \ud83d\ude05<a href=\"https:\/\/twitter.com\/hashtag\/Klasikoa2024?src=hash&amp;ref_src=twsrc%5Etfw\">#Klasikoa2024<\/a> <a href=\"https:\/\/twitter.com\/hashtag\/LesRP?src=hash&amp;ref_src=twsrc%5Etfw\">#LesRP<\/a> <a href=\"https:\/\/t.co\/dhVCLGqyq9\">pic.twitter.com\/dhVCLGqyq9<\/a><\/p>\n<p>\u2014 Colin Bourgeat (@ColinBourgeat) <a href=\"https:\/\/twitter.com\/ColinBourgeat\/status\/1822283364243542236?ref_src=twsrc%5Etfw\">August 10, 2024<\/a><\/p><\/blockquote>\n<p><script async src=\"https:\/\/platform.twitter.com\/widgets.js\" charset=\"utf-8\"><\/script><\/p>\n<p>&nbsp;<\/p>\n<p>&nbsp;<\/p>\n","protected":false},"excerpt":{"rendered":"<p>CLASICA SAN SEBASTIAN 2024 \u2013 Marc Hirschi (UAE Team Emirates) s&rsquo;est adjug\u00e9 la 44\u00e8me \u00e9dition de la Cl\u00e1sica de San Sebasti\u00e1n, samedi, en battant au sprint Julian Alaphilippe (Soudal Quick-Step). Lennert Van Eetvelt (Lotto Dstny) a compl\u00e9t\u00e9 le podium.<\/p>\n","protected":false},"author":48,"featured_media":511375,"comment_status":"open","ping_status":"closed","sticky":false,"template":"","format":"standard","meta":{"_acf_changed":false,"_daextam_enable_autolinks":"1","footnotes":""},"categories":[46994],"tags":[16878,5675],"class_list":["post-511247","post","type-post","status-publish","format-standard","has-post-thumbnail","hentry","category-cyclisme-sur-route","tag-breve","tag-clasica-san-sebastian"],"acf":[],"yoast_head":"<!-- This site is optimized with the Yoast SEO Premium plugin v26.7 (Yoast SEO v26.7) - https:\/\/yoast.com\/wordpress\/plugins\/seo\/ -->\n<title>Clasica San Sebastian 2024 : Marc Hirschi devance Julian Alaphilippe<\/title>\n<meta name=\"description\" content=\"CLASICA SAN SEBASTIAN 2024 \u2013 Marc Hirschi s&#039;est adjug\u00e9 la 44\u00e8me \u00e9dition en battant Julian Alaphilippe (Soudal Quick-Step).\" \/>\n<meta name=\"robots\" content=\"index, follow, max-snippet:-1, max-image-preview:large, max-video-preview:-1\" \/>\n<link rel=\"canonical\" href=\"https:\/\/dicodusport.fr\/blog\/clasica-san-sebastian-2024-marc-hirschi-devance-julian-alaphilippe\/\" \/>\n<meta property=\"og:locale\" content=\"fr_FR\" \/>\n<meta property=\"og:type\" content=\"article\" \/>\n<meta property=\"og:title\" content=\"Clasica San Sebastian 2024 : Marc Hirschi devance Julian Alaphilippe\" \/>\n<meta property=\"og:description\" content=\"CLASICA SAN SEBASTIAN 2024 \u2013 Marc Hirschi s&#039;est adjug\u00e9 la 44\u00e8me \u00e9dition en battant Julian Alaphilippe (Soudal Quick-Step).\" \/>\n<meta property=\"og:url\" content=\"https:\/\/dicodusport.fr\/blog\/clasica-san-sebastian-2024-marc-hirschi-devance-julian-alaphilippe\/\" \/>\n<meta property=\"og:site_name\" content=\"Dicodusport\" \/>\n<meta property=\"article:publisher\" content=\"https:\/\/www.facebook.com\/dicodusport\" \/>\n<meta property=\"article:author\" content=\"https:\/\/www.facebook.com\/groups\/LesRoisDuPeloton\" \/>\n<meta property=\"article:published_time\" content=\"2024-08-10T14:49:29+00:00\" \/>\n<meta property=\"article:modified_time\" content=\"2024-08-10T16:31:14+00:00\" \/>\n<meta property=\"og:image\" content=\"https:\/\/dicodusport.fr\/blog\/wp-content\/uploads\/2024\/08\/Clasica-San-Sebastian-2024-Marc-Hirschi-devance-Julian-Alaphilippe.png\" \/>\n\t<meta property=\"og:image:width\" content=\"1200\" \/>\n\t<meta property=\"og:image:height\" content=\"674\" \/>\n\t<meta property=\"og:image:type\" content=\"image\/png\" \/>\n<meta name=\"author\" content=\"Emilien Descampiaux\" \/>\n<meta name=\"twitter:card\" content=\"summary_large_image\" \/>\n<meta name=\"twitter:title\" content=\"Clasica San Sebastian 2024 : Marc Hirschi devance Julian Alaphilippe\" \/>\n<meta name=\"twitter:creator\" content=\"@https:\/\/twitter.com\/LRoisDuPeloton\" \/>\n<meta name=\"twitter:site\" content=\"@dicodusport\" \/>\n<script type=\"application\/ld+json\" class=\"yoast-schema-graph\">{\"@context\":\"https:\/\/schema.org\",\"@graph\":[{\"@type\":\"NewsArticle\",\"@id\":\"https:\/\/dicodusport.fr\/blog\/clasica-san-sebastian-2024-marc-hirschi-devance-julian-alaphilippe\/#article\",\"isPartOf\":{\"@id\":\"https:\/\/dicodusport.fr\/blog\/clasica-san-sebastian-2024-marc-hirschi-devance-julian-alaphilippe\/\"},\"author\":{\"name\":\"Emilien Descampiaux\",\"@id\":\"https:\/\/dicodusport.fr\/blog\/#\/schema\/person\/6db4bae06b171592211be385b32876a7\"},\"headline\":\"Clasica San Sebastian 2024 : Marc Hirschi devance Julian Alaphilippe\",\"datePublished\":\"2024-08-10T14:49:29+00:00\",\"dateModified\":\"2024-08-10T16:31:14+00:00\",\"mainEntityOfPage\":{\"@id\":\"https:\/\/dicodusport.fr\/blog\/clasica-san-sebastian-2024-marc-hirschi-devance-julian-alaphilippe\/\"},\"wordCount\":646,\"commentCount\":0,\"publisher\":{\"@id\":\"https:\/\/dicodusport.fr\/blog\/#organization\"},\"image\":{\"@id\":\"https:\/\/dicodusport.fr\/blog\/clasica-san-sebastian-2024-marc-hirschi-devance-julian-alaphilippe\/#primaryimage\"},\"thumbnailUrl\":\"https:\/\/dicodusport.fr\/blog\/wp-content\/uploads\/2024\/08\/Clasica-San-Sebastian-2024-Marc-Hirschi-devance-Julian-Alaphilippe.png\",\"keywords\":[\"br\u00e8ve\",\"Clasica San Sebastian\"],\"articleSection\":[\"Cyclisme sur route\"],\"inLanguage\":\"fr-FR\",\"potentialAction\":[{\"@type\":\"CommentAction\",\"name\":\"Comment\",\"target\":[\"https:\/\/dicodusport.fr\/blog\/clasica-san-sebastian-2024-marc-hirschi-devance-julian-alaphilippe\/#respond\"]}],\"copyrightYear\":\"2024\",\"copyrightHolder\":{\"@id\":\"https:\/\/dicodusport.fr\/blog\/#organization\"}},{\"@type\":\"WebPage\",\"@id\":\"https:\/\/dicodusport.fr\/blog\/clasica-san-sebastian-2024-marc-hirschi-devance-julian-alaphilippe\/\",\"url\":\"https:\/\/dicodusport.fr\/blog\/clasica-san-sebastian-2024-marc-hirschi-devance-julian-alaphilippe\/\",\"name\":\"Clasica San Sebastian 2024 : Marc Hirschi devance Julian Alaphilippe\",\"isPartOf\":{\"@id\":\"https:\/\/dicodusport.fr\/blog\/#website\"},\"primaryImageOfPage\":{\"@id\":\"https:\/\/dicodusport.fr\/blog\/clasica-san-sebastian-2024-marc-hirschi-devance-julian-alaphilippe\/#primaryimage\"},\"image\":{\"@id\":\"https:\/\/dicodusport.fr\/blog\/clasica-san-sebastian-2024-marc-hirschi-devance-julian-alaphilippe\/#primaryimage\"},\"thumbnailUrl\":\"https:\/\/dicodusport.fr\/blog\/wp-content\/uploads\/2024\/08\/Clasica-San-Sebastian-2024-Marc-Hirschi-devance-Julian-Alaphilippe.png\",\"datePublished\":\"2024-08-10T14:49:29+00:00\",\"dateModified\":\"2024-08-10T16:31:14+00:00\",\"description\":\"CLASICA SAN SEBASTIAN 2024 \u2013 Marc Hirschi s'est adjug\u00e9 la 44\u00e8me \u00e9dition en battant Julian Alaphilippe (Soudal Quick-Step).\",\"breadcrumb\":{\"@id\":\"https:\/\/dicodusport.fr\/blog\/clasica-san-sebastian-2024-marc-hirschi-devance-julian-alaphilippe\/#breadcrumb\"},\"inLanguage\":\"fr-FR\",\"potentialAction\":[{\"@type\":\"ReadAction\",\"target\":[\"https:\/\/dicodusport.fr\/blog\/clasica-san-sebastian-2024-marc-hirschi-devance-julian-alaphilippe\/\"]}]},{\"@type\":\"ImageObject\",\"inLanguage\":\"fr-FR\",\"@id\":\"https:\/\/dicodusport.fr\/blog\/clasica-san-sebastian-2024-marc-hirschi-devance-julian-alaphilippe\/#primaryimage\",\"url\":\"https:\/\/dicodusport.fr\/blog\/wp-content\/uploads\/2024\/08\/Clasica-San-Sebastian-2024-Marc-Hirschi-devance-Julian-Alaphilippe.png\",\"contentUrl\":\"https:\/\/dicodusport.fr\/blog\/wp-content\/uploads\/2024\/08\/Clasica-San-Sebastian-2024-Marc-Hirschi-devance-Julian-Alaphilippe.png\",\"width\":1200,\"height\":674,\"caption\":\"Clasica San Sebastian 2024 Marc Hirschi devance Julian Alaphilippe\"},{\"@type\":\"BreadcrumbList\",\"@id\":\"https:\/\/dicodusport.fr\/blog\/clasica-san-sebastian-2024-marc-hirschi-devance-julian-alaphilippe\/#breadcrumb\",\"itemListElement\":[{\"@type\":\"ListItem\",\"position\":1,\"name\":\"Accueil\",\"item\":\"https:\/\/dicodusport.fr\/blog\/\"},{\"@type\":\"ListItem\",\"position\":2,\"name\":\"Clasica San Sebastian 2024 : Marc Hirschi devance Julian Alaphilippe\"}]},{\"@type\":\"WebSite\",\"@id\":\"https:\/\/dicodusport.fr\/blog\/#website\",\"url\":\"https:\/\/dicodusport.fr\/blog\/\",\"name\":\"Dicodusport\",\"description\":\"L&#039;encyclop\u00e9die de l&#039;actualit\u00e9 sportive\",\"publisher\":{\"@id\":\"https:\/\/dicodusport.fr\/blog\/#organization\"},\"potentialAction\":[{\"@type\":\"SearchAction\",\"target\":{\"@type\":\"EntryPoint\",\"urlTemplate\":\"https:\/\/dicodusport.fr\/blog\/?s={search_term_string}\"},\"query-input\":{\"@type\":\"PropertyValueSpecification\",\"valueRequired\":true,\"valueName\":\"search_term_string\"}}],\"inLanguage\":\"fr-FR\"},{\"@type\":\"NewsMediaOrganization\",\"@id\":\"https:\/\/dicodusport.fr\/blog\/#organization\",\"name\":\"Dicodusport\",\"url\":\"https:\/\/dicodusport.fr\/blog\/\",\"logo\":{\"@type\":\"ImageObject\",\"inLanguage\":\"fr-FR\",\"@id\":\"https:\/\/dicodusport.fr\/blog\/#\/schema\/logo\/image\/\",\"url\":\"https:\/\/dicodusport.fr\/blog\/wp-content\/uploads\/2020\/06\/cropped-LOGO-DICODUSPORT-2020-SANS-FOND-SANS-TEXTE.png\",\"contentUrl\":\"https:\/\/dicodusport.fr\/blog\/wp-content\/uploads\/2020\/06\/cropped-LOGO-DICODUSPORT-2020-SANS-FOND-SANS-TEXTE.png\",\"width\":512,\"height\":512,\"caption\":\"Dicodusport\"},\"image\":{\"@id\":\"https:\/\/dicodusport.fr\/blog\/#\/schema\/logo\/image\/\"},\"sameAs\":[\"https:\/\/www.facebook.com\/dicodusport\",\"https:\/\/x.com\/dicodusport\",\"https:\/\/www.instagram.com\/dicodusport\/\",\"https:\/\/www.youtube.com\/channel\/UC7V2KZ5sd3htJivAbA4ZG3w\"],\"description\":\"Dicodusport est l'encyclop\u00e9die de l'actualit\u00e9 sportive.\",\"email\":\"bonjour@dicodusport.fr\",\"legalName\":\"DICODUSPORT\",\"foundingDate\":\"2018-01-14\",\"vatID\":\"FR71834470973\",\"taxID\":\"83447097300043\",\"numberOfEmployees\":{\"@type\":\"QuantitativeValue\",\"minValue\":\"1\",\"maxValue\":\"10\"}},{\"@type\":\"Person\",\"@id\":\"https:\/\/dicodusport.fr\/blog\/#\/schema\/person\/6db4bae06b171592211be385b32876a7\",\"name\":\"Emilien Descampiaux\",\"image\":{\"@type\":\"ImageObject\",\"inLanguage\":\"fr-FR\",\"@id\":\"https:\/\/dicodusport.fr\/blog\/#\/schema\/person\/image\/\",\"url\":\"https:\/\/dicodusport.fr\/blog\/wp-content\/uploads\/2021\/05\/Emilien-Descampiaux-150x150.jpg\",\"contentUrl\":\"https:\/\/dicodusport.fr\/blog\/wp-content\/uploads\/2021\/05\/Emilien-Descampiaux-150x150.jpg\",\"caption\":\"Emilien Descampiaux\"},\"description\":\"Journaliste\/r\u00e9dacteur depuis 2014 - Fan de la classe de Frank Vandenbroucke, je vis cyclisme (et de ses paysages) depuis plus de 20 ans. Je suis tr\u00e8s impliqu\u00e9 sur mes diff\u00e9rents r\u00e9seaux sociaux pour partager ma passion sur le monde et l'Histoire de la bicyclette avec ma voix sur les images en noir et blanc du succ\u00e8s de Rik Van Steenbergen lors du Ronde sur le V\u00e9lodrome de Gand.\",\"sameAs\":[\"https:\/\/www.facebook.com\/groups\/LesRoisDuPeloton\",\"https:\/\/x.com\/https:\/\/twitter.com\/LRoisDuPeloton\"],\"url\":\"https:\/\/dicodusport.fr\/blog\/author\/emiliend\/\"}]}<\/script>\n<!-- \/ Yoast SEO Premium plugin. -->","yoast_head_json":{"title":"Clasica San Sebastian 2024 : Marc Hirschi devance Julian Alaphilippe","description":"CLASICA SAN SEBASTIAN 2024 \u2013 Marc Hirschi s'est adjug\u00e9 la 44\u00e8me \u00e9dition en battant Julian Alaphilippe (Soudal Quick-Step).","robots":{"index":"index","follow":"follow","max-snippet":"max-snippet:-1","max-image-preview":"max-image-preview:large","max-video-preview":"max-video-preview:-1"},"canonical":"https:\/\/dicodusport.fr\/blog\/clasica-san-sebastian-2024-marc-hirschi-devance-julian-alaphilippe\/","og_locale":"fr_FR","og_type":"article","og_title":"Clasica San Sebastian 2024 : Marc Hirschi devance Julian Alaphilippe","og_description":"CLASICA SAN SEBASTIAN 2024 \u2013 Marc Hirschi s'est adjug\u00e9 la 44\u00e8me \u00e9dition en battant Julian Alaphilippe (Soudal Quick-Step).","og_url":"https:\/\/dicodusport.fr\/blog\/clasica-san-sebastian-2024-marc-hirschi-devance-julian-alaphilippe\/","og_site_name":"Dicodusport","article_publisher":"https:\/\/www.facebook.com\/dicodusport","article_author":"https:\/\/www.facebook.com\/groups\/LesRoisDuPeloton","article_published_time":"2024-08-10T14:49:29+00:00","article_modified_time":"2024-08-10T16:31:14+00:00","og_image":[{"width":1200,"height":674,"url":"https:\/\/dicodusport.fr\/blog\/wp-content\/uploads\/2024\/08\/Clasica-San-Sebastian-2024-Marc-Hirschi-devance-Julian-Alaphilippe.png","type":"image\/png"}],"author":"Emilien Descampiaux","twitter_card":"summary_large_image","twitter_title":"Clasica San Sebastian 2024 : Marc Hirschi devance Julian Alaphilippe","twitter_creator":"@https:\/\/twitter.com\/LRoisDuPeloton","twitter_site":"@dicodusport","schema":{"@context":"https:\/\/schema.org","@graph":[{"@type":"NewsArticle","@id":"https:\/\/dicodusport.fr\/blog\/clasica-san-sebastian-2024-marc-hirschi-devance-julian-alaphilippe\/#article","isPartOf":{"@id":"https:\/\/dicodusport.fr\/blog\/clasica-san-sebastian-2024-marc-hirschi-devance-julian-alaphilippe\/"},"author":{"name":"Emilien Descampiaux","@id":"https:\/\/dicodusport.fr\/blog\/#\/schema\/person\/6db4bae06b171592211be385b32876a7"},"headline":"Clasica San Sebastian 2024 : Marc Hirschi devance Julian Alaphilippe","datePublished":"2024-08-10T14:49:29+00:00","dateModified":"2024-08-10T16:31:14+00:00","mainEntityOfPage":{"@id":"https:\/\/dicodusport.fr\/blog\/clasica-san-sebastian-2024-marc-hirschi-devance-julian-alaphilippe\/"},"wordCount":646,"commentCount":0,"publisher":{"@id":"https:\/\/dicodusport.fr\/blog\/#organization"},"image":{"@id":"https:\/\/dicodusport.fr\/blog\/clasica-san-sebastian-2024-marc-hirschi-devance-julian-alaphilippe\/#primaryimage"},"thumbnailUrl":"https:\/\/dicodusport.fr\/blog\/wp-content\/uploads\/2024\/08\/Clasica-San-Sebastian-2024-Marc-Hirschi-devance-Julian-Alaphilippe.png","keywords":["br\u00e8ve","Clasica San Sebastian"],"articleSection":["Cyclisme sur route"],"inLanguage":"fr-FR","potentialAction":[{"@type":"CommentAction","name":"Comment","target":["https:\/\/dicodusport.fr\/blog\/clasica-san-sebastian-2024-marc-hirschi-devance-julian-alaphilippe\/#respond"]}],"copyrightYear":"2024","copyrightHolder":{"@id":"https:\/\/dicodusport.fr\/blog\/#organization"}},{"@type":"WebPage","@id":"https:\/\/dicodusport.fr\/blog\/clasica-san-sebastian-2024-marc-hirschi-devance-julian-alaphilippe\/","url":"https:\/\/dicodusport.fr\/blog\/clasica-san-sebastian-2024-marc-hirschi-devance-julian-alaphilippe\/","name":"Clasica San Sebastian 2024 : Marc Hirschi devance Julian Alaphilippe","isPartOf":{"@id":"https:\/\/dicodusport.fr\/blog\/#website"},"primaryImageOfPage":{"@id":"https:\/\/dicodusport.fr\/blog\/clasica-san-sebastian-2024-marc-hirschi-devance-julian-alaphilippe\/#primaryimage"},"image":{"@id":"https:\/\/dicodusport.fr\/blog\/clasica-san-sebastian-2024-marc-hirschi-devance-julian-alaphilippe\/#primaryimage"},"thumbnailUrl":"https:\/\/dicodusport.fr\/blog\/wp-content\/uploads\/2024\/08\/Clasica-San-Sebastian-2024-Marc-Hirschi-devance-Julian-Alaphilippe.png","datePublished":"2024-08-10T14:49:29+00:00","dateModified":"2024-08-10T16:31:14+00:00","description":"CLASICA SAN SEBASTIAN 2024 \u2013 Marc Hirschi s'est adjug\u00e9 la 44\u00e8me \u00e9dition en battant Julian Alaphilippe (Soudal Quick-Step).","breadcrumb":{"@id":"https:\/\/dicodusport.fr\/blog\/clasica-san-sebastian-2024-marc-hirschi-devance-julian-alaphilippe\/#breadcrumb"},"inLanguage":"fr-FR","potentialAction":[{"@type":"ReadAction","target":["https:\/\/dicodusport.fr\/blog\/clasica-san-sebastian-2024-marc-hirschi-devance-julian-alaphilippe\/"]}]},{"@type":"ImageObject","inLanguage":"fr-FR","@id":"https:\/\/dicodusport.fr\/blog\/clasica-san-sebastian-2024-marc-hirschi-devance-julian-alaphilippe\/#primaryimage","url":"https:\/\/dicodusport.fr\/blog\/wp-content\/uploads\/2024\/08\/Clasica-San-Sebastian-2024-Marc-Hirschi-devance-Julian-Alaphilippe.png","contentUrl":"https:\/\/dicodusport.fr\/blog\/wp-content\/uploads\/2024\/08\/Clasica-San-Sebastian-2024-Marc-Hirschi-devance-Julian-Alaphilippe.png","width":1200,"height":674,"caption":"Clasica San Sebastian 2024 Marc Hirschi devance Julian Alaphilippe"},{"@type":"BreadcrumbList","@id":"https:\/\/dicodusport.fr\/blog\/clasica-san-sebastian-2024-marc-hirschi-devance-julian-alaphilippe\/#breadcrumb","itemListElement":[{"@type":"ListItem","position":1,"name":"Accueil","item":"https:\/\/dicodusport.fr\/blog\/"},{"@type":"ListItem","position":2,"name":"Clasica San Sebastian 2024 : Marc Hirschi devance Julian Alaphilippe"}]},{"@type":"WebSite","@id":"https:\/\/dicodusport.fr\/blog\/#website","url":"https:\/\/dicodusport.fr\/blog\/","name":"Dicodusport","description":"L&#039;encyclop\u00e9die de l&#039;actualit\u00e9 sportive","publisher":{"@id":"https:\/\/dicodusport.fr\/blog\/#organization"},"potentialAction":[{"@type":"SearchAction","target":{"@type":"EntryPoint","urlTemplate":"https:\/\/dicodusport.fr\/blog\/?s={search_term_string}"},"query-input":{"@type":"PropertyValueSpecification","valueRequired":true,"valueName":"search_term_string"}}],"inLanguage":"fr-FR"},{"@type":"NewsMediaOrganization","@id":"https:\/\/dicodusport.fr\/blog\/#organization","name":"Dicodusport","url":"https:\/\/dicodusport.fr\/blog\/","logo":{"@type":"ImageObject","inLanguage":"fr-FR","@id":"https:\/\/dicodusport.fr\/blog\/#\/schema\/logo\/image\/","url":"https:\/\/dicodusport.fr\/blog\/wp-content\/uploads\/2020\/06\/cropped-LOGO-DICODUSPORT-2020-SANS-FOND-SANS-TEXTE.png","contentUrl":"https:\/\/dicodusport.fr\/blog\/wp-content\/uploads\/2020\/06\/cropped-LOGO-DICODUSPORT-2020-SANS-FOND-SANS-TEXTE.png","width":512,"height":512,"caption":"Dicodusport"},"image":{"@id":"https:\/\/dicodusport.fr\/blog\/#\/schema\/logo\/image\/"},"sameAs":["https:\/\/www.facebook.com\/dicodusport","https:\/\/x.com\/dicodusport","https:\/\/www.instagram.com\/dicodusport\/","https:\/\/www.youtube.com\/channel\/UC7V2KZ5sd3htJivAbA4ZG3w"],"description":"Dicodusport est l'encyclop\u00e9die de l'actualit\u00e9 sportive.","email":"bonjour@dicodusport.fr","legalName":"DICODUSPORT","foundingDate":"2018-01-14","vatID":"FR71834470973","taxID":"83447097300043","numberOfEmployees":{"@type":"QuantitativeValue","minValue":"1","maxValue":"10"}},{"@type":"Person","@id":"https:\/\/dicodusport.fr\/blog\/#\/schema\/person\/6db4bae06b171592211be385b32876a7","name":"Emilien Descampiaux","image":{"@type":"ImageObject","inLanguage":"fr-FR","@id":"https:\/\/dicodusport.fr\/blog\/#\/schema\/person\/image\/","url":"https:\/\/dicodusport.fr\/blog\/wp-content\/uploads\/2021\/05\/Emilien-Descampiaux-150x150.jpg","contentUrl":"https:\/\/dicodusport.fr\/blog\/wp-content\/uploads\/2021\/05\/Emilien-Descampiaux-150x150.jpg","caption":"Emilien Descampiaux"},"description":"Journaliste\/r\u00e9dacteur depuis 2014 - Fan de la classe de Frank Vandenbroucke, je vis cyclisme (et de ses paysages) depuis plus de 20 ans. Je suis tr\u00e8s impliqu\u00e9 sur mes diff\u00e9rents r\u00e9seaux sociaux pour partager ma passion sur le monde et l'Histoire de la bicyclette avec ma voix sur les images en noir et blanc du succ\u00e8s de Rik Van Steenbergen lors du Ronde sur le V\u00e9lodrome de Gand.","sameAs":["https:\/\/www.facebook.com\/groups\/LesRoisDuPeloton","https:\/\/x.com\/https:\/\/twitter.com\/LRoisDuPeloton"],"url":"https:\/\/dicodusport.fr\/blog\/author\/emiliend\/"}]}},"_links":{"self":[{"href":"https:\/\/dicodusport.fr\/blog\/wp-json\/wp\/v2\/posts\/511247","targetHints":{"allow":["GET"]}}],"collection":[{"href":"https:\/\/dicodusport.fr\/blog\/wp-json\/wp\/v2\/posts"}],"about":[{"href":"https:\/\/dicodusport.fr\/blog\/wp-json\/wp\/v2\/types\/post"}],"author":[{"embeddable":true,"href":"https:\/\/dicodusport.fr\/blog\/wp-json\/wp\/v2\/users\/48"}],"replies":[{"embeddable":true,"href":"https:\/\/dicodusport.fr\/blog\/wp-json\/wp\/v2\/comments?post=511247"}],"version-history":[{"count":7,"href":"https:\/\/dicodusport.fr\/blog\/wp-json\/wp\/v2\/posts\/511247\/revisions"}],"predecessor-version":[{"id":512340,"href":"https:\/\/dicodusport.fr\/blog\/wp-json\/wp\/v2\/posts\/511247\/revisions\/512340"}],"wp:featuredmedia":[{"embeddable":true,"href":"https:\/\/dicodusport.fr\/blog\/wp-json\/wp\/v2\/media\/511375"}],"wp:attachment":[{"href":"https:\/\/dicodusport.fr\/blog\/wp-json\/wp\/v2\/media?parent=511247"}],"wp:term":[{"taxonomy":"category","embeddable":true,"href":"https:\/\/dicodusport.fr\/blog\/wp-json\/wp\/v2\/categories?post=511247"},{"taxonomy":"post_tag","embeddable":true,"href":"https:\/\/dicodusport.fr\/blog\/wp-json\/wp\/v2\/tags?post=511247"}],"curies":[{"name":"wp","href":"https:\/\/api.w.org\/{rel}","templated":true}]}}