{"id":511389,"date":"2024-08-10T19:24:05","date_gmt":"2024-08-10T17:24:05","guid":{"rendered":"https:\/\/dicodusport.fr\/blog\/?p=511389&#038;preview=true&#038;preview_id=511389"},"modified":"2024-08-11T20:19:24","modified_gmt":"2024-08-11T18:19:24","slug":"athletisme-jo-2024-emmanuel-wanyonyi-en-or-sur-800-m-gabriel-tual-6eme","status":"publish","type":"post","link":"https:\/\/dicodusport.fr\/blog\/athletisme-jo-2024-emmanuel-wanyonyi-en-or-sur-800-m-gabriel-tual-6eme\/","title":{"rendered":"Athl\u00e9tisme JO 2024 : Emmanuel Wanyonyi en or sur 800 m, Gabriel Tual 6\u00e8me"},"content":{"rendered":"<p style=\"text-align: justify;\"><strong><em>Athl\u00e9tisme JO 2024 &#8211; Dans un 800m relev\u00e9, le Fran\u00e7ais Gabriel Tual prend la 6\u00e8me place. Le titre revient au K\u00e9nyan, Emmanuel Wanyonyi, devant le Canadien Marco Arop et l&rsquo;Alg\u00e9rien Djamel Sedjati.<br \/>\n<\/em><\/strong><\/p>\n<ul style=\"text-align: justify;\">\n<li style=\"text-align: justify;\"><strong>\u00c0 ce sujet \u2013\u00a0<a href=\"https:\/\/dicodusport.fr\/blog\/jo-paris-2024\/\" target=\"_blank\" rel=\"noopener\">L\u2019actualit\u00e9 des JO de Paris 2024<\/a><\/strong><\/li>\n<\/ul>\n<p style=\"text-align: justify;\" align=\"justify\">Une des derni\u00e8res chances de m\u00e9dailles en athl\u00e9tisme pour le camp tricolore, <b>Gabriel Tual<\/b> avait fort \u00e0 faire en finale du 800m. En effet, <b>Marco Arop<\/b>, le Canadien, champion du monde en titre, <b>Emmanuel Wanyonyi<\/b>, le Kenyan, 2\u00e8me \u00e0 Budapest, ou encore l\u2019Espagnol<b> Mohammed Attaoui <\/b>sont des candidats au titre olympique.<\/p>\n<h2 style=\"text-align: justify;\" align=\"justify\">Gabriel Tual craque dans le final<\/h2>\n<p style=\"text-align: justify;\" align=\"justify\">D\u00e8s le regroupement apr\u00e8s le d\u00e9part, le Fran\u00e7ais <b>Gabriel<\/b> <b>Tual<\/b> embo\u00eete rapidement la foul\u00e9e de <b>Wanyonyi<\/b> et termine le 1<sup>er<\/sup> tour en 50&Prime;28. Le rythme est rapide en d\u00e9but de course et <b>Tual<\/b> suit toujours. Mais, malheureusement pour lui, il craque en fin de course lors de l\u2019emballage final. Il se fait remonter par tout le monde et termine finalement 6\u00e8me en <b>1:42.08<\/b>. Finalement, <b>Wanyonyi<\/b> fait son record personnel en 1:41.19 et remporte la m\u00e9daille d\u2019or. Il devance d\u2019un cheveu le champion du monde en titre <b>Marco<\/b> <b>Arop<\/b>. Le Canadien a bien men\u00e9 sa barque en restant dans le peloton pendant 600m. Il \u00e9choue \u00e0 1:41.19, \u00e0 un souffle du titre, mais prend le record d&rsquo;Am\u00e9rique du Nord. Et finalement, l\u2019Alg\u00e9rien <b>Djamel Sedjati <\/b>prend le bronze en partant peut-\u00eatre d&rsquo;un peu trop loin pour esp\u00e9rer mieux.<\/p>\n<blockquote class=\"twitter-tweet\">\n<p dir=\"ltr\" lang=\"fr\">Notre Fran\u00e7ais Gabriel Tual qui prend la 6e place de la finale du 800m. <a href=\"https:\/\/twitter.com\/hashtag\/AllezLesBleus?src=hash&amp;ref_src=twsrc%5Etfw\">#AllezLesBleus<\/a> <a href=\"https:\/\/twitter.com\/hashtag\/Paris2024?src=hash&amp;ref_src=twsrc%5Etfw\">#Paris2024<\/a><\/p>\n<p>\u2014 Equipe France (@EquipeFRA) <a href=\"https:\/\/twitter.com\/EquipeFRA\/status\/1822321432052813827?ref_src=twsrc%5Etfw\">August 10, 2024<\/a><\/p><\/blockquote>\n<p><script async src=\"https:\/\/platform.twitter.com\/widgets.js\" charset=\"utf-8\"><\/script><\/p>\n","protected":false},"excerpt":{"rendered":"<p>Emmanuel Wanyonyi en or, Gabriel Tual 6\u00e8me<\/p>\n","protected":false},"author":10,"featured_media":511412,"comment_status":"open","ping_status":"closed","sticky":false,"template":"","format":"standard","meta":{"_acf_changed":false,"_daextam_enable_autolinks":"1","footnotes":""},"categories":[2308,8436],"tags":[16878,24380,1506,19184,1504,12920,1004],"class_list":["post-511389","post","type-post","status-publish","format-standard","has-post-thumbnail","hentry","category-athletisme","category-jo-paris-2024","tag-breve","tag-gabriel-tual","tag-jeux-olympiques-2024","tag-jeux-olympiques-de-paris","tag-jo-2024","tag-jo-paris-2024","tag-paris-2024"],"acf":[],"yoast_head":"<!-- This site is optimized with the Yoast SEO Premium plugin v26.7 (Yoast SEO v26.7) - https:\/\/yoast.com\/wordpress\/plugins\/seo\/ -->\n<title>Athl\u00e9tisme JO 2024 : Emmanuel Wanyonyi en or sur 800 m, Gabriel Tual 6\u00e8me<\/title>\n<meta name=\"description\" content=\"Athl\u00e9tisme JO 2024 - Dans un 800m relev\u00e9, le Fran\u00e7ais Gabriel Tual prend la 6\u00e8me place.\" \/>\n<meta name=\"robots\" content=\"index, follow, max-snippet:-1, max-image-preview:large, max-video-preview:-1\" \/>\n<link rel=\"canonical\" href=\"https:\/\/dicodusport.fr\/blog\/athletisme-jo-2024-emmanuel-wanyonyi-en-or-sur-800-m-gabriel-tual-6eme\/\" \/>\n<meta property=\"og:locale\" content=\"fr_FR\" \/>\n<meta property=\"og:type\" content=\"article\" \/>\n<meta property=\"og:title\" content=\"Athl\u00e9tisme JO 2024 : Emmanuel Wanyonyi en or sur 800 m, Gabriel Tual 6\u00e8me\" \/>\n<meta property=\"og:description\" content=\"Athl\u00e9tisme JO 2024 - Dans un 800m relev\u00e9, le Fran\u00e7ais Gabriel Tual prend la 6\u00e8me place.\" \/>\n<meta property=\"og:url\" content=\"https:\/\/dicodusport.fr\/blog\/athletisme-jo-2024-emmanuel-wanyonyi-en-or-sur-800-m-gabriel-tual-6eme\/\" \/>\n<meta property=\"og:site_name\" content=\"Dicodusport\" \/>\n<meta property=\"article:publisher\" content=\"https:\/\/www.facebook.com\/dicodusport\" \/>\n<meta property=\"article:published_time\" content=\"2024-08-10T17:24:05+00:00\" \/>\n<meta property=\"article:modified_time\" content=\"2024-08-11T18:19:24+00:00\" \/>\n<meta property=\"og:image\" content=\"https:\/\/dicodusport.fr\/blog\/wp-content\/uploads\/2024\/08\/Athletisme-JO-2024-Emmanuel-Wanyonyi-en-or-Gabriel-Tual-6eme.png\" \/>\n\t<meta property=\"og:image:width\" content=\"1200\" \/>\n\t<meta property=\"og:image:height\" content=\"674\" \/>\n\t<meta property=\"og:image:type\" content=\"image\/png\" \/>\n<meta name=\"author\" content=\"Damien Meunier\" \/>\n<meta name=\"twitter:card\" content=\"summary_large_image\" \/>\n<meta name=\"twitter:title\" content=\"Athl\u00e9tisme JO 2024 : Emmanuel Wanyonyi en or sur 800 m, Gabriel Tual 6\u00e8me\" \/>\n<meta name=\"twitter:creator\" content=\"@https:\/\/x.com\/DamienMeunier69\" \/>\n<meta name=\"twitter:site\" content=\"@dicodusport\" \/>\n<script type=\"application\/ld+json\" class=\"yoast-schema-graph\">{\"@context\":\"https:\/\/schema.org\",\"@graph\":[{\"@type\":\"NewsArticle\",\"@id\":\"https:\/\/dicodusport.fr\/blog\/athletisme-jo-2024-emmanuel-wanyonyi-en-or-sur-800-m-gabriel-tual-6eme\/#article\",\"isPartOf\":{\"@id\":\"https:\/\/dicodusport.fr\/blog\/athletisme-jo-2024-emmanuel-wanyonyi-en-or-sur-800-m-gabriel-tual-6eme\/\"},\"author\":{\"name\":\"Damien Meunier\",\"@id\":\"https:\/\/dicodusport.fr\/blog\/#\/schema\/person\/7ce262eb34bbc1847cff5f60345d4735\"},\"headline\":\"Athl\u00e9tisme JO 2024 : Emmanuel Wanyonyi en or sur 800 m, Gabriel Tual 6\u00e8me\",\"datePublished\":\"2024-08-10T17:24:05+00:00\",\"dateModified\":\"2024-08-11T18:19:24+00:00\",\"mainEntityOfPage\":{\"@id\":\"https:\/\/dicodusport.fr\/blog\/athletisme-jo-2024-emmanuel-wanyonyi-en-or-sur-800-m-gabriel-tual-6eme\/\"},\"wordCount\":284,\"commentCount\":0,\"publisher\":{\"@id\":\"https:\/\/dicodusport.fr\/blog\/#organization\"},\"image\":{\"@id\":\"https:\/\/dicodusport.fr\/blog\/athletisme-jo-2024-emmanuel-wanyonyi-en-or-sur-800-m-gabriel-tual-6eme\/#primaryimage\"},\"thumbnailUrl\":\"https:\/\/dicodusport.fr\/blog\/wp-content\/uploads\/2024\/08\/Athletisme-JO-2024-Emmanuel-Wanyonyi-en-or-Gabriel-Tual-6eme.png\",\"keywords\":[\"br\u00e8ve\",\"Gabriel Tual\",\"Jeux olympiques 2024\",\"Jeux Olympiques de Paris\",\"JO 2024\",\"JO Paris 2024\",\"Paris 2024\"],\"articleSection\":[\"Athl\u00e9tisme\",\"JO Paris 2024\"],\"inLanguage\":\"fr-FR\",\"potentialAction\":[{\"@type\":\"CommentAction\",\"name\":\"Comment\",\"target\":[\"https:\/\/dicodusport.fr\/blog\/athletisme-jo-2024-emmanuel-wanyonyi-en-or-sur-800-m-gabriel-tual-6eme\/#respond\"]}],\"copyrightYear\":\"2024\",\"copyrightHolder\":{\"@id\":\"https:\/\/dicodusport.fr\/blog\/#organization\"}},{\"@type\":\"WebPage\",\"@id\":\"https:\/\/dicodusport.fr\/blog\/athletisme-jo-2024-emmanuel-wanyonyi-en-or-sur-800-m-gabriel-tual-6eme\/\",\"url\":\"https:\/\/dicodusport.fr\/blog\/athletisme-jo-2024-emmanuel-wanyonyi-en-or-sur-800-m-gabriel-tual-6eme\/\",\"name\":\"Athl\u00e9tisme JO 2024 : Emmanuel Wanyonyi en or sur 800 m, Gabriel Tual 6\u00e8me\",\"isPartOf\":{\"@id\":\"https:\/\/dicodusport.fr\/blog\/#website\"},\"primaryImageOfPage\":{\"@id\":\"https:\/\/dicodusport.fr\/blog\/athletisme-jo-2024-emmanuel-wanyonyi-en-or-sur-800-m-gabriel-tual-6eme\/#primaryimage\"},\"image\":{\"@id\":\"https:\/\/dicodusport.fr\/blog\/athletisme-jo-2024-emmanuel-wanyonyi-en-or-sur-800-m-gabriel-tual-6eme\/#primaryimage\"},\"thumbnailUrl\":\"https:\/\/dicodusport.fr\/blog\/wp-content\/uploads\/2024\/08\/Athletisme-JO-2024-Emmanuel-Wanyonyi-en-or-Gabriel-Tual-6eme.png\",\"datePublished\":\"2024-08-10T17:24:05+00:00\",\"dateModified\":\"2024-08-11T18:19:24+00:00\",\"description\":\"Athl\u00e9tisme JO 2024 - Dans un 800m relev\u00e9, le Fran\u00e7ais Gabriel Tual prend la 6\u00e8me place.\",\"breadcrumb\":{\"@id\":\"https:\/\/dicodusport.fr\/blog\/athletisme-jo-2024-emmanuel-wanyonyi-en-or-sur-800-m-gabriel-tual-6eme\/#breadcrumb\"},\"inLanguage\":\"fr-FR\",\"potentialAction\":[{\"@type\":\"ReadAction\",\"target\":[\"https:\/\/dicodusport.fr\/blog\/athletisme-jo-2024-emmanuel-wanyonyi-en-or-sur-800-m-gabriel-tual-6eme\/\"]}]},{\"@type\":\"ImageObject\",\"inLanguage\":\"fr-FR\",\"@id\":\"https:\/\/dicodusport.fr\/blog\/athletisme-jo-2024-emmanuel-wanyonyi-en-or-sur-800-m-gabriel-tual-6eme\/#primaryimage\",\"url\":\"https:\/\/dicodusport.fr\/blog\/wp-content\/uploads\/2024\/08\/Athletisme-JO-2024-Emmanuel-Wanyonyi-en-or-Gabriel-Tual-6eme.png\",\"contentUrl\":\"https:\/\/dicodusport.fr\/blog\/wp-content\/uploads\/2024\/08\/Athletisme-JO-2024-Emmanuel-Wanyonyi-en-or-Gabriel-Tual-6eme.png\",\"width\":1200,\"height\":674,\"caption\":\"Athl\u00e9tisme JO 2024 Emmanuel Wanyonyi en or, Gabriel Tual 6\u00e8me\"},{\"@type\":\"BreadcrumbList\",\"@id\":\"https:\/\/dicodusport.fr\/blog\/athletisme-jo-2024-emmanuel-wanyonyi-en-or-sur-800-m-gabriel-tual-6eme\/#breadcrumb\",\"itemListElement\":[{\"@type\":\"ListItem\",\"position\":1,\"name\":\"Accueil\",\"item\":\"https:\/\/dicodusport.fr\/blog\/\"},{\"@type\":\"ListItem\",\"position\":2,\"name\":\"Athl\u00e9tisme JO 2024 : Emmanuel Wanyonyi en or sur 800 m, Gabriel Tual 6\u00e8me\"}]},{\"@type\":\"WebSite\",\"@id\":\"https:\/\/dicodusport.fr\/blog\/#website\",\"url\":\"https:\/\/dicodusport.fr\/blog\/\",\"name\":\"Dicodusport\",\"description\":\"L&#039;encyclop\u00e9die de l&#039;actualit\u00e9 sportive\",\"publisher\":{\"@id\":\"https:\/\/dicodusport.fr\/blog\/#organization\"},\"potentialAction\":[{\"@type\":\"SearchAction\",\"target\":{\"@type\":\"EntryPoint\",\"urlTemplate\":\"https:\/\/dicodusport.fr\/blog\/?s={search_term_string}\"},\"query-input\":{\"@type\":\"PropertyValueSpecification\",\"valueRequired\":true,\"valueName\":\"search_term_string\"}}],\"inLanguage\":\"fr-FR\"},{\"@type\":\"NewsMediaOrganization\",\"@id\":\"https:\/\/dicodusport.fr\/blog\/#organization\",\"name\":\"Dicodusport\",\"url\":\"https:\/\/dicodusport.fr\/blog\/\",\"logo\":{\"@type\":\"ImageObject\",\"inLanguage\":\"fr-FR\",\"@id\":\"https:\/\/dicodusport.fr\/blog\/#\/schema\/logo\/image\/\",\"url\":\"https:\/\/dicodusport.fr\/blog\/wp-content\/uploads\/2020\/06\/cropped-LOGO-DICODUSPORT-2020-SANS-FOND-SANS-TEXTE.png\",\"contentUrl\":\"https:\/\/dicodusport.fr\/blog\/wp-content\/uploads\/2020\/06\/cropped-LOGO-DICODUSPORT-2020-SANS-FOND-SANS-TEXTE.png\",\"width\":512,\"height\":512,\"caption\":\"Dicodusport\"},\"image\":{\"@id\":\"https:\/\/dicodusport.fr\/blog\/#\/schema\/logo\/image\/\"},\"sameAs\":[\"https:\/\/www.facebook.com\/dicodusport\",\"https:\/\/x.com\/dicodusport\",\"https:\/\/www.instagram.com\/dicodusport\/\",\"https:\/\/www.youtube.com\/channel\/UC7V2KZ5sd3htJivAbA4ZG3w\"],\"description\":\"Dicodusport est l'encyclop\u00e9die de l'actualit\u00e9 sportive.\",\"email\":\"bonjour@dicodusport.fr\",\"legalName\":\"DICODUSPORT\",\"foundingDate\":\"2018-01-14\",\"vatID\":\"FR71834470973\",\"taxID\":\"83447097300043\",\"numberOfEmployees\":{\"@type\":\"QuantitativeValue\",\"minValue\":\"1\",\"maxValue\":\"10\"}},{\"@type\":\"Person\",\"@id\":\"https:\/\/dicodusport.fr\/blog\/#\/schema\/person\/7ce262eb34bbc1847cff5f60345d4735\",\"name\":\"Damien Meunier\",\"image\":{\"@type\":\"ImageObject\",\"inLanguage\":\"fr-FR\",\"@id\":\"https:\/\/dicodusport.fr\/blog\/#\/schema\/person\/image\/\",\"url\":\"https:\/\/secure.gravatar.com\/avatar\/dfe0549a73ac21bb20dfdf302b222ba2?s=96&d=wp_user_avatar&r=g\",\"contentUrl\":\"https:\/\/secure.gravatar.com\/avatar\/dfe0549a73ac21bb20dfdf302b222ba2?s=96&d=wp_user_avatar&r=g\",\"caption\":\"Damien Meunier\"},\"description\":\"Journaliste\/r\u00e9dacteur depuis d\u00e9cembre 2016 - Amateur professionnel de sport, d\u2019abord le football, j\u2019aurais pu en faire mon m\u00e9tier. Mais bon, vous savez les \u2026 non, pas les crois\u00e9s, ils vont bien eux. Juste un manque de talent, de technique et de niveau surtout. Mais cette passion est ancr\u00e9e en moi telle la pomme dans la tarte tatin. Le c\u00f4t\u00e9 suiveur\/supporter est \u00e9videmment important au quotidien, que ce soit un soir de juillet 1998 en banlieue lyonnaise ou de juillet 2018 \u00e0 Montr\u00e9al. Car oui, depuis ma France natale, j\u2019ai migr\u00e9 outre-Atlantique, au pays des caribous. L\u00e0, le football se joue \u00e0 la main et non au pied. Et surtout, la religion sportive est plut\u00f4t froide et se joue avec une crosse. Non, ce n\u2019est pas le curling ni le Lacrosse, encore que, mais le hockey sur glace. Une autre vision, une autre culture. On troque les crudit\u00e9s devant la t\u00e9l\u00e9 pour une poutine et on s\u2019installe avec notre chandail pour suivre cela. Et en moins de temps qu\u2019il ne faut pour le dire, ou la vitesse d\u2019un slap shot de McDavid ou un arr\u00eat de la mitaine de Price, j\u2019\u00e9cris sur de l\u2019actualit\u00e9 par ici mais aussi le sport f\u00e9minin, pas assez mis en avant.\",\"sameAs\":[\"https:\/\/x.com\/https:\/\/x.com\/DamienMeunier69\"],\"url\":\"https:\/\/dicodusport.fr\/blog\/author\/damien-m\/\"}]}<\/script>\n<!-- \/ Yoast SEO Premium plugin. -->","yoast_head_json":{"title":"Athl\u00e9tisme JO 2024 : Emmanuel Wanyonyi en or sur 800 m, Gabriel Tual 6\u00e8me","description":"Athl\u00e9tisme JO 2024 - Dans un 800m relev\u00e9, le Fran\u00e7ais Gabriel Tual prend la 6\u00e8me place.","robots":{"index":"index","follow":"follow","max-snippet":"max-snippet:-1","max-image-preview":"max-image-preview:large","max-video-preview":"max-video-preview:-1"},"canonical":"https:\/\/dicodusport.fr\/blog\/athletisme-jo-2024-emmanuel-wanyonyi-en-or-sur-800-m-gabriel-tual-6eme\/","og_locale":"fr_FR","og_type":"article","og_title":"Athl\u00e9tisme JO 2024 : Emmanuel Wanyonyi en or sur 800 m, Gabriel Tual 6\u00e8me","og_description":"Athl\u00e9tisme JO 2024 - Dans un 800m relev\u00e9, le Fran\u00e7ais Gabriel Tual prend la 6\u00e8me place.","og_url":"https:\/\/dicodusport.fr\/blog\/athletisme-jo-2024-emmanuel-wanyonyi-en-or-sur-800-m-gabriel-tual-6eme\/","og_site_name":"Dicodusport","article_publisher":"https:\/\/www.facebook.com\/dicodusport","article_published_time":"2024-08-10T17:24:05+00:00","article_modified_time":"2024-08-11T18:19:24+00:00","og_image":[{"width":1200,"height":674,"url":"https:\/\/dicodusport.fr\/blog\/wp-content\/uploads\/2024\/08\/Athletisme-JO-2024-Emmanuel-Wanyonyi-en-or-Gabriel-Tual-6eme.png","type":"image\/png"}],"author":"Damien Meunier","twitter_card":"summary_large_image","twitter_title":"Athl\u00e9tisme JO 2024 : Emmanuel Wanyonyi en or sur 800 m, Gabriel Tual 6\u00e8me","twitter_creator":"@https:\/\/x.com\/DamienMeunier69","twitter_site":"@dicodusport","schema":{"@context":"https:\/\/schema.org","@graph":[{"@type":"NewsArticle","@id":"https:\/\/dicodusport.fr\/blog\/athletisme-jo-2024-emmanuel-wanyonyi-en-or-sur-800-m-gabriel-tual-6eme\/#article","isPartOf":{"@id":"https:\/\/dicodusport.fr\/blog\/athletisme-jo-2024-emmanuel-wanyonyi-en-or-sur-800-m-gabriel-tual-6eme\/"},"author":{"name":"Damien Meunier","@id":"https:\/\/dicodusport.fr\/blog\/#\/schema\/person\/7ce262eb34bbc1847cff5f60345d4735"},"headline":"Athl\u00e9tisme JO 2024 : Emmanuel Wanyonyi en or sur 800 m, Gabriel Tual 6\u00e8me","datePublished":"2024-08-10T17:24:05+00:00","dateModified":"2024-08-11T18:19:24+00:00","mainEntityOfPage":{"@id":"https:\/\/dicodusport.fr\/blog\/athletisme-jo-2024-emmanuel-wanyonyi-en-or-sur-800-m-gabriel-tual-6eme\/"},"wordCount":284,"commentCount":0,"publisher":{"@id":"https:\/\/dicodusport.fr\/blog\/#organization"},"image":{"@id":"https:\/\/dicodusport.fr\/blog\/athletisme-jo-2024-emmanuel-wanyonyi-en-or-sur-800-m-gabriel-tual-6eme\/#primaryimage"},"thumbnailUrl":"https:\/\/dicodusport.fr\/blog\/wp-content\/uploads\/2024\/08\/Athletisme-JO-2024-Emmanuel-Wanyonyi-en-or-Gabriel-Tual-6eme.png","keywords":["br\u00e8ve","Gabriel Tual","Jeux olympiques 2024","Jeux Olympiques de Paris","JO 2024","JO Paris 2024","Paris 2024"],"articleSection":["Athl\u00e9tisme","JO Paris 2024"],"inLanguage":"fr-FR","potentialAction":[{"@type":"CommentAction","name":"Comment","target":["https:\/\/dicodusport.fr\/blog\/athletisme-jo-2024-emmanuel-wanyonyi-en-or-sur-800-m-gabriel-tual-6eme\/#respond"]}],"copyrightYear":"2024","copyrightHolder":{"@id":"https:\/\/dicodusport.fr\/blog\/#organization"}},{"@type":"WebPage","@id":"https:\/\/dicodusport.fr\/blog\/athletisme-jo-2024-emmanuel-wanyonyi-en-or-sur-800-m-gabriel-tual-6eme\/","url":"https:\/\/dicodusport.fr\/blog\/athletisme-jo-2024-emmanuel-wanyonyi-en-or-sur-800-m-gabriel-tual-6eme\/","name":"Athl\u00e9tisme JO 2024 : Emmanuel Wanyonyi en or sur 800 m, Gabriel Tual 6\u00e8me","isPartOf":{"@id":"https:\/\/dicodusport.fr\/blog\/#website"},"primaryImageOfPage":{"@id":"https:\/\/dicodusport.fr\/blog\/athletisme-jo-2024-emmanuel-wanyonyi-en-or-sur-800-m-gabriel-tual-6eme\/#primaryimage"},"image":{"@id":"https:\/\/dicodusport.fr\/blog\/athletisme-jo-2024-emmanuel-wanyonyi-en-or-sur-800-m-gabriel-tual-6eme\/#primaryimage"},"thumbnailUrl":"https:\/\/dicodusport.fr\/blog\/wp-content\/uploads\/2024\/08\/Athletisme-JO-2024-Emmanuel-Wanyonyi-en-or-Gabriel-Tual-6eme.png","datePublished":"2024-08-10T17:24:05+00:00","dateModified":"2024-08-11T18:19:24+00:00","description":"Athl\u00e9tisme JO 2024 - Dans un 800m relev\u00e9, le Fran\u00e7ais Gabriel Tual prend la 6\u00e8me place.","breadcrumb":{"@id":"https:\/\/dicodusport.fr\/blog\/athletisme-jo-2024-emmanuel-wanyonyi-en-or-sur-800-m-gabriel-tual-6eme\/#breadcrumb"},"inLanguage":"fr-FR","potentialAction":[{"@type":"ReadAction","target":["https:\/\/dicodusport.fr\/blog\/athletisme-jo-2024-emmanuel-wanyonyi-en-or-sur-800-m-gabriel-tual-6eme\/"]}]},{"@type":"ImageObject","inLanguage":"fr-FR","@id":"https:\/\/dicodusport.fr\/blog\/athletisme-jo-2024-emmanuel-wanyonyi-en-or-sur-800-m-gabriel-tual-6eme\/#primaryimage","url":"https:\/\/dicodusport.fr\/blog\/wp-content\/uploads\/2024\/08\/Athletisme-JO-2024-Emmanuel-Wanyonyi-en-or-Gabriel-Tual-6eme.png","contentUrl":"https:\/\/dicodusport.fr\/blog\/wp-content\/uploads\/2024\/08\/Athletisme-JO-2024-Emmanuel-Wanyonyi-en-or-Gabriel-Tual-6eme.png","width":1200,"height":674,"caption":"Athl\u00e9tisme JO 2024 Emmanuel Wanyonyi en or, Gabriel Tual 6\u00e8me"},{"@type":"BreadcrumbList","@id":"https:\/\/dicodusport.fr\/blog\/athletisme-jo-2024-emmanuel-wanyonyi-en-or-sur-800-m-gabriel-tual-6eme\/#breadcrumb","itemListElement":[{"@type":"ListItem","position":1,"name":"Accueil","item":"https:\/\/dicodusport.fr\/blog\/"},{"@type":"ListItem","position":2,"name":"Athl\u00e9tisme JO 2024 : Emmanuel Wanyonyi en or sur 800 m, Gabriel Tual 6\u00e8me"}]},{"@type":"WebSite","@id":"https:\/\/dicodusport.fr\/blog\/#website","url":"https:\/\/dicodusport.fr\/blog\/","name":"Dicodusport","description":"L&#039;encyclop\u00e9die de l&#039;actualit\u00e9 sportive","publisher":{"@id":"https:\/\/dicodusport.fr\/blog\/#organization"},"potentialAction":[{"@type":"SearchAction","target":{"@type":"EntryPoint","urlTemplate":"https:\/\/dicodusport.fr\/blog\/?s={search_term_string}"},"query-input":{"@type":"PropertyValueSpecification","valueRequired":true,"valueName":"search_term_string"}}],"inLanguage":"fr-FR"},{"@type":"NewsMediaOrganization","@id":"https:\/\/dicodusport.fr\/blog\/#organization","name":"Dicodusport","url":"https:\/\/dicodusport.fr\/blog\/","logo":{"@type":"ImageObject","inLanguage":"fr-FR","@id":"https:\/\/dicodusport.fr\/blog\/#\/schema\/logo\/image\/","url":"https:\/\/dicodusport.fr\/blog\/wp-content\/uploads\/2020\/06\/cropped-LOGO-DICODUSPORT-2020-SANS-FOND-SANS-TEXTE.png","contentUrl":"https:\/\/dicodusport.fr\/blog\/wp-content\/uploads\/2020\/06\/cropped-LOGO-DICODUSPORT-2020-SANS-FOND-SANS-TEXTE.png","width":512,"height":512,"caption":"Dicodusport"},"image":{"@id":"https:\/\/dicodusport.fr\/blog\/#\/schema\/logo\/image\/"},"sameAs":["https:\/\/www.facebook.com\/dicodusport","https:\/\/x.com\/dicodusport","https:\/\/www.instagram.com\/dicodusport\/","https:\/\/www.youtube.com\/channel\/UC7V2KZ5sd3htJivAbA4ZG3w"],"description":"Dicodusport est l'encyclop\u00e9die de l'actualit\u00e9 sportive.","email":"bonjour@dicodusport.fr","legalName":"DICODUSPORT","foundingDate":"2018-01-14","vatID":"FR71834470973","taxID":"83447097300043","numberOfEmployees":{"@type":"QuantitativeValue","minValue":"1","maxValue":"10"}},{"@type":"Person","@id":"https:\/\/dicodusport.fr\/blog\/#\/schema\/person\/7ce262eb34bbc1847cff5f60345d4735","name":"Damien Meunier","image":{"@type":"ImageObject","inLanguage":"fr-FR","@id":"https:\/\/dicodusport.fr\/blog\/#\/schema\/person\/image\/","url":"https:\/\/secure.gravatar.com\/avatar\/dfe0549a73ac21bb20dfdf302b222ba2?s=96&d=wp_user_avatar&r=g","contentUrl":"https:\/\/secure.gravatar.com\/avatar\/dfe0549a73ac21bb20dfdf302b222ba2?s=96&d=wp_user_avatar&r=g","caption":"Damien Meunier"},"description":"Journaliste\/r\u00e9dacteur depuis d\u00e9cembre 2016 - Amateur professionnel de sport, d\u2019abord le football, j\u2019aurais pu en faire mon m\u00e9tier. Mais bon, vous savez les \u2026 non, pas les crois\u00e9s, ils vont bien eux. Juste un manque de talent, de technique et de niveau surtout. Mais cette passion est ancr\u00e9e en moi telle la pomme dans la tarte tatin. Le c\u00f4t\u00e9 suiveur\/supporter est \u00e9videmment important au quotidien, que ce soit un soir de juillet 1998 en banlieue lyonnaise ou de juillet 2018 \u00e0 Montr\u00e9al. Car oui, depuis ma France natale, j\u2019ai migr\u00e9 outre-Atlantique, au pays des caribous. L\u00e0, le football se joue \u00e0 la main et non au pied. Et surtout, la religion sportive est plut\u00f4t froide et se joue avec une crosse. Non, ce n\u2019est pas le curling ni le Lacrosse, encore que, mais le hockey sur glace. Une autre vision, une autre culture. On troque les crudit\u00e9s devant la t\u00e9l\u00e9 pour une poutine et on s\u2019installe avec notre chandail pour suivre cela. Et en moins de temps qu\u2019il ne faut pour le dire, ou la vitesse d\u2019un slap shot de McDavid ou un arr\u00eat de la mitaine de Price, j\u2019\u00e9cris sur de l\u2019actualit\u00e9 par ici mais aussi le sport f\u00e9minin, pas assez mis en avant.","sameAs":["https:\/\/x.com\/https:\/\/x.com\/DamienMeunier69"],"url":"https:\/\/dicodusport.fr\/blog\/author\/damien-m\/"}]}},"_links":{"self":[{"href":"https:\/\/dicodusport.fr\/blog\/wp-json\/wp\/v2\/posts\/511389","targetHints":{"allow":["GET"]}}],"collection":[{"href":"https:\/\/dicodusport.fr\/blog\/wp-json\/wp\/v2\/posts"}],"about":[{"href":"https:\/\/dicodusport.fr\/blog\/wp-json\/wp\/v2\/types\/post"}],"author":[{"embeddable":true,"href":"https:\/\/dicodusport.fr\/blog\/wp-json\/wp\/v2\/users\/10"}],"replies":[{"embeddable":true,"href":"https:\/\/dicodusport.fr\/blog\/wp-json\/wp\/v2\/comments?post=511389"}],"version-history":[{"count":5,"href":"https:\/\/dicodusport.fr\/blog\/wp-json\/wp\/v2\/posts\/511389\/revisions"}],"predecessor-version":[{"id":511948,"href":"https:\/\/dicodusport.fr\/blog\/wp-json\/wp\/v2\/posts\/511389\/revisions\/511948"}],"wp:featuredmedia":[{"embeddable":true,"href":"https:\/\/dicodusport.fr\/blog\/wp-json\/wp\/v2\/media\/511412"}],"wp:attachment":[{"href":"https:\/\/dicodusport.fr\/blog\/wp-json\/wp\/v2\/media?parent=511389"}],"wp:term":[{"taxonomy":"category","embeddable":true,"href":"https:\/\/dicodusport.fr\/blog\/wp-json\/wp\/v2\/categories?post=511389"},{"taxonomy":"post_tag","embeddable":true,"href":"https:\/\/dicodusport.fr\/blog\/wp-json\/wp\/v2\/tags?post=511389"}],"curies":[{"name":"wp","href":"https:\/\/api.w.org\/{rel}","templated":true}]}}