{"id":51139,"date":"2019-10-11T09:58:16","date_gmt":"2019-10-11T07:58:16","guid":{"rendered":"http:\/\/dicodusport.fr\/blog\/?p=51139&#038;preview=true&#038;preview_id=51139"},"modified":"2019-10-11T09:58:16","modified_gmt":"2019-10-11T07:58:16","slug":"tfc-alain-casanova-a-demissionne-suite-a-des-menaces-de-mort","status":"publish","type":"post","link":"https:\/\/dicodusport.fr\/blog\/tfc-alain-casanova-a-demissionne-suite-a-des-menaces-de-mort\/","title":{"rendered":"TFC : Alain Casanova a d\u00e9missionn\u00e9 suite \u00e0 des menaces de mort"},"content":{"rendered":"<p style=\"text-align: justify;\"><em><b>Alain Casanova n&rsquo;est plus l&rsquo;entra\u00eeneur\u00a0de Toulouse : L&rsquo;\u00c9quipe nous apprend que c&rsquo;est de la volont\u00e9 de l&rsquo;homme et non du club.<\/b><\/em><\/p>\n<p style=\"text-align: justify;\">Le d\u00e9sormais ancien coach de <strong>Toulouse<\/strong> a d\u00e9cid\u00e9 de d\u00e9missionner ce jeudi, apr\u00e8s avoir re\u00e7u des menaces de mort sur les r\u00e9seaux sociaux. Le <strong>TFC<\/strong> a \u00e9paul\u00e9 Alain Casanova en transmettant des informations sur ces menaces, qui ont permis l&rsquo;arrestation et la mise en garde \u00e0 vue d&rsquo;une personne jeudi. Pour expliquer son d\u00e9part au groupe, le technicien a simplement dit :<\/p>\n<blockquote>\n<p style=\"text-align: justify;\"><em>\u00ab Je ne peux pas assumer mes responsabilit\u00e9s, mon travail dans de bonnes conditions.\u00a0\u00bb<\/em><\/p>\n<\/blockquote>\n<p style=\"text-align: justify;\"><strong>Denis Zanko<\/strong>, directeur technique du centre de formation, assurera l&rsquo;int\u00e9rim alors que le nom d&rsquo;<strong>Antoine Kombouar\u00e9<\/strong> est dans les tuyaux pour prendre les commandes du TFC.<\/p>\n<p style=\"text-align: justify;\"><strong><em>Dicodusport<br \/>\n<a href=\"https:\/\/www.facebook.com\/dicodusport\/\" target=\"_blank\" rel=\"noopener\"><img loading=\"lazy\" decoding=\"async\" class=\"alignnone wp-image-2909\" src=\"http:\/\/dicodusport.fr\/blog\/wp-content\/uploads\/2017\/07\/logo-facebook-150x150.png\" alt=\"\" width=\"40\" height=\"40\" \/><\/a><a href=\"https:\/\/twitter.com\/dicodusport\" target=\"_blank\" rel=\"noopener\"><img loading=\"lazy\" decoding=\"async\" class=\"alignnone wp-image-2908\" src=\"http:\/\/dicodusport.fr\/blog\/wp-content\/uploads\/2017\/07\/logo-twitter-150x150.png\" alt=\"\" width=\"39\" height=\"39\" \/><\/a><\/em><\/strong><\/p>\n<p style=\"text-align: justify;\">\n","protected":false},"excerpt":{"rendered":"<p>Alain Casanova n&rsquo;est plus l&rsquo;entra\u00eeneur\u00a0de Toulouse : L&rsquo;\u00c9quipe nous apprend que c&rsquo;est de la volont\u00e9 de l&rsquo;homme et non du club.<\/p>\n","protected":false},"author":1,"featured_media":51157,"comment_status":"open","ping_status":"closed","sticky":false,"template":"","format":"standard","meta":{"_acf_changed":false,"_daextam_enable_autolinks":"","footnotes":""},"categories":[2301],"tags":[75,7039,463],"class_list":["post-51139","post","type-post","status-publish","format-standard","has-post-thumbnail","hentry","category-football","tag-football","tag-tfc","tag-toulouse"],"acf":[],"yoast_head":"<!-- This site is optimized with the Yoast SEO Premium plugin v26.7 (Yoast SEO v26.7) - https:\/\/yoast.com\/wordpress\/plugins\/seo\/ -->\n<title>TFC : Alain Casanova a d\u00e9missionn\u00e9 suite \u00e0 des menaces de mort<\/title>\n<meta name=\"description\" content=\"Alain Casanova n&#039;est plus l&#039;entra\u00eeneur\u00a0de Toulouse : L&#039;\u00c9quipe nous apprend que c&#039;est de la volont\u00e9 de l&#039;homme et non du club.\" \/>\n<meta name=\"robots\" content=\"index, follow, max-snippet:-1, max-image-preview:large, max-video-preview:-1\" \/>\n<link rel=\"canonical\" href=\"https:\/\/dicodusport.fr\/blog\/tfc-alain-casanova-a-demissionne-suite-a-des-menaces-de-mort\/\" \/>\n<meta property=\"og:locale\" content=\"fr_FR\" \/>\n<meta property=\"og:type\" content=\"article\" \/>\n<meta property=\"og:title\" content=\"TFC : Alain Casanova a d\u00e9missionn\u00e9 suite \u00e0 des menaces de mort\" \/>\n<meta property=\"og:description\" content=\"Alain Casanova n&#039;est plus l&#039;entra\u00eeneur\u00a0de Toulouse : L&#039;\u00c9quipe nous apprend que c&#039;est de la volont\u00e9 de l&#039;homme et non du club.\" \/>\n<meta property=\"og:url\" content=\"https:\/\/dicodusport.fr\/blog\/tfc-alain-casanova-a-demissionne-suite-a-des-menaces-de-mort\/\" \/>\n<meta property=\"og:site_name\" content=\"Dicodusport\" \/>\n<meta property=\"article:publisher\" content=\"https:\/\/www.facebook.com\/dicodusport\" \/>\n<meta property=\"article:author\" content=\"https:\/\/www.facebook.com\/dicodusport\" \/>\n<meta property=\"article:published_time\" content=\"2019-10-11T07:58:16+00:00\" \/>\n<meta property=\"og:image\" content=\"https:\/\/dicodusport.fr\/blog\/wp-content\/uploads\/2019\/10\/TFC-Alain-Casanova-a-d\u00e9missionn\u00e9-suite-\u00e0-des-menaces-de-mort.png\" \/>\n\t<meta property=\"og:image:width\" content=\"800\" \/>\n\t<meta property=\"og:image:height\" content=\"445\" \/>\n\t<meta property=\"og:image:type\" content=\"image\/png\" \/>\n<meta name=\"author\" content=\"Nicolas Jacquemard\" \/>\n<meta name=\"twitter:card\" content=\"summary_large_image\" \/>\n<meta name=\"twitter:title\" content=\"TFC : Alain Casanova a d\u00e9missionn\u00e9 suite \u00e0 des menaces de mort\" \/>\n<meta name=\"twitter:creator\" content=\"@https:\/\/twitter.com\/Nico_Jacquemard\" \/>\n<meta name=\"twitter:site\" content=\"@dicodusport\" \/>\n<script type=\"application\/ld+json\" class=\"yoast-schema-graph\">{\"@context\":\"https:\/\/schema.org\",\"@graph\":[{\"@type\":\"NewsArticle\",\"@id\":\"https:\/\/dicodusport.fr\/blog\/tfc-alain-casanova-a-demissionne-suite-a-des-menaces-de-mort\/#article\",\"isPartOf\":{\"@id\":\"https:\/\/dicodusport.fr\/blog\/tfc-alain-casanova-a-demissionne-suite-a-des-menaces-de-mort\/\"},\"author\":{\"name\":\"Nicolas Jacquemard\",\"@id\":\"https:\/\/dicodusport.fr\/blog\/#\/schema\/person\/55dcb50ad410894e431ed812bbb70191\"},\"headline\":\"TFC : Alain Casanova a d\u00e9missionn\u00e9 suite \u00e0 des menaces de mort\",\"datePublished\":\"2019-10-11T07:58:16+00:00\",\"mainEntityOfPage\":{\"@id\":\"https:\/\/dicodusport.fr\/blog\/tfc-alain-casanova-a-demissionne-suite-a-des-menaces-de-mort\/\"},\"wordCount\":151,\"commentCount\":0,\"publisher\":{\"@id\":\"https:\/\/dicodusport.fr\/blog\/#organization\"},\"image\":{\"@id\":\"https:\/\/dicodusport.fr\/blog\/tfc-alain-casanova-a-demissionne-suite-a-des-menaces-de-mort\/#primaryimage\"},\"thumbnailUrl\":\"https:\/\/dicodusport.fr\/blog\/wp-content\/uploads\/2019\/10\/TFC-Alain-Casanova-a-d\u00e9missionn\u00e9-suite-\u00e0-des-menaces-de-mort.png\",\"keywords\":[\"Football\",\"TFC\",\"Toulouse\"],\"articleSection\":[\"Football\"],\"inLanguage\":\"fr-FR\",\"potentialAction\":[{\"@type\":\"CommentAction\",\"name\":\"Comment\",\"target\":[\"https:\/\/dicodusport.fr\/blog\/tfc-alain-casanova-a-demissionne-suite-a-des-menaces-de-mort\/#respond\"]}],\"copyrightYear\":\"2019\",\"copyrightHolder\":{\"@id\":\"https:\/\/dicodusport.fr\/blog\/#organization\"}},{\"@type\":\"WebPage\",\"@id\":\"https:\/\/dicodusport.fr\/blog\/tfc-alain-casanova-a-demissionne-suite-a-des-menaces-de-mort\/\",\"url\":\"https:\/\/dicodusport.fr\/blog\/tfc-alain-casanova-a-demissionne-suite-a-des-menaces-de-mort\/\",\"name\":\"TFC : Alain Casanova a d\u00e9missionn\u00e9 suite \u00e0 des menaces de mort\",\"isPartOf\":{\"@id\":\"https:\/\/dicodusport.fr\/blog\/#website\"},\"primaryImageOfPage\":{\"@id\":\"https:\/\/dicodusport.fr\/blog\/tfc-alain-casanova-a-demissionne-suite-a-des-menaces-de-mort\/#primaryimage\"},\"image\":{\"@id\":\"https:\/\/dicodusport.fr\/blog\/tfc-alain-casanova-a-demissionne-suite-a-des-menaces-de-mort\/#primaryimage\"},\"thumbnailUrl\":\"https:\/\/dicodusport.fr\/blog\/wp-content\/uploads\/2019\/10\/TFC-Alain-Casanova-a-d\u00e9missionn\u00e9-suite-\u00e0-des-menaces-de-mort.png\",\"datePublished\":\"2019-10-11T07:58:16+00:00\",\"description\":\"Alain Casanova n'est plus l'entra\u00eeneur\u00a0de Toulouse : L'\u00c9quipe nous apprend que c'est de la volont\u00e9 de l'homme et non du club.\",\"breadcrumb\":{\"@id\":\"https:\/\/dicodusport.fr\/blog\/tfc-alain-casanova-a-demissionne-suite-a-des-menaces-de-mort\/#breadcrumb\"},\"inLanguage\":\"fr-FR\",\"potentialAction\":[{\"@type\":\"ReadAction\",\"target\":[\"https:\/\/dicodusport.fr\/blog\/tfc-alain-casanova-a-demissionne-suite-a-des-menaces-de-mort\/\"]}]},{\"@type\":\"ImageObject\",\"inLanguage\":\"fr-FR\",\"@id\":\"https:\/\/dicodusport.fr\/blog\/tfc-alain-casanova-a-demissionne-suite-a-des-menaces-de-mort\/#primaryimage\",\"url\":\"https:\/\/dicodusport.fr\/blog\/wp-content\/uploads\/2019\/10\/TFC-Alain-Casanova-a-d\u00e9missionn\u00e9-suite-\u00e0-des-menaces-de-mort.png\",\"contentUrl\":\"https:\/\/dicodusport.fr\/blog\/wp-content\/uploads\/2019\/10\/TFC-Alain-Casanova-a-d\u00e9missionn\u00e9-suite-\u00e0-des-menaces-de-mort.png\",\"width\":800,\"height\":445},{\"@type\":\"BreadcrumbList\",\"@id\":\"https:\/\/dicodusport.fr\/blog\/tfc-alain-casanova-a-demissionne-suite-a-des-menaces-de-mort\/#breadcrumb\",\"itemListElement\":[{\"@type\":\"ListItem\",\"position\":1,\"name\":\"Accueil\",\"item\":\"https:\/\/dicodusport.fr\/blog\/\"},{\"@type\":\"ListItem\",\"position\":2,\"name\":\"TFC : Alain Casanova a d\u00e9missionn\u00e9 suite \u00e0 des menaces de mort\"}]},{\"@type\":\"WebSite\",\"@id\":\"https:\/\/dicodusport.fr\/blog\/#website\",\"url\":\"https:\/\/dicodusport.fr\/blog\/\",\"name\":\"Dicodusport\",\"description\":\"L&#039;encyclop\u00e9die de l&#039;actualit\u00e9 sportive\",\"publisher\":{\"@id\":\"https:\/\/dicodusport.fr\/blog\/#organization\"},\"potentialAction\":[{\"@type\":\"SearchAction\",\"target\":{\"@type\":\"EntryPoint\",\"urlTemplate\":\"https:\/\/dicodusport.fr\/blog\/?s={search_term_string}\"},\"query-input\":{\"@type\":\"PropertyValueSpecification\",\"valueRequired\":true,\"valueName\":\"search_term_string\"}}],\"inLanguage\":\"fr-FR\"},{\"@type\":\"NewsMediaOrganization\",\"@id\":\"https:\/\/dicodusport.fr\/blog\/#organization\",\"name\":\"Dicodusport\",\"url\":\"https:\/\/dicodusport.fr\/blog\/\",\"logo\":{\"@type\":\"ImageObject\",\"inLanguage\":\"fr-FR\",\"@id\":\"https:\/\/dicodusport.fr\/blog\/#\/schema\/logo\/image\/\",\"url\":\"https:\/\/dicodusport.fr\/blog\/wp-content\/uploads\/2020\/06\/cropped-LOGO-DICODUSPORT-2020-SANS-FOND-SANS-TEXTE.png\",\"contentUrl\":\"https:\/\/dicodusport.fr\/blog\/wp-content\/uploads\/2020\/06\/cropped-LOGO-DICODUSPORT-2020-SANS-FOND-SANS-TEXTE.png\",\"width\":512,\"height\":512,\"caption\":\"Dicodusport\"},\"image\":{\"@id\":\"https:\/\/dicodusport.fr\/blog\/#\/schema\/logo\/image\/\"},\"sameAs\":[\"https:\/\/www.facebook.com\/dicodusport\",\"https:\/\/x.com\/dicodusport\",\"https:\/\/www.instagram.com\/dicodusport\/\",\"https:\/\/www.youtube.com\/channel\/UC7V2KZ5sd3htJivAbA4ZG3w\"],\"description\":\"Dicodusport est l'encyclop\u00e9die de l'actualit\u00e9 sportive.\",\"email\":\"bonjour@dicodusport.fr\",\"legalName\":\"DICODUSPORT\",\"foundingDate\":\"2018-01-14\",\"vatID\":\"FR71834470973\",\"taxID\":\"83447097300043\",\"numberOfEmployees\":{\"@type\":\"QuantitativeValue\",\"minValue\":\"1\",\"maxValue\":\"10\"}},{\"@type\":\"Person\",\"@id\":\"https:\/\/dicodusport.fr\/blog\/#\/schema\/person\/55dcb50ad410894e431ed812bbb70191\",\"name\":\"Nicolas Jacquemard\",\"image\":{\"@type\":\"ImageObject\",\"inLanguage\":\"fr-FR\",\"@id\":\"https:\/\/dicodusport.fr\/blog\/#\/schema\/person\/image\/\",\"url\":\"https:\/\/dicodusport.fr\/blog\/wp-content\/uploads\/2021\/05\/Nicolas-Jacquemard-150x150.jpeg\",\"contentUrl\":\"https:\/\/dicodusport.fr\/blog\/wp-content\/uploads\/2021\/05\/Nicolas-Jacquemard-150x150.jpeg\",\"caption\":\"Nicolas Jacquemard\"},\"description\":\"Passionn\u00e9 de sport et entrepreneur depuis mes 18 ans, la cr\u00e9ation de Dicodusport m'a sembl\u00e9 \u00e9vidente pour participer \u00e0 la m\u00e9diatisation d'un plus grand nombre de sports. Le chemin est long mais avec une \u00e9quipe des plus motiv\u00e9es et les Jeux Olympiques de Paris 2024 en point de mire, nous y arriverons ! Journaliste dans le monde du sport depuis plus de 5 ans, je traite aussi bien de football, de rugby, de biathlon que de cyclisme.\",\"sameAs\":[\"https:\/\/www.facebook.com\/dicodusport\",\"https:\/\/x.com\/https:\/\/twitter.com\/Nico_Jacquemard\"],\"url\":\"https:\/\/dicodusport.fr\/blog\/author\/dicodusport\/\"}]}<\/script>\n<!-- \/ Yoast SEO Premium plugin. -->","yoast_head_json":{"title":"TFC : Alain Casanova a d\u00e9missionn\u00e9 suite \u00e0 des menaces de mort","description":"Alain Casanova n'est plus l'entra\u00eeneur\u00a0de Toulouse : L'\u00c9quipe nous apprend que c'est de la volont\u00e9 de l'homme et non du club.","robots":{"index":"index","follow":"follow","max-snippet":"max-snippet:-1","max-image-preview":"max-image-preview:large","max-video-preview":"max-video-preview:-1"},"canonical":"https:\/\/dicodusport.fr\/blog\/tfc-alain-casanova-a-demissionne-suite-a-des-menaces-de-mort\/","og_locale":"fr_FR","og_type":"article","og_title":"TFC : Alain Casanova a d\u00e9missionn\u00e9 suite \u00e0 des menaces de mort","og_description":"Alain Casanova n'est plus l'entra\u00eeneur\u00a0de Toulouse : L'\u00c9quipe nous apprend que c'est de la volont\u00e9 de l'homme et non du club.","og_url":"https:\/\/dicodusport.fr\/blog\/tfc-alain-casanova-a-demissionne-suite-a-des-menaces-de-mort\/","og_site_name":"Dicodusport","article_publisher":"https:\/\/www.facebook.com\/dicodusport","article_author":"https:\/\/www.facebook.com\/dicodusport","article_published_time":"2019-10-11T07:58:16+00:00","og_image":[{"width":800,"height":445,"url":"https:\/\/dicodusport.fr\/blog\/wp-content\/uploads\/2019\/10\/TFC-Alain-Casanova-a-d\u00e9missionn\u00e9-suite-\u00e0-des-menaces-de-mort.png","type":"image\/png"}],"author":"Nicolas Jacquemard","twitter_card":"summary_large_image","twitter_title":"TFC : Alain Casanova a d\u00e9missionn\u00e9 suite \u00e0 des menaces de mort","twitter_creator":"@https:\/\/twitter.com\/Nico_Jacquemard","twitter_site":"@dicodusport","schema":{"@context":"https:\/\/schema.org","@graph":[{"@type":"NewsArticle","@id":"https:\/\/dicodusport.fr\/blog\/tfc-alain-casanova-a-demissionne-suite-a-des-menaces-de-mort\/#article","isPartOf":{"@id":"https:\/\/dicodusport.fr\/blog\/tfc-alain-casanova-a-demissionne-suite-a-des-menaces-de-mort\/"},"author":{"name":"Nicolas Jacquemard","@id":"https:\/\/dicodusport.fr\/blog\/#\/schema\/person\/55dcb50ad410894e431ed812bbb70191"},"headline":"TFC : Alain Casanova a d\u00e9missionn\u00e9 suite \u00e0 des menaces de mort","datePublished":"2019-10-11T07:58:16+00:00","mainEntityOfPage":{"@id":"https:\/\/dicodusport.fr\/blog\/tfc-alain-casanova-a-demissionne-suite-a-des-menaces-de-mort\/"},"wordCount":151,"commentCount":0,"publisher":{"@id":"https:\/\/dicodusport.fr\/blog\/#organization"},"image":{"@id":"https:\/\/dicodusport.fr\/blog\/tfc-alain-casanova-a-demissionne-suite-a-des-menaces-de-mort\/#primaryimage"},"thumbnailUrl":"https:\/\/dicodusport.fr\/blog\/wp-content\/uploads\/2019\/10\/TFC-Alain-Casanova-a-d\u00e9missionn\u00e9-suite-\u00e0-des-menaces-de-mort.png","keywords":["Football","TFC","Toulouse"],"articleSection":["Football"],"inLanguage":"fr-FR","potentialAction":[{"@type":"CommentAction","name":"Comment","target":["https:\/\/dicodusport.fr\/blog\/tfc-alain-casanova-a-demissionne-suite-a-des-menaces-de-mort\/#respond"]}],"copyrightYear":"2019","copyrightHolder":{"@id":"https:\/\/dicodusport.fr\/blog\/#organization"}},{"@type":"WebPage","@id":"https:\/\/dicodusport.fr\/blog\/tfc-alain-casanova-a-demissionne-suite-a-des-menaces-de-mort\/","url":"https:\/\/dicodusport.fr\/blog\/tfc-alain-casanova-a-demissionne-suite-a-des-menaces-de-mort\/","name":"TFC : Alain Casanova a d\u00e9missionn\u00e9 suite \u00e0 des menaces de mort","isPartOf":{"@id":"https:\/\/dicodusport.fr\/blog\/#website"},"primaryImageOfPage":{"@id":"https:\/\/dicodusport.fr\/blog\/tfc-alain-casanova-a-demissionne-suite-a-des-menaces-de-mort\/#primaryimage"},"image":{"@id":"https:\/\/dicodusport.fr\/blog\/tfc-alain-casanova-a-demissionne-suite-a-des-menaces-de-mort\/#primaryimage"},"thumbnailUrl":"https:\/\/dicodusport.fr\/blog\/wp-content\/uploads\/2019\/10\/TFC-Alain-Casanova-a-d\u00e9missionn\u00e9-suite-\u00e0-des-menaces-de-mort.png","datePublished":"2019-10-11T07:58:16+00:00","description":"Alain Casanova n'est plus l'entra\u00eeneur\u00a0de Toulouse : L'\u00c9quipe nous apprend que c'est de la volont\u00e9 de l'homme et non du club.","breadcrumb":{"@id":"https:\/\/dicodusport.fr\/blog\/tfc-alain-casanova-a-demissionne-suite-a-des-menaces-de-mort\/#breadcrumb"},"inLanguage":"fr-FR","potentialAction":[{"@type":"ReadAction","target":["https:\/\/dicodusport.fr\/blog\/tfc-alain-casanova-a-demissionne-suite-a-des-menaces-de-mort\/"]}]},{"@type":"ImageObject","inLanguage":"fr-FR","@id":"https:\/\/dicodusport.fr\/blog\/tfc-alain-casanova-a-demissionne-suite-a-des-menaces-de-mort\/#primaryimage","url":"https:\/\/dicodusport.fr\/blog\/wp-content\/uploads\/2019\/10\/TFC-Alain-Casanova-a-d\u00e9missionn\u00e9-suite-\u00e0-des-menaces-de-mort.png","contentUrl":"https:\/\/dicodusport.fr\/blog\/wp-content\/uploads\/2019\/10\/TFC-Alain-Casanova-a-d\u00e9missionn\u00e9-suite-\u00e0-des-menaces-de-mort.png","width":800,"height":445},{"@type":"BreadcrumbList","@id":"https:\/\/dicodusport.fr\/blog\/tfc-alain-casanova-a-demissionne-suite-a-des-menaces-de-mort\/#breadcrumb","itemListElement":[{"@type":"ListItem","position":1,"name":"Accueil","item":"https:\/\/dicodusport.fr\/blog\/"},{"@type":"ListItem","position":2,"name":"TFC : Alain Casanova a d\u00e9missionn\u00e9 suite \u00e0 des menaces de mort"}]},{"@type":"WebSite","@id":"https:\/\/dicodusport.fr\/blog\/#website","url":"https:\/\/dicodusport.fr\/blog\/","name":"Dicodusport","description":"L&#039;encyclop\u00e9die de l&#039;actualit\u00e9 sportive","publisher":{"@id":"https:\/\/dicodusport.fr\/blog\/#organization"},"potentialAction":[{"@type":"SearchAction","target":{"@type":"EntryPoint","urlTemplate":"https:\/\/dicodusport.fr\/blog\/?s={search_term_string}"},"query-input":{"@type":"PropertyValueSpecification","valueRequired":true,"valueName":"search_term_string"}}],"inLanguage":"fr-FR"},{"@type":"NewsMediaOrganization","@id":"https:\/\/dicodusport.fr\/blog\/#organization","name":"Dicodusport","url":"https:\/\/dicodusport.fr\/blog\/","logo":{"@type":"ImageObject","inLanguage":"fr-FR","@id":"https:\/\/dicodusport.fr\/blog\/#\/schema\/logo\/image\/","url":"https:\/\/dicodusport.fr\/blog\/wp-content\/uploads\/2020\/06\/cropped-LOGO-DICODUSPORT-2020-SANS-FOND-SANS-TEXTE.png","contentUrl":"https:\/\/dicodusport.fr\/blog\/wp-content\/uploads\/2020\/06\/cropped-LOGO-DICODUSPORT-2020-SANS-FOND-SANS-TEXTE.png","width":512,"height":512,"caption":"Dicodusport"},"image":{"@id":"https:\/\/dicodusport.fr\/blog\/#\/schema\/logo\/image\/"},"sameAs":["https:\/\/www.facebook.com\/dicodusport","https:\/\/x.com\/dicodusport","https:\/\/www.instagram.com\/dicodusport\/","https:\/\/www.youtube.com\/channel\/UC7V2KZ5sd3htJivAbA4ZG3w"],"description":"Dicodusport est l'encyclop\u00e9die de l'actualit\u00e9 sportive.","email":"bonjour@dicodusport.fr","legalName":"DICODUSPORT","foundingDate":"2018-01-14","vatID":"FR71834470973","taxID":"83447097300043","numberOfEmployees":{"@type":"QuantitativeValue","minValue":"1","maxValue":"10"}},{"@type":"Person","@id":"https:\/\/dicodusport.fr\/blog\/#\/schema\/person\/55dcb50ad410894e431ed812bbb70191","name":"Nicolas Jacquemard","image":{"@type":"ImageObject","inLanguage":"fr-FR","@id":"https:\/\/dicodusport.fr\/blog\/#\/schema\/person\/image\/","url":"https:\/\/dicodusport.fr\/blog\/wp-content\/uploads\/2021\/05\/Nicolas-Jacquemard-150x150.jpeg","contentUrl":"https:\/\/dicodusport.fr\/blog\/wp-content\/uploads\/2021\/05\/Nicolas-Jacquemard-150x150.jpeg","caption":"Nicolas Jacquemard"},"description":"Passionn\u00e9 de sport et entrepreneur depuis mes 18 ans, la cr\u00e9ation de Dicodusport m'a sembl\u00e9 \u00e9vidente pour participer \u00e0 la m\u00e9diatisation d'un plus grand nombre de sports. Le chemin est long mais avec une \u00e9quipe des plus motiv\u00e9es et les Jeux Olympiques de Paris 2024 en point de mire, nous y arriverons ! Journaliste dans le monde du sport depuis plus de 5 ans, je traite aussi bien de football, de rugby, de biathlon que de cyclisme.","sameAs":["https:\/\/www.facebook.com\/dicodusport","https:\/\/x.com\/https:\/\/twitter.com\/Nico_Jacquemard"],"url":"https:\/\/dicodusport.fr\/blog\/author\/dicodusport\/"}]}},"_links":{"self":[{"href":"https:\/\/dicodusport.fr\/blog\/wp-json\/wp\/v2\/posts\/51139","targetHints":{"allow":["GET"]}}],"collection":[{"href":"https:\/\/dicodusport.fr\/blog\/wp-json\/wp\/v2\/posts"}],"about":[{"href":"https:\/\/dicodusport.fr\/blog\/wp-json\/wp\/v2\/types\/post"}],"author":[{"embeddable":true,"href":"https:\/\/dicodusport.fr\/blog\/wp-json\/wp\/v2\/users\/1"}],"replies":[{"embeddable":true,"href":"https:\/\/dicodusport.fr\/blog\/wp-json\/wp\/v2\/comments?post=51139"}],"version-history":[{"count":0,"href":"https:\/\/dicodusport.fr\/blog\/wp-json\/wp\/v2\/posts\/51139\/revisions"}],"wp:featuredmedia":[{"embeddable":true,"href":"https:\/\/dicodusport.fr\/blog\/wp-json\/wp\/v2\/media\/51157"}],"wp:attachment":[{"href":"https:\/\/dicodusport.fr\/blog\/wp-json\/wp\/v2\/media?parent=51139"}],"wp:term":[{"taxonomy":"category","embeddable":true,"href":"https:\/\/dicodusport.fr\/blog\/wp-json\/wp\/v2\/categories?post=51139"},{"taxonomy":"post_tag","embeddable":true,"href":"https:\/\/dicodusport.fr\/blog\/wp-json\/wp\/v2\/tags?post=51139"}],"curies":[{"name":"wp","href":"https:\/\/api.w.org\/{rel}","templated":true}]}}