{"id":511814,"date":"2024-08-11T17:44:09","date_gmt":"2024-08-11T15:44:09","guid":{"rendered":"https:\/\/dicodusport.fr\/blog\/?p=511814&#038;preview=true&#038;preview_id=511814"},"modified":"2024-08-11T17:44:09","modified_gmt":"2024-08-11T15:44:09","slug":"polynormande-2024-paul-lapeira-simpose-en-patron","status":"publish","type":"post","link":"https:\/\/dicodusport.fr\/blog\/polynormande-2024-paul-lapeira-simpose-en-patron\/","title":{"rendered":"Polynormande 2024 : Paul Lapeira s&rsquo;impose en patron"},"content":{"rendered":"<p style=\"text-align: justify;\"><em><strong>POLYNORMANDE 2024 \u2013 Quelques semaines apr\u00e8s son sacre national sur ce circuit normand, le Normand Paul Lapeira (Decathlon AG2r La Mondiale) a remport\u00e9 la 44e \u00e9dition de la Polynormande, 14e manche de la Coupe de France, \u00e0 Saint-Martin-de-Landelles, dimanche. Il a devanc\u00e9 Pascal Eenkhoorn (Lotto Dstny) et Brieuc Rolland (Groupama-FDJ).<br \/>\n<\/strong><\/em><\/p>\n<ul style=\"text-align: justify;\">\n<li style=\"text-align: justify;\"><strong>\u00c0 ce sujet &#8211; <a href=\"https:\/\/dicodusport.fr\/blog\/classement-la-polynormande-2024\/\">Polynormande 2024 : Le classement<\/a><\/strong><\/li>\n<\/ul>\n<p style=\"text-align: justify;\">D&rsquo;abord, 10 coureurs ont form\u00e9 l&rsquo;\u00e9chapp\u00e9e du jour : <strong>Pascal Eenkhoorn, Liam Slock<\/strong> (Lotto Dstny), le champion de France <strong>Paul Lapeira<\/strong> (Decathlon AG2r La Mondiale), <strong>Brieuc Rolland<\/strong> (Groupama-FDJ), <strong>Anthony Delaplace, Mathys Le Berre<\/strong> (Arkea B&amp;B H\u00f4tels), <strong>Joris Delbove<\/strong> (StMichel Auber 93), <strong>Maximilien Julliard<\/strong> (Van Rysel Roubaix Lille M\u00e9trpole), <strong>Jean Louis Le Ny<\/strong> (Nice M\u00e9tropole) et<strong> Pierre-Henry Basset<\/strong> (CIC U Nantes Atlantique). Au sein du peloton, deux \u00e9quipes ont men\u00e9 la poursuite avec la TotalEnergies et la Cofidis avec un retard au maximum de plus de 2 minutes.<\/p>\n<p style=\"text-align: justify;\">Sur le circuit vallonn\u00e9 de 12,5 kilom\u00e8tres \u00e0 faire \u00e0 11 reprises, <strong>Joris Delbove<\/strong> (St-Michel Auber 93) a \u00e9t\u00e9 distanc\u00e9 de l&rsquo;\u00e9chapp\u00e9e \u00e0 45 kilom\u00e8tres du terme. Alors, l&rsquo;\u00e9quipe St-Michel Auber 93 s&rsquo;est port\u00e9e \u00e0 l&rsquo;avant du peloton pour r\u00e9duire un \u00e9cart qui \u00e9tait encore d&rsquo;une minute 50 \u00e0 35 kilom\u00e8tres de l&rsquo;arriv\u00e9e. Puis, c&rsquo;\u00e9tait au tour de <strong>Maximilien Julliard<\/strong> (Van Rysel Roubaix Lille M\u00e9tropole) de prendre le contact avec les hommes de t\u00eate, \u00e0 34 kilom\u00e8tres de l&rsquo;arriv\u00e9e. Van Rysel Roubaix Lille M\u00e9tropole a amen\u00e9 des hommes pour aider dans la poursuite, mais l&rsquo;\u00e9cart a pein\u00e9 \u00e0 se r\u00e9duire.<\/p>\n<ul>\n<li style=\"text-align: justify;\"><strong>\u00c0 ce sujet \u2013\u00a0<a href=\"https:\/\/dicodusport.fr\/blog\/cyclisme-calendrier-et-resultats-coupe-de-france-2024\/\">R\u00e9sultats et calendrier Coupe de France de cyclisme 2024<\/a><\/strong><\/li>\n<li style=\"text-align: justify;\"><strong>\u00c0 ce sujet \u2013\u00a0<a href=\"https:\/\/dicodusport.fr\/blog\/cyclisme-classement-general-coupe-de-france-2024\/\">Cyclisme Coupe de France 2024 \u2013 Classement g\u00e9n\u00e9ral<\/a><\/strong><\/li>\n<\/ul>\n<h2 style=\"text-align: justify;\">Paul Lapeira, encore<\/h2>\n<p style=\"text-align: justify;\">Par la suite, n&rsquo;ayant plus d&rsquo;\u00e9quipier pour rouler \u00e0 l&rsquo;avant du peloton, <strong>Axel Zingle<\/strong> (Cofidis) a tent\u00e9 le tout pour le tour avec une puissante attaque \u00e0 20 kilom\u00e8tres du terme. Il a \u00e9t\u00e9 suivi par <strong>Alexandre Delettre<\/strong> (StMichel Auber 93) et par <strong>Matis Louvel<\/strong> (Arkea B&amp;B H\u00f4tels). Mais, <strong>Brent Van Mort<\/strong> et <strong>Mathijs Paaschens<\/strong> (Lotto Dstny) sont revenus sur le groupe de t\u00eate afin de g\u00eaner la collaboration.<\/p>\n<p style=\"text-align: justify;\">Ensuite, \u00e0 d\u00e9but du dernier tour, <strong>Jean-Louis Le Ny<\/strong> (Nice M\u00e9tropole) et<strong> Pierre-Henry Basset<\/strong> (CIC U Nantes Atlantique) ont \u00e9t\u00e9 l\u00e2ch\u00e9s du groupe de t\u00eate. Pascal Eenkhoorn (Lotto Dstny), le champion de France <strong>Paul Lapeira<\/strong> (Decathlon AG2r La Mondiale), Brieuc Rolland (Groupama-FDJ) ont l\u00e2ch\u00e9 leurs derniers compagnons de fugue dans une bosse \u00e0 sept kilom\u00e8tres de l&rsquo;arriv\u00e9e. Finalement, tout en ma\u00eetrise,<strong> Paul Lapeira<\/strong> (Decathlon AG2r La Mondiale) a neutralis\u00e9 les offensives du jeune <strong>Brieuc Rolland<\/strong> (Groupama-FDJ) avant de battre au sprint <strong>Pascal Eenkhoorn<\/strong> (Lotto Dstny).<\/p>\n<blockquote class=\"twitter-tweet\">\n<p dir=\"ltr\" lang=\"fr\">Doubl\u00e9 historique ! Le champion de France <a href=\"https:\/\/twitter.com\/PaulLapeira?ref_src=twsrc%5Etfw\">@PaulLapeira<\/a> remporte la Polynormande devant son public, deux mois apr\u00e8s le maillot tricolore <a href=\"https:\/\/t.co\/KRNjuWQjj4\">pic.twitter.com\/KRNjuWQjj4<\/a><\/p>\n<p>\u2014 France Bleu Cotentin (@fbleucotentin) <a href=\"https:\/\/twitter.com\/fbleucotentin\/status\/1822655531942883764?ref_src=twsrc%5Etfw\">August 11, 2024<\/a><\/p><\/blockquote>\n<p><script async src=\"https:\/\/platform.twitter.com\/widgets.js\" charset=\"utf-8\"><\/script><\/p>\n","protected":false},"excerpt":{"rendered":"<p>Paul Lapeira s&rsquo;impose en patron<\/p>\n","protected":false},"author":48,"featured_media":511910,"comment_status":"open","ping_status":"closed","sticky":false,"template":"","format":"standard","meta":{"_acf_changed":false,"_daextam_enable_autolinks":"1","footnotes":""},"categories":[46994],"tags":[32415,16878],"class_list":["post-511814","post","type-post","status-publish","format-standard","has-post-thumbnail","hentry","category-cyclisme-sur-route","tag-actu","tag-breve"],"acf":[],"yoast_head":"<!-- This site is optimized with the Yoast SEO Premium plugin v26.7 (Yoast SEO v26.7) - https:\/\/yoast.com\/wordpress\/plugins\/seo\/ -->\n<title>Polynormande 2024 : Paul Lapeira s&#039;impose en patron<\/title>\n<meta name=\"description\" content=\"POLYNORMANDE 2024 \u2013 Paul Lapeira (Decathlon AG2r La Mondiale) a remport\u00e9 la 44e \u00e9dition de la Polynormande.\" \/>\n<meta name=\"robots\" content=\"index, follow, max-snippet:-1, max-image-preview:large, max-video-preview:-1\" \/>\n<link rel=\"canonical\" href=\"https:\/\/dicodusport.fr\/blog\/polynormande-2024-paul-lapeira-simpose-en-patron\/\" \/>\n<meta property=\"og:locale\" content=\"fr_FR\" \/>\n<meta property=\"og:type\" content=\"article\" \/>\n<meta property=\"og:title\" content=\"Polynormande 2024 : Paul Lapeira s&#039;impose en patron\" \/>\n<meta property=\"og:description\" content=\"POLYNORMANDE 2024 \u2013 Paul Lapeira (Decathlon AG2r La Mondiale) a remport\u00e9 la 44e \u00e9dition de la Polynormande.\" \/>\n<meta property=\"og:url\" content=\"https:\/\/dicodusport.fr\/blog\/polynormande-2024-paul-lapeira-simpose-en-patron\/\" \/>\n<meta property=\"og:site_name\" content=\"Dicodusport\" \/>\n<meta property=\"article:publisher\" content=\"https:\/\/www.facebook.com\/dicodusport\" \/>\n<meta property=\"article:author\" content=\"https:\/\/www.facebook.com\/groups\/LesRoisDuPeloton\" \/>\n<meta property=\"article:published_time\" content=\"2024-08-11T15:44:09+00:00\" \/>\n<meta property=\"og:image\" content=\"https:\/\/dicodusport.fr\/blog\/wp-content\/uploads\/2024\/08\/Polynormande-2024-Paul-Lapeira-simpose-en-patron.png\" \/>\n\t<meta property=\"og:image:width\" content=\"1200\" \/>\n\t<meta property=\"og:image:height\" content=\"674\" \/>\n\t<meta property=\"og:image:type\" content=\"image\/png\" \/>\n<meta name=\"author\" content=\"Emilien Descampiaux\" \/>\n<meta name=\"twitter:card\" content=\"summary_large_image\" \/>\n<meta name=\"twitter:title\" content=\"Polynormande 2024 : Paul Lapeira s&#039;impose en patron\" \/>\n<meta name=\"twitter:creator\" content=\"@https:\/\/twitter.com\/LRoisDuPeloton\" \/>\n<meta name=\"twitter:site\" content=\"@dicodusport\" \/>\n<script type=\"application\/ld+json\" class=\"yoast-schema-graph\">{\"@context\":\"https:\/\/schema.org\",\"@graph\":[{\"@type\":\"NewsArticle\",\"@id\":\"https:\/\/dicodusport.fr\/blog\/polynormande-2024-paul-lapeira-simpose-en-patron\/#article\",\"isPartOf\":{\"@id\":\"https:\/\/dicodusport.fr\/blog\/polynormande-2024-paul-lapeira-simpose-en-patron\/\"},\"author\":{\"name\":\"Emilien Descampiaux\",\"@id\":\"https:\/\/dicodusport.fr\/blog\/#\/schema\/person\/6db4bae06b171592211be385b32876a7\"},\"headline\":\"Polynormande 2024 : Paul Lapeira s&rsquo;impose en patron\",\"datePublished\":\"2024-08-11T15:44:09+00:00\",\"mainEntityOfPage\":{\"@id\":\"https:\/\/dicodusport.fr\/blog\/polynormande-2024-paul-lapeira-simpose-en-patron\/\"},\"wordCount\":483,\"commentCount\":0,\"publisher\":{\"@id\":\"https:\/\/dicodusport.fr\/blog\/#organization\"},\"image\":{\"@id\":\"https:\/\/dicodusport.fr\/blog\/polynormande-2024-paul-lapeira-simpose-en-patron\/#primaryimage\"},\"thumbnailUrl\":\"https:\/\/dicodusport.fr\/blog\/wp-content\/uploads\/2024\/08\/Polynormande-2024-Paul-Lapeira-simpose-en-patron.png\",\"keywords\":[\"actu\",\"br\u00e8ve\"],\"articleSection\":[\"Cyclisme sur route\"],\"inLanguage\":\"fr-FR\",\"potentialAction\":[{\"@type\":\"CommentAction\",\"name\":\"Comment\",\"target\":[\"https:\/\/dicodusport.fr\/blog\/polynormande-2024-paul-lapeira-simpose-en-patron\/#respond\"]}],\"copyrightYear\":\"2024\",\"copyrightHolder\":{\"@id\":\"https:\/\/dicodusport.fr\/blog\/#organization\"}},{\"@type\":\"WebPage\",\"@id\":\"https:\/\/dicodusport.fr\/blog\/polynormande-2024-paul-lapeira-simpose-en-patron\/\",\"url\":\"https:\/\/dicodusport.fr\/blog\/polynormande-2024-paul-lapeira-simpose-en-patron\/\",\"name\":\"Polynormande 2024 : Paul Lapeira s'impose en patron\",\"isPartOf\":{\"@id\":\"https:\/\/dicodusport.fr\/blog\/#website\"},\"primaryImageOfPage\":{\"@id\":\"https:\/\/dicodusport.fr\/blog\/polynormande-2024-paul-lapeira-simpose-en-patron\/#primaryimage\"},\"image\":{\"@id\":\"https:\/\/dicodusport.fr\/blog\/polynormande-2024-paul-lapeira-simpose-en-patron\/#primaryimage\"},\"thumbnailUrl\":\"https:\/\/dicodusport.fr\/blog\/wp-content\/uploads\/2024\/08\/Polynormande-2024-Paul-Lapeira-simpose-en-patron.png\",\"datePublished\":\"2024-08-11T15:44:09+00:00\",\"description\":\"POLYNORMANDE 2024 \u2013 Paul Lapeira (Decathlon AG2r La Mondiale) a remport\u00e9 la 44e \u00e9dition de la Polynormande.\",\"breadcrumb\":{\"@id\":\"https:\/\/dicodusport.fr\/blog\/polynormande-2024-paul-lapeira-simpose-en-patron\/#breadcrumb\"},\"inLanguage\":\"fr-FR\",\"potentialAction\":[{\"@type\":\"ReadAction\",\"target\":[\"https:\/\/dicodusport.fr\/blog\/polynormande-2024-paul-lapeira-simpose-en-patron\/\"]}]},{\"@type\":\"ImageObject\",\"inLanguage\":\"fr-FR\",\"@id\":\"https:\/\/dicodusport.fr\/blog\/polynormande-2024-paul-lapeira-simpose-en-patron\/#primaryimage\",\"url\":\"https:\/\/dicodusport.fr\/blog\/wp-content\/uploads\/2024\/08\/Polynormande-2024-Paul-Lapeira-simpose-en-patron.png\",\"contentUrl\":\"https:\/\/dicodusport.fr\/blog\/wp-content\/uploads\/2024\/08\/Polynormande-2024-Paul-Lapeira-simpose-en-patron.png\",\"width\":1200,\"height\":674,\"caption\":\"Polynormande 2024 Paul Lapeira s'impose en patron\"},{\"@type\":\"BreadcrumbList\",\"@id\":\"https:\/\/dicodusport.fr\/blog\/polynormande-2024-paul-lapeira-simpose-en-patron\/#breadcrumb\",\"itemListElement\":[{\"@type\":\"ListItem\",\"position\":1,\"name\":\"Accueil\",\"item\":\"https:\/\/dicodusport.fr\/blog\/\"},{\"@type\":\"ListItem\",\"position\":2,\"name\":\"Polynormande 2024 : Paul Lapeira s&#8217;impose en patron\"}]},{\"@type\":\"WebSite\",\"@id\":\"https:\/\/dicodusport.fr\/blog\/#website\",\"url\":\"https:\/\/dicodusport.fr\/blog\/\",\"name\":\"Dicodusport\",\"description\":\"L&#039;encyclop\u00e9die de l&#039;actualit\u00e9 sportive\",\"publisher\":{\"@id\":\"https:\/\/dicodusport.fr\/blog\/#organization\"},\"potentialAction\":[{\"@type\":\"SearchAction\",\"target\":{\"@type\":\"EntryPoint\",\"urlTemplate\":\"https:\/\/dicodusport.fr\/blog\/?s={search_term_string}\"},\"query-input\":{\"@type\":\"PropertyValueSpecification\",\"valueRequired\":true,\"valueName\":\"search_term_string\"}}],\"inLanguage\":\"fr-FR\"},{\"@type\":\"NewsMediaOrganization\",\"@id\":\"https:\/\/dicodusport.fr\/blog\/#organization\",\"name\":\"Dicodusport\",\"url\":\"https:\/\/dicodusport.fr\/blog\/\",\"logo\":{\"@type\":\"ImageObject\",\"inLanguage\":\"fr-FR\",\"@id\":\"https:\/\/dicodusport.fr\/blog\/#\/schema\/logo\/image\/\",\"url\":\"https:\/\/dicodusport.fr\/blog\/wp-content\/uploads\/2020\/06\/cropped-LOGO-DICODUSPORT-2020-SANS-FOND-SANS-TEXTE.png\",\"contentUrl\":\"https:\/\/dicodusport.fr\/blog\/wp-content\/uploads\/2020\/06\/cropped-LOGO-DICODUSPORT-2020-SANS-FOND-SANS-TEXTE.png\",\"width\":512,\"height\":512,\"caption\":\"Dicodusport\"},\"image\":{\"@id\":\"https:\/\/dicodusport.fr\/blog\/#\/schema\/logo\/image\/\"},\"sameAs\":[\"https:\/\/www.facebook.com\/dicodusport\",\"https:\/\/x.com\/dicodusport\",\"https:\/\/www.instagram.com\/dicodusport\/\",\"https:\/\/www.youtube.com\/channel\/UC7V2KZ5sd3htJivAbA4ZG3w\"],\"description\":\"Dicodusport est l'encyclop\u00e9die de l'actualit\u00e9 sportive.\",\"email\":\"bonjour@dicodusport.fr\",\"legalName\":\"DICODUSPORT\",\"foundingDate\":\"2018-01-14\",\"vatID\":\"FR71834470973\",\"taxID\":\"83447097300043\",\"numberOfEmployees\":{\"@type\":\"QuantitativeValue\",\"minValue\":\"1\",\"maxValue\":\"10\"}},{\"@type\":\"Person\",\"@id\":\"https:\/\/dicodusport.fr\/blog\/#\/schema\/person\/6db4bae06b171592211be385b32876a7\",\"name\":\"Emilien Descampiaux\",\"image\":{\"@type\":\"ImageObject\",\"inLanguage\":\"fr-FR\",\"@id\":\"https:\/\/dicodusport.fr\/blog\/#\/schema\/person\/image\/\",\"url\":\"https:\/\/dicodusport.fr\/blog\/wp-content\/uploads\/2021\/05\/Emilien-Descampiaux-150x150.jpg\",\"contentUrl\":\"https:\/\/dicodusport.fr\/blog\/wp-content\/uploads\/2021\/05\/Emilien-Descampiaux-150x150.jpg\",\"caption\":\"Emilien Descampiaux\"},\"description\":\"Journaliste\/r\u00e9dacteur depuis 2014 - Fan de la classe de Frank Vandenbroucke, je vis cyclisme (et de ses paysages) depuis plus de 20 ans. Je suis tr\u00e8s impliqu\u00e9 sur mes diff\u00e9rents r\u00e9seaux sociaux pour partager ma passion sur le monde et l'Histoire de la bicyclette avec ma voix sur les images en noir et blanc du succ\u00e8s de Rik Van Steenbergen lors du Ronde sur le V\u00e9lodrome de Gand.\",\"sameAs\":[\"https:\/\/www.facebook.com\/groups\/LesRoisDuPeloton\",\"https:\/\/x.com\/https:\/\/twitter.com\/LRoisDuPeloton\"],\"url\":\"https:\/\/dicodusport.fr\/blog\/author\/emiliend\/\"}]}<\/script>\n<!-- \/ Yoast SEO Premium plugin. -->","yoast_head_json":{"title":"Polynormande 2024 : Paul Lapeira s'impose en patron","description":"POLYNORMANDE 2024 \u2013 Paul Lapeira (Decathlon AG2r La Mondiale) a remport\u00e9 la 44e \u00e9dition de la Polynormande.","robots":{"index":"index","follow":"follow","max-snippet":"max-snippet:-1","max-image-preview":"max-image-preview:large","max-video-preview":"max-video-preview:-1"},"canonical":"https:\/\/dicodusport.fr\/blog\/polynormande-2024-paul-lapeira-simpose-en-patron\/","og_locale":"fr_FR","og_type":"article","og_title":"Polynormande 2024 : Paul Lapeira s'impose en patron","og_description":"POLYNORMANDE 2024 \u2013 Paul Lapeira (Decathlon AG2r La Mondiale) a remport\u00e9 la 44e \u00e9dition de la Polynormande.","og_url":"https:\/\/dicodusport.fr\/blog\/polynormande-2024-paul-lapeira-simpose-en-patron\/","og_site_name":"Dicodusport","article_publisher":"https:\/\/www.facebook.com\/dicodusport","article_author":"https:\/\/www.facebook.com\/groups\/LesRoisDuPeloton","article_published_time":"2024-08-11T15:44:09+00:00","og_image":[{"width":1200,"height":674,"url":"https:\/\/dicodusport.fr\/blog\/wp-content\/uploads\/2024\/08\/Polynormande-2024-Paul-Lapeira-simpose-en-patron.png","type":"image\/png"}],"author":"Emilien Descampiaux","twitter_card":"summary_large_image","twitter_title":"Polynormande 2024 : Paul Lapeira s'impose en patron","twitter_creator":"@https:\/\/twitter.com\/LRoisDuPeloton","twitter_site":"@dicodusport","schema":{"@context":"https:\/\/schema.org","@graph":[{"@type":"NewsArticle","@id":"https:\/\/dicodusport.fr\/blog\/polynormande-2024-paul-lapeira-simpose-en-patron\/#article","isPartOf":{"@id":"https:\/\/dicodusport.fr\/blog\/polynormande-2024-paul-lapeira-simpose-en-patron\/"},"author":{"name":"Emilien Descampiaux","@id":"https:\/\/dicodusport.fr\/blog\/#\/schema\/person\/6db4bae06b171592211be385b32876a7"},"headline":"Polynormande 2024 : Paul Lapeira s&rsquo;impose en patron","datePublished":"2024-08-11T15:44:09+00:00","mainEntityOfPage":{"@id":"https:\/\/dicodusport.fr\/blog\/polynormande-2024-paul-lapeira-simpose-en-patron\/"},"wordCount":483,"commentCount":0,"publisher":{"@id":"https:\/\/dicodusport.fr\/blog\/#organization"},"image":{"@id":"https:\/\/dicodusport.fr\/blog\/polynormande-2024-paul-lapeira-simpose-en-patron\/#primaryimage"},"thumbnailUrl":"https:\/\/dicodusport.fr\/blog\/wp-content\/uploads\/2024\/08\/Polynormande-2024-Paul-Lapeira-simpose-en-patron.png","keywords":["actu","br\u00e8ve"],"articleSection":["Cyclisme sur route"],"inLanguage":"fr-FR","potentialAction":[{"@type":"CommentAction","name":"Comment","target":["https:\/\/dicodusport.fr\/blog\/polynormande-2024-paul-lapeira-simpose-en-patron\/#respond"]}],"copyrightYear":"2024","copyrightHolder":{"@id":"https:\/\/dicodusport.fr\/blog\/#organization"}},{"@type":"WebPage","@id":"https:\/\/dicodusport.fr\/blog\/polynormande-2024-paul-lapeira-simpose-en-patron\/","url":"https:\/\/dicodusport.fr\/blog\/polynormande-2024-paul-lapeira-simpose-en-patron\/","name":"Polynormande 2024 : Paul Lapeira s'impose en patron","isPartOf":{"@id":"https:\/\/dicodusport.fr\/blog\/#website"},"primaryImageOfPage":{"@id":"https:\/\/dicodusport.fr\/blog\/polynormande-2024-paul-lapeira-simpose-en-patron\/#primaryimage"},"image":{"@id":"https:\/\/dicodusport.fr\/blog\/polynormande-2024-paul-lapeira-simpose-en-patron\/#primaryimage"},"thumbnailUrl":"https:\/\/dicodusport.fr\/blog\/wp-content\/uploads\/2024\/08\/Polynormande-2024-Paul-Lapeira-simpose-en-patron.png","datePublished":"2024-08-11T15:44:09+00:00","description":"POLYNORMANDE 2024 \u2013 Paul Lapeira (Decathlon AG2r La Mondiale) a remport\u00e9 la 44e \u00e9dition de la Polynormande.","breadcrumb":{"@id":"https:\/\/dicodusport.fr\/blog\/polynormande-2024-paul-lapeira-simpose-en-patron\/#breadcrumb"},"inLanguage":"fr-FR","potentialAction":[{"@type":"ReadAction","target":["https:\/\/dicodusport.fr\/blog\/polynormande-2024-paul-lapeira-simpose-en-patron\/"]}]},{"@type":"ImageObject","inLanguage":"fr-FR","@id":"https:\/\/dicodusport.fr\/blog\/polynormande-2024-paul-lapeira-simpose-en-patron\/#primaryimage","url":"https:\/\/dicodusport.fr\/blog\/wp-content\/uploads\/2024\/08\/Polynormande-2024-Paul-Lapeira-simpose-en-patron.png","contentUrl":"https:\/\/dicodusport.fr\/blog\/wp-content\/uploads\/2024\/08\/Polynormande-2024-Paul-Lapeira-simpose-en-patron.png","width":1200,"height":674,"caption":"Polynormande 2024 Paul Lapeira s'impose en patron"},{"@type":"BreadcrumbList","@id":"https:\/\/dicodusport.fr\/blog\/polynormande-2024-paul-lapeira-simpose-en-patron\/#breadcrumb","itemListElement":[{"@type":"ListItem","position":1,"name":"Accueil","item":"https:\/\/dicodusport.fr\/blog\/"},{"@type":"ListItem","position":2,"name":"Polynormande 2024 : Paul Lapeira s&#8217;impose en patron"}]},{"@type":"WebSite","@id":"https:\/\/dicodusport.fr\/blog\/#website","url":"https:\/\/dicodusport.fr\/blog\/","name":"Dicodusport","description":"L&#039;encyclop\u00e9die de l&#039;actualit\u00e9 sportive","publisher":{"@id":"https:\/\/dicodusport.fr\/blog\/#organization"},"potentialAction":[{"@type":"SearchAction","target":{"@type":"EntryPoint","urlTemplate":"https:\/\/dicodusport.fr\/blog\/?s={search_term_string}"},"query-input":{"@type":"PropertyValueSpecification","valueRequired":true,"valueName":"search_term_string"}}],"inLanguage":"fr-FR"},{"@type":"NewsMediaOrganization","@id":"https:\/\/dicodusport.fr\/blog\/#organization","name":"Dicodusport","url":"https:\/\/dicodusport.fr\/blog\/","logo":{"@type":"ImageObject","inLanguage":"fr-FR","@id":"https:\/\/dicodusport.fr\/blog\/#\/schema\/logo\/image\/","url":"https:\/\/dicodusport.fr\/blog\/wp-content\/uploads\/2020\/06\/cropped-LOGO-DICODUSPORT-2020-SANS-FOND-SANS-TEXTE.png","contentUrl":"https:\/\/dicodusport.fr\/blog\/wp-content\/uploads\/2020\/06\/cropped-LOGO-DICODUSPORT-2020-SANS-FOND-SANS-TEXTE.png","width":512,"height":512,"caption":"Dicodusport"},"image":{"@id":"https:\/\/dicodusport.fr\/blog\/#\/schema\/logo\/image\/"},"sameAs":["https:\/\/www.facebook.com\/dicodusport","https:\/\/x.com\/dicodusport","https:\/\/www.instagram.com\/dicodusport\/","https:\/\/www.youtube.com\/channel\/UC7V2KZ5sd3htJivAbA4ZG3w"],"description":"Dicodusport est l'encyclop\u00e9die de l'actualit\u00e9 sportive.","email":"bonjour@dicodusport.fr","legalName":"DICODUSPORT","foundingDate":"2018-01-14","vatID":"FR71834470973","taxID":"83447097300043","numberOfEmployees":{"@type":"QuantitativeValue","minValue":"1","maxValue":"10"}},{"@type":"Person","@id":"https:\/\/dicodusport.fr\/blog\/#\/schema\/person\/6db4bae06b171592211be385b32876a7","name":"Emilien Descampiaux","image":{"@type":"ImageObject","inLanguage":"fr-FR","@id":"https:\/\/dicodusport.fr\/blog\/#\/schema\/person\/image\/","url":"https:\/\/dicodusport.fr\/blog\/wp-content\/uploads\/2021\/05\/Emilien-Descampiaux-150x150.jpg","contentUrl":"https:\/\/dicodusport.fr\/blog\/wp-content\/uploads\/2021\/05\/Emilien-Descampiaux-150x150.jpg","caption":"Emilien Descampiaux"},"description":"Journaliste\/r\u00e9dacteur depuis 2014 - Fan de la classe de Frank Vandenbroucke, je vis cyclisme (et de ses paysages) depuis plus de 20 ans. Je suis tr\u00e8s impliqu\u00e9 sur mes diff\u00e9rents r\u00e9seaux sociaux pour partager ma passion sur le monde et l'Histoire de la bicyclette avec ma voix sur les images en noir et blanc du succ\u00e8s de Rik Van Steenbergen lors du Ronde sur le V\u00e9lodrome de Gand.","sameAs":["https:\/\/www.facebook.com\/groups\/LesRoisDuPeloton","https:\/\/x.com\/https:\/\/twitter.com\/LRoisDuPeloton"],"url":"https:\/\/dicodusport.fr\/blog\/author\/emiliend\/"}]}},"_links":{"self":[{"href":"https:\/\/dicodusport.fr\/blog\/wp-json\/wp\/v2\/posts\/511814","targetHints":{"allow":["GET"]}}],"collection":[{"href":"https:\/\/dicodusport.fr\/blog\/wp-json\/wp\/v2\/posts"}],"about":[{"href":"https:\/\/dicodusport.fr\/blog\/wp-json\/wp\/v2\/types\/post"}],"author":[{"embeddable":true,"href":"https:\/\/dicodusport.fr\/blog\/wp-json\/wp\/v2\/users\/48"}],"replies":[{"embeddable":true,"href":"https:\/\/dicodusport.fr\/blog\/wp-json\/wp\/v2\/comments?post=511814"}],"version-history":[{"count":4,"href":"https:\/\/dicodusport.fr\/blog\/wp-json\/wp\/v2\/posts\/511814\/revisions"}],"predecessor-version":[{"id":511912,"href":"https:\/\/dicodusport.fr\/blog\/wp-json\/wp\/v2\/posts\/511814\/revisions\/511912"}],"wp:featuredmedia":[{"embeddable":true,"href":"https:\/\/dicodusport.fr\/blog\/wp-json\/wp\/v2\/media\/511910"}],"wp:attachment":[{"href":"https:\/\/dicodusport.fr\/blog\/wp-json\/wp\/v2\/media?parent=511814"}],"wp:term":[{"taxonomy":"category","embeddable":true,"href":"https:\/\/dicodusport.fr\/blog\/wp-json\/wp\/v2\/categories?post=511814"},{"taxonomy":"post_tag","embeddable":true,"href":"https:\/\/dicodusport.fr\/blog\/wp-json\/wp\/v2\/tags?post=511814"}],"curies":[{"name":"wp","href":"https:\/\/api.w.org\/{rel}","templated":true}]}}