{"id":511993,"date":"2024-08-12T10:41:17","date_gmt":"2024-08-12T08:41:17","guid":{"rendered":"https:\/\/dicodusport.fr\/blog\/?p=511993&#038;preview=true&#038;preview_id=511993"},"modified":"2024-08-12T10:41:17","modified_gmt":"2024-08-12T08:41:17","slug":"vtt-descente-max-alran-et-juliano-lavergne-sacres-chez-les-jeunes-aux-championnats-deurope","status":"publish","type":"post","link":"https:\/\/dicodusport.fr\/blog\/vtt-descente-max-alran-et-juliano-lavergne-sacres-chez-les-jeunes-aux-championnats-deurope\/","title":{"rendered":"VTT Descente : Max Alran et Juliano Lavergne sacr\u00e9s chez les jeunes aux Championnats d&rsquo;Europe"},"content":{"rendered":"<p style=\"text-align: justify;\"><strong><em>CHAMPIONNATS D&rsquo;EUROPE DE VTT DESCENTE 2024 &#8211; Si les \u00e9lites n&rsquo;ont pu conqu\u00e9rir le titre, les jeunes se sont distingu\u00e9s en raflant deux fois l&rsquo;or en Suisse.<\/em><\/strong><\/p>\n<p style=\"text-align: justify;\"><strong>Max Alran<\/strong> est sans conteste la r\u00e9v\u00e9lation fran\u00e7aise du VTT descente cette saison. En cinq manches de Coupe du monde chez les juniors, il a rafl\u00e9 deux victoires, une deuxi\u00e8me place, et peut l\u00e9gitimement viser le classement g\u00e9n\u00e9ral, dans un duel sans merci avec l&rsquo;Am\u00e9ricain<strong> Asa Vermette<\/strong>. Ainsi, il \u00e9tait grand favori dans sa cat\u00e9gorie d&rsquo;\u00e2ge, et a domin\u00e9 la concurrence, \u00e9cartant de tr\u00e8s peu l&rsquo;Italien <strong>Christian Hauser<\/strong>, le seul \u00e0 avoir pu lui tenir t\u00eate. D\u00e9sormais en possession d&rsquo;un premier grand titre, le Fran\u00e7ais peut voir loin. Apr\u00e8s les succ\u00e8s de <strong>Kimi Viardot<\/strong> en 2022 et <strong>Nathan Pontvianne<\/strong> l&rsquo;an dernier, le titre juniors reste en France.<\/p>\n<p style=\"text-align: justify;\">Chez les U15, c&rsquo;est carr\u00e9ment un doubl\u00e9 fran\u00e7ais avec le sacre de <strong>Juliano Lavergne<\/strong> devant Quentin Barbe, renfor\u00e7ant le r\u00e9servoir fran\u00e7ais dans la discipline. Un \u00e9tat de fait confirm\u00e9 par la deuxi\u00e8me place de<strong> La\u00efs Bonnaure<\/strong> chez les U19, m\u00eame si cette derni\u00e8re a d\u00fb abandonner le titre acquis l&rsquo;an dernier. N\u00e9anmoins, malgr\u00e9 deux podiums, pas de titre chez les \u00e9lites, et chez les femmes, l&rsquo;or n&rsquo;a plus \u00e9t\u00e9 rafl\u00e9 depuis<strong> Emmeline Ragot<\/strong> en 2013.<\/p>\n<blockquote class=\"twitter-tweet\">\n<p dir=\"ltr\" lang=\"en\">Relive with our highlights the electrifying victory of Lisa Baumann \ud83c\udde8\ud83c\udded and Andreas Kolb \ud83c\udde6\ud83c\uddf9 at <a href=\"https:\/\/twitter.com\/hashtag\/EuroDHI24?src=hash&amp;ref_src=twsrc%5Etfw\">#EuroDHI24<\/a> in Champery! <a href=\"https:\/\/t.co\/7tAnPPJABa\">pic.twitter.com\/7tAnPPJABa<\/a><\/p>\n<p>\u2014 UEC_cycling (@UEC_cycling) <a href=\"https:\/\/twitter.com\/UEC_cycling\/status\/1822718605458358654?ref_src=twsrc%5Etfw\">August 11, 2024<\/a><\/p><\/blockquote>\n<p style=\"text-align: justify;\"><script async src=\"https:\/\/platform.twitter.com\/widgets.js\" charset=\"utf-8\"><\/script><\/p>\n<h2 style=\"text-align: justify;\">Les m\u00e9daill\u00e9s fran\u00e7ais<\/h2>\n<p style=\"text-align: justify;\">Or : Max Alran (U19), Juliano Lavergne (U15)<\/p>\n<p style=\"text-align: justify;\">Argent : La\u00efs Bonnaure (U19), Quentin Barbe (U15)<\/p>\n<p style=\"text-align: justify;\">Bronze : Lo\u00efc Martin (\u00c9lite), Marine Cabirou (\u00c9lite)<\/p>\n","protected":false},"excerpt":{"rendered":"<p>CHAMPIONNATS D&rsquo;EUROPE DE VTT DESCENTE 2024 &#8211; Si les \u00e9lites n&rsquo;ont pu conqu\u00e9rir le titre, les jeunes se sont distingu\u00e9s en raflant deux fois l&rsquo;or en Suisse.<\/p>\n","protected":false},"author":59,"featured_media":512012,"comment_status":"open","ping_status":"closed","sticky":false,"template":"","format":"standard","meta":{"_acf_changed":false,"_daextam_enable_autolinks":"1","footnotes":""},"categories":[10279],"tags":[16878,12350,10993,7768],"class_list":["post-511993","post","type-post","status-publish","format-standard","has-post-thumbnail","hentry","category-vtt","tag-breve","tag-coupe-du-monde-vtt-descente","tag-marine-cabirou","tag-vtt-descente"],"acf":[],"yoast_head":"<!-- This site is optimized with the Yoast SEO Premium plugin v26.7 (Yoast SEO v26.7) - https:\/\/yoast.com\/wordpress\/plugins\/seo\/ -->\n<title>VTT Descente : Max Alran et Juliano Lavergne sacr\u00e9s chez les jeunes aux Championnats d&#039;Europe<\/title>\n<meta name=\"description\" content=\"CHAMPIONNATS D&#039;EUROPE DE VTT DESCENTE 2024 - Si les \u00e9lites n&#039;ont pu conqu\u00e9rir le titre, les jeunes se sont distingu\u00e9s en raflant deux fois l&#039;or en Suisse.\" \/>\n<meta name=\"robots\" content=\"index, follow, max-snippet:-1, max-image-preview:large, max-video-preview:-1\" \/>\n<link rel=\"canonical\" href=\"https:\/\/dicodusport.fr\/blog\/vtt-descente-max-alran-et-juliano-lavergne-sacres-chez-les-jeunes-aux-championnats-deurope\/\" \/>\n<meta property=\"og:locale\" content=\"fr_FR\" \/>\n<meta property=\"og:type\" content=\"article\" \/>\n<meta property=\"og:title\" content=\"VTT Descente : Max Alran et Juliano Lavergne sacr\u00e9s chez les jeunes aux Championnats d&#039;Europe\" \/>\n<meta property=\"og:description\" content=\"CHAMPIONNATS D&#039;EUROPE DE VTT DESCENTE 2024 - Si les \u00e9lites n&#039;ont pu conqu\u00e9rir le titre, les jeunes se sont distingu\u00e9s en raflant deux fois l&#039;or en Suisse.\" \/>\n<meta property=\"og:url\" content=\"https:\/\/dicodusport.fr\/blog\/vtt-descente-max-alran-et-juliano-lavergne-sacres-chez-les-jeunes-aux-championnats-deurope\/\" \/>\n<meta property=\"og:site_name\" content=\"Dicodusport\" \/>\n<meta property=\"article:publisher\" content=\"https:\/\/www.facebook.com\/dicodusport\" \/>\n<meta property=\"article:author\" content=\"https:\/\/www.facebook.com\/sebastien.gente\/\" \/>\n<meta property=\"article:published_time\" content=\"2024-08-12T08:41:17+00:00\" \/>\n<meta property=\"og:image\" content=\"https:\/\/dicodusport.fr\/blog\/wp-content\/uploads\/2024\/08\/VTT-Descente-Max-Alran-et-Juliano-Lavergne-sacres-chez-les-jeunes-aux-Championnats-dEurope.png\" \/>\n\t<meta property=\"og:image:width\" content=\"1200\" \/>\n\t<meta property=\"og:image:height\" content=\"674\" \/>\n\t<meta property=\"og:image:type\" content=\"image\/png\" \/>\n<meta name=\"author\" content=\"S\u00e9bastien Gente\" \/>\n<meta name=\"twitter:card\" content=\"summary_large_image\" \/>\n<meta name=\"twitter:title\" content=\"VTT Descente : Max Alran et Juliano Lavergne sacr\u00e9s chez les jeunes aux Championnats d&#039;Europe\" \/>\n<meta name=\"twitter:creator\" content=\"@https:\/\/twitter.com\/globulo24\" \/>\n<meta name=\"twitter:site\" content=\"@dicodusport\" \/>\n<script type=\"application\/ld+json\" class=\"yoast-schema-graph\">{\"@context\":\"https:\/\/schema.org\",\"@graph\":[{\"@type\":\"NewsArticle\",\"@id\":\"https:\/\/dicodusport.fr\/blog\/vtt-descente-max-alran-et-juliano-lavergne-sacres-chez-les-jeunes-aux-championnats-deurope\/#article\",\"isPartOf\":{\"@id\":\"https:\/\/dicodusport.fr\/blog\/vtt-descente-max-alran-et-juliano-lavergne-sacres-chez-les-jeunes-aux-championnats-deurope\/\"},\"author\":{\"name\":\"S\u00e9bastien Gente\",\"@id\":\"https:\/\/dicodusport.fr\/blog\/#\/schema\/person\/627966a6cde45dbd8c5e36ac85d783da\"},\"headline\":\"VTT Descente : Max Alran et Juliano Lavergne sacr\u00e9s chez les jeunes aux Championnats d&rsquo;Europe\",\"datePublished\":\"2024-08-12T08:41:17+00:00\",\"mainEntityOfPage\":{\"@id\":\"https:\/\/dicodusport.fr\/blog\/vtt-descente-max-alran-et-juliano-lavergne-sacres-chez-les-jeunes-aux-championnats-deurope\/\"},\"wordCount\":315,\"commentCount\":0,\"publisher\":{\"@id\":\"https:\/\/dicodusport.fr\/blog\/#organization\"},\"image\":{\"@id\":\"https:\/\/dicodusport.fr\/blog\/vtt-descente-max-alran-et-juliano-lavergne-sacres-chez-les-jeunes-aux-championnats-deurope\/#primaryimage\"},\"thumbnailUrl\":\"https:\/\/dicodusport.fr\/blog\/wp-content\/uploads\/2024\/08\/VTT-Descente-Max-Alran-et-Juliano-Lavergne-sacres-chez-les-jeunes-aux-Championnats-dEurope.png\",\"keywords\":[\"br\u00e8ve\",\"Coupe du monde VTT Descente\",\"Marine Cabirou\",\"VTT Descente\"],\"articleSection\":[\"VTT\"],\"inLanguage\":\"fr-FR\",\"potentialAction\":[{\"@type\":\"CommentAction\",\"name\":\"Comment\",\"target\":[\"https:\/\/dicodusport.fr\/blog\/vtt-descente-max-alran-et-juliano-lavergne-sacres-chez-les-jeunes-aux-championnats-deurope\/#respond\"]}],\"copyrightYear\":\"2024\",\"copyrightHolder\":{\"@id\":\"https:\/\/dicodusport.fr\/blog\/#organization\"}},{\"@type\":\"WebPage\",\"@id\":\"https:\/\/dicodusport.fr\/blog\/vtt-descente-max-alran-et-juliano-lavergne-sacres-chez-les-jeunes-aux-championnats-deurope\/\",\"url\":\"https:\/\/dicodusport.fr\/blog\/vtt-descente-max-alran-et-juliano-lavergne-sacres-chez-les-jeunes-aux-championnats-deurope\/\",\"name\":\"VTT Descente : Max Alran et Juliano Lavergne sacr\u00e9s chez les jeunes aux Championnats d'Europe\",\"isPartOf\":{\"@id\":\"https:\/\/dicodusport.fr\/blog\/#website\"},\"primaryImageOfPage\":{\"@id\":\"https:\/\/dicodusport.fr\/blog\/vtt-descente-max-alran-et-juliano-lavergne-sacres-chez-les-jeunes-aux-championnats-deurope\/#primaryimage\"},\"image\":{\"@id\":\"https:\/\/dicodusport.fr\/blog\/vtt-descente-max-alran-et-juliano-lavergne-sacres-chez-les-jeunes-aux-championnats-deurope\/#primaryimage\"},\"thumbnailUrl\":\"https:\/\/dicodusport.fr\/blog\/wp-content\/uploads\/2024\/08\/VTT-Descente-Max-Alran-et-Juliano-Lavergne-sacres-chez-les-jeunes-aux-Championnats-dEurope.png\",\"datePublished\":\"2024-08-12T08:41:17+00:00\",\"description\":\"CHAMPIONNATS D'EUROPE DE VTT DESCENTE 2024 - Si les \u00e9lites n'ont pu conqu\u00e9rir le titre, les jeunes se sont distingu\u00e9s en raflant deux fois l'or en Suisse.\",\"breadcrumb\":{\"@id\":\"https:\/\/dicodusport.fr\/blog\/vtt-descente-max-alran-et-juliano-lavergne-sacres-chez-les-jeunes-aux-championnats-deurope\/#breadcrumb\"},\"inLanguage\":\"fr-FR\",\"potentialAction\":[{\"@type\":\"ReadAction\",\"target\":[\"https:\/\/dicodusport.fr\/blog\/vtt-descente-max-alran-et-juliano-lavergne-sacres-chez-les-jeunes-aux-championnats-deurope\/\"]}]},{\"@type\":\"ImageObject\",\"inLanguage\":\"fr-FR\",\"@id\":\"https:\/\/dicodusport.fr\/blog\/vtt-descente-max-alran-et-juliano-lavergne-sacres-chez-les-jeunes-aux-championnats-deurope\/#primaryimage\",\"url\":\"https:\/\/dicodusport.fr\/blog\/wp-content\/uploads\/2024\/08\/VTT-Descente-Max-Alran-et-Juliano-Lavergne-sacres-chez-les-jeunes-aux-Championnats-dEurope.png\",\"contentUrl\":\"https:\/\/dicodusport.fr\/blog\/wp-content\/uploads\/2024\/08\/VTT-Descente-Max-Alran-et-Juliano-Lavergne-sacres-chez-les-jeunes-aux-Championnats-dEurope.png\",\"width\":1200,\"height\":674,\"caption\":\"VTT Descente Max Alran et Juliano Lavergne sacr\u00e9s chez les jeunes aux Championnats d'Europe\"},{\"@type\":\"BreadcrumbList\",\"@id\":\"https:\/\/dicodusport.fr\/blog\/vtt-descente-max-alran-et-juliano-lavergne-sacres-chez-les-jeunes-aux-championnats-deurope\/#breadcrumb\",\"itemListElement\":[{\"@type\":\"ListItem\",\"position\":1,\"name\":\"Accueil\",\"item\":\"https:\/\/dicodusport.fr\/blog\/\"},{\"@type\":\"ListItem\",\"position\":2,\"name\":\"VTT Descente : Max Alran et Juliano Lavergne sacr\u00e9s chez les jeunes aux Championnats d&#8217;Europe\"}]},{\"@type\":\"WebSite\",\"@id\":\"https:\/\/dicodusport.fr\/blog\/#website\",\"url\":\"https:\/\/dicodusport.fr\/blog\/\",\"name\":\"Dicodusport\",\"description\":\"L&#039;encyclop\u00e9die de l&#039;actualit\u00e9 sportive\",\"publisher\":{\"@id\":\"https:\/\/dicodusport.fr\/blog\/#organization\"},\"potentialAction\":[{\"@type\":\"SearchAction\",\"target\":{\"@type\":\"EntryPoint\",\"urlTemplate\":\"https:\/\/dicodusport.fr\/blog\/?s={search_term_string}\"},\"query-input\":{\"@type\":\"PropertyValueSpecification\",\"valueRequired\":true,\"valueName\":\"search_term_string\"}}],\"inLanguage\":\"fr-FR\"},{\"@type\":\"NewsMediaOrganization\",\"@id\":\"https:\/\/dicodusport.fr\/blog\/#organization\",\"name\":\"Dicodusport\",\"url\":\"https:\/\/dicodusport.fr\/blog\/\",\"logo\":{\"@type\":\"ImageObject\",\"inLanguage\":\"fr-FR\",\"@id\":\"https:\/\/dicodusport.fr\/blog\/#\/schema\/logo\/image\/\",\"url\":\"https:\/\/dicodusport.fr\/blog\/wp-content\/uploads\/2020\/06\/cropped-LOGO-DICODUSPORT-2020-SANS-FOND-SANS-TEXTE.png\",\"contentUrl\":\"https:\/\/dicodusport.fr\/blog\/wp-content\/uploads\/2020\/06\/cropped-LOGO-DICODUSPORT-2020-SANS-FOND-SANS-TEXTE.png\",\"width\":512,\"height\":512,\"caption\":\"Dicodusport\"},\"image\":{\"@id\":\"https:\/\/dicodusport.fr\/blog\/#\/schema\/logo\/image\/\"},\"sameAs\":[\"https:\/\/www.facebook.com\/dicodusport\",\"https:\/\/x.com\/dicodusport\",\"https:\/\/www.instagram.com\/dicodusport\/\",\"https:\/\/www.youtube.com\/channel\/UC7V2KZ5sd3htJivAbA4ZG3w\"],\"description\":\"Dicodusport est l'encyclop\u00e9die de l'actualit\u00e9 sportive.\",\"email\":\"bonjour@dicodusport.fr\",\"legalName\":\"DICODUSPORT\",\"foundingDate\":\"2018-01-14\",\"vatID\":\"FR71834470973\",\"taxID\":\"83447097300043\",\"numberOfEmployees\":{\"@type\":\"QuantitativeValue\",\"minValue\":\"1\",\"maxValue\":\"10\"}},{\"@type\":\"Person\",\"@id\":\"https:\/\/dicodusport.fr\/blog\/#\/schema\/person\/627966a6cde45dbd8c5e36ac85d783da\",\"name\":\"S\u00e9bastien Gente\",\"image\":{\"@type\":\"ImageObject\",\"inLanguage\":\"fr-FR\",\"@id\":\"https:\/\/dicodusport.fr\/blog\/#\/schema\/person\/image\/\",\"url\":\"https:\/\/dicodusport.fr\/blog\/wp-content\/uploads\/2021\/09\/1510990_10205810251400683_4124423575079401707_n-150x150.jpg\",\"contentUrl\":\"https:\/\/dicodusport.fr\/blog\/wp-content\/uploads\/2021\/09\/1510990_10205810251400683_4124423575079401707_n-150x150.jpg\",\"caption\":\"S\u00e9bastien Gente\"},\"description\":\"John Stockton, Gianni Bugno, Zinedine Zidane, Steffi Graf, Frode Andresen, St\u00e9phane Stoecklin, Davis Kamoga, Primoz Peterka, Werner Schlager et Aur\u00e9lien Rougerie. Point commun entre ces sportifs? Ils m'ont fait r\u00eaver et ont berc\u00e9 mon adolescence. Je suis un fondu de sports et j'essaie de retranscrire ma passion \u00e0 travers mes articles. Originaire du P\u00e9rigord, ma passion pour les Girondins, les Jaunards et les Jazzmen transpire dans mes \u00e9crits. \u00c0 Dicodusport depuis 2021, je d\u00e9niche les sports m\u00e9connus dans lesquels la France brille, et il y en a !\",\"sameAs\":[\"https:\/\/www.facebook.com\/sebastien.gente\/\",\"https:\/\/www.instagram.com\/sebgente\/\",\"https:\/\/www.linkedin.com\/in\/sbastien-gente-a29583169\/\",\"https:\/\/x.com\/https:\/\/twitter.com\/globulo24\",\"SebastienGente\"],\"worksFor\":\"S\u00e9bastien GENTE\",\"url\":\"https:\/\/dicodusport.fr\/blog\/author\/sebastiengente\/\"}]}<\/script>\n<!-- \/ Yoast SEO Premium plugin. -->","yoast_head_json":{"title":"VTT Descente : Max Alran et Juliano Lavergne sacr\u00e9s chez les jeunes aux Championnats d'Europe","description":"CHAMPIONNATS D'EUROPE DE VTT DESCENTE 2024 - Si les \u00e9lites n'ont pu conqu\u00e9rir le titre, les jeunes se sont distingu\u00e9s en raflant deux fois l'or en Suisse.","robots":{"index":"index","follow":"follow","max-snippet":"max-snippet:-1","max-image-preview":"max-image-preview:large","max-video-preview":"max-video-preview:-1"},"canonical":"https:\/\/dicodusport.fr\/blog\/vtt-descente-max-alran-et-juliano-lavergne-sacres-chez-les-jeunes-aux-championnats-deurope\/","og_locale":"fr_FR","og_type":"article","og_title":"VTT Descente : Max Alran et Juliano Lavergne sacr\u00e9s chez les jeunes aux Championnats d'Europe","og_description":"CHAMPIONNATS D'EUROPE DE VTT DESCENTE 2024 - Si les \u00e9lites n'ont pu conqu\u00e9rir le titre, les jeunes se sont distingu\u00e9s en raflant deux fois l'or en Suisse.","og_url":"https:\/\/dicodusport.fr\/blog\/vtt-descente-max-alran-et-juliano-lavergne-sacres-chez-les-jeunes-aux-championnats-deurope\/","og_site_name":"Dicodusport","article_publisher":"https:\/\/www.facebook.com\/dicodusport","article_author":"https:\/\/www.facebook.com\/sebastien.gente\/","article_published_time":"2024-08-12T08:41:17+00:00","og_image":[{"width":1200,"height":674,"url":"https:\/\/dicodusport.fr\/blog\/wp-content\/uploads\/2024\/08\/VTT-Descente-Max-Alran-et-Juliano-Lavergne-sacres-chez-les-jeunes-aux-Championnats-dEurope.png","type":"image\/png"}],"author":"S\u00e9bastien Gente","twitter_card":"summary_large_image","twitter_title":"VTT Descente : Max Alran et Juliano Lavergne sacr\u00e9s chez les jeunes aux Championnats d'Europe","twitter_creator":"@https:\/\/twitter.com\/globulo24","twitter_site":"@dicodusport","schema":{"@context":"https:\/\/schema.org","@graph":[{"@type":"NewsArticle","@id":"https:\/\/dicodusport.fr\/blog\/vtt-descente-max-alran-et-juliano-lavergne-sacres-chez-les-jeunes-aux-championnats-deurope\/#article","isPartOf":{"@id":"https:\/\/dicodusport.fr\/blog\/vtt-descente-max-alran-et-juliano-lavergne-sacres-chez-les-jeunes-aux-championnats-deurope\/"},"author":{"name":"S\u00e9bastien Gente","@id":"https:\/\/dicodusport.fr\/blog\/#\/schema\/person\/627966a6cde45dbd8c5e36ac85d783da"},"headline":"VTT Descente : Max Alran et Juliano Lavergne sacr\u00e9s chez les jeunes aux Championnats d&rsquo;Europe","datePublished":"2024-08-12T08:41:17+00:00","mainEntityOfPage":{"@id":"https:\/\/dicodusport.fr\/blog\/vtt-descente-max-alran-et-juliano-lavergne-sacres-chez-les-jeunes-aux-championnats-deurope\/"},"wordCount":315,"commentCount":0,"publisher":{"@id":"https:\/\/dicodusport.fr\/blog\/#organization"},"image":{"@id":"https:\/\/dicodusport.fr\/blog\/vtt-descente-max-alran-et-juliano-lavergne-sacres-chez-les-jeunes-aux-championnats-deurope\/#primaryimage"},"thumbnailUrl":"https:\/\/dicodusport.fr\/blog\/wp-content\/uploads\/2024\/08\/VTT-Descente-Max-Alran-et-Juliano-Lavergne-sacres-chez-les-jeunes-aux-Championnats-dEurope.png","keywords":["br\u00e8ve","Coupe du monde VTT Descente","Marine Cabirou","VTT Descente"],"articleSection":["VTT"],"inLanguage":"fr-FR","potentialAction":[{"@type":"CommentAction","name":"Comment","target":["https:\/\/dicodusport.fr\/blog\/vtt-descente-max-alran-et-juliano-lavergne-sacres-chez-les-jeunes-aux-championnats-deurope\/#respond"]}],"copyrightYear":"2024","copyrightHolder":{"@id":"https:\/\/dicodusport.fr\/blog\/#organization"}},{"@type":"WebPage","@id":"https:\/\/dicodusport.fr\/blog\/vtt-descente-max-alran-et-juliano-lavergne-sacres-chez-les-jeunes-aux-championnats-deurope\/","url":"https:\/\/dicodusport.fr\/blog\/vtt-descente-max-alran-et-juliano-lavergne-sacres-chez-les-jeunes-aux-championnats-deurope\/","name":"VTT Descente : Max Alran et Juliano Lavergne sacr\u00e9s chez les jeunes aux Championnats d'Europe","isPartOf":{"@id":"https:\/\/dicodusport.fr\/blog\/#website"},"primaryImageOfPage":{"@id":"https:\/\/dicodusport.fr\/blog\/vtt-descente-max-alran-et-juliano-lavergne-sacres-chez-les-jeunes-aux-championnats-deurope\/#primaryimage"},"image":{"@id":"https:\/\/dicodusport.fr\/blog\/vtt-descente-max-alran-et-juliano-lavergne-sacres-chez-les-jeunes-aux-championnats-deurope\/#primaryimage"},"thumbnailUrl":"https:\/\/dicodusport.fr\/blog\/wp-content\/uploads\/2024\/08\/VTT-Descente-Max-Alran-et-Juliano-Lavergne-sacres-chez-les-jeunes-aux-Championnats-dEurope.png","datePublished":"2024-08-12T08:41:17+00:00","description":"CHAMPIONNATS D'EUROPE DE VTT DESCENTE 2024 - Si les \u00e9lites n'ont pu conqu\u00e9rir le titre, les jeunes se sont distingu\u00e9s en raflant deux fois l'or en Suisse.","breadcrumb":{"@id":"https:\/\/dicodusport.fr\/blog\/vtt-descente-max-alran-et-juliano-lavergne-sacres-chez-les-jeunes-aux-championnats-deurope\/#breadcrumb"},"inLanguage":"fr-FR","potentialAction":[{"@type":"ReadAction","target":["https:\/\/dicodusport.fr\/blog\/vtt-descente-max-alran-et-juliano-lavergne-sacres-chez-les-jeunes-aux-championnats-deurope\/"]}]},{"@type":"ImageObject","inLanguage":"fr-FR","@id":"https:\/\/dicodusport.fr\/blog\/vtt-descente-max-alran-et-juliano-lavergne-sacres-chez-les-jeunes-aux-championnats-deurope\/#primaryimage","url":"https:\/\/dicodusport.fr\/blog\/wp-content\/uploads\/2024\/08\/VTT-Descente-Max-Alran-et-Juliano-Lavergne-sacres-chez-les-jeunes-aux-Championnats-dEurope.png","contentUrl":"https:\/\/dicodusport.fr\/blog\/wp-content\/uploads\/2024\/08\/VTT-Descente-Max-Alran-et-Juliano-Lavergne-sacres-chez-les-jeunes-aux-Championnats-dEurope.png","width":1200,"height":674,"caption":"VTT Descente Max Alran et Juliano Lavergne sacr\u00e9s chez les jeunes aux Championnats d'Europe"},{"@type":"BreadcrumbList","@id":"https:\/\/dicodusport.fr\/blog\/vtt-descente-max-alran-et-juliano-lavergne-sacres-chez-les-jeunes-aux-championnats-deurope\/#breadcrumb","itemListElement":[{"@type":"ListItem","position":1,"name":"Accueil","item":"https:\/\/dicodusport.fr\/blog\/"},{"@type":"ListItem","position":2,"name":"VTT Descente : Max Alran et Juliano Lavergne sacr\u00e9s chez les jeunes aux Championnats d&#8217;Europe"}]},{"@type":"WebSite","@id":"https:\/\/dicodusport.fr\/blog\/#website","url":"https:\/\/dicodusport.fr\/blog\/","name":"Dicodusport","description":"L&#039;encyclop\u00e9die de l&#039;actualit\u00e9 sportive","publisher":{"@id":"https:\/\/dicodusport.fr\/blog\/#organization"},"potentialAction":[{"@type":"SearchAction","target":{"@type":"EntryPoint","urlTemplate":"https:\/\/dicodusport.fr\/blog\/?s={search_term_string}"},"query-input":{"@type":"PropertyValueSpecification","valueRequired":true,"valueName":"search_term_string"}}],"inLanguage":"fr-FR"},{"@type":"NewsMediaOrganization","@id":"https:\/\/dicodusport.fr\/blog\/#organization","name":"Dicodusport","url":"https:\/\/dicodusport.fr\/blog\/","logo":{"@type":"ImageObject","inLanguage":"fr-FR","@id":"https:\/\/dicodusport.fr\/blog\/#\/schema\/logo\/image\/","url":"https:\/\/dicodusport.fr\/blog\/wp-content\/uploads\/2020\/06\/cropped-LOGO-DICODUSPORT-2020-SANS-FOND-SANS-TEXTE.png","contentUrl":"https:\/\/dicodusport.fr\/blog\/wp-content\/uploads\/2020\/06\/cropped-LOGO-DICODUSPORT-2020-SANS-FOND-SANS-TEXTE.png","width":512,"height":512,"caption":"Dicodusport"},"image":{"@id":"https:\/\/dicodusport.fr\/blog\/#\/schema\/logo\/image\/"},"sameAs":["https:\/\/www.facebook.com\/dicodusport","https:\/\/x.com\/dicodusport","https:\/\/www.instagram.com\/dicodusport\/","https:\/\/www.youtube.com\/channel\/UC7V2KZ5sd3htJivAbA4ZG3w"],"description":"Dicodusport est l'encyclop\u00e9die de l'actualit\u00e9 sportive.","email":"bonjour@dicodusport.fr","legalName":"DICODUSPORT","foundingDate":"2018-01-14","vatID":"FR71834470973","taxID":"83447097300043","numberOfEmployees":{"@type":"QuantitativeValue","minValue":"1","maxValue":"10"}},{"@type":"Person","@id":"https:\/\/dicodusport.fr\/blog\/#\/schema\/person\/627966a6cde45dbd8c5e36ac85d783da","name":"S\u00e9bastien Gente","image":{"@type":"ImageObject","inLanguage":"fr-FR","@id":"https:\/\/dicodusport.fr\/blog\/#\/schema\/person\/image\/","url":"https:\/\/dicodusport.fr\/blog\/wp-content\/uploads\/2021\/09\/1510990_10205810251400683_4124423575079401707_n-150x150.jpg","contentUrl":"https:\/\/dicodusport.fr\/blog\/wp-content\/uploads\/2021\/09\/1510990_10205810251400683_4124423575079401707_n-150x150.jpg","caption":"S\u00e9bastien Gente"},"description":"John Stockton, Gianni Bugno, Zinedine Zidane, Steffi Graf, Frode Andresen, St\u00e9phane Stoecklin, Davis Kamoga, Primoz Peterka, Werner Schlager et Aur\u00e9lien Rougerie. Point commun entre ces sportifs? Ils m'ont fait r\u00eaver et ont berc\u00e9 mon adolescence. Je suis un fondu de sports et j'essaie de retranscrire ma passion \u00e0 travers mes articles. Originaire du P\u00e9rigord, ma passion pour les Girondins, les Jaunards et les Jazzmen transpire dans mes \u00e9crits. \u00c0 Dicodusport depuis 2021, je d\u00e9niche les sports m\u00e9connus dans lesquels la France brille, et il y en a !","sameAs":["https:\/\/www.facebook.com\/sebastien.gente\/","https:\/\/www.instagram.com\/sebgente\/","https:\/\/www.linkedin.com\/in\/sbastien-gente-a29583169\/","https:\/\/x.com\/https:\/\/twitter.com\/globulo24","SebastienGente"],"worksFor":"S\u00e9bastien GENTE","url":"https:\/\/dicodusport.fr\/blog\/author\/sebastiengente\/"}]}},"_links":{"self":[{"href":"https:\/\/dicodusport.fr\/blog\/wp-json\/wp\/v2\/posts\/511993","targetHints":{"allow":["GET"]}}],"collection":[{"href":"https:\/\/dicodusport.fr\/blog\/wp-json\/wp\/v2\/posts"}],"about":[{"href":"https:\/\/dicodusport.fr\/blog\/wp-json\/wp\/v2\/types\/post"}],"author":[{"embeddable":true,"href":"https:\/\/dicodusport.fr\/blog\/wp-json\/wp\/v2\/users\/59"}],"replies":[{"embeddable":true,"href":"https:\/\/dicodusport.fr\/blog\/wp-json\/wp\/v2\/comments?post=511993"}],"version-history":[{"count":1,"href":"https:\/\/dicodusport.fr\/blog\/wp-json\/wp\/v2\/posts\/511993\/revisions"}],"predecessor-version":[{"id":512013,"href":"https:\/\/dicodusport.fr\/blog\/wp-json\/wp\/v2\/posts\/511993\/revisions\/512013"}],"wp:featuredmedia":[{"embeddable":true,"href":"https:\/\/dicodusport.fr\/blog\/wp-json\/wp\/v2\/media\/512012"}],"wp:attachment":[{"href":"https:\/\/dicodusport.fr\/blog\/wp-json\/wp\/v2\/media?parent=511993"}],"wp:term":[{"taxonomy":"category","embeddable":true,"href":"https:\/\/dicodusport.fr\/blog\/wp-json\/wp\/v2\/categories?post=511993"},{"taxonomy":"post_tag","embeddable":true,"href":"https:\/\/dicodusport.fr\/blog\/wp-json\/wp\/v2\/tags?post=511993"}],"curies":[{"name":"wp","href":"https:\/\/api.w.org\/{rel}","templated":true}]}}