{"id":512736,"date":"2024-08-18T14:59:48","date_gmt":"2024-08-18T12:59:48","guid":{"rendered":"https:\/\/dicodusport.fr\/blog\/?p=512736&#038;preview=true&#038;preview_id=512736"},"modified":"2024-08-18T15:01:34","modified_gmt":"2024-08-18T13:01:34","slug":"motogp-autriche-2024-horaires-programme-tv-et-resultats","status":"publish","type":"post","link":"https:\/\/dicodusport.fr\/blog\/motogp-autriche-2024-horaires-programme-tv-et-resultats\/","title":{"rendered":"MotoGP Autriche 2024 : Les r\u00e9sultats complets"},"content":{"rendered":"<p style=\"text-align: justify;\"><em><strong><a href=\"https:\/\/dicodusport.fr\/blog\/actualites\/sports-mecaniques\/moto\/\">MOTOGP 2024<\/a> &#8211; Le Grand Prix d&rsquo;Autriche <\/strong><\/em><strong style=\"font-style: italic;\">2024 de MotoGP se d\u00e9roulera ce week-end sur le circui<\/strong><strong><em>t<\/em><\/strong> <em><strong>de Spielberg.<span class=\"tsp-di\"> Dans un championnat tr\u00e8s serr\u00e9, un pilote se d\u00e9tachera-t-il ce week-end ? <\/span>Programme TV, horaires, enjeux et r\u00e9sultats : soyez incollables avant la 11<sup>\u00e8me<\/sup> manche du Championnat du monde de MotoGP 2024.<\/strong><\/em><\/p>\n<ul>\n<li style=\"text-align: justify;\"><strong>\u00c0 ce sujet &#8211; <a href=\"https:\/\/dicodusport.fr\/blog\/calendrier-motogp-2024-dates-et-horaires-des-grands-prix\/\" rel=\"\">Calendrier MotoGP 2024 : Dates et horaires des Grands Prix<\/a><\/strong><\/li>\n<\/ul>\n<h2 style=\"text-align: justify;\">L&rsquo;Histoire du Grand Prix d&rsquo;Autriche de MotoGP<\/h2>\n<p style=\"text-align: justify;\">Le\u00a0<strong>Grand Prix d\u2019Autriche<\/strong>\u00a0est une \u00e9tape historique du\u00a0<strong>championnat du monde de MotoGP<\/strong>, qui est inscrite au calendrier depuis 1971. Il s\u2019est d\u00e9roul\u00e9 sur le circuit automobile du Salzburgring jusqu\u2019en 1994. Ensuite, deux \u00e9ditions ont eu lieu sur l\u2019A1-Ring de Spielberg avant de faire une longue pause. C\u2019est seulement en 2016 que le GP est revenu sur le d\u00e9sormais Red Bull Ring. Depuis cette ann\u00e9e-l\u00e0, l\u2019Italien\u00a0<strong>Andrea Dovizioso<\/strong>\u00a0l\u2019a gagn\u00e9 trois fois (2017, 2019 et 2020). Son compatriote\u00a0<strong>Andrea Iannone<\/strong>\u00a0l\u2019a gagn\u00e9 en 2016 et l\u2019Espagnol\u00a0<strong>Jorge Lorenzo<\/strong>\u00a0a remport\u00e9 la manche de 2018.\u00a0<strong>Brad Binder<\/strong> (Red Bull KTM) avait remport\u00e9 une course folle en 2021. L&rsquo;Italien\u00a0<strong>Francesco Bagnaia<\/strong> (Ducati) a remport\u00e9 les deux derni\u00e8res \u00e9ditions de 2022 et 2023.<\/p>\n<p><iframe loading=\"lazy\" title=\"Le r\u00e9sum\u00e9 du Grand Prix d'Autriche - MotoGP\" src=\"https:\/\/www.youtube.com\/embed\/MwEpJ_7f2xo\" width=\"871\" height=\"490\" frameborder=\"0\" allowfullscreen=\"allowfullscreen\"><\/iframe><\/p>\n<h2 style=\"text-align: justify;\">MotoGP Autriche &#8211; Les sp\u00e9cificit\u00e9s du circuit de Spielberg<\/h2>\n<p style=\"text-align: justify;\">Un tour du\u00a0<strong>Red Bull Ring <\/strong>\u00e0 moto, c\u2019est 4,3 km ! Ce dernier<strong>\u00a0<\/strong>se trouve \u00e0 Spielberg, en plein centre de l\u2019Autriche. D&rsquo;ailleurs, le sport est tr\u00e8s populaire l\u00e0-bas malgr\u00e9 l\u2019absence de pilote sur la grille de MotoGP. Le trac\u00e9 comporte 11 virages, dont 3 \u00e0 gauche et 8 \u00e0 droite. Il est consid\u00e9r\u00e9 comme l\u2019un des circuits les plus difficiles et courts de la saison. La course se d\u00e9roulera sur 28 tours, soit environ 121 km. La plus longue ligne droite ne mesure que 626 m\u00e8tres, o\u00f9 les pilotes atteignent g\u00e9n\u00e9ralement les 300 km\/h.<\/p>\n<div class=\"code-block code-block-3\">\n<div class=\"optidigital-wrapper-div\">\n<div class=\"optidigital-brand\">\n<div id=\"attachment_252810\" style=\"width: 1152px\" class=\"wp-caption aligncenter\"><img loading=\"lazy\" decoding=\"async\" aria-describedby=\"caption-attachment-252810\" class=\"size-full wp-image-252810\" src=\"https:\/\/dicodusport.fr\/blog\/wp-content\/uploads\/2022\/08\/MotoGP-Red-Bull-Ring-GP-Autriche.png\" alt=\"MotoGP - Red Bull Ring - GP Autriche\" width=\"1142\" height=\"753\" srcset=\"https:\/\/dicodusport.fr\/blog\/wp-content\/uploads\/2022\/08\/MotoGP-Red-Bull-Ring-GP-Autriche.png 1142w, https:\/\/dicodusport.fr\/blog\/wp-content\/uploads\/2022\/08\/MotoGP-Red-Bull-Ring-GP-Autriche-300x198.png 300w, https:\/\/dicodusport.fr\/blog\/wp-content\/uploads\/2022\/08\/MotoGP-Red-Bull-Ring-GP-Autriche-1024x675.png 1024w, https:\/\/dicodusport.fr\/blog\/wp-content\/uploads\/2022\/08\/MotoGP-Red-Bull-Ring-GP-Autriche-768x506.png 768w\" sizes=\"auto, (max-width: 1142px) 100vw, 1142px\" \/><p id=\"caption-attachment-252810\" class=\"wp-caption-text\">MotoGP &#8211; Red Bull Ring &#8211; GP Autriche<\/p><\/div>\n<div data-google-query-id=\"CLGH_6bk-4YDFU2o_QcdPacFbQ\"><\/div>\n<div data-google-query-id=\"CLGH_6bk-4YDFU2o_QcdPacFbQ\"><\/div>\n<div id=\"optidigital-adslot-Content_2\" class=\"Content_2\" style=\"text-align: justify;\" data-google-query-id=\"CLGH_6bk-4YDFU2o_QcdPacFbQ\"><span style=\"text-align: justify;\">C\u00f4t\u00e9 m\u00e9t\u00e9o, il est pr\u00e9vu ce week-end une alternance de soleil et de nuages, surtout vendredi et samedi. Le dimanche, jour de la course, la pluie est attendue entre 12h00 et 18h00. Les temp\u00e9ratures oscilleront entre 24 et 29 degr\u00e9s.<\/span><\/div>\n<\/div>\n<\/div>\n<\/div>\n<h2 style=\"text-align: justify;\">MotoGP Grand Prix d&rsquo;Autriche 2024 &#8211; Programme TV et horaires<\/h2>\n<table style=\"width: 100%; border-collapse: collapse;\">\n<tbody>\n<tr>\n<td style=\"background-color: #c80502; width: 800px; text-align: center; vertical-align: middle;\" colspan=\"6\"><span style=\"color: #ffffff;\"><strong>VENDREDI 16 AOUT 2024<\/strong><\/span><\/td>\n<\/tr>\n<tr>\n<td style=\"text-align: center; vertical-align: middle; width: 20%; background-color: #000000;\"><span style=\"color: #ffffff; font-size: 0.9em;\"><strong>Horaire<\/strong><\/span><\/td>\n<td style=\"text-align: center; vertical-align: middle; width: 20%; background-color: #000000;\" colspan=\"2\"><span style=\"color: #ffffff;\"><span style=\"font-size: 0.9em;\"><b>\u00c9preuve<\/b><\/span><\/span><\/td>\n<td style=\"text-align: center; vertical-align: middle; width: 20%; background-color: #000000;\"><span style=\"color: #ffffff; font-size: 0.9em;\"><strong>Premier<\/strong><\/span><\/td>\n<td style=\"text-align: center; vertical-align: middle; width: 20%; background-color: #000000;\"><span style=\"color: #ffffff; font-size: 0.9em;\"><strong>Deuxi\u00e8me<\/strong><\/span><\/td>\n<td style=\"text-align: center; vertical-align: middle; width: 20%; background-color: #000000;\"><span style=\"color: #ffffff; font-size: 0.9em;\"><strong>Troisi\u00e8me<\/strong><\/span><\/td>\n<\/tr>\n<tr>\n<td style=\"text-align: center; vertical-align: middle; width: 20%;\"><strong>10H45 &#8211; 11H30<\/strong><\/td>\n<td style=\"vertical-align: middle; width: 20%; text-align: center;\" colspan=\"2\"><strong>Essais libres 1<span style=\"font-size: 0.9em;\"><em><span style=\"font-size: 0.8em;\"><br \/>\n<\/span><\/em><\/span><a href=\"https:\/\/www.motogp.com\/fr\/gp-results\/2024\/aut\/motogp\/fp1\/classification\"><span style=\"font-size: 11.52px;\"><i>Classement<\/i><\/span><\/a><br \/>\n<\/strong><\/td>\n<td style=\"text-align: center; vertical-align: middle; width: 20%;\"><strong><span style=\"font-size: 0.9em;\"><img loading=\"lazy\" decoding=\"async\" class=\"\" src=\"https:\/\/cdn-4.motorsport.com\/images\/vcl\/K6x9JM0Q\/s2\/ducati-desmosedici-gp24-2.png\" width=\"55\" height=\"23\" \/><br \/>\n\ud83c\uddea\ud83c\uddf8 JORGE MARTIN<br \/>\n<\/span><\/strong><span style=\"font-size: 0.9em;\"><span style=\"font-size: 0.8em;\">PRIMA PRAMAC RACING<br \/>\n<strong><span style=\"font-size: 11.52px;\"><i>1:29.654<\/i><\/span><\/strong><\/span><\/span><\/td>\n<td style=\"text-align: center; vertical-align: middle; width: 20%;\"><span style=\"font-size: 0.9em;\"><strong><img loading=\"lazy\" decoding=\"async\" class=\"\" src=\"https:\/\/cdn-4.motorsport.com\/images\/vcl\/K6x9JM0Q\/s2\/ducati-desmosedici-gp24-2.png\" width=\"55\" height=\"23\" \/><br \/>\n\ud83c\uddee\ud83c\uddf9 FRANCO MORBIDELLI<br \/>\n<\/strong><span style=\"font-size: 0.8em;\">PRIMA PRAMAC RACING<br \/>\n<strong><em>+0.218<\/em><\/strong><\/span><\/span><\/td>\n<td style=\"text-align: center; vertical-align: middle; width: 20%;\"><span style=\"font-size: 0.9em;\"><strong><img loading=\"lazy\" decoding=\"async\" class=\"\" src=\"https:\/\/cdn-8.motorsport.com\/images\/vcl\/80Zl1VYe\/s2\/ktm-rc16-2.png\" width=\"55\" height=\"23\" \/><br \/>\n\ud83c\uddea\ud83c\uddf8 POL ESPARGARO<br style=\"font-size: 14.4px;\" \/><\/strong><span style=\"font-size: 0.8em;\">RED BULL KTM FACTORY RACING<br \/>\n<strong><em>+0.290<\/em><\/strong><\/span><\/span><\/td>\n<\/tr>\n<tr>\n<td style=\"text-align: center; vertical-align: middle; width: 20%;\"><strong>15H00 &#8211; 16H00<\/strong><\/td>\n<td style=\"text-align: center; vertical-align: middle;\" colspan=\"2\"><strong>Essais libres 2<br \/>\n<a href=\"https:\/\/www.motogp.com\/fr\/gp-results\/2024\/aut\/motogp\/pr\/classification\"><span style=\"font-size: 11.52px;\"><i>Classement<\/i><\/span><\/a><br \/>\n<\/strong><\/td>\n<td style=\"text-align: center; vertical-align: middle; width: 20%;\"><span style=\"font-size: 0.9em;\"><strong><img loading=\"lazy\" decoding=\"async\" class=\"\" src=\"https:\/\/cdn-3.motorsport.com\/images\/vcl\/KYpzmA01\/s2\/ducati-desmosedici-gp24-2.png\" width=\"55\" height=\"23\" \/><br \/>\n\ud83c\uddee\ud83c\uddf9 FRANCESCO BAGNAIA<br \/>\n<\/strong><span style=\"font-size: 0.8em;\">DUCATI LENOVO TEAM<br \/>\n<strong><em>1:28.508<\/em><\/strong><\/span><\/span><\/td>\n<td style=\"text-align: center; vertical-align: middle; width: 20%;\"><span style=\"font-size: 0.9em;\"><strong><img loading=\"lazy\" decoding=\"async\" class=\"\" src=\"https:\/\/cdn-4.motorsport.com\/images\/vcl\/K6x9JM0Q\/s2\/ducati-desmosedici-gp24-2.png\" width=\"55\" height=\"23\" \/><br \/>\n\ud83c\uddee\ud83c\uddf9 FRANCO MORBIDELLI<br \/>\n<\/strong><span style=\"font-size: 0.8em;\">PRIMA PRAMAC RACING<br \/>\n<strong><em>+0.281<\/em><\/strong><\/span><\/span><\/td>\n<td style=\"text-align: center; vertical-align: middle; width: 20%;\"><strong><span style=\"font-size: 0.9em;\"><img loading=\"lazy\" decoding=\"async\" class=\"\" src=\"https:\/\/cdn-4.motorsport.com\/images\/vcl\/K6x9JM0Q\/s2\/ducati-desmosedici-gp24-2.png\" width=\"55\" height=\"23\" \/><br \/>\n\ud83c\uddea\ud83c\uddf8 JORGE MARTIN<br \/>\n<\/span><\/strong><span style=\"font-size: 0.9em;\"><span style=\"font-size: 0.8em;\">PRIMA PRAMAC RACING<br \/>\n<strong><em>+0.319<\/em><\/strong><br \/>\n<\/span><\/span><\/td>\n<\/tr>\n<tr>\n<td style=\"background-color: #c80502; width: 800px; text-align: center; vertical-align: middle;\" colspan=\"6\"><span style=\"color: #ffffff;\"><strong>SAMEDI 17 AOUT 2024<\/strong><\/span><\/td>\n<\/tr>\n<tr>\n<td style=\"text-align: center; vertical-align: middle; width: 20%; background-color: #000000;\"><span style=\"color: #ffffff; font-size: 0.9em;\"><strong>Horaire<\/strong><\/span><\/td>\n<td style=\"text-align: center; vertical-align: middle; width: 20%; background-color: #000000;\" colspan=\"2\"><span style=\"color: #ffffff;\"><span style=\"font-size: 0.9em;\"><b>\u00c9preuve<\/b><\/span><\/span><\/td>\n<td style=\"text-align: center; vertical-align: middle; width: 20%; background-color: #000000;\"><span style=\"color: #ffffff; font-size: 0.9em;\"><strong>Premier<\/strong><\/span><\/td>\n<td style=\"text-align: center; vertical-align: middle; width: 20%; background-color: #000000;\"><span style=\"color: #ffffff; font-size: 0.9em;\"><strong>Deuxi\u00e8me<\/strong><\/span><\/td>\n<td style=\"text-align: center; vertical-align: middle; width: 20%; background-color: #000000;\"><span style=\"color: #ffffff; font-size: 0.9em;\"><strong>Troisi\u00e8me<\/strong><\/span><\/td>\n<\/tr>\n<tr>\n<td style=\"text-align: center; vertical-align: middle; width: 20%;\"><strong>10H10 &#8211; 10H40<\/strong><\/td>\n<td style=\"text-align: center; vertical-align: middle; width: 20%;\" colspan=\"2\"><strong>Essais libres 3<span style=\"font-size: 0.9em;\"><em><span style=\"font-size: 0.8em;\"><br \/>\n<\/span><\/em><\/span><a href=\"https:\/\/www.motogp.com\/fr\/gp-results\/2024\/aut\/motogp\/fp2\/classification\"><span style=\"font-size: 11.52px;\"><i>Classement<\/i><\/span><\/a><br \/>\n<\/strong><\/td>\n<td style=\"text-align: center; vertical-align: middle; width: 20%;\"><span style=\"font-size: 0.9em;\"><strong><img loading=\"lazy\" decoding=\"async\" class=\"\" src=\"https:\/\/cdn-3.motorsport.com\/images\/vcl\/KYpzmA01\/s2\/ducati-desmosedici-gp24-2.png\" width=\"55\" height=\"23\" \/><br \/>\n\ud83c\uddee\ud83c\uddf9 FRANCESCO BAGNAIA<br \/>\n<\/strong><span style=\"font-size: 0.8em;\">DUCATI LENOVO TEAM<br \/>\n<strong><em>1:29.243<\/em><\/strong><\/span><\/span><\/td>\n<td style=\"text-align: center; vertical-align: middle; width: 20%;\"><span style=\"font-size: 0.9em;\"><strong><img loading=\"lazy\" decoding=\"async\" class=\"\" src=\"https:\/\/cdn-8.motorsport.com\/images\/vcl\/80Zl1VYe\/s2\/ktm-rc16-2.png\" width=\"55\" height=\"23\" \/><br \/>\n\ud83c\uddea\ud83c\uddf8 POL ESPARGARO<br style=\"font-size: 14.4px;\" \/><\/strong><span style=\"font-size: 0.8em;\">RED BULL KTM FACTORY RACING<br \/>\n<strong><em>+0.052<\/em><\/strong><\/span><\/span><\/td>\n<td style=\"text-align: center; vertical-align: middle; width: 20%;\"><span style=\"font-size: 0.9em;\"><strong><img loading=\"lazy\" decoding=\"async\" class=\"\" src=\"https:\/\/cdn-8.motorsport.com\/images\/vcl\/q633yq6A\/s3\/ducati-desmosedici-gp23-3.png\" width=\"55\" height=\"23\" \/><br \/>\n\ud83c\uddea\ud83c\uddf8 MARC MARQUEZ<br \/>\n<\/strong><span style=\"font-size: 0.8em;\">GRESINI RACING MOTOGP<br \/>\n<strong><em>+0.101<\/em><\/strong><br \/>\n<\/span><\/span><\/td>\n<\/tr>\n<tr>\n<td style=\"text-align: center; vertical-align: middle; width: 20%;\"><strong>10H50 &#8211; 11<\/strong><strong>H05<\/strong><\/td>\n<td style=\"text-align: center; vertical-align: middle;\" colspan=\"2\"><strong>Qualifications 1<br \/>\n<a href=\"https:\/\/www.motogp.com\/fr\/gp-results\/2024\/aut\/motogp\/q1\/classification\"><span style=\"font-size: 11.52px;\"><i>Classement<\/i><\/span><\/a><br \/>\n<\/strong><\/td>\n<td style=\"text-align: center; vertical-align: middle; width: 20%;\"><span style=\"font-size: 0.9em;\"><strong><img loading=\"lazy\" decoding=\"async\" class=\"\" src=\"https:\/\/cdn-8.motorsport.com\/images\/vcl\/80Zl1VYe\/s2\/ktm-rc16-2.png\" width=\"55\" height=\"23\" \/><br \/>\n\ud83c\udde6\ud83c\uddfa JACK MILLER<br \/>\n<\/strong><span style=\"font-size: 0.8em;\">RED BULL KTM FACTORY RACING<br \/>\n<strong><em>1:28.567<\/em><\/strong><br \/>\n<\/span><\/span><\/td>\n<td style=\"text-align: center; vertical-align: middle; width: 20%;\"><span style=\"font-size: 0.9em;\"><strong><img loading=\"lazy\" decoding=\"async\" class=\"\" src=\"https:\/\/cdn-8.motorsport.com\/images\/vcl\/80Zl1VYe\/s2\/ktm-rc16-2.png\" width=\"55\" height=\"23\" \/><br \/>\n\ud83c\uddea\ud83c\uddf8 POL ESPARGARO<br style=\"font-size: 14.4px;\" \/><\/strong><span style=\"font-size: 0.8em;\">RED BULL KTM FACTORY RACING<br \/>\n<strong><em>+0.068<\/em><\/strong><\/span><\/span><\/td>\n<td style=\"text-align: center; vertical-align: middle; width: 20%;\"><span style=\"font-size: 0.9em;\"><strong><img loading=\"lazy\" decoding=\"async\" class=\"\" src=\"https:\/\/cdn-2.motorsport.com\/images\/vcl\/B6bwVj0x\/s2\/aprilia-rs-gp-3.png\" width=\"56\" height=\"24\" \/><br \/>\n\ud83c\uddf5\ud83c\uddf9 MIGUEL OLIVEIRA<br \/>\n<\/strong><span style=\"font-size: 0.8em;\">TRACKHOUSE RACING<br \/>\n<strong><em>+0.068<\/em><\/strong><br \/>\n<\/span><\/span><\/td>\n<\/tr>\n<tr>\n<td style=\"text-align: center; vertical-align: middle; width: 20%;\"><strong>11H15 &#8211; 11H30<\/strong><\/td>\n<td style=\"text-align: center; vertical-align: middle;\" colspan=\"2\"><strong>Qualifications 2<br \/>\n<a title=\"MotoGP Autriche 2024 : Jorge Martin dompte Francesco Bagnaia en qualifications\" href=\"https:\/\/dicodusport.fr\/blog\/motogp-autriche-2024-jorge-martin-dompte-francesco-bagnaia-en-qualifications\/\" rel=\"\"><span style=\"font-size: 11.52px;\"><i>R\u00e9sum\u00e9<\/i><\/span><\/a><i> <\/i>&#8211; <a href=\"https:\/\/www.motogp.com\/fr\/gp-results\/2024\/aut\/motogp\/q2\/classification\"><span style=\"font-size: 11.52px;\"><i>Classement<\/i><\/span><\/a><br \/>\n<\/strong><\/td>\n<td style=\"text-align: center; vertical-align: middle; width: 20%;\"><strong><span style=\"font-size: 0.9em;\"><img loading=\"lazy\" decoding=\"async\" class=\"\" src=\"https:\/\/cdn-4.motorsport.com\/images\/vcl\/K6x9JM0Q\/s2\/ducati-desmosedici-gp24-2.png\" width=\"55\" height=\"23\" \/><br \/>\n\ud83c\uddea\ud83c\uddf8 JORGE MARTIN<br \/>\n<\/span><\/strong><span style=\"font-size: 0.9em;\"><span style=\"font-size: 0.8em;\">PRIMA PRAMAC RACING<br \/>\n<strong><span style=\"font-size: 11.52px;\"><i>1:27.748<\/i><\/span><\/strong><\/span><\/span><\/td>\n<td style=\"text-align: center; vertical-align: middle; width: 20%;\"><span style=\"font-size: 0.9em;\"><strong><img loading=\"lazy\" decoding=\"async\" class=\"\" src=\"https:\/\/cdn-3.motorsport.com\/images\/vcl\/KYpzmA01\/s2\/ducati-desmosedici-gp24-2.png\" width=\"55\" height=\"23\" \/><br \/>\n\ud83c\uddee\ud83c\uddf9 FRANCESCO BAGNAIA<br \/>\n<\/strong><span style=\"font-size: 0.8em;\">DUCATI LENOVO TEAM<br \/>\n<strong><em>+0.141<\/em><\/strong><\/span><\/span><\/td>\n<td style=\"text-align: center; vertical-align: middle; width: 20%;\"><span style=\"font-size: 0.9em;\"><strong><img loading=\"lazy\" decoding=\"async\" class=\"\" src=\"https:\/\/cdn-8.motorsport.com\/images\/vcl\/q633yq6A\/s3\/ducati-desmosedici-gp23-3.png\" width=\"55\" height=\"23\" \/><br \/>\n\ud83c\uddea\ud83c\uddf8 MARC MARQUEZ<br \/>\n<\/strong><span style=\"font-size: 0.8em;\">GRESINI RACING MOTOGP<br \/>\n<strong><em>+0.544<\/em><\/strong><\/span><\/span><\/td>\n<\/tr>\n<tr>\n<td style=\"text-align: center; vertical-align: middle; width: 20%;\"><strong>15H00<\/strong><\/td>\n<td style=\"text-align: center; vertical-align: middle; width: 20%;\" colspan=\"2\"><strong>Course Sprint<br \/>\n<a title=\"MotoGP Autriche 2024 : Francesco Bagnaia rafle la course sprint et revient \u00e0 \u00e9galit\u00e9 avec Jorge Martin\" href=\"https:\/\/dicodusport.fr\/blog\/motogp-autriche-2024-francesco-bagnaia-rafle-la-course-sprint-et-revient-a-egalite-avec-jorge-martin\/\" rel=\"\"><span style=\"font-size: 11.52px;\"><i>R\u00e9sum\u00e9<\/i><\/span><\/a><i> <\/i>&#8211; <a title=\"MotoGP Autriche 2024 \u2013 Classement Course sprint\" href=\"https:\/\/dicodusport.fr\/blog\/motogp-autriche-2024-classement-course-sprint\/\" rel=\"\"><span style=\"font-size: 11.52px;\"><i>Classement<\/i><\/span><\/a><br \/>\n<\/strong><\/td>\n<td style=\"text-align: center; vertical-align: middle; width: 20%;\"><span style=\"font-size: 0.9em;\"><strong><img loading=\"lazy\" decoding=\"async\" class=\"\" src=\"https:\/\/cdn-3.motorsport.com\/images\/vcl\/KYpzmA01\/s2\/ducati-desmosedici-gp24-2.png\" width=\"55\" height=\"23\" \/><br \/>\n\ud83c\uddee\ud83c\uddf9 FRANCESCO BAGNAIA<br \/>\n<\/strong><span style=\"font-size: 0.8em;\">DUCATI LENOVO TEAM<br \/>\n<strong><em>20:59.768<\/em><\/strong><\/span><\/span><\/td>\n<td style=\"text-align: center; vertical-align: middle; width: 20%;\"><strong><span style=\"font-size: 0.9em;\"><img loading=\"lazy\" decoding=\"async\" class=\"\" src=\"https:\/\/cdn-4.motorsport.com\/images\/vcl\/K6x9JM0Q\/s2\/ducati-desmosedici-gp24-2.png\" width=\"55\" height=\"23\" \/><br \/>\n\ud83c\uddea\ud83c\uddf8 JORGE MARTIN<br \/>\n<\/span><\/strong><span style=\"font-size: 0.9em;\"><span style=\"font-size: 0.8em;\">PRIMA PRAMAC RACING<br \/>\n<strong><em>+4.673<\/em><\/strong><\/span><\/span><\/td>\n<td style=\"text-align: center; vertical-align: middle; width: 20%;\"><span style=\"font-size: 0.9em;\"><strong><img loading=\"lazy\" decoding=\"async\" class=\"\" src=\"https:\/\/cdn-4.motorsport.com\/images\/vcl\/K6Ol8G0a\/s2\/aprilia-rs-gp.png\" width=\"55\" height=\"23\" \/><br \/>\n\ud83c\uddea\ud83c\uddf8 ALEIX ESPARGARO<br \/>\n<\/strong><span style=\"font-size: 0.8em;\">APRILIA RACING<br \/>\n<strong><em>+7.584<\/em><\/strong><br \/>\n<\/span><\/span><\/td>\n<\/tr>\n<tr>\n<td style=\"background-color: #c80502; width: 800px; text-align: center; vertical-align: middle;\" colspan=\"6\"><span style=\"color: #ffffff;\"><strong>DIMANCHE 18 AOUT 2024<\/strong><\/span><\/td>\n<\/tr>\n<tr>\n<td style=\"text-align: center; vertical-align: middle; width: 20%; background-color: #000000;\"><span style=\"color: #ffffff; font-size: 0.9em;\"><strong>Horaire<\/strong><\/span><\/td>\n<td style=\"text-align: center; vertical-align: middle; width: 20%; background-color: #000000;\" colspan=\"2\"><span style=\"color: #ffffff;\"><span style=\"font-size: 0.9em;\"><b>\u00c9preuve<\/b><\/span><\/span><\/td>\n<td style=\"text-align: center; vertical-align: middle; width: 20%; background-color: #000000;\"><span style=\"color: #ffffff; font-size: 0.9em;\"><strong>Premier<\/strong><\/span><\/td>\n<td style=\"text-align: center; vertical-align: middle; width: 20%; background-color: #000000;\"><span style=\"color: #ffffff; font-size: 0.9em;\"><strong>Deuxi\u00e8me<\/strong><\/span><\/td>\n<td style=\"text-align: center; vertical-align: middle; width: 20%; background-color: #000000;\"><span style=\"color: #ffffff; font-size: 0.9em;\"><strong>Troisi\u00e8me<\/strong><\/span><\/td>\n<\/tr>\n<tr>\n<td style=\"text-align: center; vertical-align: middle; width: 20%;\"><strong>9H40 &#8211; 9H50<\/strong><\/td>\n<td style=\"text-align: center; vertical-align: middle;\" colspan=\"2\"><strong>Warm-up<br \/>\n<a title=\"MotoGP Autriche 2024 \u2013 Classement Course sprint\" href=\"https:\/\/www.motogp.com\/fr\/gp-results\/2024\/aut\/motogp\/wup\/classification\" rel=\"\"><span style=\"font-size: 11.52px;\"><i>Classement<\/i><\/span><\/a><br \/>\n<\/strong><\/td>\n<td style=\"text-align: center; vertical-align: middle; width: 20%;\"><span style=\"font-size: 0.9em;\"><strong><img loading=\"lazy\" decoding=\"async\" class=\"\" src=\"https:\/\/cdn-8.motorsport.com\/images\/vcl\/q633yq6A\/s3\/ducati-desmosedici-gp23-3.png\" width=\"55\" height=\"23\" \/><br \/>\n\ud83c\uddea\ud83c\uddf8 MARC MARQUEZ<br \/>\n<\/strong><span style=\"font-size: 0.8em;\">GRESINI RACING MOTOGP<br \/>\n<strong><em>1:29.363<\/em><\/strong><\/span><\/span><\/td>\n<td style=\"text-align: center; vertical-align: middle; width: 20%;\"><span style=\"font-size: 0.9em;\"><strong><img loading=\"lazy\" decoding=\"async\" class=\"\" src=\"https:\/\/cdn-3.motorsport.com\/images\/vcl\/KYpzmA01\/s2\/ducati-desmosedici-gp24-2.png\" width=\"55\" height=\"23\" \/><br \/>\n\ud83c\uddee\ud83c\uddf9 FRANCESCO BAGNAIA<br \/>\n<\/strong><span style=\"font-size: 0.8em;\">DUCATI LENOVO TEAM<br \/>\n<strong><em>+0.162<\/em><\/strong><\/span><\/span><\/td>\n<td style=\"text-align: center; vertical-align: middle; width: 20%;\"><span style=\"font-size: 0.9em;\"><strong><img loading=\"lazy\" decoding=\"async\" class=\"\" src=\"https:\/\/cdn-8.motorsport.com\/images\/vcl\/q633yq6A\/s3\/ducati-desmosedici-gp23-3.png\" width=\"55\" height=\"23\" \/><br \/>\n\ud83c\uddea\ud83c\uddf8 ALEX MARQUEZ<br \/>\n<\/strong><span style=\"font-size: 0.8em;\">GRESINI RACING MOTOGP<br \/>\n<strong><em>+0.247<\/em><\/strong><\/span><\/span><\/td>\n<\/tr>\n<tr>\n<td style=\"text-align: center; vertical-align: middle; width: 20%;\"><strong>14H00<\/strong><\/td>\n<td style=\"text-align: center; vertical-align: middle; width: 20%;\" colspan=\"2\"><strong>Grand Prix<br \/>\n<span style=\"font-size: 11.52px;\"><i><a title=\"MotoGP Autriche 2024 : Francesco Bagnaia domine Jorge Martin et prend la t\u00eate du classement pilotes\" href=\"https:\/\/dicodusport.fr\/blog\/motogp-autriche-2024-francesco-bagnaia-domine-jorge-martin-et-prend-la-tete-du-classement-pilotes\/\" rel=\"\">R\u00e9sum\u00e9<\/a> &#8211; <a title=\"MotoGP \u2013 Classement Grand Prix d\u2019Autriche 2024\" href=\"https:\/\/dicodusport.fr\/blog\/motogp-classement-grand-prix-dautriche-2024\/\" rel=\"\">Classement<\/a><\/i><\/span><\/strong><\/td>\n<td style=\"text-align: center; vertical-align: middle; width: 20%;\"><span style=\"font-size: 0.9em;\"><strong><img loading=\"lazy\" decoding=\"async\" class=\"\" src=\"https:\/\/cdn-3.motorsport.com\/images\/vcl\/KYpzmA01\/s2\/ducati-desmosedici-gp24-2.png\" width=\"55\" height=\"23\" \/><br \/>\n\ud83c\uddee\ud83c\uddf9 FRANCESCO BAGNAIA<br \/>\n<\/strong><span style=\"font-size: 0.8em;\">DUCATI LENOVO TEAM<br \/>\n<strong><em>42:11.173<\/em><\/strong><\/span><\/span><\/td>\n<td style=\"text-align: center; vertical-align: middle; width: 20%;\"><strong><span style=\"font-size: 0.9em;\"><img loading=\"lazy\" decoding=\"async\" class=\"\" src=\"https:\/\/cdn-4.motorsport.com\/images\/vcl\/K6x9JM0Q\/s2\/ducati-desmosedici-gp24-2.png\" width=\"55\" height=\"23\" \/><br \/>\n\ud83c\uddea\ud83c\uddf8 JORGE MARTIN<br \/>\n<\/span><\/strong><span style=\"font-size: 0.9em;\"><span style=\"font-size: 0.8em;\">PRIMA PRAMAC RACING<br \/>\n<strong><em>+3.232<\/em><\/strong><\/span><\/span><\/td>\n<td style=\"text-align: center; vertical-align: middle; width: 20%;\"><span style=\"font-size: 0.9em;\"><strong><img loading=\"lazy\" decoding=\"async\" class=\"\" src=\"https:\/\/cdn-3.motorsport.com\/images\/vcl\/KYpzmA01\/s2\/ducati-desmosedici-gp24-2.png\" width=\"55\" height=\"23\" \/><br \/>\n\ud83c\uddee\ud83c\uddf9 ENEA BASTIANINI<br \/>\n<\/strong><span style=\"font-size: 0.8em;\">DUCATI LENOVO TEAM<br \/>\n<strong><em>+7.357<\/em><\/strong><br \/>\n<\/span><\/span><\/td>\n<\/tr>\n<\/tbody>\n<\/table>\n<h2>Les enjeux du Grand Prix d&rsquo;Autriche<\/h2>\n<p style=\"text-align: justify;\">Apr\u00e8s les dix premi\u00e8res manches et la premi\u00e8re moiti\u00e9 de saison, une hi\u00e9rarchie s&rsquo;est d\u00e9finie. <strong>Francesco Bagnaia<\/strong>\u00a0et\u00a0<strong>Jorge Martin<\/strong> semblent un cran au-dessus de la concurrence et devraient jouer le titre tous les deux. Le premier est en confiance et son \u00e9quipe Ducati le soutient toujours suite \u00e0 ses deux titres de champion du monde. Il est d&rsquo;ailleurs deuxi\u00e8me du classement pilotes avec 238 points. Son rival espagnol de chez Pramac Ducati (en partance chez Aprilia avec <strong>Marco Bezzecchi<\/strong>) montre aussi qu\u2019il est toujours pr\u00e9sent et m\u00e8ne le classement pour 3 points. Un seul rookie\/d\u00e9butant est arriv\u00e9 cette saison : <strong>Pedro Acosta<\/strong>. Il a d\u2019ailleurs d\u00e9j\u00e0 impressionn\u00e9 avec trois podiums lors des premiers Grands Prix. Pour rappel, ce dernier a remport\u00e9 les championnats de Moto 2 et Moto 3 et a rejoint Red Bull GasGas Tech3 pour cette saison. Il est 6\u00e8me du championnat avec 122 points.<\/p>\n<p style=\"text-align: justify;\">D\u2019autres pilotes ont chang\u00e9 d\u2019\u00e9curie, dont la l\u00e9gende\u00a0<strong>Marc Marquez<\/strong>, qui a quitt\u00e9 Honda apr\u00e8s 11 ans pass\u00e9s chez le constructeur japonais. L\u2019Espagnol pilote d\u00e9sormais pour Gresini Racing, \u00e9curie motoris\u00e9e par Ducati et s&rsquo;en va d&rsquo;ailleurs chez Ducati officiel en 2025. Il a \u00e9galement commenc\u00e9 la saison en \u00e9tant tr\u00e8s comp\u00e9titif, il est quatri\u00e8me du championnat avec 179 points. Avant, <strong>Enea Bastianini<\/strong> (Ducati) est 3\u00e8me et a accumul\u00e9 192 points, notamment gr\u00e2ce \u00e0 ses deux victoires lors du dernier Grand Prix. <strong>Maverick Vi\u00f1ales\u00a0<\/strong>(Aprilia) se trouve cinqui\u00e8me avec 130 unit\u00e9s. Plus loin, le Fran\u00e7ais <strong>Fabio Quartararo<\/strong>, qui a prolong\u00e9 son contrat avec son \u00e9curie Yamaha, est 14\u00e8me avec 49 points. L\u2019autre tricolore <strong>Johann Zarco<\/strong> (LCR Honda) est en difficult\u00e9 depuis son passage chez Honda, mais comme tous les pilotes des deux \u00e9curies japonaises, il se classe 18\u00e8me du plateau avec 14 points.<\/p>\n<ul>\n<li style=\"text-align: justify;\"><strong><a href=\"https:\/\/dicodusport.fr\/blog\/motogp-2024-classement-championnat-du-monde-des-pilotes\/\">Moto GP 2024 \u2013 Classement Championnat du monde des pilotes<\/a><\/strong><\/li>\n<\/ul>\n","protected":false},"excerpt":{"rendered":"<p>MOTOGP &#8211; AUTRICHE 2024 : Programme TV, horaires, enjeux et r\u00e9sultats de la 11\u00e8me manche du Championnat du monde de MotoGP.<\/p>\n","protected":false},"author":54,"featured_media":512786,"comment_status":"open","ping_status":"closed","sticky":false,"template":"","format":"standard","meta":{"_acf_changed":false,"_daextam_enable_autolinks":"1","footnotes":""},"categories":[47087],"tags":[16878,18573,10938,18565],"class_list":["post-512736","post","type-post","status-publish","format-standard","has-post-thumbnail","hentry","category-motogp","tag-breve","tag-grand-prix-dautriche-motogp","tag-motogp","tag-motogp-autriche"],"acf":[],"yoast_head":"<!-- This site is optimized with the Yoast SEO Premium plugin v26.7 (Yoast SEO v26.7) - https:\/\/yoast.com\/wordpress\/plugins\/seo\/ -->\n<title>MotoGP Autriche 2024 : Les r\u00e9sultats complets<\/title>\n<meta name=\"description\" content=\"MOTOGP - AUTRICHE 2024 : Programme TV, horaires, enjeux et r\u00e9sultats de la 11\u00e8me manche du Championnat du monde de MotoGP.\" \/>\n<meta name=\"robots\" content=\"index, follow, max-snippet:-1, max-image-preview:large, max-video-preview:-1\" \/>\n<link rel=\"canonical\" href=\"https:\/\/dicodusport.fr\/blog\/motogp-autriche-2024-horaires-programme-tv-et-resultats\/\" \/>\n<meta property=\"og:locale\" content=\"fr_FR\" \/>\n<meta property=\"og:type\" content=\"article\" \/>\n<meta property=\"og:title\" content=\"MotoGP Autriche 2024 : Les r\u00e9sultats complets\" \/>\n<meta property=\"og:description\" content=\"MOTOGP - AUTRICHE 2024 : Programme TV, horaires, enjeux et r\u00e9sultats de la 11\u00e8me manche du Championnat du monde de MotoGP.\" \/>\n<meta property=\"og:url\" content=\"https:\/\/dicodusport.fr\/blog\/motogp-autriche-2024-horaires-programme-tv-et-resultats\/\" \/>\n<meta property=\"og:site_name\" content=\"Dicodusport\" \/>\n<meta property=\"article:publisher\" content=\"https:\/\/www.facebook.com\/dicodusport\" \/>\n<meta property=\"article:author\" content=\"https:\/\/www.facebook.com\/roxane.lecacher\" \/>\n<meta property=\"article:published_time\" content=\"2024-08-18T12:59:48+00:00\" \/>\n<meta property=\"article:modified_time\" content=\"2024-08-18T13:01:34+00:00\" \/>\n<meta property=\"og:image\" content=\"https:\/\/dicodusport.fr\/blog\/wp-content\/uploads\/2024\/08\/MotoGP-Autriche-2024-Horaires-programme-TV-et-resultats.png\" \/>\n\t<meta property=\"og:image:width\" content=\"1200\" \/>\n\t<meta property=\"og:image:height\" content=\"674\" \/>\n\t<meta property=\"og:image:type\" content=\"image\/png\" \/>\n<meta name=\"author\" content=\"Roxane Lecacher\" \/>\n<meta name=\"twitter:card\" content=\"summary_large_image\" \/>\n<meta name=\"twitter:title\" content=\"MotoGP Autriche 2024 : Les r\u00e9sultats complets\" \/>\n<meta name=\"twitter:creator\" content=\"@dicodusport\" \/>\n<meta name=\"twitter:site\" content=\"@dicodusport\" \/>\n<script type=\"application\/ld+json\" class=\"yoast-schema-graph\">{\"@context\":\"https:\/\/schema.org\",\"@graph\":[{\"@type\":\"NewsArticle\",\"@id\":\"https:\/\/dicodusport.fr\/blog\/motogp-autriche-2024-horaires-programme-tv-et-resultats\/#article\",\"isPartOf\":{\"@id\":\"https:\/\/dicodusport.fr\/blog\/motogp-autriche-2024-horaires-programme-tv-et-resultats\/\"},\"author\":{\"name\":\"Roxane Lecacher\",\"@id\":\"https:\/\/dicodusport.fr\/blog\/#\/schema\/person\/819fb2545dd2715bd7c0580d6d4b411a\"},\"headline\":\"MotoGP Autriche 2024 : Les r\u00e9sultats complets\",\"datePublished\":\"2024-08-18T12:59:48+00:00\",\"dateModified\":\"2024-08-18T13:01:34+00:00\",\"mainEntityOfPage\":{\"@id\":\"https:\/\/dicodusport.fr\/blog\/motogp-autriche-2024-horaires-programme-tv-et-resultats\/\"},\"wordCount\":906,\"commentCount\":0,\"publisher\":{\"@id\":\"https:\/\/dicodusport.fr\/blog\/#organization\"},\"image\":{\"@id\":\"https:\/\/dicodusport.fr\/blog\/motogp-autriche-2024-horaires-programme-tv-et-resultats\/#primaryimage\"},\"thumbnailUrl\":\"https:\/\/dicodusport.fr\/blog\/wp-content\/uploads\/2024\/08\/MotoGP-Autriche-2024-Horaires-programme-TV-et-resultats.png\",\"keywords\":[\"br\u00e8ve\",\"Grand Prix d'Autriche MotoGP\",\"MotoGP\",\"MotoGP Autriche\"],\"articleSection\":[\"MotoGP\"],\"inLanguage\":\"fr-FR\",\"potentialAction\":[{\"@type\":\"CommentAction\",\"name\":\"Comment\",\"target\":[\"https:\/\/dicodusport.fr\/blog\/motogp-autriche-2024-horaires-programme-tv-et-resultats\/#respond\"]}],\"copyrightYear\":\"2024\",\"copyrightHolder\":{\"@id\":\"https:\/\/dicodusport.fr\/blog\/#organization\"}},{\"@type\":\"WebPage\",\"@id\":\"https:\/\/dicodusport.fr\/blog\/motogp-autriche-2024-horaires-programme-tv-et-resultats\/\",\"url\":\"https:\/\/dicodusport.fr\/blog\/motogp-autriche-2024-horaires-programme-tv-et-resultats\/\",\"name\":\"MotoGP Autriche 2024 : Les r\u00e9sultats complets\",\"isPartOf\":{\"@id\":\"https:\/\/dicodusport.fr\/blog\/#website\"},\"primaryImageOfPage\":{\"@id\":\"https:\/\/dicodusport.fr\/blog\/motogp-autriche-2024-horaires-programme-tv-et-resultats\/#primaryimage\"},\"image\":{\"@id\":\"https:\/\/dicodusport.fr\/blog\/motogp-autriche-2024-horaires-programme-tv-et-resultats\/#primaryimage\"},\"thumbnailUrl\":\"https:\/\/dicodusport.fr\/blog\/wp-content\/uploads\/2024\/08\/MotoGP-Autriche-2024-Horaires-programme-TV-et-resultats.png\",\"datePublished\":\"2024-08-18T12:59:48+00:00\",\"dateModified\":\"2024-08-18T13:01:34+00:00\",\"description\":\"MOTOGP - AUTRICHE 2024 : Programme TV, horaires, enjeux et r\u00e9sultats de la 11\u00e8me manche du Championnat du monde de MotoGP.\",\"breadcrumb\":{\"@id\":\"https:\/\/dicodusport.fr\/blog\/motogp-autriche-2024-horaires-programme-tv-et-resultats\/#breadcrumb\"},\"inLanguage\":\"fr-FR\",\"potentialAction\":[{\"@type\":\"ReadAction\",\"target\":[\"https:\/\/dicodusport.fr\/blog\/motogp-autriche-2024-horaires-programme-tv-et-resultats\/\"]}]},{\"@type\":\"ImageObject\",\"inLanguage\":\"fr-FR\",\"@id\":\"https:\/\/dicodusport.fr\/blog\/motogp-autriche-2024-horaires-programme-tv-et-resultats\/#primaryimage\",\"url\":\"https:\/\/dicodusport.fr\/blog\/wp-content\/uploads\/2024\/08\/MotoGP-Autriche-2024-Horaires-programme-TV-et-resultats.png\",\"contentUrl\":\"https:\/\/dicodusport.fr\/blog\/wp-content\/uploads\/2024\/08\/MotoGP-Autriche-2024-Horaires-programme-TV-et-resultats.png\",\"width\":1200,\"height\":674,\"caption\":\"MotoGP Autriche 2024 Horaires, programme TV et r\u00e9sultats\"},{\"@type\":\"BreadcrumbList\",\"@id\":\"https:\/\/dicodusport.fr\/blog\/motogp-autriche-2024-horaires-programme-tv-et-resultats\/#breadcrumb\",\"itemListElement\":[{\"@type\":\"ListItem\",\"position\":1,\"name\":\"Accueil\",\"item\":\"https:\/\/dicodusport.fr\/blog\/\"},{\"@type\":\"ListItem\",\"position\":2,\"name\":\"MotoGP Autriche 2024 : Les r\u00e9sultats complets\"}]},{\"@type\":\"WebSite\",\"@id\":\"https:\/\/dicodusport.fr\/blog\/#website\",\"url\":\"https:\/\/dicodusport.fr\/blog\/\",\"name\":\"Dicodusport\",\"description\":\"L&#039;encyclop\u00e9die de l&#039;actualit\u00e9 sportive\",\"publisher\":{\"@id\":\"https:\/\/dicodusport.fr\/blog\/#organization\"},\"potentialAction\":[{\"@type\":\"SearchAction\",\"target\":{\"@type\":\"EntryPoint\",\"urlTemplate\":\"https:\/\/dicodusport.fr\/blog\/?s={search_term_string}\"},\"query-input\":{\"@type\":\"PropertyValueSpecification\",\"valueRequired\":true,\"valueName\":\"search_term_string\"}}],\"inLanguage\":\"fr-FR\"},{\"@type\":\"NewsMediaOrganization\",\"@id\":\"https:\/\/dicodusport.fr\/blog\/#organization\",\"name\":\"Dicodusport\",\"url\":\"https:\/\/dicodusport.fr\/blog\/\",\"logo\":{\"@type\":\"ImageObject\",\"inLanguage\":\"fr-FR\",\"@id\":\"https:\/\/dicodusport.fr\/blog\/#\/schema\/logo\/image\/\",\"url\":\"https:\/\/dicodusport.fr\/blog\/wp-content\/uploads\/2020\/06\/cropped-LOGO-DICODUSPORT-2020-SANS-FOND-SANS-TEXTE.png\",\"contentUrl\":\"https:\/\/dicodusport.fr\/blog\/wp-content\/uploads\/2020\/06\/cropped-LOGO-DICODUSPORT-2020-SANS-FOND-SANS-TEXTE.png\",\"width\":512,\"height\":512,\"caption\":\"Dicodusport\"},\"image\":{\"@id\":\"https:\/\/dicodusport.fr\/blog\/#\/schema\/logo\/image\/\"},\"sameAs\":[\"https:\/\/www.facebook.com\/dicodusport\",\"https:\/\/x.com\/dicodusport\",\"https:\/\/www.instagram.com\/dicodusport\/\",\"https:\/\/www.youtube.com\/channel\/UC7V2KZ5sd3htJivAbA4ZG3w\"],\"description\":\"Dicodusport est l'encyclop\u00e9die de l'actualit\u00e9 sportive.\",\"email\":\"bonjour@dicodusport.fr\",\"legalName\":\"DICODUSPORT\",\"foundingDate\":\"2018-01-14\",\"vatID\":\"FR71834470973\",\"taxID\":\"83447097300043\",\"numberOfEmployees\":{\"@type\":\"QuantitativeValue\",\"minValue\":\"1\",\"maxValue\":\"10\"}},{\"@type\":\"Person\",\"@id\":\"https:\/\/dicodusport.fr\/blog\/#\/schema\/person\/819fb2545dd2715bd7c0580d6d4b411a\",\"name\":\"Roxane Lecacher\",\"image\":{\"@type\":\"ImageObject\",\"inLanguage\":\"fr-FR\",\"@id\":\"https:\/\/dicodusport.fr\/blog\/#\/schema\/person\/image\/\",\"url\":\"https:\/\/dicodusport.fr\/blog\/wp-content\/uploads\/2021\/05\/Roxane-Lecacher-150x150.jpg\",\"contentUrl\":\"https:\/\/dicodusport.fr\/blog\/wp-content\/uploads\/2021\/05\/Roxane-Lecacher-150x150.jpg\",\"caption\":\"Roxane Lecacher\"},\"description\":\"Journaliste\/r\u00e9dactrice depuis janvier 2021 - N\u00e9e quelques jours avant la premi\u00e8re \u00e9toile des Bleus, je baigne dans une famille tr\u00e8s sportive. Je n\u2019ai eu d\u2019autres choix que de me passionner pour le sujet. Pratiquante de l\u2019athl\u00e9tisme depuis toute petite, j\u2019ai aussi un attrait tout particulier pour la Formule 1, le biathlon et le foot. Pendant les grands \u00e9v\u00e9nements, il est impossible de d\u00e9crocher de ma t\u00e9l\u00e9. C\u2019est \u00e0 travers Dicodusport que j\u2019aime d\u00e9sormais vous transmettre mes \u00e9motions et ma passion.\",\"sameAs\":[\"https:\/\/www.facebook.com\/roxane.lecacher\",\"https:\/\/fr.linkedin.com\/in\/roxane-lecacher-23368313b\"],\"url\":\"https:\/\/dicodusport.fr\/blog\/author\/roxanel\/\"}]}<\/script>\n<!-- \/ Yoast SEO Premium plugin. -->","yoast_head_json":{"title":"MotoGP Autriche 2024 : Les r\u00e9sultats complets","description":"MOTOGP - AUTRICHE 2024 : Programme TV, horaires, enjeux et r\u00e9sultats de la 11\u00e8me manche du Championnat du monde de MotoGP.","robots":{"index":"index","follow":"follow","max-snippet":"max-snippet:-1","max-image-preview":"max-image-preview:large","max-video-preview":"max-video-preview:-1"},"canonical":"https:\/\/dicodusport.fr\/blog\/motogp-autriche-2024-horaires-programme-tv-et-resultats\/","og_locale":"fr_FR","og_type":"article","og_title":"MotoGP Autriche 2024 : Les r\u00e9sultats complets","og_description":"MOTOGP - AUTRICHE 2024 : Programme TV, horaires, enjeux et r\u00e9sultats de la 11\u00e8me manche du Championnat du monde de MotoGP.","og_url":"https:\/\/dicodusport.fr\/blog\/motogp-autriche-2024-horaires-programme-tv-et-resultats\/","og_site_name":"Dicodusport","article_publisher":"https:\/\/www.facebook.com\/dicodusport","article_author":"https:\/\/www.facebook.com\/roxane.lecacher","article_published_time":"2024-08-18T12:59:48+00:00","article_modified_time":"2024-08-18T13:01:34+00:00","og_image":[{"width":1200,"height":674,"url":"https:\/\/dicodusport.fr\/blog\/wp-content\/uploads\/2024\/08\/MotoGP-Autriche-2024-Horaires-programme-TV-et-resultats.png","type":"image\/png"}],"author":"Roxane Lecacher","twitter_card":"summary_large_image","twitter_title":"MotoGP Autriche 2024 : Les r\u00e9sultats complets","twitter_creator":"@dicodusport","twitter_site":"@dicodusport","schema":{"@context":"https:\/\/schema.org","@graph":[{"@type":"NewsArticle","@id":"https:\/\/dicodusport.fr\/blog\/motogp-autriche-2024-horaires-programme-tv-et-resultats\/#article","isPartOf":{"@id":"https:\/\/dicodusport.fr\/blog\/motogp-autriche-2024-horaires-programme-tv-et-resultats\/"},"author":{"name":"Roxane Lecacher","@id":"https:\/\/dicodusport.fr\/blog\/#\/schema\/person\/819fb2545dd2715bd7c0580d6d4b411a"},"headline":"MotoGP Autriche 2024 : Les r\u00e9sultats complets","datePublished":"2024-08-18T12:59:48+00:00","dateModified":"2024-08-18T13:01:34+00:00","mainEntityOfPage":{"@id":"https:\/\/dicodusport.fr\/blog\/motogp-autriche-2024-horaires-programme-tv-et-resultats\/"},"wordCount":906,"commentCount":0,"publisher":{"@id":"https:\/\/dicodusport.fr\/blog\/#organization"},"image":{"@id":"https:\/\/dicodusport.fr\/blog\/motogp-autriche-2024-horaires-programme-tv-et-resultats\/#primaryimage"},"thumbnailUrl":"https:\/\/dicodusport.fr\/blog\/wp-content\/uploads\/2024\/08\/MotoGP-Autriche-2024-Horaires-programme-TV-et-resultats.png","keywords":["br\u00e8ve","Grand Prix d'Autriche MotoGP","MotoGP","MotoGP Autriche"],"articleSection":["MotoGP"],"inLanguage":"fr-FR","potentialAction":[{"@type":"CommentAction","name":"Comment","target":["https:\/\/dicodusport.fr\/blog\/motogp-autriche-2024-horaires-programme-tv-et-resultats\/#respond"]}],"copyrightYear":"2024","copyrightHolder":{"@id":"https:\/\/dicodusport.fr\/blog\/#organization"}},{"@type":"WebPage","@id":"https:\/\/dicodusport.fr\/blog\/motogp-autriche-2024-horaires-programme-tv-et-resultats\/","url":"https:\/\/dicodusport.fr\/blog\/motogp-autriche-2024-horaires-programme-tv-et-resultats\/","name":"MotoGP Autriche 2024 : Les r\u00e9sultats complets","isPartOf":{"@id":"https:\/\/dicodusport.fr\/blog\/#website"},"primaryImageOfPage":{"@id":"https:\/\/dicodusport.fr\/blog\/motogp-autriche-2024-horaires-programme-tv-et-resultats\/#primaryimage"},"image":{"@id":"https:\/\/dicodusport.fr\/blog\/motogp-autriche-2024-horaires-programme-tv-et-resultats\/#primaryimage"},"thumbnailUrl":"https:\/\/dicodusport.fr\/blog\/wp-content\/uploads\/2024\/08\/MotoGP-Autriche-2024-Horaires-programme-TV-et-resultats.png","datePublished":"2024-08-18T12:59:48+00:00","dateModified":"2024-08-18T13:01:34+00:00","description":"MOTOGP - AUTRICHE 2024 : Programme TV, horaires, enjeux et r\u00e9sultats de la 11\u00e8me manche du Championnat du monde de MotoGP.","breadcrumb":{"@id":"https:\/\/dicodusport.fr\/blog\/motogp-autriche-2024-horaires-programme-tv-et-resultats\/#breadcrumb"},"inLanguage":"fr-FR","potentialAction":[{"@type":"ReadAction","target":["https:\/\/dicodusport.fr\/blog\/motogp-autriche-2024-horaires-programme-tv-et-resultats\/"]}]},{"@type":"ImageObject","inLanguage":"fr-FR","@id":"https:\/\/dicodusport.fr\/blog\/motogp-autriche-2024-horaires-programme-tv-et-resultats\/#primaryimage","url":"https:\/\/dicodusport.fr\/blog\/wp-content\/uploads\/2024\/08\/MotoGP-Autriche-2024-Horaires-programme-TV-et-resultats.png","contentUrl":"https:\/\/dicodusport.fr\/blog\/wp-content\/uploads\/2024\/08\/MotoGP-Autriche-2024-Horaires-programme-TV-et-resultats.png","width":1200,"height":674,"caption":"MotoGP Autriche 2024 Horaires, programme TV et r\u00e9sultats"},{"@type":"BreadcrumbList","@id":"https:\/\/dicodusport.fr\/blog\/motogp-autriche-2024-horaires-programme-tv-et-resultats\/#breadcrumb","itemListElement":[{"@type":"ListItem","position":1,"name":"Accueil","item":"https:\/\/dicodusport.fr\/blog\/"},{"@type":"ListItem","position":2,"name":"MotoGP Autriche 2024 : Les r\u00e9sultats complets"}]},{"@type":"WebSite","@id":"https:\/\/dicodusport.fr\/blog\/#website","url":"https:\/\/dicodusport.fr\/blog\/","name":"Dicodusport","description":"L&#039;encyclop\u00e9die de l&#039;actualit\u00e9 sportive","publisher":{"@id":"https:\/\/dicodusport.fr\/blog\/#organization"},"potentialAction":[{"@type":"SearchAction","target":{"@type":"EntryPoint","urlTemplate":"https:\/\/dicodusport.fr\/blog\/?s={search_term_string}"},"query-input":{"@type":"PropertyValueSpecification","valueRequired":true,"valueName":"search_term_string"}}],"inLanguage":"fr-FR"},{"@type":"NewsMediaOrganization","@id":"https:\/\/dicodusport.fr\/blog\/#organization","name":"Dicodusport","url":"https:\/\/dicodusport.fr\/blog\/","logo":{"@type":"ImageObject","inLanguage":"fr-FR","@id":"https:\/\/dicodusport.fr\/blog\/#\/schema\/logo\/image\/","url":"https:\/\/dicodusport.fr\/blog\/wp-content\/uploads\/2020\/06\/cropped-LOGO-DICODUSPORT-2020-SANS-FOND-SANS-TEXTE.png","contentUrl":"https:\/\/dicodusport.fr\/blog\/wp-content\/uploads\/2020\/06\/cropped-LOGO-DICODUSPORT-2020-SANS-FOND-SANS-TEXTE.png","width":512,"height":512,"caption":"Dicodusport"},"image":{"@id":"https:\/\/dicodusport.fr\/blog\/#\/schema\/logo\/image\/"},"sameAs":["https:\/\/www.facebook.com\/dicodusport","https:\/\/x.com\/dicodusport","https:\/\/www.instagram.com\/dicodusport\/","https:\/\/www.youtube.com\/channel\/UC7V2KZ5sd3htJivAbA4ZG3w"],"description":"Dicodusport est l'encyclop\u00e9die de l'actualit\u00e9 sportive.","email":"bonjour@dicodusport.fr","legalName":"DICODUSPORT","foundingDate":"2018-01-14","vatID":"FR71834470973","taxID":"83447097300043","numberOfEmployees":{"@type":"QuantitativeValue","minValue":"1","maxValue":"10"}},{"@type":"Person","@id":"https:\/\/dicodusport.fr\/blog\/#\/schema\/person\/819fb2545dd2715bd7c0580d6d4b411a","name":"Roxane Lecacher","image":{"@type":"ImageObject","inLanguage":"fr-FR","@id":"https:\/\/dicodusport.fr\/blog\/#\/schema\/person\/image\/","url":"https:\/\/dicodusport.fr\/blog\/wp-content\/uploads\/2021\/05\/Roxane-Lecacher-150x150.jpg","contentUrl":"https:\/\/dicodusport.fr\/blog\/wp-content\/uploads\/2021\/05\/Roxane-Lecacher-150x150.jpg","caption":"Roxane Lecacher"},"description":"Journaliste\/r\u00e9dactrice depuis janvier 2021 - N\u00e9e quelques jours avant la premi\u00e8re \u00e9toile des Bleus, je baigne dans une famille tr\u00e8s sportive. Je n\u2019ai eu d\u2019autres choix que de me passionner pour le sujet. Pratiquante de l\u2019athl\u00e9tisme depuis toute petite, j\u2019ai aussi un attrait tout particulier pour la Formule 1, le biathlon et le foot. Pendant les grands \u00e9v\u00e9nements, il est impossible de d\u00e9crocher de ma t\u00e9l\u00e9. C\u2019est \u00e0 travers Dicodusport que j\u2019aime d\u00e9sormais vous transmettre mes \u00e9motions et ma passion.","sameAs":["https:\/\/www.facebook.com\/roxane.lecacher","https:\/\/fr.linkedin.com\/in\/roxane-lecacher-23368313b"],"url":"https:\/\/dicodusport.fr\/blog\/author\/roxanel\/"}]}},"_links":{"self":[{"href":"https:\/\/dicodusport.fr\/blog\/wp-json\/wp\/v2\/posts\/512736","targetHints":{"allow":["GET"]}}],"collection":[{"href":"https:\/\/dicodusport.fr\/blog\/wp-json\/wp\/v2\/posts"}],"about":[{"href":"https:\/\/dicodusport.fr\/blog\/wp-json\/wp\/v2\/types\/post"}],"author":[{"embeddable":true,"href":"https:\/\/dicodusport.fr\/blog\/wp-json\/wp\/v2\/users\/54"}],"replies":[{"embeddable":true,"href":"https:\/\/dicodusport.fr\/blog\/wp-json\/wp\/v2\/comments?post=512736"}],"version-history":[{"count":6,"href":"https:\/\/dicodusport.fr\/blog\/wp-json\/wp\/v2\/posts\/512736\/revisions"}],"predecessor-version":[{"id":513355,"href":"https:\/\/dicodusport.fr\/blog\/wp-json\/wp\/v2\/posts\/512736\/revisions\/513355"}],"wp:featuredmedia":[{"embeddable":true,"href":"https:\/\/dicodusport.fr\/blog\/wp-json\/wp\/v2\/media\/512786"}],"wp:attachment":[{"href":"https:\/\/dicodusport.fr\/blog\/wp-json\/wp\/v2\/media?parent=512736"}],"wp:term":[{"taxonomy":"category","embeddable":true,"href":"https:\/\/dicodusport.fr\/blog\/wp-json\/wp\/v2\/categories?post=512736"},{"taxonomy":"post_tag","embeddable":true,"href":"https:\/\/dicodusport.fr\/blog\/wp-json\/wp\/v2\/tags?post=512736"}],"curies":[{"name":"wp","href":"https:\/\/api.w.org\/{rel}","templated":true}]}}