{"id":51283,"date":"2019-10-12T16:31:11","date_gmt":"2019-10-12T14:31:11","guid":{"rendered":"http:\/\/dicodusport.fr\/blog\/?p=51283&#038;preview=true&#038;preview_id=51283"},"modified":"2019-10-12T17:13:43","modified_gmt":"2019-10-12T15:13:43","slug":"tour-de-lombardie-bauke-mollema-s-impose-en-solitaire","status":"publish","type":"post","link":"https:\/\/dicodusport.fr\/blog\/tour-de-lombardie-bauke-mollema-s-impose-en-solitaire\/","title":{"rendered":"Tour de Lombardie : Bauke Mollema s&rsquo;impose en solitaire"},"content":{"rendered":"<p style=\"text-align: justify;\"><em><strong>Parti en solitaire \u00e0 19 km de l&rsquo;arriv\u00e9e, le N\u00e9erlandais Bauke Mollema, 32 ans, a remport\u00e9, en solitaire, le <a href=\"https:\/\/dicodusport.fr\/blog\/tour-de-lombardie-2019-le-profil-de-la-course\/\" target=\"_blank\" rel=\"noopener\">Tour de Lombardie<\/a>, le dernier Monument de la saison. Le coureur de la Trek-Segafredo a devanc\u00e9 le champion d&rsquo;Espagne Alejandro Valverde (Movistar) et le Colombien Egan Bernal (Ineos).<\/strong><\/em><\/p>\n<p style=\"text-align: justify;\">On attendait <strong>Primoz Roglic<\/strong>, c&rsquo;est finalement <strong>Bauke Mollema<\/strong> qui a crev\u00e9 l&rsquo;\u00e9cran en Lombardie. \u00c0 32 ans, le N\u00e9erlandais vient de remporter la plus belle victoire de sa carri\u00e8re, en triomphant \u00e0 C\u00f4me, en solitaire. Le Batave, souvent mal r\u00e9compens\u00e9 de ses efforts, a d\u00e9marr\u00e9 dans le <strong>Civiglio<\/strong>, \u00e0 moins de 20 km de l&rsquo;arriv\u00e9e, au nez et \u00e0 la barbe des grands favoris. Ces derniers, bien trop attentistes, n&rsquo;ont pu que constater les d\u00e9g\u00e2ts.<\/p>\n<p style=\"text-align: justify;\"><strong>Bauke Mollema<\/strong>, <strong>laur\u00e9at de la Clasica San Sebastian en 2016<\/strong>, d\u00e9croche ainsi son premier Monument. Arriv\u00e9 chez <strong>Trek Factory Racing<\/strong> en 2015 (devenu <strong>Trek-Segafredo<\/strong> en 2016), le natif de Groninguen parach\u00e8ve la fin de saison parfaite de sa formation, apr\u00e8s <a href=\"https:\/\/dicodusport.fr\/blog\/championnats-du-monde-mads-pedersen-sacre-au-terme-d-une-course-dantesque\/\" target=\"_blank\" rel=\"noopener\">le titre mondial d\u00e9croch\u00e9 par le Danois <strong>Mads Pedersen<\/strong><\/a> il y a 15 jours, en Grande-Bretagne.<\/p>\n<blockquote class=\"twitter-tweet\">\n<p dir=\"ltr\" lang=\"fr\">Bauke Mollema remporte le Tour de Lombardie 2019 ! <a href=\"https:\/\/twitter.com\/hashtag\/lequipeVELO?src=hash&amp;ref_src=twsrc%5Etfw\">#lequipeVELO<\/a> <a href=\"https:\/\/t.co\/QOvtyGsaOr\">pic.twitter.com\/QOvtyGsaOr<\/a><\/p>\n<p>\u2014 la chaine L&rsquo;\u00c9quipe (@lachainelequipe) <a href=\"https:\/\/twitter.com\/lachainelequipe\/status\/1183028630223511554?ref_src=twsrc%5Etfw\">October 12, 2019<\/a><\/p><\/blockquote>\n<p><script async src=\"https:\/\/platform.twitter.com\/widgets.js\" charset=\"utf-8\"><\/script><\/p>\n<h2 style=\"text-align: justify;\">Roglic pi\u00e9g\u00e9, Gaudu trop juste<\/h2>\n<p style=\"text-align: justify;\">Derri\u00e8re, le grand favori du jour n&rsquo;a rien pu faire. Le Slov\u00e8ne <strong>Primoz Roglic (Jumbo-Visma)<\/strong>, vainqueur de la <strong>Vuelta<\/strong> en septembre dernier, et victorieux sur le <strong>Tour d&rsquo;Emilie<\/strong> et les <strong>Trois Vall\u00e9es Var\u00e9sines<\/strong> cette semaine, s&rsquo;est fait pi\u00e9ger, tout comme les autres favoris qu&rsquo;\u00e9taient <strong>Alejandro Valverde<\/strong> ou <strong>Egan Bernal<\/strong>. Les deux coureurs terminent, dans cet ordre, sur le podium d&rsquo;<strong>Il Lombardia 2019<\/strong>, \u00e0 16 secondes du vainqueur. <strong>Roglic<\/strong>, num\u00e9ro un mondial, devant se contenter de la 7\u00e8me place.<\/p>\n<p style=\"text-align: justify;\">C\u00f4t\u00e9 Fran\u00e7ais, ils sont deux \u00e0 se classer dans le top 10. <strong>Pierre Latour (AG2R La Mondiale)<\/strong>, tr\u00e8s offensif dans le <strong>Civiglio<\/strong>, prend la 9\u00e8me place, juste devant <strong>Rudy Molard (Groupama-FDJ)<\/strong>. Co\u00e9quipier de ce dernier, <strong>David Gaudu<\/strong>, qui avait beaucoup donn\u00e9 dans le <strong>Mur de Sormano<\/strong> et les premi\u00e8res pentes du <strong>Civiglio<\/strong>, termine 11\u00e8me, \u00e0 bout de souffle. \u00c0 noter la d\u00e9sillusion de <strong>Vincenzo Nibali<\/strong>. Le double vainqueur de l&rsquo;\u00e9preuve a \u00e9t\u00e9 distanc\u00e9 d\u00e8s le pied du <strong>Civiglio<\/strong>, et termine \u00e0 six minutes du vainqueur ce samedi.<\/p>\n<blockquote class=\"twitter-tweet\">\n<p dir=\"ltr\" lang=\"fr\">Le top 10 <a href=\"https:\/\/twitter.com\/hashtag\/ILombardia?src=hash&amp;ref_src=twsrc%5Etfw\">#ILombardia<\/a><br \/>\nC\u00f4t\u00e9 fran\u00e7ais, Latour pas r\u00e9compens\u00e9 de ses coups de boutoir du Civiglio, premier top 10 sur un monument pour Molard, et <a href=\"https:\/\/twitter.com\/hashtag\/top11?src=hash&amp;ref_src=twsrc%5Etfw\">#top11<\/a> encourageant pour Gaudu, encore un poil tendre mais qui signe son meilleur r\u00e9sultat et a les moyens de faire mieux \u00e0 l&rsquo;avenir ! <a href=\"https:\/\/t.co\/jefytdwOSW\">pic.twitter.com\/jefytdwOSW<\/a><\/p>\n<p>\u2014 Le Gruppetto (@LeGruppetto) <a href=\"https:\/\/twitter.com\/LeGruppetto\/status\/1183030149626957824?ref_src=twsrc%5Etfw\">October 12, 2019<\/a><\/p><\/blockquote>\n<p><script async src=\"https:\/\/platform.twitter.com\/widgets.js\" charset=\"utf-8\"><\/script><\/p>\n<p><strong><em>Dicodusport<br \/>\n<a href=\"https:\/\/www.facebook.com\/dicodusport\/\" target=\"_blank\" rel=\"noopener\"><img loading=\"lazy\" decoding=\"async\" class=\"alignnone wp-image-2909\" src=\"http:\/\/dicodusport.fr\/blog\/wp-content\/uploads\/2017\/07\/logo-facebook-150x150.png\" alt=\"\" width=\"40\" height=\"40\" \/><\/a><a href=\"https:\/\/twitter.com\/dicodusport\" target=\"_blank\" rel=\"noopener\"><img loading=\"lazy\" decoding=\"async\" class=\"alignnone wp-image-2908\" src=\"http:\/\/dicodusport.fr\/blog\/wp-content\/uploads\/2017\/07\/logo-twitter-150x150.png\" alt=\"\" width=\"39\" height=\"39\" \/><\/a><\/em><\/strong><\/p>\n<p>&nbsp;<\/p>\n","protected":false},"excerpt":{"rendered":"<p>Parti en solitaire \u00e0 19 km de l&rsquo;arriv\u00e9e, le N\u00e9erlandais Bauke Mollema a remport\u00e9, en solitaire, le Tour de Lombardie, dernier Monument de la saison. <\/p>\n","protected":false},"author":4,"featured_media":51290,"comment_status":"open","ping_status":"closed","sticky":false,"template":"","format":"standard","meta":{"_acf_changed":false,"_daextam_enable_autolinks":"","footnotes":""},"categories":[2307],"tags":[4168],"class_list":["post-51283","post","type-post","status-publish","format-standard","has-post-thumbnail","hentry","category-cyclisme","tag-tour-de-lombardie"],"acf":[],"yoast_head":"<!-- This site is optimized with the Yoast SEO Premium plugin v26.7 (Yoast SEO v26.7) - https:\/\/yoast.com\/wordpress\/plugins\/seo\/ -->\n<title>Tour de Lombardie : Bauke Mollema s&#039;impose en solitaire<\/title>\n<meta name=\"description\" content=\"Parti en solitaire \u00e0 19 km de l&#039;arriv\u00e9e, le N\u00e9erlandais Bauke Mollema a remport\u00e9, en solitaire, le Tour de Lombardie, dernier Monument de la saison.\" \/>\n<meta name=\"robots\" content=\"index, follow, max-snippet:-1, max-image-preview:large, max-video-preview:-1\" \/>\n<link rel=\"canonical\" href=\"https:\/\/dicodusport.fr\/blog\/tour-de-lombardie-bauke-mollema-s-impose-en-solitaire\/\" \/>\n<meta property=\"og:locale\" content=\"fr_FR\" \/>\n<meta property=\"og:type\" content=\"article\" \/>\n<meta property=\"og:title\" content=\"Bauke Mollema pi\u00e8ge les favoris et remporte le Tour de Lombardie\" \/>\n<meta property=\"og:description\" content=\"Parti en solitaire \u00e0 19 km de l&#039;arriv\u00e9e, le N\u00e9erlandais Bauke Mollema a remport\u00e9, en solitaire, le Tour de Lombardie, dernier Monument de la saison.\" \/>\n<meta property=\"og:url\" content=\"https:\/\/dicodusport.fr\/blog\/tour-de-lombardie-bauke-mollema-s-impose-en-solitaire\/\" \/>\n<meta property=\"og:site_name\" content=\"Dicodusport\" \/>\n<meta property=\"article:publisher\" content=\"https:\/\/www.facebook.com\/dicodusport\" \/>\n<meta property=\"article:author\" content=\"https:\/\/www.facebook.com\/florent.ostermann\" \/>\n<meta property=\"article:published_time\" content=\"2019-10-12T14:31:11+00:00\" \/>\n<meta property=\"article:modified_time\" content=\"2019-10-12T15:13:43+00:00\" \/>\n<meta property=\"og:image\" content=\"https:\/\/dicodusport.fr\/blog\/wp-content\/uploads\/2019\/10\/Bauke-Mollema-remporte-le-Tour-de-Lombardie-2019.png\" \/>\n\t<meta property=\"og:image:width\" content=\"800\" \/>\n\t<meta property=\"og:image:height\" content=\"445\" \/>\n\t<meta property=\"og:image:type\" content=\"image\/png\" \/>\n<meta name=\"author\" content=\"Flo Ostermann\" \/>\n<meta name=\"twitter:card\" content=\"summary_large_image\" \/>\n<meta name=\"twitter:title\" content=\"Bauke Mollema pi\u00e8ge les favoris et remporte le Tour de Lombardie\" \/>\n<meta name=\"twitter:creator\" content=\"@https:\/\/twitter.com\/FlOstermann\" \/>\n<meta name=\"twitter:site\" content=\"@dicodusport\" \/>\n<script type=\"application\/ld+json\" class=\"yoast-schema-graph\">{\"@context\":\"https:\/\/schema.org\",\"@graph\":[{\"@type\":\"NewsArticle\",\"@id\":\"https:\/\/dicodusport.fr\/blog\/tour-de-lombardie-bauke-mollema-s-impose-en-solitaire\/#article\",\"isPartOf\":{\"@id\":\"https:\/\/dicodusport.fr\/blog\/tour-de-lombardie-bauke-mollema-s-impose-en-solitaire\/\"},\"author\":{\"name\":\"Flo Ostermann\",\"@id\":\"https:\/\/dicodusport.fr\/blog\/#\/schema\/person\/cb02af4c173ce4a653b55e9baf388d4a\"},\"headline\":\"Tour de Lombardie : Bauke Mollema s&rsquo;impose en solitaire\",\"datePublished\":\"2019-10-12T14:31:11+00:00\",\"dateModified\":\"2019-10-12T15:13:43+00:00\",\"mainEntityOfPage\":{\"@id\":\"https:\/\/dicodusport.fr\/blog\/tour-de-lombardie-bauke-mollema-s-impose-en-solitaire\/\"},\"wordCount\":456,\"commentCount\":0,\"publisher\":{\"@id\":\"https:\/\/dicodusport.fr\/blog\/#organization\"},\"image\":{\"@id\":\"https:\/\/dicodusport.fr\/blog\/tour-de-lombardie-bauke-mollema-s-impose-en-solitaire\/#primaryimage\"},\"thumbnailUrl\":\"https:\/\/dicodusport.fr\/blog\/wp-content\/uploads\/2019\/10\/Bauke-Mollema-remporte-le-Tour-de-Lombardie-2019.png\",\"keywords\":[\"Tour de Lombardie\"],\"articleSection\":[\"Cyclisme\"],\"inLanguage\":\"fr-FR\",\"potentialAction\":[{\"@type\":\"CommentAction\",\"name\":\"Comment\",\"target\":[\"https:\/\/dicodusport.fr\/blog\/tour-de-lombardie-bauke-mollema-s-impose-en-solitaire\/#respond\"]}],\"copyrightYear\":\"2019\",\"copyrightHolder\":{\"@id\":\"https:\/\/dicodusport.fr\/blog\/#organization\"}},{\"@type\":\"WebPage\",\"@id\":\"https:\/\/dicodusport.fr\/blog\/tour-de-lombardie-bauke-mollema-s-impose-en-solitaire\/\",\"url\":\"https:\/\/dicodusport.fr\/blog\/tour-de-lombardie-bauke-mollema-s-impose-en-solitaire\/\",\"name\":\"Tour de Lombardie : Bauke Mollema s'impose en solitaire\",\"isPartOf\":{\"@id\":\"https:\/\/dicodusport.fr\/blog\/#website\"},\"primaryImageOfPage\":{\"@id\":\"https:\/\/dicodusport.fr\/blog\/tour-de-lombardie-bauke-mollema-s-impose-en-solitaire\/#primaryimage\"},\"image\":{\"@id\":\"https:\/\/dicodusport.fr\/blog\/tour-de-lombardie-bauke-mollema-s-impose-en-solitaire\/#primaryimage\"},\"thumbnailUrl\":\"https:\/\/dicodusport.fr\/blog\/wp-content\/uploads\/2019\/10\/Bauke-Mollema-remporte-le-Tour-de-Lombardie-2019.png\",\"datePublished\":\"2019-10-12T14:31:11+00:00\",\"dateModified\":\"2019-10-12T15:13:43+00:00\",\"description\":\"Parti en solitaire \u00e0 19 km de l'arriv\u00e9e, le N\u00e9erlandais Bauke Mollema a remport\u00e9, en solitaire, le Tour de Lombardie, dernier Monument de la saison.\",\"breadcrumb\":{\"@id\":\"https:\/\/dicodusport.fr\/blog\/tour-de-lombardie-bauke-mollema-s-impose-en-solitaire\/#breadcrumb\"},\"inLanguage\":\"fr-FR\",\"potentialAction\":[{\"@type\":\"ReadAction\",\"target\":[\"https:\/\/dicodusport.fr\/blog\/tour-de-lombardie-bauke-mollema-s-impose-en-solitaire\/\"]}]},{\"@type\":\"ImageObject\",\"inLanguage\":\"fr-FR\",\"@id\":\"https:\/\/dicodusport.fr\/blog\/tour-de-lombardie-bauke-mollema-s-impose-en-solitaire\/#primaryimage\",\"url\":\"https:\/\/dicodusport.fr\/blog\/wp-content\/uploads\/2019\/10\/Bauke-Mollema-remporte-le-Tour-de-Lombardie-2019.png\",\"contentUrl\":\"https:\/\/dicodusport.fr\/blog\/wp-content\/uploads\/2019\/10\/Bauke-Mollema-remporte-le-Tour-de-Lombardie-2019.png\",\"width\":800,\"height\":445,\"caption\":\"Bauke Mollema remporte le Tour de Lombardie 2019\"},{\"@type\":\"BreadcrumbList\",\"@id\":\"https:\/\/dicodusport.fr\/blog\/tour-de-lombardie-bauke-mollema-s-impose-en-solitaire\/#breadcrumb\",\"itemListElement\":[{\"@type\":\"ListItem\",\"position\":1,\"name\":\"Accueil\",\"item\":\"https:\/\/dicodusport.fr\/blog\/\"},{\"@type\":\"ListItem\",\"position\":2,\"name\":\"Tour de Lombardie : Bauke Mollema s&rsquo;impose en solitaire\"}]},{\"@type\":\"WebSite\",\"@id\":\"https:\/\/dicodusport.fr\/blog\/#website\",\"url\":\"https:\/\/dicodusport.fr\/blog\/\",\"name\":\"Dicodusport\",\"description\":\"L&#039;encyclop\u00e9die de l&#039;actualit\u00e9 sportive\",\"publisher\":{\"@id\":\"https:\/\/dicodusport.fr\/blog\/#organization\"},\"potentialAction\":[{\"@type\":\"SearchAction\",\"target\":{\"@type\":\"EntryPoint\",\"urlTemplate\":\"https:\/\/dicodusport.fr\/blog\/?s={search_term_string}\"},\"query-input\":{\"@type\":\"PropertyValueSpecification\",\"valueRequired\":true,\"valueName\":\"search_term_string\"}}],\"inLanguage\":\"fr-FR\"},{\"@type\":\"NewsMediaOrganization\",\"@id\":\"https:\/\/dicodusport.fr\/blog\/#organization\",\"name\":\"Dicodusport\",\"url\":\"https:\/\/dicodusport.fr\/blog\/\",\"logo\":{\"@type\":\"ImageObject\",\"inLanguage\":\"fr-FR\",\"@id\":\"https:\/\/dicodusport.fr\/blog\/#\/schema\/logo\/image\/\",\"url\":\"https:\/\/dicodusport.fr\/blog\/wp-content\/uploads\/2020\/06\/cropped-LOGO-DICODUSPORT-2020-SANS-FOND-SANS-TEXTE.png\",\"contentUrl\":\"https:\/\/dicodusport.fr\/blog\/wp-content\/uploads\/2020\/06\/cropped-LOGO-DICODUSPORT-2020-SANS-FOND-SANS-TEXTE.png\",\"width\":512,\"height\":512,\"caption\":\"Dicodusport\"},\"image\":{\"@id\":\"https:\/\/dicodusport.fr\/blog\/#\/schema\/logo\/image\/\"},\"sameAs\":[\"https:\/\/www.facebook.com\/dicodusport\",\"https:\/\/x.com\/dicodusport\",\"https:\/\/www.instagram.com\/dicodusport\/\",\"https:\/\/www.youtube.com\/channel\/UC7V2KZ5sd3htJivAbA4ZG3w\"],\"description\":\"Dicodusport est l'encyclop\u00e9die de l'actualit\u00e9 sportive.\",\"email\":\"bonjour@dicodusport.fr\",\"legalName\":\"DICODUSPORT\",\"foundingDate\":\"2018-01-14\",\"vatID\":\"FR71834470973\",\"taxID\":\"83447097300043\",\"numberOfEmployees\":{\"@type\":\"QuantitativeValue\",\"minValue\":\"1\",\"maxValue\":\"10\"}},{\"@type\":\"Person\",\"@id\":\"https:\/\/dicodusport.fr\/blog\/#\/schema\/person\/cb02af4c173ce4a653b55e9baf388d4a\",\"name\":\"Flo Ostermann\",\"image\":{\"@type\":\"ImageObject\",\"inLanguage\":\"fr-FR\",\"@id\":\"https:\/\/dicodusport.fr\/blog\/#\/schema\/person\/image\/\",\"url\":\"https:\/\/dicodusport.fr\/blog\/wp-content\/uploads\/2021\/05\/Flo-Ostermann-150x150.jpg\",\"contentUrl\":\"https:\/\/dicodusport.fr\/blog\/wp-content\/uploads\/2021\/05\/Flo-Ostermann-150x150.jpg\",\"caption\":\"Flo Ostermann\"},\"description\":\"Journaliste\/R\u00e9dacteur depuis septembre 2015 - Mes premiers souvenirs dans le sport ? Les envol\u00e9es du Stade Toulousain et les duels Villeneuve-Schumacher et H\u00e4kkinen-Schumacher \u00e0 la fin des ann\u00e9es 90, la Coupe du monde de football en 1998, l\u2019exploit du XV de France face aux All Blacks en 1999, mais aussi Richard C\u0153ur de Lion qui vole sur les montagnes du Tour de France. Bien parti pour devenir professeur d\u2019EPS, les \u00e9v\u00e9nements de la vie (et la flemme d\u2019animer des s\u00e9ances de 3x500 m\u00e8tres toute ma vie) m\u2019ont conduit \u00e0 revoir mes plans. Me voil\u00e0 depuis fin 2017 sur Dicodusport, m\u00e9dia gr\u00e2ce (et pour) lequel je partage ma passion : le sport dans tous ses \u00e9tats. Le tout accompagn\u00e9 par les fous furieux et folles furieuses cit\u00e9s sur cette page !\",\"sameAs\":[\"https:\/\/www.facebook.com\/florent.ostermann\",\"https:\/\/x.com\/https:\/\/twitter.com\/FlOstermann\",\"admin\"],\"url\":\"https:\/\/dicodusport.fr\/blog\/author\/flo\/\"}]}<\/script>\n<!-- \/ Yoast SEO Premium plugin. -->","yoast_head_json":{"title":"Tour de Lombardie : Bauke Mollema s'impose en solitaire","description":"Parti en solitaire \u00e0 19 km de l'arriv\u00e9e, le N\u00e9erlandais Bauke Mollema a remport\u00e9, en solitaire, le Tour de Lombardie, dernier Monument de la saison.","robots":{"index":"index","follow":"follow","max-snippet":"max-snippet:-1","max-image-preview":"max-image-preview:large","max-video-preview":"max-video-preview:-1"},"canonical":"https:\/\/dicodusport.fr\/blog\/tour-de-lombardie-bauke-mollema-s-impose-en-solitaire\/","og_locale":"fr_FR","og_type":"article","og_title":"Bauke Mollema pi\u00e8ge les favoris et remporte le Tour de Lombardie","og_description":"Parti en solitaire \u00e0 19 km de l'arriv\u00e9e, le N\u00e9erlandais Bauke Mollema a remport\u00e9, en solitaire, le Tour de Lombardie, dernier Monument de la saison.","og_url":"https:\/\/dicodusport.fr\/blog\/tour-de-lombardie-bauke-mollema-s-impose-en-solitaire\/","og_site_name":"Dicodusport","article_publisher":"https:\/\/www.facebook.com\/dicodusport","article_author":"https:\/\/www.facebook.com\/florent.ostermann","article_published_time":"2019-10-12T14:31:11+00:00","article_modified_time":"2019-10-12T15:13:43+00:00","og_image":[{"width":800,"height":445,"url":"https:\/\/dicodusport.fr\/blog\/wp-content\/uploads\/2019\/10\/Bauke-Mollema-remporte-le-Tour-de-Lombardie-2019.png","type":"image\/png"}],"author":"Flo Ostermann","twitter_card":"summary_large_image","twitter_title":"Bauke Mollema pi\u00e8ge les favoris et remporte le Tour de Lombardie","twitter_creator":"@https:\/\/twitter.com\/FlOstermann","twitter_site":"@dicodusport","schema":{"@context":"https:\/\/schema.org","@graph":[{"@type":"NewsArticle","@id":"https:\/\/dicodusport.fr\/blog\/tour-de-lombardie-bauke-mollema-s-impose-en-solitaire\/#article","isPartOf":{"@id":"https:\/\/dicodusport.fr\/blog\/tour-de-lombardie-bauke-mollema-s-impose-en-solitaire\/"},"author":{"name":"Flo Ostermann","@id":"https:\/\/dicodusport.fr\/blog\/#\/schema\/person\/cb02af4c173ce4a653b55e9baf388d4a"},"headline":"Tour de Lombardie : Bauke Mollema s&rsquo;impose en solitaire","datePublished":"2019-10-12T14:31:11+00:00","dateModified":"2019-10-12T15:13:43+00:00","mainEntityOfPage":{"@id":"https:\/\/dicodusport.fr\/blog\/tour-de-lombardie-bauke-mollema-s-impose-en-solitaire\/"},"wordCount":456,"commentCount":0,"publisher":{"@id":"https:\/\/dicodusport.fr\/blog\/#organization"},"image":{"@id":"https:\/\/dicodusport.fr\/blog\/tour-de-lombardie-bauke-mollema-s-impose-en-solitaire\/#primaryimage"},"thumbnailUrl":"https:\/\/dicodusport.fr\/blog\/wp-content\/uploads\/2019\/10\/Bauke-Mollema-remporte-le-Tour-de-Lombardie-2019.png","keywords":["Tour de Lombardie"],"articleSection":["Cyclisme"],"inLanguage":"fr-FR","potentialAction":[{"@type":"CommentAction","name":"Comment","target":["https:\/\/dicodusport.fr\/blog\/tour-de-lombardie-bauke-mollema-s-impose-en-solitaire\/#respond"]}],"copyrightYear":"2019","copyrightHolder":{"@id":"https:\/\/dicodusport.fr\/blog\/#organization"}},{"@type":"WebPage","@id":"https:\/\/dicodusport.fr\/blog\/tour-de-lombardie-bauke-mollema-s-impose-en-solitaire\/","url":"https:\/\/dicodusport.fr\/blog\/tour-de-lombardie-bauke-mollema-s-impose-en-solitaire\/","name":"Tour de Lombardie : Bauke Mollema s'impose en solitaire","isPartOf":{"@id":"https:\/\/dicodusport.fr\/blog\/#website"},"primaryImageOfPage":{"@id":"https:\/\/dicodusport.fr\/blog\/tour-de-lombardie-bauke-mollema-s-impose-en-solitaire\/#primaryimage"},"image":{"@id":"https:\/\/dicodusport.fr\/blog\/tour-de-lombardie-bauke-mollema-s-impose-en-solitaire\/#primaryimage"},"thumbnailUrl":"https:\/\/dicodusport.fr\/blog\/wp-content\/uploads\/2019\/10\/Bauke-Mollema-remporte-le-Tour-de-Lombardie-2019.png","datePublished":"2019-10-12T14:31:11+00:00","dateModified":"2019-10-12T15:13:43+00:00","description":"Parti en solitaire \u00e0 19 km de l'arriv\u00e9e, le N\u00e9erlandais Bauke Mollema a remport\u00e9, en solitaire, le Tour de Lombardie, dernier Monument de la saison.","breadcrumb":{"@id":"https:\/\/dicodusport.fr\/blog\/tour-de-lombardie-bauke-mollema-s-impose-en-solitaire\/#breadcrumb"},"inLanguage":"fr-FR","potentialAction":[{"@type":"ReadAction","target":["https:\/\/dicodusport.fr\/blog\/tour-de-lombardie-bauke-mollema-s-impose-en-solitaire\/"]}]},{"@type":"ImageObject","inLanguage":"fr-FR","@id":"https:\/\/dicodusport.fr\/blog\/tour-de-lombardie-bauke-mollema-s-impose-en-solitaire\/#primaryimage","url":"https:\/\/dicodusport.fr\/blog\/wp-content\/uploads\/2019\/10\/Bauke-Mollema-remporte-le-Tour-de-Lombardie-2019.png","contentUrl":"https:\/\/dicodusport.fr\/blog\/wp-content\/uploads\/2019\/10\/Bauke-Mollema-remporte-le-Tour-de-Lombardie-2019.png","width":800,"height":445,"caption":"Bauke Mollema remporte le Tour de Lombardie 2019"},{"@type":"BreadcrumbList","@id":"https:\/\/dicodusport.fr\/blog\/tour-de-lombardie-bauke-mollema-s-impose-en-solitaire\/#breadcrumb","itemListElement":[{"@type":"ListItem","position":1,"name":"Accueil","item":"https:\/\/dicodusport.fr\/blog\/"},{"@type":"ListItem","position":2,"name":"Tour de Lombardie : Bauke Mollema s&rsquo;impose en solitaire"}]},{"@type":"WebSite","@id":"https:\/\/dicodusport.fr\/blog\/#website","url":"https:\/\/dicodusport.fr\/blog\/","name":"Dicodusport","description":"L&#039;encyclop\u00e9die de l&#039;actualit\u00e9 sportive","publisher":{"@id":"https:\/\/dicodusport.fr\/blog\/#organization"},"potentialAction":[{"@type":"SearchAction","target":{"@type":"EntryPoint","urlTemplate":"https:\/\/dicodusport.fr\/blog\/?s={search_term_string}"},"query-input":{"@type":"PropertyValueSpecification","valueRequired":true,"valueName":"search_term_string"}}],"inLanguage":"fr-FR"},{"@type":"NewsMediaOrganization","@id":"https:\/\/dicodusport.fr\/blog\/#organization","name":"Dicodusport","url":"https:\/\/dicodusport.fr\/blog\/","logo":{"@type":"ImageObject","inLanguage":"fr-FR","@id":"https:\/\/dicodusport.fr\/blog\/#\/schema\/logo\/image\/","url":"https:\/\/dicodusport.fr\/blog\/wp-content\/uploads\/2020\/06\/cropped-LOGO-DICODUSPORT-2020-SANS-FOND-SANS-TEXTE.png","contentUrl":"https:\/\/dicodusport.fr\/blog\/wp-content\/uploads\/2020\/06\/cropped-LOGO-DICODUSPORT-2020-SANS-FOND-SANS-TEXTE.png","width":512,"height":512,"caption":"Dicodusport"},"image":{"@id":"https:\/\/dicodusport.fr\/blog\/#\/schema\/logo\/image\/"},"sameAs":["https:\/\/www.facebook.com\/dicodusport","https:\/\/x.com\/dicodusport","https:\/\/www.instagram.com\/dicodusport\/","https:\/\/www.youtube.com\/channel\/UC7V2KZ5sd3htJivAbA4ZG3w"],"description":"Dicodusport est l'encyclop\u00e9die de l'actualit\u00e9 sportive.","email":"bonjour@dicodusport.fr","legalName":"DICODUSPORT","foundingDate":"2018-01-14","vatID":"FR71834470973","taxID":"83447097300043","numberOfEmployees":{"@type":"QuantitativeValue","minValue":"1","maxValue":"10"}},{"@type":"Person","@id":"https:\/\/dicodusport.fr\/blog\/#\/schema\/person\/cb02af4c173ce4a653b55e9baf388d4a","name":"Flo Ostermann","image":{"@type":"ImageObject","inLanguage":"fr-FR","@id":"https:\/\/dicodusport.fr\/blog\/#\/schema\/person\/image\/","url":"https:\/\/dicodusport.fr\/blog\/wp-content\/uploads\/2021\/05\/Flo-Ostermann-150x150.jpg","contentUrl":"https:\/\/dicodusport.fr\/blog\/wp-content\/uploads\/2021\/05\/Flo-Ostermann-150x150.jpg","caption":"Flo Ostermann"},"description":"Journaliste\/R\u00e9dacteur depuis septembre 2015 - Mes premiers souvenirs dans le sport ? Les envol\u00e9es du Stade Toulousain et les duels Villeneuve-Schumacher et H\u00e4kkinen-Schumacher \u00e0 la fin des ann\u00e9es 90, la Coupe du monde de football en 1998, l\u2019exploit du XV de France face aux All Blacks en 1999, mais aussi Richard C\u0153ur de Lion qui vole sur les montagnes du Tour de France. Bien parti pour devenir professeur d\u2019EPS, les \u00e9v\u00e9nements de la vie (et la flemme d\u2019animer des s\u00e9ances de 3x500 m\u00e8tres toute ma vie) m\u2019ont conduit \u00e0 revoir mes plans. Me voil\u00e0 depuis fin 2017 sur Dicodusport, m\u00e9dia gr\u00e2ce (et pour) lequel je partage ma passion : le sport dans tous ses \u00e9tats. Le tout accompagn\u00e9 par les fous furieux et folles furieuses cit\u00e9s sur cette page !","sameAs":["https:\/\/www.facebook.com\/florent.ostermann","https:\/\/x.com\/https:\/\/twitter.com\/FlOstermann","admin"],"url":"https:\/\/dicodusport.fr\/blog\/author\/flo\/"}]}},"_links":{"self":[{"href":"https:\/\/dicodusport.fr\/blog\/wp-json\/wp\/v2\/posts\/51283","targetHints":{"allow":["GET"]}}],"collection":[{"href":"https:\/\/dicodusport.fr\/blog\/wp-json\/wp\/v2\/posts"}],"about":[{"href":"https:\/\/dicodusport.fr\/blog\/wp-json\/wp\/v2\/types\/post"}],"author":[{"embeddable":true,"href":"https:\/\/dicodusport.fr\/blog\/wp-json\/wp\/v2\/users\/4"}],"replies":[{"embeddable":true,"href":"https:\/\/dicodusport.fr\/blog\/wp-json\/wp\/v2\/comments?post=51283"}],"version-history":[{"count":0,"href":"https:\/\/dicodusport.fr\/blog\/wp-json\/wp\/v2\/posts\/51283\/revisions"}],"wp:featuredmedia":[{"embeddable":true,"href":"https:\/\/dicodusport.fr\/blog\/wp-json\/wp\/v2\/media\/51290"}],"wp:attachment":[{"href":"https:\/\/dicodusport.fr\/blog\/wp-json\/wp\/v2\/media?parent=51283"}],"wp:term":[{"taxonomy":"category","embeddable":true,"href":"https:\/\/dicodusport.fr\/blog\/wp-json\/wp\/v2\/categories?post=51283"},{"taxonomy":"post_tag","embeddable":true,"href":"https:\/\/dicodusport.fr\/blog\/wp-json\/wp\/v2\/tags?post=51283"}],"curies":[{"name":"wp","href":"https:\/\/api.w.org\/{rel}","templated":true}]}}