{"id":512837,"date":"2024-08-17T09:14:26","date_gmt":"2024-08-17T07:14:26","guid":{"rendered":"https:\/\/dicodusport.fr\/blog\/?p=512837&#038;preview=true&#038;preview_id=512837"},"modified":"2024-08-17T09:48:10","modified_gmt":"2024-08-17T07:48:10","slug":"tour-despagne-2024-sepp-kuss-peut-il-faire-le-double","status":"publish","type":"post","link":"https:\/\/dicodusport.fr\/blog\/tour-despagne-2024-sepp-kuss-peut-il-faire-le-double\/","title":{"rendered":"Tour d&rsquo;Espagne 2024 : Sepp Kuss peut-il faire le doubl\u00e9 ?"},"content":{"rendered":"<p style=\"text-align: justify;\"><strong><em>TOUR D&rsquo;ESPAGNE 2024 &#8211; Sepp Kuss revient sur les routes de la Vuelta, un an apr\u00e8s son sacre devant ses co\u00e9quipiers Primoz Roglic et Jonas Vingegaard. Son d\u00e9but de saison en demi-teinte lui permet-il de r\u00eaver \u00e0 une deuxi\u00e8me victoire sur les routes espagnoles ?\u00a0<\/em><\/strong><\/p>\n<p style=\"text-align: justify;\">\u00c9quipier mod\u00e8le au sein de la <strong>Jumbo-Visma<\/strong> (aujourd&rsquo;hui <strong>Visma-Lease a Bike<\/strong>), <strong>Sepp Kuss<\/strong> a su saisir son heure de gloire. L&rsquo;an pass\u00e9, sur les routes de la <strong>Vuelta<\/strong>, le coureur am\u00e9ricain avait eu l&rsquo;opportunit\u00e9 de briller. Apr\u00e8s avoir r\u00e9cup\u00e9r\u00e9 le maillot rouge de leader au terme d&rsquo;une longue \u00e9chapp\u00e9e, le grimpeur avait profit\u00e9 de la coalition Visma <a href=\"https:\/\/dicodusport.fr\/blog\/tour-despagne-2023-sepp-kuss-sacre-kaden-groves-rafle-la-21eme-etape\/\">pour repartir avec sa premi\u00e8re victoire au classement g\u00e9n\u00e9ral d&rsquo;un Grand Tour<\/a>. L&rsquo;\u00e9quipe n\u00e9erlandaise avait r\u00e9gn\u00e9 sur les Grands Tours en 2023, avec des \u00e9quipiers de tr\u00e8s haut vol et au service de leurs leaders.<\/p>\n<h2>Sepp Kuss, une personnalit\u00e9 \u00e0 part<\/h2>\n<p style=\"text-align: justify;\">Il l&rsquo;a r\u00e9p\u00e9t\u00e9 \u00e0 plusieurs reprises, il n&rsquo;est pas pr\u00eat pour les contraintes d&rsquo;un leader du classement g\u00e9n\u00e9ral. Pourtant, <strong>Sepp Kuss<\/strong> en a le niveau. Brillant en haute montagne, parfois m\u00eame plus fort que ses propres leaders, l&rsquo;Am\u00e9ricain portera pourtant le dossard n\u00b01 demain, au d\u00e9part du Tour d&rsquo;Espagne. A 30 ans, il profitera de l&rsquo;absence du Danois <strong>Jonas Vingegaard<\/strong> pour assurer le leadership total de l&rsquo;\u00e9quipe, m\u00eame si <strong>Cian Uijtdebroeks<\/strong> pourrait aussi avoir sa carte \u00e0 jouer. Absent du Tour de France car non remis du Covid attrap\u00e9 sur le Crit\u00e9rium du Dauphin\u00e9, il a brill\u00e9 ces derni\u00e8res semaines.<\/p>\n<ul>\n<li><strong>\u00c0 ce sujet \u2013 <a href=\"https:\/\/dicodusport.fr\/blog\/cyclisme-sur-route-2024-kuss-mcnulty-powless-une-generation-americaine-aux-dents-longues\/\">Cyclisme sur route 2024 : Kuss, McNulty, Powless, une g\u00e9n\u00e9ration am\u00e9ricaine aux dents longues<\/a><\/strong><\/li>\n<\/ul>\n<p style=\"text-align: justify;\">Vainqueur d&rsquo;une \u00e9tape et du classement g\u00e9n\u00e9ral du <strong>Tour de Burgos<\/strong>, d\u00e9but ao\u00fbt, l&rsquo;Am\u00e9ricain affiche une belle forme. Sera-t-elle suffisante pour r\u00e9\u00e9diter le m\u00eame exploit ? \u00ab\u00a0<em>Je vais prendre le d\u00e9part avec une pr\u00e9paration diff\u00e9rente des ann\u00e9es pr\u00e9c\u00e9dentes. Avant tout, je veux profiter des semaines \u00e0 venir. (&#8230;) Je ne me vois clairement pas comme un grand favori pour la victoire au g\u00e9n\u00e9ral\u00a0\u00bb<\/em>\u00a0a-t-il pr\u00e9venu en amont du d\u00e9part \u00e0 Lisbonne, au Portugal, samedi.<\/p>\n<blockquote class=\"twitter-tweet\">\n<p dir=\"ltr\" lang=\"en\">\ud83c\uddea\ud83c\uddf8 <a href=\"https:\/\/twitter.com\/hashtag\/LaVuelta24?src=hash&amp;ref_src=twsrc%5Etfw\">#LaVuelta24<\/a><\/p>\n<p>If it\u2019s painted on Azulejo tiles, it must be true. \ud83d\udd8c\ufe0f This is our Vuelta line-up! <a href=\"https:\/\/t.co\/0lOQv6zzX0\">pic.twitter.com\/0lOQv6zzX0<\/a><\/p>\n<p>\u2014 Team Visma | Lease a Bike (@vismaleaseabike) <a href=\"https:\/\/twitter.com\/vismaleaseabike\/status\/1823268353156284733?ref_src=twsrc%5Etfw\">August 13, 2024<\/a><\/p><\/blockquote>\n<p><script async src=\"https:\/\/platform.twitter.com\/widgets.js\" charset=\"utf-8\"><\/script><\/p>\n<p style=\"text-align: justify;\">L&rsquo;\u00e9quipe Visma align\u00e9 autour de lui n&rsquo;est peut-\u00eatre pas aussi effrayante que certaines ann\u00e9es. Mais de solides grimpeurs sont pr\u00e9sents. Et <strong>Wout Van Aert<\/strong>, m\u00eame si son \u00e9tat de forme sur trois semaines est incertain, pourrait bien rendre de pr\u00e9cieux services. Les grandes \u00e9tapes de montagne pr\u00e9vues sur cette Vuelta (9 arriv\u00e9es au sommet), avec des chiffres de d\u00e9nivel\u00e9 positif impressionnants (pr\u00e8s de 60 000 m\u00e8tres cumul\u00e9s), ont de quoi plaire au profil de <strong>Kuss.<\/strong> Mais la concurrence, m\u00eame en l&rsquo;absence des deux monstres <strong>Pogacar<\/strong> et <strong>Vingegaard<\/strong>, a de quoi faire vaciller <strong>Sepp Kuss<\/strong> de son tr\u00f4ne.<\/p>\n<h2>Roglic et UAE en principaux adversaires<\/h2>\n<p style=\"text-align: justify;\">Le roi du Tour d&rsquo;Espagne, c&rsquo;est bien <strong>Primoz Roglic<\/strong>. Le coureur de la <strong>Bora-Hansgrohe<\/strong> n&rsquo;est pourtant pas le favori principal. Ses douleurs au dos ne sont pas enti\u00e8rement r\u00e9solus selon lui. D\u00e9j\u00e0 vainqueur \u00e0 trois reprises de la Vuelta, <strong>Roglic<\/strong> pourrait rejoindre <strong>Roberto Heras<\/strong> avec 4 succ\u00e8s sur le Grand Tour espagnol. A 34 ans, le Slov\u00e8ne parviendra-t-il \u00e0 jouer les premiers r\u00f4les, \u00e0 peine plus d&rsquo;un mois apr\u00e8s sa lourde chute sur le <strong>Tour de France<\/strong>, qu&rsquo;il avait quitt\u00e9 avec une fracture d&rsquo;une vert\u00e8bre.<\/p>\n<ul>\n<li><strong>\u00c0 ce sujet &#8211; <a href=\"https:\/\/dicodusport.fr\/blog\/tour-despagne-2024-engages-et-favoris-de-la-vuelta\/\">Engag\u00e9s et favoris de la Vuelta<\/a><\/strong><\/li>\n<\/ul>\n<p style=\"text-align: justify;\">L&rsquo;\u00e9quipe la plus dangereuse sur cette Vuelta sera sans doute la <strong>Team UAE Emirates.<\/strong> Emmen\u00e9e par <strong>Adam Yates<\/strong> et <strong>Joao Almeida<\/strong>, auteurs tous les deux d&rsquo;un excellent Tour de France autour de <a href=\"https:\/\/dicodusport.fr\/blog\/tour-de-france-2024-general-et-six-etapes-succes-total-pour-tadej-pogacar\/\"><strong>Tadej Pogacar<\/strong><\/a>, la formation \u00e9miratie a de quoi r\u00e9gner en montagne, avec \u00e9galement le Fran\u00e7ais <strong>Pavel Sivakov<\/strong> ou l&rsquo;espoir mexicain <strong>Isaac Del Toro<\/strong>. <strong>Richard Carapaz<\/strong> a tout du parfait trouble-f\u00eate sur les routes du Tour d&rsquo;Espagne. Vainqueur du Tour d&rsquo;Italie en 2019 et deuxi\u00e8me du Tour d&rsquo;Espagne en 2020, <a href=\"https:\/\/dicodusport.fr\/blog\/tour-de-france-2024-richard-carapaz-elu-super-combatif\/\">le grimpeur colombien a brill\u00e9 sur les routes du Tour de France<\/a>, remportant le maillot \u00e0 pois. Son \u00e9quipe <strong>EF Education-Easy Post<\/strong> a annonc\u00e9 qu&rsquo;il venait \u00ab\u00a0<em>pour gagner<\/em>\u00ab\u00a0.<\/p>\n<p style=\"text-align: justify;\">Enfin, petite surprise dans l&rsquo;annonce des favoris. <strong>Mattias Skjelmose<\/strong> a d\u00e9clar\u00e9 avoir pr\u00e9par\u00e9 sp\u00e9cifiquement la Vuelta depuis le d\u00e9but de l&rsquo;ann\u00e9e. Un axe de pr\u00e9paration assez rare quand on conna\u00eet la d\u00e9pr\u00e9ciation du Tour d&rsquo;Espagne, dernier Grand Tour de la sison. Le Danois sera de plus bien \u00e9paul\u00e9, avec notamment <strong>Giulio Ciccone<\/strong> et <strong>Tao Geoghegan Hart<\/strong>.<\/p>\n","protected":false},"excerpt":{"rendered":"<p>TOUR D&rsquo;ESPAGNE 2024 &#8211; Sepp Kuss revient sur les routes de la Vuelta, un an apr\u00e8s son sacre devant ses co\u00e9quipiers Primoz Roglic et Jonas Vingegaard. Son d\u00e9but de saison en demi-teinte lui permet-il de r\u00eaver \u00e0 une deuxi\u00e8me victoire sur les routes espagnoles ?\u00a0<\/p>\n","protected":false},"author":88,"featured_media":513048,"comment_status":"open","ping_status":"closed","sticky":false,"template":"","format":"standard","meta":{"_acf_changed":false,"_daextam_enable_autolinks":"1","footnotes":""},"categories":[47042],"tags":[16878,17721,7855,24],"class_list":["post-512837","post","type-post","status-publish","format-standard","has-post-thumbnail","hentry","category-tour-d-espagne","tag-breve","tag-jonas-vingegaard","tag-primoz-roglic","tag-sport"],"acf":[],"yoast_head":"<!-- This site is optimized with the Yoast SEO Premium plugin v26.7 (Yoast SEO v26.7) - https:\/\/yoast.com\/wordpress\/plugins\/seo\/ -->\n<title>Tour d&#039;Espagne 2024 : Sepp Kuss peut-il faire le doubl\u00e9 ?<\/title>\n<meta name=\"description\" content=\"TOUR D&#039;ESPAGNE 2024 - Sepp Kuss revient sur les routes de la Vuelta. Son d\u00e9but de saison en demi-teinte lui permet-il de r\u00eaver \u00e0 une deuxi\u00e8me victoire ?\" \/>\n<meta name=\"robots\" content=\"index, follow, max-snippet:-1, max-image-preview:large, max-video-preview:-1\" \/>\n<link rel=\"canonical\" href=\"https:\/\/dicodusport.fr\/blog\/tour-despagne-2024-sepp-kuss-peut-il-faire-le-double\/\" \/>\n<meta property=\"og:locale\" content=\"fr_FR\" \/>\n<meta property=\"og:type\" content=\"article\" \/>\n<meta property=\"og:title\" content=\"Tour d&#039;Espagne 2024 : Sepp Kuss peut-il faire le doubl\u00e9 ?\" \/>\n<meta property=\"og:description\" content=\"TOUR D&#039;ESPAGNE 2024 - Sepp Kuss revient sur les routes de la Vuelta. Son d\u00e9but de saison en demi-teinte lui permet-il de r\u00eaver \u00e0 une deuxi\u00e8me victoire ?\" \/>\n<meta property=\"og:url\" content=\"https:\/\/dicodusport.fr\/blog\/tour-despagne-2024-sepp-kuss-peut-il-faire-le-double\/\" \/>\n<meta property=\"og:site_name\" content=\"Dicodusport\" \/>\n<meta property=\"article:publisher\" content=\"https:\/\/www.facebook.com\/dicodusport\" \/>\n<meta property=\"article:published_time\" content=\"2024-08-17T07:14:26+00:00\" \/>\n<meta property=\"article:modified_time\" content=\"2024-08-17T07:48:10+00:00\" \/>\n<meta property=\"og:image\" content=\"https:\/\/dicodusport.fr\/blog\/wp-content\/uploads\/2024\/08\/Tour-dEspagne-2024-Sepp-Kuss-peut-il-faire-le-double.png\" \/>\n\t<meta property=\"og:image:width\" content=\"1200\" \/>\n\t<meta property=\"og:image:height\" content=\"674\" \/>\n\t<meta property=\"og:image:type\" content=\"image\/png\" \/>\n<meta name=\"author\" content=\"Paul Lalevee\" \/>\n<meta name=\"twitter:card\" content=\"summary_large_image\" \/>\n<meta name=\"twitter:title\" content=\"Tour d&#039;Espagne 2024 : Sepp Kuss peut-il faire le doubl\u00e9 ?\" \/>\n<meta name=\"twitter:creator\" content=\"@dicodusport\" \/>\n<meta name=\"twitter:site\" content=\"@dicodusport\" \/>\n<script type=\"application\/ld+json\" class=\"yoast-schema-graph\">{\"@context\":\"https:\/\/schema.org\",\"@graph\":[{\"@type\":\"NewsArticle\",\"@id\":\"https:\/\/dicodusport.fr\/blog\/tour-despagne-2024-sepp-kuss-peut-il-faire-le-double\/#article\",\"isPartOf\":{\"@id\":\"https:\/\/dicodusport.fr\/blog\/tour-despagne-2024-sepp-kuss-peut-il-faire-le-double\/\"},\"author\":{\"name\":\"Paul Lalevee\",\"@id\":\"https:\/\/dicodusport.fr\/blog\/#\/schema\/person\/1eaa63dfac40b5e5c47f03a71920c1cd\"},\"headline\":\"Tour d&rsquo;Espagne 2024 : Sepp Kuss peut-il faire le doubl\u00e9 ?\",\"datePublished\":\"2024-08-17T07:14:26+00:00\",\"dateModified\":\"2024-08-17T07:48:10+00:00\",\"mainEntityOfPage\":{\"@id\":\"https:\/\/dicodusport.fr\/blog\/tour-despagne-2024-sepp-kuss-peut-il-faire-le-double\/\"},\"wordCount\":827,\"commentCount\":0,\"publisher\":{\"@id\":\"https:\/\/dicodusport.fr\/blog\/#organization\"},\"image\":{\"@id\":\"https:\/\/dicodusport.fr\/blog\/tour-despagne-2024-sepp-kuss-peut-il-faire-le-double\/#primaryimage\"},\"thumbnailUrl\":\"https:\/\/dicodusport.fr\/blog\/wp-content\/uploads\/2024\/08\/Tour-dEspagne-2024-Sepp-Kuss-peut-il-faire-le-double.png\",\"keywords\":[\"br\u00e8ve\",\"Jonas Vingegaard\",\"Primoz Roglic\",\"sport\"],\"articleSection\":[\"Tour d'Espagne\"],\"inLanguage\":\"fr-FR\",\"potentialAction\":[{\"@type\":\"CommentAction\",\"name\":\"Comment\",\"target\":[\"https:\/\/dicodusport.fr\/blog\/tour-despagne-2024-sepp-kuss-peut-il-faire-le-double\/#respond\"]}],\"copyrightYear\":\"2024\",\"copyrightHolder\":{\"@id\":\"https:\/\/dicodusport.fr\/blog\/#organization\"}},{\"@type\":\"WebPage\",\"@id\":\"https:\/\/dicodusport.fr\/blog\/tour-despagne-2024-sepp-kuss-peut-il-faire-le-double\/\",\"url\":\"https:\/\/dicodusport.fr\/blog\/tour-despagne-2024-sepp-kuss-peut-il-faire-le-double\/\",\"name\":\"Tour d'Espagne 2024 : Sepp Kuss peut-il faire le doubl\u00e9 ?\",\"isPartOf\":{\"@id\":\"https:\/\/dicodusport.fr\/blog\/#website\"},\"primaryImageOfPage\":{\"@id\":\"https:\/\/dicodusport.fr\/blog\/tour-despagne-2024-sepp-kuss-peut-il-faire-le-double\/#primaryimage\"},\"image\":{\"@id\":\"https:\/\/dicodusport.fr\/blog\/tour-despagne-2024-sepp-kuss-peut-il-faire-le-double\/#primaryimage\"},\"thumbnailUrl\":\"https:\/\/dicodusport.fr\/blog\/wp-content\/uploads\/2024\/08\/Tour-dEspagne-2024-Sepp-Kuss-peut-il-faire-le-double.png\",\"datePublished\":\"2024-08-17T07:14:26+00:00\",\"dateModified\":\"2024-08-17T07:48:10+00:00\",\"description\":\"TOUR D'ESPAGNE 2024 - Sepp Kuss revient sur les routes de la Vuelta. Son d\u00e9but de saison en demi-teinte lui permet-il de r\u00eaver \u00e0 une deuxi\u00e8me victoire ?\",\"breadcrumb\":{\"@id\":\"https:\/\/dicodusport.fr\/blog\/tour-despagne-2024-sepp-kuss-peut-il-faire-le-double\/#breadcrumb\"},\"inLanguage\":\"fr-FR\",\"potentialAction\":[{\"@type\":\"ReadAction\",\"target\":[\"https:\/\/dicodusport.fr\/blog\/tour-despagne-2024-sepp-kuss-peut-il-faire-le-double\/\"]}]},{\"@type\":\"ImageObject\",\"inLanguage\":\"fr-FR\",\"@id\":\"https:\/\/dicodusport.fr\/blog\/tour-despagne-2024-sepp-kuss-peut-il-faire-le-double\/#primaryimage\",\"url\":\"https:\/\/dicodusport.fr\/blog\/wp-content\/uploads\/2024\/08\/Tour-dEspagne-2024-Sepp-Kuss-peut-il-faire-le-double.png\",\"contentUrl\":\"https:\/\/dicodusport.fr\/blog\/wp-content\/uploads\/2024\/08\/Tour-dEspagne-2024-Sepp-Kuss-peut-il-faire-le-double.png\",\"width\":1200,\"height\":674,\"caption\":\"Tour d'Espagne 2024 Sepp Kuss peut-il faire le doubl\u00e9\"},{\"@type\":\"BreadcrumbList\",\"@id\":\"https:\/\/dicodusport.fr\/blog\/tour-despagne-2024-sepp-kuss-peut-il-faire-le-double\/#breadcrumb\",\"itemListElement\":[{\"@type\":\"ListItem\",\"position\":1,\"name\":\"Accueil\",\"item\":\"https:\/\/dicodusport.fr\/blog\/\"},{\"@type\":\"ListItem\",\"position\":2,\"name\":\"Tour d&#8217;Espagne 2024 : Sepp Kuss peut-il faire le doubl\u00e9 ?\"}]},{\"@type\":\"WebSite\",\"@id\":\"https:\/\/dicodusport.fr\/blog\/#website\",\"url\":\"https:\/\/dicodusport.fr\/blog\/\",\"name\":\"Dicodusport\",\"description\":\"L&#039;encyclop\u00e9die de l&#039;actualit\u00e9 sportive\",\"publisher\":{\"@id\":\"https:\/\/dicodusport.fr\/blog\/#organization\"},\"potentialAction\":[{\"@type\":\"SearchAction\",\"target\":{\"@type\":\"EntryPoint\",\"urlTemplate\":\"https:\/\/dicodusport.fr\/blog\/?s={search_term_string}\"},\"query-input\":{\"@type\":\"PropertyValueSpecification\",\"valueRequired\":true,\"valueName\":\"search_term_string\"}}],\"inLanguage\":\"fr-FR\"},{\"@type\":\"NewsMediaOrganization\",\"@id\":\"https:\/\/dicodusport.fr\/blog\/#organization\",\"name\":\"Dicodusport\",\"url\":\"https:\/\/dicodusport.fr\/blog\/\",\"logo\":{\"@type\":\"ImageObject\",\"inLanguage\":\"fr-FR\",\"@id\":\"https:\/\/dicodusport.fr\/blog\/#\/schema\/logo\/image\/\",\"url\":\"https:\/\/dicodusport.fr\/blog\/wp-content\/uploads\/2020\/06\/cropped-LOGO-DICODUSPORT-2020-SANS-FOND-SANS-TEXTE.png\",\"contentUrl\":\"https:\/\/dicodusport.fr\/blog\/wp-content\/uploads\/2020\/06\/cropped-LOGO-DICODUSPORT-2020-SANS-FOND-SANS-TEXTE.png\",\"width\":512,\"height\":512,\"caption\":\"Dicodusport\"},\"image\":{\"@id\":\"https:\/\/dicodusport.fr\/blog\/#\/schema\/logo\/image\/\"},\"sameAs\":[\"https:\/\/www.facebook.com\/dicodusport\",\"https:\/\/x.com\/dicodusport\",\"https:\/\/www.instagram.com\/dicodusport\/\",\"https:\/\/www.youtube.com\/channel\/UC7V2KZ5sd3htJivAbA4ZG3w\"],\"description\":\"Dicodusport est l'encyclop\u00e9die de l'actualit\u00e9 sportive.\",\"email\":\"bonjour@dicodusport.fr\",\"legalName\":\"DICODUSPORT\",\"foundingDate\":\"2018-01-14\",\"vatID\":\"FR71834470973\",\"taxID\":\"83447097300043\",\"numberOfEmployees\":{\"@type\":\"QuantitativeValue\",\"minValue\":\"1\",\"maxValue\":\"10\"}},{\"@type\":\"Person\",\"@id\":\"https:\/\/dicodusport.fr\/blog\/#\/schema\/person\/1eaa63dfac40b5e5c47f03a71920c1cd\",\"name\":\"Paul Lalevee\",\"image\":{\"@type\":\"ImageObject\",\"inLanguage\":\"fr-FR\",\"@id\":\"https:\/\/dicodusport.fr\/blog\/#\/schema\/person\/image\/\",\"url\":\"https:\/\/dicodusport.fr\/blog\/wp-content\/uploads\/2023\/10\/291154246_1690604071293245_3118259335115946499_n-150x150.jpg\",\"contentUrl\":\"https:\/\/dicodusport.fr\/blog\/wp-content\/uploads\/2023\/10\/291154246_1690604071293245_3118259335115946499_n-150x150.jpg\",\"caption\":\"Paul Lalevee\"},\"description\":\"La bulle Disney pendant le Covid, le Tour 2019, la Coupe du monde 2018. Ces trois \u00e9v\u00e9nements majeurs sont ancr\u00e9s dans ma t\u00eate de fan de sport, n\u00e9gativement ou positivement. Passionn\u00e9 de sport depuis l'enfance, j'ai d\u00e9cid\u00e9 de mettre ma passion de l'\u00e9criture au service de cette premi\u00e8re passion.\",\"url\":\"https:\/\/dicodusport.fr\/blog\/author\/paul-lalevee\/\"}]}<\/script>\n<!-- \/ Yoast SEO Premium plugin. -->","yoast_head_json":{"title":"Tour d'Espagne 2024 : Sepp Kuss peut-il faire le doubl\u00e9 ?","description":"TOUR D'ESPAGNE 2024 - Sepp Kuss revient sur les routes de la Vuelta. Son d\u00e9but de saison en demi-teinte lui permet-il de r\u00eaver \u00e0 une deuxi\u00e8me victoire ?","robots":{"index":"index","follow":"follow","max-snippet":"max-snippet:-1","max-image-preview":"max-image-preview:large","max-video-preview":"max-video-preview:-1"},"canonical":"https:\/\/dicodusport.fr\/blog\/tour-despagne-2024-sepp-kuss-peut-il-faire-le-double\/","og_locale":"fr_FR","og_type":"article","og_title":"Tour d'Espagne 2024 : Sepp Kuss peut-il faire le doubl\u00e9 ?","og_description":"TOUR D'ESPAGNE 2024 - Sepp Kuss revient sur les routes de la Vuelta. Son d\u00e9but de saison en demi-teinte lui permet-il de r\u00eaver \u00e0 une deuxi\u00e8me victoire ?","og_url":"https:\/\/dicodusport.fr\/blog\/tour-despagne-2024-sepp-kuss-peut-il-faire-le-double\/","og_site_name":"Dicodusport","article_publisher":"https:\/\/www.facebook.com\/dicodusport","article_published_time":"2024-08-17T07:14:26+00:00","article_modified_time":"2024-08-17T07:48:10+00:00","og_image":[{"width":1200,"height":674,"url":"https:\/\/dicodusport.fr\/blog\/wp-content\/uploads\/2024\/08\/Tour-dEspagne-2024-Sepp-Kuss-peut-il-faire-le-double.png","type":"image\/png"}],"author":"Paul Lalevee","twitter_card":"summary_large_image","twitter_title":"Tour d'Espagne 2024 : Sepp Kuss peut-il faire le doubl\u00e9 ?","twitter_creator":"@dicodusport","twitter_site":"@dicodusport","schema":{"@context":"https:\/\/schema.org","@graph":[{"@type":"NewsArticle","@id":"https:\/\/dicodusport.fr\/blog\/tour-despagne-2024-sepp-kuss-peut-il-faire-le-double\/#article","isPartOf":{"@id":"https:\/\/dicodusport.fr\/blog\/tour-despagne-2024-sepp-kuss-peut-il-faire-le-double\/"},"author":{"name":"Paul Lalevee","@id":"https:\/\/dicodusport.fr\/blog\/#\/schema\/person\/1eaa63dfac40b5e5c47f03a71920c1cd"},"headline":"Tour d&rsquo;Espagne 2024 : Sepp Kuss peut-il faire le doubl\u00e9 ?","datePublished":"2024-08-17T07:14:26+00:00","dateModified":"2024-08-17T07:48:10+00:00","mainEntityOfPage":{"@id":"https:\/\/dicodusport.fr\/blog\/tour-despagne-2024-sepp-kuss-peut-il-faire-le-double\/"},"wordCount":827,"commentCount":0,"publisher":{"@id":"https:\/\/dicodusport.fr\/blog\/#organization"},"image":{"@id":"https:\/\/dicodusport.fr\/blog\/tour-despagne-2024-sepp-kuss-peut-il-faire-le-double\/#primaryimage"},"thumbnailUrl":"https:\/\/dicodusport.fr\/blog\/wp-content\/uploads\/2024\/08\/Tour-dEspagne-2024-Sepp-Kuss-peut-il-faire-le-double.png","keywords":["br\u00e8ve","Jonas Vingegaard","Primoz Roglic","sport"],"articleSection":["Tour d'Espagne"],"inLanguage":"fr-FR","potentialAction":[{"@type":"CommentAction","name":"Comment","target":["https:\/\/dicodusport.fr\/blog\/tour-despagne-2024-sepp-kuss-peut-il-faire-le-double\/#respond"]}],"copyrightYear":"2024","copyrightHolder":{"@id":"https:\/\/dicodusport.fr\/blog\/#organization"}},{"@type":"WebPage","@id":"https:\/\/dicodusport.fr\/blog\/tour-despagne-2024-sepp-kuss-peut-il-faire-le-double\/","url":"https:\/\/dicodusport.fr\/blog\/tour-despagne-2024-sepp-kuss-peut-il-faire-le-double\/","name":"Tour d'Espagne 2024 : Sepp Kuss peut-il faire le doubl\u00e9 ?","isPartOf":{"@id":"https:\/\/dicodusport.fr\/blog\/#website"},"primaryImageOfPage":{"@id":"https:\/\/dicodusport.fr\/blog\/tour-despagne-2024-sepp-kuss-peut-il-faire-le-double\/#primaryimage"},"image":{"@id":"https:\/\/dicodusport.fr\/blog\/tour-despagne-2024-sepp-kuss-peut-il-faire-le-double\/#primaryimage"},"thumbnailUrl":"https:\/\/dicodusport.fr\/blog\/wp-content\/uploads\/2024\/08\/Tour-dEspagne-2024-Sepp-Kuss-peut-il-faire-le-double.png","datePublished":"2024-08-17T07:14:26+00:00","dateModified":"2024-08-17T07:48:10+00:00","description":"TOUR D'ESPAGNE 2024 - Sepp Kuss revient sur les routes de la Vuelta. Son d\u00e9but de saison en demi-teinte lui permet-il de r\u00eaver \u00e0 une deuxi\u00e8me victoire ?","breadcrumb":{"@id":"https:\/\/dicodusport.fr\/blog\/tour-despagne-2024-sepp-kuss-peut-il-faire-le-double\/#breadcrumb"},"inLanguage":"fr-FR","potentialAction":[{"@type":"ReadAction","target":["https:\/\/dicodusport.fr\/blog\/tour-despagne-2024-sepp-kuss-peut-il-faire-le-double\/"]}]},{"@type":"ImageObject","inLanguage":"fr-FR","@id":"https:\/\/dicodusport.fr\/blog\/tour-despagne-2024-sepp-kuss-peut-il-faire-le-double\/#primaryimage","url":"https:\/\/dicodusport.fr\/blog\/wp-content\/uploads\/2024\/08\/Tour-dEspagne-2024-Sepp-Kuss-peut-il-faire-le-double.png","contentUrl":"https:\/\/dicodusport.fr\/blog\/wp-content\/uploads\/2024\/08\/Tour-dEspagne-2024-Sepp-Kuss-peut-il-faire-le-double.png","width":1200,"height":674,"caption":"Tour d'Espagne 2024 Sepp Kuss peut-il faire le doubl\u00e9"},{"@type":"BreadcrumbList","@id":"https:\/\/dicodusport.fr\/blog\/tour-despagne-2024-sepp-kuss-peut-il-faire-le-double\/#breadcrumb","itemListElement":[{"@type":"ListItem","position":1,"name":"Accueil","item":"https:\/\/dicodusport.fr\/blog\/"},{"@type":"ListItem","position":2,"name":"Tour d&#8217;Espagne 2024 : Sepp Kuss peut-il faire le doubl\u00e9 ?"}]},{"@type":"WebSite","@id":"https:\/\/dicodusport.fr\/blog\/#website","url":"https:\/\/dicodusport.fr\/blog\/","name":"Dicodusport","description":"L&#039;encyclop\u00e9die de l&#039;actualit\u00e9 sportive","publisher":{"@id":"https:\/\/dicodusport.fr\/blog\/#organization"},"potentialAction":[{"@type":"SearchAction","target":{"@type":"EntryPoint","urlTemplate":"https:\/\/dicodusport.fr\/blog\/?s={search_term_string}"},"query-input":{"@type":"PropertyValueSpecification","valueRequired":true,"valueName":"search_term_string"}}],"inLanguage":"fr-FR"},{"@type":"NewsMediaOrganization","@id":"https:\/\/dicodusport.fr\/blog\/#organization","name":"Dicodusport","url":"https:\/\/dicodusport.fr\/blog\/","logo":{"@type":"ImageObject","inLanguage":"fr-FR","@id":"https:\/\/dicodusport.fr\/blog\/#\/schema\/logo\/image\/","url":"https:\/\/dicodusport.fr\/blog\/wp-content\/uploads\/2020\/06\/cropped-LOGO-DICODUSPORT-2020-SANS-FOND-SANS-TEXTE.png","contentUrl":"https:\/\/dicodusport.fr\/blog\/wp-content\/uploads\/2020\/06\/cropped-LOGO-DICODUSPORT-2020-SANS-FOND-SANS-TEXTE.png","width":512,"height":512,"caption":"Dicodusport"},"image":{"@id":"https:\/\/dicodusport.fr\/blog\/#\/schema\/logo\/image\/"},"sameAs":["https:\/\/www.facebook.com\/dicodusport","https:\/\/x.com\/dicodusport","https:\/\/www.instagram.com\/dicodusport\/","https:\/\/www.youtube.com\/channel\/UC7V2KZ5sd3htJivAbA4ZG3w"],"description":"Dicodusport est l'encyclop\u00e9die de l'actualit\u00e9 sportive.","email":"bonjour@dicodusport.fr","legalName":"DICODUSPORT","foundingDate":"2018-01-14","vatID":"FR71834470973","taxID":"83447097300043","numberOfEmployees":{"@type":"QuantitativeValue","minValue":"1","maxValue":"10"}},{"@type":"Person","@id":"https:\/\/dicodusport.fr\/blog\/#\/schema\/person\/1eaa63dfac40b5e5c47f03a71920c1cd","name":"Paul Lalevee","image":{"@type":"ImageObject","inLanguage":"fr-FR","@id":"https:\/\/dicodusport.fr\/blog\/#\/schema\/person\/image\/","url":"https:\/\/dicodusport.fr\/blog\/wp-content\/uploads\/2023\/10\/291154246_1690604071293245_3118259335115946499_n-150x150.jpg","contentUrl":"https:\/\/dicodusport.fr\/blog\/wp-content\/uploads\/2023\/10\/291154246_1690604071293245_3118259335115946499_n-150x150.jpg","caption":"Paul Lalevee"},"description":"La bulle Disney pendant le Covid, le Tour 2019, la Coupe du monde 2018. Ces trois \u00e9v\u00e9nements majeurs sont ancr\u00e9s dans ma t\u00eate de fan de sport, n\u00e9gativement ou positivement. Passionn\u00e9 de sport depuis l'enfance, j'ai d\u00e9cid\u00e9 de mettre ma passion de l'\u00e9criture au service de cette premi\u00e8re passion.","url":"https:\/\/dicodusport.fr\/blog\/author\/paul-lalevee\/"}]}},"_links":{"self":[{"href":"https:\/\/dicodusport.fr\/blog\/wp-json\/wp\/v2\/posts\/512837","targetHints":{"allow":["GET"]}}],"collection":[{"href":"https:\/\/dicodusport.fr\/blog\/wp-json\/wp\/v2\/posts"}],"about":[{"href":"https:\/\/dicodusport.fr\/blog\/wp-json\/wp\/v2\/types\/post"}],"author":[{"embeddable":true,"href":"https:\/\/dicodusport.fr\/blog\/wp-json\/wp\/v2\/users\/88"}],"replies":[{"embeddable":true,"href":"https:\/\/dicodusport.fr\/blog\/wp-json\/wp\/v2\/comments?post=512837"}],"version-history":[{"count":5,"href":"https:\/\/dicodusport.fr\/blog\/wp-json\/wp\/v2\/posts\/512837\/revisions"}],"predecessor-version":[{"id":513061,"href":"https:\/\/dicodusport.fr\/blog\/wp-json\/wp\/v2\/posts\/512837\/revisions\/513061"}],"wp:featuredmedia":[{"embeddable":true,"href":"https:\/\/dicodusport.fr\/blog\/wp-json\/wp\/v2\/media\/513048"}],"wp:attachment":[{"href":"https:\/\/dicodusport.fr\/blog\/wp-json\/wp\/v2\/media?parent=512837"}],"wp:term":[{"taxonomy":"category","embeddable":true,"href":"https:\/\/dicodusport.fr\/blog\/wp-json\/wp\/v2\/categories?post=512837"},{"taxonomy":"post_tag","embeddable":true,"href":"https:\/\/dicodusport.fr\/blog\/wp-json\/wp\/v2\/tags?post=512837"}],"curies":[{"name":"wp","href":"https:\/\/api.w.org\/{rel}","templated":true}]}}