{"id":513115,"date":"2024-08-17T15:26:47","date_gmt":"2024-08-17T13:26:47","guid":{"rendered":"https:\/\/dicodusport.fr\/blog\/?p=513115&#038;preview=true&#038;preview_id=513115"},"modified":"2024-08-17T15:26:47","modified_gmt":"2024-08-17T13:26:47","slug":"motogp-autriche-2024-francesco-bagnaia-rafle-la-course-sprint-et-revient-a-egalite-avec-jorge-martin","status":"publish","type":"post","link":"https:\/\/dicodusport.fr\/blog\/motogp-autriche-2024-francesco-bagnaia-rafle-la-course-sprint-et-revient-a-egalite-avec-jorge-martin\/","title":{"rendered":"MotoGP Autriche 2024 : Francesco Bagnaia rafle la course sprint et revient \u00e0 \u00e9galit\u00e9 avec Jorge Martin"},"content":{"rendered":"<p style=\"text-align: justify;\"><b><i><em>MOTOGP \u2013 GRAND PRIX D&rsquo;AUTRICHE 2024 &#8211; Jorge Martin p\u00e9nalis\u00e9, Francesco Bagnaia a livr\u00e9 une course solide pour s&rsquo;imposer devant son rival espagnol, avec qui il revient \u00e0 \u00e9galit\u00e9 au Championnat du monde.<\/em><\/i><\/b><\/p>\n<p style=\"text-align: justify;\">Ce matin, <strong>Jorge Martin<\/strong> (Prima Pramac Racing) avait explos\u00e9 le record du circuit de Spielberg, et s&rsquo;\u00e9lan\u00e7ait donc en pole devant <strong>Francesco Bagnaia<\/strong> (Ducati Lenovo Team) et <strong>Marc Marquez<\/strong> (Gresini Racing MotoGP). De quoi promettre une belle bagarre d\u00e8s la course sprint. Respectivement 15e et 17e, <strong>Fabio Quartararo<\/strong>\u00a0(Monster Energy Yamaha MotoGP) et\u00a0<strong>Johann Zarco<\/strong> (LCR-Honda) souhaitaient d&rsquo;abord entrer dans les points.<\/p>\n<ul style=\"text-align: justify;\">\n<li style=\"text-align: justify;\"><strong>\u00c0 ce sujet \u2013\u00a0<a href=\"https:\/\/dicodusport.fr\/blog\/motogp-autriche-2024-horaires-programme-tv-et-resultats\/\">MotoGP Autriche 2024 : Horaires, programme TV et r\u00e9sultats<\/a><\/strong><span style=\"font-size: 16px;\"><br \/>\n<\/span><\/li>\n<\/ul>\n<p style=\"text-align: justify;\"><strong>Bagnaia<\/strong> passait en t\u00eate au premier virage apr\u00e8s une belle passe d&rsquo;armes, mais <strong>Martin<\/strong> r\u00e9cup\u00e9rait rapidement son bien et les deux favoris nous offraient plusieurs passes d&rsquo;armes magnifiques. Sortant trop large, l&rsquo;Espagnol devait c\u00e9der la t\u00eate \u00e0 l&rsquo;Italien et menait la chasse avec <strong>Marquez<\/strong> \u00e0 ses basques. Le trio de t\u00eate semait rapidement la concurrence, seul <strong>Aleix Espargaro<\/strong> (Aprilia Racing) faisant mine de s&rsquo;accrocher.<\/p>\n<blockquote class=\"twitter-tweet\">\n<p dir=\"ltr\" lang=\"en\">\ud83d\udea6 LIGHTS OUT in the <a href=\"https:\/\/twitter.com\/hashtag\/TissotSprint?src=hash&amp;ref_src=twsrc%5Etfw\">#TissotSprint<\/a> \ud83d\udea6<a href=\"https:\/\/twitter.com\/PeccoBagnaia?ref_src=twsrc%5Etfw\">@PeccoBagnaia<\/a> gets the holeshot \ud83d\ude80<a href=\"https:\/\/twitter.com\/hashtag\/AustrianGP?src=hash&amp;ref_src=twsrc%5Etfw\">#AustrianGP<\/a> \ud83c\udde6\ud83c\uddf9 <a href=\"https:\/\/t.co\/bAYM33ytgW\">pic.twitter.com\/bAYM33ytgW<\/a><\/p>\n<p>\u2014 MotoGP\u2122\ud83c\udfc1 (@MotoGP) <a href=\"https:\/\/twitter.com\/MotoGP\/status\/1824794324111937600?ref_src=twsrc%5Etfw\">August 17, 2024<\/a><\/p><\/blockquote>\n<p style=\"text-align: justify;\"><script async src=\"https:\/\/platform.twitter.com\/widgets.js\" charset=\"utf-8\"><\/script><\/p>\n<p style=\"text-align: justify;\">Mais cette sortie de route de <strong>Martin<\/strong> allait finir par avoir une cons\u00e9quence : l&rsquo;Espagnol \u00e9copait d&rsquo;un long lap, une sanction surprenante puisqu&rsquo;il n&rsquo;avait pas gagn\u00e9 de place dans \u00ab\u00a0l&rsquo;incident\u00a0\u00bb. Ainsi, \u00e0 7 tours de la fin, il ex\u00e9cutait la sentence, perdait la deuxi\u00e8me place au b\u00e9n\u00e9fice de Marquez et se voyait m\u00eame contraint de d\u00e9fendre son podium devant <strong>Espargaro.<\/strong> La victoire \u00e9tait alors exclue pour lui.<\/p>\n<ul style=\"text-align: justify;\">\n<li style=\"text-align: justify;\"><strong>\u00c0 ce sujet \u2013 <a href=\"https:\/\/dicodusport.fr\/blog\/motogp-grille-de-depart-grand-prix-dautriche-2024\/\">MotoGP \u2013 Grille de d\u00e9part Grand Prix d&rsquo;Autriche 2024<\/a><\/strong><\/li>\n<\/ul>\n<p style=\"text-align: justify;\">Mais <strong>Marquez<\/strong> lui rendait un fier service en chutant \u00e0 5 tours du terme, alors qu&rsquo;il attaquait \u00e0 outrance pour rentrer sur <strong>Bagnaia.<\/strong> Au final, l&rsquo;Italien n&rsquo;allait pas \u00eatre inqui\u00e9t\u00e9, et s&rsquo;imposait tranquillement devant <strong>Martin<\/strong> et <strong>Aleix Espargaro<\/strong>. Une victoire qui signifie tout simplement que les deux candidats au titre sont \u00e0 \u00e9galit\u00e9 au classement des pilotes avant le Grand Prix de demain, qui s&rsquo;annonce somptueux !<\/p>\n<h2 style=\"text-align: justify;\">\u00c0 lire aussi<\/h2>\n<ul>\n<li style=\"text-align: justify;\"><strong><a href=\"https:\/\/dicodusport.fr\/blog\/calendrier-motogp-2024-dates-et-horaires-des-grands-prix\/\" rel=\"\">Calendrier MotoGP 2024 : Dates et horaires des Grands Prix<\/a><\/strong><\/li>\n<li style=\"text-align: justify;\"><a href=\"https:\/\/dicodusport.fr\/blog\/motogp-2024-classement-championnat-du-monde-des-pilotes\/\"><strong>MotoGP 2024 &#8211; Classement Championnat du monde des pilotes<\/strong><\/a><\/li>\n<\/ul>\n","protected":false},"excerpt":{"rendered":"<p>MOTOGP \u2013 GRAND PRIX D&rsquo;AUTRICHE 2024 &#8211; Jorge Martin p\u00e9nalis\u00e9, Francesco Bagnaia a livr\u00e9 une course solide pour s&rsquo;imposer devant son rival espagnol, avec qui il revient \u00e0 \u00e9galit\u00e9 au Championnat du monde.<\/p>\n","protected":false},"author":59,"featured_media":513129,"comment_status":"open","ping_status":"closed","sticky":false,"template":"","format":"standard","meta":{"_acf_changed":false,"_daextam_enable_autolinks":"1","footnotes":""},"categories":[47087],"tags":[16878,18573,18565],"class_list":["post-513115","post","type-post","status-publish","format-standard","has-post-thumbnail","hentry","category-motogp","tag-breve","tag-grand-prix-dautriche-motogp","tag-motogp-autriche"],"acf":[],"yoast_head":"<!-- This site is optimized with the Yoast SEO Premium plugin v26.7 (Yoast SEO v26.7) - https:\/\/yoast.com\/wordpress\/plugins\/seo\/ -->\n<title>MotoGP Autriche 2024 : Francesco Bagnaia rafle la course sprint et revient \u00e0 \u00e9galit\u00e9 avec Jorge Martin<\/title>\n<meta name=\"description\" content=\"MOTOGP \u2013 GRAND PRIX D&#039;AUTRICHE 2024 - Jorge Martin p\u00e9nalis\u00e9, Francesco Bagnaia a livr\u00e9 une course solide pour s&#039;imposer devant son rival espagnol.\" \/>\n<meta name=\"robots\" content=\"index, follow, max-snippet:-1, max-image-preview:large, max-video-preview:-1\" \/>\n<link rel=\"canonical\" href=\"https:\/\/dicodusport.fr\/blog\/motogp-autriche-2024-francesco-bagnaia-rafle-la-course-sprint-et-revient-a-egalite-avec-jorge-martin\/\" \/>\n<meta property=\"og:locale\" content=\"fr_FR\" \/>\n<meta property=\"og:type\" content=\"article\" \/>\n<meta property=\"og:title\" content=\"MotoGP Autriche 2024 : Francesco Bagnaia rafle la course sprint et revient \u00e0 \u00e9galit\u00e9 avec Jorge Martin\" \/>\n<meta property=\"og:description\" content=\"MOTOGP \u2013 GRAND PRIX D&#039;AUTRICHE 2024 - Jorge Martin p\u00e9nalis\u00e9, Francesco Bagnaia a livr\u00e9 une course solide pour s&#039;imposer devant son rival espagnol.\" \/>\n<meta property=\"og:url\" content=\"https:\/\/dicodusport.fr\/blog\/motogp-autriche-2024-francesco-bagnaia-rafle-la-course-sprint-et-revient-a-egalite-avec-jorge-martin\/\" \/>\n<meta property=\"og:site_name\" content=\"Dicodusport\" \/>\n<meta property=\"article:publisher\" content=\"https:\/\/www.facebook.com\/dicodusport\" \/>\n<meta property=\"article:author\" content=\"https:\/\/www.facebook.com\/sebastien.gente\/\" \/>\n<meta property=\"article:published_time\" content=\"2024-08-17T13:26:47+00:00\" \/>\n<meta property=\"og:image\" content=\"https:\/\/dicodusport.fr\/blog\/wp-content\/uploads\/2024\/08\/MotoGP-Autriche-2024-Francesco-Bagnaia-rafle-la-course-sprint-et-revient-a-egalite-avec-Jorge-Martin.png\" \/>\n\t<meta property=\"og:image:width\" content=\"1200\" \/>\n\t<meta property=\"og:image:height\" content=\"674\" \/>\n\t<meta property=\"og:image:type\" content=\"image\/png\" \/>\n<meta name=\"author\" content=\"S\u00e9bastien Gente\" \/>\n<meta name=\"twitter:card\" content=\"summary_large_image\" \/>\n<meta name=\"twitter:title\" content=\"MotoGP Autriche 2024 : Francesco Bagnaia rafle la course sprint et revient \u00e0 \u00e9galit\u00e9 avec Jorge Martin\" \/>\n<meta name=\"twitter:creator\" content=\"@https:\/\/twitter.com\/globulo24\" \/>\n<meta name=\"twitter:site\" content=\"@dicodusport\" \/>\n<script type=\"application\/ld+json\" class=\"yoast-schema-graph\">{\"@context\":\"https:\/\/schema.org\",\"@graph\":[{\"@type\":\"NewsArticle\",\"@id\":\"https:\/\/dicodusport.fr\/blog\/motogp-autriche-2024-francesco-bagnaia-rafle-la-course-sprint-et-revient-a-egalite-avec-jorge-martin\/#article\",\"isPartOf\":{\"@id\":\"https:\/\/dicodusport.fr\/blog\/motogp-autriche-2024-francesco-bagnaia-rafle-la-course-sprint-et-revient-a-egalite-avec-jorge-martin\/\"},\"author\":{\"name\":\"S\u00e9bastien Gente\",\"@id\":\"https:\/\/dicodusport.fr\/blog\/#\/schema\/person\/627966a6cde45dbd8c5e36ac85d783da\"},\"headline\":\"MotoGP Autriche 2024 : Francesco Bagnaia rafle la course sprint et revient \u00e0 \u00e9galit\u00e9 avec Jorge Martin\",\"datePublished\":\"2024-08-17T13:26:47+00:00\",\"mainEntityOfPage\":{\"@id\":\"https:\/\/dicodusport.fr\/blog\/motogp-autriche-2024-francesco-bagnaia-rafle-la-course-sprint-et-revient-a-egalite-avec-jorge-martin\/\"},\"wordCount\":388,\"commentCount\":0,\"publisher\":{\"@id\":\"https:\/\/dicodusport.fr\/blog\/#organization\"},\"image\":{\"@id\":\"https:\/\/dicodusport.fr\/blog\/motogp-autriche-2024-francesco-bagnaia-rafle-la-course-sprint-et-revient-a-egalite-avec-jorge-martin\/#primaryimage\"},\"thumbnailUrl\":\"https:\/\/dicodusport.fr\/blog\/wp-content\/uploads\/2024\/08\/MotoGP-Autriche-2024-Francesco-Bagnaia-rafle-la-course-sprint-et-revient-a-egalite-avec-Jorge-Martin.png\",\"keywords\":[\"br\u00e8ve\",\"Grand Prix d'Autriche MotoGP\",\"MotoGP Autriche\"],\"articleSection\":[\"MotoGP\"],\"inLanguage\":\"fr-FR\",\"potentialAction\":[{\"@type\":\"CommentAction\",\"name\":\"Comment\",\"target\":[\"https:\/\/dicodusport.fr\/blog\/motogp-autriche-2024-francesco-bagnaia-rafle-la-course-sprint-et-revient-a-egalite-avec-jorge-martin\/#respond\"]}],\"copyrightYear\":\"2024\",\"copyrightHolder\":{\"@id\":\"https:\/\/dicodusport.fr\/blog\/#organization\"}},{\"@type\":\"WebPage\",\"@id\":\"https:\/\/dicodusport.fr\/blog\/motogp-autriche-2024-francesco-bagnaia-rafle-la-course-sprint-et-revient-a-egalite-avec-jorge-martin\/\",\"url\":\"https:\/\/dicodusport.fr\/blog\/motogp-autriche-2024-francesco-bagnaia-rafle-la-course-sprint-et-revient-a-egalite-avec-jorge-martin\/\",\"name\":\"MotoGP Autriche 2024 : Francesco Bagnaia rafle la course sprint et revient \u00e0 \u00e9galit\u00e9 avec Jorge Martin\",\"isPartOf\":{\"@id\":\"https:\/\/dicodusport.fr\/blog\/#website\"},\"primaryImageOfPage\":{\"@id\":\"https:\/\/dicodusport.fr\/blog\/motogp-autriche-2024-francesco-bagnaia-rafle-la-course-sprint-et-revient-a-egalite-avec-jorge-martin\/#primaryimage\"},\"image\":{\"@id\":\"https:\/\/dicodusport.fr\/blog\/motogp-autriche-2024-francesco-bagnaia-rafle-la-course-sprint-et-revient-a-egalite-avec-jorge-martin\/#primaryimage\"},\"thumbnailUrl\":\"https:\/\/dicodusport.fr\/blog\/wp-content\/uploads\/2024\/08\/MotoGP-Autriche-2024-Francesco-Bagnaia-rafle-la-course-sprint-et-revient-a-egalite-avec-Jorge-Martin.png\",\"datePublished\":\"2024-08-17T13:26:47+00:00\",\"description\":\"MOTOGP \u2013 GRAND PRIX D'AUTRICHE 2024 - Jorge Martin p\u00e9nalis\u00e9, Francesco Bagnaia a livr\u00e9 une course solide pour s'imposer devant son rival espagnol.\",\"breadcrumb\":{\"@id\":\"https:\/\/dicodusport.fr\/blog\/motogp-autriche-2024-francesco-bagnaia-rafle-la-course-sprint-et-revient-a-egalite-avec-jorge-martin\/#breadcrumb\"},\"inLanguage\":\"fr-FR\",\"potentialAction\":[{\"@type\":\"ReadAction\",\"target\":[\"https:\/\/dicodusport.fr\/blog\/motogp-autriche-2024-francesco-bagnaia-rafle-la-course-sprint-et-revient-a-egalite-avec-jorge-martin\/\"]}]},{\"@type\":\"ImageObject\",\"inLanguage\":\"fr-FR\",\"@id\":\"https:\/\/dicodusport.fr\/blog\/motogp-autriche-2024-francesco-bagnaia-rafle-la-course-sprint-et-revient-a-egalite-avec-jorge-martin\/#primaryimage\",\"url\":\"https:\/\/dicodusport.fr\/blog\/wp-content\/uploads\/2024\/08\/MotoGP-Autriche-2024-Francesco-Bagnaia-rafle-la-course-sprint-et-revient-a-egalite-avec-Jorge-Martin.png\",\"contentUrl\":\"https:\/\/dicodusport.fr\/blog\/wp-content\/uploads\/2024\/08\/MotoGP-Autriche-2024-Francesco-Bagnaia-rafle-la-course-sprint-et-revient-a-egalite-avec-Jorge-Martin.png\",\"width\":1200,\"height\":674,\"caption\":\"MotoGP Autriche 2024 Francesco Bagnaia rafle la course sprint et revient \u00e0 \u00e9galit\u00e9 avec Jorge Martin\"},{\"@type\":\"BreadcrumbList\",\"@id\":\"https:\/\/dicodusport.fr\/blog\/motogp-autriche-2024-francesco-bagnaia-rafle-la-course-sprint-et-revient-a-egalite-avec-jorge-martin\/#breadcrumb\",\"itemListElement\":[{\"@type\":\"ListItem\",\"position\":1,\"name\":\"Accueil\",\"item\":\"https:\/\/dicodusport.fr\/blog\/\"},{\"@type\":\"ListItem\",\"position\":2,\"name\":\"MotoGP Autriche 2024 : Francesco Bagnaia rafle la course sprint et revient \u00e0 \u00e9galit\u00e9 avec Jorge Martin\"}]},{\"@type\":\"WebSite\",\"@id\":\"https:\/\/dicodusport.fr\/blog\/#website\",\"url\":\"https:\/\/dicodusport.fr\/blog\/\",\"name\":\"Dicodusport\",\"description\":\"L&#039;encyclop\u00e9die de l&#039;actualit\u00e9 sportive\",\"publisher\":{\"@id\":\"https:\/\/dicodusport.fr\/blog\/#organization\"},\"potentialAction\":[{\"@type\":\"SearchAction\",\"target\":{\"@type\":\"EntryPoint\",\"urlTemplate\":\"https:\/\/dicodusport.fr\/blog\/?s={search_term_string}\"},\"query-input\":{\"@type\":\"PropertyValueSpecification\",\"valueRequired\":true,\"valueName\":\"search_term_string\"}}],\"inLanguage\":\"fr-FR\"},{\"@type\":\"NewsMediaOrganization\",\"@id\":\"https:\/\/dicodusport.fr\/blog\/#organization\",\"name\":\"Dicodusport\",\"url\":\"https:\/\/dicodusport.fr\/blog\/\",\"logo\":{\"@type\":\"ImageObject\",\"inLanguage\":\"fr-FR\",\"@id\":\"https:\/\/dicodusport.fr\/blog\/#\/schema\/logo\/image\/\",\"url\":\"https:\/\/dicodusport.fr\/blog\/wp-content\/uploads\/2020\/06\/cropped-LOGO-DICODUSPORT-2020-SANS-FOND-SANS-TEXTE.png\",\"contentUrl\":\"https:\/\/dicodusport.fr\/blog\/wp-content\/uploads\/2020\/06\/cropped-LOGO-DICODUSPORT-2020-SANS-FOND-SANS-TEXTE.png\",\"width\":512,\"height\":512,\"caption\":\"Dicodusport\"},\"image\":{\"@id\":\"https:\/\/dicodusport.fr\/blog\/#\/schema\/logo\/image\/\"},\"sameAs\":[\"https:\/\/www.facebook.com\/dicodusport\",\"https:\/\/x.com\/dicodusport\",\"https:\/\/www.instagram.com\/dicodusport\/\",\"https:\/\/www.youtube.com\/channel\/UC7V2KZ5sd3htJivAbA4ZG3w\"],\"description\":\"Dicodusport est l'encyclop\u00e9die de l'actualit\u00e9 sportive.\",\"email\":\"bonjour@dicodusport.fr\",\"legalName\":\"DICODUSPORT\",\"foundingDate\":\"2018-01-14\",\"vatID\":\"FR71834470973\",\"taxID\":\"83447097300043\",\"numberOfEmployees\":{\"@type\":\"QuantitativeValue\",\"minValue\":\"1\",\"maxValue\":\"10\"}},{\"@type\":\"Person\",\"@id\":\"https:\/\/dicodusport.fr\/blog\/#\/schema\/person\/627966a6cde45dbd8c5e36ac85d783da\",\"name\":\"S\u00e9bastien Gente\",\"image\":{\"@type\":\"ImageObject\",\"inLanguage\":\"fr-FR\",\"@id\":\"https:\/\/dicodusport.fr\/blog\/#\/schema\/person\/image\/\",\"url\":\"https:\/\/dicodusport.fr\/blog\/wp-content\/uploads\/2021\/09\/1510990_10205810251400683_4124423575079401707_n-150x150.jpg\",\"contentUrl\":\"https:\/\/dicodusport.fr\/blog\/wp-content\/uploads\/2021\/09\/1510990_10205810251400683_4124423575079401707_n-150x150.jpg\",\"caption\":\"S\u00e9bastien Gente\"},\"description\":\"John Stockton, Gianni Bugno, Zinedine Zidane, Steffi Graf, Frode Andresen, St\u00e9phane Stoecklin, Davis Kamoga, Primoz Peterka, Werner Schlager et Aur\u00e9lien Rougerie. Point commun entre ces sportifs? Ils m'ont fait r\u00eaver et ont berc\u00e9 mon adolescence. Je suis un fondu de sports et j'essaie de retranscrire ma passion \u00e0 travers mes articles. Originaire du P\u00e9rigord, ma passion pour les Girondins, les Jaunards et les Jazzmen transpire dans mes \u00e9crits. \u00c0 Dicodusport depuis 2021, je d\u00e9niche les sports m\u00e9connus dans lesquels la France brille, et il y en a !\",\"sameAs\":[\"https:\/\/www.facebook.com\/sebastien.gente\/\",\"https:\/\/www.instagram.com\/sebgente\/\",\"https:\/\/www.linkedin.com\/in\/sbastien-gente-a29583169\/\",\"https:\/\/x.com\/https:\/\/twitter.com\/globulo24\",\"SebastienGente\"],\"worksFor\":\"S\u00e9bastien GENTE\",\"url\":\"https:\/\/dicodusport.fr\/blog\/author\/sebastiengente\/\"}]}<\/script>\n<!-- \/ Yoast SEO Premium plugin. -->","yoast_head_json":{"title":"MotoGP Autriche 2024 : Francesco Bagnaia rafle la course sprint et revient \u00e0 \u00e9galit\u00e9 avec Jorge Martin","description":"MOTOGP \u2013 GRAND PRIX D'AUTRICHE 2024 - Jorge Martin p\u00e9nalis\u00e9, Francesco Bagnaia a livr\u00e9 une course solide pour s'imposer devant son rival espagnol.","robots":{"index":"index","follow":"follow","max-snippet":"max-snippet:-1","max-image-preview":"max-image-preview:large","max-video-preview":"max-video-preview:-1"},"canonical":"https:\/\/dicodusport.fr\/blog\/motogp-autriche-2024-francesco-bagnaia-rafle-la-course-sprint-et-revient-a-egalite-avec-jorge-martin\/","og_locale":"fr_FR","og_type":"article","og_title":"MotoGP Autriche 2024 : Francesco Bagnaia rafle la course sprint et revient \u00e0 \u00e9galit\u00e9 avec Jorge Martin","og_description":"MOTOGP \u2013 GRAND PRIX D'AUTRICHE 2024 - Jorge Martin p\u00e9nalis\u00e9, Francesco Bagnaia a livr\u00e9 une course solide pour s'imposer devant son rival espagnol.","og_url":"https:\/\/dicodusport.fr\/blog\/motogp-autriche-2024-francesco-bagnaia-rafle-la-course-sprint-et-revient-a-egalite-avec-jorge-martin\/","og_site_name":"Dicodusport","article_publisher":"https:\/\/www.facebook.com\/dicodusport","article_author":"https:\/\/www.facebook.com\/sebastien.gente\/","article_published_time":"2024-08-17T13:26:47+00:00","og_image":[{"width":1200,"height":674,"url":"https:\/\/dicodusport.fr\/blog\/wp-content\/uploads\/2024\/08\/MotoGP-Autriche-2024-Francesco-Bagnaia-rafle-la-course-sprint-et-revient-a-egalite-avec-Jorge-Martin.png","type":"image\/png"}],"author":"S\u00e9bastien Gente","twitter_card":"summary_large_image","twitter_title":"MotoGP Autriche 2024 : Francesco Bagnaia rafle la course sprint et revient \u00e0 \u00e9galit\u00e9 avec Jorge Martin","twitter_creator":"@https:\/\/twitter.com\/globulo24","twitter_site":"@dicodusport","schema":{"@context":"https:\/\/schema.org","@graph":[{"@type":"NewsArticle","@id":"https:\/\/dicodusport.fr\/blog\/motogp-autriche-2024-francesco-bagnaia-rafle-la-course-sprint-et-revient-a-egalite-avec-jorge-martin\/#article","isPartOf":{"@id":"https:\/\/dicodusport.fr\/blog\/motogp-autriche-2024-francesco-bagnaia-rafle-la-course-sprint-et-revient-a-egalite-avec-jorge-martin\/"},"author":{"name":"S\u00e9bastien Gente","@id":"https:\/\/dicodusport.fr\/blog\/#\/schema\/person\/627966a6cde45dbd8c5e36ac85d783da"},"headline":"MotoGP Autriche 2024 : Francesco Bagnaia rafle la course sprint et revient \u00e0 \u00e9galit\u00e9 avec Jorge Martin","datePublished":"2024-08-17T13:26:47+00:00","mainEntityOfPage":{"@id":"https:\/\/dicodusport.fr\/blog\/motogp-autriche-2024-francesco-bagnaia-rafle-la-course-sprint-et-revient-a-egalite-avec-jorge-martin\/"},"wordCount":388,"commentCount":0,"publisher":{"@id":"https:\/\/dicodusport.fr\/blog\/#organization"},"image":{"@id":"https:\/\/dicodusport.fr\/blog\/motogp-autriche-2024-francesco-bagnaia-rafle-la-course-sprint-et-revient-a-egalite-avec-jorge-martin\/#primaryimage"},"thumbnailUrl":"https:\/\/dicodusport.fr\/blog\/wp-content\/uploads\/2024\/08\/MotoGP-Autriche-2024-Francesco-Bagnaia-rafle-la-course-sprint-et-revient-a-egalite-avec-Jorge-Martin.png","keywords":["br\u00e8ve","Grand Prix d'Autriche MotoGP","MotoGP Autriche"],"articleSection":["MotoGP"],"inLanguage":"fr-FR","potentialAction":[{"@type":"CommentAction","name":"Comment","target":["https:\/\/dicodusport.fr\/blog\/motogp-autriche-2024-francesco-bagnaia-rafle-la-course-sprint-et-revient-a-egalite-avec-jorge-martin\/#respond"]}],"copyrightYear":"2024","copyrightHolder":{"@id":"https:\/\/dicodusport.fr\/blog\/#organization"}},{"@type":"WebPage","@id":"https:\/\/dicodusport.fr\/blog\/motogp-autriche-2024-francesco-bagnaia-rafle-la-course-sprint-et-revient-a-egalite-avec-jorge-martin\/","url":"https:\/\/dicodusport.fr\/blog\/motogp-autriche-2024-francesco-bagnaia-rafle-la-course-sprint-et-revient-a-egalite-avec-jorge-martin\/","name":"MotoGP Autriche 2024 : Francesco Bagnaia rafle la course sprint et revient \u00e0 \u00e9galit\u00e9 avec Jorge Martin","isPartOf":{"@id":"https:\/\/dicodusport.fr\/blog\/#website"},"primaryImageOfPage":{"@id":"https:\/\/dicodusport.fr\/blog\/motogp-autriche-2024-francesco-bagnaia-rafle-la-course-sprint-et-revient-a-egalite-avec-jorge-martin\/#primaryimage"},"image":{"@id":"https:\/\/dicodusport.fr\/blog\/motogp-autriche-2024-francesco-bagnaia-rafle-la-course-sprint-et-revient-a-egalite-avec-jorge-martin\/#primaryimage"},"thumbnailUrl":"https:\/\/dicodusport.fr\/blog\/wp-content\/uploads\/2024\/08\/MotoGP-Autriche-2024-Francesco-Bagnaia-rafle-la-course-sprint-et-revient-a-egalite-avec-Jorge-Martin.png","datePublished":"2024-08-17T13:26:47+00:00","description":"MOTOGP \u2013 GRAND PRIX D'AUTRICHE 2024 - Jorge Martin p\u00e9nalis\u00e9, Francesco Bagnaia a livr\u00e9 une course solide pour s'imposer devant son rival espagnol.","breadcrumb":{"@id":"https:\/\/dicodusport.fr\/blog\/motogp-autriche-2024-francesco-bagnaia-rafle-la-course-sprint-et-revient-a-egalite-avec-jorge-martin\/#breadcrumb"},"inLanguage":"fr-FR","potentialAction":[{"@type":"ReadAction","target":["https:\/\/dicodusport.fr\/blog\/motogp-autriche-2024-francesco-bagnaia-rafle-la-course-sprint-et-revient-a-egalite-avec-jorge-martin\/"]}]},{"@type":"ImageObject","inLanguage":"fr-FR","@id":"https:\/\/dicodusport.fr\/blog\/motogp-autriche-2024-francesco-bagnaia-rafle-la-course-sprint-et-revient-a-egalite-avec-jorge-martin\/#primaryimage","url":"https:\/\/dicodusport.fr\/blog\/wp-content\/uploads\/2024\/08\/MotoGP-Autriche-2024-Francesco-Bagnaia-rafle-la-course-sprint-et-revient-a-egalite-avec-Jorge-Martin.png","contentUrl":"https:\/\/dicodusport.fr\/blog\/wp-content\/uploads\/2024\/08\/MotoGP-Autriche-2024-Francesco-Bagnaia-rafle-la-course-sprint-et-revient-a-egalite-avec-Jorge-Martin.png","width":1200,"height":674,"caption":"MotoGP Autriche 2024 Francesco Bagnaia rafle la course sprint et revient \u00e0 \u00e9galit\u00e9 avec Jorge Martin"},{"@type":"BreadcrumbList","@id":"https:\/\/dicodusport.fr\/blog\/motogp-autriche-2024-francesco-bagnaia-rafle-la-course-sprint-et-revient-a-egalite-avec-jorge-martin\/#breadcrumb","itemListElement":[{"@type":"ListItem","position":1,"name":"Accueil","item":"https:\/\/dicodusport.fr\/blog\/"},{"@type":"ListItem","position":2,"name":"MotoGP Autriche 2024 : Francesco Bagnaia rafle la course sprint et revient \u00e0 \u00e9galit\u00e9 avec Jorge Martin"}]},{"@type":"WebSite","@id":"https:\/\/dicodusport.fr\/blog\/#website","url":"https:\/\/dicodusport.fr\/blog\/","name":"Dicodusport","description":"L&#039;encyclop\u00e9die de l&#039;actualit\u00e9 sportive","publisher":{"@id":"https:\/\/dicodusport.fr\/blog\/#organization"},"potentialAction":[{"@type":"SearchAction","target":{"@type":"EntryPoint","urlTemplate":"https:\/\/dicodusport.fr\/blog\/?s={search_term_string}"},"query-input":{"@type":"PropertyValueSpecification","valueRequired":true,"valueName":"search_term_string"}}],"inLanguage":"fr-FR"},{"@type":"NewsMediaOrganization","@id":"https:\/\/dicodusport.fr\/blog\/#organization","name":"Dicodusport","url":"https:\/\/dicodusport.fr\/blog\/","logo":{"@type":"ImageObject","inLanguage":"fr-FR","@id":"https:\/\/dicodusport.fr\/blog\/#\/schema\/logo\/image\/","url":"https:\/\/dicodusport.fr\/blog\/wp-content\/uploads\/2020\/06\/cropped-LOGO-DICODUSPORT-2020-SANS-FOND-SANS-TEXTE.png","contentUrl":"https:\/\/dicodusport.fr\/blog\/wp-content\/uploads\/2020\/06\/cropped-LOGO-DICODUSPORT-2020-SANS-FOND-SANS-TEXTE.png","width":512,"height":512,"caption":"Dicodusport"},"image":{"@id":"https:\/\/dicodusport.fr\/blog\/#\/schema\/logo\/image\/"},"sameAs":["https:\/\/www.facebook.com\/dicodusport","https:\/\/x.com\/dicodusport","https:\/\/www.instagram.com\/dicodusport\/","https:\/\/www.youtube.com\/channel\/UC7V2KZ5sd3htJivAbA4ZG3w"],"description":"Dicodusport est l'encyclop\u00e9die de l'actualit\u00e9 sportive.","email":"bonjour@dicodusport.fr","legalName":"DICODUSPORT","foundingDate":"2018-01-14","vatID":"FR71834470973","taxID":"83447097300043","numberOfEmployees":{"@type":"QuantitativeValue","minValue":"1","maxValue":"10"}},{"@type":"Person","@id":"https:\/\/dicodusport.fr\/blog\/#\/schema\/person\/627966a6cde45dbd8c5e36ac85d783da","name":"S\u00e9bastien Gente","image":{"@type":"ImageObject","inLanguage":"fr-FR","@id":"https:\/\/dicodusport.fr\/blog\/#\/schema\/person\/image\/","url":"https:\/\/dicodusport.fr\/blog\/wp-content\/uploads\/2021\/09\/1510990_10205810251400683_4124423575079401707_n-150x150.jpg","contentUrl":"https:\/\/dicodusport.fr\/blog\/wp-content\/uploads\/2021\/09\/1510990_10205810251400683_4124423575079401707_n-150x150.jpg","caption":"S\u00e9bastien Gente"},"description":"John Stockton, Gianni Bugno, Zinedine Zidane, Steffi Graf, Frode Andresen, St\u00e9phane Stoecklin, Davis Kamoga, Primoz Peterka, Werner Schlager et Aur\u00e9lien Rougerie. Point commun entre ces sportifs? Ils m'ont fait r\u00eaver et ont berc\u00e9 mon adolescence. Je suis un fondu de sports et j'essaie de retranscrire ma passion \u00e0 travers mes articles. Originaire du P\u00e9rigord, ma passion pour les Girondins, les Jaunards et les Jazzmen transpire dans mes \u00e9crits. \u00c0 Dicodusport depuis 2021, je d\u00e9niche les sports m\u00e9connus dans lesquels la France brille, et il y en a !","sameAs":["https:\/\/www.facebook.com\/sebastien.gente\/","https:\/\/www.instagram.com\/sebgente\/","https:\/\/www.linkedin.com\/in\/sbastien-gente-a29583169\/","https:\/\/x.com\/https:\/\/twitter.com\/globulo24","SebastienGente"],"worksFor":"S\u00e9bastien GENTE","url":"https:\/\/dicodusport.fr\/blog\/author\/sebastiengente\/"}]}},"_links":{"self":[{"href":"https:\/\/dicodusport.fr\/blog\/wp-json\/wp\/v2\/posts\/513115","targetHints":{"allow":["GET"]}}],"collection":[{"href":"https:\/\/dicodusport.fr\/blog\/wp-json\/wp\/v2\/posts"}],"about":[{"href":"https:\/\/dicodusport.fr\/blog\/wp-json\/wp\/v2\/types\/post"}],"author":[{"embeddable":true,"href":"https:\/\/dicodusport.fr\/blog\/wp-json\/wp\/v2\/users\/59"}],"replies":[{"embeddable":true,"href":"https:\/\/dicodusport.fr\/blog\/wp-json\/wp\/v2\/comments?post=513115"}],"version-history":[{"count":1,"href":"https:\/\/dicodusport.fr\/blog\/wp-json\/wp\/v2\/posts\/513115\/revisions"}],"predecessor-version":[{"id":513130,"href":"https:\/\/dicodusport.fr\/blog\/wp-json\/wp\/v2\/posts\/513115\/revisions\/513130"}],"wp:featuredmedia":[{"embeddable":true,"href":"https:\/\/dicodusport.fr\/blog\/wp-json\/wp\/v2\/media\/513129"}],"wp:attachment":[{"href":"https:\/\/dicodusport.fr\/blog\/wp-json\/wp\/v2\/media?parent=513115"}],"wp:term":[{"taxonomy":"category","embeddable":true,"href":"https:\/\/dicodusport.fr\/blog\/wp-json\/wp\/v2\/categories?post=513115"},{"taxonomy":"post_tag","embeddable":true,"href":"https:\/\/dicodusport.fr\/blog\/wp-json\/wp\/v2\/tags?post=513115"}],"curies":[{"name":"wp","href":"https:\/\/api.w.org\/{rel}","templated":true}]}}