{"id":513641,"date":"2024-08-20T15:21:56","date_gmt":"2024-08-20T13:21:56","guid":{"rendered":"https:\/\/dicodusport.fr\/blog\/?p=513641&#038;preview=true&#038;preview_id=513641"},"modified":"2024-08-20T15:22:11","modified_gmt":"2024-08-20T13:22:11","slug":"ligue-1-qui-au-psg-pour-remplacer-goncalo-ramos-blesse-pour-plusieurs-mois","status":"publish","type":"post","link":"https:\/\/dicodusport.fr\/blog\/ligue-1-qui-au-psg-pour-remplacer-goncalo-ramos-blesse-pour-plusieurs-mois\/","title":{"rendered":"Ligue 1 : Qui au PSG pour remplacer Gon\u00e7alo Ramos, bless\u00e9 pour plusieurs mois ?"},"content":{"rendered":"<p style=\"text-align: justify;\"><strong><em>LIGUE 1 2024\/2025 &#8211; Gon\u00e7alo Ramos va manquer au moins trois mois de comp\u00e9tition, apr\u00e8s sa grave blessure \u00e0 la cheville contre Le Havre. Que va faire le Paris Saint-Germain, alors que le calendrier s&rsquo;annonce surcharg\u00e9 ? Recrutement \u00e0 prix d&rsquo;or, solutions en Ligue 1 ou en interne, les pistes sont multiples pour le club de la capitale.<\/em><\/strong><\/p>\n<p style=\"text-align: justify;\">Les mots de <strong>Luis Enrique<\/strong> \u00e0 la fin du match <a href=\"https:\/\/dicodusport.fr\/blog\/video-resume-le-havre-psg-1ere-journee-de-ligue-1\/\"><strong>Le Havre<\/strong> &#8211; <strong>Paris Saint-Germain<\/strong><\/a> ne laissaient que peu de place \u00e0 un rapide retour de <strong>Gon\u00e7alo Ramos<\/strong>. Touch\u00e9 \u00e0 la cheville, l&rsquo;attaquant de 23 ans va manquer au moins 3 mois de comp\u00e9tition. Et le temps de revenir, Ramos ne sera sans doute pas \u00e0 100% avant janvier 2025. Le moment o\u00f9 le football europ\u00e9en s&#8217;emballe, avec les phases finales de Ligue des champions.<\/p>\n<ul style=\"text-align: justify;\">\n<li><strong>\u00c0 ce sujet &#8211; <a href=\"https:\/\/dicodusport.fr\/blog\/classement-ligue-1-2024-2025\/\">Le classement de Ligue 1 2024\/2025<\/a><\/strong><\/li>\n<\/ul>\n<p style=\"text-align: justify;\">L&rsquo;an dernier, le buteur n&rsquo;avait pas su s&rsquo;imposer dans l&rsquo;effectif parisien. L\u00e0, tout semblait parfait pour lui. <a href=\"https:\/\/dicodusport.fr\/blog\/football-kylian-mbappe-offre-la-supercoupe-deurope-au-real-madrid\/\"><strong>Kylian Mbapp\u00e9<\/strong> parti<\/a>, le poste de buteur \u00e9tait libre. Seul v\u00e9ritable num\u00e9ro 9 de formation, Gon\u00e7alo Ramos avait tout pour devenir le grand attaquant du PSG dans les mois et ann\u00e9es \u00e0 venir. Sa blessure rebat donc les cartes. Le Paris Saint-Germain doit-il <a href=\"https:\/\/dicodusport.fr\/blog\/mercato-psg-tableau-des-transferts-2024-2025\/\">recruter<\/a> pour s&rsquo;assurer une stabilit\u00e9 \u00e0 ce poste si important de buteur ? Peut-il g\u00e9rer \u00e7a en interne, avec le large panel de joueurs offensifs \u00e0 la disposition de Luis Enrique ?<\/p>\n<h2 style=\"text-align: justify;\">La piste Osimhen<\/h2>\n<p style=\"text-align: justify;\">Le nom de <a href=\"https:\/\/dicodusport.fr\/blog\/transferts-psg-victor-osimhen-se-rapproche-de-paris\/\"><strong>Victor Osimhen<\/strong><\/a> \u00e9tait tout en haut de la liste de Luis Campos cet \u00e9t\u00e9. Notamment en cas de d\u00e9part de <strong>Gon\u00e7alo Ramos<\/strong> ou <strong>Randal Kolo Muani<\/strong>. Mais les deux hommes sont rest\u00e9s au Paris Saint-Germain.<\/p>\n<p style=\"text-align: justify;\">L&rsquo;attaquant nig\u00e9rian de <strong>Naples<\/strong> co\u00fbterait cher, tr\u00e8s cher \u00e0 Paris. Sa clause de d\u00e9part est de 130 millions d&rsquo;euros. Et le pr\u00e9sident du club napolitain n&rsquo;a pas l&rsquo;air motiv\u00e9 pour n\u00e9gocier avec les dirigeants parisiens. Alors, le PSG va t-il s&rsquo;offrir ce solide buteur (65 buts en 108 matchs \u00e0 Naples), mais qui risque de provoquer un entassement quand tout le monde sera de retour ? \u00c0 25 ans, <strong>Osimhen<\/strong> repr\u00e9sente une potentielle figure de proue du nouveau projet parisien.<\/p>\n<blockquote class=\"twitter-tweet\">\n<p dir=\"ltr\" lang=\"fr\">\ud83d\udea8\ud83d\udea8 L\u2019Atalanta ne veut PAS vendre Ademola Lookman \ud83c\uddf3\ud83c\uddec ! \u274c<\/p>\n<p>En parall\u00e8le, le PSG n\u2019a pas repris les n\u00e9gociations pour Victor Osimhen \ud83c\uddf3\ud83c\uddec. \ud83d\ude45\u200d\u2642\ufe0f (<a href=\"https:\/\/twitter.com\/JacobsBen?ref_src=twsrc%5Etfw\">@JacobsBen<\/a>) <a href=\"https:\/\/t.co\/YxsvWQpuMp\">pic.twitter.com\/YxsvWQpuMp<\/a><\/p>\n<p>\u2014 MEGA PSG \ud83c\uddf5\ud83c\uddf8 (@MegaPSG_) <a href=\"https:\/\/twitter.com\/MegaPSG_\/status\/1825831533938110598?ref_src=twsrc%5Etfw\">August 20, 2024<\/a><\/p><\/blockquote>\n<p style=\"text-align: justify;\"><script async src=\"https:\/\/platform.twitter.com\/widgets.js\" charset=\"utf-8\"><\/script><\/p>\n<h2 style=\"text-align: justify;\">Une recrue made in Ligue 1<\/h2>\n<p style=\"text-align: justify;\">S&rsquo;il veut se renforcer au poste de buteur, et alors que la Ligue des champions reprend dans un mois, le Paris Saint-Germain pourrait aussi se tourner vers le championnat local. La piste <strong>Jonathan David<\/strong> r\u00e9appara\u00eet dans les rumeurs de transferts le liant au club de la capitale. Alors qu&rsquo;il ne lui reste plus qu&rsquo;un an de contrat, le Canadien pourrait donc quitter Lille pour Paris. Ce dernier pourrait proposer une offre d&rsquo;environ 40 millions d&rsquo;euros pour le joueur du <strong>LOSC<\/strong>.<\/p>\n<p style=\"text-align: justify;\">Mais il ne partira qu&rsquo;en cas de rempla\u00e7ant trouv\u00e9 par le club nordiste. \u00a0<em>Plus on s\u2019approche de la fin du mercato, plus c\u2019est compliqu\u00e9 de trouver un attaquant de grande qualit\u00e9 comme Jonathan. On a la capacit\u00e9 de le garder car nous ne sommes pas sous pression d\u2019un point de vue \u00e9conomique. Nous sommes tr\u00e8s contents de l\u2019avoir. Il est tr\u00e8s content d&rsquo;\u00eatre avec nous, tr\u00e8s content d\u2019\u00eatre dans le club, de ce qu\u2019il vit. Je dirais que tout est possible<\/em> \u00bb, a d\u00e9clar\u00e9 le pr\u00e9sident du LOSC au micro de RMC.<\/p>\n<h2 style=\"text-align: justify;\">Une solution en interne<\/h2>\n<p style=\"text-align: justify;\">Les joueurs offensifs au Paris Saint-Germain, ce n&rsquo;est pas ce qui manque. Surtout avec l&rsquo;arriv\u00e9e toute r\u00e9cente de <a href=\"https:\/\/dicodusport.fr\/blog\/transferts-paris-desire-doue-va-signer-au-psg\/\"><strong>D\u00e9sir\u00e9 Dou\u00e9<\/strong><\/a>. <strong>Bradley Barcola<\/strong>, <strong>Ousmane Demb\u00e9l\u00e9<\/strong>, <strong>Randal Kolo Muani<\/strong>, <strong>Kang Lee-In<\/strong>, <strong>Marco Asensio<\/strong> ou encore <strong>Dou\u00e9<\/strong> ou <strong>Ibrahim Mbaye<\/strong>, lanc\u00e9 sur le c\u00f4t\u00e9 gauche de l&rsquo;attaque contre Le Havre. Des profils divers que <strong>Luis Enrique<\/strong> pourrait pr\u00e9f\u00e9rer pour s&rsquo;adapter \u00e0 l&rsquo;absence longue dur\u00e9e de <strong>Gon\u00e7alo Ramos<\/strong>.<\/p>\n<p style=\"text-align: justify;\">En d\u00e9but de saison derni\u00e8re, le coach espagnol avait choisi \u00e0 plusieurs reprises d&rsquo;aligner <strong>Marco Asensio<\/strong> en tant que faux num\u00e9ro 9. La rentr\u00e9e de <strong>Randal Kolo Muani<\/strong> apr\u00e8s la blessure de <strong>Ramos<\/strong> laisse pr\u00e9sager des prochains matchs. Le trio titulaire en attaque devrait \u00eatre <strong>Barcola &#8211; Kolo Muani &#8211; Demb\u00e9l\u00e9.<\/strong><\/p>\n","protected":false},"excerpt":{"rendered":"<p>LIGUE 1 2024\/2025 &#8211; Gon\u00e7alo Ramos va manquer au moins trois mois de comp\u00e9tition, apr\u00e8s sa grave blessure \u00e0 la cheville contre Le Havre. Que va faire le Paris Saint-Germain, alors que le calendrier s&rsquo;annonce surcharg\u00e9 ? Recrutement \u00e0 prix d&rsquo;or, solutions en Ligue 1 ou en interne, les pistes sont multiples pour le club de la capitale.<\/p>\n","protected":false},"author":88,"featured_media":513707,"comment_status":"open","ping_status":"closed","sticky":false,"template":"","format":"standard","meta":{"_acf_changed":false,"_daextam_enable_autolinks":"1","footnotes":""},"categories":[2301,47045],"tags":[16878,75,25269,7762,910,24],"class_list":["post-513641","post","type-post","status-publish","format-standard","has-post-thumbnail","hentry","category-football","category-ligue-1","tag-breve","tag-football","tag-goncalo-ramos","tag-mercato-psg","tag-psg","tag-sport"],"acf":[],"yoast_head":"<!-- This site is optimized with the Yoast SEO Premium plugin v26.7 (Yoast SEO v26.7) - https:\/\/yoast.com\/wordpress\/plugins\/seo\/ -->\n<title>Ligue 1 : Qui au PSG pour remplacer Gon\u00e7alo Ramos, bless\u00e9 pour plusieurs mois ?<\/title>\n<meta name=\"description\" content=\"Ligue 1 - Gon\u00e7alo Ramos va manquer au moins trois mois de comp\u00e9tition, apr\u00e8s sa grave blessure \u00e0 la cheville contre Le Havre.\" \/>\n<meta name=\"robots\" content=\"index, follow, max-snippet:-1, max-image-preview:large, max-video-preview:-1\" \/>\n<link rel=\"canonical\" href=\"https:\/\/dicodusport.fr\/blog\/ligue-1-qui-au-psg-pour-remplacer-goncalo-ramos-blesse-pour-plusieurs-mois\/\" \/>\n<meta property=\"og:locale\" content=\"fr_FR\" \/>\n<meta property=\"og:type\" content=\"article\" \/>\n<meta property=\"og:title\" content=\"Ligue 1 : Qui au PSG pour remplacer Gon\u00e7alo Ramos, bless\u00e9 pour plusieurs mois ?\" \/>\n<meta property=\"og:description\" content=\"Ligue 1 - Gon\u00e7alo Ramos va manquer au moins trois mois de comp\u00e9tition, apr\u00e8s sa grave blessure \u00e0 la cheville contre Le Havre.\" \/>\n<meta property=\"og:url\" content=\"https:\/\/dicodusport.fr\/blog\/ligue-1-qui-au-psg-pour-remplacer-goncalo-ramos-blesse-pour-plusieurs-mois\/\" \/>\n<meta property=\"og:site_name\" content=\"Dicodusport\" \/>\n<meta property=\"article:publisher\" content=\"https:\/\/www.facebook.com\/dicodusport\" \/>\n<meta property=\"article:published_time\" content=\"2024-08-20T13:21:56+00:00\" \/>\n<meta property=\"article:modified_time\" content=\"2024-08-20T13:22:11+00:00\" \/>\n<meta property=\"og:image\" content=\"https:\/\/dicodusport.fr\/blog\/wp-content\/uploads\/2024\/08\/Ligue-1-Qui-au-PSG-pour-remplacer-Goncalo-Ramos-blesse-pour-plusieurs-mois.png\" \/>\n\t<meta property=\"og:image:width\" content=\"1200\" \/>\n\t<meta property=\"og:image:height\" content=\"674\" \/>\n\t<meta property=\"og:image:type\" content=\"image\/png\" \/>\n<meta name=\"author\" content=\"Paul Lalevee\" \/>\n<meta name=\"twitter:card\" content=\"summary_large_image\" \/>\n<meta name=\"twitter:title\" content=\"Ligue 1 : Qui au PSG pour remplacer Gon\u00e7alo Ramos, bless\u00e9 pour plusieurs mois ?\" \/>\n<meta name=\"twitter:creator\" content=\"@dicodusport\" \/>\n<meta name=\"twitter:site\" content=\"@dicodusport\" \/>\n<script type=\"application\/ld+json\" class=\"yoast-schema-graph\">{\"@context\":\"https:\/\/schema.org\",\"@graph\":[{\"@type\":\"NewsArticle\",\"@id\":\"https:\/\/dicodusport.fr\/blog\/ligue-1-qui-au-psg-pour-remplacer-goncalo-ramos-blesse-pour-plusieurs-mois\/#article\",\"isPartOf\":{\"@id\":\"https:\/\/dicodusport.fr\/blog\/ligue-1-qui-au-psg-pour-remplacer-goncalo-ramos-blesse-pour-plusieurs-mois\/\"},\"author\":{\"name\":\"Paul Lalevee\",\"@id\":\"https:\/\/dicodusport.fr\/blog\/#\/schema\/person\/1eaa63dfac40b5e5c47f03a71920c1cd\"},\"headline\":\"Ligue 1 : Qui au PSG pour remplacer Gon\u00e7alo Ramos, bless\u00e9 pour plusieurs mois ?\",\"datePublished\":\"2024-08-20T13:21:56+00:00\",\"dateModified\":\"2024-08-20T13:22:11+00:00\",\"mainEntityOfPage\":{\"@id\":\"https:\/\/dicodusport.fr\/blog\/ligue-1-qui-au-psg-pour-remplacer-goncalo-ramos-blesse-pour-plusieurs-mois\/\"},\"wordCount\":739,\"commentCount\":0,\"publisher\":{\"@id\":\"https:\/\/dicodusport.fr\/blog\/#organization\"},\"image\":{\"@id\":\"https:\/\/dicodusport.fr\/blog\/ligue-1-qui-au-psg-pour-remplacer-goncalo-ramos-blesse-pour-plusieurs-mois\/#primaryimage\"},\"thumbnailUrl\":\"https:\/\/dicodusport.fr\/blog\/wp-content\/uploads\/2024\/08\/Ligue-1-Qui-au-PSG-pour-remplacer-Goncalo-Ramos-blesse-pour-plusieurs-mois.png\",\"keywords\":[\"br\u00e8ve\",\"Football\",\"Gon\u00e7alo Ramos\",\"Mercato PSG\",\"PSG\",\"sport\"],\"articleSection\":[\"Football\",\"Ligue 1\"],\"inLanguage\":\"fr-FR\",\"potentialAction\":[{\"@type\":\"CommentAction\",\"name\":\"Comment\",\"target\":[\"https:\/\/dicodusport.fr\/blog\/ligue-1-qui-au-psg-pour-remplacer-goncalo-ramos-blesse-pour-plusieurs-mois\/#respond\"]}],\"copyrightYear\":\"2024\",\"copyrightHolder\":{\"@id\":\"https:\/\/dicodusport.fr\/blog\/#organization\"}},{\"@type\":\"WebPage\",\"@id\":\"https:\/\/dicodusport.fr\/blog\/ligue-1-qui-au-psg-pour-remplacer-goncalo-ramos-blesse-pour-plusieurs-mois\/\",\"url\":\"https:\/\/dicodusport.fr\/blog\/ligue-1-qui-au-psg-pour-remplacer-goncalo-ramos-blesse-pour-plusieurs-mois\/\",\"name\":\"Ligue 1 : Qui au PSG pour remplacer Gon\u00e7alo Ramos, bless\u00e9 pour plusieurs mois ?\",\"isPartOf\":{\"@id\":\"https:\/\/dicodusport.fr\/blog\/#website\"},\"primaryImageOfPage\":{\"@id\":\"https:\/\/dicodusport.fr\/blog\/ligue-1-qui-au-psg-pour-remplacer-goncalo-ramos-blesse-pour-plusieurs-mois\/#primaryimage\"},\"image\":{\"@id\":\"https:\/\/dicodusport.fr\/blog\/ligue-1-qui-au-psg-pour-remplacer-goncalo-ramos-blesse-pour-plusieurs-mois\/#primaryimage\"},\"thumbnailUrl\":\"https:\/\/dicodusport.fr\/blog\/wp-content\/uploads\/2024\/08\/Ligue-1-Qui-au-PSG-pour-remplacer-Goncalo-Ramos-blesse-pour-plusieurs-mois.png\",\"datePublished\":\"2024-08-20T13:21:56+00:00\",\"dateModified\":\"2024-08-20T13:22:11+00:00\",\"description\":\"Ligue 1 - Gon\u00e7alo Ramos va manquer au moins trois mois de comp\u00e9tition, apr\u00e8s sa grave blessure \u00e0 la cheville contre Le Havre.\",\"breadcrumb\":{\"@id\":\"https:\/\/dicodusport.fr\/blog\/ligue-1-qui-au-psg-pour-remplacer-goncalo-ramos-blesse-pour-plusieurs-mois\/#breadcrumb\"},\"inLanguage\":\"fr-FR\",\"potentialAction\":[{\"@type\":\"ReadAction\",\"target\":[\"https:\/\/dicodusport.fr\/blog\/ligue-1-qui-au-psg-pour-remplacer-goncalo-ramos-blesse-pour-plusieurs-mois\/\"]}]},{\"@type\":\"ImageObject\",\"inLanguage\":\"fr-FR\",\"@id\":\"https:\/\/dicodusport.fr\/blog\/ligue-1-qui-au-psg-pour-remplacer-goncalo-ramos-blesse-pour-plusieurs-mois\/#primaryimage\",\"url\":\"https:\/\/dicodusport.fr\/blog\/wp-content\/uploads\/2024\/08\/Ligue-1-Qui-au-PSG-pour-remplacer-Goncalo-Ramos-blesse-pour-plusieurs-mois.png\",\"contentUrl\":\"https:\/\/dicodusport.fr\/blog\/wp-content\/uploads\/2024\/08\/Ligue-1-Qui-au-PSG-pour-remplacer-Goncalo-Ramos-blesse-pour-plusieurs-mois.png\",\"width\":1200,\"height\":674,\"caption\":\"Ligue 1 Qui au PSG pour remplacer Gon\u00e7alo Ramos, bless\u00e9 pour plusieurs mois\"},{\"@type\":\"BreadcrumbList\",\"@id\":\"https:\/\/dicodusport.fr\/blog\/ligue-1-qui-au-psg-pour-remplacer-goncalo-ramos-blesse-pour-plusieurs-mois\/#breadcrumb\",\"itemListElement\":[{\"@type\":\"ListItem\",\"position\":1,\"name\":\"Accueil\",\"item\":\"https:\/\/dicodusport.fr\/blog\/\"},{\"@type\":\"ListItem\",\"position\":2,\"name\":\"Ligue 1 : Qui au PSG pour remplacer Gon\u00e7alo Ramos, bless\u00e9 pour plusieurs mois ?\"}]},{\"@type\":\"WebSite\",\"@id\":\"https:\/\/dicodusport.fr\/blog\/#website\",\"url\":\"https:\/\/dicodusport.fr\/blog\/\",\"name\":\"Dicodusport\",\"description\":\"L&#039;encyclop\u00e9die de l&#039;actualit\u00e9 sportive\",\"publisher\":{\"@id\":\"https:\/\/dicodusport.fr\/blog\/#organization\"},\"potentialAction\":[{\"@type\":\"SearchAction\",\"target\":{\"@type\":\"EntryPoint\",\"urlTemplate\":\"https:\/\/dicodusport.fr\/blog\/?s={search_term_string}\"},\"query-input\":{\"@type\":\"PropertyValueSpecification\",\"valueRequired\":true,\"valueName\":\"search_term_string\"}}],\"inLanguage\":\"fr-FR\"},{\"@type\":\"NewsMediaOrganization\",\"@id\":\"https:\/\/dicodusport.fr\/blog\/#organization\",\"name\":\"Dicodusport\",\"url\":\"https:\/\/dicodusport.fr\/blog\/\",\"logo\":{\"@type\":\"ImageObject\",\"inLanguage\":\"fr-FR\",\"@id\":\"https:\/\/dicodusport.fr\/blog\/#\/schema\/logo\/image\/\",\"url\":\"https:\/\/dicodusport.fr\/blog\/wp-content\/uploads\/2020\/06\/cropped-LOGO-DICODUSPORT-2020-SANS-FOND-SANS-TEXTE.png\",\"contentUrl\":\"https:\/\/dicodusport.fr\/blog\/wp-content\/uploads\/2020\/06\/cropped-LOGO-DICODUSPORT-2020-SANS-FOND-SANS-TEXTE.png\",\"width\":512,\"height\":512,\"caption\":\"Dicodusport\"},\"image\":{\"@id\":\"https:\/\/dicodusport.fr\/blog\/#\/schema\/logo\/image\/\"},\"sameAs\":[\"https:\/\/www.facebook.com\/dicodusport\",\"https:\/\/x.com\/dicodusport\",\"https:\/\/www.instagram.com\/dicodusport\/\",\"https:\/\/www.youtube.com\/channel\/UC7V2KZ5sd3htJivAbA4ZG3w\"],\"description\":\"Dicodusport est l'encyclop\u00e9die de l'actualit\u00e9 sportive.\",\"email\":\"bonjour@dicodusport.fr\",\"legalName\":\"DICODUSPORT\",\"foundingDate\":\"2018-01-14\",\"vatID\":\"FR71834470973\",\"taxID\":\"83447097300043\",\"numberOfEmployees\":{\"@type\":\"QuantitativeValue\",\"minValue\":\"1\",\"maxValue\":\"10\"}},{\"@type\":\"Person\",\"@id\":\"https:\/\/dicodusport.fr\/blog\/#\/schema\/person\/1eaa63dfac40b5e5c47f03a71920c1cd\",\"name\":\"Paul Lalevee\",\"image\":{\"@type\":\"ImageObject\",\"inLanguage\":\"fr-FR\",\"@id\":\"https:\/\/dicodusport.fr\/blog\/#\/schema\/person\/image\/\",\"url\":\"https:\/\/dicodusport.fr\/blog\/wp-content\/uploads\/2023\/10\/291154246_1690604071293245_3118259335115946499_n-150x150.jpg\",\"contentUrl\":\"https:\/\/dicodusport.fr\/blog\/wp-content\/uploads\/2023\/10\/291154246_1690604071293245_3118259335115946499_n-150x150.jpg\",\"caption\":\"Paul Lalevee\"},\"description\":\"La bulle Disney pendant le Covid, le Tour 2019, la Coupe du monde 2018. Ces trois \u00e9v\u00e9nements majeurs sont ancr\u00e9s dans ma t\u00eate de fan de sport, n\u00e9gativement ou positivement. Passionn\u00e9 de sport depuis l'enfance, j'ai d\u00e9cid\u00e9 de mettre ma passion de l'\u00e9criture au service de cette premi\u00e8re passion.\",\"url\":\"https:\/\/dicodusport.fr\/blog\/author\/paul-lalevee\/\"}]}<\/script>\n<!-- \/ Yoast SEO Premium plugin. -->","yoast_head_json":{"title":"Ligue 1 : Qui au PSG pour remplacer Gon\u00e7alo Ramos, bless\u00e9 pour plusieurs mois ?","description":"Ligue 1 - Gon\u00e7alo Ramos va manquer au moins trois mois de comp\u00e9tition, apr\u00e8s sa grave blessure \u00e0 la cheville contre Le Havre.","robots":{"index":"index","follow":"follow","max-snippet":"max-snippet:-1","max-image-preview":"max-image-preview:large","max-video-preview":"max-video-preview:-1"},"canonical":"https:\/\/dicodusport.fr\/blog\/ligue-1-qui-au-psg-pour-remplacer-goncalo-ramos-blesse-pour-plusieurs-mois\/","og_locale":"fr_FR","og_type":"article","og_title":"Ligue 1 : Qui au PSG pour remplacer Gon\u00e7alo Ramos, bless\u00e9 pour plusieurs mois ?","og_description":"Ligue 1 - Gon\u00e7alo Ramos va manquer au moins trois mois de comp\u00e9tition, apr\u00e8s sa grave blessure \u00e0 la cheville contre Le Havre.","og_url":"https:\/\/dicodusport.fr\/blog\/ligue-1-qui-au-psg-pour-remplacer-goncalo-ramos-blesse-pour-plusieurs-mois\/","og_site_name":"Dicodusport","article_publisher":"https:\/\/www.facebook.com\/dicodusport","article_published_time":"2024-08-20T13:21:56+00:00","article_modified_time":"2024-08-20T13:22:11+00:00","og_image":[{"width":1200,"height":674,"url":"https:\/\/dicodusport.fr\/blog\/wp-content\/uploads\/2024\/08\/Ligue-1-Qui-au-PSG-pour-remplacer-Goncalo-Ramos-blesse-pour-plusieurs-mois.png","type":"image\/png"}],"author":"Paul Lalevee","twitter_card":"summary_large_image","twitter_title":"Ligue 1 : Qui au PSG pour remplacer Gon\u00e7alo Ramos, bless\u00e9 pour plusieurs mois ?","twitter_creator":"@dicodusport","twitter_site":"@dicodusport","schema":{"@context":"https:\/\/schema.org","@graph":[{"@type":"NewsArticle","@id":"https:\/\/dicodusport.fr\/blog\/ligue-1-qui-au-psg-pour-remplacer-goncalo-ramos-blesse-pour-plusieurs-mois\/#article","isPartOf":{"@id":"https:\/\/dicodusport.fr\/blog\/ligue-1-qui-au-psg-pour-remplacer-goncalo-ramos-blesse-pour-plusieurs-mois\/"},"author":{"name":"Paul Lalevee","@id":"https:\/\/dicodusport.fr\/blog\/#\/schema\/person\/1eaa63dfac40b5e5c47f03a71920c1cd"},"headline":"Ligue 1 : Qui au PSG pour remplacer Gon\u00e7alo Ramos, bless\u00e9 pour plusieurs mois ?","datePublished":"2024-08-20T13:21:56+00:00","dateModified":"2024-08-20T13:22:11+00:00","mainEntityOfPage":{"@id":"https:\/\/dicodusport.fr\/blog\/ligue-1-qui-au-psg-pour-remplacer-goncalo-ramos-blesse-pour-plusieurs-mois\/"},"wordCount":739,"commentCount":0,"publisher":{"@id":"https:\/\/dicodusport.fr\/blog\/#organization"},"image":{"@id":"https:\/\/dicodusport.fr\/blog\/ligue-1-qui-au-psg-pour-remplacer-goncalo-ramos-blesse-pour-plusieurs-mois\/#primaryimage"},"thumbnailUrl":"https:\/\/dicodusport.fr\/blog\/wp-content\/uploads\/2024\/08\/Ligue-1-Qui-au-PSG-pour-remplacer-Goncalo-Ramos-blesse-pour-plusieurs-mois.png","keywords":["br\u00e8ve","Football","Gon\u00e7alo Ramos","Mercato PSG","PSG","sport"],"articleSection":["Football","Ligue 1"],"inLanguage":"fr-FR","potentialAction":[{"@type":"CommentAction","name":"Comment","target":["https:\/\/dicodusport.fr\/blog\/ligue-1-qui-au-psg-pour-remplacer-goncalo-ramos-blesse-pour-plusieurs-mois\/#respond"]}],"copyrightYear":"2024","copyrightHolder":{"@id":"https:\/\/dicodusport.fr\/blog\/#organization"}},{"@type":"WebPage","@id":"https:\/\/dicodusport.fr\/blog\/ligue-1-qui-au-psg-pour-remplacer-goncalo-ramos-blesse-pour-plusieurs-mois\/","url":"https:\/\/dicodusport.fr\/blog\/ligue-1-qui-au-psg-pour-remplacer-goncalo-ramos-blesse-pour-plusieurs-mois\/","name":"Ligue 1 : Qui au PSG pour remplacer Gon\u00e7alo Ramos, bless\u00e9 pour plusieurs mois ?","isPartOf":{"@id":"https:\/\/dicodusport.fr\/blog\/#website"},"primaryImageOfPage":{"@id":"https:\/\/dicodusport.fr\/blog\/ligue-1-qui-au-psg-pour-remplacer-goncalo-ramos-blesse-pour-plusieurs-mois\/#primaryimage"},"image":{"@id":"https:\/\/dicodusport.fr\/blog\/ligue-1-qui-au-psg-pour-remplacer-goncalo-ramos-blesse-pour-plusieurs-mois\/#primaryimage"},"thumbnailUrl":"https:\/\/dicodusport.fr\/blog\/wp-content\/uploads\/2024\/08\/Ligue-1-Qui-au-PSG-pour-remplacer-Goncalo-Ramos-blesse-pour-plusieurs-mois.png","datePublished":"2024-08-20T13:21:56+00:00","dateModified":"2024-08-20T13:22:11+00:00","description":"Ligue 1 - Gon\u00e7alo Ramos va manquer au moins trois mois de comp\u00e9tition, apr\u00e8s sa grave blessure \u00e0 la cheville contre Le Havre.","breadcrumb":{"@id":"https:\/\/dicodusport.fr\/blog\/ligue-1-qui-au-psg-pour-remplacer-goncalo-ramos-blesse-pour-plusieurs-mois\/#breadcrumb"},"inLanguage":"fr-FR","potentialAction":[{"@type":"ReadAction","target":["https:\/\/dicodusport.fr\/blog\/ligue-1-qui-au-psg-pour-remplacer-goncalo-ramos-blesse-pour-plusieurs-mois\/"]}]},{"@type":"ImageObject","inLanguage":"fr-FR","@id":"https:\/\/dicodusport.fr\/blog\/ligue-1-qui-au-psg-pour-remplacer-goncalo-ramos-blesse-pour-plusieurs-mois\/#primaryimage","url":"https:\/\/dicodusport.fr\/blog\/wp-content\/uploads\/2024\/08\/Ligue-1-Qui-au-PSG-pour-remplacer-Goncalo-Ramos-blesse-pour-plusieurs-mois.png","contentUrl":"https:\/\/dicodusport.fr\/blog\/wp-content\/uploads\/2024\/08\/Ligue-1-Qui-au-PSG-pour-remplacer-Goncalo-Ramos-blesse-pour-plusieurs-mois.png","width":1200,"height":674,"caption":"Ligue 1 Qui au PSG pour remplacer Gon\u00e7alo Ramos, bless\u00e9 pour plusieurs mois"},{"@type":"BreadcrumbList","@id":"https:\/\/dicodusport.fr\/blog\/ligue-1-qui-au-psg-pour-remplacer-goncalo-ramos-blesse-pour-plusieurs-mois\/#breadcrumb","itemListElement":[{"@type":"ListItem","position":1,"name":"Accueil","item":"https:\/\/dicodusport.fr\/blog\/"},{"@type":"ListItem","position":2,"name":"Ligue 1 : Qui au PSG pour remplacer Gon\u00e7alo Ramos, bless\u00e9 pour plusieurs mois ?"}]},{"@type":"WebSite","@id":"https:\/\/dicodusport.fr\/blog\/#website","url":"https:\/\/dicodusport.fr\/blog\/","name":"Dicodusport","description":"L&#039;encyclop\u00e9die de l&#039;actualit\u00e9 sportive","publisher":{"@id":"https:\/\/dicodusport.fr\/blog\/#organization"},"potentialAction":[{"@type":"SearchAction","target":{"@type":"EntryPoint","urlTemplate":"https:\/\/dicodusport.fr\/blog\/?s={search_term_string}"},"query-input":{"@type":"PropertyValueSpecification","valueRequired":true,"valueName":"search_term_string"}}],"inLanguage":"fr-FR"},{"@type":"NewsMediaOrganization","@id":"https:\/\/dicodusport.fr\/blog\/#organization","name":"Dicodusport","url":"https:\/\/dicodusport.fr\/blog\/","logo":{"@type":"ImageObject","inLanguage":"fr-FR","@id":"https:\/\/dicodusport.fr\/blog\/#\/schema\/logo\/image\/","url":"https:\/\/dicodusport.fr\/blog\/wp-content\/uploads\/2020\/06\/cropped-LOGO-DICODUSPORT-2020-SANS-FOND-SANS-TEXTE.png","contentUrl":"https:\/\/dicodusport.fr\/blog\/wp-content\/uploads\/2020\/06\/cropped-LOGO-DICODUSPORT-2020-SANS-FOND-SANS-TEXTE.png","width":512,"height":512,"caption":"Dicodusport"},"image":{"@id":"https:\/\/dicodusport.fr\/blog\/#\/schema\/logo\/image\/"},"sameAs":["https:\/\/www.facebook.com\/dicodusport","https:\/\/x.com\/dicodusport","https:\/\/www.instagram.com\/dicodusport\/","https:\/\/www.youtube.com\/channel\/UC7V2KZ5sd3htJivAbA4ZG3w"],"description":"Dicodusport est l'encyclop\u00e9die de l'actualit\u00e9 sportive.","email":"bonjour@dicodusport.fr","legalName":"DICODUSPORT","foundingDate":"2018-01-14","vatID":"FR71834470973","taxID":"83447097300043","numberOfEmployees":{"@type":"QuantitativeValue","minValue":"1","maxValue":"10"}},{"@type":"Person","@id":"https:\/\/dicodusport.fr\/blog\/#\/schema\/person\/1eaa63dfac40b5e5c47f03a71920c1cd","name":"Paul Lalevee","image":{"@type":"ImageObject","inLanguage":"fr-FR","@id":"https:\/\/dicodusport.fr\/blog\/#\/schema\/person\/image\/","url":"https:\/\/dicodusport.fr\/blog\/wp-content\/uploads\/2023\/10\/291154246_1690604071293245_3118259335115946499_n-150x150.jpg","contentUrl":"https:\/\/dicodusport.fr\/blog\/wp-content\/uploads\/2023\/10\/291154246_1690604071293245_3118259335115946499_n-150x150.jpg","caption":"Paul Lalevee"},"description":"La bulle Disney pendant le Covid, le Tour 2019, la Coupe du monde 2018. Ces trois \u00e9v\u00e9nements majeurs sont ancr\u00e9s dans ma t\u00eate de fan de sport, n\u00e9gativement ou positivement. Passionn\u00e9 de sport depuis l'enfance, j'ai d\u00e9cid\u00e9 de mettre ma passion de l'\u00e9criture au service de cette premi\u00e8re passion.","url":"https:\/\/dicodusport.fr\/blog\/author\/paul-lalevee\/"}]}},"_links":{"self":[{"href":"https:\/\/dicodusport.fr\/blog\/wp-json\/wp\/v2\/posts\/513641","targetHints":{"allow":["GET"]}}],"collection":[{"href":"https:\/\/dicodusport.fr\/blog\/wp-json\/wp\/v2\/posts"}],"about":[{"href":"https:\/\/dicodusport.fr\/blog\/wp-json\/wp\/v2\/types\/post"}],"author":[{"embeddable":true,"href":"https:\/\/dicodusport.fr\/blog\/wp-json\/wp\/v2\/users\/88"}],"replies":[{"embeddable":true,"href":"https:\/\/dicodusport.fr\/blog\/wp-json\/wp\/v2\/comments?post=513641"}],"version-history":[{"count":5,"href":"https:\/\/dicodusport.fr\/blog\/wp-json\/wp\/v2\/posts\/513641\/revisions"}],"predecessor-version":[{"id":513709,"href":"https:\/\/dicodusport.fr\/blog\/wp-json\/wp\/v2\/posts\/513641\/revisions\/513709"}],"wp:featuredmedia":[{"embeddable":true,"href":"https:\/\/dicodusport.fr\/blog\/wp-json\/wp\/v2\/media\/513707"}],"wp:attachment":[{"href":"https:\/\/dicodusport.fr\/blog\/wp-json\/wp\/v2\/media?parent=513641"}],"wp:term":[{"taxonomy":"category","embeddable":true,"href":"https:\/\/dicodusport.fr\/blog\/wp-json\/wp\/v2\/categories?post=513641"},{"taxonomy":"post_tag","embeddable":true,"href":"https:\/\/dicodusport.fr\/blog\/wp-json\/wp\/v2\/tags?post=513641"}],"curies":[{"name":"wp","href":"https:\/\/api.w.org\/{rel}","templated":true}]}}