{"id":513711,"date":"2024-08-20T17:58:25","date_gmt":"2024-08-20T15:58:25","guid":{"rendered":"https:\/\/dicodusport.fr\/blog\/?p=513711&#038;preview=true&#038;preview_id=513711"},"modified":"2024-08-20T18:05:53","modified_gmt":"2024-08-20T16:05:53","slug":"tour-despagne-2024-primoz-roglic-simpose-en-haut-du-pico-villuercas-et-prend-le-maillot-rouge","status":"publish","type":"post","link":"https:\/\/dicodusport.fr\/blog\/tour-despagne-2024-primoz-roglic-simpose-en-haut-du-pico-villuercas-et-prend-le-maillot-rouge\/","title":{"rendered":"Tour d&rsquo;Espagne 2024 : Primo\u017e Rogli\u010d s&rsquo;impose en haut du Pico Villuercas et prend le maillot rouge"},"content":{"rendered":"<p style=\"text-align: justify;\"><em><strong><a href=\"https:\/\/dicodusport.fr\/blog\/actualites\/cyclisme\/cyclisme-sur-route-2024\/tour-espagne-2024\/\">TOUR D&rsquo;ESPAGNE 2024<\/a><\/strong><\/em><em><strong> &#8211; Primo\u017e Rogli\u010d a assum\u00e9 son statut et devanc\u00e9 de peu le surprenant <span class=\"red hideIfMobile\">Lennert Van Eetvelt en haut du Pico Villuercas pour rafler la 4e \u00e9tape et prendre la t\u00eate du classement g\u00e9n\u00e9ral.<\/span><\/strong><\/em><\/p>\n<p style=\"text-align: justify;\">C&rsquo;est une premi\u00e8re grande explication entre pr\u00e9tendants au podium qui \u00e9tait attendue sur cette 4e \u00e9tape de la Vuelta. L&rsquo;arriv\u00e9e en haut du Pico Villuercas promettait du spectacle, mais en attendant cette possible empoignade, c&rsquo;est une \u00e9chapp\u00e9e de cinq courageux qui a anim\u00e9 l&rsquo;\u00e9tape en sortant dans l&rsquo;Alto de Piornal, autre principale difficult\u00e9 de la journ\u00e9e puisque l\u00e0 aussi class\u00e9e en 1\u00e8re cat\u00e9gorie, mais positionn\u00e9e en d\u00e9but d&rsquo;\u00e9tape.<\/p>\n<ul style=\"text-align: justify;\">\n<li style=\"text-align: justify;\"><strong>\u00c0 ce sujet &#8211; <a href=\"https:\/\/dicodusport.fr\/blog\/tour-despagne-2024-classement-general-de-la-vuelta\/\">Tour d&rsquo;Espagne 2024 &#8211; Classement g\u00e9n\u00e9ral de la Vuelta<\/a><\/strong><\/li>\n<\/ul>\n<p style=\"text-align: justify;\"><strong>Sylvain Moniquet<\/strong> (<span class=\"red hideIfMobile\">Lotto Dstny) est celui qui est pass\u00e9 en t\u00eate, se portant provisoirement en t\u00eate du classement de la montagne, accompagn\u00e9 de <\/span><strong>Filippo Zana<\/strong> (<span class=\"red hideIfMobile\">Team Jayco AlUla),\u00a0<\/span><strong>Pablo Castrillo<\/strong> (<span class=\"red hideIfMobile\">Equipo Kern Pharma),\u00a0<\/span><strong>Mikel Bizkarra<\/strong> (<span class=\"red hideIfMobile\">Euskaltel &#8211; Euskadi) et un Fran\u00e7ais,\u00a0<\/span><strong>Bruno Armirail<\/strong> (<span class=\"red hideIfMobile\">Decathlon AG2R La Mondiale Team), sans doute le principal instigateur de l&rsquo;\u00e9chapp\u00e9e.\u00a0<\/span><\/p>\n<blockquote class=\"twitter-tweet\">\n<p dir=\"ltr\" lang=\"en\">\u26f0\ufe0f\ud83d\udc99 The breakaway is first over the summit of the Alto del Piornal with \ud83c\udde7\ud83c\uddea <a href=\"https:\/\/twitter.com\/sylvainmoniquet?ref_src=twsrc%5Etfw\">@sylvainmoniquet<\/a> in the lead. He has also been 1st on the previous summit.<\/p>\n<p>\u26f0\ufe0f\ud83d\udc99 La fuga corona el Alto del Piornal con \ud83c\udde7\ud83c\uddea Moniquet a la cabeza. Tambi\u00e9n ha sido el 1\u00ba en el anterior puerto.<\/p>\n<p>1\u20e35\u20e3pts\u2026 <a href=\"https:\/\/t.co\/4RVzwbvVdb\">pic.twitter.com\/4RVzwbvVdb<\/a><\/p>\n<p>\u2014 La Vuelta (@lavuelta) <a href=\"https:\/\/twitter.com\/lavuelta\/status\/1825882784520405375?ref_src=twsrc%5Etfw\">August 20, 2024<\/a><\/p><\/blockquote>\n<p style=\"text-align: justify;\"><script async src=\"https:\/\/platform.twitter.com\/widgets.js\" charset=\"utf-8\"><\/script><br \/>\nMais la longue p\u00e9riode sans ascension n&rsquo;allait pas desservir les desseins de l&rsquo;\u00e9chapp\u00e9e, puisque le peloton a jou\u00e9 avec les fuyards. <strong>Bruno Armirail<\/strong> a tent\u00e9 de d\u00e9jouer les plans des favoris, s&rsquo;en allant \u00e0 moins de 40 km de l&rsquo;arriv\u00e9e avec le seul <strong>Pablo Castrillo <\/strong>dans sa roue, mais cela ressemblait plus \u00e0 une tentative du d\u00e9sespoir, les deux n&rsquo;\u00e9tant clairement pas les meilleurs grimpeurs du peloton. Mais ils \u00e9taient toujours en t\u00eate au pied du Pico Villuercas, sauf qu&rsquo;avec le travail constant des\u00a0Red Bull &#8211; BORA &#8211; hansgrohe, l&rsquo;avance n&rsquo;\u00e9tait que d&rsquo;\u00e0 peine plus d&rsquo;une minute.<\/p>\n<ul style=\"text-align: justify;\">\n<li style=\"text-align: justify;\"><strong>\u00c0 ce sujet &#8211; <\/strong><a href=\"https:\/\/dicodusport.fr\/blog\/tour-despagne-2024-classement-4eme-etape-de-la-vuelta\/\"><strong>Le classement de la 4\u00e8me \u00e9tape<\/strong><\/a><strong><br \/>\n<\/strong><\/li>\n<\/ul>\n<p style=\"text-align: justify;\">Qui allait venir \u00e0 bout du Pico Villuercas ? Les \u00e9quipes de leaders se positionnaient en t\u00eate, et un gros relais de\u00a0<strong>Marc Soler<\/strong> (<span class=\"red hideIfMobile\">UAE Team Emirates) permettait un \u00e9cr\u00e9mage. \u00c0 5 km du terme, quand les plus forts pourcentages se pr\u00e9sentaient, c&rsquo;est un autre membre de la formation \u00e9mirati, Pavel Sivakov, qui haussait le ton et condamnait les fuyards. Esseul\u00e9, <\/span><strong>Primo\u017e Rogli\u010d<\/strong> (<span class=\"red hideIfMobile\">Red Bull &#8211; BORA &#8211; hansgrohe) faisait l&rsquo;effort et emmenait le groupe de favoris.\u00a0<\/span><\/p>\n<p style=\"text-align: justify;\"><strong>Felix Gall<\/strong> (<span class=\"red hideIfMobile\">Decathlon AG2R La Mondiale Team) tentait alors sa chance quand la pente \u00e9tait la plus raide. Il ne restait plus grand monde derri\u00e8re, <strong>Rogli\u010d<\/strong> ne voulait pas assurer tout le travail tout seul, mais difficile de creuser sur ces \u00e9normes pourcentages, qui allaient jusqu&rsquo;\u00e0 20%. Le Slov\u00e8ne finissait par rentrer sur l&rsquo;Autrichien, seulement flanqu\u00e9 de <\/span><strong>Lennert Van Eetvelt<\/strong> (<span class=\"red hideIfMobile\">Lotto Dstny) et de <strong>Enric Mas<\/strong> (Movistar Team).\u00a0<\/span><strong>Gall<\/strong> ne suivait plus, et le trio semblait vou\u00e9 \u00e0 se jouer la victoire.<\/p>\n<p style=\"text-align: justify;\">Mais une fois les pourcentages forts termin\u00e9s, les hommes de t\u00eate temporisaient, et l&rsquo;Autrichien rentrait en compagnie de\u00a0<strong>Matthew Riccitello<\/strong> (<span class=\"red hideIfMobile\">Israel &#8211; Premier Tech) et de\u00a0<\/span><strong>Jo\u00e3o Almeida<\/strong> (<span class=\"red hideIfMobile\">UAE Team Emirates), puis c&rsquo;est\u00a0<\/span><strong>Mikel Landa<\/strong> (<span class=\"red hideIfMobile\">Soudal Quick-Step) qui revenait. Le Basque tentait sa chance illico, <strong>Lennert Van Eetvelt\u00a0<\/strong>faisait l&rsquo;effort et semblait parti pour gagner, levant m\u00eame les bras&#8230; avant de se faire crucifier par <strong>Primo\u017e Rogli\u010d<\/strong> qui coiffait le Belge sur la ligne. \u00c9tape + maillot rouge, le Slov\u00e8ne affiche d\u00e9j\u00e0 ses ambitions sur cette Vuelta.\u00a0<\/span><\/p>\n<blockquote class=\"twitter-tweet\">\n<p lang=\"fr\" dir=\"ltr\">\u00c7a s&#39;est jou\u00e9 \u00e0 \ud83e\udd0f : Primoz Roglic s&#39;impose au sommet du Pico Villuercas gr\u00e2ce \u00e0 une erreur de jeunesse de Lennert Van Eetvelt, qui a lev\u00e9 les bras trop t\u00f4t <a href=\"https:\/\/twitter.com\/hashtag\/LaVuelta24?src=hash&amp;ref_src=twsrc%5Etfw\">#LaVuelta24<\/a> <a href=\"https:\/\/t.co\/TcSCXb2B6t\">pic.twitter.com\/TcSCXb2B6t<\/a><\/p>\n<p>&mdash; Eurosport France (@Eurosport_FR) <a href=\"https:\/\/twitter.com\/Eurosport_FR\/status\/1825925610415243608?ref_src=twsrc%5Etfw\">August 20, 2024<\/a><\/p><\/blockquote>\n<p> <script async src=\"https:\/\/platform.twitter.com\/widgets.js\" charset=\"utf-8\"><\/script><\/p>\n","protected":false},"excerpt":{"rendered":"<p>TOUR D&rsquo;ESPAGNE 2024 &#8211; Primo\u017e Rogli\u010d a assum\u00e9 son statut et devanc\u00e9 de peu le surprenant Lennert Van Eetvelt en haut du Pico Villuercas pour rafler la 4e \u00e9tape et prendre la t\u00eate du classement g\u00e9n\u00e9ral.<\/p>\n","protected":false},"author":59,"featured_media":513749,"comment_status":"open","ping_status":"closed","sticky":false,"template":"","format":"standard","meta":{"_acf_changed":false,"_daextam_enable_autolinks":"1","footnotes":""},"categories":[47042],"tags":[16878,24,1671,1670],"class_list":["post-513711","post","type-post","status-publish","format-standard","has-post-thumbnail","hentry","category-tour-d-espagne","tag-breve","tag-sport","tag-tour-despagne","tag-vuelta"],"acf":[],"yoast_head":"<!-- This site is optimized with the Yoast SEO Premium plugin v26.7 (Yoast SEO v26.7) - https:\/\/yoast.com\/wordpress\/plugins\/seo\/ -->\n<title>Tour d&#039;Espagne 2024 : Primo\u017e Rogli\u010d s&#039;impose en haut du Pico Villuercas et prend le maillot rouge<\/title>\n<meta name=\"description\" content=\"TOUR D&#039;ESPAGNE 2024 - Primo\u017e Rogli\u010d a assum\u00e9 son statut en haut du Pico Villuercas pour rafler la 4e \u00e9tape et prendre la t\u00eate du classement g\u00e9n\u00e9ral.\" \/>\n<meta name=\"robots\" content=\"index, follow, max-snippet:-1, max-image-preview:large, max-video-preview:-1\" \/>\n<link rel=\"canonical\" href=\"https:\/\/dicodusport.fr\/blog\/tour-despagne-2024-primoz-roglic-simpose-en-haut-du-pico-villuercas-et-prend-le-maillot-rouge\/\" \/>\n<meta property=\"og:locale\" content=\"fr_FR\" \/>\n<meta property=\"og:type\" content=\"article\" \/>\n<meta property=\"og:title\" content=\"Tour d&#039;Espagne 2024 : Primo\u017e Rogli\u010d s&#039;impose en haut du Pico Villuercas et prend le maillot rouge\" \/>\n<meta property=\"og:description\" content=\"TOUR D&#039;ESPAGNE 2024 - Primo\u017e Rogli\u010d a assum\u00e9 son statut en haut du Pico Villuercas pour rafler la 4e \u00e9tape et prendre la t\u00eate du classement g\u00e9n\u00e9ral.\" \/>\n<meta property=\"og:url\" content=\"https:\/\/dicodusport.fr\/blog\/tour-despagne-2024-primoz-roglic-simpose-en-haut-du-pico-villuercas-et-prend-le-maillot-rouge\/\" \/>\n<meta property=\"og:site_name\" content=\"Dicodusport\" \/>\n<meta property=\"article:publisher\" content=\"https:\/\/www.facebook.com\/dicodusport\" \/>\n<meta property=\"article:author\" content=\"https:\/\/www.facebook.com\/sebastien.gente\/\" \/>\n<meta property=\"article:published_time\" content=\"2024-08-20T15:58:25+00:00\" \/>\n<meta property=\"article:modified_time\" content=\"2024-08-20T16:05:53+00:00\" \/>\n<meta property=\"og:image\" content=\"https:\/\/dicodusport.fr\/blog\/wp-content\/uploads\/2024\/08\/Tour-dEspagne-2024-Primoz-Roglic-simpose-en-haut-du-Pico-Villuercas-et-prend-le-maillot-rouge.png\" \/>\n\t<meta property=\"og:image:width\" content=\"1200\" \/>\n\t<meta property=\"og:image:height\" content=\"674\" \/>\n\t<meta property=\"og:image:type\" content=\"image\/png\" \/>\n<meta name=\"author\" content=\"S\u00e9bastien Gente\" \/>\n<meta name=\"twitter:card\" content=\"summary_large_image\" \/>\n<meta name=\"twitter:title\" content=\"Tour d&#039;Espagne 2024 : Primo\u017e Rogli\u010d s&#039;impose en haut du Pico Villuercas et prend le maillot rouge\" \/>\n<meta name=\"twitter:creator\" content=\"@https:\/\/twitter.com\/globulo24\" \/>\n<meta name=\"twitter:site\" content=\"@dicodusport\" \/>\n<script type=\"application\/ld+json\" class=\"yoast-schema-graph\">{\"@context\":\"https:\/\/schema.org\",\"@graph\":[{\"@type\":\"NewsArticle\",\"@id\":\"https:\/\/dicodusport.fr\/blog\/tour-despagne-2024-primoz-roglic-simpose-en-haut-du-pico-villuercas-et-prend-le-maillot-rouge\/#article\",\"isPartOf\":{\"@id\":\"https:\/\/dicodusport.fr\/blog\/tour-despagne-2024-primoz-roglic-simpose-en-haut-du-pico-villuercas-et-prend-le-maillot-rouge\/\"},\"author\":{\"name\":\"S\u00e9bastien Gente\",\"@id\":\"https:\/\/dicodusport.fr\/blog\/#\/schema\/person\/627966a6cde45dbd8c5e36ac85d783da\"},\"headline\":\"Tour d&rsquo;Espagne 2024 : Primo\u017e Rogli\u010d s&rsquo;impose en haut du Pico Villuercas et prend le maillot rouge\",\"datePublished\":\"2024-08-20T15:58:25+00:00\",\"dateModified\":\"2024-08-20T16:05:53+00:00\",\"mainEntityOfPage\":{\"@id\":\"https:\/\/dicodusport.fr\/blog\/tour-despagne-2024-primoz-roglic-simpose-en-haut-du-pico-villuercas-et-prend-le-maillot-rouge\/\"},\"wordCount\":690,\"commentCount\":0,\"publisher\":{\"@id\":\"https:\/\/dicodusport.fr\/blog\/#organization\"},\"image\":{\"@id\":\"https:\/\/dicodusport.fr\/blog\/tour-despagne-2024-primoz-roglic-simpose-en-haut-du-pico-villuercas-et-prend-le-maillot-rouge\/#primaryimage\"},\"thumbnailUrl\":\"https:\/\/dicodusport.fr\/blog\/wp-content\/uploads\/2024\/08\/Tour-dEspagne-2024-Primoz-Roglic-simpose-en-haut-du-Pico-Villuercas-et-prend-le-maillot-rouge.png\",\"keywords\":[\"br\u00e8ve\",\"sport\",\"Tour d'Espagne\",\"Vuelta\"],\"articleSection\":[\"Tour d'Espagne\"],\"inLanguage\":\"fr-FR\",\"potentialAction\":[{\"@type\":\"CommentAction\",\"name\":\"Comment\",\"target\":[\"https:\/\/dicodusport.fr\/blog\/tour-despagne-2024-primoz-roglic-simpose-en-haut-du-pico-villuercas-et-prend-le-maillot-rouge\/#respond\"]}],\"copyrightYear\":\"2024\",\"copyrightHolder\":{\"@id\":\"https:\/\/dicodusport.fr\/blog\/#organization\"}},{\"@type\":\"WebPage\",\"@id\":\"https:\/\/dicodusport.fr\/blog\/tour-despagne-2024-primoz-roglic-simpose-en-haut-du-pico-villuercas-et-prend-le-maillot-rouge\/\",\"url\":\"https:\/\/dicodusport.fr\/blog\/tour-despagne-2024-primoz-roglic-simpose-en-haut-du-pico-villuercas-et-prend-le-maillot-rouge\/\",\"name\":\"Tour d'Espagne 2024 : Primo\u017e Rogli\u010d s'impose en haut du Pico Villuercas et prend le maillot rouge\",\"isPartOf\":{\"@id\":\"https:\/\/dicodusport.fr\/blog\/#website\"},\"primaryImageOfPage\":{\"@id\":\"https:\/\/dicodusport.fr\/blog\/tour-despagne-2024-primoz-roglic-simpose-en-haut-du-pico-villuercas-et-prend-le-maillot-rouge\/#primaryimage\"},\"image\":{\"@id\":\"https:\/\/dicodusport.fr\/blog\/tour-despagne-2024-primoz-roglic-simpose-en-haut-du-pico-villuercas-et-prend-le-maillot-rouge\/#primaryimage\"},\"thumbnailUrl\":\"https:\/\/dicodusport.fr\/blog\/wp-content\/uploads\/2024\/08\/Tour-dEspagne-2024-Primoz-Roglic-simpose-en-haut-du-Pico-Villuercas-et-prend-le-maillot-rouge.png\",\"datePublished\":\"2024-08-20T15:58:25+00:00\",\"dateModified\":\"2024-08-20T16:05:53+00:00\",\"description\":\"TOUR D'ESPAGNE 2024 - Primo\u017e Rogli\u010d a assum\u00e9 son statut en haut du Pico Villuercas pour rafler la 4e \u00e9tape et prendre la t\u00eate du classement g\u00e9n\u00e9ral.\",\"breadcrumb\":{\"@id\":\"https:\/\/dicodusport.fr\/blog\/tour-despagne-2024-primoz-roglic-simpose-en-haut-du-pico-villuercas-et-prend-le-maillot-rouge\/#breadcrumb\"},\"inLanguage\":\"fr-FR\",\"potentialAction\":[{\"@type\":\"ReadAction\",\"target\":[\"https:\/\/dicodusport.fr\/blog\/tour-despagne-2024-primoz-roglic-simpose-en-haut-du-pico-villuercas-et-prend-le-maillot-rouge\/\"]}]},{\"@type\":\"ImageObject\",\"inLanguage\":\"fr-FR\",\"@id\":\"https:\/\/dicodusport.fr\/blog\/tour-despagne-2024-primoz-roglic-simpose-en-haut-du-pico-villuercas-et-prend-le-maillot-rouge\/#primaryimage\",\"url\":\"https:\/\/dicodusport.fr\/blog\/wp-content\/uploads\/2024\/08\/Tour-dEspagne-2024-Primoz-Roglic-simpose-en-haut-du-Pico-Villuercas-et-prend-le-maillot-rouge.png\",\"contentUrl\":\"https:\/\/dicodusport.fr\/blog\/wp-content\/uploads\/2024\/08\/Tour-dEspagne-2024-Primoz-Roglic-simpose-en-haut-du-Pico-Villuercas-et-prend-le-maillot-rouge.png\",\"width\":1200,\"height\":674,\"caption\":\"Tour d'Espagne 2024 Primo\u017e Rogli\u010d s'impose en haut du Pico Villuercas et prend le maillot rouge\"},{\"@type\":\"BreadcrumbList\",\"@id\":\"https:\/\/dicodusport.fr\/blog\/tour-despagne-2024-primoz-roglic-simpose-en-haut-du-pico-villuercas-et-prend-le-maillot-rouge\/#breadcrumb\",\"itemListElement\":[{\"@type\":\"ListItem\",\"position\":1,\"name\":\"Accueil\",\"item\":\"https:\/\/dicodusport.fr\/blog\/\"},{\"@type\":\"ListItem\",\"position\":2,\"name\":\"Tour d&#8217;Espagne 2024 : Primo\u017e Rogli\u010d s&#8217;impose en haut du Pico Villuercas et prend le maillot rouge\"}]},{\"@type\":\"WebSite\",\"@id\":\"https:\/\/dicodusport.fr\/blog\/#website\",\"url\":\"https:\/\/dicodusport.fr\/blog\/\",\"name\":\"Dicodusport\",\"description\":\"L&#039;encyclop\u00e9die de l&#039;actualit\u00e9 sportive\",\"publisher\":{\"@id\":\"https:\/\/dicodusport.fr\/blog\/#organization\"},\"potentialAction\":[{\"@type\":\"SearchAction\",\"target\":{\"@type\":\"EntryPoint\",\"urlTemplate\":\"https:\/\/dicodusport.fr\/blog\/?s={search_term_string}\"},\"query-input\":{\"@type\":\"PropertyValueSpecification\",\"valueRequired\":true,\"valueName\":\"search_term_string\"}}],\"inLanguage\":\"fr-FR\"},{\"@type\":\"NewsMediaOrganization\",\"@id\":\"https:\/\/dicodusport.fr\/blog\/#organization\",\"name\":\"Dicodusport\",\"url\":\"https:\/\/dicodusport.fr\/blog\/\",\"logo\":{\"@type\":\"ImageObject\",\"inLanguage\":\"fr-FR\",\"@id\":\"https:\/\/dicodusport.fr\/blog\/#\/schema\/logo\/image\/\",\"url\":\"https:\/\/dicodusport.fr\/blog\/wp-content\/uploads\/2020\/06\/cropped-LOGO-DICODUSPORT-2020-SANS-FOND-SANS-TEXTE.png\",\"contentUrl\":\"https:\/\/dicodusport.fr\/blog\/wp-content\/uploads\/2020\/06\/cropped-LOGO-DICODUSPORT-2020-SANS-FOND-SANS-TEXTE.png\",\"width\":512,\"height\":512,\"caption\":\"Dicodusport\"},\"image\":{\"@id\":\"https:\/\/dicodusport.fr\/blog\/#\/schema\/logo\/image\/\"},\"sameAs\":[\"https:\/\/www.facebook.com\/dicodusport\",\"https:\/\/x.com\/dicodusport\",\"https:\/\/www.instagram.com\/dicodusport\/\",\"https:\/\/www.youtube.com\/channel\/UC7V2KZ5sd3htJivAbA4ZG3w\"],\"description\":\"Dicodusport est l'encyclop\u00e9die de l'actualit\u00e9 sportive.\",\"email\":\"bonjour@dicodusport.fr\",\"legalName\":\"DICODUSPORT\",\"foundingDate\":\"2018-01-14\",\"vatID\":\"FR71834470973\",\"taxID\":\"83447097300043\",\"numberOfEmployees\":{\"@type\":\"QuantitativeValue\",\"minValue\":\"1\",\"maxValue\":\"10\"}},{\"@type\":\"Person\",\"@id\":\"https:\/\/dicodusport.fr\/blog\/#\/schema\/person\/627966a6cde45dbd8c5e36ac85d783da\",\"name\":\"S\u00e9bastien Gente\",\"image\":{\"@type\":\"ImageObject\",\"inLanguage\":\"fr-FR\",\"@id\":\"https:\/\/dicodusport.fr\/blog\/#\/schema\/person\/image\/\",\"url\":\"https:\/\/dicodusport.fr\/blog\/wp-content\/uploads\/2021\/09\/1510990_10205810251400683_4124423575079401707_n-150x150.jpg\",\"contentUrl\":\"https:\/\/dicodusport.fr\/blog\/wp-content\/uploads\/2021\/09\/1510990_10205810251400683_4124423575079401707_n-150x150.jpg\",\"caption\":\"S\u00e9bastien Gente\"},\"description\":\"John Stockton, Gianni Bugno, Zinedine Zidane, Steffi Graf, Frode Andresen, St\u00e9phane Stoecklin, Davis Kamoga, Primoz Peterka, Werner Schlager et Aur\u00e9lien Rougerie. Point commun entre ces sportifs? Ils m'ont fait r\u00eaver et ont berc\u00e9 mon adolescence. Je suis un fondu de sports et j'essaie de retranscrire ma passion \u00e0 travers mes articles. Originaire du P\u00e9rigord, ma passion pour les Girondins, les Jaunards et les Jazzmen transpire dans mes \u00e9crits. \u00c0 Dicodusport depuis 2021, je d\u00e9niche les sports m\u00e9connus dans lesquels la France brille, et il y en a !\",\"sameAs\":[\"https:\/\/www.facebook.com\/sebastien.gente\/\",\"https:\/\/www.instagram.com\/sebgente\/\",\"https:\/\/www.linkedin.com\/in\/sbastien-gente-a29583169\/\",\"https:\/\/x.com\/https:\/\/twitter.com\/globulo24\",\"SebastienGente\"],\"worksFor\":\"S\u00e9bastien GENTE\",\"url\":\"https:\/\/dicodusport.fr\/blog\/author\/sebastiengente\/\"}]}<\/script>\n<!-- \/ Yoast SEO Premium plugin. -->","yoast_head_json":{"title":"Tour d'Espagne 2024 : Primo\u017e Rogli\u010d s'impose en haut du Pico Villuercas et prend le maillot rouge","description":"TOUR D'ESPAGNE 2024 - Primo\u017e Rogli\u010d a assum\u00e9 son statut en haut du Pico Villuercas pour rafler la 4e \u00e9tape et prendre la t\u00eate du classement g\u00e9n\u00e9ral.","robots":{"index":"index","follow":"follow","max-snippet":"max-snippet:-1","max-image-preview":"max-image-preview:large","max-video-preview":"max-video-preview:-1"},"canonical":"https:\/\/dicodusport.fr\/blog\/tour-despagne-2024-primoz-roglic-simpose-en-haut-du-pico-villuercas-et-prend-le-maillot-rouge\/","og_locale":"fr_FR","og_type":"article","og_title":"Tour d'Espagne 2024 : Primo\u017e Rogli\u010d s'impose en haut du Pico Villuercas et prend le maillot rouge","og_description":"TOUR D'ESPAGNE 2024 - Primo\u017e Rogli\u010d a assum\u00e9 son statut en haut du Pico Villuercas pour rafler la 4e \u00e9tape et prendre la t\u00eate du classement g\u00e9n\u00e9ral.","og_url":"https:\/\/dicodusport.fr\/blog\/tour-despagne-2024-primoz-roglic-simpose-en-haut-du-pico-villuercas-et-prend-le-maillot-rouge\/","og_site_name":"Dicodusport","article_publisher":"https:\/\/www.facebook.com\/dicodusport","article_author":"https:\/\/www.facebook.com\/sebastien.gente\/","article_published_time":"2024-08-20T15:58:25+00:00","article_modified_time":"2024-08-20T16:05:53+00:00","og_image":[{"width":1200,"height":674,"url":"https:\/\/dicodusport.fr\/blog\/wp-content\/uploads\/2024\/08\/Tour-dEspagne-2024-Primoz-Roglic-simpose-en-haut-du-Pico-Villuercas-et-prend-le-maillot-rouge.png","type":"image\/png"}],"author":"S\u00e9bastien Gente","twitter_card":"summary_large_image","twitter_title":"Tour d'Espagne 2024 : Primo\u017e Rogli\u010d s'impose en haut du Pico Villuercas et prend le maillot rouge","twitter_creator":"@https:\/\/twitter.com\/globulo24","twitter_site":"@dicodusport","schema":{"@context":"https:\/\/schema.org","@graph":[{"@type":"NewsArticle","@id":"https:\/\/dicodusport.fr\/blog\/tour-despagne-2024-primoz-roglic-simpose-en-haut-du-pico-villuercas-et-prend-le-maillot-rouge\/#article","isPartOf":{"@id":"https:\/\/dicodusport.fr\/blog\/tour-despagne-2024-primoz-roglic-simpose-en-haut-du-pico-villuercas-et-prend-le-maillot-rouge\/"},"author":{"name":"S\u00e9bastien Gente","@id":"https:\/\/dicodusport.fr\/blog\/#\/schema\/person\/627966a6cde45dbd8c5e36ac85d783da"},"headline":"Tour d&rsquo;Espagne 2024 : Primo\u017e Rogli\u010d s&rsquo;impose en haut du Pico Villuercas et prend le maillot rouge","datePublished":"2024-08-20T15:58:25+00:00","dateModified":"2024-08-20T16:05:53+00:00","mainEntityOfPage":{"@id":"https:\/\/dicodusport.fr\/blog\/tour-despagne-2024-primoz-roglic-simpose-en-haut-du-pico-villuercas-et-prend-le-maillot-rouge\/"},"wordCount":690,"commentCount":0,"publisher":{"@id":"https:\/\/dicodusport.fr\/blog\/#organization"},"image":{"@id":"https:\/\/dicodusport.fr\/blog\/tour-despagne-2024-primoz-roglic-simpose-en-haut-du-pico-villuercas-et-prend-le-maillot-rouge\/#primaryimage"},"thumbnailUrl":"https:\/\/dicodusport.fr\/blog\/wp-content\/uploads\/2024\/08\/Tour-dEspagne-2024-Primoz-Roglic-simpose-en-haut-du-Pico-Villuercas-et-prend-le-maillot-rouge.png","keywords":["br\u00e8ve","sport","Tour d'Espagne","Vuelta"],"articleSection":["Tour d'Espagne"],"inLanguage":"fr-FR","potentialAction":[{"@type":"CommentAction","name":"Comment","target":["https:\/\/dicodusport.fr\/blog\/tour-despagne-2024-primoz-roglic-simpose-en-haut-du-pico-villuercas-et-prend-le-maillot-rouge\/#respond"]}],"copyrightYear":"2024","copyrightHolder":{"@id":"https:\/\/dicodusport.fr\/blog\/#organization"}},{"@type":"WebPage","@id":"https:\/\/dicodusport.fr\/blog\/tour-despagne-2024-primoz-roglic-simpose-en-haut-du-pico-villuercas-et-prend-le-maillot-rouge\/","url":"https:\/\/dicodusport.fr\/blog\/tour-despagne-2024-primoz-roglic-simpose-en-haut-du-pico-villuercas-et-prend-le-maillot-rouge\/","name":"Tour d'Espagne 2024 : Primo\u017e Rogli\u010d s'impose en haut du Pico Villuercas et prend le maillot rouge","isPartOf":{"@id":"https:\/\/dicodusport.fr\/blog\/#website"},"primaryImageOfPage":{"@id":"https:\/\/dicodusport.fr\/blog\/tour-despagne-2024-primoz-roglic-simpose-en-haut-du-pico-villuercas-et-prend-le-maillot-rouge\/#primaryimage"},"image":{"@id":"https:\/\/dicodusport.fr\/blog\/tour-despagne-2024-primoz-roglic-simpose-en-haut-du-pico-villuercas-et-prend-le-maillot-rouge\/#primaryimage"},"thumbnailUrl":"https:\/\/dicodusport.fr\/blog\/wp-content\/uploads\/2024\/08\/Tour-dEspagne-2024-Primoz-Roglic-simpose-en-haut-du-Pico-Villuercas-et-prend-le-maillot-rouge.png","datePublished":"2024-08-20T15:58:25+00:00","dateModified":"2024-08-20T16:05:53+00:00","description":"TOUR D'ESPAGNE 2024 - Primo\u017e Rogli\u010d a assum\u00e9 son statut en haut du Pico Villuercas pour rafler la 4e \u00e9tape et prendre la t\u00eate du classement g\u00e9n\u00e9ral.","breadcrumb":{"@id":"https:\/\/dicodusport.fr\/blog\/tour-despagne-2024-primoz-roglic-simpose-en-haut-du-pico-villuercas-et-prend-le-maillot-rouge\/#breadcrumb"},"inLanguage":"fr-FR","potentialAction":[{"@type":"ReadAction","target":["https:\/\/dicodusport.fr\/blog\/tour-despagne-2024-primoz-roglic-simpose-en-haut-du-pico-villuercas-et-prend-le-maillot-rouge\/"]}]},{"@type":"ImageObject","inLanguage":"fr-FR","@id":"https:\/\/dicodusport.fr\/blog\/tour-despagne-2024-primoz-roglic-simpose-en-haut-du-pico-villuercas-et-prend-le-maillot-rouge\/#primaryimage","url":"https:\/\/dicodusport.fr\/blog\/wp-content\/uploads\/2024\/08\/Tour-dEspagne-2024-Primoz-Roglic-simpose-en-haut-du-Pico-Villuercas-et-prend-le-maillot-rouge.png","contentUrl":"https:\/\/dicodusport.fr\/blog\/wp-content\/uploads\/2024\/08\/Tour-dEspagne-2024-Primoz-Roglic-simpose-en-haut-du-Pico-Villuercas-et-prend-le-maillot-rouge.png","width":1200,"height":674,"caption":"Tour d'Espagne 2024 Primo\u017e Rogli\u010d s'impose en haut du Pico Villuercas et prend le maillot rouge"},{"@type":"BreadcrumbList","@id":"https:\/\/dicodusport.fr\/blog\/tour-despagne-2024-primoz-roglic-simpose-en-haut-du-pico-villuercas-et-prend-le-maillot-rouge\/#breadcrumb","itemListElement":[{"@type":"ListItem","position":1,"name":"Accueil","item":"https:\/\/dicodusport.fr\/blog\/"},{"@type":"ListItem","position":2,"name":"Tour d&#8217;Espagne 2024 : Primo\u017e Rogli\u010d s&#8217;impose en haut du Pico Villuercas et prend le maillot rouge"}]},{"@type":"WebSite","@id":"https:\/\/dicodusport.fr\/blog\/#website","url":"https:\/\/dicodusport.fr\/blog\/","name":"Dicodusport","description":"L&#039;encyclop\u00e9die de l&#039;actualit\u00e9 sportive","publisher":{"@id":"https:\/\/dicodusport.fr\/blog\/#organization"},"potentialAction":[{"@type":"SearchAction","target":{"@type":"EntryPoint","urlTemplate":"https:\/\/dicodusport.fr\/blog\/?s={search_term_string}"},"query-input":{"@type":"PropertyValueSpecification","valueRequired":true,"valueName":"search_term_string"}}],"inLanguage":"fr-FR"},{"@type":"NewsMediaOrganization","@id":"https:\/\/dicodusport.fr\/blog\/#organization","name":"Dicodusport","url":"https:\/\/dicodusport.fr\/blog\/","logo":{"@type":"ImageObject","inLanguage":"fr-FR","@id":"https:\/\/dicodusport.fr\/blog\/#\/schema\/logo\/image\/","url":"https:\/\/dicodusport.fr\/blog\/wp-content\/uploads\/2020\/06\/cropped-LOGO-DICODUSPORT-2020-SANS-FOND-SANS-TEXTE.png","contentUrl":"https:\/\/dicodusport.fr\/blog\/wp-content\/uploads\/2020\/06\/cropped-LOGO-DICODUSPORT-2020-SANS-FOND-SANS-TEXTE.png","width":512,"height":512,"caption":"Dicodusport"},"image":{"@id":"https:\/\/dicodusport.fr\/blog\/#\/schema\/logo\/image\/"},"sameAs":["https:\/\/www.facebook.com\/dicodusport","https:\/\/x.com\/dicodusport","https:\/\/www.instagram.com\/dicodusport\/","https:\/\/www.youtube.com\/channel\/UC7V2KZ5sd3htJivAbA4ZG3w"],"description":"Dicodusport est l'encyclop\u00e9die de l'actualit\u00e9 sportive.","email":"bonjour@dicodusport.fr","legalName":"DICODUSPORT","foundingDate":"2018-01-14","vatID":"FR71834470973","taxID":"83447097300043","numberOfEmployees":{"@type":"QuantitativeValue","minValue":"1","maxValue":"10"}},{"@type":"Person","@id":"https:\/\/dicodusport.fr\/blog\/#\/schema\/person\/627966a6cde45dbd8c5e36ac85d783da","name":"S\u00e9bastien Gente","image":{"@type":"ImageObject","inLanguage":"fr-FR","@id":"https:\/\/dicodusport.fr\/blog\/#\/schema\/person\/image\/","url":"https:\/\/dicodusport.fr\/blog\/wp-content\/uploads\/2021\/09\/1510990_10205810251400683_4124423575079401707_n-150x150.jpg","contentUrl":"https:\/\/dicodusport.fr\/blog\/wp-content\/uploads\/2021\/09\/1510990_10205810251400683_4124423575079401707_n-150x150.jpg","caption":"S\u00e9bastien Gente"},"description":"John Stockton, Gianni Bugno, Zinedine Zidane, Steffi Graf, Frode Andresen, St\u00e9phane Stoecklin, Davis Kamoga, Primoz Peterka, Werner Schlager et Aur\u00e9lien Rougerie. Point commun entre ces sportifs? Ils m'ont fait r\u00eaver et ont berc\u00e9 mon adolescence. Je suis un fondu de sports et j'essaie de retranscrire ma passion \u00e0 travers mes articles. Originaire du P\u00e9rigord, ma passion pour les Girondins, les Jaunards et les Jazzmen transpire dans mes \u00e9crits. \u00c0 Dicodusport depuis 2021, je d\u00e9niche les sports m\u00e9connus dans lesquels la France brille, et il y en a !","sameAs":["https:\/\/www.facebook.com\/sebastien.gente\/","https:\/\/www.instagram.com\/sebgente\/","https:\/\/www.linkedin.com\/in\/sbastien-gente-a29583169\/","https:\/\/x.com\/https:\/\/twitter.com\/globulo24","SebastienGente"],"worksFor":"S\u00e9bastien GENTE","url":"https:\/\/dicodusport.fr\/blog\/author\/sebastiengente\/"}]}},"_links":{"self":[{"href":"https:\/\/dicodusport.fr\/blog\/wp-json\/wp\/v2\/posts\/513711","targetHints":{"allow":["GET"]}}],"collection":[{"href":"https:\/\/dicodusport.fr\/blog\/wp-json\/wp\/v2\/posts"}],"about":[{"href":"https:\/\/dicodusport.fr\/blog\/wp-json\/wp\/v2\/types\/post"}],"author":[{"embeddable":true,"href":"https:\/\/dicodusport.fr\/blog\/wp-json\/wp\/v2\/users\/59"}],"replies":[{"embeddable":true,"href":"https:\/\/dicodusport.fr\/blog\/wp-json\/wp\/v2\/comments?post=513711"}],"version-history":[{"count":2,"href":"https:\/\/dicodusport.fr\/blog\/wp-json\/wp\/v2\/posts\/513711\/revisions"}],"predecessor-version":[{"id":513755,"href":"https:\/\/dicodusport.fr\/blog\/wp-json\/wp\/v2\/posts\/513711\/revisions\/513755"}],"wp:featuredmedia":[{"embeddable":true,"href":"https:\/\/dicodusport.fr\/blog\/wp-json\/wp\/v2\/media\/513749"}],"wp:attachment":[{"href":"https:\/\/dicodusport.fr\/blog\/wp-json\/wp\/v2\/media?parent=513711"}],"wp:term":[{"taxonomy":"category","embeddable":true,"href":"https:\/\/dicodusport.fr\/blog\/wp-json\/wp\/v2\/categories?post=513711"},{"taxonomy":"post_tag","embeddable":true,"href":"https:\/\/dicodusport.fr\/blog\/wp-json\/wp\/v2\/tags?post=513711"}],"curies":[{"name":"wp","href":"https:\/\/api.w.org\/{rel}","templated":true}]}}