{"id":513766,"date":"2024-08-20T19:33:39","date_gmt":"2024-08-20T17:33:39","guid":{"rendered":"https:\/\/dicodusport.fr\/blog\/?p=513766&#038;preview=true&#038;preview_id=513766"},"modified":"2024-08-20T19:38:29","modified_gmt":"2024-08-20T17:38:29","slug":"transferts-rugby-matthieu-jalibert-zach-mercer-damian-mckenzie-les-infos-du-mardi-20-aout","status":"publish","type":"post","link":"https:\/\/dicodusport.fr\/blog\/transferts-rugby-matthieu-jalibert-zach-mercer-damian-mckenzie-les-infos-du-mardi-20-aout\/","title":{"rendered":"Transferts Rugby : Matthieu Jalibert, Zach Mercer, Damian McKenzie, les infos du mardi 20 ao\u00fbt"},"content":{"rendered":"<p style=\"text-align: justify;\" align=\"justify\"><em><strong>TRANSFERTS RUGBY &#8211; L&rsquo;avenir de Matthieu Jalibert toujours flou, Zach Mercer et Damian McKenzie courtis\u00e9s en Top 14 <\/strong><strong>: les infos du mardi 20 ao\u00fbt.<\/strong><\/em><\/p>\n<h2 style=\"text-align: justify;\">Matthieu Jalibert dans le flou pour son avenir<\/h2>\n<p style=\"text-align: justify;\">Dans quel club <strong>Matthieu<\/strong> <strong>Jalibert<\/strong> \u00e9voluera la saison prochaine ? Alors qu&rsquo;il lui reste une seule ann\u00e9e de contrat, l&rsquo;ouvreur rempla\u00e7ant du XV de France n&rsquo;a toujours rien sign\u00e9 pour apr\u00e8s l&rsquo;\u00e9t\u00e9 2025. Il a pourtant re\u00e7u des propositions sup\u00e9rieures \u00e0 1 million d&rsquo;euros de la part du <strong>Racing<\/strong> <strong>92<\/strong> et de l&rsquo;<strong>Union Bordeaux-B\u00e8gles<\/strong>. Il les a d\u00e9clin\u00e9es en esp\u00e9rant encore faire monter les ench\u00e8res.<\/p>\n<p style=\"text-align: justify;\">Mais c&rsquo;est \u00e0 priori l&rsquo;effet inverse qui va se produire, et il devrait \u00e9marger \u00e0 moins d&rsquo;un million d&rsquo;euros, peu importe le club o\u00f9 il signera. Le Racing 92 n&rsquo;est plus dans la course apr\u00e8s avoir recrut\u00e9 l&rsquo;Anglais <strong>Owen Farrell<\/strong>. Le Stade Fran\u00e7ais a aussi choisi de miser sur un autre ouvreur avec l&rsquo;arriv\u00e9e r\u00e9cente de <strong>Louis<\/strong> <strong>Carbonel<\/strong> pour plusieurs saisons.<strong> Matthieu Jalibert<\/strong> n&rsquo;aurait que deux options \u00e0 date : la prolongation \u00e0 l&rsquo;<strong>UBB<\/strong>, qui tient la corde, et une signature au <strong>MHR<\/strong>, qui aurait les moyens de se l&rsquo;offrir.<\/p>\n<p style=\"text-align: justify;\"><em><strong>L&rsquo;avis de Dicodusport<\/strong> : Matthieu Jalibert a fait un pari qui devrait \u00eatre perdant. Mais dans tous les cas, il va signer un beau contrat pour plusieurs saisons.\u00a0<\/em><\/p>\n<ul style=\"text-align: justify;\">\n<li style=\"text-align: justify;\"><strong>\u00c0 ce sujet &#8211; <a href=\"https:\/\/dicodusport.fr\/blog\/transferts-avenir-toujours-incertain-pour-matthieu-jalibert\/\" target=\"_blank\" rel=\"noopener\">Transferts : Avenir toujours incertain pour Matthieu Jalibert<\/a><br \/>\n<\/strong><\/li>\n<\/ul>\n<h2 style=\"text-align: justify;\">Zach Mercer pour remplacer Siya Kolisi ?<\/h2>\n<p style=\"text-align: justify;\">Le <strong>Racing 92<\/strong> attendait \u00e9norm\u00e9ment de la signature de <strong>Siya<\/strong> <strong>Kolisi<\/strong>, autant sur le terrain que pour les autres aspects. Mais sa premi\u00e8re saison a \u00e9t\u00e9 d\u00e9cevante d&rsquo;un point de vue sportif, et il souffre du mal du pays. Le double champion du monde va donc repartir en Afrique du Sud dans quelques jours, et le <strong>Racing<\/strong> <strong>92<\/strong> lui cherche un rempla\u00e7ant.<\/p>\n<p style=\"text-align: justify;\">Les Franciliens auront une belle enveloppe pour recruter, puisqu&rsquo;ils vont \u00e9videmment vendre les deux ann\u00e9es de contrat restantes \u00e0 <strong>Siya<\/strong> <strong>Kolisi<\/strong>. <strong>Zach<\/strong> <strong>Mercer<\/strong> serait la cible prioritaire, m\u00eame s&rsquo;il \u00e9volue au poste de num\u00e9ro 8 et non de <em>flanker.<\/em> Le num\u00e9ro 8 anglais voudrait quitter <strong>Gloucester,<\/strong> puisqu&rsquo;il est toujours boud\u00e9 par la s\u00e9lection nationale.<\/p>\n<p style=\"text-align: justify;\"><em><strong>L&rsquo;avis de Dicodusport<\/strong> <strong>:<\/strong> M\u00eame si c&rsquo;est pas du poste pour poste, on a envie de revoir Zach Mercer en Top 14. Une bonne pioche pour le Racing 92 si cela se concr\u00e9tise.\u00a0<\/em><\/p>\n<ul style=\"text-align: justify;\">\n<li><strong>\u00c0 ce sujet &#8211; <a href=\"https:\/\/dicodusport.fr\/blog\/transferts-un-nouveau-club-de-top-14-veut-soffrir-zach-mercer\/\" target=\"_blank\" rel=\"noopener\">Transferts : Un nouveau club de Top 14 veut s\u2019offrir Zach Mercer<\/a><br \/>\n<\/strong><\/li>\n<\/ul>\n<h2 style=\"text-align: justify;\">Damian McKenzie au stade Rochelais ?<\/h2>\n<p style=\"text-align: justify;\"><strong>Damian McKenzie<\/strong> va-t-il faire une pige en <strong>Top<\/strong> <strong>14,<\/strong> comme <strong>Jordie<\/strong> <strong>Barrett<\/strong> avec le <strong>Leinster<\/strong> ? Le <strong>Stade<\/strong> <strong>Rochelais<\/strong> est en qu\u00eate d&rsquo;un trois-quarts polyvalent, capable de jouer 10 et 15, pour la saison prochaine et a coch\u00e9 le nom du <strong>N\u00e9o-Z\u00e9landais.<\/strong> Si la piste prioritaire se nomme <strong>L\u00e9o<\/strong> <strong>Barr\u00e9<\/strong>, elle sera compliqu\u00e9 \u00e0 finaliser, puisque le <strong>Stade<\/strong> <strong>Fran\u00e7ais<\/strong> veut le conserver.<\/p>\n<p style=\"text-align: justify;\"><strong>Damian McKenzie<\/strong> est donc une alternative et pourrait arriver en janvier 2026 pour terminer la saison avec les Maritimes. Il rentrerait ensuite en <strong>Nouvelle-Z\u00e9lande<\/strong> pour pr\u00e9parer la Coupe du monde 2027.<\/p>\n<p style=\"text-align: justify;\"><em><strong>L&rsquo;avis de Dicodusport<\/strong> <strong>: <\/strong>M\u00eame si c&rsquo;est seulement pour quelques mois, Damian McKenzie serait une recrue exceptionnelle pour les Rochelais.\u00a0<\/em><\/p>\n<ul>\n<li style=\"text-align: justify;\"><strong>\u00c0 ce sujet &#8211; <a href=\"https:\/\/dicodusport.fr\/blog\/transferts-un-club-de-top-14-veut-signer-damian-mckenzie\/\" target=\"_blank\" rel=\"noopener\">Transferts : Un club de Top 14 veut signer Damian McKenzie<\/a><br \/>\n<\/strong><\/li>\n<\/ul>\n","protected":false},"excerpt":{"rendered":"<p>TRANSFERTS RUGBY &#8211; L&rsquo;avenir de Matthieu Jalibert toujours flou, Zach Mercer et Damian McKenzie courtis\u00e9s en Top 14 : les infos du mardi 20 ao\u00fbt.<\/p>\n","protected":false},"author":1,"featured_media":513768,"comment_status":"open","ping_status":"closed","sticky":false,"template":"","format":"standard","meta":{"_acf_changed":false,"_daextam_enable_autolinks":"1","footnotes":""},"categories":[9129,47050],"tags":[32415,16878,28226,13,110,29105],"class_list":["post-513766","post","type-post","status-publish","format-standard","has-post-thumbnail","hentry","category-rugby-a-xv","category-top-14","tag-actu","tag-breve","tag-mercato-rugby","tag-rugby","tag-rugby-a-xv","tag-transferts-rugby"],"acf":[],"yoast_head":"<!-- This site is optimized with the Yoast SEO Premium plugin v26.7 (Yoast SEO v26.7) - https:\/\/yoast.com\/wordpress\/plugins\/seo\/ -->\n<title>Transferts Rugby : Matthieu Jalibert, Zach Mercer, Damian McKenzie, les infos du mardi 20 ao\u00fbt<\/title>\n<meta name=\"description\" content=\"TRANSFERTS RUGBY - L&#039;avenir de Matthieu Jalibert toujours flou, Zach Mercer et Damian McKenzie courtis\u00e9s en Top 14 : les infos du mardi 20 ao\u00fbt.\" \/>\n<meta name=\"robots\" content=\"index, follow, max-snippet:-1, max-image-preview:large, max-video-preview:-1\" \/>\n<link rel=\"canonical\" href=\"https:\/\/dicodusport.fr\/blog\/transferts-rugby-matthieu-jalibert-zach-mercer-damian-mckenzie-les-infos-du-mardi-20-aout\/\" \/>\n<meta property=\"og:locale\" content=\"fr_FR\" \/>\n<meta property=\"og:type\" content=\"article\" \/>\n<meta property=\"og:title\" content=\"Transferts Rugby : Matthieu Jalibert, Zach Mercer, Damian McKenzie, les infos du mardi 20 ao\u00fbt\" \/>\n<meta property=\"og:description\" content=\"TRANSFERTS RUGBY - L&#039;avenir de Matthieu Jalibert toujours flou, Zach Mercer et Damian McKenzie courtis\u00e9s en Top 14 : les infos du mardi 20 ao\u00fbt.\" \/>\n<meta property=\"og:url\" content=\"https:\/\/dicodusport.fr\/blog\/transferts-rugby-matthieu-jalibert-zach-mercer-damian-mckenzie-les-infos-du-mardi-20-aout\/\" \/>\n<meta property=\"og:site_name\" content=\"Dicodusport\" \/>\n<meta property=\"article:publisher\" content=\"https:\/\/www.facebook.com\/dicodusport\" \/>\n<meta property=\"article:author\" content=\"https:\/\/www.facebook.com\/dicodusport\" \/>\n<meta property=\"article:published_time\" content=\"2024-08-20T17:33:39+00:00\" \/>\n<meta property=\"article:modified_time\" content=\"2024-08-20T17:38:29+00:00\" \/>\n<meta property=\"og:image\" content=\"https:\/\/dicodusport.fr\/blog\/wp-content\/uploads\/2024\/08\/Transferts-Rugby-Matthieu-Jalibert-Zach-Mercer-Damian-McKenzie-les-infos-du-mardi-20-aout.png\" \/>\n\t<meta property=\"og:image:width\" content=\"1200\" \/>\n\t<meta property=\"og:image:height\" content=\"674\" \/>\n\t<meta property=\"og:image:type\" content=\"image\/png\" \/>\n<meta name=\"author\" content=\"Nicolas Jacquemard\" \/>\n<meta name=\"twitter:card\" content=\"summary_large_image\" \/>\n<meta name=\"twitter:title\" content=\"Transferts Rugby : Matthieu Jalibert, Zach Mercer, Damian McKenzie, les infos du mardi 20 ao\u00fbt\" \/>\n<meta name=\"twitter:creator\" content=\"@https:\/\/twitter.com\/Nico_Jacquemard\" \/>\n<meta name=\"twitter:site\" content=\"@dicodusport\" \/>\n<script type=\"application\/ld+json\" class=\"yoast-schema-graph\">{\"@context\":\"https:\/\/schema.org\",\"@graph\":[{\"@type\":\"NewsArticle\",\"@id\":\"https:\/\/dicodusport.fr\/blog\/transferts-rugby-matthieu-jalibert-zach-mercer-damian-mckenzie-les-infos-du-mardi-20-aout\/#article\",\"isPartOf\":{\"@id\":\"https:\/\/dicodusport.fr\/blog\/transferts-rugby-matthieu-jalibert-zach-mercer-damian-mckenzie-les-infos-du-mardi-20-aout\/\"},\"author\":{\"name\":\"Nicolas Jacquemard\",\"@id\":\"https:\/\/dicodusport.fr\/blog\/#\/schema\/person\/55dcb50ad410894e431ed812bbb70191\"},\"headline\":\"Transferts Rugby : Matthieu Jalibert, Zach Mercer, Damian McKenzie, les infos du mardi 20 ao\u00fbt\",\"datePublished\":\"2024-08-20T17:33:39+00:00\",\"dateModified\":\"2024-08-20T17:38:29+00:00\",\"mainEntityOfPage\":{\"@id\":\"https:\/\/dicodusport.fr\/blog\/transferts-rugby-matthieu-jalibert-zach-mercer-damian-mckenzie-les-infos-du-mardi-20-aout\/\"},\"wordCount\":570,\"commentCount\":0,\"publisher\":{\"@id\":\"https:\/\/dicodusport.fr\/blog\/#organization\"},\"image\":{\"@id\":\"https:\/\/dicodusport.fr\/blog\/transferts-rugby-matthieu-jalibert-zach-mercer-damian-mckenzie-les-infos-du-mardi-20-aout\/#primaryimage\"},\"thumbnailUrl\":\"https:\/\/dicodusport.fr\/blog\/wp-content\/uploads\/2024\/08\/Transferts-Rugby-Matthieu-Jalibert-Zach-Mercer-Damian-McKenzie-les-infos-du-mardi-20-aout.png\",\"keywords\":[\"actu\",\"br\u00e8ve\",\"Mercato Rugby\",\"Rugby\",\"Rugby \u00e0 XV\",\"Transferts rugby\"],\"articleSection\":[\"Rugby \u00e0 XV\",\"Top 14\"],\"inLanguage\":\"fr-FR\",\"potentialAction\":[{\"@type\":\"CommentAction\",\"name\":\"Comment\",\"target\":[\"https:\/\/dicodusport.fr\/blog\/transferts-rugby-matthieu-jalibert-zach-mercer-damian-mckenzie-les-infos-du-mardi-20-aout\/#respond\"]}],\"copyrightYear\":\"2024\",\"copyrightHolder\":{\"@id\":\"https:\/\/dicodusport.fr\/blog\/#organization\"}},{\"@type\":\"WebPage\",\"@id\":\"https:\/\/dicodusport.fr\/blog\/transferts-rugby-matthieu-jalibert-zach-mercer-damian-mckenzie-les-infos-du-mardi-20-aout\/\",\"url\":\"https:\/\/dicodusport.fr\/blog\/transferts-rugby-matthieu-jalibert-zach-mercer-damian-mckenzie-les-infos-du-mardi-20-aout\/\",\"name\":\"Transferts Rugby : Matthieu Jalibert, Zach Mercer, Damian McKenzie, les infos du mardi 20 ao\u00fbt\",\"isPartOf\":{\"@id\":\"https:\/\/dicodusport.fr\/blog\/#website\"},\"primaryImageOfPage\":{\"@id\":\"https:\/\/dicodusport.fr\/blog\/transferts-rugby-matthieu-jalibert-zach-mercer-damian-mckenzie-les-infos-du-mardi-20-aout\/#primaryimage\"},\"image\":{\"@id\":\"https:\/\/dicodusport.fr\/blog\/transferts-rugby-matthieu-jalibert-zach-mercer-damian-mckenzie-les-infos-du-mardi-20-aout\/#primaryimage\"},\"thumbnailUrl\":\"https:\/\/dicodusport.fr\/blog\/wp-content\/uploads\/2024\/08\/Transferts-Rugby-Matthieu-Jalibert-Zach-Mercer-Damian-McKenzie-les-infos-du-mardi-20-aout.png\",\"datePublished\":\"2024-08-20T17:33:39+00:00\",\"dateModified\":\"2024-08-20T17:38:29+00:00\",\"description\":\"TRANSFERTS RUGBY - L'avenir de Matthieu Jalibert toujours flou, Zach Mercer et Damian McKenzie courtis\u00e9s en Top 14 : les infos du mardi 20 ao\u00fbt.\",\"breadcrumb\":{\"@id\":\"https:\/\/dicodusport.fr\/blog\/transferts-rugby-matthieu-jalibert-zach-mercer-damian-mckenzie-les-infos-du-mardi-20-aout\/#breadcrumb\"},\"inLanguage\":\"fr-FR\",\"potentialAction\":[{\"@type\":\"ReadAction\",\"target\":[\"https:\/\/dicodusport.fr\/blog\/transferts-rugby-matthieu-jalibert-zach-mercer-damian-mckenzie-les-infos-du-mardi-20-aout\/\"]}]},{\"@type\":\"ImageObject\",\"inLanguage\":\"fr-FR\",\"@id\":\"https:\/\/dicodusport.fr\/blog\/transferts-rugby-matthieu-jalibert-zach-mercer-damian-mckenzie-les-infos-du-mardi-20-aout\/#primaryimage\",\"url\":\"https:\/\/dicodusport.fr\/blog\/wp-content\/uploads\/2024\/08\/Transferts-Rugby-Matthieu-Jalibert-Zach-Mercer-Damian-McKenzie-les-infos-du-mardi-20-aout.png\",\"contentUrl\":\"https:\/\/dicodusport.fr\/blog\/wp-content\/uploads\/2024\/08\/Transferts-Rugby-Matthieu-Jalibert-Zach-Mercer-Damian-McKenzie-les-infos-du-mardi-20-aout.png\",\"width\":1200,\"height\":674},{\"@type\":\"BreadcrumbList\",\"@id\":\"https:\/\/dicodusport.fr\/blog\/transferts-rugby-matthieu-jalibert-zach-mercer-damian-mckenzie-les-infos-du-mardi-20-aout\/#breadcrumb\",\"itemListElement\":[{\"@type\":\"ListItem\",\"position\":1,\"name\":\"Accueil\",\"item\":\"https:\/\/dicodusport.fr\/blog\/\"},{\"@type\":\"ListItem\",\"position\":2,\"name\":\"Transferts Rugby : Matthieu Jalibert, Zach Mercer, Damian McKenzie, les infos du mardi 20 ao\u00fbt\"}]},{\"@type\":\"WebSite\",\"@id\":\"https:\/\/dicodusport.fr\/blog\/#website\",\"url\":\"https:\/\/dicodusport.fr\/blog\/\",\"name\":\"Dicodusport\",\"description\":\"L&#039;encyclop\u00e9die de l&#039;actualit\u00e9 sportive\",\"publisher\":{\"@id\":\"https:\/\/dicodusport.fr\/blog\/#organization\"},\"potentialAction\":[{\"@type\":\"SearchAction\",\"target\":{\"@type\":\"EntryPoint\",\"urlTemplate\":\"https:\/\/dicodusport.fr\/blog\/?s={search_term_string}\"},\"query-input\":{\"@type\":\"PropertyValueSpecification\",\"valueRequired\":true,\"valueName\":\"search_term_string\"}}],\"inLanguage\":\"fr-FR\"},{\"@type\":\"NewsMediaOrganization\",\"@id\":\"https:\/\/dicodusport.fr\/blog\/#organization\",\"name\":\"Dicodusport\",\"url\":\"https:\/\/dicodusport.fr\/blog\/\",\"logo\":{\"@type\":\"ImageObject\",\"inLanguage\":\"fr-FR\",\"@id\":\"https:\/\/dicodusport.fr\/blog\/#\/schema\/logo\/image\/\",\"url\":\"https:\/\/dicodusport.fr\/blog\/wp-content\/uploads\/2020\/06\/cropped-LOGO-DICODUSPORT-2020-SANS-FOND-SANS-TEXTE.png\",\"contentUrl\":\"https:\/\/dicodusport.fr\/blog\/wp-content\/uploads\/2020\/06\/cropped-LOGO-DICODUSPORT-2020-SANS-FOND-SANS-TEXTE.png\",\"width\":512,\"height\":512,\"caption\":\"Dicodusport\"},\"image\":{\"@id\":\"https:\/\/dicodusport.fr\/blog\/#\/schema\/logo\/image\/\"},\"sameAs\":[\"https:\/\/www.facebook.com\/dicodusport\",\"https:\/\/x.com\/dicodusport\",\"https:\/\/www.instagram.com\/dicodusport\/\",\"https:\/\/www.youtube.com\/channel\/UC7V2KZ5sd3htJivAbA4ZG3w\"],\"description\":\"Dicodusport est l'encyclop\u00e9die de l'actualit\u00e9 sportive.\",\"email\":\"bonjour@dicodusport.fr\",\"legalName\":\"DICODUSPORT\",\"foundingDate\":\"2018-01-14\",\"vatID\":\"FR71834470973\",\"taxID\":\"83447097300043\",\"numberOfEmployees\":{\"@type\":\"QuantitativeValue\",\"minValue\":\"1\",\"maxValue\":\"10\"}},{\"@type\":\"Person\",\"@id\":\"https:\/\/dicodusport.fr\/blog\/#\/schema\/person\/55dcb50ad410894e431ed812bbb70191\",\"name\":\"Nicolas Jacquemard\",\"image\":{\"@type\":\"ImageObject\",\"inLanguage\":\"fr-FR\",\"@id\":\"https:\/\/dicodusport.fr\/blog\/#\/schema\/person\/image\/\",\"url\":\"https:\/\/dicodusport.fr\/blog\/wp-content\/uploads\/2021\/05\/Nicolas-Jacquemard-150x150.jpeg\",\"contentUrl\":\"https:\/\/dicodusport.fr\/blog\/wp-content\/uploads\/2021\/05\/Nicolas-Jacquemard-150x150.jpeg\",\"caption\":\"Nicolas Jacquemard\"},\"description\":\"Passionn\u00e9 de sport et entrepreneur depuis mes 18 ans, la cr\u00e9ation de Dicodusport m'a sembl\u00e9 \u00e9vidente pour participer \u00e0 la m\u00e9diatisation d'un plus grand nombre de sports. Le chemin est long mais avec une \u00e9quipe des plus motiv\u00e9es et les Jeux Olympiques de Paris 2024 en point de mire, nous y arriverons ! Journaliste dans le monde du sport depuis plus de 5 ans, je traite aussi bien de football, de rugby, de biathlon que de cyclisme.\",\"sameAs\":[\"https:\/\/www.facebook.com\/dicodusport\",\"https:\/\/x.com\/https:\/\/twitter.com\/Nico_Jacquemard\"],\"url\":\"https:\/\/dicodusport.fr\/blog\/author\/dicodusport\/\"}]}<\/script>\n<!-- \/ Yoast SEO Premium plugin. -->","yoast_head_json":{"title":"Transferts Rugby : Matthieu Jalibert, Zach Mercer, Damian McKenzie, les infos du mardi 20 ao\u00fbt","description":"TRANSFERTS RUGBY - L'avenir de Matthieu Jalibert toujours flou, Zach Mercer et Damian McKenzie courtis\u00e9s en Top 14 : les infos du mardi 20 ao\u00fbt.","robots":{"index":"index","follow":"follow","max-snippet":"max-snippet:-1","max-image-preview":"max-image-preview:large","max-video-preview":"max-video-preview:-1"},"canonical":"https:\/\/dicodusport.fr\/blog\/transferts-rugby-matthieu-jalibert-zach-mercer-damian-mckenzie-les-infos-du-mardi-20-aout\/","og_locale":"fr_FR","og_type":"article","og_title":"Transferts Rugby : Matthieu Jalibert, Zach Mercer, Damian McKenzie, les infos du mardi 20 ao\u00fbt","og_description":"TRANSFERTS RUGBY - L'avenir de Matthieu Jalibert toujours flou, Zach Mercer et Damian McKenzie courtis\u00e9s en Top 14 : les infos du mardi 20 ao\u00fbt.","og_url":"https:\/\/dicodusport.fr\/blog\/transferts-rugby-matthieu-jalibert-zach-mercer-damian-mckenzie-les-infos-du-mardi-20-aout\/","og_site_name":"Dicodusport","article_publisher":"https:\/\/www.facebook.com\/dicodusport","article_author":"https:\/\/www.facebook.com\/dicodusport","article_published_time":"2024-08-20T17:33:39+00:00","article_modified_time":"2024-08-20T17:38:29+00:00","og_image":[{"width":1200,"height":674,"url":"https:\/\/dicodusport.fr\/blog\/wp-content\/uploads\/2024\/08\/Transferts-Rugby-Matthieu-Jalibert-Zach-Mercer-Damian-McKenzie-les-infos-du-mardi-20-aout.png","type":"image\/png"}],"author":"Nicolas Jacquemard","twitter_card":"summary_large_image","twitter_title":"Transferts Rugby : Matthieu Jalibert, Zach Mercer, Damian McKenzie, les infos du mardi 20 ao\u00fbt","twitter_creator":"@https:\/\/twitter.com\/Nico_Jacquemard","twitter_site":"@dicodusport","schema":{"@context":"https:\/\/schema.org","@graph":[{"@type":"NewsArticle","@id":"https:\/\/dicodusport.fr\/blog\/transferts-rugby-matthieu-jalibert-zach-mercer-damian-mckenzie-les-infos-du-mardi-20-aout\/#article","isPartOf":{"@id":"https:\/\/dicodusport.fr\/blog\/transferts-rugby-matthieu-jalibert-zach-mercer-damian-mckenzie-les-infos-du-mardi-20-aout\/"},"author":{"name":"Nicolas Jacquemard","@id":"https:\/\/dicodusport.fr\/blog\/#\/schema\/person\/55dcb50ad410894e431ed812bbb70191"},"headline":"Transferts Rugby : Matthieu Jalibert, Zach Mercer, Damian McKenzie, les infos du mardi 20 ao\u00fbt","datePublished":"2024-08-20T17:33:39+00:00","dateModified":"2024-08-20T17:38:29+00:00","mainEntityOfPage":{"@id":"https:\/\/dicodusport.fr\/blog\/transferts-rugby-matthieu-jalibert-zach-mercer-damian-mckenzie-les-infos-du-mardi-20-aout\/"},"wordCount":570,"commentCount":0,"publisher":{"@id":"https:\/\/dicodusport.fr\/blog\/#organization"},"image":{"@id":"https:\/\/dicodusport.fr\/blog\/transferts-rugby-matthieu-jalibert-zach-mercer-damian-mckenzie-les-infos-du-mardi-20-aout\/#primaryimage"},"thumbnailUrl":"https:\/\/dicodusport.fr\/blog\/wp-content\/uploads\/2024\/08\/Transferts-Rugby-Matthieu-Jalibert-Zach-Mercer-Damian-McKenzie-les-infos-du-mardi-20-aout.png","keywords":["actu","br\u00e8ve","Mercato Rugby","Rugby","Rugby \u00e0 XV","Transferts rugby"],"articleSection":["Rugby \u00e0 XV","Top 14"],"inLanguage":"fr-FR","potentialAction":[{"@type":"CommentAction","name":"Comment","target":["https:\/\/dicodusport.fr\/blog\/transferts-rugby-matthieu-jalibert-zach-mercer-damian-mckenzie-les-infos-du-mardi-20-aout\/#respond"]}],"copyrightYear":"2024","copyrightHolder":{"@id":"https:\/\/dicodusport.fr\/blog\/#organization"}},{"@type":"WebPage","@id":"https:\/\/dicodusport.fr\/blog\/transferts-rugby-matthieu-jalibert-zach-mercer-damian-mckenzie-les-infos-du-mardi-20-aout\/","url":"https:\/\/dicodusport.fr\/blog\/transferts-rugby-matthieu-jalibert-zach-mercer-damian-mckenzie-les-infos-du-mardi-20-aout\/","name":"Transferts Rugby : Matthieu Jalibert, Zach Mercer, Damian McKenzie, les infos du mardi 20 ao\u00fbt","isPartOf":{"@id":"https:\/\/dicodusport.fr\/blog\/#website"},"primaryImageOfPage":{"@id":"https:\/\/dicodusport.fr\/blog\/transferts-rugby-matthieu-jalibert-zach-mercer-damian-mckenzie-les-infos-du-mardi-20-aout\/#primaryimage"},"image":{"@id":"https:\/\/dicodusport.fr\/blog\/transferts-rugby-matthieu-jalibert-zach-mercer-damian-mckenzie-les-infos-du-mardi-20-aout\/#primaryimage"},"thumbnailUrl":"https:\/\/dicodusport.fr\/blog\/wp-content\/uploads\/2024\/08\/Transferts-Rugby-Matthieu-Jalibert-Zach-Mercer-Damian-McKenzie-les-infos-du-mardi-20-aout.png","datePublished":"2024-08-20T17:33:39+00:00","dateModified":"2024-08-20T17:38:29+00:00","description":"TRANSFERTS RUGBY - L'avenir de Matthieu Jalibert toujours flou, Zach Mercer et Damian McKenzie courtis\u00e9s en Top 14 : les infos du mardi 20 ao\u00fbt.","breadcrumb":{"@id":"https:\/\/dicodusport.fr\/blog\/transferts-rugby-matthieu-jalibert-zach-mercer-damian-mckenzie-les-infos-du-mardi-20-aout\/#breadcrumb"},"inLanguage":"fr-FR","potentialAction":[{"@type":"ReadAction","target":["https:\/\/dicodusport.fr\/blog\/transferts-rugby-matthieu-jalibert-zach-mercer-damian-mckenzie-les-infos-du-mardi-20-aout\/"]}]},{"@type":"ImageObject","inLanguage":"fr-FR","@id":"https:\/\/dicodusport.fr\/blog\/transferts-rugby-matthieu-jalibert-zach-mercer-damian-mckenzie-les-infos-du-mardi-20-aout\/#primaryimage","url":"https:\/\/dicodusport.fr\/blog\/wp-content\/uploads\/2024\/08\/Transferts-Rugby-Matthieu-Jalibert-Zach-Mercer-Damian-McKenzie-les-infos-du-mardi-20-aout.png","contentUrl":"https:\/\/dicodusport.fr\/blog\/wp-content\/uploads\/2024\/08\/Transferts-Rugby-Matthieu-Jalibert-Zach-Mercer-Damian-McKenzie-les-infos-du-mardi-20-aout.png","width":1200,"height":674},{"@type":"BreadcrumbList","@id":"https:\/\/dicodusport.fr\/blog\/transferts-rugby-matthieu-jalibert-zach-mercer-damian-mckenzie-les-infos-du-mardi-20-aout\/#breadcrumb","itemListElement":[{"@type":"ListItem","position":1,"name":"Accueil","item":"https:\/\/dicodusport.fr\/blog\/"},{"@type":"ListItem","position":2,"name":"Transferts Rugby : Matthieu Jalibert, Zach Mercer, Damian McKenzie, les infos du mardi 20 ao\u00fbt"}]},{"@type":"WebSite","@id":"https:\/\/dicodusport.fr\/blog\/#website","url":"https:\/\/dicodusport.fr\/blog\/","name":"Dicodusport","description":"L&#039;encyclop\u00e9die de l&#039;actualit\u00e9 sportive","publisher":{"@id":"https:\/\/dicodusport.fr\/blog\/#organization"},"potentialAction":[{"@type":"SearchAction","target":{"@type":"EntryPoint","urlTemplate":"https:\/\/dicodusport.fr\/blog\/?s={search_term_string}"},"query-input":{"@type":"PropertyValueSpecification","valueRequired":true,"valueName":"search_term_string"}}],"inLanguage":"fr-FR"},{"@type":"NewsMediaOrganization","@id":"https:\/\/dicodusport.fr\/blog\/#organization","name":"Dicodusport","url":"https:\/\/dicodusport.fr\/blog\/","logo":{"@type":"ImageObject","inLanguage":"fr-FR","@id":"https:\/\/dicodusport.fr\/blog\/#\/schema\/logo\/image\/","url":"https:\/\/dicodusport.fr\/blog\/wp-content\/uploads\/2020\/06\/cropped-LOGO-DICODUSPORT-2020-SANS-FOND-SANS-TEXTE.png","contentUrl":"https:\/\/dicodusport.fr\/blog\/wp-content\/uploads\/2020\/06\/cropped-LOGO-DICODUSPORT-2020-SANS-FOND-SANS-TEXTE.png","width":512,"height":512,"caption":"Dicodusport"},"image":{"@id":"https:\/\/dicodusport.fr\/blog\/#\/schema\/logo\/image\/"},"sameAs":["https:\/\/www.facebook.com\/dicodusport","https:\/\/x.com\/dicodusport","https:\/\/www.instagram.com\/dicodusport\/","https:\/\/www.youtube.com\/channel\/UC7V2KZ5sd3htJivAbA4ZG3w"],"description":"Dicodusport est l'encyclop\u00e9die de l'actualit\u00e9 sportive.","email":"bonjour@dicodusport.fr","legalName":"DICODUSPORT","foundingDate":"2018-01-14","vatID":"FR71834470973","taxID":"83447097300043","numberOfEmployees":{"@type":"QuantitativeValue","minValue":"1","maxValue":"10"}},{"@type":"Person","@id":"https:\/\/dicodusport.fr\/blog\/#\/schema\/person\/55dcb50ad410894e431ed812bbb70191","name":"Nicolas Jacquemard","image":{"@type":"ImageObject","inLanguage":"fr-FR","@id":"https:\/\/dicodusport.fr\/blog\/#\/schema\/person\/image\/","url":"https:\/\/dicodusport.fr\/blog\/wp-content\/uploads\/2021\/05\/Nicolas-Jacquemard-150x150.jpeg","contentUrl":"https:\/\/dicodusport.fr\/blog\/wp-content\/uploads\/2021\/05\/Nicolas-Jacquemard-150x150.jpeg","caption":"Nicolas Jacquemard"},"description":"Passionn\u00e9 de sport et entrepreneur depuis mes 18 ans, la cr\u00e9ation de Dicodusport m'a sembl\u00e9 \u00e9vidente pour participer \u00e0 la m\u00e9diatisation d'un plus grand nombre de sports. Le chemin est long mais avec une \u00e9quipe des plus motiv\u00e9es et les Jeux Olympiques de Paris 2024 en point de mire, nous y arriverons ! Journaliste dans le monde du sport depuis plus de 5 ans, je traite aussi bien de football, de rugby, de biathlon que de cyclisme.","sameAs":["https:\/\/www.facebook.com\/dicodusport","https:\/\/x.com\/https:\/\/twitter.com\/Nico_Jacquemard"],"url":"https:\/\/dicodusport.fr\/blog\/author\/dicodusport\/"}]}},"_links":{"self":[{"href":"https:\/\/dicodusport.fr\/blog\/wp-json\/wp\/v2\/posts\/513766","targetHints":{"allow":["GET"]}}],"collection":[{"href":"https:\/\/dicodusport.fr\/blog\/wp-json\/wp\/v2\/posts"}],"about":[{"href":"https:\/\/dicodusport.fr\/blog\/wp-json\/wp\/v2\/types\/post"}],"author":[{"embeddable":true,"href":"https:\/\/dicodusport.fr\/blog\/wp-json\/wp\/v2\/users\/1"}],"replies":[{"embeddable":true,"href":"https:\/\/dicodusport.fr\/blog\/wp-json\/wp\/v2\/comments?post=513766"}],"version-history":[{"count":2,"href":"https:\/\/dicodusport.fr\/blog\/wp-json\/wp\/v2\/posts\/513766\/revisions"}],"predecessor-version":[{"id":513770,"href":"https:\/\/dicodusport.fr\/blog\/wp-json\/wp\/v2\/posts\/513766\/revisions\/513770"}],"wp:featuredmedia":[{"embeddable":true,"href":"https:\/\/dicodusport.fr\/blog\/wp-json\/wp\/v2\/media\/513768"}],"wp:attachment":[{"href":"https:\/\/dicodusport.fr\/blog\/wp-json\/wp\/v2\/media?parent=513766"}],"wp:term":[{"taxonomy":"category","embeddable":true,"href":"https:\/\/dicodusport.fr\/blog\/wp-json\/wp\/v2\/categories?post=513766"},{"taxonomy":"post_tag","embeddable":true,"href":"https:\/\/dicodusport.fr\/blog\/wp-json\/wp\/v2\/tags?post=513766"}],"curies":[{"name":"wp","href":"https:\/\/api.w.org\/{rel}","templated":true}]}}