{"id":513814,"date":"2024-08-21T09:15:49","date_gmt":"2024-08-21T07:15:49","guid":{"rendered":"https:\/\/dicodusport.fr\/blog\/?p=513814&#038;preview=true&#038;preview_id=513814"},"modified":"2024-08-21T11:10:45","modified_gmt":"2024-08-21T09:10:45","slug":"transferts-stade-francais-leo-barre-a-tranche-pour-son-avenir","status":"publish","type":"post","link":"https:\/\/dicodusport.fr\/blog\/transferts-stade-francais-leo-barre-a-tranche-pour-son-avenir\/","title":{"rendered":"Transferts Stade Fran\u00e7ais : L\u00e9o Barr\u00e9 a tranch\u00e9 pour son avenir"},"content":{"rendered":"<p style=\"text-align: justify;\"><strong><em>TOP 14 2024-2025 &#8211; Selon Rugby Prime, L\u00e9o Barr\u00e9 a d\u00e9cid\u00e9 de prolonger son contrat avec le Stade Fran\u00e7ais Paris.<\/em><\/strong><\/p>\n<p style=\"text-align: justify;\">Plusieurs internationaux fran\u00e7ais sont en fin de contrat en juin 2025 et vont animer le march\u00e9. <strong>Nolann Le Garrec<\/strong> a lui d\u00e9j\u00e0 pris sa d\u00e9cision en signant pour plusieurs saisons avec le <strong>Stade<\/strong> <strong>Rochelais<\/strong>. Ce transfert devrait d&rsquo;ailleurs en engendrer d&rsquo;autres au poste de demi de m\u00eal\u00e9e, puisque le <strong>Racing<\/strong> <strong>92<\/strong> doit lui trouver un successeur.<\/p>\n<ul style=\"text-align: justify;\">\n<li style=\"text-align: justify;\"><strong>\u00c0 ce sujet &#8211; <a href=\"https:\/\/dicodusport.fr\/blog\/transferts-rugby-matthieu-jalibert-zach-mercer-damian-mckenzie-les-infos-du-mardi-20-aout\/\" target=\"_blank\" rel=\"noopener\">Transferts Rugby : Matthieu Jalibert, Zach Mercer, Damian McKenzie, les infos du mardi 20 ao\u00fbt<\/a><br \/>\n<\/strong><\/li>\n<\/ul>\n<h2 style=\"text-align: justify;\">L\u00e9o Barr\u00e9 va prolonger au Stade Fran\u00e7ais<\/h2>\n<p style=\"text-align: justify;\"><strong>L\u00e9o<\/strong> <strong>Barr\u00e9<\/strong> fait aussi partie des internationaux en fin de bail et est forc\u00e9ment tr\u00e8s sollicit\u00e9. Le <strong>Stade<\/strong> <strong>Rochelais<\/strong> \u00e9tait aussi sur les tablettes pour en faire le successeur de <strong>Brice<\/strong> <strong>Dulin,<\/strong> qui ne devrait pas prolonger au-del\u00e0 de la saison 2024-2025. Mais cette piste ne devrait pas aboutir et les Maritimes se penchent sur d&rsquo;autres joueurs <a href=\"https:\/\/dicodusport.fr\/blog\/transferts-un-club-de-top-14-veut-signer-damian-mckenzie\/\">comme <strong>Damian McKenzie<\/strong><\/a>.<\/p>\n<p style=\"text-align: justify;\">De son c\u00f4t\u00e9, <strong>L\u00e9o<\/strong> <strong>Barr\u00e9<\/strong> aurait choisi de prolonger l&rsquo;aventure avec le <strong>Stade<\/strong> <strong>Fran\u00e7ais<\/strong> pour plusieurs saisons. L&rsquo;arri\u00e8re ou demi d&rsquo;ouverture va poursuivre dans la capitale fran\u00e7aise, lui qui est pass\u00e9 par Versailles et Massy avant de rejoindre le club de Top 14. Une bonne nouvelle donc pour <strong>Laurent<\/strong> <strong>Labit<\/strong> et <strong>Karim<\/strong> <strong>Ghezal,<\/strong> qui prolongent leur p\u00e9pite pour les saisons \u00e0 venir.<\/p>\n<blockquote class=\"twitter-tweet\">\n<p dir=\"ltr\" lang=\"fr\"><a href=\"https:\/\/twitter.com\/hashtag\/Top14?src=hash&amp;ref_src=twsrc%5Etfw\">#Top14<\/a> | <a href=\"https:\/\/twitter.com\/hashtag\/InfoRP?src=hash&amp;ref_src=twsrc%5Etfw\">#InfoRP<\/a><\/p>\n<p>Bonjour \u00e0 tous mais surtout aux supporters du <a href=\"https:\/\/twitter.com\/hashtag\/SFParis?src=hash&amp;ref_src=twsrc%5Etfw\">#SFParis<\/a>. \u00c7a va ce matin ? <a href=\"https:\/\/t.co\/S3pFLZK34R\">https:\/\/t.co\/S3pFLZK34R<\/a><\/p>\n<p>\u2014 Rugby Prime (@Rugby_Prime) <a href=\"https:\/\/twitter.com\/Rugby_Prime\/status\/1826116553663721934?ref_src=twsrc%5Etfw\">August 21, 2024<\/a><\/p><\/blockquote>\n<p style=\"text-align: justify;\"><script async src=\"https:\/\/platform.twitter.com\/widgets.js\" charset=\"utf-8\"><\/script><\/p>\n","protected":false},"excerpt":{"rendered":"<p>TOP 14 2024-2025 &#8211; Selon Rugby Prime, L\u00e9o Barr\u00e9 a d\u00e9cid\u00e9 de prolonger son contrat avec le Stade Fran\u00e7ais Paris.<\/p>\n","protected":false},"author":1,"featured_media":513819,"comment_status":"open","ping_status":"closed","sticky":false,"template":"","format":"standard","meta":{"_acf_changed":false,"_daextam_enable_autolinks":"1","footnotes":""},"categories":[9129,47050],"tags":[25489,16878,36594,29105],"class_list":["post-513814","post","type-post","status-publish","format-standard","has-post-thumbnail","hentry","category-rugby-a-xv","category-top-14","tag-barre","tag-breve","tag-leo-barre","tag-transferts-rugby"],"acf":[],"yoast_head":"<!-- This site is optimized with the Yoast SEO Premium plugin v26.7 (Yoast SEO v26.7) - https:\/\/yoast.com\/wordpress\/plugins\/seo\/ -->\n<title>Transferts Stade Fran\u00e7ais : L\u00e9o Barr\u00e9 a tranch\u00e9 pour son avenir<\/title>\n<meta name=\"description\" content=\"TOP 14 2024-2025 - Selon Rugby Prime, L\u00e9o Barr\u00e9 a d\u00e9cid\u00e9 de prolonger son contrat avec le Stade Fran\u00e7ais Paris.\" \/>\n<meta name=\"robots\" content=\"index, follow, max-snippet:-1, max-image-preview:large, max-video-preview:-1\" \/>\n<link rel=\"canonical\" href=\"https:\/\/dicodusport.fr\/blog\/transferts-stade-francais-leo-barre-a-tranche-pour-son-avenir\/\" \/>\n<meta property=\"og:locale\" content=\"fr_FR\" \/>\n<meta property=\"og:type\" content=\"article\" \/>\n<meta property=\"og:title\" content=\"Transferts Stade Fran\u00e7ais : L\u00e9o Barr\u00e9 a tranch\u00e9 pour son avenir\" \/>\n<meta property=\"og:description\" content=\"TOP 14 2024-2025 - Selon Rugby Prime, L\u00e9o Barr\u00e9 a d\u00e9cid\u00e9 de prolonger son contrat avec le Stade Fran\u00e7ais Paris.\" \/>\n<meta property=\"og:url\" content=\"https:\/\/dicodusport.fr\/blog\/transferts-stade-francais-leo-barre-a-tranche-pour-son-avenir\/\" \/>\n<meta property=\"og:site_name\" content=\"Dicodusport\" \/>\n<meta property=\"article:publisher\" content=\"https:\/\/www.facebook.com\/dicodusport\" \/>\n<meta property=\"article:author\" content=\"https:\/\/www.facebook.com\/dicodusport\" \/>\n<meta property=\"article:published_time\" content=\"2024-08-21T07:15:49+00:00\" \/>\n<meta property=\"article:modified_time\" content=\"2024-08-21T09:10:45+00:00\" \/>\n<meta property=\"og:image\" content=\"https:\/\/dicodusport.fr\/blog\/wp-content\/uploads\/2024\/08\/Transferts-Stade-Francais-Leo-Barre-a-tranche-pour-son-avenir.png\" \/>\n\t<meta property=\"og:image:width\" content=\"1200\" \/>\n\t<meta property=\"og:image:height\" content=\"674\" \/>\n\t<meta property=\"og:image:type\" content=\"image\/png\" \/>\n<meta name=\"author\" content=\"Nicolas Jacquemard\" \/>\n<meta name=\"twitter:card\" content=\"summary_large_image\" \/>\n<meta name=\"twitter:title\" content=\"Transferts Stade Fran\u00e7ais : L\u00e9o Barr\u00e9 a tranch\u00e9 pour son avenir\" \/>\n<meta name=\"twitter:creator\" content=\"@https:\/\/twitter.com\/Nico_Jacquemard\" \/>\n<meta name=\"twitter:site\" content=\"@dicodusport\" \/>\n<script type=\"application\/ld+json\" class=\"yoast-schema-graph\">{\"@context\":\"https:\/\/schema.org\",\"@graph\":[{\"@type\":\"NewsArticle\",\"@id\":\"https:\/\/dicodusport.fr\/blog\/transferts-stade-francais-leo-barre-a-tranche-pour-son-avenir\/#article\",\"isPartOf\":{\"@id\":\"https:\/\/dicodusport.fr\/blog\/transferts-stade-francais-leo-barre-a-tranche-pour-son-avenir\/\"},\"author\":{\"name\":\"Nicolas Jacquemard\",\"@id\":\"https:\/\/dicodusport.fr\/blog\/#\/schema\/person\/55dcb50ad410894e431ed812bbb70191\"},\"headline\":\"Transferts Stade Fran\u00e7ais : L\u00e9o Barr\u00e9 a tranch\u00e9 pour son avenir\",\"datePublished\":\"2024-08-21T07:15:49+00:00\",\"dateModified\":\"2024-08-21T09:10:45+00:00\",\"mainEntityOfPage\":{\"@id\":\"https:\/\/dicodusport.fr\/blog\/transferts-stade-francais-leo-barre-a-tranche-pour-son-avenir\/\"},\"wordCount\":279,\"commentCount\":0,\"publisher\":{\"@id\":\"https:\/\/dicodusport.fr\/blog\/#organization\"},\"image\":{\"@id\":\"https:\/\/dicodusport.fr\/blog\/transferts-stade-francais-leo-barre-a-tranche-pour-son-avenir\/#primaryimage\"},\"thumbnailUrl\":\"https:\/\/dicodusport.fr\/blog\/wp-content\/uploads\/2024\/08\/Transferts-Stade-Francais-Leo-Barre-a-tranche-pour-son-avenir.png\",\"keywords\":[\"Barr\u00e9\",\"br\u00e8ve\",\"L\u00e9o Barr\u00e9\",\"Transferts rugby\"],\"articleSection\":[\"Rugby \u00e0 XV\",\"Top 14\"],\"inLanguage\":\"fr-FR\",\"potentialAction\":[{\"@type\":\"CommentAction\",\"name\":\"Comment\",\"target\":[\"https:\/\/dicodusport.fr\/blog\/transferts-stade-francais-leo-barre-a-tranche-pour-son-avenir\/#respond\"]}],\"copyrightYear\":\"2024\",\"copyrightHolder\":{\"@id\":\"https:\/\/dicodusport.fr\/blog\/#organization\"}},{\"@type\":\"WebPage\",\"@id\":\"https:\/\/dicodusport.fr\/blog\/transferts-stade-francais-leo-barre-a-tranche-pour-son-avenir\/\",\"url\":\"https:\/\/dicodusport.fr\/blog\/transferts-stade-francais-leo-barre-a-tranche-pour-son-avenir\/\",\"name\":\"Transferts Stade Fran\u00e7ais : L\u00e9o Barr\u00e9 a tranch\u00e9 pour son avenir\",\"isPartOf\":{\"@id\":\"https:\/\/dicodusport.fr\/blog\/#website\"},\"primaryImageOfPage\":{\"@id\":\"https:\/\/dicodusport.fr\/blog\/transferts-stade-francais-leo-barre-a-tranche-pour-son-avenir\/#primaryimage\"},\"image\":{\"@id\":\"https:\/\/dicodusport.fr\/blog\/transferts-stade-francais-leo-barre-a-tranche-pour-son-avenir\/#primaryimage\"},\"thumbnailUrl\":\"https:\/\/dicodusport.fr\/blog\/wp-content\/uploads\/2024\/08\/Transferts-Stade-Francais-Leo-Barre-a-tranche-pour-son-avenir.png\",\"datePublished\":\"2024-08-21T07:15:49+00:00\",\"dateModified\":\"2024-08-21T09:10:45+00:00\",\"description\":\"TOP 14 2024-2025 - Selon Rugby Prime, L\u00e9o Barr\u00e9 a d\u00e9cid\u00e9 de prolonger son contrat avec le Stade Fran\u00e7ais Paris.\",\"breadcrumb\":{\"@id\":\"https:\/\/dicodusport.fr\/blog\/transferts-stade-francais-leo-barre-a-tranche-pour-son-avenir\/#breadcrumb\"},\"inLanguage\":\"fr-FR\",\"potentialAction\":[{\"@type\":\"ReadAction\",\"target\":[\"https:\/\/dicodusport.fr\/blog\/transferts-stade-francais-leo-barre-a-tranche-pour-son-avenir\/\"]}]},{\"@type\":\"ImageObject\",\"inLanguage\":\"fr-FR\",\"@id\":\"https:\/\/dicodusport.fr\/blog\/transferts-stade-francais-leo-barre-a-tranche-pour-son-avenir\/#primaryimage\",\"url\":\"https:\/\/dicodusport.fr\/blog\/wp-content\/uploads\/2024\/08\/Transferts-Stade-Francais-Leo-Barre-a-tranche-pour-son-avenir.png\",\"contentUrl\":\"https:\/\/dicodusport.fr\/blog\/wp-content\/uploads\/2024\/08\/Transferts-Stade-Francais-Leo-Barre-a-tranche-pour-son-avenir.png\",\"width\":1200,\"height\":674},{\"@type\":\"BreadcrumbList\",\"@id\":\"https:\/\/dicodusport.fr\/blog\/transferts-stade-francais-leo-barre-a-tranche-pour-son-avenir\/#breadcrumb\",\"itemListElement\":[{\"@type\":\"ListItem\",\"position\":1,\"name\":\"Accueil\",\"item\":\"https:\/\/dicodusport.fr\/blog\/\"},{\"@type\":\"ListItem\",\"position\":2,\"name\":\"Transferts Stade Fran\u00e7ais : L\u00e9o Barr\u00e9 a tranch\u00e9 pour son avenir\"}]},{\"@type\":\"WebSite\",\"@id\":\"https:\/\/dicodusport.fr\/blog\/#website\",\"url\":\"https:\/\/dicodusport.fr\/blog\/\",\"name\":\"Dicodusport\",\"description\":\"L&#039;encyclop\u00e9die de l&#039;actualit\u00e9 sportive\",\"publisher\":{\"@id\":\"https:\/\/dicodusport.fr\/blog\/#organization\"},\"potentialAction\":[{\"@type\":\"SearchAction\",\"target\":{\"@type\":\"EntryPoint\",\"urlTemplate\":\"https:\/\/dicodusport.fr\/blog\/?s={search_term_string}\"},\"query-input\":{\"@type\":\"PropertyValueSpecification\",\"valueRequired\":true,\"valueName\":\"search_term_string\"}}],\"inLanguage\":\"fr-FR\"},{\"@type\":\"NewsMediaOrganization\",\"@id\":\"https:\/\/dicodusport.fr\/blog\/#organization\",\"name\":\"Dicodusport\",\"url\":\"https:\/\/dicodusport.fr\/blog\/\",\"logo\":{\"@type\":\"ImageObject\",\"inLanguage\":\"fr-FR\",\"@id\":\"https:\/\/dicodusport.fr\/blog\/#\/schema\/logo\/image\/\",\"url\":\"https:\/\/dicodusport.fr\/blog\/wp-content\/uploads\/2020\/06\/cropped-LOGO-DICODUSPORT-2020-SANS-FOND-SANS-TEXTE.png\",\"contentUrl\":\"https:\/\/dicodusport.fr\/blog\/wp-content\/uploads\/2020\/06\/cropped-LOGO-DICODUSPORT-2020-SANS-FOND-SANS-TEXTE.png\",\"width\":512,\"height\":512,\"caption\":\"Dicodusport\"},\"image\":{\"@id\":\"https:\/\/dicodusport.fr\/blog\/#\/schema\/logo\/image\/\"},\"sameAs\":[\"https:\/\/www.facebook.com\/dicodusport\",\"https:\/\/x.com\/dicodusport\",\"https:\/\/www.instagram.com\/dicodusport\/\",\"https:\/\/www.youtube.com\/channel\/UC7V2KZ5sd3htJivAbA4ZG3w\"],\"description\":\"Dicodusport est l'encyclop\u00e9die de l'actualit\u00e9 sportive.\",\"email\":\"bonjour@dicodusport.fr\",\"legalName\":\"DICODUSPORT\",\"foundingDate\":\"2018-01-14\",\"vatID\":\"FR71834470973\",\"taxID\":\"83447097300043\",\"numberOfEmployees\":{\"@type\":\"QuantitativeValue\",\"minValue\":\"1\",\"maxValue\":\"10\"}},{\"@type\":\"Person\",\"@id\":\"https:\/\/dicodusport.fr\/blog\/#\/schema\/person\/55dcb50ad410894e431ed812bbb70191\",\"name\":\"Nicolas Jacquemard\",\"image\":{\"@type\":\"ImageObject\",\"inLanguage\":\"fr-FR\",\"@id\":\"https:\/\/dicodusport.fr\/blog\/#\/schema\/person\/image\/\",\"url\":\"https:\/\/dicodusport.fr\/blog\/wp-content\/uploads\/2021\/05\/Nicolas-Jacquemard-150x150.jpeg\",\"contentUrl\":\"https:\/\/dicodusport.fr\/blog\/wp-content\/uploads\/2021\/05\/Nicolas-Jacquemard-150x150.jpeg\",\"caption\":\"Nicolas Jacquemard\"},\"description\":\"Passionn\u00e9 de sport et entrepreneur depuis mes 18 ans, la cr\u00e9ation de Dicodusport m'a sembl\u00e9 \u00e9vidente pour participer \u00e0 la m\u00e9diatisation d'un plus grand nombre de sports. Le chemin est long mais avec une \u00e9quipe des plus motiv\u00e9es et les Jeux Olympiques de Paris 2024 en point de mire, nous y arriverons ! Journaliste dans le monde du sport depuis plus de 5 ans, je traite aussi bien de football, de rugby, de biathlon que de cyclisme.\",\"sameAs\":[\"https:\/\/www.facebook.com\/dicodusport\",\"https:\/\/x.com\/https:\/\/twitter.com\/Nico_Jacquemard\"],\"url\":\"https:\/\/dicodusport.fr\/blog\/author\/dicodusport\/\"}]}<\/script>\n<!-- \/ Yoast SEO Premium plugin. -->","yoast_head_json":{"title":"Transferts Stade Fran\u00e7ais : L\u00e9o Barr\u00e9 a tranch\u00e9 pour son avenir","description":"TOP 14 2024-2025 - Selon Rugby Prime, L\u00e9o Barr\u00e9 a d\u00e9cid\u00e9 de prolonger son contrat avec le Stade Fran\u00e7ais Paris.","robots":{"index":"index","follow":"follow","max-snippet":"max-snippet:-1","max-image-preview":"max-image-preview:large","max-video-preview":"max-video-preview:-1"},"canonical":"https:\/\/dicodusport.fr\/blog\/transferts-stade-francais-leo-barre-a-tranche-pour-son-avenir\/","og_locale":"fr_FR","og_type":"article","og_title":"Transferts Stade Fran\u00e7ais : L\u00e9o Barr\u00e9 a tranch\u00e9 pour son avenir","og_description":"TOP 14 2024-2025 - Selon Rugby Prime, L\u00e9o Barr\u00e9 a d\u00e9cid\u00e9 de prolonger son contrat avec le Stade Fran\u00e7ais Paris.","og_url":"https:\/\/dicodusport.fr\/blog\/transferts-stade-francais-leo-barre-a-tranche-pour-son-avenir\/","og_site_name":"Dicodusport","article_publisher":"https:\/\/www.facebook.com\/dicodusport","article_author":"https:\/\/www.facebook.com\/dicodusport","article_published_time":"2024-08-21T07:15:49+00:00","article_modified_time":"2024-08-21T09:10:45+00:00","og_image":[{"width":1200,"height":674,"url":"https:\/\/dicodusport.fr\/blog\/wp-content\/uploads\/2024\/08\/Transferts-Stade-Francais-Leo-Barre-a-tranche-pour-son-avenir.png","type":"image\/png"}],"author":"Nicolas Jacquemard","twitter_card":"summary_large_image","twitter_title":"Transferts Stade Fran\u00e7ais : L\u00e9o Barr\u00e9 a tranch\u00e9 pour son avenir","twitter_creator":"@https:\/\/twitter.com\/Nico_Jacquemard","twitter_site":"@dicodusport","schema":{"@context":"https:\/\/schema.org","@graph":[{"@type":"NewsArticle","@id":"https:\/\/dicodusport.fr\/blog\/transferts-stade-francais-leo-barre-a-tranche-pour-son-avenir\/#article","isPartOf":{"@id":"https:\/\/dicodusport.fr\/blog\/transferts-stade-francais-leo-barre-a-tranche-pour-son-avenir\/"},"author":{"name":"Nicolas Jacquemard","@id":"https:\/\/dicodusport.fr\/blog\/#\/schema\/person\/55dcb50ad410894e431ed812bbb70191"},"headline":"Transferts Stade Fran\u00e7ais : L\u00e9o Barr\u00e9 a tranch\u00e9 pour son avenir","datePublished":"2024-08-21T07:15:49+00:00","dateModified":"2024-08-21T09:10:45+00:00","mainEntityOfPage":{"@id":"https:\/\/dicodusport.fr\/blog\/transferts-stade-francais-leo-barre-a-tranche-pour-son-avenir\/"},"wordCount":279,"commentCount":0,"publisher":{"@id":"https:\/\/dicodusport.fr\/blog\/#organization"},"image":{"@id":"https:\/\/dicodusport.fr\/blog\/transferts-stade-francais-leo-barre-a-tranche-pour-son-avenir\/#primaryimage"},"thumbnailUrl":"https:\/\/dicodusport.fr\/blog\/wp-content\/uploads\/2024\/08\/Transferts-Stade-Francais-Leo-Barre-a-tranche-pour-son-avenir.png","keywords":["Barr\u00e9","br\u00e8ve","L\u00e9o Barr\u00e9","Transferts rugby"],"articleSection":["Rugby \u00e0 XV","Top 14"],"inLanguage":"fr-FR","potentialAction":[{"@type":"CommentAction","name":"Comment","target":["https:\/\/dicodusport.fr\/blog\/transferts-stade-francais-leo-barre-a-tranche-pour-son-avenir\/#respond"]}],"copyrightYear":"2024","copyrightHolder":{"@id":"https:\/\/dicodusport.fr\/blog\/#organization"}},{"@type":"WebPage","@id":"https:\/\/dicodusport.fr\/blog\/transferts-stade-francais-leo-barre-a-tranche-pour-son-avenir\/","url":"https:\/\/dicodusport.fr\/blog\/transferts-stade-francais-leo-barre-a-tranche-pour-son-avenir\/","name":"Transferts Stade Fran\u00e7ais : L\u00e9o Barr\u00e9 a tranch\u00e9 pour son avenir","isPartOf":{"@id":"https:\/\/dicodusport.fr\/blog\/#website"},"primaryImageOfPage":{"@id":"https:\/\/dicodusport.fr\/blog\/transferts-stade-francais-leo-barre-a-tranche-pour-son-avenir\/#primaryimage"},"image":{"@id":"https:\/\/dicodusport.fr\/blog\/transferts-stade-francais-leo-barre-a-tranche-pour-son-avenir\/#primaryimage"},"thumbnailUrl":"https:\/\/dicodusport.fr\/blog\/wp-content\/uploads\/2024\/08\/Transferts-Stade-Francais-Leo-Barre-a-tranche-pour-son-avenir.png","datePublished":"2024-08-21T07:15:49+00:00","dateModified":"2024-08-21T09:10:45+00:00","description":"TOP 14 2024-2025 - Selon Rugby Prime, L\u00e9o Barr\u00e9 a d\u00e9cid\u00e9 de prolonger son contrat avec le Stade Fran\u00e7ais Paris.","breadcrumb":{"@id":"https:\/\/dicodusport.fr\/blog\/transferts-stade-francais-leo-barre-a-tranche-pour-son-avenir\/#breadcrumb"},"inLanguage":"fr-FR","potentialAction":[{"@type":"ReadAction","target":["https:\/\/dicodusport.fr\/blog\/transferts-stade-francais-leo-barre-a-tranche-pour-son-avenir\/"]}]},{"@type":"ImageObject","inLanguage":"fr-FR","@id":"https:\/\/dicodusport.fr\/blog\/transferts-stade-francais-leo-barre-a-tranche-pour-son-avenir\/#primaryimage","url":"https:\/\/dicodusport.fr\/blog\/wp-content\/uploads\/2024\/08\/Transferts-Stade-Francais-Leo-Barre-a-tranche-pour-son-avenir.png","contentUrl":"https:\/\/dicodusport.fr\/blog\/wp-content\/uploads\/2024\/08\/Transferts-Stade-Francais-Leo-Barre-a-tranche-pour-son-avenir.png","width":1200,"height":674},{"@type":"BreadcrumbList","@id":"https:\/\/dicodusport.fr\/blog\/transferts-stade-francais-leo-barre-a-tranche-pour-son-avenir\/#breadcrumb","itemListElement":[{"@type":"ListItem","position":1,"name":"Accueil","item":"https:\/\/dicodusport.fr\/blog\/"},{"@type":"ListItem","position":2,"name":"Transferts Stade Fran\u00e7ais : L\u00e9o Barr\u00e9 a tranch\u00e9 pour son avenir"}]},{"@type":"WebSite","@id":"https:\/\/dicodusport.fr\/blog\/#website","url":"https:\/\/dicodusport.fr\/blog\/","name":"Dicodusport","description":"L&#039;encyclop\u00e9die de l&#039;actualit\u00e9 sportive","publisher":{"@id":"https:\/\/dicodusport.fr\/blog\/#organization"},"potentialAction":[{"@type":"SearchAction","target":{"@type":"EntryPoint","urlTemplate":"https:\/\/dicodusport.fr\/blog\/?s={search_term_string}"},"query-input":{"@type":"PropertyValueSpecification","valueRequired":true,"valueName":"search_term_string"}}],"inLanguage":"fr-FR"},{"@type":"NewsMediaOrganization","@id":"https:\/\/dicodusport.fr\/blog\/#organization","name":"Dicodusport","url":"https:\/\/dicodusport.fr\/blog\/","logo":{"@type":"ImageObject","inLanguage":"fr-FR","@id":"https:\/\/dicodusport.fr\/blog\/#\/schema\/logo\/image\/","url":"https:\/\/dicodusport.fr\/blog\/wp-content\/uploads\/2020\/06\/cropped-LOGO-DICODUSPORT-2020-SANS-FOND-SANS-TEXTE.png","contentUrl":"https:\/\/dicodusport.fr\/blog\/wp-content\/uploads\/2020\/06\/cropped-LOGO-DICODUSPORT-2020-SANS-FOND-SANS-TEXTE.png","width":512,"height":512,"caption":"Dicodusport"},"image":{"@id":"https:\/\/dicodusport.fr\/blog\/#\/schema\/logo\/image\/"},"sameAs":["https:\/\/www.facebook.com\/dicodusport","https:\/\/x.com\/dicodusport","https:\/\/www.instagram.com\/dicodusport\/","https:\/\/www.youtube.com\/channel\/UC7V2KZ5sd3htJivAbA4ZG3w"],"description":"Dicodusport est l'encyclop\u00e9die de l'actualit\u00e9 sportive.","email":"bonjour@dicodusport.fr","legalName":"DICODUSPORT","foundingDate":"2018-01-14","vatID":"FR71834470973","taxID":"83447097300043","numberOfEmployees":{"@type":"QuantitativeValue","minValue":"1","maxValue":"10"}},{"@type":"Person","@id":"https:\/\/dicodusport.fr\/blog\/#\/schema\/person\/55dcb50ad410894e431ed812bbb70191","name":"Nicolas Jacquemard","image":{"@type":"ImageObject","inLanguage":"fr-FR","@id":"https:\/\/dicodusport.fr\/blog\/#\/schema\/person\/image\/","url":"https:\/\/dicodusport.fr\/blog\/wp-content\/uploads\/2021\/05\/Nicolas-Jacquemard-150x150.jpeg","contentUrl":"https:\/\/dicodusport.fr\/blog\/wp-content\/uploads\/2021\/05\/Nicolas-Jacquemard-150x150.jpeg","caption":"Nicolas Jacquemard"},"description":"Passionn\u00e9 de sport et entrepreneur depuis mes 18 ans, la cr\u00e9ation de Dicodusport m'a sembl\u00e9 \u00e9vidente pour participer \u00e0 la m\u00e9diatisation d'un plus grand nombre de sports. Le chemin est long mais avec une \u00e9quipe des plus motiv\u00e9es et les Jeux Olympiques de Paris 2024 en point de mire, nous y arriverons ! Journaliste dans le monde du sport depuis plus de 5 ans, je traite aussi bien de football, de rugby, de biathlon que de cyclisme.","sameAs":["https:\/\/www.facebook.com\/dicodusport","https:\/\/x.com\/https:\/\/twitter.com\/Nico_Jacquemard"],"url":"https:\/\/dicodusport.fr\/blog\/author\/dicodusport\/"}]}},"_links":{"self":[{"href":"https:\/\/dicodusport.fr\/blog\/wp-json\/wp\/v2\/posts\/513814","targetHints":{"allow":["GET"]}}],"collection":[{"href":"https:\/\/dicodusport.fr\/blog\/wp-json\/wp\/v2\/posts"}],"about":[{"href":"https:\/\/dicodusport.fr\/blog\/wp-json\/wp\/v2\/types\/post"}],"author":[{"embeddable":true,"href":"https:\/\/dicodusport.fr\/blog\/wp-json\/wp\/v2\/users\/1"}],"replies":[{"embeddable":true,"href":"https:\/\/dicodusport.fr\/blog\/wp-json\/wp\/v2\/comments?post=513814"}],"version-history":[{"count":3,"href":"https:\/\/dicodusport.fr\/blog\/wp-json\/wp\/v2\/posts\/513814\/revisions"}],"predecessor-version":[{"id":513838,"href":"https:\/\/dicodusport.fr\/blog\/wp-json\/wp\/v2\/posts\/513814\/revisions\/513838"}],"wp:featuredmedia":[{"embeddable":true,"href":"https:\/\/dicodusport.fr\/blog\/wp-json\/wp\/v2\/media\/513819"}],"wp:attachment":[{"href":"https:\/\/dicodusport.fr\/blog\/wp-json\/wp\/v2\/media?parent=513814"}],"wp:term":[{"taxonomy":"category","embeddable":true,"href":"https:\/\/dicodusport.fr\/blog\/wp-json\/wp\/v2\/categories?post=513814"},{"taxonomy":"post_tag","embeddable":true,"href":"https:\/\/dicodusport.fr\/blog\/wp-json\/wp\/v2\/tags?post=513814"}],"curies":[{"name":"wp","href":"https:\/\/api.w.org\/{rel}","templated":true}]}}