{"id":513959,"date":"2024-08-22T09:11:00","date_gmt":"2024-08-22T07:11:00","guid":{"rendered":"https:\/\/dicodusport.fr\/blog\/?p=513959&#038;preview=true&#038;preview_id=513959"},"modified":"2024-08-22T09:44:03","modified_gmt":"2024-08-22T07:44:03","slug":"transferts-ol-rayan-cherki-refuse-de-signer-a-fulham","status":"publish","type":"post","link":"https:\/\/dicodusport.fr\/blog\/transferts-ol-rayan-cherki-refuse-de-signer-a-fulham\/","title":{"rendered":"Transferts OL : Rayan Cherki refuse de signer \u00e0 Fulham"},"content":{"rendered":"<p style=\"text-align: justify;\"><strong><em>LIGUE 1 2024-2025 &#8211; Selon <a href=\"https:\/\/www.lequipe.fr\/Football\/Actualites\/L-ol-d-accord-avec-fulham-pour-le-transfert-de-rayan-cherki-pour-15-millions-d-euros-hors-bonus\/1502658\">L&rsquo;\u00c9quipe<\/a>, Rayan Cherki a refus\u00e9 de rejoindre Fulham malgr\u00e9 un accord entre les deux clubs.\u00a0<\/em><\/strong><\/p>\n<p style=\"text-align: justify;\">Plac\u00e9 dans le loft de l&rsquo;<strong>Olympique<\/strong> <strong>Lyonnais<\/strong> depuis sa reprise apr\u00e8s avoir particip\u00e9 aux <strong>Jeux<\/strong> <strong>Olympiques<\/strong>, <strong>Rayan<\/strong> <strong>Cherki<\/strong> n&rsquo;est pas encore parti. Annonc\u00e9 du c\u00f4t\u00e9 du <strong>Paris Saint-Germain<\/strong>, le transfert ne s&rsquo;est finalement pas boucl\u00e9 et c&rsquo;est ensuite <strong>Dortmund<\/strong> qui semblait int\u00e9ress\u00e9 pour le recruter.<\/p>\n<ul>\n<li style=\"text-align: justify;\"><strong>\u00c0 ce sujet &#8211; <a href=\"https:\/\/dicodusport.fr\/blog\/mercato-ol-tableau-des-transferts-2024-2025\/\">Mercato OL : Tableau des transferts 2024-2025<\/a><\/strong><\/li>\n<\/ul>\n<h2 style=\"text-align: justify;\">Rayan Cherki refuse Fulham<\/h2>\n<p style=\"text-align: justify;\"><strong>Rayan<\/strong> <strong>Cherki<\/strong> \u00e9tait emball\u00e9 par le projet du club allemand, mais l&rsquo;OL n&rsquo;a jamais re\u00e7u d&rsquo;offre concr\u00e8te. Hier, les <strong>Lyonnais<\/strong> sont tomb\u00e9s d&rsquo;accord avec Fulham sur la base d&rsquo;un transfert de 15 millions d&rsquo;euros, plus 5 millions de bonus.<\/p>\n<p style=\"text-align: justify;\">Mais le milieu de terrain international espoirs a refus\u00e9 de rejoindre le club de <strong>Premier<\/strong> <strong>League<\/strong>. <strong>Rayan Cherki<\/strong> est donc toujours \u00e0 l&rsquo;Olympique Lyonnais et ne fait pas les affaires de son club qui a besoin de vendre des joueurs pour remettre ses finances dans le vert.<\/p>\n<blockquote class=\"twitter-tweet\">\n<p dir=\"ltr\" lang=\"fr\">\ud83d\udea8 Rayan Cherki n\u2019ira pas \u00e0 Fulham ! \u274c<\/p>\n<p>\ud83d\uddde\ufe0f <a href=\"https:\/\/twitter.com\/FabriceHawkins?ref_src=twsrc%5Etfw\">@FabriceHawkins<\/a> <a href=\"https:\/\/t.co\/0X3xXaT8pC\">https:\/\/t.co\/0X3xXaT8pC<\/a><\/p>\n<p>\u2014 Actu Foot (@ActuFoot_) <a href=\"https:\/\/twitter.com\/ActuFoot_\/status\/1826339684286681567?ref_src=twsrc%5Etfw\">August 21, 2024<\/a><\/p><\/blockquote>\n<p style=\"text-align: justify;\"><script async src=\"https:\/\/platform.twitter.com\/widgets.js\" charset=\"utf-8\"><\/script><\/p>\n","protected":false},"excerpt":{"rendered":"<p>LIGUE 1 2024-2025 &#8211; Selon L&rsquo;\u00c9quipe, Rayan Cherki a refus\u00e9 de rejoindre Fulham malgr\u00e9 un accord entre les deux clubs.\u00a0<\/p>\n","protected":false},"author":1,"featured_media":513960,"comment_status":"open","ping_status":"closed","sticky":false,"template":"","format":"standard","meta":{"_acf_changed":false,"_daextam_enable_autolinks":"1","footnotes":""},"categories":[2301,47045],"tags":[16878,19897,75,449,1145,19771],"class_list":["post-513959","post","type-post","status-publish","format-standard","has-post-thumbnail","hentry","category-football","category-ligue-1","tag-breve","tag-cherki","tag-football","tag-lyon","tag-ol","tag-rayan-cherki"],"acf":[],"yoast_head":"<!-- This site is optimized with the Yoast SEO Premium plugin v26.7 (Yoast SEO v26.7) - https:\/\/yoast.com\/wordpress\/plugins\/seo\/ -->\n<title>Transferts OL : Rayan Cherki refuse de signer \u00e0 Fulham<\/title>\n<meta name=\"description\" content=\"LIGUE 1 2024-2025 - Selon L&#039;\u00c9quipe, Rayan Cherki a refus\u00e9 de rejoindre Fulham malgr\u00e9 un accord entre les deux clubs.\u00a0\" \/>\n<meta name=\"robots\" content=\"index, follow, max-snippet:-1, max-image-preview:large, max-video-preview:-1\" \/>\n<link rel=\"canonical\" href=\"https:\/\/dicodusport.fr\/blog\/transferts-ol-rayan-cherki-refuse-de-signer-a-fulham\/\" \/>\n<meta property=\"og:locale\" content=\"fr_FR\" \/>\n<meta property=\"og:type\" content=\"article\" \/>\n<meta property=\"og:title\" content=\"Transferts OL : Rayan Cherki refuse de signer \u00e0 Fulham\" \/>\n<meta property=\"og:description\" content=\"LIGUE 1 2024-2025 - Selon L&#039;\u00c9quipe, Rayan Cherki a refus\u00e9 de rejoindre Fulham malgr\u00e9 un accord entre les deux clubs.\u00a0\" \/>\n<meta property=\"og:url\" content=\"https:\/\/dicodusport.fr\/blog\/transferts-ol-rayan-cherki-refuse-de-signer-a-fulham\/\" \/>\n<meta property=\"og:site_name\" content=\"Dicodusport\" \/>\n<meta property=\"article:publisher\" content=\"https:\/\/www.facebook.com\/dicodusport\" \/>\n<meta property=\"article:author\" content=\"https:\/\/www.facebook.com\/dicodusport\" \/>\n<meta property=\"article:published_time\" content=\"2024-08-22T07:11:00+00:00\" \/>\n<meta property=\"article:modified_time\" content=\"2024-08-22T07:44:03+00:00\" \/>\n<meta property=\"og:image\" content=\"https:\/\/dicodusport.fr\/blog\/wp-content\/uploads\/2024\/08\/Transferts-OL-Rayan-Cherki-refuse-de-signer-a-Fulham.png\" \/>\n\t<meta property=\"og:image:width\" content=\"1200\" \/>\n\t<meta property=\"og:image:height\" content=\"674\" \/>\n\t<meta property=\"og:image:type\" content=\"image\/png\" \/>\n<meta name=\"author\" content=\"Nicolas Jacquemard\" \/>\n<meta name=\"twitter:card\" content=\"summary_large_image\" \/>\n<meta name=\"twitter:title\" content=\"Transferts OL : Rayan Cherki refuse de signer \u00e0 Fulham\" \/>\n<meta name=\"twitter:creator\" content=\"@https:\/\/twitter.com\/Nico_Jacquemard\" \/>\n<meta name=\"twitter:site\" content=\"@dicodusport\" \/>\n<script type=\"application\/ld+json\" class=\"yoast-schema-graph\">{\"@context\":\"https:\/\/schema.org\",\"@graph\":[{\"@type\":\"NewsArticle\",\"@id\":\"https:\/\/dicodusport.fr\/blog\/transferts-ol-rayan-cherki-refuse-de-signer-a-fulham\/#article\",\"isPartOf\":{\"@id\":\"https:\/\/dicodusport.fr\/blog\/transferts-ol-rayan-cherki-refuse-de-signer-a-fulham\/\"},\"author\":{\"name\":\"Nicolas Jacquemard\",\"@id\":\"https:\/\/dicodusport.fr\/blog\/#\/schema\/person\/55dcb50ad410894e431ed812bbb70191\"},\"headline\":\"Transferts OL : Rayan Cherki refuse de signer \u00e0 Fulham\",\"datePublished\":\"2024-08-22T07:11:00+00:00\",\"dateModified\":\"2024-08-22T07:44:03+00:00\",\"mainEntityOfPage\":{\"@id\":\"https:\/\/dicodusport.fr\/blog\/transferts-ol-rayan-cherki-refuse-de-signer-a-fulham\/\"},\"wordCount\":203,\"commentCount\":0,\"publisher\":{\"@id\":\"https:\/\/dicodusport.fr\/blog\/#organization\"},\"image\":{\"@id\":\"https:\/\/dicodusport.fr\/blog\/transferts-ol-rayan-cherki-refuse-de-signer-a-fulham\/#primaryimage\"},\"thumbnailUrl\":\"https:\/\/dicodusport.fr\/blog\/wp-content\/uploads\/2024\/08\/Transferts-OL-Rayan-Cherki-refuse-de-signer-a-Fulham.png\",\"keywords\":[\"br\u00e8ve\",\"Cherki\",\"Football\",\"Lyon\",\"OL\",\"Rayan Cherki\"],\"articleSection\":[\"Football\",\"Ligue 1\"],\"inLanguage\":\"fr-FR\",\"potentialAction\":[{\"@type\":\"CommentAction\",\"name\":\"Comment\",\"target\":[\"https:\/\/dicodusport.fr\/blog\/transferts-ol-rayan-cherki-refuse-de-signer-a-fulham\/#respond\"]}],\"copyrightYear\":\"2024\",\"copyrightHolder\":{\"@id\":\"https:\/\/dicodusport.fr\/blog\/#organization\"}},{\"@type\":\"WebPage\",\"@id\":\"https:\/\/dicodusport.fr\/blog\/transferts-ol-rayan-cherki-refuse-de-signer-a-fulham\/\",\"url\":\"https:\/\/dicodusport.fr\/blog\/transferts-ol-rayan-cherki-refuse-de-signer-a-fulham\/\",\"name\":\"Transferts OL : Rayan Cherki refuse de signer \u00e0 Fulham\",\"isPartOf\":{\"@id\":\"https:\/\/dicodusport.fr\/blog\/#website\"},\"primaryImageOfPage\":{\"@id\":\"https:\/\/dicodusport.fr\/blog\/transferts-ol-rayan-cherki-refuse-de-signer-a-fulham\/#primaryimage\"},\"image\":{\"@id\":\"https:\/\/dicodusport.fr\/blog\/transferts-ol-rayan-cherki-refuse-de-signer-a-fulham\/#primaryimage\"},\"thumbnailUrl\":\"https:\/\/dicodusport.fr\/blog\/wp-content\/uploads\/2024\/08\/Transferts-OL-Rayan-Cherki-refuse-de-signer-a-Fulham.png\",\"datePublished\":\"2024-08-22T07:11:00+00:00\",\"dateModified\":\"2024-08-22T07:44:03+00:00\",\"description\":\"LIGUE 1 2024-2025 - Selon L'\u00c9quipe, Rayan Cherki a refus\u00e9 de rejoindre Fulham malgr\u00e9 un accord entre les deux clubs.\u00a0\",\"breadcrumb\":{\"@id\":\"https:\/\/dicodusport.fr\/blog\/transferts-ol-rayan-cherki-refuse-de-signer-a-fulham\/#breadcrumb\"},\"inLanguage\":\"fr-FR\",\"potentialAction\":[{\"@type\":\"ReadAction\",\"target\":[\"https:\/\/dicodusport.fr\/blog\/transferts-ol-rayan-cherki-refuse-de-signer-a-fulham\/\"]}]},{\"@type\":\"ImageObject\",\"inLanguage\":\"fr-FR\",\"@id\":\"https:\/\/dicodusport.fr\/blog\/transferts-ol-rayan-cherki-refuse-de-signer-a-fulham\/#primaryimage\",\"url\":\"https:\/\/dicodusport.fr\/blog\/wp-content\/uploads\/2024\/08\/Transferts-OL-Rayan-Cherki-refuse-de-signer-a-Fulham.png\",\"contentUrl\":\"https:\/\/dicodusport.fr\/blog\/wp-content\/uploads\/2024\/08\/Transferts-OL-Rayan-Cherki-refuse-de-signer-a-Fulham.png\",\"width\":1200,\"height\":674},{\"@type\":\"BreadcrumbList\",\"@id\":\"https:\/\/dicodusport.fr\/blog\/transferts-ol-rayan-cherki-refuse-de-signer-a-fulham\/#breadcrumb\",\"itemListElement\":[{\"@type\":\"ListItem\",\"position\":1,\"name\":\"Accueil\",\"item\":\"https:\/\/dicodusport.fr\/blog\/\"},{\"@type\":\"ListItem\",\"position\":2,\"name\":\"Transferts OL : Rayan Cherki refuse de signer \u00e0 Fulham\"}]},{\"@type\":\"WebSite\",\"@id\":\"https:\/\/dicodusport.fr\/blog\/#website\",\"url\":\"https:\/\/dicodusport.fr\/blog\/\",\"name\":\"Dicodusport\",\"description\":\"L&#039;encyclop\u00e9die de l&#039;actualit\u00e9 sportive\",\"publisher\":{\"@id\":\"https:\/\/dicodusport.fr\/blog\/#organization\"},\"potentialAction\":[{\"@type\":\"SearchAction\",\"target\":{\"@type\":\"EntryPoint\",\"urlTemplate\":\"https:\/\/dicodusport.fr\/blog\/?s={search_term_string}\"},\"query-input\":{\"@type\":\"PropertyValueSpecification\",\"valueRequired\":true,\"valueName\":\"search_term_string\"}}],\"inLanguage\":\"fr-FR\"},{\"@type\":\"NewsMediaOrganization\",\"@id\":\"https:\/\/dicodusport.fr\/blog\/#organization\",\"name\":\"Dicodusport\",\"url\":\"https:\/\/dicodusport.fr\/blog\/\",\"logo\":{\"@type\":\"ImageObject\",\"inLanguage\":\"fr-FR\",\"@id\":\"https:\/\/dicodusport.fr\/blog\/#\/schema\/logo\/image\/\",\"url\":\"https:\/\/dicodusport.fr\/blog\/wp-content\/uploads\/2020\/06\/cropped-LOGO-DICODUSPORT-2020-SANS-FOND-SANS-TEXTE.png\",\"contentUrl\":\"https:\/\/dicodusport.fr\/blog\/wp-content\/uploads\/2020\/06\/cropped-LOGO-DICODUSPORT-2020-SANS-FOND-SANS-TEXTE.png\",\"width\":512,\"height\":512,\"caption\":\"Dicodusport\"},\"image\":{\"@id\":\"https:\/\/dicodusport.fr\/blog\/#\/schema\/logo\/image\/\"},\"sameAs\":[\"https:\/\/www.facebook.com\/dicodusport\",\"https:\/\/x.com\/dicodusport\",\"https:\/\/www.instagram.com\/dicodusport\/\",\"https:\/\/www.youtube.com\/channel\/UC7V2KZ5sd3htJivAbA4ZG3w\"],\"description\":\"Dicodusport est l'encyclop\u00e9die de l'actualit\u00e9 sportive.\",\"email\":\"bonjour@dicodusport.fr\",\"legalName\":\"DICODUSPORT\",\"foundingDate\":\"2018-01-14\",\"vatID\":\"FR71834470973\",\"taxID\":\"83447097300043\",\"numberOfEmployees\":{\"@type\":\"QuantitativeValue\",\"minValue\":\"1\",\"maxValue\":\"10\"}},{\"@type\":\"Person\",\"@id\":\"https:\/\/dicodusport.fr\/blog\/#\/schema\/person\/55dcb50ad410894e431ed812bbb70191\",\"name\":\"Nicolas Jacquemard\",\"image\":{\"@type\":\"ImageObject\",\"inLanguage\":\"fr-FR\",\"@id\":\"https:\/\/dicodusport.fr\/blog\/#\/schema\/person\/image\/\",\"url\":\"https:\/\/dicodusport.fr\/blog\/wp-content\/uploads\/2021\/05\/Nicolas-Jacquemard-150x150.jpeg\",\"contentUrl\":\"https:\/\/dicodusport.fr\/blog\/wp-content\/uploads\/2021\/05\/Nicolas-Jacquemard-150x150.jpeg\",\"caption\":\"Nicolas Jacquemard\"},\"description\":\"Passionn\u00e9 de sport et entrepreneur depuis mes 18 ans, la cr\u00e9ation de Dicodusport m'a sembl\u00e9 \u00e9vidente pour participer \u00e0 la m\u00e9diatisation d'un plus grand nombre de sports. Le chemin est long mais avec une \u00e9quipe des plus motiv\u00e9es et les Jeux Olympiques de Paris 2024 en point de mire, nous y arriverons ! Journaliste dans le monde du sport depuis plus de 5 ans, je traite aussi bien de football, de rugby, de biathlon que de cyclisme.\",\"sameAs\":[\"https:\/\/www.facebook.com\/dicodusport\",\"https:\/\/x.com\/https:\/\/twitter.com\/Nico_Jacquemard\"],\"url\":\"https:\/\/dicodusport.fr\/blog\/author\/dicodusport\/\"}]}<\/script>\n<!-- \/ Yoast SEO Premium plugin. -->","yoast_head_json":{"title":"Transferts OL : Rayan Cherki refuse de signer \u00e0 Fulham","description":"LIGUE 1 2024-2025 - Selon L'\u00c9quipe, Rayan Cherki a refus\u00e9 de rejoindre Fulham malgr\u00e9 un accord entre les deux clubs.\u00a0","robots":{"index":"index","follow":"follow","max-snippet":"max-snippet:-1","max-image-preview":"max-image-preview:large","max-video-preview":"max-video-preview:-1"},"canonical":"https:\/\/dicodusport.fr\/blog\/transferts-ol-rayan-cherki-refuse-de-signer-a-fulham\/","og_locale":"fr_FR","og_type":"article","og_title":"Transferts OL : Rayan Cherki refuse de signer \u00e0 Fulham","og_description":"LIGUE 1 2024-2025 - Selon L'\u00c9quipe, Rayan Cherki a refus\u00e9 de rejoindre Fulham malgr\u00e9 un accord entre les deux clubs.\u00a0","og_url":"https:\/\/dicodusport.fr\/blog\/transferts-ol-rayan-cherki-refuse-de-signer-a-fulham\/","og_site_name":"Dicodusport","article_publisher":"https:\/\/www.facebook.com\/dicodusport","article_author":"https:\/\/www.facebook.com\/dicodusport","article_published_time":"2024-08-22T07:11:00+00:00","article_modified_time":"2024-08-22T07:44:03+00:00","og_image":[{"width":1200,"height":674,"url":"https:\/\/dicodusport.fr\/blog\/wp-content\/uploads\/2024\/08\/Transferts-OL-Rayan-Cherki-refuse-de-signer-a-Fulham.png","type":"image\/png"}],"author":"Nicolas Jacquemard","twitter_card":"summary_large_image","twitter_title":"Transferts OL : Rayan Cherki refuse de signer \u00e0 Fulham","twitter_creator":"@https:\/\/twitter.com\/Nico_Jacquemard","twitter_site":"@dicodusport","schema":{"@context":"https:\/\/schema.org","@graph":[{"@type":"NewsArticle","@id":"https:\/\/dicodusport.fr\/blog\/transferts-ol-rayan-cherki-refuse-de-signer-a-fulham\/#article","isPartOf":{"@id":"https:\/\/dicodusport.fr\/blog\/transferts-ol-rayan-cherki-refuse-de-signer-a-fulham\/"},"author":{"name":"Nicolas Jacquemard","@id":"https:\/\/dicodusport.fr\/blog\/#\/schema\/person\/55dcb50ad410894e431ed812bbb70191"},"headline":"Transferts OL : Rayan Cherki refuse de signer \u00e0 Fulham","datePublished":"2024-08-22T07:11:00+00:00","dateModified":"2024-08-22T07:44:03+00:00","mainEntityOfPage":{"@id":"https:\/\/dicodusport.fr\/blog\/transferts-ol-rayan-cherki-refuse-de-signer-a-fulham\/"},"wordCount":203,"commentCount":0,"publisher":{"@id":"https:\/\/dicodusport.fr\/blog\/#organization"},"image":{"@id":"https:\/\/dicodusport.fr\/blog\/transferts-ol-rayan-cherki-refuse-de-signer-a-fulham\/#primaryimage"},"thumbnailUrl":"https:\/\/dicodusport.fr\/blog\/wp-content\/uploads\/2024\/08\/Transferts-OL-Rayan-Cherki-refuse-de-signer-a-Fulham.png","keywords":["br\u00e8ve","Cherki","Football","Lyon","OL","Rayan Cherki"],"articleSection":["Football","Ligue 1"],"inLanguage":"fr-FR","potentialAction":[{"@type":"CommentAction","name":"Comment","target":["https:\/\/dicodusport.fr\/blog\/transferts-ol-rayan-cherki-refuse-de-signer-a-fulham\/#respond"]}],"copyrightYear":"2024","copyrightHolder":{"@id":"https:\/\/dicodusport.fr\/blog\/#organization"}},{"@type":"WebPage","@id":"https:\/\/dicodusport.fr\/blog\/transferts-ol-rayan-cherki-refuse-de-signer-a-fulham\/","url":"https:\/\/dicodusport.fr\/blog\/transferts-ol-rayan-cherki-refuse-de-signer-a-fulham\/","name":"Transferts OL : Rayan Cherki refuse de signer \u00e0 Fulham","isPartOf":{"@id":"https:\/\/dicodusport.fr\/blog\/#website"},"primaryImageOfPage":{"@id":"https:\/\/dicodusport.fr\/blog\/transferts-ol-rayan-cherki-refuse-de-signer-a-fulham\/#primaryimage"},"image":{"@id":"https:\/\/dicodusport.fr\/blog\/transferts-ol-rayan-cherki-refuse-de-signer-a-fulham\/#primaryimage"},"thumbnailUrl":"https:\/\/dicodusport.fr\/blog\/wp-content\/uploads\/2024\/08\/Transferts-OL-Rayan-Cherki-refuse-de-signer-a-Fulham.png","datePublished":"2024-08-22T07:11:00+00:00","dateModified":"2024-08-22T07:44:03+00:00","description":"LIGUE 1 2024-2025 - Selon L'\u00c9quipe, Rayan Cherki a refus\u00e9 de rejoindre Fulham malgr\u00e9 un accord entre les deux clubs.\u00a0","breadcrumb":{"@id":"https:\/\/dicodusport.fr\/blog\/transferts-ol-rayan-cherki-refuse-de-signer-a-fulham\/#breadcrumb"},"inLanguage":"fr-FR","potentialAction":[{"@type":"ReadAction","target":["https:\/\/dicodusport.fr\/blog\/transferts-ol-rayan-cherki-refuse-de-signer-a-fulham\/"]}]},{"@type":"ImageObject","inLanguage":"fr-FR","@id":"https:\/\/dicodusport.fr\/blog\/transferts-ol-rayan-cherki-refuse-de-signer-a-fulham\/#primaryimage","url":"https:\/\/dicodusport.fr\/blog\/wp-content\/uploads\/2024\/08\/Transferts-OL-Rayan-Cherki-refuse-de-signer-a-Fulham.png","contentUrl":"https:\/\/dicodusport.fr\/blog\/wp-content\/uploads\/2024\/08\/Transferts-OL-Rayan-Cherki-refuse-de-signer-a-Fulham.png","width":1200,"height":674},{"@type":"BreadcrumbList","@id":"https:\/\/dicodusport.fr\/blog\/transferts-ol-rayan-cherki-refuse-de-signer-a-fulham\/#breadcrumb","itemListElement":[{"@type":"ListItem","position":1,"name":"Accueil","item":"https:\/\/dicodusport.fr\/blog\/"},{"@type":"ListItem","position":2,"name":"Transferts OL : Rayan Cherki refuse de signer \u00e0 Fulham"}]},{"@type":"WebSite","@id":"https:\/\/dicodusport.fr\/blog\/#website","url":"https:\/\/dicodusport.fr\/blog\/","name":"Dicodusport","description":"L&#039;encyclop\u00e9die de l&#039;actualit\u00e9 sportive","publisher":{"@id":"https:\/\/dicodusport.fr\/blog\/#organization"},"potentialAction":[{"@type":"SearchAction","target":{"@type":"EntryPoint","urlTemplate":"https:\/\/dicodusport.fr\/blog\/?s={search_term_string}"},"query-input":{"@type":"PropertyValueSpecification","valueRequired":true,"valueName":"search_term_string"}}],"inLanguage":"fr-FR"},{"@type":"NewsMediaOrganization","@id":"https:\/\/dicodusport.fr\/blog\/#organization","name":"Dicodusport","url":"https:\/\/dicodusport.fr\/blog\/","logo":{"@type":"ImageObject","inLanguage":"fr-FR","@id":"https:\/\/dicodusport.fr\/blog\/#\/schema\/logo\/image\/","url":"https:\/\/dicodusport.fr\/blog\/wp-content\/uploads\/2020\/06\/cropped-LOGO-DICODUSPORT-2020-SANS-FOND-SANS-TEXTE.png","contentUrl":"https:\/\/dicodusport.fr\/blog\/wp-content\/uploads\/2020\/06\/cropped-LOGO-DICODUSPORT-2020-SANS-FOND-SANS-TEXTE.png","width":512,"height":512,"caption":"Dicodusport"},"image":{"@id":"https:\/\/dicodusport.fr\/blog\/#\/schema\/logo\/image\/"},"sameAs":["https:\/\/www.facebook.com\/dicodusport","https:\/\/x.com\/dicodusport","https:\/\/www.instagram.com\/dicodusport\/","https:\/\/www.youtube.com\/channel\/UC7V2KZ5sd3htJivAbA4ZG3w"],"description":"Dicodusport est l'encyclop\u00e9die de l'actualit\u00e9 sportive.","email":"bonjour@dicodusport.fr","legalName":"DICODUSPORT","foundingDate":"2018-01-14","vatID":"FR71834470973","taxID":"83447097300043","numberOfEmployees":{"@type":"QuantitativeValue","minValue":"1","maxValue":"10"}},{"@type":"Person","@id":"https:\/\/dicodusport.fr\/blog\/#\/schema\/person\/55dcb50ad410894e431ed812bbb70191","name":"Nicolas Jacquemard","image":{"@type":"ImageObject","inLanguage":"fr-FR","@id":"https:\/\/dicodusport.fr\/blog\/#\/schema\/person\/image\/","url":"https:\/\/dicodusport.fr\/blog\/wp-content\/uploads\/2021\/05\/Nicolas-Jacquemard-150x150.jpeg","contentUrl":"https:\/\/dicodusport.fr\/blog\/wp-content\/uploads\/2021\/05\/Nicolas-Jacquemard-150x150.jpeg","caption":"Nicolas Jacquemard"},"description":"Passionn\u00e9 de sport et entrepreneur depuis mes 18 ans, la cr\u00e9ation de Dicodusport m'a sembl\u00e9 \u00e9vidente pour participer \u00e0 la m\u00e9diatisation d'un plus grand nombre de sports. Le chemin est long mais avec une \u00e9quipe des plus motiv\u00e9es et les Jeux Olympiques de Paris 2024 en point de mire, nous y arriverons ! Journaliste dans le monde du sport depuis plus de 5 ans, je traite aussi bien de football, de rugby, de biathlon que de cyclisme.","sameAs":["https:\/\/www.facebook.com\/dicodusport","https:\/\/x.com\/https:\/\/twitter.com\/Nico_Jacquemard"],"url":"https:\/\/dicodusport.fr\/blog\/author\/dicodusport\/"}]}},"_links":{"self":[{"href":"https:\/\/dicodusport.fr\/blog\/wp-json\/wp\/v2\/posts\/513959","targetHints":{"allow":["GET"]}}],"collection":[{"href":"https:\/\/dicodusport.fr\/blog\/wp-json\/wp\/v2\/posts"}],"about":[{"href":"https:\/\/dicodusport.fr\/blog\/wp-json\/wp\/v2\/types\/post"}],"author":[{"embeddable":true,"href":"https:\/\/dicodusport.fr\/blog\/wp-json\/wp\/v2\/users\/1"}],"replies":[{"embeddable":true,"href":"https:\/\/dicodusport.fr\/blog\/wp-json\/wp\/v2\/comments?post=513959"}],"version-history":[{"count":5,"href":"https:\/\/dicodusport.fr\/blog\/wp-json\/wp\/v2\/posts\/513959\/revisions"}],"predecessor-version":[{"id":513971,"href":"https:\/\/dicodusport.fr\/blog\/wp-json\/wp\/v2\/posts\/513959\/revisions\/513971"}],"wp:featuredmedia":[{"embeddable":true,"href":"https:\/\/dicodusport.fr\/blog\/wp-json\/wp\/v2\/media\/513960"}],"wp:attachment":[{"href":"https:\/\/dicodusport.fr\/blog\/wp-json\/wp\/v2\/media?parent=513959"}],"wp:term":[{"taxonomy":"category","embeddable":true,"href":"https:\/\/dicodusport.fr\/blog\/wp-json\/wp\/v2\/categories?post=513959"},{"taxonomy":"post_tag","embeddable":true,"href":"https:\/\/dicodusport.fr\/blog\/wp-json\/wp\/v2\/tags?post=513959"}],"curies":[{"name":"wp","href":"https:\/\/api.w.org\/{rel}","templated":true}]}}