{"id":514033,"date":"2024-08-22T17:30:29","date_gmt":"2024-08-22T15:30:29","guid":{"rendered":"https:\/\/dicodusport.fr\/blog\/?p=514033&#038;preview=true&#038;preview_id=514033"},"modified":"2024-08-22T18:46:25","modified_gmt":"2024-08-22T16:46:25","slug":"tour-despagne-2024-ben-oconnor-triomphe-a-lalto-de-las-abejas-et-prend-le-maillot-rouge","status":"publish","type":"post","link":"https:\/\/dicodusport.fr\/blog\/tour-despagne-2024-ben-oconnor-triomphe-a-lalto-de-las-abejas-et-prend-le-maillot-rouge\/","title":{"rendered":"Tour d&rsquo;Espagne 2024 : Ben O&rsquo;Connor triomphe \u00e0 l&rsquo;Alto de las Abejas et prend le maillot rouge"},"content":{"rendered":"<p style=\"text-align: justify;\"><em><strong><a href=\"https:\/\/dicodusport.fr\/blog\/actualites\/cyclisme\/cyclisme-sur-route-2024\/tour-espagne-2024\/\">TOUR D&rsquo;ESPAGNE 2024<\/a><\/strong><\/em><em><strong> &#8211; Membre de l&rsquo;\u00e9chapp\u00e9e du jour, Ben O&rsquo;Connor a d\u00e9pos\u00e9 ses concurrents et fil\u00e9 vers une large victoire, prenant le maillot rouge en prime avec une belle marge.\u00a0<\/strong><\/em><\/p>\n<p style=\"text-align: justify;\">Une \u00e9tape de transition, une \u00e9tape pour les favoris ou une \u00e9tape pour les baroudeurs ? Le sixi\u00e8me \u00e9pisode de la Vuelta laissait beaucoup de possibilit\u00e9s, ce qui a donn\u00e9 un d\u00e9but de course absolument \u00e9chevel\u00e9, de nombreuses attaques, un groupe de plus de 30 qui a failli faire le coup, avant que la d\u00e9cision ne commence \u00e0 se faire dans les derniers m\u00e8tres du Puerto del Boyar, premi\u00e8re et plus grosse difficult\u00e9 de la journ\u00e9e (1\u00e8re cat\u00e9gorie).<\/p>\n<ul style=\"text-align: justify;\">\n<li style=\"text-align: justify;\"><strong>\u00c0 ce sujet &#8211; <a href=\"https:\/\/dicodusport.fr\/blog\/tour-despagne-2024-classement-general-de-la-vuelta\/\">Tour d&rsquo;Espagne 2024 &#8211; Classement g\u00e9n\u00e9ral de la Vuelta<\/a><\/strong><\/li>\n<\/ul>\n<p style=\"text-align: justify;\">Au final, 13 hommes ont pris la tangente :<strong>\u00a0Jay Vine<\/strong> (<span class=\"red hideIfMobile\">UAE Team Emirates),\u00a0<\/span><strong>Mauri Vansevenant<\/strong> (<span class=\"red hideIfMobile\">Soudal Quick-Step),\u00a0<\/span><strong>Florian Lipowitz<\/strong> (<span class=\"red hideIfMobile\">Red Bull &#8211; BORA &#8211; hansgrohe),\u00a0<\/span><strong>Luca Vergallito<\/strong> (<span class=\"red hideIfMobile\">Alpecin &#8211; Deceuninck), <\/span><strong>Marco Frigo<\/strong> (<span class=\"red hideIfMobile\">Israel &#8211; Premier Tech),\u00a0<\/span><strong>Pelayo S\u00e1nchez<\/strong> (<span class=\"red hideIfMobile\">Movistar Team),<strong>\u00a0<\/strong><\/span><strong>Chris Harper<\/strong> (<span class=\"red hideIfMobile\">Team Jayco AlUla), <\/span><strong>Cristi\u00e1n Rodr\u00edguez<\/strong> (<span class=\"red hideIfMobile\">Ark\u00e9a &#8211; B&amp;B Hotels),\u00a0<\/span><strong>Gijs Leemreize<\/strong> (<span class=\"red hideIfMobile\">Team dsm-firmenich PostNL),\u00a0<\/span><strong>Urko Berrade<\/strong> et <strong>Pablo Castrillo<\/strong> (<span class=\"red hideIfMobile\">Equipo Kern Pharma), et deux Decathlon AG2R La Mondiale Team, <strong>Ben O&rsquo;Connor<\/strong> et <strong>Cl\u00e9ment Berthet<\/strong>, seul Fran\u00e7ais pr\u00e9sent \u00e0 l&rsquo;avant.\u00a0<\/span><\/p>\n<blockquote class=\"twitter-tweet\">\n<p dir=\"ltr\" lang=\"es\">1\u20e33\u20e3 riders make up the front of the race:<\/p>\n<p>1\u20e33\u20e3 forman la cabeza de carrera.<\/p>\n<p>\ud83c\udde9\ud83c\uddea Florian Lipowitz<br \/>\n\ud83c\udde6\ud83c\uddfa <a href=\"https:\/\/twitter.com\/ben_oconnor95?ref_src=twsrc%5Etfw\">@ben_oconnor95<\/a><br \/>\n\ud83c\uddea\ud83c\uddf8 Cristi\u00e1n Rodr\u00edguez<br \/>\n\ud83c\uddea\ud83c\uddf8 <a href=\"https:\/\/twitter.com\/Urkich?ref_src=twsrc%5Etfw\">@Urkich<\/a><br \/>\n\ud83c\uddea\ud83c\uddf8 <a href=\"https:\/\/twitter.com\/pablocastrillo_?ref_src=twsrc%5Etfw\">@pablocastrillo_<\/a><br \/>\n\ud83c\uddeb\ud83c\uddf7 <a href=\"https:\/\/twitter.com\/clem_berthet?ref_src=twsrc%5Etfw\">@clem_berthet<\/a><br \/>\n\ud83c\udde7\ud83c\uddea <a href=\"https:\/\/twitter.com\/MVansevenant99?ref_src=twsrc%5Etfw\">@MVansevenant99<\/a><br \/>\n\ud83c\uddee\ud83c\uddf9 <a href=\"https:\/\/twitter.com\/frigomarco_?ref_src=twsrc%5Etfw\">@frigomarco_<\/a><br \/>\n\ud83c\udde6\ud83c\uddfa <a href=\"https:\/\/twitter.com\/JayVine3?ref_src=twsrc%5Etfw\">@JayVine3<\/a><br \/>\n\ud83c\uddea\ud83c\uddf8 <a href=\"https:\/\/twitter.com\/pelayo_mayo?ref_src=twsrc%5Etfw\">@pelayo_mayo<\/a><br \/>\n\ud83c\udde6\ud83c\uddfa\u2026 <a href=\"https:\/\/t.co\/Zkq2C8fOwL\">pic.twitter.com\/Zkq2C8fOwL<\/a><\/p>\n<p>\u2014 La Vuelta (@lavuelta) <a href=\"https:\/\/twitter.com\/lavuelta\/status\/1826608552300917141?ref_src=twsrc%5Etfw\">August 22, 2024<\/a><\/p><\/blockquote>\n<p style=\"text-align: justify;\"><script async src=\"https:\/\/platform.twitter.com\/widgets.js\" charset=\"utf-8\"><\/script><\/p>\n<p style=\"text-align: justify;\">Des 13, c&rsquo;est <strong>Lipowitz<\/strong> qui \u00e9tait le mieux plac\u00e9 au g\u00e9n\u00e9ral, ce qui a valu \u00e0 la <span class=\"red hideIfMobile\">Red Bull &#8211; BORA &#8211; hansgrohe de finalement laisser filer et l&rsquo;Allemand de devenir maillot rouge provisoire. N\u00e9anmoins, la pr\u00e9sence de <strong>Ben O&rsquo;Connor<\/strong> paraissait la plus embarrassante. Ce qui a pouss\u00e9 la Bahrain &#8211; Victorious \u00e0 craquer et \u00e0 engager un semblant de poursuite, mais l&rsquo;\u00e9tape allait sans nul doute tomber pour un membre de l&rsquo;\u00e9chapp\u00e9e.<\/span><\/p>\n<ul style=\"text-align: justify;\">\n<li style=\"text-align: justify;\"><strong>\u00c0 ce sujet &#8211;<\/strong>\u00a0<a href=\"https:\/\/dicodusport.fr\/blog\/tour-despagne-2024-classement-6eme-etape-de-la-vuelta\/\"><strong>Le classement de la 6\u00e8me \u00e9tape<\/strong><\/a><strong><br \/>\n<\/strong><\/li>\n<\/ul>\n<p style=\"text-align: justify;\">Mais l&rsquo;entente n&rsquo;\u00e9tait pas non plus au beau fixe chez les fuyards. Dans le Puerto del Viento, <strong>O&rsquo;Connor<\/strong> &#8211; apr\u00e8s avoir pris des bonifications qui le remettait dans le m\u00eame temps que <strong>Lipowitz<\/strong> au g\u00e9n\u00e9ral &#8211; et <strong>Leemreize<\/strong> ont tent\u00e9 de prendre la poudre d&rsquo;escampette. Une r\u00e9ussite, puisque personne n&rsquo;a pris la poursuite \u00e0 son compte, et le duo semblait enterrer la concurrence. Sauf qu&rsquo;il restait encore deux ascensions, et rien ne semblait donc jou\u00e9.<\/p>\n<p style=\"text-align: justify;\">Sauf que <strong>Ben O&rsquo;Connor<\/strong> \u00e9tait en grande forme, et creusait un \u00e9cart cons\u00e9quent. En haut du Puerto Martinez, il avait l\u00e2ch\u00e9 <strong>Leemreize<\/strong> et semblait parti non seulement pour la victoire, mais \u00e9galement pour le maillot rouge, puisqu&rsquo;il poss\u00e9dait 6 minutes d&rsquo;avance sur le peloton ! Ses rivaux de l&rsquo;\u00e9chapp\u00e9e \u00e9taient d\u00e9j\u00e0 battus, mais la descente promettait quelques dangers. Et il y a eu des chutes, impliquant notamment\u00a0<strong>Adam Yates<\/strong> (<span class=\"red hideIfMobile\">UAE Team Emirates), et d\u00e9sorganisant totalement le peloton.\u00a0<\/span><\/p>\n<blockquote class=\"twitter-tweet\">\n<p dir=\"ltr\" lang=\"en\">\ud83d\udca5 <a href=\"https:\/\/twitter.com\/ben_oconnor95?ref_src=twsrc%5Etfw\">@ben_oconnor95<\/a> goes solo over the summit, searching for the stage win and race lead!<\/p>\n<p>\ud83d\ude80 \u00a1Vuela en solitario \ud83c\udde6\ud83c\uddfa Ben O&rsquo;Connor &#8211; <a href=\"https:\/\/twitter.com\/decathlonAG2RLM?ref_src=twsrc%5Etfw\">@decathlonAG2RLM<\/a> en busca de la etapa y del liderato!<a href=\"https:\/\/twitter.com\/hashtag\/LaVuelta24?src=hash&amp;ref_src=twsrc%5Etfw\">#LaVuelta24<\/a> | <a href=\"https:\/\/twitter.com\/loterias_es?ref_src=twsrc%5Etfw\">@loterias_es<\/a> <a href=\"https:\/\/t.co\/m4qwAjgRm8\">pic.twitter.com\/m4qwAjgRm8<\/a><\/p>\n<p>\u2014 La Vuelta (@lavuelta) <a href=\"https:\/\/twitter.com\/lavuelta\/status\/1826635152694673614?ref_src=twsrc%5Etfw\">August 22, 2024<\/a><\/p><\/blockquote>\n<p style=\"text-align: justify;\"><script async src=\"https:\/\/platform.twitter.com\/widgets.js\" charset=\"utf-8\"><\/script><\/p>\n<p style=\"text-align: justify;\">Restait la mont\u00e9e finale de l&rsquo;Alto de las Abejas pour finir. Mais chose \u00e9tonnante, l&rsquo;\u00e9cart ne faiblissait pas, pas plus que l&rsquo;Australien, qui ne voulait pas laisser une seule seconde \u00e0 la concurrence. Pas de fringale, pas de frayeur : <strong>Ben O&rsquo;Connor<\/strong> s&rsquo;impose en solitaire apr\u00e8s une journ\u00e9e incroyable, un grand num\u00e9ro qui lui offre une victoire sur la Vuelta, apr\u00e8s la Grande Boucle et le Giro, et aussi le premier maillot de leader de Grand Tour de sa carri\u00e8re. Le tout avec 6 minutes 31 d&rsquo;avance sur les favoris !<\/p>\n<blockquote class=\"twitter-tweet\">\n<p dir=\"ltr\" lang=\"fr\">LE R\u00c9CITAL DE BEN O&rsquo;CONNOR ! \ud83d\ude80<\/p>\n<p>L&rsquo;Australien (D\u00e9cathlon AG2R La Mondiale) remporte en solitaire la 6e \u00e9tape de la Vuelta et r\u00e9cup\u00e8re le maillot rouge ! <a href=\"https:\/\/twitter.com\/hashtag\/LesRP?src=hash&amp;ref_src=twsrc%5Etfw\">#LesRP<\/a> <a href=\"https:\/\/t.co\/aQFEhmCC8k\">pic.twitter.com\/aQFEhmCC8k<\/a><\/p>\n<p>\u2014 Eurosport France (@Eurosport_FR) <a href=\"https:\/\/twitter.com\/Eurosport_FR\/status\/1826643832156352939?ref_src=twsrc%5Etfw\">August 22, 2024<\/a><\/p><\/blockquote>\n<p><script async src=\"https:\/\/platform.twitter.com\/widgets.js\" charset=\"utf-8\"><\/script><\/p>\n","protected":false},"excerpt":{"rendered":"<p>TOUR D&rsquo;ESPAGNE 2024 &#8211; Membre de l&rsquo;\u00e9chapp\u00e9e du jour, Ben O&rsquo;Connor a d\u00e9pos\u00e9 ses concurrents et fil\u00e9 vers une large victoire, prenant le maillot rouge en prime avec une belle marge.\u00a0<\/p>\n","protected":false},"author":59,"featured_media":514112,"comment_status":"open","ping_status":"closed","sticky":false,"template":"","format":"standard","meta":{"_acf_changed":false,"_daextam_enable_autolinks":"1","footnotes":""},"categories":[47042],"tags":[16878,24,1671,1670],"class_list":["post-514033","post","type-post","status-publish","format-standard","has-post-thumbnail","hentry","category-tour-d-espagne","tag-breve","tag-sport","tag-tour-despagne","tag-vuelta"],"acf":[],"yoast_head":"<!-- This site is optimized with the Yoast SEO Premium plugin v26.7 (Yoast SEO v26.7) - https:\/\/yoast.com\/wordpress\/plugins\/seo\/ -->\n<title>Tour d&#039;Espagne 2024 : Ben O&#039;Connor triomphe \u00e0 l&#039;Alto de las Abejas et prend le maillot rouge<\/title>\n<meta name=\"description\" content=\"TOUR D&#039;ESPAGNE 2024 - Membre de l&#039;\u00e9chapp\u00e9e du jour, Ben O&#039;Connor a d\u00e9pos\u00e9 ses concurrents et fil\u00e9 vers une large victoire.\" \/>\n<meta name=\"robots\" content=\"index, follow, max-snippet:-1, max-image-preview:large, max-video-preview:-1\" \/>\n<link rel=\"canonical\" href=\"https:\/\/dicodusport.fr\/blog\/tour-despagne-2024-ben-oconnor-triomphe-a-lalto-de-las-abejas-et-prend-le-maillot-rouge\/\" \/>\n<meta property=\"og:locale\" content=\"fr_FR\" \/>\n<meta property=\"og:type\" content=\"article\" \/>\n<meta property=\"og:title\" content=\"Tour d&#039;Espagne 2024 : Ben O&#039;Connor triomphe \u00e0 l&#039;Alto de las Abejas et prend le maillot rouge\" \/>\n<meta property=\"og:description\" content=\"TOUR D&#039;ESPAGNE 2024 - Membre de l&#039;\u00e9chapp\u00e9e du jour, Ben O&#039;Connor a d\u00e9pos\u00e9 ses concurrents et fil\u00e9 vers une large victoire.\" \/>\n<meta property=\"og:url\" content=\"https:\/\/dicodusport.fr\/blog\/tour-despagne-2024-ben-oconnor-triomphe-a-lalto-de-las-abejas-et-prend-le-maillot-rouge\/\" \/>\n<meta property=\"og:site_name\" content=\"Dicodusport\" \/>\n<meta property=\"article:publisher\" content=\"https:\/\/www.facebook.com\/dicodusport\" \/>\n<meta property=\"article:author\" content=\"https:\/\/www.facebook.com\/sebastien.gente\/\" \/>\n<meta property=\"article:published_time\" content=\"2024-08-22T15:30:29+00:00\" \/>\n<meta property=\"article:modified_time\" content=\"2024-08-22T16:46:25+00:00\" \/>\n<meta property=\"og:image\" content=\"https:\/\/dicodusport.fr\/blog\/wp-content\/uploads\/2024\/08\/Tour-dEspagne-2024-Ben-OConnor-triomphe-a-lAlto-de-las-Abejas-et-prend-le-maillot-rouge-1.png\" \/>\n\t<meta property=\"og:image:width\" content=\"1200\" \/>\n\t<meta property=\"og:image:height\" content=\"674\" \/>\n\t<meta property=\"og:image:type\" content=\"image\/png\" \/>\n<meta name=\"author\" content=\"S\u00e9bastien Gente\" \/>\n<meta name=\"twitter:card\" content=\"summary_large_image\" \/>\n<meta name=\"twitter:title\" content=\"Tour d&#039;Espagne 2024 : Ben O&#039;Connor triomphe \u00e0 l&#039;Alto de las Abejas et prend le maillot rouge\" \/>\n<meta name=\"twitter:creator\" content=\"@https:\/\/twitter.com\/globulo24\" \/>\n<meta name=\"twitter:site\" content=\"@dicodusport\" \/>\n<script type=\"application\/ld+json\" class=\"yoast-schema-graph\">{\"@context\":\"https:\/\/schema.org\",\"@graph\":[{\"@type\":\"NewsArticle\",\"@id\":\"https:\/\/dicodusport.fr\/blog\/tour-despagne-2024-ben-oconnor-triomphe-a-lalto-de-las-abejas-et-prend-le-maillot-rouge\/#article\",\"isPartOf\":{\"@id\":\"https:\/\/dicodusport.fr\/blog\/tour-despagne-2024-ben-oconnor-triomphe-a-lalto-de-las-abejas-et-prend-le-maillot-rouge\/\"},\"author\":{\"name\":\"S\u00e9bastien Gente\",\"@id\":\"https:\/\/dicodusport.fr\/blog\/#\/schema\/person\/627966a6cde45dbd8c5e36ac85d783da\"},\"headline\":\"Tour d&rsquo;Espagne 2024 : Ben O&rsquo;Connor triomphe \u00e0 l&rsquo;Alto de las Abejas et prend le maillot rouge\",\"datePublished\":\"2024-08-22T15:30:29+00:00\",\"dateModified\":\"2024-08-22T16:46:25+00:00\",\"mainEntityOfPage\":{\"@id\":\"https:\/\/dicodusport.fr\/blog\/tour-despagne-2024-ben-oconnor-triomphe-a-lalto-de-las-abejas-et-prend-le-maillot-rouge\/\"},\"wordCount\":722,\"commentCount\":0,\"publisher\":{\"@id\":\"https:\/\/dicodusport.fr\/blog\/#organization\"},\"image\":{\"@id\":\"https:\/\/dicodusport.fr\/blog\/tour-despagne-2024-ben-oconnor-triomphe-a-lalto-de-las-abejas-et-prend-le-maillot-rouge\/#primaryimage\"},\"thumbnailUrl\":\"https:\/\/dicodusport.fr\/blog\/wp-content\/uploads\/2024\/08\/Tour-dEspagne-2024-Ben-OConnor-triomphe-a-lAlto-de-las-Abejas-et-prend-le-maillot-rouge-1.png\",\"keywords\":[\"br\u00e8ve\",\"sport\",\"Tour d'Espagne\",\"Vuelta\"],\"articleSection\":[\"Tour d'Espagne\"],\"inLanguage\":\"fr-FR\",\"potentialAction\":[{\"@type\":\"CommentAction\",\"name\":\"Comment\",\"target\":[\"https:\/\/dicodusport.fr\/blog\/tour-despagne-2024-ben-oconnor-triomphe-a-lalto-de-las-abejas-et-prend-le-maillot-rouge\/#respond\"]}],\"copyrightYear\":\"2024\",\"copyrightHolder\":{\"@id\":\"https:\/\/dicodusport.fr\/blog\/#organization\"}},{\"@type\":\"WebPage\",\"@id\":\"https:\/\/dicodusport.fr\/blog\/tour-despagne-2024-ben-oconnor-triomphe-a-lalto-de-las-abejas-et-prend-le-maillot-rouge\/\",\"url\":\"https:\/\/dicodusport.fr\/blog\/tour-despagne-2024-ben-oconnor-triomphe-a-lalto-de-las-abejas-et-prend-le-maillot-rouge\/\",\"name\":\"Tour d'Espagne 2024 : Ben O'Connor triomphe \u00e0 l'Alto de las Abejas et prend le maillot rouge\",\"isPartOf\":{\"@id\":\"https:\/\/dicodusport.fr\/blog\/#website\"},\"primaryImageOfPage\":{\"@id\":\"https:\/\/dicodusport.fr\/blog\/tour-despagne-2024-ben-oconnor-triomphe-a-lalto-de-las-abejas-et-prend-le-maillot-rouge\/#primaryimage\"},\"image\":{\"@id\":\"https:\/\/dicodusport.fr\/blog\/tour-despagne-2024-ben-oconnor-triomphe-a-lalto-de-las-abejas-et-prend-le-maillot-rouge\/#primaryimage\"},\"thumbnailUrl\":\"https:\/\/dicodusport.fr\/blog\/wp-content\/uploads\/2024\/08\/Tour-dEspagne-2024-Ben-OConnor-triomphe-a-lAlto-de-las-Abejas-et-prend-le-maillot-rouge-1.png\",\"datePublished\":\"2024-08-22T15:30:29+00:00\",\"dateModified\":\"2024-08-22T16:46:25+00:00\",\"description\":\"TOUR D'ESPAGNE 2024 - Membre de l'\u00e9chapp\u00e9e du jour, Ben O'Connor a d\u00e9pos\u00e9 ses concurrents et fil\u00e9 vers une large victoire.\",\"breadcrumb\":{\"@id\":\"https:\/\/dicodusport.fr\/blog\/tour-despagne-2024-ben-oconnor-triomphe-a-lalto-de-las-abejas-et-prend-le-maillot-rouge\/#breadcrumb\"},\"inLanguage\":\"fr-FR\",\"potentialAction\":[{\"@type\":\"ReadAction\",\"target\":[\"https:\/\/dicodusport.fr\/blog\/tour-despagne-2024-ben-oconnor-triomphe-a-lalto-de-las-abejas-et-prend-le-maillot-rouge\/\"]}]},{\"@type\":\"ImageObject\",\"inLanguage\":\"fr-FR\",\"@id\":\"https:\/\/dicodusport.fr\/blog\/tour-despagne-2024-ben-oconnor-triomphe-a-lalto-de-las-abejas-et-prend-le-maillot-rouge\/#primaryimage\",\"url\":\"https:\/\/dicodusport.fr\/blog\/wp-content\/uploads\/2024\/08\/Tour-dEspagne-2024-Ben-OConnor-triomphe-a-lAlto-de-las-Abejas-et-prend-le-maillot-rouge-1.png\",\"contentUrl\":\"https:\/\/dicodusport.fr\/blog\/wp-content\/uploads\/2024\/08\/Tour-dEspagne-2024-Ben-OConnor-triomphe-a-lAlto-de-las-Abejas-et-prend-le-maillot-rouge-1.png\",\"width\":1200,\"height\":674,\"caption\":\"Tour d'Espagne 2024 Ben O'Connor triomphe \u00e0 l'Alto de las Abejas et prend le maillot rouge\"},{\"@type\":\"BreadcrumbList\",\"@id\":\"https:\/\/dicodusport.fr\/blog\/tour-despagne-2024-ben-oconnor-triomphe-a-lalto-de-las-abejas-et-prend-le-maillot-rouge\/#breadcrumb\",\"itemListElement\":[{\"@type\":\"ListItem\",\"position\":1,\"name\":\"Accueil\",\"item\":\"https:\/\/dicodusport.fr\/blog\/\"},{\"@type\":\"ListItem\",\"position\":2,\"name\":\"Tour d&#8217;Espagne 2024 : Ben O&#8217;Connor triomphe \u00e0 l&#8217;Alto de las Abejas et prend le maillot rouge\"}]},{\"@type\":\"WebSite\",\"@id\":\"https:\/\/dicodusport.fr\/blog\/#website\",\"url\":\"https:\/\/dicodusport.fr\/blog\/\",\"name\":\"Dicodusport\",\"description\":\"L&#039;encyclop\u00e9die de l&#039;actualit\u00e9 sportive\",\"publisher\":{\"@id\":\"https:\/\/dicodusport.fr\/blog\/#organization\"},\"potentialAction\":[{\"@type\":\"SearchAction\",\"target\":{\"@type\":\"EntryPoint\",\"urlTemplate\":\"https:\/\/dicodusport.fr\/blog\/?s={search_term_string}\"},\"query-input\":{\"@type\":\"PropertyValueSpecification\",\"valueRequired\":true,\"valueName\":\"search_term_string\"}}],\"inLanguage\":\"fr-FR\"},{\"@type\":\"NewsMediaOrganization\",\"@id\":\"https:\/\/dicodusport.fr\/blog\/#organization\",\"name\":\"Dicodusport\",\"url\":\"https:\/\/dicodusport.fr\/blog\/\",\"logo\":{\"@type\":\"ImageObject\",\"inLanguage\":\"fr-FR\",\"@id\":\"https:\/\/dicodusport.fr\/blog\/#\/schema\/logo\/image\/\",\"url\":\"https:\/\/dicodusport.fr\/blog\/wp-content\/uploads\/2020\/06\/cropped-LOGO-DICODUSPORT-2020-SANS-FOND-SANS-TEXTE.png\",\"contentUrl\":\"https:\/\/dicodusport.fr\/blog\/wp-content\/uploads\/2020\/06\/cropped-LOGO-DICODUSPORT-2020-SANS-FOND-SANS-TEXTE.png\",\"width\":512,\"height\":512,\"caption\":\"Dicodusport\"},\"image\":{\"@id\":\"https:\/\/dicodusport.fr\/blog\/#\/schema\/logo\/image\/\"},\"sameAs\":[\"https:\/\/www.facebook.com\/dicodusport\",\"https:\/\/x.com\/dicodusport\",\"https:\/\/www.instagram.com\/dicodusport\/\",\"https:\/\/www.youtube.com\/channel\/UC7V2KZ5sd3htJivAbA4ZG3w\"],\"description\":\"Dicodusport est l'encyclop\u00e9die de l'actualit\u00e9 sportive.\",\"email\":\"bonjour@dicodusport.fr\",\"legalName\":\"DICODUSPORT\",\"foundingDate\":\"2018-01-14\",\"vatID\":\"FR71834470973\",\"taxID\":\"83447097300043\",\"numberOfEmployees\":{\"@type\":\"QuantitativeValue\",\"minValue\":\"1\",\"maxValue\":\"10\"}},{\"@type\":\"Person\",\"@id\":\"https:\/\/dicodusport.fr\/blog\/#\/schema\/person\/627966a6cde45dbd8c5e36ac85d783da\",\"name\":\"S\u00e9bastien Gente\",\"image\":{\"@type\":\"ImageObject\",\"inLanguage\":\"fr-FR\",\"@id\":\"https:\/\/dicodusport.fr\/blog\/#\/schema\/person\/image\/\",\"url\":\"https:\/\/dicodusport.fr\/blog\/wp-content\/uploads\/2021\/09\/1510990_10205810251400683_4124423575079401707_n-150x150.jpg\",\"contentUrl\":\"https:\/\/dicodusport.fr\/blog\/wp-content\/uploads\/2021\/09\/1510990_10205810251400683_4124423575079401707_n-150x150.jpg\",\"caption\":\"S\u00e9bastien Gente\"},\"description\":\"John Stockton, Gianni Bugno, Zinedine Zidane, Steffi Graf, Frode Andresen, St\u00e9phane Stoecklin, Davis Kamoga, Primoz Peterka, Werner Schlager et Aur\u00e9lien Rougerie. Point commun entre ces sportifs? Ils m'ont fait r\u00eaver et ont berc\u00e9 mon adolescence. Je suis un fondu de sports et j'essaie de retranscrire ma passion \u00e0 travers mes articles. Originaire du P\u00e9rigord, ma passion pour les Girondins, les Jaunards et les Jazzmen transpire dans mes \u00e9crits. \u00c0 Dicodusport depuis 2021, je d\u00e9niche les sports m\u00e9connus dans lesquels la France brille, et il y en a !\",\"sameAs\":[\"https:\/\/www.facebook.com\/sebastien.gente\/\",\"https:\/\/www.instagram.com\/sebgente\/\",\"https:\/\/www.linkedin.com\/in\/sbastien-gente-a29583169\/\",\"https:\/\/x.com\/https:\/\/twitter.com\/globulo24\",\"SebastienGente\"],\"worksFor\":\"S\u00e9bastien GENTE\",\"url\":\"https:\/\/dicodusport.fr\/blog\/author\/sebastiengente\/\"}]}<\/script>\n<!-- \/ Yoast SEO Premium plugin. -->","yoast_head_json":{"title":"Tour d'Espagne 2024 : Ben O'Connor triomphe \u00e0 l'Alto de las Abejas et prend le maillot rouge","description":"TOUR D'ESPAGNE 2024 - Membre de l'\u00e9chapp\u00e9e du jour, Ben O'Connor a d\u00e9pos\u00e9 ses concurrents et fil\u00e9 vers une large victoire.","robots":{"index":"index","follow":"follow","max-snippet":"max-snippet:-1","max-image-preview":"max-image-preview:large","max-video-preview":"max-video-preview:-1"},"canonical":"https:\/\/dicodusport.fr\/blog\/tour-despagne-2024-ben-oconnor-triomphe-a-lalto-de-las-abejas-et-prend-le-maillot-rouge\/","og_locale":"fr_FR","og_type":"article","og_title":"Tour d'Espagne 2024 : Ben O'Connor triomphe \u00e0 l'Alto de las Abejas et prend le maillot rouge","og_description":"TOUR D'ESPAGNE 2024 - Membre de l'\u00e9chapp\u00e9e du jour, Ben O'Connor a d\u00e9pos\u00e9 ses concurrents et fil\u00e9 vers une large victoire.","og_url":"https:\/\/dicodusport.fr\/blog\/tour-despagne-2024-ben-oconnor-triomphe-a-lalto-de-las-abejas-et-prend-le-maillot-rouge\/","og_site_name":"Dicodusport","article_publisher":"https:\/\/www.facebook.com\/dicodusport","article_author":"https:\/\/www.facebook.com\/sebastien.gente\/","article_published_time":"2024-08-22T15:30:29+00:00","article_modified_time":"2024-08-22T16:46:25+00:00","og_image":[{"width":1200,"height":674,"url":"https:\/\/dicodusport.fr\/blog\/wp-content\/uploads\/2024\/08\/Tour-dEspagne-2024-Ben-OConnor-triomphe-a-lAlto-de-las-Abejas-et-prend-le-maillot-rouge-1.png","type":"image\/png"}],"author":"S\u00e9bastien Gente","twitter_card":"summary_large_image","twitter_title":"Tour d'Espagne 2024 : Ben O'Connor triomphe \u00e0 l'Alto de las Abejas et prend le maillot rouge","twitter_creator":"@https:\/\/twitter.com\/globulo24","twitter_site":"@dicodusport","schema":{"@context":"https:\/\/schema.org","@graph":[{"@type":"NewsArticle","@id":"https:\/\/dicodusport.fr\/blog\/tour-despagne-2024-ben-oconnor-triomphe-a-lalto-de-las-abejas-et-prend-le-maillot-rouge\/#article","isPartOf":{"@id":"https:\/\/dicodusport.fr\/blog\/tour-despagne-2024-ben-oconnor-triomphe-a-lalto-de-las-abejas-et-prend-le-maillot-rouge\/"},"author":{"name":"S\u00e9bastien Gente","@id":"https:\/\/dicodusport.fr\/blog\/#\/schema\/person\/627966a6cde45dbd8c5e36ac85d783da"},"headline":"Tour d&rsquo;Espagne 2024 : Ben O&rsquo;Connor triomphe \u00e0 l&rsquo;Alto de las Abejas et prend le maillot rouge","datePublished":"2024-08-22T15:30:29+00:00","dateModified":"2024-08-22T16:46:25+00:00","mainEntityOfPage":{"@id":"https:\/\/dicodusport.fr\/blog\/tour-despagne-2024-ben-oconnor-triomphe-a-lalto-de-las-abejas-et-prend-le-maillot-rouge\/"},"wordCount":722,"commentCount":0,"publisher":{"@id":"https:\/\/dicodusport.fr\/blog\/#organization"},"image":{"@id":"https:\/\/dicodusport.fr\/blog\/tour-despagne-2024-ben-oconnor-triomphe-a-lalto-de-las-abejas-et-prend-le-maillot-rouge\/#primaryimage"},"thumbnailUrl":"https:\/\/dicodusport.fr\/blog\/wp-content\/uploads\/2024\/08\/Tour-dEspagne-2024-Ben-OConnor-triomphe-a-lAlto-de-las-Abejas-et-prend-le-maillot-rouge-1.png","keywords":["br\u00e8ve","sport","Tour d'Espagne","Vuelta"],"articleSection":["Tour d'Espagne"],"inLanguage":"fr-FR","potentialAction":[{"@type":"CommentAction","name":"Comment","target":["https:\/\/dicodusport.fr\/blog\/tour-despagne-2024-ben-oconnor-triomphe-a-lalto-de-las-abejas-et-prend-le-maillot-rouge\/#respond"]}],"copyrightYear":"2024","copyrightHolder":{"@id":"https:\/\/dicodusport.fr\/blog\/#organization"}},{"@type":"WebPage","@id":"https:\/\/dicodusport.fr\/blog\/tour-despagne-2024-ben-oconnor-triomphe-a-lalto-de-las-abejas-et-prend-le-maillot-rouge\/","url":"https:\/\/dicodusport.fr\/blog\/tour-despagne-2024-ben-oconnor-triomphe-a-lalto-de-las-abejas-et-prend-le-maillot-rouge\/","name":"Tour d'Espagne 2024 : Ben O'Connor triomphe \u00e0 l'Alto de las Abejas et prend le maillot rouge","isPartOf":{"@id":"https:\/\/dicodusport.fr\/blog\/#website"},"primaryImageOfPage":{"@id":"https:\/\/dicodusport.fr\/blog\/tour-despagne-2024-ben-oconnor-triomphe-a-lalto-de-las-abejas-et-prend-le-maillot-rouge\/#primaryimage"},"image":{"@id":"https:\/\/dicodusport.fr\/blog\/tour-despagne-2024-ben-oconnor-triomphe-a-lalto-de-las-abejas-et-prend-le-maillot-rouge\/#primaryimage"},"thumbnailUrl":"https:\/\/dicodusport.fr\/blog\/wp-content\/uploads\/2024\/08\/Tour-dEspagne-2024-Ben-OConnor-triomphe-a-lAlto-de-las-Abejas-et-prend-le-maillot-rouge-1.png","datePublished":"2024-08-22T15:30:29+00:00","dateModified":"2024-08-22T16:46:25+00:00","description":"TOUR D'ESPAGNE 2024 - Membre de l'\u00e9chapp\u00e9e du jour, Ben O'Connor a d\u00e9pos\u00e9 ses concurrents et fil\u00e9 vers une large victoire.","breadcrumb":{"@id":"https:\/\/dicodusport.fr\/blog\/tour-despagne-2024-ben-oconnor-triomphe-a-lalto-de-las-abejas-et-prend-le-maillot-rouge\/#breadcrumb"},"inLanguage":"fr-FR","potentialAction":[{"@type":"ReadAction","target":["https:\/\/dicodusport.fr\/blog\/tour-despagne-2024-ben-oconnor-triomphe-a-lalto-de-las-abejas-et-prend-le-maillot-rouge\/"]}]},{"@type":"ImageObject","inLanguage":"fr-FR","@id":"https:\/\/dicodusport.fr\/blog\/tour-despagne-2024-ben-oconnor-triomphe-a-lalto-de-las-abejas-et-prend-le-maillot-rouge\/#primaryimage","url":"https:\/\/dicodusport.fr\/blog\/wp-content\/uploads\/2024\/08\/Tour-dEspagne-2024-Ben-OConnor-triomphe-a-lAlto-de-las-Abejas-et-prend-le-maillot-rouge-1.png","contentUrl":"https:\/\/dicodusport.fr\/blog\/wp-content\/uploads\/2024\/08\/Tour-dEspagne-2024-Ben-OConnor-triomphe-a-lAlto-de-las-Abejas-et-prend-le-maillot-rouge-1.png","width":1200,"height":674,"caption":"Tour d'Espagne 2024 Ben O'Connor triomphe \u00e0 l'Alto de las Abejas et prend le maillot rouge"},{"@type":"BreadcrumbList","@id":"https:\/\/dicodusport.fr\/blog\/tour-despagne-2024-ben-oconnor-triomphe-a-lalto-de-las-abejas-et-prend-le-maillot-rouge\/#breadcrumb","itemListElement":[{"@type":"ListItem","position":1,"name":"Accueil","item":"https:\/\/dicodusport.fr\/blog\/"},{"@type":"ListItem","position":2,"name":"Tour d&#8217;Espagne 2024 : Ben O&#8217;Connor triomphe \u00e0 l&#8217;Alto de las Abejas et prend le maillot rouge"}]},{"@type":"WebSite","@id":"https:\/\/dicodusport.fr\/blog\/#website","url":"https:\/\/dicodusport.fr\/blog\/","name":"Dicodusport","description":"L&#039;encyclop\u00e9die de l&#039;actualit\u00e9 sportive","publisher":{"@id":"https:\/\/dicodusport.fr\/blog\/#organization"},"potentialAction":[{"@type":"SearchAction","target":{"@type":"EntryPoint","urlTemplate":"https:\/\/dicodusport.fr\/blog\/?s={search_term_string}"},"query-input":{"@type":"PropertyValueSpecification","valueRequired":true,"valueName":"search_term_string"}}],"inLanguage":"fr-FR"},{"@type":"NewsMediaOrganization","@id":"https:\/\/dicodusport.fr\/blog\/#organization","name":"Dicodusport","url":"https:\/\/dicodusport.fr\/blog\/","logo":{"@type":"ImageObject","inLanguage":"fr-FR","@id":"https:\/\/dicodusport.fr\/blog\/#\/schema\/logo\/image\/","url":"https:\/\/dicodusport.fr\/blog\/wp-content\/uploads\/2020\/06\/cropped-LOGO-DICODUSPORT-2020-SANS-FOND-SANS-TEXTE.png","contentUrl":"https:\/\/dicodusport.fr\/blog\/wp-content\/uploads\/2020\/06\/cropped-LOGO-DICODUSPORT-2020-SANS-FOND-SANS-TEXTE.png","width":512,"height":512,"caption":"Dicodusport"},"image":{"@id":"https:\/\/dicodusport.fr\/blog\/#\/schema\/logo\/image\/"},"sameAs":["https:\/\/www.facebook.com\/dicodusport","https:\/\/x.com\/dicodusport","https:\/\/www.instagram.com\/dicodusport\/","https:\/\/www.youtube.com\/channel\/UC7V2KZ5sd3htJivAbA4ZG3w"],"description":"Dicodusport est l'encyclop\u00e9die de l'actualit\u00e9 sportive.","email":"bonjour@dicodusport.fr","legalName":"DICODUSPORT","foundingDate":"2018-01-14","vatID":"FR71834470973","taxID":"83447097300043","numberOfEmployees":{"@type":"QuantitativeValue","minValue":"1","maxValue":"10"}},{"@type":"Person","@id":"https:\/\/dicodusport.fr\/blog\/#\/schema\/person\/627966a6cde45dbd8c5e36ac85d783da","name":"S\u00e9bastien Gente","image":{"@type":"ImageObject","inLanguage":"fr-FR","@id":"https:\/\/dicodusport.fr\/blog\/#\/schema\/person\/image\/","url":"https:\/\/dicodusport.fr\/blog\/wp-content\/uploads\/2021\/09\/1510990_10205810251400683_4124423575079401707_n-150x150.jpg","contentUrl":"https:\/\/dicodusport.fr\/blog\/wp-content\/uploads\/2021\/09\/1510990_10205810251400683_4124423575079401707_n-150x150.jpg","caption":"S\u00e9bastien Gente"},"description":"John Stockton, Gianni Bugno, Zinedine Zidane, Steffi Graf, Frode Andresen, St\u00e9phane Stoecklin, Davis Kamoga, Primoz Peterka, Werner Schlager et Aur\u00e9lien Rougerie. Point commun entre ces sportifs? Ils m'ont fait r\u00eaver et ont berc\u00e9 mon adolescence. Je suis un fondu de sports et j'essaie de retranscrire ma passion \u00e0 travers mes articles. Originaire du P\u00e9rigord, ma passion pour les Girondins, les Jaunards et les Jazzmen transpire dans mes \u00e9crits. \u00c0 Dicodusport depuis 2021, je d\u00e9niche les sports m\u00e9connus dans lesquels la France brille, et il y en a !","sameAs":["https:\/\/www.facebook.com\/sebastien.gente\/","https:\/\/www.instagram.com\/sebgente\/","https:\/\/www.linkedin.com\/in\/sbastien-gente-a29583169\/","https:\/\/x.com\/https:\/\/twitter.com\/globulo24","SebastienGente"],"worksFor":"S\u00e9bastien GENTE","url":"https:\/\/dicodusport.fr\/blog\/author\/sebastiengente\/"}]}},"_links":{"self":[{"href":"https:\/\/dicodusport.fr\/blog\/wp-json\/wp\/v2\/posts\/514033","targetHints":{"allow":["GET"]}}],"collection":[{"href":"https:\/\/dicodusport.fr\/blog\/wp-json\/wp\/v2\/posts"}],"about":[{"href":"https:\/\/dicodusport.fr\/blog\/wp-json\/wp\/v2\/types\/post"}],"author":[{"embeddable":true,"href":"https:\/\/dicodusport.fr\/blog\/wp-json\/wp\/v2\/users\/59"}],"replies":[{"embeddable":true,"href":"https:\/\/dicodusport.fr\/blog\/wp-json\/wp\/v2\/comments?post=514033"}],"version-history":[{"count":5,"href":"https:\/\/dicodusport.fr\/blog\/wp-json\/wp\/v2\/posts\/514033\/revisions"}],"predecessor-version":[{"id":514114,"href":"https:\/\/dicodusport.fr\/blog\/wp-json\/wp\/v2\/posts\/514033\/revisions\/514114"}],"wp:featuredmedia":[{"embeddable":true,"href":"https:\/\/dicodusport.fr\/blog\/wp-json\/wp\/v2\/media\/514112"}],"wp:attachment":[{"href":"https:\/\/dicodusport.fr\/blog\/wp-json\/wp\/v2\/media?parent=514033"}],"wp:term":[{"taxonomy":"category","embeddable":true,"href":"https:\/\/dicodusport.fr\/blog\/wp-json\/wp\/v2\/categories?post=514033"},{"taxonomy":"post_tag","embeddable":true,"href":"https:\/\/dicodusport.fr\/blog\/wp-json\/wp\/v2\/tags?post=514033"}],"curies":[{"name":"wp","href":"https:\/\/api.w.org\/{rel}","templated":true}]}}