{"id":514181,"date":"2024-08-22T23:17:15","date_gmt":"2024-08-22T21:17:15","guid":{"rendered":"https:\/\/dicodusport.fr\/blog\/?p=514181&#038;preview=true&#038;preview_id=514181"},"modified":"2024-08-23T09:07:12","modified_gmt":"2024-08-23T07:07:12","slug":"video-resume-lens-panathinaikos-barrage-aller-ligue-europa-conference","status":"publish","type":"post","link":"https:\/\/dicodusport.fr\/blog\/video-resume-lens-panathinaikos-barrage-aller-ligue-europa-conference\/","title":{"rendered":"[Vid\u00e9o] R\u00e9sum\u00e9 Lens &#8211; Panathina\u00efkos, barrage aller Ligue Europa Conf\u00e9rence"},"content":{"rendered":"<p style=\"text-align: justify;\"><strong><em>LIGUE EUROPA CONF\u00c9RENCE 2024\/2025 &#8211; Voici le r\u00e9sum\u00e9 vid\u00e9o du barrage aller de Ligue Europa Conf\u00e9rence entre Lens et le Panathina\u00efkos.<\/em><\/strong><\/p>\n<ul>\n<li style=\"text-align: justify;\"><strong>\u00c0 ce sujet &#8211; <a title=\"Barrages Ligue Europa Conf\u00e9rence : Le RC Lens s\u2019impose \u00e0 10 face au Panathina\u00efkos\" href=\"https:\/\/dicodusport.fr\/blog\/barrages-ligue-europa-conference-le-rc-lens-simpose-a-10-face-au-panathinaikos\/\" rel=\"\">R\u00e9sum\u00e9 Lens &#8211; Panathina\u00efkos<\/a><\/strong><\/li>\n<\/ul>\n<p><span class=\"ArEiusJSpgPzBtW4a06q1oZVjGFTM53UchNe8Odn2\"><iframe loading=\"lazy\" title=\"Le r\u00e9sum\u00e9 de Lens \/ Panathina\u00efkos - Conference League 24-25 (Barrage aller)\" width=\"740\" height=\"416\" src=\"https:\/\/www.youtube.com\/embed\/reitoHEHcpI?feature=oembed\" frameborder=\"0\" allow=\"accelerometer; autoplay; clipboard-write; encrypted-media; gyroscope; picture-in-picture; web-share\" referrerpolicy=\"strict-origin-when-cross-origin\" allowfullscreen><\/iframe><\/span><\/p>\n","protected":false},"excerpt":{"rendered":"<p>LIGUE EUROPA CONF\u00c9RENCE 2024\/2025 &#8211; Voici le r\u00e9sum\u00e9 vid\u00e9o du barrage aller de Ligue Europa Conf\u00e9rence entre Lens et le Panathina\u00efkos.<\/p>\n","protected":false},"author":2,"featured_media":514185,"comment_status":"open","ping_status":"closed","sticky":false,"template":"","format":"standard","meta":{"_acf_changed":false,"_daextam_enable_autolinks":"1","footnotes":""},"categories":[2301],"tags":[16878,75,465,19580,8989,4605],"class_list":["post-514181","post","type-post","status-publish","format-standard","has-post-thumbnail","hentry","category-football","tag-breve","tag-football","tag-lens","tag-ligue-europa-conference","tag-panathinaikos","tag-video"],"acf":[],"yoast_head":"<!-- This site is optimized with the Yoast SEO Premium plugin v26.7 (Yoast SEO v26.7) - https:\/\/yoast.com\/wordpress\/plugins\/seo\/ -->\n<title>[Vid\u00e9o] R\u00e9sum\u00e9 Lens - Panathina\u00efkos, barrage aller Ligue Europa Conf\u00e9rence<\/title>\n<meta name=\"description\" content=\"LIGUE EUROPA CONF\u00c9RENCE 2024\/2025 - Voici le r\u00e9sum\u00e9 vid\u00e9o du barrage aller de Ligue Europa Conf\u00e9rence entre Lens et le Panathina\u00efkos.\" \/>\n<meta name=\"robots\" content=\"index, follow, max-snippet:-1, max-image-preview:large, max-video-preview:-1\" \/>\n<link rel=\"canonical\" href=\"https:\/\/dicodusport.fr\/blog\/video-resume-lens-panathinaikos-barrage-aller-ligue-europa-conference\/\" \/>\n<meta property=\"og:locale\" content=\"fr_FR\" \/>\n<meta property=\"og:type\" content=\"article\" \/>\n<meta property=\"og:title\" content=\"[Vid\u00e9o] R\u00e9sum\u00e9 Lens - Panathina\u00efkos, barrage aller Ligue Europa Conf\u00e9rence\" \/>\n<meta property=\"og:description\" content=\"LIGUE EUROPA CONF\u00c9RENCE 2024\/2025 - Voici le r\u00e9sum\u00e9 vid\u00e9o du barrage aller de Ligue Europa Conf\u00e9rence entre Lens et le Panathina\u00efkos.\" \/>\n<meta property=\"og:url\" content=\"https:\/\/dicodusport.fr\/blog\/video-resume-lens-panathinaikos-barrage-aller-ligue-europa-conference\/\" \/>\n<meta property=\"og:site_name\" content=\"Dicodusport\" \/>\n<meta property=\"article:publisher\" content=\"https:\/\/www.facebook.com\/dicodusport\" \/>\n<meta property=\"article:published_time\" content=\"2024-08-22T21:17:15+00:00\" \/>\n<meta property=\"article:modified_time\" content=\"2024-08-23T07:07:12+00:00\" \/>\n<meta property=\"og:image\" content=\"https:\/\/dicodusport.fr\/blog\/wp-content\/uploads\/2024\/08\/Video-Resume-Lens-Panathinaikos-barrage-aller-Ligue-Europa-Conference.png\" \/>\n\t<meta property=\"og:image:width\" content=\"1200\" \/>\n\t<meta property=\"og:image:height\" content=\"674\" \/>\n\t<meta property=\"og:image:type\" content=\"image\/png\" \/>\n<meta name=\"author\" content=\"Benjamin Cots\" \/>\n<meta name=\"twitter:card\" content=\"summary_large_image\" \/>\n<meta name=\"twitter:title\" content=\"[Vid\u00e9o] R\u00e9sum\u00e9 Lens - Panathina\u00efkos, barrage aller Ligue Europa Conf\u00e9rence\" \/>\n<meta name=\"twitter:creator\" content=\"@https:\/\/twitter.com\/BenjaminCots\" \/>\n<meta name=\"twitter:site\" content=\"@dicodusport\" \/>\n<script type=\"application\/ld+json\" class=\"yoast-schema-graph\">{\"@context\":\"https:\/\/schema.org\",\"@graph\":[{\"@type\":\"NewsArticle\",\"@id\":\"https:\/\/dicodusport.fr\/blog\/video-resume-lens-panathinaikos-barrage-aller-ligue-europa-conference\/#article\",\"isPartOf\":{\"@id\":\"https:\/\/dicodusport.fr\/blog\/video-resume-lens-panathinaikos-barrage-aller-ligue-europa-conference\/\"},\"author\":{\"name\":\"Benjamin Cots\",\"@id\":\"https:\/\/dicodusport.fr\/blog\/#\/schema\/person\/0c141de963d8493840348bb7df193da4\"},\"headline\":\"[Vid\u00e9o] R\u00e9sum\u00e9 Lens &#8211; Panathina\u00efkos, barrage aller Ligue Europa Conf\u00e9rence\",\"datePublished\":\"2024-08-22T21:17:15+00:00\",\"dateModified\":\"2024-08-23T07:07:12+00:00\",\"mainEntityOfPage\":{\"@id\":\"https:\/\/dicodusport.fr\/blog\/video-resume-lens-panathinaikos-barrage-aller-ligue-europa-conference\/\"},\"wordCount\":57,\"commentCount\":0,\"publisher\":{\"@id\":\"https:\/\/dicodusport.fr\/blog\/#organization\"},\"image\":{\"@id\":\"https:\/\/dicodusport.fr\/blog\/video-resume-lens-panathinaikos-barrage-aller-ligue-europa-conference\/#primaryimage\"},\"thumbnailUrl\":\"https:\/\/dicodusport.fr\/blog\/wp-content\/uploads\/2024\/08\/Video-Resume-Lens-Panathinaikos-barrage-aller-Ligue-Europa-Conference.png\",\"keywords\":[\"br\u00e8ve\",\"Football\",\"Lens\",\"Ligue Europa Conf\u00e9rence\",\"Panathina\u00efkos\",\"vid\u00e9o\"],\"articleSection\":[\"Football\"],\"inLanguage\":\"fr-FR\",\"potentialAction\":[{\"@type\":\"CommentAction\",\"name\":\"Comment\",\"target\":[\"https:\/\/dicodusport.fr\/blog\/video-resume-lens-panathinaikos-barrage-aller-ligue-europa-conference\/#respond\"]}],\"copyrightYear\":\"2024\",\"copyrightHolder\":{\"@id\":\"https:\/\/dicodusport.fr\/blog\/#organization\"}},{\"@type\":\"WebPage\",\"@id\":\"https:\/\/dicodusport.fr\/blog\/video-resume-lens-panathinaikos-barrage-aller-ligue-europa-conference\/\",\"url\":\"https:\/\/dicodusport.fr\/blog\/video-resume-lens-panathinaikos-barrage-aller-ligue-europa-conference\/\",\"name\":\"[Vid\u00e9o] R\u00e9sum\u00e9 Lens - Panathina\u00efkos, barrage aller Ligue Europa Conf\u00e9rence\",\"isPartOf\":{\"@id\":\"https:\/\/dicodusport.fr\/blog\/#website\"},\"primaryImageOfPage\":{\"@id\":\"https:\/\/dicodusport.fr\/blog\/video-resume-lens-panathinaikos-barrage-aller-ligue-europa-conference\/#primaryimage\"},\"image\":{\"@id\":\"https:\/\/dicodusport.fr\/blog\/video-resume-lens-panathinaikos-barrage-aller-ligue-europa-conference\/#primaryimage\"},\"thumbnailUrl\":\"https:\/\/dicodusport.fr\/blog\/wp-content\/uploads\/2024\/08\/Video-Resume-Lens-Panathinaikos-barrage-aller-Ligue-Europa-Conference.png\",\"datePublished\":\"2024-08-22T21:17:15+00:00\",\"dateModified\":\"2024-08-23T07:07:12+00:00\",\"description\":\"LIGUE EUROPA CONF\u00c9RENCE 2024\/2025 - Voici le r\u00e9sum\u00e9 vid\u00e9o du barrage aller de Ligue Europa Conf\u00e9rence entre Lens et le Panathina\u00efkos.\",\"breadcrumb\":{\"@id\":\"https:\/\/dicodusport.fr\/blog\/video-resume-lens-panathinaikos-barrage-aller-ligue-europa-conference\/#breadcrumb\"},\"inLanguage\":\"fr-FR\",\"potentialAction\":[{\"@type\":\"ReadAction\",\"target\":[\"https:\/\/dicodusport.fr\/blog\/video-resume-lens-panathinaikos-barrage-aller-ligue-europa-conference\/\"]}]},{\"@type\":\"ImageObject\",\"inLanguage\":\"fr-FR\",\"@id\":\"https:\/\/dicodusport.fr\/blog\/video-resume-lens-panathinaikos-barrage-aller-ligue-europa-conference\/#primaryimage\",\"url\":\"https:\/\/dicodusport.fr\/blog\/wp-content\/uploads\/2024\/08\/Video-Resume-Lens-Panathinaikos-barrage-aller-Ligue-Europa-Conference.png\",\"contentUrl\":\"https:\/\/dicodusport.fr\/blog\/wp-content\/uploads\/2024\/08\/Video-Resume-Lens-Panathinaikos-barrage-aller-Ligue-Europa-Conference.png\",\"width\":1200,\"height\":674,\"caption\":\"[Vid\u00e9o] R\u00e9sum\u00e9 Lens - Panathina\u00efkos, barrage aller Ligue Europa Conf\u00e9rence\"},{\"@type\":\"BreadcrumbList\",\"@id\":\"https:\/\/dicodusport.fr\/blog\/video-resume-lens-panathinaikos-barrage-aller-ligue-europa-conference\/#breadcrumb\",\"itemListElement\":[{\"@type\":\"ListItem\",\"position\":1,\"name\":\"Accueil\",\"item\":\"https:\/\/dicodusport.fr\/blog\/\"},{\"@type\":\"ListItem\",\"position\":2,\"name\":\"[Vid\u00e9o] R\u00e9sum\u00e9 Lens &#8211; Panathina\u00efkos, barrage aller Ligue Europa Conf\u00e9rence\"}]},{\"@type\":\"WebSite\",\"@id\":\"https:\/\/dicodusport.fr\/blog\/#website\",\"url\":\"https:\/\/dicodusport.fr\/blog\/\",\"name\":\"Dicodusport\",\"description\":\"L&#039;encyclop\u00e9die de l&#039;actualit\u00e9 sportive\",\"publisher\":{\"@id\":\"https:\/\/dicodusport.fr\/blog\/#organization\"},\"potentialAction\":[{\"@type\":\"SearchAction\",\"target\":{\"@type\":\"EntryPoint\",\"urlTemplate\":\"https:\/\/dicodusport.fr\/blog\/?s={search_term_string}\"},\"query-input\":{\"@type\":\"PropertyValueSpecification\",\"valueRequired\":true,\"valueName\":\"search_term_string\"}}],\"inLanguage\":\"fr-FR\"},{\"@type\":\"NewsMediaOrganization\",\"@id\":\"https:\/\/dicodusport.fr\/blog\/#organization\",\"name\":\"Dicodusport\",\"url\":\"https:\/\/dicodusport.fr\/blog\/\",\"logo\":{\"@type\":\"ImageObject\",\"inLanguage\":\"fr-FR\",\"@id\":\"https:\/\/dicodusport.fr\/blog\/#\/schema\/logo\/image\/\",\"url\":\"https:\/\/dicodusport.fr\/blog\/wp-content\/uploads\/2020\/06\/cropped-LOGO-DICODUSPORT-2020-SANS-FOND-SANS-TEXTE.png\",\"contentUrl\":\"https:\/\/dicodusport.fr\/blog\/wp-content\/uploads\/2020\/06\/cropped-LOGO-DICODUSPORT-2020-SANS-FOND-SANS-TEXTE.png\",\"width\":512,\"height\":512,\"caption\":\"Dicodusport\"},\"image\":{\"@id\":\"https:\/\/dicodusport.fr\/blog\/#\/schema\/logo\/image\/\"},\"sameAs\":[\"https:\/\/www.facebook.com\/dicodusport\",\"https:\/\/x.com\/dicodusport\",\"https:\/\/www.instagram.com\/dicodusport\/\",\"https:\/\/www.youtube.com\/channel\/UC7V2KZ5sd3htJivAbA4ZG3w\"],\"description\":\"Dicodusport est l'encyclop\u00e9die de l'actualit\u00e9 sportive.\",\"email\":\"bonjour@dicodusport.fr\",\"legalName\":\"DICODUSPORT\",\"foundingDate\":\"2018-01-14\",\"vatID\":\"FR71834470973\",\"taxID\":\"83447097300043\",\"numberOfEmployees\":{\"@type\":\"QuantitativeValue\",\"minValue\":\"1\",\"maxValue\":\"10\"}},{\"@type\":\"Person\",\"@id\":\"https:\/\/dicodusport.fr\/blog\/#\/schema\/person\/0c141de963d8493840348bb7df193da4\",\"name\":\"Benjamin Cots\",\"image\":{\"@type\":\"ImageObject\",\"inLanguage\":\"fr-FR\",\"@id\":\"https:\/\/dicodusport.fr\/blog\/#\/schema\/person\/image\/\",\"url\":\"https:\/\/dicodusport.fr\/blog\/wp-content\/uploads\/2021\/04\/Maillot-Benji-Dicodusport-150x150.png\",\"contentUrl\":\"https:\/\/dicodusport.fr\/blog\/wp-content\/uploads\/2021\/04\/Maillot-Benji-Dicodusport-150x150.png\",\"caption\":\"Benjamin Cots\"},\"description\":\"Footballeur et fan des Girondins de Bordeaux depuis mon plus jeune \u00e2ge, le foot et le sport en g\u00e9n\u00e9ral ont rythm\u00e9 ma vie. Apr\u00e8s des \u00e9tudes en informatique, la cr\u00e9ation de Dicodusport \u00e9tait le parfait m\u00e9lange pour allier mes deux passions.\",\"sameAs\":[\"https:\/\/x.com\/https:\/\/twitter.com\/BenjaminCots\"],\"url\":\"https:\/\/dicodusport.fr\/blog\/author\/admin\/\"}]}<\/script>\n<!-- \/ Yoast SEO Premium plugin. -->","yoast_head_json":{"title":"[Vid\u00e9o] R\u00e9sum\u00e9 Lens - Panathina\u00efkos, barrage aller Ligue Europa Conf\u00e9rence","description":"LIGUE EUROPA CONF\u00c9RENCE 2024\/2025 - Voici le r\u00e9sum\u00e9 vid\u00e9o du barrage aller de Ligue Europa Conf\u00e9rence entre Lens et le Panathina\u00efkos.","robots":{"index":"index","follow":"follow","max-snippet":"max-snippet:-1","max-image-preview":"max-image-preview:large","max-video-preview":"max-video-preview:-1"},"canonical":"https:\/\/dicodusport.fr\/blog\/video-resume-lens-panathinaikos-barrage-aller-ligue-europa-conference\/","og_locale":"fr_FR","og_type":"article","og_title":"[Vid\u00e9o] R\u00e9sum\u00e9 Lens - Panathina\u00efkos, barrage aller Ligue Europa Conf\u00e9rence","og_description":"LIGUE EUROPA CONF\u00c9RENCE 2024\/2025 - Voici le r\u00e9sum\u00e9 vid\u00e9o du barrage aller de Ligue Europa Conf\u00e9rence entre Lens et le Panathina\u00efkos.","og_url":"https:\/\/dicodusport.fr\/blog\/video-resume-lens-panathinaikos-barrage-aller-ligue-europa-conference\/","og_site_name":"Dicodusport","article_publisher":"https:\/\/www.facebook.com\/dicodusport","article_published_time":"2024-08-22T21:17:15+00:00","article_modified_time":"2024-08-23T07:07:12+00:00","og_image":[{"width":1200,"height":674,"url":"https:\/\/dicodusport.fr\/blog\/wp-content\/uploads\/2024\/08\/Video-Resume-Lens-Panathinaikos-barrage-aller-Ligue-Europa-Conference.png","type":"image\/png"}],"author":"Benjamin Cots","twitter_card":"summary_large_image","twitter_title":"[Vid\u00e9o] R\u00e9sum\u00e9 Lens - Panathina\u00efkos, barrage aller Ligue Europa Conf\u00e9rence","twitter_creator":"@https:\/\/twitter.com\/BenjaminCots","twitter_site":"@dicodusport","schema":{"@context":"https:\/\/schema.org","@graph":[{"@type":"NewsArticle","@id":"https:\/\/dicodusport.fr\/blog\/video-resume-lens-panathinaikos-barrage-aller-ligue-europa-conference\/#article","isPartOf":{"@id":"https:\/\/dicodusport.fr\/blog\/video-resume-lens-panathinaikos-barrage-aller-ligue-europa-conference\/"},"author":{"name":"Benjamin Cots","@id":"https:\/\/dicodusport.fr\/blog\/#\/schema\/person\/0c141de963d8493840348bb7df193da4"},"headline":"[Vid\u00e9o] R\u00e9sum\u00e9 Lens &#8211; Panathina\u00efkos, barrage aller Ligue Europa Conf\u00e9rence","datePublished":"2024-08-22T21:17:15+00:00","dateModified":"2024-08-23T07:07:12+00:00","mainEntityOfPage":{"@id":"https:\/\/dicodusport.fr\/blog\/video-resume-lens-panathinaikos-barrage-aller-ligue-europa-conference\/"},"wordCount":57,"commentCount":0,"publisher":{"@id":"https:\/\/dicodusport.fr\/blog\/#organization"},"image":{"@id":"https:\/\/dicodusport.fr\/blog\/video-resume-lens-panathinaikos-barrage-aller-ligue-europa-conference\/#primaryimage"},"thumbnailUrl":"https:\/\/dicodusport.fr\/blog\/wp-content\/uploads\/2024\/08\/Video-Resume-Lens-Panathinaikos-barrage-aller-Ligue-Europa-Conference.png","keywords":["br\u00e8ve","Football","Lens","Ligue Europa Conf\u00e9rence","Panathina\u00efkos","vid\u00e9o"],"articleSection":["Football"],"inLanguage":"fr-FR","potentialAction":[{"@type":"CommentAction","name":"Comment","target":["https:\/\/dicodusport.fr\/blog\/video-resume-lens-panathinaikos-barrage-aller-ligue-europa-conference\/#respond"]}],"copyrightYear":"2024","copyrightHolder":{"@id":"https:\/\/dicodusport.fr\/blog\/#organization"}},{"@type":"WebPage","@id":"https:\/\/dicodusport.fr\/blog\/video-resume-lens-panathinaikos-barrage-aller-ligue-europa-conference\/","url":"https:\/\/dicodusport.fr\/blog\/video-resume-lens-panathinaikos-barrage-aller-ligue-europa-conference\/","name":"[Vid\u00e9o] R\u00e9sum\u00e9 Lens - Panathina\u00efkos, barrage aller Ligue Europa Conf\u00e9rence","isPartOf":{"@id":"https:\/\/dicodusport.fr\/blog\/#website"},"primaryImageOfPage":{"@id":"https:\/\/dicodusport.fr\/blog\/video-resume-lens-panathinaikos-barrage-aller-ligue-europa-conference\/#primaryimage"},"image":{"@id":"https:\/\/dicodusport.fr\/blog\/video-resume-lens-panathinaikos-barrage-aller-ligue-europa-conference\/#primaryimage"},"thumbnailUrl":"https:\/\/dicodusport.fr\/blog\/wp-content\/uploads\/2024\/08\/Video-Resume-Lens-Panathinaikos-barrage-aller-Ligue-Europa-Conference.png","datePublished":"2024-08-22T21:17:15+00:00","dateModified":"2024-08-23T07:07:12+00:00","description":"LIGUE EUROPA CONF\u00c9RENCE 2024\/2025 - Voici le r\u00e9sum\u00e9 vid\u00e9o du barrage aller de Ligue Europa Conf\u00e9rence entre Lens et le Panathina\u00efkos.","breadcrumb":{"@id":"https:\/\/dicodusport.fr\/blog\/video-resume-lens-panathinaikos-barrage-aller-ligue-europa-conference\/#breadcrumb"},"inLanguage":"fr-FR","potentialAction":[{"@type":"ReadAction","target":["https:\/\/dicodusport.fr\/blog\/video-resume-lens-panathinaikos-barrage-aller-ligue-europa-conference\/"]}]},{"@type":"ImageObject","inLanguage":"fr-FR","@id":"https:\/\/dicodusport.fr\/blog\/video-resume-lens-panathinaikos-barrage-aller-ligue-europa-conference\/#primaryimage","url":"https:\/\/dicodusport.fr\/blog\/wp-content\/uploads\/2024\/08\/Video-Resume-Lens-Panathinaikos-barrage-aller-Ligue-Europa-Conference.png","contentUrl":"https:\/\/dicodusport.fr\/blog\/wp-content\/uploads\/2024\/08\/Video-Resume-Lens-Panathinaikos-barrage-aller-Ligue-Europa-Conference.png","width":1200,"height":674,"caption":"[Vid\u00e9o] R\u00e9sum\u00e9 Lens - Panathina\u00efkos, barrage aller Ligue Europa Conf\u00e9rence"},{"@type":"BreadcrumbList","@id":"https:\/\/dicodusport.fr\/blog\/video-resume-lens-panathinaikos-barrage-aller-ligue-europa-conference\/#breadcrumb","itemListElement":[{"@type":"ListItem","position":1,"name":"Accueil","item":"https:\/\/dicodusport.fr\/blog\/"},{"@type":"ListItem","position":2,"name":"[Vid\u00e9o] R\u00e9sum\u00e9 Lens &#8211; Panathina\u00efkos, barrage aller Ligue Europa Conf\u00e9rence"}]},{"@type":"WebSite","@id":"https:\/\/dicodusport.fr\/blog\/#website","url":"https:\/\/dicodusport.fr\/blog\/","name":"Dicodusport","description":"L&#039;encyclop\u00e9die de l&#039;actualit\u00e9 sportive","publisher":{"@id":"https:\/\/dicodusport.fr\/blog\/#organization"},"potentialAction":[{"@type":"SearchAction","target":{"@type":"EntryPoint","urlTemplate":"https:\/\/dicodusport.fr\/blog\/?s={search_term_string}"},"query-input":{"@type":"PropertyValueSpecification","valueRequired":true,"valueName":"search_term_string"}}],"inLanguage":"fr-FR"},{"@type":"NewsMediaOrganization","@id":"https:\/\/dicodusport.fr\/blog\/#organization","name":"Dicodusport","url":"https:\/\/dicodusport.fr\/blog\/","logo":{"@type":"ImageObject","inLanguage":"fr-FR","@id":"https:\/\/dicodusport.fr\/blog\/#\/schema\/logo\/image\/","url":"https:\/\/dicodusport.fr\/blog\/wp-content\/uploads\/2020\/06\/cropped-LOGO-DICODUSPORT-2020-SANS-FOND-SANS-TEXTE.png","contentUrl":"https:\/\/dicodusport.fr\/blog\/wp-content\/uploads\/2020\/06\/cropped-LOGO-DICODUSPORT-2020-SANS-FOND-SANS-TEXTE.png","width":512,"height":512,"caption":"Dicodusport"},"image":{"@id":"https:\/\/dicodusport.fr\/blog\/#\/schema\/logo\/image\/"},"sameAs":["https:\/\/www.facebook.com\/dicodusport","https:\/\/x.com\/dicodusport","https:\/\/www.instagram.com\/dicodusport\/","https:\/\/www.youtube.com\/channel\/UC7V2KZ5sd3htJivAbA4ZG3w"],"description":"Dicodusport est l'encyclop\u00e9die de l'actualit\u00e9 sportive.","email":"bonjour@dicodusport.fr","legalName":"DICODUSPORT","foundingDate":"2018-01-14","vatID":"FR71834470973","taxID":"83447097300043","numberOfEmployees":{"@type":"QuantitativeValue","minValue":"1","maxValue":"10"}},{"@type":"Person","@id":"https:\/\/dicodusport.fr\/blog\/#\/schema\/person\/0c141de963d8493840348bb7df193da4","name":"Benjamin Cots","image":{"@type":"ImageObject","inLanguage":"fr-FR","@id":"https:\/\/dicodusport.fr\/blog\/#\/schema\/person\/image\/","url":"https:\/\/dicodusport.fr\/blog\/wp-content\/uploads\/2021\/04\/Maillot-Benji-Dicodusport-150x150.png","contentUrl":"https:\/\/dicodusport.fr\/blog\/wp-content\/uploads\/2021\/04\/Maillot-Benji-Dicodusport-150x150.png","caption":"Benjamin Cots"},"description":"Footballeur et fan des Girondins de Bordeaux depuis mon plus jeune \u00e2ge, le foot et le sport en g\u00e9n\u00e9ral ont rythm\u00e9 ma vie. Apr\u00e8s des \u00e9tudes en informatique, la cr\u00e9ation de Dicodusport \u00e9tait le parfait m\u00e9lange pour allier mes deux passions.","sameAs":["https:\/\/x.com\/https:\/\/twitter.com\/BenjaminCots"],"url":"https:\/\/dicodusport.fr\/blog\/author\/admin\/"}]}},"_links":{"self":[{"href":"https:\/\/dicodusport.fr\/blog\/wp-json\/wp\/v2\/posts\/514181","targetHints":{"allow":["GET"]}}],"collection":[{"href":"https:\/\/dicodusport.fr\/blog\/wp-json\/wp\/v2\/posts"}],"about":[{"href":"https:\/\/dicodusport.fr\/blog\/wp-json\/wp\/v2\/types\/post"}],"author":[{"embeddable":true,"href":"https:\/\/dicodusport.fr\/blog\/wp-json\/wp\/v2\/users\/2"}],"replies":[{"embeddable":true,"href":"https:\/\/dicodusport.fr\/blog\/wp-json\/wp\/v2\/comments?post=514181"}],"version-history":[{"count":4,"href":"https:\/\/dicodusport.fr\/blog\/wp-json\/wp\/v2\/posts\/514181\/revisions"}],"predecessor-version":[{"id":514216,"href":"https:\/\/dicodusport.fr\/blog\/wp-json\/wp\/v2\/posts\/514181\/revisions\/514216"}],"wp:featuredmedia":[{"embeddable":true,"href":"https:\/\/dicodusport.fr\/blog\/wp-json\/wp\/v2\/media\/514185"}],"wp:attachment":[{"href":"https:\/\/dicodusport.fr\/blog\/wp-json\/wp\/v2\/media?parent=514181"}],"wp:term":[{"taxonomy":"category","embeddable":true,"href":"https:\/\/dicodusport.fr\/blog\/wp-json\/wp\/v2\/categories?post=514181"},{"taxonomy":"post_tag","embeddable":true,"href":"https:\/\/dicodusport.fr\/blog\/wp-json\/wp\/v2\/tags?post=514181"}],"curies":[{"name":"wp","href":"https:\/\/api.w.org\/{rel}","templated":true}]}}