{"id":514243,"date":"2024-08-23T17:53:12","date_gmt":"2024-08-23T15:53:12","guid":{"rendered":"https:\/\/dicodusport.fr\/blog\/?p=514243&#038;preview=true&#038;preview_id=514243"},"modified":"2024-08-23T20:47:09","modified_gmt":"2024-08-23T18:47:09","slug":"tour-despagne-2024-wout-van-aert-domine-un-sprint-en-comite-reduit-sur-la-7e-etape","status":"publish","type":"post","link":"https:\/\/dicodusport.fr\/blog\/tour-despagne-2024-wout-van-aert-domine-un-sprint-en-comite-reduit-sur-la-7e-etape\/","title":{"rendered":"Tour d&rsquo;Espagne 2024 : Wout Van Aert domine un sprint en comit\u00e9 r\u00e9duit sur la 7e \u00e9tape"},"content":{"rendered":"<p style=\"text-align: justify;\"><em><strong><a href=\"https:\/\/dicodusport.fr\/blog\/actualites\/cyclisme\/cyclisme-sur-route-2024\/tour-espagne-2024\/\">TOUR D&rsquo;ESPAGNE 2024<\/a><\/strong><\/em><em><strong> &#8211; Wout Van Aert a lev\u00e9 les bras \u00e0 Cordoue dans un sprint en comit\u00e9 r\u00e9duit pour s&rsquo;offrir la 7e \u00e9tape. Le maillot vert a profit\u00e9 d&rsquo;un final d\u00e9li\u00e9 pour l&#8217;emporter en l&rsquo;absence de ses principaux rivaux. Le classement g\u00e9n\u00e9ral n&rsquo;a pas boug\u00e9.<\/strong><\/em><\/p>\n<p style=\"text-align: justify;\">Jeudi, le peloton du <strong>Tour d&rsquo;Espagne<\/strong> s&rsquo;est fait pi\u00e9ger en jouant au chat et \u00e0 la souris avec l&rsquo;\u00e9chapp\u00e9e. Ben O&rsquo;Connor en a profit\u00e9 pour faire coup double, et abordait une 7e \u00e9tape plus calme avec le maillot rouge. Entre <strong>Archidona<\/strong> et <strong>Cordoba<\/strong>, 180 kilom\u00e8tres \u00e9taient au programme, et le sc\u00e9nario encore ind\u00e9cis. Avec l&rsquo;Alto del 14% situ\u00e9 \u00e0 25 bornes de la ligne, les \u00e9quipes de sprinteurs allaient-elles contr\u00f4ler pour emmener un sprint massif ? Ou bien une \u00e9chapp\u00e9e irait-elle encore au bout ?<\/p>\n<ul style=\"text-align: justify;\">\n<li style=\"text-align: justify;\"><strong>\u00c0 ce sujet &#8211; <a href=\"https:\/\/dicodusport.fr\/blog\/tour-despagne-2024-classement-general-de-la-vuelta\/\">Tour d&rsquo;Espagne 2024 &#8211; Classement g\u00e9n\u00e9ral de la Vuelta<\/a><\/strong><\/li>\n<li style=\"text-align: justify;\"><strong>\u00c0 ce sujet &#8211;<\/strong>\u00a0<a href=\"https:\/\/dicodusport.fr\/blog\/tour-despagne-2024-classement-7eme-etape-de-la-vuelta\/\"><strong>Le classement de la 7\u00e8me \u00e9tape<\/strong><\/a><\/li>\n<\/ul>\n<h2 style=\"text-align: justify;\">Xabier Isasa s&rsquo;offre un long raid en solitaire<\/h2>\n<p style=\"text-align: justify;\">Comme lors des pr\u00e9c\u00e9dentes \u00e9tapes sans grosses difficult\u00e9s, les candidats \u00e0 l&rsquo;\u00e9chapp\u00e9e se font rares. Habituellement dans le coup, la Kern-Pharma passe son tour. En revanche, la <strong>Euskaltel-Euskadi<\/strong> va lancer en \u00e9claireur <strong>Xabier Isasa<\/strong>. La veille de son 23e anniversaire, le jeune basque se retrouve seul \u00e0 l&rsquo;avant, et va rapidement prendre plus de huit minutes d&rsquo;avance sur un peloton bien calme, o\u00f9 les diff\u00e9rentes \u00e9quipes semblent satisfaites d&rsquo;un sc\u00e9nario qui semble d\u00e9j\u00e0 \u00e9crit. L&rsquo;apr\u00e8s-midi va donc \u00eatre relativement calme, Isasa va donc rouler \u00e0 son rythme, voyant le peloton inexorablement se rapprocher.<\/p>\n<p style=\"text-align: justify;\">\u00c0 l&rsquo;approche du sprint interm\u00e9diaire situ\u00e9 \u00e0 40 kilom\u00e8tres de la ligne, l&rsquo;\u00e9cart fond \u00e0 vitesse grand V, mais il rafle tout de m\u00eame la premi\u00e8re place avant de se faire avaler. Derri\u00e8re, <strong>Kaden Groves<\/strong> (Alpecin-Deceuninck) et <strong>Wout Van Aert<\/strong> (Visma-Lease a bike) se mettent d&rsquo;accord. Le premier passe en deuxi\u00e8me position devant le second, sans qu&rsquo;une bataille n&rsquo;ait lieu.<\/p>\n<blockquote class=\"twitter-tweet\">\n<p dir=\"ltr\" lang=\"es\">\ud83c\udfc0\ud83d\ude0d How many UCI points for this basket?<\/p>\n<p>\ud83c\udfc0\ud83d\ude0f \u00bfCu\u00e1ntos puntos UCI vale esta canasta?<\/p>\n<p>\ud83d\udeb4\u200d\u2642\ufe0f <a href=\"https:\/\/twitter.com\/euskaltelteam?ref_src=twsrc%5Etfw\">@euskaltelteam<\/a> <a href=\"https:\/\/twitter.com\/hashtag\/LaVuelta24?src=hash&amp;ref_src=twsrc%5Etfw\">#LaVuelta24<\/a> <a href=\"https:\/\/t.co\/Evj7cJquPQ\">pic.twitter.com\/Evj7cJquPQ<\/a><\/p>\n<p>\u2014 La Vuelta (@lavuelta) <a href=\"https:\/\/twitter.com\/lavuelta\/status\/1826980349961756927?ref_src=twsrc%5Etfw\">August 23, 2024<\/a><\/p><\/blockquote>\n<p style=\"text-align: justify;\"><script async src=\"https:\/\/platform.twitter.com\/widgets.js\" charset=\"utf-8\"><\/script><\/p>\n<h2 style=\"text-align: justify;\">Un final totalement d\u00e9cousu<\/h2>\n<p style=\"text-align: justify;\">L&rsquo;Alto del 14% se rapproche et les leaders commencent \u00e0 se positionner dans cette ascension de plus de huit kilom\u00e8tres, agr\u00e9ment\u00e9e par un kilom\u00e8tre dantesque \u00e0 14% de moyenne. Suite \u00e0 un d\u00e9but d&rsquo;ascension calme, la <strong>Red Bull &#8211; Bora Hansgrohe<\/strong> va acc\u00e9l\u00e9rer le tempo et mettre dans les cordes de nombreux coureurs, dont l&rsquo;int\u00e9gralit\u00e9 des sprinteurs. Puis, <b>Primo\u017e Rogli\u010d<\/b>\u00a0va en rajouter une couche en pla\u00e7ant deux attaques successives avant de gratter les secondes de bonification au sommet. Il reste alors une vingtaine de coureurs dans le peloton, mais pas suffisamment pour contr\u00f4ler malgr\u00e9 des retours de l&rsquo;arri\u00e8re. <strong>Marc Soler<\/strong> (Team UAE) en profite alors pour prendre la poudre d&rsquo;escampette \u00e0 21 bornes de l&rsquo;arriv\u00e9e.<\/p>\n<p style=\"text-align: justify;\">Pi\u00e9g\u00e9 dans le groupe des favoris, <strong>Wout Van Aert<\/strong> va tenter d&rsquo;y aller seul, <strong>Sepp Kuss<\/strong> \u00e9galement, mais la formation <strong>UAE Team Emirates<\/strong> contr\u00f4le pour prot\u00e9ger Soler. Kuss va alors lui-m\u00eame se charger d&rsquo;aller chercher un Soler cram\u00e9 dans le final. Il reste alors trois kilom\u00e8tres, et un faux rythme s&rsquo;installe une fois l&rsquo;Espagnol de retour dans le rang. Un gros groupe va alors revenir de l&rsquo;arri\u00e8re pour essayer de prendre part au sprint, mais est condamn\u00e9 par les attaques de <strong>David Gaudu<\/strong> (Groupama-FDJ) et surtout <strong>Pavel Sivakov<\/strong> (Team UAE). Le Franco-russe fait mal, mais se fera attraper \u00e0 300m de la ligne.<\/p>\n<p style=\"text-align: justify;\">Vlasov fait le tempo avec <strong>Wout Van Aert<\/strong> dans sa roue. Le Belge se montre patient et d\u00e9clenche. Sans ses principaux rivaux, il va dominer les d\u00e9bats pour d\u00e9crocher avec aisance sa deuxi\u00e8me victoire de cette Vuelta. Derri\u00e8re lui, <strong>Mathias Vacek<\/strong> (Lidl-Trek) s&#8217;empare de la 2e place tandis que le surprenant <strong>Pau Miquel<\/strong> (Kern-Pharma) compl\u00e8te le podium. Van Aert s&rsquo;envole au classement du maillot vert, tandis que le classement g\u00e9n\u00e9ral n&rsquo;a lui pas boug\u00e9 malgr\u00e9 un final mouvement\u00e9.<\/p>\n<blockquote class=\"twitter-tweet\">\n<p dir=\"ltr\" lang=\"fr\">Wout van Aert remporte une deuxi\u00e8me \u00e9tape sur cette Vuelta ! Le Belge a rattrap\u00e9 Pavel Sivakov dans les derniers m\u00e8tres pour s&rsquo;imposer au sprint et conforter son maillot vert <a href=\"https:\/\/twitter.com\/hashtag\/LesRP?src=hash&amp;ref_src=twsrc%5Etfw\">#LesRP<\/a> <a href=\"https:\/\/t.co\/WzsYJK3T8S\">pic.twitter.com\/WzsYJK3T8S<\/a><\/p>\n<p>\u2014 Eurosport France (@Eurosport_FR) <a href=\"https:\/\/twitter.com\/Eurosport_FR\/status\/1827011067802722308?ref_src=twsrc%5Etfw\">August 23, 2024<\/a><\/p><\/blockquote>\n<p><script async src=\"https:\/\/platform.twitter.com\/widgets.js\" charset=\"utf-8\"><\/script><\/p>\n","protected":false},"excerpt":{"rendered":"<p>TOUR D&rsquo;ESPAGNE 2024 &#8211; Wout Van Aert a lev\u00e9 les bras \u00e0 Cordoue dans un sprint en comit\u00e9 r\u00e9duit pour s&rsquo;offrir la 7e \u00e9tape. Le maillot vert a profit\u00e9 d&rsquo;un final d\u00e9li\u00e9 pour l&#8217;emporter en l&rsquo;absence de ses principaux rivaux. Le classement g\u00e9n\u00e9ral n&rsquo;a pas boug\u00e9.<\/p>\n","protected":false},"author":55,"featured_media":514394,"comment_status":"open","ping_status":"closed","sticky":false,"template":"","format":"standard","meta":{"_acf_changed":false,"_daextam_enable_autolinks":"1","footnotes":""},"categories":[47042],"tags":[16878,24,1671,1670],"class_list":["post-514243","post","type-post","status-publish","format-standard","has-post-thumbnail","hentry","category-tour-d-espagne","tag-breve","tag-sport","tag-tour-despagne","tag-vuelta"],"acf":[],"yoast_head":"<!-- This site is optimized with the Yoast SEO Premium plugin v26.7 (Yoast SEO v26.7) - https:\/\/yoast.com\/wordpress\/plugins\/seo\/ -->\n<title>Tour d&#039;Espagne 2024 : Wout Van Aert domine un sprint en comit\u00e9 r\u00e9duit sur la 7e \u00e9tape<\/title>\n<meta name=\"description\" content=\"TOUR D&#039;ESPAGNE 2024 - Wout Van Aert s&#039;est impos\u00e9 avec aisance au sprint \u00e0 Cordoue, dans le cadre de la 7e \u00e9tape.\" \/>\n<meta name=\"robots\" content=\"index, follow, max-snippet:-1, max-image-preview:large, max-video-preview:-1\" \/>\n<link rel=\"canonical\" href=\"https:\/\/dicodusport.fr\/blog\/tour-despagne-2024-wout-van-aert-domine-un-sprint-en-comite-reduit-sur-la-7e-etape\/\" \/>\n<meta property=\"og:locale\" content=\"fr_FR\" \/>\n<meta property=\"og:type\" content=\"article\" \/>\n<meta property=\"og:title\" content=\"Tour d&#039;Espagne 2024 : Wout Van Aert domine un sprint en comit\u00e9 r\u00e9duit sur la 7e \u00e9tape\" \/>\n<meta property=\"og:description\" content=\"TOUR D&#039;ESPAGNE 2024 - Wout Van Aert s&#039;est impos\u00e9 avec aisance au sprint \u00e0 Cordoue, dans le cadre de la 7e \u00e9tape.\" \/>\n<meta property=\"og:url\" content=\"https:\/\/dicodusport.fr\/blog\/tour-despagne-2024-wout-van-aert-domine-un-sprint-en-comite-reduit-sur-la-7e-etape\/\" \/>\n<meta property=\"og:site_name\" content=\"Dicodusport\" \/>\n<meta property=\"article:publisher\" content=\"https:\/\/www.facebook.com\/dicodusport\" \/>\n<meta property=\"article:published_time\" content=\"2024-08-23T15:53:12+00:00\" \/>\n<meta property=\"article:modified_time\" content=\"2024-08-23T18:47:09+00:00\" \/>\n<meta property=\"og:image\" content=\"https:\/\/dicodusport.fr\/blog\/wp-content\/uploads\/2024\/08\/Tour-dEspagne-2024-Wout-Van-Aert-domine-un-sprint-en-comite-reduit-sur-la-7e-etape.png\" \/>\n\t<meta property=\"og:image:width\" content=\"1200\" \/>\n\t<meta property=\"og:image:height\" content=\"674\" \/>\n\t<meta property=\"og:image:type\" content=\"image\/png\" \/>\n<meta name=\"author\" content=\"Maxime Cazenave\" \/>\n<meta name=\"twitter:card\" content=\"summary_large_image\" \/>\n<meta name=\"twitter:title\" content=\"Tour d&#039;Espagne 2024 : Wout Van Aert domine un sprint en comit\u00e9 r\u00e9duit sur la 7e \u00e9tape\" \/>\n<meta name=\"twitter:creator\" content=\"@https:\/\/twitter.com\/Maxime_Caze\" \/>\n<meta name=\"twitter:site\" content=\"@dicodusport\" \/>\n<script type=\"application\/ld+json\" class=\"yoast-schema-graph\">{\"@context\":\"https:\/\/schema.org\",\"@graph\":[{\"@type\":\"NewsArticle\",\"@id\":\"https:\/\/dicodusport.fr\/blog\/tour-despagne-2024-wout-van-aert-domine-un-sprint-en-comite-reduit-sur-la-7e-etape\/#article\",\"isPartOf\":{\"@id\":\"https:\/\/dicodusport.fr\/blog\/tour-despagne-2024-wout-van-aert-domine-un-sprint-en-comite-reduit-sur-la-7e-etape\/\"},\"author\":{\"name\":\"Maxime Cazenave\",\"@id\":\"https:\/\/dicodusport.fr\/blog\/#\/schema\/person\/37def232098a7a5cbab3974a3690abb0\"},\"headline\":\"Tour d&rsquo;Espagne 2024 : Wout Van Aert domine un sprint en comit\u00e9 r\u00e9duit sur la 7e \u00e9tape\",\"datePublished\":\"2024-08-23T15:53:12+00:00\",\"dateModified\":\"2024-08-23T18:47:09+00:00\",\"mainEntityOfPage\":{\"@id\":\"https:\/\/dicodusport.fr\/blog\/tour-despagne-2024-wout-van-aert-domine-un-sprint-en-comite-reduit-sur-la-7e-etape\/\"},\"wordCount\":766,\"commentCount\":0,\"publisher\":{\"@id\":\"https:\/\/dicodusport.fr\/blog\/#organization\"},\"image\":{\"@id\":\"https:\/\/dicodusport.fr\/blog\/tour-despagne-2024-wout-van-aert-domine-un-sprint-en-comite-reduit-sur-la-7e-etape\/#primaryimage\"},\"thumbnailUrl\":\"https:\/\/dicodusport.fr\/blog\/wp-content\/uploads\/2024\/08\/Tour-dEspagne-2024-Wout-Van-Aert-domine-un-sprint-en-comite-reduit-sur-la-7e-etape.png\",\"keywords\":[\"br\u00e8ve\",\"sport\",\"Tour d'Espagne\",\"Vuelta\"],\"articleSection\":[\"Tour d'Espagne\"],\"inLanguage\":\"fr-FR\",\"potentialAction\":[{\"@type\":\"CommentAction\",\"name\":\"Comment\",\"target\":[\"https:\/\/dicodusport.fr\/blog\/tour-despagne-2024-wout-van-aert-domine-un-sprint-en-comite-reduit-sur-la-7e-etape\/#respond\"]}],\"copyrightYear\":\"2024\",\"copyrightHolder\":{\"@id\":\"https:\/\/dicodusport.fr\/blog\/#organization\"}},{\"@type\":\"WebPage\",\"@id\":\"https:\/\/dicodusport.fr\/blog\/tour-despagne-2024-wout-van-aert-domine-un-sprint-en-comite-reduit-sur-la-7e-etape\/\",\"url\":\"https:\/\/dicodusport.fr\/blog\/tour-despagne-2024-wout-van-aert-domine-un-sprint-en-comite-reduit-sur-la-7e-etape\/\",\"name\":\"Tour d'Espagne 2024 : Wout Van Aert domine un sprint en comit\u00e9 r\u00e9duit sur la 7e \u00e9tape\",\"isPartOf\":{\"@id\":\"https:\/\/dicodusport.fr\/blog\/#website\"},\"primaryImageOfPage\":{\"@id\":\"https:\/\/dicodusport.fr\/blog\/tour-despagne-2024-wout-van-aert-domine-un-sprint-en-comite-reduit-sur-la-7e-etape\/#primaryimage\"},\"image\":{\"@id\":\"https:\/\/dicodusport.fr\/blog\/tour-despagne-2024-wout-van-aert-domine-un-sprint-en-comite-reduit-sur-la-7e-etape\/#primaryimage\"},\"thumbnailUrl\":\"https:\/\/dicodusport.fr\/blog\/wp-content\/uploads\/2024\/08\/Tour-dEspagne-2024-Wout-Van-Aert-domine-un-sprint-en-comite-reduit-sur-la-7e-etape.png\",\"datePublished\":\"2024-08-23T15:53:12+00:00\",\"dateModified\":\"2024-08-23T18:47:09+00:00\",\"description\":\"TOUR D'ESPAGNE 2024 - Wout Van Aert s'est impos\u00e9 avec aisance au sprint \u00e0 Cordoue, dans le cadre de la 7e \u00e9tape.\",\"breadcrumb\":{\"@id\":\"https:\/\/dicodusport.fr\/blog\/tour-despagne-2024-wout-van-aert-domine-un-sprint-en-comite-reduit-sur-la-7e-etape\/#breadcrumb\"},\"inLanguage\":\"fr-FR\",\"potentialAction\":[{\"@type\":\"ReadAction\",\"target\":[\"https:\/\/dicodusport.fr\/blog\/tour-despagne-2024-wout-van-aert-domine-un-sprint-en-comite-reduit-sur-la-7e-etape\/\"]}]},{\"@type\":\"ImageObject\",\"inLanguage\":\"fr-FR\",\"@id\":\"https:\/\/dicodusport.fr\/blog\/tour-despagne-2024-wout-van-aert-domine-un-sprint-en-comite-reduit-sur-la-7e-etape\/#primaryimage\",\"url\":\"https:\/\/dicodusport.fr\/blog\/wp-content\/uploads\/2024\/08\/Tour-dEspagne-2024-Wout-Van-Aert-domine-un-sprint-en-comite-reduit-sur-la-7e-etape.png\",\"contentUrl\":\"https:\/\/dicodusport.fr\/blog\/wp-content\/uploads\/2024\/08\/Tour-dEspagne-2024-Wout-Van-Aert-domine-un-sprint-en-comite-reduit-sur-la-7e-etape.png\",\"width\":1200,\"height\":674,\"caption\":\"Tour d'Espagne 2024 Wout Van Aert domine un sprint en comit\u00e9 r\u00e9duit sur la 7e \u00e9tape\"},{\"@type\":\"BreadcrumbList\",\"@id\":\"https:\/\/dicodusport.fr\/blog\/tour-despagne-2024-wout-van-aert-domine-un-sprint-en-comite-reduit-sur-la-7e-etape\/#breadcrumb\",\"itemListElement\":[{\"@type\":\"ListItem\",\"position\":1,\"name\":\"Accueil\",\"item\":\"https:\/\/dicodusport.fr\/blog\/\"},{\"@type\":\"ListItem\",\"position\":2,\"name\":\"Tour d&#8217;Espagne 2024 : Wout Van Aert domine un sprint en comit\u00e9 r\u00e9duit sur la 7e \u00e9tape\"}]},{\"@type\":\"WebSite\",\"@id\":\"https:\/\/dicodusport.fr\/blog\/#website\",\"url\":\"https:\/\/dicodusport.fr\/blog\/\",\"name\":\"Dicodusport\",\"description\":\"L&#039;encyclop\u00e9die de l&#039;actualit\u00e9 sportive\",\"publisher\":{\"@id\":\"https:\/\/dicodusport.fr\/blog\/#organization\"},\"potentialAction\":[{\"@type\":\"SearchAction\",\"target\":{\"@type\":\"EntryPoint\",\"urlTemplate\":\"https:\/\/dicodusport.fr\/blog\/?s={search_term_string}\"},\"query-input\":{\"@type\":\"PropertyValueSpecification\",\"valueRequired\":true,\"valueName\":\"search_term_string\"}}],\"inLanguage\":\"fr-FR\"},{\"@type\":\"NewsMediaOrganization\",\"@id\":\"https:\/\/dicodusport.fr\/blog\/#organization\",\"name\":\"Dicodusport\",\"url\":\"https:\/\/dicodusport.fr\/blog\/\",\"logo\":{\"@type\":\"ImageObject\",\"inLanguage\":\"fr-FR\",\"@id\":\"https:\/\/dicodusport.fr\/blog\/#\/schema\/logo\/image\/\",\"url\":\"https:\/\/dicodusport.fr\/blog\/wp-content\/uploads\/2020\/06\/cropped-LOGO-DICODUSPORT-2020-SANS-FOND-SANS-TEXTE.png\",\"contentUrl\":\"https:\/\/dicodusport.fr\/blog\/wp-content\/uploads\/2020\/06\/cropped-LOGO-DICODUSPORT-2020-SANS-FOND-SANS-TEXTE.png\",\"width\":512,\"height\":512,\"caption\":\"Dicodusport\"},\"image\":{\"@id\":\"https:\/\/dicodusport.fr\/blog\/#\/schema\/logo\/image\/\"},\"sameAs\":[\"https:\/\/www.facebook.com\/dicodusport\",\"https:\/\/x.com\/dicodusport\",\"https:\/\/www.instagram.com\/dicodusport\/\",\"https:\/\/www.youtube.com\/channel\/UC7V2KZ5sd3htJivAbA4ZG3w\"],\"description\":\"Dicodusport est l'encyclop\u00e9die de l'actualit\u00e9 sportive.\",\"email\":\"bonjour@dicodusport.fr\",\"legalName\":\"DICODUSPORT\",\"foundingDate\":\"2018-01-14\",\"vatID\":\"FR71834470973\",\"taxID\":\"83447097300043\",\"numberOfEmployees\":{\"@type\":\"QuantitativeValue\",\"minValue\":\"1\",\"maxValue\":\"10\"}},{\"@type\":\"Person\",\"@id\":\"https:\/\/dicodusport.fr\/blog\/#\/schema\/person\/37def232098a7a5cbab3974a3690abb0\",\"name\":\"Maxime Cazenave\",\"image\":{\"@type\":\"ImageObject\",\"inLanguage\":\"fr-FR\",\"@id\":\"https:\/\/dicodusport.fr\/blog\/#\/schema\/person\/image\/\",\"url\":\"https:\/\/dicodusport.fr\/blog\/wp-content\/uploads\/2021\/05\/Maxime-Cazenave-150x150.jpg\",\"contentUrl\":\"https:\/\/dicodusport.fr\/blog\/wp-content\/uploads\/2021\/05\/Maxime-Cazenave-150x150.jpg\",\"caption\":\"Maxime Cazenave\"},\"description\":\"Journaliste\/R\u00e9dacteur depuis 2012 - Berc\u00e9 par l\u2019amour des Girondins de Bordeaux, les \u00e9checs de Christophe Moreau sur le Tour de France sous l'\u00e8re Lance Armstrong et le fade-away l\u00e9tal de Dirk Nowitzki, ma passion d\u00e9vorante pour le sport a toujours \u00e9t\u00e9 un pan incontournable de ma vie. Transmettre ma passion \u00e0 l\u2019\u00e9crit a \u00e9t\u00e9 une transition naturelle. Suiveur assidu de basket et de hockey sur glace, je garde toujours un peu de place pour suivre le cyclisme, le football et le maximum de performances fran\u00e7aises.\",\"sameAs\":[\"https:\/\/x.com\/https:\/\/twitter.com\/Maxime_Caze\"],\"url\":\"https:\/\/dicodusport.fr\/blog\/author\/maximec\/\"}]}<\/script>\n<!-- \/ Yoast SEO Premium plugin. -->","yoast_head_json":{"title":"Tour d'Espagne 2024 : Wout Van Aert domine un sprint en comit\u00e9 r\u00e9duit sur la 7e \u00e9tape","description":"TOUR D'ESPAGNE 2024 - Wout Van Aert s'est impos\u00e9 avec aisance au sprint \u00e0 Cordoue, dans le cadre de la 7e \u00e9tape.","robots":{"index":"index","follow":"follow","max-snippet":"max-snippet:-1","max-image-preview":"max-image-preview:large","max-video-preview":"max-video-preview:-1"},"canonical":"https:\/\/dicodusport.fr\/blog\/tour-despagne-2024-wout-van-aert-domine-un-sprint-en-comite-reduit-sur-la-7e-etape\/","og_locale":"fr_FR","og_type":"article","og_title":"Tour d'Espagne 2024 : Wout Van Aert domine un sprint en comit\u00e9 r\u00e9duit sur la 7e \u00e9tape","og_description":"TOUR D'ESPAGNE 2024 - Wout Van Aert s'est impos\u00e9 avec aisance au sprint \u00e0 Cordoue, dans le cadre de la 7e \u00e9tape.","og_url":"https:\/\/dicodusport.fr\/blog\/tour-despagne-2024-wout-van-aert-domine-un-sprint-en-comite-reduit-sur-la-7e-etape\/","og_site_name":"Dicodusport","article_publisher":"https:\/\/www.facebook.com\/dicodusport","article_published_time":"2024-08-23T15:53:12+00:00","article_modified_time":"2024-08-23T18:47:09+00:00","og_image":[{"width":1200,"height":674,"url":"https:\/\/dicodusport.fr\/blog\/wp-content\/uploads\/2024\/08\/Tour-dEspagne-2024-Wout-Van-Aert-domine-un-sprint-en-comite-reduit-sur-la-7e-etape.png","type":"image\/png"}],"author":"Maxime Cazenave","twitter_card":"summary_large_image","twitter_title":"Tour d'Espagne 2024 : Wout Van Aert domine un sprint en comit\u00e9 r\u00e9duit sur la 7e \u00e9tape","twitter_creator":"@https:\/\/twitter.com\/Maxime_Caze","twitter_site":"@dicodusport","schema":{"@context":"https:\/\/schema.org","@graph":[{"@type":"NewsArticle","@id":"https:\/\/dicodusport.fr\/blog\/tour-despagne-2024-wout-van-aert-domine-un-sprint-en-comite-reduit-sur-la-7e-etape\/#article","isPartOf":{"@id":"https:\/\/dicodusport.fr\/blog\/tour-despagne-2024-wout-van-aert-domine-un-sprint-en-comite-reduit-sur-la-7e-etape\/"},"author":{"name":"Maxime Cazenave","@id":"https:\/\/dicodusport.fr\/blog\/#\/schema\/person\/37def232098a7a5cbab3974a3690abb0"},"headline":"Tour d&rsquo;Espagne 2024 : Wout Van Aert domine un sprint en comit\u00e9 r\u00e9duit sur la 7e \u00e9tape","datePublished":"2024-08-23T15:53:12+00:00","dateModified":"2024-08-23T18:47:09+00:00","mainEntityOfPage":{"@id":"https:\/\/dicodusport.fr\/blog\/tour-despagne-2024-wout-van-aert-domine-un-sprint-en-comite-reduit-sur-la-7e-etape\/"},"wordCount":766,"commentCount":0,"publisher":{"@id":"https:\/\/dicodusport.fr\/blog\/#organization"},"image":{"@id":"https:\/\/dicodusport.fr\/blog\/tour-despagne-2024-wout-van-aert-domine-un-sprint-en-comite-reduit-sur-la-7e-etape\/#primaryimage"},"thumbnailUrl":"https:\/\/dicodusport.fr\/blog\/wp-content\/uploads\/2024\/08\/Tour-dEspagne-2024-Wout-Van-Aert-domine-un-sprint-en-comite-reduit-sur-la-7e-etape.png","keywords":["br\u00e8ve","sport","Tour d'Espagne","Vuelta"],"articleSection":["Tour d'Espagne"],"inLanguage":"fr-FR","potentialAction":[{"@type":"CommentAction","name":"Comment","target":["https:\/\/dicodusport.fr\/blog\/tour-despagne-2024-wout-van-aert-domine-un-sprint-en-comite-reduit-sur-la-7e-etape\/#respond"]}],"copyrightYear":"2024","copyrightHolder":{"@id":"https:\/\/dicodusport.fr\/blog\/#organization"}},{"@type":"WebPage","@id":"https:\/\/dicodusport.fr\/blog\/tour-despagne-2024-wout-van-aert-domine-un-sprint-en-comite-reduit-sur-la-7e-etape\/","url":"https:\/\/dicodusport.fr\/blog\/tour-despagne-2024-wout-van-aert-domine-un-sprint-en-comite-reduit-sur-la-7e-etape\/","name":"Tour d'Espagne 2024 : Wout Van Aert domine un sprint en comit\u00e9 r\u00e9duit sur la 7e \u00e9tape","isPartOf":{"@id":"https:\/\/dicodusport.fr\/blog\/#website"},"primaryImageOfPage":{"@id":"https:\/\/dicodusport.fr\/blog\/tour-despagne-2024-wout-van-aert-domine-un-sprint-en-comite-reduit-sur-la-7e-etape\/#primaryimage"},"image":{"@id":"https:\/\/dicodusport.fr\/blog\/tour-despagne-2024-wout-van-aert-domine-un-sprint-en-comite-reduit-sur-la-7e-etape\/#primaryimage"},"thumbnailUrl":"https:\/\/dicodusport.fr\/blog\/wp-content\/uploads\/2024\/08\/Tour-dEspagne-2024-Wout-Van-Aert-domine-un-sprint-en-comite-reduit-sur-la-7e-etape.png","datePublished":"2024-08-23T15:53:12+00:00","dateModified":"2024-08-23T18:47:09+00:00","description":"TOUR D'ESPAGNE 2024 - Wout Van Aert s'est impos\u00e9 avec aisance au sprint \u00e0 Cordoue, dans le cadre de la 7e \u00e9tape.","breadcrumb":{"@id":"https:\/\/dicodusport.fr\/blog\/tour-despagne-2024-wout-van-aert-domine-un-sprint-en-comite-reduit-sur-la-7e-etape\/#breadcrumb"},"inLanguage":"fr-FR","potentialAction":[{"@type":"ReadAction","target":["https:\/\/dicodusport.fr\/blog\/tour-despagne-2024-wout-van-aert-domine-un-sprint-en-comite-reduit-sur-la-7e-etape\/"]}]},{"@type":"ImageObject","inLanguage":"fr-FR","@id":"https:\/\/dicodusport.fr\/blog\/tour-despagne-2024-wout-van-aert-domine-un-sprint-en-comite-reduit-sur-la-7e-etape\/#primaryimage","url":"https:\/\/dicodusport.fr\/blog\/wp-content\/uploads\/2024\/08\/Tour-dEspagne-2024-Wout-Van-Aert-domine-un-sprint-en-comite-reduit-sur-la-7e-etape.png","contentUrl":"https:\/\/dicodusport.fr\/blog\/wp-content\/uploads\/2024\/08\/Tour-dEspagne-2024-Wout-Van-Aert-domine-un-sprint-en-comite-reduit-sur-la-7e-etape.png","width":1200,"height":674,"caption":"Tour d'Espagne 2024 Wout Van Aert domine un sprint en comit\u00e9 r\u00e9duit sur la 7e \u00e9tape"},{"@type":"BreadcrumbList","@id":"https:\/\/dicodusport.fr\/blog\/tour-despagne-2024-wout-van-aert-domine-un-sprint-en-comite-reduit-sur-la-7e-etape\/#breadcrumb","itemListElement":[{"@type":"ListItem","position":1,"name":"Accueil","item":"https:\/\/dicodusport.fr\/blog\/"},{"@type":"ListItem","position":2,"name":"Tour d&#8217;Espagne 2024 : Wout Van Aert domine un sprint en comit\u00e9 r\u00e9duit sur la 7e \u00e9tape"}]},{"@type":"WebSite","@id":"https:\/\/dicodusport.fr\/blog\/#website","url":"https:\/\/dicodusport.fr\/blog\/","name":"Dicodusport","description":"L&#039;encyclop\u00e9die de l&#039;actualit\u00e9 sportive","publisher":{"@id":"https:\/\/dicodusport.fr\/blog\/#organization"},"potentialAction":[{"@type":"SearchAction","target":{"@type":"EntryPoint","urlTemplate":"https:\/\/dicodusport.fr\/blog\/?s={search_term_string}"},"query-input":{"@type":"PropertyValueSpecification","valueRequired":true,"valueName":"search_term_string"}}],"inLanguage":"fr-FR"},{"@type":"NewsMediaOrganization","@id":"https:\/\/dicodusport.fr\/blog\/#organization","name":"Dicodusport","url":"https:\/\/dicodusport.fr\/blog\/","logo":{"@type":"ImageObject","inLanguage":"fr-FR","@id":"https:\/\/dicodusport.fr\/blog\/#\/schema\/logo\/image\/","url":"https:\/\/dicodusport.fr\/blog\/wp-content\/uploads\/2020\/06\/cropped-LOGO-DICODUSPORT-2020-SANS-FOND-SANS-TEXTE.png","contentUrl":"https:\/\/dicodusport.fr\/blog\/wp-content\/uploads\/2020\/06\/cropped-LOGO-DICODUSPORT-2020-SANS-FOND-SANS-TEXTE.png","width":512,"height":512,"caption":"Dicodusport"},"image":{"@id":"https:\/\/dicodusport.fr\/blog\/#\/schema\/logo\/image\/"},"sameAs":["https:\/\/www.facebook.com\/dicodusport","https:\/\/x.com\/dicodusport","https:\/\/www.instagram.com\/dicodusport\/","https:\/\/www.youtube.com\/channel\/UC7V2KZ5sd3htJivAbA4ZG3w"],"description":"Dicodusport est l'encyclop\u00e9die de l'actualit\u00e9 sportive.","email":"bonjour@dicodusport.fr","legalName":"DICODUSPORT","foundingDate":"2018-01-14","vatID":"FR71834470973","taxID":"83447097300043","numberOfEmployees":{"@type":"QuantitativeValue","minValue":"1","maxValue":"10"}},{"@type":"Person","@id":"https:\/\/dicodusport.fr\/blog\/#\/schema\/person\/37def232098a7a5cbab3974a3690abb0","name":"Maxime Cazenave","image":{"@type":"ImageObject","inLanguage":"fr-FR","@id":"https:\/\/dicodusport.fr\/blog\/#\/schema\/person\/image\/","url":"https:\/\/dicodusport.fr\/blog\/wp-content\/uploads\/2021\/05\/Maxime-Cazenave-150x150.jpg","contentUrl":"https:\/\/dicodusport.fr\/blog\/wp-content\/uploads\/2021\/05\/Maxime-Cazenave-150x150.jpg","caption":"Maxime Cazenave"},"description":"Journaliste\/R\u00e9dacteur depuis 2012 - Berc\u00e9 par l\u2019amour des Girondins de Bordeaux, les \u00e9checs de Christophe Moreau sur le Tour de France sous l'\u00e8re Lance Armstrong et le fade-away l\u00e9tal de Dirk Nowitzki, ma passion d\u00e9vorante pour le sport a toujours \u00e9t\u00e9 un pan incontournable de ma vie. Transmettre ma passion \u00e0 l\u2019\u00e9crit a \u00e9t\u00e9 une transition naturelle. Suiveur assidu de basket et de hockey sur glace, je garde toujours un peu de place pour suivre le cyclisme, le football et le maximum de performances fran\u00e7aises.","sameAs":["https:\/\/x.com\/https:\/\/twitter.com\/Maxime_Caze"],"url":"https:\/\/dicodusport.fr\/blog\/author\/maximec\/"}]}},"_links":{"self":[{"href":"https:\/\/dicodusport.fr\/blog\/wp-json\/wp\/v2\/posts\/514243","targetHints":{"allow":["GET"]}}],"collection":[{"href":"https:\/\/dicodusport.fr\/blog\/wp-json\/wp\/v2\/posts"}],"about":[{"href":"https:\/\/dicodusport.fr\/blog\/wp-json\/wp\/v2\/types\/post"}],"author":[{"embeddable":true,"href":"https:\/\/dicodusport.fr\/blog\/wp-json\/wp\/v2\/users\/55"}],"replies":[{"embeddable":true,"href":"https:\/\/dicodusport.fr\/blog\/wp-json\/wp\/v2\/comments?post=514243"}],"version-history":[{"count":5,"href":"https:\/\/dicodusport.fr\/blog\/wp-json\/wp\/v2\/posts\/514243\/revisions"}],"predecessor-version":[{"id":514380,"href":"https:\/\/dicodusport.fr\/blog\/wp-json\/wp\/v2\/posts\/514243\/revisions\/514380"}],"wp:featuredmedia":[{"embeddable":true,"href":"https:\/\/dicodusport.fr\/blog\/wp-json\/wp\/v2\/media\/514394"}],"wp:attachment":[{"href":"https:\/\/dicodusport.fr\/blog\/wp-json\/wp\/v2\/media?parent=514243"}],"wp:term":[{"taxonomy":"category","embeddable":true,"href":"https:\/\/dicodusport.fr\/blog\/wp-json\/wp\/v2\/categories?post=514243"},{"taxonomy":"post_tag","embeddable":true,"href":"https:\/\/dicodusport.fr\/blog\/wp-json\/wp\/v2\/tags?post=514243"}],"curies":[{"name":"wp","href":"https:\/\/api.w.org\/{rel}","templated":true}]}}