{"id":514444,"date":"2024-08-25T10:46:07","date_gmt":"2024-08-25T08:46:07","guid":{"rendered":"https:\/\/dicodusport.fr\/blog\/?p=514444&#038;preview=true&#038;preview_id=514444"},"modified":"2024-08-25T10:46:15","modified_gmt":"2024-08-25T08:46:15","slug":"bretagne-classic-2024-parcours-detaille-et-profil","status":"publish","type":"post","link":"https:\/\/dicodusport.fr\/blog\/bretagne-classic-2024-parcours-detaille-et-profil\/","title":{"rendered":"Bretagne Classic 2024 : Parcours d\u00e9taill\u00e9 et profil"},"content":{"rendered":"<p style=\"text-align: justify;\"><em><strong>BRETAGNE CLASSIC 2024 \u2013 La 88\u00e8me \u00e9dition de la Bretagne Classic, anciennement Grand Prix de Plouay, se d\u00e9roulera ce dimanche 25 ao\u00fbt 2024. L&rsquo;\u00e9preuve bretonne est inscrite au calendrier World Tour. 259,6 kilom\u00e8tres et 4 250 m\u00e8tres de d\u00e9nivel\u00e9 positif seront au programme des coureurs.<\/strong><\/em> <em><strong>Parcours et profil.\u00a0<\/strong><\/em><\/p>\n<ul>\n<li style=\"text-align: justify;\"><strong>\u00c0 ce sujet &#8211; <a href=\"https:\/\/dicodusport.fr\/blog\/cyclisme-calendrier-world-tour-2024\/\">Cyclisme \u2013 Calendrier World Tour 2024<\/a><\/strong><\/li>\n<\/ul>\n<h2 style=\"text-align: justify;\">Parcours de la Bretagne Classic 2024<\/h2>\n<p style=\"text-align: justify;\">Comme chaque \u00e9dition d\u00e9sormais, la <a href=\"https:\/\/www.letelegramme.fr\/sports\/cyclisme\/quel-est-le-parcours-de-la-bretagne-classic-2024-6645687.php\"><strong>Bretagne Classic<\/strong><\/a> va faire la part belle \u00e0 une grande partie du territoire breton. Au programme pour ce cru 2024, 259,6 km de course, pour 4 250 m\u00e8tres de d\u00e9nivel\u00e9. La course est r\u00e9put\u00e9e pour ses nombreuses petites mont\u00e9es et ses routes \u00e9troites, sur un parcours taill\u00e9 pour les puncheurs. Un parcours d\u00e9nu\u00e9 des c\u00e9l\u00e8bres chemins de gravier (\u00ab ribin \u00bb), retir\u00e9s pour cette \u00e9dition 2024.<\/p>\n<ul>\n<li style=\"text-align: justify;\"><strong>\u00c0 ce sujet &#8211; <a href=\"https:\/\/dicodusport.fr\/blog\/bretagne-classic-2024-engages-et-favoris\/\">Bretagne Classic 2024 : Engag\u00e9s et favoris<\/a><\/strong><\/li>\n<\/ul>\n<p style=\"text-align: justify;\">Ainsi, trente-deux communes seront travers\u00e9es tout au long d&rsquo;un trac\u00e9 en montagnes russes. Si la premi\u00e8re partie de course ne pr\u00e9sentera pas de difficult\u00e9s particuli\u00e8res, la seconde sera bien plus charg\u00e9e. Le <strong>Col de Toullaeron<\/strong> (2,6 km \u00e0 4,4%), \u00e0 un peu plus de 100 km de l&rsquo;arriv\u00e9e, sera le v\u00e9ritable point de d\u00e9part de l&rsquo;\u00e9preuve. Suivront onze difficult\u00e9s avant d&rsquo;arriver sur le circuit final.<\/p>\n<p style=\"text-align: justify;\">Les coureurs franchiront la ligne d&rsquo;arriv\u00e9e une premi\u00e8re fois pour un circuit de 11,7 kilom\u00e8tres comprenant les C\u00f4tes de <strong>Rostervel<\/strong> (1,4 km \u00e0 4,6 %), <strong>Le Lezot<\/strong> (0,8 km \u00e0 4,9%) et <strong>Kerscoulic<\/strong> (0,3 km \u00e0 6,2% avec un passage \u00e0 12 %). Cette derni\u00e8re se situera \u00e0 quatre kilom\u00e8tres de l&rsquo;arriv\u00e9e pour un final en descente. Le dernier kilom\u00e8tre sera l\u00e9g\u00e8rement montant. Qui succ\u00e9dera \u00e0 Valentin Madouas, <a href=\"https:\/\/dicodusport.fr\/blog\/bretagne-classic-2023-valentin-madouas-simpose-sur-ses-terres\/\">vainqueur de l&rsquo;\u00e9dition 2023<\/a> ? R\u00e9ponse ce dimanche sur les coups de 17h.<\/p>\n<div id=\"attachment_514447\" style=\"width: 1034px\" class=\"wp-caption alignnone\"><a href=\"https:\/\/dicodusport.fr\/blog\/wp-content\/uploads\/2024\/08\/Profil-du-circuit-final-de-la-Bretagne-Classic-2024.png\"><img loading=\"lazy\" decoding=\"async\" aria-describedby=\"caption-attachment-514447\" class=\"wp-image-514447 size-large\" src=\"https:\/\/dicodusport.fr\/blog\/wp-content\/uploads\/2024\/08\/Profil-du-circuit-final-de-la-Bretagne-Classic-2024-1024x391.png\" alt=\"\" width=\"1024\" height=\"391\" srcset=\"https:\/\/dicodusport.fr\/blog\/wp-content\/uploads\/2024\/08\/Profil-du-circuit-final-de-la-Bretagne-Classic-2024-1024x391.png 1024w, https:\/\/dicodusport.fr\/blog\/wp-content\/uploads\/2024\/08\/Profil-du-circuit-final-de-la-Bretagne-Classic-2024-300x115.png 300w, https:\/\/dicodusport.fr\/blog\/wp-content\/uploads\/2024\/08\/Profil-du-circuit-final-de-la-Bretagne-Classic-2024-768x293.png 768w, https:\/\/dicodusport.fr\/blog\/wp-content\/uploads\/2024\/08\/Profil-du-circuit-final-de-la-Bretagne-Classic-2024.png 1395w\" sizes=\"auto, (max-width: 1024px) 100vw, 1024px\" \/><\/a><p id=\"caption-attachment-514447\" class=\"wp-caption-text\">Profil Circuit final Bretagne Classic 2024<\/p><\/div>\n<h2 style=\"text-align: justify;\">Profil de la Bretagne Classic 2024<\/h2>\n<div id=\"attachment_514446\" style=\"width: 750px\" class=\"wp-caption aligncenter\"><a href=\"https:\/\/dicodusport.fr\/blog\/wp-content\/uploads\/2024\/08\/Profil-Bretagne-Classic-2024.png\"><img loading=\"lazy\" decoding=\"async\" aria-describedby=\"caption-attachment-514446\" class=\"wp-image-514446 size-large\" src=\"https:\/\/dicodusport.fr\/blog\/wp-content\/uploads\/2024\/08\/Profil-Bretagne-Classic-2024-1024x430.png\" alt=\"Profil Bretagne Classic 2024\" width=\"740\" height=\"311\" srcset=\"https:\/\/dicodusport.fr\/blog\/wp-content\/uploads\/2024\/08\/Profil-Bretagne-Classic-2024-1024x430.png 1024w, https:\/\/dicodusport.fr\/blog\/wp-content\/uploads\/2024\/08\/Profil-Bretagne-Classic-2024-300x126.png 300w, https:\/\/dicodusport.fr\/blog\/wp-content\/uploads\/2024\/08\/Profil-Bretagne-Classic-2024-768x323.png 768w, https:\/\/dicodusport.fr\/blog\/wp-content\/uploads\/2024\/08\/Profil-Bretagne-Classic-2024-1536x645.png 1536w, https:\/\/dicodusport.fr\/blog\/wp-content\/uploads\/2024\/08\/Profil-Bretagne-Classic-2024.png 1600w\" sizes=\"auto, (max-width: 740px) 100vw, 740px\" \/><\/a><p id=\"caption-attachment-514446\" class=\"wp-caption-text\">Profil Bretagne Classic 2024 &#8211; Via La Flamme Rouge<\/p><\/div>\n<ul>\n<li style=\"text-align: justify;\"><strong>\u00c0 ce sujet \u2013 <a href=\"https:\/\/dicodusport.fr\/blog\/actualites\/cyclisme\/cyclisme-sur-route-2024\/\">L\u2019actualit\u00e9 du cyclisme sur route<\/a><\/strong><\/li>\n<\/ul>\n<h2 style=\"text-align: justify;\">Palmar\u00e8s r\u00e9cent de la Bretagne Classic<\/h2>\n<p style=\"text-align: justify;\"><strong>2023 :<\/strong> MADOUAS Valentin &#8211; <a href=\"https:\/\/dicodusport.fr\/blog\/classement-bretagne-classic-2023\/\"><strong>Classement<\/strong><\/a><\/p>\n<p style=\"text-align: justify;\"><strong>2022 :<\/strong> VAN AERT Wout &#8211; <strong><a href=\"https:\/\/dicodusport.fr\/blog\/classement-bretagne-classic-2022\/\">Classement<\/a><\/strong><\/p>\n<p style=\"text-align: justify;\"><strong>2021 :<\/strong> COSNEFROY Beno\u00eet &#8211; <a href=\"https:\/\/dicodusport.fr\/blog\/bretagne-classic-2021-le-classement\/\"><strong>Classement<\/strong><\/a><\/p>\n<p style=\"text-align: justify;\"><strong>2020 :<\/strong> MATTHEWS Michael<\/p>\n<p style=\"text-align: justify;\"><strong>2019 :<\/strong> VANMARCKE Sep<\/p>\n<p style=\"text-align: justify;\"><strong>2018 :<\/strong> NAESEN Oliver<\/p>\n<p style=\"text-align: justify;\"><strong>2017 :<\/strong> VIVIANI Elia<\/p>\n<p style=\"text-align: justify;\"><strong>2016 :<\/strong> NAESEN Oliver<\/p>\n<p style=\"text-align: justify;\"><strong>2015 :<\/strong> KRISTOFF Alexander<\/p>\n<p style=\"text-align: justify;\"><strong>2014 :<\/strong> CHAVANEL Sylvain<\/p>\n<p style=\"text-align: justify;\"><strong>2013 :<\/strong> POZZATO Filippo<\/p>\n","protected":false},"excerpt":{"rendered":"<p>Parcours d\u00e9taill\u00e9 et profil de la Bretagne Classic 2024<\/p>\n","protected":false},"author":4,"featured_media":514448,"comment_status":"open","ping_status":"closed","sticky":false,"template":"","format":"standard","meta":{"_acf_changed":false,"_daextam_enable_autolinks":"1","footnotes":""},"categories":[46994],"tags":[8662,16878],"class_list":["post-514444","post","type-post","status-publish","format-standard","has-post-thumbnail","hentry","category-cyclisme-sur-route","tag-bretagne-classic","tag-breve"],"acf":[],"yoast_head":"<!-- This site is optimized with the Yoast SEO Premium plugin v26.7 (Yoast SEO v26.7) - https:\/\/yoast.com\/wordpress\/plugins\/seo\/ -->\n<title>Bretagne Classic 2024 : Parcours d\u00e9taill\u00e9 et profil<\/title>\n<meta name=\"description\" content=\"BRETAGNE CLASSIC 2023 \u2013 Parcours complet et profil de la 88\u00e8me \u00e9dition de la Bretagne Classic, qui se d\u00e9roule ce dimanche 25 ao\u00fbt 2024.\" \/>\n<meta name=\"robots\" content=\"index, follow, max-snippet:-1, max-image-preview:large, max-video-preview:-1\" \/>\n<link rel=\"canonical\" href=\"https:\/\/dicodusport.fr\/blog\/bretagne-classic-2024-parcours-detaille-et-profil\/\" \/>\n<meta property=\"og:locale\" content=\"fr_FR\" \/>\n<meta property=\"og:type\" content=\"article\" \/>\n<meta property=\"og:title\" content=\"Bretagne Classic 2024 : Parcours d\u00e9taill\u00e9 et profil\" \/>\n<meta property=\"og:description\" content=\"BRETAGNE CLASSIC 2023 \u2013 Parcours complet et profil de la 88\u00e8me \u00e9dition de la Bretagne Classic, qui se d\u00e9roule ce dimanche 25 ao\u00fbt 2024.\" \/>\n<meta property=\"og:url\" content=\"https:\/\/dicodusport.fr\/blog\/bretagne-classic-2024-parcours-detaille-et-profil\/\" \/>\n<meta property=\"og:site_name\" content=\"Dicodusport\" \/>\n<meta property=\"article:publisher\" content=\"https:\/\/www.facebook.com\/dicodusport\" \/>\n<meta property=\"article:author\" content=\"https:\/\/www.facebook.com\/florent.ostermann\" \/>\n<meta property=\"article:published_time\" content=\"2024-08-25T08:46:07+00:00\" \/>\n<meta property=\"article:modified_time\" content=\"2024-08-25T08:46:15+00:00\" \/>\n<meta property=\"og:image\" content=\"https:\/\/dicodusport.fr\/blog\/wp-content\/uploads\/2024\/08\/Bretagne-Classic-2024-Parcours-detaille-et-profil.png\" \/>\n\t<meta property=\"og:image:width\" content=\"1200\" \/>\n\t<meta property=\"og:image:height\" content=\"674\" \/>\n\t<meta property=\"og:image:type\" content=\"image\/png\" \/>\n<meta name=\"author\" content=\"Flo Ostermann\" \/>\n<meta name=\"twitter:card\" content=\"summary_large_image\" \/>\n<meta name=\"twitter:title\" content=\"Bretagne Classic 2024 : Parcours d\u00e9taill\u00e9 et profil\" \/>\n<meta name=\"twitter:creator\" content=\"@https:\/\/twitter.com\/FlOstermann\" \/>\n<meta name=\"twitter:site\" content=\"@dicodusport\" \/>\n<script type=\"application\/ld+json\" class=\"yoast-schema-graph\">{\"@context\":\"https:\/\/schema.org\",\"@graph\":[{\"@type\":\"NewsArticle\",\"@id\":\"https:\/\/dicodusport.fr\/blog\/bretagne-classic-2024-parcours-detaille-et-profil\/#article\",\"isPartOf\":{\"@id\":\"https:\/\/dicodusport.fr\/blog\/bretagne-classic-2024-parcours-detaille-et-profil\/\"},\"author\":{\"name\":\"Flo Ostermann\",\"@id\":\"https:\/\/dicodusport.fr\/blog\/#\/schema\/person\/cb02af4c173ce4a653b55e9baf388d4a\"},\"headline\":\"Bretagne Classic 2024 : Parcours d\u00e9taill\u00e9 et profil\",\"datePublished\":\"2024-08-25T08:46:07+00:00\",\"dateModified\":\"2024-08-25T08:46:15+00:00\",\"mainEntityOfPage\":{\"@id\":\"https:\/\/dicodusport.fr\/blog\/bretagne-classic-2024-parcours-detaille-et-profil\/\"},\"wordCount\":378,\"commentCount\":0,\"publisher\":{\"@id\":\"https:\/\/dicodusport.fr\/blog\/#organization\"},\"image\":{\"@id\":\"https:\/\/dicodusport.fr\/blog\/bretagne-classic-2024-parcours-detaille-et-profil\/#primaryimage\"},\"thumbnailUrl\":\"https:\/\/dicodusport.fr\/blog\/wp-content\/uploads\/2024\/08\/Bretagne-Classic-2024-Parcours-detaille-et-profil.png\",\"keywords\":[\"Bretagne Classic\",\"br\u00e8ve\"],\"articleSection\":[\"Cyclisme sur route\"],\"inLanguage\":\"fr-FR\",\"potentialAction\":[{\"@type\":\"CommentAction\",\"name\":\"Comment\",\"target\":[\"https:\/\/dicodusport.fr\/blog\/bretagne-classic-2024-parcours-detaille-et-profil\/#respond\"]}],\"copyrightYear\":\"2024\",\"copyrightHolder\":{\"@id\":\"https:\/\/dicodusport.fr\/blog\/#organization\"}},{\"@type\":\"WebPage\",\"@id\":\"https:\/\/dicodusport.fr\/blog\/bretagne-classic-2024-parcours-detaille-et-profil\/\",\"url\":\"https:\/\/dicodusport.fr\/blog\/bretagne-classic-2024-parcours-detaille-et-profil\/\",\"name\":\"Bretagne Classic 2024 : Parcours d\u00e9taill\u00e9 et profil\",\"isPartOf\":{\"@id\":\"https:\/\/dicodusport.fr\/blog\/#website\"},\"primaryImageOfPage\":{\"@id\":\"https:\/\/dicodusport.fr\/blog\/bretagne-classic-2024-parcours-detaille-et-profil\/#primaryimage\"},\"image\":{\"@id\":\"https:\/\/dicodusport.fr\/blog\/bretagne-classic-2024-parcours-detaille-et-profil\/#primaryimage\"},\"thumbnailUrl\":\"https:\/\/dicodusport.fr\/blog\/wp-content\/uploads\/2024\/08\/Bretagne-Classic-2024-Parcours-detaille-et-profil.png\",\"datePublished\":\"2024-08-25T08:46:07+00:00\",\"dateModified\":\"2024-08-25T08:46:15+00:00\",\"description\":\"BRETAGNE CLASSIC 2023 \u2013 Parcours complet et profil de la 88\u00e8me \u00e9dition de la Bretagne Classic, qui se d\u00e9roule ce dimanche 25 ao\u00fbt 2024.\",\"breadcrumb\":{\"@id\":\"https:\/\/dicodusport.fr\/blog\/bretagne-classic-2024-parcours-detaille-et-profil\/#breadcrumb\"},\"inLanguage\":\"fr-FR\",\"potentialAction\":[{\"@type\":\"ReadAction\",\"target\":[\"https:\/\/dicodusport.fr\/blog\/bretagne-classic-2024-parcours-detaille-et-profil\/\"]}]},{\"@type\":\"ImageObject\",\"inLanguage\":\"fr-FR\",\"@id\":\"https:\/\/dicodusport.fr\/blog\/bretagne-classic-2024-parcours-detaille-et-profil\/#primaryimage\",\"url\":\"https:\/\/dicodusport.fr\/blog\/wp-content\/uploads\/2024\/08\/Bretagne-Classic-2024-Parcours-detaille-et-profil.png\",\"contentUrl\":\"https:\/\/dicodusport.fr\/blog\/wp-content\/uploads\/2024\/08\/Bretagne-Classic-2024-Parcours-detaille-et-profil.png\",\"width\":1200,\"height\":674,\"caption\":\"Bretagne Classic 2024 Parcours d\u00e9taill\u00e9 et profil\"},{\"@type\":\"BreadcrumbList\",\"@id\":\"https:\/\/dicodusport.fr\/blog\/bretagne-classic-2024-parcours-detaille-et-profil\/#breadcrumb\",\"itemListElement\":[{\"@type\":\"ListItem\",\"position\":1,\"name\":\"Accueil\",\"item\":\"https:\/\/dicodusport.fr\/blog\/\"},{\"@type\":\"ListItem\",\"position\":2,\"name\":\"Bretagne Classic 2024 : Parcours d\u00e9taill\u00e9 et profil\"}]},{\"@type\":\"WebSite\",\"@id\":\"https:\/\/dicodusport.fr\/blog\/#website\",\"url\":\"https:\/\/dicodusport.fr\/blog\/\",\"name\":\"Dicodusport\",\"description\":\"L&#039;encyclop\u00e9die de l&#039;actualit\u00e9 sportive\",\"publisher\":{\"@id\":\"https:\/\/dicodusport.fr\/blog\/#organization\"},\"potentialAction\":[{\"@type\":\"SearchAction\",\"target\":{\"@type\":\"EntryPoint\",\"urlTemplate\":\"https:\/\/dicodusport.fr\/blog\/?s={search_term_string}\"},\"query-input\":{\"@type\":\"PropertyValueSpecification\",\"valueRequired\":true,\"valueName\":\"search_term_string\"}}],\"inLanguage\":\"fr-FR\"},{\"@type\":\"NewsMediaOrganization\",\"@id\":\"https:\/\/dicodusport.fr\/blog\/#organization\",\"name\":\"Dicodusport\",\"url\":\"https:\/\/dicodusport.fr\/blog\/\",\"logo\":{\"@type\":\"ImageObject\",\"inLanguage\":\"fr-FR\",\"@id\":\"https:\/\/dicodusport.fr\/blog\/#\/schema\/logo\/image\/\",\"url\":\"https:\/\/dicodusport.fr\/blog\/wp-content\/uploads\/2020\/06\/cropped-LOGO-DICODUSPORT-2020-SANS-FOND-SANS-TEXTE.png\",\"contentUrl\":\"https:\/\/dicodusport.fr\/blog\/wp-content\/uploads\/2020\/06\/cropped-LOGO-DICODUSPORT-2020-SANS-FOND-SANS-TEXTE.png\",\"width\":512,\"height\":512,\"caption\":\"Dicodusport\"},\"image\":{\"@id\":\"https:\/\/dicodusport.fr\/blog\/#\/schema\/logo\/image\/\"},\"sameAs\":[\"https:\/\/www.facebook.com\/dicodusport\",\"https:\/\/x.com\/dicodusport\",\"https:\/\/www.instagram.com\/dicodusport\/\",\"https:\/\/www.youtube.com\/channel\/UC7V2KZ5sd3htJivAbA4ZG3w\"],\"description\":\"Dicodusport est l'encyclop\u00e9die de l'actualit\u00e9 sportive.\",\"email\":\"bonjour@dicodusport.fr\",\"legalName\":\"DICODUSPORT\",\"foundingDate\":\"2018-01-14\",\"vatID\":\"FR71834470973\",\"taxID\":\"83447097300043\",\"numberOfEmployees\":{\"@type\":\"QuantitativeValue\",\"minValue\":\"1\",\"maxValue\":\"10\"}},{\"@type\":\"Person\",\"@id\":\"https:\/\/dicodusport.fr\/blog\/#\/schema\/person\/cb02af4c173ce4a653b55e9baf388d4a\",\"name\":\"Flo Ostermann\",\"image\":{\"@type\":\"ImageObject\",\"inLanguage\":\"fr-FR\",\"@id\":\"https:\/\/dicodusport.fr\/blog\/#\/schema\/person\/image\/\",\"url\":\"https:\/\/dicodusport.fr\/blog\/wp-content\/uploads\/2021\/05\/Flo-Ostermann-150x150.jpg\",\"contentUrl\":\"https:\/\/dicodusport.fr\/blog\/wp-content\/uploads\/2021\/05\/Flo-Ostermann-150x150.jpg\",\"caption\":\"Flo Ostermann\"},\"description\":\"Journaliste\/R\u00e9dacteur depuis septembre 2015 - Mes premiers souvenirs dans le sport ? Les envol\u00e9es du Stade Toulousain et les duels Villeneuve-Schumacher et H\u00e4kkinen-Schumacher \u00e0 la fin des ann\u00e9es 90, la Coupe du monde de football en 1998, l\u2019exploit du XV de France face aux All Blacks en 1999, mais aussi Richard C\u0153ur de Lion qui vole sur les montagnes du Tour de France. Bien parti pour devenir professeur d\u2019EPS, les \u00e9v\u00e9nements de la vie (et la flemme d\u2019animer des s\u00e9ances de 3x500 m\u00e8tres toute ma vie) m\u2019ont conduit \u00e0 revoir mes plans. Me voil\u00e0 depuis fin 2017 sur Dicodusport, m\u00e9dia gr\u00e2ce (et pour) lequel je partage ma passion : le sport dans tous ses \u00e9tats. Le tout accompagn\u00e9 par les fous furieux et folles furieuses cit\u00e9s sur cette page !\",\"sameAs\":[\"https:\/\/www.facebook.com\/florent.ostermann\",\"https:\/\/x.com\/https:\/\/twitter.com\/FlOstermann\",\"admin\"],\"url\":\"https:\/\/dicodusport.fr\/blog\/author\/flo\/\"}]}<\/script>\n<!-- \/ Yoast SEO Premium plugin. -->","yoast_head_json":{"title":"Bretagne Classic 2024 : Parcours d\u00e9taill\u00e9 et profil","description":"BRETAGNE CLASSIC 2023 \u2013 Parcours complet et profil de la 88\u00e8me \u00e9dition de la Bretagne Classic, qui se d\u00e9roule ce dimanche 25 ao\u00fbt 2024.","robots":{"index":"index","follow":"follow","max-snippet":"max-snippet:-1","max-image-preview":"max-image-preview:large","max-video-preview":"max-video-preview:-1"},"canonical":"https:\/\/dicodusport.fr\/blog\/bretagne-classic-2024-parcours-detaille-et-profil\/","og_locale":"fr_FR","og_type":"article","og_title":"Bretagne Classic 2024 : Parcours d\u00e9taill\u00e9 et profil","og_description":"BRETAGNE CLASSIC 2023 \u2013 Parcours complet et profil de la 88\u00e8me \u00e9dition de la Bretagne Classic, qui se d\u00e9roule ce dimanche 25 ao\u00fbt 2024.","og_url":"https:\/\/dicodusport.fr\/blog\/bretagne-classic-2024-parcours-detaille-et-profil\/","og_site_name":"Dicodusport","article_publisher":"https:\/\/www.facebook.com\/dicodusport","article_author":"https:\/\/www.facebook.com\/florent.ostermann","article_published_time":"2024-08-25T08:46:07+00:00","article_modified_time":"2024-08-25T08:46:15+00:00","og_image":[{"width":1200,"height":674,"url":"https:\/\/dicodusport.fr\/blog\/wp-content\/uploads\/2024\/08\/Bretagne-Classic-2024-Parcours-detaille-et-profil.png","type":"image\/png"}],"author":"Flo Ostermann","twitter_card":"summary_large_image","twitter_title":"Bretagne Classic 2024 : Parcours d\u00e9taill\u00e9 et profil","twitter_creator":"@https:\/\/twitter.com\/FlOstermann","twitter_site":"@dicodusport","schema":{"@context":"https:\/\/schema.org","@graph":[{"@type":"NewsArticle","@id":"https:\/\/dicodusport.fr\/blog\/bretagne-classic-2024-parcours-detaille-et-profil\/#article","isPartOf":{"@id":"https:\/\/dicodusport.fr\/blog\/bretagne-classic-2024-parcours-detaille-et-profil\/"},"author":{"name":"Flo Ostermann","@id":"https:\/\/dicodusport.fr\/blog\/#\/schema\/person\/cb02af4c173ce4a653b55e9baf388d4a"},"headline":"Bretagne Classic 2024 : Parcours d\u00e9taill\u00e9 et profil","datePublished":"2024-08-25T08:46:07+00:00","dateModified":"2024-08-25T08:46:15+00:00","mainEntityOfPage":{"@id":"https:\/\/dicodusport.fr\/blog\/bretagne-classic-2024-parcours-detaille-et-profil\/"},"wordCount":378,"commentCount":0,"publisher":{"@id":"https:\/\/dicodusport.fr\/blog\/#organization"},"image":{"@id":"https:\/\/dicodusport.fr\/blog\/bretagne-classic-2024-parcours-detaille-et-profil\/#primaryimage"},"thumbnailUrl":"https:\/\/dicodusport.fr\/blog\/wp-content\/uploads\/2024\/08\/Bretagne-Classic-2024-Parcours-detaille-et-profil.png","keywords":["Bretagne Classic","br\u00e8ve"],"articleSection":["Cyclisme sur route"],"inLanguage":"fr-FR","potentialAction":[{"@type":"CommentAction","name":"Comment","target":["https:\/\/dicodusport.fr\/blog\/bretagne-classic-2024-parcours-detaille-et-profil\/#respond"]}],"copyrightYear":"2024","copyrightHolder":{"@id":"https:\/\/dicodusport.fr\/blog\/#organization"}},{"@type":"WebPage","@id":"https:\/\/dicodusport.fr\/blog\/bretagne-classic-2024-parcours-detaille-et-profil\/","url":"https:\/\/dicodusport.fr\/blog\/bretagne-classic-2024-parcours-detaille-et-profil\/","name":"Bretagne Classic 2024 : Parcours d\u00e9taill\u00e9 et profil","isPartOf":{"@id":"https:\/\/dicodusport.fr\/blog\/#website"},"primaryImageOfPage":{"@id":"https:\/\/dicodusport.fr\/blog\/bretagne-classic-2024-parcours-detaille-et-profil\/#primaryimage"},"image":{"@id":"https:\/\/dicodusport.fr\/blog\/bretagne-classic-2024-parcours-detaille-et-profil\/#primaryimage"},"thumbnailUrl":"https:\/\/dicodusport.fr\/blog\/wp-content\/uploads\/2024\/08\/Bretagne-Classic-2024-Parcours-detaille-et-profil.png","datePublished":"2024-08-25T08:46:07+00:00","dateModified":"2024-08-25T08:46:15+00:00","description":"BRETAGNE CLASSIC 2023 \u2013 Parcours complet et profil de la 88\u00e8me \u00e9dition de la Bretagne Classic, qui se d\u00e9roule ce dimanche 25 ao\u00fbt 2024.","breadcrumb":{"@id":"https:\/\/dicodusport.fr\/blog\/bretagne-classic-2024-parcours-detaille-et-profil\/#breadcrumb"},"inLanguage":"fr-FR","potentialAction":[{"@type":"ReadAction","target":["https:\/\/dicodusport.fr\/blog\/bretagne-classic-2024-parcours-detaille-et-profil\/"]}]},{"@type":"ImageObject","inLanguage":"fr-FR","@id":"https:\/\/dicodusport.fr\/blog\/bretagne-classic-2024-parcours-detaille-et-profil\/#primaryimage","url":"https:\/\/dicodusport.fr\/blog\/wp-content\/uploads\/2024\/08\/Bretagne-Classic-2024-Parcours-detaille-et-profil.png","contentUrl":"https:\/\/dicodusport.fr\/blog\/wp-content\/uploads\/2024\/08\/Bretagne-Classic-2024-Parcours-detaille-et-profil.png","width":1200,"height":674,"caption":"Bretagne Classic 2024 Parcours d\u00e9taill\u00e9 et profil"},{"@type":"BreadcrumbList","@id":"https:\/\/dicodusport.fr\/blog\/bretagne-classic-2024-parcours-detaille-et-profil\/#breadcrumb","itemListElement":[{"@type":"ListItem","position":1,"name":"Accueil","item":"https:\/\/dicodusport.fr\/blog\/"},{"@type":"ListItem","position":2,"name":"Bretagne Classic 2024 : Parcours d\u00e9taill\u00e9 et profil"}]},{"@type":"WebSite","@id":"https:\/\/dicodusport.fr\/blog\/#website","url":"https:\/\/dicodusport.fr\/blog\/","name":"Dicodusport","description":"L&#039;encyclop\u00e9die de l&#039;actualit\u00e9 sportive","publisher":{"@id":"https:\/\/dicodusport.fr\/blog\/#organization"},"potentialAction":[{"@type":"SearchAction","target":{"@type":"EntryPoint","urlTemplate":"https:\/\/dicodusport.fr\/blog\/?s={search_term_string}"},"query-input":{"@type":"PropertyValueSpecification","valueRequired":true,"valueName":"search_term_string"}}],"inLanguage":"fr-FR"},{"@type":"NewsMediaOrganization","@id":"https:\/\/dicodusport.fr\/blog\/#organization","name":"Dicodusport","url":"https:\/\/dicodusport.fr\/blog\/","logo":{"@type":"ImageObject","inLanguage":"fr-FR","@id":"https:\/\/dicodusport.fr\/blog\/#\/schema\/logo\/image\/","url":"https:\/\/dicodusport.fr\/blog\/wp-content\/uploads\/2020\/06\/cropped-LOGO-DICODUSPORT-2020-SANS-FOND-SANS-TEXTE.png","contentUrl":"https:\/\/dicodusport.fr\/blog\/wp-content\/uploads\/2020\/06\/cropped-LOGO-DICODUSPORT-2020-SANS-FOND-SANS-TEXTE.png","width":512,"height":512,"caption":"Dicodusport"},"image":{"@id":"https:\/\/dicodusport.fr\/blog\/#\/schema\/logo\/image\/"},"sameAs":["https:\/\/www.facebook.com\/dicodusport","https:\/\/x.com\/dicodusport","https:\/\/www.instagram.com\/dicodusport\/","https:\/\/www.youtube.com\/channel\/UC7V2KZ5sd3htJivAbA4ZG3w"],"description":"Dicodusport est l'encyclop\u00e9die de l'actualit\u00e9 sportive.","email":"bonjour@dicodusport.fr","legalName":"DICODUSPORT","foundingDate":"2018-01-14","vatID":"FR71834470973","taxID":"83447097300043","numberOfEmployees":{"@type":"QuantitativeValue","minValue":"1","maxValue":"10"}},{"@type":"Person","@id":"https:\/\/dicodusport.fr\/blog\/#\/schema\/person\/cb02af4c173ce4a653b55e9baf388d4a","name":"Flo Ostermann","image":{"@type":"ImageObject","inLanguage":"fr-FR","@id":"https:\/\/dicodusport.fr\/blog\/#\/schema\/person\/image\/","url":"https:\/\/dicodusport.fr\/blog\/wp-content\/uploads\/2021\/05\/Flo-Ostermann-150x150.jpg","contentUrl":"https:\/\/dicodusport.fr\/blog\/wp-content\/uploads\/2021\/05\/Flo-Ostermann-150x150.jpg","caption":"Flo Ostermann"},"description":"Journaliste\/R\u00e9dacteur depuis septembre 2015 - Mes premiers souvenirs dans le sport ? Les envol\u00e9es du Stade Toulousain et les duels Villeneuve-Schumacher et H\u00e4kkinen-Schumacher \u00e0 la fin des ann\u00e9es 90, la Coupe du monde de football en 1998, l\u2019exploit du XV de France face aux All Blacks en 1999, mais aussi Richard C\u0153ur de Lion qui vole sur les montagnes du Tour de France. Bien parti pour devenir professeur d\u2019EPS, les \u00e9v\u00e9nements de la vie (et la flemme d\u2019animer des s\u00e9ances de 3x500 m\u00e8tres toute ma vie) m\u2019ont conduit \u00e0 revoir mes plans. Me voil\u00e0 depuis fin 2017 sur Dicodusport, m\u00e9dia gr\u00e2ce (et pour) lequel je partage ma passion : le sport dans tous ses \u00e9tats. Le tout accompagn\u00e9 par les fous furieux et folles furieuses cit\u00e9s sur cette page !","sameAs":["https:\/\/www.facebook.com\/florent.ostermann","https:\/\/x.com\/https:\/\/twitter.com\/FlOstermann","admin"],"url":"https:\/\/dicodusport.fr\/blog\/author\/flo\/"}]}},"_links":{"self":[{"href":"https:\/\/dicodusport.fr\/blog\/wp-json\/wp\/v2\/posts\/514444","targetHints":{"allow":["GET"]}}],"collection":[{"href":"https:\/\/dicodusport.fr\/blog\/wp-json\/wp\/v2\/posts"}],"about":[{"href":"https:\/\/dicodusport.fr\/blog\/wp-json\/wp\/v2\/types\/post"}],"author":[{"embeddable":true,"href":"https:\/\/dicodusport.fr\/blog\/wp-json\/wp\/v2\/users\/4"}],"replies":[{"embeddable":true,"href":"https:\/\/dicodusport.fr\/blog\/wp-json\/wp\/v2\/comments?post=514444"}],"version-history":[{"count":5,"href":"https:\/\/dicodusport.fr\/blog\/wp-json\/wp\/v2\/posts\/514444\/revisions"}],"predecessor-version":[{"id":514765,"href":"https:\/\/dicodusport.fr\/blog\/wp-json\/wp\/v2\/posts\/514444\/revisions\/514765"}],"wp:featuredmedia":[{"embeddable":true,"href":"https:\/\/dicodusport.fr\/blog\/wp-json\/wp\/v2\/media\/514448"}],"wp:attachment":[{"href":"https:\/\/dicodusport.fr\/blog\/wp-json\/wp\/v2\/media?parent=514444"}],"wp:term":[{"taxonomy":"category","embeddable":true,"href":"https:\/\/dicodusport.fr\/blog\/wp-json\/wp\/v2\/categories?post=514444"},{"taxonomy":"post_tag","embeddable":true,"href":"https:\/\/dicodusport.fr\/blog\/wp-json\/wp\/v2\/tags?post=514444"}],"curies":[{"name":"wp","href":"https:\/\/api.w.org\/{rel}","templated":true}]}}