{"id":514776,"date":"2024-08-25T12:02:04","date_gmt":"2024-08-25T10:02:04","guid":{"rendered":"https:\/\/dicodusport.fr\/blog\/?p=514776&#038;preview=true&#038;preview_id=514776"},"modified":"2024-08-25T12:47:39","modified_gmt":"2024-08-25T10:47:39","slug":"transferts-om-marseille-veut-yacine-adli","status":"publish","type":"post","link":"https:\/\/dicodusport.fr\/blog\/transferts-om-marseille-veut-yacine-adli\/","title":{"rendered":"Transferts OM : Marseille veut Yacine Adli"},"content":{"rendered":"<p style=\"text-align: justify;\"><strong><em>LIGUE 1 2024-2025 &#8211; Selon Foot Mercato, l&rsquo;Olympique de Marseille piste Yacine Adli pour remplacer Jordan Veretout.<\/em><\/strong><\/p>\n<p style=\"text-align: justify;\">Malgr\u00e9 un tr\u00e8s bon premier match sur la pelouse du Stade Brestois, l&rsquo;<strong>Olympique de Marseille<\/strong> est toujours tr\u00e8s actif sur le march\u00e9 des transferts. L&rsquo;ailier anglais <strong>Jonathan<\/strong> <strong>Rowe<\/strong> vient de s&rsquo;engager avec les Olympiens qui sont toujours en qu\u00eate d&rsquo;un avant-centre. <strong>Neal<\/strong> <strong>Maupay<\/strong> tient toujours la corde m\u00eame si aucun accord n&rsquo;a \u00e9t\u00e9 trouv\u00e9 entre l&rsquo;<strong>OM<\/strong> et <strong>Everton<\/strong>.<\/p>\n<ul style=\"text-align: justify;\">\n<li style=\"text-align: justify;\"><strong>\u00c0 ce sujet &#8211; <a title=\"Mercato OM : Tableau des transferts 2024-2025\" href=\"https:\/\/dicodusport.fr\/blog\/mercato-om-tableau-des-transferts-2024-2025\/\" rel=\"\">Mercato OM : Tableau des transferts 2024-2025<\/a><\/strong><\/li>\n<\/ul>\n<h2 style=\"text-align: justify;\">Yacine Adli pour remplacer Jordan Veretout \u00e0 l&rsquo;OM ?<\/h2>\n<p style=\"text-align: justify;\">Alors que l&rsquo;on pensait qu&rsquo;un avant-centre serait la derni\u00e8re recrue du mercato de l&rsquo;<strong>Olympique de Marseille<\/strong>, <strong>Yacine<\/strong> <strong>Adli<\/strong> est aussi pist\u00e9. Les Phoc\u00e9ens voudraient recruter le joueur du <strong>Milan<\/strong> <strong>AC<\/strong> pour remplacer Jordan Veretout. L&rsquo;international fran\u00e7ais est devenu ind\u00e9sirable \u00e0 <strong>Marseille<\/strong> et cherche un nouveau point de chute pour se relancer.<\/p>\n<p style=\"text-align: justify;\">Si <strong>Jordan Veretout<\/strong> trouve une porte de sortie, l&rsquo;<strong>OM<\/strong> voudrait donc obtenir le pr\u00eat de <strong>Yacine<\/strong> <strong>Adli<\/strong>. Le Fran\u00e7ais reste sur une belle saison avec les <em>Rossoneri<\/em> et pas moins de 33 matchs disput\u00e9s. Si l&rsquo;int\u00e9r\u00eat de l&rsquo;<strong>Olympique de Marseille<\/strong> est r\u00e9el, il va falloir convaincre le club italien de laisser filer un joueur qui entre dans la rotation.<\/p>\n<blockquote class=\"twitter-tweet\">\n<p dir=\"ltr\" lang=\"fr\">\ud83d\udea8\ud83d\udea8L\u2019OM est int\u00e9ress\u00e9 par Yacine Adli \ud83c\uddeb\ud83c\uddf7 !!!!!<\/p>\n<p>\ud83d\udc40 Le joueur entretient d&rsquo;excellentes relations avec Benatia \ud83c\uddf2\ud83c\udde6 !!!!<\/p>\n<p>\ud83d\udcb0L&rsquo;id\u00e9e de l\u2019OM serait de demander un pr\u00eat \u00e0 Milan avec option d&rsquo;achat !!!!<\/p>\n<p>\ud83d\uddde\ufe0f <a href=\"https:\/\/twitter.com\/86_longo?ref_src=twsrc%5Etfw\">@86_longo<\/a> <a href=\"https:\/\/t.co\/t1TXkYRC4Q\">pic.twitter.com\/t1TXkYRC4Q<\/a><\/p>\n<p>\u2014 \ud835\udc01\ud835\udc1e\ud835\udc0e\ud835\udc0c (@Be_OM13) <a href=\"https:\/\/twitter.com\/Be_OM13\/status\/1827382160770191791?ref_src=twsrc%5Etfw\">August 24, 2024<\/a><\/p><\/blockquote>\n<p style=\"text-align: justify;\"><script async src=\"https:\/\/platform.twitter.com\/widgets.js\" charset=\"utf-8\"><\/script><\/p>\n","protected":false},"excerpt":{"rendered":"<p>LIGUE 1 2024-2025 &#8211; Selon Foot Mercato, l&rsquo;Olympique de Marseille piste Yacine Adli pour remplacer Jordan Veretout.<\/p>\n","protected":false},"author":1,"featured_media":514779,"comment_status":"open","ping_status":"closed","sticky":false,"template":"","format":"standard","meta":{"_acf_changed":false,"_daextam_enable_autolinks":"1","footnotes":""},"categories":[2301,47045],"tags":[16878,75,1554,446,1555,41344,2832],"class_list":["post-514776","post","type-post","status-publish","format-standard","has-post-thumbnail","hentry","category-football","category-ligue-1","tag-breve","tag-football","tag-ligue-1","tag-marseille","tag-mercato","tag-mercatom","tag-transferts"],"acf":[],"yoast_head":"<!-- This site is optimized with the Yoast SEO Premium plugin v26.7 (Yoast SEO v26.7) - https:\/\/yoast.com\/wordpress\/plugins\/seo\/ -->\n<title>Transferts OM : Marseille veut Yacine Adli<\/title>\n<meta name=\"description\" content=\"LIGUE 1 2024-2025 - Selon Foot Mercato, l&#039;Olympique de Marseille piste Yacine Adli pour remplacer Jordan Veretout.\" \/>\n<meta name=\"robots\" content=\"index, follow, max-snippet:-1, max-image-preview:large, max-video-preview:-1\" \/>\n<link rel=\"canonical\" href=\"https:\/\/dicodusport.fr\/blog\/transferts-om-marseille-veut-yacine-adli\/\" \/>\n<meta property=\"og:locale\" content=\"fr_FR\" \/>\n<meta property=\"og:type\" content=\"article\" \/>\n<meta property=\"og:title\" content=\"Transferts OM : Marseille veut Yacine Adli\" \/>\n<meta property=\"og:description\" content=\"LIGUE 1 2024-2025 - Selon Foot Mercato, l&#039;Olympique de Marseille piste Yacine Adli pour remplacer Jordan Veretout.\" \/>\n<meta property=\"og:url\" content=\"https:\/\/dicodusport.fr\/blog\/transferts-om-marseille-veut-yacine-adli\/\" \/>\n<meta property=\"og:site_name\" content=\"Dicodusport\" \/>\n<meta property=\"article:publisher\" content=\"https:\/\/www.facebook.com\/dicodusport\" \/>\n<meta property=\"article:author\" content=\"https:\/\/www.facebook.com\/dicodusport\" \/>\n<meta property=\"article:published_time\" content=\"2024-08-25T10:02:04+00:00\" \/>\n<meta property=\"article:modified_time\" content=\"2024-08-25T10:47:39+00:00\" \/>\n<meta property=\"og:image\" content=\"https:\/\/dicodusport.fr\/blog\/wp-content\/uploads\/2024\/08\/Transferts-OM-Marseille-veut-Yacine-Adli.png\" \/>\n\t<meta property=\"og:image:width\" content=\"1200\" \/>\n\t<meta property=\"og:image:height\" content=\"674\" \/>\n\t<meta property=\"og:image:type\" content=\"image\/png\" \/>\n<meta name=\"author\" content=\"Nicolas Jacquemard\" \/>\n<meta name=\"twitter:card\" content=\"summary_large_image\" \/>\n<meta name=\"twitter:title\" content=\"Transferts OM : Marseille veut Yacine Adli\" \/>\n<meta name=\"twitter:creator\" content=\"@https:\/\/twitter.com\/Nico_Jacquemard\" \/>\n<meta name=\"twitter:site\" content=\"@dicodusport\" \/>\n<script type=\"application\/ld+json\" class=\"yoast-schema-graph\">{\"@context\":\"https:\/\/schema.org\",\"@graph\":[{\"@type\":\"NewsArticle\",\"@id\":\"https:\/\/dicodusport.fr\/blog\/transferts-om-marseille-veut-yacine-adli\/#article\",\"isPartOf\":{\"@id\":\"https:\/\/dicodusport.fr\/blog\/transferts-om-marseille-veut-yacine-adli\/\"},\"author\":{\"name\":\"Nicolas Jacquemard\",\"@id\":\"https:\/\/dicodusport.fr\/blog\/#\/schema\/person\/55dcb50ad410894e431ed812bbb70191\"},\"headline\":\"Transferts OM : Marseille veut Yacine Adli\",\"datePublished\":\"2024-08-25T10:02:04+00:00\",\"dateModified\":\"2024-08-25T10:47:39+00:00\",\"mainEntityOfPage\":{\"@id\":\"https:\/\/dicodusport.fr\/blog\/transferts-om-marseille-veut-yacine-adli\/\"},\"wordCount\":276,\"commentCount\":0,\"publisher\":{\"@id\":\"https:\/\/dicodusport.fr\/blog\/#organization\"},\"image\":{\"@id\":\"https:\/\/dicodusport.fr\/blog\/transferts-om-marseille-veut-yacine-adli\/#primaryimage\"},\"thumbnailUrl\":\"https:\/\/dicodusport.fr\/blog\/wp-content\/uploads\/2024\/08\/Transferts-OM-Marseille-veut-Yacine-Adli.png\",\"keywords\":[\"br\u00e8ve\",\"Football\",\"Ligue 1\",\"Marseille\",\"Mercato\",\"MercatOM\",\"transferts\"],\"articleSection\":[\"Football\",\"Ligue 1\"],\"inLanguage\":\"fr-FR\",\"potentialAction\":[{\"@type\":\"CommentAction\",\"name\":\"Comment\",\"target\":[\"https:\/\/dicodusport.fr\/blog\/transferts-om-marseille-veut-yacine-adli\/#respond\"]}],\"copyrightYear\":\"2024\",\"copyrightHolder\":{\"@id\":\"https:\/\/dicodusport.fr\/blog\/#organization\"}},{\"@type\":\"WebPage\",\"@id\":\"https:\/\/dicodusport.fr\/blog\/transferts-om-marseille-veut-yacine-adli\/\",\"url\":\"https:\/\/dicodusport.fr\/blog\/transferts-om-marseille-veut-yacine-adli\/\",\"name\":\"Transferts OM : Marseille veut Yacine Adli\",\"isPartOf\":{\"@id\":\"https:\/\/dicodusport.fr\/blog\/#website\"},\"primaryImageOfPage\":{\"@id\":\"https:\/\/dicodusport.fr\/blog\/transferts-om-marseille-veut-yacine-adli\/#primaryimage\"},\"image\":{\"@id\":\"https:\/\/dicodusport.fr\/blog\/transferts-om-marseille-veut-yacine-adli\/#primaryimage\"},\"thumbnailUrl\":\"https:\/\/dicodusport.fr\/blog\/wp-content\/uploads\/2024\/08\/Transferts-OM-Marseille-veut-Yacine-Adli.png\",\"datePublished\":\"2024-08-25T10:02:04+00:00\",\"dateModified\":\"2024-08-25T10:47:39+00:00\",\"description\":\"LIGUE 1 2024-2025 - Selon Foot Mercato, l'Olympique de Marseille piste Yacine Adli pour remplacer Jordan Veretout.\",\"breadcrumb\":{\"@id\":\"https:\/\/dicodusport.fr\/blog\/transferts-om-marseille-veut-yacine-adli\/#breadcrumb\"},\"inLanguage\":\"fr-FR\",\"potentialAction\":[{\"@type\":\"ReadAction\",\"target\":[\"https:\/\/dicodusport.fr\/blog\/transferts-om-marseille-veut-yacine-adli\/\"]}]},{\"@type\":\"ImageObject\",\"inLanguage\":\"fr-FR\",\"@id\":\"https:\/\/dicodusport.fr\/blog\/transferts-om-marseille-veut-yacine-adli\/#primaryimage\",\"url\":\"https:\/\/dicodusport.fr\/blog\/wp-content\/uploads\/2024\/08\/Transferts-OM-Marseille-veut-Yacine-Adli.png\",\"contentUrl\":\"https:\/\/dicodusport.fr\/blog\/wp-content\/uploads\/2024\/08\/Transferts-OM-Marseille-veut-Yacine-Adli.png\",\"width\":1200,\"height\":674},{\"@type\":\"BreadcrumbList\",\"@id\":\"https:\/\/dicodusport.fr\/blog\/transferts-om-marseille-veut-yacine-adli\/#breadcrumb\",\"itemListElement\":[{\"@type\":\"ListItem\",\"position\":1,\"name\":\"Accueil\",\"item\":\"https:\/\/dicodusport.fr\/blog\/\"},{\"@type\":\"ListItem\",\"position\":2,\"name\":\"Transferts OM : Marseille veut Yacine Adli\"}]},{\"@type\":\"WebSite\",\"@id\":\"https:\/\/dicodusport.fr\/blog\/#website\",\"url\":\"https:\/\/dicodusport.fr\/blog\/\",\"name\":\"Dicodusport\",\"description\":\"L&#039;encyclop\u00e9die de l&#039;actualit\u00e9 sportive\",\"publisher\":{\"@id\":\"https:\/\/dicodusport.fr\/blog\/#organization\"},\"potentialAction\":[{\"@type\":\"SearchAction\",\"target\":{\"@type\":\"EntryPoint\",\"urlTemplate\":\"https:\/\/dicodusport.fr\/blog\/?s={search_term_string}\"},\"query-input\":{\"@type\":\"PropertyValueSpecification\",\"valueRequired\":true,\"valueName\":\"search_term_string\"}}],\"inLanguage\":\"fr-FR\"},{\"@type\":\"NewsMediaOrganization\",\"@id\":\"https:\/\/dicodusport.fr\/blog\/#organization\",\"name\":\"Dicodusport\",\"url\":\"https:\/\/dicodusport.fr\/blog\/\",\"logo\":{\"@type\":\"ImageObject\",\"inLanguage\":\"fr-FR\",\"@id\":\"https:\/\/dicodusport.fr\/blog\/#\/schema\/logo\/image\/\",\"url\":\"https:\/\/dicodusport.fr\/blog\/wp-content\/uploads\/2020\/06\/cropped-LOGO-DICODUSPORT-2020-SANS-FOND-SANS-TEXTE.png\",\"contentUrl\":\"https:\/\/dicodusport.fr\/blog\/wp-content\/uploads\/2020\/06\/cropped-LOGO-DICODUSPORT-2020-SANS-FOND-SANS-TEXTE.png\",\"width\":512,\"height\":512,\"caption\":\"Dicodusport\"},\"image\":{\"@id\":\"https:\/\/dicodusport.fr\/blog\/#\/schema\/logo\/image\/\"},\"sameAs\":[\"https:\/\/www.facebook.com\/dicodusport\",\"https:\/\/x.com\/dicodusport\",\"https:\/\/www.instagram.com\/dicodusport\/\",\"https:\/\/www.youtube.com\/channel\/UC7V2KZ5sd3htJivAbA4ZG3w\"],\"description\":\"Dicodusport est l'encyclop\u00e9die de l'actualit\u00e9 sportive.\",\"email\":\"bonjour@dicodusport.fr\",\"legalName\":\"DICODUSPORT\",\"foundingDate\":\"2018-01-14\",\"vatID\":\"FR71834470973\",\"taxID\":\"83447097300043\",\"numberOfEmployees\":{\"@type\":\"QuantitativeValue\",\"minValue\":\"1\",\"maxValue\":\"10\"}},{\"@type\":\"Person\",\"@id\":\"https:\/\/dicodusport.fr\/blog\/#\/schema\/person\/55dcb50ad410894e431ed812bbb70191\",\"name\":\"Nicolas Jacquemard\",\"image\":{\"@type\":\"ImageObject\",\"inLanguage\":\"fr-FR\",\"@id\":\"https:\/\/dicodusport.fr\/blog\/#\/schema\/person\/image\/\",\"url\":\"https:\/\/dicodusport.fr\/blog\/wp-content\/uploads\/2021\/05\/Nicolas-Jacquemard-150x150.jpeg\",\"contentUrl\":\"https:\/\/dicodusport.fr\/blog\/wp-content\/uploads\/2021\/05\/Nicolas-Jacquemard-150x150.jpeg\",\"caption\":\"Nicolas Jacquemard\"},\"description\":\"Passionn\u00e9 de sport et entrepreneur depuis mes 18 ans, la cr\u00e9ation de Dicodusport m'a sembl\u00e9 \u00e9vidente pour participer \u00e0 la m\u00e9diatisation d'un plus grand nombre de sports. Le chemin est long mais avec une \u00e9quipe des plus motiv\u00e9es et les Jeux Olympiques de Paris 2024 en point de mire, nous y arriverons ! Journaliste dans le monde du sport depuis plus de 5 ans, je traite aussi bien de football, de rugby, de biathlon que de cyclisme.\",\"sameAs\":[\"https:\/\/www.facebook.com\/dicodusport\",\"https:\/\/x.com\/https:\/\/twitter.com\/Nico_Jacquemard\"],\"url\":\"https:\/\/dicodusport.fr\/blog\/author\/dicodusport\/\"}]}<\/script>\n<!-- \/ Yoast SEO Premium plugin. -->","yoast_head_json":{"title":"Transferts OM : Marseille veut Yacine Adli","description":"LIGUE 1 2024-2025 - Selon Foot Mercato, l'Olympique de Marseille piste Yacine Adli pour remplacer Jordan Veretout.","robots":{"index":"index","follow":"follow","max-snippet":"max-snippet:-1","max-image-preview":"max-image-preview:large","max-video-preview":"max-video-preview:-1"},"canonical":"https:\/\/dicodusport.fr\/blog\/transferts-om-marseille-veut-yacine-adli\/","og_locale":"fr_FR","og_type":"article","og_title":"Transferts OM : Marseille veut Yacine Adli","og_description":"LIGUE 1 2024-2025 - Selon Foot Mercato, l'Olympique de Marseille piste Yacine Adli pour remplacer Jordan Veretout.","og_url":"https:\/\/dicodusport.fr\/blog\/transferts-om-marseille-veut-yacine-adli\/","og_site_name":"Dicodusport","article_publisher":"https:\/\/www.facebook.com\/dicodusport","article_author":"https:\/\/www.facebook.com\/dicodusport","article_published_time":"2024-08-25T10:02:04+00:00","article_modified_time":"2024-08-25T10:47:39+00:00","og_image":[{"width":1200,"height":674,"url":"https:\/\/dicodusport.fr\/blog\/wp-content\/uploads\/2024\/08\/Transferts-OM-Marseille-veut-Yacine-Adli.png","type":"image\/png"}],"author":"Nicolas Jacquemard","twitter_card":"summary_large_image","twitter_title":"Transferts OM : Marseille veut Yacine Adli","twitter_creator":"@https:\/\/twitter.com\/Nico_Jacquemard","twitter_site":"@dicodusport","schema":{"@context":"https:\/\/schema.org","@graph":[{"@type":"NewsArticle","@id":"https:\/\/dicodusport.fr\/blog\/transferts-om-marseille-veut-yacine-adli\/#article","isPartOf":{"@id":"https:\/\/dicodusport.fr\/blog\/transferts-om-marseille-veut-yacine-adli\/"},"author":{"name":"Nicolas Jacquemard","@id":"https:\/\/dicodusport.fr\/blog\/#\/schema\/person\/55dcb50ad410894e431ed812bbb70191"},"headline":"Transferts OM : Marseille veut Yacine Adli","datePublished":"2024-08-25T10:02:04+00:00","dateModified":"2024-08-25T10:47:39+00:00","mainEntityOfPage":{"@id":"https:\/\/dicodusport.fr\/blog\/transferts-om-marseille-veut-yacine-adli\/"},"wordCount":276,"commentCount":0,"publisher":{"@id":"https:\/\/dicodusport.fr\/blog\/#organization"},"image":{"@id":"https:\/\/dicodusport.fr\/blog\/transferts-om-marseille-veut-yacine-adli\/#primaryimage"},"thumbnailUrl":"https:\/\/dicodusport.fr\/blog\/wp-content\/uploads\/2024\/08\/Transferts-OM-Marseille-veut-Yacine-Adli.png","keywords":["br\u00e8ve","Football","Ligue 1","Marseille","Mercato","MercatOM","transferts"],"articleSection":["Football","Ligue 1"],"inLanguage":"fr-FR","potentialAction":[{"@type":"CommentAction","name":"Comment","target":["https:\/\/dicodusport.fr\/blog\/transferts-om-marseille-veut-yacine-adli\/#respond"]}],"copyrightYear":"2024","copyrightHolder":{"@id":"https:\/\/dicodusport.fr\/blog\/#organization"}},{"@type":"WebPage","@id":"https:\/\/dicodusport.fr\/blog\/transferts-om-marseille-veut-yacine-adli\/","url":"https:\/\/dicodusport.fr\/blog\/transferts-om-marseille-veut-yacine-adli\/","name":"Transferts OM : Marseille veut Yacine Adli","isPartOf":{"@id":"https:\/\/dicodusport.fr\/blog\/#website"},"primaryImageOfPage":{"@id":"https:\/\/dicodusport.fr\/blog\/transferts-om-marseille-veut-yacine-adli\/#primaryimage"},"image":{"@id":"https:\/\/dicodusport.fr\/blog\/transferts-om-marseille-veut-yacine-adli\/#primaryimage"},"thumbnailUrl":"https:\/\/dicodusport.fr\/blog\/wp-content\/uploads\/2024\/08\/Transferts-OM-Marseille-veut-Yacine-Adli.png","datePublished":"2024-08-25T10:02:04+00:00","dateModified":"2024-08-25T10:47:39+00:00","description":"LIGUE 1 2024-2025 - Selon Foot Mercato, l'Olympique de Marseille piste Yacine Adli pour remplacer Jordan Veretout.","breadcrumb":{"@id":"https:\/\/dicodusport.fr\/blog\/transferts-om-marseille-veut-yacine-adli\/#breadcrumb"},"inLanguage":"fr-FR","potentialAction":[{"@type":"ReadAction","target":["https:\/\/dicodusport.fr\/blog\/transferts-om-marseille-veut-yacine-adli\/"]}]},{"@type":"ImageObject","inLanguage":"fr-FR","@id":"https:\/\/dicodusport.fr\/blog\/transferts-om-marseille-veut-yacine-adli\/#primaryimage","url":"https:\/\/dicodusport.fr\/blog\/wp-content\/uploads\/2024\/08\/Transferts-OM-Marseille-veut-Yacine-Adli.png","contentUrl":"https:\/\/dicodusport.fr\/blog\/wp-content\/uploads\/2024\/08\/Transferts-OM-Marseille-veut-Yacine-Adli.png","width":1200,"height":674},{"@type":"BreadcrumbList","@id":"https:\/\/dicodusport.fr\/blog\/transferts-om-marseille-veut-yacine-adli\/#breadcrumb","itemListElement":[{"@type":"ListItem","position":1,"name":"Accueil","item":"https:\/\/dicodusport.fr\/blog\/"},{"@type":"ListItem","position":2,"name":"Transferts OM : Marseille veut Yacine Adli"}]},{"@type":"WebSite","@id":"https:\/\/dicodusport.fr\/blog\/#website","url":"https:\/\/dicodusport.fr\/blog\/","name":"Dicodusport","description":"L&#039;encyclop\u00e9die de l&#039;actualit\u00e9 sportive","publisher":{"@id":"https:\/\/dicodusport.fr\/blog\/#organization"},"potentialAction":[{"@type":"SearchAction","target":{"@type":"EntryPoint","urlTemplate":"https:\/\/dicodusport.fr\/blog\/?s={search_term_string}"},"query-input":{"@type":"PropertyValueSpecification","valueRequired":true,"valueName":"search_term_string"}}],"inLanguage":"fr-FR"},{"@type":"NewsMediaOrganization","@id":"https:\/\/dicodusport.fr\/blog\/#organization","name":"Dicodusport","url":"https:\/\/dicodusport.fr\/blog\/","logo":{"@type":"ImageObject","inLanguage":"fr-FR","@id":"https:\/\/dicodusport.fr\/blog\/#\/schema\/logo\/image\/","url":"https:\/\/dicodusport.fr\/blog\/wp-content\/uploads\/2020\/06\/cropped-LOGO-DICODUSPORT-2020-SANS-FOND-SANS-TEXTE.png","contentUrl":"https:\/\/dicodusport.fr\/blog\/wp-content\/uploads\/2020\/06\/cropped-LOGO-DICODUSPORT-2020-SANS-FOND-SANS-TEXTE.png","width":512,"height":512,"caption":"Dicodusport"},"image":{"@id":"https:\/\/dicodusport.fr\/blog\/#\/schema\/logo\/image\/"},"sameAs":["https:\/\/www.facebook.com\/dicodusport","https:\/\/x.com\/dicodusport","https:\/\/www.instagram.com\/dicodusport\/","https:\/\/www.youtube.com\/channel\/UC7V2KZ5sd3htJivAbA4ZG3w"],"description":"Dicodusport est l'encyclop\u00e9die de l'actualit\u00e9 sportive.","email":"bonjour@dicodusport.fr","legalName":"DICODUSPORT","foundingDate":"2018-01-14","vatID":"FR71834470973","taxID":"83447097300043","numberOfEmployees":{"@type":"QuantitativeValue","minValue":"1","maxValue":"10"}},{"@type":"Person","@id":"https:\/\/dicodusport.fr\/blog\/#\/schema\/person\/55dcb50ad410894e431ed812bbb70191","name":"Nicolas Jacquemard","image":{"@type":"ImageObject","inLanguage":"fr-FR","@id":"https:\/\/dicodusport.fr\/blog\/#\/schema\/person\/image\/","url":"https:\/\/dicodusport.fr\/blog\/wp-content\/uploads\/2021\/05\/Nicolas-Jacquemard-150x150.jpeg","contentUrl":"https:\/\/dicodusport.fr\/blog\/wp-content\/uploads\/2021\/05\/Nicolas-Jacquemard-150x150.jpeg","caption":"Nicolas Jacquemard"},"description":"Passionn\u00e9 de sport et entrepreneur depuis mes 18 ans, la cr\u00e9ation de Dicodusport m'a sembl\u00e9 \u00e9vidente pour participer \u00e0 la m\u00e9diatisation d'un plus grand nombre de sports. Le chemin est long mais avec une \u00e9quipe des plus motiv\u00e9es et les Jeux Olympiques de Paris 2024 en point de mire, nous y arriverons ! Journaliste dans le monde du sport depuis plus de 5 ans, je traite aussi bien de football, de rugby, de biathlon que de cyclisme.","sameAs":["https:\/\/www.facebook.com\/dicodusport","https:\/\/x.com\/https:\/\/twitter.com\/Nico_Jacquemard"],"url":"https:\/\/dicodusport.fr\/blog\/author\/dicodusport\/"}]}},"_links":{"self":[{"href":"https:\/\/dicodusport.fr\/blog\/wp-json\/wp\/v2\/posts\/514776","targetHints":{"allow":["GET"]}}],"collection":[{"href":"https:\/\/dicodusport.fr\/blog\/wp-json\/wp\/v2\/posts"}],"about":[{"href":"https:\/\/dicodusport.fr\/blog\/wp-json\/wp\/v2\/types\/post"}],"author":[{"embeddable":true,"href":"https:\/\/dicodusport.fr\/blog\/wp-json\/wp\/v2\/users\/1"}],"replies":[{"embeddable":true,"href":"https:\/\/dicodusport.fr\/blog\/wp-json\/wp\/v2\/comments?post=514776"}],"version-history":[{"count":2,"href":"https:\/\/dicodusport.fr\/blog\/wp-json\/wp\/v2\/posts\/514776\/revisions"}],"predecessor-version":[{"id":514787,"href":"https:\/\/dicodusport.fr\/blog\/wp-json\/wp\/v2\/posts\/514776\/revisions\/514787"}],"wp:featuredmedia":[{"embeddable":true,"href":"https:\/\/dicodusport.fr\/blog\/wp-json\/wp\/v2\/media\/514779"}],"wp:attachment":[{"href":"https:\/\/dicodusport.fr\/blog\/wp-json\/wp\/v2\/media?parent=514776"}],"wp:term":[{"taxonomy":"category","embeddable":true,"href":"https:\/\/dicodusport.fr\/blog\/wp-json\/wp\/v2\/categories?post=514776"},{"taxonomy":"post_tag","embeddable":true,"href":"https:\/\/dicodusport.fr\/blog\/wp-json\/wp\/v2\/tags?post=514776"}],"curies":[{"name":"wp","href":"https:\/\/api.w.org\/{rel}","templated":true}]}}