{"id":514825,"date":"2024-08-31T18:17:39","date_gmt":"2024-08-31T16:17:39","guid":{"rendered":"https:\/\/dicodusport.fr\/blog\/?p=514825&#038;preview=true&#038;preview_id=514825"},"modified":"2024-08-31T18:17:19","modified_gmt":"2024-08-31T16:17:19","slug":"utmb-2024-programme-des-courses-et-resultats","status":"publish","type":"post","link":"https:\/\/dicodusport.fr\/blog\/utmb-2024-programme-des-courses-et-resultats\/","title":{"rendered":"UTMB 2024 : Palmar\u00e8s et r\u00e9sultats"},"content":{"rendered":"<p style=\"text-align: justify;\"><strong><em>UTMB 2024 &#8211; L&rsquo;Ultra-Trail du Mont-Blanc, l&rsquo;un des plus c\u00e9l\u00e8bres ultra-trails du monde, sera lanc\u00e9 ce vendredi 30 aoo\u00fbt. En attendant, l&rsquo;UTMB propose plusieurs courses, donc la MCC, la TDS, l&rsquo;OCC et la CCC. Le programme complet ci-dessous.<\/em><\/strong><\/p>\n<ul>\n<li style=\"text-align: justify;\"><strong>\u00c0 ce sujet &#8211; <a href=\"https:\/\/dicodusport.fr\/blog\/utmb-2024-ou-suivre-la-course-en-direct\/\">UTMB 2024 : O\u00f9 suivre la course en direct<\/a>\u00a0<\/strong><\/li>\n<\/ul>\n<p style=\"text-align: justify;\">L&rsquo;<strong>Ultra-Trail du Mont-Blanc<\/strong> (UTMB) est l&rsquo;une des courses de trail les plus prestigieuses au monde, se d\u00e9roulant chaque ann\u00e9e dans la r\u00e9gion du Mont-Blanc, avec, comme \u00e9picentre, la ville de <strong>Chamonix<\/strong>. L&rsquo;\u00e9preuve la plus mythique de l&rsquo;<strong>UTMB<\/strong> restera la course longue de 176 km, avec plus de 10 000 m\u00e8tres de d\u00e9nivel\u00e9 positif.<\/p>\n<p style=\"text-align: justify;\">L&rsquo;<strong>UTMB<\/strong> (176 km) traverse trois pays : la France, la Suisse et l\u2019Italie.\u00a0Les participants auront notamment \u00e0 gravir le terrible Grand Col Ferret, la mont\u00e9e de la T\u00eate aux Vents, mais aussi la Croix du Bonhomme en d\u00e9but de parcours. Le d\u00e9part de la course principale sera donn\u00e9 ce vendredi 30 ao\u00fbt sur les coups de 18h. Qui succ\u00e9dera \u00e0 <strong>Jim Walmsley<\/strong> et <a href=\"https:\/\/dicodusport.fr\/blog\/qui-es-tu-dauwalter\/\"><strong>Courtney Dauwalter<\/strong><\/a>, vainqueurs de l&rsquo;<a href=\"https:\/\/dicodusport.fr\/blog\/classement-utmb-mont-blanc-2023\/\">UTMB 2023<\/a> ? La r\u00e9ponse samedi, dans la journ\u00e9e.<\/p>\n<h2 style=\"text-align: justify;\">UTMB 2024 : Le programme et les r\u00e9sultats<\/h2>\n<table style=\"width: 100%; border-collapse: collapse; font-size: 0.9em;\">\n<tbody>\n<tr>\n<td style=\"background-color: #0081b4; width: 800px; text-align: center; vertical-align: middle;\" colspan=\"6\"><span style=\"color: #ffffff;\"><strong>D\u00c9PART &#8211; LUNDI 26 AO\u00dbT 2024<\/strong><\/span><\/td>\n<\/tr>\n<tr>\n<td style=\"text-align: center; vertical-align: middle; width: 20%; background-color: #8db5c4;\"><span style=\"color: #ffffff; font-size: 0.9em;\"><strong>\u00c9preuve<\/strong><\/span><\/td>\n<td style=\"text-align: center; vertical-align: middle; width: 20%; background-color: #8db5c4;\" colspan=\"2\"><span style=\"color: #ffffff;\"><span style=\"font-size: 0.9em;\"><b>Courses<\/b><\/span><\/span><\/td>\n<td style=\"text-align: center; vertical-align: middle; width: 20%; background-color: #8db5c4;\"><span style=\"color: #ffffff; font-size: 0.9em;\"><strong>Vainqueur<\/strong><\/span><\/td>\n<td style=\"text-align: center; vertical-align: middle; width: 20%; background-color: #8db5c4;\"><span style=\"color: #ffffff; font-size: 0.9em;\"><strong>Deuxi\u00e8me<\/strong><\/span><\/td>\n<td style=\"text-align: center; vertical-align: middle; width: 20%; background-color: #8db5c4;\"><span style=\"color: #ffffff; font-size: 0.9em;\"><strong>Troisi\u00e8me<\/strong><\/span><\/td>\n<\/tr>\n<tr>\n<td style=\"text-align: center; vertical-align: middle; width: 20%;\" rowspan=\"2\"><strong>PTL<\/strong><br \/>\n<em>(300 km &#8211; 25 000 D+)<\/em><\/td>\n<td style=\"text-align: center; vertical-align: middle; width: 20%;\" colspan=\"2\" rowspan=\"2\"><strong>Mixte<\/strong><\/td>\n<td style=\"text-align: center; vertical-align: middle; width: 20%; font-size: 0.9em;\" rowspan=\"2\"><strong>\ud83c\udde8\ud83c\udded ALPS XPERIENCE<\/strong><br \/>\n<strong><span style=\"font-size: 0.9em;\"><em><span style=\"font-size: 0.8em;\">99h35:36<\/span><\/em><\/span><\/strong><\/td>\n<td style=\"text-align: center; vertical-align: middle; width: 20%; font-size: 0.9em;\" rowspan=\"2\">\ud83c\udde6\ud83c\uddf9 BOA &amp; SALOMON<br \/>\n<span style=\"font-size: 0.9em;\"><em><span style=\"font-size: 0.8em;\">+10h26:23<\/span><\/em><\/span><\/td>\n<td style=\"text-align: center; vertical-align: middle; width: 20%; font-size: 0.9em;\" rowspan=\"2\">\ud83c\udde6\ud83c\uddfa YOUNGS DE YANNAWAH<br \/>\n<span style=\"font-size: 0.9em;\"><em><span style=\"font-size: 0.8em;\">+15h00:42<\/span><\/em><\/span><\/td>\n<\/tr>\n<tr>\n<td style=\"text-align: center; vertical-align: middle; width: 20%;\" rowspan=\"2\"><strong>MCC<\/strong><br \/>\n<em>(40 km &#8211; 2 500 D+)<\/em><\/td>\n<td style=\"text-align: center; vertical-align: middle; width: 20%;\" colspan=\"2\"><strong>Course femmes<br \/>\n<\/strong><\/td>\n<td style=\"text-align: center; vertical-align: middle; width: 20%; font-size: 0.9em;\"><strong>\ud83c\uddeb\ud83c\uddf7 IRIS PESSEY<br \/>\n<span style=\"font-size: 0.9em;\"><em><span style=\"font-size: 0.8em;\">4h12:41<\/span><\/em><\/span><\/strong><\/td>\n<td style=\"text-align: center; vertical-align: middle; width: 20%; font-size: 0.9em;\">\ud83c\uddeb\ud83c\uddf7 \u00c9LODIE ALEXANDRE<br \/>\n<span style=\"font-size: 0.9em;\"><em><span style=\"font-size: 0.8em;\">+17:54<\/span><\/em><\/span><\/td>\n<td style=\"text-align: center; vertical-align: middle; width: 20%; font-size: 0.9em;\">\ud83c\uddeb\ud83c\uddf7 ST\u00c9PHANIE MANIVOZ<br \/>\n<span style=\"font-size: 0.9em;\"><em><span style=\"font-size: 0.8em;\">+20:40<\/span><\/em><\/span><\/td>\n<\/tr>\n<tr>\n<td style=\"text-align: center; vertical-align: middle;\" colspan=\"2\"><strong>Course hommes<br \/>\n<\/strong><\/td>\n<td style=\"text-align: center; vertical-align: middle; width: 20%; font-size: 0.9em;\"><strong>\ud83c\uddeb\ud83c\uddf7 K\u00c9VIN VERMEULEN<br \/>\n<span style=\"font-size: 0.9em;\"><em><span style=\"font-size: 0.8em;\">3h34:39<\/span><\/em><\/span><\/strong><\/td>\n<td style=\"text-align: center; vertical-align: middle; width: 20%; font-size: 0.9em;\">\ud83c\uddeb\ud83c\uddf7 THOMAS BUTEZ<br \/>\n<span style=\"font-size: 0.9em;\"><em><span style=\"font-size: 0.8em;\">+1:54<\/span><\/em><\/span><\/td>\n<td style=\"text-align: center; vertical-align: middle; width: 20%; font-size: 0.9em;\">\ud83c\udde8\ud83c\udded CESAR COSTA<br \/>\n<span style=\"font-size: 0.9em;\"><em><span style=\"font-size: 0.8em;\">+3:43<\/span><\/em><\/span><\/td>\n<\/tr>\n<tr>\n<td style=\"text-align: center; vertical-align: middle; width: 20%;\" rowspan=\"2\"><strong>TDS<\/strong><br \/>\n<em>(148 km &#8211; 9 500 D+)<br \/>\n<a href=\"https:\/\/dicodusport.fr\/blog\/utmb-2024-classement-tds-en-direct\/\"><strong><span style=\"font-size: 0.9em;\"><span style=\"font-size: 0.8em;\">Classements<\/span><\/span><\/strong><\/a><br \/>\n<\/em><\/td>\n<td style=\"text-align: center; vertical-align: middle; width: 20%;\" colspan=\"2\"><strong>Course femmes<br \/>\n<\/strong><\/td>\n<td style=\"text-align: center; vertical-align: middle; width: 20%; font-size: 0.9em;\"><strong>\ud83c\uddeb\ud83c\uddf7 MARIE DOHIN<br \/>\n<span style=\"font-size: 0.9em;\"><em><span style=\"font-size: 0.8em;\">24h06:01<\/span><\/em><\/span><\/strong><\/td>\n<td style=\"text-align: center; vertical-align: middle; width: 20%; font-size: 0.9em;\">\ud83c\udde8\ud83c\udded ARIANE WILHEM<br \/>\n<span style=\"font-size: 0.9em;\"><em><span style=\"font-size: 0.8em;\">+36:02<\/span><\/em><\/span><\/td>\n<td style=\"text-align: center; vertical-align: middle; width: 20%; font-size: 0.9em;\">\ud83c\uddeb\ud83c\uddf7 C\u00c9LINE FINAS<br \/>\n<span style=\"font-size: 0.9em;\"><em><span style=\"font-size: 0.8em;\">+1h35:40<\/span><\/em><\/span><\/td>\n<\/tr>\n<tr>\n<td style=\"text-align: center; vertical-align: middle;\" colspan=\"2\"><strong>Course hommes<br \/>\n<i><\/i><\/strong><\/td>\n<td style=\"text-align: center; vertical-align: middle; width: 20%; font-size: 0.9em;\"><strong>\ud83c\uddeb\ud83c\uddf7 THIBAULT MARQUET<br \/>\n<span style=\"font-size: 0.9em;\"><em><span style=\"font-size: 0.8em;\">18h59:36<\/span><\/em><\/span><\/strong><\/td>\n<td style=\"text-align: center; vertical-align: middle; width: 20%; font-size: 0.9em;\">\ud83c\uddeb\ud83c\uddf7 ALBAN BERSON<br \/>\n<span style=\"font-size: 0.9em;\"><em><span style=\"font-size: 0.8em;\">+1h00:04<\/span><\/em><\/span><\/td>\n<td style=\"text-align: center; vertical-align: middle; width: 20%; font-size: 0.9em;\">\ud83c\uddeb\ud83c\uddf7 GAUTIER AIRIAU<br \/>\n<span style=\"font-size: 0.9em;\"><em><span style=\"font-size: 0.8em;\">+1h07:46<\/span><\/em><\/span><\/td>\n<\/tr>\n<tr>\n<td style=\"background-color: #0081b4; width: 800px; text-align: center; vertical-align: middle;\" colspan=\"6\"><span style=\"color: #ffffff;\"><strong>D\u00c9PART &#8211; MARDI 27 AO\u00dbT 2024<\/strong><\/span><\/td>\n<\/tr>\n<tr>\n<td style=\"text-align: center; vertical-align: middle; width: 20%; background-color: #8db5c4;\"><span style=\"color: #ffffff; font-size: 0.9em;\"><strong>Horaire<\/strong><\/span><\/td>\n<td style=\"text-align: center; vertical-align: middle; width: 20%; background-color: #8db5c4;\" colspan=\"2\"><span style=\"color: #ffffff;\"><span style=\"font-size: 0.9em;\"><b>\u00c9preuve<\/b><\/span><\/span><\/td>\n<td style=\"text-align: center; vertical-align: middle; width: 20%; background-color: #8db5c4;\"><span style=\"color: #ffffff; font-size: 0.9em;\"><strong>Vainqueur<\/strong><\/span><\/td>\n<td style=\"text-align: center; vertical-align: middle; width: 20%; background-color: #8db5c4;\"><span style=\"color: #ffffff; font-size: 0.9em;\"><strong>Deuxi\u00e8me<\/strong><\/span><\/td>\n<td style=\"text-align: center; vertical-align: middle; width: 20%; background-color: #8db5c4;\"><span style=\"color: #ffffff; font-size: 0.9em;\"><strong>Troisi\u00e8me<\/strong><\/span><\/td>\n<\/tr>\n<tr>\n<td style=\"text-align: center; vertical-align: middle; width: 20%;\" rowspan=\"2\"><strong>ETC<\/strong><br \/>\n<em>(15 km &#8211; 1 200 D+)<\/em><\/td>\n<td style=\"text-align: center; vertical-align: middle; width: 20%;\" colspan=\"2\"><strong>Course femmes<br \/>\n<\/strong><\/td>\n<td style=\"text-align: center; vertical-align: middle; width: 20%; font-size: 0.9em;\"><strong>\ud83c\uddeb\ud83c\uddf7 ANA\u00cbLLE BONDOUX<br \/>\n<span style=\"font-size: 0.9em;\"><em><span style=\"font-size: 0.8em;\">1h32:52<\/span><\/em><\/span><\/strong><\/td>\n<td style=\"text-align: center; vertical-align: middle; width: 20%; font-size: 0.9em;\">\ud83c\udde8\ud83c\udded MAUDE MATHYS<br \/>\n<span style=\"font-size: 0.9em;\"><em><span style=\"font-size: 0.8em;\">+1:53<\/span><\/em><\/span><\/td>\n<td style=\"text-align: center; vertical-align: middle; width: 20%; font-size: 0.9em;\">\ud83c\uddee\ud83c\uddf9 VIVIEN BONZI<br \/>\n<span style=\"font-size: 0.9em;\"><em><span style=\"font-size: 0.8em;\">+3:51<\/span><\/em><\/span><\/td>\n<\/tr>\n<tr>\n<td style=\"text-align: center; vertical-align: middle;\" colspan=\"2\"><strong>Course hommes<br \/>\n<\/strong><\/td>\n<td style=\"text-align: center; vertical-align: middle; width: 20%; font-size: 0.9em;\"><strong>\ud83c\udde9\ud83c\uddea LUKAS EHRLE<br \/>\n<span style=\"font-size: 0.9em;\"><em><span style=\"font-size: 0.8em;\">1h19:56<\/span><\/em><\/span><\/strong><\/td>\n<td style=\"text-align: center; vertical-align: middle; width: 20%; font-size: 0.9em;\">\ud83c\uddea\ud83c\uddf8 ALEX GARCIA CARRILLO<br \/>\n<span style=\"font-size: 0.9em;\"><em><span style=\"font-size: 0.8em;\">+1:55<\/span><\/em><\/span><\/td>\n<td style=\"text-align: center; vertical-align: middle; width: 20%; font-size: 0.9em;\">\ud83c\uddee\ud83c\uddf9 DANIEL PATTIS<br \/>\n<span style=\"font-size: 0.9em;\"><em><span style=\"font-size: 0.8em;\">+1:59<\/span><\/em><\/span><\/td>\n<\/tr>\n<tr>\n<td style=\"background-color: #0081b4; width: 800px; text-align: center; vertical-align: middle;\" colspan=\"6\"><span style=\"color: #ffffff;\"><strong>D\u00c9PART &#8211; JEUDI 29\u00a0AO\u00dbT 2024<\/strong><\/span><\/td>\n<\/tr>\n<tr>\n<td style=\"text-align: center; vertical-align: middle; width: 20%; background-color: #8db5c4;\"><span style=\"color: #ffffff; font-size: 0.9em;\"><strong>Horaire<\/strong><\/span><\/td>\n<td style=\"text-align: center; vertical-align: middle; width: 20%; background-color: #8db5c4;\" colspan=\"2\"><span style=\"color: #ffffff;\"><span style=\"font-size: 0.9em;\"><b>\u00c9preuve<\/b><\/span><\/span><\/td>\n<td style=\"text-align: center; vertical-align: middle; width: 20%; background-color: #8db5c4;\"><span style=\"color: #ffffff; font-size: 0.9em;\"><strong>Vainqueur<\/strong><\/span><\/td>\n<td style=\"text-align: center; vertical-align: middle; width: 20%; background-color: #8db5c4;\"><span style=\"color: #ffffff; font-size: 0.9em;\"><strong>Deuxi\u00e8me<\/strong><\/span><\/td>\n<td style=\"text-align: center; vertical-align: middle; width: 20%; background-color: #8db5c4;\"><span style=\"color: #ffffff; font-size: 0.9em;\"><strong>Troisi\u00e8me<\/strong><\/span><\/td>\n<\/tr>\n<tr>\n<td style=\"text-align: center; vertical-align: middle; width: 20%;\" rowspan=\"2\"><strong>OCC<\/strong><br \/>\n<em>(55 km &#8211; 3 500 D+)<br \/>\n<a href=\"https:\/\/dicodusport.fr\/blog\/utmb-2024-classement-occ-en-direct\/\"><strong><span style=\"font-size: 0.9em;\"><span style=\"font-size: 0.8em;\">Classements<\/span><\/span><\/strong><\/a><br \/>\n<\/em><\/td>\n<td style=\"text-align: center; vertical-align: middle; width: 20%;\" colspan=\"2\"><strong>Course femmes<br \/>\n<\/strong><\/td>\n<td style=\"text-align: center; vertical-align: middle; width: 20%; font-size: 0.9em;\"><strong>\ud83c\udde8\ud83c\uddf3 MIAO YAO<br \/>\n<span style=\"font-size: 0.9em;\"><em><span style=\"font-size: 0.8em;\">5h54:03<\/span><\/em><\/span><\/strong><\/td>\n<td style=\"text-align: center; vertical-align: middle; width: 20%; font-size: 0.9em;\">\ud83c\udde8\ud83c\udded JUDITH WYDER<br \/>\n<span style=\"font-size: 0.9em;\"><em><span style=\"font-size: 0.8em;\">+6:02<\/span><\/em><\/span><\/td>\n<td style=\"text-align: center; vertical-align: middle; width: 20%; font-size: 0.9em;\">\ud83c\uddeb\ud83c\uddf7 CL\u00c9MENTINE GEOFFRAY<br \/>\n<span style=\"font-size: 0.9em;\"><em><span style=\"font-size: 0.8em;\">+8:07<\/span><\/em><\/span><\/td>\n<\/tr>\n<tr>\n<td style=\"text-align: center; vertical-align: middle;\" colspan=\"2\"><strong>Course hommes<br \/>\n<\/strong><\/td>\n<td style=\"text-align: center; vertical-align: middle; width: 20%; font-size: 0.9em;\"><strong>\ud83c\uddfa\ud83c\uddf8 ELI HEMMING<br \/>\n<span style=\"font-size: 0.9em;\"><em><span style=\"font-size: 0.8em;\">5h11:48<\/span><\/em><\/span><\/strong><\/td>\n<td style=\"text-align: center; vertical-align: middle; width: 20%; font-size: 0.9em;\">\ud83c\uddee\ud83c\uddf9 FRANCESCO PUPPI<br \/>\n<span style=\"font-size: 0.9em;\"><em><span style=\"font-size: 0.8em;\">+2:58<\/span><\/em><\/span><\/td>\n<td style=\"text-align: center; vertical-align: middle; width: 20%; font-size: 0.9em;\">\ud83c\uddea\ud83c\uddf8 ALEX GARCIA CARRILLO<br \/>\n<span style=\"font-size: 0.9em;\"><em><span style=\"font-size: 0.8em;\">+6:08<\/span><\/em><\/span><\/td>\n<\/tr>\n<tr>\n<td style=\"background-color: #0081b4; width: 800px; text-align: center; vertical-align: middle;\" colspan=\"6\"><span style=\"color: #ffffff;\"><strong>D\u00c9PART &#8211; VENDREDI 30 AO\u00dbT 2024<\/strong><\/span><\/td>\n<\/tr>\n<tr>\n<td style=\"text-align: center; vertical-align: middle; width: 20%; background-color: #8db5c4;\"><span style=\"color: #ffffff; font-size: 0.9em;\"><strong>\u00c9preuve<\/strong><\/span><\/td>\n<td style=\"text-align: center; vertical-align: middle; width: 20%; background-color: #8db5c4;\" colspan=\"2\"><span style=\"color: #ffffff;\"><span style=\"font-size: 0.9em;\"><b>Courses<\/b><\/span><\/span><\/td>\n<td style=\"text-align: center; vertical-align: middle; width: 20%; background-color: #8db5c4;\"><span style=\"color: #ffffff; font-size: 0.9em;\"><strong>Vainqueur<\/strong><\/span><\/td>\n<td style=\"text-align: center; vertical-align: middle; width: 20%; background-color: #8db5c4;\"><span style=\"color: #ffffff; font-size: 0.9em;\"><strong>Deuxi\u00e8me<\/strong><\/span><\/td>\n<td style=\"text-align: center; vertical-align: middle; width: 20%; background-color: #8db5c4;\"><span style=\"color: #ffffff; font-size: 0.9em;\"><strong>Troisi\u00e8me<\/strong><\/span><\/td>\n<\/tr>\n<tr>\n<td style=\"text-align: center; vertical-align: middle; width: 20%;\" rowspan=\"2\"><strong>CCC<\/strong><br \/>\n<em>(101 km &#8211; 6 500 D+)<br \/>\n<a href=\"https:\/\/dicodusport.fr\/blog\/utmb-2024-classement-ccc-en-direct\/\"><strong><span style=\"font-size: 0.9em;\"><span style=\"font-size: 0.8em;\">Classements<\/span><\/span><\/strong><\/a><br \/>\n<\/em><\/td>\n<td style=\"text-align: center; vertical-align: middle; width: 20%;\" colspan=\"2\"><strong>Course femmes<br \/>\n<\/strong><\/td>\n<td style=\"text-align: center; vertical-align: middle; width: 20%; font-size: 0.9em;\"><strong>\ud83c\uddff\ud83c\udde6 TONI MCCANN<br \/>\n<span style=\"font-size: 0.9em;\"><em><span style=\"font-size: 0.8em;\">11h57:59<\/span><\/em><\/span><\/strong><\/td>\n<td style=\"text-align: center; vertical-align: middle; width: 20%; font-size: 0.9em;\">\ud83c\uddf5\ud83c\uddf1 MARTYNA MLYNARCZYK<br \/>\n<span style=\"font-size: 0.9em;\"><em><span style=\"font-size: 0.8em;\">+13:14<\/span><\/em><\/span><\/td>\n<td style=\"text-align: center; vertical-align: middle; width: 20%; font-size: 0.9em;\">\ud83c\udde9\ud83c\uddea ROSANNA BUCHAUER<br \/>\n<span style=\"font-size: 0.9em;\"><em><span style=\"font-size: 0.8em;\">+18:56<\/span><\/em><\/span><\/td>\n<\/tr>\n<tr>\n<td style=\"text-align: center; vertical-align: middle;\" colspan=\"2\"><strong>Course hommes<br \/>\n<\/strong><\/td>\n<td style=\"text-align: center; vertical-align: middle; width: 20%; font-size: 0.9em;\"><strong>\ud83c\uddfa\ud83c\uddf8 HAYDEN HAWKS<br \/>\n<span style=\"font-size: 0.9em;\"><em><span style=\"font-size: 0.8em;\">10h20:11<\/span><\/em><\/span><\/strong><\/td>\n<td style=\"text-align: center; vertical-align: middle; width: 20%; font-size: 0.9em;\">\ud83c\uddf8\ud83c\uddf0\u00a0PETER FRANO<br \/>\n<span style=\"font-size: 0.9em;\"><em><span style=\"font-size: 0.8em;\">+7:06<\/span><\/em><\/span><\/td>\n<td style=\"text-align: center; vertical-align: middle; width: 20%; font-size: 0.9em;\">\ud83c\uddfa\ud83c\uddf8 ADAM PETERMAN<br \/>\n<span style=\"font-size: 0.9em;\"><em><span style=\"font-size: 0.8em;\">+8:39<\/span><\/em><\/span><\/td>\n<\/tr>\n<tr>\n<td style=\"text-align: center; vertical-align: middle; width: 20%;\" rowspan=\"2\"><strong>UTMB<\/strong><br \/>\n<em>(176 km &#8211; 10 000 D+)<br \/>\n<a href=\"https:\/\/dicodusport.fr\/blog\/classement-en-direct-utmb-mont-blanc-2024\/\"><strong><span style=\"font-size: 0.9em;\"><span style=\"font-size: 0.8em;\">Classements<\/span><\/span><\/strong><\/a><br \/>\n<\/em><\/td>\n<td style=\"text-align: center; vertical-align: middle; width: 20%;\" colspan=\"2\"><strong>Course femmes<br \/>\n<\/strong><\/td>\n<td style=\"text-align: center; vertical-align: middle; width: 20%; font-size: 0.9em;\"><strong>\ud83c\uddfa\ud83c\uddf8 KATIE SCHIDE<br \/>\n<span style=\"font-size: 0.9em;\"><em><span style=\"font-size: 0.8em;\">22h09:31<\/span><\/em><\/span><\/strong><\/td>\n<td style=\"text-align: center; vertical-align: middle; width: 20%; font-size: 0.9em;\">\ud83c\uddf3\ud83c\uddff RUTH CROFT<br \/>\n<span style=\"font-size: 0.9em;\"><em><span style=\"font-size: 0.8em;\">+39:06<\/span><\/em><\/span><\/td>\n<td style=\"text-align: center; vertical-align: middle; width: 20%; font-size: 0.9em;\">\ud83c\uddfa\ud83c\uddf8 MARIANNE HOGAN<br \/>\n<span style=\"font-size: 0.9em;\"><em><span style=\"font-size: 0.8em;\">+1h01:44<\/span><\/em><\/span><\/td>\n<\/tr>\n<tr>\n<td style=\"text-align: center; vertical-align: middle;\" colspan=\"2\"><strong>Course hommes<br \/>\n<i><\/i><\/strong><\/td>\n<td style=\"text-align: center; vertical-align: middle; width: 20%; font-size: 0.9em;\"><strong>\ud83c\uddeb\ud83c\uddf7 VINCENT BOUILLARD<br \/>\n<span style=\"font-size: 0.9em;\"><em><span style=\"font-size: 0.8em;\">19h54:23<\/span><\/em><\/span><\/strong><\/td>\n<td style=\"text-align: center; vertical-align: middle; width: 20%; font-size: 0.9em;\">\ud83c\uddeb\ud83c\uddf7 BAPTISTE CHASSAGNE<br \/>\n<span style=\"font-size: 0.9em;\"><em><span style=\"font-size: 0.8em;\">+28:22<\/span><\/em><\/span><\/td>\n<td style=\"text-align: center; vertical-align: middle; width: 20%; font-size: 0.9em;\">\ud83c\uddea\ud83c\udde8 JOAQUIN LOPEZ<br \/>\n<span style=\"font-size: 0.9em;\"><em><span style=\"font-size: 0.8em;\">+31:59<\/span><\/em><\/span><\/td>\n<\/tr>\n<\/tbody>\n<\/table>\n<ul>\n<li style=\"text-align: justify;\"><strong>\u00c0 lire aussi &#8211; <a href=\"https:\/\/montblanc.utmb.world\/fr\">Toutes les informations sur l&rsquo;UTMB 2024<\/a><\/strong><\/li>\n<\/ul>\n","protected":false},"excerpt":{"rendered":"<p>Programme des courses et r\u00e9sultats de l&rsquo;UTMB 2024<\/p>\n","protected":false},"author":4,"featured_media":514978,"comment_status":"open","ping_status":"closed","sticky":false,"template":"","format":"standard","meta":{"_acf_changed":false,"_daextam_enable_autolinks":"1","footnotes":""},"categories":[8673],"tags":[16878,3388],"class_list":["post-514825","post","type-post","status-publish","format-standard","has-post-thumbnail","hentry","category-trail","tag-breve","tag-utmb"],"acf":[],"yoast_head":"<!-- This site is optimized with the Yoast SEO Premium plugin v26.7 (Yoast SEO v26.7) - https:\/\/yoast.com\/wordpress\/plugins\/seo\/ -->\n<title>UTMB 2024 : Palmar\u00e8s et r\u00e9sultats<\/title>\n<meta name=\"description\" content=\"UTMB 2024 - Programme complet et r\u00e9sultats de l&#039;Ultra Trail du Mont-Blanc 2024, qui se d\u00e9roule \u00e0 partir du lundi 26 ao\u00fbt 2024.\" \/>\n<meta name=\"robots\" content=\"index, follow, max-snippet:-1, max-image-preview:large, max-video-preview:-1\" \/>\n<link rel=\"canonical\" href=\"https:\/\/dicodusport.fr\/blog\/utmb-2024-programme-des-courses-et-resultats\/\" \/>\n<meta property=\"og:locale\" content=\"fr_FR\" \/>\n<meta property=\"og:type\" content=\"article\" \/>\n<meta property=\"og:title\" content=\"UTMB 2024 : Palmar\u00e8s et r\u00e9sultats\" \/>\n<meta property=\"og:description\" content=\"UTMB 2024 - Programme complet et r\u00e9sultats de l&#039;Ultra Trail du Mont-Blanc 2024, qui se d\u00e9roule \u00e0 partir du lundi 26 ao\u00fbt 2024.\" \/>\n<meta property=\"og:url\" content=\"https:\/\/dicodusport.fr\/blog\/utmb-2024-programme-des-courses-et-resultats\/\" \/>\n<meta property=\"og:site_name\" content=\"Dicodusport\" \/>\n<meta property=\"article:publisher\" content=\"https:\/\/www.facebook.com\/dicodusport\" \/>\n<meta property=\"article:author\" content=\"https:\/\/www.facebook.com\/florent.ostermann\" \/>\n<meta property=\"article:published_time\" content=\"2024-08-31T16:17:39+00:00\" \/>\n<meta property=\"og:image\" content=\"https:\/\/dicodusport.fr\/blog\/wp-content\/uploads\/2024\/08\/UTMB-2024-Programme-des-courses-et-resultats.png\" \/>\n\t<meta property=\"og:image:width\" content=\"1200\" \/>\n\t<meta property=\"og:image:height\" content=\"674\" \/>\n\t<meta property=\"og:image:type\" content=\"image\/png\" \/>\n<meta name=\"author\" content=\"Flo Ostermann\" \/>\n<meta name=\"twitter:card\" content=\"summary_large_image\" \/>\n<meta name=\"twitter:title\" content=\"UTMB 2024 : Palmar\u00e8s et r\u00e9sultats\" \/>\n<meta name=\"twitter:creator\" content=\"@https:\/\/twitter.com\/FlOstermann\" \/>\n<meta name=\"twitter:site\" content=\"@dicodusport\" \/>\n<script type=\"application\/ld+json\" class=\"yoast-schema-graph\">{\"@context\":\"https:\/\/schema.org\",\"@graph\":[{\"@type\":\"NewsArticle\",\"@id\":\"https:\/\/dicodusport.fr\/blog\/utmb-2024-programme-des-courses-et-resultats\/#article\",\"isPartOf\":{\"@id\":\"https:\/\/dicodusport.fr\/blog\/utmb-2024-programme-des-courses-et-resultats\/\"},\"author\":{\"name\":\"Flo Ostermann\",\"@id\":\"https:\/\/dicodusport.fr\/blog\/#\/schema\/person\/cb02af4c173ce4a653b55e9baf388d4a\"},\"headline\":\"UTMB 2024 : Palmar\u00e8s et r\u00e9sultats\",\"datePublished\":\"2024-08-31T16:17:39+00:00\",\"mainEntityOfPage\":{\"@id\":\"https:\/\/dicodusport.fr\/blog\/utmb-2024-programme-des-courses-et-resultats\/\"},\"wordCount\":430,\"commentCount\":0,\"publisher\":{\"@id\":\"https:\/\/dicodusport.fr\/blog\/#organization\"},\"image\":{\"@id\":\"https:\/\/dicodusport.fr\/blog\/utmb-2024-programme-des-courses-et-resultats\/#primaryimage\"},\"thumbnailUrl\":\"https:\/\/dicodusport.fr\/blog\/wp-content\/uploads\/2024\/08\/UTMB-2024-Programme-des-courses-et-resultats.png\",\"keywords\":[\"br\u00e8ve\",\"UTMB\"],\"articleSection\":[\"Trail\"],\"inLanguage\":\"fr-FR\",\"potentialAction\":[{\"@type\":\"CommentAction\",\"name\":\"Comment\",\"target\":[\"https:\/\/dicodusport.fr\/blog\/utmb-2024-programme-des-courses-et-resultats\/#respond\"]}],\"copyrightYear\":\"2024\",\"copyrightHolder\":{\"@id\":\"https:\/\/dicodusport.fr\/blog\/#organization\"}},{\"@type\":\"WebPage\",\"@id\":\"https:\/\/dicodusport.fr\/blog\/utmb-2024-programme-des-courses-et-resultats\/\",\"url\":\"https:\/\/dicodusport.fr\/blog\/utmb-2024-programme-des-courses-et-resultats\/\",\"name\":\"UTMB 2024 : Palmar\u00e8s et r\u00e9sultats\",\"isPartOf\":{\"@id\":\"https:\/\/dicodusport.fr\/blog\/#website\"},\"primaryImageOfPage\":{\"@id\":\"https:\/\/dicodusport.fr\/blog\/utmb-2024-programme-des-courses-et-resultats\/#primaryimage\"},\"image\":{\"@id\":\"https:\/\/dicodusport.fr\/blog\/utmb-2024-programme-des-courses-et-resultats\/#primaryimage\"},\"thumbnailUrl\":\"https:\/\/dicodusport.fr\/blog\/wp-content\/uploads\/2024\/08\/UTMB-2024-Programme-des-courses-et-resultats.png\",\"datePublished\":\"2024-08-31T16:17:39+00:00\",\"description\":\"UTMB 2024 - Programme complet et r\u00e9sultats de l'Ultra Trail du Mont-Blanc 2024, qui se d\u00e9roule \u00e0 partir du lundi 26 ao\u00fbt 2024.\",\"breadcrumb\":{\"@id\":\"https:\/\/dicodusport.fr\/blog\/utmb-2024-programme-des-courses-et-resultats\/#breadcrumb\"},\"inLanguage\":\"fr-FR\",\"potentialAction\":[{\"@type\":\"ReadAction\",\"target\":[\"https:\/\/dicodusport.fr\/blog\/utmb-2024-programme-des-courses-et-resultats\/\"]}]},{\"@type\":\"ImageObject\",\"inLanguage\":\"fr-FR\",\"@id\":\"https:\/\/dicodusport.fr\/blog\/utmb-2024-programme-des-courses-et-resultats\/#primaryimage\",\"url\":\"https:\/\/dicodusport.fr\/blog\/wp-content\/uploads\/2024\/08\/UTMB-2024-Programme-des-courses-et-resultats.png\",\"contentUrl\":\"https:\/\/dicodusport.fr\/blog\/wp-content\/uploads\/2024\/08\/UTMB-2024-Programme-des-courses-et-resultats.png\",\"width\":1200,\"height\":674,\"caption\":\"UTMB 2024 Programme des courses et r\u00e9sultats\"},{\"@type\":\"BreadcrumbList\",\"@id\":\"https:\/\/dicodusport.fr\/blog\/utmb-2024-programme-des-courses-et-resultats\/#breadcrumb\",\"itemListElement\":[{\"@type\":\"ListItem\",\"position\":1,\"name\":\"Accueil\",\"item\":\"https:\/\/dicodusport.fr\/blog\/\"},{\"@type\":\"ListItem\",\"position\":2,\"name\":\"UTMB 2024 : Palmar\u00e8s et r\u00e9sultats\"}]},{\"@type\":\"WebSite\",\"@id\":\"https:\/\/dicodusport.fr\/blog\/#website\",\"url\":\"https:\/\/dicodusport.fr\/blog\/\",\"name\":\"Dicodusport\",\"description\":\"L&#039;encyclop\u00e9die de l&#039;actualit\u00e9 sportive\",\"publisher\":{\"@id\":\"https:\/\/dicodusport.fr\/blog\/#organization\"},\"potentialAction\":[{\"@type\":\"SearchAction\",\"target\":{\"@type\":\"EntryPoint\",\"urlTemplate\":\"https:\/\/dicodusport.fr\/blog\/?s={search_term_string}\"},\"query-input\":{\"@type\":\"PropertyValueSpecification\",\"valueRequired\":true,\"valueName\":\"search_term_string\"}}],\"inLanguage\":\"fr-FR\"},{\"@type\":\"NewsMediaOrganization\",\"@id\":\"https:\/\/dicodusport.fr\/blog\/#organization\",\"name\":\"Dicodusport\",\"url\":\"https:\/\/dicodusport.fr\/blog\/\",\"logo\":{\"@type\":\"ImageObject\",\"inLanguage\":\"fr-FR\",\"@id\":\"https:\/\/dicodusport.fr\/blog\/#\/schema\/logo\/image\/\",\"url\":\"https:\/\/dicodusport.fr\/blog\/wp-content\/uploads\/2020\/06\/cropped-LOGO-DICODUSPORT-2020-SANS-FOND-SANS-TEXTE.png\",\"contentUrl\":\"https:\/\/dicodusport.fr\/blog\/wp-content\/uploads\/2020\/06\/cropped-LOGO-DICODUSPORT-2020-SANS-FOND-SANS-TEXTE.png\",\"width\":512,\"height\":512,\"caption\":\"Dicodusport\"},\"image\":{\"@id\":\"https:\/\/dicodusport.fr\/blog\/#\/schema\/logo\/image\/\"},\"sameAs\":[\"https:\/\/www.facebook.com\/dicodusport\",\"https:\/\/x.com\/dicodusport\",\"https:\/\/www.instagram.com\/dicodusport\/\",\"https:\/\/www.youtube.com\/channel\/UC7V2KZ5sd3htJivAbA4ZG3w\"],\"description\":\"Dicodusport est l'encyclop\u00e9die de l'actualit\u00e9 sportive.\",\"email\":\"bonjour@dicodusport.fr\",\"legalName\":\"DICODUSPORT\",\"foundingDate\":\"2018-01-14\",\"vatID\":\"FR71834470973\",\"taxID\":\"83447097300043\",\"numberOfEmployees\":{\"@type\":\"QuantitativeValue\",\"minValue\":\"1\",\"maxValue\":\"10\"}},{\"@type\":\"Person\",\"@id\":\"https:\/\/dicodusport.fr\/blog\/#\/schema\/person\/cb02af4c173ce4a653b55e9baf388d4a\",\"name\":\"Flo Ostermann\",\"image\":{\"@type\":\"ImageObject\",\"inLanguage\":\"fr-FR\",\"@id\":\"https:\/\/dicodusport.fr\/blog\/#\/schema\/person\/image\/\",\"url\":\"https:\/\/dicodusport.fr\/blog\/wp-content\/uploads\/2021\/05\/Flo-Ostermann-150x150.jpg\",\"contentUrl\":\"https:\/\/dicodusport.fr\/blog\/wp-content\/uploads\/2021\/05\/Flo-Ostermann-150x150.jpg\",\"caption\":\"Flo Ostermann\"},\"description\":\"Journaliste\/R\u00e9dacteur depuis septembre 2015 - Mes premiers souvenirs dans le sport ? Les envol\u00e9es du Stade Toulousain et les duels Villeneuve-Schumacher et H\u00e4kkinen-Schumacher \u00e0 la fin des ann\u00e9es 90, la Coupe du monde de football en 1998, l\u2019exploit du XV de France face aux All Blacks en 1999, mais aussi Richard C\u0153ur de Lion qui vole sur les montagnes du Tour de France. Bien parti pour devenir professeur d\u2019EPS, les \u00e9v\u00e9nements de la vie (et la flemme d\u2019animer des s\u00e9ances de 3x500 m\u00e8tres toute ma vie) m\u2019ont conduit \u00e0 revoir mes plans. Me voil\u00e0 depuis fin 2017 sur Dicodusport, m\u00e9dia gr\u00e2ce (et pour) lequel je partage ma passion : le sport dans tous ses \u00e9tats. Le tout accompagn\u00e9 par les fous furieux et folles furieuses cit\u00e9s sur cette page !\",\"sameAs\":[\"https:\/\/www.facebook.com\/florent.ostermann\",\"https:\/\/x.com\/https:\/\/twitter.com\/FlOstermann\",\"admin\"],\"url\":\"https:\/\/dicodusport.fr\/blog\/author\/flo\/\"}]}<\/script>\n<!-- \/ Yoast SEO Premium plugin. -->","yoast_head_json":{"title":"UTMB 2024 : Palmar\u00e8s et r\u00e9sultats","description":"UTMB 2024 - Programme complet et r\u00e9sultats de l'Ultra Trail du Mont-Blanc 2024, qui se d\u00e9roule \u00e0 partir du lundi 26 ao\u00fbt 2024.","robots":{"index":"index","follow":"follow","max-snippet":"max-snippet:-1","max-image-preview":"max-image-preview:large","max-video-preview":"max-video-preview:-1"},"canonical":"https:\/\/dicodusport.fr\/blog\/utmb-2024-programme-des-courses-et-resultats\/","og_locale":"fr_FR","og_type":"article","og_title":"UTMB 2024 : Palmar\u00e8s et r\u00e9sultats","og_description":"UTMB 2024 - Programme complet et r\u00e9sultats de l'Ultra Trail du Mont-Blanc 2024, qui se d\u00e9roule \u00e0 partir du lundi 26 ao\u00fbt 2024.","og_url":"https:\/\/dicodusport.fr\/blog\/utmb-2024-programme-des-courses-et-resultats\/","og_site_name":"Dicodusport","article_publisher":"https:\/\/www.facebook.com\/dicodusport","article_author":"https:\/\/www.facebook.com\/florent.ostermann","article_published_time":"2024-08-31T16:17:39+00:00","og_image":[{"width":1200,"height":674,"url":"https:\/\/dicodusport.fr\/blog\/wp-content\/uploads\/2024\/08\/UTMB-2024-Programme-des-courses-et-resultats.png","type":"image\/png"}],"author":"Flo Ostermann","twitter_card":"summary_large_image","twitter_title":"UTMB 2024 : Palmar\u00e8s et r\u00e9sultats","twitter_creator":"@https:\/\/twitter.com\/FlOstermann","twitter_site":"@dicodusport","schema":{"@context":"https:\/\/schema.org","@graph":[{"@type":"NewsArticle","@id":"https:\/\/dicodusport.fr\/blog\/utmb-2024-programme-des-courses-et-resultats\/#article","isPartOf":{"@id":"https:\/\/dicodusport.fr\/blog\/utmb-2024-programme-des-courses-et-resultats\/"},"author":{"name":"Flo Ostermann","@id":"https:\/\/dicodusport.fr\/blog\/#\/schema\/person\/cb02af4c173ce4a653b55e9baf388d4a"},"headline":"UTMB 2024 : Palmar\u00e8s et r\u00e9sultats","datePublished":"2024-08-31T16:17:39+00:00","mainEntityOfPage":{"@id":"https:\/\/dicodusport.fr\/blog\/utmb-2024-programme-des-courses-et-resultats\/"},"wordCount":430,"commentCount":0,"publisher":{"@id":"https:\/\/dicodusport.fr\/blog\/#organization"},"image":{"@id":"https:\/\/dicodusport.fr\/blog\/utmb-2024-programme-des-courses-et-resultats\/#primaryimage"},"thumbnailUrl":"https:\/\/dicodusport.fr\/blog\/wp-content\/uploads\/2024\/08\/UTMB-2024-Programme-des-courses-et-resultats.png","keywords":["br\u00e8ve","UTMB"],"articleSection":["Trail"],"inLanguage":"fr-FR","potentialAction":[{"@type":"CommentAction","name":"Comment","target":["https:\/\/dicodusport.fr\/blog\/utmb-2024-programme-des-courses-et-resultats\/#respond"]}],"copyrightYear":"2024","copyrightHolder":{"@id":"https:\/\/dicodusport.fr\/blog\/#organization"}},{"@type":"WebPage","@id":"https:\/\/dicodusport.fr\/blog\/utmb-2024-programme-des-courses-et-resultats\/","url":"https:\/\/dicodusport.fr\/blog\/utmb-2024-programme-des-courses-et-resultats\/","name":"UTMB 2024 : Palmar\u00e8s et r\u00e9sultats","isPartOf":{"@id":"https:\/\/dicodusport.fr\/blog\/#website"},"primaryImageOfPage":{"@id":"https:\/\/dicodusport.fr\/blog\/utmb-2024-programme-des-courses-et-resultats\/#primaryimage"},"image":{"@id":"https:\/\/dicodusport.fr\/blog\/utmb-2024-programme-des-courses-et-resultats\/#primaryimage"},"thumbnailUrl":"https:\/\/dicodusport.fr\/blog\/wp-content\/uploads\/2024\/08\/UTMB-2024-Programme-des-courses-et-resultats.png","datePublished":"2024-08-31T16:17:39+00:00","description":"UTMB 2024 - Programme complet et r\u00e9sultats de l'Ultra Trail du Mont-Blanc 2024, qui se d\u00e9roule \u00e0 partir du lundi 26 ao\u00fbt 2024.","breadcrumb":{"@id":"https:\/\/dicodusport.fr\/blog\/utmb-2024-programme-des-courses-et-resultats\/#breadcrumb"},"inLanguage":"fr-FR","potentialAction":[{"@type":"ReadAction","target":["https:\/\/dicodusport.fr\/blog\/utmb-2024-programme-des-courses-et-resultats\/"]}]},{"@type":"ImageObject","inLanguage":"fr-FR","@id":"https:\/\/dicodusport.fr\/blog\/utmb-2024-programme-des-courses-et-resultats\/#primaryimage","url":"https:\/\/dicodusport.fr\/blog\/wp-content\/uploads\/2024\/08\/UTMB-2024-Programme-des-courses-et-resultats.png","contentUrl":"https:\/\/dicodusport.fr\/blog\/wp-content\/uploads\/2024\/08\/UTMB-2024-Programme-des-courses-et-resultats.png","width":1200,"height":674,"caption":"UTMB 2024 Programme des courses et r\u00e9sultats"},{"@type":"BreadcrumbList","@id":"https:\/\/dicodusport.fr\/blog\/utmb-2024-programme-des-courses-et-resultats\/#breadcrumb","itemListElement":[{"@type":"ListItem","position":1,"name":"Accueil","item":"https:\/\/dicodusport.fr\/blog\/"},{"@type":"ListItem","position":2,"name":"UTMB 2024 : Palmar\u00e8s et r\u00e9sultats"}]},{"@type":"WebSite","@id":"https:\/\/dicodusport.fr\/blog\/#website","url":"https:\/\/dicodusport.fr\/blog\/","name":"Dicodusport","description":"L&#039;encyclop\u00e9die de l&#039;actualit\u00e9 sportive","publisher":{"@id":"https:\/\/dicodusport.fr\/blog\/#organization"},"potentialAction":[{"@type":"SearchAction","target":{"@type":"EntryPoint","urlTemplate":"https:\/\/dicodusport.fr\/blog\/?s={search_term_string}"},"query-input":{"@type":"PropertyValueSpecification","valueRequired":true,"valueName":"search_term_string"}}],"inLanguage":"fr-FR"},{"@type":"NewsMediaOrganization","@id":"https:\/\/dicodusport.fr\/blog\/#organization","name":"Dicodusport","url":"https:\/\/dicodusport.fr\/blog\/","logo":{"@type":"ImageObject","inLanguage":"fr-FR","@id":"https:\/\/dicodusport.fr\/blog\/#\/schema\/logo\/image\/","url":"https:\/\/dicodusport.fr\/blog\/wp-content\/uploads\/2020\/06\/cropped-LOGO-DICODUSPORT-2020-SANS-FOND-SANS-TEXTE.png","contentUrl":"https:\/\/dicodusport.fr\/blog\/wp-content\/uploads\/2020\/06\/cropped-LOGO-DICODUSPORT-2020-SANS-FOND-SANS-TEXTE.png","width":512,"height":512,"caption":"Dicodusport"},"image":{"@id":"https:\/\/dicodusport.fr\/blog\/#\/schema\/logo\/image\/"},"sameAs":["https:\/\/www.facebook.com\/dicodusport","https:\/\/x.com\/dicodusport","https:\/\/www.instagram.com\/dicodusport\/","https:\/\/www.youtube.com\/channel\/UC7V2KZ5sd3htJivAbA4ZG3w"],"description":"Dicodusport est l'encyclop\u00e9die de l'actualit\u00e9 sportive.","email":"bonjour@dicodusport.fr","legalName":"DICODUSPORT","foundingDate":"2018-01-14","vatID":"FR71834470973","taxID":"83447097300043","numberOfEmployees":{"@type":"QuantitativeValue","minValue":"1","maxValue":"10"}},{"@type":"Person","@id":"https:\/\/dicodusport.fr\/blog\/#\/schema\/person\/cb02af4c173ce4a653b55e9baf388d4a","name":"Flo Ostermann","image":{"@type":"ImageObject","inLanguage":"fr-FR","@id":"https:\/\/dicodusport.fr\/blog\/#\/schema\/person\/image\/","url":"https:\/\/dicodusport.fr\/blog\/wp-content\/uploads\/2021\/05\/Flo-Ostermann-150x150.jpg","contentUrl":"https:\/\/dicodusport.fr\/blog\/wp-content\/uploads\/2021\/05\/Flo-Ostermann-150x150.jpg","caption":"Flo Ostermann"},"description":"Journaliste\/R\u00e9dacteur depuis septembre 2015 - Mes premiers souvenirs dans le sport ? Les envol\u00e9es du Stade Toulousain et les duels Villeneuve-Schumacher et H\u00e4kkinen-Schumacher \u00e0 la fin des ann\u00e9es 90, la Coupe du monde de football en 1998, l\u2019exploit du XV de France face aux All Blacks en 1999, mais aussi Richard C\u0153ur de Lion qui vole sur les montagnes du Tour de France. Bien parti pour devenir professeur d\u2019EPS, les \u00e9v\u00e9nements de la vie (et la flemme d\u2019animer des s\u00e9ances de 3x500 m\u00e8tres toute ma vie) m\u2019ont conduit \u00e0 revoir mes plans. Me voil\u00e0 depuis fin 2017 sur Dicodusport, m\u00e9dia gr\u00e2ce (et pour) lequel je partage ma passion : le sport dans tous ses \u00e9tats. Le tout accompagn\u00e9 par les fous furieux et folles furieuses cit\u00e9s sur cette page !","sameAs":["https:\/\/www.facebook.com\/florent.ostermann","https:\/\/x.com\/https:\/\/twitter.com\/FlOstermann","admin"],"url":"https:\/\/dicodusport.fr\/blog\/author\/flo\/"}]}},"_links":{"self":[{"href":"https:\/\/dicodusport.fr\/blog\/wp-json\/wp\/v2\/posts\/514825","targetHints":{"allow":["GET"]}}],"collection":[{"href":"https:\/\/dicodusport.fr\/blog\/wp-json\/wp\/v2\/posts"}],"about":[{"href":"https:\/\/dicodusport.fr\/blog\/wp-json\/wp\/v2\/types\/post"}],"author":[{"embeddable":true,"href":"https:\/\/dicodusport.fr\/blog\/wp-json\/wp\/v2\/users\/4"}],"replies":[{"embeddable":true,"href":"https:\/\/dicodusport.fr\/blog\/wp-json\/wp\/v2\/comments?post=514825"}],"version-history":[{"count":5,"href":"https:\/\/dicodusport.fr\/blog\/wp-json\/wp\/v2\/posts\/514825\/revisions"}],"predecessor-version":[{"id":516622,"href":"https:\/\/dicodusport.fr\/blog\/wp-json\/wp\/v2\/posts\/514825\/revisions\/516622"}],"wp:featuredmedia":[{"embeddable":true,"href":"https:\/\/dicodusport.fr\/blog\/wp-json\/wp\/v2\/media\/514978"}],"wp:attachment":[{"href":"https:\/\/dicodusport.fr\/blog\/wp-json\/wp\/v2\/media?parent=514825"}],"wp:term":[{"taxonomy":"category","embeddable":true,"href":"https:\/\/dicodusport.fr\/blog\/wp-json\/wp\/v2\/categories?post=514825"},{"taxonomy":"post_tag","embeddable":true,"href":"https:\/\/dicodusport.fr\/blog\/wp-json\/wp\/v2\/tags?post=514825"}],"curies":[{"name":"wp","href":"https:\/\/api.w.org\/{rel}","templated":true}]}}