{"id":515008,"date":"2024-08-26T14:36:31","date_gmt":"2024-08-26T12:36:31","guid":{"rendered":"https:\/\/dicodusport.fr\/blog\/?p=515008&#038;preview=true&#038;preview_id=515008"},"modified":"2024-08-26T14:40:34","modified_gmt":"2024-08-26T12:40:34","slug":"athletisme-les-minima-pour-les-championnats-du-monde-2025-de-tokyo","status":"publish","type":"post","link":"https:\/\/dicodusport.fr\/blog\/athletisme-les-minima-pour-les-championnats-du-monde-2025-de-tokyo\/","title":{"rendered":"Athl\u00e9tisme : Les minima pour les championnats du monde 2025 de Tokyo"},"content":{"rendered":"<p align=\"justify\"><em><strong>ATHL\u00c9TISME &#8211; D\u00e9couvrez les minima World Athletics pour les prochains championnats du monde 2025 de Tokyo, qui auront lieu du 13 au 21 septembre 2025.<\/strong><\/em><\/p>\n<ul>\n<li class=\"mvp-post-title left entry-title\" style=\"text-align: justify;\"><strong>\u00c0 ce sujet &#8211; <a href=\"https:\/\/dicodusport.fr\/blog\/athletisme-les-francais-qui-ont-minima-championnats-du-monde-2025\/\">Athl\u00e9tisme : Les Fran\u00e7ais qui ont r\u00e9alis\u00e9 les minima pour les championnats du monde 2025<\/a><\/strong><\/li>\n<\/ul>\n<h2 style=\"text-align: justify;\" align=\"justify\">Minima durcis \u00e0 partir du 400 m<\/h2>\n<p style=\"text-align: justify;\" align=\"justify\"><strong>World Athletics<\/strong> a d\u00e9voil\u00e9 ses minima pour les championnats du monde d&rsquo;<a href=\"https:\/\/dicodusport.fr\/blog\/actualites\/athletisme\/\">athl\u00e9tisme<\/a> de Tokyo, qui auront lieu du 13 au 21 septembre 2025. Des minima, dans certaines disciplines, encore plus exigeants que ceux demand\u00e9s pour les derniers <a href=\"https:\/\/dicodusport.fr\/blog\/jo-paris-2024\/\">Jeux Olympiques de Paris<\/a>. On pense au marathon, drastiquement durcis. Chez les hommes, ils passent de 2h08:10 \u00e0 2h06:30 et chez les femmes, cela passe de 2h26:50 \u00e0 2h23:30. Soit 3:20 pour un chrono qui est plus bas que l&rsquo;actuel record de France, d\u00e9tenu par<strong> M\u00e9line Rollin<\/strong>. Mais, du 400 m jusqu&rsquo;au marathon, en passant par le 20 km marche, World Athletics a d\u00e9cid\u00e9 de monter encore le curseur d&rsquo;un cran.<\/p>\n<p align=\"justify\">Comme pour toutes comp\u00e9titions depuis les JO de Tokyo en 2021, les athl\u00e8tes peuvent \u00e9galement se qualifier via le ranking (<a href=\"https:\/\/dicodusport.fr\/blog\/athletisme-les-avantages-et-les-inconvenients-du-ranking\/\">dont on vous d\u00e9taille les modalit\u00e9s ici<\/a>). Un autre mode de qualification qui s&rsquo;apparente au syst\u00e8me de classement du circuit ATP\/WTA en tennis.<\/p>\n<p style=\"text-align: justify;\" align=\"justify\">Aussi, r\u00e9aliser les minima ou \u00eatre bien rank\u00e9 ne vous assure pas automatiquement d&rsquo;\u00eatre qualifi\u00e9 pour les championnats du monde 2025 \u00e0 Tokyo. Il faut aussi \u00eatre dans les trois meilleurs par pays. Certains pays se servent de leurs championnats nationaux pour faire la s\u00e9lection. On pense aux <em>Trials<\/em> aux \u00c9tats-Unis. C&rsquo;est aussi le m\u00eame mode de s\u00e9lection en Jama\u00efque. En France, chez les hommes, cela peut bloquer pour des disciplines comme la perche, o\u00f9 cinq \u00e0 six athl\u00e8tes sont capables de franchir les 5.82 m requis. Ou encore le 110 m haies et le 800 m hommes.<\/p>\n<h2 align=\"justify\">La p\u00e9riode de qualification<\/h2>\n<p style=\"text-align: justify;\" align=\"justify\"><strong>Du 1er ao\u00fbt 2024 au 24 ao\u00fbt 2025<\/strong>, pour toutes les \u00e9preuves individuelles, sauf 10 000 m, marathon, \u00e9preuves combin\u00e9es et marche).<\/p>\n<p style=\"text-align: justify;\" align=\"justify\"><strong>Du 25 f\u00e9vrier 2024 au 24ao\u00fbt 2025<\/strong>, pour le 10 000 m, les \u00e9preuves combin\u00e9es, le 20 km marche et les relais.<\/p>\n<p style=\"text-align: justify;\" align=\"justify\"><strong>Du 5 novembre 2023 au 4 mai 2025<\/strong>, pour le marathon et le 35 km marche.<\/p>\n<h2 style=\"text-align: justify;\" align=\"justify\">Les minima pour les championnats du monde 2025 de Tokyo<\/h2>\n<div class=\"su-table su-table-alternate\">\n<table style=\"width: 800px;border-collapse: collapse\">\n<tbody>\n<tr>\n<td style=\"text-align: center;vertical-align: middle;width: 266.66px\"><strong>\u00c9preuves<\/strong><\/td>\n<td style=\"text-align: center;vertical-align: middle;width: 266.66px\"><strong>Hommes<\/strong><\/td>\n<td style=\"text-align: center;vertical-align: middle;width: 266.66px\"><strong>Femmes<\/strong><\/td>\n<\/tr>\n<tr>\n<td style=\"text-align: center;vertical-align: middle;width: 266.66px\"><strong>100 m<\/strong><\/td>\n<td style=\"text-align: center;vertical-align: middle;width: 266.66px\">10.00<\/td>\n<td style=\"text-align: center;vertical-align: middle;width: 266.66px\">11.07<\/td>\n<\/tr>\n<tr>\n<td style=\"text-align: center;vertical-align: middle;width: 266.66px\"><strong> 200 m<\/strong><\/td>\n<td style=\"text-align: center;vertical-align: middle;width: 266.66px\">20.16<\/td>\n<td style=\"text-align: center;vertical-align: middle;width: 266.66px\">22.57<\/td>\n<\/tr>\n<tr>\n<td style=\"text-align: center;vertical-align: middle;width: 266.66px\"><strong> 400 m<\/strong><\/td>\n<td style=\"text-align: center;vertical-align: middle;width: 266.66px\">44.85<\/td>\n<td style=\"text-align: center;vertical-align: middle;width: 266.66px\">50.75<\/td>\n<\/tr>\n<tr>\n<td style=\"text-align: center;vertical-align: middle;width: 266.66px\"><strong> 800 m<\/strong><\/td>\n<td style=\"text-align: center;vertical-align: middle;width: 266.66px\">1:44.50<\/td>\n<td style=\"text-align: center;vertical-align: middle;width: 266.66px\">1:59.00<\/td>\n<\/tr>\n<tr>\n<td style=\"text-align: center;vertical-align: middle;width: 266.66px\"><strong> 1500 m (Mile)<br \/>\n<\/strong><\/td>\n<td style=\"text-align: center;vertical-align: middle;width: 266.66px\">3:33.00<\/td>\n<td style=\"text-align: center;vertical-align: middle;width: 266.66px\">4:01.50<\/td>\n<\/tr>\n<tr>\n<td style=\"text-align: center;vertical-align: middle;width: 266.66px\"><strong> 5000 m<\/strong><\/td>\n<td style=\"text-align: center;vertical-align: middle;width: 266.66px\">13:01.00<\/td>\n<td style=\"text-align: center;vertical-align: middle;width: 266.66px\">14:50.00<\/td>\n<\/tr>\n<tr>\n<td style=\"text-align: center;vertical-align: middle;width: 266.66px\"><strong> 10 000 m<\/strong><\/td>\n<td style=\"text-align: center;vertical-align: middle;width: 266.66px\">27:00.00<\/td>\n<td style=\"text-align: center;vertical-align: middle;width: 266.66px\">30:20.00<\/td>\n<\/tr>\n<tr>\n<td style=\"text-align: center;vertical-align: middle;width: 266.66px\"><strong> Marathon<\/strong><\/td>\n<td style=\"text-align: center;vertical-align: middle;width: 266.66px\">2h06:30<\/td>\n<td style=\"text-align: center;vertical-align: middle;width: 266.66px\">2h23:30<\/td>\n<\/tr>\n<tr>\n<td style=\"text-align: center;vertical-align: middle;width: 266.66px\"><strong>110 m\/100 m haies<\/strong><\/td>\n<td style=\"text-align: center;vertical-align: middle;width: 266.66px\">13.27<\/td>\n<td style=\"text-align: center;vertical-align: middle;width: 266.66px\">12.73<\/td>\n<\/tr>\n<tr>\n<td style=\"text-align: center;vertical-align: middle;width: 266.66px\"><strong>400 m haies<\/strong><\/td>\n<td style=\"text-align: center;vertical-align: middle;width: 266.66px\">48.50<\/td>\n<td style=\"text-align: center;vertical-align: middle;width: 266.66px\">54.65<\/td>\n<\/tr>\n<tr>\n<td style=\"text-align: center;vertical-align: middle;width: 266.66px\"><strong> 3000 m steeple<\/strong><\/td>\n<td style=\"text-align: center;vertical-align: middle;width: 266.66px\">8.15:00<\/td>\n<td style=\"text-align: center;vertical-align: middle;width: 266.66px\">9.18:00<\/td>\n<\/tr>\n<tr>\n<td style=\"text-align: center;vertical-align: middle;width: 266.66px\"><strong>20 km marche<\/strong><\/td>\n<td style=\"text-align: center;vertical-align: middle;width: 266.66px\">1h19:20<\/td>\n<td style=\"text-align: center;vertical-align: middle;width: 266.66px\">1h29:00<\/td>\n<\/tr>\n<tr>\n<td style=\"text-align: center;vertical-align: middle;width: 266.66px\"><strong>35 km marche<\/strong><\/td>\n<td style=\"text-align: center;vertical-align: middle;width: 266.66px\">2h28:00<\/td>\n<td style=\"text-align: center;vertical-align: middle;width: 266.66px\">2h48:00<\/td>\n<\/tr>\n<tr>\n<td style=\"text-align: center;vertical-align: middle;width: 266.66px\"><strong>Saut en hauteur<\/strong><\/td>\n<td style=\"text-align: center;vertical-align: middle;width: 266.66px\">2.33 m<\/td>\n<td style=\"text-align: center;vertical-align: middle;width: 266.66px\">1.97 m<\/td>\n<\/tr>\n<tr>\n<td style=\"text-align: center;vertical-align: middle;width: 266.66px\"><strong> Saut \u00e0 la perche<\/strong><\/td>\n<td style=\"text-align: center;vertical-align: middle;width: 266.66px\">5.82 m<\/td>\n<td style=\"text-align: center;vertical-align: middle;width: 266.66px\">4.73 m<\/td>\n<\/tr>\n<tr>\n<td style=\"text-align: center;vertical-align: middle;width: 266.66px\"><strong>Saut en longueur<\/strong><\/td>\n<td style=\"text-align: center;vertical-align: middle;width: 266.66px\">8.27 m<\/td>\n<td style=\"text-align: center;vertical-align: middle;width: 266.66px\">6.86 m<\/td>\n<\/tr>\n<tr>\n<td style=\"text-align: center;vertical-align: middle;width: 266.66px\"><strong>Triple saut<\/strong><\/td>\n<td style=\"text-align: center;vertical-align: middle;width: 266.66px\">17.22 m<\/td>\n<td style=\"text-align: center;vertical-align: middle;width: 266.66px\">14.55 m<\/td>\n<\/tr>\n<tr>\n<td style=\"text-align: center;vertical-align: middle;width: 266.66px\"><strong>Lancer du javelot<br \/>\n<\/strong><\/td>\n<td style=\"text-align: center;vertical-align: middle;width: 266.66px\">85.50 m<\/td>\n<td style=\"text-align: center;vertical-align: middle;width: 266.66px\">64.00 m<\/td>\n<\/tr>\n<tr>\n<td style=\"text-align: center;vertical-align: middle;width: 266.66px\"><strong>Lancer du disque<br \/>\n<\/strong><\/td>\n<td style=\"text-align: center;vertical-align: middle;width: 266.66px\">67.20 m<\/td>\n<td style=\"text-align: center;vertical-align: middle;width: 266.66px\">64.50 m<\/td>\n<\/tr>\n<tr>\n<td style=\"text-align: center;vertical-align: middle;width: 266.66px\"><strong>Lancer du marteau<br \/>\n<\/strong><\/td>\n<td style=\"text-align: center;vertical-align: middle;width: 266.66px\">78.20 m<\/td>\n<td style=\"text-align: center;vertical-align: middle;width: 266.66px\">74.00 m<\/td>\n<\/tr>\n<tr>\n<td style=\"text-align: center;vertical-align: middle;width: 266.66px\"><strong>Lancer du poids<\/strong><\/td>\n<td style=\"text-align: center;width: 266.66px\">21.50 m<\/td>\n<td style=\"text-align: center;width: 266.66px\">18.80 m<\/td>\n<\/tr>\n<tr>\n<td style=\"text-align: center;vertical-align: middle;width: 266.66px\"><strong>D\u00e9cathlon \/ Heptathlon<\/strong><\/td>\n<td style=\"text-align: center;width: 266.66px\">8550 points<\/td>\n<td style=\"text-align: center;width: 266.66px\">6500 points<\/td>\n<\/tr>\n<\/tbody>\n<\/table>\n<\/div>\n","protected":false},"excerpt":{"rendered":"<p>Les minima pour les championnats du monde 2025 de Tokyo<\/p>\n","protected":false},"author":83,"featured_media":515014,"comment_status":"open","ping_status":"closed","sticky":false,"template":"","format":"standard","meta":{"_acf_changed":false,"_daextam_enable_autolinks":"1","footnotes":""},"categories":[2308],"tags":[32415,143,16878,30427],"class_list":["post-515008","post","type-post","status-publish","format-standard","has-post-thumbnail","hentry","category-athletisme","tag-actu","tag-athletisme","tag-breve","tag-minima"],"acf":[],"yoast_head":"<!-- This site is optimized with the Yoast SEO Premium plugin v26.7 (Yoast SEO v26.7) - https:\/\/yoast.com\/wordpress\/plugins\/seo\/ -->\n<title>Athl\u00e9tisme : Les minima pour les championnats du monde 2025 de Tokyo<\/title>\n<meta name=\"description\" content=\"ATHL\u00c9TISME - D\u00e9couvrez les minima World Athletics pour les prochains championnats du monde 2025 de Tokyo.\" \/>\n<meta name=\"robots\" content=\"index, follow, max-snippet:-1, max-image-preview:large, max-video-preview:-1\" \/>\n<link rel=\"canonical\" href=\"https:\/\/dicodusport.fr\/blog\/athletisme-les-minima-pour-les-championnats-du-monde-2025-de-tokyo\/\" \/>\n<meta property=\"og:locale\" content=\"fr_FR\" \/>\n<meta property=\"og:type\" content=\"article\" \/>\n<meta property=\"og:title\" content=\"Athl\u00e9tisme : Les minima pour les championnats du monde 2025 de Tokyo\" \/>\n<meta property=\"og:description\" content=\"ATHL\u00c9TISME - D\u00e9couvrez les minima World Athletics pour les prochains championnats du monde 2025 de Tokyo.\" \/>\n<meta property=\"og:url\" content=\"https:\/\/dicodusport.fr\/blog\/athletisme-les-minima-pour-les-championnats-du-monde-2025-de-tokyo\/\" \/>\n<meta property=\"og:site_name\" content=\"Dicodusport\" \/>\n<meta property=\"article:publisher\" content=\"https:\/\/www.facebook.com\/dicodusport\" \/>\n<meta property=\"article:published_time\" content=\"2024-08-26T12:36:31+00:00\" \/>\n<meta property=\"article:modified_time\" content=\"2024-08-26T12:40:34+00:00\" \/>\n<meta property=\"og:image\" content=\"https:\/\/dicodusport.fr\/blog\/wp-content\/uploads\/2024\/08\/Athletisme-Les-minima-pour-les-championnats-du-monde-2025-de-Tokyo.png\" \/>\n\t<meta property=\"og:image:width\" content=\"1200\" \/>\n\t<meta property=\"og:image:height\" content=\"674\" \/>\n\t<meta property=\"og:image:type\" content=\"image\/png\" \/>\n<meta name=\"author\" content=\"Etienne Goursaud\" \/>\n<meta name=\"twitter:card\" content=\"summary_large_image\" \/>\n<meta name=\"twitter:title\" content=\"Athl\u00e9tisme : Les minima pour les championnats du monde 2025 de Tokyo\" \/>\n<meta name=\"twitter:creator\" content=\"@dicodusport\" \/>\n<meta name=\"twitter:site\" content=\"@dicodusport\" \/>\n<script type=\"application\/ld+json\" class=\"yoast-schema-graph\">{\"@context\":\"https:\/\/schema.org\",\"@graph\":[{\"@type\":\"NewsArticle\",\"@id\":\"https:\/\/dicodusport.fr\/blog\/athletisme-les-minima-pour-les-championnats-du-monde-2025-de-tokyo\/#article\",\"isPartOf\":{\"@id\":\"https:\/\/dicodusport.fr\/blog\/athletisme-les-minima-pour-les-championnats-du-monde-2025-de-tokyo\/\"},\"author\":{\"name\":\"Etienne Goursaud\",\"@id\":\"https:\/\/dicodusport.fr\/blog\/#\/schema\/person\/d603dd7da31fb2b46c82b9835a77ec13\"},\"headline\":\"Athl\u00e9tisme : Les minima pour les championnats du monde 2025 de Tokyo\",\"datePublished\":\"2024-08-26T12:36:31+00:00\",\"dateModified\":\"2024-08-26T12:40:34+00:00\",\"mainEntityOfPage\":{\"@id\":\"https:\/\/dicodusport.fr\/blog\/athletisme-les-minima-pour-les-championnats-du-monde-2025-de-tokyo\/\"},\"wordCount\":458,\"commentCount\":0,\"publisher\":{\"@id\":\"https:\/\/dicodusport.fr\/blog\/#organization\"},\"image\":{\"@id\":\"https:\/\/dicodusport.fr\/blog\/athletisme-les-minima-pour-les-championnats-du-monde-2025-de-tokyo\/#primaryimage\"},\"thumbnailUrl\":\"https:\/\/dicodusport.fr\/blog\/wp-content\/uploads\/2024\/08\/Athletisme-Les-minima-pour-les-championnats-du-monde-2025-de-Tokyo.png\",\"keywords\":[\"actu\",\"Athl\u00e9tisme\",\"br\u00e8ve\",\"minima\"],\"articleSection\":[\"Athl\u00e9tisme\"],\"inLanguage\":\"fr-FR\",\"potentialAction\":[{\"@type\":\"CommentAction\",\"name\":\"Comment\",\"target\":[\"https:\/\/dicodusport.fr\/blog\/athletisme-les-minima-pour-les-championnats-du-monde-2025-de-tokyo\/#respond\"]}],\"copyrightYear\":\"2024\",\"copyrightHolder\":{\"@id\":\"https:\/\/dicodusport.fr\/blog\/#organization\"}},{\"@type\":\"WebPage\",\"@id\":\"https:\/\/dicodusport.fr\/blog\/athletisme-les-minima-pour-les-championnats-du-monde-2025-de-tokyo\/\",\"url\":\"https:\/\/dicodusport.fr\/blog\/athletisme-les-minima-pour-les-championnats-du-monde-2025-de-tokyo\/\",\"name\":\"Athl\u00e9tisme : Les minima pour les championnats du monde 2025 de Tokyo\",\"isPartOf\":{\"@id\":\"https:\/\/dicodusport.fr\/blog\/#website\"},\"primaryImageOfPage\":{\"@id\":\"https:\/\/dicodusport.fr\/blog\/athletisme-les-minima-pour-les-championnats-du-monde-2025-de-tokyo\/#primaryimage\"},\"image\":{\"@id\":\"https:\/\/dicodusport.fr\/blog\/athletisme-les-minima-pour-les-championnats-du-monde-2025-de-tokyo\/#primaryimage\"},\"thumbnailUrl\":\"https:\/\/dicodusport.fr\/blog\/wp-content\/uploads\/2024\/08\/Athletisme-Les-minima-pour-les-championnats-du-monde-2025-de-Tokyo.png\",\"datePublished\":\"2024-08-26T12:36:31+00:00\",\"dateModified\":\"2024-08-26T12:40:34+00:00\",\"description\":\"ATHL\u00c9TISME - D\u00e9couvrez les minima World Athletics pour les prochains championnats du monde 2025 de Tokyo.\",\"breadcrumb\":{\"@id\":\"https:\/\/dicodusport.fr\/blog\/athletisme-les-minima-pour-les-championnats-du-monde-2025-de-tokyo\/#breadcrumb\"},\"inLanguage\":\"fr-FR\",\"potentialAction\":[{\"@type\":\"ReadAction\",\"target\":[\"https:\/\/dicodusport.fr\/blog\/athletisme-les-minima-pour-les-championnats-du-monde-2025-de-tokyo\/\"]}]},{\"@type\":\"ImageObject\",\"inLanguage\":\"fr-FR\",\"@id\":\"https:\/\/dicodusport.fr\/blog\/athletisme-les-minima-pour-les-championnats-du-monde-2025-de-tokyo\/#primaryimage\",\"url\":\"https:\/\/dicodusport.fr\/blog\/wp-content\/uploads\/2024\/08\/Athletisme-Les-minima-pour-les-championnats-du-monde-2025-de-Tokyo.png\",\"contentUrl\":\"https:\/\/dicodusport.fr\/blog\/wp-content\/uploads\/2024\/08\/Athletisme-Les-minima-pour-les-championnats-du-monde-2025-de-Tokyo.png\",\"width\":1200,\"height\":674,\"caption\":\"Athl\u00e9tisme : Les minima pour les championnats du monde 2025 de Tokyo\"},{\"@type\":\"BreadcrumbList\",\"@id\":\"https:\/\/dicodusport.fr\/blog\/athletisme-les-minima-pour-les-championnats-du-monde-2025-de-tokyo\/#breadcrumb\",\"itemListElement\":[{\"@type\":\"ListItem\",\"position\":1,\"name\":\"Accueil\",\"item\":\"https:\/\/dicodusport.fr\/blog\/\"},{\"@type\":\"ListItem\",\"position\":2,\"name\":\"Athl\u00e9tisme : Les minima pour les championnats du monde 2025 de Tokyo\"}]},{\"@type\":\"WebSite\",\"@id\":\"https:\/\/dicodusport.fr\/blog\/#website\",\"url\":\"https:\/\/dicodusport.fr\/blog\/\",\"name\":\"Dicodusport\",\"description\":\"L&#039;encyclop\u00e9die de l&#039;actualit\u00e9 sportive\",\"publisher\":{\"@id\":\"https:\/\/dicodusport.fr\/blog\/#organization\"},\"potentialAction\":[{\"@type\":\"SearchAction\",\"target\":{\"@type\":\"EntryPoint\",\"urlTemplate\":\"https:\/\/dicodusport.fr\/blog\/?s={search_term_string}\"},\"query-input\":{\"@type\":\"PropertyValueSpecification\",\"valueRequired\":true,\"valueName\":\"search_term_string\"}}],\"inLanguage\":\"fr-FR\"},{\"@type\":\"NewsMediaOrganization\",\"@id\":\"https:\/\/dicodusport.fr\/blog\/#organization\",\"name\":\"Dicodusport\",\"url\":\"https:\/\/dicodusport.fr\/blog\/\",\"logo\":{\"@type\":\"ImageObject\",\"inLanguage\":\"fr-FR\",\"@id\":\"https:\/\/dicodusport.fr\/blog\/#\/schema\/logo\/image\/\",\"url\":\"https:\/\/dicodusport.fr\/blog\/wp-content\/uploads\/2020\/06\/cropped-LOGO-DICODUSPORT-2020-SANS-FOND-SANS-TEXTE.png\",\"contentUrl\":\"https:\/\/dicodusport.fr\/blog\/wp-content\/uploads\/2020\/06\/cropped-LOGO-DICODUSPORT-2020-SANS-FOND-SANS-TEXTE.png\",\"width\":512,\"height\":512,\"caption\":\"Dicodusport\"},\"image\":{\"@id\":\"https:\/\/dicodusport.fr\/blog\/#\/schema\/logo\/image\/\"},\"sameAs\":[\"https:\/\/www.facebook.com\/dicodusport\",\"https:\/\/x.com\/dicodusport\",\"https:\/\/www.instagram.com\/dicodusport\/\",\"https:\/\/www.youtube.com\/channel\/UC7V2KZ5sd3htJivAbA4ZG3w\"],\"description\":\"Dicodusport est l'encyclop\u00e9die de l'actualit\u00e9 sportive.\",\"email\":\"bonjour@dicodusport.fr\",\"legalName\":\"DICODUSPORT\",\"foundingDate\":\"2018-01-14\",\"vatID\":\"FR71834470973\",\"taxID\":\"83447097300043\",\"numberOfEmployees\":{\"@type\":\"QuantitativeValue\",\"minValue\":\"1\",\"maxValue\":\"10\"}},{\"@type\":\"Person\",\"@id\":\"https:\/\/dicodusport.fr\/blog\/#\/schema\/person\/d603dd7da31fb2b46c82b9835a77ec13\",\"name\":\"Etienne Goursaud\",\"image\":{\"@type\":\"ImageObject\",\"inLanguage\":\"fr-FR\",\"@id\":\"https:\/\/dicodusport.fr\/blog\/#\/schema\/person\/image\/\",\"url\":\"https:\/\/dicodusport.fr\/blog\/wp-content\/uploads\/2023\/12\/410122264_10231602061736049_5565839791558026645_n-150x150.jpg\",\"contentUrl\":\"https:\/\/dicodusport.fr\/blog\/wp-content\/uploads\/2023\/12\/410122264_10231602061736049_5565839791558026645_n-150x150.jpg\",\"caption\":\"Etienne Goursaud\"},\"description\":\"Journaliste et amoureux de sport. Ancien footballeur reconverti athl\u00e8te quand ses muscles le laissent tranquille. \u00c9lev\u00e9 \u00e0 la sauce des exploits de Thomas Voeckler en 2004, du dernier essai de l\u00e9gende de Eunice Barber \u00e0 la longueur lors des championnats du monde d'athl\u00e9tisme de 2003 mais aussi Zidane, Omeyer et Titou Lamaison.\",\"url\":\"https:\/\/dicodusport.fr\/blog\/author\/etienne-goursaud\/\"}]}<\/script>\n<!-- \/ Yoast SEO Premium plugin. -->","yoast_head_json":{"title":"Athl\u00e9tisme : Les minima pour les championnats du monde 2025 de Tokyo","description":"ATHL\u00c9TISME - D\u00e9couvrez les minima World Athletics pour les prochains championnats du monde 2025 de Tokyo.","robots":{"index":"index","follow":"follow","max-snippet":"max-snippet:-1","max-image-preview":"max-image-preview:large","max-video-preview":"max-video-preview:-1"},"canonical":"https:\/\/dicodusport.fr\/blog\/athletisme-les-minima-pour-les-championnats-du-monde-2025-de-tokyo\/","og_locale":"fr_FR","og_type":"article","og_title":"Athl\u00e9tisme : Les minima pour les championnats du monde 2025 de Tokyo","og_description":"ATHL\u00c9TISME - D\u00e9couvrez les minima World Athletics pour les prochains championnats du monde 2025 de Tokyo.","og_url":"https:\/\/dicodusport.fr\/blog\/athletisme-les-minima-pour-les-championnats-du-monde-2025-de-tokyo\/","og_site_name":"Dicodusport","article_publisher":"https:\/\/www.facebook.com\/dicodusport","article_published_time":"2024-08-26T12:36:31+00:00","article_modified_time":"2024-08-26T12:40:34+00:00","og_image":[{"width":1200,"height":674,"url":"https:\/\/dicodusport.fr\/blog\/wp-content\/uploads\/2024\/08\/Athletisme-Les-minima-pour-les-championnats-du-monde-2025-de-Tokyo.png","type":"image\/png"}],"author":"Etienne Goursaud","twitter_card":"summary_large_image","twitter_title":"Athl\u00e9tisme : Les minima pour les championnats du monde 2025 de Tokyo","twitter_creator":"@dicodusport","twitter_site":"@dicodusport","schema":{"@context":"https:\/\/schema.org","@graph":[{"@type":"NewsArticle","@id":"https:\/\/dicodusport.fr\/blog\/athletisme-les-minima-pour-les-championnats-du-monde-2025-de-tokyo\/#article","isPartOf":{"@id":"https:\/\/dicodusport.fr\/blog\/athletisme-les-minima-pour-les-championnats-du-monde-2025-de-tokyo\/"},"author":{"name":"Etienne Goursaud","@id":"https:\/\/dicodusport.fr\/blog\/#\/schema\/person\/d603dd7da31fb2b46c82b9835a77ec13"},"headline":"Athl\u00e9tisme : Les minima pour les championnats du monde 2025 de Tokyo","datePublished":"2024-08-26T12:36:31+00:00","dateModified":"2024-08-26T12:40:34+00:00","mainEntityOfPage":{"@id":"https:\/\/dicodusport.fr\/blog\/athletisme-les-minima-pour-les-championnats-du-monde-2025-de-tokyo\/"},"wordCount":458,"commentCount":0,"publisher":{"@id":"https:\/\/dicodusport.fr\/blog\/#organization"},"image":{"@id":"https:\/\/dicodusport.fr\/blog\/athletisme-les-minima-pour-les-championnats-du-monde-2025-de-tokyo\/#primaryimage"},"thumbnailUrl":"https:\/\/dicodusport.fr\/blog\/wp-content\/uploads\/2024\/08\/Athletisme-Les-minima-pour-les-championnats-du-monde-2025-de-Tokyo.png","keywords":["actu","Athl\u00e9tisme","br\u00e8ve","minima"],"articleSection":["Athl\u00e9tisme"],"inLanguage":"fr-FR","potentialAction":[{"@type":"CommentAction","name":"Comment","target":["https:\/\/dicodusport.fr\/blog\/athletisme-les-minima-pour-les-championnats-du-monde-2025-de-tokyo\/#respond"]}],"copyrightYear":"2024","copyrightHolder":{"@id":"https:\/\/dicodusport.fr\/blog\/#organization"}},{"@type":"WebPage","@id":"https:\/\/dicodusport.fr\/blog\/athletisme-les-minima-pour-les-championnats-du-monde-2025-de-tokyo\/","url":"https:\/\/dicodusport.fr\/blog\/athletisme-les-minima-pour-les-championnats-du-monde-2025-de-tokyo\/","name":"Athl\u00e9tisme : Les minima pour les championnats du monde 2025 de Tokyo","isPartOf":{"@id":"https:\/\/dicodusport.fr\/blog\/#website"},"primaryImageOfPage":{"@id":"https:\/\/dicodusport.fr\/blog\/athletisme-les-minima-pour-les-championnats-du-monde-2025-de-tokyo\/#primaryimage"},"image":{"@id":"https:\/\/dicodusport.fr\/blog\/athletisme-les-minima-pour-les-championnats-du-monde-2025-de-tokyo\/#primaryimage"},"thumbnailUrl":"https:\/\/dicodusport.fr\/blog\/wp-content\/uploads\/2024\/08\/Athletisme-Les-minima-pour-les-championnats-du-monde-2025-de-Tokyo.png","datePublished":"2024-08-26T12:36:31+00:00","dateModified":"2024-08-26T12:40:34+00:00","description":"ATHL\u00c9TISME - D\u00e9couvrez les minima World Athletics pour les prochains championnats du monde 2025 de Tokyo.","breadcrumb":{"@id":"https:\/\/dicodusport.fr\/blog\/athletisme-les-minima-pour-les-championnats-du-monde-2025-de-tokyo\/#breadcrumb"},"inLanguage":"fr-FR","potentialAction":[{"@type":"ReadAction","target":["https:\/\/dicodusport.fr\/blog\/athletisme-les-minima-pour-les-championnats-du-monde-2025-de-tokyo\/"]}]},{"@type":"ImageObject","inLanguage":"fr-FR","@id":"https:\/\/dicodusport.fr\/blog\/athletisme-les-minima-pour-les-championnats-du-monde-2025-de-tokyo\/#primaryimage","url":"https:\/\/dicodusport.fr\/blog\/wp-content\/uploads\/2024\/08\/Athletisme-Les-minima-pour-les-championnats-du-monde-2025-de-Tokyo.png","contentUrl":"https:\/\/dicodusport.fr\/blog\/wp-content\/uploads\/2024\/08\/Athletisme-Les-minima-pour-les-championnats-du-monde-2025-de-Tokyo.png","width":1200,"height":674,"caption":"Athl\u00e9tisme : Les minima pour les championnats du monde 2025 de Tokyo"},{"@type":"BreadcrumbList","@id":"https:\/\/dicodusport.fr\/blog\/athletisme-les-minima-pour-les-championnats-du-monde-2025-de-tokyo\/#breadcrumb","itemListElement":[{"@type":"ListItem","position":1,"name":"Accueil","item":"https:\/\/dicodusport.fr\/blog\/"},{"@type":"ListItem","position":2,"name":"Athl\u00e9tisme : Les minima pour les championnats du monde 2025 de Tokyo"}]},{"@type":"WebSite","@id":"https:\/\/dicodusport.fr\/blog\/#website","url":"https:\/\/dicodusport.fr\/blog\/","name":"Dicodusport","description":"L&#039;encyclop\u00e9die de l&#039;actualit\u00e9 sportive","publisher":{"@id":"https:\/\/dicodusport.fr\/blog\/#organization"},"potentialAction":[{"@type":"SearchAction","target":{"@type":"EntryPoint","urlTemplate":"https:\/\/dicodusport.fr\/blog\/?s={search_term_string}"},"query-input":{"@type":"PropertyValueSpecification","valueRequired":true,"valueName":"search_term_string"}}],"inLanguage":"fr-FR"},{"@type":"NewsMediaOrganization","@id":"https:\/\/dicodusport.fr\/blog\/#organization","name":"Dicodusport","url":"https:\/\/dicodusport.fr\/blog\/","logo":{"@type":"ImageObject","inLanguage":"fr-FR","@id":"https:\/\/dicodusport.fr\/blog\/#\/schema\/logo\/image\/","url":"https:\/\/dicodusport.fr\/blog\/wp-content\/uploads\/2020\/06\/cropped-LOGO-DICODUSPORT-2020-SANS-FOND-SANS-TEXTE.png","contentUrl":"https:\/\/dicodusport.fr\/blog\/wp-content\/uploads\/2020\/06\/cropped-LOGO-DICODUSPORT-2020-SANS-FOND-SANS-TEXTE.png","width":512,"height":512,"caption":"Dicodusport"},"image":{"@id":"https:\/\/dicodusport.fr\/blog\/#\/schema\/logo\/image\/"},"sameAs":["https:\/\/www.facebook.com\/dicodusport","https:\/\/x.com\/dicodusport","https:\/\/www.instagram.com\/dicodusport\/","https:\/\/www.youtube.com\/channel\/UC7V2KZ5sd3htJivAbA4ZG3w"],"description":"Dicodusport est l'encyclop\u00e9die de l'actualit\u00e9 sportive.","email":"bonjour@dicodusport.fr","legalName":"DICODUSPORT","foundingDate":"2018-01-14","vatID":"FR71834470973","taxID":"83447097300043","numberOfEmployees":{"@type":"QuantitativeValue","minValue":"1","maxValue":"10"}},{"@type":"Person","@id":"https:\/\/dicodusport.fr\/blog\/#\/schema\/person\/d603dd7da31fb2b46c82b9835a77ec13","name":"Etienne Goursaud","image":{"@type":"ImageObject","inLanguage":"fr-FR","@id":"https:\/\/dicodusport.fr\/blog\/#\/schema\/person\/image\/","url":"https:\/\/dicodusport.fr\/blog\/wp-content\/uploads\/2023\/12\/410122264_10231602061736049_5565839791558026645_n-150x150.jpg","contentUrl":"https:\/\/dicodusport.fr\/blog\/wp-content\/uploads\/2023\/12\/410122264_10231602061736049_5565839791558026645_n-150x150.jpg","caption":"Etienne Goursaud"},"description":"Journaliste et amoureux de sport. Ancien footballeur reconverti athl\u00e8te quand ses muscles le laissent tranquille. \u00c9lev\u00e9 \u00e0 la sauce des exploits de Thomas Voeckler en 2004, du dernier essai de l\u00e9gende de Eunice Barber \u00e0 la longueur lors des championnats du monde d'athl\u00e9tisme de 2003 mais aussi Zidane, Omeyer et Titou Lamaison.","url":"https:\/\/dicodusport.fr\/blog\/author\/etienne-goursaud\/"}]}},"_links":{"self":[{"href":"https:\/\/dicodusport.fr\/blog\/wp-json\/wp\/v2\/posts\/515008","targetHints":{"allow":["GET"]}}],"collection":[{"href":"https:\/\/dicodusport.fr\/blog\/wp-json\/wp\/v2\/posts"}],"about":[{"href":"https:\/\/dicodusport.fr\/blog\/wp-json\/wp\/v2\/types\/post"}],"author":[{"embeddable":true,"href":"https:\/\/dicodusport.fr\/blog\/wp-json\/wp\/v2\/users\/83"}],"replies":[{"embeddable":true,"href":"https:\/\/dicodusport.fr\/blog\/wp-json\/wp\/v2\/comments?post=515008"}],"version-history":[{"count":3,"href":"https:\/\/dicodusport.fr\/blog\/wp-json\/wp\/v2\/posts\/515008\/revisions"}],"predecessor-version":[{"id":515099,"href":"https:\/\/dicodusport.fr\/blog\/wp-json\/wp\/v2\/posts\/515008\/revisions\/515099"}],"wp:featuredmedia":[{"embeddable":true,"href":"https:\/\/dicodusport.fr\/blog\/wp-json\/wp\/v2\/media\/515014"}],"wp:attachment":[{"href":"https:\/\/dicodusport.fr\/blog\/wp-json\/wp\/v2\/media?parent=515008"}],"wp:term":[{"taxonomy":"category","embeddable":true,"href":"https:\/\/dicodusport.fr\/blog\/wp-json\/wp\/v2\/categories?post=515008"},{"taxonomy":"post_tag","embeddable":true,"href":"https:\/\/dicodusport.fr\/blog\/wp-json\/wp\/v2\/tags?post=515008"}],"curies":[{"name":"wp","href":"https:\/\/api.w.org\/{rel}","templated":true}]}}