{"id":51503,"date":"2019-10-15T11:59:11","date_gmt":"2019-10-15T09:59:11","guid":{"rendered":"http:\/\/dicodusport.fr\/blog\/?p=51503&#038;preview=true&#038;preview_id=51503"},"modified":"2019-10-15T12:31:55","modified_gmt":"2019-10-15T10:31:55","slug":"tour-de-france-2020-la-carte-du-parcours-devoilee","status":"publish","type":"post","link":"https:\/\/dicodusport.fr\/blog\/tour-de-france-2020-la-carte-du-parcours-devoilee\/","title":{"rendered":"Tour de France 2020 : la carte du parcours d\u00e9voil\u00e9e"},"content":{"rendered":"<p style=\"text-align: justify;\"><em><strong>Le parcours de la 107\u00e8me \u00e9dition du <a href=\"https:\/\/www.letour.fr\/fr\/galerie-video\/grand-depart-2020-nice\" target=\"_blank\" rel=\"noopener\">Tour de France<\/a>, qui se disputera du 27 juin au 19 juillet 2020 entre Nice et Paris, a \u00e9t\u00e9 d\u00e9voil\u00e9 ce mardi. D\u00e9couvrez la carte du trac\u00e9.<\/strong><\/em><\/p>\n<p style=\"text-align: justify;\">Du lourd. C&rsquo;est l&rsquo;impression laiss\u00e9e par le parcours de la <strong>Grande Boucle 2019<\/strong>, d\u00e9voil\u00e9 ce mardi au Palais des Congr\u00e8s de Paris. Peu d&rsquo;occasions pour les sprinteurs, mais que d&rsquo;opportunit\u00e9s pour les grimpeurs et puncheurs. Avec un relief omnipr\u00e9sent d\u00e8s la premi\u00e8re semaine, et la mont\u00e9e d&rsquo;<strong>Orci\u00e8res-Merlette<\/strong> qui conclura la 4\u00e8me \u00e9tape, cette <strong>107\u00e8me \u00e9dition du Tour de France<\/strong> s&rsquo;annonce \u00e9pique.<\/p>\n<h2 style=\"text-align: justify;\">Le Massif Central et les Alpes omnipr\u00e9sents, la Planche des Belles Filles comme juge de paix<\/h2>\n<p style=\"text-align: justify;\">Apr\u00e8s un court passage par les <strong>Pyr\u00e9n\u00e9es<\/strong>, le Tour s&rsquo;envolera vers la c\u00f4te Atlantique, avec une \u00e9tape in\u00e9dite entre l\u2019<strong>\u00cele d&rsquo;Ol\u00e9ron<\/strong> et l\u2019<strong>\u00cele de R\u00e9<\/strong>. Le <strong>Puy Mary<\/strong>\u00a0 (5,4 km \u00e0 8,1%) sera escalad\u00e9 lors du passage du peloton dans un <strong>Massif Central<\/strong> (re)visit\u00e9. Avec des arriv\u00e9es au <strong>Grand Colombier<\/strong> et sur <strong>les hauteurs de M\u00e9ribel au col de la Loze\u00a0<\/strong>(21,5 km \u00e0 7,8%), les <strong>Alpes<\/strong> devraient offrir un spectacle grandiose.<\/p>\n<p style=\"text-align: justify;\">Pour terminer, la <strong>Planche des Belles Filles<\/strong>, version normale (6 km \u00e0 8,5 %), se dressera en juge de paix, avec un contre-la-montre individuel de 36 km depuis <strong>Lure<\/strong>.<\/p>\n<div id=\"attachment_51519\" style=\"width: 1782px\" class=\"wp-caption aligncenter\"><a href=\"http:\/\/dicodusport.fr\/blog\/wp-content\/uploads\/2019\/10\/Carte-du-Tour-de-France-2019.jpg\"><img loading=\"lazy\" decoding=\"async\" aria-describedby=\"caption-attachment-51519\" class=\"size-full wp-image-51519\" src=\"http:\/\/dicodusport.fr\/blog\/wp-content\/uploads\/2019\/10\/Carte-du-Tour-de-France-2019.jpg\" alt=\"Carte du Tour de France 2019\" width=\"1772\" height=\"2362\" srcset=\"https:\/\/dicodusport.fr\/blog\/wp-content\/uploads\/2019\/10\/Carte-du-Tour-de-France-2019.jpg 1772w, https:\/\/dicodusport.fr\/blog\/wp-content\/uploads\/2019\/10\/Carte-du-Tour-de-France-2019-225x300.jpg 225w, https:\/\/dicodusport.fr\/blog\/wp-content\/uploads\/2019\/10\/Carte-du-Tour-de-France-2019-768x1024.jpg 768w\" sizes=\"auto, (max-width: 1772px) 100vw, 1772px\" \/><\/a><p id=\"caption-attachment-51519\" class=\"wp-caption-text\">Carte du Tour de France 2019<\/p><\/div>\n<p><strong><em>Dicodusport<br \/>\n<a href=\"https:\/\/www.facebook.com\/dicodusport\/\" target=\"_blank\" rel=\"noopener\"><img loading=\"lazy\" decoding=\"async\" class=\"alignnone wp-image-2909\" src=\"http:\/\/dicodusport.fr\/blog\/wp-content\/uploads\/2017\/07\/logo-facebook-150x150.png\" alt=\"\" width=\"40\" height=\"40\" \/><\/a><a href=\"https:\/\/twitter.com\/dicodusport\" target=\"_blank\" rel=\"noopener\"><img loading=\"lazy\" decoding=\"async\" class=\"alignnone wp-image-2908\" src=\"http:\/\/dicodusport.fr\/blog\/wp-content\/uploads\/2017\/07\/logo-twitter-150x150.png\" alt=\"\" width=\"39\" height=\"39\" \/><\/a><\/em><\/strong><\/p>\n<p>&nbsp;<\/p>\n","protected":false},"excerpt":{"rendered":"<p>Le parcours de la 107\u00e8me \u00e9dition du Tour de France, qui se disputera du 27 juin au 19 juillet 2020 entre Nice et Paris, a \u00e9t\u00e9 d\u00e9voil\u00e9 ce mardi. D\u00e9couvrez la carte du trac\u00e9.<\/p>\n","protected":false},"author":4,"featured_media":51504,"comment_status":"open","ping_status":"closed","sticky":false,"template":"","format":"standard","meta":{"_acf_changed":false,"_daextam_enable_autolinks":"","footnotes":""},"categories":[2307],"tags":[24,1262],"class_list":["post-51503","post","type-post","status-publish","format-standard","has-post-thumbnail","hentry","category-cyclisme","tag-sport","tag-tour-de-france"],"acf":[],"yoast_head":"<!-- This site is optimized with the Yoast SEO Premium plugin v26.7 (Yoast SEO v26.7) - https:\/\/yoast.com\/wordpress\/plugins\/seo\/ -->\n<title>Tour de France 2020 : la carte du parcours d\u00e9voil\u00e9e<\/title>\n<meta name=\"description\" content=\"Le parcours de la 107\u00e8me \u00e9dition du Tour de France, qui se disputera du 27 juin au 19 juillet 2020 entre Nice et Paris, a \u00e9t\u00e9 d\u00e9voil\u00e9 ce mardi.\" \/>\n<meta name=\"robots\" content=\"index, follow, max-snippet:-1, max-image-preview:large, max-video-preview:-1\" \/>\n<link rel=\"canonical\" href=\"https:\/\/dicodusport.fr\/blog\/tour-de-france-2020-la-carte-du-parcours-devoilee\/\" \/>\n<meta property=\"og:locale\" content=\"fr_FR\" \/>\n<meta property=\"og:type\" content=\"article\" \/>\n<meta property=\"og:title\" content=\"Mont Aigoual, Col de la Loze, Planche des Belles Filles, le parcours du Tour 2020\" \/>\n<meta property=\"og:description\" content=\"Le parcours de la 107\u00e8me \u00e9dition du Tour de France, qui se disputera du 27 juin au 19 juillet 2020 entre Nice et Paris, a \u00e9t\u00e9 d\u00e9voil\u00e9 ce mardi.\" \/>\n<meta property=\"og:url\" content=\"https:\/\/dicodusport.fr\/blog\/tour-de-france-2020-la-carte-du-parcours-devoilee\/\" \/>\n<meta property=\"og:site_name\" content=\"Dicodusport\" \/>\n<meta property=\"article:publisher\" content=\"https:\/\/www.facebook.com\/dicodusport\" \/>\n<meta property=\"article:author\" content=\"https:\/\/www.facebook.com\/florent.ostermann\" \/>\n<meta property=\"article:published_time\" content=\"2019-10-15T09:59:11+00:00\" \/>\n<meta property=\"article:modified_time\" content=\"2019-10-15T10:31:55+00:00\" \/>\n<meta property=\"og:image\" content=\"https:\/\/dicodusport.fr\/blog\/wp-content\/uploads\/2019\/10\/Tour-de-France-2020-La-carte-du-parcours-d\u00e9voil\u00e9e.png\" \/>\n\t<meta property=\"og:image:width\" content=\"800\" \/>\n\t<meta property=\"og:image:height\" content=\"445\" \/>\n\t<meta property=\"og:image:type\" content=\"image\/png\" \/>\n<meta name=\"author\" content=\"Flo Ostermann\" \/>\n<meta name=\"twitter:card\" content=\"summary_large_image\" \/>\n<meta name=\"twitter:title\" content=\"Mont Aigoual, Col de la Loze, Planche des Belles Filles, le parcours du Tour 2020\" \/>\n<meta name=\"twitter:creator\" content=\"@https:\/\/twitter.com\/FlOstermann\" \/>\n<meta name=\"twitter:site\" content=\"@dicodusport\" \/>\n<script type=\"application\/ld+json\" class=\"yoast-schema-graph\">{\"@context\":\"https:\/\/schema.org\",\"@graph\":[{\"@type\":\"NewsArticle\",\"@id\":\"https:\/\/dicodusport.fr\/blog\/tour-de-france-2020-la-carte-du-parcours-devoilee\/#article\",\"isPartOf\":{\"@id\":\"https:\/\/dicodusport.fr\/blog\/tour-de-france-2020-la-carte-du-parcours-devoilee\/\"},\"author\":{\"name\":\"Flo Ostermann\",\"@id\":\"https:\/\/dicodusport.fr\/blog\/#\/schema\/person\/cb02af4c173ce4a653b55e9baf388d4a\"},\"headline\":\"Tour de France 2020 : la carte du parcours d\u00e9voil\u00e9e\",\"datePublished\":\"2019-10-15T09:59:11+00:00\",\"dateModified\":\"2019-10-15T10:31:55+00:00\",\"mainEntityOfPage\":{\"@id\":\"https:\/\/dicodusport.fr\/blog\/tour-de-france-2020-la-carte-du-parcours-devoilee\/\"},\"wordCount\":252,\"commentCount\":0,\"publisher\":{\"@id\":\"https:\/\/dicodusport.fr\/blog\/#organization\"},\"image\":{\"@id\":\"https:\/\/dicodusport.fr\/blog\/tour-de-france-2020-la-carte-du-parcours-devoilee\/#primaryimage\"},\"thumbnailUrl\":\"https:\/\/dicodusport.fr\/blog\/wp-content\/uploads\/2019\/10\/Tour-de-France-2020-La-carte-du-parcours-d\u00e9voil\u00e9e.png\",\"keywords\":[\"sport\",\"Tour de France\"],\"articleSection\":[\"Cyclisme\"],\"inLanguage\":\"fr-FR\",\"potentialAction\":[{\"@type\":\"CommentAction\",\"name\":\"Comment\",\"target\":[\"https:\/\/dicodusport.fr\/blog\/tour-de-france-2020-la-carte-du-parcours-devoilee\/#respond\"]}],\"copyrightYear\":\"2019\",\"copyrightHolder\":{\"@id\":\"https:\/\/dicodusport.fr\/blog\/#organization\"}},{\"@type\":\"WebPage\",\"@id\":\"https:\/\/dicodusport.fr\/blog\/tour-de-france-2020-la-carte-du-parcours-devoilee\/\",\"url\":\"https:\/\/dicodusport.fr\/blog\/tour-de-france-2020-la-carte-du-parcours-devoilee\/\",\"name\":\"Tour de France 2020 : la carte du parcours d\u00e9voil\u00e9e\",\"isPartOf\":{\"@id\":\"https:\/\/dicodusport.fr\/blog\/#website\"},\"primaryImageOfPage\":{\"@id\":\"https:\/\/dicodusport.fr\/blog\/tour-de-france-2020-la-carte-du-parcours-devoilee\/#primaryimage\"},\"image\":{\"@id\":\"https:\/\/dicodusport.fr\/blog\/tour-de-france-2020-la-carte-du-parcours-devoilee\/#primaryimage\"},\"thumbnailUrl\":\"https:\/\/dicodusport.fr\/blog\/wp-content\/uploads\/2019\/10\/Tour-de-France-2020-La-carte-du-parcours-d\u00e9voil\u00e9e.png\",\"datePublished\":\"2019-10-15T09:59:11+00:00\",\"dateModified\":\"2019-10-15T10:31:55+00:00\",\"description\":\"Le parcours de la 107\u00e8me \u00e9dition du Tour de France, qui se disputera du 27 juin au 19 juillet 2020 entre Nice et Paris, a \u00e9t\u00e9 d\u00e9voil\u00e9 ce mardi.\",\"breadcrumb\":{\"@id\":\"https:\/\/dicodusport.fr\/blog\/tour-de-france-2020-la-carte-du-parcours-devoilee\/#breadcrumb\"},\"inLanguage\":\"fr-FR\",\"potentialAction\":[{\"@type\":\"ReadAction\",\"target\":[\"https:\/\/dicodusport.fr\/blog\/tour-de-france-2020-la-carte-du-parcours-devoilee\/\"]}]},{\"@type\":\"ImageObject\",\"inLanguage\":\"fr-FR\",\"@id\":\"https:\/\/dicodusport.fr\/blog\/tour-de-france-2020-la-carte-du-parcours-devoilee\/#primaryimage\",\"url\":\"https:\/\/dicodusport.fr\/blog\/wp-content\/uploads\/2019\/10\/Tour-de-France-2020-La-carte-du-parcours-d\u00e9voil\u00e9e.png\",\"contentUrl\":\"https:\/\/dicodusport.fr\/blog\/wp-content\/uploads\/2019\/10\/Tour-de-France-2020-La-carte-du-parcours-d\u00e9voil\u00e9e.png\",\"width\":800,\"height\":445,\"caption\":\"Tour de France 2020 - La carte du parcours d\u00e9voil\u00e9e\"},{\"@type\":\"BreadcrumbList\",\"@id\":\"https:\/\/dicodusport.fr\/blog\/tour-de-france-2020-la-carte-du-parcours-devoilee\/#breadcrumb\",\"itemListElement\":[{\"@type\":\"ListItem\",\"position\":1,\"name\":\"Accueil\",\"item\":\"https:\/\/dicodusport.fr\/blog\/\"},{\"@type\":\"ListItem\",\"position\":2,\"name\":\"Tour de France 2020 : la carte du parcours d\u00e9voil\u00e9e\"}]},{\"@type\":\"WebSite\",\"@id\":\"https:\/\/dicodusport.fr\/blog\/#website\",\"url\":\"https:\/\/dicodusport.fr\/blog\/\",\"name\":\"Dicodusport\",\"description\":\"L&#039;encyclop\u00e9die de l&#039;actualit\u00e9 sportive\",\"publisher\":{\"@id\":\"https:\/\/dicodusport.fr\/blog\/#organization\"},\"potentialAction\":[{\"@type\":\"SearchAction\",\"target\":{\"@type\":\"EntryPoint\",\"urlTemplate\":\"https:\/\/dicodusport.fr\/blog\/?s={search_term_string}\"},\"query-input\":{\"@type\":\"PropertyValueSpecification\",\"valueRequired\":true,\"valueName\":\"search_term_string\"}}],\"inLanguage\":\"fr-FR\"},{\"@type\":\"NewsMediaOrganization\",\"@id\":\"https:\/\/dicodusport.fr\/blog\/#organization\",\"name\":\"Dicodusport\",\"url\":\"https:\/\/dicodusport.fr\/blog\/\",\"logo\":{\"@type\":\"ImageObject\",\"inLanguage\":\"fr-FR\",\"@id\":\"https:\/\/dicodusport.fr\/blog\/#\/schema\/logo\/image\/\",\"url\":\"https:\/\/dicodusport.fr\/blog\/wp-content\/uploads\/2020\/06\/cropped-LOGO-DICODUSPORT-2020-SANS-FOND-SANS-TEXTE.png\",\"contentUrl\":\"https:\/\/dicodusport.fr\/blog\/wp-content\/uploads\/2020\/06\/cropped-LOGO-DICODUSPORT-2020-SANS-FOND-SANS-TEXTE.png\",\"width\":512,\"height\":512,\"caption\":\"Dicodusport\"},\"image\":{\"@id\":\"https:\/\/dicodusport.fr\/blog\/#\/schema\/logo\/image\/\"},\"sameAs\":[\"https:\/\/www.facebook.com\/dicodusport\",\"https:\/\/x.com\/dicodusport\",\"https:\/\/www.instagram.com\/dicodusport\/\",\"https:\/\/www.youtube.com\/channel\/UC7V2KZ5sd3htJivAbA4ZG3w\"],\"description\":\"Dicodusport est l'encyclop\u00e9die de l'actualit\u00e9 sportive.\",\"email\":\"bonjour@dicodusport.fr\",\"legalName\":\"DICODUSPORT\",\"foundingDate\":\"2018-01-14\",\"vatID\":\"FR71834470973\",\"taxID\":\"83447097300043\",\"numberOfEmployees\":{\"@type\":\"QuantitativeValue\",\"minValue\":\"1\",\"maxValue\":\"10\"}},{\"@type\":\"Person\",\"@id\":\"https:\/\/dicodusport.fr\/blog\/#\/schema\/person\/cb02af4c173ce4a653b55e9baf388d4a\",\"name\":\"Flo Ostermann\",\"image\":{\"@type\":\"ImageObject\",\"inLanguage\":\"fr-FR\",\"@id\":\"https:\/\/dicodusport.fr\/blog\/#\/schema\/person\/image\/\",\"url\":\"https:\/\/dicodusport.fr\/blog\/wp-content\/uploads\/2021\/05\/Flo-Ostermann-150x150.jpg\",\"contentUrl\":\"https:\/\/dicodusport.fr\/blog\/wp-content\/uploads\/2021\/05\/Flo-Ostermann-150x150.jpg\",\"caption\":\"Flo Ostermann\"},\"description\":\"Journaliste\/R\u00e9dacteur depuis septembre 2015 - Mes premiers souvenirs dans le sport ? Les envol\u00e9es du Stade Toulousain et les duels Villeneuve-Schumacher et H\u00e4kkinen-Schumacher \u00e0 la fin des ann\u00e9es 90, la Coupe du monde de football en 1998, l\u2019exploit du XV de France face aux All Blacks en 1999, mais aussi Richard C\u0153ur de Lion qui vole sur les montagnes du Tour de France. Bien parti pour devenir professeur d\u2019EPS, les \u00e9v\u00e9nements de la vie (et la flemme d\u2019animer des s\u00e9ances de 3x500 m\u00e8tres toute ma vie) m\u2019ont conduit \u00e0 revoir mes plans. Me voil\u00e0 depuis fin 2017 sur Dicodusport, m\u00e9dia gr\u00e2ce (et pour) lequel je partage ma passion : le sport dans tous ses \u00e9tats. Le tout accompagn\u00e9 par les fous furieux et folles furieuses cit\u00e9s sur cette page !\",\"sameAs\":[\"https:\/\/www.facebook.com\/florent.ostermann\",\"https:\/\/x.com\/https:\/\/twitter.com\/FlOstermann\",\"admin\"],\"url\":\"https:\/\/dicodusport.fr\/blog\/author\/flo\/\"}]}<\/script>\n<!-- \/ Yoast SEO Premium plugin. -->","yoast_head_json":{"title":"Tour de France 2020 : la carte du parcours d\u00e9voil\u00e9e","description":"Le parcours de la 107\u00e8me \u00e9dition du Tour de France, qui se disputera du 27 juin au 19 juillet 2020 entre Nice et Paris, a \u00e9t\u00e9 d\u00e9voil\u00e9 ce mardi.","robots":{"index":"index","follow":"follow","max-snippet":"max-snippet:-1","max-image-preview":"max-image-preview:large","max-video-preview":"max-video-preview:-1"},"canonical":"https:\/\/dicodusport.fr\/blog\/tour-de-france-2020-la-carte-du-parcours-devoilee\/","og_locale":"fr_FR","og_type":"article","og_title":"Mont Aigoual, Col de la Loze, Planche des Belles Filles, le parcours du Tour 2020","og_description":"Le parcours de la 107\u00e8me \u00e9dition du Tour de France, qui se disputera du 27 juin au 19 juillet 2020 entre Nice et Paris, a \u00e9t\u00e9 d\u00e9voil\u00e9 ce mardi.","og_url":"https:\/\/dicodusport.fr\/blog\/tour-de-france-2020-la-carte-du-parcours-devoilee\/","og_site_name":"Dicodusport","article_publisher":"https:\/\/www.facebook.com\/dicodusport","article_author":"https:\/\/www.facebook.com\/florent.ostermann","article_published_time":"2019-10-15T09:59:11+00:00","article_modified_time":"2019-10-15T10:31:55+00:00","og_image":[{"width":800,"height":445,"url":"https:\/\/dicodusport.fr\/blog\/wp-content\/uploads\/2019\/10\/Tour-de-France-2020-La-carte-du-parcours-d\u00e9voil\u00e9e.png","type":"image\/png"}],"author":"Flo Ostermann","twitter_card":"summary_large_image","twitter_title":"Mont Aigoual, Col de la Loze, Planche des Belles Filles, le parcours du Tour 2020","twitter_creator":"@https:\/\/twitter.com\/FlOstermann","twitter_site":"@dicodusport","schema":{"@context":"https:\/\/schema.org","@graph":[{"@type":"NewsArticle","@id":"https:\/\/dicodusport.fr\/blog\/tour-de-france-2020-la-carte-du-parcours-devoilee\/#article","isPartOf":{"@id":"https:\/\/dicodusport.fr\/blog\/tour-de-france-2020-la-carte-du-parcours-devoilee\/"},"author":{"name":"Flo Ostermann","@id":"https:\/\/dicodusport.fr\/blog\/#\/schema\/person\/cb02af4c173ce4a653b55e9baf388d4a"},"headline":"Tour de France 2020 : la carte du parcours d\u00e9voil\u00e9e","datePublished":"2019-10-15T09:59:11+00:00","dateModified":"2019-10-15T10:31:55+00:00","mainEntityOfPage":{"@id":"https:\/\/dicodusport.fr\/blog\/tour-de-france-2020-la-carte-du-parcours-devoilee\/"},"wordCount":252,"commentCount":0,"publisher":{"@id":"https:\/\/dicodusport.fr\/blog\/#organization"},"image":{"@id":"https:\/\/dicodusport.fr\/blog\/tour-de-france-2020-la-carte-du-parcours-devoilee\/#primaryimage"},"thumbnailUrl":"https:\/\/dicodusport.fr\/blog\/wp-content\/uploads\/2019\/10\/Tour-de-France-2020-La-carte-du-parcours-d\u00e9voil\u00e9e.png","keywords":["sport","Tour de France"],"articleSection":["Cyclisme"],"inLanguage":"fr-FR","potentialAction":[{"@type":"CommentAction","name":"Comment","target":["https:\/\/dicodusport.fr\/blog\/tour-de-france-2020-la-carte-du-parcours-devoilee\/#respond"]}],"copyrightYear":"2019","copyrightHolder":{"@id":"https:\/\/dicodusport.fr\/blog\/#organization"}},{"@type":"WebPage","@id":"https:\/\/dicodusport.fr\/blog\/tour-de-france-2020-la-carte-du-parcours-devoilee\/","url":"https:\/\/dicodusport.fr\/blog\/tour-de-france-2020-la-carte-du-parcours-devoilee\/","name":"Tour de France 2020 : la carte du parcours d\u00e9voil\u00e9e","isPartOf":{"@id":"https:\/\/dicodusport.fr\/blog\/#website"},"primaryImageOfPage":{"@id":"https:\/\/dicodusport.fr\/blog\/tour-de-france-2020-la-carte-du-parcours-devoilee\/#primaryimage"},"image":{"@id":"https:\/\/dicodusport.fr\/blog\/tour-de-france-2020-la-carte-du-parcours-devoilee\/#primaryimage"},"thumbnailUrl":"https:\/\/dicodusport.fr\/blog\/wp-content\/uploads\/2019\/10\/Tour-de-France-2020-La-carte-du-parcours-d\u00e9voil\u00e9e.png","datePublished":"2019-10-15T09:59:11+00:00","dateModified":"2019-10-15T10:31:55+00:00","description":"Le parcours de la 107\u00e8me \u00e9dition du Tour de France, qui se disputera du 27 juin au 19 juillet 2020 entre Nice et Paris, a \u00e9t\u00e9 d\u00e9voil\u00e9 ce mardi.","breadcrumb":{"@id":"https:\/\/dicodusport.fr\/blog\/tour-de-france-2020-la-carte-du-parcours-devoilee\/#breadcrumb"},"inLanguage":"fr-FR","potentialAction":[{"@type":"ReadAction","target":["https:\/\/dicodusport.fr\/blog\/tour-de-france-2020-la-carte-du-parcours-devoilee\/"]}]},{"@type":"ImageObject","inLanguage":"fr-FR","@id":"https:\/\/dicodusport.fr\/blog\/tour-de-france-2020-la-carte-du-parcours-devoilee\/#primaryimage","url":"https:\/\/dicodusport.fr\/blog\/wp-content\/uploads\/2019\/10\/Tour-de-France-2020-La-carte-du-parcours-d\u00e9voil\u00e9e.png","contentUrl":"https:\/\/dicodusport.fr\/blog\/wp-content\/uploads\/2019\/10\/Tour-de-France-2020-La-carte-du-parcours-d\u00e9voil\u00e9e.png","width":800,"height":445,"caption":"Tour de France 2020 - La carte du parcours d\u00e9voil\u00e9e"},{"@type":"BreadcrumbList","@id":"https:\/\/dicodusport.fr\/blog\/tour-de-france-2020-la-carte-du-parcours-devoilee\/#breadcrumb","itemListElement":[{"@type":"ListItem","position":1,"name":"Accueil","item":"https:\/\/dicodusport.fr\/blog\/"},{"@type":"ListItem","position":2,"name":"Tour de France 2020 : la carte du parcours d\u00e9voil\u00e9e"}]},{"@type":"WebSite","@id":"https:\/\/dicodusport.fr\/blog\/#website","url":"https:\/\/dicodusport.fr\/blog\/","name":"Dicodusport","description":"L&#039;encyclop\u00e9die de l&#039;actualit\u00e9 sportive","publisher":{"@id":"https:\/\/dicodusport.fr\/blog\/#organization"},"potentialAction":[{"@type":"SearchAction","target":{"@type":"EntryPoint","urlTemplate":"https:\/\/dicodusport.fr\/blog\/?s={search_term_string}"},"query-input":{"@type":"PropertyValueSpecification","valueRequired":true,"valueName":"search_term_string"}}],"inLanguage":"fr-FR"},{"@type":"NewsMediaOrganization","@id":"https:\/\/dicodusport.fr\/blog\/#organization","name":"Dicodusport","url":"https:\/\/dicodusport.fr\/blog\/","logo":{"@type":"ImageObject","inLanguage":"fr-FR","@id":"https:\/\/dicodusport.fr\/blog\/#\/schema\/logo\/image\/","url":"https:\/\/dicodusport.fr\/blog\/wp-content\/uploads\/2020\/06\/cropped-LOGO-DICODUSPORT-2020-SANS-FOND-SANS-TEXTE.png","contentUrl":"https:\/\/dicodusport.fr\/blog\/wp-content\/uploads\/2020\/06\/cropped-LOGO-DICODUSPORT-2020-SANS-FOND-SANS-TEXTE.png","width":512,"height":512,"caption":"Dicodusport"},"image":{"@id":"https:\/\/dicodusport.fr\/blog\/#\/schema\/logo\/image\/"},"sameAs":["https:\/\/www.facebook.com\/dicodusport","https:\/\/x.com\/dicodusport","https:\/\/www.instagram.com\/dicodusport\/","https:\/\/www.youtube.com\/channel\/UC7V2KZ5sd3htJivAbA4ZG3w"],"description":"Dicodusport est l'encyclop\u00e9die de l'actualit\u00e9 sportive.","email":"bonjour@dicodusport.fr","legalName":"DICODUSPORT","foundingDate":"2018-01-14","vatID":"FR71834470973","taxID":"83447097300043","numberOfEmployees":{"@type":"QuantitativeValue","minValue":"1","maxValue":"10"}},{"@type":"Person","@id":"https:\/\/dicodusport.fr\/blog\/#\/schema\/person\/cb02af4c173ce4a653b55e9baf388d4a","name":"Flo Ostermann","image":{"@type":"ImageObject","inLanguage":"fr-FR","@id":"https:\/\/dicodusport.fr\/blog\/#\/schema\/person\/image\/","url":"https:\/\/dicodusport.fr\/blog\/wp-content\/uploads\/2021\/05\/Flo-Ostermann-150x150.jpg","contentUrl":"https:\/\/dicodusport.fr\/blog\/wp-content\/uploads\/2021\/05\/Flo-Ostermann-150x150.jpg","caption":"Flo Ostermann"},"description":"Journaliste\/R\u00e9dacteur depuis septembre 2015 - Mes premiers souvenirs dans le sport ? Les envol\u00e9es du Stade Toulousain et les duels Villeneuve-Schumacher et H\u00e4kkinen-Schumacher \u00e0 la fin des ann\u00e9es 90, la Coupe du monde de football en 1998, l\u2019exploit du XV de France face aux All Blacks en 1999, mais aussi Richard C\u0153ur de Lion qui vole sur les montagnes du Tour de France. Bien parti pour devenir professeur d\u2019EPS, les \u00e9v\u00e9nements de la vie (et la flemme d\u2019animer des s\u00e9ances de 3x500 m\u00e8tres toute ma vie) m\u2019ont conduit \u00e0 revoir mes plans. Me voil\u00e0 depuis fin 2017 sur Dicodusport, m\u00e9dia gr\u00e2ce (et pour) lequel je partage ma passion : le sport dans tous ses \u00e9tats. Le tout accompagn\u00e9 par les fous furieux et folles furieuses cit\u00e9s sur cette page !","sameAs":["https:\/\/www.facebook.com\/florent.ostermann","https:\/\/x.com\/https:\/\/twitter.com\/FlOstermann","admin"],"url":"https:\/\/dicodusport.fr\/blog\/author\/flo\/"}]}},"_links":{"self":[{"href":"https:\/\/dicodusport.fr\/blog\/wp-json\/wp\/v2\/posts\/51503","targetHints":{"allow":["GET"]}}],"collection":[{"href":"https:\/\/dicodusport.fr\/blog\/wp-json\/wp\/v2\/posts"}],"about":[{"href":"https:\/\/dicodusport.fr\/blog\/wp-json\/wp\/v2\/types\/post"}],"author":[{"embeddable":true,"href":"https:\/\/dicodusport.fr\/blog\/wp-json\/wp\/v2\/users\/4"}],"replies":[{"embeddable":true,"href":"https:\/\/dicodusport.fr\/blog\/wp-json\/wp\/v2\/comments?post=51503"}],"version-history":[{"count":0,"href":"https:\/\/dicodusport.fr\/blog\/wp-json\/wp\/v2\/posts\/51503\/revisions"}],"wp:featuredmedia":[{"embeddable":true,"href":"https:\/\/dicodusport.fr\/blog\/wp-json\/wp\/v2\/media\/51504"}],"wp:attachment":[{"href":"https:\/\/dicodusport.fr\/blog\/wp-json\/wp\/v2\/media?parent=51503"}],"wp:term":[{"taxonomy":"category","embeddable":true,"href":"https:\/\/dicodusport.fr\/blog\/wp-json\/wp\/v2\/categories?post=51503"},{"taxonomy":"post_tag","embeddable":true,"href":"https:\/\/dicodusport.fr\/blog\/wp-json\/wp\/v2\/tags?post=51503"}],"curies":[{"name":"wp","href":"https:\/\/api.w.org\/{rel}","templated":true}]}}