{"id":515239,"date":"2024-08-27T20:44:37","date_gmt":"2024-08-27T18:44:37","guid":{"rendered":"https:\/\/dicodusport.fr\/blog\/?p=515239&#038;preview=true&#038;preview_id=515239"},"modified":"2024-08-27T22:58:46","modified_gmt":"2024-08-27T20:58:46","slug":"mondiaux-u20-athletisme-2024-entree-en-lice-correcte-des-francais","status":"publish","type":"post","link":"https:\/\/dicodusport.fr\/blog\/mondiaux-u20-athletisme-2024-entree-en-lice-correcte-des-francais\/","title":{"rendered":"Mondiaux U20 athl\u00e9tisme 2024 : Entr\u00e9e en lice correcte des Fran\u00e7ais"},"content":{"rendered":"<p style=\"text-align: justify;\"><strong><em>CHAMPIONNATS DU MONDE ATHL\u00c9TISME U20 2024 &#8211; Avec quatre qualifications et trois \u00e9liminations, entr\u00e9e en lice correcte des Fran\u00e7ais pour la premi\u00e8re session matinale de ce grand rendez-vous mondial chez les U20.<\/em><\/strong><\/p>\n<ul>\n<li class=\"mvp-post-title left entry-title\" style=\"text-align: justify;\"><strong>\u00c0 ce sujet &#8211; <a href=\"https:\/\/dicodusport.fr\/blog\/calendrier-et-resultats-championnats-du-monde-juniors-dathletisme-2024\/\">Calendrier et r\u00e9sultats Championnats du monde juniors d\u2019athl\u00e9tisme 2024<\/a><\/strong><\/li>\n<\/ul>\n<h2>Yanis Vanlanduyt en patron sur le 800 m<\/h2>\n<p style=\"text-align: justify;\">Le Fran\u00e7ais le plus impressionnant de la \u00ab\u00a0matin\u00e9e\u00a0\u00bb aura sans doute \u00e9t\u00e9<strong> Yanis Vanlanduyt<\/strong>. Qui s&rsquo;offre le scalp du demi-finaliste olympique de la distance,<strong> Peyton Craig<\/strong>. Pour s&rsquo;imposer avec autorit\u00e9, avec un chrono de 1:51.18. On le verra en demi-finale. Toujours avec ce costume d&rsquo;outsider sur le double tour de piste.<\/p>\n<blockquote class=\"twitter-tweet\">\n<p dir=\"ltr\" lang=\"fr\">Yanis Vanlanduyt qualifi\u00e9 pour la demi-finale du 800 m. Il s&rsquo;offre la victoire de la 3e s\u00e9rie en 1:51.18<\/p>\n<p>Parfait<\/p>\n<p>Du c\u00f4t\u00e9 du disque, premier essai \u00e0 46.38 pour Princesse Hyman, 4e de son groupe. Ca ne lance pas tr\u00e8s loin pour le moment<a href=\"https:\/\/twitter.com\/hashtag\/Lima2024?src=hash&amp;ref_src=twsrc%5Etfw\">#Lima2024<\/a><\/p>\n<p>\u2014 Etienne Goursaud \uea00\ud83c\uddeb\ud83c\uddf7 (@EtienneGoursaud) <a href=\"https:\/\/twitter.com\/EtienneGoursaud\/status\/1828482358720254101?ref_src=twsrc%5Etfw\">August 27, 2024<\/a><\/p><\/blockquote>\n<p><script async src=\"https:\/\/platform.twitter.com\/widgets.js\" charset=\"utf-8\"><\/script><\/p>\n<p style=\"text-align: justify;\"><strong>Vanessa Lokuli<\/strong> s&rsquo;est qualifi\u00e9e pour la finale de la longueur. La Fran\u00e7aise a assur\u00e9 l&rsquo;essentiel ce mardi matin au P\u00e9rou, avec un bond \u00e0 6.14 m \u00e0 son deuxi\u00e8me essai. Pas de 6.40 m, marque pour se qualifier directement, mais une 4e place au total des deux concours de qualifications. De bon augure avant la finale. \u00c9galement du c\u00f4t\u00e9 des sauts, mais du triple saut, <strong>Thomas Martinez<\/strong> verra \u00e9galement la finale. Avec un triple bond \u00e0 15.71 m \u00e0 son deuxi\u00e8me essai, il prend la 6e place de l&rsquo;ensemble des qualifi\u00e9s. Et a su se rapprocher de son record \u00e0 quelques centim\u00e8tres. Qu&rsquo;il faudra battre pour tenter de bien figurer dans la finale.<\/p>\n<p style=\"text-align: justify;\">Sur le 100 m chez les hommes, <strong>Ylann Bizasene<\/strong> a eu chaud. Le Fran\u00e7ais a rat\u00e9 son d\u00e9part, mais a r\u00e9ussi \u00e0 sauver les meubles. S&rsquo;il termine 3e et en dehors des deux premi\u00e8res places qualificatives directes. Mais avec son chrono de 10.48, il est dans les huit meilleurs temps des autres concurrents. Et se voit donc rep\u00each\u00e9 au temps. Avertissement sans frais pour celui qui peut pr\u00e9tendre \u00e0 une finale.<\/p>\n<h2 style=\"text-align: justify;\">D\u00e9ception pour Princesse Hyman<\/h2>\n<p style=\"text-align: justify;\"><strong>Nina Thevenin<\/strong> n&rsquo;a pas r\u00e9ussi \u00e0 r\u00e9\u00e9diter ses 11.50 r\u00e9alis\u00e9s il y a un mois \u00e0 Albi. La Fran\u00e7aise, engag\u00e9e dans la derni\u00e8re s\u00e9rie du 100 m, est pourtant tr\u00e8s bien partie. Mais a coinc\u00e9 dans la deuxi\u00e8me moiti\u00e9 de course, achevant sa course en 11.92 et en sixi\u00e8me position. Du c\u00f4t\u00e9 des concours, grosse d\u00e9ception pour <strong>Princesse Hyman<\/strong>. Elle qui a un record \u00e0 plus de 55 m\u00e8tres au disque, n&rsquo;a pas pu aller plus loin que 46.44 m. Elle ne verra pas la finale.<\/p>\n<p style=\"text-align: justify;\">Le relais 4&#215;400 m mixte a longtemps \u00e9t\u00e9 tr\u00e8s bien embarqu\u00e9. Lanc\u00e9 par <strong>Melvyn Cavagnoux<\/strong> puis relay\u00e9 par <strong>Noam Tanon<\/strong>,<strong> Thibault Buchard<\/strong> avant que <strong>Romane Trinquant<\/strong> ne soit la derni\u00e8re relayeuse. Les Bleus, longtemps en deuxi\u00e8me position, ont finalement c\u00e9d\u00e9, quand <strong>Romane Trinquant<\/strong> a coinc\u00e9 dans la derni\u00e8re ligne droite, se faisant d\u00e9border par <strong>Camilla Dahl<\/strong> de la Norv\u00e8ge. Les Fran\u00e7ais, troisi\u00e8mes en 3:24.21, prennent la 3e place et sont les premiers non qualifi\u00e9s au temps. Frustrant, car la qualification leur a longtemps tendu les bras.<\/p>\n","protected":false},"excerpt":{"rendered":"<p>Entr\u00e9e en lice correcte des Fran\u00e7ais<\/p>\n","protected":false},"author":83,"featured_media":515321,"comment_status":"open","ping_status":"closed","sticky":false,"template":"","format":"standard","meta":{"_acf_changed":false,"_daextam_enable_autolinks":"1","footnotes":""},"categories":[2308],"tags":[32415,143,16878,41474,7315],"class_list":["post-515239","post","type-post","status-publish","format-standard","has-post-thumbnail","hentry","category-athletisme","tag-actu","tag-athletisme","tag-breve","tag-championnats-du-monde-u20-athletisme","tag-u20"],"acf":[],"yoast_head":"<!-- This site is optimized with the Yoast SEO Premium plugin v26.7 (Yoast SEO v26.7) - https:\/\/yoast.com\/wordpress\/plugins\/seo\/ -->\n<title>Mondiaux U20 athl\u00e9tisme 2024 : Entr\u00e9e en lice correcte des Fran\u00e7ais<\/title>\n<meta name=\"description\" content=\"CHAMPIONNATS DU MONDE ATHL\u00c9TISME U20 2024 - Avec quatre qualifications et trois \u00e9liminations, entr\u00e9e en lice correcte des Fran\u00e7ais\" \/>\n<meta name=\"robots\" content=\"index, follow, max-snippet:-1, max-image-preview:large, max-video-preview:-1\" \/>\n<link rel=\"canonical\" href=\"https:\/\/dicodusport.fr\/blog\/mondiaux-u20-athletisme-2024-entree-en-lice-correcte-des-francais\/\" \/>\n<meta property=\"og:locale\" content=\"fr_FR\" \/>\n<meta property=\"og:type\" content=\"article\" \/>\n<meta property=\"og:title\" content=\"Mondiaux U20 athl\u00e9tisme 2024 : Entr\u00e9e en lice correcte des Fran\u00e7ais\" \/>\n<meta property=\"og:description\" content=\"CHAMPIONNATS DU MONDE ATHL\u00c9TISME U20 2024 - Avec quatre qualifications et trois \u00e9liminations, entr\u00e9e en lice correcte des Fran\u00e7ais\" \/>\n<meta property=\"og:url\" content=\"https:\/\/dicodusport.fr\/blog\/mondiaux-u20-athletisme-2024-entree-en-lice-correcte-des-francais\/\" \/>\n<meta property=\"og:site_name\" content=\"Dicodusport\" \/>\n<meta property=\"article:publisher\" content=\"https:\/\/www.facebook.com\/dicodusport\" \/>\n<meta property=\"article:published_time\" content=\"2024-08-27T18:44:37+00:00\" \/>\n<meta property=\"article:modified_time\" content=\"2024-08-27T20:58:46+00:00\" \/>\n<meta property=\"og:image\" content=\"https:\/\/dicodusport.fr\/blog\/wp-content\/uploads\/2024\/08\/Mondiaux-U20-athletisme-2024-Les-premiers-Francais-sont-entres-en-scene.png\" \/>\n\t<meta property=\"og:image:width\" content=\"1200\" \/>\n\t<meta property=\"og:image:height\" content=\"674\" \/>\n\t<meta property=\"og:image:type\" content=\"image\/png\" \/>\n<meta name=\"author\" content=\"Etienne Goursaud\" \/>\n<meta name=\"twitter:card\" content=\"summary_large_image\" \/>\n<meta name=\"twitter:title\" content=\"Mondiaux U20 athl\u00e9tisme 2024 : Entr\u00e9e en lice correcte des Fran\u00e7ais\" \/>\n<meta name=\"twitter:creator\" content=\"@dicodusport\" \/>\n<meta name=\"twitter:site\" content=\"@dicodusport\" \/>\n<script type=\"application\/ld+json\" class=\"yoast-schema-graph\">{\"@context\":\"https:\/\/schema.org\",\"@graph\":[{\"@type\":\"NewsArticle\",\"@id\":\"https:\/\/dicodusport.fr\/blog\/mondiaux-u20-athletisme-2024-entree-en-lice-correcte-des-francais\/#article\",\"isPartOf\":{\"@id\":\"https:\/\/dicodusport.fr\/blog\/mondiaux-u20-athletisme-2024-entree-en-lice-correcte-des-francais\/\"},\"author\":{\"name\":\"Etienne Goursaud\",\"@id\":\"https:\/\/dicodusport.fr\/blog\/#\/schema\/person\/d603dd7da31fb2b46c82b9835a77ec13\"},\"headline\":\"Mondiaux U20 athl\u00e9tisme 2024 : Entr\u00e9e en lice correcte des Fran\u00e7ais\",\"datePublished\":\"2024-08-27T18:44:37+00:00\",\"dateModified\":\"2024-08-27T20:58:46+00:00\",\"mainEntityOfPage\":{\"@id\":\"https:\/\/dicodusport.fr\/blog\/mondiaux-u20-athletisme-2024-entree-en-lice-correcte-des-francais\/\"},\"wordCount\":557,\"commentCount\":0,\"publisher\":{\"@id\":\"https:\/\/dicodusport.fr\/blog\/#organization\"},\"image\":{\"@id\":\"https:\/\/dicodusport.fr\/blog\/mondiaux-u20-athletisme-2024-entree-en-lice-correcte-des-francais\/#primaryimage\"},\"thumbnailUrl\":\"https:\/\/dicodusport.fr\/blog\/wp-content\/uploads\/2024\/08\/Mondiaux-U20-athletisme-2024-Les-premiers-Francais-sont-entres-en-scene.png\",\"keywords\":[\"actu\",\"Athl\u00e9tisme\",\"br\u00e8ve\",\"championnats du monde U20 athl\u00e9tisme\",\"U20\"],\"articleSection\":[\"Athl\u00e9tisme\"],\"inLanguage\":\"fr-FR\",\"potentialAction\":[{\"@type\":\"CommentAction\",\"name\":\"Comment\",\"target\":[\"https:\/\/dicodusport.fr\/blog\/mondiaux-u20-athletisme-2024-entree-en-lice-correcte-des-francais\/#respond\"]}],\"copyrightYear\":\"2024\",\"copyrightHolder\":{\"@id\":\"https:\/\/dicodusport.fr\/blog\/#organization\"}},{\"@type\":\"WebPage\",\"@id\":\"https:\/\/dicodusport.fr\/blog\/mondiaux-u20-athletisme-2024-entree-en-lice-correcte-des-francais\/\",\"url\":\"https:\/\/dicodusport.fr\/blog\/mondiaux-u20-athletisme-2024-entree-en-lice-correcte-des-francais\/\",\"name\":\"Mondiaux U20 athl\u00e9tisme 2024 : Entr\u00e9e en lice correcte des Fran\u00e7ais\",\"isPartOf\":{\"@id\":\"https:\/\/dicodusport.fr\/blog\/#website\"},\"primaryImageOfPage\":{\"@id\":\"https:\/\/dicodusport.fr\/blog\/mondiaux-u20-athletisme-2024-entree-en-lice-correcte-des-francais\/#primaryimage\"},\"image\":{\"@id\":\"https:\/\/dicodusport.fr\/blog\/mondiaux-u20-athletisme-2024-entree-en-lice-correcte-des-francais\/#primaryimage\"},\"thumbnailUrl\":\"https:\/\/dicodusport.fr\/blog\/wp-content\/uploads\/2024\/08\/Mondiaux-U20-athletisme-2024-Les-premiers-Francais-sont-entres-en-scene.png\",\"datePublished\":\"2024-08-27T18:44:37+00:00\",\"dateModified\":\"2024-08-27T20:58:46+00:00\",\"description\":\"CHAMPIONNATS DU MONDE ATHL\u00c9TISME U20 2024 - Avec quatre qualifications et trois \u00e9liminations, entr\u00e9e en lice correcte des Fran\u00e7ais\",\"breadcrumb\":{\"@id\":\"https:\/\/dicodusport.fr\/blog\/mondiaux-u20-athletisme-2024-entree-en-lice-correcte-des-francais\/#breadcrumb\"},\"inLanguage\":\"fr-FR\",\"potentialAction\":[{\"@type\":\"ReadAction\",\"target\":[\"https:\/\/dicodusport.fr\/blog\/mondiaux-u20-athletisme-2024-entree-en-lice-correcte-des-francais\/\"]}]},{\"@type\":\"ImageObject\",\"inLanguage\":\"fr-FR\",\"@id\":\"https:\/\/dicodusport.fr\/blog\/mondiaux-u20-athletisme-2024-entree-en-lice-correcte-des-francais\/#primaryimage\",\"url\":\"https:\/\/dicodusport.fr\/blog\/wp-content\/uploads\/2024\/08\/Mondiaux-U20-athletisme-2024-Les-premiers-Francais-sont-entres-en-scene.png\",\"contentUrl\":\"https:\/\/dicodusport.fr\/blog\/wp-content\/uploads\/2024\/08\/Mondiaux-U20-athletisme-2024-Les-premiers-Francais-sont-entres-en-scene.png\",\"width\":1200,\"height\":674,\"caption\":\"Mondiaux U20 athl\u00e9tisme 2024 - Les premiers Fran\u00e7ais sont entr\u00e9s en sc\u00e8ne\"},{\"@type\":\"BreadcrumbList\",\"@id\":\"https:\/\/dicodusport.fr\/blog\/mondiaux-u20-athletisme-2024-entree-en-lice-correcte-des-francais\/#breadcrumb\",\"itemListElement\":[{\"@type\":\"ListItem\",\"position\":1,\"name\":\"Accueil\",\"item\":\"https:\/\/dicodusport.fr\/blog\/\"},{\"@type\":\"ListItem\",\"position\":2,\"name\":\"Mondiaux U20 athl\u00e9tisme 2024 : Entr\u00e9e en lice correcte des Fran\u00e7ais\"}]},{\"@type\":\"WebSite\",\"@id\":\"https:\/\/dicodusport.fr\/blog\/#website\",\"url\":\"https:\/\/dicodusport.fr\/blog\/\",\"name\":\"Dicodusport\",\"description\":\"L&#039;encyclop\u00e9die de l&#039;actualit\u00e9 sportive\",\"publisher\":{\"@id\":\"https:\/\/dicodusport.fr\/blog\/#organization\"},\"potentialAction\":[{\"@type\":\"SearchAction\",\"target\":{\"@type\":\"EntryPoint\",\"urlTemplate\":\"https:\/\/dicodusport.fr\/blog\/?s={search_term_string}\"},\"query-input\":{\"@type\":\"PropertyValueSpecification\",\"valueRequired\":true,\"valueName\":\"search_term_string\"}}],\"inLanguage\":\"fr-FR\"},{\"@type\":\"NewsMediaOrganization\",\"@id\":\"https:\/\/dicodusport.fr\/blog\/#organization\",\"name\":\"Dicodusport\",\"url\":\"https:\/\/dicodusport.fr\/blog\/\",\"logo\":{\"@type\":\"ImageObject\",\"inLanguage\":\"fr-FR\",\"@id\":\"https:\/\/dicodusport.fr\/blog\/#\/schema\/logo\/image\/\",\"url\":\"https:\/\/dicodusport.fr\/blog\/wp-content\/uploads\/2020\/06\/cropped-LOGO-DICODUSPORT-2020-SANS-FOND-SANS-TEXTE.png\",\"contentUrl\":\"https:\/\/dicodusport.fr\/blog\/wp-content\/uploads\/2020\/06\/cropped-LOGO-DICODUSPORT-2020-SANS-FOND-SANS-TEXTE.png\",\"width\":512,\"height\":512,\"caption\":\"Dicodusport\"},\"image\":{\"@id\":\"https:\/\/dicodusport.fr\/blog\/#\/schema\/logo\/image\/\"},\"sameAs\":[\"https:\/\/www.facebook.com\/dicodusport\",\"https:\/\/x.com\/dicodusport\",\"https:\/\/www.instagram.com\/dicodusport\/\",\"https:\/\/www.youtube.com\/channel\/UC7V2KZ5sd3htJivAbA4ZG3w\"],\"description\":\"Dicodusport est l'encyclop\u00e9die de l'actualit\u00e9 sportive.\",\"email\":\"bonjour@dicodusport.fr\",\"legalName\":\"DICODUSPORT\",\"foundingDate\":\"2018-01-14\",\"vatID\":\"FR71834470973\",\"taxID\":\"83447097300043\",\"numberOfEmployees\":{\"@type\":\"QuantitativeValue\",\"minValue\":\"1\",\"maxValue\":\"10\"}},{\"@type\":\"Person\",\"@id\":\"https:\/\/dicodusport.fr\/blog\/#\/schema\/person\/d603dd7da31fb2b46c82b9835a77ec13\",\"name\":\"Etienne Goursaud\",\"image\":{\"@type\":\"ImageObject\",\"inLanguage\":\"fr-FR\",\"@id\":\"https:\/\/dicodusport.fr\/blog\/#\/schema\/person\/image\/\",\"url\":\"https:\/\/dicodusport.fr\/blog\/wp-content\/uploads\/2023\/12\/410122264_10231602061736049_5565839791558026645_n-150x150.jpg\",\"contentUrl\":\"https:\/\/dicodusport.fr\/blog\/wp-content\/uploads\/2023\/12\/410122264_10231602061736049_5565839791558026645_n-150x150.jpg\",\"caption\":\"Etienne Goursaud\"},\"description\":\"Journaliste et amoureux de sport. Ancien footballeur reconverti athl\u00e8te quand ses muscles le laissent tranquille. \u00c9lev\u00e9 \u00e0 la sauce des exploits de Thomas Voeckler en 2004, du dernier essai de l\u00e9gende de Eunice Barber \u00e0 la longueur lors des championnats du monde d'athl\u00e9tisme de 2003 mais aussi Zidane, Omeyer et Titou Lamaison.\",\"url\":\"https:\/\/dicodusport.fr\/blog\/author\/etienne-goursaud\/\"}]}<\/script>\n<!-- \/ Yoast SEO Premium plugin. -->","yoast_head_json":{"title":"Mondiaux U20 athl\u00e9tisme 2024 : Entr\u00e9e en lice correcte des Fran\u00e7ais","description":"CHAMPIONNATS DU MONDE ATHL\u00c9TISME U20 2024 - Avec quatre qualifications et trois \u00e9liminations, entr\u00e9e en lice correcte des Fran\u00e7ais","robots":{"index":"index","follow":"follow","max-snippet":"max-snippet:-1","max-image-preview":"max-image-preview:large","max-video-preview":"max-video-preview:-1"},"canonical":"https:\/\/dicodusport.fr\/blog\/mondiaux-u20-athletisme-2024-entree-en-lice-correcte-des-francais\/","og_locale":"fr_FR","og_type":"article","og_title":"Mondiaux U20 athl\u00e9tisme 2024 : Entr\u00e9e en lice correcte des Fran\u00e7ais","og_description":"CHAMPIONNATS DU MONDE ATHL\u00c9TISME U20 2024 - Avec quatre qualifications et trois \u00e9liminations, entr\u00e9e en lice correcte des Fran\u00e7ais","og_url":"https:\/\/dicodusport.fr\/blog\/mondiaux-u20-athletisme-2024-entree-en-lice-correcte-des-francais\/","og_site_name":"Dicodusport","article_publisher":"https:\/\/www.facebook.com\/dicodusport","article_published_time":"2024-08-27T18:44:37+00:00","article_modified_time":"2024-08-27T20:58:46+00:00","og_image":[{"width":1200,"height":674,"url":"https:\/\/dicodusport.fr\/blog\/wp-content\/uploads\/2024\/08\/Mondiaux-U20-athletisme-2024-Les-premiers-Francais-sont-entres-en-scene.png","type":"image\/png"}],"author":"Etienne Goursaud","twitter_card":"summary_large_image","twitter_title":"Mondiaux U20 athl\u00e9tisme 2024 : Entr\u00e9e en lice correcte des Fran\u00e7ais","twitter_creator":"@dicodusport","twitter_site":"@dicodusport","schema":{"@context":"https:\/\/schema.org","@graph":[{"@type":"NewsArticle","@id":"https:\/\/dicodusport.fr\/blog\/mondiaux-u20-athletisme-2024-entree-en-lice-correcte-des-francais\/#article","isPartOf":{"@id":"https:\/\/dicodusport.fr\/blog\/mondiaux-u20-athletisme-2024-entree-en-lice-correcte-des-francais\/"},"author":{"name":"Etienne Goursaud","@id":"https:\/\/dicodusport.fr\/blog\/#\/schema\/person\/d603dd7da31fb2b46c82b9835a77ec13"},"headline":"Mondiaux U20 athl\u00e9tisme 2024 : Entr\u00e9e en lice correcte des Fran\u00e7ais","datePublished":"2024-08-27T18:44:37+00:00","dateModified":"2024-08-27T20:58:46+00:00","mainEntityOfPage":{"@id":"https:\/\/dicodusport.fr\/blog\/mondiaux-u20-athletisme-2024-entree-en-lice-correcte-des-francais\/"},"wordCount":557,"commentCount":0,"publisher":{"@id":"https:\/\/dicodusport.fr\/blog\/#organization"},"image":{"@id":"https:\/\/dicodusport.fr\/blog\/mondiaux-u20-athletisme-2024-entree-en-lice-correcte-des-francais\/#primaryimage"},"thumbnailUrl":"https:\/\/dicodusport.fr\/blog\/wp-content\/uploads\/2024\/08\/Mondiaux-U20-athletisme-2024-Les-premiers-Francais-sont-entres-en-scene.png","keywords":["actu","Athl\u00e9tisme","br\u00e8ve","championnats du monde U20 athl\u00e9tisme","U20"],"articleSection":["Athl\u00e9tisme"],"inLanguage":"fr-FR","potentialAction":[{"@type":"CommentAction","name":"Comment","target":["https:\/\/dicodusport.fr\/blog\/mondiaux-u20-athletisme-2024-entree-en-lice-correcte-des-francais\/#respond"]}],"copyrightYear":"2024","copyrightHolder":{"@id":"https:\/\/dicodusport.fr\/blog\/#organization"}},{"@type":"WebPage","@id":"https:\/\/dicodusport.fr\/blog\/mondiaux-u20-athletisme-2024-entree-en-lice-correcte-des-francais\/","url":"https:\/\/dicodusport.fr\/blog\/mondiaux-u20-athletisme-2024-entree-en-lice-correcte-des-francais\/","name":"Mondiaux U20 athl\u00e9tisme 2024 : Entr\u00e9e en lice correcte des Fran\u00e7ais","isPartOf":{"@id":"https:\/\/dicodusport.fr\/blog\/#website"},"primaryImageOfPage":{"@id":"https:\/\/dicodusport.fr\/blog\/mondiaux-u20-athletisme-2024-entree-en-lice-correcte-des-francais\/#primaryimage"},"image":{"@id":"https:\/\/dicodusport.fr\/blog\/mondiaux-u20-athletisme-2024-entree-en-lice-correcte-des-francais\/#primaryimage"},"thumbnailUrl":"https:\/\/dicodusport.fr\/blog\/wp-content\/uploads\/2024\/08\/Mondiaux-U20-athletisme-2024-Les-premiers-Francais-sont-entres-en-scene.png","datePublished":"2024-08-27T18:44:37+00:00","dateModified":"2024-08-27T20:58:46+00:00","description":"CHAMPIONNATS DU MONDE ATHL\u00c9TISME U20 2024 - Avec quatre qualifications et trois \u00e9liminations, entr\u00e9e en lice correcte des Fran\u00e7ais","breadcrumb":{"@id":"https:\/\/dicodusport.fr\/blog\/mondiaux-u20-athletisme-2024-entree-en-lice-correcte-des-francais\/#breadcrumb"},"inLanguage":"fr-FR","potentialAction":[{"@type":"ReadAction","target":["https:\/\/dicodusport.fr\/blog\/mondiaux-u20-athletisme-2024-entree-en-lice-correcte-des-francais\/"]}]},{"@type":"ImageObject","inLanguage":"fr-FR","@id":"https:\/\/dicodusport.fr\/blog\/mondiaux-u20-athletisme-2024-entree-en-lice-correcte-des-francais\/#primaryimage","url":"https:\/\/dicodusport.fr\/blog\/wp-content\/uploads\/2024\/08\/Mondiaux-U20-athletisme-2024-Les-premiers-Francais-sont-entres-en-scene.png","contentUrl":"https:\/\/dicodusport.fr\/blog\/wp-content\/uploads\/2024\/08\/Mondiaux-U20-athletisme-2024-Les-premiers-Francais-sont-entres-en-scene.png","width":1200,"height":674,"caption":"Mondiaux U20 athl\u00e9tisme 2024 - Les premiers Fran\u00e7ais sont entr\u00e9s en sc\u00e8ne"},{"@type":"BreadcrumbList","@id":"https:\/\/dicodusport.fr\/blog\/mondiaux-u20-athletisme-2024-entree-en-lice-correcte-des-francais\/#breadcrumb","itemListElement":[{"@type":"ListItem","position":1,"name":"Accueil","item":"https:\/\/dicodusport.fr\/blog\/"},{"@type":"ListItem","position":2,"name":"Mondiaux U20 athl\u00e9tisme 2024 : Entr\u00e9e en lice correcte des Fran\u00e7ais"}]},{"@type":"WebSite","@id":"https:\/\/dicodusport.fr\/blog\/#website","url":"https:\/\/dicodusport.fr\/blog\/","name":"Dicodusport","description":"L&#039;encyclop\u00e9die de l&#039;actualit\u00e9 sportive","publisher":{"@id":"https:\/\/dicodusport.fr\/blog\/#organization"},"potentialAction":[{"@type":"SearchAction","target":{"@type":"EntryPoint","urlTemplate":"https:\/\/dicodusport.fr\/blog\/?s={search_term_string}"},"query-input":{"@type":"PropertyValueSpecification","valueRequired":true,"valueName":"search_term_string"}}],"inLanguage":"fr-FR"},{"@type":"NewsMediaOrganization","@id":"https:\/\/dicodusport.fr\/blog\/#organization","name":"Dicodusport","url":"https:\/\/dicodusport.fr\/blog\/","logo":{"@type":"ImageObject","inLanguage":"fr-FR","@id":"https:\/\/dicodusport.fr\/blog\/#\/schema\/logo\/image\/","url":"https:\/\/dicodusport.fr\/blog\/wp-content\/uploads\/2020\/06\/cropped-LOGO-DICODUSPORT-2020-SANS-FOND-SANS-TEXTE.png","contentUrl":"https:\/\/dicodusport.fr\/blog\/wp-content\/uploads\/2020\/06\/cropped-LOGO-DICODUSPORT-2020-SANS-FOND-SANS-TEXTE.png","width":512,"height":512,"caption":"Dicodusport"},"image":{"@id":"https:\/\/dicodusport.fr\/blog\/#\/schema\/logo\/image\/"},"sameAs":["https:\/\/www.facebook.com\/dicodusport","https:\/\/x.com\/dicodusport","https:\/\/www.instagram.com\/dicodusport\/","https:\/\/www.youtube.com\/channel\/UC7V2KZ5sd3htJivAbA4ZG3w"],"description":"Dicodusport est l'encyclop\u00e9die de l'actualit\u00e9 sportive.","email":"bonjour@dicodusport.fr","legalName":"DICODUSPORT","foundingDate":"2018-01-14","vatID":"FR71834470973","taxID":"83447097300043","numberOfEmployees":{"@type":"QuantitativeValue","minValue":"1","maxValue":"10"}},{"@type":"Person","@id":"https:\/\/dicodusport.fr\/blog\/#\/schema\/person\/d603dd7da31fb2b46c82b9835a77ec13","name":"Etienne Goursaud","image":{"@type":"ImageObject","inLanguage":"fr-FR","@id":"https:\/\/dicodusport.fr\/blog\/#\/schema\/person\/image\/","url":"https:\/\/dicodusport.fr\/blog\/wp-content\/uploads\/2023\/12\/410122264_10231602061736049_5565839791558026645_n-150x150.jpg","contentUrl":"https:\/\/dicodusport.fr\/blog\/wp-content\/uploads\/2023\/12\/410122264_10231602061736049_5565839791558026645_n-150x150.jpg","caption":"Etienne Goursaud"},"description":"Journaliste et amoureux de sport. Ancien footballeur reconverti athl\u00e8te quand ses muscles le laissent tranquille. \u00c9lev\u00e9 \u00e0 la sauce des exploits de Thomas Voeckler en 2004, du dernier essai de l\u00e9gende de Eunice Barber \u00e0 la longueur lors des championnats du monde d'athl\u00e9tisme de 2003 mais aussi Zidane, Omeyer et Titou Lamaison.","url":"https:\/\/dicodusport.fr\/blog\/author\/etienne-goursaud\/"}]}},"_links":{"self":[{"href":"https:\/\/dicodusport.fr\/blog\/wp-json\/wp\/v2\/posts\/515239","targetHints":{"allow":["GET"]}}],"collection":[{"href":"https:\/\/dicodusport.fr\/blog\/wp-json\/wp\/v2\/posts"}],"about":[{"href":"https:\/\/dicodusport.fr\/blog\/wp-json\/wp\/v2\/types\/post"}],"author":[{"embeddable":true,"href":"https:\/\/dicodusport.fr\/blog\/wp-json\/wp\/v2\/users\/83"}],"replies":[{"embeddable":true,"href":"https:\/\/dicodusport.fr\/blog\/wp-json\/wp\/v2\/comments?post=515239"}],"version-history":[{"count":4,"href":"https:\/\/dicodusport.fr\/blog\/wp-json\/wp\/v2\/posts\/515239\/revisions"}],"predecessor-version":[{"id":515348,"href":"https:\/\/dicodusport.fr\/blog\/wp-json\/wp\/v2\/posts\/515239\/revisions\/515348"}],"wp:featuredmedia":[{"embeddable":true,"href":"https:\/\/dicodusport.fr\/blog\/wp-json\/wp\/v2\/media\/515321"}],"wp:attachment":[{"href":"https:\/\/dicodusport.fr\/blog\/wp-json\/wp\/v2\/media?parent=515239"}],"wp:term":[{"taxonomy":"category","embeddable":true,"href":"https:\/\/dicodusport.fr\/blog\/wp-json\/wp\/v2\/categories?post=515239"},{"taxonomy":"post_tag","embeddable":true,"href":"https:\/\/dicodusport.fr\/blog\/wp-json\/wp\/v2\/tags?post=515239"}],"curies":[{"name":"wp","href":"https:\/\/api.w.org\/{rel}","templated":true}]}}