{"id":515417,"date":"2024-08-28T21:06:45","date_gmt":"2024-08-28T19:06:45","guid":{"rendered":"https:\/\/dicodusport.fr\/blog\/?p=515417&#038;preview=true&#038;preview_id=515417"},"modified":"2024-08-28T23:04:44","modified_gmt":"2024-08-28T21:04:44","slug":"mondiaux-u20-athletisme-2024-le-plein-pour-les-bleuets","status":"publish","type":"post","link":"https:\/\/dicodusport.fr\/blog\/mondiaux-u20-athletisme-2024-le-plein-pour-les-bleuets\/","title":{"rendered":"Mondiaux U20 athl\u00e9tisme 2024 : Le plein pour les Bleuets"},"content":{"rendered":"<p style=\"text-align: justify;\"><strong><em>CHAMPIONNATS DU MONDE ATHL\u00c9TISME U20 2024 &#8211; Les quatre fran\u00e7ais engag\u00e9s ce mercredi \u00ab\u00a0matin\u00a0\u00bb se sont tous qualifi\u00e9s. Mention sp\u00e9ciale \u00e0 M\u00e9ta Tumba, qui a d\u00e9roul\u00e9 en s\u00e9ries du 400 m haies.<\/em><\/strong><\/p>\n<ul>\n<li class=\"mvp-post-title left entry-title\" style=\"text-align: justify;\"><strong>\u00c0 ce sujet &#8211; <a href=\"https:\/\/dicodusport.fr\/blog\/calendrier-et-resultats-championnats-du-monde-juniors-dathletisme-2024\/\">Calendrier et r\u00e9sultats Championnats du monde juniors d\u2019athl\u00e9tisme 2024<\/a><\/strong><\/li>\n<\/ul>\n<h2 style=\"text-align: justify;\">M\u00e9ta Tumba impressionne<\/h2>\n<p style=\"text-align: justify;\"><strong>Candice Von Plauen<\/strong> avait \u00e0 charge de lancer la d\u00e9l\u00e9gation tricolore, ce mercredi. \u00c0 9h20 heure de Lima, o\u00f9 se tiennent les Mondiaux U20, la Fran\u00e7aise \u00e9tait engag\u00e9e dans la 2e s\u00e9rie du 400 m haies. Et a brillamment r\u00e9ussi son premier exercice, en prenant la 2e place de sa course. Derri\u00e8re <strong>Michelle Smith<\/strong>, la favorite de cette \u00e9preuve. Et la jeune tricolore s&rsquo;est offert le luxe d&rsquo;approcher son record avec un chrono de 58.00 et au couloir 1. Deuxi\u00e8me chrono des s\u00e9ries.<\/p>\n<p style=\"text-align: justify;\">Une des grandes chances de m\u00e9daille tricolore, <strong>M\u00e9ta Tumba<\/strong>, \u00e9tait engag\u00e9e dans la cinqui\u00e8me course. Apr\u00e8s un d\u00e9part engag\u00e9, elle a pu contr\u00f4ler toute la fin et s&rsquo;impose en 58.05. De toutes les femmes engag\u00e9es en s\u00e9ries, c&rsquo;est peut-\u00eatre elle qui a laiss\u00e9 la meilleure impression, ce mercredi matin. Rendez-vous vendredi pour la suite des aventures pour les deux fran\u00e7aises. Malheureusement, <strong>Thomas Canivet<\/strong>, qui devait courir le 400 m haies chez les hommes, a \u00e9t\u00e9 contraint de d\u00e9clarer forfait avant sa course.<\/p>\n<blockquote class=\"twitter-tweet\">\n<p dir=\"ltr\" lang=\"fr\">Meta Tumba n&rsquo;a pas eu beaucoup \u00e0 forcer son talent pour dominer la 5e s\u00e9rie du 400 m haies<\/p>\n<p>Un 200 m engag\u00e9 et le reste en contr\u00f4le, pour r\u00e9aliser 58.05 <a href=\"https:\/\/twitter.com\/hashtag\/Lima2024?src=hash&amp;ref_src=twsrc%5Etfw\">#Lima2024<\/a> <a href=\"https:\/\/t.co\/tDK39J9pf3\">pic.twitter.com\/tDK39J9pf3<\/a><\/p>\n<p>\u2014 Etienne Goursaud \uea00\ud83c\uddeb\ud83c\uddf7 (@EtienneGoursaud) <a href=\"https:\/\/twitter.com\/EtienneGoursaud\/status\/1828805488118747367?ref_src=twsrc%5Etfw\">August 28, 2024<\/a><\/p><\/blockquote>\n<p><script async src=\"https:\/\/platform.twitter.com\/widgets.js\" charset=\"utf-8\"><\/script><\/p>\n<h2 style=\"text-align: justify;\">Cl\u00e9mence Rougier assure<\/h2>\n<p style=\"text-align: justify;\">Autre grande chance de m\u00e9daille, la 3e mondiale chez les juniors, <strong>Cl\u00e9mence Rougier<\/strong>, faisait son entr\u00e9e en lice dans le concours de qualification du triple saut. La Limougeaude n&rsquo;a pas \u00e9t\u00e9 tr\u00e8s tranchante ce mercredi, dans la fraicheur p\u00e9ruvienne (15 degr\u00e9s). Mais elle assure l&rsquo;essentiel. En retombant \u00e0 13.10 m \u00e0 son premier essai, elle termine \u00e0 la cinqui\u00e8me place sur l&rsquo;ensemble des deux groupes de qualifications.<\/p>\n<p style=\"text-align: justify;\">Dernier Fran\u00e7ais \u00e0 \u00eatre engag\u00e9, <strong>Ishak Dahmani<\/strong> n&rsquo;a pas trembl\u00e9 dans la premi\u00e8re s\u00e9rie du 3000 m steeple. Le Tricolore se qualifie pour la finale en prenant la 7e place de sa course. Une course tr\u00e8s rapide domin\u00e9e par le K\u00e9nyan <strong>Matthew Kosgei<\/strong> en 8:24.64. Vingt-deux secondes devant le fran\u00e7ais qui a approch\u00e9 son record personnel de deux secondes, en bouclant sa course en 8:46.83. Il peut r\u00eaver d&rsquo;une belle finale pour aller battre son record personnel.<\/p>\n","protected":false},"excerpt":{"rendered":"<p>Le plein pour les Bleuets<\/p>\n","protected":false},"author":83,"featured_media":515517,"comment_status":"open","ping_status":"closed","sticky":false,"template":"","format":"standard","meta":{"_acf_changed":false,"_daextam_enable_autolinks":"1","footnotes":""},"categories":[2308],"tags":[32415,143,16878,41474,29977,7315],"class_list":["post-515417","post","type-post","status-publish","format-standard","has-post-thumbnail","hentry","category-athletisme","tag-actu","tag-athletisme","tag-breve","tag-championnats-du-monde-u20-athletisme","tag-meta-tumba","tag-u20"],"acf":[],"yoast_head":"<!-- This site is optimized with the Yoast SEO Premium plugin v26.7 (Yoast SEO v26.7) - https:\/\/yoast.com\/wordpress\/plugins\/seo\/ -->\n<title>Mondiaux U20 athl\u00e9tisme 2024 : Le plein pour les Bleuets<\/title>\n<meta name=\"description\" content=\"CHAMPIONNATS DU MONDE ATHL\u00c9TISME U20 2024 - Les quatre fran\u00e7ais engag\u00e9s ce mercredi &quot;matin&quot; se sont tous qualifi\u00e9s.\" \/>\n<meta name=\"robots\" content=\"index, follow, max-snippet:-1, max-image-preview:large, max-video-preview:-1\" \/>\n<link rel=\"canonical\" href=\"https:\/\/dicodusport.fr\/blog\/mondiaux-u20-athletisme-2024-le-plein-pour-les-bleuets\/\" \/>\n<meta property=\"og:locale\" content=\"fr_FR\" \/>\n<meta property=\"og:type\" content=\"article\" \/>\n<meta property=\"og:title\" content=\"Mondiaux U20 athl\u00e9tisme 2024 : Le plein pour les Bleuets\" \/>\n<meta property=\"og:description\" content=\"CHAMPIONNATS DU MONDE ATHL\u00c9TISME U20 2024 - Les quatre fran\u00e7ais engag\u00e9s ce mercredi &quot;matin&quot; se sont tous qualifi\u00e9s.\" \/>\n<meta property=\"og:url\" content=\"https:\/\/dicodusport.fr\/blog\/mondiaux-u20-athletisme-2024-le-plein-pour-les-bleuets\/\" \/>\n<meta property=\"og:site_name\" content=\"Dicodusport\" \/>\n<meta property=\"article:publisher\" content=\"https:\/\/www.facebook.com\/dicodusport\" \/>\n<meta property=\"article:published_time\" content=\"2024-08-28T19:06:45+00:00\" \/>\n<meta property=\"article:modified_time\" content=\"2024-08-28T21:04:44+00:00\" \/>\n<meta property=\"og:image\" content=\"https:\/\/dicodusport.fr\/blog\/wp-content\/uploads\/2024\/08\/Mondiaux-U20-athletisme-2024-Le-plein-pour-les-Bleuets-.png\" \/>\n\t<meta property=\"og:image:width\" content=\"1200\" \/>\n\t<meta property=\"og:image:height\" content=\"674\" \/>\n\t<meta property=\"og:image:type\" content=\"image\/png\" \/>\n<meta name=\"author\" content=\"Etienne Goursaud\" \/>\n<meta name=\"twitter:card\" content=\"summary_large_image\" \/>\n<meta name=\"twitter:title\" content=\"Mondiaux U20 athl\u00e9tisme 2024 : Le plein pour les Bleuets\" \/>\n<meta name=\"twitter:creator\" content=\"@dicodusport\" \/>\n<meta name=\"twitter:site\" content=\"@dicodusport\" \/>\n<script type=\"application\/ld+json\" class=\"yoast-schema-graph\">{\"@context\":\"https:\/\/schema.org\",\"@graph\":[{\"@type\":\"NewsArticle\",\"@id\":\"https:\/\/dicodusport.fr\/blog\/mondiaux-u20-athletisme-2024-le-plein-pour-les-bleuets\/#article\",\"isPartOf\":{\"@id\":\"https:\/\/dicodusport.fr\/blog\/mondiaux-u20-athletisme-2024-le-plein-pour-les-bleuets\/\"},\"author\":{\"name\":\"Etienne Goursaud\",\"@id\":\"https:\/\/dicodusport.fr\/blog\/#\/schema\/person\/d603dd7da31fb2b46c82b9835a77ec13\"},\"headline\":\"Mondiaux U20 athl\u00e9tisme 2024 : Le plein pour les Bleuets\",\"datePublished\":\"2024-08-28T19:06:45+00:00\",\"dateModified\":\"2024-08-28T21:04:44+00:00\",\"mainEntityOfPage\":{\"@id\":\"https:\/\/dicodusport.fr\/blog\/mondiaux-u20-athletisme-2024-le-plein-pour-les-bleuets\/\"},\"wordCount\":448,\"commentCount\":0,\"publisher\":{\"@id\":\"https:\/\/dicodusport.fr\/blog\/#organization\"},\"image\":{\"@id\":\"https:\/\/dicodusport.fr\/blog\/mondiaux-u20-athletisme-2024-le-plein-pour-les-bleuets\/#primaryimage\"},\"thumbnailUrl\":\"https:\/\/dicodusport.fr\/blog\/wp-content\/uploads\/2024\/08\/Mondiaux-U20-athletisme-2024-Le-plein-pour-les-Bleuets-.png\",\"keywords\":[\"actu\",\"Athl\u00e9tisme\",\"br\u00e8ve\",\"championnats du monde U20 athl\u00e9tisme\",\"Meta Tumba\",\"U20\"],\"articleSection\":[\"Athl\u00e9tisme\"],\"inLanguage\":\"fr-FR\",\"potentialAction\":[{\"@type\":\"CommentAction\",\"name\":\"Comment\",\"target\":[\"https:\/\/dicodusport.fr\/blog\/mondiaux-u20-athletisme-2024-le-plein-pour-les-bleuets\/#respond\"]}],\"copyrightYear\":\"2024\",\"copyrightHolder\":{\"@id\":\"https:\/\/dicodusport.fr\/blog\/#organization\"}},{\"@type\":\"WebPage\",\"@id\":\"https:\/\/dicodusport.fr\/blog\/mondiaux-u20-athletisme-2024-le-plein-pour-les-bleuets\/\",\"url\":\"https:\/\/dicodusport.fr\/blog\/mondiaux-u20-athletisme-2024-le-plein-pour-les-bleuets\/\",\"name\":\"Mondiaux U20 athl\u00e9tisme 2024 : Le plein pour les Bleuets\",\"isPartOf\":{\"@id\":\"https:\/\/dicodusport.fr\/blog\/#website\"},\"primaryImageOfPage\":{\"@id\":\"https:\/\/dicodusport.fr\/blog\/mondiaux-u20-athletisme-2024-le-plein-pour-les-bleuets\/#primaryimage\"},\"image\":{\"@id\":\"https:\/\/dicodusport.fr\/blog\/mondiaux-u20-athletisme-2024-le-plein-pour-les-bleuets\/#primaryimage\"},\"thumbnailUrl\":\"https:\/\/dicodusport.fr\/blog\/wp-content\/uploads\/2024\/08\/Mondiaux-U20-athletisme-2024-Le-plein-pour-les-Bleuets-.png\",\"datePublished\":\"2024-08-28T19:06:45+00:00\",\"dateModified\":\"2024-08-28T21:04:44+00:00\",\"description\":\"CHAMPIONNATS DU MONDE ATHL\u00c9TISME U20 2024 - Les quatre fran\u00e7ais engag\u00e9s ce mercredi \\\"matin\\\" se sont tous qualifi\u00e9s.\",\"breadcrumb\":{\"@id\":\"https:\/\/dicodusport.fr\/blog\/mondiaux-u20-athletisme-2024-le-plein-pour-les-bleuets\/#breadcrumb\"},\"inLanguage\":\"fr-FR\",\"potentialAction\":[{\"@type\":\"ReadAction\",\"target\":[\"https:\/\/dicodusport.fr\/blog\/mondiaux-u20-athletisme-2024-le-plein-pour-les-bleuets\/\"]}]},{\"@type\":\"ImageObject\",\"inLanguage\":\"fr-FR\",\"@id\":\"https:\/\/dicodusport.fr\/blog\/mondiaux-u20-athletisme-2024-le-plein-pour-les-bleuets\/#primaryimage\",\"url\":\"https:\/\/dicodusport.fr\/blog\/wp-content\/uploads\/2024\/08\/Mondiaux-U20-athletisme-2024-Le-plein-pour-les-Bleuets-.png\",\"contentUrl\":\"https:\/\/dicodusport.fr\/blog\/wp-content\/uploads\/2024\/08\/Mondiaux-U20-athletisme-2024-Le-plein-pour-les-Bleuets-.png\",\"width\":1200,\"height\":674,\"caption\":\"Mondiaux U20 athl\u00e9tisme 2024 : Le plein pour les Bleuets\"},{\"@type\":\"BreadcrumbList\",\"@id\":\"https:\/\/dicodusport.fr\/blog\/mondiaux-u20-athletisme-2024-le-plein-pour-les-bleuets\/#breadcrumb\",\"itemListElement\":[{\"@type\":\"ListItem\",\"position\":1,\"name\":\"Accueil\",\"item\":\"https:\/\/dicodusport.fr\/blog\/\"},{\"@type\":\"ListItem\",\"position\":2,\"name\":\"Mondiaux U20 athl\u00e9tisme 2024 : Le plein pour les Bleuets\"}]},{\"@type\":\"WebSite\",\"@id\":\"https:\/\/dicodusport.fr\/blog\/#website\",\"url\":\"https:\/\/dicodusport.fr\/blog\/\",\"name\":\"Dicodusport\",\"description\":\"L&#039;encyclop\u00e9die de l&#039;actualit\u00e9 sportive\",\"publisher\":{\"@id\":\"https:\/\/dicodusport.fr\/blog\/#organization\"},\"potentialAction\":[{\"@type\":\"SearchAction\",\"target\":{\"@type\":\"EntryPoint\",\"urlTemplate\":\"https:\/\/dicodusport.fr\/blog\/?s={search_term_string}\"},\"query-input\":{\"@type\":\"PropertyValueSpecification\",\"valueRequired\":true,\"valueName\":\"search_term_string\"}}],\"inLanguage\":\"fr-FR\"},{\"@type\":\"NewsMediaOrganization\",\"@id\":\"https:\/\/dicodusport.fr\/blog\/#organization\",\"name\":\"Dicodusport\",\"url\":\"https:\/\/dicodusport.fr\/blog\/\",\"logo\":{\"@type\":\"ImageObject\",\"inLanguage\":\"fr-FR\",\"@id\":\"https:\/\/dicodusport.fr\/blog\/#\/schema\/logo\/image\/\",\"url\":\"https:\/\/dicodusport.fr\/blog\/wp-content\/uploads\/2020\/06\/cropped-LOGO-DICODUSPORT-2020-SANS-FOND-SANS-TEXTE.png\",\"contentUrl\":\"https:\/\/dicodusport.fr\/blog\/wp-content\/uploads\/2020\/06\/cropped-LOGO-DICODUSPORT-2020-SANS-FOND-SANS-TEXTE.png\",\"width\":512,\"height\":512,\"caption\":\"Dicodusport\"},\"image\":{\"@id\":\"https:\/\/dicodusport.fr\/blog\/#\/schema\/logo\/image\/\"},\"sameAs\":[\"https:\/\/www.facebook.com\/dicodusport\",\"https:\/\/x.com\/dicodusport\",\"https:\/\/www.instagram.com\/dicodusport\/\",\"https:\/\/www.youtube.com\/channel\/UC7V2KZ5sd3htJivAbA4ZG3w\"],\"description\":\"Dicodusport est l'encyclop\u00e9die de l'actualit\u00e9 sportive.\",\"email\":\"bonjour@dicodusport.fr\",\"legalName\":\"DICODUSPORT\",\"foundingDate\":\"2018-01-14\",\"vatID\":\"FR71834470973\",\"taxID\":\"83447097300043\",\"numberOfEmployees\":{\"@type\":\"QuantitativeValue\",\"minValue\":\"1\",\"maxValue\":\"10\"}},{\"@type\":\"Person\",\"@id\":\"https:\/\/dicodusport.fr\/blog\/#\/schema\/person\/d603dd7da31fb2b46c82b9835a77ec13\",\"name\":\"Etienne Goursaud\",\"image\":{\"@type\":\"ImageObject\",\"inLanguage\":\"fr-FR\",\"@id\":\"https:\/\/dicodusport.fr\/blog\/#\/schema\/person\/image\/\",\"url\":\"https:\/\/dicodusport.fr\/blog\/wp-content\/uploads\/2023\/12\/410122264_10231602061736049_5565839791558026645_n-150x150.jpg\",\"contentUrl\":\"https:\/\/dicodusport.fr\/blog\/wp-content\/uploads\/2023\/12\/410122264_10231602061736049_5565839791558026645_n-150x150.jpg\",\"caption\":\"Etienne Goursaud\"},\"description\":\"Journaliste et amoureux de sport. Ancien footballeur reconverti athl\u00e8te quand ses muscles le laissent tranquille. \u00c9lev\u00e9 \u00e0 la sauce des exploits de Thomas Voeckler en 2004, du dernier essai de l\u00e9gende de Eunice Barber \u00e0 la longueur lors des championnats du monde d'athl\u00e9tisme de 2003 mais aussi Zidane, Omeyer et Titou Lamaison.\",\"url\":\"https:\/\/dicodusport.fr\/blog\/author\/etienne-goursaud\/\"}]}<\/script>\n<!-- \/ Yoast SEO Premium plugin. -->","yoast_head_json":{"title":"Mondiaux U20 athl\u00e9tisme 2024 : Le plein pour les Bleuets","description":"CHAMPIONNATS DU MONDE ATHL\u00c9TISME U20 2024 - Les quatre fran\u00e7ais engag\u00e9s ce mercredi \"matin\" se sont tous qualifi\u00e9s.","robots":{"index":"index","follow":"follow","max-snippet":"max-snippet:-1","max-image-preview":"max-image-preview:large","max-video-preview":"max-video-preview:-1"},"canonical":"https:\/\/dicodusport.fr\/blog\/mondiaux-u20-athletisme-2024-le-plein-pour-les-bleuets\/","og_locale":"fr_FR","og_type":"article","og_title":"Mondiaux U20 athl\u00e9tisme 2024 : Le plein pour les Bleuets","og_description":"CHAMPIONNATS DU MONDE ATHL\u00c9TISME U20 2024 - Les quatre fran\u00e7ais engag\u00e9s ce mercredi \"matin\" se sont tous qualifi\u00e9s.","og_url":"https:\/\/dicodusport.fr\/blog\/mondiaux-u20-athletisme-2024-le-plein-pour-les-bleuets\/","og_site_name":"Dicodusport","article_publisher":"https:\/\/www.facebook.com\/dicodusport","article_published_time":"2024-08-28T19:06:45+00:00","article_modified_time":"2024-08-28T21:04:44+00:00","og_image":[{"width":1200,"height":674,"url":"https:\/\/dicodusport.fr\/blog\/wp-content\/uploads\/2024\/08\/Mondiaux-U20-athletisme-2024-Le-plein-pour-les-Bleuets-.png","type":"image\/png"}],"author":"Etienne Goursaud","twitter_card":"summary_large_image","twitter_title":"Mondiaux U20 athl\u00e9tisme 2024 : Le plein pour les Bleuets","twitter_creator":"@dicodusport","twitter_site":"@dicodusport","schema":{"@context":"https:\/\/schema.org","@graph":[{"@type":"NewsArticle","@id":"https:\/\/dicodusport.fr\/blog\/mondiaux-u20-athletisme-2024-le-plein-pour-les-bleuets\/#article","isPartOf":{"@id":"https:\/\/dicodusport.fr\/blog\/mondiaux-u20-athletisme-2024-le-plein-pour-les-bleuets\/"},"author":{"name":"Etienne Goursaud","@id":"https:\/\/dicodusport.fr\/blog\/#\/schema\/person\/d603dd7da31fb2b46c82b9835a77ec13"},"headline":"Mondiaux U20 athl\u00e9tisme 2024 : Le plein pour les Bleuets","datePublished":"2024-08-28T19:06:45+00:00","dateModified":"2024-08-28T21:04:44+00:00","mainEntityOfPage":{"@id":"https:\/\/dicodusport.fr\/blog\/mondiaux-u20-athletisme-2024-le-plein-pour-les-bleuets\/"},"wordCount":448,"commentCount":0,"publisher":{"@id":"https:\/\/dicodusport.fr\/blog\/#organization"},"image":{"@id":"https:\/\/dicodusport.fr\/blog\/mondiaux-u20-athletisme-2024-le-plein-pour-les-bleuets\/#primaryimage"},"thumbnailUrl":"https:\/\/dicodusport.fr\/blog\/wp-content\/uploads\/2024\/08\/Mondiaux-U20-athletisme-2024-Le-plein-pour-les-Bleuets-.png","keywords":["actu","Athl\u00e9tisme","br\u00e8ve","championnats du monde U20 athl\u00e9tisme","Meta Tumba","U20"],"articleSection":["Athl\u00e9tisme"],"inLanguage":"fr-FR","potentialAction":[{"@type":"CommentAction","name":"Comment","target":["https:\/\/dicodusport.fr\/blog\/mondiaux-u20-athletisme-2024-le-plein-pour-les-bleuets\/#respond"]}],"copyrightYear":"2024","copyrightHolder":{"@id":"https:\/\/dicodusport.fr\/blog\/#organization"}},{"@type":"WebPage","@id":"https:\/\/dicodusport.fr\/blog\/mondiaux-u20-athletisme-2024-le-plein-pour-les-bleuets\/","url":"https:\/\/dicodusport.fr\/blog\/mondiaux-u20-athletisme-2024-le-plein-pour-les-bleuets\/","name":"Mondiaux U20 athl\u00e9tisme 2024 : Le plein pour les Bleuets","isPartOf":{"@id":"https:\/\/dicodusport.fr\/blog\/#website"},"primaryImageOfPage":{"@id":"https:\/\/dicodusport.fr\/blog\/mondiaux-u20-athletisme-2024-le-plein-pour-les-bleuets\/#primaryimage"},"image":{"@id":"https:\/\/dicodusport.fr\/blog\/mondiaux-u20-athletisme-2024-le-plein-pour-les-bleuets\/#primaryimage"},"thumbnailUrl":"https:\/\/dicodusport.fr\/blog\/wp-content\/uploads\/2024\/08\/Mondiaux-U20-athletisme-2024-Le-plein-pour-les-Bleuets-.png","datePublished":"2024-08-28T19:06:45+00:00","dateModified":"2024-08-28T21:04:44+00:00","description":"CHAMPIONNATS DU MONDE ATHL\u00c9TISME U20 2024 - Les quatre fran\u00e7ais engag\u00e9s ce mercredi \"matin\" se sont tous qualifi\u00e9s.","breadcrumb":{"@id":"https:\/\/dicodusport.fr\/blog\/mondiaux-u20-athletisme-2024-le-plein-pour-les-bleuets\/#breadcrumb"},"inLanguage":"fr-FR","potentialAction":[{"@type":"ReadAction","target":["https:\/\/dicodusport.fr\/blog\/mondiaux-u20-athletisme-2024-le-plein-pour-les-bleuets\/"]}]},{"@type":"ImageObject","inLanguage":"fr-FR","@id":"https:\/\/dicodusport.fr\/blog\/mondiaux-u20-athletisme-2024-le-plein-pour-les-bleuets\/#primaryimage","url":"https:\/\/dicodusport.fr\/blog\/wp-content\/uploads\/2024\/08\/Mondiaux-U20-athletisme-2024-Le-plein-pour-les-Bleuets-.png","contentUrl":"https:\/\/dicodusport.fr\/blog\/wp-content\/uploads\/2024\/08\/Mondiaux-U20-athletisme-2024-Le-plein-pour-les-Bleuets-.png","width":1200,"height":674,"caption":"Mondiaux U20 athl\u00e9tisme 2024 : Le plein pour les Bleuets"},{"@type":"BreadcrumbList","@id":"https:\/\/dicodusport.fr\/blog\/mondiaux-u20-athletisme-2024-le-plein-pour-les-bleuets\/#breadcrumb","itemListElement":[{"@type":"ListItem","position":1,"name":"Accueil","item":"https:\/\/dicodusport.fr\/blog\/"},{"@type":"ListItem","position":2,"name":"Mondiaux U20 athl\u00e9tisme 2024 : Le plein pour les Bleuets"}]},{"@type":"WebSite","@id":"https:\/\/dicodusport.fr\/blog\/#website","url":"https:\/\/dicodusport.fr\/blog\/","name":"Dicodusport","description":"L&#039;encyclop\u00e9die de l&#039;actualit\u00e9 sportive","publisher":{"@id":"https:\/\/dicodusport.fr\/blog\/#organization"},"potentialAction":[{"@type":"SearchAction","target":{"@type":"EntryPoint","urlTemplate":"https:\/\/dicodusport.fr\/blog\/?s={search_term_string}"},"query-input":{"@type":"PropertyValueSpecification","valueRequired":true,"valueName":"search_term_string"}}],"inLanguage":"fr-FR"},{"@type":"NewsMediaOrganization","@id":"https:\/\/dicodusport.fr\/blog\/#organization","name":"Dicodusport","url":"https:\/\/dicodusport.fr\/blog\/","logo":{"@type":"ImageObject","inLanguage":"fr-FR","@id":"https:\/\/dicodusport.fr\/blog\/#\/schema\/logo\/image\/","url":"https:\/\/dicodusport.fr\/blog\/wp-content\/uploads\/2020\/06\/cropped-LOGO-DICODUSPORT-2020-SANS-FOND-SANS-TEXTE.png","contentUrl":"https:\/\/dicodusport.fr\/blog\/wp-content\/uploads\/2020\/06\/cropped-LOGO-DICODUSPORT-2020-SANS-FOND-SANS-TEXTE.png","width":512,"height":512,"caption":"Dicodusport"},"image":{"@id":"https:\/\/dicodusport.fr\/blog\/#\/schema\/logo\/image\/"},"sameAs":["https:\/\/www.facebook.com\/dicodusport","https:\/\/x.com\/dicodusport","https:\/\/www.instagram.com\/dicodusport\/","https:\/\/www.youtube.com\/channel\/UC7V2KZ5sd3htJivAbA4ZG3w"],"description":"Dicodusport est l'encyclop\u00e9die de l'actualit\u00e9 sportive.","email":"bonjour@dicodusport.fr","legalName":"DICODUSPORT","foundingDate":"2018-01-14","vatID":"FR71834470973","taxID":"83447097300043","numberOfEmployees":{"@type":"QuantitativeValue","minValue":"1","maxValue":"10"}},{"@type":"Person","@id":"https:\/\/dicodusport.fr\/blog\/#\/schema\/person\/d603dd7da31fb2b46c82b9835a77ec13","name":"Etienne Goursaud","image":{"@type":"ImageObject","inLanguage":"fr-FR","@id":"https:\/\/dicodusport.fr\/blog\/#\/schema\/person\/image\/","url":"https:\/\/dicodusport.fr\/blog\/wp-content\/uploads\/2023\/12\/410122264_10231602061736049_5565839791558026645_n-150x150.jpg","contentUrl":"https:\/\/dicodusport.fr\/blog\/wp-content\/uploads\/2023\/12\/410122264_10231602061736049_5565839791558026645_n-150x150.jpg","caption":"Etienne Goursaud"},"description":"Journaliste et amoureux de sport. Ancien footballeur reconverti athl\u00e8te quand ses muscles le laissent tranquille. \u00c9lev\u00e9 \u00e0 la sauce des exploits de Thomas Voeckler en 2004, du dernier essai de l\u00e9gende de Eunice Barber \u00e0 la longueur lors des championnats du monde d'athl\u00e9tisme de 2003 mais aussi Zidane, Omeyer et Titou Lamaison.","url":"https:\/\/dicodusport.fr\/blog\/author\/etienne-goursaud\/"}]}},"_links":{"self":[{"href":"https:\/\/dicodusport.fr\/blog\/wp-json\/wp\/v2\/posts\/515417","targetHints":{"allow":["GET"]}}],"collection":[{"href":"https:\/\/dicodusport.fr\/blog\/wp-json\/wp\/v2\/posts"}],"about":[{"href":"https:\/\/dicodusport.fr\/blog\/wp-json\/wp\/v2\/types\/post"}],"author":[{"embeddable":true,"href":"https:\/\/dicodusport.fr\/blog\/wp-json\/wp\/v2\/users\/83"}],"replies":[{"embeddable":true,"href":"https:\/\/dicodusport.fr\/blog\/wp-json\/wp\/v2\/comments?post=515417"}],"version-history":[{"count":5,"href":"https:\/\/dicodusport.fr\/blog\/wp-json\/wp\/v2\/posts\/515417\/revisions"}],"predecessor-version":[{"id":515565,"href":"https:\/\/dicodusport.fr\/blog\/wp-json\/wp\/v2\/posts\/515417\/revisions\/515565"}],"wp:featuredmedia":[{"embeddable":true,"href":"https:\/\/dicodusport.fr\/blog\/wp-json\/wp\/v2\/media\/515517"}],"wp:attachment":[{"href":"https:\/\/dicodusport.fr\/blog\/wp-json\/wp\/v2\/media?parent=515417"}],"wp:term":[{"taxonomy":"category","embeddable":true,"href":"https:\/\/dicodusport.fr\/blog\/wp-json\/wp\/v2\/categories?post=515417"},{"taxonomy":"post_tag","embeddable":true,"href":"https:\/\/dicodusport.fr\/blog\/wp-json\/wp\/v2\/tags?post=515417"}],"curies":[{"name":"wp","href":"https:\/\/api.w.org\/{rel}","templated":true}]}}