{"id":515441,"date":"2024-08-28T16:03:46","date_gmt":"2024-08-28T14:03:46","guid":{"rendered":"https:\/\/dicodusport.fr\/blog\/?p=515441&#038;preview=true&#038;preview_id=515441"},"modified":"2024-08-28T17:06:06","modified_gmt":"2024-08-28T15:06:06","slug":"mondiaux-vtt-2024-jerome-gilloux-decroche-un-3eme-titre-mondial-en-vttae","status":"publish","type":"post","link":"https:\/\/dicodusport.fr\/blog\/mondiaux-vtt-2024-jerome-gilloux-decroche-un-3eme-titre-mondial-en-vttae\/","title":{"rendered":"Mondiaux VTT 2024 : J\u00e9r\u00f4me Gilloux d\u00e9croche un 3\u00e8me titre mondial en VTTAE"},"content":{"rendered":"<p style=\"text-align: justify;\"><strong><em>VTT CHAMPIONNATS DU MONDE 2024 &#8211; Ce mercredi, le Fran\u00e7ais J\u00e9r\u00f4me Gilloux a d\u00e9croch\u00e9 un troisi\u00e8me titre mondial en VTTAE (VTT \u00e0 assistance \u00e9lectrique), \u00e0 Pal Arinsal (Andorre). Un deuxi\u00e8me v\u00e9t\u00e9tiste fran\u00e7ais monte sur le podium, en la personne d&rsquo;Hugo Pigeon, troisi\u00e8me.<\/em><\/strong><\/p>\n<ul>\n<li style=\"text-align: justify;\"><strong>\u00c0 ce sujet &#8211; <a href=\"https:\/\/dicodusport.fr\/blog\/programme-et-resultats-vtt-championnats-du-monde-2024\/\">Programme et r\u00e9sultats VTT Championnats du monde 2024<\/a><\/strong><\/li>\n<\/ul>\n<p style=\"text-align: justify;\">Et de trois pour <strong>J\u00e9r\u00f4me Gilloux<\/strong> ! D\u00e9j\u00e0 double champion du monde de VTT \u00e0 assistance \u00e9lectrique (<a href=\"https:\/\/dicodusport.fr\/blog\/vtt-a-assistance-electrique-jerome-gilloux-champion-du-monde-devant-hugo-pigeon\/\">2021<\/a> et <a href=\"https:\/\/dicodusport.fr\/blog\/mondiaux-vtt-assistance-electrique-2022-jerome-gilloux-sacre-champion-du-monde\/\">2022<\/a>), le Fran\u00e7ais a r\u00e9alis\u00e9 la passe de trois ce mercredi, \u00e0 <strong>Pal Arinsal<\/strong> (Andorre). Celui qui avait perdu sa couronne mondiale \u00e0 Glasgow (\u00c9cosse) l&rsquo;an pass\u00e9 sur probl\u00e8me m\u00e9canique (<a href=\"https:\/\/dicodusport.fr\/blog\/mondiaux-vtt-2023-hugo-pigeon-et-jerome-gilloux-sur-le-podium-du-cross-country-a-assistance-electrique\/\">m\u00e9daille de bronze, tout de m\u00eame<\/a>), a repris son bien, au terme des 10 tours du circuit andorran.<\/p>\n<h2>Gilloux en patron<\/h2>\n<p style=\"text-align: justify;\">Sans rival ou presque, <strong>Gilloux<\/strong> a tr\u00e8s vite fait la diff\u00e9rence pour s&rsquo;isoler en t\u00eate. Le v\u00e9t\u00e9tiste de 30 ans a ensuite parfaitement r\u00e9sist\u00e9 jusqu&rsquo;\u00e0 la ligne d&rsquo;arriv\u00e9e. Sur cette derni\u00e8re, <strong>J\u00e9r\u00f4me Gilloux<\/strong> devance le Chilien <strong>Martin Vidaurre Kossmann<\/strong> de 29 secondes. Cerise sur le g\u00e2teau, <strong>Gilloux<\/strong> est accompagn\u00e9 de <strong>Hugo Pigeon<\/strong> sur la bo\u00eete, puisque ce dernier prend la m\u00e9daille de bronze (+0:45), apr\u00e8s l&rsquo;argent lors des Mondiaux 2021, 2022 et 2023.<\/p>\n<p style=\"text-align: justify;\">\u00c0 noter que c&rsquo;est la sixi\u00e8me m\u00e9daille mondiale de rang pour l&rsquo;Azur\u00e9en, puisque outre ses deux premiers sacres (2021 et 2022) et le bronze l&rsquo;an dernier,<strong> J\u00e9r\u00f4me Gilloux<\/strong> avait d\u00e9croch\u00e9 l&rsquo;argent \u00e0 deux reprises, en 2019 et 2020.<\/p>\n<blockquote class=\"twitter-tweet\">\n<p dir=\"ltr\" lang=\"fi\">J\u00e9r\u00f4me Gilloux powers to victory \u26a1\ufe0f<\/p>\n<p>Men E-MTB \ud83e\udd47 at the 2024 UCI Men E-MTB World Championships in Pal Arinsal, Andorra. <a href=\"https:\/\/twitter.com\/hashtag\/PalArinsalAndorra2024?src=hash&amp;ref_src=twsrc%5Etfw\">#PalArinsalAndorra2024<\/a> <a href=\"https:\/\/t.co\/8HOn4OIXmE\">pic.twitter.com\/8HOn4OIXmE<\/a><\/p>\n<p>\u2014 UCI MTB (@UCI_MTB) <a href=\"https:\/\/twitter.com\/UCI_MTB\/status\/1828797430030336101?ref_src=twsrc%5Etfw\">August 28, 2024<\/a><\/p><\/blockquote>\n<p><script async src=\"https:\/\/platform.twitter.com\/widgets.js\" charset=\"utf-8\"><\/script><\/p>\n","protected":false},"excerpt":{"rendered":"<p>VTT CHAMPIONNATS DU MONDE 2024 &#8211; Ce mercredi, le Fran\u00e7ais J\u00e9r\u00f4me Gilloux a d\u00e9croch\u00e9 un troisi\u00e8me titre mondial en VTTAE (VTT \u00e0 assistance \u00e9lectrique).<\/p>\n","protected":false},"author":4,"featured_media":515471,"comment_status":"open","ping_status":"closed","sticky":false,"template":"","format":"standard","meta":{"_acf_changed":false,"_daextam_enable_autolinks":"1","footnotes":""},"categories":[10279],"tags":[16878],"class_list":["post-515441","post","type-post","status-publish","format-standard","has-post-thumbnail","hentry","category-vtt","tag-breve"],"acf":[],"yoast_head":"<!-- This site is optimized with the Yoast SEO Premium plugin v26.7 (Yoast SEO v26.7) - https:\/\/yoast.com\/wordpress\/plugins\/seo\/ -->\n<title>Mondiaux VTT 2024 : J\u00e9r\u00f4me Gilloux d\u00e9croche un 3\u00e8me titre mondial en VTTAE<\/title>\n<meta name=\"description\" content=\"VTT CHAMPIONNATS DU MONDE 2024 - Ce mercredi, le Fran\u00e7ais J\u00e9r\u00f4me Gilloux a d\u00e9croch\u00e9 un troisi\u00e8me titre mondial en VTTAE (VTT \u00e0 assistance \u00e9lectrique).\" \/>\n<meta name=\"robots\" content=\"index, follow, max-snippet:-1, max-image-preview:large, max-video-preview:-1\" \/>\n<link rel=\"canonical\" href=\"https:\/\/dicodusport.fr\/blog\/mondiaux-vtt-2024-jerome-gilloux-decroche-un-3eme-titre-mondial-en-vttae\/\" \/>\n<meta property=\"og:locale\" content=\"fr_FR\" \/>\n<meta property=\"og:type\" content=\"article\" \/>\n<meta property=\"og:title\" content=\"Mondiaux VTT 2024 : J\u00e9r\u00f4me Gilloux d\u00e9croche un 3\u00e8me titre mondial en VTTAE\" \/>\n<meta property=\"og:description\" content=\"VTT CHAMPIONNATS DU MONDE 2024 - Ce mercredi, le Fran\u00e7ais J\u00e9r\u00f4me Gilloux a d\u00e9croch\u00e9 un troisi\u00e8me titre mondial en VTTAE (VTT \u00e0 assistance \u00e9lectrique).\" \/>\n<meta property=\"og:url\" content=\"https:\/\/dicodusport.fr\/blog\/mondiaux-vtt-2024-jerome-gilloux-decroche-un-3eme-titre-mondial-en-vttae\/\" \/>\n<meta property=\"og:site_name\" content=\"Dicodusport\" \/>\n<meta property=\"article:publisher\" content=\"https:\/\/www.facebook.com\/dicodusport\" \/>\n<meta property=\"article:author\" content=\"https:\/\/www.facebook.com\/florent.ostermann\" \/>\n<meta property=\"article:published_time\" content=\"2024-08-28T14:03:46+00:00\" \/>\n<meta property=\"article:modified_time\" content=\"2024-08-28T15:06:06+00:00\" \/>\n<meta property=\"og:image\" content=\"https:\/\/dicodusport.fr\/blog\/wp-content\/uploads\/2024\/08\/Mondiaux-VTT-2024-Jerome-Gilloux-decroche-un-3eme-titre-mondial-en-VTTAE-1.png\" \/>\n\t<meta property=\"og:image:width\" content=\"1200\" \/>\n\t<meta property=\"og:image:height\" content=\"674\" \/>\n\t<meta property=\"og:image:type\" content=\"image\/png\" \/>\n<meta name=\"author\" content=\"Flo Ostermann\" \/>\n<meta name=\"twitter:card\" content=\"summary_large_image\" \/>\n<meta name=\"twitter:title\" content=\"Mondiaux VTT 2024 : J\u00e9r\u00f4me Gilloux d\u00e9croche un 3\u00e8me titre mondial en VTTAE\" \/>\n<meta name=\"twitter:creator\" content=\"@https:\/\/twitter.com\/FlOstermann\" \/>\n<meta name=\"twitter:site\" content=\"@dicodusport\" \/>\n<script type=\"application\/ld+json\" class=\"yoast-schema-graph\">{\"@context\":\"https:\/\/schema.org\",\"@graph\":[{\"@type\":\"NewsArticle\",\"@id\":\"https:\/\/dicodusport.fr\/blog\/mondiaux-vtt-2024-jerome-gilloux-decroche-un-3eme-titre-mondial-en-vttae\/#article\",\"isPartOf\":{\"@id\":\"https:\/\/dicodusport.fr\/blog\/mondiaux-vtt-2024-jerome-gilloux-decroche-un-3eme-titre-mondial-en-vttae\/\"},\"author\":{\"name\":\"Flo Ostermann\",\"@id\":\"https:\/\/dicodusport.fr\/blog\/#\/schema\/person\/cb02af4c173ce4a653b55e9baf388d4a\"},\"headline\":\"Mondiaux VTT 2024 : J\u00e9r\u00f4me Gilloux d\u00e9croche un 3\u00e8me titre mondial en VTTAE\",\"datePublished\":\"2024-08-28T14:03:46+00:00\",\"dateModified\":\"2024-08-28T15:06:06+00:00\",\"mainEntityOfPage\":{\"@id\":\"https:\/\/dicodusport.fr\/blog\/mondiaux-vtt-2024-jerome-gilloux-decroche-un-3eme-titre-mondial-en-vttae\/\"},\"wordCount\":305,\"commentCount\":0,\"publisher\":{\"@id\":\"https:\/\/dicodusport.fr\/blog\/#organization\"},\"image\":{\"@id\":\"https:\/\/dicodusport.fr\/blog\/mondiaux-vtt-2024-jerome-gilloux-decroche-un-3eme-titre-mondial-en-vttae\/#primaryimage\"},\"thumbnailUrl\":\"https:\/\/dicodusport.fr\/blog\/wp-content\/uploads\/2024\/08\/Mondiaux-VTT-2024-Jerome-Gilloux-decroche-un-3eme-titre-mondial-en-VTTAE-1.png\",\"keywords\":[\"br\u00e8ve\"],\"articleSection\":[\"VTT\"],\"inLanguage\":\"fr-FR\",\"potentialAction\":[{\"@type\":\"CommentAction\",\"name\":\"Comment\",\"target\":[\"https:\/\/dicodusport.fr\/blog\/mondiaux-vtt-2024-jerome-gilloux-decroche-un-3eme-titre-mondial-en-vttae\/#respond\"]}],\"copyrightYear\":\"2024\",\"copyrightHolder\":{\"@id\":\"https:\/\/dicodusport.fr\/blog\/#organization\"}},{\"@type\":\"WebPage\",\"@id\":\"https:\/\/dicodusport.fr\/blog\/mondiaux-vtt-2024-jerome-gilloux-decroche-un-3eme-titre-mondial-en-vttae\/\",\"url\":\"https:\/\/dicodusport.fr\/blog\/mondiaux-vtt-2024-jerome-gilloux-decroche-un-3eme-titre-mondial-en-vttae\/\",\"name\":\"Mondiaux VTT 2024 : J\u00e9r\u00f4me Gilloux d\u00e9croche un 3\u00e8me titre mondial en VTTAE\",\"isPartOf\":{\"@id\":\"https:\/\/dicodusport.fr\/blog\/#website\"},\"primaryImageOfPage\":{\"@id\":\"https:\/\/dicodusport.fr\/blog\/mondiaux-vtt-2024-jerome-gilloux-decroche-un-3eme-titre-mondial-en-vttae\/#primaryimage\"},\"image\":{\"@id\":\"https:\/\/dicodusport.fr\/blog\/mondiaux-vtt-2024-jerome-gilloux-decroche-un-3eme-titre-mondial-en-vttae\/#primaryimage\"},\"thumbnailUrl\":\"https:\/\/dicodusport.fr\/blog\/wp-content\/uploads\/2024\/08\/Mondiaux-VTT-2024-Jerome-Gilloux-decroche-un-3eme-titre-mondial-en-VTTAE-1.png\",\"datePublished\":\"2024-08-28T14:03:46+00:00\",\"dateModified\":\"2024-08-28T15:06:06+00:00\",\"description\":\"VTT CHAMPIONNATS DU MONDE 2024 - Ce mercredi, le Fran\u00e7ais J\u00e9r\u00f4me Gilloux a d\u00e9croch\u00e9 un troisi\u00e8me titre mondial en VTTAE (VTT \u00e0 assistance \u00e9lectrique).\",\"breadcrumb\":{\"@id\":\"https:\/\/dicodusport.fr\/blog\/mondiaux-vtt-2024-jerome-gilloux-decroche-un-3eme-titre-mondial-en-vttae\/#breadcrumb\"},\"inLanguage\":\"fr-FR\",\"potentialAction\":[{\"@type\":\"ReadAction\",\"target\":[\"https:\/\/dicodusport.fr\/blog\/mondiaux-vtt-2024-jerome-gilloux-decroche-un-3eme-titre-mondial-en-vttae\/\"]}]},{\"@type\":\"ImageObject\",\"inLanguage\":\"fr-FR\",\"@id\":\"https:\/\/dicodusport.fr\/blog\/mondiaux-vtt-2024-jerome-gilloux-decroche-un-3eme-titre-mondial-en-vttae\/#primaryimage\",\"url\":\"https:\/\/dicodusport.fr\/blog\/wp-content\/uploads\/2024\/08\/Mondiaux-VTT-2024-Jerome-Gilloux-decroche-un-3eme-titre-mondial-en-VTTAE-1.png\",\"contentUrl\":\"https:\/\/dicodusport.fr\/blog\/wp-content\/uploads\/2024\/08\/Mondiaux-VTT-2024-Jerome-Gilloux-decroche-un-3eme-titre-mondial-en-VTTAE-1.png\",\"width\":1200,\"height\":674,\"caption\":\"Mondiaux VTT 2024 J\u00e9r\u00f4me Gilloux d\u00e9croche un 3\u00e8me titre mondial en VTTAE (1)\"},{\"@type\":\"BreadcrumbList\",\"@id\":\"https:\/\/dicodusport.fr\/blog\/mondiaux-vtt-2024-jerome-gilloux-decroche-un-3eme-titre-mondial-en-vttae\/#breadcrumb\",\"itemListElement\":[{\"@type\":\"ListItem\",\"position\":1,\"name\":\"Accueil\",\"item\":\"https:\/\/dicodusport.fr\/blog\/\"},{\"@type\":\"ListItem\",\"position\":2,\"name\":\"Mondiaux VTT 2024 : J\u00e9r\u00f4me Gilloux d\u00e9croche un 3\u00e8me titre mondial en VTTAE\"}]},{\"@type\":\"WebSite\",\"@id\":\"https:\/\/dicodusport.fr\/blog\/#website\",\"url\":\"https:\/\/dicodusport.fr\/blog\/\",\"name\":\"Dicodusport\",\"description\":\"L&#039;encyclop\u00e9die de l&#039;actualit\u00e9 sportive\",\"publisher\":{\"@id\":\"https:\/\/dicodusport.fr\/blog\/#organization\"},\"potentialAction\":[{\"@type\":\"SearchAction\",\"target\":{\"@type\":\"EntryPoint\",\"urlTemplate\":\"https:\/\/dicodusport.fr\/blog\/?s={search_term_string}\"},\"query-input\":{\"@type\":\"PropertyValueSpecification\",\"valueRequired\":true,\"valueName\":\"search_term_string\"}}],\"inLanguage\":\"fr-FR\"},{\"@type\":\"NewsMediaOrganization\",\"@id\":\"https:\/\/dicodusport.fr\/blog\/#organization\",\"name\":\"Dicodusport\",\"url\":\"https:\/\/dicodusport.fr\/blog\/\",\"logo\":{\"@type\":\"ImageObject\",\"inLanguage\":\"fr-FR\",\"@id\":\"https:\/\/dicodusport.fr\/blog\/#\/schema\/logo\/image\/\",\"url\":\"https:\/\/dicodusport.fr\/blog\/wp-content\/uploads\/2020\/06\/cropped-LOGO-DICODUSPORT-2020-SANS-FOND-SANS-TEXTE.png\",\"contentUrl\":\"https:\/\/dicodusport.fr\/blog\/wp-content\/uploads\/2020\/06\/cropped-LOGO-DICODUSPORT-2020-SANS-FOND-SANS-TEXTE.png\",\"width\":512,\"height\":512,\"caption\":\"Dicodusport\"},\"image\":{\"@id\":\"https:\/\/dicodusport.fr\/blog\/#\/schema\/logo\/image\/\"},\"sameAs\":[\"https:\/\/www.facebook.com\/dicodusport\",\"https:\/\/x.com\/dicodusport\",\"https:\/\/www.instagram.com\/dicodusport\/\",\"https:\/\/www.youtube.com\/channel\/UC7V2KZ5sd3htJivAbA4ZG3w\"],\"description\":\"Dicodusport est l'encyclop\u00e9die de l'actualit\u00e9 sportive.\",\"email\":\"bonjour@dicodusport.fr\",\"legalName\":\"DICODUSPORT\",\"foundingDate\":\"2018-01-14\",\"vatID\":\"FR71834470973\",\"taxID\":\"83447097300043\",\"numberOfEmployees\":{\"@type\":\"QuantitativeValue\",\"minValue\":\"1\",\"maxValue\":\"10\"}},{\"@type\":\"Person\",\"@id\":\"https:\/\/dicodusport.fr\/blog\/#\/schema\/person\/cb02af4c173ce4a653b55e9baf388d4a\",\"name\":\"Flo Ostermann\",\"image\":{\"@type\":\"ImageObject\",\"inLanguage\":\"fr-FR\",\"@id\":\"https:\/\/dicodusport.fr\/blog\/#\/schema\/person\/image\/\",\"url\":\"https:\/\/dicodusport.fr\/blog\/wp-content\/uploads\/2021\/05\/Flo-Ostermann-150x150.jpg\",\"contentUrl\":\"https:\/\/dicodusport.fr\/blog\/wp-content\/uploads\/2021\/05\/Flo-Ostermann-150x150.jpg\",\"caption\":\"Flo Ostermann\"},\"description\":\"Journaliste\/R\u00e9dacteur depuis septembre 2015 - Mes premiers souvenirs dans le sport ? Les envol\u00e9es du Stade Toulousain et les duels Villeneuve-Schumacher et H\u00e4kkinen-Schumacher \u00e0 la fin des ann\u00e9es 90, la Coupe du monde de football en 1998, l\u2019exploit du XV de France face aux All Blacks en 1999, mais aussi Richard C\u0153ur de Lion qui vole sur les montagnes du Tour de France. Bien parti pour devenir professeur d\u2019EPS, les \u00e9v\u00e9nements de la vie (et la flemme d\u2019animer des s\u00e9ances de 3x500 m\u00e8tres toute ma vie) m\u2019ont conduit \u00e0 revoir mes plans. Me voil\u00e0 depuis fin 2017 sur Dicodusport, m\u00e9dia gr\u00e2ce (et pour) lequel je partage ma passion : le sport dans tous ses \u00e9tats. Le tout accompagn\u00e9 par les fous furieux et folles furieuses cit\u00e9s sur cette page !\",\"sameAs\":[\"https:\/\/www.facebook.com\/florent.ostermann\",\"https:\/\/x.com\/https:\/\/twitter.com\/FlOstermann\",\"admin\"],\"url\":\"https:\/\/dicodusport.fr\/blog\/author\/flo\/\"}]}<\/script>\n<!-- \/ Yoast SEO Premium plugin. -->","yoast_head_json":{"title":"Mondiaux VTT 2024 : J\u00e9r\u00f4me Gilloux d\u00e9croche un 3\u00e8me titre mondial en VTTAE","description":"VTT CHAMPIONNATS DU MONDE 2024 - Ce mercredi, le Fran\u00e7ais J\u00e9r\u00f4me Gilloux a d\u00e9croch\u00e9 un troisi\u00e8me titre mondial en VTTAE (VTT \u00e0 assistance \u00e9lectrique).","robots":{"index":"index","follow":"follow","max-snippet":"max-snippet:-1","max-image-preview":"max-image-preview:large","max-video-preview":"max-video-preview:-1"},"canonical":"https:\/\/dicodusport.fr\/blog\/mondiaux-vtt-2024-jerome-gilloux-decroche-un-3eme-titre-mondial-en-vttae\/","og_locale":"fr_FR","og_type":"article","og_title":"Mondiaux VTT 2024 : J\u00e9r\u00f4me Gilloux d\u00e9croche un 3\u00e8me titre mondial en VTTAE","og_description":"VTT CHAMPIONNATS DU MONDE 2024 - Ce mercredi, le Fran\u00e7ais J\u00e9r\u00f4me Gilloux a d\u00e9croch\u00e9 un troisi\u00e8me titre mondial en VTTAE (VTT \u00e0 assistance \u00e9lectrique).","og_url":"https:\/\/dicodusport.fr\/blog\/mondiaux-vtt-2024-jerome-gilloux-decroche-un-3eme-titre-mondial-en-vttae\/","og_site_name":"Dicodusport","article_publisher":"https:\/\/www.facebook.com\/dicodusport","article_author":"https:\/\/www.facebook.com\/florent.ostermann","article_published_time":"2024-08-28T14:03:46+00:00","article_modified_time":"2024-08-28T15:06:06+00:00","og_image":[{"width":1200,"height":674,"url":"https:\/\/dicodusport.fr\/blog\/wp-content\/uploads\/2024\/08\/Mondiaux-VTT-2024-Jerome-Gilloux-decroche-un-3eme-titre-mondial-en-VTTAE-1.png","type":"image\/png"}],"author":"Flo Ostermann","twitter_card":"summary_large_image","twitter_title":"Mondiaux VTT 2024 : J\u00e9r\u00f4me Gilloux d\u00e9croche un 3\u00e8me titre mondial en VTTAE","twitter_creator":"@https:\/\/twitter.com\/FlOstermann","twitter_site":"@dicodusport","schema":{"@context":"https:\/\/schema.org","@graph":[{"@type":"NewsArticle","@id":"https:\/\/dicodusport.fr\/blog\/mondiaux-vtt-2024-jerome-gilloux-decroche-un-3eme-titre-mondial-en-vttae\/#article","isPartOf":{"@id":"https:\/\/dicodusport.fr\/blog\/mondiaux-vtt-2024-jerome-gilloux-decroche-un-3eme-titre-mondial-en-vttae\/"},"author":{"name":"Flo Ostermann","@id":"https:\/\/dicodusport.fr\/blog\/#\/schema\/person\/cb02af4c173ce4a653b55e9baf388d4a"},"headline":"Mondiaux VTT 2024 : J\u00e9r\u00f4me Gilloux d\u00e9croche un 3\u00e8me titre mondial en VTTAE","datePublished":"2024-08-28T14:03:46+00:00","dateModified":"2024-08-28T15:06:06+00:00","mainEntityOfPage":{"@id":"https:\/\/dicodusport.fr\/blog\/mondiaux-vtt-2024-jerome-gilloux-decroche-un-3eme-titre-mondial-en-vttae\/"},"wordCount":305,"commentCount":0,"publisher":{"@id":"https:\/\/dicodusport.fr\/blog\/#organization"},"image":{"@id":"https:\/\/dicodusport.fr\/blog\/mondiaux-vtt-2024-jerome-gilloux-decroche-un-3eme-titre-mondial-en-vttae\/#primaryimage"},"thumbnailUrl":"https:\/\/dicodusport.fr\/blog\/wp-content\/uploads\/2024\/08\/Mondiaux-VTT-2024-Jerome-Gilloux-decroche-un-3eme-titre-mondial-en-VTTAE-1.png","keywords":["br\u00e8ve"],"articleSection":["VTT"],"inLanguage":"fr-FR","potentialAction":[{"@type":"CommentAction","name":"Comment","target":["https:\/\/dicodusport.fr\/blog\/mondiaux-vtt-2024-jerome-gilloux-decroche-un-3eme-titre-mondial-en-vttae\/#respond"]}],"copyrightYear":"2024","copyrightHolder":{"@id":"https:\/\/dicodusport.fr\/blog\/#organization"}},{"@type":"WebPage","@id":"https:\/\/dicodusport.fr\/blog\/mondiaux-vtt-2024-jerome-gilloux-decroche-un-3eme-titre-mondial-en-vttae\/","url":"https:\/\/dicodusport.fr\/blog\/mondiaux-vtt-2024-jerome-gilloux-decroche-un-3eme-titre-mondial-en-vttae\/","name":"Mondiaux VTT 2024 : J\u00e9r\u00f4me Gilloux d\u00e9croche un 3\u00e8me titre mondial en VTTAE","isPartOf":{"@id":"https:\/\/dicodusport.fr\/blog\/#website"},"primaryImageOfPage":{"@id":"https:\/\/dicodusport.fr\/blog\/mondiaux-vtt-2024-jerome-gilloux-decroche-un-3eme-titre-mondial-en-vttae\/#primaryimage"},"image":{"@id":"https:\/\/dicodusport.fr\/blog\/mondiaux-vtt-2024-jerome-gilloux-decroche-un-3eme-titre-mondial-en-vttae\/#primaryimage"},"thumbnailUrl":"https:\/\/dicodusport.fr\/blog\/wp-content\/uploads\/2024\/08\/Mondiaux-VTT-2024-Jerome-Gilloux-decroche-un-3eme-titre-mondial-en-VTTAE-1.png","datePublished":"2024-08-28T14:03:46+00:00","dateModified":"2024-08-28T15:06:06+00:00","description":"VTT CHAMPIONNATS DU MONDE 2024 - Ce mercredi, le Fran\u00e7ais J\u00e9r\u00f4me Gilloux a d\u00e9croch\u00e9 un troisi\u00e8me titre mondial en VTTAE (VTT \u00e0 assistance \u00e9lectrique).","breadcrumb":{"@id":"https:\/\/dicodusport.fr\/blog\/mondiaux-vtt-2024-jerome-gilloux-decroche-un-3eme-titre-mondial-en-vttae\/#breadcrumb"},"inLanguage":"fr-FR","potentialAction":[{"@type":"ReadAction","target":["https:\/\/dicodusport.fr\/blog\/mondiaux-vtt-2024-jerome-gilloux-decroche-un-3eme-titre-mondial-en-vttae\/"]}]},{"@type":"ImageObject","inLanguage":"fr-FR","@id":"https:\/\/dicodusport.fr\/blog\/mondiaux-vtt-2024-jerome-gilloux-decroche-un-3eme-titre-mondial-en-vttae\/#primaryimage","url":"https:\/\/dicodusport.fr\/blog\/wp-content\/uploads\/2024\/08\/Mondiaux-VTT-2024-Jerome-Gilloux-decroche-un-3eme-titre-mondial-en-VTTAE-1.png","contentUrl":"https:\/\/dicodusport.fr\/blog\/wp-content\/uploads\/2024\/08\/Mondiaux-VTT-2024-Jerome-Gilloux-decroche-un-3eme-titre-mondial-en-VTTAE-1.png","width":1200,"height":674,"caption":"Mondiaux VTT 2024 J\u00e9r\u00f4me Gilloux d\u00e9croche un 3\u00e8me titre mondial en VTTAE (1)"},{"@type":"BreadcrumbList","@id":"https:\/\/dicodusport.fr\/blog\/mondiaux-vtt-2024-jerome-gilloux-decroche-un-3eme-titre-mondial-en-vttae\/#breadcrumb","itemListElement":[{"@type":"ListItem","position":1,"name":"Accueil","item":"https:\/\/dicodusport.fr\/blog\/"},{"@type":"ListItem","position":2,"name":"Mondiaux VTT 2024 : J\u00e9r\u00f4me Gilloux d\u00e9croche un 3\u00e8me titre mondial en VTTAE"}]},{"@type":"WebSite","@id":"https:\/\/dicodusport.fr\/blog\/#website","url":"https:\/\/dicodusport.fr\/blog\/","name":"Dicodusport","description":"L&#039;encyclop\u00e9die de l&#039;actualit\u00e9 sportive","publisher":{"@id":"https:\/\/dicodusport.fr\/blog\/#organization"},"potentialAction":[{"@type":"SearchAction","target":{"@type":"EntryPoint","urlTemplate":"https:\/\/dicodusport.fr\/blog\/?s={search_term_string}"},"query-input":{"@type":"PropertyValueSpecification","valueRequired":true,"valueName":"search_term_string"}}],"inLanguage":"fr-FR"},{"@type":"NewsMediaOrganization","@id":"https:\/\/dicodusport.fr\/blog\/#organization","name":"Dicodusport","url":"https:\/\/dicodusport.fr\/blog\/","logo":{"@type":"ImageObject","inLanguage":"fr-FR","@id":"https:\/\/dicodusport.fr\/blog\/#\/schema\/logo\/image\/","url":"https:\/\/dicodusport.fr\/blog\/wp-content\/uploads\/2020\/06\/cropped-LOGO-DICODUSPORT-2020-SANS-FOND-SANS-TEXTE.png","contentUrl":"https:\/\/dicodusport.fr\/blog\/wp-content\/uploads\/2020\/06\/cropped-LOGO-DICODUSPORT-2020-SANS-FOND-SANS-TEXTE.png","width":512,"height":512,"caption":"Dicodusport"},"image":{"@id":"https:\/\/dicodusport.fr\/blog\/#\/schema\/logo\/image\/"},"sameAs":["https:\/\/www.facebook.com\/dicodusport","https:\/\/x.com\/dicodusport","https:\/\/www.instagram.com\/dicodusport\/","https:\/\/www.youtube.com\/channel\/UC7V2KZ5sd3htJivAbA4ZG3w"],"description":"Dicodusport est l'encyclop\u00e9die de l'actualit\u00e9 sportive.","email":"bonjour@dicodusport.fr","legalName":"DICODUSPORT","foundingDate":"2018-01-14","vatID":"FR71834470973","taxID":"83447097300043","numberOfEmployees":{"@type":"QuantitativeValue","minValue":"1","maxValue":"10"}},{"@type":"Person","@id":"https:\/\/dicodusport.fr\/blog\/#\/schema\/person\/cb02af4c173ce4a653b55e9baf388d4a","name":"Flo Ostermann","image":{"@type":"ImageObject","inLanguage":"fr-FR","@id":"https:\/\/dicodusport.fr\/blog\/#\/schema\/person\/image\/","url":"https:\/\/dicodusport.fr\/blog\/wp-content\/uploads\/2021\/05\/Flo-Ostermann-150x150.jpg","contentUrl":"https:\/\/dicodusport.fr\/blog\/wp-content\/uploads\/2021\/05\/Flo-Ostermann-150x150.jpg","caption":"Flo Ostermann"},"description":"Journaliste\/R\u00e9dacteur depuis septembre 2015 - Mes premiers souvenirs dans le sport ? Les envol\u00e9es du Stade Toulousain et les duels Villeneuve-Schumacher et H\u00e4kkinen-Schumacher \u00e0 la fin des ann\u00e9es 90, la Coupe du monde de football en 1998, l\u2019exploit du XV de France face aux All Blacks en 1999, mais aussi Richard C\u0153ur de Lion qui vole sur les montagnes du Tour de France. Bien parti pour devenir professeur d\u2019EPS, les \u00e9v\u00e9nements de la vie (et la flemme d\u2019animer des s\u00e9ances de 3x500 m\u00e8tres toute ma vie) m\u2019ont conduit \u00e0 revoir mes plans. Me voil\u00e0 depuis fin 2017 sur Dicodusport, m\u00e9dia gr\u00e2ce (et pour) lequel je partage ma passion : le sport dans tous ses \u00e9tats. Le tout accompagn\u00e9 par les fous furieux et folles furieuses cit\u00e9s sur cette page !","sameAs":["https:\/\/www.facebook.com\/florent.ostermann","https:\/\/x.com\/https:\/\/twitter.com\/FlOstermann","admin"],"url":"https:\/\/dicodusport.fr\/blog\/author\/flo\/"}]}},"_links":{"self":[{"href":"https:\/\/dicodusport.fr\/blog\/wp-json\/wp\/v2\/posts\/515441","targetHints":{"allow":["GET"]}}],"collection":[{"href":"https:\/\/dicodusport.fr\/blog\/wp-json\/wp\/v2\/posts"}],"about":[{"href":"https:\/\/dicodusport.fr\/blog\/wp-json\/wp\/v2\/types\/post"}],"author":[{"embeddable":true,"href":"https:\/\/dicodusport.fr\/blog\/wp-json\/wp\/v2\/users\/4"}],"replies":[{"embeddable":true,"href":"https:\/\/dicodusport.fr\/blog\/wp-json\/wp\/v2\/comments?post=515441"}],"version-history":[{"count":5,"href":"https:\/\/dicodusport.fr\/blog\/wp-json\/wp\/v2\/posts\/515441\/revisions"}],"predecessor-version":[{"id":515459,"href":"https:\/\/dicodusport.fr\/blog\/wp-json\/wp\/v2\/posts\/515441\/revisions\/515459"}],"wp:featuredmedia":[{"embeddable":true,"href":"https:\/\/dicodusport.fr\/blog\/wp-json\/wp\/v2\/media\/515471"}],"wp:attachment":[{"href":"https:\/\/dicodusport.fr\/blog\/wp-json\/wp\/v2\/media?parent=515441"}],"wp:term":[{"taxonomy":"category","embeddable":true,"href":"https:\/\/dicodusport.fr\/blog\/wp-json\/wp\/v2\/categories?post=515441"},{"taxonomy":"post_tag","embeddable":true,"href":"https:\/\/dicodusport.fr\/blog\/wp-json\/wp\/v2\/tags?post=515441"}],"curies":[{"name":"wp","href":"https:\/\/api.w.org\/{rel}","templated":true}]}}