{"id":51600,"date":"2019-10-16T16:59:49","date_gmt":"2019-10-16T14:59:49","guid":{"rendered":"http:\/\/dicodusport.fr\/blog\/?p=51600&#038;preview=true&#038;preview_id=51600"},"modified":"2019-10-16T17:47:22","modified_gmt":"2019-10-16T15:47:22","slug":"rudi-garcia-a-lolympique-lyonnais-a-double-ou-double","status":"publish","type":"post","link":"https:\/\/dicodusport.fr\/blog\/rudi-garcia-a-lolympique-lyonnais-a-double-ou-double\/","title":{"rendered":"Rudi Garcia \u00e0 l&rsquo;Olympique Lyonnais, \u00e0 double ou double !"},"content":{"rendered":"<p style=\"text-align: justify;\"><em><strong>Le duo Juninho\/Jean-Michel Aulas a d\u00e9cid\u00e9 de faire confiance \u00e0 Rudi Garcia pour prendre les commandes de l&rsquo;Olympique Lyonnais.<\/strong><\/em><\/p>\n<p style=\"text-align: justify;\">La mise \u00e0 l&rsquo;\u00e9cart de Sylvinho a command\u00e9 une situation d&rsquo;urgence et Jean-Michel Aulas, assist\u00e9 de son nouvel homme de confiance Juninho, pourrait bien avoir r\u00e9alis\u00e9 un nouveau coup de ma\u00eetre. Ce n&rsquo;est un secret pour personne, le pr\u00e9sident lyonnais a souvent eu un coup d&rsquo;avance et c&rsquo;est ce qui lui a permis de hisser son club o\u00f9 il est aujourd&rsquo;hui. Malgr\u00e9 un pass\u00e9 compliqu\u00e9 avec Rudi Garcia et notamment lors de son passage \u00e0 l&rsquo;Olympique de Marseille, Jean-Michel Aulas n&rsquo;a pas h\u00e9sit\u00e9 \u00e0 en faire son nouvel homme fort \u00e0 la t\u00eate de son \u00e9quipe.<\/p>\n<p style=\"text-align: justify;\">Mais l&rsquo;homme d&rsquo;affaires lyonnais est malin, Rudi Garcia rejoint son club \u00e0 ses conditions : un staff restreint avec un seul adjoint par rapport \u00e0 celui bien plus cons\u00e9quent \u00e0 Marseille et un contrat d&rsquo;un an et demi seulement. Un investissement moindre pour le club lyonnais par rapport au dernier contrat qu&rsquo;avait sign\u00e9 Rudi Garcia et son staff avec son pr\u00e9c\u00e9dent employeur. Le nouveau coach lyonnais sera tr\u00e8s attendu par les supporters qui n&rsquo;ont que tr\u00e8s peu appr\u00e9ci\u00e9 sa nomination \u00e0 la t\u00eate de leur \u00e9quipe f\u00e9tiche.<\/p>\n<p style=\"text-align: justify;\">L\u00e0 encore, Jean-Michel Aulas et son nouveau complice \u00ab\u00a0Juni\u00a0\u00bb comme il aime l&rsquo;appeler, ont d\u00e9j\u00e0 tout pr\u00e9vu. Dans le cas o\u00f9 la mayonnaise ne prendrait pas, il pourra vite r\u00e9agir et mettre sur la touche, \u00e0 moindre co\u00fbt, Rudi Garcia et son adjoint. Un grand nom pour le remplacer et les supporters auront vite oubli\u00e9 cette mauvaise passe. A l&rsquo;inverse si l&rsquo;Olympique Lyonnais\u00a0 devient une machine de guerre, il sera une nouvelle fois mis en avant pour la justesse de son choix. Vous l&rsquo;aurez compris dans les deux cas, le pr\u00e9sident de l&rsquo;Olympique Lyonnais gagne ou presque !<\/p>\n<p style=\"text-align: justify;\"><strong><em>Dicodusport<br \/>\n<a href=\"https:\/\/www.facebook.com\/dicodusport\/\" target=\"_blank\" rel=\"noopener\"><img loading=\"lazy\" decoding=\"async\" class=\"alignnone wp-image-2909\" src=\"http:\/\/dicodusport.fr\/blog\/wp-content\/uploads\/2017\/07\/logo-facebook-150x150.png\" alt=\"\" width=\"40\" height=\"40\" \/><\/a><a href=\"https:\/\/twitter.com\/dicodusport\" target=\"_blank\" rel=\"noopener\"><img loading=\"lazy\" decoding=\"async\" class=\"alignnone wp-image-2908\" src=\"http:\/\/dicodusport.fr\/blog\/wp-content\/uploads\/2017\/07\/logo-twitter-150x150.png\" alt=\"\" width=\"39\" height=\"39\" \/><\/a><\/em><\/strong><\/p>\n","protected":false},"excerpt":{"rendered":"<p>Le duo Juninho\/Jean-Michel Aulas a d\u00e9cid\u00e9 de faire confiance \u00e0 Rudi Garcia pour prendre les commandes de l&rsquo;Olympique Lyonnais.<\/p>\n","protected":false},"author":1,"featured_media":51603,"comment_status":"open","ping_status":"closed","sticky":false,"template":"","format":"standard","meta":{"_acf_changed":false,"_daextam_enable_autolinks":"","footnotes":""},"categories":[2301],"tags":[2734,75,1618,2845,1146],"class_list":["post-51600","post","type-post","status-publish","format-standard","has-post-thumbnail","hentry","category-football","tag-aulas","tag-football","tag-garcia","tag-jean-michel-aulas","tag-olympique-lyonnais"],"acf":[],"yoast_head":"<!-- This site is optimized with the Yoast SEO Premium plugin v26.7 (Yoast SEO v26.7) - https:\/\/yoast.com\/wordpress\/plugins\/seo\/ -->\n<title>Rudi Garcia \u00e0 l&#039;Olympique Lyonnais, \u00e0 double ou double !<\/title>\n<meta name=\"description\" content=\"Le duo Juninho\/Jean-Michel Aulas a d\u00e9cid\u00e9 de faire confiance \u00e0 Rudi Garcia pour prendre les commandes de l&#039;Olympique Lyonnais.\" \/>\n<meta name=\"robots\" content=\"index, follow, max-snippet:-1, max-image-preview:large, max-video-preview:-1\" \/>\n<link rel=\"canonical\" href=\"https:\/\/dicodusport.fr\/blog\/rudi-garcia-a-lolympique-lyonnais-a-double-ou-double\/\" \/>\n<meta property=\"og:locale\" content=\"fr_FR\" \/>\n<meta property=\"og:type\" content=\"article\" \/>\n<meta property=\"og:title\" content=\"Rudi Garcia \u00e0 l&#039;Olympique Lyonnais, \u00e0 double ou double\" \/>\n<meta property=\"og:description\" content=\"Le duo Juninho\/Jean-Michel Aulas a d\u00e9cid\u00e9 de faire confiance \u00e0 Rudi Garcia pour prendre les commandes de l&#039;Olympique Lyonnais.\" \/>\n<meta property=\"og:url\" content=\"https:\/\/dicodusport.fr\/blog\/rudi-garcia-a-lolympique-lyonnais-a-double-ou-double\/\" \/>\n<meta property=\"og:site_name\" content=\"Dicodusport\" \/>\n<meta property=\"article:publisher\" content=\"https:\/\/www.facebook.com\/dicodusport\" \/>\n<meta property=\"article:author\" content=\"https:\/\/www.facebook.com\/dicodusport\" \/>\n<meta property=\"article:published_time\" content=\"2019-10-16T14:59:49+00:00\" \/>\n<meta property=\"article:modified_time\" content=\"2019-10-16T15:47:22+00:00\" \/>\n<meta property=\"og:image\" content=\"https:\/\/dicodusport.fr\/blog\/wp-content\/uploads\/2019\/10\/Garcia-Aulas.png\" \/>\n\t<meta property=\"og:image:width\" content=\"800\" \/>\n\t<meta property=\"og:image:height\" content=\"445\" \/>\n\t<meta property=\"og:image:type\" content=\"image\/png\" \/>\n<meta name=\"author\" content=\"Nicolas Jacquemard\" \/>\n<meta name=\"twitter:card\" content=\"summary_large_image\" \/>\n<meta name=\"twitter:title\" content=\"Rudi Garcia \u00e0 l&#039;Olympique Lyonnais, \u00e0 double ou double\" \/>\n<meta name=\"twitter:creator\" content=\"@https:\/\/twitter.com\/Nico_Jacquemard\" \/>\n<meta name=\"twitter:site\" content=\"@dicodusport\" \/>\n<script type=\"application\/ld+json\" class=\"yoast-schema-graph\">{\"@context\":\"https:\/\/schema.org\",\"@graph\":[{\"@type\":\"NewsArticle\",\"@id\":\"https:\/\/dicodusport.fr\/blog\/rudi-garcia-a-lolympique-lyonnais-a-double-ou-double\/#article\",\"isPartOf\":{\"@id\":\"https:\/\/dicodusport.fr\/blog\/rudi-garcia-a-lolympique-lyonnais-a-double-ou-double\/\"},\"author\":{\"name\":\"Nicolas Jacquemard\",\"@id\":\"https:\/\/dicodusport.fr\/blog\/#\/schema\/person\/55dcb50ad410894e431ed812bbb70191\"},\"headline\":\"Rudi Garcia \u00e0 l&rsquo;Olympique Lyonnais, \u00e0 double ou double !\",\"datePublished\":\"2019-10-16T14:59:49+00:00\",\"dateModified\":\"2019-10-16T15:47:22+00:00\",\"mainEntityOfPage\":{\"@id\":\"https:\/\/dicodusport.fr\/blog\/rudi-garcia-a-lolympique-lyonnais-a-double-ou-double\/\"},\"wordCount\":336,\"commentCount\":0,\"publisher\":{\"@id\":\"https:\/\/dicodusport.fr\/blog\/#organization\"},\"image\":{\"@id\":\"https:\/\/dicodusport.fr\/blog\/rudi-garcia-a-lolympique-lyonnais-a-double-ou-double\/#primaryimage\"},\"thumbnailUrl\":\"https:\/\/dicodusport.fr\/blog\/wp-content\/uploads\/2019\/10\/Garcia-Aulas.png\",\"keywords\":[\"Aulas\",\"Football\",\"Garcia\",\"Jean-Michel Aulas\",\"Olympique lyonnais\"],\"articleSection\":[\"Football\"],\"inLanguage\":\"fr-FR\",\"potentialAction\":[{\"@type\":\"CommentAction\",\"name\":\"Comment\",\"target\":[\"https:\/\/dicodusport.fr\/blog\/rudi-garcia-a-lolympique-lyonnais-a-double-ou-double\/#respond\"]}],\"copyrightYear\":\"2019\",\"copyrightHolder\":{\"@id\":\"https:\/\/dicodusport.fr\/blog\/#organization\"}},{\"@type\":\"WebPage\",\"@id\":\"https:\/\/dicodusport.fr\/blog\/rudi-garcia-a-lolympique-lyonnais-a-double-ou-double\/\",\"url\":\"https:\/\/dicodusport.fr\/blog\/rudi-garcia-a-lolympique-lyonnais-a-double-ou-double\/\",\"name\":\"Rudi Garcia \u00e0 l'Olympique Lyonnais, \u00e0 double ou double !\",\"isPartOf\":{\"@id\":\"https:\/\/dicodusport.fr\/blog\/#website\"},\"primaryImageOfPage\":{\"@id\":\"https:\/\/dicodusport.fr\/blog\/rudi-garcia-a-lolympique-lyonnais-a-double-ou-double\/#primaryimage\"},\"image\":{\"@id\":\"https:\/\/dicodusport.fr\/blog\/rudi-garcia-a-lolympique-lyonnais-a-double-ou-double\/#primaryimage\"},\"thumbnailUrl\":\"https:\/\/dicodusport.fr\/blog\/wp-content\/uploads\/2019\/10\/Garcia-Aulas.png\",\"datePublished\":\"2019-10-16T14:59:49+00:00\",\"dateModified\":\"2019-10-16T15:47:22+00:00\",\"description\":\"Le duo Juninho\/Jean-Michel Aulas a d\u00e9cid\u00e9 de faire confiance \u00e0 Rudi Garcia pour prendre les commandes de l'Olympique Lyonnais.\",\"breadcrumb\":{\"@id\":\"https:\/\/dicodusport.fr\/blog\/rudi-garcia-a-lolympique-lyonnais-a-double-ou-double\/#breadcrumb\"},\"inLanguage\":\"fr-FR\",\"potentialAction\":[{\"@type\":\"ReadAction\",\"target\":[\"https:\/\/dicodusport.fr\/blog\/rudi-garcia-a-lolympique-lyonnais-a-double-ou-double\/\"]}]},{\"@type\":\"ImageObject\",\"inLanguage\":\"fr-FR\",\"@id\":\"https:\/\/dicodusport.fr\/blog\/rudi-garcia-a-lolympique-lyonnais-a-double-ou-double\/#primaryimage\",\"url\":\"https:\/\/dicodusport.fr\/blog\/wp-content\/uploads\/2019\/10\/Garcia-Aulas.png\",\"contentUrl\":\"https:\/\/dicodusport.fr\/blog\/wp-content\/uploads\/2019\/10\/Garcia-Aulas.png\",\"width\":800,\"height\":445},{\"@type\":\"BreadcrumbList\",\"@id\":\"https:\/\/dicodusport.fr\/blog\/rudi-garcia-a-lolympique-lyonnais-a-double-ou-double\/#breadcrumb\",\"itemListElement\":[{\"@type\":\"ListItem\",\"position\":1,\"name\":\"Accueil\",\"item\":\"https:\/\/dicodusport.fr\/blog\/\"},{\"@type\":\"ListItem\",\"position\":2,\"name\":\"Rudi Garcia \u00e0 l&rsquo;Olympique Lyonnais, \u00e0 double ou double !\"}]},{\"@type\":\"WebSite\",\"@id\":\"https:\/\/dicodusport.fr\/blog\/#website\",\"url\":\"https:\/\/dicodusport.fr\/blog\/\",\"name\":\"Dicodusport\",\"description\":\"L&#039;encyclop\u00e9die de l&#039;actualit\u00e9 sportive\",\"publisher\":{\"@id\":\"https:\/\/dicodusport.fr\/blog\/#organization\"},\"potentialAction\":[{\"@type\":\"SearchAction\",\"target\":{\"@type\":\"EntryPoint\",\"urlTemplate\":\"https:\/\/dicodusport.fr\/blog\/?s={search_term_string}\"},\"query-input\":{\"@type\":\"PropertyValueSpecification\",\"valueRequired\":true,\"valueName\":\"search_term_string\"}}],\"inLanguage\":\"fr-FR\"},{\"@type\":\"NewsMediaOrganization\",\"@id\":\"https:\/\/dicodusport.fr\/blog\/#organization\",\"name\":\"Dicodusport\",\"url\":\"https:\/\/dicodusport.fr\/blog\/\",\"logo\":{\"@type\":\"ImageObject\",\"inLanguage\":\"fr-FR\",\"@id\":\"https:\/\/dicodusport.fr\/blog\/#\/schema\/logo\/image\/\",\"url\":\"https:\/\/dicodusport.fr\/blog\/wp-content\/uploads\/2020\/06\/cropped-LOGO-DICODUSPORT-2020-SANS-FOND-SANS-TEXTE.png\",\"contentUrl\":\"https:\/\/dicodusport.fr\/blog\/wp-content\/uploads\/2020\/06\/cropped-LOGO-DICODUSPORT-2020-SANS-FOND-SANS-TEXTE.png\",\"width\":512,\"height\":512,\"caption\":\"Dicodusport\"},\"image\":{\"@id\":\"https:\/\/dicodusport.fr\/blog\/#\/schema\/logo\/image\/\"},\"sameAs\":[\"https:\/\/www.facebook.com\/dicodusport\",\"https:\/\/x.com\/dicodusport\",\"https:\/\/www.instagram.com\/dicodusport\/\",\"https:\/\/www.youtube.com\/channel\/UC7V2KZ5sd3htJivAbA4ZG3w\"],\"description\":\"Dicodusport est l'encyclop\u00e9die de l'actualit\u00e9 sportive.\",\"email\":\"bonjour@dicodusport.fr\",\"legalName\":\"DICODUSPORT\",\"foundingDate\":\"2018-01-14\",\"vatID\":\"FR71834470973\",\"taxID\":\"83447097300043\",\"numberOfEmployees\":{\"@type\":\"QuantitativeValue\",\"minValue\":\"1\",\"maxValue\":\"10\"}},{\"@type\":\"Person\",\"@id\":\"https:\/\/dicodusport.fr\/blog\/#\/schema\/person\/55dcb50ad410894e431ed812bbb70191\",\"name\":\"Nicolas Jacquemard\",\"image\":{\"@type\":\"ImageObject\",\"inLanguage\":\"fr-FR\",\"@id\":\"https:\/\/dicodusport.fr\/blog\/#\/schema\/person\/image\/\",\"url\":\"https:\/\/dicodusport.fr\/blog\/wp-content\/uploads\/2021\/05\/Nicolas-Jacquemard-150x150.jpeg\",\"contentUrl\":\"https:\/\/dicodusport.fr\/blog\/wp-content\/uploads\/2021\/05\/Nicolas-Jacquemard-150x150.jpeg\",\"caption\":\"Nicolas Jacquemard\"},\"description\":\"Passionn\u00e9 de sport et entrepreneur depuis mes 18 ans, la cr\u00e9ation de Dicodusport m'a sembl\u00e9 \u00e9vidente pour participer \u00e0 la m\u00e9diatisation d'un plus grand nombre de sports. Le chemin est long mais avec une \u00e9quipe des plus motiv\u00e9es et les Jeux Olympiques de Paris 2024 en point de mire, nous y arriverons ! Journaliste dans le monde du sport depuis plus de 5 ans, je traite aussi bien de football, de rugby, de biathlon que de cyclisme.\",\"sameAs\":[\"https:\/\/www.facebook.com\/dicodusport\",\"https:\/\/x.com\/https:\/\/twitter.com\/Nico_Jacquemard\"],\"url\":\"https:\/\/dicodusport.fr\/blog\/author\/dicodusport\/\"}]}<\/script>\n<!-- \/ Yoast SEO Premium plugin. -->","yoast_head_json":{"title":"Rudi Garcia \u00e0 l'Olympique Lyonnais, \u00e0 double ou double !","description":"Le duo Juninho\/Jean-Michel Aulas a d\u00e9cid\u00e9 de faire confiance \u00e0 Rudi Garcia pour prendre les commandes de l'Olympique Lyonnais.","robots":{"index":"index","follow":"follow","max-snippet":"max-snippet:-1","max-image-preview":"max-image-preview:large","max-video-preview":"max-video-preview:-1"},"canonical":"https:\/\/dicodusport.fr\/blog\/rudi-garcia-a-lolympique-lyonnais-a-double-ou-double\/","og_locale":"fr_FR","og_type":"article","og_title":"Rudi Garcia \u00e0 l'Olympique Lyonnais, \u00e0 double ou double","og_description":"Le duo Juninho\/Jean-Michel Aulas a d\u00e9cid\u00e9 de faire confiance \u00e0 Rudi Garcia pour prendre les commandes de l'Olympique Lyonnais.","og_url":"https:\/\/dicodusport.fr\/blog\/rudi-garcia-a-lolympique-lyonnais-a-double-ou-double\/","og_site_name":"Dicodusport","article_publisher":"https:\/\/www.facebook.com\/dicodusport","article_author":"https:\/\/www.facebook.com\/dicodusport","article_published_time":"2019-10-16T14:59:49+00:00","article_modified_time":"2019-10-16T15:47:22+00:00","og_image":[{"width":800,"height":445,"url":"https:\/\/dicodusport.fr\/blog\/wp-content\/uploads\/2019\/10\/Garcia-Aulas.png","type":"image\/png"}],"author":"Nicolas Jacquemard","twitter_card":"summary_large_image","twitter_title":"Rudi Garcia \u00e0 l'Olympique Lyonnais, \u00e0 double ou double","twitter_creator":"@https:\/\/twitter.com\/Nico_Jacquemard","twitter_site":"@dicodusport","schema":{"@context":"https:\/\/schema.org","@graph":[{"@type":"NewsArticle","@id":"https:\/\/dicodusport.fr\/blog\/rudi-garcia-a-lolympique-lyonnais-a-double-ou-double\/#article","isPartOf":{"@id":"https:\/\/dicodusport.fr\/blog\/rudi-garcia-a-lolympique-lyonnais-a-double-ou-double\/"},"author":{"name":"Nicolas Jacquemard","@id":"https:\/\/dicodusport.fr\/blog\/#\/schema\/person\/55dcb50ad410894e431ed812bbb70191"},"headline":"Rudi Garcia \u00e0 l&rsquo;Olympique Lyonnais, \u00e0 double ou double !","datePublished":"2019-10-16T14:59:49+00:00","dateModified":"2019-10-16T15:47:22+00:00","mainEntityOfPage":{"@id":"https:\/\/dicodusport.fr\/blog\/rudi-garcia-a-lolympique-lyonnais-a-double-ou-double\/"},"wordCount":336,"commentCount":0,"publisher":{"@id":"https:\/\/dicodusport.fr\/blog\/#organization"},"image":{"@id":"https:\/\/dicodusport.fr\/blog\/rudi-garcia-a-lolympique-lyonnais-a-double-ou-double\/#primaryimage"},"thumbnailUrl":"https:\/\/dicodusport.fr\/blog\/wp-content\/uploads\/2019\/10\/Garcia-Aulas.png","keywords":["Aulas","Football","Garcia","Jean-Michel Aulas","Olympique lyonnais"],"articleSection":["Football"],"inLanguage":"fr-FR","potentialAction":[{"@type":"CommentAction","name":"Comment","target":["https:\/\/dicodusport.fr\/blog\/rudi-garcia-a-lolympique-lyonnais-a-double-ou-double\/#respond"]}],"copyrightYear":"2019","copyrightHolder":{"@id":"https:\/\/dicodusport.fr\/blog\/#organization"}},{"@type":"WebPage","@id":"https:\/\/dicodusport.fr\/blog\/rudi-garcia-a-lolympique-lyonnais-a-double-ou-double\/","url":"https:\/\/dicodusport.fr\/blog\/rudi-garcia-a-lolympique-lyonnais-a-double-ou-double\/","name":"Rudi Garcia \u00e0 l'Olympique Lyonnais, \u00e0 double ou double !","isPartOf":{"@id":"https:\/\/dicodusport.fr\/blog\/#website"},"primaryImageOfPage":{"@id":"https:\/\/dicodusport.fr\/blog\/rudi-garcia-a-lolympique-lyonnais-a-double-ou-double\/#primaryimage"},"image":{"@id":"https:\/\/dicodusport.fr\/blog\/rudi-garcia-a-lolympique-lyonnais-a-double-ou-double\/#primaryimage"},"thumbnailUrl":"https:\/\/dicodusport.fr\/blog\/wp-content\/uploads\/2019\/10\/Garcia-Aulas.png","datePublished":"2019-10-16T14:59:49+00:00","dateModified":"2019-10-16T15:47:22+00:00","description":"Le duo Juninho\/Jean-Michel Aulas a d\u00e9cid\u00e9 de faire confiance \u00e0 Rudi Garcia pour prendre les commandes de l'Olympique Lyonnais.","breadcrumb":{"@id":"https:\/\/dicodusport.fr\/blog\/rudi-garcia-a-lolympique-lyonnais-a-double-ou-double\/#breadcrumb"},"inLanguage":"fr-FR","potentialAction":[{"@type":"ReadAction","target":["https:\/\/dicodusport.fr\/blog\/rudi-garcia-a-lolympique-lyonnais-a-double-ou-double\/"]}]},{"@type":"ImageObject","inLanguage":"fr-FR","@id":"https:\/\/dicodusport.fr\/blog\/rudi-garcia-a-lolympique-lyonnais-a-double-ou-double\/#primaryimage","url":"https:\/\/dicodusport.fr\/blog\/wp-content\/uploads\/2019\/10\/Garcia-Aulas.png","contentUrl":"https:\/\/dicodusport.fr\/blog\/wp-content\/uploads\/2019\/10\/Garcia-Aulas.png","width":800,"height":445},{"@type":"BreadcrumbList","@id":"https:\/\/dicodusport.fr\/blog\/rudi-garcia-a-lolympique-lyonnais-a-double-ou-double\/#breadcrumb","itemListElement":[{"@type":"ListItem","position":1,"name":"Accueil","item":"https:\/\/dicodusport.fr\/blog\/"},{"@type":"ListItem","position":2,"name":"Rudi Garcia \u00e0 l&rsquo;Olympique Lyonnais, \u00e0 double ou double !"}]},{"@type":"WebSite","@id":"https:\/\/dicodusport.fr\/blog\/#website","url":"https:\/\/dicodusport.fr\/blog\/","name":"Dicodusport","description":"L&#039;encyclop\u00e9die de l&#039;actualit\u00e9 sportive","publisher":{"@id":"https:\/\/dicodusport.fr\/blog\/#organization"},"potentialAction":[{"@type":"SearchAction","target":{"@type":"EntryPoint","urlTemplate":"https:\/\/dicodusport.fr\/blog\/?s={search_term_string}"},"query-input":{"@type":"PropertyValueSpecification","valueRequired":true,"valueName":"search_term_string"}}],"inLanguage":"fr-FR"},{"@type":"NewsMediaOrganization","@id":"https:\/\/dicodusport.fr\/blog\/#organization","name":"Dicodusport","url":"https:\/\/dicodusport.fr\/blog\/","logo":{"@type":"ImageObject","inLanguage":"fr-FR","@id":"https:\/\/dicodusport.fr\/blog\/#\/schema\/logo\/image\/","url":"https:\/\/dicodusport.fr\/blog\/wp-content\/uploads\/2020\/06\/cropped-LOGO-DICODUSPORT-2020-SANS-FOND-SANS-TEXTE.png","contentUrl":"https:\/\/dicodusport.fr\/blog\/wp-content\/uploads\/2020\/06\/cropped-LOGO-DICODUSPORT-2020-SANS-FOND-SANS-TEXTE.png","width":512,"height":512,"caption":"Dicodusport"},"image":{"@id":"https:\/\/dicodusport.fr\/blog\/#\/schema\/logo\/image\/"},"sameAs":["https:\/\/www.facebook.com\/dicodusport","https:\/\/x.com\/dicodusport","https:\/\/www.instagram.com\/dicodusport\/","https:\/\/www.youtube.com\/channel\/UC7V2KZ5sd3htJivAbA4ZG3w"],"description":"Dicodusport est l'encyclop\u00e9die de l'actualit\u00e9 sportive.","email":"bonjour@dicodusport.fr","legalName":"DICODUSPORT","foundingDate":"2018-01-14","vatID":"FR71834470973","taxID":"83447097300043","numberOfEmployees":{"@type":"QuantitativeValue","minValue":"1","maxValue":"10"}},{"@type":"Person","@id":"https:\/\/dicodusport.fr\/blog\/#\/schema\/person\/55dcb50ad410894e431ed812bbb70191","name":"Nicolas Jacquemard","image":{"@type":"ImageObject","inLanguage":"fr-FR","@id":"https:\/\/dicodusport.fr\/blog\/#\/schema\/person\/image\/","url":"https:\/\/dicodusport.fr\/blog\/wp-content\/uploads\/2021\/05\/Nicolas-Jacquemard-150x150.jpeg","contentUrl":"https:\/\/dicodusport.fr\/blog\/wp-content\/uploads\/2021\/05\/Nicolas-Jacquemard-150x150.jpeg","caption":"Nicolas Jacquemard"},"description":"Passionn\u00e9 de sport et entrepreneur depuis mes 18 ans, la cr\u00e9ation de Dicodusport m'a sembl\u00e9 \u00e9vidente pour participer \u00e0 la m\u00e9diatisation d'un plus grand nombre de sports. Le chemin est long mais avec une \u00e9quipe des plus motiv\u00e9es et les Jeux Olympiques de Paris 2024 en point de mire, nous y arriverons ! Journaliste dans le monde du sport depuis plus de 5 ans, je traite aussi bien de football, de rugby, de biathlon que de cyclisme.","sameAs":["https:\/\/www.facebook.com\/dicodusport","https:\/\/x.com\/https:\/\/twitter.com\/Nico_Jacquemard"],"url":"https:\/\/dicodusport.fr\/blog\/author\/dicodusport\/"}]}},"_links":{"self":[{"href":"https:\/\/dicodusport.fr\/blog\/wp-json\/wp\/v2\/posts\/51600","targetHints":{"allow":["GET"]}}],"collection":[{"href":"https:\/\/dicodusport.fr\/blog\/wp-json\/wp\/v2\/posts"}],"about":[{"href":"https:\/\/dicodusport.fr\/blog\/wp-json\/wp\/v2\/types\/post"}],"author":[{"embeddable":true,"href":"https:\/\/dicodusport.fr\/blog\/wp-json\/wp\/v2\/users\/1"}],"replies":[{"embeddable":true,"href":"https:\/\/dicodusport.fr\/blog\/wp-json\/wp\/v2\/comments?post=51600"}],"version-history":[{"count":0,"href":"https:\/\/dicodusport.fr\/blog\/wp-json\/wp\/v2\/posts\/51600\/revisions"}],"wp:featuredmedia":[{"embeddable":true,"href":"https:\/\/dicodusport.fr\/blog\/wp-json\/wp\/v2\/media\/51603"}],"wp:attachment":[{"href":"https:\/\/dicodusport.fr\/blog\/wp-json\/wp\/v2\/media?parent=51600"}],"wp:term":[{"taxonomy":"category","embeddable":true,"href":"https:\/\/dicodusport.fr\/blog\/wp-json\/wp\/v2\/categories?post=51600"},{"taxonomy":"post_tag","embeddable":true,"href":"https:\/\/dicodusport.fr\/blog\/wp-json\/wp\/v2\/tags?post=51600"}],"curies":[{"name":"wp","href":"https:\/\/api.w.org\/{rel}","templated":true}]}}