{"id":516084,"date":"2024-08-30T17:57:37","date_gmt":"2024-08-30T15:57:37","guid":{"rendered":"https:\/\/dicodusport.fr\/blog\/?p=516084&#038;preview=true&#038;preview_id=516084"},"modified":"2024-08-31T01:21:18","modified_gmt":"2024-08-30T23:21:18","slug":"mondiaux-vtt-2024-pauline-ferrand-prevot-vice-championne-du-monde-en-xcc-evie-richards-sacree","status":"publish","type":"post","link":"https:\/\/dicodusport.fr\/blog\/mondiaux-vtt-2024-pauline-ferrand-prevot-vice-championne-du-monde-en-xcc-evie-richards-sacree\/","title":{"rendered":"Mondiaux VTT 2024 : Pauline Ferrand-Pr\u00e9vot vice-championne du monde en XCC, Evie Richards sacr\u00e9e"},"content":{"rendered":"<p style=\"text-align: justify;\"><strong><em>VTT CHAMPIONNATS DU MONDE 2024 &#8211; Pauline Ferrand-Pr\u00e9vot battue ! Dans une belle forme sur ce short-track des Mondiaux, la Fran\u00e7aise est battue au sprint par la Britannique Evie Richards. Jenny Rissveds est m\u00e9daille de bronze.<\/em><\/strong><\/p>\n<ul>\n<li style=\"text-align: justify;\"><strong>\u00c0 ce sujet \u2013\u00a0<a href=\"https:\/\/dicodusport.fr\/blog\/programme-et-resultats-vtt-championnats-du-monde-2024\/\">Programme et r\u00e9sultats VTT Championnats du monde 2024<\/a><\/strong><\/li>\n<\/ul>\n<p style=\"text-align: justify;\"><span style=\"font-weight: 400;\">L&rsquo;id\u00e9e \u00e9tait de finir en beaut\u00e9 et tout rafler en Andorre. <\/span><b>Pauline Ferrand-Pr\u00e9vot <\/b><span style=\"font-weight: 400;\">attaquait les Mondiaux de VTT, ses derniers, en tant que favorite des deux courses, apr\u00e8s son sacre olympique. Mais la Tricolore est tomb\u00e9e sur un os nomm\u00e9 <\/span><b>Evie Richards <\/b><span style=\"font-weight: 400;\">lors du short-track. Les deux femmes sont arriv\u00e9es ensemble dans la derni\u00e8re ligne droite, mais la pointe de vitesse \u00e9tait en faveur de la plus jeune des deux. La Britannique compl\u00e8te sa collection de maillots arc-en-ciel avec ce succ\u00e8s en Andorre. En effet, <\/span><b>Richards <\/b><span style=\"font-weight: 400;\">est championne du monde 2021 du format olympique. Comme aux Jeux Olympiques, <\/span><b>Jenny Rissveds <\/b><span style=\"font-weight: 400;\">obtient la m\u00e9daille de bronze.<\/span><\/p>\n<p style=\"text-align: justify;\"><span style=\"font-weight: 400;\">Apr\u00e8s avoir pris la lumi\u00e8re \u00e0 Paris, <\/span><b>Pauline Ferrand-Pr\u00e9vot <\/b><span style=\"font-weight: 400;\">se montre d\u00e8s les premiers tours de roues sur ce short-track. Son d\u00e9part est moyen, mais elle se replace avant le deuxi\u00e8me virage avec une grosse acc\u00e9l\u00e9ration. Les autres favorites sont en embuscade, <\/span><b>Puck Pieterse, Laura Stigger <\/b><span style=\"font-weight: 400;\">ou encore <\/span><b>Evie Richards <\/b><span style=\"font-weight: 400;\">ont la Fran\u00e7aise en ligne de mire. <\/span><b>PFP <\/b><span style=\"font-weight: 400;\">veut rapidement se faire la malle avec un rythme \u00e9lev\u00e9, mais <\/span><b>Jenny Rissveds <\/b><span style=\"font-weight: 400;\">met les watts pour rattraper la t\u00eate de course. Les deux m\u00e9daill\u00e9es olympiques sont encore en forme.\u00a0<\/span><\/p>\n<ul>\n<li><strong>\u00c0 ce sujet &#8211; <a href=\"https:\/\/dicodusport.fr\/blog\/mondiaux-vtt-2024-classement-xcc-femmes\/\">Mondiaux VTT 2024 \u2013 Classement XCC femmes<\/a><\/strong><\/li>\n<\/ul>\n<h2 style=\"text-align: justify;\">Ferrand-Pr\u00e9vot y a cru jusqu&rsquo;au bout<\/h2>\n<p style=\"text-align: justify;\"><span style=\"font-weight: 400;\">\u00c0 mi-course, le duo franco-su\u00e9dois est bien devant, <\/span><b>Richards <\/b><span style=\"font-weight: 400;\">recolle dans le cinqui\u00e8me des huit tours. La Britannique est en pleine possession de ses moyens et semble forte. <\/span><b>Rissveds <\/b><span style=\"font-weight: 400;\">a \u00e9t\u00e9 nettement distanc\u00e9e. \u00c0 970 m\u00e8tres de la ligne d&rsquo;arriv\u00e9e, \u00e0 une boucle de la fin de la course, la victoire n&rsquo;est pas encore d\u00e9cid\u00e9e. <\/span><b>Pauline Ferrand-Pr\u00e9vot <\/b><span style=\"font-weight: 400;\">se place devant avant d&rsquo;entamer le sprint final, mais se fait croquer par la Britannique, id\u00e9alement positionn\u00e9e. Elle doit se contenter d&rsquo;une 2e place ce vendredi. Derni\u00e8re chance de titre dimanche apr\u00e8s-midi, pour sa derni\u00e8re danse en VTT.<\/span><\/p>\n<blockquote class=\"twitter-tweet\">\n<p dir=\"ltr\" lang=\"fr\">Pauline Ferrand-Pr\u00e9vot battue sur la ligne ! la Fran\u00e7aise ne fera pas le tripl\u00e9 sur ce championnat du monde de short track !<\/p>\n<p>Evie Richards remporte la victoire <a href=\"https:\/\/t.co\/TIYNyggGsc\">pic.twitter.com\/TIYNyggGsc<\/a><\/p>\n<p>\u2014 L&rsquo;\u00c9QUIPE (@lequipe) <a href=\"https:\/\/twitter.com\/lequipe\/status\/1829548236438159414?ref_src=twsrc%5Etfw\">August 30, 2024<\/a><\/p><\/blockquote>\n<p><script async src=\"https:\/\/platform.twitter.com\/widgets.js\" charset=\"utf-8\"><\/script><\/p>\n","protected":false},"excerpt":{"rendered":"<p>Pauline Ferrand-Pr\u00e9vot vice-championne du monde en XCC, Evie Richards sacr\u00e9e<\/p>\n","protected":false},"author":61,"featured_media":516230,"comment_status":"open","ping_status":"closed","sticky":false,"template":"","format":"standard","meta":{"_acf_changed":false,"_daextam_enable_autolinks":"1","footnotes":""},"categories":[10279],"tags":[32415,16878,41496,1340,692,33854],"class_list":["post-516084","post","type-post","status-publish","format-standard","has-post-thumbnail","hentry","category-vtt","tag-actu","tag-breve","tag-pal-arinsal","tag-pauline-ferrand-prevot","tag-vtt","tag-vtt-xcc-pal-arinsal"],"acf":[],"yoast_head":"<!-- This site is optimized with the Yoast SEO Premium plugin v26.7 (Yoast SEO v26.7) - https:\/\/yoast.com\/wordpress\/plugins\/seo\/ -->\n<title>Mondiaux VTT 2024 : Pauline Ferrand-Pr\u00e9vot vice-championne du monde en XCC, Evie Richards sacr\u00e9e<\/title>\n<meta name=\"description\" content=\"Pauline Ferrand-Pr\u00e9vot battue ! Dans une belle forme sur ce short-track des Mondiaux, la Fran\u00e7aise est battue au sprint par la Britannique Evie Richards.\" \/>\n<meta name=\"robots\" content=\"index, follow, max-snippet:-1, max-image-preview:large, max-video-preview:-1\" \/>\n<link rel=\"canonical\" href=\"https:\/\/dicodusport.fr\/blog\/mondiaux-vtt-2024-pauline-ferrand-prevot-vice-championne-du-monde-en-xcc-evie-richards-sacree\/\" \/>\n<meta property=\"og:locale\" content=\"fr_FR\" \/>\n<meta property=\"og:type\" content=\"article\" \/>\n<meta property=\"og:title\" content=\"Mondiaux VTT 2024 : Pauline Ferrand-Pr\u00e9vot vice-championne du monde en XCC, Evie Richards sacr\u00e9e\" \/>\n<meta property=\"og:description\" content=\"Pauline Ferrand-Pr\u00e9vot battue ! Dans une belle forme sur ce short-track des Mondiaux, la Fran\u00e7aise est battue au sprint par la Britannique Evie Richards.\" \/>\n<meta property=\"og:url\" content=\"https:\/\/dicodusport.fr\/blog\/mondiaux-vtt-2024-pauline-ferrand-prevot-vice-championne-du-monde-en-xcc-evie-richards-sacree\/\" \/>\n<meta property=\"og:site_name\" content=\"Dicodusport\" \/>\n<meta property=\"article:publisher\" content=\"https:\/\/www.facebook.com\/dicodusport\" \/>\n<meta property=\"article:published_time\" content=\"2024-08-30T15:57:37+00:00\" \/>\n<meta property=\"article:modified_time\" content=\"2024-08-30T23:21:18+00:00\" \/>\n<meta property=\"og:image\" content=\"https:\/\/dicodusport.fr\/blog\/wp-content\/uploads\/2024\/08\/Mondiaux-VTT-2024-Pauline-Ferrand-Prevot-vice-championne-du-monde-en-XCC-Evie-Richards-sacree-1.png\" \/>\n\t<meta property=\"og:image:width\" content=\"1200\" \/>\n\t<meta property=\"og:image:height\" content=\"674\" \/>\n\t<meta property=\"og:image:type\" content=\"image\/png\" \/>\n<meta name=\"author\" content=\"Pierre Gorce\" \/>\n<meta name=\"twitter:card\" content=\"summary_large_image\" \/>\n<meta name=\"twitter:title\" content=\"Mondiaux VTT 2024 : Pauline Ferrand-Pr\u00e9vot vice-championne du monde en XCC, Evie Richards sacr\u00e9e\" \/>\n<meta name=\"twitter:creator\" content=\"@https:\/\/twitter.com\/pierregorce12\" \/>\n<meta name=\"twitter:site\" content=\"@dicodusport\" \/>\n<script type=\"application\/ld+json\" class=\"yoast-schema-graph\">{\"@context\":\"https:\/\/schema.org\",\"@graph\":[{\"@type\":\"NewsArticle\",\"@id\":\"https:\/\/dicodusport.fr\/blog\/mondiaux-vtt-2024-pauline-ferrand-prevot-vice-championne-du-monde-en-xcc-evie-richards-sacree\/#article\",\"isPartOf\":{\"@id\":\"https:\/\/dicodusport.fr\/blog\/mondiaux-vtt-2024-pauline-ferrand-prevot-vice-championne-du-monde-en-xcc-evie-richards-sacree\/\"},\"author\":{\"name\":\"Pierre Gorce\",\"@id\":\"https:\/\/dicodusport.fr\/blog\/#\/schema\/person\/0eaf70b33d703a1a66b1155ac1bda018\"},\"headline\":\"Mondiaux VTT 2024 : Pauline Ferrand-Pr\u00e9vot vice-championne du monde en XCC, Evie Richards sacr\u00e9e\",\"datePublished\":\"2024-08-30T15:57:37+00:00\",\"dateModified\":\"2024-08-30T23:21:18+00:00\",\"mainEntityOfPage\":{\"@id\":\"https:\/\/dicodusport.fr\/blog\/mondiaux-vtt-2024-pauline-ferrand-prevot-vice-championne-du-monde-en-xcc-evie-richards-sacree\/\"},\"wordCount\":434,\"commentCount\":0,\"publisher\":{\"@id\":\"https:\/\/dicodusport.fr\/blog\/#organization\"},\"image\":{\"@id\":\"https:\/\/dicodusport.fr\/blog\/mondiaux-vtt-2024-pauline-ferrand-prevot-vice-championne-du-monde-en-xcc-evie-richards-sacree\/#primaryimage\"},\"thumbnailUrl\":\"https:\/\/dicodusport.fr\/blog\/wp-content\/uploads\/2024\/08\/Mondiaux-VTT-2024-Pauline-Ferrand-Prevot-vice-championne-du-monde-en-XCC-Evie-Richards-sacree-1.png\",\"keywords\":[\"actu\",\"br\u00e8ve\",\"Pal Arinsal\",\"Pauline Ferrand-Pr\u00e9vot\",\"VTT\",\"VTT XCC Pal Arinsal\"],\"articleSection\":[\"VTT\"],\"inLanguage\":\"fr-FR\",\"potentialAction\":[{\"@type\":\"CommentAction\",\"name\":\"Comment\",\"target\":[\"https:\/\/dicodusport.fr\/blog\/mondiaux-vtt-2024-pauline-ferrand-prevot-vice-championne-du-monde-en-xcc-evie-richards-sacree\/#respond\"]}],\"copyrightYear\":\"2024\",\"copyrightHolder\":{\"@id\":\"https:\/\/dicodusport.fr\/blog\/#organization\"}},{\"@type\":\"WebPage\",\"@id\":\"https:\/\/dicodusport.fr\/blog\/mondiaux-vtt-2024-pauline-ferrand-prevot-vice-championne-du-monde-en-xcc-evie-richards-sacree\/\",\"url\":\"https:\/\/dicodusport.fr\/blog\/mondiaux-vtt-2024-pauline-ferrand-prevot-vice-championne-du-monde-en-xcc-evie-richards-sacree\/\",\"name\":\"Mondiaux VTT 2024 : Pauline Ferrand-Pr\u00e9vot vice-championne du monde en XCC, Evie Richards sacr\u00e9e\",\"isPartOf\":{\"@id\":\"https:\/\/dicodusport.fr\/blog\/#website\"},\"primaryImageOfPage\":{\"@id\":\"https:\/\/dicodusport.fr\/blog\/mondiaux-vtt-2024-pauline-ferrand-prevot-vice-championne-du-monde-en-xcc-evie-richards-sacree\/#primaryimage\"},\"image\":{\"@id\":\"https:\/\/dicodusport.fr\/blog\/mondiaux-vtt-2024-pauline-ferrand-prevot-vice-championne-du-monde-en-xcc-evie-richards-sacree\/#primaryimage\"},\"thumbnailUrl\":\"https:\/\/dicodusport.fr\/blog\/wp-content\/uploads\/2024\/08\/Mondiaux-VTT-2024-Pauline-Ferrand-Prevot-vice-championne-du-monde-en-XCC-Evie-Richards-sacree-1.png\",\"datePublished\":\"2024-08-30T15:57:37+00:00\",\"dateModified\":\"2024-08-30T23:21:18+00:00\",\"description\":\"Pauline Ferrand-Pr\u00e9vot battue ! Dans une belle forme sur ce short-track des Mondiaux, la Fran\u00e7aise est battue au sprint par la Britannique Evie Richards.\",\"breadcrumb\":{\"@id\":\"https:\/\/dicodusport.fr\/blog\/mondiaux-vtt-2024-pauline-ferrand-prevot-vice-championne-du-monde-en-xcc-evie-richards-sacree\/#breadcrumb\"},\"inLanguage\":\"fr-FR\",\"potentialAction\":[{\"@type\":\"ReadAction\",\"target\":[\"https:\/\/dicodusport.fr\/blog\/mondiaux-vtt-2024-pauline-ferrand-prevot-vice-championne-du-monde-en-xcc-evie-richards-sacree\/\"]}]},{\"@type\":\"ImageObject\",\"inLanguage\":\"fr-FR\",\"@id\":\"https:\/\/dicodusport.fr\/blog\/mondiaux-vtt-2024-pauline-ferrand-prevot-vice-championne-du-monde-en-xcc-evie-richards-sacree\/#primaryimage\",\"url\":\"https:\/\/dicodusport.fr\/blog\/wp-content\/uploads\/2024\/08\/Mondiaux-VTT-2024-Pauline-Ferrand-Prevot-vice-championne-du-monde-en-XCC-Evie-Richards-sacree-1.png\",\"contentUrl\":\"https:\/\/dicodusport.fr\/blog\/wp-content\/uploads\/2024\/08\/Mondiaux-VTT-2024-Pauline-Ferrand-Prevot-vice-championne-du-monde-en-XCC-Evie-Richards-sacree-1.png\",\"width\":1200,\"height\":674,\"caption\":\"Mondiaux VTT 2024 Pauline Ferrand-Pr\u00e9vot vice-championne du monde en XCC, Evie Richards sacr\u00e9e (1)\"},{\"@type\":\"BreadcrumbList\",\"@id\":\"https:\/\/dicodusport.fr\/blog\/mondiaux-vtt-2024-pauline-ferrand-prevot-vice-championne-du-monde-en-xcc-evie-richards-sacree\/#breadcrumb\",\"itemListElement\":[{\"@type\":\"ListItem\",\"position\":1,\"name\":\"Accueil\",\"item\":\"https:\/\/dicodusport.fr\/blog\/\"},{\"@type\":\"ListItem\",\"position\":2,\"name\":\"Mondiaux VTT 2024 : Pauline Ferrand-Pr\u00e9vot vice-championne du monde en XCC, Evie Richards sacr\u00e9e\"}]},{\"@type\":\"WebSite\",\"@id\":\"https:\/\/dicodusport.fr\/blog\/#website\",\"url\":\"https:\/\/dicodusport.fr\/blog\/\",\"name\":\"Dicodusport\",\"description\":\"L&#039;encyclop\u00e9die de l&#039;actualit\u00e9 sportive\",\"publisher\":{\"@id\":\"https:\/\/dicodusport.fr\/blog\/#organization\"},\"potentialAction\":[{\"@type\":\"SearchAction\",\"target\":{\"@type\":\"EntryPoint\",\"urlTemplate\":\"https:\/\/dicodusport.fr\/blog\/?s={search_term_string}\"},\"query-input\":{\"@type\":\"PropertyValueSpecification\",\"valueRequired\":true,\"valueName\":\"search_term_string\"}}],\"inLanguage\":\"fr-FR\"},{\"@type\":\"NewsMediaOrganization\",\"@id\":\"https:\/\/dicodusport.fr\/blog\/#organization\",\"name\":\"Dicodusport\",\"url\":\"https:\/\/dicodusport.fr\/blog\/\",\"logo\":{\"@type\":\"ImageObject\",\"inLanguage\":\"fr-FR\",\"@id\":\"https:\/\/dicodusport.fr\/blog\/#\/schema\/logo\/image\/\",\"url\":\"https:\/\/dicodusport.fr\/blog\/wp-content\/uploads\/2020\/06\/cropped-LOGO-DICODUSPORT-2020-SANS-FOND-SANS-TEXTE.png\",\"contentUrl\":\"https:\/\/dicodusport.fr\/blog\/wp-content\/uploads\/2020\/06\/cropped-LOGO-DICODUSPORT-2020-SANS-FOND-SANS-TEXTE.png\",\"width\":512,\"height\":512,\"caption\":\"Dicodusport\"},\"image\":{\"@id\":\"https:\/\/dicodusport.fr\/blog\/#\/schema\/logo\/image\/\"},\"sameAs\":[\"https:\/\/www.facebook.com\/dicodusport\",\"https:\/\/x.com\/dicodusport\",\"https:\/\/www.instagram.com\/dicodusport\/\",\"https:\/\/www.youtube.com\/channel\/UC7V2KZ5sd3htJivAbA4ZG3w\"],\"description\":\"Dicodusport est l'encyclop\u00e9die de l'actualit\u00e9 sportive.\",\"email\":\"bonjour@dicodusport.fr\",\"legalName\":\"DICODUSPORT\",\"foundingDate\":\"2018-01-14\",\"vatID\":\"FR71834470973\",\"taxID\":\"83447097300043\",\"numberOfEmployees\":{\"@type\":\"QuantitativeValue\",\"minValue\":\"1\",\"maxValue\":\"10\"}},{\"@type\":\"Person\",\"@id\":\"https:\/\/dicodusport.fr\/blog\/#\/schema\/person\/0eaf70b33d703a1a66b1155ac1bda018\",\"name\":\"Pierre Gorce\",\"image\":{\"@type\":\"ImageObject\",\"inLanguage\":\"fr-FR\",\"@id\":\"https:\/\/dicodusport.fr\/blog\/#\/schema\/person\/image\/\",\"url\":\"https:\/\/dicodusport.fr\/blog\/wp-content\/uploads\/2022\/03\/IMG_20211214_233053_722-150x150.jpg\",\"contentUrl\":\"https:\/\/dicodusport.fr\/blog\/wp-content\/uploads\/2022\/03\/IMG_20211214_233053_722-150x150.jpg\",\"caption\":\"Pierre Gorce\"},\"description\":\"Couteau suisse venant tout droit de Haute-Savoie. Habitu\u00e9 \u00e0 regarder du sport depuis petit, j'en ai maintenant fait mon m\u00e9tier. Des sports d'hiver au surf, en passant par le tennis, la F1, le handball et l'athl\u00e9tisme, j'essaie d'avoir mes yeux sur l'enti\u00e8ret\u00e9 de l'actualit\u00e9. Jeune homme berc\u00e9 par les exploits de Jean-Baptiste Grange, Sebastian Vettel et des Experts. Membre de la g\u00e9n\u00e9ration 1999 comme Luka Doncic, Sydney McLaughlin, Lando Norris et Loana Lecomte, mais avec beaucoup moins de talent qu'eux.\",\"sameAs\":[\"https:\/\/x.com\/https:\/\/twitter.com\/pierregorce12\"],\"birthDate\":\"1999-08-29\",\"url\":\"https:\/\/dicodusport.fr\/blog\/author\/pierreg\/\"}]}<\/script>\n<!-- \/ Yoast SEO Premium plugin. -->","yoast_head_json":{"title":"Mondiaux VTT 2024 : Pauline Ferrand-Pr\u00e9vot vice-championne du monde en XCC, Evie Richards sacr\u00e9e","description":"Pauline Ferrand-Pr\u00e9vot battue ! Dans une belle forme sur ce short-track des Mondiaux, la Fran\u00e7aise est battue au sprint par la Britannique Evie Richards.","robots":{"index":"index","follow":"follow","max-snippet":"max-snippet:-1","max-image-preview":"max-image-preview:large","max-video-preview":"max-video-preview:-1"},"canonical":"https:\/\/dicodusport.fr\/blog\/mondiaux-vtt-2024-pauline-ferrand-prevot-vice-championne-du-monde-en-xcc-evie-richards-sacree\/","og_locale":"fr_FR","og_type":"article","og_title":"Mondiaux VTT 2024 : Pauline Ferrand-Pr\u00e9vot vice-championne du monde en XCC, Evie Richards sacr\u00e9e","og_description":"Pauline Ferrand-Pr\u00e9vot battue ! Dans une belle forme sur ce short-track des Mondiaux, la Fran\u00e7aise est battue au sprint par la Britannique Evie Richards.","og_url":"https:\/\/dicodusport.fr\/blog\/mondiaux-vtt-2024-pauline-ferrand-prevot-vice-championne-du-monde-en-xcc-evie-richards-sacree\/","og_site_name":"Dicodusport","article_publisher":"https:\/\/www.facebook.com\/dicodusport","article_published_time":"2024-08-30T15:57:37+00:00","article_modified_time":"2024-08-30T23:21:18+00:00","og_image":[{"width":1200,"height":674,"url":"https:\/\/dicodusport.fr\/blog\/wp-content\/uploads\/2024\/08\/Mondiaux-VTT-2024-Pauline-Ferrand-Prevot-vice-championne-du-monde-en-XCC-Evie-Richards-sacree-1.png","type":"image\/png"}],"author":"Pierre Gorce","twitter_card":"summary_large_image","twitter_title":"Mondiaux VTT 2024 : Pauline Ferrand-Pr\u00e9vot vice-championne du monde en XCC, Evie Richards sacr\u00e9e","twitter_creator":"@https:\/\/twitter.com\/pierregorce12","twitter_site":"@dicodusport","schema":{"@context":"https:\/\/schema.org","@graph":[{"@type":"NewsArticle","@id":"https:\/\/dicodusport.fr\/blog\/mondiaux-vtt-2024-pauline-ferrand-prevot-vice-championne-du-monde-en-xcc-evie-richards-sacree\/#article","isPartOf":{"@id":"https:\/\/dicodusport.fr\/blog\/mondiaux-vtt-2024-pauline-ferrand-prevot-vice-championne-du-monde-en-xcc-evie-richards-sacree\/"},"author":{"name":"Pierre Gorce","@id":"https:\/\/dicodusport.fr\/blog\/#\/schema\/person\/0eaf70b33d703a1a66b1155ac1bda018"},"headline":"Mondiaux VTT 2024 : Pauline Ferrand-Pr\u00e9vot vice-championne du monde en XCC, Evie Richards sacr\u00e9e","datePublished":"2024-08-30T15:57:37+00:00","dateModified":"2024-08-30T23:21:18+00:00","mainEntityOfPage":{"@id":"https:\/\/dicodusport.fr\/blog\/mondiaux-vtt-2024-pauline-ferrand-prevot-vice-championne-du-monde-en-xcc-evie-richards-sacree\/"},"wordCount":434,"commentCount":0,"publisher":{"@id":"https:\/\/dicodusport.fr\/blog\/#organization"},"image":{"@id":"https:\/\/dicodusport.fr\/blog\/mondiaux-vtt-2024-pauline-ferrand-prevot-vice-championne-du-monde-en-xcc-evie-richards-sacree\/#primaryimage"},"thumbnailUrl":"https:\/\/dicodusport.fr\/blog\/wp-content\/uploads\/2024\/08\/Mondiaux-VTT-2024-Pauline-Ferrand-Prevot-vice-championne-du-monde-en-XCC-Evie-Richards-sacree-1.png","keywords":["actu","br\u00e8ve","Pal Arinsal","Pauline Ferrand-Pr\u00e9vot","VTT","VTT XCC Pal Arinsal"],"articleSection":["VTT"],"inLanguage":"fr-FR","potentialAction":[{"@type":"CommentAction","name":"Comment","target":["https:\/\/dicodusport.fr\/blog\/mondiaux-vtt-2024-pauline-ferrand-prevot-vice-championne-du-monde-en-xcc-evie-richards-sacree\/#respond"]}],"copyrightYear":"2024","copyrightHolder":{"@id":"https:\/\/dicodusport.fr\/blog\/#organization"}},{"@type":"WebPage","@id":"https:\/\/dicodusport.fr\/blog\/mondiaux-vtt-2024-pauline-ferrand-prevot-vice-championne-du-monde-en-xcc-evie-richards-sacree\/","url":"https:\/\/dicodusport.fr\/blog\/mondiaux-vtt-2024-pauline-ferrand-prevot-vice-championne-du-monde-en-xcc-evie-richards-sacree\/","name":"Mondiaux VTT 2024 : Pauline Ferrand-Pr\u00e9vot vice-championne du monde en XCC, Evie Richards sacr\u00e9e","isPartOf":{"@id":"https:\/\/dicodusport.fr\/blog\/#website"},"primaryImageOfPage":{"@id":"https:\/\/dicodusport.fr\/blog\/mondiaux-vtt-2024-pauline-ferrand-prevot-vice-championne-du-monde-en-xcc-evie-richards-sacree\/#primaryimage"},"image":{"@id":"https:\/\/dicodusport.fr\/blog\/mondiaux-vtt-2024-pauline-ferrand-prevot-vice-championne-du-monde-en-xcc-evie-richards-sacree\/#primaryimage"},"thumbnailUrl":"https:\/\/dicodusport.fr\/blog\/wp-content\/uploads\/2024\/08\/Mondiaux-VTT-2024-Pauline-Ferrand-Prevot-vice-championne-du-monde-en-XCC-Evie-Richards-sacree-1.png","datePublished":"2024-08-30T15:57:37+00:00","dateModified":"2024-08-30T23:21:18+00:00","description":"Pauline Ferrand-Pr\u00e9vot battue ! Dans une belle forme sur ce short-track des Mondiaux, la Fran\u00e7aise est battue au sprint par la Britannique Evie Richards.","breadcrumb":{"@id":"https:\/\/dicodusport.fr\/blog\/mondiaux-vtt-2024-pauline-ferrand-prevot-vice-championne-du-monde-en-xcc-evie-richards-sacree\/#breadcrumb"},"inLanguage":"fr-FR","potentialAction":[{"@type":"ReadAction","target":["https:\/\/dicodusport.fr\/blog\/mondiaux-vtt-2024-pauline-ferrand-prevot-vice-championne-du-monde-en-xcc-evie-richards-sacree\/"]}]},{"@type":"ImageObject","inLanguage":"fr-FR","@id":"https:\/\/dicodusport.fr\/blog\/mondiaux-vtt-2024-pauline-ferrand-prevot-vice-championne-du-monde-en-xcc-evie-richards-sacree\/#primaryimage","url":"https:\/\/dicodusport.fr\/blog\/wp-content\/uploads\/2024\/08\/Mondiaux-VTT-2024-Pauline-Ferrand-Prevot-vice-championne-du-monde-en-XCC-Evie-Richards-sacree-1.png","contentUrl":"https:\/\/dicodusport.fr\/blog\/wp-content\/uploads\/2024\/08\/Mondiaux-VTT-2024-Pauline-Ferrand-Prevot-vice-championne-du-monde-en-XCC-Evie-Richards-sacree-1.png","width":1200,"height":674,"caption":"Mondiaux VTT 2024 Pauline Ferrand-Pr\u00e9vot vice-championne du monde en XCC, Evie Richards sacr\u00e9e (1)"},{"@type":"BreadcrumbList","@id":"https:\/\/dicodusport.fr\/blog\/mondiaux-vtt-2024-pauline-ferrand-prevot-vice-championne-du-monde-en-xcc-evie-richards-sacree\/#breadcrumb","itemListElement":[{"@type":"ListItem","position":1,"name":"Accueil","item":"https:\/\/dicodusport.fr\/blog\/"},{"@type":"ListItem","position":2,"name":"Mondiaux VTT 2024 : Pauline Ferrand-Pr\u00e9vot vice-championne du monde en XCC, Evie Richards sacr\u00e9e"}]},{"@type":"WebSite","@id":"https:\/\/dicodusport.fr\/blog\/#website","url":"https:\/\/dicodusport.fr\/blog\/","name":"Dicodusport","description":"L&#039;encyclop\u00e9die de l&#039;actualit\u00e9 sportive","publisher":{"@id":"https:\/\/dicodusport.fr\/blog\/#organization"},"potentialAction":[{"@type":"SearchAction","target":{"@type":"EntryPoint","urlTemplate":"https:\/\/dicodusport.fr\/blog\/?s={search_term_string}"},"query-input":{"@type":"PropertyValueSpecification","valueRequired":true,"valueName":"search_term_string"}}],"inLanguage":"fr-FR"},{"@type":"NewsMediaOrganization","@id":"https:\/\/dicodusport.fr\/blog\/#organization","name":"Dicodusport","url":"https:\/\/dicodusport.fr\/blog\/","logo":{"@type":"ImageObject","inLanguage":"fr-FR","@id":"https:\/\/dicodusport.fr\/blog\/#\/schema\/logo\/image\/","url":"https:\/\/dicodusport.fr\/blog\/wp-content\/uploads\/2020\/06\/cropped-LOGO-DICODUSPORT-2020-SANS-FOND-SANS-TEXTE.png","contentUrl":"https:\/\/dicodusport.fr\/blog\/wp-content\/uploads\/2020\/06\/cropped-LOGO-DICODUSPORT-2020-SANS-FOND-SANS-TEXTE.png","width":512,"height":512,"caption":"Dicodusport"},"image":{"@id":"https:\/\/dicodusport.fr\/blog\/#\/schema\/logo\/image\/"},"sameAs":["https:\/\/www.facebook.com\/dicodusport","https:\/\/x.com\/dicodusport","https:\/\/www.instagram.com\/dicodusport\/","https:\/\/www.youtube.com\/channel\/UC7V2KZ5sd3htJivAbA4ZG3w"],"description":"Dicodusport est l'encyclop\u00e9die de l'actualit\u00e9 sportive.","email":"bonjour@dicodusport.fr","legalName":"DICODUSPORT","foundingDate":"2018-01-14","vatID":"FR71834470973","taxID":"83447097300043","numberOfEmployees":{"@type":"QuantitativeValue","minValue":"1","maxValue":"10"}},{"@type":"Person","@id":"https:\/\/dicodusport.fr\/blog\/#\/schema\/person\/0eaf70b33d703a1a66b1155ac1bda018","name":"Pierre Gorce","image":{"@type":"ImageObject","inLanguage":"fr-FR","@id":"https:\/\/dicodusport.fr\/blog\/#\/schema\/person\/image\/","url":"https:\/\/dicodusport.fr\/blog\/wp-content\/uploads\/2022\/03\/IMG_20211214_233053_722-150x150.jpg","contentUrl":"https:\/\/dicodusport.fr\/blog\/wp-content\/uploads\/2022\/03\/IMG_20211214_233053_722-150x150.jpg","caption":"Pierre Gorce"},"description":"Couteau suisse venant tout droit de Haute-Savoie. Habitu\u00e9 \u00e0 regarder du sport depuis petit, j'en ai maintenant fait mon m\u00e9tier. Des sports d'hiver au surf, en passant par le tennis, la F1, le handball et l'athl\u00e9tisme, j'essaie d'avoir mes yeux sur l'enti\u00e8ret\u00e9 de l'actualit\u00e9. Jeune homme berc\u00e9 par les exploits de Jean-Baptiste Grange, Sebastian Vettel et des Experts. Membre de la g\u00e9n\u00e9ration 1999 comme Luka Doncic, Sydney McLaughlin, Lando Norris et Loana Lecomte, mais avec beaucoup moins de talent qu'eux.","sameAs":["https:\/\/x.com\/https:\/\/twitter.com\/pierregorce12"],"birthDate":"1999-08-29","url":"https:\/\/dicodusport.fr\/blog\/author\/pierreg\/"}]}},"_links":{"self":[{"href":"https:\/\/dicodusport.fr\/blog\/wp-json\/wp\/v2\/posts\/516084","targetHints":{"allow":["GET"]}}],"collection":[{"href":"https:\/\/dicodusport.fr\/blog\/wp-json\/wp\/v2\/posts"}],"about":[{"href":"https:\/\/dicodusport.fr\/blog\/wp-json\/wp\/v2\/types\/post"}],"author":[{"embeddable":true,"href":"https:\/\/dicodusport.fr\/blog\/wp-json\/wp\/v2\/users\/61"}],"replies":[{"embeddable":true,"href":"https:\/\/dicodusport.fr\/blog\/wp-json\/wp\/v2\/comments?post=516084"}],"version-history":[{"count":5,"href":"https:\/\/dicodusport.fr\/blog\/wp-json\/wp\/v2\/posts\/516084\/revisions"}],"predecessor-version":[{"id":516337,"href":"https:\/\/dicodusport.fr\/blog\/wp-json\/wp\/v2\/posts\/516084\/revisions\/516337"}],"wp:featuredmedia":[{"embeddable":true,"href":"https:\/\/dicodusport.fr\/blog\/wp-json\/wp\/v2\/media\/516230"}],"wp:attachment":[{"href":"https:\/\/dicodusport.fr\/blog\/wp-json\/wp\/v2\/media?parent=516084"}],"wp:term":[{"taxonomy":"category","embeddable":true,"href":"https:\/\/dicodusport.fr\/blog\/wp-json\/wp\/v2\/categories?post=516084"},{"taxonomy":"post_tag","embeddable":true,"href":"https:\/\/dicodusport.fr\/blog\/wp-json\/wp\/v2\/tags?post=516084"}],"curies":[{"name":"wp","href":"https:\/\/api.w.org\/{rel}","templated":true}]}}