{"id":516133,"date":"2024-08-30T18:41:36","date_gmt":"2024-08-30T16:41:36","guid":{"rendered":"https:\/\/dicodusport.fr\/blog\/?p=516133&#038;preview=true&#038;preview_id=516133"},"modified":"2024-08-30T21:12:27","modified_gmt":"2024-08-30T19:12:27","slug":"mondiaux-vtt-2024-premier-titre-mondial-pour-victor-koretzky-sur-le-xcc","status":"publish","type":"post","link":"https:\/\/dicodusport.fr\/blog\/mondiaux-vtt-2024-premier-titre-mondial-pour-victor-koretzky-sur-le-xcc\/","title":{"rendered":"Mondiaux VTT 2024 : Premier titre mondial pour Victor Koretzky sur le XCC"},"content":{"rendered":"<p style=\"text-align: justify;\"><strong><em>VTT CHAMPIONNATS DU MONDE 2024 &#8211; Victor Koretzky portera un maillot arc-en-ciel pendant un an ! Le Fran\u00e7ais s&rsquo;est impos\u00e9 \u00e0 Pal Arinsal sur le short-track des Mondiaux. Jordan Sarrou est 5e, Tom Pidcock 8e.<\/em><\/strong><\/p>\n<ul>\n<li style=\"text-align: justify;\"><strong>\u00c0 ce sujet \u2013\u00a0<a href=\"https:\/\/dicodusport.fr\/blog\/programme-et-resultats-vtt-championnats-du-monde-2024\/\">Programme et r\u00e9sultats VTT Championnats du monde 2024<\/a><\/strong><\/li>\n<\/ul>\n<p style=\"text-align: justify;\"><span style=\"font-weight: 400;\">Une m\u00e9daille olympique, un titre mondial, l&rsquo;\u00e9t\u00e9 de <\/span><b>Victor Koretzky <\/b><span style=\"font-weight: 400;\">est d\u00e9j\u00e0 une r\u00e9ussite. Le Fran\u00e7ais a lev\u00e9 les bras ce vendredi lors du XCC des Mondiaux de VTT \u00e0 Pal Arinsal, en Andorre. Une victoire pleine de panache, avec l&rsquo;aide de <\/span><b>Jordan Sarrou <\/b><span style=\"font-weight: 400;\">&#8211; finalement 5e -, qui a \u00e9t\u00e9 en t\u00eate une grande partie de la course. <\/span><b>Koretzky <\/b><span style=\"font-weight: 400;\">\u00e9tait<\/span> <span style=\"font-weight: 400;\">un peu f\u00e2ch\u00e9 avec les championnats du monde, en ratant plusieurs fois le podium de tr\u00e8s peu. Un Britannique peut en cacher un autre puisque <\/span><b>Tom Pidcock <\/b><span style=\"font-weight: 400;\">est 8e, mais <\/span><b>Charlie Aldridge <\/b><span style=\"font-weight: 400;\">prend la m\u00e9daille d&rsquo;argent. <\/span><b>Alan Hatherly <\/b><span style=\"font-weight: 400;\">compl\u00e8te le podium.<\/span><\/p>\n<p style=\"text-align: justify;\"><span style=\"font-weight: 400;\">Le short-track hommes d\u00e9bute aussi rapidement. Tout le monde est en danseuse sur sa monture, <\/span><b>Jordan Sarrou <\/b><span style=\"font-weight: 400;\">profite d&rsquo;un bon d\u00e9part pour se positionner en t\u00eate. <\/span><b>Victor Koretzky <\/b><span style=\"font-weight: 400;\">est \u00e9galement dans les premi\u00e8res positions. L&rsquo;information est que <\/span><b>Tom Pidcock <\/b><span style=\"font-weight: 400;\">est rel\u00e9gu\u00e9 \u00e0 20 secondes apr\u00e8s trois tours. Le double champion olympique s&rsquo;est fait rapidement distancer \u00e0 cause d&rsquo;une l\u00e9g\u00e8re chute. Un groupe de huit se trouve actuellement en t\u00eate, avec deux des trois Fran\u00e7ais engag\u00e9s.<\/span><\/p>\n<ul>\n<li style=\"text-align: justify;\"><strong>\u00c0 ce sujet \u2013\u00a0<a href=\"https:\/\/dicodusport.fr\/blog\/mondiaux-vtt-2024-classement-xcc-hommes\/\">Mondiaux VTT 2024 \u2013 Classement XCC hommes<\/a><\/strong><\/li>\n<\/ul>\n<h2 style=\"text-align: justify;\">Koretzky a attendu le dernier tour<\/h2>\n<p style=\"text-align: justify;\"><span style=\"font-weight: 400;\">Le Britannique d&rsquo;INEOS Grenadiers ne s&rsquo;avoue \u00e9videmment pas vaincu. Il gratte seconde apr\u00e8s seconde et raccroche le wagon du deuxi\u00e8me groupe. \u00c0 l&rsquo;avant, les choses n&rsquo;\u00e9voluent pas. Il ne reste plus que 2 tours, aucun \u00e9cart n&rsquo;a \u00e9t\u00e9 fait. <\/span><b>Victor Koretzky <\/b><span style=\"font-weight: 400;\">est le premier \u00e0 acc\u00e9l\u00e9rer et prend quelques m\u00e8tres sur ce mini-peloton. <\/span><b>Charlie Aldridge <\/b><span style=\"font-weight: 400;\">m\u00e8ne la chasse derri\u00e8re lui, mais ne recolle pas. Le coureur de l&rsquo;\u00e9quipe Specialized est sacr\u00e9 champion du monde devant le Britannique et le Sud-Africain <\/span><b>Alan Hatherly<\/b><span style=\"font-weight: 400;\">.<\/span><\/p>\n<blockquote class=\"twitter-tweet\">\n<p dir=\"ltr\" lang=\"fr\">\ud83c\udf08VICTOR KORETZKY a \u00e9t\u00e9 sacr\u00e9 champion du monde de <a href=\"https:\/\/twitter.com\/hashtag\/vtt?src=hash&amp;ref_src=twsrc%5Etfw\">#vtt<\/a> <a href=\"https:\/\/twitter.com\/hashtag\/shorttrack?src=hash&amp;ref_src=twsrc%5Etfw\">#shorttrack<\/a> en devan\u00e7ant le Britannique Charlie Aldridge et le Sud-Africain Alan Hatherly 3e.<a href=\"https:\/\/twitter.com\/hashtag\/palarinsalandorra2024?src=hash&amp;ref_src=twsrc%5Etfw\">#palarinsalandorra2024<\/a> <a href=\"https:\/\/twitter.com\/hashtag\/mtb?src=hash&amp;ref_src=twsrc%5Etfw\">#mtb<\/a> <a href=\"https:\/\/twitter.com\/hashtag\/mountainbike?src=hash&amp;ref_src=twsrc%5Etfw\">#mountainbike<\/a> <a href=\"https:\/\/t.co\/jsXadw9Hn0\">pic.twitter.com\/jsXadw9Hn0<\/a><\/p>\n<p>\u2014 \ud83d\udeb4 Les Rois du Peloton \ud83d\udeb2 (@LRoisDuPeloton) <a href=\"https:\/\/twitter.com\/LRoisDuPeloton\/status\/1829562715142082931?ref_src=twsrc%5Etfw\">August 30, 2024<\/a><\/p><\/blockquote>\n<p><script async src=\"https:\/\/platform.twitter.com\/widgets.js\" charset=\"utf-8\"><\/script><\/p>\n","protected":false},"excerpt":{"rendered":"<p>Premier titre mondial pour Victor Koretzky sur le XCC<\/p>\n","protected":false},"author":61,"featured_media":516233,"comment_status":"open","ping_status":"closed","sticky":false,"template":"","format":"standard","meta":{"_acf_changed":false,"_daextam_enable_autolinks":"1","footnotes":""},"categories":[10279],"tags":[16878,41496,24,692,33854],"class_list":["post-516133","post","type-post","status-publish","format-standard","has-post-thumbnail","hentry","category-vtt","tag-breve","tag-pal-arinsal","tag-sport","tag-vtt","tag-vtt-xcc-pal-arinsal"],"acf":[],"yoast_head":"<!-- This site is optimized with the Yoast SEO Premium plugin v26.7 (Yoast SEO v26.7) - https:\/\/yoast.com\/wordpress\/plugins\/seo\/ -->\n<title>Mondiaux VTT 2024 : Premier titre mondial pour Victor Koretzky sur le XCC<\/title>\n<meta name=\"description\" content=\"VTT - Victor Koretzky portera un maillot arc-en-ciel pendant un an ! Le Fran\u00e7ais s&#039;est impos\u00e9 \u00e0 Pal Arinsal sur le short-track des Mondiaux.\" \/>\n<meta name=\"robots\" content=\"index, follow, max-snippet:-1, max-image-preview:large, max-video-preview:-1\" \/>\n<link rel=\"canonical\" href=\"https:\/\/dicodusport.fr\/blog\/mondiaux-vtt-2024-premier-titre-mondial-pour-victor-koretzky-sur-le-xcc\/\" \/>\n<meta property=\"og:locale\" content=\"fr_FR\" \/>\n<meta property=\"og:type\" content=\"article\" \/>\n<meta property=\"og:title\" content=\"Mondiaux VTT 2024 : Premier titre mondial pour Victor Koretzky sur le XCC\" \/>\n<meta property=\"og:description\" content=\"VTT - Victor Koretzky portera un maillot arc-en-ciel pendant un an ! Le Fran\u00e7ais s&#039;est impos\u00e9 \u00e0 Pal Arinsal sur le short-track des Mondiaux.\" \/>\n<meta property=\"og:url\" content=\"https:\/\/dicodusport.fr\/blog\/mondiaux-vtt-2024-premier-titre-mondial-pour-victor-koretzky-sur-le-xcc\/\" \/>\n<meta property=\"og:site_name\" content=\"Dicodusport\" \/>\n<meta property=\"article:publisher\" content=\"https:\/\/www.facebook.com\/dicodusport\" \/>\n<meta property=\"article:published_time\" content=\"2024-08-30T16:41:36+00:00\" \/>\n<meta property=\"article:modified_time\" content=\"2024-08-30T19:12:27+00:00\" \/>\n<meta property=\"og:image\" content=\"https:\/\/dicodusport.fr\/blog\/wp-content\/uploads\/2024\/08\/Mondiaux-VTT-2024-Premier-titre-mondial-pour-Victor-Koretzky-sur-le-XCC-1.png\" \/>\n\t<meta property=\"og:image:width\" content=\"1200\" \/>\n\t<meta property=\"og:image:height\" content=\"674\" \/>\n\t<meta property=\"og:image:type\" content=\"image\/png\" \/>\n<meta name=\"author\" content=\"Pierre Gorce\" \/>\n<meta name=\"twitter:card\" content=\"summary_large_image\" \/>\n<meta name=\"twitter:title\" content=\"Mondiaux VTT 2024 : Premier titre mondial pour Victor Koretzky sur le XCC\" \/>\n<meta name=\"twitter:creator\" content=\"@https:\/\/twitter.com\/pierregorce12\" \/>\n<meta name=\"twitter:site\" content=\"@dicodusport\" \/>\n<script type=\"application\/ld+json\" class=\"yoast-schema-graph\">{\"@context\":\"https:\/\/schema.org\",\"@graph\":[{\"@type\":\"NewsArticle\",\"@id\":\"https:\/\/dicodusport.fr\/blog\/mondiaux-vtt-2024-premier-titre-mondial-pour-victor-koretzky-sur-le-xcc\/#article\",\"isPartOf\":{\"@id\":\"https:\/\/dicodusport.fr\/blog\/mondiaux-vtt-2024-premier-titre-mondial-pour-victor-koretzky-sur-le-xcc\/\"},\"author\":{\"name\":\"Pierre Gorce\",\"@id\":\"https:\/\/dicodusport.fr\/blog\/#\/schema\/person\/0eaf70b33d703a1a66b1155ac1bda018\"},\"headline\":\"Mondiaux VTT 2024 : Premier titre mondial pour Victor Koretzky sur le XCC\",\"datePublished\":\"2024-08-30T16:41:36+00:00\",\"dateModified\":\"2024-08-30T19:12:27+00:00\",\"mainEntityOfPage\":{\"@id\":\"https:\/\/dicodusport.fr\/blog\/mondiaux-vtt-2024-premier-titre-mondial-pour-victor-koretzky-sur-le-xcc\/\"},\"wordCount\":398,\"commentCount\":0,\"publisher\":{\"@id\":\"https:\/\/dicodusport.fr\/blog\/#organization\"},\"image\":{\"@id\":\"https:\/\/dicodusport.fr\/blog\/mondiaux-vtt-2024-premier-titre-mondial-pour-victor-koretzky-sur-le-xcc\/#primaryimage\"},\"thumbnailUrl\":\"https:\/\/dicodusport.fr\/blog\/wp-content\/uploads\/2024\/08\/Mondiaux-VTT-2024-Premier-titre-mondial-pour-Victor-Koretzky-sur-le-XCC-1.png\",\"keywords\":[\"br\u00e8ve\",\"Pal Arinsal\",\"sport\",\"VTT\",\"VTT XCC Pal Arinsal\"],\"articleSection\":[\"VTT\"],\"inLanguage\":\"fr-FR\",\"potentialAction\":[{\"@type\":\"CommentAction\",\"name\":\"Comment\",\"target\":[\"https:\/\/dicodusport.fr\/blog\/mondiaux-vtt-2024-premier-titre-mondial-pour-victor-koretzky-sur-le-xcc\/#respond\"]}],\"copyrightYear\":\"2024\",\"copyrightHolder\":{\"@id\":\"https:\/\/dicodusport.fr\/blog\/#organization\"}},{\"@type\":\"WebPage\",\"@id\":\"https:\/\/dicodusport.fr\/blog\/mondiaux-vtt-2024-premier-titre-mondial-pour-victor-koretzky-sur-le-xcc\/\",\"url\":\"https:\/\/dicodusport.fr\/blog\/mondiaux-vtt-2024-premier-titre-mondial-pour-victor-koretzky-sur-le-xcc\/\",\"name\":\"Mondiaux VTT 2024 : Premier titre mondial pour Victor Koretzky sur le XCC\",\"isPartOf\":{\"@id\":\"https:\/\/dicodusport.fr\/blog\/#website\"},\"primaryImageOfPage\":{\"@id\":\"https:\/\/dicodusport.fr\/blog\/mondiaux-vtt-2024-premier-titre-mondial-pour-victor-koretzky-sur-le-xcc\/#primaryimage\"},\"image\":{\"@id\":\"https:\/\/dicodusport.fr\/blog\/mondiaux-vtt-2024-premier-titre-mondial-pour-victor-koretzky-sur-le-xcc\/#primaryimage\"},\"thumbnailUrl\":\"https:\/\/dicodusport.fr\/blog\/wp-content\/uploads\/2024\/08\/Mondiaux-VTT-2024-Premier-titre-mondial-pour-Victor-Koretzky-sur-le-XCC-1.png\",\"datePublished\":\"2024-08-30T16:41:36+00:00\",\"dateModified\":\"2024-08-30T19:12:27+00:00\",\"description\":\"VTT - Victor Koretzky portera un maillot arc-en-ciel pendant un an ! Le Fran\u00e7ais s'est impos\u00e9 \u00e0 Pal Arinsal sur le short-track des Mondiaux.\",\"breadcrumb\":{\"@id\":\"https:\/\/dicodusport.fr\/blog\/mondiaux-vtt-2024-premier-titre-mondial-pour-victor-koretzky-sur-le-xcc\/#breadcrumb\"},\"inLanguage\":\"fr-FR\",\"potentialAction\":[{\"@type\":\"ReadAction\",\"target\":[\"https:\/\/dicodusport.fr\/blog\/mondiaux-vtt-2024-premier-titre-mondial-pour-victor-koretzky-sur-le-xcc\/\"]}]},{\"@type\":\"ImageObject\",\"inLanguage\":\"fr-FR\",\"@id\":\"https:\/\/dicodusport.fr\/blog\/mondiaux-vtt-2024-premier-titre-mondial-pour-victor-koretzky-sur-le-xcc\/#primaryimage\",\"url\":\"https:\/\/dicodusport.fr\/blog\/wp-content\/uploads\/2024\/08\/Mondiaux-VTT-2024-Premier-titre-mondial-pour-Victor-Koretzky-sur-le-XCC-1.png\",\"contentUrl\":\"https:\/\/dicodusport.fr\/blog\/wp-content\/uploads\/2024\/08\/Mondiaux-VTT-2024-Premier-titre-mondial-pour-Victor-Koretzky-sur-le-XCC-1.png\",\"width\":1200,\"height\":674,\"caption\":\"Mondiaux VTT 2024 Premier titre mondial pour Victor Koretzky sur le XCC (1)\"},{\"@type\":\"BreadcrumbList\",\"@id\":\"https:\/\/dicodusport.fr\/blog\/mondiaux-vtt-2024-premier-titre-mondial-pour-victor-koretzky-sur-le-xcc\/#breadcrumb\",\"itemListElement\":[{\"@type\":\"ListItem\",\"position\":1,\"name\":\"Accueil\",\"item\":\"https:\/\/dicodusport.fr\/blog\/\"},{\"@type\":\"ListItem\",\"position\":2,\"name\":\"Mondiaux VTT 2024 : Premier titre mondial pour Victor Koretzky sur le XCC\"}]},{\"@type\":\"WebSite\",\"@id\":\"https:\/\/dicodusport.fr\/blog\/#website\",\"url\":\"https:\/\/dicodusport.fr\/blog\/\",\"name\":\"Dicodusport\",\"description\":\"L&#039;encyclop\u00e9die de l&#039;actualit\u00e9 sportive\",\"publisher\":{\"@id\":\"https:\/\/dicodusport.fr\/blog\/#organization\"},\"potentialAction\":[{\"@type\":\"SearchAction\",\"target\":{\"@type\":\"EntryPoint\",\"urlTemplate\":\"https:\/\/dicodusport.fr\/blog\/?s={search_term_string}\"},\"query-input\":{\"@type\":\"PropertyValueSpecification\",\"valueRequired\":true,\"valueName\":\"search_term_string\"}}],\"inLanguage\":\"fr-FR\"},{\"@type\":\"NewsMediaOrganization\",\"@id\":\"https:\/\/dicodusport.fr\/blog\/#organization\",\"name\":\"Dicodusport\",\"url\":\"https:\/\/dicodusport.fr\/blog\/\",\"logo\":{\"@type\":\"ImageObject\",\"inLanguage\":\"fr-FR\",\"@id\":\"https:\/\/dicodusport.fr\/blog\/#\/schema\/logo\/image\/\",\"url\":\"https:\/\/dicodusport.fr\/blog\/wp-content\/uploads\/2020\/06\/cropped-LOGO-DICODUSPORT-2020-SANS-FOND-SANS-TEXTE.png\",\"contentUrl\":\"https:\/\/dicodusport.fr\/blog\/wp-content\/uploads\/2020\/06\/cropped-LOGO-DICODUSPORT-2020-SANS-FOND-SANS-TEXTE.png\",\"width\":512,\"height\":512,\"caption\":\"Dicodusport\"},\"image\":{\"@id\":\"https:\/\/dicodusport.fr\/blog\/#\/schema\/logo\/image\/\"},\"sameAs\":[\"https:\/\/www.facebook.com\/dicodusport\",\"https:\/\/x.com\/dicodusport\",\"https:\/\/www.instagram.com\/dicodusport\/\",\"https:\/\/www.youtube.com\/channel\/UC7V2KZ5sd3htJivAbA4ZG3w\"],\"description\":\"Dicodusport est l'encyclop\u00e9die de l'actualit\u00e9 sportive.\",\"email\":\"bonjour@dicodusport.fr\",\"legalName\":\"DICODUSPORT\",\"foundingDate\":\"2018-01-14\",\"vatID\":\"FR71834470973\",\"taxID\":\"83447097300043\",\"numberOfEmployees\":{\"@type\":\"QuantitativeValue\",\"minValue\":\"1\",\"maxValue\":\"10\"}},{\"@type\":\"Person\",\"@id\":\"https:\/\/dicodusport.fr\/blog\/#\/schema\/person\/0eaf70b33d703a1a66b1155ac1bda018\",\"name\":\"Pierre Gorce\",\"image\":{\"@type\":\"ImageObject\",\"inLanguage\":\"fr-FR\",\"@id\":\"https:\/\/dicodusport.fr\/blog\/#\/schema\/person\/image\/\",\"url\":\"https:\/\/dicodusport.fr\/blog\/wp-content\/uploads\/2022\/03\/IMG_20211214_233053_722-150x150.jpg\",\"contentUrl\":\"https:\/\/dicodusport.fr\/blog\/wp-content\/uploads\/2022\/03\/IMG_20211214_233053_722-150x150.jpg\",\"caption\":\"Pierre Gorce\"},\"description\":\"Couteau suisse venant tout droit de Haute-Savoie. Habitu\u00e9 \u00e0 regarder du sport depuis petit, j'en ai maintenant fait mon m\u00e9tier. Des sports d'hiver au surf, en passant par le tennis, la F1, le handball et l'athl\u00e9tisme, j'essaie d'avoir mes yeux sur l'enti\u00e8ret\u00e9 de l'actualit\u00e9. Jeune homme berc\u00e9 par les exploits de Jean-Baptiste Grange, Sebastian Vettel et des Experts. Membre de la g\u00e9n\u00e9ration 1999 comme Luka Doncic, Sydney McLaughlin, Lando Norris et Loana Lecomte, mais avec beaucoup moins de talent qu'eux.\",\"sameAs\":[\"https:\/\/x.com\/https:\/\/twitter.com\/pierregorce12\"],\"birthDate\":\"1999-08-29\",\"url\":\"https:\/\/dicodusport.fr\/blog\/author\/pierreg\/\"}]}<\/script>\n<!-- \/ Yoast SEO Premium plugin. -->","yoast_head_json":{"title":"Mondiaux VTT 2024 : Premier titre mondial pour Victor Koretzky sur le XCC","description":"VTT - Victor Koretzky portera un maillot arc-en-ciel pendant un an ! Le Fran\u00e7ais s'est impos\u00e9 \u00e0 Pal Arinsal sur le short-track des Mondiaux.","robots":{"index":"index","follow":"follow","max-snippet":"max-snippet:-1","max-image-preview":"max-image-preview:large","max-video-preview":"max-video-preview:-1"},"canonical":"https:\/\/dicodusport.fr\/blog\/mondiaux-vtt-2024-premier-titre-mondial-pour-victor-koretzky-sur-le-xcc\/","og_locale":"fr_FR","og_type":"article","og_title":"Mondiaux VTT 2024 : Premier titre mondial pour Victor Koretzky sur le XCC","og_description":"VTT - Victor Koretzky portera un maillot arc-en-ciel pendant un an ! Le Fran\u00e7ais s'est impos\u00e9 \u00e0 Pal Arinsal sur le short-track des Mondiaux.","og_url":"https:\/\/dicodusport.fr\/blog\/mondiaux-vtt-2024-premier-titre-mondial-pour-victor-koretzky-sur-le-xcc\/","og_site_name":"Dicodusport","article_publisher":"https:\/\/www.facebook.com\/dicodusport","article_published_time":"2024-08-30T16:41:36+00:00","article_modified_time":"2024-08-30T19:12:27+00:00","og_image":[{"width":1200,"height":674,"url":"https:\/\/dicodusport.fr\/blog\/wp-content\/uploads\/2024\/08\/Mondiaux-VTT-2024-Premier-titre-mondial-pour-Victor-Koretzky-sur-le-XCC-1.png","type":"image\/png"}],"author":"Pierre Gorce","twitter_card":"summary_large_image","twitter_title":"Mondiaux VTT 2024 : Premier titre mondial pour Victor Koretzky sur le XCC","twitter_creator":"@https:\/\/twitter.com\/pierregorce12","twitter_site":"@dicodusport","schema":{"@context":"https:\/\/schema.org","@graph":[{"@type":"NewsArticle","@id":"https:\/\/dicodusport.fr\/blog\/mondiaux-vtt-2024-premier-titre-mondial-pour-victor-koretzky-sur-le-xcc\/#article","isPartOf":{"@id":"https:\/\/dicodusport.fr\/blog\/mondiaux-vtt-2024-premier-titre-mondial-pour-victor-koretzky-sur-le-xcc\/"},"author":{"name":"Pierre Gorce","@id":"https:\/\/dicodusport.fr\/blog\/#\/schema\/person\/0eaf70b33d703a1a66b1155ac1bda018"},"headline":"Mondiaux VTT 2024 : Premier titre mondial pour Victor Koretzky sur le XCC","datePublished":"2024-08-30T16:41:36+00:00","dateModified":"2024-08-30T19:12:27+00:00","mainEntityOfPage":{"@id":"https:\/\/dicodusport.fr\/blog\/mondiaux-vtt-2024-premier-titre-mondial-pour-victor-koretzky-sur-le-xcc\/"},"wordCount":398,"commentCount":0,"publisher":{"@id":"https:\/\/dicodusport.fr\/blog\/#organization"},"image":{"@id":"https:\/\/dicodusport.fr\/blog\/mondiaux-vtt-2024-premier-titre-mondial-pour-victor-koretzky-sur-le-xcc\/#primaryimage"},"thumbnailUrl":"https:\/\/dicodusport.fr\/blog\/wp-content\/uploads\/2024\/08\/Mondiaux-VTT-2024-Premier-titre-mondial-pour-Victor-Koretzky-sur-le-XCC-1.png","keywords":["br\u00e8ve","Pal Arinsal","sport","VTT","VTT XCC Pal Arinsal"],"articleSection":["VTT"],"inLanguage":"fr-FR","potentialAction":[{"@type":"CommentAction","name":"Comment","target":["https:\/\/dicodusport.fr\/blog\/mondiaux-vtt-2024-premier-titre-mondial-pour-victor-koretzky-sur-le-xcc\/#respond"]}],"copyrightYear":"2024","copyrightHolder":{"@id":"https:\/\/dicodusport.fr\/blog\/#organization"}},{"@type":"WebPage","@id":"https:\/\/dicodusport.fr\/blog\/mondiaux-vtt-2024-premier-titre-mondial-pour-victor-koretzky-sur-le-xcc\/","url":"https:\/\/dicodusport.fr\/blog\/mondiaux-vtt-2024-premier-titre-mondial-pour-victor-koretzky-sur-le-xcc\/","name":"Mondiaux VTT 2024 : Premier titre mondial pour Victor Koretzky sur le XCC","isPartOf":{"@id":"https:\/\/dicodusport.fr\/blog\/#website"},"primaryImageOfPage":{"@id":"https:\/\/dicodusport.fr\/blog\/mondiaux-vtt-2024-premier-titre-mondial-pour-victor-koretzky-sur-le-xcc\/#primaryimage"},"image":{"@id":"https:\/\/dicodusport.fr\/blog\/mondiaux-vtt-2024-premier-titre-mondial-pour-victor-koretzky-sur-le-xcc\/#primaryimage"},"thumbnailUrl":"https:\/\/dicodusport.fr\/blog\/wp-content\/uploads\/2024\/08\/Mondiaux-VTT-2024-Premier-titre-mondial-pour-Victor-Koretzky-sur-le-XCC-1.png","datePublished":"2024-08-30T16:41:36+00:00","dateModified":"2024-08-30T19:12:27+00:00","description":"VTT - Victor Koretzky portera un maillot arc-en-ciel pendant un an ! Le Fran\u00e7ais s'est impos\u00e9 \u00e0 Pal Arinsal sur le short-track des Mondiaux.","breadcrumb":{"@id":"https:\/\/dicodusport.fr\/blog\/mondiaux-vtt-2024-premier-titre-mondial-pour-victor-koretzky-sur-le-xcc\/#breadcrumb"},"inLanguage":"fr-FR","potentialAction":[{"@type":"ReadAction","target":["https:\/\/dicodusport.fr\/blog\/mondiaux-vtt-2024-premier-titre-mondial-pour-victor-koretzky-sur-le-xcc\/"]}]},{"@type":"ImageObject","inLanguage":"fr-FR","@id":"https:\/\/dicodusport.fr\/blog\/mondiaux-vtt-2024-premier-titre-mondial-pour-victor-koretzky-sur-le-xcc\/#primaryimage","url":"https:\/\/dicodusport.fr\/blog\/wp-content\/uploads\/2024\/08\/Mondiaux-VTT-2024-Premier-titre-mondial-pour-Victor-Koretzky-sur-le-XCC-1.png","contentUrl":"https:\/\/dicodusport.fr\/blog\/wp-content\/uploads\/2024\/08\/Mondiaux-VTT-2024-Premier-titre-mondial-pour-Victor-Koretzky-sur-le-XCC-1.png","width":1200,"height":674,"caption":"Mondiaux VTT 2024 Premier titre mondial pour Victor Koretzky sur le XCC (1)"},{"@type":"BreadcrumbList","@id":"https:\/\/dicodusport.fr\/blog\/mondiaux-vtt-2024-premier-titre-mondial-pour-victor-koretzky-sur-le-xcc\/#breadcrumb","itemListElement":[{"@type":"ListItem","position":1,"name":"Accueil","item":"https:\/\/dicodusport.fr\/blog\/"},{"@type":"ListItem","position":2,"name":"Mondiaux VTT 2024 : Premier titre mondial pour Victor Koretzky sur le XCC"}]},{"@type":"WebSite","@id":"https:\/\/dicodusport.fr\/blog\/#website","url":"https:\/\/dicodusport.fr\/blog\/","name":"Dicodusport","description":"L&#039;encyclop\u00e9die de l&#039;actualit\u00e9 sportive","publisher":{"@id":"https:\/\/dicodusport.fr\/blog\/#organization"},"potentialAction":[{"@type":"SearchAction","target":{"@type":"EntryPoint","urlTemplate":"https:\/\/dicodusport.fr\/blog\/?s={search_term_string}"},"query-input":{"@type":"PropertyValueSpecification","valueRequired":true,"valueName":"search_term_string"}}],"inLanguage":"fr-FR"},{"@type":"NewsMediaOrganization","@id":"https:\/\/dicodusport.fr\/blog\/#organization","name":"Dicodusport","url":"https:\/\/dicodusport.fr\/blog\/","logo":{"@type":"ImageObject","inLanguage":"fr-FR","@id":"https:\/\/dicodusport.fr\/blog\/#\/schema\/logo\/image\/","url":"https:\/\/dicodusport.fr\/blog\/wp-content\/uploads\/2020\/06\/cropped-LOGO-DICODUSPORT-2020-SANS-FOND-SANS-TEXTE.png","contentUrl":"https:\/\/dicodusport.fr\/blog\/wp-content\/uploads\/2020\/06\/cropped-LOGO-DICODUSPORT-2020-SANS-FOND-SANS-TEXTE.png","width":512,"height":512,"caption":"Dicodusport"},"image":{"@id":"https:\/\/dicodusport.fr\/blog\/#\/schema\/logo\/image\/"},"sameAs":["https:\/\/www.facebook.com\/dicodusport","https:\/\/x.com\/dicodusport","https:\/\/www.instagram.com\/dicodusport\/","https:\/\/www.youtube.com\/channel\/UC7V2KZ5sd3htJivAbA4ZG3w"],"description":"Dicodusport est l'encyclop\u00e9die de l'actualit\u00e9 sportive.","email":"bonjour@dicodusport.fr","legalName":"DICODUSPORT","foundingDate":"2018-01-14","vatID":"FR71834470973","taxID":"83447097300043","numberOfEmployees":{"@type":"QuantitativeValue","minValue":"1","maxValue":"10"}},{"@type":"Person","@id":"https:\/\/dicodusport.fr\/blog\/#\/schema\/person\/0eaf70b33d703a1a66b1155ac1bda018","name":"Pierre Gorce","image":{"@type":"ImageObject","inLanguage":"fr-FR","@id":"https:\/\/dicodusport.fr\/blog\/#\/schema\/person\/image\/","url":"https:\/\/dicodusport.fr\/blog\/wp-content\/uploads\/2022\/03\/IMG_20211214_233053_722-150x150.jpg","contentUrl":"https:\/\/dicodusport.fr\/blog\/wp-content\/uploads\/2022\/03\/IMG_20211214_233053_722-150x150.jpg","caption":"Pierre Gorce"},"description":"Couteau suisse venant tout droit de Haute-Savoie. Habitu\u00e9 \u00e0 regarder du sport depuis petit, j'en ai maintenant fait mon m\u00e9tier. Des sports d'hiver au surf, en passant par le tennis, la F1, le handball et l'athl\u00e9tisme, j'essaie d'avoir mes yeux sur l'enti\u00e8ret\u00e9 de l'actualit\u00e9. Jeune homme berc\u00e9 par les exploits de Jean-Baptiste Grange, Sebastian Vettel et des Experts. Membre de la g\u00e9n\u00e9ration 1999 comme Luka Doncic, Sydney McLaughlin, Lando Norris et Loana Lecomte, mais avec beaucoup moins de talent qu'eux.","sameAs":["https:\/\/x.com\/https:\/\/twitter.com\/pierregorce12"],"birthDate":"1999-08-29","url":"https:\/\/dicodusport.fr\/blog\/author\/pierreg\/"}]}},"_links":{"self":[{"href":"https:\/\/dicodusport.fr\/blog\/wp-json\/wp\/v2\/posts\/516133","targetHints":{"allow":["GET"]}}],"collection":[{"href":"https:\/\/dicodusport.fr\/blog\/wp-json\/wp\/v2\/posts"}],"about":[{"href":"https:\/\/dicodusport.fr\/blog\/wp-json\/wp\/v2\/types\/post"}],"author":[{"embeddable":true,"href":"https:\/\/dicodusport.fr\/blog\/wp-json\/wp\/v2\/users\/61"}],"replies":[{"embeddable":true,"href":"https:\/\/dicodusport.fr\/blog\/wp-json\/wp\/v2\/comments?post=516133"}],"version-history":[{"count":5,"href":"https:\/\/dicodusport.fr\/blog\/wp-json\/wp\/v2\/posts\/516133\/revisions"}],"predecessor-version":[{"id":516160,"href":"https:\/\/dicodusport.fr\/blog\/wp-json\/wp\/v2\/posts\/516133\/revisions\/516160"}],"wp:featuredmedia":[{"embeddable":true,"href":"https:\/\/dicodusport.fr\/blog\/wp-json\/wp\/v2\/media\/516233"}],"wp:attachment":[{"href":"https:\/\/dicodusport.fr\/blog\/wp-json\/wp\/v2\/media?parent=516133"}],"wp:term":[{"taxonomy":"category","embeddable":true,"href":"https:\/\/dicodusport.fr\/blog\/wp-json\/wp\/v2\/categories?post=516133"},{"taxonomy":"post_tag","embeddable":true,"href":"https:\/\/dicodusport.fr\/blog\/wp-json\/wp\/v2\/tags?post=516133"}],"curies":[{"name":"wp","href":"https:\/\/api.w.org\/{rel}","templated":true}]}}