{"id":516202,"date":"2024-08-30T22:54:25","date_gmt":"2024-08-30T20:54:25","guid":{"rendered":"https:\/\/dicodusport.fr\/blog\/?p=516202&#038;preview=true&#038;preview_id=516202"},"modified":"2024-08-30T23:08:17","modified_gmt":"2024-08-30T21:08:17","slug":"pro-d2-j1-le-recapitulatif-des-matchs-de-ce-vendredi-soir","status":"publish","type":"post","link":"https:\/\/dicodusport.fr\/blog\/pro-d2-j1-le-recapitulatif-des-matchs-de-ce-vendredi-soir\/","title":{"rendered":"Pro D2 (J1) : Le r\u00e9capitulatif des matchs de ce vendredi soir"},"content":{"rendered":"<p style=\"text-align: justify;\"><strong><em>PRO D2 2024-2025 \u2013 Provence Rugby s\u2019impose miraculeusement contre Agen, le promu ni\u00e7ois d\u00e9croche un point face \u00e0 B\u00e9ziers, le SAXV fait le plein de points \u00e0 Aurillac\u2026 Le r\u00e9capitulatif des matchs de ce vendredi soir.<\/em><\/strong><\/p>\n<ul>\n<li style=\"text-align: justify;\"><strong>\u00c0 ce sujet &#8211; <a href=\"https:\/\/dicodusport.fr\/blog\/classement-pro-d2-2024-2025\/\">Classement de Pro D2 2024-2025<\/a><\/strong><\/li>\n<\/ul>\n<h2 style=\"text-align: justify;\"><strong>Nice prend le point du bonus d\u00e9fensif face \u00e0 B\u00e9ziers<\/strong><\/h2>\n<p style=\"text-align: justify;\">B\u00e9ziers et Nice lan\u00e7aient ce superbe vendredi de Pro D2. On n\u2019aura pas vu beaucoup d\u2019essais dans cette partie, puisque seul <strong>Otunuku Pauta<\/strong> va r\u00e9ussir \u00e0 marquer (\u00e0 la 18<sup>e<\/sup> minute), pour le plus grand bonheur des Biterrois. L\u2019ASBH a pu \u00e9galement compter sur les 3 bons coups de pied de son demi de m\u00eal\u00e9e pour prendre 10 points d\u2019avance \u00e0 la pause (3-13). En seconde p\u00e9riode, les Aigles ont inscrit 2 nouvelles p\u00e9nalit\u00e9s, mais insuffisant pour repasser devant (<strong>9-13<\/strong>). Avec ce succ\u00e8s, les demi-finalistes de l\u2019an pass\u00e9 entament parfaitement cette nouvelle \u00e9dition de championnat. Pour leur premi\u00e8re en Pro D2, les Ni\u00e7ois prennent tout de m\u00eame le point du bonus d\u00e9fensif. Une jolie satisfaction pour le promu\u00a0!<\/p>\n<blockquote class=\"twitter-tweet\">\n<p dir=\"ltr\" lang=\"fr\">\ud83d\udd1a Les rouge &amp; bleu sortent vainqueurs d\u2019un v\u00e9ritable bras de fer en terre ni\u00e7oise ! Gr\u00e2ce \u00e0 une grosse prestation en d\u00e9fense, les Biterrois lancent id\u00e9alement leur saison avec un premier succ\u00e8s \u00e0 l\u2019ext\u00e9rieur \ud83e\udd29<\/p>\n<p>\u25b6 Place maintenant \u00e0 la r\u00e9ception du BO \u00e0 Raoul-Barri\u00e8re ! <a href=\"https:\/\/t.co\/YNbNcMx9rF\">pic.twitter.com\/YNbNcMx9rF<\/a><\/p>\n<p>\u2014 ASBH Officiel (@ASBHOfficiel) <a href=\"https:\/\/twitter.com\/ASBHOfficiel\/status\/1829596247617126778?ref_src=twsrc%5Etfw\">August 30, 2024<\/a><\/p><\/blockquote>\n<p><script async src=\"https:\/\/platform.twitter.com\/widgets.js\" charset=\"utf-8\"><\/script><\/p>\n<h2 style=\"text-align: justify;\"><strong>Soyaux-Angoul\u00eame prend la t\u00eate de la Pro D2<\/strong><\/h2>\n<p style=\"text-align: justify;\">La rencontre entre Aurillac et Soyaux-Angoul\u00eame aura \u00e9t\u00e9 la plus prolifique de cette premi\u00e8re journ\u00e9e. C\u2019\u00e9tait une v\u00e9ritable partie de ping-pong, durant laquelle les deux \u00e9quipes ont successivement eu leurs temps forts et leurs temps faibles. Les Charentais faisaient la course en t\u00eate apr\u00e8s le premier quart d\u2019heure (6-12), puis \u00e0 la mi-temps (13-17), gr\u00e2ce \u00e0 un doubl\u00e9 de <strong>Matthys Gratien<\/strong>. Aux alentours de l\u2019heure de jeu, les Auvergnats sont mont\u00e9s en puissance, et ont repris les commandes de la rencontre (24-17). Toutefois, les visiteurs ont remis un coup d\u2019acc\u00e9l\u00e9rateur en fin de match, et ont inscrit 2 essais coup sur coup pour aller chercher la victoire (<strong>24-31<\/strong>). Avec ce succ\u00e8s bonifi\u00e9, le SAXV prend actuellement la premi\u00e8re place du championnat.<\/p>\n<blockquote class=\"twitter-tweet\">\n<p dir=\"ltr\" lang=\"fr\">\ud83d\udd1a \ud835\ude41\ud835\ude5e\ud835\ude63 \ud835\ude59\ud835\ude5a \ud835\ude62\ud835\ude56\ud835\ude69\ud835\ude58\ud835\ude5d \ud835\ude56\u0300 \ud835\ude45\ud835\ude5a\ud835\ude56\ud835\ude63-\ud835\ude3c\ud835\ude61\ud835\ude67\ud835\ude5e\ud835\ude58 !<br \/>\nMagnifique succ\u00e8s bonifi\u00e9 de nos violets face \u00e0 Aurillac pour d\u00e9marrer la saison ! \ud83e\udd29<br \/>\nRendez-vous \u00e0 Chanzy la semaine prochaine pour cette premi\u00e8re de feu face au CA Brive !<a href=\"https:\/\/twitter.com\/hashtag\/PROD2?src=hash&amp;ref_src=twsrc%5Etfw\">#PROD2<\/a> | <a href=\"https:\/\/twitter.com\/hashtag\/SASAXV?src=hash&amp;ref_src=twsrc%5Etfw\">#SASAXV<\/a> <a href=\"https:\/\/t.co\/ch7TFWIrVq\">pic.twitter.com\/ch7TFWIrVq<\/a><\/p>\n<p>\u2014 SA XV Charente Rugby (@SAXV_Charente) <a href=\"https:\/\/twitter.com\/SAXV_Charente\/status\/1829603106365325824?ref_src=twsrc%5Etfw\">August 30, 2024<\/a><\/p><\/blockquote>\n<p><script async src=\"https:\/\/platform.twitter.com\/widgets.js\" charset=\"utf-8\"><\/script><\/p>\n<h2 style=\"text-align: justify;\"><strong>Dax et\u00a0Grenoble font le travail<\/strong><\/h2>\n<p style=\"text-align: justify;\">Sur leur pelouse, les Dacquois ont domin\u00e9 Montauban (<strong>24-12<\/strong>). L\u2019essentiel des points de la partie ont \u00e9t\u00e9 inscrits en premi\u00e8re p\u00e9riode. Dax a marqu\u00e9 ses trois essais (transform\u00e9s) gr\u00e2ce \u00e0 <strong>Lolohea<\/strong>, <strong>Vatubua<\/strong> et <strong>Barr\u00e8re<\/strong>, puis n\u2019ont rien inscrit en seconde mi-temps. Du c\u00f4t\u00e9 de l\u2019USM, ils auront bien d\u00e9but\u00e9 et bien fini, avec un essai d\u2019Ahmed (23<sup>e<\/sup>) et de Renda \u00e0 la 80<sup>e<\/sup> minute.<\/p>\n<p style=\"text-align: justify;\">L\u2019USO Nevers Rugby accueillait le gros poisson grenoblois, finaliste malheureux des playoffs de la saison 2023-2024. Les Nivernais ont plut\u00f4t bien accroch\u00e9 les Grenoblois, puisqu\u2019un seul petit point s\u00e9parait les deux formations \u00e0 la pause (13-14). Mais au retour des vestiaires, le FCG a pris un peu d\u2019avance gr\u00e2ce \u00e0 son buteur <strong>Sam Davies<\/strong> (auteur de trois p\u00e9nalit\u00e9s et 1 drop). En toute fin de match, <strong>Jules-Rosette<\/strong> inscrira un ultime essai anecdotique en faveur de Nevers (<strong>20-26<\/strong>). Belle op\u00e9ration de la part de Grenoble, qui tient son rang pour cette entame de Pro D2.<\/p>\n<blockquote class=\"twitter-tweet\">\n<p dir=\"ltr\" lang=\"fr\">Les Rouge &amp; Bleu lancent parfaitement leur saison en gagnant \u00e0 l\u2019ext\u00e9rieur, \u00e0 Nevers ! \ud83d\udd34\ud83d\udd35<br \/>\nLe prochain rendez-vous ? Vendredi prochain \u00e0 21h au Stade des Alpes, pour la r\u00e9ception de Provence Rugby ! On vous attend toutes et tous au stade !!<br \/>\nBilletterie et abonnements :\u2026 <a href=\"https:\/\/t.co\/bruOjpWLcY\">pic.twitter.com\/bruOjpWLcY<\/a><\/p>\n<p>\u2014 FC Grenoble Rugby #AllezFCG (@FCGrugby) <a href=\"https:\/\/twitter.com\/FCGrugby\/status\/1829601441683472437?ref_src=twsrc%5Etfw\">August 30, 2024<\/a><\/p><\/blockquote>\n<p><script async src=\"https:\/\/platform.twitter.com\/widgets.js\" charset=\"utf-8\"><\/script><\/p>\n<h2 style=\"text-align: justify;\"><strong>Colomiers et Biarritz s\u2019imposent au forceps<\/strong><\/h2>\n<p style=\"text-align: justify;\">Le stade montois pourra nourrir des regrets, en cette premi\u00e8re journ\u00e9e de championnat. Alors que les abeilles menaient 16 \u00e0 5 \u00e0 la mi-temps, Mont-de-Marsan s\u2019est fait totalement renverser en seconde p\u00e9riode. Deux p\u00e9nalit\u00e9s de <strong>De la Vega <\/strong>et un essai transform\u00e9 de <strong>Pacome<\/strong> ont permis \u00e0 Colomiers Rugby d\u2019arracher la victoire au bout du suspense (<strong>16-18<\/strong>). L\u2019\u00e9quipe domicile prend tout de m\u00eame le petit point du bonus d\u00e9fensif, mais il n\u2019occultera pas la d\u00e9ception.<\/p>\n<p style=\"text-align: justify;\">\u00c0 l\u2019instar du match pr\u00e9c\u00e9dent, ce duel entre Biarritz et Valence s\u2019est tenu dans un mouchoir de poche. Durant la premi\u00e8re p\u00e9riode, <strong>M\u00e9ret<\/strong> a inscrit trois p\u00e9nalit\u00e9s en faveur des Valentinois, mais c\u2019est bien Biarritz qui est rentr\u00e9 aux vestiaires avec 4 points d\u2019avance (notamment gr\u00e2ce aux essais de <strong>Martinez<\/strong> et <strong>Cordin<\/strong>). Apr\u00e8s la pause, les Biarrots ont creus\u00e9 l\u2019\u00e9cart (23-9), mais ils se sont faits tr\u00e8s peur. Valence a inscrit deux essais, mais n\u2019a pu en transformer qu\u2019un seul. Ce sont finalement les 2 petits points qui manqueront au club au damier pour arracher le match nul (<strong>23-21<\/strong>).<\/p>\n<h2 style=\"text-align: justify;\"><strong>Provence Rugby l\u2019emporte dans la difficult\u00e9<\/strong><\/h2>\n<p style=\"text-align: justify;\">Provence Rugby et Agen cl\u00f4turaient cette grosse journ\u00e9e de Pro D2. Le leader du dernier championnat aura connu une soir\u00e9e extr\u00eamement compliqu\u00e9e. Alors que les Aixois menaient 14 \u00e0 6 \u00e0 la demi-heure de jeu, ils ont petit \u00e0 petit perdu le fil de la rencontre. Deux essais de <strong>Madigan <\/strong>(35<sup>e<\/sup>) et <strong>Olmstead<\/strong> (49<sup>e<\/sup>) ont permis \u00e0 Agen de devancer les Proven\u00e7aux (14-18). Pour complexifier encore plus la t\u00e2che, <strong>Piazzoli <\/strong>prend un carton rouge, laissant son \u00e9quipe \u00e0 14 pendant 35 minutes. Aix-en-Provence parvient \u00e0 repasser devant gr\u00e2ce \u00e0 <strong>Gopperth<\/strong>, auteur de l\u2019essai et de la transformation. <strong>Searle <\/strong>a eu l\u2019occasion de ramener Agen \u00e0 \u00e9galit\u00e9, mais son coup de pied fuit les perches. Provence Rugby s\u2019impose finalement <strong>21 \u00e0 18<\/strong> et l\u2019emporte miraculeusement. Que ce fut dur\u00a0!<\/p>\n<blockquote class=\"twitter-tweet\">\n<p dir=\"ltr\" lang=\"fr\"><a href=\"https:\/\/twitter.com\/hashtag\/PROD2?src=hash&amp;ref_src=twsrc%5Etfw\">#PROD2<\/a> <a href=\"https:\/\/twitter.com\/hashtag\/PRSUA?src=hash&amp;ref_src=twsrc%5Etfw\">#PRSUA<\/a> &#8211; J1<br \/>\nIl ne fallait pas manquer une seconde de cette rencontre \ud83c\udf7f<a href=\"https:\/\/twitter.com\/ProvenceRugby?ref_src=twsrc%5Etfw\">@ProvenceRugby<\/a> est parvenu \u00e0 s&rsquo;imposer dans les derniers instants \u231b\ufe0f<\/p>\n<p>&#8212;<br \/>\nLes d\u00e9tails de la rencontre \ud83d\udc49 <a href=\"https:\/\/t.co\/LwUN6zjZJF\">https:\/\/t.co\/LwUN6zjZJF<\/a> <a href=\"https:\/\/t.co\/OkNBCYkdHF\">pic.twitter.com\/OkNBCYkdHF<\/a><\/p>\n<p>\u2014 Rugby PRO D2 (@rugbyprod2) <a href=\"https:\/\/twitter.com\/rugbyprod2\/status\/1829623753699181036?ref_src=twsrc%5Etfw\">August 30, 2024<\/a><\/p><\/blockquote>\n<p><script async src=\"https:\/\/platform.twitter.com\/widgets.js\" charset=\"utf-8\"><\/script><\/p>\n","protected":false},"excerpt":{"rendered":"<p>Le r\u00e9capitulatif des matchs de ce vendredi soir<\/p>\n","protected":false},"author":86,"featured_media":516296,"comment_status":"open","ping_status":"closed","sticky":false,"template":"","format":"standard","meta":{"_acf_changed":false,"_daextam_enable_autolinks":"1","footnotes":""},"categories":[9129],"tags":[32415,2339,1686,16878,10280,23015,2185,10334,10237,16881,10413,16928,2100],"class_list":["post-516202","post","type-post","status-publish","format-standard","has-post-thumbnail","hentry","category-rugby-a-xv","tag-actu","tag-agen","tag-biarritz","tag-breve","tag-colomiers-rugby","tag-dax","tag-fc-grenoble-rugby","tag-montauban","tag-provence-rugby","tag-soyaux-angouleme","tag-stade-aurillacois","tag-stade-montois","tag-valence"],"acf":[],"yoast_head":"<!-- This site is optimized with the Yoast SEO Premium plugin v26.7 (Yoast SEO v26.7) - https:\/\/yoast.com\/wordpress\/plugins\/seo\/ -->\n<title>Pro D2 (J1) : Le r\u00e9capitulatif des matchs de ce vendredi soir<\/title>\n<meta name=\"description\" content=\"R\u00e9sultats et r\u00e9capitulatif des matchs de la premi\u00e8re journ\u00e9e de Pro D2 2024-2025. Provence Rugby s&#039;impose miraculeusement contre Agen.\" \/>\n<meta name=\"robots\" content=\"index, follow, max-snippet:-1, max-image-preview:large, max-video-preview:-1\" \/>\n<link rel=\"canonical\" href=\"https:\/\/dicodusport.fr\/blog\/pro-d2-j1-le-recapitulatif-des-matchs-de-ce-vendredi-soir\/\" \/>\n<meta property=\"og:locale\" content=\"fr_FR\" \/>\n<meta property=\"og:type\" content=\"article\" \/>\n<meta property=\"og:title\" content=\"Pro D2 (J1) : Le r\u00e9capitulatif des matchs de ce vendredi soir\" \/>\n<meta property=\"og:description\" content=\"R\u00e9sultats et r\u00e9capitulatif des matchs de la premi\u00e8re journ\u00e9e de Pro D2 2024-2025. Provence Rugby s&#039;impose miraculeusement contre Agen.\" \/>\n<meta property=\"og:url\" content=\"https:\/\/dicodusport.fr\/blog\/pro-d2-j1-le-recapitulatif-des-matchs-de-ce-vendredi-soir\/\" \/>\n<meta property=\"og:site_name\" content=\"Dicodusport\" \/>\n<meta property=\"article:publisher\" content=\"https:\/\/www.facebook.com\/dicodusport\" \/>\n<meta property=\"article:published_time\" content=\"2024-08-30T20:54:25+00:00\" \/>\n<meta property=\"article:modified_time\" content=\"2024-08-30T21:08:17+00:00\" \/>\n<meta property=\"og:image\" content=\"https:\/\/dicodusport.fr\/blog\/wp-content\/uploads\/2024\/08\/Pro-D2-J1-Le-recapitulatif-des-matchs-de-ce-vendredi-soir.png\" \/>\n\t<meta property=\"og:image:width\" content=\"1200\" \/>\n\t<meta property=\"og:image:height\" content=\"674\" \/>\n\t<meta property=\"og:image:type\" content=\"image\/png\" \/>\n<meta name=\"author\" content=\"Nicolas Parant\" \/>\n<meta name=\"twitter:card\" content=\"summary_large_image\" \/>\n<meta name=\"twitter:title\" content=\"Pro D2 (J1) : Le r\u00e9capitulatif des matchs de ce vendredi soir\" \/>\n<meta name=\"twitter:creator\" content=\"@dicodusport\" \/>\n<meta name=\"twitter:site\" content=\"@dicodusport\" \/>\n<script type=\"application\/ld+json\" class=\"yoast-schema-graph\">{\"@context\":\"https:\/\/schema.org\",\"@graph\":[{\"@type\":\"NewsArticle\",\"@id\":\"https:\/\/dicodusport.fr\/blog\/pro-d2-j1-le-recapitulatif-des-matchs-de-ce-vendredi-soir\/#article\",\"isPartOf\":{\"@id\":\"https:\/\/dicodusport.fr\/blog\/pro-d2-j1-le-recapitulatif-des-matchs-de-ce-vendredi-soir\/\"},\"author\":{\"name\":\"Nicolas Parant\",\"@id\":\"https:\/\/dicodusport.fr\/blog\/#\/schema\/person\/816f1c1bae6e11b6ef5b39687639be63\"},\"headline\":\"Pro D2 (J1) : Le r\u00e9capitulatif des matchs de ce vendredi soir\",\"datePublished\":\"2024-08-30T20:54:25+00:00\",\"dateModified\":\"2024-08-30T21:08:17+00:00\",\"mainEntityOfPage\":{\"@id\":\"https:\/\/dicodusport.fr\/blog\/pro-d2-j1-le-recapitulatif-des-matchs-de-ce-vendredi-soir\/\"},\"wordCount\":1054,\"commentCount\":0,\"publisher\":{\"@id\":\"https:\/\/dicodusport.fr\/blog\/#organization\"},\"image\":{\"@id\":\"https:\/\/dicodusport.fr\/blog\/pro-d2-j1-le-recapitulatif-des-matchs-de-ce-vendredi-soir\/#primaryimage\"},\"thumbnailUrl\":\"https:\/\/dicodusport.fr\/blog\/wp-content\/uploads\/2024\/08\/Pro-D2-J1-Le-recapitulatif-des-matchs-de-ce-vendredi-soir.png\",\"keywords\":[\"actu\",\"Agen\",\"biarritz\",\"br\u00e8ve\",\"Colomiers Rugby\",\"Dax\",\"FC Grenoble Rugby\",\"Montauban\",\"Provence Rugby\",\"Soyaux-Angoul\u00eame\",\"Stade Aurillacois\",\"Stade Montois\",\"valence\"],\"articleSection\":[\"Rugby \u00e0 XV\"],\"inLanguage\":\"fr-FR\",\"potentialAction\":[{\"@type\":\"CommentAction\",\"name\":\"Comment\",\"target\":[\"https:\/\/dicodusport.fr\/blog\/pro-d2-j1-le-recapitulatif-des-matchs-de-ce-vendredi-soir\/#respond\"]}],\"copyrightYear\":\"2024\",\"copyrightHolder\":{\"@id\":\"https:\/\/dicodusport.fr\/blog\/#organization\"}},{\"@type\":\"WebPage\",\"@id\":\"https:\/\/dicodusport.fr\/blog\/pro-d2-j1-le-recapitulatif-des-matchs-de-ce-vendredi-soir\/\",\"url\":\"https:\/\/dicodusport.fr\/blog\/pro-d2-j1-le-recapitulatif-des-matchs-de-ce-vendredi-soir\/\",\"name\":\"Pro D2 (J1) : Le r\u00e9capitulatif des matchs de ce vendredi soir\",\"isPartOf\":{\"@id\":\"https:\/\/dicodusport.fr\/blog\/#website\"},\"primaryImageOfPage\":{\"@id\":\"https:\/\/dicodusport.fr\/blog\/pro-d2-j1-le-recapitulatif-des-matchs-de-ce-vendredi-soir\/#primaryimage\"},\"image\":{\"@id\":\"https:\/\/dicodusport.fr\/blog\/pro-d2-j1-le-recapitulatif-des-matchs-de-ce-vendredi-soir\/#primaryimage\"},\"thumbnailUrl\":\"https:\/\/dicodusport.fr\/blog\/wp-content\/uploads\/2024\/08\/Pro-D2-J1-Le-recapitulatif-des-matchs-de-ce-vendredi-soir.png\",\"datePublished\":\"2024-08-30T20:54:25+00:00\",\"dateModified\":\"2024-08-30T21:08:17+00:00\",\"description\":\"R\u00e9sultats et r\u00e9capitulatif des matchs de la premi\u00e8re journ\u00e9e de Pro D2 2024-2025. Provence Rugby s'impose miraculeusement contre Agen.\",\"breadcrumb\":{\"@id\":\"https:\/\/dicodusport.fr\/blog\/pro-d2-j1-le-recapitulatif-des-matchs-de-ce-vendredi-soir\/#breadcrumb\"},\"inLanguage\":\"fr-FR\",\"potentialAction\":[{\"@type\":\"ReadAction\",\"target\":[\"https:\/\/dicodusport.fr\/blog\/pro-d2-j1-le-recapitulatif-des-matchs-de-ce-vendredi-soir\/\"]}]},{\"@type\":\"ImageObject\",\"inLanguage\":\"fr-FR\",\"@id\":\"https:\/\/dicodusport.fr\/blog\/pro-d2-j1-le-recapitulatif-des-matchs-de-ce-vendredi-soir\/#primaryimage\",\"url\":\"https:\/\/dicodusport.fr\/blog\/wp-content\/uploads\/2024\/08\/Pro-D2-J1-Le-recapitulatif-des-matchs-de-ce-vendredi-soir.png\",\"contentUrl\":\"https:\/\/dicodusport.fr\/blog\/wp-content\/uploads\/2024\/08\/Pro-D2-J1-Le-recapitulatif-des-matchs-de-ce-vendredi-soir.png\",\"width\":1200,\"height\":674,\"caption\":\"Pro D2 (J1) Le r\u00e9capitulatif des matchs de ce vendredi soir\"},{\"@type\":\"BreadcrumbList\",\"@id\":\"https:\/\/dicodusport.fr\/blog\/pro-d2-j1-le-recapitulatif-des-matchs-de-ce-vendredi-soir\/#breadcrumb\",\"itemListElement\":[{\"@type\":\"ListItem\",\"position\":1,\"name\":\"Accueil\",\"item\":\"https:\/\/dicodusport.fr\/blog\/\"},{\"@type\":\"ListItem\",\"position\":2,\"name\":\"Pro D2 (J1) : Le r\u00e9capitulatif des matchs de ce vendredi soir\"}]},{\"@type\":\"WebSite\",\"@id\":\"https:\/\/dicodusport.fr\/blog\/#website\",\"url\":\"https:\/\/dicodusport.fr\/blog\/\",\"name\":\"Dicodusport\",\"description\":\"L&#039;encyclop\u00e9die de l&#039;actualit\u00e9 sportive\",\"publisher\":{\"@id\":\"https:\/\/dicodusport.fr\/blog\/#organization\"},\"potentialAction\":[{\"@type\":\"SearchAction\",\"target\":{\"@type\":\"EntryPoint\",\"urlTemplate\":\"https:\/\/dicodusport.fr\/blog\/?s={search_term_string}\"},\"query-input\":{\"@type\":\"PropertyValueSpecification\",\"valueRequired\":true,\"valueName\":\"search_term_string\"}}],\"inLanguage\":\"fr-FR\"},{\"@type\":\"NewsMediaOrganization\",\"@id\":\"https:\/\/dicodusport.fr\/blog\/#organization\",\"name\":\"Dicodusport\",\"url\":\"https:\/\/dicodusport.fr\/blog\/\",\"logo\":{\"@type\":\"ImageObject\",\"inLanguage\":\"fr-FR\",\"@id\":\"https:\/\/dicodusport.fr\/blog\/#\/schema\/logo\/image\/\",\"url\":\"https:\/\/dicodusport.fr\/blog\/wp-content\/uploads\/2020\/06\/cropped-LOGO-DICODUSPORT-2020-SANS-FOND-SANS-TEXTE.png\",\"contentUrl\":\"https:\/\/dicodusport.fr\/blog\/wp-content\/uploads\/2020\/06\/cropped-LOGO-DICODUSPORT-2020-SANS-FOND-SANS-TEXTE.png\",\"width\":512,\"height\":512,\"caption\":\"Dicodusport\"},\"image\":{\"@id\":\"https:\/\/dicodusport.fr\/blog\/#\/schema\/logo\/image\/\"},\"sameAs\":[\"https:\/\/www.facebook.com\/dicodusport\",\"https:\/\/x.com\/dicodusport\",\"https:\/\/www.instagram.com\/dicodusport\/\",\"https:\/\/www.youtube.com\/channel\/UC7V2KZ5sd3htJivAbA4ZG3w\"],\"description\":\"Dicodusport est l'encyclop\u00e9die de l'actualit\u00e9 sportive.\",\"email\":\"bonjour@dicodusport.fr\",\"legalName\":\"DICODUSPORT\",\"foundingDate\":\"2018-01-14\",\"vatID\":\"FR71834470973\",\"taxID\":\"83447097300043\",\"numberOfEmployees\":{\"@type\":\"QuantitativeValue\",\"minValue\":\"1\",\"maxValue\":\"10\"}},{\"@type\":\"Person\",\"@id\":\"https:\/\/dicodusport.fr\/blog\/#\/schema\/person\/816f1c1bae6e11b6ef5b39687639be63\",\"name\":\"Nicolas Parant\",\"image\":{\"@type\":\"ImageObject\",\"inLanguage\":\"fr-FR\",\"@id\":\"https:\/\/dicodusport.fr\/blog\/#\/schema\/person\/image\/\",\"url\":\"https:\/\/dicodusport.fr\/blog\/wp-content\/uploads\/2023\/04\/1B6E3319-7CA3-49A2-A3FB-D53C46115743-150x150.jpeg\",\"contentUrl\":\"https:\/\/dicodusport.fr\/blog\/wp-content\/uploads\/2023\/04\/1B6E3319-7CA3-49A2-A3FB-D53C46115743-150x150.jpeg\",\"caption\":\"Nicolas Parant\"},\"description\":\"Passionn\u00e9 de sport et d\u2019\u00e9criture, r\u00e9diger des articles a \u00e9t\u00e9 une v\u00e9ritable r\u00e9v\u00e9lation quand j\u2019ai pris la plume num\u00e9rique pour la premi\u00e8re fois en 2021. Admiratif des exploits de Nadal \u00e0 Roland Garros et du charisme de Zlatan Ibrahimovi\u0107 \u00e0 son arriv\u00e9e dans la capitale, je m\u2019efforce de transmettre au mieux les \u00e9motions des athl\u00e8tes de la nouvelle g\u00e9n\u00e9ration. \u00c0 Dicodusport depuis 2023, je commente principalement les batailles qui se d\u00e9roulent dans l\u2019octogone de l\u2019UFC ou sur les pelouses de football et de rugby.\",\"url\":\"https:\/\/dicodusport.fr\/blog\/author\/nicolas-parant\/\"}]}<\/script>\n<!-- \/ Yoast SEO Premium plugin. -->","yoast_head_json":{"title":"Pro D2 (J1) : Le r\u00e9capitulatif des matchs de ce vendredi soir","description":"R\u00e9sultats et r\u00e9capitulatif des matchs de la premi\u00e8re journ\u00e9e de Pro D2 2024-2025. Provence Rugby s'impose miraculeusement contre Agen.","robots":{"index":"index","follow":"follow","max-snippet":"max-snippet:-1","max-image-preview":"max-image-preview:large","max-video-preview":"max-video-preview:-1"},"canonical":"https:\/\/dicodusport.fr\/blog\/pro-d2-j1-le-recapitulatif-des-matchs-de-ce-vendredi-soir\/","og_locale":"fr_FR","og_type":"article","og_title":"Pro D2 (J1) : Le r\u00e9capitulatif des matchs de ce vendredi soir","og_description":"R\u00e9sultats et r\u00e9capitulatif des matchs de la premi\u00e8re journ\u00e9e de Pro D2 2024-2025. Provence Rugby s'impose miraculeusement contre Agen.","og_url":"https:\/\/dicodusport.fr\/blog\/pro-d2-j1-le-recapitulatif-des-matchs-de-ce-vendredi-soir\/","og_site_name":"Dicodusport","article_publisher":"https:\/\/www.facebook.com\/dicodusport","article_published_time":"2024-08-30T20:54:25+00:00","article_modified_time":"2024-08-30T21:08:17+00:00","og_image":[{"width":1200,"height":674,"url":"https:\/\/dicodusport.fr\/blog\/wp-content\/uploads\/2024\/08\/Pro-D2-J1-Le-recapitulatif-des-matchs-de-ce-vendredi-soir.png","type":"image\/png"}],"author":"Nicolas Parant","twitter_card":"summary_large_image","twitter_title":"Pro D2 (J1) : Le r\u00e9capitulatif des matchs de ce vendredi soir","twitter_creator":"@dicodusport","twitter_site":"@dicodusport","schema":{"@context":"https:\/\/schema.org","@graph":[{"@type":"NewsArticle","@id":"https:\/\/dicodusport.fr\/blog\/pro-d2-j1-le-recapitulatif-des-matchs-de-ce-vendredi-soir\/#article","isPartOf":{"@id":"https:\/\/dicodusport.fr\/blog\/pro-d2-j1-le-recapitulatif-des-matchs-de-ce-vendredi-soir\/"},"author":{"name":"Nicolas Parant","@id":"https:\/\/dicodusport.fr\/blog\/#\/schema\/person\/816f1c1bae6e11b6ef5b39687639be63"},"headline":"Pro D2 (J1) : Le r\u00e9capitulatif des matchs de ce vendredi soir","datePublished":"2024-08-30T20:54:25+00:00","dateModified":"2024-08-30T21:08:17+00:00","mainEntityOfPage":{"@id":"https:\/\/dicodusport.fr\/blog\/pro-d2-j1-le-recapitulatif-des-matchs-de-ce-vendredi-soir\/"},"wordCount":1054,"commentCount":0,"publisher":{"@id":"https:\/\/dicodusport.fr\/blog\/#organization"},"image":{"@id":"https:\/\/dicodusport.fr\/blog\/pro-d2-j1-le-recapitulatif-des-matchs-de-ce-vendredi-soir\/#primaryimage"},"thumbnailUrl":"https:\/\/dicodusport.fr\/blog\/wp-content\/uploads\/2024\/08\/Pro-D2-J1-Le-recapitulatif-des-matchs-de-ce-vendredi-soir.png","keywords":["actu","Agen","biarritz","br\u00e8ve","Colomiers Rugby","Dax","FC Grenoble Rugby","Montauban","Provence Rugby","Soyaux-Angoul\u00eame","Stade Aurillacois","Stade Montois","valence"],"articleSection":["Rugby \u00e0 XV"],"inLanguage":"fr-FR","potentialAction":[{"@type":"CommentAction","name":"Comment","target":["https:\/\/dicodusport.fr\/blog\/pro-d2-j1-le-recapitulatif-des-matchs-de-ce-vendredi-soir\/#respond"]}],"copyrightYear":"2024","copyrightHolder":{"@id":"https:\/\/dicodusport.fr\/blog\/#organization"}},{"@type":"WebPage","@id":"https:\/\/dicodusport.fr\/blog\/pro-d2-j1-le-recapitulatif-des-matchs-de-ce-vendredi-soir\/","url":"https:\/\/dicodusport.fr\/blog\/pro-d2-j1-le-recapitulatif-des-matchs-de-ce-vendredi-soir\/","name":"Pro D2 (J1) : Le r\u00e9capitulatif des matchs de ce vendredi soir","isPartOf":{"@id":"https:\/\/dicodusport.fr\/blog\/#website"},"primaryImageOfPage":{"@id":"https:\/\/dicodusport.fr\/blog\/pro-d2-j1-le-recapitulatif-des-matchs-de-ce-vendredi-soir\/#primaryimage"},"image":{"@id":"https:\/\/dicodusport.fr\/blog\/pro-d2-j1-le-recapitulatif-des-matchs-de-ce-vendredi-soir\/#primaryimage"},"thumbnailUrl":"https:\/\/dicodusport.fr\/blog\/wp-content\/uploads\/2024\/08\/Pro-D2-J1-Le-recapitulatif-des-matchs-de-ce-vendredi-soir.png","datePublished":"2024-08-30T20:54:25+00:00","dateModified":"2024-08-30T21:08:17+00:00","description":"R\u00e9sultats et r\u00e9capitulatif des matchs de la premi\u00e8re journ\u00e9e de Pro D2 2024-2025. Provence Rugby s'impose miraculeusement contre Agen.","breadcrumb":{"@id":"https:\/\/dicodusport.fr\/blog\/pro-d2-j1-le-recapitulatif-des-matchs-de-ce-vendredi-soir\/#breadcrumb"},"inLanguage":"fr-FR","potentialAction":[{"@type":"ReadAction","target":["https:\/\/dicodusport.fr\/blog\/pro-d2-j1-le-recapitulatif-des-matchs-de-ce-vendredi-soir\/"]}]},{"@type":"ImageObject","inLanguage":"fr-FR","@id":"https:\/\/dicodusport.fr\/blog\/pro-d2-j1-le-recapitulatif-des-matchs-de-ce-vendredi-soir\/#primaryimage","url":"https:\/\/dicodusport.fr\/blog\/wp-content\/uploads\/2024\/08\/Pro-D2-J1-Le-recapitulatif-des-matchs-de-ce-vendredi-soir.png","contentUrl":"https:\/\/dicodusport.fr\/blog\/wp-content\/uploads\/2024\/08\/Pro-D2-J1-Le-recapitulatif-des-matchs-de-ce-vendredi-soir.png","width":1200,"height":674,"caption":"Pro D2 (J1) Le r\u00e9capitulatif des matchs de ce vendredi soir"},{"@type":"BreadcrumbList","@id":"https:\/\/dicodusport.fr\/blog\/pro-d2-j1-le-recapitulatif-des-matchs-de-ce-vendredi-soir\/#breadcrumb","itemListElement":[{"@type":"ListItem","position":1,"name":"Accueil","item":"https:\/\/dicodusport.fr\/blog\/"},{"@type":"ListItem","position":2,"name":"Pro D2 (J1) : Le r\u00e9capitulatif des matchs de ce vendredi soir"}]},{"@type":"WebSite","@id":"https:\/\/dicodusport.fr\/blog\/#website","url":"https:\/\/dicodusport.fr\/blog\/","name":"Dicodusport","description":"L&#039;encyclop\u00e9die de l&#039;actualit\u00e9 sportive","publisher":{"@id":"https:\/\/dicodusport.fr\/blog\/#organization"},"potentialAction":[{"@type":"SearchAction","target":{"@type":"EntryPoint","urlTemplate":"https:\/\/dicodusport.fr\/blog\/?s={search_term_string}"},"query-input":{"@type":"PropertyValueSpecification","valueRequired":true,"valueName":"search_term_string"}}],"inLanguage":"fr-FR"},{"@type":"NewsMediaOrganization","@id":"https:\/\/dicodusport.fr\/blog\/#organization","name":"Dicodusport","url":"https:\/\/dicodusport.fr\/blog\/","logo":{"@type":"ImageObject","inLanguage":"fr-FR","@id":"https:\/\/dicodusport.fr\/blog\/#\/schema\/logo\/image\/","url":"https:\/\/dicodusport.fr\/blog\/wp-content\/uploads\/2020\/06\/cropped-LOGO-DICODUSPORT-2020-SANS-FOND-SANS-TEXTE.png","contentUrl":"https:\/\/dicodusport.fr\/blog\/wp-content\/uploads\/2020\/06\/cropped-LOGO-DICODUSPORT-2020-SANS-FOND-SANS-TEXTE.png","width":512,"height":512,"caption":"Dicodusport"},"image":{"@id":"https:\/\/dicodusport.fr\/blog\/#\/schema\/logo\/image\/"},"sameAs":["https:\/\/www.facebook.com\/dicodusport","https:\/\/x.com\/dicodusport","https:\/\/www.instagram.com\/dicodusport\/","https:\/\/www.youtube.com\/channel\/UC7V2KZ5sd3htJivAbA4ZG3w"],"description":"Dicodusport est l'encyclop\u00e9die de l'actualit\u00e9 sportive.","email":"bonjour@dicodusport.fr","legalName":"DICODUSPORT","foundingDate":"2018-01-14","vatID":"FR71834470973","taxID":"83447097300043","numberOfEmployees":{"@type":"QuantitativeValue","minValue":"1","maxValue":"10"}},{"@type":"Person","@id":"https:\/\/dicodusport.fr\/blog\/#\/schema\/person\/816f1c1bae6e11b6ef5b39687639be63","name":"Nicolas Parant","image":{"@type":"ImageObject","inLanguage":"fr-FR","@id":"https:\/\/dicodusport.fr\/blog\/#\/schema\/person\/image\/","url":"https:\/\/dicodusport.fr\/blog\/wp-content\/uploads\/2023\/04\/1B6E3319-7CA3-49A2-A3FB-D53C46115743-150x150.jpeg","contentUrl":"https:\/\/dicodusport.fr\/blog\/wp-content\/uploads\/2023\/04\/1B6E3319-7CA3-49A2-A3FB-D53C46115743-150x150.jpeg","caption":"Nicolas Parant"},"description":"Passionn\u00e9 de sport et d\u2019\u00e9criture, r\u00e9diger des articles a \u00e9t\u00e9 une v\u00e9ritable r\u00e9v\u00e9lation quand j\u2019ai pris la plume num\u00e9rique pour la premi\u00e8re fois en 2021. Admiratif des exploits de Nadal \u00e0 Roland Garros et du charisme de Zlatan Ibrahimovi\u0107 \u00e0 son arriv\u00e9e dans la capitale, je m\u2019efforce de transmettre au mieux les \u00e9motions des athl\u00e8tes de la nouvelle g\u00e9n\u00e9ration. \u00c0 Dicodusport depuis 2023, je commente principalement les batailles qui se d\u00e9roulent dans l\u2019octogone de l\u2019UFC ou sur les pelouses de football et de rugby.","url":"https:\/\/dicodusport.fr\/blog\/author\/nicolas-parant\/"}]}},"_links":{"self":[{"href":"https:\/\/dicodusport.fr\/blog\/wp-json\/wp\/v2\/posts\/516202","targetHints":{"allow":["GET"]}}],"collection":[{"href":"https:\/\/dicodusport.fr\/blog\/wp-json\/wp\/v2\/posts"}],"about":[{"href":"https:\/\/dicodusport.fr\/blog\/wp-json\/wp\/v2\/types\/post"}],"author":[{"embeddable":true,"href":"https:\/\/dicodusport.fr\/blog\/wp-json\/wp\/v2\/users\/86"}],"replies":[{"embeddable":true,"href":"https:\/\/dicodusport.fr\/blog\/wp-json\/wp\/v2\/comments?post=516202"}],"version-history":[{"count":5,"href":"https:\/\/dicodusport.fr\/blog\/wp-json\/wp\/v2\/posts\/516202\/revisions"}],"predecessor-version":[{"id":516310,"href":"https:\/\/dicodusport.fr\/blog\/wp-json\/wp\/v2\/posts\/516202\/revisions\/516310"}],"wp:featuredmedia":[{"embeddable":true,"href":"https:\/\/dicodusport.fr\/blog\/wp-json\/wp\/v2\/media\/516296"}],"wp:attachment":[{"href":"https:\/\/dicodusport.fr\/blog\/wp-json\/wp\/v2\/media?parent=516202"}],"wp:term":[{"taxonomy":"category","embeddable":true,"href":"https:\/\/dicodusport.fr\/blog\/wp-json\/wp\/v2\/categories?post=516202"},{"taxonomy":"post_tag","embeddable":true,"href":"https:\/\/dicodusport.fr\/blog\/wp-json\/wp\/v2\/tags?post=516202"}],"curies":[{"name":"wp","href":"https:\/\/api.w.org\/{rel}","templated":true}]}}