{"id":516419,"date":"2024-08-31T12:19:16","date_gmt":"2024-08-31T10:19:16","guid":{"rendered":"https:\/\/dicodusport.fr\/blog\/?p=516419&#038;preview=true&#038;preview_id=516419"},"modified":"2024-08-31T12:19:16","modified_gmt":"2024-08-31T10:19:16","slug":"escalade-jerome-morel-champion-du-monde-junior-de-vitesse","status":"publish","type":"post","link":"https:\/\/dicodusport.fr\/blog\/escalade-jerome-morel-champion-du-monde-junior-de-vitesse\/","title":{"rendered":"Escalade : J\u00e9r\u00f4me Morel champion du monde juniors de vitesse"},"content":{"rendered":"<p style=\"text-align: justify;\"><strong><em>ESCALADE &#8211; Apr\u00e8s le sacre de Lily Abriat en bloc aux Championnats du monde U20, J\u00e9r\u00f4me Morel s&rsquo;offre \u00e0 son tour l&rsquo;or chez les juniors, mais sur l&rsquo;\u00e9preuve de vitesse.<\/em><\/strong><\/p>\n<p style=\"text-align: justify;\">Quatri\u00e8me des qualifications au temps, <strong>J\u00e9r\u00f4me Morel<\/strong> a d&rsquo;abord domin\u00e9 l&rsquo;Am\u00e9ricain <strong>Thomas Lin<\/strong> avant de sortir son compatriote <strong>Max Mengual<\/strong> en quarts de finale, am\u00e9liorant de quelques centi\u00e8mes sa marque. Avec ce m\u00eame 5.62, il s&rsquo;offrait une place pour l&rsquo;ultime duel l&rsquo;opposant alors \u00e0 <strong>Oskar Szalecki<\/strong>. Le Polonais s&rsquo;\u00e9tait arrach\u00e9 pour effacer l&rsquo;Italien <strong>Marco Rontini<\/strong> avec une performance \u00e0 5.43 au tour pr\u00e9c\u00e9dent. Le Fran\u00e7ais n&rsquo;\u00e9tait pas descendu sous les 5.60 dans cette journ\u00e9e mondiale. C&rsquo;est donc tout simplement qu&rsquo;il a claqu\u00e9 5.49 pour s&rsquo;offrir le plus beau des m\u00e9taux, <strong>Szalecki<\/strong> ne r\u00e9alisait pas mieux avec un 5.63.<\/p>\n<p style=\"text-align: justify;\">Apr\u00e8s le bronze d\u00e9croch\u00e9 aux Mondiaux seniors de vitesse il y a quelques mois, <strong>J\u00e9r\u00f4me Morel<\/strong> confirme sa progression avec ce titre international chez les jeunes. C&rsquo;est le deuxi\u00e8me titre de l&rsquo;\u00e9quipe de France en Chine apr\u00e8s <a href=\"https:\/\/dicodusport.fr\/blog\/escalade-lily-abriat-championne-du-monde-u20-de-bloc\/\">celui acquis par <strong>Lily Abriat<\/strong> en bloc<\/a>.<\/p>\n<blockquote class=\"twitter-tweet\">\n<p dir=\"ltr\" lang=\"in\">IFSC Youth World Championships Guiyang 2024 \ud83c\udde8\ud83c\uddf3 U20 Speed medallists<\/p>\n<p>Men<\/p>\n<p>\ud83e\udd47 Jerome MOREL \ud83c\uddeb\ud83c\uddf7<br \/>\n\ud83e\udd48 Oskar SZALECKI \ud83c\uddf5\ud83c\uddf1<br \/>\n\ud83e\udd49 ZHOU Ziyu \ud83c\udde8\ud83c\uddf3<\/p>\n<p>Women<\/p>\n<p>\ud83e\udd47 MOU Yuju \ud83c\udde8\ud83c\uddf3<br \/>\n\ud83e\udd48 ZHANG Tianxiang \ud83c\udde8\ud83c\uddf3<br \/>\n\ud83e\udd49 Wijaya Berliana PUTERI \ud83c\uddee\ud83c\udde9<a href=\"https:\/\/twitter.com\/hashtag\/worldclimbing?src=hash&amp;ref_src=twsrc%5Etfw\">#worldclimbing<\/a> <a href=\"https:\/\/twitter.com\/hashtag\/youthworlds?src=hash&amp;ref_src=twsrc%5Etfw\">#youthworlds<\/a> <a href=\"https:\/\/twitter.com\/hashtag\/guiyang2024?src=hash&amp;ref_src=twsrc%5Etfw\">#guiyang2024<\/a> <a href=\"https:\/\/t.co\/AkZt3O2pHX\">pic.twitter.com\/AkZt3O2pHX<\/a><\/p>\n<p>\u2014 International Federation of Sport Climbing (@ifsclimbing) <a href=\"https:\/\/twitter.com\/ifsclimbing\/status\/1829518367906291757?ref_src=twsrc%5Etfw\">August 30, 2024<\/a><\/p><\/blockquote>\n<p><script async src=\"https:\/\/platform.twitter.com\/widgets.js\" charset=\"utf-8\"><\/script><\/p>\n","protected":false},"excerpt":{"rendered":"<p>J\u00e9r\u00f4me Morel champion du monde juniors de vitesse<\/p>\n","protected":false},"author":18,"featured_media":516434,"comment_status":"open","ping_status":"closed","sticky":false,"template":"","format":"standard","meta":{"_acf_changed":false,"_daextam_enable_autolinks":"1","footnotes":""},"categories":[10930],"tags":[32415,16878,477],"class_list":["post-516419","post","type-post","status-publish","format-standard","has-post-thumbnail","hentry","category-escalade","tag-actu","tag-breve","tag-escalade"],"acf":[],"yoast_head":"<!-- This site is optimized with the Yoast SEO Premium plugin v26.7 (Yoast SEO v26.7) - https:\/\/yoast.com\/wordpress\/plugins\/seo\/ -->\n<title>Escalade : J\u00e9r\u00f4me Morel champion du monde juniors de vitesse<\/title>\n<meta name=\"description\" content=\"ESCALADE - J\u00e9r\u00f4me Morel s&#039;offre \u00e0 son tour l&#039;or aux Championnats du monde juniors sur l&#039;\u00e9preuve de vitesse.\" \/>\n<meta name=\"robots\" content=\"index, follow, max-snippet:-1, max-image-preview:large, max-video-preview:-1\" \/>\n<link rel=\"canonical\" href=\"https:\/\/dicodusport.fr\/blog\/escalade-jerome-morel-champion-du-monde-junior-de-vitesse\/\" \/>\n<meta property=\"og:locale\" content=\"fr_FR\" \/>\n<meta property=\"og:type\" content=\"article\" \/>\n<meta property=\"og:title\" content=\"Escalade : J\u00e9r\u00f4me Morel champion du monde juniors de vitesse\" \/>\n<meta property=\"og:description\" content=\"ESCALADE - J\u00e9r\u00f4me Morel s&#039;offre \u00e0 son tour l&#039;or aux Championnats du monde juniors sur l&#039;\u00e9preuve de vitesse.\" \/>\n<meta property=\"og:url\" content=\"https:\/\/dicodusport.fr\/blog\/escalade-jerome-morel-champion-du-monde-junior-de-vitesse\/\" \/>\n<meta property=\"og:site_name\" content=\"Dicodusport\" \/>\n<meta property=\"article:publisher\" content=\"https:\/\/www.facebook.com\/dicodusport\" \/>\n<meta property=\"article:author\" content=\"https:\/\/www.facebook.com\/soocube\" \/>\n<meta property=\"article:published_time\" content=\"2024-08-31T10:19:16+00:00\" \/>\n<meta property=\"og:image\" content=\"https:\/\/dicodusport.fr\/blog\/wp-content\/uploads\/2024\/08\/Escalade-Jerome-Morel-champion-du-monde-juniors-de-vitesse.png\" \/>\n\t<meta property=\"og:image:width\" content=\"1200\" \/>\n\t<meta property=\"og:image:height\" content=\"674\" \/>\n\t<meta property=\"og:image:type\" content=\"image\/png\" \/>\n<meta name=\"author\" content=\"Sophie Clapier\" \/>\n<meta name=\"twitter:card\" content=\"summary_large_image\" \/>\n<meta name=\"twitter:title\" content=\"Escalade : J\u00e9r\u00f4me Morel champion du monde juniors de vitesse\" \/>\n<meta name=\"twitter:creator\" content=\"@https:\/\/twitter.com\/soocube\" \/>\n<meta name=\"twitter:site\" content=\"@dicodusport\" \/>\n<script type=\"application\/ld+json\" class=\"yoast-schema-graph\">{\"@context\":\"https:\/\/schema.org\",\"@graph\":[{\"@type\":\"NewsArticle\",\"@id\":\"https:\/\/dicodusport.fr\/blog\/escalade-jerome-morel-champion-du-monde-junior-de-vitesse\/#article\",\"isPartOf\":{\"@id\":\"https:\/\/dicodusport.fr\/blog\/escalade-jerome-morel-champion-du-monde-junior-de-vitesse\/\"},\"author\":{\"name\":\"Sophie Clapier\",\"@id\":\"https:\/\/dicodusport.fr\/blog\/#\/schema\/person\/416c975648aca9da8839bdfe333a21c9\"},\"headline\":\"Escalade : J\u00e9r\u00f4me Morel champion du monde juniors de vitesse\",\"datePublished\":\"2024-08-31T10:19:16+00:00\",\"mainEntityOfPage\":{\"@id\":\"https:\/\/dicodusport.fr\/blog\/escalade-jerome-morel-champion-du-monde-junior-de-vitesse\/\"},\"wordCount\":252,\"commentCount\":0,\"publisher\":{\"@id\":\"https:\/\/dicodusport.fr\/blog\/#organization\"},\"image\":{\"@id\":\"https:\/\/dicodusport.fr\/blog\/escalade-jerome-morel-champion-du-monde-junior-de-vitesse\/#primaryimage\"},\"thumbnailUrl\":\"https:\/\/dicodusport.fr\/blog\/wp-content\/uploads\/2024\/08\/Escalade-Jerome-Morel-champion-du-monde-juniors-de-vitesse.png\",\"keywords\":[\"actu\",\"br\u00e8ve\",\"Escalade\"],\"articleSection\":[\"Escalade\"],\"inLanguage\":\"fr-FR\",\"potentialAction\":[{\"@type\":\"CommentAction\",\"name\":\"Comment\",\"target\":[\"https:\/\/dicodusport.fr\/blog\/escalade-jerome-morel-champion-du-monde-junior-de-vitesse\/#respond\"]}],\"copyrightYear\":\"2024\",\"copyrightHolder\":{\"@id\":\"https:\/\/dicodusport.fr\/blog\/#organization\"}},{\"@type\":\"WebPage\",\"@id\":\"https:\/\/dicodusport.fr\/blog\/escalade-jerome-morel-champion-du-monde-junior-de-vitesse\/\",\"url\":\"https:\/\/dicodusport.fr\/blog\/escalade-jerome-morel-champion-du-monde-junior-de-vitesse\/\",\"name\":\"Escalade : J\u00e9r\u00f4me Morel champion du monde juniors de vitesse\",\"isPartOf\":{\"@id\":\"https:\/\/dicodusport.fr\/blog\/#website\"},\"primaryImageOfPage\":{\"@id\":\"https:\/\/dicodusport.fr\/blog\/escalade-jerome-morel-champion-du-monde-junior-de-vitesse\/#primaryimage\"},\"image\":{\"@id\":\"https:\/\/dicodusport.fr\/blog\/escalade-jerome-morel-champion-du-monde-junior-de-vitesse\/#primaryimage\"},\"thumbnailUrl\":\"https:\/\/dicodusport.fr\/blog\/wp-content\/uploads\/2024\/08\/Escalade-Jerome-Morel-champion-du-monde-juniors-de-vitesse.png\",\"datePublished\":\"2024-08-31T10:19:16+00:00\",\"description\":\"ESCALADE - J\u00e9r\u00f4me Morel s'offre \u00e0 son tour l'or aux Championnats du monde juniors sur l'\u00e9preuve de vitesse.\",\"breadcrumb\":{\"@id\":\"https:\/\/dicodusport.fr\/blog\/escalade-jerome-morel-champion-du-monde-junior-de-vitesse\/#breadcrumb\"},\"inLanguage\":\"fr-FR\",\"potentialAction\":[{\"@type\":\"ReadAction\",\"target\":[\"https:\/\/dicodusport.fr\/blog\/escalade-jerome-morel-champion-du-monde-junior-de-vitesse\/\"]}]},{\"@type\":\"ImageObject\",\"inLanguage\":\"fr-FR\",\"@id\":\"https:\/\/dicodusport.fr\/blog\/escalade-jerome-morel-champion-du-monde-junior-de-vitesse\/#primaryimage\",\"url\":\"https:\/\/dicodusport.fr\/blog\/wp-content\/uploads\/2024\/08\/Escalade-Jerome-Morel-champion-du-monde-juniors-de-vitesse.png\",\"contentUrl\":\"https:\/\/dicodusport.fr\/blog\/wp-content\/uploads\/2024\/08\/Escalade-Jerome-Morel-champion-du-monde-juniors-de-vitesse.png\",\"width\":1200,\"height\":674,\"caption\":\"Escalade J\u00e9r\u00f4me Morel champion du monde juniors de vitesse\"},{\"@type\":\"BreadcrumbList\",\"@id\":\"https:\/\/dicodusport.fr\/blog\/escalade-jerome-morel-champion-du-monde-junior-de-vitesse\/#breadcrumb\",\"itemListElement\":[{\"@type\":\"ListItem\",\"position\":1,\"name\":\"Accueil\",\"item\":\"https:\/\/dicodusport.fr\/blog\/\"},{\"@type\":\"ListItem\",\"position\":2,\"name\":\"Escalade : J\u00e9r\u00f4me Morel champion du monde juniors de vitesse\"}]},{\"@type\":\"WebSite\",\"@id\":\"https:\/\/dicodusport.fr\/blog\/#website\",\"url\":\"https:\/\/dicodusport.fr\/blog\/\",\"name\":\"Dicodusport\",\"description\":\"L&#039;encyclop\u00e9die de l&#039;actualit\u00e9 sportive\",\"publisher\":{\"@id\":\"https:\/\/dicodusport.fr\/blog\/#organization\"},\"potentialAction\":[{\"@type\":\"SearchAction\",\"target\":{\"@type\":\"EntryPoint\",\"urlTemplate\":\"https:\/\/dicodusport.fr\/blog\/?s={search_term_string}\"},\"query-input\":{\"@type\":\"PropertyValueSpecification\",\"valueRequired\":true,\"valueName\":\"search_term_string\"}}],\"inLanguage\":\"fr-FR\"},{\"@type\":\"NewsMediaOrganization\",\"@id\":\"https:\/\/dicodusport.fr\/blog\/#organization\",\"name\":\"Dicodusport\",\"url\":\"https:\/\/dicodusport.fr\/blog\/\",\"logo\":{\"@type\":\"ImageObject\",\"inLanguage\":\"fr-FR\",\"@id\":\"https:\/\/dicodusport.fr\/blog\/#\/schema\/logo\/image\/\",\"url\":\"https:\/\/dicodusport.fr\/blog\/wp-content\/uploads\/2020\/06\/cropped-LOGO-DICODUSPORT-2020-SANS-FOND-SANS-TEXTE.png\",\"contentUrl\":\"https:\/\/dicodusport.fr\/blog\/wp-content\/uploads\/2020\/06\/cropped-LOGO-DICODUSPORT-2020-SANS-FOND-SANS-TEXTE.png\",\"width\":512,\"height\":512,\"caption\":\"Dicodusport\"},\"image\":{\"@id\":\"https:\/\/dicodusport.fr\/blog\/#\/schema\/logo\/image\/\"},\"sameAs\":[\"https:\/\/www.facebook.com\/dicodusport\",\"https:\/\/x.com\/dicodusport\",\"https:\/\/www.instagram.com\/dicodusport\/\",\"https:\/\/www.youtube.com\/channel\/UC7V2KZ5sd3htJivAbA4ZG3w\"],\"description\":\"Dicodusport est l'encyclop\u00e9die de l'actualit\u00e9 sportive.\",\"email\":\"bonjour@dicodusport.fr\",\"legalName\":\"DICODUSPORT\",\"foundingDate\":\"2018-01-14\",\"vatID\":\"FR71834470973\",\"taxID\":\"83447097300043\",\"numberOfEmployees\":{\"@type\":\"QuantitativeValue\",\"minValue\":\"1\",\"maxValue\":\"10\"}},{\"@type\":\"Person\",\"@id\":\"https:\/\/dicodusport.fr\/blog\/#\/schema\/person\/416c975648aca9da8839bdfe333a21c9\",\"name\":\"Sophie Clapier\",\"image\":{\"@type\":\"ImageObject\",\"inLanguage\":\"fr-FR\",\"@id\":\"https:\/\/dicodusport.fr\/blog\/#\/schema\/person\/image\/\",\"url\":\"https:\/\/dicodusport.fr\/blog\/wp-content\/uploads\/2021\/05\/Sophie-Clapier-150x150.jpg\",\"contentUrl\":\"https:\/\/dicodusport.fr\/blog\/wp-content\/uploads\/2021\/05\/Sophie-Clapier-150x150.jpg\",\"caption\":\"Sophie Clapier\"},\"description\":\"Journaliste\/r\u00e9dactrice depuis janvier 2016 - Passionn\u00e9e de sport depuis toujours, j\u2019en ai pratiqu\u00e9 quelques-uns. Judo, football, handball ou encore tennis, je n\u2019ai jamais pu me mettre d\u2019accord sur un en particulier. Mais \u00e7a, c\u2019\u00e9tait avant de d\u00e9couvrir le basket, devenu mon sport de pr\u00e9dilection. Les actions NBA, le All-Star Week-end, la fureur des Game 7 pendant les playoffs ou mieux, lors des Finals, this is why we play. Team Spurs T.P, je m\u2019accroche encore \u00e0 Gregg Popovich (don\u2019t leave !). Team chef Curry, je souhaite qu\u2019il finisse aux Warriors (staaaay !). Non, il n\u2019y a pas qu\u2019eux, des petits nouveaux -et des petites nouvelles \u00e9videmment- arrivent chaque jour dans toutes les disciplines et cr\u00e9ent de nouveaux exploits. Alors pour les grands \u00e9v\u00e9nements et comp\u00e9titions internationales, vive les pulsations 240\/minutes et le d\u00e9fibrillateur pas loin, et allez les Bleu(e)s ! C\u2019est s\u00fbr, j\u2019aurai plus vu ma vie sur un terrain de sport, mais \u00e0 d\u00e9faut d\u2019en faire en haut niveau, je le partage avec vous.\",\"sameAs\":[\"https:\/\/www.facebook.com\/soocube\",\"https:\/\/x.com\/https:\/\/twitter.com\/soocube\",\"admin\"],\"url\":\"https:\/\/dicodusport.fr\/blog\/author\/sophie\/\"}]}<\/script>\n<!-- \/ Yoast SEO Premium plugin. -->","yoast_head_json":{"title":"Escalade : J\u00e9r\u00f4me Morel champion du monde juniors de vitesse","description":"ESCALADE - J\u00e9r\u00f4me Morel s'offre \u00e0 son tour l'or aux Championnats du monde juniors sur l'\u00e9preuve de vitesse.","robots":{"index":"index","follow":"follow","max-snippet":"max-snippet:-1","max-image-preview":"max-image-preview:large","max-video-preview":"max-video-preview:-1"},"canonical":"https:\/\/dicodusport.fr\/blog\/escalade-jerome-morel-champion-du-monde-junior-de-vitesse\/","og_locale":"fr_FR","og_type":"article","og_title":"Escalade : J\u00e9r\u00f4me Morel champion du monde juniors de vitesse","og_description":"ESCALADE - J\u00e9r\u00f4me Morel s'offre \u00e0 son tour l'or aux Championnats du monde juniors sur l'\u00e9preuve de vitesse.","og_url":"https:\/\/dicodusport.fr\/blog\/escalade-jerome-morel-champion-du-monde-junior-de-vitesse\/","og_site_name":"Dicodusport","article_publisher":"https:\/\/www.facebook.com\/dicodusport","article_author":"https:\/\/www.facebook.com\/soocube","article_published_time":"2024-08-31T10:19:16+00:00","og_image":[{"width":1200,"height":674,"url":"https:\/\/dicodusport.fr\/blog\/wp-content\/uploads\/2024\/08\/Escalade-Jerome-Morel-champion-du-monde-juniors-de-vitesse.png","type":"image\/png"}],"author":"Sophie Clapier","twitter_card":"summary_large_image","twitter_title":"Escalade : J\u00e9r\u00f4me Morel champion du monde juniors de vitesse","twitter_creator":"@https:\/\/twitter.com\/soocube","twitter_site":"@dicodusport","schema":{"@context":"https:\/\/schema.org","@graph":[{"@type":"NewsArticle","@id":"https:\/\/dicodusport.fr\/blog\/escalade-jerome-morel-champion-du-monde-junior-de-vitesse\/#article","isPartOf":{"@id":"https:\/\/dicodusport.fr\/blog\/escalade-jerome-morel-champion-du-monde-junior-de-vitesse\/"},"author":{"name":"Sophie Clapier","@id":"https:\/\/dicodusport.fr\/blog\/#\/schema\/person\/416c975648aca9da8839bdfe333a21c9"},"headline":"Escalade : J\u00e9r\u00f4me Morel champion du monde juniors de vitesse","datePublished":"2024-08-31T10:19:16+00:00","mainEntityOfPage":{"@id":"https:\/\/dicodusport.fr\/blog\/escalade-jerome-morel-champion-du-monde-junior-de-vitesse\/"},"wordCount":252,"commentCount":0,"publisher":{"@id":"https:\/\/dicodusport.fr\/blog\/#organization"},"image":{"@id":"https:\/\/dicodusport.fr\/blog\/escalade-jerome-morel-champion-du-monde-junior-de-vitesse\/#primaryimage"},"thumbnailUrl":"https:\/\/dicodusport.fr\/blog\/wp-content\/uploads\/2024\/08\/Escalade-Jerome-Morel-champion-du-monde-juniors-de-vitesse.png","keywords":["actu","br\u00e8ve","Escalade"],"articleSection":["Escalade"],"inLanguage":"fr-FR","potentialAction":[{"@type":"CommentAction","name":"Comment","target":["https:\/\/dicodusport.fr\/blog\/escalade-jerome-morel-champion-du-monde-junior-de-vitesse\/#respond"]}],"copyrightYear":"2024","copyrightHolder":{"@id":"https:\/\/dicodusport.fr\/blog\/#organization"}},{"@type":"WebPage","@id":"https:\/\/dicodusport.fr\/blog\/escalade-jerome-morel-champion-du-monde-junior-de-vitesse\/","url":"https:\/\/dicodusport.fr\/blog\/escalade-jerome-morel-champion-du-monde-junior-de-vitesse\/","name":"Escalade : J\u00e9r\u00f4me Morel champion du monde juniors de vitesse","isPartOf":{"@id":"https:\/\/dicodusport.fr\/blog\/#website"},"primaryImageOfPage":{"@id":"https:\/\/dicodusport.fr\/blog\/escalade-jerome-morel-champion-du-monde-junior-de-vitesse\/#primaryimage"},"image":{"@id":"https:\/\/dicodusport.fr\/blog\/escalade-jerome-morel-champion-du-monde-junior-de-vitesse\/#primaryimage"},"thumbnailUrl":"https:\/\/dicodusport.fr\/blog\/wp-content\/uploads\/2024\/08\/Escalade-Jerome-Morel-champion-du-monde-juniors-de-vitesse.png","datePublished":"2024-08-31T10:19:16+00:00","description":"ESCALADE - J\u00e9r\u00f4me Morel s'offre \u00e0 son tour l'or aux Championnats du monde juniors sur l'\u00e9preuve de vitesse.","breadcrumb":{"@id":"https:\/\/dicodusport.fr\/blog\/escalade-jerome-morel-champion-du-monde-junior-de-vitesse\/#breadcrumb"},"inLanguage":"fr-FR","potentialAction":[{"@type":"ReadAction","target":["https:\/\/dicodusport.fr\/blog\/escalade-jerome-morel-champion-du-monde-junior-de-vitesse\/"]}]},{"@type":"ImageObject","inLanguage":"fr-FR","@id":"https:\/\/dicodusport.fr\/blog\/escalade-jerome-morel-champion-du-monde-junior-de-vitesse\/#primaryimage","url":"https:\/\/dicodusport.fr\/blog\/wp-content\/uploads\/2024\/08\/Escalade-Jerome-Morel-champion-du-monde-juniors-de-vitesse.png","contentUrl":"https:\/\/dicodusport.fr\/blog\/wp-content\/uploads\/2024\/08\/Escalade-Jerome-Morel-champion-du-monde-juniors-de-vitesse.png","width":1200,"height":674,"caption":"Escalade J\u00e9r\u00f4me Morel champion du monde juniors de vitesse"},{"@type":"BreadcrumbList","@id":"https:\/\/dicodusport.fr\/blog\/escalade-jerome-morel-champion-du-monde-junior-de-vitesse\/#breadcrumb","itemListElement":[{"@type":"ListItem","position":1,"name":"Accueil","item":"https:\/\/dicodusport.fr\/blog\/"},{"@type":"ListItem","position":2,"name":"Escalade : J\u00e9r\u00f4me Morel champion du monde juniors de vitesse"}]},{"@type":"WebSite","@id":"https:\/\/dicodusport.fr\/blog\/#website","url":"https:\/\/dicodusport.fr\/blog\/","name":"Dicodusport","description":"L&#039;encyclop\u00e9die de l&#039;actualit\u00e9 sportive","publisher":{"@id":"https:\/\/dicodusport.fr\/blog\/#organization"},"potentialAction":[{"@type":"SearchAction","target":{"@type":"EntryPoint","urlTemplate":"https:\/\/dicodusport.fr\/blog\/?s={search_term_string}"},"query-input":{"@type":"PropertyValueSpecification","valueRequired":true,"valueName":"search_term_string"}}],"inLanguage":"fr-FR"},{"@type":"NewsMediaOrganization","@id":"https:\/\/dicodusport.fr\/blog\/#organization","name":"Dicodusport","url":"https:\/\/dicodusport.fr\/blog\/","logo":{"@type":"ImageObject","inLanguage":"fr-FR","@id":"https:\/\/dicodusport.fr\/blog\/#\/schema\/logo\/image\/","url":"https:\/\/dicodusport.fr\/blog\/wp-content\/uploads\/2020\/06\/cropped-LOGO-DICODUSPORT-2020-SANS-FOND-SANS-TEXTE.png","contentUrl":"https:\/\/dicodusport.fr\/blog\/wp-content\/uploads\/2020\/06\/cropped-LOGO-DICODUSPORT-2020-SANS-FOND-SANS-TEXTE.png","width":512,"height":512,"caption":"Dicodusport"},"image":{"@id":"https:\/\/dicodusport.fr\/blog\/#\/schema\/logo\/image\/"},"sameAs":["https:\/\/www.facebook.com\/dicodusport","https:\/\/x.com\/dicodusport","https:\/\/www.instagram.com\/dicodusport\/","https:\/\/www.youtube.com\/channel\/UC7V2KZ5sd3htJivAbA4ZG3w"],"description":"Dicodusport est l'encyclop\u00e9die de l'actualit\u00e9 sportive.","email":"bonjour@dicodusport.fr","legalName":"DICODUSPORT","foundingDate":"2018-01-14","vatID":"FR71834470973","taxID":"83447097300043","numberOfEmployees":{"@type":"QuantitativeValue","minValue":"1","maxValue":"10"}},{"@type":"Person","@id":"https:\/\/dicodusport.fr\/blog\/#\/schema\/person\/416c975648aca9da8839bdfe333a21c9","name":"Sophie Clapier","image":{"@type":"ImageObject","inLanguage":"fr-FR","@id":"https:\/\/dicodusport.fr\/blog\/#\/schema\/person\/image\/","url":"https:\/\/dicodusport.fr\/blog\/wp-content\/uploads\/2021\/05\/Sophie-Clapier-150x150.jpg","contentUrl":"https:\/\/dicodusport.fr\/blog\/wp-content\/uploads\/2021\/05\/Sophie-Clapier-150x150.jpg","caption":"Sophie Clapier"},"description":"Journaliste\/r\u00e9dactrice depuis janvier 2016 - Passionn\u00e9e de sport depuis toujours, j\u2019en ai pratiqu\u00e9 quelques-uns. Judo, football, handball ou encore tennis, je n\u2019ai jamais pu me mettre d\u2019accord sur un en particulier. Mais \u00e7a, c\u2019\u00e9tait avant de d\u00e9couvrir le basket, devenu mon sport de pr\u00e9dilection. Les actions NBA, le All-Star Week-end, la fureur des Game 7 pendant les playoffs ou mieux, lors des Finals, this is why we play. Team Spurs T.P, je m\u2019accroche encore \u00e0 Gregg Popovich (don\u2019t leave !). Team chef Curry, je souhaite qu\u2019il finisse aux Warriors (staaaay !). Non, il n\u2019y a pas qu\u2019eux, des petits nouveaux -et des petites nouvelles \u00e9videmment- arrivent chaque jour dans toutes les disciplines et cr\u00e9ent de nouveaux exploits. Alors pour les grands \u00e9v\u00e9nements et comp\u00e9titions internationales, vive les pulsations 240\/minutes et le d\u00e9fibrillateur pas loin, et allez les Bleu(e)s ! C\u2019est s\u00fbr, j\u2019aurai plus vu ma vie sur un terrain de sport, mais \u00e0 d\u00e9faut d\u2019en faire en haut niveau, je le partage avec vous.","sameAs":["https:\/\/www.facebook.com\/soocube","https:\/\/x.com\/https:\/\/twitter.com\/soocube","admin"],"url":"https:\/\/dicodusport.fr\/blog\/author\/sophie\/"}]}},"_links":{"self":[{"href":"https:\/\/dicodusport.fr\/blog\/wp-json\/wp\/v2\/posts\/516419","targetHints":{"allow":["GET"]}}],"collection":[{"href":"https:\/\/dicodusport.fr\/blog\/wp-json\/wp\/v2\/posts"}],"about":[{"href":"https:\/\/dicodusport.fr\/blog\/wp-json\/wp\/v2\/types\/post"}],"author":[{"embeddable":true,"href":"https:\/\/dicodusport.fr\/blog\/wp-json\/wp\/v2\/users\/18"}],"replies":[{"embeddable":true,"href":"https:\/\/dicodusport.fr\/blog\/wp-json\/wp\/v2\/comments?post=516419"}],"version-history":[{"count":2,"href":"https:\/\/dicodusport.fr\/blog\/wp-json\/wp\/v2\/posts\/516419\/revisions"}],"predecessor-version":[{"id":516435,"href":"https:\/\/dicodusport.fr\/blog\/wp-json\/wp\/v2\/posts\/516419\/revisions\/516435"}],"wp:featuredmedia":[{"embeddable":true,"href":"https:\/\/dicodusport.fr\/blog\/wp-json\/wp\/v2\/media\/516434"}],"wp:attachment":[{"href":"https:\/\/dicodusport.fr\/blog\/wp-json\/wp\/v2\/media?parent=516419"}],"wp:term":[{"taxonomy":"category","embeddable":true,"href":"https:\/\/dicodusport.fr\/blog\/wp-json\/wp\/v2\/categories?post=516419"},{"taxonomy":"post_tag","embeddable":true,"href":"https:\/\/dicodusport.fr\/blog\/wp-json\/wp\/v2\/tags?post=516419"}],"curies":[{"name":"wp","href":"https:\/\/api.w.org\/{rel}","templated":true}]}}