{"id":516460,"date":"2024-08-31T14:06:19","date_gmt":"2024-08-31T12:06:19","guid":{"rendered":"https:\/\/dicodusport.fr\/blog\/?p=516460&#038;preview=true&#038;preview_id=516460"},"modified":"2024-08-31T15:22:48","modified_gmt":"2024-08-31T13:22:48","slug":"ultra-trail-du-mont-blanc-2024-la-sensation-vincent-bouillard-simpose","status":"publish","type":"post","link":"https:\/\/dicodusport.fr\/blog\/ultra-trail-du-mont-blanc-2024-la-sensation-vincent-bouillard-simpose\/","title":{"rendered":"Ultra-Trail du Mont-Blanc 2024 : La sensation Vincent Bouillard s&rsquo;impose"},"content":{"rendered":"<p style=\"text-align: justify;\"><strong><em>UTMB 2024 &#8211; L&rsquo;Ann\u00e9cien Vincent Bouillard, presque inconnu du grand public, remporte la plus prestigieuse des comp\u00e9titions d&rsquo;ultra-trail. Les favoris ont quasiment tous abandonn\u00e9.<\/em><\/strong><\/p>\n<ul>\n<li style=\"text-align: justify;\"><strong>\u00c0 ce sujet &#8211; <a href=\"https:\/\/dicodusport.fr\/blog\/classement-en-direct-utmb-mont-blanc-2024\/\">Classement de l&rsquo;UTMB 2024<\/a><\/strong><\/li>\n<\/ul>\n<p style=\"text-align: justify;\">Un peu plus de 13h \u00e0 La Fl\u00e9g\u00e8re. <strong>Vincent Bouillard<\/strong> sort de son ultime ravitaillement apr\u00e8s avoir gravi la T\u00eate aux Vents, l&rsquo;ultime mont\u00e9e du parcours de 176 km et 10000m de d\u00e9nivel\u00e9 positif. Portant un t-shirt sans marque puisqu&rsquo;il n&rsquo;appartient \u00e0 aucune team professionnelle, il apparait tel un coureur amateur \u00e0 la face du monde. Sa gestion peu optimis\u00e9e des ravitaillements en t\u00e9moigne : <strong>Bouillard<\/strong> a tout pour repr\u00e9senter le coureur lambda. Coureur lambda qui vient donc de s&rsquo;adjuger l&rsquo;\u00e9preuve mythique de l&rsquo;Ultra-Trail du Mont-Blanc, le tout avec, pour seule assistance, sa femme. Une histoire r\u00eav\u00e9e comme un conte de f\u00e9e qui le fait rentrer dans la l\u00e9gende d&rsquo;un sport \u00e0 part.<\/p>\n<blockquote class=\"twitter-tweet\">\n<p dir=\"ltr\" lang=\"ca\">\ud83d\udfe5 UTMB<\/p>\n<p>Le num\u00e9ro extraordinaire de Vincent Bouillard.<\/p>\n<p>An extraordinary day for Vincent Bouillard.<a href=\"https:\/\/twitter.com\/hashtag\/HOKAUTMBMontBlanc?src=hash&amp;ref_src=twsrc%5Etfw\">#HOKAUTMBMontBlanc<\/a> <a href=\"https:\/\/twitter.com\/hashtag\/MeetYourExtraordinaire?src=hash&amp;ref_src=twsrc%5Etfw\">#MeetYourExtraordinaire<\/a> <a href=\"https:\/\/t.co\/hZDRBFJiHW\">pic.twitter.com\/hZDRBFJiHW<\/a><\/p>\n<p>\u2014 HOKA UTMB\u00ae Mont-Blanc (@UTMBMontBlanc) <a href=\"https:\/\/twitter.com\/UTMBMontBlanc\/status\/1829853309785571630?ref_src=twsrc%5Etfw\">August 31, 2024<\/a><\/p><\/blockquote>\n<p><script async src=\"https:\/\/platform.twitter.com\/widgets.js\" charset=\"utf-8\"><\/script><\/p>\n<h2 style=\"text-align: justify;\">De la casse parmi les favoris<\/h2>\n<p style=\"text-align: justify;\">Tout au long de la course, le natif d&rsquo;Annecy n&rsquo;a jamais quitt\u00e9 les premi\u00e8res positions et s&rsquo;est toujours montr\u00e9 r\u00e9gulier, ne craquant jamais dans les diff\u00e9rentes difficult\u00e9s du parcours. Il a pris la t\u00eate dans la nuit \u00e0 Courmayeur pour ne plus jamais la quitter. Apparu en grande forme, il a profit\u00e9 d&rsquo;une ann\u00e9e propice \u00e0 de grandes surprises puisque certains t\u00e9nors de la discipline \u00e9taient absents tels <strong>Zach Miller<\/strong>, <strong>Kilian Jornet<\/strong> ou encore <strong>Fran\u00e7ois d&rsquo;Haene<\/strong>. Quant aux autres favoris, ils ont abandonn\u00e9 les uns apr\u00e8s les autres, ouvrant le champ des possibles et des r\u00eaves les plus fous. Il y eut d&rsquo;abord l&rsquo;Am\u00e9ricain <strong>Tim Tollefson<\/strong> et le Savoyard <strong>Aur\u00e9lien Dunand-Pallaz<\/strong>, vainqueur du Grand Raid et de la Hardrock 100 l&rsquo;an pass\u00e9. Puis, ce fut au tour de l&rsquo;immense favori <strong>Jim Walmsley<\/strong>, tenant du titre, et de <strong>Mathieu Blanchard<\/strong> de jeter l&rsquo;\u00e9ponge.<\/p>\n<p style=\"text-align: justify;\">Ne restait ainsi que <strong>Germain Grangier<\/strong>, \u00e0 la poursuite de la surprise Bouillard. Cependant, lui aussi rendait les armes en milieu de matin\u00e9e \u00e0 Triente, \u00e0 25 km de l&rsquo;arriv\u00e9e, bless\u00e9. Une v\u00e9ritable h\u00e9catombe qui a aussi profit\u00e9 \u00e0 <strong>Baptiste Chassagne<\/strong>, qui offrait un doubl\u00e9 \u00e0 la France sur l&rsquo;\u00e9preuve reine du trail. Un coureur r\u00e9gulier et sympathique qui voyait l\u00e0 l&rsquo;occasion de r\u00e9aliser sa plus belle performance en carri\u00e8re. L&rsquo;\u00c9quatorien <strong>Joaquin Lopez<\/strong> compl\u00e9tait le podium surprise de cette \u00e9dition 2024.<\/p>\n<h2 style=\"text-align: justify;\">Qui es-tu, Vincent Bouillard ?<\/h2>\n<p style=\"text-align: justify;\">Alors, comment un amateur tel que <strong>Bouillard<\/strong> peut-il produire un tel exploit et descendre sous la barre mythique des 20 heures ? Parti aux \u00c9tats-Unis depuis quelques ann\u00e9es, il est revenu \u00e0 Annecy cette ann\u00e9e. Ing\u00e9nieur chez Hoka, il a tr\u00e8s vite montr\u00e9 de belles dispositions dans la discipline et a rapidement grimp\u00e9 les \u00e9chelons. Remportant plusieurs courses outre-Atlantique, il a ensuite termin\u00e9 cinqui\u00e8me de la Maxi Race en 2024, son premier 100 Miles. Et cet UTMB ne fut que son second.<\/p>\n","protected":false},"excerpt":{"rendered":"<p>La sensation Vincent Bouillard s&rsquo;impose<\/p>\n","protected":false},"author":92,"featured_media":516513,"comment_status":"open","ping_status":"closed","sticky":false,"template":"","format":"standard","meta":{"_acf_changed":false,"_daextam_enable_autolinks":"1","footnotes":""},"categories":[8673],"tags":[16878],"class_list":["post-516460","post","type-post","status-publish","format-standard","has-post-thumbnail","hentry","category-trail","tag-breve"],"acf":[],"yoast_head":"<!-- This site is optimized with the Yoast SEO Premium plugin v26.7 (Yoast SEO v26.7) - https:\/\/yoast.com\/wordpress\/plugins\/seo\/ -->\n<title>Ultra-Trail du Mont-Blanc 2024 : La sensation Vincent Bouillard s&#039;impose<\/title>\n<meta name=\"description\" content=\"UTMB 2024 - L&#039;Ann\u00e9cien Vincent Bouillard, presque inconnu du grand public, remporte la plus prestigieuse des comp\u00e9titions d&#039;ultra-trail.\" \/>\n<meta name=\"robots\" content=\"index, follow, max-snippet:-1, max-image-preview:large, max-video-preview:-1\" \/>\n<link rel=\"canonical\" href=\"https:\/\/dicodusport.fr\/blog\/ultra-trail-du-mont-blanc-2024-la-sensation-vincent-bouillard-simpose\/\" \/>\n<meta property=\"og:locale\" content=\"fr_FR\" \/>\n<meta property=\"og:type\" content=\"article\" \/>\n<meta property=\"og:title\" content=\"Ultra-Trail du Mont-Blanc 2024 : La sensation Vincent Bouillard s&#039;impose\" \/>\n<meta property=\"og:description\" content=\"UTMB 2024 - L&#039;Ann\u00e9cien Vincent Bouillard, presque inconnu du grand public, remporte la plus prestigieuse des comp\u00e9titions d&#039;ultra-trail.\" \/>\n<meta property=\"og:url\" content=\"https:\/\/dicodusport.fr\/blog\/ultra-trail-du-mont-blanc-2024-la-sensation-vincent-bouillard-simpose\/\" \/>\n<meta property=\"og:site_name\" content=\"Dicodusport\" \/>\n<meta property=\"article:publisher\" content=\"https:\/\/www.facebook.com\/dicodusport\" \/>\n<meta property=\"article:published_time\" content=\"2024-08-31T12:06:19+00:00\" \/>\n<meta property=\"article:modified_time\" content=\"2024-08-31T13:22:48+00:00\" \/>\n<meta property=\"og:image\" content=\"https:\/\/dicodusport.fr\/blog\/wp-content\/uploads\/2024\/08\/Ultra-Trail-du-Mont-Blanc-2024-La-sensation-Vincent-Bouillard-simpose-1.png\" \/>\n\t<meta property=\"og:image:width\" content=\"1200\" \/>\n\t<meta property=\"og:image:height\" content=\"674\" \/>\n\t<meta property=\"og:image:type\" content=\"image\/png\" \/>\n<meta name=\"author\" content=\"Olivier Dobiezynski\" \/>\n<meta name=\"twitter:card\" content=\"summary_large_image\" \/>\n<meta name=\"twitter:title\" content=\"Ultra-Trail du Mont-Blanc 2024 : La sensation Vincent Bouillard s&#039;impose\" \/>\n<meta name=\"twitter:creator\" content=\"@https:\/\/x.com\/Olivier_Matros\" \/>\n<meta name=\"twitter:site\" content=\"@dicodusport\" \/>\n<script type=\"application\/ld+json\" class=\"yoast-schema-graph\">{\"@context\":\"https:\/\/schema.org\",\"@graph\":[{\"@type\":\"NewsArticle\",\"@id\":\"https:\/\/dicodusport.fr\/blog\/ultra-trail-du-mont-blanc-2024-la-sensation-vincent-bouillard-simpose\/#article\",\"isPartOf\":{\"@id\":\"https:\/\/dicodusport.fr\/blog\/ultra-trail-du-mont-blanc-2024-la-sensation-vincent-bouillard-simpose\/\"},\"author\":{\"name\":\"Olivier Dobiezynski\",\"@id\":\"https:\/\/dicodusport.fr\/blog\/#\/schema\/person\/fe500246414ca17ddf0c0312d7a792cc\"},\"headline\":\"Ultra-Trail du Mont-Blanc 2024 : La sensation Vincent Bouillard s&rsquo;impose\",\"datePublished\":\"2024-08-31T12:06:19+00:00\",\"dateModified\":\"2024-08-31T13:22:48+00:00\",\"mainEntityOfPage\":{\"@id\":\"https:\/\/dicodusport.fr\/blog\/ultra-trail-du-mont-blanc-2024-la-sensation-vincent-bouillard-simpose\/\"},\"wordCount\":534,\"commentCount\":0,\"publisher\":{\"@id\":\"https:\/\/dicodusport.fr\/blog\/#organization\"},\"image\":{\"@id\":\"https:\/\/dicodusport.fr\/blog\/ultra-trail-du-mont-blanc-2024-la-sensation-vincent-bouillard-simpose\/#primaryimage\"},\"thumbnailUrl\":\"https:\/\/dicodusport.fr\/blog\/wp-content\/uploads\/2024\/08\/Ultra-Trail-du-Mont-Blanc-2024-La-sensation-Vincent-Bouillard-simpose-1.png\",\"keywords\":[\"br\u00e8ve\"],\"articleSection\":[\"Trail\"],\"inLanguage\":\"fr-FR\",\"potentialAction\":[{\"@type\":\"CommentAction\",\"name\":\"Comment\",\"target\":[\"https:\/\/dicodusport.fr\/blog\/ultra-trail-du-mont-blanc-2024-la-sensation-vincent-bouillard-simpose\/#respond\"]}],\"copyrightYear\":\"2024\",\"copyrightHolder\":{\"@id\":\"https:\/\/dicodusport.fr\/blog\/#organization\"}},{\"@type\":\"WebPage\",\"@id\":\"https:\/\/dicodusport.fr\/blog\/ultra-trail-du-mont-blanc-2024-la-sensation-vincent-bouillard-simpose\/\",\"url\":\"https:\/\/dicodusport.fr\/blog\/ultra-trail-du-mont-blanc-2024-la-sensation-vincent-bouillard-simpose\/\",\"name\":\"Ultra-Trail du Mont-Blanc 2024 : La sensation Vincent Bouillard s'impose\",\"isPartOf\":{\"@id\":\"https:\/\/dicodusport.fr\/blog\/#website\"},\"primaryImageOfPage\":{\"@id\":\"https:\/\/dicodusport.fr\/blog\/ultra-trail-du-mont-blanc-2024-la-sensation-vincent-bouillard-simpose\/#primaryimage\"},\"image\":{\"@id\":\"https:\/\/dicodusport.fr\/blog\/ultra-trail-du-mont-blanc-2024-la-sensation-vincent-bouillard-simpose\/#primaryimage\"},\"thumbnailUrl\":\"https:\/\/dicodusport.fr\/blog\/wp-content\/uploads\/2024\/08\/Ultra-Trail-du-Mont-Blanc-2024-La-sensation-Vincent-Bouillard-simpose-1.png\",\"datePublished\":\"2024-08-31T12:06:19+00:00\",\"dateModified\":\"2024-08-31T13:22:48+00:00\",\"description\":\"UTMB 2024 - L'Ann\u00e9cien Vincent Bouillard, presque inconnu du grand public, remporte la plus prestigieuse des comp\u00e9titions d'ultra-trail.\",\"breadcrumb\":{\"@id\":\"https:\/\/dicodusport.fr\/blog\/ultra-trail-du-mont-blanc-2024-la-sensation-vincent-bouillard-simpose\/#breadcrumb\"},\"inLanguage\":\"fr-FR\",\"potentialAction\":[{\"@type\":\"ReadAction\",\"target\":[\"https:\/\/dicodusport.fr\/blog\/ultra-trail-du-mont-blanc-2024-la-sensation-vincent-bouillard-simpose\/\"]}]},{\"@type\":\"ImageObject\",\"inLanguage\":\"fr-FR\",\"@id\":\"https:\/\/dicodusport.fr\/blog\/ultra-trail-du-mont-blanc-2024-la-sensation-vincent-bouillard-simpose\/#primaryimage\",\"url\":\"https:\/\/dicodusport.fr\/blog\/wp-content\/uploads\/2024\/08\/Ultra-Trail-du-Mont-Blanc-2024-La-sensation-Vincent-Bouillard-simpose-1.png\",\"contentUrl\":\"https:\/\/dicodusport.fr\/blog\/wp-content\/uploads\/2024\/08\/Ultra-Trail-du-Mont-Blanc-2024-La-sensation-Vincent-Bouillard-simpose-1.png\",\"width\":1200,\"height\":674},{\"@type\":\"BreadcrumbList\",\"@id\":\"https:\/\/dicodusport.fr\/blog\/ultra-trail-du-mont-blanc-2024-la-sensation-vincent-bouillard-simpose\/#breadcrumb\",\"itemListElement\":[{\"@type\":\"ListItem\",\"position\":1,\"name\":\"Accueil\",\"item\":\"https:\/\/dicodusport.fr\/blog\/\"},{\"@type\":\"ListItem\",\"position\":2,\"name\":\"Ultra-Trail du Mont-Blanc 2024 : La sensation Vincent Bouillard s&#8217;impose\"}]},{\"@type\":\"WebSite\",\"@id\":\"https:\/\/dicodusport.fr\/blog\/#website\",\"url\":\"https:\/\/dicodusport.fr\/blog\/\",\"name\":\"Dicodusport\",\"description\":\"L&#039;encyclop\u00e9die de l&#039;actualit\u00e9 sportive\",\"publisher\":{\"@id\":\"https:\/\/dicodusport.fr\/blog\/#organization\"},\"potentialAction\":[{\"@type\":\"SearchAction\",\"target\":{\"@type\":\"EntryPoint\",\"urlTemplate\":\"https:\/\/dicodusport.fr\/blog\/?s={search_term_string}\"},\"query-input\":{\"@type\":\"PropertyValueSpecification\",\"valueRequired\":true,\"valueName\":\"search_term_string\"}}],\"inLanguage\":\"fr-FR\"},{\"@type\":\"NewsMediaOrganization\",\"@id\":\"https:\/\/dicodusport.fr\/blog\/#organization\",\"name\":\"Dicodusport\",\"url\":\"https:\/\/dicodusport.fr\/blog\/\",\"logo\":{\"@type\":\"ImageObject\",\"inLanguage\":\"fr-FR\",\"@id\":\"https:\/\/dicodusport.fr\/blog\/#\/schema\/logo\/image\/\",\"url\":\"https:\/\/dicodusport.fr\/blog\/wp-content\/uploads\/2020\/06\/cropped-LOGO-DICODUSPORT-2020-SANS-FOND-SANS-TEXTE.png\",\"contentUrl\":\"https:\/\/dicodusport.fr\/blog\/wp-content\/uploads\/2020\/06\/cropped-LOGO-DICODUSPORT-2020-SANS-FOND-SANS-TEXTE.png\",\"width\":512,\"height\":512,\"caption\":\"Dicodusport\"},\"image\":{\"@id\":\"https:\/\/dicodusport.fr\/blog\/#\/schema\/logo\/image\/\"},\"sameAs\":[\"https:\/\/www.facebook.com\/dicodusport\",\"https:\/\/x.com\/dicodusport\",\"https:\/\/www.instagram.com\/dicodusport\/\",\"https:\/\/www.youtube.com\/channel\/UC7V2KZ5sd3htJivAbA4ZG3w\"],\"description\":\"Dicodusport est l'encyclop\u00e9die de l'actualit\u00e9 sportive.\",\"email\":\"bonjour@dicodusport.fr\",\"legalName\":\"DICODUSPORT\",\"foundingDate\":\"2018-01-14\",\"vatID\":\"FR71834470973\",\"taxID\":\"83447097300043\",\"numberOfEmployees\":{\"@type\":\"QuantitativeValue\",\"minValue\":\"1\",\"maxValue\":\"10\"}},{\"@type\":\"Person\",\"@id\":\"https:\/\/dicodusport.fr\/blog\/#\/schema\/person\/fe500246414ca17ddf0c0312d7a792cc\",\"name\":\"Olivier Dobiezynski\",\"image\":{\"@type\":\"ImageObject\",\"inLanguage\":\"fr-FR\",\"@id\":\"https:\/\/dicodusport.fr\/blog\/#\/schema\/person\/image\/\",\"url\":\"https:\/\/dicodusport.fr\/blog\/wp-content\/uploads\/2024\/09\/5be8fe8d-9962-4f1e-ad06-d6f9dee30e6d-150x150.jpg\",\"contentUrl\":\"https:\/\/dicodusport.fr\/blog\/wp-content\/uploads\/2024\/09\/5be8fe8d-9962-4f1e-ad06-d6f9dee30e6d-150x150.jpg\",\"caption\":\"Olivier Dobiezynski\"},\"description\":\"Depuis le milieu des ann\u00e9es 90, la passion du cyclisme m'anime. Mes h\u00e9ros s'appellent Luc Leblanc, Piotr Ugrumov, Paolo Savoldelli, Peter Sagan et bien \u00e9videmment Romain Bardet. R\u00e9dacteur depuis 2023, je suis ici pour partager cet amour de la Petite Reine. Vous pourrez me lire \u00e9galement sur du trail, du ski de fond et tout autre sujet susceptible d'\u00e9veiller ma curiosit\u00e9 sportive.\",\"sameAs\":[\"https:\/\/x.com\/https:\/\/x.com\/Olivier_Matros\"],\"url\":\"https:\/\/dicodusport.fr\/blog\/author\/olivier-gh\/\"}]}<\/script>\n<!-- \/ Yoast SEO Premium plugin. -->","yoast_head_json":{"title":"Ultra-Trail du Mont-Blanc 2024 : La sensation Vincent Bouillard s'impose","description":"UTMB 2024 - L'Ann\u00e9cien Vincent Bouillard, presque inconnu du grand public, remporte la plus prestigieuse des comp\u00e9titions d'ultra-trail.","robots":{"index":"index","follow":"follow","max-snippet":"max-snippet:-1","max-image-preview":"max-image-preview:large","max-video-preview":"max-video-preview:-1"},"canonical":"https:\/\/dicodusport.fr\/blog\/ultra-trail-du-mont-blanc-2024-la-sensation-vincent-bouillard-simpose\/","og_locale":"fr_FR","og_type":"article","og_title":"Ultra-Trail du Mont-Blanc 2024 : La sensation Vincent Bouillard s'impose","og_description":"UTMB 2024 - L'Ann\u00e9cien Vincent Bouillard, presque inconnu du grand public, remporte la plus prestigieuse des comp\u00e9titions d'ultra-trail.","og_url":"https:\/\/dicodusport.fr\/blog\/ultra-trail-du-mont-blanc-2024-la-sensation-vincent-bouillard-simpose\/","og_site_name":"Dicodusport","article_publisher":"https:\/\/www.facebook.com\/dicodusport","article_published_time":"2024-08-31T12:06:19+00:00","article_modified_time":"2024-08-31T13:22:48+00:00","og_image":[{"width":1200,"height":674,"url":"https:\/\/dicodusport.fr\/blog\/wp-content\/uploads\/2024\/08\/Ultra-Trail-du-Mont-Blanc-2024-La-sensation-Vincent-Bouillard-simpose-1.png","type":"image\/png"}],"author":"Olivier Dobiezynski","twitter_card":"summary_large_image","twitter_title":"Ultra-Trail du Mont-Blanc 2024 : La sensation Vincent Bouillard s'impose","twitter_creator":"@https:\/\/x.com\/Olivier_Matros","twitter_site":"@dicodusport","schema":{"@context":"https:\/\/schema.org","@graph":[{"@type":"NewsArticle","@id":"https:\/\/dicodusport.fr\/blog\/ultra-trail-du-mont-blanc-2024-la-sensation-vincent-bouillard-simpose\/#article","isPartOf":{"@id":"https:\/\/dicodusport.fr\/blog\/ultra-trail-du-mont-blanc-2024-la-sensation-vincent-bouillard-simpose\/"},"author":{"name":"Olivier Dobiezynski","@id":"https:\/\/dicodusport.fr\/blog\/#\/schema\/person\/fe500246414ca17ddf0c0312d7a792cc"},"headline":"Ultra-Trail du Mont-Blanc 2024 : La sensation Vincent Bouillard s&rsquo;impose","datePublished":"2024-08-31T12:06:19+00:00","dateModified":"2024-08-31T13:22:48+00:00","mainEntityOfPage":{"@id":"https:\/\/dicodusport.fr\/blog\/ultra-trail-du-mont-blanc-2024-la-sensation-vincent-bouillard-simpose\/"},"wordCount":534,"commentCount":0,"publisher":{"@id":"https:\/\/dicodusport.fr\/blog\/#organization"},"image":{"@id":"https:\/\/dicodusport.fr\/blog\/ultra-trail-du-mont-blanc-2024-la-sensation-vincent-bouillard-simpose\/#primaryimage"},"thumbnailUrl":"https:\/\/dicodusport.fr\/blog\/wp-content\/uploads\/2024\/08\/Ultra-Trail-du-Mont-Blanc-2024-La-sensation-Vincent-Bouillard-simpose-1.png","keywords":["br\u00e8ve"],"articleSection":["Trail"],"inLanguage":"fr-FR","potentialAction":[{"@type":"CommentAction","name":"Comment","target":["https:\/\/dicodusport.fr\/blog\/ultra-trail-du-mont-blanc-2024-la-sensation-vincent-bouillard-simpose\/#respond"]}],"copyrightYear":"2024","copyrightHolder":{"@id":"https:\/\/dicodusport.fr\/blog\/#organization"}},{"@type":"WebPage","@id":"https:\/\/dicodusport.fr\/blog\/ultra-trail-du-mont-blanc-2024-la-sensation-vincent-bouillard-simpose\/","url":"https:\/\/dicodusport.fr\/blog\/ultra-trail-du-mont-blanc-2024-la-sensation-vincent-bouillard-simpose\/","name":"Ultra-Trail du Mont-Blanc 2024 : La sensation Vincent Bouillard s'impose","isPartOf":{"@id":"https:\/\/dicodusport.fr\/blog\/#website"},"primaryImageOfPage":{"@id":"https:\/\/dicodusport.fr\/blog\/ultra-trail-du-mont-blanc-2024-la-sensation-vincent-bouillard-simpose\/#primaryimage"},"image":{"@id":"https:\/\/dicodusport.fr\/blog\/ultra-trail-du-mont-blanc-2024-la-sensation-vincent-bouillard-simpose\/#primaryimage"},"thumbnailUrl":"https:\/\/dicodusport.fr\/blog\/wp-content\/uploads\/2024\/08\/Ultra-Trail-du-Mont-Blanc-2024-La-sensation-Vincent-Bouillard-simpose-1.png","datePublished":"2024-08-31T12:06:19+00:00","dateModified":"2024-08-31T13:22:48+00:00","description":"UTMB 2024 - L'Ann\u00e9cien Vincent Bouillard, presque inconnu du grand public, remporte la plus prestigieuse des comp\u00e9titions d'ultra-trail.","breadcrumb":{"@id":"https:\/\/dicodusport.fr\/blog\/ultra-trail-du-mont-blanc-2024-la-sensation-vincent-bouillard-simpose\/#breadcrumb"},"inLanguage":"fr-FR","potentialAction":[{"@type":"ReadAction","target":["https:\/\/dicodusport.fr\/blog\/ultra-trail-du-mont-blanc-2024-la-sensation-vincent-bouillard-simpose\/"]}]},{"@type":"ImageObject","inLanguage":"fr-FR","@id":"https:\/\/dicodusport.fr\/blog\/ultra-trail-du-mont-blanc-2024-la-sensation-vincent-bouillard-simpose\/#primaryimage","url":"https:\/\/dicodusport.fr\/blog\/wp-content\/uploads\/2024\/08\/Ultra-Trail-du-Mont-Blanc-2024-La-sensation-Vincent-Bouillard-simpose-1.png","contentUrl":"https:\/\/dicodusport.fr\/blog\/wp-content\/uploads\/2024\/08\/Ultra-Trail-du-Mont-Blanc-2024-La-sensation-Vincent-Bouillard-simpose-1.png","width":1200,"height":674},{"@type":"BreadcrumbList","@id":"https:\/\/dicodusport.fr\/blog\/ultra-trail-du-mont-blanc-2024-la-sensation-vincent-bouillard-simpose\/#breadcrumb","itemListElement":[{"@type":"ListItem","position":1,"name":"Accueil","item":"https:\/\/dicodusport.fr\/blog\/"},{"@type":"ListItem","position":2,"name":"Ultra-Trail du Mont-Blanc 2024 : La sensation Vincent Bouillard s&#8217;impose"}]},{"@type":"WebSite","@id":"https:\/\/dicodusport.fr\/blog\/#website","url":"https:\/\/dicodusport.fr\/blog\/","name":"Dicodusport","description":"L&#039;encyclop\u00e9die de l&#039;actualit\u00e9 sportive","publisher":{"@id":"https:\/\/dicodusport.fr\/blog\/#organization"},"potentialAction":[{"@type":"SearchAction","target":{"@type":"EntryPoint","urlTemplate":"https:\/\/dicodusport.fr\/blog\/?s={search_term_string}"},"query-input":{"@type":"PropertyValueSpecification","valueRequired":true,"valueName":"search_term_string"}}],"inLanguage":"fr-FR"},{"@type":"NewsMediaOrganization","@id":"https:\/\/dicodusport.fr\/blog\/#organization","name":"Dicodusport","url":"https:\/\/dicodusport.fr\/blog\/","logo":{"@type":"ImageObject","inLanguage":"fr-FR","@id":"https:\/\/dicodusport.fr\/blog\/#\/schema\/logo\/image\/","url":"https:\/\/dicodusport.fr\/blog\/wp-content\/uploads\/2020\/06\/cropped-LOGO-DICODUSPORT-2020-SANS-FOND-SANS-TEXTE.png","contentUrl":"https:\/\/dicodusport.fr\/blog\/wp-content\/uploads\/2020\/06\/cropped-LOGO-DICODUSPORT-2020-SANS-FOND-SANS-TEXTE.png","width":512,"height":512,"caption":"Dicodusport"},"image":{"@id":"https:\/\/dicodusport.fr\/blog\/#\/schema\/logo\/image\/"},"sameAs":["https:\/\/www.facebook.com\/dicodusport","https:\/\/x.com\/dicodusport","https:\/\/www.instagram.com\/dicodusport\/","https:\/\/www.youtube.com\/channel\/UC7V2KZ5sd3htJivAbA4ZG3w"],"description":"Dicodusport est l'encyclop\u00e9die de l'actualit\u00e9 sportive.","email":"bonjour@dicodusport.fr","legalName":"DICODUSPORT","foundingDate":"2018-01-14","vatID":"FR71834470973","taxID":"83447097300043","numberOfEmployees":{"@type":"QuantitativeValue","minValue":"1","maxValue":"10"}},{"@type":"Person","@id":"https:\/\/dicodusport.fr\/blog\/#\/schema\/person\/fe500246414ca17ddf0c0312d7a792cc","name":"Olivier Dobiezynski","image":{"@type":"ImageObject","inLanguage":"fr-FR","@id":"https:\/\/dicodusport.fr\/blog\/#\/schema\/person\/image\/","url":"https:\/\/dicodusport.fr\/blog\/wp-content\/uploads\/2024\/09\/5be8fe8d-9962-4f1e-ad06-d6f9dee30e6d-150x150.jpg","contentUrl":"https:\/\/dicodusport.fr\/blog\/wp-content\/uploads\/2024\/09\/5be8fe8d-9962-4f1e-ad06-d6f9dee30e6d-150x150.jpg","caption":"Olivier Dobiezynski"},"description":"Depuis le milieu des ann\u00e9es 90, la passion du cyclisme m'anime. Mes h\u00e9ros s'appellent Luc Leblanc, Piotr Ugrumov, Paolo Savoldelli, Peter Sagan et bien \u00e9videmment Romain Bardet. R\u00e9dacteur depuis 2023, je suis ici pour partager cet amour de la Petite Reine. Vous pourrez me lire \u00e9galement sur du trail, du ski de fond et tout autre sujet susceptible d'\u00e9veiller ma curiosit\u00e9 sportive.","sameAs":["https:\/\/x.com\/https:\/\/x.com\/Olivier_Matros"],"url":"https:\/\/dicodusport.fr\/blog\/author\/olivier-gh\/"}]}},"_links":{"self":[{"href":"https:\/\/dicodusport.fr\/blog\/wp-json\/wp\/v2\/posts\/516460","targetHints":{"allow":["GET"]}}],"collection":[{"href":"https:\/\/dicodusport.fr\/blog\/wp-json\/wp\/v2\/posts"}],"about":[{"href":"https:\/\/dicodusport.fr\/blog\/wp-json\/wp\/v2\/types\/post"}],"author":[{"embeddable":true,"href":"https:\/\/dicodusport.fr\/blog\/wp-json\/wp\/v2\/users\/92"}],"replies":[{"embeddable":true,"href":"https:\/\/dicodusport.fr\/blog\/wp-json\/wp\/v2\/comments?post=516460"}],"version-history":[{"count":5,"href":"https:\/\/dicodusport.fr\/blog\/wp-json\/wp\/v2\/posts\/516460\/revisions"}],"predecessor-version":[{"id":516500,"href":"https:\/\/dicodusport.fr\/blog\/wp-json\/wp\/v2\/posts\/516460\/revisions\/516500"}],"wp:featuredmedia":[{"embeddable":true,"href":"https:\/\/dicodusport.fr\/blog\/wp-json\/wp\/v2\/media\/516513"}],"wp:attachment":[{"href":"https:\/\/dicodusport.fr\/blog\/wp-json\/wp\/v2\/media?parent=516460"}],"wp:term":[{"taxonomy":"category","embeddable":true,"href":"https:\/\/dicodusport.fr\/blog\/wp-json\/wp\/v2\/categories?post=516460"},{"taxonomy":"post_tag","embeddable":true,"href":"https:\/\/dicodusport.fr\/blog\/wp-json\/wp\/v2\/tags?post=516460"}],"curies":[{"name":"wp","href":"https:\/\/api.w.org\/{rel}","templated":true}]}}