{"id":516505,"date":"2024-08-31T16:31:56","date_gmt":"2024-08-31T14:31:56","guid":{"rendered":"https:\/\/dicodusport.fr\/blog\/?p=516505&#038;preview=true&#038;preview_id=516505"},"modified":"2024-08-31T19:23:13","modified_gmt":"2024-08-31T17:23:13","slug":"mondiaux-vtt-2024-loris-vergier-champion-du-monde-en-descente-devant-benoit-coulanges","status":"publish","type":"post","link":"https:\/\/dicodusport.fr\/blog\/mondiaux-vtt-2024-loris-vergier-champion-du-monde-en-descente-devant-benoit-coulanges\/","title":{"rendered":"Mondiaux VTT 2024 : Loris Vergier champion du monde en Descente devant Beno\u00eet Coulanges"},"content":{"rendered":"<p style=\"text-align: justify;\"><strong><em>VTT CHAMPIONNATS DU MONDE 2024 \u2013 COCORICO ! \u00c0 28 ans, Loris Vergier est devenu champion du monde de VTT Descente \u00e0 Pal Arinsal (Andorre). Il devance Beno\u00eet Coulanges, pour un doubl\u00e9 fran\u00e7ais.<\/em><\/strong><\/p>\n<ul>\n<li style=\"text-align: justify;\"><strong>\u00c0 ce sujet \u2013\u00a0<a href=\"https:\/\/dicodusport.fr\/blog\/programme-et-resultats-vtt-championnats-du-monde-2024\/\">Programme et r\u00e9sultats VTT Championnats du monde 2024<\/a><\/strong><\/li>\n<\/ul>\n<p style=\"text-align: justify;\">Et m\u00eame double Cocorico ! Ce samedi, \u00e0 <strong>Pal Arinsal<\/strong> (Andorre), <strong>Loris Vergier<\/strong> (28 ans) est devenu champion du monde de VTT Descente, devant son compatriote <strong>Beno\u00eet Coulanges<\/strong>. <strong>Vergier<\/strong>, champion d&rsquo;Europe en 2021, m\u00e9daill\u00e9 de bronze aux Gets (France) en 2022 lors du <a href=\"https:\/\/dicodusport.fr\/blog\/mondiaux-vtt-descente-2022-loic-bruni-champion-du-monde-triple-francais-aux-gets\/\">tripl\u00e9 fran\u00e7ais qui avait vu <strong>Lo\u00efc Bruni<\/strong> devancer <strong>Amaury Pierron<\/strong><\/a>, a r\u00e9alis\u00e9 un run de patron pour l&#8217;emporter avec 148 milli\u00e8mes d&rsquo;avance sur Coulanges. Le podium est compl\u00e9t\u00e9 par le Canadien <strong>Finn Iles<\/strong> (+0.169).<\/p>\n<h2 style=\"text-align: justify;\">Un doubl\u00e9 pas loin de virer au tripl\u00e9<\/h2>\n<p style=\"text-align: justify;\">On va largement de satisfaire d&rsquo;un doubl\u00e9, mais il faut le dire, on a senti un nouveau podium 100 % arriver. Il \u00e9tait m\u00eame tout proche, lorsque <a href=\"https:\/\/dicodusport.fr\/blog\/vtt-descente-loic-bruni-triomphe-encore-en-coupe-du-monde-a-saalfelden-leogang\/\"><strong>Lo\u00efc Bruni<\/strong><\/a>, dernier concurrent \u00e0 s&rsquo;\u00e9lancer, entamait la seconde moiti\u00e9 du trac\u00e9 andorran avec une grosse seconde d&rsquo;avance sur la concurrence. Quintuple champion du monde (2015, 2017, 2018, 2019 et 2022), le Ni\u00e7ois de 30 ans \u00e9tait alors parti pour r\u00e9aliser la passe de 6. Mais le pilote Specialized a perdu l&rsquo;avant de sa machine. Le sort est encore plus cruel pour l&rsquo;Am\u00e9ricain <strong>Dakotah Norton<\/strong>. En t\u00eate avec une demi-seconde d&rsquo;avance, ce dernier a chut\u00e9 \u00e0 quelques encablures de l&rsquo;arriv\u00e9e. Rageant, mais pour le plus grand bonheur des Fran\u00e7ais.<\/p>\n<p style=\"text-align: justify;\">L&rsquo;histoire retiendra que Loris Vergier devient le cinqui\u00e8me pilote tricolore \u00e0 grimper sur le toit du monde, apr\u00e8s <strong>Fran\u00e7ois Gachet<\/strong> (1994), <strong>Nicolas Vouilloz<\/strong> (1995, 1996, 1997, 1998, 1999, 2001 et 2022), <strong>Fabien Barel<\/strong> (2004 et 2005), et donc <strong>Lo\u00efc Bruni<\/strong>. La tradition du VTT descente fran\u00e7ais perdure, plus que jamais.<\/p>\n<blockquote class=\"twitter-tweet\">\n<p dir=\"ltr\" lang=\"fr\">Loris Vergier est&#8230; CHAMPION DU MONDE DE DESCENTE ! \ud83e\udd2f<\/p>\n<p>Revivez sa fin de run exceptionnelle \ud83d\ude80 <a href=\"https:\/\/t.co\/VZWPyNo7KJ\">pic.twitter.com\/VZWPyNo7KJ<\/a><\/p>\n<p>\u2014 Eurosport France (@Eurosport_FR) <a href=\"https:\/\/twitter.com\/Eurosport_FR\/status\/1829894151048937485?ref_src=twsrc%5Etfw\">August 31, 2024<\/a><\/p><\/blockquote>\n<p><script async src=\"https:\/\/platform.twitter.com\/widgets.js\" charset=\"utf-8\"><\/script><\/p>\n","protected":false},"excerpt":{"rendered":"<p>Loris Vergier champion du monde en Descente devant Beno\u00eet Coulanges<\/p>\n","protected":false},"author":4,"featured_media":516646,"comment_status":"open","ping_status":"closed","sticky":false,"template":"","format":"standard","meta":{"_acf_changed":false,"_daextam_enable_autolinks":"1","footnotes":""},"categories":[10279],"tags":[8089,16878,41496,24,692,7768],"class_list":["post-516505","post","type-post","status-publish","format-standard","has-post-thumbnail","hentry","category-vtt","tag-andorre","tag-breve","tag-pal-arinsal","tag-sport","tag-vtt","tag-vtt-descente"],"acf":[],"yoast_head":"<!-- This site is optimized with the Yoast SEO Premium plugin v26.7 (Yoast SEO v26.7) - https:\/\/yoast.com\/wordpress\/plugins\/seo\/ -->\n<title>Mondiaux VTT 2024 : Loris Vergier champion du monde en Descente devant Beno\u00eet Coulanges<\/title>\n<meta name=\"description\" content=\"VTT CHAMPIONNATS DU MONDE 2024 \u2013 COCORICO ! \u00c0 28 ans, Loris Vergier est devenu champion du monde de VTT Descente \u00e0 Pal Arinsal (Andorre).\" \/>\n<meta name=\"robots\" content=\"index, follow, max-snippet:-1, max-image-preview:large, max-video-preview:-1\" \/>\n<link rel=\"canonical\" href=\"https:\/\/dicodusport.fr\/blog\/mondiaux-vtt-2024-loris-vergier-champion-du-monde-en-descente-devant-benoit-coulanges\/\" \/>\n<meta property=\"og:locale\" content=\"fr_FR\" \/>\n<meta property=\"og:type\" content=\"article\" \/>\n<meta property=\"og:title\" content=\"Mondiaux VTT 2024 : Loris Vergier champion du monde en Descente devant Beno\u00eet Coulanges\" \/>\n<meta property=\"og:description\" content=\"VTT CHAMPIONNATS DU MONDE 2024 \u2013 COCORICO ! \u00c0 28 ans, Loris Vergier est devenu champion du monde de VTT Descente \u00e0 Pal Arinsal (Andorre).\" \/>\n<meta property=\"og:url\" content=\"https:\/\/dicodusport.fr\/blog\/mondiaux-vtt-2024-loris-vergier-champion-du-monde-en-descente-devant-benoit-coulanges\/\" \/>\n<meta property=\"og:site_name\" content=\"Dicodusport\" \/>\n<meta property=\"article:publisher\" content=\"https:\/\/www.facebook.com\/dicodusport\" \/>\n<meta property=\"article:author\" content=\"https:\/\/www.facebook.com\/florent.ostermann\" \/>\n<meta property=\"article:published_time\" content=\"2024-08-31T14:31:56+00:00\" \/>\n<meta property=\"article:modified_time\" content=\"2024-08-31T17:23:13+00:00\" \/>\n<meta property=\"og:image\" content=\"https:\/\/dicodusport.fr\/blog\/wp-content\/uploads\/2024\/08\/Mondiaux-VTT-2024-Loris-Vergier-champion-du-monde-en-Descente-devant-Benoit-Coulanges-1.png\" \/>\n\t<meta property=\"og:image:width\" content=\"1200\" \/>\n\t<meta property=\"og:image:height\" content=\"674\" \/>\n\t<meta property=\"og:image:type\" content=\"image\/png\" \/>\n<meta name=\"author\" content=\"Flo Ostermann\" \/>\n<meta name=\"twitter:card\" content=\"summary_large_image\" \/>\n<meta name=\"twitter:title\" content=\"Mondiaux VTT 2024 : Loris Vergier champion du monde en Descente devant Beno\u00eet Coulanges\" \/>\n<meta name=\"twitter:creator\" content=\"@https:\/\/twitter.com\/FlOstermann\" \/>\n<meta name=\"twitter:site\" content=\"@dicodusport\" \/>\n<script type=\"application\/ld+json\" class=\"yoast-schema-graph\">{\"@context\":\"https:\/\/schema.org\",\"@graph\":[{\"@type\":\"NewsArticle\",\"@id\":\"https:\/\/dicodusport.fr\/blog\/mondiaux-vtt-2024-loris-vergier-champion-du-monde-en-descente-devant-benoit-coulanges\/#article\",\"isPartOf\":{\"@id\":\"https:\/\/dicodusport.fr\/blog\/mondiaux-vtt-2024-loris-vergier-champion-du-monde-en-descente-devant-benoit-coulanges\/\"},\"author\":{\"name\":\"Flo Ostermann\",\"@id\":\"https:\/\/dicodusport.fr\/blog\/#\/schema\/person\/cb02af4c173ce4a653b55e9baf388d4a\"},\"headline\":\"Mondiaux VTT 2024 : Loris Vergier champion du monde en Descente devant Beno\u00eet Coulanges\",\"datePublished\":\"2024-08-31T14:31:56+00:00\",\"dateModified\":\"2024-08-31T17:23:13+00:00\",\"mainEntityOfPage\":{\"@id\":\"https:\/\/dicodusport.fr\/blog\/mondiaux-vtt-2024-loris-vergier-champion-du-monde-en-descente-devant-benoit-coulanges\/\"},\"wordCount\":330,\"commentCount\":0,\"publisher\":{\"@id\":\"https:\/\/dicodusport.fr\/blog\/#organization\"},\"image\":{\"@id\":\"https:\/\/dicodusport.fr\/blog\/mondiaux-vtt-2024-loris-vergier-champion-du-monde-en-descente-devant-benoit-coulanges\/#primaryimage\"},\"thumbnailUrl\":\"https:\/\/dicodusport.fr\/blog\/wp-content\/uploads\/2024\/08\/Mondiaux-VTT-2024-Loris-Vergier-champion-du-monde-en-Descente-devant-Benoit-Coulanges-1.png\",\"keywords\":[\"Andorre\",\"br\u00e8ve\",\"Pal Arinsal\",\"sport\",\"VTT\",\"VTT Descente\"],\"articleSection\":[\"VTT\"],\"inLanguage\":\"fr-FR\",\"potentialAction\":[{\"@type\":\"CommentAction\",\"name\":\"Comment\",\"target\":[\"https:\/\/dicodusport.fr\/blog\/mondiaux-vtt-2024-loris-vergier-champion-du-monde-en-descente-devant-benoit-coulanges\/#respond\"]}],\"copyrightYear\":\"2024\",\"copyrightHolder\":{\"@id\":\"https:\/\/dicodusport.fr\/blog\/#organization\"}},{\"@type\":\"WebPage\",\"@id\":\"https:\/\/dicodusport.fr\/blog\/mondiaux-vtt-2024-loris-vergier-champion-du-monde-en-descente-devant-benoit-coulanges\/\",\"url\":\"https:\/\/dicodusport.fr\/blog\/mondiaux-vtt-2024-loris-vergier-champion-du-monde-en-descente-devant-benoit-coulanges\/\",\"name\":\"Mondiaux VTT 2024 : Loris Vergier champion du monde en Descente devant Beno\u00eet Coulanges\",\"isPartOf\":{\"@id\":\"https:\/\/dicodusport.fr\/blog\/#website\"},\"primaryImageOfPage\":{\"@id\":\"https:\/\/dicodusport.fr\/blog\/mondiaux-vtt-2024-loris-vergier-champion-du-monde-en-descente-devant-benoit-coulanges\/#primaryimage\"},\"image\":{\"@id\":\"https:\/\/dicodusport.fr\/blog\/mondiaux-vtt-2024-loris-vergier-champion-du-monde-en-descente-devant-benoit-coulanges\/#primaryimage\"},\"thumbnailUrl\":\"https:\/\/dicodusport.fr\/blog\/wp-content\/uploads\/2024\/08\/Mondiaux-VTT-2024-Loris-Vergier-champion-du-monde-en-Descente-devant-Benoit-Coulanges-1.png\",\"datePublished\":\"2024-08-31T14:31:56+00:00\",\"dateModified\":\"2024-08-31T17:23:13+00:00\",\"description\":\"VTT CHAMPIONNATS DU MONDE 2024 \u2013 COCORICO ! \u00c0 28 ans, Loris Vergier est devenu champion du monde de VTT Descente \u00e0 Pal Arinsal (Andorre).\",\"breadcrumb\":{\"@id\":\"https:\/\/dicodusport.fr\/blog\/mondiaux-vtt-2024-loris-vergier-champion-du-monde-en-descente-devant-benoit-coulanges\/#breadcrumb\"},\"inLanguage\":\"fr-FR\",\"potentialAction\":[{\"@type\":\"ReadAction\",\"target\":[\"https:\/\/dicodusport.fr\/blog\/mondiaux-vtt-2024-loris-vergier-champion-du-monde-en-descente-devant-benoit-coulanges\/\"]}]},{\"@type\":\"ImageObject\",\"inLanguage\":\"fr-FR\",\"@id\":\"https:\/\/dicodusport.fr\/blog\/mondiaux-vtt-2024-loris-vergier-champion-du-monde-en-descente-devant-benoit-coulanges\/#primaryimage\",\"url\":\"https:\/\/dicodusport.fr\/blog\/wp-content\/uploads\/2024\/08\/Mondiaux-VTT-2024-Loris-Vergier-champion-du-monde-en-Descente-devant-Benoit-Coulanges-1.png\",\"contentUrl\":\"https:\/\/dicodusport.fr\/blog\/wp-content\/uploads\/2024\/08\/Mondiaux-VTT-2024-Loris-Vergier-champion-du-monde-en-Descente-devant-Benoit-Coulanges-1.png\",\"width\":1200,\"height\":674,\"caption\":\"Mondiaux VTT 2024 Loris Vergier champion du monde en Descente devant Beno\u00eet Coulanges (1)\"},{\"@type\":\"BreadcrumbList\",\"@id\":\"https:\/\/dicodusport.fr\/blog\/mondiaux-vtt-2024-loris-vergier-champion-du-monde-en-descente-devant-benoit-coulanges\/#breadcrumb\",\"itemListElement\":[{\"@type\":\"ListItem\",\"position\":1,\"name\":\"Accueil\",\"item\":\"https:\/\/dicodusport.fr\/blog\/\"},{\"@type\":\"ListItem\",\"position\":2,\"name\":\"Mondiaux VTT 2024 : Loris Vergier champion du monde en Descente devant Beno\u00eet Coulanges\"}]},{\"@type\":\"WebSite\",\"@id\":\"https:\/\/dicodusport.fr\/blog\/#website\",\"url\":\"https:\/\/dicodusport.fr\/blog\/\",\"name\":\"Dicodusport\",\"description\":\"L&#039;encyclop\u00e9die de l&#039;actualit\u00e9 sportive\",\"publisher\":{\"@id\":\"https:\/\/dicodusport.fr\/blog\/#organization\"},\"potentialAction\":[{\"@type\":\"SearchAction\",\"target\":{\"@type\":\"EntryPoint\",\"urlTemplate\":\"https:\/\/dicodusport.fr\/blog\/?s={search_term_string}\"},\"query-input\":{\"@type\":\"PropertyValueSpecification\",\"valueRequired\":true,\"valueName\":\"search_term_string\"}}],\"inLanguage\":\"fr-FR\"},{\"@type\":\"NewsMediaOrganization\",\"@id\":\"https:\/\/dicodusport.fr\/blog\/#organization\",\"name\":\"Dicodusport\",\"url\":\"https:\/\/dicodusport.fr\/blog\/\",\"logo\":{\"@type\":\"ImageObject\",\"inLanguage\":\"fr-FR\",\"@id\":\"https:\/\/dicodusport.fr\/blog\/#\/schema\/logo\/image\/\",\"url\":\"https:\/\/dicodusport.fr\/blog\/wp-content\/uploads\/2020\/06\/cropped-LOGO-DICODUSPORT-2020-SANS-FOND-SANS-TEXTE.png\",\"contentUrl\":\"https:\/\/dicodusport.fr\/blog\/wp-content\/uploads\/2020\/06\/cropped-LOGO-DICODUSPORT-2020-SANS-FOND-SANS-TEXTE.png\",\"width\":512,\"height\":512,\"caption\":\"Dicodusport\"},\"image\":{\"@id\":\"https:\/\/dicodusport.fr\/blog\/#\/schema\/logo\/image\/\"},\"sameAs\":[\"https:\/\/www.facebook.com\/dicodusport\",\"https:\/\/x.com\/dicodusport\",\"https:\/\/www.instagram.com\/dicodusport\/\",\"https:\/\/www.youtube.com\/channel\/UC7V2KZ5sd3htJivAbA4ZG3w\"],\"description\":\"Dicodusport est l'encyclop\u00e9die de l'actualit\u00e9 sportive.\",\"email\":\"bonjour@dicodusport.fr\",\"legalName\":\"DICODUSPORT\",\"foundingDate\":\"2018-01-14\",\"vatID\":\"FR71834470973\",\"taxID\":\"83447097300043\",\"numberOfEmployees\":{\"@type\":\"QuantitativeValue\",\"minValue\":\"1\",\"maxValue\":\"10\"}},{\"@type\":\"Person\",\"@id\":\"https:\/\/dicodusport.fr\/blog\/#\/schema\/person\/cb02af4c173ce4a653b55e9baf388d4a\",\"name\":\"Flo Ostermann\",\"image\":{\"@type\":\"ImageObject\",\"inLanguage\":\"fr-FR\",\"@id\":\"https:\/\/dicodusport.fr\/blog\/#\/schema\/person\/image\/\",\"url\":\"https:\/\/dicodusport.fr\/blog\/wp-content\/uploads\/2021\/05\/Flo-Ostermann-150x150.jpg\",\"contentUrl\":\"https:\/\/dicodusport.fr\/blog\/wp-content\/uploads\/2021\/05\/Flo-Ostermann-150x150.jpg\",\"caption\":\"Flo Ostermann\"},\"description\":\"Journaliste\/R\u00e9dacteur depuis septembre 2015 - Mes premiers souvenirs dans le sport ? Les envol\u00e9es du Stade Toulousain et les duels Villeneuve-Schumacher et H\u00e4kkinen-Schumacher \u00e0 la fin des ann\u00e9es 90, la Coupe du monde de football en 1998, l\u2019exploit du XV de France face aux All Blacks en 1999, mais aussi Richard C\u0153ur de Lion qui vole sur les montagnes du Tour de France. Bien parti pour devenir professeur d\u2019EPS, les \u00e9v\u00e9nements de la vie (et la flemme d\u2019animer des s\u00e9ances de 3x500 m\u00e8tres toute ma vie) m\u2019ont conduit \u00e0 revoir mes plans. Me voil\u00e0 depuis fin 2017 sur Dicodusport, m\u00e9dia gr\u00e2ce (et pour) lequel je partage ma passion : le sport dans tous ses \u00e9tats. Le tout accompagn\u00e9 par les fous furieux et folles furieuses cit\u00e9s sur cette page !\",\"sameAs\":[\"https:\/\/www.facebook.com\/florent.ostermann\",\"https:\/\/x.com\/https:\/\/twitter.com\/FlOstermann\",\"admin\"],\"url\":\"https:\/\/dicodusport.fr\/blog\/author\/flo\/\"}]}<\/script>\n<!-- \/ Yoast SEO Premium plugin. -->","yoast_head_json":{"title":"Mondiaux VTT 2024 : Loris Vergier champion du monde en Descente devant Beno\u00eet Coulanges","description":"VTT CHAMPIONNATS DU MONDE 2024 \u2013 COCORICO ! \u00c0 28 ans, Loris Vergier est devenu champion du monde de VTT Descente \u00e0 Pal Arinsal (Andorre).","robots":{"index":"index","follow":"follow","max-snippet":"max-snippet:-1","max-image-preview":"max-image-preview:large","max-video-preview":"max-video-preview:-1"},"canonical":"https:\/\/dicodusport.fr\/blog\/mondiaux-vtt-2024-loris-vergier-champion-du-monde-en-descente-devant-benoit-coulanges\/","og_locale":"fr_FR","og_type":"article","og_title":"Mondiaux VTT 2024 : Loris Vergier champion du monde en Descente devant Beno\u00eet Coulanges","og_description":"VTT CHAMPIONNATS DU MONDE 2024 \u2013 COCORICO ! \u00c0 28 ans, Loris Vergier est devenu champion du monde de VTT Descente \u00e0 Pal Arinsal (Andorre).","og_url":"https:\/\/dicodusport.fr\/blog\/mondiaux-vtt-2024-loris-vergier-champion-du-monde-en-descente-devant-benoit-coulanges\/","og_site_name":"Dicodusport","article_publisher":"https:\/\/www.facebook.com\/dicodusport","article_author":"https:\/\/www.facebook.com\/florent.ostermann","article_published_time":"2024-08-31T14:31:56+00:00","article_modified_time":"2024-08-31T17:23:13+00:00","og_image":[{"width":1200,"height":674,"url":"https:\/\/dicodusport.fr\/blog\/wp-content\/uploads\/2024\/08\/Mondiaux-VTT-2024-Loris-Vergier-champion-du-monde-en-Descente-devant-Benoit-Coulanges-1.png","type":"image\/png"}],"author":"Flo Ostermann","twitter_card":"summary_large_image","twitter_title":"Mondiaux VTT 2024 : Loris Vergier champion du monde en Descente devant Beno\u00eet Coulanges","twitter_creator":"@https:\/\/twitter.com\/FlOstermann","twitter_site":"@dicodusport","schema":{"@context":"https:\/\/schema.org","@graph":[{"@type":"NewsArticle","@id":"https:\/\/dicodusport.fr\/blog\/mondiaux-vtt-2024-loris-vergier-champion-du-monde-en-descente-devant-benoit-coulanges\/#article","isPartOf":{"@id":"https:\/\/dicodusport.fr\/blog\/mondiaux-vtt-2024-loris-vergier-champion-du-monde-en-descente-devant-benoit-coulanges\/"},"author":{"name":"Flo Ostermann","@id":"https:\/\/dicodusport.fr\/blog\/#\/schema\/person\/cb02af4c173ce4a653b55e9baf388d4a"},"headline":"Mondiaux VTT 2024 : Loris Vergier champion du monde en Descente devant Beno\u00eet Coulanges","datePublished":"2024-08-31T14:31:56+00:00","dateModified":"2024-08-31T17:23:13+00:00","mainEntityOfPage":{"@id":"https:\/\/dicodusport.fr\/blog\/mondiaux-vtt-2024-loris-vergier-champion-du-monde-en-descente-devant-benoit-coulanges\/"},"wordCount":330,"commentCount":0,"publisher":{"@id":"https:\/\/dicodusport.fr\/blog\/#organization"},"image":{"@id":"https:\/\/dicodusport.fr\/blog\/mondiaux-vtt-2024-loris-vergier-champion-du-monde-en-descente-devant-benoit-coulanges\/#primaryimage"},"thumbnailUrl":"https:\/\/dicodusport.fr\/blog\/wp-content\/uploads\/2024\/08\/Mondiaux-VTT-2024-Loris-Vergier-champion-du-monde-en-Descente-devant-Benoit-Coulanges-1.png","keywords":["Andorre","br\u00e8ve","Pal Arinsal","sport","VTT","VTT Descente"],"articleSection":["VTT"],"inLanguage":"fr-FR","potentialAction":[{"@type":"CommentAction","name":"Comment","target":["https:\/\/dicodusport.fr\/blog\/mondiaux-vtt-2024-loris-vergier-champion-du-monde-en-descente-devant-benoit-coulanges\/#respond"]}],"copyrightYear":"2024","copyrightHolder":{"@id":"https:\/\/dicodusport.fr\/blog\/#organization"}},{"@type":"WebPage","@id":"https:\/\/dicodusport.fr\/blog\/mondiaux-vtt-2024-loris-vergier-champion-du-monde-en-descente-devant-benoit-coulanges\/","url":"https:\/\/dicodusport.fr\/blog\/mondiaux-vtt-2024-loris-vergier-champion-du-monde-en-descente-devant-benoit-coulanges\/","name":"Mondiaux VTT 2024 : Loris Vergier champion du monde en Descente devant Beno\u00eet Coulanges","isPartOf":{"@id":"https:\/\/dicodusport.fr\/blog\/#website"},"primaryImageOfPage":{"@id":"https:\/\/dicodusport.fr\/blog\/mondiaux-vtt-2024-loris-vergier-champion-du-monde-en-descente-devant-benoit-coulanges\/#primaryimage"},"image":{"@id":"https:\/\/dicodusport.fr\/blog\/mondiaux-vtt-2024-loris-vergier-champion-du-monde-en-descente-devant-benoit-coulanges\/#primaryimage"},"thumbnailUrl":"https:\/\/dicodusport.fr\/blog\/wp-content\/uploads\/2024\/08\/Mondiaux-VTT-2024-Loris-Vergier-champion-du-monde-en-Descente-devant-Benoit-Coulanges-1.png","datePublished":"2024-08-31T14:31:56+00:00","dateModified":"2024-08-31T17:23:13+00:00","description":"VTT CHAMPIONNATS DU MONDE 2024 \u2013 COCORICO ! \u00c0 28 ans, Loris Vergier est devenu champion du monde de VTT Descente \u00e0 Pal Arinsal (Andorre).","breadcrumb":{"@id":"https:\/\/dicodusport.fr\/blog\/mondiaux-vtt-2024-loris-vergier-champion-du-monde-en-descente-devant-benoit-coulanges\/#breadcrumb"},"inLanguage":"fr-FR","potentialAction":[{"@type":"ReadAction","target":["https:\/\/dicodusport.fr\/blog\/mondiaux-vtt-2024-loris-vergier-champion-du-monde-en-descente-devant-benoit-coulanges\/"]}]},{"@type":"ImageObject","inLanguage":"fr-FR","@id":"https:\/\/dicodusport.fr\/blog\/mondiaux-vtt-2024-loris-vergier-champion-du-monde-en-descente-devant-benoit-coulanges\/#primaryimage","url":"https:\/\/dicodusport.fr\/blog\/wp-content\/uploads\/2024\/08\/Mondiaux-VTT-2024-Loris-Vergier-champion-du-monde-en-Descente-devant-Benoit-Coulanges-1.png","contentUrl":"https:\/\/dicodusport.fr\/blog\/wp-content\/uploads\/2024\/08\/Mondiaux-VTT-2024-Loris-Vergier-champion-du-monde-en-Descente-devant-Benoit-Coulanges-1.png","width":1200,"height":674,"caption":"Mondiaux VTT 2024 Loris Vergier champion du monde en Descente devant Beno\u00eet Coulanges (1)"},{"@type":"BreadcrumbList","@id":"https:\/\/dicodusport.fr\/blog\/mondiaux-vtt-2024-loris-vergier-champion-du-monde-en-descente-devant-benoit-coulanges\/#breadcrumb","itemListElement":[{"@type":"ListItem","position":1,"name":"Accueil","item":"https:\/\/dicodusport.fr\/blog\/"},{"@type":"ListItem","position":2,"name":"Mondiaux VTT 2024 : Loris Vergier champion du monde en Descente devant Beno\u00eet Coulanges"}]},{"@type":"WebSite","@id":"https:\/\/dicodusport.fr\/blog\/#website","url":"https:\/\/dicodusport.fr\/blog\/","name":"Dicodusport","description":"L&#039;encyclop\u00e9die de l&#039;actualit\u00e9 sportive","publisher":{"@id":"https:\/\/dicodusport.fr\/blog\/#organization"},"potentialAction":[{"@type":"SearchAction","target":{"@type":"EntryPoint","urlTemplate":"https:\/\/dicodusport.fr\/blog\/?s={search_term_string}"},"query-input":{"@type":"PropertyValueSpecification","valueRequired":true,"valueName":"search_term_string"}}],"inLanguage":"fr-FR"},{"@type":"NewsMediaOrganization","@id":"https:\/\/dicodusport.fr\/blog\/#organization","name":"Dicodusport","url":"https:\/\/dicodusport.fr\/blog\/","logo":{"@type":"ImageObject","inLanguage":"fr-FR","@id":"https:\/\/dicodusport.fr\/blog\/#\/schema\/logo\/image\/","url":"https:\/\/dicodusport.fr\/blog\/wp-content\/uploads\/2020\/06\/cropped-LOGO-DICODUSPORT-2020-SANS-FOND-SANS-TEXTE.png","contentUrl":"https:\/\/dicodusport.fr\/blog\/wp-content\/uploads\/2020\/06\/cropped-LOGO-DICODUSPORT-2020-SANS-FOND-SANS-TEXTE.png","width":512,"height":512,"caption":"Dicodusport"},"image":{"@id":"https:\/\/dicodusport.fr\/blog\/#\/schema\/logo\/image\/"},"sameAs":["https:\/\/www.facebook.com\/dicodusport","https:\/\/x.com\/dicodusport","https:\/\/www.instagram.com\/dicodusport\/","https:\/\/www.youtube.com\/channel\/UC7V2KZ5sd3htJivAbA4ZG3w"],"description":"Dicodusport est l'encyclop\u00e9die de l'actualit\u00e9 sportive.","email":"bonjour@dicodusport.fr","legalName":"DICODUSPORT","foundingDate":"2018-01-14","vatID":"FR71834470973","taxID":"83447097300043","numberOfEmployees":{"@type":"QuantitativeValue","minValue":"1","maxValue":"10"}},{"@type":"Person","@id":"https:\/\/dicodusport.fr\/blog\/#\/schema\/person\/cb02af4c173ce4a653b55e9baf388d4a","name":"Flo Ostermann","image":{"@type":"ImageObject","inLanguage":"fr-FR","@id":"https:\/\/dicodusport.fr\/blog\/#\/schema\/person\/image\/","url":"https:\/\/dicodusport.fr\/blog\/wp-content\/uploads\/2021\/05\/Flo-Ostermann-150x150.jpg","contentUrl":"https:\/\/dicodusport.fr\/blog\/wp-content\/uploads\/2021\/05\/Flo-Ostermann-150x150.jpg","caption":"Flo Ostermann"},"description":"Journaliste\/R\u00e9dacteur depuis septembre 2015 - Mes premiers souvenirs dans le sport ? Les envol\u00e9es du Stade Toulousain et les duels Villeneuve-Schumacher et H\u00e4kkinen-Schumacher \u00e0 la fin des ann\u00e9es 90, la Coupe du monde de football en 1998, l\u2019exploit du XV de France face aux All Blacks en 1999, mais aussi Richard C\u0153ur de Lion qui vole sur les montagnes du Tour de France. Bien parti pour devenir professeur d\u2019EPS, les \u00e9v\u00e9nements de la vie (et la flemme d\u2019animer des s\u00e9ances de 3x500 m\u00e8tres toute ma vie) m\u2019ont conduit \u00e0 revoir mes plans. Me voil\u00e0 depuis fin 2017 sur Dicodusport, m\u00e9dia gr\u00e2ce (et pour) lequel je partage ma passion : le sport dans tous ses \u00e9tats. Le tout accompagn\u00e9 par les fous furieux et folles furieuses cit\u00e9s sur cette page !","sameAs":["https:\/\/www.facebook.com\/florent.ostermann","https:\/\/x.com\/https:\/\/twitter.com\/FlOstermann","admin"],"url":"https:\/\/dicodusport.fr\/blog\/author\/flo\/"}]}},"_links":{"self":[{"href":"https:\/\/dicodusport.fr\/blog\/wp-json\/wp\/v2\/posts\/516505","targetHints":{"allow":["GET"]}}],"collection":[{"href":"https:\/\/dicodusport.fr\/blog\/wp-json\/wp\/v2\/posts"}],"about":[{"href":"https:\/\/dicodusport.fr\/blog\/wp-json\/wp\/v2\/types\/post"}],"author":[{"embeddable":true,"href":"https:\/\/dicodusport.fr\/blog\/wp-json\/wp\/v2\/users\/4"}],"replies":[{"embeddable":true,"href":"https:\/\/dicodusport.fr\/blog\/wp-json\/wp\/v2\/comments?post=516505"}],"version-history":[{"count":5,"href":"https:\/\/dicodusport.fr\/blog\/wp-json\/wp\/v2\/posts\/516505\/revisions"}],"predecessor-version":[{"id":516647,"href":"https:\/\/dicodusport.fr\/blog\/wp-json\/wp\/v2\/posts\/516505\/revisions\/516647"}],"wp:featuredmedia":[{"embeddable":true,"href":"https:\/\/dicodusport.fr\/blog\/wp-json\/wp\/v2\/media\/516646"}],"wp:attachment":[{"href":"https:\/\/dicodusport.fr\/blog\/wp-json\/wp\/v2\/media?parent=516505"}],"wp:term":[{"taxonomy":"category","embeddable":true,"href":"https:\/\/dicodusport.fr\/blog\/wp-json\/wp\/v2\/categories?post=516505"},{"taxonomy":"post_tag","embeddable":true,"href":"https:\/\/dicodusport.fr\/blog\/wp-json\/wp\/v2\/tags?post=516505"}],"curies":[{"name":"wp","href":"https:\/\/api.w.org\/{rel}","templated":true}]}}