{"id":516560,"date":"2024-08-31T17:05:40","date_gmt":"2024-08-31T15:05:40","guid":{"rendered":"https:\/\/dicodusport.fr\/blog\/?p=516560&#038;preview=true&#038;preview_id=516560"},"modified":"2024-08-31T17:21:55","modified_gmt":"2024-08-31T15:21:55","slug":"tour-despagne-2024-kaden-groves-domine-wout-van-aert-sur-la-14eme-etape","status":"publish","type":"post","link":"https:\/\/dicodusport.fr\/blog\/tour-despagne-2024-kaden-groves-domine-wout-van-aert-sur-la-14eme-etape\/","title":{"rendered":"Tour d&rsquo;Espagne 2024 : Kaden Groves domine Wout Van Aert sur la 14\u00e8me \u00e9tape"},"content":{"rendered":"<p style=\"text-align: justify;\"><strong><em>TOUR D&rsquo;ESPAGNE 2024 &#8211; Kaden Groves (Alpecin-Deceuninck) s&rsquo;est impos\u00e9 au sprint \u00e0 Villabino sur la 14\u00e8me \u00e9tape du Tour d&rsquo;Espagne, en battant Wout Van Aert (Visma Lease a Bike). Ben O&rsquo;Connor (Decathlon AG2r La Mondiale) est gard\u00e9 le maillot rouge.\u00a0 \u00a0<\/em><\/strong><\/p>\n<ul>\n<li style=\"text-align: justify;\"><strong>\u00c0 ce sujet \u2013 <a href=\"https:\/\/dicodusport.fr\/blog\/tour-despagne-2024-classement-14eme-etape-de-la-vuelta\/\">Tour d\u2019Espagne 2024 : Classement de la 14\u00e8me \u00e9tape<\/a><\/strong><\/li>\n<li style=\"text-align: justify;\"><strong>\u00c0 ce sujet \u2013\u00a0<a href=\"https:\/\/dicodusport.fr\/blog\/tour-despagne-2024-classement-general-de-la-vuelta\/\">Tour d\u2019Espagne 2024 : Classement g\u00e9n\u00e9ral de la Vuelta<\/a><\/strong><\/li>\n<\/ul>\n<p style=\"text-align: justify;\">D&rsquo;abord, six coureurs ont form\u00e9 l&rsquo;\u00e9chapp\u00e9e du jour apr\u00e8s 50 kilom\u00e8tres de course, men\u00e9 \u00e0 allure \u00e9lev\u00e9e, <strong>Jhonatan Narvaez<\/strong> (Ineos Grenadiers), <strong>Xandro Meurisse<\/strong> (Alpecin Deceuninck), <strong>Marco Frigo<\/strong> (Israel Premier Tech), <strong>Isaac Del Toro<\/strong> (UAE Team Emirates), <strong>Victor Campenaerts<\/strong> (Lotto Dstny) et <strong>Harold Tejada<\/strong> (Astana Qazaqstan). 48,7 kilom\u00e8tres ont \u00e9t\u00e9 parcourus dans la premi\u00e8re heure.<\/p>\n<p style=\"text-align: justify;\">Puis, la Visma-Lease a Bike a pris les commandes du peloton pour contr\u00f4ler l&rsquo;\u00e9cart au maximum \u00e0 2 minutes 40 pour viser la victoire d&rsquo;\u00e9tape avec <strong>Wout Van Aert<\/strong> (Visma Lease a Bike). Au sommet du Puerto de Cerredo, <strong>Xandro Meurisse<\/strong> (Alpecin-Deceuninck) a franchi en premi\u00e8re position le sommet. Le puncheur belge est \u00e9galement pass\u00e9 en premi\u00e8re position au sprint interm\u00e9diaire de Cangas del Narcea alors que l&rsquo;\u00e9cart \u00e9tait descendu \u00e0 1 minute 45.<\/p>\n<p style=\"text-align: justify;\">Par la suite, <strong>Isaac Del Toro<\/strong> (UAE Team Emirates), <strong>Victor Campenaerts<\/strong> (Lotto Dstny) et <strong>Xandro Meurisse<\/strong> (Alpecin Deceuninck) ont \u00e9t\u00e9 l\u00e2ch\u00e9s de l&rsquo;\u00e9chapp\u00e9e d\u00e8s les premi\u00e8res rampes du Puerto de Leitariegos. Ensuite, <strong>Harold Tejada<\/strong> (Astana Qazaqstan) s&rsquo;est relev\u00e9 avant que <strong>Jhonatan Narvaez<\/strong> (Ineos Grenadiers) se soit isol\u00e9 \u00e0 23 kilom\u00e8tres du terme. Mais, le champion d&rsquo;\u00c9quateur a \u00e9t\u00e9 aval\u00e9 \u00e0 moins de 20 kilom\u00e8tres de l&rsquo;arriv\u00e9e. L&rsquo;\u00e9quipe T-Rex Quick-Step a impos\u00e9 un gros tempo dans les derniers kilom\u00e8tres d&rsquo;ascension tandis que <strong>Wout Van Aert<\/strong> (Visma Lease a Bike) a pris 10 points au sommet pour consolider son maillot de la montagne.<\/p>\n<div class=\"vlp-link-container vlp-layout-article\"><a href=\"https:\/\/dicodusport.fr\/blog\/tour-despagne-2024-ce-quil-faut-retenir-du-parcours\/\" class=\"vlp-link\" title=\"Tour d&#039;Espagne 2024 : Ce qu&#039;il faut retenir du parcours\"><\/a><div class=\"vlp-layout-zone-side\"><div class=\"vlp-block-4 vlp-link-image\"><img loading=\"lazy\" decoding=\"async\" style=\"max-width: 792px;\" width=\"792\" height=\"445\" src=\"https:\/\/dicodusport.fr\/blog\/wp-content\/uploads\/2023\/12\/Tour-dEspagne-2024-Ce-quil-faut-retenir-du-parcours.png\" class=\"attachment-800x445 size-800x445\" alt=\"Tour d&#039;Espagne 2024 Ce qu&#039;il faut retenir du parcours\" srcset=\"https:\/\/dicodusport.fr\/blog\/wp-content\/uploads\/2023\/12\/Tour-dEspagne-2024-Ce-quil-faut-retenir-du-parcours.png 1200w, https:\/\/dicodusport.fr\/blog\/wp-content\/uploads\/2023\/12\/Tour-dEspagne-2024-Ce-quil-faut-retenir-du-parcours-300x169.png 300w, https:\/\/dicodusport.fr\/blog\/wp-content\/uploads\/2023\/12\/Tour-dEspagne-2024-Ce-quil-faut-retenir-du-parcours-1024x575.png 1024w, https:\/\/dicodusport.fr\/blog\/wp-content\/uploads\/2023\/12\/Tour-dEspagne-2024-Ce-quil-faut-retenir-du-parcours-768x431.png 768w\" sizes=\"auto, (max-width: 792px) 100vw, 792px\" \/><\/div><\/div><div class=\"vlp-layout-zone-main\"><div class=\"vlp-block-0 vlp-link-title\">Tour d'Espagne 2024 : Ce qu'il faut retenir du parcours<\/div><div class=\"vlp-block-1 vlp-link-summary\">TOUR D'ESPAGNE 2024 - Le parcours de l'\u00e9dition 2024 a \u00e9t\u00e9 d\u00e9voil\u00e9. Avec une seconde partie d'\u00e9preuve tr\u00e8s \u00e9prouvante.<\/div><div class=\"vlp-block-2 vlp-link-button\">Lire l'article<\/div><div class=\"vlp-block-3 vlp-link-url\">dicodusport.fr<\/div><\/div><\/div>\n<h2 style=\"text-align: justify;\">Crevaison sans cons\u00e9quence pour Roglic, Groves mate Van Aert<\/h2>\n<p style=\"text-align: justify;\">Victime d&rsquo;une crevaison au d\u00e9but de la descente en direction de Villabino, le deuxi\u00e8me du classement g\u00e9n\u00e9ral <b>Primo\u017e Rogli\u010d<\/b> (Red Bull-Bora-Hansgrohe) a \u00e9t\u00e9 contraint de changer de v\u00e9lo. Le Slov\u00e8ne a perdu une trentaine de secondes dans l&rsquo;op\u00e9ration, mais il a r\u00e9ussi \u00e0 revenir dans le peloton assez important. Les Alpecin-Deceuninck se sont plac\u00e9s en t\u00eate de peloton \u00e0 l&rsquo;amorce des cinq derniers kilom\u00e8tres pour <strong>Kaden Groves<\/strong> (Alpecin-Deceuninck). <strong>Wout Van Aert<\/strong> (Visma Lease a Bike) s&rsquo;est plac\u00e9 dans la roue du sprinteur australien.<\/p>\n<p style=\"text-align: justify;\">Finalement, dans un sprint en faux plat montant, <strong>Kaden Groves<\/strong> (Alpecin Deceuninck) a pris le meilleur sur <strong>Wout van Aert<\/strong> (Visma-Lease a Bike), qui a coinc\u00e9 dans les 50 derniers m\u00e8tres. L&rsquo;Australien signe sa sixi\u00e8me victoire d&rsquo;\u00e9tape sur La Vuelta. <strong>Corbin Strong<\/strong> (Israel Premier Tech) a compl\u00e9t\u00e9 le podium de l&rsquo;\u00e9tape du jour devant <strong>Mathias Vacek<\/strong> (Lidl-Trek) et <strong>Pau Miquel<\/strong> (Kern Pharma). Aucun changement au classement g\u00e9n\u00e9ral avec <strong>Ben O&rsquo;Connor<\/strong> (Decathlon AG2r La Mondiale) avec 1:21 d&rsquo;avance sur <b>Primo\u017e Rogli\u010d<\/b>\u00a0(Red Bull-Bora-Hansgrohe) et 3:01 sur <strong>Enric Mas<\/strong> (Movistar).<\/p>\n<blockquote class=\"twitter-tweet\">\n<p dir=\"ltr\" lang=\"fr\">Kaden Groves prend le meilleur sur van Aert et remporte la 14e \u00e9tape de <a href=\"https:\/\/twitter.com\/hashtag\/LaVuelta24?src=hash&amp;ref_src=twsrc%5Etfw\">#LaVuelta24<\/a> ! \ud83d\ude80<a href=\"https:\/\/twitter.com\/hashtag\/LesRP?src=hash&amp;ref_src=twsrc%5Etfw\">#LesRP<\/a> <a href=\"https:\/\/t.co\/VDgcGPBCfs\">pic.twitter.com\/VDgcGPBCfs<\/a><\/p>\n<p>\u2014 Eurosport France (@Eurosport_FR) <a href=\"https:\/\/twitter.com\/Eurosport_FR\/status\/1829898541210485154?ref_src=twsrc%5Etfw\">August 31, 2024<\/a><\/p><\/blockquote>\n<p><script async src=\"https:\/\/platform.twitter.com\/widgets.js\" charset=\"utf-8\"><\/script><\/p>\n<ul>\n<li style=\"text-align: justify;\"><strong>\u00c0 ce sujet \u2013\u00a0<a href=\"https:\/\/dicodusport.fr\/blog\/actualites\/cyclisme\/cyclisme-sur-route-2024\/\">L\u2019actualit\u00e9 du cyclisme sur route<\/a><\/strong><\/li>\n<\/ul>\n","protected":false},"excerpt":{"rendered":"<p>Kaden Groves domine Wout Van Aert sur la 14\u00e8me \u00e9tape<\/p>\n","protected":false},"author":48,"featured_media":516570,"comment_status":"open","ping_status":"closed","sticky":false,"template":"","format":"standard","meta":{"_acf_changed":false,"_daextam_enable_autolinks":"1","footnotes":""},"categories":[47042],"tags":[32415,16878,1671],"class_list":["post-516560","post","type-post","status-publish","format-standard","has-post-thumbnail","hentry","category-tour-d-espagne","tag-actu","tag-breve","tag-tour-despagne"],"acf":[],"yoast_head":"<!-- This site is optimized with the Yoast SEO Premium plugin v26.7 (Yoast SEO v26.7) - https:\/\/yoast.com\/wordpress\/plugins\/seo\/ -->\n<title>Tour d&#039;Espagne 2024 : Kaden Groves domine Wout Van Aert sur la 14\u00e8me \u00e9tape<\/title>\n<meta name=\"description\" content=\"TOUR D&#039;ESPAGNE 2024 - Kaden Groves (Alpecin-Deceuninck) s&#039;est impos\u00e9 au sprint \u00e0 Villabino sur la 14\u00e8me \u00e9tape du Tour d&#039;Espagne.\" \/>\n<meta name=\"robots\" content=\"index, follow, max-snippet:-1, max-image-preview:large, max-video-preview:-1\" \/>\n<link rel=\"canonical\" href=\"https:\/\/dicodusport.fr\/blog\/tour-despagne-2024-kaden-groves-domine-wout-van-aert-sur-la-14eme-etape\/\" \/>\n<meta property=\"og:locale\" content=\"fr_FR\" \/>\n<meta property=\"og:type\" content=\"article\" \/>\n<meta property=\"og:title\" content=\"Tour d&#039;Espagne 2024 : Kaden Groves domine Wout Van Aert sur la 14\u00e8me \u00e9tape\" \/>\n<meta property=\"og:description\" content=\"TOUR D&#039;ESPAGNE 2024 - Kaden Groves (Alpecin-Deceuninck) s&#039;est impos\u00e9 au sprint \u00e0 Villabino sur la 14\u00e8me \u00e9tape du Tour d&#039;Espagne.\" \/>\n<meta property=\"og:url\" content=\"https:\/\/dicodusport.fr\/blog\/tour-despagne-2024-kaden-groves-domine-wout-van-aert-sur-la-14eme-etape\/\" \/>\n<meta property=\"og:site_name\" content=\"Dicodusport\" \/>\n<meta property=\"article:publisher\" content=\"https:\/\/www.facebook.com\/dicodusport\" \/>\n<meta property=\"article:author\" content=\"https:\/\/www.facebook.com\/groups\/LesRoisDuPeloton\" \/>\n<meta property=\"article:published_time\" content=\"2024-08-31T15:05:40+00:00\" \/>\n<meta property=\"article:modified_time\" content=\"2024-08-31T15:21:55+00:00\" \/>\n<meta property=\"og:image\" content=\"https:\/\/dicodusport.fr\/blog\/wp-content\/uploads\/2024\/08\/Tour-dEspagne-2024-Kaden-Groves-domine-Wout-Van-Aert-sur-la-14eme-etape.png\" \/>\n\t<meta property=\"og:image:width\" content=\"1200\" \/>\n\t<meta property=\"og:image:height\" content=\"674\" \/>\n\t<meta property=\"og:image:type\" content=\"image\/png\" \/>\n<meta name=\"author\" content=\"Emilien Descampiaux\" \/>\n<meta name=\"twitter:card\" content=\"summary_large_image\" \/>\n<meta name=\"twitter:title\" content=\"Tour d&#039;Espagne 2024 : Kaden Groves domine Wout Van Aert sur la 14\u00e8me \u00e9tape\" \/>\n<meta name=\"twitter:creator\" content=\"@https:\/\/twitter.com\/LRoisDuPeloton\" \/>\n<meta name=\"twitter:site\" content=\"@dicodusport\" \/>\n<script type=\"application\/ld+json\" class=\"yoast-schema-graph\">{\"@context\":\"https:\/\/schema.org\",\"@graph\":[{\"@type\":\"NewsArticle\",\"@id\":\"https:\/\/dicodusport.fr\/blog\/tour-despagne-2024-kaden-groves-domine-wout-van-aert-sur-la-14eme-etape\/#article\",\"isPartOf\":{\"@id\":\"https:\/\/dicodusport.fr\/blog\/tour-despagne-2024-kaden-groves-domine-wout-van-aert-sur-la-14eme-etape\/\"},\"author\":{\"name\":\"Emilien Descampiaux\",\"@id\":\"https:\/\/dicodusport.fr\/blog\/#\/schema\/person\/6db4bae06b171592211be385b32876a7\"},\"headline\":\"Tour d&rsquo;Espagne 2024 : Kaden Groves domine Wout Van Aert sur la 14\u00e8me \u00e9tape\",\"datePublished\":\"2024-08-31T15:05:40+00:00\",\"dateModified\":\"2024-08-31T15:21:55+00:00\",\"mainEntityOfPage\":{\"@id\":\"https:\/\/dicodusport.fr\/blog\/tour-despagne-2024-kaden-groves-domine-wout-van-aert-sur-la-14eme-etape\/\"},\"wordCount\":625,\"commentCount\":0,\"publisher\":{\"@id\":\"https:\/\/dicodusport.fr\/blog\/#organization\"},\"image\":{\"@id\":\"https:\/\/dicodusport.fr\/blog\/tour-despagne-2024-kaden-groves-domine-wout-van-aert-sur-la-14eme-etape\/#primaryimage\"},\"thumbnailUrl\":\"https:\/\/dicodusport.fr\/blog\/wp-content\/uploads\/2024\/08\/Tour-dEspagne-2024-Kaden-Groves-domine-Wout-Van-Aert-sur-la-14eme-etape.png\",\"keywords\":[\"actu\",\"br\u00e8ve\",\"Tour d'Espagne\"],\"articleSection\":[\"Tour d'Espagne\"],\"inLanguage\":\"fr-FR\",\"potentialAction\":[{\"@type\":\"CommentAction\",\"name\":\"Comment\",\"target\":[\"https:\/\/dicodusport.fr\/blog\/tour-despagne-2024-kaden-groves-domine-wout-van-aert-sur-la-14eme-etape\/#respond\"]}],\"copyrightYear\":\"2024\",\"copyrightHolder\":{\"@id\":\"https:\/\/dicodusport.fr\/blog\/#organization\"}},{\"@type\":\"WebPage\",\"@id\":\"https:\/\/dicodusport.fr\/blog\/tour-despagne-2024-kaden-groves-domine-wout-van-aert-sur-la-14eme-etape\/\",\"url\":\"https:\/\/dicodusport.fr\/blog\/tour-despagne-2024-kaden-groves-domine-wout-van-aert-sur-la-14eme-etape\/\",\"name\":\"Tour d'Espagne 2024 : Kaden Groves domine Wout Van Aert sur la 14\u00e8me \u00e9tape\",\"isPartOf\":{\"@id\":\"https:\/\/dicodusport.fr\/blog\/#website\"},\"primaryImageOfPage\":{\"@id\":\"https:\/\/dicodusport.fr\/blog\/tour-despagne-2024-kaden-groves-domine-wout-van-aert-sur-la-14eme-etape\/#primaryimage\"},\"image\":{\"@id\":\"https:\/\/dicodusport.fr\/blog\/tour-despagne-2024-kaden-groves-domine-wout-van-aert-sur-la-14eme-etape\/#primaryimage\"},\"thumbnailUrl\":\"https:\/\/dicodusport.fr\/blog\/wp-content\/uploads\/2024\/08\/Tour-dEspagne-2024-Kaden-Groves-domine-Wout-Van-Aert-sur-la-14eme-etape.png\",\"datePublished\":\"2024-08-31T15:05:40+00:00\",\"dateModified\":\"2024-08-31T15:21:55+00:00\",\"description\":\"TOUR D'ESPAGNE 2024 - Kaden Groves (Alpecin-Deceuninck) s'est impos\u00e9 au sprint \u00e0 Villabino sur la 14\u00e8me \u00e9tape du Tour d'Espagne.\",\"breadcrumb\":{\"@id\":\"https:\/\/dicodusport.fr\/blog\/tour-despagne-2024-kaden-groves-domine-wout-van-aert-sur-la-14eme-etape\/#breadcrumb\"},\"inLanguage\":\"fr-FR\",\"potentialAction\":[{\"@type\":\"ReadAction\",\"target\":[\"https:\/\/dicodusport.fr\/blog\/tour-despagne-2024-kaden-groves-domine-wout-van-aert-sur-la-14eme-etape\/\"]}]},{\"@type\":\"ImageObject\",\"inLanguage\":\"fr-FR\",\"@id\":\"https:\/\/dicodusport.fr\/blog\/tour-despagne-2024-kaden-groves-domine-wout-van-aert-sur-la-14eme-etape\/#primaryimage\",\"url\":\"https:\/\/dicodusport.fr\/blog\/wp-content\/uploads\/2024\/08\/Tour-dEspagne-2024-Kaden-Groves-domine-Wout-Van-Aert-sur-la-14eme-etape.png\",\"contentUrl\":\"https:\/\/dicodusport.fr\/blog\/wp-content\/uploads\/2024\/08\/Tour-dEspagne-2024-Kaden-Groves-domine-Wout-Van-Aert-sur-la-14eme-etape.png\",\"width\":1200,\"height\":674,\"caption\":\"Tour d'Espagne 2024 - Classement 17\u00e8me \u00e9tape de la Vuelta\"},{\"@type\":\"BreadcrumbList\",\"@id\":\"https:\/\/dicodusport.fr\/blog\/tour-despagne-2024-kaden-groves-domine-wout-van-aert-sur-la-14eme-etape\/#breadcrumb\",\"itemListElement\":[{\"@type\":\"ListItem\",\"position\":1,\"name\":\"Accueil\",\"item\":\"https:\/\/dicodusport.fr\/blog\/\"},{\"@type\":\"ListItem\",\"position\":2,\"name\":\"Tour d&#8217;Espagne 2024 : Kaden Groves domine Wout Van Aert sur la 14\u00e8me \u00e9tape\"}]},{\"@type\":\"WebSite\",\"@id\":\"https:\/\/dicodusport.fr\/blog\/#website\",\"url\":\"https:\/\/dicodusport.fr\/blog\/\",\"name\":\"Dicodusport\",\"description\":\"L&#039;encyclop\u00e9die de l&#039;actualit\u00e9 sportive\",\"publisher\":{\"@id\":\"https:\/\/dicodusport.fr\/blog\/#organization\"},\"potentialAction\":[{\"@type\":\"SearchAction\",\"target\":{\"@type\":\"EntryPoint\",\"urlTemplate\":\"https:\/\/dicodusport.fr\/blog\/?s={search_term_string}\"},\"query-input\":{\"@type\":\"PropertyValueSpecification\",\"valueRequired\":true,\"valueName\":\"search_term_string\"}}],\"inLanguage\":\"fr-FR\"},{\"@type\":\"NewsMediaOrganization\",\"@id\":\"https:\/\/dicodusport.fr\/blog\/#organization\",\"name\":\"Dicodusport\",\"url\":\"https:\/\/dicodusport.fr\/blog\/\",\"logo\":{\"@type\":\"ImageObject\",\"inLanguage\":\"fr-FR\",\"@id\":\"https:\/\/dicodusport.fr\/blog\/#\/schema\/logo\/image\/\",\"url\":\"https:\/\/dicodusport.fr\/blog\/wp-content\/uploads\/2020\/06\/cropped-LOGO-DICODUSPORT-2020-SANS-FOND-SANS-TEXTE.png\",\"contentUrl\":\"https:\/\/dicodusport.fr\/blog\/wp-content\/uploads\/2020\/06\/cropped-LOGO-DICODUSPORT-2020-SANS-FOND-SANS-TEXTE.png\",\"width\":512,\"height\":512,\"caption\":\"Dicodusport\"},\"image\":{\"@id\":\"https:\/\/dicodusport.fr\/blog\/#\/schema\/logo\/image\/\"},\"sameAs\":[\"https:\/\/www.facebook.com\/dicodusport\",\"https:\/\/x.com\/dicodusport\",\"https:\/\/www.instagram.com\/dicodusport\/\",\"https:\/\/www.youtube.com\/channel\/UC7V2KZ5sd3htJivAbA4ZG3w\"],\"description\":\"Dicodusport est l'encyclop\u00e9die de l'actualit\u00e9 sportive.\",\"email\":\"bonjour@dicodusport.fr\",\"legalName\":\"DICODUSPORT\",\"foundingDate\":\"2018-01-14\",\"vatID\":\"FR71834470973\",\"taxID\":\"83447097300043\",\"numberOfEmployees\":{\"@type\":\"QuantitativeValue\",\"minValue\":\"1\",\"maxValue\":\"10\"}},{\"@type\":\"Person\",\"@id\":\"https:\/\/dicodusport.fr\/blog\/#\/schema\/person\/6db4bae06b171592211be385b32876a7\",\"name\":\"Emilien Descampiaux\",\"image\":{\"@type\":\"ImageObject\",\"inLanguage\":\"fr-FR\",\"@id\":\"https:\/\/dicodusport.fr\/blog\/#\/schema\/person\/image\/\",\"url\":\"https:\/\/dicodusport.fr\/blog\/wp-content\/uploads\/2021\/05\/Emilien-Descampiaux-150x150.jpg\",\"contentUrl\":\"https:\/\/dicodusport.fr\/blog\/wp-content\/uploads\/2021\/05\/Emilien-Descampiaux-150x150.jpg\",\"caption\":\"Emilien Descampiaux\"},\"description\":\"Journaliste\/r\u00e9dacteur depuis 2014 - Fan de la classe de Frank Vandenbroucke, je vis cyclisme (et de ses paysages) depuis plus de 20 ans. Je suis tr\u00e8s impliqu\u00e9 sur mes diff\u00e9rents r\u00e9seaux sociaux pour partager ma passion sur le monde et l'Histoire de la bicyclette avec ma voix sur les images en noir et blanc du succ\u00e8s de Rik Van Steenbergen lors du Ronde sur le V\u00e9lodrome de Gand.\",\"sameAs\":[\"https:\/\/www.facebook.com\/groups\/LesRoisDuPeloton\",\"https:\/\/x.com\/https:\/\/twitter.com\/LRoisDuPeloton\"],\"url\":\"https:\/\/dicodusport.fr\/blog\/author\/emiliend\/\"}]}<\/script>\n<!-- \/ Yoast SEO Premium plugin. -->","yoast_head_json":{"title":"Tour d'Espagne 2024 : Kaden Groves domine Wout Van Aert sur la 14\u00e8me \u00e9tape","description":"TOUR D'ESPAGNE 2024 - Kaden Groves (Alpecin-Deceuninck) s'est impos\u00e9 au sprint \u00e0 Villabino sur la 14\u00e8me \u00e9tape du Tour d'Espagne.","robots":{"index":"index","follow":"follow","max-snippet":"max-snippet:-1","max-image-preview":"max-image-preview:large","max-video-preview":"max-video-preview:-1"},"canonical":"https:\/\/dicodusport.fr\/blog\/tour-despagne-2024-kaden-groves-domine-wout-van-aert-sur-la-14eme-etape\/","og_locale":"fr_FR","og_type":"article","og_title":"Tour d'Espagne 2024 : Kaden Groves domine Wout Van Aert sur la 14\u00e8me \u00e9tape","og_description":"TOUR D'ESPAGNE 2024 - Kaden Groves (Alpecin-Deceuninck) s'est impos\u00e9 au sprint \u00e0 Villabino sur la 14\u00e8me \u00e9tape du Tour d'Espagne.","og_url":"https:\/\/dicodusport.fr\/blog\/tour-despagne-2024-kaden-groves-domine-wout-van-aert-sur-la-14eme-etape\/","og_site_name":"Dicodusport","article_publisher":"https:\/\/www.facebook.com\/dicodusport","article_author":"https:\/\/www.facebook.com\/groups\/LesRoisDuPeloton","article_published_time":"2024-08-31T15:05:40+00:00","article_modified_time":"2024-08-31T15:21:55+00:00","og_image":[{"width":1200,"height":674,"url":"https:\/\/dicodusport.fr\/blog\/wp-content\/uploads\/2024\/08\/Tour-dEspagne-2024-Kaden-Groves-domine-Wout-Van-Aert-sur-la-14eme-etape.png","type":"image\/png"}],"author":"Emilien Descampiaux","twitter_card":"summary_large_image","twitter_title":"Tour d'Espagne 2024 : Kaden Groves domine Wout Van Aert sur la 14\u00e8me \u00e9tape","twitter_creator":"@https:\/\/twitter.com\/LRoisDuPeloton","twitter_site":"@dicodusport","schema":{"@context":"https:\/\/schema.org","@graph":[{"@type":"NewsArticle","@id":"https:\/\/dicodusport.fr\/blog\/tour-despagne-2024-kaden-groves-domine-wout-van-aert-sur-la-14eme-etape\/#article","isPartOf":{"@id":"https:\/\/dicodusport.fr\/blog\/tour-despagne-2024-kaden-groves-domine-wout-van-aert-sur-la-14eme-etape\/"},"author":{"name":"Emilien Descampiaux","@id":"https:\/\/dicodusport.fr\/blog\/#\/schema\/person\/6db4bae06b171592211be385b32876a7"},"headline":"Tour d&rsquo;Espagne 2024 : Kaden Groves domine Wout Van Aert sur la 14\u00e8me \u00e9tape","datePublished":"2024-08-31T15:05:40+00:00","dateModified":"2024-08-31T15:21:55+00:00","mainEntityOfPage":{"@id":"https:\/\/dicodusport.fr\/blog\/tour-despagne-2024-kaden-groves-domine-wout-van-aert-sur-la-14eme-etape\/"},"wordCount":625,"commentCount":0,"publisher":{"@id":"https:\/\/dicodusport.fr\/blog\/#organization"},"image":{"@id":"https:\/\/dicodusport.fr\/blog\/tour-despagne-2024-kaden-groves-domine-wout-van-aert-sur-la-14eme-etape\/#primaryimage"},"thumbnailUrl":"https:\/\/dicodusport.fr\/blog\/wp-content\/uploads\/2024\/08\/Tour-dEspagne-2024-Kaden-Groves-domine-Wout-Van-Aert-sur-la-14eme-etape.png","keywords":["actu","br\u00e8ve","Tour d'Espagne"],"articleSection":["Tour d'Espagne"],"inLanguage":"fr-FR","potentialAction":[{"@type":"CommentAction","name":"Comment","target":["https:\/\/dicodusport.fr\/blog\/tour-despagne-2024-kaden-groves-domine-wout-van-aert-sur-la-14eme-etape\/#respond"]}],"copyrightYear":"2024","copyrightHolder":{"@id":"https:\/\/dicodusport.fr\/blog\/#organization"}},{"@type":"WebPage","@id":"https:\/\/dicodusport.fr\/blog\/tour-despagne-2024-kaden-groves-domine-wout-van-aert-sur-la-14eme-etape\/","url":"https:\/\/dicodusport.fr\/blog\/tour-despagne-2024-kaden-groves-domine-wout-van-aert-sur-la-14eme-etape\/","name":"Tour d'Espagne 2024 : Kaden Groves domine Wout Van Aert sur la 14\u00e8me \u00e9tape","isPartOf":{"@id":"https:\/\/dicodusport.fr\/blog\/#website"},"primaryImageOfPage":{"@id":"https:\/\/dicodusport.fr\/blog\/tour-despagne-2024-kaden-groves-domine-wout-van-aert-sur-la-14eme-etape\/#primaryimage"},"image":{"@id":"https:\/\/dicodusport.fr\/blog\/tour-despagne-2024-kaden-groves-domine-wout-van-aert-sur-la-14eme-etape\/#primaryimage"},"thumbnailUrl":"https:\/\/dicodusport.fr\/blog\/wp-content\/uploads\/2024\/08\/Tour-dEspagne-2024-Kaden-Groves-domine-Wout-Van-Aert-sur-la-14eme-etape.png","datePublished":"2024-08-31T15:05:40+00:00","dateModified":"2024-08-31T15:21:55+00:00","description":"TOUR D'ESPAGNE 2024 - Kaden Groves (Alpecin-Deceuninck) s'est impos\u00e9 au sprint \u00e0 Villabino sur la 14\u00e8me \u00e9tape du Tour d'Espagne.","breadcrumb":{"@id":"https:\/\/dicodusport.fr\/blog\/tour-despagne-2024-kaden-groves-domine-wout-van-aert-sur-la-14eme-etape\/#breadcrumb"},"inLanguage":"fr-FR","potentialAction":[{"@type":"ReadAction","target":["https:\/\/dicodusport.fr\/blog\/tour-despagne-2024-kaden-groves-domine-wout-van-aert-sur-la-14eme-etape\/"]}]},{"@type":"ImageObject","inLanguage":"fr-FR","@id":"https:\/\/dicodusport.fr\/blog\/tour-despagne-2024-kaden-groves-domine-wout-van-aert-sur-la-14eme-etape\/#primaryimage","url":"https:\/\/dicodusport.fr\/blog\/wp-content\/uploads\/2024\/08\/Tour-dEspagne-2024-Kaden-Groves-domine-Wout-Van-Aert-sur-la-14eme-etape.png","contentUrl":"https:\/\/dicodusport.fr\/blog\/wp-content\/uploads\/2024\/08\/Tour-dEspagne-2024-Kaden-Groves-domine-Wout-Van-Aert-sur-la-14eme-etape.png","width":1200,"height":674,"caption":"Tour d'Espagne 2024 - Classement 17\u00e8me \u00e9tape de la Vuelta"},{"@type":"BreadcrumbList","@id":"https:\/\/dicodusport.fr\/blog\/tour-despagne-2024-kaden-groves-domine-wout-van-aert-sur-la-14eme-etape\/#breadcrumb","itemListElement":[{"@type":"ListItem","position":1,"name":"Accueil","item":"https:\/\/dicodusport.fr\/blog\/"},{"@type":"ListItem","position":2,"name":"Tour d&#8217;Espagne 2024 : Kaden Groves domine Wout Van Aert sur la 14\u00e8me \u00e9tape"}]},{"@type":"WebSite","@id":"https:\/\/dicodusport.fr\/blog\/#website","url":"https:\/\/dicodusport.fr\/blog\/","name":"Dicodusport","description":"L&#039;encyclop\u00e9die de l&#039;actualit\u00e9 sportive","publisher":{"@id":"https:\/\/dicodusport.fr\/blog\/#organization"},"potentialAction":[{"@type":"SearchAction","target":{"@type":"EntryPoint","urlTemplate":"https:\/\/dicodusport.fr\/blog\/?s={search_term_string}"},"query-input":{"@type":"PropertyValueSpecification","valueRequired":true,"valueName":"search_term_string"}}],"inLanguage":"fr-FR"},{"@type":"NewsMediaOrganization","@id":"https:\/\/dicodusport.fr\/blog\/#organization","name":"Dicodusport","url":"https:\/\/dicodusport.fr\/blog\/","logo":{"@type":"ImageObject","inLanguage":"fr-FR","@id":"https:\/\/dicodusport.fr\/blog\/#\/schema\/logo\/image\/","url":"https:\/\/dicodusport.fr\/blog\/wp-content\/uploads\/2020\/06\/cropped-LOGO-DICODUSPORT-2020-SANS-FOND-SANS-TEXTE.png","contentUrl":"https:\/\/dicodusport.fr\/blog\/wp-content\/uploads\/2020\/06\/cropped-LOGO-DICODUSPORT-2020-SANS-FOND-SANS-TEXTE.png","width":512,"height":512,"caption":"Dicodusport"},"image":{"@id":"https:\/\/dicodusport.fr\/blog\/#\/schema\/logo\/image\/"},"sameAs":["https:\/\/www.facebook.com\/dicodusport","https:\/\/x.com\/dicodusport","https:\/\/www.instagram.com\/dicodusport\/","https:\/\/www.youtube.com\/channel\/UC7V2KZ5sd3htJivAbA4ZG3w"],"description":"Dicodusport est l'encyclop\u00e9die de l'actualit\u00e9 sportive.","email":"bonjour@dicodusport.fr","legalName":"DICODUSPORT","foundingDate":"2018-01-14","vatID":"FR71834470973","taxID":"83447097300043","numberOfEmployees":{"@type":"QuantitativeValue","minValue":"1","maxValue":"10"}},{"@type":"Person","@id":"https:\/\/dicodusport.fr\/blog\/#\/schema\/person\/6db4bae06b171592211be385b32876a7","name":"Emilien Descampiaux","image":{"@type":"ImageObject","inLanguage":"fr-FR","@id":"https:\/\/dicodusport.fr\/blog\/#\/schema\/person\/image\/","url":"https:\/\/dicodusport.fr\/blog\/wp-content\/uploads\/2021\/05\/Emilien-Descampiaux-150x150.jpg","contentUrl":"https:\/\/dicodusport.fr\/blog\/wp-content\/uploads\/2021\/05\/Emilien-Descampiaux-150x150.jpg","caption":"Emilien Descampiaux"},"description":"Journaliste\/r\u00e9dacteur depuis 2014 - Fan de la classe de Frank Vandenbroucke, je vis cyclisme (et de ses paysages) depuis plus de 20 ans. Je suis tr\u00e8s impliqu\u00e9 sur mes diff\u00e9rents r\u00e9seaux sociaux pour partager ma passion sur le monde et l'Histoire de la bicyclette avec ma voix sur les images en noir et blanc du succ\u00e8s de Rik Van Steenbergen lors du Ronde sur le V\u00e9lodrome de Gand.","sameAs":["https:\/\/www.facebook.com\/groups\/LesRoisDuPeloton","https:\/\/x.com\/https:\/\/twitter.com\/LRoisDuPeloton"],"url":"https:\/\/dicodusport.fr\/blog\/author\/emiliend\/"}]}},"_links":{"self":[{"href":"https:\/\/dicodusport.fr\/blog\/wp-json\/wp\/v2\/posts\/516560","targetHints":{"allow":["GET"]}}],"collection":[{"href":"https:\/\/dicodusport.fr\/blog\/wp-json\/wp\/v2\/posts"}],"about":[{"href":"https:\/\/dicodusport.fr\/blog\/wp-json\/wp\/v2\/types\/post"}],"author":[{"embeddable":true,"href":"https:\/\/dicodusport.fr\/blog\/wp-json\/wp\/v2\/users\/48"}],"replies":[{"embeddable":true,"href":"https:\/\/dicodusport.fr\/blog\/wp-json\/wp\/v2\/comments?post=516560"}],"version-history":[{"count":5,"href":"https:\/\/dicodusport.fr\/blog\/wp-json\/wp\/v2\/posts\/516560\/revisions"}],"predecessor-version":[{"id":516600,"href":"https:\/\/dicodusport.fr\/blog\/wp-json\/wp\/v2\/posts\/516560\/revisions\/516600"}],"wp:featuredmedia":[{"embeddable":true,"href":"https:\/\/dicodusport.fr\/blog\/wp-json\/wp\/v2\/media\/516570"}],"wp:attachment":[{"href":"https:\/\/dicodusport.fr\/blog\/wp-json\/wp\/v2\/media?parent=516560"}],"wp:term":[{"taxonomy":"category","embeddable":true,"href":"https:\/\/dicodusport.fr\/blog\/wp-json\/wp\/v2\/categories?post=516560"},{"taxonomy":"post_tag","embeddable":true,"href":"https:\/\/dicodusport.fr\/blog\/wp-json\/wp\/v2\/tags?post=516560"}],"curies":[{"name":"wp","href":"https:\/\/api.w.org\/{rel}","templated":true}]}}