{"id":516750,"date":"2024-09-01T09:33:41","date_gmt":"2024-09-01T07:33:41","guid":{"rendered":"https:\/\/dicodusport.fr\/blog\/?p=516750&#038;preview=true&#038;preview_id=516750"},"modified":"2024-09-01T16:04:03","modified_gmt":"2024-09-01T14:04:03","slug":"mondiaux-vtt-2024-luca-martin-sacre-champion-du-monde-xco-chez-les-espoirs","status":"publish","type":"post","link":"https:\/\/dicodusport.fr\/blog\/mondiaux-vtt-2024-luca-martin-sacre-champion-du-monde-xco-chez-les-espoirs\/","title":{"rendered":"Mondiaux VTT 2024 : Luca Martin sacr\u00e9 champion du monde XCO chez les espoirs !"},"content":{"rendered":"<p style=\"text-align: justify;\"><strong><em>VTT CHAMPIONNATS DU MONDE 2024 &#8211; Jour de gloire pour Luca Martin ! \u00c0 22 ans, le Fran\u00e7ais est devenu champion du monde espoirs en VTT XCO, \u00e0 Pal Arinsal (Andorre). Il devient le troisi\u00e8me v\u00e9t\u00e9tiste tricolore \u00e0 remporter l&rsquo;or mondial chez les moins de 23 ans.<\/em><\/strong><\/p>\n<ul>\n<li style=\"text-align: justify;\"><strong>\u00c0 ce sujet \u2013\u00a0<a href=\"https:\/\/dicodusport.fr\/blog\/programme-et-resultats-vtt-championnats-du-monde-2024\/\">Programme et r\u00e9sultats VTT Championnats du monde 2024<\/a><\/strong><\/li>\n<\/ul>\n<p style=\"text-align: justify;\">Cocorico, encore un, \u00e0 <strong>Pal Arinsal<\/strong> ! L&rsquo;\u00e9quipe de France de <strong>VTT Mountain Bike<\/strong> a d\u00e9croch\u00e9 ce dimanche matin un quatri\u00e8me titre mondial en Andorre. Apr\u00e8s <a href=\"https:\/\/dicodusport.fr\/blog\/mondiaux-vtt-2024-jerome-gilloux-decroche-un-3eme-titre-mondial-en-vttae\/\"><strong>J\u00e9r\u00f4me Gilloux<\/strong> (E-MTB)<\/a>,<a href=\"https:\/\/dicodusport.fr\/blog\/mondiaux-vtt-2024-premier-titre-mondial-pour-victor-koretzky-sur-le-xcc\/\"><strong> Victor Koretzky<\/strong> (XCC)<\/a> et <a href=\"https:\/\/dicodusport.fr\/blog\/mondiaux-vtt-2024-loris-vergier-champion-du-monde-en-descente-devant-benoit-coulanges\/\"><strong>Loris Vergier<\/strong> (Descente)<\/a>, <strong>Luca Martin<\/strong> (22 ans) s&rsquo;est adjug\u00e9 la m\u00e9daille d&rsquo;or en XCO espoirs ! Il devient le troisi\u00e8me v\u00e9t\u00e9tiste fran\u00e7ais \u00e0 rafler le titre mondial chez les espoirs, apr\u00e8s <strong>Miguel Martinez<\/strong> (1997 et 1998) et <strong>Julien Absalon<\/strong> (2021 et 2022).<\/p>\n<h2 style=\"text-align: justify;\">Martin taille patron<\/h2>\n<p style=\"text-align: justify;\">La course parfaite. S&rsquo;il n&rsquo;est pas le grand favori pour l&rsquo;or mondial au d\u00e9part ce dimanche matin,<strong> Luca Martin<\/strong> n&rsquo;en reste pas moins un outsider. Troisi\u00e8me du g\u00e9n\u00e9ral de la Coupe du monde U23 derri\u00e8re les Am\u00e9ricains <strong>Amos Riley<\/strong> (intouchable sur le format XCO cette saison) et <strong>Riley Bjorn<\/strong>, le natif des Alpes-Maritimes reste alors sur une deuxi\u00e8me \u00e0 domicile, aux Gets, d\u00e9but juillet.<\/p>\n<p style=\"text-align: justify;\">Ainsi, le sc\u00e9nario de la course confirme la dynamique de cet \u00e9t\u00e9. Tranchant, <strong>Luca Martin<\/strong> accompagne en t\u00eate de la course le Suisse <strong>Dario Lillo<\/strong>. Derri\u00e8re, rapidement, <strong>Riley<\/strong> et <strong>Bjorn<\/strong> sont distanc\u00e9s et ne peuvent que constater les d\u00e9g\u00e2ts. Au terme du troisi\u00e8me des cinq tours pr\u00e9vus ce dimanche, on devine que le titre mondial se jouera entre le Fran\u00e7ais et l&rsquo;Helv\u00e8te. Finalement, plus explosif dans le dernier tour, <strong>Luca Martin<\/strong> passe la ligne d&rsquo;arriv\u00e9e en solitaire, apr\u00e8s avoir distanc\u00e9 <strong>Lillo<\/strong>. Le podium est compl\u00e9t\u00e9 par le Danois <strong>Tobias Lillelund<\/strong>, d\u00e9j\u00e0 en bronze vendredi sur le XCC.<\/p>\n<p style=\"text-align: justify;\">Double vice-champion du monde chez les juniors (2019 et 2020), le v\u00e9t\u00e9tiste de 22 ans d\u00e9croche ainsi son premier sacre mondial individuel. Jour de gloire donc, pour celui qui aura \u00e9parpill\u00e9 la concurrence en Andorre ce dimanche.<\/p>\n<blockquote class=\"twitter-tweet\">\n<p dir=\"ltr\" lang=\"en\">From \ud83e\udd48 as a Junior to \ud83e\udd47 at Under-23.<\/p>\n<p>Moving on \ud83c\udd99. Luca Martin takes the \ud83c\udf08 <a href=\"https:\/\/twitter.com\/hashtag\/PalArinsalAndorra2024?src=hash&amp;ref_src=twsrc%5Etfw\">#PalArinsalAndorra2024<\/a> <a href=\"https:\/\/t.co\/o5LAag2xdA\">pic.twitter.com\/o5LAag2xdA<\/a><\/p>\n<p>\u2014 UCI MTB (@UCI_MTB) <a href=\"https:\/\/twitter.com\/UCI_MTB\/status\/1830151076831519178?ref_src=twsrc%5Etfw\">September 1, 2024<\/a><\/p><\/blockquote>\n<p><script async src=\"https:\/\/platform.twitter.com\/widgets.js\" charset=\"utf-8\"><\/script><\/p>\n","protected":false},"excerpt":{"rendered":"<p>Luca Martin sacr\u00e9 champion du monde XCO chez les espoirs !<\/p>\n","protected":false},"author":4,"featured_media":516886,"comment_status":"open","ping_status":"closed","sticky":false,"template":"","format":"standard","meta":{"_acf_changed":false,"_daextam_enable_autolinks":"1","footnotes":""},"categories":[10279],"tags":[32415,16878,41496,24,692,33854],"class_list":["post-516750","post","type-post","status-publish","format-standard","has-post-thumbnail","hentry","category-vtt","tag-actu","tag-breve","tag-pal-arinsal","tag-sport","tag-vtt","tag-vtt-xcc-pal-arinsal"],"acf":[],"yoast_head":"<!-- This site is optimized with the Yoast SEO Premium plugin v26.7 (Yoast SEO v26.7) - https:\/\/yoast.com\/wordpress\/plugins\/seo\/ -->\n<title>Mondiaux VTT 2024 : Luca Martin sacr\u00e9 champion du monde XCO chez les espoirs !<\/title>\n<meta name=\"description\" content=\"VTT CHAMPIONNATS DU MONDE 2024 - Jour de gloire pour Luca Martin ! \u00c0 22 ans, le Fran\u00e7ais est devenu champion du monde espoirs en VTT XCO.\" \/>\n<meta name=\"robots\" content=\"index, follow, max-snippet:-1, max-image-preview:large, max-video-preview:-1\" \/>\n<link rel=\"canonical\" href=\"https:\/\/dicodusport.fr\/blog\/mondiaux-vtt-2024-luca-martin-sacre-champion-du-monde-xco-chez-les-espoirs\/\" \/>\n<meta property=\"og:locale\" content=\"fr_FR\" \/>\n<meta property=\"og:type\" content=\"article\" \/>\n<meta property=\"og:title\" content=\"Mondiaux VTT 2024 : Luca Martin sacr\u00e9 champion du monde XCO chez les espoirs !\" \/>\n<meta property=\"og:description\" content=\"VTT CHAMPIONNATS DU MONDE 2024 - Jour de gloire pour Luca Martin ! \u00c0 22 ans, le Fran\u00e7ais est devenu champion du monde espoirs en VTT XCO.\" \/>\n<meta property=\"og:url\" content=\"https:\/\/dicodusport.fr\/blog\/mondiaux-vtt-2024-luca-martin-sacre-champion-du-monde-xco-chez-les-espoirs\/\" \/>\n<meta property=\"og:site_name\" content=\"Dicodusport\" \/>\n<meta property=\"article:publisher\" content=\"https:\/\/www.facebook.com\/dicodusport\" \/>\n<meta property=\"article:author\" content=\"https:\/\/www.facebook.com\/florent.ostermann\" \/>\n<meta property=\"article:published_time\" content=\"2024-09-01T07:33:41+00:00\" \/>\n<meta property=\"article:modified_time\" content=\"2024-09-01T14:04:03+00:00\" \/>\n<meta property=\"og:image\" content=\"https:\/\/dicodusport.fr\/blog\/wp-content\/uploads\/2024\/09\/Mondiaux-VTT-2024-Luca-Martin-sacre-champion-du-monde-XCO-chez-les-espoirs-2.png\" \/>\n\t<meta property=\"og:image:width\" content=\"1200\" \/>\n\t<meta property=\"og:image:height\" content=\"674\" \/>\n\t<meta property=\"og:image:type\" content=\"image\/png\" \/>\n<meta name=\"author\" content=\"Flo Ostermann\" \/>\n<meta name=\"twitter:card\" content=\"summary_large_image\" \/>\n<meta name=\"twitter:title\" content=\"Mondiaux VTT 2024 : Luca Martin sacr\u00e9 champion du monde XCO chez les espoirs !\" \/>\n<meta name=\"twitter:creator\" content=\"@https:\/\/twitter.com\/FlOstermann\" \/>\n<meta name=\"twitter:site\" content=\"@dicodusport\" \/>\n<script type=\"application\/ld+json\" class=\"yoast-schema-graph\">{\"@context\":\"https:\/\/schema.org\",\"@graph\":[{\"@type\":\"NewsArticle\",\"@id\":\"https:\/\/dicodusport.fr\/blog\/mondiaux-vtt-2024-luca-martin-sacre-champion-du-monde-xco-chez-les-espoirs\/#article\",\"isPartOf\":{\"@id\":\"https:\/\/dicodusport.fr\/blog\/mondiaux-vtt-2024-luca-martin-sacre-champion-du-monde-xco-chez-les-espoirs\/\"},\"author\":{\"name\":\"Flo Ostermann\",\"@id\":\"https:\/\/dicodusport.fr\/blog\/#\/schema\/person\/cb02af4c173ce4a653b55e9baf388d4a\"},\"headline\":\"Mondiaux VTT 2024 : Luca Martin sacr\u00e9 champion du monde XCO chez les espoirs !\",\"datePublished\":\"2024-09-01T07:33:41+00:00\",\"dateModified\":\"2024-09-01T14:04:03+00:00\",\"mainEntityOfPage\":{\"@id\":\"https:\/\/dicodusport.fr\/blog\/mondiaux-vtt-2024-luca-martin-sacre-champion-du-monde-xco-chez-les-espoirs\/\"},\"wordCount\":400,\"commentCount\":0,\"publisher\":{\"@id\":\"https:\/\/dicodusport.fr\/blog\/#organization\"},\"image\":{\"@id\":\"https:\/\/dicodusport.fr\/blog\/mondiaux-vtt-2024-luca-martin-sacre-champion-du-monde-xco-chez-les-espoirs\/#primaryimage\"},\"thumbnailUrl\":\"https:\/\/dicodusport.fr\/blog\/wp-content\/uploads\/2024\/09\/Mondiaux-VTT-2024-Luca-Martin-sacre-champion-du-monde-XCO-chez-les-espoirs-2.png\",\"keywords\":[\"actu\",\"br\u00e8ve\",\"Pal Arinsal\",\"sport\",\"VTT\",\"VTT XCC Pal Arinsal\"],\"articleSection\":[\"VTT\"],\"inLanguage\":\"fr-FR\",\"potentialAction\":[{\"@type\":\"CommentAction\",\"name\":\"Comment\",\"target\":[\"https:\/\/dicodusport.fr\/blog\/mondiaux-vtt-2024-luca-martin-sacre-champion-du-monde-xco-chez-les-espoirs\/#respond\"]}],\"copyrightYear\":\"2024\",\"copyrightHolder\":{\"@id\":\"https:\/\/dicodusport.fr\/blog\/#organization\"}},{\"@type\":\"WebPage\",\"@id\":\"https:\/\/dicodusport.fr\/blog\/mondiaux-vtt-2024-luca-martin-sacre-champion-du-monde-xco-chez-les-espoirs\/\",\"url\":\"https:\/\/dicodusport.fr\/blog\/mondiaux-vtt-2024-luca-martin-sacre-champion-du-monde-xco-chez-les-espoirs\/\",\"name\":\"Mondiaux VTT 2024 : Luca Martin sacr\u00e9 champion du monde XCO chez les espoirs !\",\"isPartOf\":{\"@id\":\"https:\/\/dicodusport.fr\/blog\/#website\"},\"primaryImageOfPage\":{\"@id\":\"https:\/\/dicodusport.fr\/blog\/mondiaux-vtt-2024-luca-martin-sacre-champion-du-monde-xco-chez-les-espoirs\/#primaryimage\"},\"image\":{\"@id\":\"https:\/\/dicodusport.fr\/blog\/mondiaux-vtt-2024-luca-martin-sacre-champion-du-monde-xco-chez-les-espoirs\/#primaryimage\"},\"thumbnailUrl\":\"https:\/\/dicodusport.fr\/blog\/wp-content\/uploads\/2024\/09\/Mondiaux-VTT-2024-Luca-Martin-sacre-champion-du-monde-XCO-chez-les-espoirs-2.png\",\"datePublished\":\"2024-09-01T07:33:41+00:00\",\"dateModified\":\"2024-09-01T14:04:03+00:00\",\"description\":\"VTT CHAMPIONNATS DU MONDE 2024 - Jour de gloire pour Luca Martin ! \u00c0 22 ans, le Fran\u00e7ais est devenu champion du monde espoirs en VTT XCO.\",\"breadcrumb\":{\"@id\":\"https:\/\/dicodusport.fr\/blog\/mondiaux-vtt-2024-luca-martin-sacre-champion-du-monde-xco-chez-les-espoirs\/#breadcrumb\"},\"inLanguage\":\"fr-FR\",\"potentialAction\":[{\"@type\":\"ReadAction\",\"target\":[\"https:\/\/dicodusport.fr\/blog\/mondiaux-vtt-2024-luca-martin-sacre-champion-du-monde-xco-chez-les-espoirs\/\"]}]},{\"@type\":\"ImageObject\",\"inLanguage\":\"fr-FR\",\"@id\":\"https:\/\/dicodusport.fr\/blog\/mondiaux-vtt-2024-luca-martin-sacre-champion-du-monde-xco-chez-les-espoirs\/#primaryimage\",\"url\":\"https:\/\/dicodusport.fr\/blog\/wp-content\/uploads\/2024\/09\/Mondiaux-VTT-2024-Luca-Martin-sacre-champion-du-monde-XCO-chez-les-espoirs-2.png\",\"contentUrl\":\"https:\/\/dicodusport.fr\/blog\/wp-content\/uploads\/2024\/09\/Mondiaux-VTT-2024-Luca-Martin-sacre-champion-du-monde-XCO-chez-les-espoirs-2.png\",\"width\":1200,\"height\":674,\"caption\":\"Mondiaux VTT 2024 Luca Martin sacr\u00e9 champion du monde XCO chez les espoirs ! (2)\"},{\"@type\":\"BreadcrumbList\",\"@id\":\"https:\/\/dicodusport.fr\/blog\/mondiaux-vtt-2024-luca-martin-sacre-champion-du-monde-xco-chez-les-espoirs\/#breadcrumb\",\"itemListElement\":[{\"@type\":\"ListItem\",\"position\":1,\"name\":\"Accueil\",\"item\":\"https:\/\/dicodusport.fr\/blog\/\"},{\"@type\":\"ListItem\",\"position\":2,\"name\":\"Mondiaux VTT 2024 : Luca Martin sacr\u00e9 champion du monde XCO chez les espoirs !\"}]},{\"@type\":\"WebSite\",\"@id\":\"https:\/\/dicodusport.fr\/blog\/#website\",\"url\":\"https:\/\/dicodusport.fr\/blog\/\",\"name\":\"Dicodusport\",\"description\":\"L&#039;encyclop\u00e9die de l&#039;actualit\u00e9 sportive\",\"publisher\":{\"@id\":\"https:\/\/dicodusport.fr\/blog\/#organization\"},\"potentialAction\":[{\"@type\":\"SearchAction\",\"target\":{\"@type\":\"EntryPoint\",\"urlTemplate\":\"https:\/\/dicodusport.fr\/blog\/?s={search_term_string}\"},\"query-input\":{\"@type\":\"PropertyValueSpecification\",\"valueRequired\":true,\"valueName\":\"search_term_string\"}}],\"inLanguage\":\"fr-FR\"},{\"@type\":\"NewsMediaOrganization\",\"@id\":\"https:\/\/dicodusport.fr\/blog\/#organization\",\"name\":\"Dicodusport\",\"url\":\"https:\/\/dicodusport.fr\/blog\/\",\"logo\":{\"@type\":\"ImageObject\",\"inLanguage\":\"fr-FR\",\"@id\":\"https:\/\/dicodusport.fr\/blog\/#\/schema\/logo\/image\/\",\"url\":\"https:\/\/dicodusport.fr\/blog\/wp-content\/uploads\/2020\/06\/cropped-LOGO-DICODUSPORT-2020-SANS-FOND-SANS-TEXTE.png\",\"contentUrl\":\"https:\/\/dicodusport.fr\/blog\/wp-content\/uploads\/2020\/06\/cropped-LOGO-DICODUSPORT-2020-SANS-FOND-SANS-TEXTE.png\",\"width\":512,\"height\":512,\"caption\":\"Dicodusport\"},\"image\":{\"@id\":\"https:\/\/dicodusport.fr\/blog\/#\/schema\/logo\/image\/\"},\"sameAs\":[\"https:\/\/www.facebook.com\/dicodusport\",\"https:\/\/x.com\/dicodusport\",\"https:\/\/www.instagram.com\/dicodusport\/\",\"https:\/\/www.youtube.com\/channel\/UC7V2KZ5sd3htJivAbA4ZG3w\"],\"description\":\"Dicodusport est l'encyclop\u00e9die de l'actualit\u00e9 sportive.\",\"email\":\"bonjour@dicodusport.fr\",\"legalName\":\"DICODUSPORT\",\"foundingDate\":\"2018-01-14\",\"vatID\":\"FR71834470973\",\"taxID\":\"83447097300043\",\"numberOfEmployees\":{\"@type\":\"QuantitativeValue\",\"minValue\":\"1\",\"maxValue\":\"10\"}},{\"@type\":\"Person\",\"@id\":\"https:\/\/dicodusport.fr\/blog\/#\/schema\/person\/cb02af4c173ce4a653b55e9baf388d4a\",\"name\":\"Flo Ostermann\",\"image\":{\"@type\":\"ImageObject\",\"inLanguage\":\"fr-FR\",\"@id\":\"https:\/\/dicodusport.fr\/blog\/#\/schema\/person\/image\/\",\"url\":\"https:\/\/dicodusport.fr\/blog\/wp-content\/uploads\/2021\/05\/Flo-Ostermann-150x150.jpg\",\"contentUrl\":\"https:\/\/dicodusport.fr\/blog\/wp-content\/uploads\/2021\/05\/Flo-Ostermann-150x150.jpg\",\"caption\":\"Flo Ostermann\"},\"description\":\"Journaliste\/R\u00e9dacteur depuis septembre 2015 - Mes premiers souvenirs dans le sport ? Les envol\u00e9es du Stade Toulousain et les duels Villeneuve-Schumacher et H\u00e4kkinen-Schumacher \u00e0 la fin des ann\u00e9es 90, la Coupe du monde de football en 1998, l\u2019exploit du XV de France face aux All Blacks en 1999, mais aussi Richard C\u0153ur de Lion qui vole sur les montagnes du Tour de France. Bien parti pour devenir professeur d\u2019EPS, les \u00e9v\u00e9nements de la vie (et la flemme d\u2019animer des s\u00e9ances de 3x500 m\u00e8tres toute ma vie) m\u2019ont conduit \u00e0 revoir mes plans. Me voil\u00e0 depuis fin 2017 sur Dicodusport, m\u00e9dia gr\u00e2ce (et pour) lequel je partage ma passion : le sport dans tous ses \u00e9tats. Le tout accompagn\u00e9 par les fous furieux et folles furieuses cit\u00e9s sur cette page !\",\"sameAs\":[\"https:\/\/www.facebook.com\/florent.ostermann\",\"https:\/\/x.com\/https:\/\/twitter.com\/FlOstermann\",\"admin\"],\"url\":\"https:\/\/dicodusport.fr\/blog\/author\/flo\/\"}]}<\/script>\n<!-- \/ Yoast SEO Premium plugin. -->","yoast_head_json":{"title":"Mondiaux VTT 2024 : Luca Martin sacr\u00e9 champion du monde XCO chez les espoirs !","description":"VTT CHAMPIONNATS DU MONDE 2024 - Jour de gloire pour Luca Martin ! \u00c0 22 ans, le Fran\u00e7ais est devenu champion du monde espoirs en VTT XCO.","robots":{"index":"index","follow":"follow","max-snippet":"max-snippet:-1","max-image-preview":"max-image-preview:large","max-video-preview":"max-video-preview:-1"},"canonical":"https:\/\/dicodusport.fr\/blog\/mondiaux-vtt-2024-luca-martin-sacre-champion-du-monde-xco-chez-les-espoirs\/","og_locale":"fr_FR","og_type":"article","og_title":"Mondiaux VTT 2024 : Luca Martin sacr\u00e9 champion du monde XCO chez les espoirs !","og_description":"VTT CHAMPIONNATS DU MONDE 2024 - Jour de gloire pour Luca Martin ! \u00c0 22 ans, le Fran\u00e7ais est devenu champion du monde espoirs en VTT XCO.","og_url":"https:\/\/dicodusport.fr\/blog\/mondiaux-vtt-2024-luca-martin-sacre-champion-du-monde-xco-chez-les-espoirs\/","og_site_name":"Dicodusport","article_publisher":"https:\/\/www.facebook.com\/dicodusport","article_author":"https:\/\/www.facebook.com\/florent.ostermann","article_published_time":"2024-09-01T07:33:41+00:00","article_modified_time":"2024-09-01T14:04:03+00:00","og_image":[{"width":1200,"height":674,"url":"https:\/\/dicodusport.fr\/blog\/wp-content\/uploads\/2024\/09\/Mondiaux-VTT-2024-Luca-Martin-sacre-champion-du-monde-XCO-chez-les-espoirs-2.png","type":"image\/png"}],"author":"Flo Ostermann","twitter_card":"summary_large_image","twitter_title":"Mondiaux VTT 2024 : Luca Martin sacr\u00e9 champion du monde XCO chez les espoirs !","twitter_creator":"@https:\/\/twitter.com\/FlOstermann","twitter_site":"@dicodusport","schema":{"@context":"https:\/\/schema.org","@graph":[{"@type":"NewsArticle","@id":"https:\/\/dicodusport.fr\/blog\/mondiaux-vtt-2024-luca-martin-sacre-champion-du-monde-xco-chez-les-espoirs\/#article","isPartOf":{"@id":"https:\/\/dicodusport.fr\/blog\/mondiaux-vtt-2024-luca-martin-sacre-champion-du-monde-xco-chez-les-espoirs\/"},"author":{"name":"Flo Ostermann","@id":"https:\/\/dicodusport.fr\/blog\/#\/schema\/person\/cb02af4c173ce4a653b55e9baf388d4a"},"headline":"Mondiaux VTT 2024 : Luca Martin sacr\u00e9 champion du monde XCO chez les espoirs !","datePublished":"2024-09-01T07:33:41+00:00","dateModified":"2024-09-01T14:04:03+00:00","mainEntityOfPage":{"@id":"https:\/\/dicodusport.fr\/blog\/mondiaux-vtt-2024-luca-martin-sacre-champion-du-monde-xco-chez-les-espoirs\/"},"wordCount":400,"commentCount":0,"publisher":{"@id":"https:\/\/dicodusport.fr\/blog\/#organization"},"image":{"@id":"https:\/\/dicodusport.fr\/blog\/mondiaux-vtt-2024-luca-martin-sacre-champion-du-monde-xco-chez-les-espoirs\/#primaryimage"},"thumbnailUrl":"https:\/\/dicodusport.fr\/blog\/wp-content\/uploads\/2024\/09\/Mondiaux-VTT-2024-Luca-Martin-sacre-champion-du-monde-XCO-chez-les-espoirs-2.png","keywords":["actu","br\u00e8ve","Pal Arinsal","sport","VTT","VTT XCC Pal Arinsal"],"articleSection":["VTT"],"inLanguage":"fr-FR","potentialAction":[{"@type":"CommentAction","name":"Comment","target":["https:\/\/dicodusport.fr\/blog\/mondiaux-vtt-2024-luca-martin-sacre-champion-du-monde-xco-chez-les-espoirs\/#respond"]}],"copyrightYear":"2024","copyrightHolder":{"@id":"https:\/\/dicodusport.fr\/blog\/#organization"}},{"@type":"WebPage","@id":"https:\/\/dicodusport.fr\/blog\/mondiaux-vtt-2024-luca-martin-sacre-champion-du-monde-xco-chez-les-espoirs\/","url":"https:\/\/dicodusport.fr\/blog\/mondiaux-vtt-2024-luca-martin-sacre-champion-du-monde-xco-chez-les-espoirs\/","name":"Mondiaux VTT 2024 : Luca Martin sacr\u00e9 champion du monde XCO chez les espoirs !","isPartOf":{"@id":"https:\/\/dicodusport.fr\/blog\/#website"},"primaryImageOfPage":{"@id":"https:\/\/dicodusport.fr\/blog\/mondiaux-vtt-2024-luca-martin-sacre-champion-du-monde-xco-chez-les-espoirs\/#primaryimage"},"image":{"@id":"https:\/\/dicodusport.fr\/blog\/mondiaux-vtt-2024-luca-martin-sacre-champion-du-monde-xco-chez-les-espoirs\/#primaryimage"},"thumbnailUrl":"https:\/\/dicodusport.fr\/blog\/wp-content\/uploads\/2024\/09\/Mondiaux-VTT-2024-Luca-Martin-sacre-champion-du-monde-XCO-chez-les-espoirs-2.png","datePublished":"2024-09-01T07:33:41+00:00","dateModified":"2024-09-01T14:04:03+00:00","description":"VTT CHAMPIONNATS DU MONDE 2024 - Jour de gloire pour Luca Martin ! \u00c0 22 ans, le Fran\u00e7ais est devenu champion du monde espoirs en VTT XCO.","breadcrumb":{"@id":"https:\/\/dicodusport.fr\/blog\/mondiaux-vtt-2024-luca-martin-sacre-champion-du-monde-xco-chez-les-espoirs\/#breadcrumb"},"inLanguage":"fr-FR","potentialAction":[{"@type":"ReadAction","target":["https:\/\/dicodusport.fr\/blog\/mondiaux-vtt-2024-luca-martin-sacre-champion-du-monde-xco-chez-les-espoirs\/"]}]},{"@type":"ImageObject","inLanguage":"fr-FR","@id":"https:\/\/dicodusport.fr\/blog\/mondiaux-vtt-2024-luca-martin-sacre-champion-du-monde-xco-chez-les-espoirs\/#primaryimage","url":"https:\/\/dicodusport.fr\/blog\/wp-content\/uploads\/2024\/09\/Mondiaux-VTT-2024-Luca-Martin-sacre-champion-du-monde-XCO-chez-les-espoirs-2.png","contentUrl":"https:\/\/dicodusport.fr\/blog\/wp-content\/uploads\/2024\/09\/Mondiaux-VTT-2024-Luca-Martin-sacre-champion-du-monde-XCO-chez-les-espoirs-2.png","width":1200,"height":674,"caption":"Mondiaux VTT 2024 Luca Martin sacr\u00e9 champion du monde XCO chez les espoirs ! (2)"},{"@type":"BreadcrumbList","@id":"https:\/\/dicodusport.fr\/blog\/mondiaux-vtt-2024-luca-martin-sacre-champion-du-monde-xco-chez-les-espoirs\/#breadcrumb","itemListElement":[{"@type":"ListItem","position":1,"name":"Accueil","item":"https:\/\/dicodusport.fr\/blog\/"},{"@type":"ListItem","position":2,"name":"Mondiaux VTT 2024 : Luca Martin sacr\u00e9 champion du monde XCO chez les espoirs !"}]},{"@type":"WebSite","@id":"https:\/\/dicodusport.fr\/blog\/#website","url":"https:\/\/dicodusport.fr\/blog\/","name":"Dicodusport","description":"L&#039;encyclop\u00e9die de l&#039;actualit\u00e9 sportive","publisher":{"@id":"https:\/\/dicodusport.fr\/blog\/#organization"},"potentialAction":[{"@type":"SearchAction","target":{"@type":"EntryPoint","urlTemplate":"https:\/\/dicodusport.fr\/blog\/?s={search_term_string}"},"query-input":{"@type":"PropertyValueSpecification","valueRequired":true,"valueName":"search_term_string"}}],"inLanguage":"fr-FR"},{"@type":"NewsMediaOrganization","@id":"https:\/\/dicodusport.fr\/blog\/#organization","name":"Dicodusport","url":"https:\/\/dicodusport.fr\/blog\/","logo":{"@type":"ImageObject","inLanguage":"fr-FR","@id":"https:\/\/dicodusport.fr\/blog\/#\/schema\/logo\/image\/","url":"https:\/\/dicodusport.fr\/blog\/wp-content\/uploads\/2020\/06\/cropped-LOGO-DICODUSPORT-2020-SANS-FOND-SANS-TEXTE.png","contentUrl":"https:\/\/dicodusport.fr\/blog\/wp-content\/uploads\/2020\/06\/cropped-LOGO-DICODUSPORT-2020-SANS-FOND-SANS-TEXTE.png","width":512,"height":512,"caption":"Dicodusport"},"image":{"@id":"https:\/\/dicodusport.fr\/blog\/#\/schema\/logo\/image\/"},"sameAs":["https:\/\/www.facebook.com\/dicodusport","https:\/\/x.com\/dicodusport","https:\/\/www.instagram.com\/dicodusport\/","https:\/\/www.youtube.com\/channel\/UC7V2KZ5sd3htJivAbA4ZG3w"],"description":"Dicodusport est l'encyclop\u00e9die de l'actualit\u00e9 sportive.","email":"bonjour@dicodusport.fr","legalName":"DICODUSPORT","foundingDate":"2018-01-14","vatID":"FR71834470973","taxID":"83447097300043","numberOfEmployees":{"@type":"QuantitativeValue","minValue":"1","maxValue":"10"}},{"@type":"Person","@id":"https:\/\/dicodusport.fr\/blog\/#\/schema\/person\/cb02af4c173ce4a653b55e9baf388d4a","name":"Flo Ostermann","image":{"@type":"ImageObject","inLanguage":"fr-FR","@id":"https:\/\/dicodusport.fr\/blog\/#\/schema\/person\/image\/","url":"https:\/\/dicodusport.fr\/blog\/wp-content\/uploads\/2021\/05\/Flo-Ostermann-150x150.jpg","contentUrl":"https:\/\/dicodusport.fr\/blog\/wp-content\/uploads\/2021\/05\/Flo-Ostermann-150x150.jpg","caption":"Flo Ostermann"},"description":"Journaliste\/R\u00e9dacteur depuis septembre 2015 - Mes premiers souvenirs dans le sport ? Les envol\u00e9es du Stade Toulousain et les duels Villeneuve-Schumacher et H\u00e4kkinen-Schumacher \u00e0 la fin des ann\u00e9es 90, la Coupe du monde de football en 1998, l\u2019exploit du XV de France face aux All Blacks en 1999, mais aussi Richard C\u0153ur de Lion qui vole sur les montagnes du Tour de France. Bien parti pour devenir professeur d\u2019EPS, les \u00e9v\u00e9nements de la vie (et la flemme d\u2019animer des s\u00e9ances de 3x500 m\u00e8tres toute ma vie) m\u2019ont conduit \u00e0 revoir mes plans. Me voil\u00e0 depuis fin 2017 sur Dicodusport, m\u00e9dia gr\u00e2ce (et pour) lequel je partage ma passion : le sport dans tous ses \u00e9tats. Le tout accompagn\u00e9 par les fous furieux et folles furieuses cit\u00e9s sur cette page !","sameAs":["https:\/\/www.facebook.com\/florent.ostermann","https:\/\/x.com\/https:\/\/twitter.com\/FlOstermann","admin"],"url":"https:\/\/dicodusport.fr\/blog\/author\/flo\/"}]}},"_links":{"self":[{"href":"https:\/\/dicodusport.fr\/blog\/wp-json\/wp\/v2\/posts\/516750","targetHints":{"allow":["GET"]}}],"collection":[{"href":"https:\/\/dicodusport.fr\/blog\/wp-json\/wp\/v2\/posts"}],"about":[{"href":"https:\/\/dicodusport.fr\/blog\/wp-json\/wp\/v2\/types\/post"}],"author":[{"embeddable":true,"href":"https:\/\/dicodusport.fr\/blog\/wp-json\/wp\/v2\/users\/4"}],"replies":[{"embeddable":true,"href":"https:\/\/dicodusport.fr\/blog\/wp-json\/wp\/v2\/comments?post=516750"}],"version-history":[{"count":4,"href":"https:\/\/dicodusport.fr\/blog\/wp-json\/wp\/v2\/posts\/516750\/revisions"}],"predecessor-version":[{"id":516775,"href":"https:\/\/dicodusport.fr\/blog\/wp-json\/wp\/v2\/posts\/516750\/revisions\/516775"}],"wp:featuredmedia":[{"embeddable":true,"href":"https:\/\/dicodusport.fr\/blog\/wp-json\/wp\/v2\/media\/516886"}],"wp:attachment":[{"href":"https:\/\/dicodusport.fr\/blog\/wp-json\/wp\/v2\/media?parent=516750"}],"wp:term":[{"taxonomy":"category","embeddable":true,"href":"https:\/\/dicodusport.fr\/blog\/wp-json\/wp\/v2\/categories?post=516750"},{"taxonomy":"post_tag","embeddable":true,"href":"https:\/\/dicodusport.fr\/blog\/wp-json\/wp\/v2\/tags?post=516750"}],"curies":[{"name":"wp","href":"https:\/\/api.w.org\/{rel}","templated":true}]}}