{"id":516771,"date":"2024-09-01T11:32:48","date_gmt":"2024-09-01T09:32:48","guid":{"rendered":"https:\/\/dicodusport.fr\/blog\/?p=516771&#038;preview=true&#038;preview_id=516771"},"modified":"2024-09-01T17:05:35","modified_gmt":"2024-09-01T15:05:35","slug":"mondiaux-vtt-2024-puck-pieterse-championne-du-monde-xco-les-adieux-de-pauline-ferrand-prevot","status":"publish","type":"post","link":"https:\/\/dicodusport.fr\/blog\/mondiaux-vtt-2024-puck-pieterse-championne-du-monde-xco-les-adieux-de-pauline-ferrand-prevot\/","title":{"rendered":"Mondiaux VTT 2024 : Puck Pieterse championne du monde XCO, les adieux de Pauline Ferrand-Pr\u00e9vot"},"content":{"rendered":"<p style=\"text-align: justify;\"><strong><em>VTT CHAMPIONNATS DU MONDE 2024 &#8211; Seule au monde ce dimanche \u00e0 Pal Arinsal (Andorre), la N\u00e9erlandaise Puck Pieterse s&rsquo;est adjug\u00e9e le titre mondial XCO \u00c9lites. Loana Lecomte termine 5\u00e8me. Pour sa derni\u00e8re course en VTT Cross-country, Pauline Ferrand-Pr\u00e9vot n&rsquo;a pas pes\u00e9 sur le r\u00e9sultat final.<\/em><\/strong><\/p>\n<ul>\n<li style=\"text-align: justify;\"><strong>\u00c0 ce sujet \u2013\u00a0<a href=\"https:\/\/dicodusport.fr\/blog\/programme-et-resultats-vtt-championnats-du-monde-2024\/\">Programme et r\u00e9sultats VTT Championnats du monde 2024<\/a><\/strong><\/li>\n<\/ul>\n<p style=\"text-align: justify;\">Irr\u00e9sistible. Ce dimanche, \u00e0 <strong>Pal Arinsal<\/strong> (Andorre), <strong>Puck Pieterse<\/strong> est all\u00e9e chercher son premier titre mondial \u00e9lites sur le format XCO. En patronne, la N\u00e9erlandaise a r\u00e9alis\u00e9 une course pleine et a domin\u00e9 les d\u00e9bats durant les cinq tours de ces championnats du monde. En bronze l&rsquo;an dernier \u00e0 Glasgow (\u00c9cosse) et quatri\u00e8me des JO de Paris, <strong>Pieterse<\/strong> confirme tout son potentiel, \u00e0 seulement 22 ans. C&rsquo;est m\u00eame un doubl\u00e9 pour les Pays-Bas, puisque <strong>Anne Terpstra<\/strong> prend la m\u00e9daille d&rsquo;argent (+0:59). Le podium est compl\u00e9t\u00e9 par l&rsquo;Italienne <strong>Martina Berta<\/strong> (+1:19). Pour les Fran\u00e7aises, la course fut plus difficile.<\/p>\n<blockquote class=\"twitter-tweet\">\n<p dir=\"ltr\" lang=\"en\">\ud835\udc77\ud835\udc86\ud835\udc93\ud835\udc87\ud835\udc86\ud835\udc84\ud835\udc95\ud835\udc8a\ud835\udc90\ud835\udc8f \ud835\udc87\ud835\udc93\ud835\udc90\ud835\udc8e \ud835\udc77\ud835\udc8a\ud835\udc86\ud835\udc95\ud835\udc86\ud835\udc93\ud835\udc94\ud835\udc86 \ud83e\udd47<\/p>\n<p>Puck Pieterse wins GOLD in the Women Elite XCO World championships! \ud83c\udf08<a href=\"https:\/\/twitter.com\/hashtag\/PalArinsalAndorra2024?src=hash&amp;ref_src=twsrc%5Etfw\">#PalArinsalAndorra2024<\/a> <a href=\"https:\/\/t.co\/HvcHzA022H\">pic.twitter.com\/HvcHzA022H<\/a><\/p>\n<p>\u2014 Eurosport (@eurosport) <a href=\"https:\/\/twitter.com\/eurosport\/status\/1830176127249179033?ref_src=twsrc%5Etfw\">September 1, 2024<\/a><\/p><\/blockquote>\n<p><script async src=\"https:\/\/platform.twitter.com\/widgets.js\" charset=\"utf-8\"><\/script><\/p>\n<h2 style=\"text-align: justify;\">La r\u00e9action de Lecomte, les adieux de Ferrand-Pr\u00e9vot<\/h2>\n<p style=\"text-align: justify;\">Comme un air de passation de pouvoir. Ce dimanche, au moment o\u00f9 <a href=\"https:\/\/dicodusport.fr\/blog\/mondiaux-vtt-2024-pauline-ferrand-prevot-vice-championne-du-monde-en-xcc-evie-richards-sacree\/\"><strong>Pauline Ferrand-Pr\u00e9vot<\/strong><\/a> (32 ans), quintuple championne du monde sur le format olympique (et accessoirement r\u00e9cente m\u00e9daill\u00e9e d&rsquo;or aux JO de Paris), a explos\u00e9 derri\u00e8re <strong>Puck Pieterse<\/strong>, apr\u00e8s un effort important pour revenir \u00e0 l&rsquo;avant de la course. La future pensionnaire de la formation <strong>Visma Lease a Bike<\/strong> sur la route, n&rsquo;avait pas les armes pour aller chercher un sixi\u00e8me sacre plan\u00e9taire en Andorre, l\u00e0 m\u00eame o\u00f9 elle avait glan\u00e9 sa premi\u00e8re m\u00e9daille d&rsquo;or \u00e9lites en XCO, en 2015. R\u00e9sultat, la Champenoise termine \u00e0 une anecdotique 14\u00e8me place. Mais <strong>Pauline Ferrand-Pr\u00e9vot<\/strong> dit surtout adieu au VTT, SA discipline de toujours, avec un palmar\u00e8s long comme le bras, fort de cinq titres mondiaux XCO, deux m\u00e9dailles d&rsquo;or mondiales sur le XCC, entre autres. Un Monument de son sport.<\/p>\n<blockquote class=\"twitter-tweet\">\n<p dir=\"ltr\" lang=\"fr\">\ud83c\uddeb\ud83c\uddf7 La \ud835\udc1b\ud835\udc1e\ud835\udc25\ud835\udc25\ud835\udc1e \u00e9motion de Pauline Ferrand-Pr\u00e9vot \u00e0 l&rsquo;arriv\u00e9e de la derni\u00e8re course de sa carri\u00e8re en VTT \ud83e\udd29<a href=\"https:\/\/twitter.com\/hashtag\/PalArinsalAndorra2024?src=hash&amp;ref_src=twsrc%5Etfw\">#PalArinsalAndorra2024<\/a> <a href=\"https:\/\/t.co\/0WwGFFPIau\">pic.twitter.com\/0WwGFFPIau<\/a><\/p>\n<p>\u2014 Eurosport France (@Eurosport_FR) <a href=\"https:\/\/twitter.com\/Eurosport_FR\/status\/1830183458326376805?ref_src=twsrc%5Etfw\">September 1, 2024<\/a><\/p><\/blockquote>\n<p><script async src=\"https:\/\/platform.twitter.com\/widgets.js\" charset=\"utf-8\"><\/script><\/p>\n<ul>\n<li style=\"text-align: justify;\"><strong>\u00c0 ce sujet \u2013\u00a0<a href=\"https:\/\/dicodusport.fr\/blog\/mondiaux-vtt-2024-classement-xco-femmes\/\">Mondiaux VTT 2024 \u2013 Classement XCO femmes<\/a><\/strong><\/li>\n<\/ul>\n<p style=\"text-align: justify;\">Pour <strong>Loana Lecomte<\/strong>, sa cinqui\u00e8me place la laissera sans doute sur sa faim. Mais apr\u00e8s sa chute qui l&rsquo;avait mise KO sur la Colline d&rsquo;\u00c9lancourt, il y a un mois, la r\u00e9action sur la piste est \u00e0 noter. Longtemps \u00e0 la lutte pour la m\u00e9daille de bronze, l&rsquo;Ann\u00e9cienne a cal\u00e9 sur la fin. Toujours c\u00f4t\u00e9 tricolore, sur la course espoirs f\u00e9minine qui s&rsquo;est courue en simultan\u00e9, <strong>Olivia Onesti<\/strong> s&rsquo;offre la m\u00e9daille d&rsquo;argent, derri\u00e8re l&rsquo;intouchable canadienne, <strong>Isabella Holmgren<\/strong>.<\/p>\n","protected":false},"excerpt":{"rendered":"<p>Puck Pieterse championne du monde XCO, les adieux de Pauline Ferrand-Pr\u00e9vot<\/p>\n","protected":false},"author":4,"featured_media":516912,"comment_status":"open","ping_status":"closed","sticky":false,"template":"","format":"standard","meta":{"_acf_changed":false,"_daextam_enable_autolinks":"1","footnotes":""},"categories":[10279],"tags":[32415,16878,41496,692,33854],"class_list":["post-516771","post","type-post","status-publish","format-standard","has-post-thumbnail","hentry","category-vtt","tag-actu","tag-breve","tag-pal-arinsal","tag-vtt","tag-vtt-xcc-pal-arinsal"],"acf":[],"yoast_head":"<!-- This site is optimized with the Yoast SEO Premium plugin v26.7 (Yoast SEO v26.7) - https:\/\/yoast.com\/wordpress\/plugins\/seo\/ -->\n<title>Mondiaux VTT 2024 : Puck Pieterse championne du monde XCO, les adieux de Pauline Ferrand-Pr\u00e9vot<\/title>\n<meta name=\"description\" content=\"Seule au monde ce dimanche \u00e0 Pal Arinsal (Andorre), la N\u00e9erlandaise Puck Pieterse s&#039;est adjug\u00e9e le titre mondial XCO \u00c9lites.\" \/>\n<meta name=\"robots\" content=\"index, follow, max-snippet:-1, max-image-preview:large, max-video-preview:-1\" \/>\n<link rel=\"canonical\" href=\"https:\/\/dicodusport.fr\/blog\/mondiaux-vtt-2024-puck-pieterse-championne-du-monde-xco-les-adieux-de-pauline-ferrand-prevot\/\" \/>\n<meta property=\"og:locale\" content=\"fr_FR\" \/>\n<meta property=\"og:type\" content=\"article\" \/>\n<meta property=\"og:title\" content=\"Mondiaux VTT 2024 : Puck Pieterse championne du monde XCO, les adieux de Pauline Ferrand-Pr\u00e9vot\" \/>\n<meta property=\"og:description\" content=\"Seule au monde ce dimanche \u00e0 Pal Arinsal (Andorre), la N\u00e9erlandaise Puck Pieterse s&#039;est adjug\u00e9e le titre mondial XCO \u00c9lites.\" \/>\n<meta property=\"og:url\" content=\"https:\/\/dicodusport.fr\/blog\/mondiaux-vtt-2024-puck-pieterse-championne-du-monde-xco-les-adieux-de-pauline-ferrand-prevot\/\" \/>\n<meta property=\"og:site_name\" content=\"Dicodusport\" \/>\n<meta property=\"article:publisher\" content=\"https:\/\/www.facebook.com\/dicodusport\" \/>\n<meta property=\"article:author\" content=\"https:\/\/www.facebook.com\/florent.ostermann\" \/>\n<meta property=\"article:published_time\" content=\"2024-09-01T09:32:48+00:00\" \/>\n<meta property=\"article:modified_time\" content=\"2024-09-01T15:05:35+00:00\" \/>\n<meta property=\"og:image\" content=\"https:\/\/dicodusport.fr\/blog\/wp-content\/uploads\/2024\/09\/Mondiaux-VTT-2024-Puck-Pieterse-championne-du-monde-XCO-les-adieux-de-Pauline-Ferrand-Prevot-2.png\" \/>\n\t<meta property=\"og:image:width\" content=\"1200\" \/>\n\t<meta property=\"og:image:height\" content=\"674\" \/>\n\t<meta property=\"og:image:type\" content=\"image\/png\" \/>\n<meta name=\"author\" content=\"Flo Ostermann\" \/>\n<meta name=\"twitter:card\" content=\"summary_large_image\" \/>\n<meta name=\"twitter:title\" content=\"Mondiaux VTT 2024 : Puck Pieterse championne du monde XCO, les adieux de Pauline Ferrand-Pr\u00e9vot\" \/>\n<meta name=\"twitter:creator\" content=\"@https:\/\/twitter.com\/FlOstermann\" \/>\n<meta name=\"twitter:site\" content=\"@dicodusport\" \/>\n<script type=\"application\/ld+json\" class=\"yoast-schema-graph\">{\"@context\":\"https:\/\/schema.org\",\"@graph\":[{\"@type\":\"NewsArticle\",\"@id\":\"https:\/\/dicodusport.fr\/blog\/mondiaux-vtt-2024-puck-pieterse-championne-du-monde-xco-les-adieux-de-pauline-ferrand-prevot\/#article\",\"isPartOf\":{\"@id\":\"https:\/\/dicodusport.fr\/blog\/mondiaux-vtt-2024-puck-pieterse-championne-du-monde-xco-les-adieux-de-pauline-ferrand-prevot\/\"},\"author\":{\"name\":\"Flo Ostermann\",\"@id\":\"https:\/\/dicodusport.fr\/blog\/#\/schema\/person\/cb02af4c173ce4a653b55e9baf388d4a\"},\"headline\":\"Mondiaux VTT 2024 : Puck Pieterse championne du monde XCO, les adieux de Pauline Ferrand-Pr\u00e9vot\",\"datePublished\":\"2024-09-01T09:32:48+00:00\",\"dateModified\":\"2024-09-01T15:05:35+00:00\",\"mainEntityOfPage\":{\"@id\":\"https:\/\/dicodusport.fr\/blog\/mondiaux-vtt-2024-puck-pieterse-championne-du-monde-xco-les-adieux-de-pauline-ferrand-prevot\/\"},\"wordCount\":493,\"commentCount\":0,\"publisher\":{\"@id\":\"https:\/\/dicodusport.fr\/blog\/#organization\"},\"image\":{\"@id\":\"https:\/\/dicodusport.fr\/blog\/mondiaux-vtt-2024-puck-pieterse-championne-du-monde-xco-les-adieux-de-pauline-ferrand-prevot\/#primaryimage\"},\"thumbnailUrl\":\"https:\/\/dicodusport.fr\/blog\/wp-content\/uploads\/2024\/09\/Mondiaux-VTT-2024-Puck-Pieterse-championne-du-monde-XCO-les-adieux-de-Pauline-Ferrand-Prevot-2.png\",\"keywords\":[\"actu\",\"br\u00e8ve\",\"Pal Arinsal\",\"VTT\",\"VTT XCC Pal Arinsal\"],\"articleSection\":[\"VTT\"],\"inLanguage\":\"fr-FR\",\"potentialAction\":[{\"@type\":\"CommentAction\",\"name\":\"Comment\",\"target\":[\"https:\/\/dicodusport.fr\/blog\/mondiaux-vtt-2024-puck-pieterse-championne-du-monde-xco-les-adieux-de-pauline-ferrand-prevot\/#respond\"]}],\"copyrightYear\":\"2024\",\"copyrightHolder\":{\"@id\":\"https:\/\/dicodusport.fr\/blog\/#organization\"}},{\"@type\":\"WebPage\",\"@id\":\"https:\/\/dicodusport.fr\/blog\/mondiaux-vtt-2024-puck-pieterse-championne-du-monde-xco-les-adieux-de-pauline-ferrand-prevot\/\",\"url\":\"https:\/\/dicodusport.fr\/blog\/mondiaux-vtt-2024-puck-pieterse-championne-du-monde-xco-les-adieux-de-pauline-ferrand-prevot\/\",\"name\":\"Mondiaux VTT 2024 : Puck Pieterse championne du monde XCO, les adieux de Pauline Ferrand-Pr\u00e9vot\",\"isPartOf\":{\"@id\":\"https:\/\/dicodusport.fr\/blog\/#website\"},\"primaryImageOfPage\":{\"@id\":\"https:\/\/dicodusport.fr\/blog\/mondiaux-vtt-2024-puck-pieterse-championne-du-monde-xco-les-adieux-de-pauline-ferrand-prevot\/#primaryimage\"},\"image\":{\"@id\":\"https:\/\/dicodusport.fr\/blog\/mondiaux-vtt-2024-puck-pieterse-championne-du-monde-xco-les-adieux-de-pauline-ferrand-prevot\/#primaryimage\"},\"thumbnailUrl\":\"https:\/\/dicodusport.fr\/blog\/wp-content\/uploads\/2024\/09\/Mondiaux-VTT-2024-Puck-Pieterse-championne-du-monde-XCO-les-adieux-de-Pauline-Ferrand-Prevot-2.png\",\"datePublished\":\"2024-09-01T09:32:48+00:00\",\"dateModified\":\"2024-09-01T15:05:35+00:00\",\"description\":\"Seule au monde ce dimanche \u00e0 Pal Arinsal (Andorre), la N\u00e9erlandaise Puck Pieterse s'est adjug\u00e9e le titre mondial XCO \u00c9lites.\",\"breadcrumb\":{\"@id\":\"https:\/\/dicodusport.fr\/blog\/mondiaux-vtt-2024-puck-pieterse-championne-du-monde-xco-les-adieux-de-pauline-ferrand-prevot\/#breadcrumb\"},\"inLanguage\":\"fr-FR\",\"potentialAction\":[{\"@type\":\"ReadAction\",\"target\":[\"https:\/\/dicodusport.fr\/blog\/mondiaux-vtt-2024-puck-pieterse-championne-du-monde-xco-les-adieux-de-pauline-ferrand-prevot\/\"]}]},{\"@type\":\"ImageObject\",\"inLanguage\":\"fr-FR\",\"@id\":\"https:\/\/dicodusport.fr\/blog\/mondiaux-vtt-2024-puck-pieterse-championne-du-monde-xco-les-adieux-de-pauline-ferrand-prevot\/#primaryimage\",\"url\":\"https:\/\/dicodusport.fr\/blog\/wp-content\/uploads\/2024\/09\/Mondiaux-VTT-2024-Puck-Pieterse-championne-du-monde-XCO-les-adieux-de-Pauline-Ferrand-Prevot-2.png\",\"contentUrl\":\"https:\/\/dicodusport.fr\/blog\/wp-content\/uploads\/2024\/09\/Mondiaux-VTT-2024-Puck-Pieterse-championne-du-monde-XCO-les-adieux-de-Pauline-Ferrand-Prevot-2.png\",\"width\":1200,\"height\":674,\"caption\":\"Mondiaux VTT 2024 Puck Pieterse championne du monde XCO, les adieux de Pauline Ferrand-Pr\u00e9vot (2)\"},{\"@type\":\"BreadcrumbList\",\"@id\":\"https:\/\/dicodusport.fr\/blog\/mondiaux-vtt-2024-puck-pieterse-championne-du-monde-xco-les-adieux-de-pauline-ferrand-prevot\/#breadcrumb\",\"itemListElement\":[{\"@type\":\"ListItem\",\"position\":1,\"name\":\"Accueil\",\"item\":\"https:\/\/dicodusport.fr\/blog\/\"},{\"@type\":\"ListItem\",\"position\":2,\"name\":\"Mondiaux VTT 2024 : Puck Pieterse championne du monde XCO, les adieux de Pauline Ferrand-Pr\u00e9vot\"}]},{\"@type\":\"WebSite\",\"@id\":\"https:\/\/dicodusport.fr\/blog\/#website\",\"url\":\"https:\/\/dicodusport.fr\/blog\/\",\"name\":\"Dicodusport\",\"description\":\"L&#039;encyclop\u00e9die de l&#039;actualit\u00e9 sportive\",\"publisher\":{\"@id\":\"https:\/\/dicodusport.fr\/blog\/#organization\"},\"potentialAction\":[{\"@type\":\"SearchAction\",\"target\":{\"@type\":\"EntryPoint\",\"urlTemplate\":\"https:\/\/dicodusport.fr\/blog\/?s={search_term_string}\"},\"query-input\":{\"@type\":\"PropertyValueSpecification\",\"valueRequired\":true,\"valueName\":\"search_term_string\"}}],\"inLanguage\":\"fr-FR\"},{\"@type\":\"NewsMediaOrganization\",\"@id\":\"https:\/\/dicodusport.fr\/blog\/#organization\",\"name\":\"Dicodusport\",\"url\":\"https:\/\/dicodusport.fr\/blog\/\",\"logo\":{\"@type\":\"ImageObject\",\"inLanguage\":\"fr-FR\",\"@id\":\"https:\/\/dicodusport.fr\/blog\/#\/schema\/logo\/image\/\",\"url\":\"https:\/\/dicodusport.fr\/blog\/wp-content\/uploads\/2020\/06\/cropped-LOGO-DICODUSPORT-2020-SANS-FOND-SANS-TEXTE.png\",\"contentUrl\":\"https:\/\/dicodusport.fr\/blog\/wp-content\/uploads\/2020\/06\/cropped-LOGO-DICODUSPORT-2020-SANS-FOND-SANS-TEXTE.png\",\"width\":512,\"height\":512,\"caption\":\"Dicodusport\"},\"image\":{\"@id\":\"https:\/\/dicodusport.fr\/blog\/#\/schema\/logo\/image\/\"},\"sameAs\":[\"https:\/\/www.facebook.com\/dicodusport\",\"https:\/\/x.com\/dicodusport\",\"https:\/\/www.instagram.com\/dicodusport\/\",\"https:\/\/www.youtube.com\/channel\/UC7V2KZ5sd3htJivAbA4ZG3w\"],\"description\":\"Dicodusport est l'encyclop\u00e9die de l'actualit\u00e9 sportive.\",\"email\":\"bonjour@dicodusport.fr\",\"legalName\":\"DICODUSPORT\",\"foundingDate\":\"2018-01-14\",\"vatID\":\"FR71834470973\",\"taxID\":\"83447097300043\",\"numberOfEmployees\":{\"@type\":\"QuantitativeValue\",\"minValue\":\"1\",\"maxValue\":\"10\"}},{\"@type\":\"Person\",\"@id\":\"https:\/\/dicodusport.fr\/blog\/#\/schema\/person\/cb02af4c173ce4a653b55e9baf388d4a\",\"name\":\"Flo Ostermann\",\"image\":{\"@type\":\"ImageObject\",\"inLanguage\":\"fr-FR\",\"@id\":\"https:\/\/dicodusport.fr\/blog\/#\/schema\/person\/image\/\",\"url\":\"https:\/\/dicodusport.fr\/blog\/wp-content\/uploads\/2021\/05\/Flo-Ostermann-150x150.jpg\",\"contentUrl\":\"https:\/\/dicodusport.fr\/blog\/wp-content\/uploads\/2021\/05\/Flo-Ostermann-150x150.jpg\",\"caption\":\"Flo Ostermann\"},\"description\":\"Journaliste\/R\u00e9dacteur depuis septembre 2015 - Mes premiers souvenirs dans le sport ? Les envol\u00e9es du Stade Toulousain et les duels Villeneuve-Schumacher et H\u00e4kkinen-Schumacher \u00e0 la fin des ann\u00e9es 90, la Coupe du monde de football en 1998, l\u2019exploit du XV de France face aux All Blacks en 1999, mais aussi Richard C\u0153ur de Lion qui vole sur les montagnes du Tour de France. Bien parti pour devenir professeur d\u2019EPS, les \u00e9v\u00e9nements de la vie (et la flemme d\u2019animer des s\u00e9ances de 3x500 m\u00e8tres toute ma vie) m\u2019ont conduit \u00e0 revoir mes plans. Me voil\u00e0 depuis fin 2017 sur Dicodusport, m\u00e9dia gr\u00e2ce (et pour) lequel je partage ma passion : le sport dans tous ses \u00e9tats. Le tout accompagn\u00e9 par les fous furieux et folles furieuses cit\u00e9s sur cette page !\",\"sameAs\":[\"https:\/\/www.facebook.com\/florent.ostermann\",\"https:\/\/x.com\/https:\/\/twitter.com\/FlOstermann\",\"admin\"],\"url\":\"https:\/\/dicodusport.fr\/blog\/author\/flo\/\"}]}<\/script>\n<!-- \/ Yoast SEO Premium plugin. -->","yoast_head_json":{"title":"Mondiaux VTT 2024 : Puck Pieterse championne du monde XCO, les adieux de Pauline Ferrand-Pr\u00e9vot","description":"Seule au monde ce dimanche \u00e0 Pal Arinsal (Andorre), la N\u00e9erlandaise Puck Pieterse s'est adjug\u00e9e le titre mondial XCO \u00c9lites.","robots":{"index":"index","follow":"follow","max-snippet":"max-snippet:-1","max-image-preview":"max-image-preview:large","max-video-preview":"max-video-preview:-1"},"canonical":"https:\/\/dicodusport.fr\/blog\/mondiaux-vtt-2024-puck-pieterse-championne-du-monde-xco-les-adieux-de-pauline-ferrand-prevot\/","og_locale":"fr_FR","og_type":"article","og_title":"Mondiaux VTT 2024 : Puck Pieterse championne du monde XCO, les adieux de Pauline Ferrand-Pr\u00e9vot","og_description":"Seule au monde ce dimanche \u00e0 Pal Arinsal (Andorre), la N\u00e9erlandaise Puck Pieterse s'est adjug\u00e9e le titre mondial XCO \u00c9lites.","og_url":"https:\/\/dicodusport.fr\/blog\/mondiaux-vtt-2024-puck-pieterse-championne-du-monde-xco-les-adieux-de-pauline-ferrand-prevot\/","og_site_name":"Dicodusport","article_publisher":"https:\/\/www.facebook.com\/dicodusport","article_author":"https:\/\/www.facebook.com\/florent.ostermann","article_published_time":"2024-09-01T09:32:48+00:00","article_modified_time":"2024-09-01T15:05:35+00:00","og_image":[{"width":1200,"height":674,"url":"https:\/\/dicodusport.fr\/blog\/wp-content\/uploads\/2024\/09\/Mondiaux-VTT-2024-Puck-Pieterse-championne-du-monde-XCO-les-adieux-de-Pauline-Ferrand-Prevot-2.png","type":"image\/png"}],"author":"Flo Ostermann","twitter_card":"summary_large_image","twitter_title":"Mondiaux VTT 2024 : Puck Pieterse championne du monde XCO, les adieux de Pauline Ferrand-Pr\u00e9vot","twitter_creator":"@https:\/\/twitter.com\/FlOstermann","twitter_site":"@dicodusport","schema":{"@context":"https:\/\/schema.org","@graph":[{"@type":"NewsArticle","@id":"https:\/\/dicodusport.fr\/blog\/mondiaux-vtt-2024-puck-pieterse-championne-du-monde-xco-les-adieux-de-pauline-ferrand-prevot\/#article","isPartOf":{"@id":"https:\/\/dicodusport.fr\/blog\/mondiaux-vtt-2024-puck-pieterse-championne-du-monde-xco-les-adieux-de-pauline-ferrand-prevot\/"},"author":{"name":"Flo Ostermann","@id":"https:\/\/dicodusport.fr\/blog\/#\/schema\/person\/cb02af4c173ce4a653b55e9baf388d4a"},"headline":"Mondiaux VTT 2024 : Puck Pieterse championne du monde XCO, les adieux de Pauline Ferrand-Pr\u00e9vot","datePublished":"2024-09-01T09:32:48+00:00","dateModified":"2024-09-01T15:05:35+00:00","mainEntityOfPage":{"@id":"https:\/\/dicodusport.fr\/blog\/mondiaux-vtt-2024-puck-pieterse-championne-du-monde-xco-les-adieux-de-pauline-ferrand-prevot\/"},"wordCount":493,"commentCount":0,"publisher":{"@id":"https:\/\/dicodusport.fr\/blog\/#organization"},"image":{"@id":"https:\/\/dicodusport.fr\/blog\/mondiaux-vtt-2024-puck-pieterse-championne-du-monde-xco-les-adieux-de-pauline-ferrand-prevot\/#primaryimage"},"thumbnailUrl":"https:\/\/dicodusport.fr\/blog\/wp-content\/uploads\/2024\/09\/Mondiaux-VTT-2024-Puck-Pieterse-championne-du-monde-XCO-les-adieux-de-Pauline-Ferrand-Prevot-2.png","keywords":["actu","br\u00e8ve","Pal Arinsal","VTT","VTT XCC Pal Arinsal"],"articleSection":["VTT"],"inLanguage":"fr-FR","potentialAction":[{"@type":"CommentAction","name":"Comment","target":["https:\/\/dicodusport.fr\/blog\/mondiaux-vtt-2024-puck-pieterse-championne-du-monde-xco-les-adieux-de-pauline-ferrand-prevot\/#respond"]}],"copyrightYear":"2024","copyrightHolder":{"@id":"https:\/\/dicodusport.fr\/blog\/#organization"}},{"@type":"WebPage","@id":"https:\/\/dicodusport.fr\/blog\/mondiaux-vtt-2024-puck-pieterse-championne-du-monde-xco-les-adieux-de-pauline-ferrand-prevot\/","url":"https:\/\/dicodusport.fr\/blog\/mondiaux-vtt-2024-puck-pieterse-championne-du-monde-xco-les-adieux-de-pauline-ferrand-prevot\/","name":"Mondiaux VTT 2024 : Puck Pieterse championne du monde XCO, les adieux de Pauline Ferrand-Pr\u00e9vot","isPartOf":{"@id":"https:\/\/dicodusport.fr\/blog\/#website"},"primaryImageOfPage":{"@id":"https:\/\/dicodusport.fr\/blog\/mondiaux-vtt-2024-puck-pieterse-championne-du-monde-xco-les-adieux-de-pauline-ferrand-prevot\/#primaryimage"},"image":{"@id":"https:\/\/dicodusport.fr\/blog\/mondiaux-vtt-2024-puck-pieterse-championne-du-monde-xco-les-adieux-de-pauline-ferrand-prevot\/#primaryimage"},"thumbnailUrl":"https:\/\/dicodusport.fr\/blog\/wp-content\/uploads\/2024\/09\/Mondiaux-VTT-2024-Puck-Pieterse-championne-du-monde-XCO-les-adieux-de-Pauline-Ferrand-Prevot-2.png","datePublished":"2024-09-01T09:32:48+00:00","dateModified":"2024-09-01T15:05:35+00:00","description":"Seule au monde ce dimanche \u00e0 Pal Arinsal (Andorre), la N\u00e9erlandaise Puck Pieterse s'est adjug\u00e9e le titre mondial XCO \u00c9lites.","breadcrumb":{"@id":"https:\/\/dicodusport.fr\/blog\/mondiaux-vtt-2024-puck-pieterse-championne-du-monde-xco-les-adieux-de-pauline-ferrand-prevot\/#breadcrumb"},"inLanguage":"fr-FR","potentialAction":[{"@type":"ReadAction","target":["https:\/\/dicodusport.fr\/blog\/mondiaux-vtt-2024-puck-pieterse-championne-du-monde-xco-les-adieux-de-pauline-ferrand-prevot\/"]}]},{"@type":"ImageObject","inLanguage":"fr-FR","@id":"https:\/\/dicodusport.fr\/blog\/mondiaux-vtt-2024-puck-pieterse-championne-du-monde-xco-les-adieux-de-pauline-ferrand-prevot\/#primaryimage","url":"https:\/\/dicodusport.fr\/blog\/wp-content\/uploads\/2024\/09\/Mondiaux-VTT-2024-Puck-Pieterse-championne-du-monde-XCO-les-adieux-de-Pauline-Ferrand-Prevot-2.png","contentUrl":"https:\/\/dicodusport.fr\/blog\/wp-content\/uploads\/2024\/09\/Mondiaux-VTT-2024-Puck-Pieterse-championne-du-monde-XCO-les-adieux-de-Pauline-Ferrand-Prevot-2.png","width":1200,"height":674,"caption":"Mondiaux VTT 2024 Puck Pieterse championne du monde XCO, les adieux de Pauline Ferrand-Pr\u00e9vot (2)"},{"@type":"BreadcrumbList","@id":"https:\/\/dicodusport.fr\/blog\/mondiaux-vtt-2024-puck-pieterse-championne-du-monde-xco-les-adieux-de-pauline-ferrand-prevot\/#breadcrumb","itemListElement":[{"@type":"ListItem","position":1,"name":"Accueil","item":"https:\/\/dicodusport.fr\/blog\/"},{"@type":"ListItem","position":2,"name":"Mondiaux VTT 2024 : Puck Pieterse championne du monde XCO, les adieux de Pauline Ferrand-Pr\u00e9vot"}]},{"@type":"WebSite","@id":"https:\/\/dicodusport.fr\/blog\/#website","url":"https:\/\/dicodusport.fr\/blog\/","name":"Dicodusport","description":"L&#039;encyclop\u00e9die de l&#039;actualit\u00e9 sportive","publisher":{"@id":"https:\/\/dicodusport.fr\/blog\/#organization"},"potentialAction":[{"@type":"SearchAction","target":{"@type":"EntryPoint","urlTemplate":"https:\/\/dicodusport.fr\/blog\/?s={search_term_string}"},"query-input":{"@type":"PropertyValueSpecification","valueRequired":true,"valueName":"search_term_string"}}],"inLanguage":"fr-FR"},{"@type":"NewsMediaOrganization","@id":"https:\/\/dicodusport.fr\/blog\/#organization","name":"Dicodusport","url":"https:\/\/dicodusport.fr\/blog\/","logo":{"@type":"ImageObject","inLanguage":"fr-FR","@id":"https:\/\/dicodusport.fr\/blog\/#\/schema\/logo\/image\/","url":"https:\/\/dicodusport.fr\/blog\/wp-content\/uploads\/2020\/06\/cropped-LOGO-DICODUSPORT-2020-SANS-FOND-SANS-TEXTE.png","contentUrl":"https:\/\/dicodusport.fr\/blog\/wp-content\/uploads\/2020\/06\/cropped-LOGO-DICODUSPORT-2020-SANS-FOND-SANS-TEXTE.png","width":512,"height":512,"caption":"Dicodusport"},"image":{"@id":"https:\/\/dicodusport.fr\/blog\/#\/schema\/logo\/image\/"},"sameAs":["https:\/\/www.facebook.com\/dicodusport","https:\/\/x.com\/dicodusport","https:\/\/www.instagram.com\/dicodusport\/","https:\/\/www.youtube.com\/channel\/UC7V2KZ5sd3htJivAbA4ZG3w"],"description":"Dicodusport est l'encyclop\u00e9die de l'actualit\u00e9 sportive.","email":"bonjour@dicodusport.fr","legalName":"DICODUSPORT","foundingDate":"2018-01-14","vatID":"FR71834470973","taxID":"83447097300043","numberOfEmployees":{"@type":"QuantitativeValue","minValue":"1","maxValue":"10"}},{"@type":"Person","@id":"https:\/\/dicodusport.fr\/blog\/#\/schema\/person\/cb02af4c173ce4a653b55e9baf388d4a","name":"Flo Ostermann","image":{"@type":"ImageObject","inLanguage":"fr-FR","@id":"https:\/\/dicodusport.fr\/blog\/#\/schema\/person\/image\/","url":"https:\/\/dicodusport.fr\/blog\/wp-content\/uploads\/2021\/05\/Flo-Ostermann-150x150.jpg","contentUrl":"https:\/\/dicodusport.fr\/blog\/wp-content\/uploads\/2021\/05\/Flo-Ostermann-150x150.jpg","caption":"Flo Ostermann"},"description":"Journaliste\/R\u00e9dacteur depuis septembre 2015 - Mes premiers souvenirs dans le sport ? Les envol\u00e9es du Stade Toulousain et les duels Villeneuve-Schumacher et H\u00e4kkinen-Schumacher \u00e0 la fin des ann\u00e9es 90, la Coupe du monde de football en 1998, l\u2019exploit du XV de France face aux All Blacks en 1999, mais aussi Richard C\u0153ur de Lion qui vole sur les montagnes du Tour de France. Bien parti pour devenir professeur d\u2019EPS, les \u00e9v\u00e9nements de la vie (et la flemme d\u2019animer des s\u00e9ances de 3x500 m\u00e8tres toute ma vie) m\u2019ont conduit \u00e0 revoir mes plans. Me voil\u00e0 depuis fin 2017 sur Dicodusport, m\u00e9dia gr\u00e2ce (et pour) lequel je partage ma passion : le sport dans tous ses \u00e9tats. Le tout accompagn\u00e9 par les fous furieux et folles furieuses cit\u00e9s sur cette page !","sameAs":["https:\/\/www.facebook.com\/florent.ostermann","https:\/\/x.com\/https:\/\/twitter.com\/FlOstermann","admin"],"url":"https:\/\/dicodusport.fr\/blog\/author\/flo\/"}]}},"_links":{"self":[{"href":"https:\/\/dicodusport.fr\/blog\/wp-json\/wp\/v2\/posts\/516771","targetHints":{"allow":["GET"]}}],"collection":[{"href":"https:\/\/dicodusport.fr\/blog\/wp-json\/wp\/v2\/posts"}],"about":[{"href":"https:\/\/dicodusport.fr\/blog\/wp-json\/wp\/v2\/types\/post"}],"author":[{"embeddable":true,"href":"https:\/\/dicodusport.fr\/blog\/wp-json\/wp\/v2\/users\/4"}],"replies":[{"embeddable":true,"href":"https:\/\/dicodusport.fr\/blog\/wp-json\/wp\/v2\/comments?post=516771"}],"version-history":[{"count":5,"href":"https:\/\/dicodusport.fr\/blog\/wp-json\/wp\/v2\/posts\/516771\/revisions"}],"predecessor-version":[{"id":516793,"href":"https:\/\/dicodusport.fr\/blog\/wp-json\/wp\/v2\/posts\/516771\/revisions\/516793"}],"wp:featuredmedia":[{"embeddable":true,"href":"https:\/\/dicodusport.fr\/blog\/wp-json\/wp\/v2\/media\/516912"}],"wp:attachment":[{"href":"https:\/\/dicodusport.fr\/blog\/wp-json\/wp\/v2\/media?parent=516771"}],"wp:term":[{"taxonomy":"category","embeddable":true,"href":"https:\/\/dicodusport.fr\/blog\/wp-json\/wp\/v2\/categories?post=516771"},{"taxonomy":"post_tag","embeddable":true,"href":"https:\/\/dicodusport.fr\/blog\/wp-json\/wp\/v2\/tags?post=516771"}],"curies":[{"name":"wp","href":"https:\/\/api.w.org\/{rel}","templated":true}]}}