{"id":516804,"date":"2024-09-01T13:12:41","date_gmt":"2024-09-01T11:12:41","guid":{"rendered":"https:\/\/dicodusport.fr\/blog\/?p=516804&#038;preview=true&#038;preview_id=516804"},"modified":"2024-09-01T17:03:05","modified_gmt":"2024-09-01T15:03:05","slug":"mondiaux-vtt-2024-victor-koretzky-vice-champion-du-monde-xco-alan-hatherly-sacre","status":"publish","type":"post","link":"https:\/\/dicodusport.fr\/blog\/mondiaux-vtt-2024-victor-koretzky-vice-champion-du-monde-xco-alan-hatherly-sacre\/","title":{"rendered":"Mondiaux VTT 2024 : Victor Koretzky vice-champion du monde XCO, Alan Hatherly sacr\u00e9"},"content":{"rendered":"<p style=\"text-align: justify;\"><strong><em>VTT CHAMPIONNATS DU MONDE 2024 &#8211; En or sur le XCC vendredi, Victor Koretzky a pris la m\u00e9daille d&rsquo;argent sur le format XCO, ce dimanche, \u00e0 Pal Arinsal (Andorre). Le titre est revenu au Sud-Africain Alan Hatherly. Tenant du titre, Tom Pidcock compl\u00e8te le podium.<\/em><\/strong><\/p>\n<ul>\n<li style=\"text-align: justify;\"><strong>\u00c0 ce sujet \u2013\u00a0<a href=\"https:\/\/dicodusport.fr\/blog\/programme-et-resultats-vtt-championnats-du-monde-2024\/\">Palmar\u00e8s et r\u00e9sultats VTT Championnats du monde 2024<\/a><\/strong><\/li>\n<\/ul>\n<p style=\"text-align: justify;\">Le bel \u00e9t\u00e9 se poursuit pour <strong>Victor Koretzky<\/strong> ! Vice-champion olympique il y a un mois, champion du monde XCC vendredi, le voil\u00e0 d\u00e9sormais vice-champion du monde XCO. \u00c0 <strong>Pal Arinsal<\/strong> (Andorre), le Fran\u00e7ais est tomb\u00e9 sur un os ce dimanche, sur le format olympique, en la personne du Sud-Africain <strong>Alan Hatherly<\/strong>.<\/p>\n<p style=\"text-align: justify;\">Ce dernier, en bronze sur le format court, il y a deux jours, confirme lui aussi son excellente dynamique. Vainqueur de la derni\u00e8re Coupe du monde aux Gets (France) d\u00e9but juillet, il s&rsquo;\u00e9tait, lui aussi, invit\u00e9 sur le podium des <strong>Jeux Olympiques<\/strong> \u00e0 \u00c9lancourt, avec la m\u00e9daille de bronze autour du cou. Le pilote du <em>Team Cannondal<\/em>e a port\u00e9 le coup de gr\u00e2ce lors de la derni\u00e8re des six boucles de la course du jour, laissant sur place <strong>Victor Koretzky<\/strong>. Troisi\u00e8me, on retrouve un certain <strong>Tom Pidcock<\/strong>, tenant du titre et r\u00e9cent (double) champion olympique. Le Britannique, loin d&rsquo;\u00eatre a\u00e9rien, s&rsquo;est assur\u00e9 n\u00e9anmoins un nouveau podium mondial.<\/p>\n<blockquote class=\"twitter-tweet\">\n<p dir=\"ltr\" lang=\"es\">DE SUD\u00c1FRICA AL \ud835\udde0\ud835\udde8\ud835\udde1\ud835\uddd7\ud835\udde2 \ud83c\uddff\ud83c\udde6<\/p>\n<p>\ud83e\udd47 Alan Hatherly se convierte en campe\u00f3n del mundo de Mountain Bike en <a href=\"https:\/\/twitter.com\/hashtag\/PalArinsalAndorra2024?src=hash&amp;ref_src=twsrc%5Etfw\">#PalArinsalAndorra2024<\/a> y da a su pa\u00eds la primera medalla de oro a su pa\u00eds en la modalidad<\/p>\n<p>\ud83e\udee1 Koretzky y Pidcock completan el podio <a href=\"https:\/\/t.co\/xF68YH2Q7o\">pic.twitter.com\/xF68YH2Q7o<\/a><\/p>\n<p>\u2014 Eurosport.es (@Eurosport_ES) <a href=\"https:\/\/twitter.com\/Eurosport_ES\/status\/1830202254604865849?ref_src=twsrc%5Etfw\">September 1, 2024<\/a><\/p><\/blockquote>\n<p><script async src=\"https:\/\/platform.twitter.com\/widgets.js\" charset=\"utf-8\"><\/script><\/p>\n<ul>\n<li style=\"text-align: justify;\"><strong>\u00c0 ce sujet \u2013\u00a0<a href=\"https:\/\/dicodusport.fr\/blog\/mondiaux-vtt-2024-classement-xco-hommes\/\">Mondiaux VTT 2024 \u2013 Classement XCO femmes<\/a><\/strong><\/li>\n<\/ul>\n<p style=\"text-align: justify;\">\n","protected":false},"excerpt":{"rendered":"<p>Victor Koretzky vice-champion du monde XCO, Alan Hatherly sacr\u00e9<\/p>\n","protected":false},"author":4,"featured_media":516909,"comment_status":"open","ping_status":"closed","sticky":false,"template":"","format":"standard","meta":{"_acf_changed":false,"_daextam_enable_autolinks":"1","footnotes":""},"categories":[10279],"tags":[32415,16878,41496,692,33854],"class_list":["post-516804","post","type-post","status-publish","format-standard","has-post-thumbnail","hentry","category-vtt","tag-actu","tag-breve","tag-pal-arinsal","tag-vtt","tag-vtt-xcc-pal-arinsal"],"acf":[],"yoast_head":"<!-- This site is optimized with the Yoast SEO Premium plugin v26.7 (Yoast SEO v26.7) - https:\/\/yoast.com\/wordpress\/plugins\/seo\/ -->\n<title>Mondiaux VTT 2024 : Victor Koretzky vice-champion du monde XCO, Alan Hatherly sacr\u00e9<\/title>\n<meta name=\"description\" content=\"En or sur le XCC vendredi, Victor Koretzky a pris la m\u00e9daille d&#039;argent sur le format XCO, ce dimanche, \u00e0 Pal Arinsal (Andorre).\" \/>\n<meta name=\"robots\" content=\"index, follow, max-snippet:-1, max-image-preview:large, max-video-preview:-1\" \/>\n<link rel=\"canonical\" href=\"https:\/\/dicodusport.fr\/blog\/mondiaux-vtt-2024-victor-koretzky-vice-champion-du-monde-xco-alan-hatherly-sacre\/\" \/>\n<meta property=\"og:locale\" content=\"fr_FR\" \/>\n<meta property=\"og:type\" content=\"article\" \/>\n<meta property=\"og:title\" content=\"Mondiaux VTT 2024 : Victor Koretzky vice-champion du monde XCO, Alan Hatherly sacr\u00e9\" \/>\n<meta property=\"og:description\" content=\"En or sur le XCC vendredi, Victor Koretzky a pris la m\u00e9daille d&#039;argent sur le format XCO, ce dimanche, \u00e0 Pal Arinsal (Andorre).\" \/>\n<meta property=\"og:url\" content=\"https:\/\/dicodusport.fr\/blog\/mondiaux-vtt-2024-victor-koretzky-vice-champion-du-monde-xco-alan-hatherly-sacre\/\" \/>\n<meta property=\"og:site_name\" content=\"Dicodusport\" \/>\n<meta property=\"article:publisher\" content=\"https:\/\/www.facebook.com\/dicodusport\" \/>\n<meta property=\"article:author\" content=\"https:\/\/www.facebook.com\/florent.ostermann\" \/>\n<meta property=\"article:published_time\" content=\"2024-09-01T11:12:41+00:00\" \/>\n<meta property=\"article:modified_time\" content=\"2024-09-01T15:03:05+00:00\" \/>\n<meta property=\"og:image\" content=\"https:\/\/dicodusport.fr\/blog\/wp-content\/uploads\/2024\/09\/Mondiaux-VTT-2024-Victor-Koretzky-vice-champion-du-monde-XCO-Alan-Hatherly-sacre-2.png\" \/>\n\t<meta property=\"og:image:width\" content=\"1200\" \/>\n\t<meta property=\"og:image:height\" content=\"674\" \/>\n\t<meta property=\"og:image:type\" content=\"image\/png\" \/>\n<meta name=\"author\" content=\"Flo Ostermann\" \/>\n<meta name=\"twitter:card\" content=\"summary_large_image\" \/>\n<meta name=\"twitter:title\" content=\"Mondiaux VTT 2024 : Victor Koretzky vice-champion du monde XCO, Alan Hatherly sacr\u00e9\" \/>\n<meta name=\"twitter:creator\" content=\"@https:\/\/twitter.com\/FlOstermann\" \/>\n<meta name=\"twitter:site\" content=\"@dicodusport\" \/>\n<script type=\"application\/ld+json\" class=\"yoast-schema-graph\">{\"@context\":\"https:\/\/schema.org\",\"@graph\":[{\"@type\":\"NewsArticle\",\"@id\":\"https:\/\/dicodusport.fr\/blog\/mondiaux-vtt-2024-victor-koretzky-vice-champion-du-monde-xco-alan-hatherly-sacre\/#article\",\"isPartOf\":{\"@id\":\"https:\/\/dicodusport.fr\/blog\/mondiaux-vtt-2024-victor-koretzky-vice-champion-du-monde-xco-alan-hatherly-sacre\/\"},\"author\":{\"name\":\"Flo Ostermann\",\"@id\":\"https:\/\/dicodusport.fr\/blog\/#\/schema\/person\/cb02af4c173ce4a653b55e9baf388d4a\"},\"headline\":\"Mondiaux VTT 2024 : Victor Koretzky vice-champion du monde XCO, Alan Hatherly sacr\u00e9\",\"datePublished\":\"2024-09-01T11:12:41+00:00\",\"dateModified\":\"2024-09-01T15:03:05+00:00\",\"mainEntityOfPage\":{\"@id\":\"https:\/\/dicodusport.fr\/blog\/mondiaux-vtt-2024-victor-koretzky-vice-champion-du-monde-xco-alan-hatherly-sacre\/\"},\"wordCount\":299,\"commentCount\":0,\"publisher\":{\"@id\":\"https:\/\/dicodusport.fr\/blog\/#organization\"},\"image\":{\"@id\":\"https:\/\/dicodusport.fr\/blog\/mondiaux-vtt-2024-victor-koretzky-vice-champion-du-monde-xco-alan-hatherly-sacre\/#primaryimage\"},\"thumbnailUrl\":\"https:\/\/dicodusport.fr\/blog\/wp-content\/uploads\/2024\/09\/Mondiaux-VTT-2024-Victor-Koretzky-vice-champion-du-monde-XCO-Alan-Hatherly-sacre-2.png\",\"keywords\":[\"actu\",\"br\u00e8ve\",\"Pal Arinsal\",\"VTT\",\"VTT XCC Pal Arinsal\"],\"articleSection\":[\"VTT\"],\"inLanguage\":\"fr-FR\",\"potentialAction\":[{\"@type\":\"CommentAction\",\"name\":\"Comment\",\"target\":[\"https:\/\/dicodusport.fr\/blog\/mondiaux-vtt-2024-victor-koretzky-vice-champion-du-monde-xco-alan-hatherly-sacre\/#respond\"]}],\"copyrightYear\":\"2024\",\"copyrightHolder\":{\"@id\":\"https:\/\/dicodusport.fr\/blog\/#organization\"}},{\"@type\":\"WebPage\",\"@id\":\"https:\/\/dicodusport.fr\/blog\/mondiaux-vtt-2024-victor-koretzky-vice-champion-du-monde-xco-alan-hatherly-sacre\/\",\"url\":\"https:\/\/dicodusport.fr\/blog\/mondiaux-vtt-2024-victor-koretzky-vice-champion-du-monde-xco-alan-hatherly-sacre\/\",\"name\":\"Mondiaux VTT 2024 : Victor Koretzky vice-champion du monde XCO, Alan Hatherly sacr\u00e9\",\"isPartOf\":{\"@id\":\"https:\/\/dicodusport.fr\/blog\/#website\"},\"primaryImageOfPage\":{\"@id\":\"https:\/\/dicodusport.fr\/blog\/mondiaux-vtt-2024-victor-koretzky-vice-champion-du-monde-xco-alan-hatherly-sacre\/#primaryimage\"},\"image\":{\"@id\":\"https:\/\/dicodusport.fr\/blog\/mondiaux-vtt-2024-victor-koretzky-vice-champion-du-monde-xco-alan-hatherly-sacre\/#primaryimage\"},\"thumbnailUrl\":\"https:\/\/dicodusport.fr\/blog\/wp-content\/uploads\/2024\/09\/Mondiaux-VTT-2024-Victor-Koretzky-vice-champion-du-monde-XCO-Alan-Hatherly-sacre-2.png\",\"datePublished\":\"2024-09-01T11:12:41+00:00\",\"dateModified\":\"2024-09-01T15:03:05+00:00\",\"description\":\"En or sur le XCC vendredi, Victor Koretzky a pris la m\u00e9daille d'argent sur le format XCO, ce dimanche, \u00e0 Pal Arinsal (Andorre).\",\"breadcrumb\":{\"@id\":\"https:\/\/dicodusport.fr\/blog\/mondiaux-vtt-2024-victor-koretzky-vice-champion-du-monde-xco-alan-hatherly-sacre\/#breadcrumb\"},\"inLanguage\":\"fr-FR\",\"potentialAction\":[{\"@type\":\"ReadAction\",\"target\":[\"https:\/\/dicodusport.fr\/blog\/mondiaux-vtt-2024-victor-koretzky-vice-champion-du-monde-xco-alan-hatherly-sacre\/\"]}]},{\"@type\":\"ImageObject\",\"inLanguage\":\"fr-FR\",\"@id\":\"https:\/\/dicodusport.fr\/blog\/mondiaux-vtt-2024-victor-koretzky-vice-champion-du-monde-xco-alan-hatherly-sacre\/#primaryimage\",\"url\":\"https:\/\/dicodusport.fr\/blog\/wp-content\/uploads\/2024\/09\/Mondiaux-VTT-2024-Victor-Koretzky-vice-champion-du-monde-XCO-Alan-Hatherly-sacre-2.png\",\"contentUrl\":\"https:\/\/dicodusport.fr\/blog\/wp-content\/uploads\/2024\/09\/Mondiaux-VTT-2024-Victor-Koretzky-vice-champion-du-monde-XCO-Alan-Hatherly-sacre-2.png\",\"width\":1200,\"height\":674,\"caption\":\"Mondiaux VTT 2024 Victor Koretzky vice-champion du monde XCO, Alan Hatherly sacr\u00e9 (2)\"},{\"@type\":\"BreadcrumbList\",\"@id\":\"https:\/\/dicodusport.fr\/blog\/mondiaux-vtt-2024-victor-koretzky-vice-champion-du-monde-xco-alan-hatherly-sacre\/#breadcrumb\",\"itemListElement\":[{\"@type\":\"ListItem\",\"position\":1,\"name\":\"Accueil\",\"item\":\"https:\/\/dicodusport.fr\/blog\/\"},{\"@type\":\"ListItem\",\"position\":2,\"name\":\"Mondiaux VTT 2024 : Victor Koretzky vice-champion du monde XCO, Alan Hatherly sacr\u00e9\"}]},{\"@type\":\"WebSite\",\"@id\":\"https:\/\/dicodusport.fr\/blog\/#website\",\"url\":\"https:\/\/dicodusport.fr\/blog\/\",\"name\":\"Dicodusport\",\"description\":\"L&#039;encyclop\u00e9die de l&#039;actualit\u00e9 sportive\",\"publisher\":{\"@id\":\"https:\/\/dicodusport.fr\/blog\/#organization\"},\"potentialAction\":[{\"@type\":\"SearchAction\",\"target\":{\"@type\":\"EntryPoint\",\"urlTemplate\":\"https:\/\/dicodusport.fr\/blog\/?s={search_term_string}\"},\"query-input\":{\"@type\":\"PropertyValueSpecification\",\"valueRequired\":true,\"valueName\":\"search_term_string\"}}],\"inLanguage\":\"fr-FR\"},{\"@type\":\"NewsMediaOrganization\",\"@id\":\"https:\/\/dicodusport.fr\/blog\/#organization\",\"name\":\"Dicodusport\",\"url\":\"https:\/\/dicodusport.fr\/blog\/\",\"logo\":{\"@type\":\"ImageObject\",\"inLanguage\":\"fr-FR\",\"@id\":\"https:\/\/dicodusport.fr\/blog\/#\/schema\/logo\/image\/\",\"url\":\"https:\/\/dicodusport.fr\/blog\/wp-content\/uploads\/2020\/06\/cropped-LOGO-DICODUSPORT-2020-SANS-FOND-SANS-TEXTE.png\",\"contentUrl\":\"https:\/\/dicodusport.fr\/blog\/wp-content\/uploads\/2020\/06\/cropped-LOGO-DICODUSPORT-2020-SANS-FOND-SANS-TEXTE.png\",\"width\":512,\"height\":512,\"caption\":\"Dicodusport\"},\"image\":{\"@id\":\"https:\/\/dicodusport.fr\/blog\/#\/schema\/logo\/image\/\"},\"sameAs\":[\"https:\/\/www.facebook.com\/dicodusport\",\"https:\/\/x.com\/dicodusport\",\"https:\/\/www.instagram.com\/dicodusport\/\",\"https:\/\/www.youtube.com\/channel\/UC7V2KZ5sd3htJivAbA4ZG3w\"],\"description\":\"Dicodusport est l'encyclop\u00e9die de l'actualit\u00e9 sportive.\",\"email\":\"bonjour@dicodusport.fr\",\"legalName\":\"DICODUSPORT\",\"foundingDate\":\"2018-01-14\",\"vatID\":\"FR71834470973\",\"taxID\":\"83447097300043\",\"numberOfEmployees\":{\"@type\":\"QuantitativeValue\",\"minValue\":\"1\",\"maxValue\":\"10\"}},{\"@type\":\"Person\",\"@id\":\"https:\/\/dicodusport.fr\/blog\/#\/schema\/person\/cb02af4c173ce4a653b55e9baf388d4a\",\"name\":\"Flo Ostermann\",\"image\":{\"@type\":\"ImageObject\",\"inLanguage\":\"fr-FR\",\"@id\":\"https:\/\/dicodusport.fr\/blog\/#\/schema\/person\/image\/\",\"url\":\"https:\/\/dicodusport.fr\/blog\/wp-content\/uploads\/2021\/05\/Flo-Ostermann-150x150.jpg\",\"contentUrl\":\"https:\/\/dicodusport.fr\/blog\/wp-content\/uploads\/2021\/05\/Flo-Ostermann-150x150.jpg\",\"caption\":\"Flo Ostermann\"},\"description\":\"Journaliste\/R\u00e9dacteur depuis septembre 2015 - Mes premiers souvenirs dans le sport ? Les envol\u00e9es du Stade Toulousain et les duels Villeneuve-Schumacher et H\u00e4kkinen-Schumacher \u00e0 la fin des ann\u00e9es 90, la Coupe du monde de football en 1998, l\u2019exploit du XV de France face aux All Blacks en 1999, mais aussi Richard C\u0153ur de Lion qui vole sur les montagnes du Tour de France. Bien parti pour devenir professeur d\u2019EPS, les \u00e9v\u00e9nements de la vie (et la flemme d\u2019animer des s\u00e9ances de 3x500 m\u00e8tres toute ma vie) m\u2019ont conduit \u00e0 revoir mes plans. Me voil\u00e0 depuis fin 2017 sur Dicodusport, m\u00e9dia gr\u00e2ce (et pour) lequel je partage ma passion : le sport dans tous ses \u00e9tats. Le tout accompagn\u00e9 par les fous furieux et folles furieuses cit\u00e9s sur cette page !\",\"sameAs\":[\"https:\/\/www.facebook.com\/florent.ostermann\",\"https:\/\/x.com\/https:\/\/twitter.com\/FlOstermann\",\"admin\"],\"url\":\"https:\/\/dicodusport.fr\/blog\/author\/flo\/\"}]}<\/script>\n<!-- \/ Yoast SEO Premium plugin. -->","yoast_head_json":{"title":"Mondiaux VTT 2024 : Victor Koretzky vice-champion du monde XCO, Alan Hatherly sacr\u00e9","description":"En or sur le XCC vendredi, Victor Koretzky a pris la m\u00e9daille d'argent sur le format XCO, ce dimanche, \u00e0 Pal Arinsal (Andorre).","robots":{"index":"index","follow":"follow","max-snippet":"max-snippet:-1","max-image-preview":"max-image-preview:large","max-video-preview":"max-video-preview:-1"},"canonical":"https:\/\/dicodusport.fr\/blog\/mondiaux-vtt-2024-victor-koretzky-vice-champion-du-monde-xco-alan-hatherly-sacre\/","og_locale":"fr_FR","og_type":"article","og_title":"Mondiaux VTT 2024 : Victor Koretzky vice-champion du monde XCO, Alan Hatherly sacr\u00e9","og_description":"En or sur le XCC vendredi, Victor Koretzky a pris la m\u00e9daille d'argent sur le format XCO, ce dimanche, \u00e0 Pal Arinsal (Andorre).","og_url":"https:\/\/dicodusport.fr\/blog\/mondiaux-vtt-2024-victor-koretzky-vice-champion-du-monde-xco-alan-hatherly-sacre\/","og_site_name":"Dicodusport","article_publisher":"https:\/\/www.facebook.com\/dicodusport","article_author":"https:\/\/www.facebook.com\/florent.ostermann","article_published_time":"2024-09-01T11:12:41+00:00","article_modified_time":"2024-09-01T15:03:05+00:00","og_image":[{"width":1200,"height":674,"url":"https:\/\/dicodusport.fr\/blog\/wp-content\/uploads\/2024\/09\/Mondiaux-VTT-2024-Victor-Koretzky-vice-champion-du-monde-XCO-Alan-Hatherly-sacre-2.png","type":"image\/png"}],"author":"Flo Ostermann","twitter_card":"summary_large_image","twitter_title":"Mondiaux VTT 2024 : Victor Koretzky vice-champion du monde XCO, Alan Hatherly sacr\u00e9","twitter_creator":"@https:\/\/twitter.com\/FlOstermann","twitter_site":"@dicodusport","schema":{"@context":"https:\/\/schema.org","@graph":[{"@type":"NewsArticle","@id":"https:\/\/dicodusport.fr\/blog\/mondiaux-vtt-2024-victor-koretzky-vice-champion-du-monde-xco-alan-hatherly-sacre\/#article","isPartOf":{"@id":"https:\/\/dicodusport.fr\/blog\/mondiaux-vtt-2024-victor-koretzky-vice-champion-du-monde-xco-alan-hatherly-sacre\/"},"author":{"name":"Flo Ostermann","@id":"https:\/\/dicodusport.fr\/blog\/#\/schema\/person\/cb02af4c173ce4a653b55e9baf388d4a"},"headline":"Mondiaux VTT 2024 : Victor Koretzky vice-champion du monde XCO, Alan Hatherly sacr\u00e9","datePublished":"2024-09-01T11:12:41+00:00","dateModified":"2024-09-01T15:03:05+00:00","mainEntityOfPage":{"@id":"https:\/\/dicodusport.fr\/blog\/mondiaux-vtt-2024-victor-koretzky-vice-champion-du-monde-xco-alan-hatherly-sacre\/"},"wordCount":299,"commentCount":0,"publisher":{"@id":"https:\/\/dicodusport.fr\/blog\/#organization"},"image":{"@id":"https:\/\/dicodusport.fr\/blog\/mondiaux-vtt-2024-victor-koretzky-vice-champion-du-monde-xco-alan-hatherly-sacre\/#primaryimage"},"thumbnailUrl":"https:\/\/dicodusport.fr\/blog\/wp-content\/uploads\/2024\/09\/Mondiaux-VTT-2024-Victor-Koretzky-vice-champion-du-monde-XCO-Alan-Hatherly-sacre-2.png","keywords":["actu","br\u00e8ve","Pal Arinsal","VTT","VTT XCC Pal Arinsal"],"articleSection":["VTT"],"inLanguage":"fr-FR","potentialAction":[{"@type":"CommentAction","name":"Comment","target":["https:\/\/dicodusport.fr\/blog\/mondiaux-vtt-2024-victor-koretzky-vice-champion-du-monde-xco-alan-hatherly-sacre\/#respond"]}],"copyrightYear":"2024","copyrightHolder":{"@id":"https:\/\/dicodusport.fr\/blog\/#organization"}},{"@type":"WebPage","@id":"https:\/\/dicodusport.fr\/blog\/mondiaux-vtt-2024-victor-koretzky-vice-champion-du-monde-xco-alan-hatherly-sacre\/","url":"https:\/\/dicodusport.fr\/blog\/mondiaux-vtt-2024-victor-koretzky-vice-champion-du-monde-xco-alan-hatherly-sacre\/","name":"Mondiaux VTT 2024 : Victor Koretzky vice-champion du monde XCO, Alan Hatherly sacr\u00e9","isPartOf":{"@id":"https:\/\/dicodusport.fr\/blog\/#website"},"primaryImageOfPage":{"@id":"https:\/\/dicodusport.fr\/blog\/mondiaux-vtt-2024-victor-koretzky-vice-champion-du-monde-xco-alan-hatherly-sacre\/#primaryimage"},"image":{"@id":"https:\/\/dicodusport.fr\/blog\/mondiaux-vtt-2024-victor-koretzky-vice-champion-du-monde-xco-alan-hatherly-sacre\/#primaryimage"},"thumbnailUrl":"https:\/\/dicodusport.fr\/blog\/wp-content\/uploads\/2024\/09\/Mondiaux-VTT-2024-Victor-Koretzky-vice-champion-du-monde-XCO-Alan-Hatherly-sacre-2.png","datePublished":"2024-09-01T11:12:41+00:00","dateModified":"2024-09-01T15:03:05+00:00","description":"En or sur le XCC vendredi, Victor Koretzky a pris la m\u00e9daille d'argent sur le format XCO, ce dimanche, \u00e0 Pal Arinsal (Andorre).","breadcrumb":{"@id":"https:\/\/dicodusport.fr\/blog\/mondiaux-vtt-2024-victor-koretzky-vice-champion-du-monde-xco-alan-hatherly-sacre\/#breadcrumb"},"inLanguage":"fr-FR","potentialAction":[{"@type":"ReadAction","target":["https:\/\/dicodusport.fr\/blog\/mondiaux-vtt-2024-victor-koretzky-vice-champion-du-monde-xco-alan-hatherly-sacre\/"]}]},{"@type":"ImageObject","inLanguage":"fr-FR","@id":"https:\/\/dicodusport.fr\/blog\/mondiaux-vtt-2024-victor-koretzky-vice-champion-du-monde-xco-alan-hatherly-sacre\/#primaryimage","url":"https:\/\/dicodusport.fr\/blog\/wp-content\/uploads\/2024\/09\/Mondiaux-VTT-2024-Victor-Koretzky-vice-champion-du-monde-XCO-Alan-Hatherly-sacre-2.png","contentUrl":"https:\/\/dicodusport.fr\/blog\/wp-content\/uploads\/2024\/09\/Mondiaux-VTT-2024-Victor-Koretzky-vice-champion-du-monde-XCO-Alan-Hatherly-sacre-2.png","width":1200,"height":674,"caption":"Mondiaux VTT 2024 Victor Koretzky vice-champion du monde XCO, Alan Hatherly sacr\u00e9 (2)"},{"@type":"BreadcrumbList","@id":"https:\/\/dicodusport.fr\/blog\/mondiaux-vtt-2024-victor-koretzky-vice-champion-du-monde-xco-alan-hatherly-sacre\/#breadcrumb","itemListElement":[{"@type":"ListItem","position":1,"name":"Accueil","item":"https:\/\/dicodusport.fr\/blog\/"},{"@type":"ListItem","position":2,"name":"Mondiaux VTT 2024 : Victor Koretzky vice-champion du monde XCO, Alan Hatherly sacr\u00e9"}]},{"@type":"WebSite","@id":"https:\/\/dicodusport.fr\/blog\/#website","url":"https:\/\/dicodusport.fr\/blog\/","name":"Dicodusport","description":"L&#039;encyclop\u00e9die de l&#039;actualit\u00e9 sportive","publisher":{"@id":"https:\/\/dicodusport.fr\/blog\/#organization"},"potentialAction":[{"@type":"SearchAction","target":{"@type":"EntryPoint","urlTemplate":"https:\/\/dicodusport.fr\/blog\/?s={search_term_string}"},"query-input":{"@type":"PropertyValueSpecification","valueRequired":true,"valueName":"search_term_string"}}],"inLanguage":"fr-FR"},{"@type":"NewsMediaOrganization","@id":"https:\/\/dicodusport.fr\/blog\/#organization","name":"Dicodusport","url":"https:\/\/dicodusport.fr\/blog\/","logo":{"@type":"ImageObject","inLanguage":"fr-FR","@id":"https:\/\/dicodusport.fr\/blog\/#\/schema\/logo\/image\/","url":"https:\/\/dicodusport.fr\/blog\/wp-content\/uploads\/2020\/06\/cropped-LOGO-DICODUSPORT-2020-SANS-FOND-SANS-TEXTE.png","contentUrl":"https:\/\/dicodusport.fr\/blog\/wp-content\/uploads\/2020\/06\/cropped-LOGO-DICODUSPORT-2020-SANS-FOND-SANS-TEXTE.png","width":512,"height":512,"caption":"Dicodusport"},"image":{"@id":"https:\/\/dicodusport.fr\/blog\/#\/schema\/logo\/image\/"},"sameAs":["https:\/\/www.facebook.com\/dicodusport","https:\/\/x.com\/dicodusport","https:\/\/www.instagram.com\/dicodusport\/","https:\/\/www.youtube.com\/channel\/UC7V2KZ5sd3htJivAbA4ZG3w"],"description":"Dicodusport est l'encyclop\u00e9die de l'actualit\u00e9 sportive.","email":"bonjour@dicodusport.fr","legalName":"DICODUSPORT","foundingDate":"2018-01-14","vatID":"FR71834470973","taxID":"83447097300043","numberOfEmployees":{"@type":"QuantitativeValue","minValue":"1","maxValue":"10"}},{"@type":"Person","@id":"https:\/\/dicodusport.fr\/blog\/#\/schema\/person\/cb02af4c173ce4a653b55e9baf388d4a","name":"Flo Ostermann","image":{"@type":"ImageObject","inLanguage":"fr-FR","@id":"https:\/\/dicodusport.fr\/blog\/#\/schema\/person\/image\/","url":"https:\/\/dicodusport.fr\/blog\/wp-content\/uploads\/2021\/05\/Flo-Ostermann-150x150.jpg","contentUrl":"https:\/\/dicodusport.fr\/blog\/wp-content\/uploads\/2021\/05\/Flo-Ostermann-150x150.jpg","caption":"Flo Ostermann"},"description":"Journaliste\/R\u00e9dacteur depuis septembre 2015 - Mes premiers souvenirs dans le sport ? Les envol\u00e9es du Stade Toulousain et les duels Villeneuve-Schumacher et H\u00e4kkinen-Schumacher \u00e0 la fin des ann\u00e9es 90, la Coupe du monde de football en 1998, l\u2019exploit du XV de France face aux All Blacks en 1999, mais aussi Richard C\u0153ur de Lion qui vole sur les montagnes du Tour de France. Bien parti pour devenir professeur d\u2019EPS, les \u00e9v\u00e9nements de la vie (et la flemme d\u2019animer des s\u00e9ances de 3x500 m\u00e8tres toute ma vie) m\u2019ont conduit \u00e0 revoir mes plans. Me voil\u00e0 depuis fin 2017 sur Dicodusport, m\u00e9dia gr\u00e2ce (et pour) lequel je partage ma passion : le sport dans tous ses \u00e9tats. Le tout accompagn\u00e9 par les fous furieux et folles furieuses cit\u00e9s sur cette page !","sameAs":["https:\/\/www.facebook.com\/florent.ostermann","https:\/\/x.com\/https:\/\/twitter.com\/FlOstermann","admin"],"url":"https:\/\/dicodusport.fr\/blog\/author\/flo\/"}]}},"_links":{"self":[{"href":"https:\/\/dicodusport.fr\/blog\/wp-json\/wp\/v2\/posts\/516804","targetHints":{"allow":["GET"]}}],"collection":[{"href":"https:\/\/dicodusport.fr\/blog\/wp-json\/wp\/v2\/posts"}],"about":[{"href":"https:\/\/dicodusport.fr\/blog\/wp-json\/wp\/v2\/types\/post"}],"author":[{"embeddable":true,"href":"https:\/\/dicodusport.fr\/blog\/wp-json\/wp\/v2\/users\/4"}],"replies":[{"embeddable":true,"href":"https:\/\/dicodusport.fr\/blog\/wp-json\/wp\/v2\/comments?post=516804"}],"version-history":[{"count":5,"href":"https:\/\/dicodusport.fr\/blog\/wp-json\/wp\/v2\/posts\/516804\/revisions"}],"predecessor-version":[{"id":516910,"href":"https:\/\/dicodusport.fr\/blog\/wp-json\/wp\/v2\/posts\/516804\/revisions\/516910"}],"wp:featuredmedia":[{"embeddable":true,"href":"https:\/\/dicodusport.fr\/blog\/wp-json\/wp\/v2\/media\/516909"}],"wp:attachment":[{"href":"https:\/\/dicodusport.fr\/blog\/wp-json\/wp\/v2\/media?parent=516804"}],"wp:term":[{"taxonomy":"category","embeddable":true,"href":"https:\/\/dicodusport.fr\/blog\/wp-json\/wp\/v2\/categories?post=516804"},{"taxonomy":"post_tag","embeddable":true,"href":"https:\/\/dicodusport.fr\/blog\/wp-json\/wp\/v2\/tags?post=516804"}],"curies":[{"name":"wp","href":"https:\/\/api.w.org\/{rel}","templated":true}]}}