{"id":516845,"date":"2024-09-01T16:22:13","date_gmt":"2024-09-01T14:22:13","guid":{"rendered":"https:\/\/dicodusport.fr\/blog\/?p=516845&#038;preview=true&#038;preview_id=516845"},"modified":"2024-09-01T17:16:44","modified_gmt":"2024-09-01T15:16:44","slug":"f1-monza-classement-du-grand-prix-ditalie-2024","status":"publish","type":"post","link":"https:\/\/dicodusport.fr\/blog\/f1-monza-classement-du-grand-prix-ditalie-2024\/","title":{"rendered":"F1 Monza &#8211; Classement du Grand Prix d&rsquo;Italie 2024"},"content":{"rendered":"<p style=\"text-align: justify;\"><b><i><em>F1 \u2013 GRAND PRIX D&rsquo;ITALIE 2024 \u2013<\/em> Retrouvez le classement complet du Grand Prix de Monza 2024, qui a eu lieu ce dimanche 1er septembre 2024.<\/i><\/b><\/p>\n<ul>\n<li style=\"text-align: justify;\"><strong>\u00c0 ce sujet &#8211;\u00a0<a title=\"F1 GP d\u2019Italie 2024 : Horaires, programme TV et r\u00e9sultats\" href=\"https:\/\/dicodusport.fr\/blog\/f1-gp-ditalie-2024-horaires-programme-tv-et-resultats\/\" rel=\"\">F1 GP d&rsquo;Italie 2024 : Les r\u00e9sultats complets<\/a><\/strong><\/li>\n<\/ul>\n<h2 style=\"text-align: justify;\">Classement du Grand Prix d&rsquo;Italie 2024<\/h2>\n<div class=\"su-table su-table-alternate\">\n<table style=\"width: 800px;border-collapse: collapse\" border=\"1\">\n<tbody>\n<tr style=\"height: 24px\">\n<td style=\"border-color: #ebebeb;height: 24px;text-align: center;width: 80px;vertical-align: middle\">\ud83c\udfc6<\/td>\n<td style=\"border-color: #ebebeb;height: 24px;text-align: center;width: 500px;vertical-align: middle\"><span style=\"font-size: 0.9em\"><strong>PILOTES<\/strong><\/span><\/td>\n<td style=\"border-color: #ebebeb;height: 24px;text-align: center;width: 220px;vertical-align: middle\"><span style=\"font-size: 0.9em\"><strong>TEMPS<br \/>\n<\/strong><\/span><\/td>\n<\/tr>\n<tr>\n<td style=\"border-color: #ebebeb;text-align: center;width: 80px;vertical-align: middle\"><span style=\"font-size: 0.9em\">1.<\/span><\/td>\n<td style=\"border-color: #ebebeb;text-align: center;width: 500px;vertical-align: middle\"><span style=\"font-size: 0.9em\"><strong><img decoding=\"async\" src=\"https:\/\/cdn-5.motorsport.com\/images\/vcl\/B2G3eV29\/s2\/ferrari-sf-24-4.png\" \/><br \/>\n\ud83c\uddf2\ud83c\udde8 CHARLES LECLERC<br \/>\n<\/strong><span style=\"font-size: 0.8em\">FERRARI<\/span><\/span><\/td>\n<td style=\"border-color: #ebebeb;text-align: center;width: 220px;vertical-align: middle\"><strong><span style=\"font-size: 0.9em\">1h14m40.727s<\/span><\/strong><\/td>\n<\/tr>\n<tr style=\"height: 24px\">\n<td style=\"border-color: #ebebeb;height: 24px;text-align: center;width: 80px;vertical-align: middle\"><span style=\"font-size: 0.9em\">2.<\/span><\/td>\n<td style=\"border-color: #ebebeb;text-align: center;width: 500px;vertical-align: middle\"><span style=\"font-size: 0.9em\"><strong><img decoding=\"async\" src=\"https:\/\/cdn-8.motorsport.com\/images\/vcl\/qYKlrX6Z\/s2\/mclaren-mercedes-mcl38-12.png\" \/><br \/>\n\ud83c\udde6\ud83c\uddfa OSCAR PIASTRI<br \/>\n<\/strong><span style=\"font-size: 0.8em\">MCLAREN<\/span><\/span><\/td>\n<td style=\"border-color: #ebebeb;text-align: center;width: 220px;vertical-align: middle\"><strong><span style=\"font-size: 0.9em\">+2.664s<\/span><\/strong><\/td>\n<\/tr>\n<tr>\n<td style=\"border-color: #ebebeb;text-align: center;width: 80px;vertical-align: middle\"><span style=\"font-size: 0.9em\">3.<\/span><\/td>\n<td style=\"border-color: #ebebeb;text-align: center;width: 500px;vertical-align: middle\"><span style=\"font-size: 0.9em\"><strong><img decoding=\"async\" src=\"https:\/\/cdn-8.motorsport.com\/images\/vcl\/qYKlrX6Z\/s2\/mclaren-mercedes-mcl38-12.png\" \/><br \/>\n\ud83c\uddec\ud83c\udde7 LANDO NORRIS \u23f1<br \/>\n<\/strong><span style=\"font-size: 0.8em\">MCLAREN<\/span><\/span><\/td>\n<td style=\"border-color: #ebebeb;text-align: center;width: 220px;vertical-align: middle\"><strong><span style=\"font-size: 0.9em\">+6.153s<\/span><\/strong><\/td>\n<\/tr>\n<tr>\n<td style=\"border-color: #ebebeb;text-align: center;width: 80px;vertical-align: middle\"><span style=\"font-size: 0.9em\">4.<\/span><\/td>\n<td style=\"border-color: #ebebeb;text-align: center;width: 500px;vertical-align: middle\"><span style=\"font-size: 0.9em\"><strong><img decoding=\"async\" src=\"https:\/\/cdn-5.motorsport.com\/images\/vcl\/B2G3eV29\/s2\/ferrari-sf-24-4.png\" \/><br \/>\n\ud83c\uddea\ud83c\uddf8 CARLOS SAINZ<br \/>\n<\/strong><span style=\"font-size: 0.8em\">FERRARI<\/span><\/span><\/td>\n<td style=\"border-color: #ebebeb;text-align: center;width: 220px;vertical-align: middle\"><strong><span style=\"font-size: 0.9em\">+15.621s<\/span><\/strong><\/td>\n<\/tr>\n<tr>\n<td style=\"border-color: #ebebeb;text-align: center;width: 80px;vertical-align: middle\"><span style=\"font-size: 0.9em\">5.<\/span><\/td>\n<td style=\"border-color: #ebebeb;height: 24px;text-align: center;width: 500px;vertical-align: middle\"><span style=\"font-size: 0.9em\"><strong><img decoding=\"async\" src=\"https:\/\/cdn-8.motorsport.com\/images\/vcl\/OYvDJv0V\/s2\/mercedes-f1-w15-4.png\" \/><br \/>\n\ud83c\uddec\ud83c\udde7 LEWIS HAMILTON<br \/>\n<\/strong><span style=\"font-size: 0.8em\">MERCEDES<\/span><\/span><\/td>\n<td style=\"border-color: #ebebeb;text-align: center;width: 220px;vertical-align: middle\"><strong><span style=\"font-size: 0.9em\">+22.820s<\/span><\/strong><\/td>\n<\/tr>\n<tr>\n<td style=\"border-color: #ebebeb;text-align: center;width: 80px;vertical-align: middle\"><span style=\"font-size: 0.9em\">6.<\/span><\/td>\n<td style=\"border-color: #ebebeb;text-align: center;width: 500px;vertical-align: middle\"><span style=\"font-size: 0.9em\"><strong><img decoding=\"async\" src=\"https:\/\/cdn-5.motorsport.com\/images\/vcl\/86AX5qYb\/s2\/red-bull-racing-honda-rbpt-rb2-4.png\" \/><br \/>\n\ud83c\uddf3\ud83c\uddf1 MAX VERSTAPPEN<br \/>\n<\/strong><span style=\"font-size: 0.8em\">RED BULL<\/span><\/span><\/td>\n<td style=\"border-color: #ebebeb;text-align: center;width: 220px;vertical-align: middle\"><strong><span style=\"font-size: 0.9em\">+37.932s<\/span><\/strong><\/td>\n<\/tr>\n<tr>\n<td style=\"border-color: #ebebeb;text-align: center;width: 80px;vertical-align: middle\"><span style=\"font-size: 0.9em\">7.<\/span><\/td>\n<td style=\"border-color: #ebebeb;text-align: center;width: 500px;vertical-align: middle\"><span style=\"font-size: 0.9em\"><strong><img decoding=\"async\" src=\"https:\/\/cdn-8.motorsport.com\/images\/vcl\/OYvDJv0V\/s2\/mercedes-f1-w15-4.png\" \/><br \/>\n\ud83c\uddec\ud83c\udde7 GEORGE RUSSELL<br \/>\n<\/strong><span style=\"font-size: 0.8em\">MERCEDES<\/span><\/span><\/td>\n<td style=\"border-color: #ebebeb;text-align: center;width: 220px;vertical-align: middle\"><strong><span style=\"font-size: 0.9em\">+39.715s<\/span><\/strong><\/td>\n<\/tr>\n<tr>\n<td style=\"border-color: #ebebeb;text-align: center;width: 80px;vertical-align: middle\"><span style=\"font-size: 0.9em\">8.<\/span><\/td>\n<td style=\"border-color: #ebebeb;text-align: center;width: 500px;vertical-align: middle\"><span style=\"font-size: 0.9em\"><strong><img decoding=\"async\" src=\"https:\/\/cdn-5.motorsport.com\/images\/vcl\/86AX5qYb\/s2\/red-bull-racing-honda-rbpt-rb2-4.png\" \/><br \/>\n\ud83c\uddf2\ud83c\uddfd SERGIO PEREZ<br \/>\n<\/strong><span style=\"font-size: 0.8em\">RED BULL<\/span><\/span><\/td>\n<td style=\"border-color: #ebebeb;text-align: center;width: 220px;vertical-align: middle\"><strong><span style=\"font-size: 0.9em\">+54.148s<\/span><\/strong><\/td>\n<\/tr>\n<tr>\n<td style=\"border-color: #ebebeb;text-align: center;width: 80px;vertical-align: middle\"><span style=\"font-size: 0.9em\">9.<\/span><\/td>\n<td style=\"border-color: #ebebeb;text-align: center;width: 500px;vertical-align: middle\"><span style=\"font-size: 0.9em\"><strong><img decoding=\"async\" src=\"https:\/\/cdn-2.motorsport.com\/images\/vcl\/56lw1NYN\/s2\/williams-mercedes-fw46-7.png\" \/><br \/>\n\ud83c\uddf9\ud83c\udded ALEXANDER ALBON<br \/>\n<\/strong><span style=\"font-size: 0.8em\">WILLIAMS<\/span><\/span><\/td>\n<td style=\"border-color: #ebebeb;text-align: center;width: 220px;vertical-align: middle\"><strong><span style=\"font-size: 0.9em\">+1m07.456s<\/span><\/strong><\/td>\n<\/tr>\n<tr>\n<td style=\"border-color: #ebebeb;text-align: center;width: 80px;vertical-align: middle\"><span style=\"font-size: 0.9em\">10.<\/span><\/td>\n<td style=\"border-color: #ebebeb;text-align: center;width: 500px;vertical-align: middle\"><span style=\"font-size: 0.9em\"><strong><img decoding=\"async\" src=\"https:\/\/cdn-8.motorsport.com\/images\/vcl\/G2ewVm6o\/s2\/haas-ferrari-vf-24-2.png\" \/><br \/>\n\ud83c\udde9\ud83c\uddf0 KEVIN MAGNUSSEN<br \/>\n<\/strong><span style=\"font-size: 0.8em\">HAAS<\/span><\/span><\/td>\n<td style=\"border-color: #ebebeb;text-align: center;width: 220px;vertical-align: middle\"><strong><span style=\"font-size: 0.9em\">+1m08.302s<\/span><\/strong><\/td>\n<\/tr>\n<tr>\n<td style=\"border-color: #ebebeb;text-align: center;width: 80px;vertical-align: middle\"><span style=\"font-size: 0.9em\">11<\/span><span style=\"font-size: 0.9em\">.<\/span><\/td>\n<td style=\"border-color: #ebebeb;text-align: center;width: 500px;vertical-align: middle\"><span style=\"font-size: 0.9em\"><strong><img decoding=\"async\" src=\"https:\/\/cdn-1.motorsport.com\/images\/vcl\/z0qrww2N\/s2\/aston-martin-aramco-mercedes-a-4.png\" \/><br \/>\n\ud83c\uddea\ud83c\uddf8 FERNANDO ALONSO<br \/>\n<\/strong><span style=\"font-size: 1.0em\"><span style=\"font-size: 0.8em\">ASTON MARTIN<\/span><\/span><\/span><\/td>\n<td style=\"border-color: #ebebeb;text-align: center;width: 220px;vertical-align: middle\"><strong><span style=\"font-size: 0.9em\">+1m08.495s<\/span><\/strong><\/td>\n<\/tr>\n<tr>\n<td style=\"border-color: #ebebeb;text-align: center;width: 80px;vertical-align: middle\"><span style=\"font-size: 0.9em\">12.<\/span><\/td>\n<td style=\"border-color: #ebebeb;text-align: center;width: 500px;vertical-align: middle\"><span style=\"font-size: 0.9em\"><strong><img decoding=\"async\" src=\"https:\/\/cdn-2.motorsport.com\/images\/vcl\/56lw1NYN\/s2\/williams-mercedes-fw46-7.png\" \/><br \/>\n\ud83c\udde6\ud83c\uddf7 FRANCO COLAPINTO<br \/>\n<\/strong><span style=\"font-size: 0.8em\">WILLIAMS<\/span><\/span><\/td>\n<td style=\"border-color: #ebebeb;text-align: center;width: 220px;vertical-align: middle\"><strong><span style=\"font-size: 0.9em\">+1m21.308s<\/span><\/strong><\/td>\n<\/tr>\n<tr>\n<td style=\"border-color: #ebebeb;text-align: center;width: 80px;vertical-align: middle\"><span style=\"font-size: 0.9em\">13.<\/span><\/td>\n<td style=\"border-color: #ebebeb;text-align: center;width: 500px;vertical-align: middle\"><span style=\"font-size: 0.9em\"><strong><span style=\"font-size: 1.0em\"><img decoding=\"async\" src=\"https:\/\/cdn-3.motorsport.com\/images\/vcl\/G0owmo0k\/s2\/rb-honda-rbpt-2.png\" \/><\/span><br \/>\n<\/strong><strong>\ud83c\udde6\ud83c\uddfa DANIEL RICCIARDO<br \/>\n<\/strong><span style=\"font-size: 0.8em\">RB<\/span><\/span><\/td>\n<td style=\"border-color: #ebebeb;text-align: center;width: 220px;vertical-align: middle\"><strong><span style=\"font-size: 0.9em\">+1m33.452s<\/span><\/strong><\/td>\n<\/tr>\n<tr>\n<td style=\"border-color: #ebebeb;text-align: center;width: 80px;vertical-align: middle\"><span style=\"font-size: 0.9em\">14.<\/span><\/td>\n<td style=\"border-color: #ebebeb;text-align: center;width: 500px;vertical-align: middle\"><span style=\"font-size: 0.9em\"><strong><img decoding=\"async\" src=\"https:\/\/cdn-2.motorsport.com\/images\/vcl\/p2wygp6Q\/s2\/alpine-renault-a524-4.png\" \/><br \/>\n\ud83c\uddeb\ud83c\uddf7 ESTEBAN OCON<br \/>\n<\/strong><span style=\"font-size: 0.8em\">ALPINE<\/span><\/span><\/td>\n<td style=\"border-color: #ebebeb;text-align: center;width: 220px;vertical-align: middle\"><strong><span style=\"font-size: 0.9em\">+1 tour<\/span><\/strong><\/td>\n<\/tr>\n<tr style=\"height: 24px\">\n<td style=\"border-color: #ebebeb;height: 24px;text-align: center;width: 80px;vertical-align: middle\"><span style=\"font-size: 0.9em\">15.<\/span><\/td>\n<td style=\"border-color: #ebebeb;height: 24px;text-align: center;width: 500px;vertical-align: middle\"><span style=\"font-size: 0.9em\"><strong><img decoding=\"async\" src=\"https:\/\/cdn-2.motorsport.com\/images\/vcl\/p2wygp6Q\/s2\/alpine-renault-a524-4.png\" \/><br \/>\n\ud83c\uddeb\ud83c\uddf7 PIERRE GASLY<br \/>\n<\/strong><span style=\"font-size: 0.8em\">ALPINE<\/span><\/span><\/td>\n<td style=\"border-color: #ebebeb;text-align: center;width: 220px;vertical-align: middle\"><strong><span style=\"font-size: 0.9em\">+1 tour<\/span><\/strong><\/td>\n<\/tr>\n<tr>\n<td style=\"border-color: #ebebeb;text-align: center;width: 80px;vertical-align: middle\"><span style=\"font-size: 0.9em\">16.<\/span><\/td>\n<td style=\"border-color: #ebebeb;text-align: center;width: 500px;vertical-align: middle\"><span style=\"font-size: 0.9em\"><strong><img decoding=\"async\" src=\"https:\/\/cdn-7.motorsport.com\/images\/vcl\/X0kv1l6d\/s2\/kick-sauber-ferrari-c44.png\" \/><br \/>\n\ud83c\uddeb\ud83c\uddee VALTTERI BOTTAS<br \/>\n<\/strong><span style=\"font-size: 0.8em\">KICK SAUBER<\/span><\/span><\/td>\n<td style=\"border-color: #ebebeb;text-align: center;width: 220px;vertical-align: middle\"><strong><span style=\"font-size: 0.9em\">+1 tour<\/span><\/strong><\/td>\n<\/tr>\n<tr>\n<td style=\"border-color: #ebebeb;text-align: center;width: 80px;vertical-align: middle\"><span style=\"font-size: 0.9em\">17.<\/span><\/td>\n<td style=\"border-color: #ebebeb;text-align: center;width: 500px;vertical-align: middle\"><span style=\"font-size: 0.9em\"><strong><img decoding=\"async\" src=\"https:\/\/cdn-8.motorsport.com\/images\/vcl\/G2ewVm6o\/s2\/haas-ferrari-vf-24-2.png\" \/><br \/>\n\ud83c\udde9\ud83c\uddea NICO H\u00dcLKENBERG<br \/>\n<\/strong><span style=\"font-size: 0.8em\">HAAS<\/span><\/span><\/td>\n<td style=\"border-color: #ebebeb;text-align: center;width: 220px;vertical-align: middle\"><strong><span style=\"font-size: 0.9em\">+1 tour<\/span><\/strong><\/td>\n<\/tr>\n<tr>\n<td style=\"border-color: #ebebeb;text-align: center;width: 80px;vertical-align: middle\"><span style=\"font-size: 0.9em\">18<\/span><span style=\"font-size: 0.9em\">.<\/span><\/td>\n<td style=\"border-color: #ebebeb;text-align: center;width: 500px;vertical-align: middle\"><span style=\"font-size: 0.9em\"><strong><img decoding=\"async\" src=\"https:\/\/cdn-7.motorsport.com\/images\/vcl\/X0kv1l6d\/s2\/kick-sauber-ferrari-c44.png\" \/><br \/>\n\ud83c\udde8\ud83c\uddf3 GUANYU ZHOU<br \/>\n<\/strong><span style=\"font-size: 0.8em\">KICK SAUBER<\/span><\/span><\/td>\n<td style=\"border-color: #ebebeb;text-align: center;width: 220px;vertical-align: middle\"><strong><span style=\"font-size: 0.9em\">+1 tour<\/span><\/strong><\/td>\n<\/tr>\n<tr>\n<td style=\"border-color: #ebebeb;text-align: center;width: 80px;vertical-align: middle\"><span style=\"font-size: 0.9em\">19.<\/span><\/td>\n<td style=\"border-color: #ebebeb;text-align: center;width: 500px;vertical-align: middle\"><span style=\"font-size: 0.9em\"><strong><img decoding=\"async\" src=\"https:\/\/cdn-1.motorsport.com\/images\/vcl\/z0qrww2N\/s2\/aston-martin-aramco-mercedes-a-4.png\" \/><br \/>\n\ud83c\udde8\ud83c\udde6 LANCE STROLL<br \/>\n<\/strong><span style=\"font-size: 1.0em\"><span style=\"font-size: 0.8em\">ASTON MARTIN<\/span><\/span><\/span><\/td>\n<td style=\"border-color: #ebebeb;text-align: center;width: 220px;vertical-align: middle\"><strong><span style=\"font-size: 0.9em\">+1 tour<\/span><\/strong><\/td>\n<\/tr>\n<tr>\n<td style=\"border-color: #ebebeb;text-align: center;width: 80px;vertical-align: middle\"><span style=\"font-size: 0.9em\">20.<\/span><\/td>\n<td style=\"border-color: #ebebeb;text-align: center;width: 500px;vertical-align: middle\"><span style=\"font-size: 0.9em\"><strong><img decoding=\"async\" src=\"https:\/\/cdn-3.motorsport.com\/images\/vcl\/G0owmo0k\/s2\/rb-honda-rbpt-2.png\" \/><br \/>\n\ud83c\uddef\ud83c\uddf5 YUKI TSUNODA<br \/>\n<\/strong><span style=\"font-size: 0.8em\">RB<\/span><\/span><\/td>\n<td style=\"border-color: #ebebeb;text-align: center;width: 220px;vertical-align: middle\"><strong><span style=\"font-size: 0.9em\">DNF<\/span><\/strong><\/td>\n<\/tr>\n<\/tbody>\n<\/table>\n<\/div>\n<p style=\"text-align: justify;\"><span style=\"font-size: 0.9em;\"><strong>\u23f1 <em>Meilleur Tour<\/em><\/strong><\/span><\/p>\n<h2>\u00c0 ce sujet<\/h2>\n<ul>\n<li style=\"text-align: justify;\"><a href=\"https:\/\/dicodusport.fr\/blog\/f1-classement-championnat-du-monde-des-pilotes-2024\/\"><strong>Le classement du championnat du monde des pilotes<\/strong><\/a><\/li>\n<li style=\"text-align: justify;\"><a href=\"https:\/\/dicodusport.fr\/blog\/f1-classement-championnat-du-monde-des-constructeurs-2024\/\"><strong>Le classement du championnat du monde des constructeurs<\/strong><\/a><\/li>\n<li style=\"text-align: justify;\"><strong><a href=\"https:\/\/dicodusport.fr\/blog\/calendrier-f1-2024-dates-et-horaires-des-grands-prix\/\">Calendrier F1 2024 : Dates et horaires des Grands Prix<\/a><\/strong><\/li>\n<\/ul>\n<div class=\"vlp-link-container vlp-layout-article\"><a href=\"https:\/\/dicodusport.fr\/blog\/les-salaires-des-pilotes-de-f1-en-2024\/\" class=\"vlp-link\" title=\"Les salaires des pilotes de F1 en 2024\" rel=\"nofollow\" target=\"_blank\"><\/a><div class=\"vlp-layout-zone-side\"><div class=\"vlp-block-4 vlp-link-image\"><img decoding=\"async\" src=\"https:\/\/dicodusport.fr\/blog\/wp-content\/uploads\/2024\/02\/Les-salaires-des-pilotes-de-F1-en-2024-1000x600.png\" style=\"max-width: 800px; max-height: 800px\" \/><\/div><\/div><div class=\"vlp-layout-zone-main\"><div class=\"vlp-block-0 vlp-link-title\">Les salaires des pilotes de F1 en 2024<\/div><div class=\"vlp-block-1 vlp-link-summary\">F1 2024 - R\u00e9cemment, Forbes a d\u00e9voil\u00e9 les salaires des pilotes de F1 pour la saison 2024.<\/div><div class=\"vlp-block-2 vlp-link-button\">Lire l'article<\/div><div class=\"vlp-block-3 vlp-link-url\">dicodusport.fr<\/div><\/div><\/div>\n","protected":false},"excerpt":{"rendered":"<p>F1 \u2013 GRAND PRIX D&rsquo;ITALIE 2024 \u2013 Retrouvez le classement complet du Grand Prix de Monza 2024, qui a eu lieu ce dimanche 1er septembre 2024.<\/p>\n","protected":false},"author":2,"featured_media":516853,"comment_status":"open","ping_status":"closed","sticky":false,"template":"","format":"standard","meta":{"_acf_changed":false,"_daextam_enable_autolinks":"1","footnotes":""},"categories":[8653],"tags":[16878,19140,19141],"class_list":["post-516845","post","type-post","status-publish","format-standard","has-post-thumbnail","hentry","category-formule-1","tag-breve","tag-f1-italie","tag-grand-prix-ditalie-f1"],"acf":[],"yoast_head":"<!-- This site is optimized with the Yoast SEO Premium plugin v26.7 (Yoast SEO v26.7) - https:\/\/yoast.com\/wordpress\/plugins\/seo\/ -->\n<title>F1 Monza - Classement du Grand Prix d&#039;Italie 2024<\/title>\n<meta name=\"description\" content=\"F1 \u2013 GRAND PRIX D&#039;ITALIE 2024 \u2013 Retrouvez le classement complet du Grand Prix de Monza 2024, qui a eu lieu ce dimanche 1er septembre 2024.\" \/>\n<meta name=\"robots\" content=\"index, follow, max-snippet:-1, max-image-preview:large, max-video-preview:-1\" \/>\n<link rel=\"canonical\" href=\"https:\/\/dicodusport.fr\/blog\/f1-monza-classement-du-grand-prix-ditalie-2024\/\" \/>\n<meta property=\"og:locale\" content=\"fr_FR\" \/>\n<meta property=\"og:type\" content=\"article\" \/>\n<meta property=\"og:title\" content=\"F1 Monza - Classement du Grand Prix d&#039;Italie 2024\" \/>\n<meta property=\"og:description\" content=\"F1 \u2013 GRAND PRIX D&#039;ITALIE 2024 \u2013 Retrouvez le classement complet du Grand Prix de Monza 2024, qui a eu lieu ce dimanche 1er septembre 2024.\" \/>\n<meta property=\"og:url\" content=\"https:\/\/dicodusport.fr\/blog\/f1-monza-classement-du-grand-prix-ditalie-2024\/\" \/>\n<meta property=\"og:site_name\" content=\"Dicodusport\" \/>\n<meta property=\"article:publisher\" content=\"https:\/\/www.facebook.com\/dicodusport\" \/>\n<meta property=\"article:published_time\" content=\"2024-09-01T14:22:13+00:00\" \/>\n<meta property=\"article:modified_time\" content=\"2024-09-01T15:16:44+00:00\" \/>\n<meta property=\"og:image\" content=\"https:\/\/dicodusport.fr\/blog\/wp-content\/uploads\/2024\/09\/F1-Monza-Classement-du-Grand-Prix-dItalie-2024.png\" \/>\n\t<meta property=\"og:image:width\" content=\"1200\" \/>\n\t<meta property=\"og:image:height\" content=\"674\" \/>\n\t<meta property=\"og:image:type\" content=\"image\/png\" \/>\n<meta name=\"author\" content=\"Benjamin Cots\" \/>\n<meta name=\"twitter:card\" content=\"summary_large_image\" \/>\n<meta name=\"twitter:title\" content=\"F1 Monza - Classement du Grand Prix d&#039;Italie 2024\" \/>\n<meta name=\"twitter:creator\" content=\"@https:\/\/twitter.com\/BenjaminCots\" \/>\n<meta name=\"twitter:site\" content=\"@dicodusport\" \/>\n<script type=\"application\/ld+json\" class=\"yoast-schema-graph\">{\"@context\":\"https:\/\/schema.org\",\"@graph\":[{\"@type\":\"NewsArticle\",\"@id\":\"https:\/\/dicodusport.fr\/blog\/f1-monza-classement-du-grand-prix-ditalie-2024\/#article\",\"isPartOf\":{\"@id\":\"https:\/\/dicodusport.fr\/blog\/f1-monza-classement-du-grand-prix-ditalie-2024\/\"},\"author\":{\"name\":\"Benjamin Cots\",\"@id\":\"https:\/\/dicodusport.fr\/blog\/#\/schema\/person\/0c141de963d8493840348bb7df193da4\"},\"headline\":\"F1 Monza &#8211; Classement du Grand Prix d&rsquo;Italie 2024\",\"datePublished\":\"2024-09-01T14:22:13+00:00\",\"dateModified\":\"2024-09-01T15:16:44+00:00\",\"mainEntityOfPage\":{\"@id\":\"https:\/\/dicodusport.fr\/blog\/f1-monza-classement-du-grand-prix-ditalie-2024\/\"},\"wordCount\":245,\"commentCount\":0,\"publisher\":{\"@id\":\"https:\/\/dicodusport.fr\/blog\/#organization\"},\"image\":{\"@id\":\"https:\/\/dicodusport.fr\/blog\/f1-monza-classement-du-grand-prix-ditalie-2024\/#primaryimage\"},\"thumbnailUrl\":\"https:\/\/dicodusport.fr\/blog\/wp-content\/uploads\/2024\/09\/F1-Monza-Classement-du-Grand-Prix-dItalie-2024.png\",\"keywords\":[\"br\u00e8ve\",\"F1 Italie\",\"Grand Prix d'Italie F1\"],\"articleSection\":[\"Formule 1\"],\"inLanguage\":\"fr-FR\",\"potentialAction\":[{\"@type\":\"CommentAction\",\"name\":\"Comment\",\"target\":[\"https:\/\/dicodusport.fr\/blog\/f1-monza-classement-du-grand-prix-ditalie-2024\/#respond\"]}],\"copyrightYear\":\"2024\",\"copyrightHolder\":{\"@id\":\"https:\/\/dicodusport.fr\/blog\/#organization\"}},{\"@type\":\"WebPage\",\"@id\":\"https:\/\/dicodusport.fr\/blog\/f1-monza-classement-du-grand-prix-ditalie-2024\/\",\"url\":\"https:\/\/dicodusport.fr\/blog\/f1-monza-classement-du-grand-prix-ditalie-2024\/\",\"name\":\"F1 Monza - Classement du Grand Prix d'Italie 2024\",\"isPartOf\":{\"@id\":\"https:\/\/dicodusport.fr\/blog\/#website\"},\"primaryImageOfPage\":{\"@id\":\"https:\/\/dicodusport.fr\/blog\/f1-monza-classement-du-grand-prix-ditalie-2024\/#primaryimage\"},\"image\":{\"@id\":\"https:\/\/dicodusport.fr\/blog\/f1-monza-classement-du-grand-prix-ditalie-2024\/#primaryimage\"},\"thumbnailUrl\":\"https:\/\/dicodusport.fr\/blog\/wp-content\/uploads\/2024\/09\/F1-Monza-Classement-du-Grand-Prix-dItalie-2024.png\",\"datePublished\":\"2024-09-01T14:22:13+00:00\",\"dateModified\":\"2024-09-01T15:16:44+00:00\",\"description\":\"F1 \u2013 GRAND PRIX D'ITALIE 2024 \u2013 Retrouvez le classement complet du Grand Prix de Monza 2024, qui a eu lieu ce dimanche 1er septembre 2024.\",\"breadcrumb\":{\"@id\":\"https:\/\/dicodusport.fr\/blog\/f1-monza-classement-du-grand-prix-ditalie-2024\/#breadcrumb\"},\"inLanguage\":\"fr-FR\",\"potentialAction\":[{\"@type\":\"ReadAction\",\"target\":[\"https:\/\/dicodusport.fr\/blog\/f1-monza-classement-du-grand-prix-ditalie-2024\/\"]}]},{\"@type\":\"ImageObject\",\"inLanguage\":\"fr-FR\",\"@id\":\"https:\/\/dicodusport.fr\/blog\/f1-monza-classement-du-grand-prix-ditalie-2024\/#primaryimage\",\"url\":\"https:\/\/dicodusport.fr\/blog\/wp-content\/uploads\/2024\/09\/F1-Monza-Classement-du-Grand-Prix-dItalie-2024.png\",\"contentUrl\":\"https:\/\/dicodusport.fr\/blog\/wp-content\/uploads\/2024\/09\/F1-Monza-Classement-du-Grand-Prix-dItalie-2024.png\",\"width\":1200,\"height\":674,\"caption\":\"F1 Monza - Classement du Grand Prix d'Italie 2024\"},{\"@type\":\"BreadcrumbList\",\"@id\":\"https:\/\/dicodusport.fr\/blog\/f1-monza-classement-du-grand-prix-ditalie-2024\/#breadcrumb\",\"itemListElement\":[{\"@type\":\"ListItem\",\"position\":1,\"name\":\"Accueil\",\"item\":\"https:\/\/dicodusport.fr\/blog\/\"},{\"@type\":\"ListItem\",\"position\":2,\"name\":\"F1 Monza &#8211; Classement du Grand Prix d&#8217;Italie 2024\"}]},{\"@type\":\"WebSite\",\"@id\":\"https:\/\/dicodusport.fr\/blog\/#website\",\"url\":\"https:\/\/dicodusport.fr\/blog\/\",\"name\":\"Dicodusport\",\"description\":\"L&#039;encyclop\u00e9die de l&#039;actualit\u00e9 sportive\",\"publisher\":{\"@id\":\"https:\/\/dicodusport.fr\/blog\/#organization\"},\"potentialAction\":[{\"@type\":\"SearchAction\",\"target\":{\"@type\":\"EntryPoint\",\"urlTemplate\":\"https:\/\/dicodusport.fr\/blog\/?s={search_term_string}\"},\"query-input\":{\"@type\":\"PropertyValueSpecification\",\"valueRequired\":true,\"valueName\":\"search_term_string\"}}],\"inLanguage\":\"fr-FR\"},{\"@type\":\"NewsMediaOrganization\",\"@id\":\"https:\/\/dicodusport.fr\/blog\/#organization\",\"name\":\"Dicodusport\",\"url\":\"https:\/\/dicodusport.fr\/blog\/\",\"logo\":{\"@type\":\"ImageObject\",\"inLanguage\":\"fr-FR\",\"@id\":\"https:\/\/dicodusport.fr\/blog\/#\/schema\/logo\/image\/\",\"url\":\"https:\/\/dicodusport.fr\/blog\/wp-content\/uploads\/2020\/06\/cropped-LOGO-DICODUSPORT-2020-SANS-FOND-SANS-TEXTE.png\",\"contentUrl\":\"https:\/\/dicodusport.fr\/blog\/wp-content\/uploads\/2020\/06\/cropped-LOGO-DICODUSPORT-2020-SANS-FOND-SANS-TEXTE.png\",\"width\":512,\"height\":512,\"caption\":\"Dicodusport\"},\"image\":{\"@id\":\"https:\/\/dicodusport.fr\/blog\/#\/schema\/logo\/image\/\"},\"sameAs\":[\"https:\/\/www.facebook.com\/dicodusport\",\"https:\/\/x.com\/dicodusport\",\"https:\/\/www.instagram.com\/dicodusport\/\",\"https:\/\/www.youtube.com\/channel\/UC7V2KZ5sd3htJivAbA4ZG3w\"],\"description\":\"Dicodusport est l'encyclop\u00e9die de l'actualit\u00e9 sportive.\",\"email\":\"bonjour@dicodusport.fr\",\"legalName\":\"DICODUSPORT\",\"foundingDate\":\"2018-01-14\",\"vatID\":\"FR71834470973\",\"taxID\":\"83447097300043\",\"numberOfEmployees\":{\"@type\":\"QuantitativeValue\",\"minValue\":\"1\",\"maxValue\":\"10\"}},{\"@type\":\"Person\",\"@id\":\"https:\/\/dicodusport.fr\/blog\/#\/schema\/person\/0c141de963d8493840348bb7df193da4\",\"name\":\"Benjamin Cots\",\"image\":{\"@type\":\"ImageObject\",\"inLanguage\":\"fr-FR\",\"@id\":\"https:\/\/dicodusport.fr\/blog\/#\/schema\/person\/image\/\",\"url\":\"https:\/\/dicodusport.fr\/blog\/wp-content\/uploads\/2021\/04\/Maillot-Benji-Dicodusport-150x150.png\",\"contentUrl\":\"https:\/\/dicodusport.fr\/blog\/wp-content\/uploads\/2021\/04\/Maillot-Benji-Dicodusport-150x150.png\",\"caption\":\"Benjamin Cots\"},\"description\":\"Footballeur et fan des Girondins de Bordeaux depuis mon plus jeune \u00e2ge, le foot et le sport en g\u00e9n\u00e9ral ont rythm\u00e9 ma vie. Apr\u00e8s des \u00e9tudes en informatique, la cr\u00e9ation de Dicodusport \u00e9tait le parfait m\u00e9lange pour allier mes deux passions.\",\"sameAs\":[\"https:\/\/x.com\/https:\/\/twitter.com\/BenjaminCots\"],\"url\":\"https:\/\/dicodusport.fr\/blog\/author\/admin\/\"}]}<\/script>\n<!-- \/ Yoast SEO Premium plugin. -->","yoast_head_json":{"title":"F1 Monza - Classement du Grand Prix d'Italie 2024","description":"F1 \u2013 GRAND PRIX D'ITALIE 2024 \u2013 Retrouvez le classement complet du Grand Prix de Monza 2024, qui a eu lieu ce dimanche 1er septembre 2024.","robots":{"index":"index","follow":"follow","max-snippet":"max-snippet:-1","max-image-preview":"max-image-preview:large","max-video-preview":"max-video-preview:-1"},"canonical":"https:\/\/dicodusport.fr\/blog\/f1-monza-classement-du-grand-prix-ditalie-2024\/","og_locale":"fr_FR","og_type":"article","og_title":"F1 Monza - Classement du Grand Prix d'Italie 2024","og_description":"F1 \u2013 GRAND PRIX D'ITALIE 2024 \u2013 Retrouvez le classement complet du Grand Prix de Monza 2024, qui a eu lieu ce dimanche 1er septembre 2024.","og_url":"https:\/\/dicodusport.fr\/blog\/f1-monza-classement-du-grand-prix-ditalie-2024\/","og_site_name":"Dicodusport","article_publisher":"https:\/\/www.facebook.com\/dicodusport","article_published_time":"2024-09-01T14:22:13+00:00","article_modified_time":"2024-09-01T15:16:44+00:00","og_image":[{"width":1200,"height":674,"url":"https:\/\/dicodusport.fr\/blog\/wp-content\/uploads\/2024\/09\/F1-Monza-Classement-du-Grand-Prix-dItalie-2024.png","type":"image\/png"}],"author":"Benjamin Cots","twitter_card":"summary_large_image","twitter_title":"F1 Monza - Classement du Grand Prix d'Italie 2024","twitter_creator":"@https:\/\/twitter.com\/BenjaminCots","twitter_site":"@dicodusport","schema":{"@context":"https:\/\/schema.org","@graph":[{"@type":"NewsArticle","@id":"https:\/\/dicodusport.fr\/blog\/f1-monza-classement-du-grand-prix-ditalie-2024\/#article","isPartOf":{"@id":"https:\/\/dicodusport.fr\/blog\/f1-monza-classement-du-grand-prix-ditalie-2024\/"},"author":{"name":"Benjamin Cots","@id":"https:\/\/dicodusport.fr\/blog\/#\/schema\/person\/0c141de963d8493840348bb7df193da4"},"headline":"F1 Monza &#8211; Classement du Grand Prix d&rsquo;Italie 2024","datePublished":"2024-09-01T14:22:13+00:00","dateModified":"2024-09-01T15:16:44+00:00","mainEntityOfPage":{"@id":"https:\/\/dicodusport.fr\/blog\/f1-monza-classement-du-grand-prix-ditalie-2024\/"},"wordCount":245,"commentCount":0,"publisher":{"@id":"https:\/\/dicodusport.fr\/blog\/#organization"},"image":{"@id":"https:\/\/dicodusport.fr\/blog\/f1-monza-classement-du-grand-prix-ditalie-2024\/#primaryimage"},"thumbnailUrl":"https:\/\/dicodusport.fr\/blog\/wp-content\/uploads\/2024\/09\/F1-Monza-Classement-du-Grand-Prix-dItalie-2024.png","keywords":["br\u00e8ve","F1 Italie","Grand Prix d'Italie F1"],"articleSection":["Formule 1"],"inLanguage":"fr-FR","potentialAction":[{"@type":"CommentAction","name":"Comment","target":["https:\/\/dicodusport.fr\/blog\/f1-monza-classement-du-grand-prix-ditalie-2024\/#respond"]}],"copyrightYear":"2024","copyrightHolder":{"@id":"https:\/\/dicodusport.fr\/blog\/#organization"}},{"@type":"WebPage","@id":"https:\/\/dicodusport.fr\/blog\/f1-monza-classement-du-grand-prix-ditalie-2024\/","url":"https:\/\/dicodusport.fr\/blog\/f1-monza-classement-du-grand-prix-ditalie-2024\/","name":"F1 Monza - Classement du Grand Prix d'Italie 2024","isPartOf":{"@id":"https:\/\/dicodusport.fr\/blog\/#website"},"primaryImageOfPage":{"@id":"https:\/\/dicodusport.fr\/blog\/f1-monza-classement-du-grand-prix-ditalie-2024\/#primaryimage"},"image":{"@id":"https:\/\/dicodusport.fr\/blog\/f1-monza-classement-du-grand-prix-ditalie-2024\/#primaryimage"},"thumbnailUrl":"https:\/\/dicodusport.fr\/blog\/wp-content\/uploads\/2024\/09\/F1-Monza-Classement-du-Grand-Prix-dItalie-2024.png","datePublished":"2024-09-01T14:22:13+00:00","dateModified":"2024-09-01T15:16:44+00:00","description":"F1 \u2013 GRAND PRIX D'ITALIE 2024 \u2013 Retrouvez le classement complet du Grand Prix de Monza 2024, qui a eu lieu ce dimanche 1er septembre 2024.","breadcrumb":{"@id":"https:\/\/dicodusport.fr\/blog\/f1-monza-classement-du-grand-prix-ditalie-2024\/#breadcrumb"},"inLanguage":"fr-FR","potentialAction":[{"@type":"ReadAction","target":["https:\/\/dicodusport.fr\/blog\/f1-monza-classement-du-grand-prix-ditalie-2024\/"]}]},{"@type":"ImageObject","inLanguage":"fr-FR","@id":"https:\/\/dicodusport.fr\/blog\/f1-monza-classement-du-grand-prix-ditalie-2024\/#primaryimage","url":"https:\/\/dicodusport.fr\/blog\/wp-content\/uploads\/2024\/09\/F1-Monza-Classement-du-Grand-Prix-dItalie-2024.png","contentUrl":"https:\/\/dicodusport.fr\/blog\/wp-content\/uploads\/2024\/09\/F1-Monza-Classement-du-Grand-Prix-dItalie-2024.png","width":1200,"height":674,"caption":"F1 Monza - Classement du Grand Prix d'Italie 2024"},{"@type":"BreadcrumbList","@id":"https:\/\/dicodusport.fr\/blog\/f1-monza-classement-du-grand-prix-ditalie-2024\/#breadcrumb","itemListElement":[{"@type":"ListItem","position":1,"name":"Accueil","item":"https:\/\/dicodusport.fr\/blog\/"},{"@type":"ListItem","position":2,"name":"F1 Monza &#8211; Classement du Grand Prix d&#8217;Italie 2024"}]},{"@type":"WebSite","@id":"https:\/\/dicodusport.fr\/blog\/#website","url":"https:\/\/dicodusport.fr\/blog\/","name":"Dicodusport","description":"L&#039;encyclop\u00e9die de l&#039;actualit\u00e9 sportive","publisher":{"@id":"https:\/\/dicodusport.fr\/blog\/#organization"},"potentialAction":[{"@type":"SearchAction","target":{"@type":"EntryPoint","urlTemplate":"https:\/\/dicodusport.fr\/blog\/?s={search_term_string}"},"query-input":{"@type":"PropertyValueSpecification","valueRequired":true,"valueName":"search_term_string"}}],"inLanguage":"fr-FR"},{"@type":"NewsMediaOrganization","@id":"https:\/\/dicodusport.fr\/blog\/#organization","name":"Dicodusport","url":"https:\/\/dicodusport.fr\/blog\/","logo":{"@type":"ImageObject","inLanguage":"fr-FR","@id":"https:\/\/dicodusport.fr\/blog\/#\/schema\/logo\/image\/","url":"https:\/\/dicodusport.fr\/blog\/wp-content\/uploads\/2020\/06\/cropped-LOGO-DICODUSPORT-2020-SANS-FOND-SANS-TEXTE.png","contentUrl":"https:\/\/dicodusport.fr\/blog\/wp-content\/uploads\/2020\/06\/cropped-LOGO-DICODUSPORT-2020-SANS-FOND-SANS-TEXTE.png","width":512,"height":512,"caption":"Dicodusport"},"image":{"@id":"https:\/\/dicodusport.fr\/blog\/#\/schema\/logo\/image\/"},"sameAs":["https:\/\/www.facebook.com\/dicodusport","https:\/\/x.com\/dicodusport","https:\/\/www.instagram.com\/dicodusport\/","https:\/\/www.youtube.com\/channel\/UC7V2KZ5sd3htJivAbA4ZG3w"],"description":"Dicodusport est l'encyclop\u00e9die de l'actualit\u00e9 sportive.","email":"bonjour@dicodusport.fr","legalName":"DICODUSPORT","foundingDate":"2018-01-14","vatID":"FR71834470973","taxID":"83447097300043","numberOfEmployees":{"@type":"QuantitativeValue","minValue":"1","maxValue":"10"}},{"@type":"Person","@id":"https:\/\/dicodusport.fr\/blog\/#\/schema\/person\/0c141de963d8493840348bb7df193da4","name":"Benjamin Cots","image":{"@type":"ImageObject","inLanguage":"fr-FR","@id":"https:\/\/dicodusport.fr\/blog\/#\/schema\/person\/image\/","url":"https:\/\/dicodusport.fr\/blog\/wp-content\/uploads\/2021\/04\/Maillot-Benji-Dicodusport-150x150.png","contentUrl":"https:\/\/dicodusport.fr\/blog\/wp-content\/uploads\/2021\/04\/Maillot-Benji-Dicodusport-150x150.png","caption":"Benjamin Cots"},"description":"Footballeur et fan des Girondins de Bordeaux depuis mon plus jeune \u00e2ge, le foot et le sport en g\u00e9n\u00e9ral ont rythm\u00e9 ma vie. Apr\u00e8s des \u00e9tudes en informatique, la cr\u00e9ation de Dicodusport \u00e9tait le parfait m\u00e9lange pour allier mes deux passions.","sameAs":["https:\/\/x.com\/https:\/\/twitter.com\/BenjaminCots"],"url":"https:\/\/dicodusport.fr\/blog\/author\/admin\/"}]}},"_links":{"self":[{"href":"https:\/\/dicodusport.fr\/blog\/wp-json\/wp\/v2\/posts\/516845","targetHints":{"allow":["GET"]}}],"collection":[{"href":"https:\/\/dicodusport.fr\/blog\/wp-json\/wp\/v2\/posts"}],"about":[{"href":"https:\/\/dicodusport.fr\/blog\/wp-json\/wp\/v2\/types\/post"}],"author":[{"embeddable":true,"href":"https:\/\/dicodusport.fr\/blog\/wp-json\/wp\/v2\/users\/2"}],"replies":[{"embeddable":true,"href":"https:\/\/dicodusport.fr\/blog\/wp-json\/wp\/v2\/comments?post=516845"}],"version-history":[{"count":5,"href":"https:\/\/dicodusport.fr\/blog\/wp-json\/wp\/v2\/posts\/516845\/revisions"}],"predecessor-version":[{"id":516921,"href":"https:\/\/dicodusport.fr\/blog\/wp-json\/wp\/v2\/posts\/516845\/revisions\/516921"}],"wp:featuredmedia":[{"embeddable":true,"href":"https:\/\/dicodusport.fr\/blog\/wp-json\/wp\/v2\/media\/516853"}],"wp:attachment":[{"href":"https:\/\/dicodusport.fr\/blog\/wp-json\/wp\/v2\/media?parent=516845"}],"wp:term":[{"taxonomy":"category","embeddable":true,"href":"https:\/\/dicodusport.fr\/blog\/wp-json\/wp\/v2\/categories?post=516845"},{"taxonomy":"post_tag","embeddable":true,"href":"https:\/\/dicodusport.fr\/blog\/wp-json\/wp\/v2\/tags?post=516845"}],"curies":[{"name":"wp","href":"https:\/\/api.w.org\/{rel}","templated":true}]}}