{"id":517209,"date":"2024-09-02T17:31:01","date_gmt":"2024-09-02T15:31:01","guid":{"rendered":"https:\/\/dicodusport.fr\/blog\/?p=517209&#038;preview=true&#038;preview_id=517209"},"modified":"2024-09-02T17:31:01","modified_gmt":"2024-09-02T15:31:01","slug":"basketball-evan-fournier-va-faire-son-retour-en-europe","status":"publish","type":"post","link":"https:\/\/dicodusport.fr\/blog\/basketball-evan-fournier-va-faire-son-retour-en-europe\/","title":{"rendered":"Basketball : Evan Fournier va faire son retour en Europe"},"content":{"rendered":"<p style=\"text-align: justify;\"><strong><em>BASKETBALL FRAN\u00c7AIS &#8211; Apr\u00e8s 12 ans en NBA, Evan Fournier va revenir sur le Vieux Continent et \u00e9voluera sous les couleurs de l&rsquo;Olympiakos la saison prochaine.<\/em><\/strong><\/p>\n<p style=\"text-align: justify;\">Douze ans qu&rsquo;<strong>Evan\u00a0Fournier<\/strong> est parti tenter sa chance en NBA. 20\u1d49 choix de la Draft 2012, le Tricolore aura \u00e9cum\u00e9 les parquets de la grande ligue, sous les couleurs des Nuggets, du Magic, des Celtics, des Knicks et des Pistons. 704 matchs, 13.6 points de moyenne, une vraie carri\u00e8re, mais qui a commenc\u00e9 \u00e0 s&rsquo;essouffler depuis son arriv\u00e9e \u00e0 New York et sa mise \u00e0 l&rsquo;\u00e9cart courant 2022 par <strong>Tom Thibodeau<\/strong>. \u00c0 tel point qu&rsquo;un retour en Europe \u00e9tait murmur\u00e9 depuis de nombreuses semaines.<\/p>\n<p style=\"text-align: justify;\">Des rumeurs qui sont devenues r\u00e9alit\u00e9. Le natif de Charenton-le-Pont va en effet revenir sur les parquets europ\u00e9ens. De nombreux clubs d&rsquo;EuroLigue \u00e9taient sur le coup, et notamment l&rsquo;ASVEL, mais c&rsquo;est bien l&rsquo;<strong>Olympiakos<\/strong> qui va rafler la mise. Le club grec est annonc\u00e9 depuis un moment comme le plus int\u00e9ress\u00e9 par la signature de <em>Vavane,<\/em> et ce dernier posera ses valises au Pir\u00e9e pour les deux prochaines saisons. Un sacr\u00e9 coup pour une \u00e9quipe qui attend un sacre en EuroLigue depuis 2013. Quant \u00e0 <strong>Evan Fournier<\/strong>, il a sans doute dit adieu pour de bon \u00e0 la NBA.<\/p>\n<blockquote class=\"twitter-tweet\">\n<p dir=\"ltr\" lang=\"fr\">Allez je pense qu&rsquo;on a la confirmation qu&rsquo;il nous fallait<\/p>\n<p>Evan Fournier \ud83c\udde8\ud83c\uddf5 \u00e0 l&rsquo;Olympiakos ! Fin de 12 ans de carri\u00e8re en NBA <a href=\"https:\/\/t.co\/JdnIrpHJKf\">https:\/\/t.co\/JdnIrpHJKf<\/a><\/p>\n<p>\u2014 Tom Compayrot (@Tom_Cprt) <a href=\"https:\/\/twitter.com\/Tom_Cprt\/status\/1830627538093449235?ref_src=twsrc%5Etfw\">September 2, 2024<\/a><\/p><\/blockquote>\n<p><script async src=\"https:\/\/platform.twitter.com\/widgets.js\" charset=\"utf-8\"><\/script><\/p>\n","protected":false},"excerpt":{"rendered":"<p>BASKETBALL FRAN\u00c7AIS &#8211; Apr\u00e8s 12 ans en NBA, Evan Fournier va revenir sur le Vieux Continent et \u00e9voluera sous les couleurs de l&rsquo;Olympiakos la saison prochaine.<\/p>\n","protected":false},"author":59,"featured_media":517211,"comment_status":"open","ping_status":"closed","sticky":false,"template":"","format":"standard","meta":{"_acf_changed":false,"_daextam_enable_autolinks":"1","footnotes":""},"categories":[2305],"tags":[16878,6546,8806],"class_list":["post-517209","post","type-post","status-publish","format-standard","has-post-thumbnail","hentry","category-basket-ball","tag-breve","tag-evan-fournier","tag-olympiakos"],"acf":[],"yoast_head":"<!-- This site is optimized with the Yoast SEO Premium plugin v26.7 (Yoast SEO v26.7) - https:\/\/yoast.com\/wordpress\/plugins\/seo\/ -->\n<title>Basketball : Evan Fournier va faire son retour en Europe<\/title>\n<meta name=\"description\" content=\"BASKETBALL FRAN\u00c7AIS - Apr\u00e8s 12 ans en NBA, Evan Fournier va revenir sur le Vieux Continent et \u00e9voluera sous les couleurs de l&#039;Olympiakos la saison prochaine.\" \/>\n<meta name=\"robots\" content=\"index, follow, max-snippet:-1, max-image-preview:large, max-video-preview:-1\" \/>\n<link rel=\"canonical\" href=\"https:\/\/dicodusport.fr\/blog\/basketball-evan-fournier-va-faire-son-retour-en-europe\/\" \/>\n<meta property=\"og:locale\" content=\"fr_FR\" \/>\n<meta property=\"og:type\" content=\"article\" \/>\n<meta property=\"og:title\" content=\"Basketball : Evan Fournier va faire son retour en Europe\" \/>\n<meta property=\"og:description\" content=\"BASKETBALL FRAN\u00c7AIS - Apr\u00e8s 12 ans en NBA, Evan Fournier va revenir sur le Vieux Continent et \u00e9voluera sous les couleurs de l&#039;Olympiakos la saison prochaine.\" \/>\n<meta property=\"og:url\" content=\"https:\/\/dicodusport.fr\/blog\/basketball-evan-fournier-va-faire-son-retour-en-europe\/\" \/>\n<meta property=\"og:site_name\" content=\"Dicodusport\" \/>\n<meta property=\"article:publisher\" content=\"https:\/\/www.facebook.com\/dicodusport\" \/>\n<meta property=\"article:author\" content=\"https:\/\/www.facebook.com\/sebastien.gente\/\" \/>\n<meta property=\"article:published_time\" content=\"2024-09-02T15:31:01+00:00\" \/>\n<meta property=\"og:image\" content=\"https:\/\/dicodusport.fr\/blog\/wp-content\/uploads\/2024\/09\/Basketball-Evan-Fournier-va-faire-son-retour-en-Europe.png\" \/>\n\t<meta property=\"og:image:width\" content=\"1200\" \/>\n\t<meta property=\"og:image:height\" content=\"674\" \/>\n\t<meta property=\"og:image:type\" content=\"image\/png\" \/>\n<meta name=\"author\" content=\"S\u00e9bastien Gente\" \/>\n<meta name=\"twitter:card\" content=\"summary_large_image\" \/>\n<meta name=\"twitter:title\" content=\"Basketball : Evan Fournier va faire son retour en Europe\" \/>\n<meta name=\"twitter:creator\" content=\"@https:\/\/twitter.com\/globulo24\" \/>\n<meta name=\"twitter:site\" content=\"@dicodusport\" \/>\n<script type=\"application\/ld+json\" class=\"yoast-schema-graph\">{\"@context\":\"https:\/\/schema.org\",\"@graph\":[{\"@type\":\"NewsArticle\",\"@id\":\"https:\/\/dicodusport.fr\/blog\/basketball-evan-fournier-va-faire-son-retour-en-europe\/#article\",\"isPartOf\":{\"@id\":\"https:\/\/dicodusport.fr\/blog\/basketball-evan-fournier-va-faire-son-retour-en-europe\/\"},\"author\":{\"name\":\"S\u00e9bastien Gente\",\"@id\":\"https:\/\/dicodusport.fr\/blog\/#\/schema\/person\/627966a6cde45dbd8c5e36ac85d783da\"},\"headline\":\"Basketball : Evan Fournier va faire son retour en Europe\",\"datePublished\":\"2024-09-02T15:31:01+00:00\",\"mainEntityOfPage\":{\"@id\":\"https:\/\/dicodusport.fr\/blog\/basketball-evan-fournier-va-faire-son-retour-en-europe\/\"},\"wordCount\":255,\"commentCount\":0,\"publisher\":{\"@id\":\"https:\/\/dicodusport.fr\/blog\/#organization\"},\"image\":{\"@id\":\"https:\/\/dicodusport.fr\/blog\/basketball-evan-fournier-va-faire-son-retour-en-europe\/#primaryimage\"},\"thumbnailUrl\":\"https:\/\/dicodusport.fr\/blog\/wp-content\/uploads\/2024\/09\/Basketball-Evan-Fournier-va-faire-son-retour-en-Europe.png\",\"keywords\":[\"br\u00e8ve\",\"Evan Fournier\",\"Olympiakos\"],\"articleSection\":[\"Basket-ball\"],\"inLanguage\":\"fr-FR\",\"potentialAction\":[{\"@type\":\"CommentAction\",\"name\":\"Comment\",\"target\":[\"https:\/\/dicodusport.fr\/blog\/basketball-evan-fournier-va-faire-son-retour-en-europe\/#respond\"]}],\"copyrightYear\":\"2024\",\"copyrightHolder\":{\"@id\":\"https:\/\/dicodusport.fr\/blog\/#organization\"}},{\"@type\":\"WebPage\",\"@id\":\"https:\/\/dicodusport.fr\/blog\/basketball-evan-fournier-va-faire-son-retour-en-europe\/\",\"url\":\"https:\/\/dicodusport.fr\/blog\/basketball-evan-fournier-va-faire-son-retour-en-europe\/\",\"name\":\"Basketball : Evan Fournier va faire son retour en Europe\",\"isPartOf\":{\"@id\":\"https:\/\/dicodusport.fr\/blog\/#website\"},\"primaryImageOfPage\":{\"@id\":\"https:\/\/dicodusport.fr\/blog\/basketball-evan-fournier-va-faire-son-retour-en-europe\/#primaryimage\"},\"image\":{\"@id\":\"https:\/\/dicodusport.fr\/blog\/basketball-evan-fournier-va-faire-son-retour-en-europe\/#primaryimage\"},\"thumbnailUrl\":\"https:\/\/dicodusport.fr\/blog\/wp-content\/uploads\/2024\/09\/Basketball-Evan-Fournier-va-faire-son-retour-en-Europe.png\",\"datePublished\":\"2024-09-02T15:31:01+00:00\",\"description\":\"BASKETBALL FRAN\u00c7AIS - Apr\u00e8s 12 ans en NBA, Evan Fournier va revenir sur le Vieux Continent et \u00e9voluera sous les couleurs de l'Olympiakos la saison prochaine.\",\"breadcrumb\":{\"@id\":\"https:\/\/dicodusport.fr\/blog\/basketball-evan-fournier-va-faire-son-retour-en-europe\/#breadcrumb\"},\"inLanguage\":\"fr-FR\",\"potentialAction\":[{\"@type\":\"ReadAction\",\"target\":[\"https:\/\/dicodusport.fr\/blog\/basketball-evan-fournier-va-faire-son-retour-en-europe\/\"]}]},{\"@type\":\"ImageObject\",\"inLanguage\":\"fr-FR\",\"@id\":\"https:\/\/dicodusport.fr\/blog\/basketball-evan-fournier-va-faire-son-retour-en-europe\/#primaryimage\",\"url\":\"https:\/\/dicodusport.fr\/blog\/wp-content\/uploads\/2024\/09\/Basketball-Evan-Fournier-va-faire-son-retour-en-Europe.png\",\"contentUrl\":\"https:\/\/dicodusport.fr\/blog\/wp-content\/uploads\/2024\/09\/Basketball-Evan-Fournier-va-faire-son-retour-en-Europe.png\",\"width\":1200,\"height\":674,\"caption\":\"Basketball Evan Fournier va faire son retour en Europe\"},{\"@type\":\"BreadcrumbList\",\"@id\":\"https:\/\/dicodusport.fr\/blog\/basketball-evan-fournier-va-faire-son-retour-en-europe\/#breadcrumb\",\"itemListElement\":[{\"@type\":\"ListItem\",\"position\":1,\"name\":\"Accueil\",\"item\":\"https:\/\/dicodusport.fr\/blog\/\"},{\"@type\":\"ListItem\",\"position\":2,\"name\":\"Basketball : Evan Fournier va faire son retour en Europe\"}]},{\"@type\":\"WebSite\",\"@id\":\"https:\/\/dicodusport.fr\/blog\/#website\",\"url\":\"https:\/\/dicodusport.fr\/blog\/\",\"name\":\"Dicodusport\",\"description\":\"L&#039;encyclop\u00e9die de l&#039;actualit\u00e9 sportive\",\"publisher\":{\"@id\":\"https:\/\/dicodusport.fr\/blog\/#organization\"},\"potentialAction\":[{\"@type\":\"SearchAction\",\"target\":{\"@type\":\"EntryPoint\",\"urlTemplate\":\"https:\/\/dicodusport.fr\/blog\/?s={search_term_string}\"},\"query-input\":{\"@type\":\"PropertyValueSpecification\",\"valueRequired\":true,\"valueName\":\"search_term_string\"}}],\"inLanguage\":\"fr-FR\"},{\"@type\":\"NewsMediaOrganization\",\"@id\":\"https:\/\/dicodusport.fr\/blog\/#organization\",\"name\":\"Dicodusport\",\"url\":\"https:\/\/dicodusport.fr\/blog\/\",\"logo\":{\"@type\":\"ImageObject\",\"inLanguage\":\"fr-FR\",\"@id\":\"https:\/\/dicodusport.fr\/blog\/#\/schema\/logo\/image\/\",\"url\":\"https:\/\/dicodusport.fr\/blog\/wp-content\/uploads\/2020\/06\/cropped-LOGO-DICODUSPORT-2020-SANS-FOND-SANS-TEXTE.png\",\"contentUrl\":\"https:\/\/dicodusport.fr\/blog\/wp-content\/uploads\/2020\/06\/cropped-LOGO-DICODUSPORT-2020-SANS-FOND-SANS-TEXTE.png\",\"width\":512,\"height\":512,\"caption\":\"Dicodusport\"},\"image\":{\"@id\":\"https:\/\/dicodusport.fr\/blog\/#\/schema\/logo\/image\/\"},\"sameAs\":[\"https:\/\/www.facebook.com\/dicodusport\",\"https:\/\/x.com\/dicodusport\",\"https:\/\/www.instagram.com\/dicodusport\/\",\"https:\/\/www.youtube.com\/channel\/UC7V2KZ5sd3htJivAbA4ZG3w\"],\"description\":\"Dicodusport est l'encyclop\u00e9die de l'actualit\u00e9 sportive.\",\"email\":\"bonjour@dicodusport.fr\",\"legalName\":\"DICODUSPORT\",\"foundingDate\":\"2018-01-14\",\"vatID\":\"FR71834470973\",\"taxID\":\"83447097300043\",\"numberOfEmployees\":{\"@type\":\"QuantitativeValue\",\"minValue\":\"1\",\"maxValue\":\"10\"}},{\"@type\":\"Person\",\"@id\":\"https:\/\/dicodusport.fr\/blog\/#\/schema\/person\/627966a6cde45dbd8c5e36ac85d783da\",\"name\":\"S\u00e9bastien Gente\",\"image\":{\"@type\":\"ImageObject\",\"inLanguage\":\"fr-FR\",\"@id\":\"https:\/\/dicodusport.fr\/blog\/#\/schema\/person\/image\/\",\"url\":\"https:\/\/dicodusport.fr\/blog\/wp-content\/uploads\/2021\/09\/1510990_10205810251400683_4124423575079401707_n-150x150.jpg\",\"contentUrl\":\"https:\/\/dicodusport.fr\/blog\/wp-content\/uploads\/2021\/09\/1510990_10205810251400683_4124423575079401707_n-150x150.jpg\",\"caption\":\"S\u00e9bastien Gente\"},\"description\":\"John Stockton, Gianni Bugno, Zinedine Zidane, Steffi Graf, Frode Andresen, St\u00e9phane Stoecklin, Davis Kamoga, Primoz Peterka, Werner Schlager et Aur\u00e9lien Rougerie. Point commun entre ces sportifs? Ils m'ont fait r\u00eaver et ont berc\u00e9 mon adolescence. Je suis un fondu de sports et j'essaie de retranscrire ma passion \u00e0 travers mes articles. Originaire du P\u00e9rigord, ma passion pour les Girondins, les Jaunards et les Jazzmen transpire dans mes \u00e9crits. \u00c0 Dicodusport depuis 2021, je d\u00e9niche les sports m\u00e9connus dans lesquels la France brille, et il y en a !\",\"sameAs\":[\"https:\/\/www.facebook.com\/sebastien.gente\/\",\"https:\/\/www.instagram.com\/sebgente\/\",\"https:\/\/www.linkedin.com\/in\/sbastien-gente-a29583169\/\",\"https:\/\/x.com\/https:\/\/twitter.com\/globulo24\",\"SebastienGente\"],\"worksFor\":\"S\u00e9bastien GENTE\",\"url\":\"https:\/\/dicodusport.fr\/blog\/author\/sebastiengente\/\"}]}<\/script>\n<!-- \/ Yoast SEO Premium plugin. -->","yoast_head_json":{"title":"Basketball : Evan Fournier va faire son retour en Europe","description":"BASKETBALL FRAN\u00c7AIS - Apr\u00e8s 12 ans en NBA, Evan Fournier va revenir sur le Vieux Continent et \u00e9voluera sous les couleurs de l'Olympiakos la saison prochaine.","robots":{"index":"index","follow":"follow","max-snippet":"max-snippet:-1","max-image-preview":"max-image-preview:large","max-video-preview":"max-video-preview:-1"},"canonical":"https:\/\/dicodusport.fr\/blog\/basketball-evan-fournier-va-faire-son-retour-en-europe\/","og_locale":"fr_FR","og_type":"article","og_title":"Basketball : Evan Fournier va faire son retour en Europe","og_description":"BASKETBALL FRAN\u00c7AIS - Apr\u00e8s 12 ans en NBA, Evan Fournier va revenir sur le Vieux Continent et \u00e9voluera sous les couleurs de l'Olympiakos la saison prochaine.","og_url":"https:\/\/dicodusport.fr\/blog\/basketball-evan-fournier-va-faire-son-retour-en-europe\/","og_site_name":"Dicodusport","article_publisher":"https:\/\/www.facebook.com\/dicodusport","article_author":"https:\/\/www.facebook.com\/sebastien.gente\/","article_published_time":"2024-09-02T15:31:01+00:00","og_image":[{"width":1200,"height":674,"url":"https:\/\/dicodusport.fr\/blog\/wp-content\/uploads\/2024\/09\/Basketball-Evan-Fournier-va-faire-son-retour-en-Europe.png","type":"image\/png"}],"author":"S\u00e9bastien Gente","twitter_card":"summary_large_image","twitter_title":"Basketball : Evan Fournier va faire son retour en Europe","twitter_creator":"@https:\/\/twitter.com\/globulo24","twitter_site":"@dicodusport","schema":{"@context":"https:\/\/schema.org","@graph":[{"@type":"NewsArticle","@id":"https:\/\/dicodusport.fr\/blog\/basketball-evan-fournier-va-faire-son-retour-en-europe\/#article","isPartOf":{"@id":"https:\/\/dicodusport.fr\/blog\/basketball-evan-fournier-va-faire-son-retour-en-europe\/"},"author":{"name":"S\u00e9bastien Gente","@id":"https:\/\/dicodusport.fr\/blog\/#\/schema\/person\/627966a6cde45dbd8c5e36ac85d783da"},"headline":"Basketball : Evan Fournier va faire son retour en Europe","datePublished":"2024-09-02T15:31:01+00:00","mainEntityOfPage":{"@id":"https:\/\/dicodusport.fr\/blog\/basketball-evan-fournier-va-faire-son-retour-en-europe\/"},"wordCount":255,"commentCount":0,"publisher":{"@id":"https:\/\/dicodusport.fr\/blog\/#organization"},"image":{"@id":"https:\/\/dicodusport.fr\/blog\/basketball-evan-fournier-va-faire-son-retour-en-europe\/#primaryimage"},"thumbnailUrl":"https:\/\/dicodusport.fr\/blog\/wp-content\/uploads\/2024\/09\/Basketball-Evan-Fournier-va-faire-son-retour-en-Europe.png","keywords":["br\u00e8ve","Evan Fournier","Olympiakos"],"articleSection":["Basket-ball"],"inLanguage":"fr-FR","potentialAction":[{"@type":"CommentAction","name":"Comment","target":["https:\/\/dicodusport.fr\/blog\/basketball-evan-fournier-va-faire-son-retour-en-europe\/#respond"]}],"copyrightYear":"2024","copyrightHolder":{"@id":"https:\/\/dicodusport.fr\/blog\/#organization"}},{"@type":"WebPage","@id":"https:\/\/dicodusport.fr\/blog\/basketball-evan-fournier-va-faire-son-retour-en-europe\/","url":"https:\/\/dicodusport.fr\/blog\/basketball-evan-fournier-va-faire-son-retour-en-europe\/","name":"Basketball : Evan Fournier va faire son retour en Europe","isPartOf":{"@id":"https:\/\/dicodusport.fr\/blog\/#website"},"primaryImageOfPage":{"@id":"https:\/\/dicodusport.fr\/blog\/basketball-evan-fournier-va-faire-son-retour-en-europe\/#primaryimage"},"image":{"@id":"https:\/\/dicodusport.fr\/blog\/basketball-evan-fournier-va-faire-son-retour-en-europe\/#primaryimage"},"thumbnailUrl":"https:\/\/dicodusport.fr\/blog\/wp-content\/uploads\/2024\/09\/Basketball-Evan-Fournier-va-faire-son-retour-en-Europe.png","datePublished":"2024-09-02T15:31:01+00:00","description":"BASKETBALL FRAN\u00c7AIS - Apr\u00e8s 12 ans en NBA, Evan Fournier va revenir sur le Vieux Continent et \u00e9voluera sous les couleurs de l'Olympiakos la saison prochaine.","breadcrumb":{"@id":"https:\/\/dicodusport.fr\/blog\/basketball-evan-fournier-va-faire-son-retour-en-europe\/#breadcrumb"},"inLanguage":"fr-FR","potentialAction":[{"@type":"ReadAction","target":["https:\/\/dicodusport.fr\/blog\/basketball-evan-fournier-va-faire-son-retour-en-europe\/"]}]},{"@type":"ImageObject","inLanguage":"fr-FR","@id":"https:\/\/dicodusport.fr\/blog\/basketball-evan-fournier-va-faire-son-retour-en-europe\/#primaryimage","url":"https:\/\/dicodusport.fr\/blog\/wp-content\/uploads\/2024\/09\/Basketball-Evan-Fournier-va-faire-son-retour-en-Europe.png","contentUrl":"https:\/\/dicodusport.fr\/blog\/wp-content\/uploads\/2024\/09\/Basketball-Evan-Fournier-va-faire-son-retour-en-Europe.png","width":1200,"height":674,"caption":"Basketball Evan Fournier va faire son retour en Europe"},{"@type":"BreadcrumbList","@id":"https:\/\/dicodusport.fr\/blog\/basketball-evan-fournier-va-faire-son-retour-en-europe\/#breadcrumb","itemListElement":[{"@type":"ListItem","position":1,"name":"Accueil","item":"https:\/\/dicodusport.fr\/blog\/"},{"@type":"ListItem","position":2,"name":"Basketball : Evan Fournier va faire son retour en Europe"}]},{"@type":"WebSite","@id":"https:\/\/dicodusport.fr\/blog\/#website","url":"https:\/\/dicodusport.fr\/blog\/","name":"Dicodusport","description":"L&#039;encyclop\u00e9die de l&#039;actualit\u00e9 sportive","publisher":{"@id":"https:\/\/dicodusport.fr\/blog\/#organization"},"potentialAction":[{"@type":"SearchAction","target":{"@type":"EntryPoint","urlTemplate":"https:\/\/dicodusport.fr\/blog\/?s={search_term_string}"},"query-input":{"@type":"PropertyValueSpecification","valueRequired":true,"valueName":"search_term_string"}}],"inLanguage":"fr-FR"},{"@type":"NewsMediaOrganization","@id":"https:\/\/dicodusport.fr\/blog\/#organization","name":"Dicodusport","url":"https:\/\/dicodusport.fr\/blog\/","logo":{"@type":"ImageObject","inLanguage":"fr-FR","@id":"https:\/\/dicodusport.fr\/blog\/#\/schema\/logo\/image\/","url":"https:\/\/dicodusport.fr\/blog\/wp-content\/uploads\/2020\/06\/cropped-LOGO-DICODUSPORT-2020-SANS-FOND-SANS-TEXTE.png","contentUrl":"https:\/\/dicodusport.fr\/blog\/wp-content\/uploads\/2020\/06\/cropped-LOGO-DICODUSPORT-2020-SANS-FOND-SANS-TEXTE.png","width":512,"height":512,"caption":"Dicodusport"},"image":{"@id":"https:\/\/dicodusport.fr\/blog\/#\/schema\/logo\/image\/"},"sameAs":["https:\/\/www.facebook.com\/dicodusport","https:\/\/x.com\/dicodusport","https:\/\/www.instagram.com\/dicodusport\/","https:\/\/www.youtube.com\/channel\/UC7V2KZ5sd3htJivAbA4ZG3w"],"description":"Dicodusport est l'encyclop\u00e9die de l'actualit\u00e9 sportive.","email":"bonjour@dicodusport.fr","legalName":"DICODUSPORT","foundingDate":"2018-01-14","vatID":"FR71834470973","taxID":"83447097300043","numberOfEmployees":{"@type":"QuantitativeValue","minValue":"1","maxValue":"10"}},{"@type":"Person","@id":"https:\/\/dicodusport.fr\/blog\/#\/schema\/person\/627966a6cde45dbd8c5e36ac85d783da","name":"S\u00e9bastien Gente","image":{"@type":"ImageObject","inLanguage":"fr-FR","@id":"https:\/\/dicodusport.fr\/blog\/#\/schema\/person\/image\/","url":"https:\/\/dicodusport.fr\/blog\/wp-content\/uploads\/2021\/09\/1510990_10205810251400683_4124423575079401707_n-150x150.jpg","contentUrl":"https:\/\/dicodusport.fr\/blog\/wp-content\/uploads\/2021\/09\/1510990_10205810251400683_4124423575079401707_n-150x150.jpg","caption":"S\u00e9bastien Gente"},"description":"John Stockton, Gianni Bugno, Zinedine Zidane, Steffi Graf, Frode Andresen, St\u00e9phane Stoecklin, Davis Kamoga, Primoz Peterka, Werner Schlager et Aur\u00e9lien Rougerie. Point commun entre ces sportifs? Ils m'ont fait r\u00eaver et ont berc\u00e9 mon adolescence. Je suis un fondu de sports et j'essaie de retranscrire ma passion \u00e0 travers mes articles. Originaire du P\u00e9rigord, ma passion pour les Girondins, les Jaunards et les Jazzmen transpire dans mes \u00e9crits. \u00c0 Dicodusport depuis 2021, je d\u00e9niche les sports m\u00e9connus dans lesquels la France brille, et il y en a !","sameAs":["https:\/\/www.facebook.com\/sebastien.gente\/","https:\/\/www.instagram.com\/sebgente\/","https:\/\/www.linkedin.com\/in\/sbastien-gente-a29583169\/","https:\/\/x.com\/https:\/\/twitter.com\/globulo24","SebastienGente"],"worksFor":"S\u00e9bastien GENTE","url":"https:\/\/dicodusport.fr\/blog\/author\/sebastiengente\/"}]}},"_links":{"self":[{"href":"https:\/\/dicodusport.fr\/blog\/wp-json\/wp\/v2\/posts\/517209","targetHints":{"allow":["GET"]}}],"collection":[{"href":"https:\/\/dicodusport.fr\/blog\/wp-json\/wp\/v2\/posts"}],"about":[{"href":"https:\/\/dicodusport.fr\/blog\/wp-json\/wp\/v2\/types\/post"}],"author":[{"embeddable":true,"href":"https:\/\/dicodusport.fr\/blog\/wp-json\/wp\/v2\/users\/59"}],"replies":[{"embeddable":true,"href":"https:\/\/dicodusport.fr\/blog\/wp-json\/wp\/v2\/comments?post=517209"}],"version-history":[{"count":2,"href":"https:\/\/dicodusport.fr\/blog\/wp-json\/wp\/v2\/posts\/517209\/revisions"}],"predecessor-version":[{"id":517215,"href":"https:\/\/dicodusport.fr\/blog\/wp-json\/wp\/v2\/posts\/517209\/revisions\/517215"}],"wp:featuredmedia":[{"embeddable":true,"href":"https:\/\/dicodusport.fr\/blog\/wp-json\/wp\/v2\/media\/517211"}],"wp:attachment":[{"href":"https:\/\/dicodusport.fr\/blog\/wp-json\/wp\/v2\/media?parent=517209"}],"wp:term":[{"taxonomy":"category","embeddable":true,"href":"https:\/\/dicodusport.fr\/blog\/wp-json\/wp\/v2\/categories?post=517209"},{"taxonomy":"post_tag","embeddable":true,"href":"https:\/\/dicodusport.fr\/blog\/wp-json\/wp\/v2\/tags?post=517209"}],"curies":[{"name":"wp","href":"https:\/\/api.w.org\/{rel}","templated":true}]}}