{"id":517259,"date":"2024-09-03T08:02:39","date_gmt":"2024-09-03T06:02:39","guid":{"rendered":"https:\/\/dicodusport.fr\/blog\/?p=517259&#038;preview=true&#038;preview_id=517259"},"modified":"2024-09-03T21:13:59","modified_gmt":"2024-09-03T19:13:59","slug":"jeux-paralympiques-2024-programme-des-francais-du-mardi-3-septembre","status":"publish","type":"post","link":"https:\/\/dicodusport.fr\/blog\/jeux-paralympiques-2024-programme-des-francais-du-mardi-3-septembre\/","title":{"rendered":"Jeux Paralympiques 2024 : Programme des Fran\u00e7ais du mardi 3 septembre"},"content":{"rendered":"<p style=\"text-align: justify;\"><em><strong><a href=\"https:\/\/dicodusport.fr\/blog\/actualites\/jeux-paralympiques-paris-2024\/\">JEUX PARALYMPIQUES PARIS 2024<\/a> &#8211; Du 28 ao\u00fbt au 8 septembre, pr\u00e8s de 240 athl\u00e8tes tricolores se succ\u00e8dent afin de valider un long projet, une m\u00e9daille paralympique. Et pourquoi pas le plus beau des m\u00e9taux ? Voici le programme des Fran\u00e7ais pour le mardi 3 septembre.<\/strong><\/em><\/p>\n<ul style=\"text-align: justify;\">\n<li style=\"text-align: justify;\"><strong>\u00c0 ce sujet &#8211; <a href=\"https:\/\/dicodusport.fr\/blog\/jeux-paralympiques-2024-les-chances-de-medailles-francaises-du-3-septembre\/\">Jeux Paralympiques 2024 : Les chances de m\u00e9dailles fran\u00e7aises du 3 septembre<\/a><\/strong><\/li>\n<\/ul>\n<p style=\"text-align: justify;\">Encore une journ\u00e9e o\u00f9 l&rsquo;on ne va pas s&rsquo;ennuyer sur les diff\u00e9rents sites des Jeux Paralympiques. Si la matin\u00e9e s&rsquo;annonce relativement calme avec n\u00e9anmoins la finale de la longueur d&rsquo;<strong>Arnaud Assoumani<\/strong>, tout devrait s&rsquo;acc\u00e9l\u00e9rer en fin d&rsquo;apr\u00e8s-midi avec des chances de m\u00e9dailles suppl\u00e9mentaires en athl\u00e9tisme pour notre porte-drapeau <strong>Nantenin Keita<\/strong>. On esp\u00e8re \u00e9galement retrouver quelques nageurs tricolores dans la soir\u00e9e alors que l&rsquo;\u00e9quitation et l&rsquo;escrime fauteuil font leur entr\u00e9e en sc\u00e8ne. Gros combat aussi pour l&rsquo;\u00e9quipe de France de basket en quarts contre l&rsquo;ogre am\u00e9ricain.<\/p>\n<ul style=\"text-align: justify;\">\n<li><strong>\u00c0 ce sujet \u2013\u00a0<a href=\"https:\/\/dicodusport.fr\/blog\/jeux-paralympiques-de-paris-2024-tableau-des-medailles\/\">Jeux Paralympiques de Paris 2024 \u2013 Tableau des m\u00e9dailles<\/a><\/strong><\/li>\n<\/ul>\n<h2 style=\"text-align: justify;\">Les Fran\u00e7ais en lice le 3 septembre<\/h2>\n<p style=\"text-align: justify;\">Horaires avec *\u00a0: si qualification<\/p>\n<p style=\"text-align: justify;\"><span style=\"color: #ff0000;\">Horaires en rouge\u00a0: finale<\/span><\/p>\n<p style=\"text-align: justify;\"><strong>9h\u00a0<\/strong>: <u>Para tir \u00e0 l\u2019arc<\/u> \u2013 Individuelle open arc classique femmes (16<sup>\u00e8mes<\/sup>, <em>Invalides<\/em>) avec <strong>Aziza Benhami<\/strong><\/p>\n<p style=\"text-align: justify;\"><strong>9h<\/strong>\u00a0: <u>Goalball (H)<\/u> \u2013 France\u00a0\ud83c\uddeb\ud83c\uddf7 \u2013 \ud83c\uddea\ud83c\uddec Egypte (match de classement 7\/8, <em>Arena Paris Sud<\/em>)<\/p>\n<p style=\"text-align: justify;\"><span style=\"color: #ff0000;\"><strong>9h\u00a0<\/strong>: <u>Para \u00e9quitation<\/u> \u2013 Individuelle grade III, Para Grand Prix Test (finale, Ch\u00e2teau de Versailles) avec <strong>Chiara Zenati<\/strong><\/span><\/p>\n<p style=\"text-align: justify;\"><strong>9h30<\/strong>\u00a0: <u>Para tir sportif<\/u> \u2013 R7 carabine 50 m 3 positions hommes SH1 (qualifications, <em>Centre National de Tir<\/em>) avec <strong>Didier Richard <\/strong>et <strong>Jean-Louis Michaud<\/strong><\/p>\n<p style=\"text-align: justify;\"><strong>9h38\u00a0:\u00a0<\/strong><u>Para natation<\/u>\u00a0\u2013 100 m dos H S9 (s\u00e9ries,\u00a0<em>Paris La D\u00e9fense Arena<\/em>) avec<strong>\u00a0Ugo Didier<\/strong><\/p>\n<p style=\"text-align: justify;\"><strong>9h55\u00a0:\u00a0<\/strong><u>Para natation<\/u>\u00a0\u2013 200 m nage libre H S4 (s\u00e9ries,\u00a0<em>Paris La D\u00e9fense Arena<\/em>) avec<strong>\u00a0Dimitri Granjux<\/strong> et <strong>David Sm\u00e9tanine<\/strong><\/p>\n<p style=\"text-align: justify;\"><span style=\"color: #ff0000;\"><strong>10h<\/strong>\u00a0: <u>Para athl\u00e9tisme<\/u> \u2013 Saut en longueur H T47 (finale, <em>Stade de France<\/em>) avec <strong>Arnaud Assoumani<\/strong><\/span><\/p>\n<p style=\"text-align: justify;\"><strong>10h08\u00a0:\u00a0<\/strong><u>Para natation<\/u>\u00a0\u2013 50 m papillon H S6 (s\u00e9ries,\u00a0<em>Paris La D\u00e9fense Arena<\/em>) avec<strong>\u00a0Laurent Chardard<\/strong><\/p>\n<p style=\"text-align: justify;\"><strong>10h30\u00a0:\u00a0<\/strong><u>Para natation<\/u>\u00a0\u2013 50 m dos F S5 (s\u00e9ries,\u00a0<em>Paris La D\u00e9fense Arena<\/em>) avec<strong>\u00a0Sol\u00e8ne Sache<\/strong><\/p>\n<p style=\"text-align: justify;\"><strong>10h45<\/strong>\u00a0: <u>Para tennis de table<\/u> \u2013 Simple hommes MS3 (quarts, <em>Arena Paris Sud<\/em>) avec<strong> Florian Merrien<\/strong><\/p>\n<p style=\"text-align: justify;\"><strong>11h04<\/strong>\u00a0: <u>Para athl\u00e9tisme<\/u> \u2013 100 m F T13 (s\u00e9ries, <em>Stade de France<\/em>) avec <strong>Nantenin Keita<\/strong><\/p>\n<p style=\"text-align: justify;\"><strong>11h04\u00a0:\u00a0<\/strong><u>Para natation<\/u>\u00a0\u2013 200 m 4 nages H SM13 (s\u00e9ries,\u00a0<em>Paris La D\u00e9fense Arena<\/em>) avec<strong>\u00a0Alex Portal<\/strong><\/p>\n<p style=\"text-align: justify;\"><strong>11h30<\/strong>\u00a0: <u>Para tennis de table<\/u> \u2013 Simple hommes MS9 (8<sup>\u00e8mes<\/sup>, <em>Arena Paris Sud<\/em>) avec<strong> Lucas Didier<\/strong><\/p>\n<p style=\"text-align: justify;\"><strong>11h50<\/strong>\u00a0: <u>Boccia<\/u> \u2013 Double mixte BC3 (tour pr\u00e9liminaire poule A, <em>Arena Paris Sud<\/em>)<\/p>\n<p style=\"text-align: justify;\"><strong>11h50<\/strong>\u00a0: <u>Boccia<\/u> \u2013 Double mixte BC1\/BC2 (tour pr\u00e9liminaire poule A, <em>Arena Paris Sud<\/em>)<\/p>\n<p style=\"text-align: justify;\"><strong>\u00c0 partir de 12h<\/strong>\u00a0: <u>Tennis fauteuil<\/u> \u2013 En 4<sup>\u00e8me<\/sup>\u00a0sur le Philippe Chatrier, Double H (quarts,\u00a0<em>Roland-Garros<\/em>) avec <strong>Fr\u00e9d\u00e9ric Cattan\u00e9o<\/strong>\/<strong>St\u00e9phane Houdet<\/strong><\/p>\n<p style=\"text-align: justify;\"><strong>12h52<\/strong>\u00a0: <u>Para athl\u00e9tisme<\/u> \u2013 100 m F T47 (s\u00e9ries, <em>Stade de France<\/em>) avec <strong>Marie Ngoussou Ngouyi<\/strong><\/p>\n<p style=\"text-align: justify;\"><strong>13h<\/strong>\u00a0: <u>Escrime fauteuil<\/u> \u2013 Sabre F Cat. A (tableau de 32, <em>Grand Palais<\/em>) avec <strong>Cl\u00e9mence Delavoipi\u00e8re<\/strong><\/p>\n<p style=\"text-align: justify;\"><strong>13h<\/strong>\u00a0: <u>Para tennis de table<\/u> \u2013 Simple femmes WS8 (quarts, <em>Arena Paris Sud<\/em>) avec <strong>Thu Kamkasomphou<\/strong><\/p>\n<p style=\"text-align: justify;\"><strong>13h30<\/strong>\u00a0: <u>Escrime fauteuil<\/u> \u2013 Sabre H Cat. B (tableau de 16, <em>Grand Palais<\/em>) avec <strong>Maxime Valet<\/strong><\/p>\n<p style=\"text-align: justify;\"><strong>13h30<\/strong>\u00a0: <u>Goalball (F)<\/u> \u2013 Chine \ud83c\udde8\ud83c\uddf3 \u2013 \ud83c\uddeb\ud83c\uddf7 France (quarts, <em>Arena Paris Sud<\/em>)<\/p>\n<p style=\"text-align: justify;\"><strong>13h45<\/strong>\u00a0: <u>Para tennis de table<\/u> \u2013 Simple hommes MS2 (quarts, <em>Arena Paris Sud<\/em>) avec<strong> Fabien Lamirault<\/strong><\/p>\n<p style=\"text-align: justify;\"><strong>13h50<\/strong>\u00a0: <u>Escrime fauteuil<\/u> \u2013 Sabre F Cat. B (tableau de 16, <em>Grand Palais<\/em>) avec <strong>C\u00e9cile Demaude<\/strong><\/p>\n<p style=\"text-align: justify;\"><span style=\"color: #ff0000;\"><strong>13h45<\/strong>\u00a0: <u>Para tir sportif<\/u> \u2013 R7 carabine 50 m 3 positions hommes SH1 (finale, <em>Centre National de Tir<\/em>) avec <strong>Jean-Louis Michaud<\/strong><\/span><\/p>\n<p style=\"text-align: justify;\"><strong>\u00c0 partir de 14h10<\/strong>\u00a0: <u>Escrime fauteuil<\/u> \u2013 Sabre H Cat. A (tableau de 16, <em>Grand Palais<\/em>) avec <strong>Ludivic Lemoine<\/strong><\/p>\n<p style=\"text-align: justify;\"><strong>\u00c0 partir de 14h30<\/strong>\u00a0: <u>Escrime fauteuil<\/u> \u2013 Sabre F Cat. A (tableau de 16, <em>Grand Palais<\/em>) avec <strong>Brianna Vid\u00e9<\/strong><\/p>\n<p style=\"text-align: justify;\"><strong>\u00c0 partir de 14h50<\/strong>\u00a0: <u>Escrime fauteuil<\/u> \u2013 Sabre H Cat. B (quarts, <em>Grand Palais<\/em>) avec <strong>Maxime Valet<\/strong><\/p>\n<p><b>\u00c0 partir de 15h10 <\/b>: <u>Escrime fauteuil<\/u> \u2013 Sabre F Cat. B (rep\u00eachages tour 1, <em>Grand Palais<\/em>) avec <strong>C\u00e9cile Demaude<\/strong><\/p>\n<p><strong>\u00c0 partir de 14h10<\/strong>\u00a0: <u>Escrime fauteuil<\/u> \u2013 Sabre H Cat. A (rep\u00eachages tour 1, <em>Grand Palais<\/em>) avec <strong>Ludivic Lemoine<\/strong><\/p>\n<p style=\"text-align: justify;\"><strong>\u00c0 partir de 15h50<\/strong>\u00a0: <u>Escrime fauteuil<\/u> \u2013 Sabre F Cat. A (quarts, <em>Grand Palais<\/em>) avec <strong>Brianna Vid\u00e9<\/strong><\/p>\n<p><strong>\u00c0 partir de 16h10<\/strong>\u00a0: <u>Escrime fauteuil<\/u> \u2013 Sabre H Cat. B (rep\u00eachages tour 2, <em>Grand Palais<\/em>) avec <strong>Maxime Valet<\/strong><\/p>\n<p><strong>\u00c0 partir de 16h30<\/strong>\u00a0: <u>Escrime fauteuil<\/u> \u2013 Sabre H Cat. A (rep\u00eachages tour 2, <em>Grand Palais<\/em>) avec <strong>Ludivic Lemoine<\/strong><\/p>\n<p><strong>\u00c0 partir de 16h30<\/strong>\u00a0: <u>Escrime fauteuil<\/u> \u2013 Sabre F Cat. A (rep\u00eachages tour 2, <em>Grand Palais<\/em>) avec <strong>Brianna Vid\u00e9<\/strong><\/p>\n<p><strong>\u00c0 partir de 16h50<\/strong>\u00a0: <u>Escrime fauteuil<\/u> \u2013 Sabre H Cat. B (rep\u00eachages tour 3, <em>Grand Palais<\/em>) avec <strong>Maxime Valet<\/strong><\/p>\n<p><b>17h <\/b>: <u>Para tennis de table<\/u> \u2013 Simple hommes MS10 (demies, <em>Arena Paris Sud<\/em>) avec<strong> Mat\u00e9o Boh\u00e9as<\/strong><\/p>\n<p style=\"text-align: justify;\"><strong>17h<\/strong>\u00a0: <u>Boccia<\/u> \u2013 Double mixte BC3 (tour pr\u00e9liminaire poule A, <em>Arena Paris Sud<\/em>)<\/p>\n<p style=\"text-align: justify;\"><strong>17h<\/strong>\u00a0: <u>Boccia<\/u> \u2013 Double mixte BC1\/BC2 (tour pr\u00e9liminaire poule A, <em>Arena Paris Sud<\/em>)<\/p>\n<p><strong>\u00c0 partir de 17h10<\/strong>\u00a0: <u>Escrime fauteuil<\/u> \u2013 Sabre F Cat. A (rep\u00eachages tour 3, <em>Grand Palais<\/em>) avec <strong>Brianna Vid\u00e9<\/strong><\/p>\n<p style=\"text-align: justify;\"><span style=\"color: #ff0000;\"><strong>17h37 : <\/strong><u>Para natation<\/u>\u00a0\u2013 100 m dos H S9 (finale,\u00a0<em>Paris La D\u00e9fense Arena<\/em>) avec<strong>\u00a0Ugo Didier<\/strong><\/span><\/p>\n<p><strong>\u00c0 partir de 17h40<\/strong>\u00a0: <u>Escrime fauteuil<\/u> \u2013 Sabre F Cat. A (rep\u00eachages tour 4, <em>Grand Palais<\/em>) avec <strong>Brianna Vid\u00e9<\/strong><\/p>\n<p style=\"text-align: justify;\"><span style=\"color: #ff0000;\"><strong>18h : <\/strong><u>Para natation<\/u>\u00a0\u2013 50 m papillon H S6 (finale,\u00a0<em>Paris La D\u00e9fense Arena<\/em>) avec<strong>\u00a0Laurent Chardard<\/strong><\/span><\/p>\n<p style=\"text-align: justify;\"><strong>18h30<\/strong>\u00a0: <u>Para tennis de table<\/u> \u2013 Simple femmes WS5 (quarts, <em>Arena Paris Sud<\/em>) avec<strong> Alexandre Saint-Pierre <\/strong><\/p>\n<p style=\"text-align: justify;\"><span style=\"color: #ff0000;\"><strong>19h<\/strong>\u00a0: <u>Para athl\u00e9tisme<\/u> \u2013 Saut en longueur H T37 (finale, <em>Stade de France<\/em>) avec <strong>Valentin Bertrand<\/strong><\/span><\/p>\n<p style=\"text-align: justify;\"><span style=\"color: #ff0000;\"><strong>19h04<\/strong>\u00a0: <u>Para athl\u00e9tisme<\/u> \u2013 Lancer de poids H F20 (finale, <em>Stade de France<\/em>) avec <\/span><strong><span style=\"color: #ff0000;\">Soane Luka Meissonnier<\/span> <\/strong><\/p>\n<p style=\"text-align: justify;\"><strong>19h15<\/strong>\u00a0: <u>Para tennis de table<\/u> \u2013 Simple femmes WS11 (quarts, <em>Arena Paris Sud<\/em>) avec<strong> L\u00e9a Ferney <\/strong><\/p>\n<p style=\"text-align: justify;\"><span style=\"color: #ff0000;\"><strong>19h40 : <\/strong><u>Para natation<\/u>\u00a0\u2013 200 m 4 nages H SM13 (finale,\u00a0<em>Paris La D\u00e9fense Arena<\/em>) avec<strong>\u00a0Alex Portal<\/strong><\/span><\/p>\n<p style=\"text-align: justify;\"><strong>20h<\/strong>\u00a0: <u>Volleyball assis (F)<\/u> \u2013 Chine \ud83c\udde8\ud83c\uddf3 \u2013 \ud83c\uddeb\ud83c\uddf7 France (tour pr\u00e9liminaire poule A, <em>Arena Paris Nord<\/em>)<\/p>\n<p><span style=\"color: #ff0000;\"><b>20h23 <\/b>: <u>Para athl\u00e9tisme<\/u> \u2013 100 m F T47 (finale, <em>Stade de France<\/em>) avec <strong>Marie Ngoussou Ngouyi<\/strong><\/span><\/p>\n<p style=\"text-align: justify;\"><strong>20h30<\/strong>\u00a0: <u>C\u00e9cifoot (H)<\/u> \u2013 Turquie \ud83c\uddf9\ud83c\uddf7 \u2013 \ud83c\uddeb\ud83c\uddf7 France (tour pr\u00e9liminaire groupe A, <em>Stade Tour Eiffel<\/em>)<\/p>\n<p style=\"text-align: justify;\"><span style=\"color: #ff0000;\"><strong>20h47<\/strong>\u00a0: <u>Para athl\u00e9tisme<\/u> \u2013 400 m H T20 (finale, <em>Stade de France<\/em>) avec <\/span><strong><span style=\"color: #ff0000;\">Charles-Antoine Kouakou<\/span> <\/strong><\/p>\n<p><strong>\u00c0 partir de 21h <\/strong>: <u>Escrime fauteuil<\/u> \u2013 Sabre F Cat. A (duel pour le bronze, <em>Grand Palais<\/em>) avec <strong>Brianna Vid\u00e9<\/strong><\/p>\n<p style=\"text-align: justify;\"><strong>21h30<\/strong>\u00a0: <u>Basket fauteuil H<\/u> \u2013 \u05a4\u00c9tats-Unis\u00a0\ud83c\uddfa\ud83c\uddf8 &#8211; \ud83c\uddeb\ud83c\uddf7 France (quarts, <em>Accor Arena<\/em>)<\/p>\n<p style=\"text-align: justify;\"><span style=\"color: #ff0000;\"><strong>21h38<\/strong>\u00a0: <u>Para athl\u00e9tisme<\/u> \u2013 400 m F T37 (finale, <em>Stade de France<\/em>) avec <\/span><strong><span style=\"color: #ff0000;\">Laure Ustaritz<\/span> <\/strong><\/p>\n<p style=\"text-align: justify;\">Ce programme est susceptible d\u2019\u00eatre modifi\u00e9 selon les r\u00e9sultats<\/p>\n","protected":false},"excerpt":{"rendered":"<p>Le programme des Fran\u00e7ais du mardi 3 septembre<\/p>\n","protected":false},"author":18,"featured_media":517275,"comment_status":"open","ping_status":"closed","sticky":false,"template":"","format":"standard","meta":{"_acf_changed":false,"_daextam_enable_autolinks":"1","footnotes":""},"categories":[21286],"tags":[32415,16878,30151],"class_list":["post-517259","post","type-post","status-publish","format-standard","has-post-thumbnail","hentry","category-jeux-paralympiques-paris-2024","tag-actu","tag-breve","tag-jeux-paralympiques-2024"],"acf":[],"yoast_head":"<!-- This site is optimized with the Yoast SEO Premium plugin v26.7 (Yoast SEO v26.7) - https:\/\/yoast.com\/wordpress\/plugins\/seo\/ -->\n<title>Jeux Paralympiques 2024 : Programme des Fran\u00e7ais du mardi 3 septembre<\/title>\n<meta name=\"description\" content=\"JEUX PARALYMPIQUES PARIS 2024 - D\u00e9couvrez le programme complet des \u00e9preuves des Fran\u00e7ais pour le mardi 3 septembre.\" \/>\n<meta name=\"robots\" content=\"index, follow, max-snippet:-1, max-image-preview:large, max-video-preview:-1\" \/>\n<link rel=\"canonical\" href=\"https:\/\/dicodusport.fr\/blog\/jeux-paralympiques-2024-programme-des-francais-du-mardi-3-septembre\/\" \/>\n<meta property=\"og:locale\" content=\"fr_FR\" \/>\n<meta property=\"og:type\" content=\"article\" \/>\n<meta property=\"og:title\" content=\"Jeux Paralympiques 2024 : Programme des Fran\u00e7ais du mardi 3 septembre\" \/>\n<meta property=\"og:description\" content=\"JEUX PARALYMPIQUES PARIS 2024 - D\u00e9couvrez le programme complet des \u00e9preuves des Fran\u00e7ais pour le mardi 3 septembre.\" \/>\n<meta property=\"og:url\" content=\"https:\/\/dicodusport.fr\/blog\/jeux-paralympiques-2024-programme-des-francais-du-mardi-3-septembre\/\" \/>\n<meta property=\"og:site_name\" content=\"Dicodusport\" \/>\n<meta property=\"article:publisher\" content=\"https:\/\/www.facebook.com\/dicodusport\" \/>\n<meta property=\"article:author\" content=\"https:\/\/www.facebook.com\/soocube\" \/>\n<meta property=\"article:published_time\" content=\"2024-09-03T06:02:39+00:00\" \/>\n<meta property=\"article:modified_time\" content=\"2024-09-03T19:13:59+00:00\" \/>\n<meta property=\"og:image\" content=\"https:\/\/dicodusport.fr\/blog\/wp-content\/uploads\/2024\/09\/Jeux-Paralympiques-2024-Programme-des-Francais-du-mardi-3-septembre.png\" \/>\n\t<meta property=\"og:image:width\" content=\"1200\" \/>\n\t<meta property=\"og:image:height\" content=\"674\" \/>\n\t<meta property=\"og:image:type\" content=\"image\/png\" \/>\n<meta name=\"author\" content=\"Sophie Clapier\" \/>\n<meta name=\"twitter:card\" content=\"summary_large_image\" \/>\n<meta name=\"twitter:title\" content=\"Jeux Paralympiques 2024 : Programme des Fran\u00e7ais du mardi 3 septembre\" \/>\n<meta name=\"twitter:creator\" content=\"@https:\/\/twitter.com\/soocube\" \/>\n<meta name=\"twitter:site\" content=\"@dicodusport\" \/>\n<script type=\"application\/ld+json\" class=\"yoast-schema-graph\">{\"@context\":\"https:\/\/schema.org\",\"@graph\":[{\"@type\":\"NewsArticle\",\"@id\":\"https:\/\/dicodusport.fr\/blog\/jeux-paralympiques-2024-programme-des-francais-du-mardi-3-septembre\/#article\",\"isPartOf\":{\"@id\":\"https:\/\/dicodusport.fr\/blog\/jeux-paralympiques-2024-programme-des-francais-du-mardi-3-septembre\/\"},\"author\":{\"name\":\"Sophie Clapier\",\"@id\":\"https:\/\/dicodusport.fr\/blog\/#\/schema\/person\/416c975648aca9da8839bdfe333a21c9\"},\"headline\":\"Jeux Paralympiques 2024 : Programme des Fran\u00e7ais du mardi 3 septembre\",\"datePublished\":\"2024-09-03T06:02:39+00:00\",\"dateModified\":\"2024-09-03T19:13:59+00:00\",\"mainEntityOfPage\":{\"@id\":\"https:\/\/dicodusport.fr\/blog\/jeux-paralympiques-2024-programme-des-francais-du-mardi-3-septembre\/\"},\"wordCount\":1056,\"commentCount\":0,\"publisher\":{\"@id\":\"https:\/\/dicodusport.fr\/blog\/#organization\"},\"image\":{\"@id\":\"https:\/\/dicodusport.fr\/blog\/jeux-paralympiques-2024-programme-des-francais-du-mardi-3-septembre\/#primaryimage\"},\"thumbnailUrl\":\"https:\/\/dicodusport.fr\/blog\/wp-content\/uploads\/2024\/09\/Jeux-Paralympiques-2024-Programme-des-Francais-du-mardi-3-septembre.png\",\"keywords\":[\"actu\",\"br\u00e8ve\",\"Jeux Paralympiques 2024\"],\"articleSection\":[\"Jeux Paralympiques de Paris 2024\"],\"inLanguage\":\"fr-FR\",\"potentialAction\":[{\"@type\":\"CommentAction\",\"name\":\"Comment\",\"target\":[\"https:\/\/dicodusport.fr\/blog\/jeux-paralympiques-2024-programme-des-francais-du-mardi-3-septembre\/#respond\"]}],\"copyrightYear\":\"2024\",\"copyrightHolder\":{\"@id\":\"https:\/\/dicodusport.fr\/blog\/#organization\"}},{\"@type\":\"WebPage\",\"@id\":\"https:\/\/dicodusport.fr\/blog\/jeux-paralympiques-2024-programme-des-francais-du-mardi-3-septembre\/\",\"url\":\"https:\/\/dicodusport.fr\/blog\/jeux-paralympiques-2024-programme-des-francais-du-mardi-3-septembre\/\",\"name\":\"Jeux Paralympiques 2024 : Programme des Fran\u00e7ais du mardi 3 septembre\",\"isPartOf\":{\"@id\":\"https:\/\/dicodusport.fr\/blog\/#website\"},\"primaryImageOfPage\":{\"@id\":\"https:\/\/dicodusport.fr\/blog\/jeux-paralympiques-2024-programme-des-francais-du-mardi-3-septembre\/#primaryimage\"},\"image\":{\"@id\":\"https:\/\/dicodusport.fr\/blog\/jeux-paralympiques-2024-programme-des-francais-du-mardi-3-septembre\/#primaryimage\"},\"thumbnailUrl\":\"https:\/\/dicodusport.fr\/blog\/wp-content\/uploads\/2024\/09\/Jeux-Paralympiques-2024-Programme-des-Francais-du-mardi-3-septembre.png\",\"datePublished\":\"2024-09-03T06:02:39+00:00\",\"dateModified\":\"2024-09-03T19:13:59+00:00\",\"description\":\"JEUX PARALYMPIQUES PARIS 2024 - D\u00e9couvrez le programme complet des \u00e9preuves des Fran\u00e7ais pour le mardi 3 septembre.\",\"breadcrumb\":{\"@id\":\"https:\/\/dicodusport.fr\/blog\/jeux-paralympiques-2024-programme-des-francais-du-mardi-3-septembre\/#breadcrumb\"},\"inLanguage\":\"fr-FR\",\"potentialAction\":[{\"@type\":\"ReadAction\",\"target\":[\"https:\/\/dicodusport.fr\/blog\/jeux-paralympiques-2024-programme-des-francais-du-mardi-3-septembre\/\"]}]},{\"@type\":\"ImageObject\",\"inLanguage\":\"fr-FR\",\"@id\":\"https:\/\/dicodusport.fr\/blog\/jeux-paralympiques-2024-programme-des-francais-du-mardi-3-septembre\/#primaryimage\",\"url\":\"https:\/\/dicodusport.fr\/blog\/wp-content\/uploads\/2024\/09\/Jeux-Paralympiques-2024-Programme-des-Francais-du-mardi-3-septembre.png\",\"contentUrl\":\"https:\/\/dicodusport.fr\/blog\/wp-content\/uploads\/2024\/09\/Jeux-Paralympiques-2024-Programme-des-Francais-du-mardi-3-septembre.png\",\"width\":1200,\"height\":674,\"caption\":\"Jeux Paralympiques 2024 Programme des Fran\u00e7ais du mardi 3 septembre\"},{\"@type\":\"BreadcrumbList\",\"@id\":\"https:\/\/dicodusport.fr\/blog\/jeux-paralympiques-2024-programme-des-francais-du-mardi-3-septembre\/#breadcrumb\",\"itemListElement\":[{\"@type\":\"ListItem\",\"position\":1,\"name\":\"Accueil\",\"item\":\"https:\/\/dicodusport.fr\/blog\/\"},{\"@type\":\"ListItem\",\"position\":2,\"name\":\"Jeux Paralympiques 2024 : Programme des Fran\u00e7ais du mardi 3 septembre\"}]},{\"@type\":\"WebSite\",\"@id\":\"https:\/\/dicodusport.fr\/blog\/#website\",\"url\":\"https:\/\/dicodusport.fr\/blog\/\",\"name\":\"Dicodusport\",\"description\":\"L&#039;encyclop\u00e9die de l&#039;actualit\u00e9 sportive\",\"publisher\":{\"@id\":\"https:\/\/dicodusport.fr\/blog\/#organization\"},\"potentialAction\":[{\"@type\":\"SearchAction\",\"target\":{\"@type\":\"EntryPoint\",\"urlTemplate\":\"https:\/\/dicodusport.fr\/blog\/?s={search_term_string}\"},\"query-input\":{\"@type\":\"PropertyValueSpecification\",\"valueRequired\":true,\"valueName\":\"search_term_string\"}}],\"inLanguage\":\"fr-FR\"},{\"@type\":\"NewsMediaOrganization\",\"@id\":\"https:\/\/dicodusport.fr\/blog\/#organization\",\"name\":\"Dicodusport\",\"url\":\"https:\/\/dicodusport.fr\/blog\/\",\"logo\":{\"@type\":\"ImageObject\",\"inLanguage\":\"fr-FR\",\"@id\":\"https:\/\/dicodusport.fr\/blog\/#\/schema\/logo\/image\/\",\"url\":\"https:\/\/dicodusport.fr\/blog\/wp-content\/uploads\/2020\/06\/cropped-LOGO-DICODUSPORT-2020-SANS-FOND-SANS-TEXTE.png\",\"contentUrl\":\"https:\/\/dicodusport.fr\/blog\/wp-content\/uploads\/2020\/06\/cropped-LOGO-DICODUSPORT-2020-SANS-FOND-SANS-TEXTE.png\",\"width\":512,\"height\":512,\"caption\":\"Dicodusport\"},\"image\":{\"@id\":\"https:\/\/dicodusport.fr\/blog\/#\/schema\/logo\/image\/\"},\"sameAs\":[\"https:\/\/www.facebook.com\/dicodusport\",\"https:\/\/x.com\/dicodusport\",\"https:\/\/www.instagram.com\/dicodusport\/\",\"https:\/\/www.youtube.com\/channel\/UC7V2KZ5sd3htJivAbA4ZG3w\"],\"description\":\"Dicodusport est l'encyclop\u00e9die de l'actualit\u00e9 sportive.\",\"email\":\"bonjour@dicodusport.fr\",\"legalName\":\"DICODUSPORT\",\"foundingDate\":\"2018-01-14\",\"vatID\":\"FR71834470973\",\"taxID\":\"83447097300043\",\"numberOfEmployees\":{\"@type\":\"QuantitativeValue\",\"minValue\":\"1\",\"maxValue\":\"10\"}},{\"@type\":\"Person\",\"@id\":\"https:\/\/dicodusport.fr\/blog\/#\/schema\/person\/416c975648aca9da8839bdfe333a21c9\",\"name\":\"Sophie Clapier\",\"image\":{\"@type\":\"ImageObject\",\"inLanguage\":\"fr-FR\",\"@id\":\"https:\/\/dicodusport.fr\/blog\/#\/schema\/person\/image\/\",\"url\":\"https:\/\/dicodusport.fr\/blog\/wp-content\/uploads\/2021\/05\/Sophie-Clapier-150x150.jpg\",\"contentUrl\":\"https:\/\/dicodusport.fr\/blog\/wp-content\/uploads\/2021\/05\/Sophie-Clapier-150x150.jpg\",\"caption\":\"Sophie Clapier\"},\"description\":\"Journaliste\/r\u00e9dactrice depuis janvier 2016 - Passionn\u00e9e de sport depuis toujours, j\u2019en ai pratiqu\u00e9 quelques-uns. Judo, football, handball ou encore tennis, je n\u2019ai jamais pu me mettre d\u2019accord sur un en particulier. Mais \u00e7a, c\u2019\u00e9tait avant de d\u00e9couvrir le basket, devenu mon sport de pr\u00e9dilection. Les actions NBA, le All-Star Week-end, la fureur des Game 7 pendant les playoffs ou mieux, lors des Finals, this is why we play. Team Spurs T.P, je m\u2019accroche encore \u00e0 Gregg Popovich (don\u2019t leave !). Team chef Curry, je souhaite qu\u2019il finisse aux Warriors (staaaay !). Non, il n\u2019y a pas qu\u2019eux, des petits nouveaux -et des petites nouvelles \u00e9videmment- arrivent chaque jour dans toutes les disciplines et cr\u00e9ent de nouveaux exploits. Alors pour les grands \u00e9v\u00e9nements et comp\u00e9titions internationales, vive les pulsations 240\/minutes et le d\u00e9fibrillateur pas loin, et allez les Bleu(e)s ! C\u2019est s\u00fbr, j\u2019aurai plus vu ma vie sur un terrain de sport, mais \u00e0 d\u00e9faut d\u2019en faire en haut niveau, je le partage avec vous.\",\"sameAs\":[\"https:\/\/www.facebook.com\/soocube\",\"https:\/\/x.com\/https:\/\/twitter.com\/soocube\",\"admin\"],\"url\":\"https:\/\/dicodusport.fr\/blog\/author\/sophie\/\"}]}<\/script>\n<!-- \/ Yoast SEO Premium plugin. -->","yoast_head_json":{"title":"Jeux Paralympiques 2024 : Programme des Fran\u00e7ais du mardi 3 septembre","description":"JEUX PARALYMPIQUES PARIS 2024 - D\u00e9couvrez le programme complet des \u00e9preuves des Fran\u00e7ais pour le mardi 3 septembre.","robots":{"index":"index","follow":"follow","max-snippet":"max-snippet:-1","max-image-preview":"max-image-preview:large","max-video-preview":"max-video-preview:-1"},"canonical":"https:\/\/dicodusport.fr\/blog\/jeux-paralympiques-2024-programme-des-francais-du-mardi-3-septembre\/","og_locale":"fr_FR","og_type":"article","og_title":"Jeux Paralympiques 2024 : Programme des Fran\u00e7ais du mardi 3 septembre","og_description":"JEUX PARALYMPIQUES PARIS 2024 - D\u00e9couvrez le programme complet des \u00e9preuves des Fran\u00e7ais pour le mardi 3 septembre.","og_url":"https:\/\/dicodusport.fr\/blog\/jeux-paralympiques-2024-programme-des-francais-du-mardi-3-septembre\/","og_site_name":"Dicodusport","article_publisher":"https:\/\/www.facebook.com\/dicodusport","article_author":"https:\/\/www.facebook.com\/soocube","article_published_time":"2024-09-03T06:02:39+00:00","article_modified_time":"2024-09-03T19:13:59+00:00","og_image":[{"width":1200,"height":674,"url":"https:\/\/dicodusport.fr\/blog\/wp-content\/uploads\/2024\/09\/Jeux-Paralympiques-2024-Programme-des-Francais-du-mardi-3-septembre.png","type":"image\/png"}],"author":"Sophie Clapier","twitter_card":"summary_large_image","twitter_title":"Jeux Paralympiques 2024 : Programme des Fran\u00e7ais du mardi 3 septembre","twitter_creator":"@https:\/\/twitter.com\/soocube","twitter_site":"@dicodusport","schema":{"@context":"https:\/\/schema.org","@graph":[{"@type":"NewsArticle","@id":"https:\/\/dicodusport.fr\/blog\/jeux-paralympiques-2024-programme-des-francais-du-mardi-3-septembre\/#article","isPartOf":{"@id":"https:\/\/dicodusport.fr\/blog\/jeux-paralympiques-2024-programme-des-francais-du-mardi-3-septembre\/"},"author":{"name":"Sophie Clapier","@id":"https:\/\/dicodusport.fr\/blog\/#\/schema\/person\/416c975648aca9da8839bdfe333a21c9"},"headline":"Jeux Paralympiques 2024 : Programme des Fran\u00e7ais du mardi 3 septembre","datePublished":"2024-09-03T06:02:39+00:00","dateModified":"2024-09-03T19:13:59+00:00","mainEntityOfPage":{"@id":"https:\/\/dicodusport.fr\/blog\/jeux-paralympiques-2024-programme-des-francais-du-mardi-3-septembre\/"},"wordCount":1056,"commentCount":0,"publisher":{"@id":"https:\/\/dicodusport.fr\/blog\/#organization"},"image":{"@id":"https:\/\/dicodusport.fr\/blog\/jeux-paralympiques-2024-programme-des-francais-du-mardi-3-septembre\/#primaryimage"},"thumbnailUrl":"https:\/\/dicodusport.fr\/blog\/wp-content\/uploads\/2024\/09\/Jeux-Paralympiques-2024-Programme-des-Francais-du-mardi-3-septembre.png","keywords":["actu","br\u00e8ve","Jeux Paralympiques 2024"],"articleSection":["Jeux Paralympiques de Paris 2024"],"inLanguage":"fr-FR","potentialAction":[{"@type":"CommentAction","name":"Comment","target":["https:\/\/dicodusport.fr\/blog\/jeux-paralympiques-2024-programme-des-francais-du-mardi-3-septembre\/#respond"]}],"copyrightYear":"2024","copyrightHolder":{"@id":"https:\/\/dicodusport.fr\/blog\/#organization"}},{"@type":"WebPage","@id":"https:\/\/dicodusport.fr\/blog\/jeux-paralympiques-2024-programme-des-francais-du-mardi-3-septembre\/","url":"https:\/\/dicodusport.fr\/blog\/jeux-paralympiques-2024-programme-des-francais-du-mardi-3-septembre\/","name":"Jeux Paralympiques 2024 : Programme des Fran\u00e7ais du mardi 3 septembre","isPartOf":{"@id":"https:\/\/dicodusport.fr\/blog\/#website"},"primaryImageOfPage":{"@id":"https:\/\/dicodusport.fr\/blog\/jeux-paralympiques-2024-programme-des-francais-du-mardi-3-septembre\/#primaryimage"},"image":{"@id":"https:\/\/dicodusport.fr\/blog\/jeux-paralympiques-2024-programme-des-francais-du-mardi-3-septembre\/#primaryimage"},"thumbnailUrl":"https:\/\/dicodusport.fr\/blog\/wp-content\/uploads\/2024\/09\/Jeux-Paralympiques-2024-Programme-des-Francais-du-mardi-3-septembre.png","datePublished":"2024-09-03T06:02:39+00:00","dateModified":"2024-09-03T19:13:59+00:00","description":"JEUX PARALYMPIQUES PARIS 2024 - D\u00e9couvrez le programme complet des \u00e9preuves des Fran\u00e7ais pour le mardi 3 septembre.","breadcrumb":{"@id":"https:\/\/dicodusport.fr\/blog\/jeux-paralympiques-2024-programme-des-francais-du-mardi-3-septembre\/#breadcrumb"},"inLanguage":"fr-FR","potentialAction":[{"@type":"ReadAction","target":["https:\/\/dicodusport.fr\/blog\/jeux-paralympiques-2024-programme-des-francais-du-mardi-3-septembre\/"]}]},{"@type":"ImageObject","inLanguage":"fr-FR","@id":"https:\/\/dicodusport.fr\/blog\/jeux-paralympiques-2024-programme-des-francais-du-mardi-3-septembre\/#primaryimage","url":"https:\/\/dicodusport.fr\/blog\/wp-content\/uploads\/2024\/09\/Jeux-Paralympiques-2024-Programme-des-Francais-du-mardi-3-septembre.png","contentUrl":"https:\/\/dicodusport.fr\/blog\/wp-content\/uploads\/2024\/09\/Jeux-Paralympiques-2024-Programme-des-Francais-du-mardi-3-septembre.png","width":1200,"height":674,"caption":"Jeux Paralympiques 2024 Programme des Fran\u00e7ais du mardi 3 septembre"},{"@type":"BreadcrumbList","@id":"https:\/\/dicodusport.fr\/blog\/jeux-paralympiques-2024-programme-des-francais-du-mardi-3-septembre\/#breadcrumb","itemListElement":[{"@type":"ListItem","position":1,"name":"Accueil","item":"https:\/\/dicodusport.fr\/blog\/"},{"@type":"ListItem","position":2,"name":"Jeux Paralympiques 2024 : Programme des Fran\u00e7ais du mardi 3 septembre"}]},{"@type":"WebSite","@id":"https:\/\/dicodusport.fr\/blog\/#website","url":"https:\/\/dicodusport.fr\/blog\/","name":"Dicodusport","description":"L&#039;encyclop\u00e9die de l&#039;actualit\u00e9 sportive","publisher":{"@id":"https:\/\/dicodusport.fr\/blog\/#organization"},"potentialAction":[{"@type":"SearchAction","target":{"@type":"EntryPoint","urlTemplate":"https:\/\/dicodusport.fr\/blog\/?s={search_term_string}"},"query-input":{"@type":"PropertyValueSpecification","valueRequired":true,"valueName":"search_term_string"}}],"inLanguage":"fr-FR"},{"@type":"NewsMediaOrganization","@id":"https:\/\/dicodusport.fr\/blog\/#organization","name":"Dicodusport","url":"https:\/\/dicodusport.fr\/blog\/","logo":{"@type":"ImageObject","inLanguage":"fr-FR","@id":"https:\/\/dicodusport.fr\/blog\/#\/schema\/logo\/image\/","url":"https:\/\/dicodusport.fr\/blog\/wp-content\/uploads\/2020\/06\/cropped-LOGO-DICODUSPORT-2020-SANS-FOND-SANS-TEXTE.png","contentUrl":"https:\/\/dicodusport.fr\/blog\/wp-content\/uploads\/2020\/06\/cropped-LOGO-DICODUSPORT-2020-SANS-FOND-SANS-TEXTE.png","width":512,"height":512,"caption":"Dicodusport"},"image":{"@id":"https:\/\/dicodusport.fr\/blog\/#\/schema\/logo\/image\/"},"sameAs":["https:\/\/www.facebook.com\/dicodusport","https:\/\/x.com\/dicodusport","https:\/\/www.instagram.com\/dicodusport\/","https:\/\/www.youtube.com\/channel\/UC7V2KZ5sd3htJivAbA4ZG3w"],"description":"Dicodusport est l'encyclop\u00e9die de l'actualit\u00e9 sportive.","email":"bonjour@dicodusport.fr","legalName":"DICODUSPORT","foundingDate":"2018-01-14","vatID":"FR71834470973","taxID":"83447097300043","numberOfEmployees":{"@type":"QuantitativeValue","minValue":"1","maxValue":"10"}},{"@type":"Person","@id":"https:\/\/dicodusport.fr\/blog\/#\/schema\/person\/416c975648aca9da8839bdfe333a21c9","name":"Sophie Clapier","image":{"@type":"ImageObject","inLanguage":"fr-FR","@id":"https:\/\/dicodusport.fr\/blog\/#\/schema\/person\/image\/","url":"https:\/\/dicodusport.fr\/blog\/wp-content\/uploads\/2021\/05\/Sophie-Clapier-150x150.jpg","contentUrl":"https:\/\/dicodusport.fr\/blog\/wp-content\/uploads\/2021\/05\/Sophie-Clapier-150x150.jpg","caption":"Sophie Clapier"},"description":"Journaliste\/r\u00e9dactrice depuis janvier 2016 - Passionn\u00e9e de sport depuis toujours, j\u2019en ai pratiqu\u00e9 quelques-uns. Judo, football, handball ou encore tennis, je n\u2019ai jamais pu me mettre d\u2019accord sur un en particulier. Mais \u00e7a, c\u2019\u00e9tait avant de d\u00e9couvrir le basket, devenu mon sport de pr\u00e9dilection. Les actions NBA, le All-Star Week-end, la fureur des Game 7 pendant les playoffs ou mieux, lors des Finals, this is why we play. Team Spurs T.P, je m\u2019accroche encore \u00e0 Gregg Popovich (don\u2019t leave !). Team chef Curry, je souhaite qu\u2019il finisse aux Warriors (staaaay !). Non, il n\u2019y a pas qu\u2019eux, des petits nouveaux -et des petites nouvelles \u00e9videmment- arrivent chaque jour dans toutes les disciplines et cr\u00e9ent de nouveaux exploits. Alors pour les grands \u00e9v\u00e9nements et comp\u00e9titions internationales, vive les pulsations 240\/minutes et le d\u00e9fibrillateur pas loin, et allez les Bleu(e)s ! C\u2019est s\u00fbr, j\u2019aurai plus vu ma vie sur un terrain de sport, mais \u00e0 d\u00e9faut d\u2019en faire en haut niveau, je le partage avec vous.","sameAs":["https:\/\/www.facebook.com\/soocube","https:\/\/x.com\/https:\/\/twitter.com\/soocube","admin"],"url":"https:\/\/dicodusport.fr\/blog\/author\/sophie\/"}]}},"_links":{"self":[{"href":"https:\/\/dicodusport.fr\/blog\/wp-json\/wp\/v2\/posts\/517259","targetHints":{"allow":["GET"]}}],"collection":[{"href":"https:\/\/dicodusport.fr\/blog\/wp-json\/wp\/v2\/posts"}],"about":[{"href":"https:\/\/dicodusport.fr\/blog\/wp-json\/wp\/v2\/types\/post"}],"author":[{"embeddable":true,"href":"https:\/\/dicodusport.fr\/blog\/wp-json\/wp\/v2\/users\/18"}],"replies":[{"embeddable":true,"href":"https:\/\/dicodusport.fr\/blog\/wp-json\/wp\/v2\/comments?post=517259"}],"version-history":[{"count":7,"href":"https:\/\/dicodusport.fr\/blog\/wp-json\/wp\/v2\/posts\/517259\/revisions"}],"predecessor-version":[{"id":517517,"href":"https:\/\/dicodusport.fr\/blog\/wp-json\/wp\/v2\/posts\/517259\/revisions\/517517"}],"wp:featuredmedia":[{"embeddable":true,"href":"https:\/\/dicodusport.fr\/blog\/wp-json\/wp\/v2\/media\/517275"}],"wp:attachment":[{"href":"https:\/\/dicodusport.fr\/blog\/wp-json\/wp\/v2\/media?parent=517259"}],"wp:term":[{"taxonomy":"category","embeddable":true,"href":"https:\/\/dicodusport.fr\/blog\/wp-json\/wp\/v2\/categories?post=517259"},{"taxonomy":"post_tag","embeddable":true,"href":"https:\/\/dicodusport.fr\/blog\/wp-json\/wp\/v2\/tags?post=517259"}],"curies":[{"name":"wp","href":"https:\/\/api.w.org\/{rel}","templated":true}]}}